{"id":422410,"date":"2024-12-01T23:59:40","date_gmt":"2024-12-01T22:59:40","guid":{"rendered":"https:\/\/www.radiopiu.net\/wordpress\/?p=422410"},"modified":"2024-12-02T05:48:54","modified_gmt":"2024-12-02T04:48:54","slug":"lagordina-incamera-3-punti-con-la-valzoldana-alti-e-bassi-nel-settore-giovanile","status":"publish","type":"post","link":"https:\/\/www.radiopiu.net\/wordpress\/lagordina-incamera-3-punti-con-la-valzoldana-alti-e-bassi-nel-settore-giovanile\/","title":{"rendered":"L&#8217;AGORDINA INCAMERA 3 PUNTI CON LA VALZOLDANA, ALTI E BASSI NEL SETTORE GIOVANILE"},"content":{"rendered":"<p>*******<\/p>\n<p>&nbsp;<\/p>\n<p><strong><a class=\"dt-pswp-item\" href=\"https:\/\/www.radiopiu.net\/wordpress\/wp-content\/uploads\/2024\/12\/CALCIO-2025.jpg\" data-dt-img-description=\"\" data-large_image_width=\"1280\" data-large_image_height=\"853\"><img loading=\"lazy\" decoding=\"async\" class=\" wp-image-422411 alignleft\" src=\"https:\/\/www.radiopiu.net\/wordpress\/wp-content\/uploads\/2024\/12\/CALCIO-2025-300x200.jpg\" alt=\"\" width=\"209\" height=\"139\" srcset=\"https:\/\/www.radiopiu.net\/wordpress\/wp-content\/uploads\/2024\/12\/CALCIO-2025-300x200.jpg 300w, https:\/\/www.radiopiu.net\/wordpress\/wp-content\/uploads\/2024\/12\/CALCIO-2025-1024x682.jpg 1024w, https:\/\/www.radiopiu.net\/wordpress\/wp-content\/uploads\/2024\/12\/CALCIO-2025-768x512.jpg 768w, https:\/\/www.radiopiu.net\/wordpress\/wp-content\/uploads\/2024\/12\/CALCIO-2025.jpg 1280w\" sizes=\"auto, (max-width: 209px) 100vw, 209px\" \/><\/a>DI MARCO GAZ<\/strong><\/p>\n<p><span style=\"color: #ff0000;\"><strong>TERZA CATEGORIA<\/strong><\/span><\/p>\n<p><strong>VALZOLDANA \u2013 AGORDINA 2-5<\/strong><\/p>\n<p><strong>GOL AGORDINA: 2 De Col\u00f2, 2 Chiea, Dal Don<\/strong><\/p>\n<p>Si chiude con una vittoria la trasferta in terra zoldana per l\u2019Agordina di Alan Davare. Gli agordini vincono e convincono contro la Valzoldana dopo un\u2019ottima prestazione da parte di tutta la squadra. Agordina subito in gol con De Col\u00f2 e raddoppio che arriva poco dopo grazie a Chiea. Padroni di casa che accorciano le distanze ma prima dell\u2019intervallo Chiea mette la firma alla doppietta personale. Tante occasioni per i ragazzi di Agordo nella ripresa che chiudono definitivamente la sfida con De Col\u00f2 e Dal Don. Valzoldana che trova anche la seconda marcatura. Una vittoria voluta da tutta la squadra che viene dedicata a Manuel Selle e famiglia che non stanno passando un buon momento e tutta la societ\u00e0 si stringe a loro. Ora l\u2019Agordina recupera qualche posizione in classifica e domenica prossima ci sar\u00e0 l\u2019ultima giornata del girone di andata con gli uomini di Davare impegnati in casa con la Fulgor Farra<\/p>\n<p><strong>LA CLASSIFICA:<\/strong> Fortogna 28, Auronzo e Alpes Cesio 25, Fulgor Farra 23, Tambre 20, Piave 19, Dynamo Vellai 16, Agordina, Lamonese e Valzoldana 15, Cortina 12, Bellunese 5, Cadore 3, Valboite 1<\/p>\n<p>&nbsp;<\/p>\n<p><span style=\"color: #008000;\"><strong>GIOVANILI AGORDINA<\/strong><\/span><\/p>\n<p><span style=\"color: #ff0000;\"><strong>JUNIORES<\/strong><\/span><\/p>\n<p><strong>UNION FELETTO \u2013 AGORDINA 4-3<\/strong><\/p>\n<p>L\u2019Agordina Juniores torna dalla trasferta in terra trevigiana con una sconfitta. Primo tempo complicato per i ragazzi di Agordo, che pagano due disattenzioni difensive e chiudono sotto di due reti. La ripresa inizia ancora peggio, con il gol del 3-0 subito al primo minuto. Nonostante tutto, la squadra non si arrende: Valentino Marcon accorcia le distanze con una doppietta in tre minuti, riaccendendo le speranze. Dieci minuti dopo, per\u00f2, una punizione deviata dalla barriera regala ai padroni di casa il 4-2. Nel recupero, Benvegn\u00fa segna il definitivo 4-3 su calcio piazzato. Troppe leggerezze difensive e poca precisione in attacco condannano l\u2019Agordina a una sconfitta che lascia l\u2019amaro in bocca. Domenica ultima partita del girone di andata prima della lunga pausa invernale<\/p>\n<p><span style=\"color: #ff0000;\"><strong>ALLIEVI<\/strong><\/span><\/p>\n<p><strong>AGORDINA \u2013 CADORE 4-4<\/strong><\/p>\n<p>Partita intensa e ricca di colpi di scena all&#8217;Ivano Dorigo, conclusa con un 4-4. L&#8217;Agordina va sotto dopo 8 minuti su punizione, ma Soccol risponde al 32&#8242; con un gol spettacolare e raddoppia al 39&#8242;. Il Cadore pareggia al 63&#8242; con un autogol fortunoso, ma al 78&#8242; l&#8217;Agordina torna avanti grazie a Mezzacasa su assist di Soccol. All&#8217;83&#8217;, una svista arbitrale permette al Cadore di pareggiare di nuovo, e all&#8217;89&#8217; gli ospiti passano in vantaggio con un tiro al volo. Nei secondi finali, Soccol firma il pareggio con un pallonetto decisivo. Nonostante il risultato amaro, la vetta resta a portata di mano. Ora una lunga pausa invernale per gli allievi che torneranno in campo alla fine di febbraio.<\/p>\n<p><span style=\"color: #ff0000;\"><strong>GIOVANISSIMI<\/strong><\/span><\/p>\n<p><span style=\"color: #ff0000;\"><strong>GIRONE A<\/strong><\/span><\/p>\n<p><strong>JUVENTINA MUGNAI \u2013 AGORDINA 1-2<\/strong><\/p>\n<p>L&#8217;Agordina ha conquistato tre punti importanti nella sfida contro la Juventina, vincendo 2-1 a Lamon. La partita \u00e8 stata complessa, con l&#8217;Agordina spesso dominante ma poco precisa sotto porta. Il primo gol \u00e8 arrivato grazie a Dherek Dell&#8217;Osbel, su assist di Giacomo Rudatis. Poco dopo l&#8217;inizio della ripresa, i ruoli si sono invertiti: Dell&#8217;Osbel ha lanciato Rudatis, che ha siglato il raddoppio con un preciso diagonale. Nonostante il doppio svantaggio, la Juventina ha reagito, creando pericoli neutralizzati dal portiere Alan Manfroi, decisivo in diverse occasioni. Il gol della Juventina \u00e8 giunto nel finale, ma non \u00e8 bastato per ribaltare il risultato. L&#8217;Agordina chiuder\u00e0 la prima fase del girone sabato prossimo, con il recupero contro la Plavis.<\/p>\n<p><span style=\"color: #ff0000;\"><strong>GIRONE B<\/strong><\/span><\/p>\n<p><strong>AGORDINA \u2013 CADORE 3-5<\/strong><\/p>\n<p>Il Cadore fa la partita contro un&#8217;Agordina che ha schierato atteggiamento e motivazioni migliori, ma che ha pagato a caro prezzo alcuni errori individuali che alla fine hanno fatto la differenza.\u00a0 Sono due disattenzioni difensive, infatti, a causare l&#8217;iniziale doppio vantaggio ospite, mitigato sul finale di primo tempo dal bel gol dal limite di Federico De Bernardin. Nella ripresa il Cadore entra meglio e dopo 7 minuti confezione un terribile uno-due che ristabilisce le distanze. Anche il 5-1 degli ospiti nasce da un disimpegno sbagliato. Nella parte finale della gara Chicco De Bernardin si carica la squadra sulle spalle e con una doppietta, rende meno pesante il passivo.<\/p>\n<p>&nbsp;<\/p>\n<p>&nbsp;<\/p>\n<p>&nbsp;<\/p>\n<p>**********<\/p>\n","protected":false},"excerpt":{"rendered":"<p>******* &nbsp; DI MARCO GAZ TERZA CATEGORIA VALZOLDANA \u2013 AGORDINA 2-5 GOL AGORDINA: 2 De Col\u00f2, 2 Chiea, Dal Don Si chiude con una vittoria la trasferta in terra zoldana per l\u2019Agordina di Alan Davare. Gli agordini vincono e convincono contro la Valzoldana dopo un\u2019ottima prestazione da parte di tutta la squadra. Agordina subito in&hellip;<\/p>\n","protected":false},"author":4,"featured_media":422411,"comment_status":"closed","ping_status":"closed","sticky":false,"template":"","format":"standard","meta":{"_monsterinsights_skip_tracking":false,"_monsterinsights_sitenote_active":false,"_monsterinsights_sitenote_note":"","_monsterinsights_sitenote_category":0,"footnotes":""},"categories":[104,49],"tags":[],"class_list":["post-422410","post","type-post","status-publish","format-standard","has-post-thumbnail","hentry","category-evidenza_3","category-news-18","category-104","category-49","description-off"],"img_url":"https:\/\/www.radiopiu.net\/wordpress\/wp-content\/uploads\/2024\/12\/CALCIO-2025.jpg","_links":{"self":[{"href":"https:\/\/www.radiopiu.net\/wordpress\/wp-json\/wp\/v2\/posts\/422410","targetHints":{"allow":["GET"]}}],"collection":[{"href":"https:\/\/www.radiopiu.net\/wordpress\/wp-json\/wp\/v2\/posts"}],"about":[{"href":"https:\/\/www.radiopiu.net\/wordpress\/wp-json\/wp\/v2\/types\/post"}],"author":[{"embeddable":true,"href":"https:\/\/www.radiopiu.net\/wordpress\/wp-json\/wp\/v2\/users\/4"}],"replies":[{"embeddable":true,"href":"https:\/\/www.radiopiu.net\/wordpress\/wp-json\/wp\/v2\/comments?post=422410"}],"version-history":[{"count":1,"href":"https:\/\/www.radiopiu.net\/wordpress\/wp-json\/wp\/v2\/posts\/422410\/revisions"}],"predecessor-version":[{"id":422412,"href":"https:\/\/www.radiopiu.net\/wordpress\/wp-json\/wp\/v2\/posts\/422410\/revisions\/422412"}],"wp:featuredmedia":[{"embeddable":true,"href":"https:\/\/www.radiopiu.net\/wordpress\/wp-json\/wp\/v2\/media\/422411"}],"wp:attachment":[{"href":"https:\/\/www.radiopiu.net\/wordpress\/wp-json\/wp\/v2\/media?parent=422410"}],"wp:term":[{"taxonomy":"category","embeddable":true,"href":"https:\/\/www.radiopiu.net\/wordpress\/wp-json\/wp\/v2\/categories?post=422410"},{"taxonomy":"post_tag","embeddable":true,"href":"https:\/\/www.radiopiu.net\/wordpress\/wp-json\/wp\/v2\/tags?post=422410"}],"curies":[{"name":"wp","href":"https:\/\/api.w.org\/{rel}","templated":true}]}}