{"id":422465,"date":"2024-12-02T04:59:14","date_gmt":"2024-12-02T03:59:14","guid":{"rendered":"https:\/\/www.radiopiu.net\/wordpress\/?p=422465"},"modified":"2024-12-02T05:31:18","modified_gmt":"2024-12-02T04:31:18","slug":"gosaldo-piange-virgilio-anche-mancato-a-72-anni","status":"publish","type":"post","link":"https:\/\/www.radiopiu.net\/wordpress\/gosaldo-piange-virgilio-anche-mancato-a-72-anni\/","title":{"rendered":"Gosaldo piange Virgilio Da Zanche, mancato a 72 anni"},"content":{"rendered":"<p>**<\/p>\n<p><strong><a class=\"dt-pswp-item\" href=\"https:\/\/www.radiopiu.net\/wordpress\/wp-content\/uploads\/2024\/12\/Senza-nome-5.png\" data-dt-img-description=\"\" data-large_image_width=\"233\" data-large_image_height=\"240\"><img loading=\"lazy\" decoding=\"async\" class=\"wp-image-422467 alignleft\" src=\"https:\/\/www.radiopiu.net\/wordpress\/wp-content\/uploads\/2024\/12\/Senza-nome-5.png\" alt=\"\" width=\"140\" height=\"144\" \/><\/a>GOSALDO<\/strong> \u2013 La comunit\u00e0 si stringe nel dolore per la scomparsa di Virgilio Da Zanche, 72 anni. Figura stimata, Virgilio \u00e8 stato amico e gi\u00e0 Presidente della Pro Loco locale, lasciando un segno profondo nella vita sociale del paese. Gi\u00e0 vicesindaco con la lista di Giorgio Serafini, promotore dell&#8217;albero di ghiaccio in Val Gosaldo.<\/p>\n<p>Nel lutto, il figlio Mirko con Sara, Victor e Ginevra, la figlia Arianna con Rita, fratelli, cognate e nipoti. I funerali si terranno domani alle 14.30.<\/p>\n<p>La famiglia, riconoscente, ringrazia il personale dell&#8217;ospedale di Agordo per l&#8217;assistenza prestata a Virgilio nei suoi ultimi momenti.<\/p>\n<p>Ciao Gilo&#8230;<\/p>\n<p>&nbsp;<\/p>\n<hr \/>\n<p>&nbsp;<\/p>\n","protected":false},"excerpt":{"rendered":"<p>** GOSALDO \u2013 La comunit\u00e0 si stringe nel dolore per la scomparsa di Virgilio Da Zanche, 72 anni. Figura stimata, Virgilio \u00e8 stato amico e gi\u00e0 Presidente della Pro Loco locale, lasciando un segno profondo nella vita sociale del paese. Gi\u00e0 vicesindaco con la lista di Giorgio Serafini, promotore dell&#8217;albero di ghiaccio in Val Gosaldo.&hellip;<\/p>\n","protected":false},"author":4,"featured_media":422467,"comment_status":"closed","ping_status":"closed","sticky":false,"template":"","format":"standard","meta":{"_monsterinsights_skip_tracking":false,"_monsterinsights_sitenote_active":false,"_monsterinsights_sitenote_note":"","_monsterinsights_sitenote_category":0,"footnotes":""},"categories":[51,49],"tags":[],"class_list":["post-422465","post","type-post","status-publish","format-standard","has-post-thumbnail","hentry","category-evidenza-top","category-news-18","category-51","category-49","description-off"],"img_url":"https:\/\/www.radiopiu.net\/wordpress\/wp-content\/uploads\/2024\/12\/Senza-nome-5.png","_links":{"self":[{"href":"https:\/\/www.radiopiu.net\/wordpress\/wp-json\/wp\/v2\/posts\/422465","targetHints":{"allow":["GET"]}}],"collection":[{"href":"https:\/\/www.radiopiu.net\/wordpress\/wp-json\/wp\/v2\/posts"}],"about":[{"href":"https:\/\/www.radiopiu.net\/wordpress\/wp-json\/wp\/v2\/types\/post"}],"author":[{"embeddable":true,"href":"https:\/\/www.radiopiu.net\/wordpress\/wp-json\/wp\/v2\/users\/4"}],"replies":[{"embeddable":true,"href":"https:\/\/www.radiopiu.net\/wordpress\/wp-json\/wp\/v2\/comments?post=422465"}],"version-history":[{"count":4,"href":"https:\/\/www.radiopiu.net\/wordpress\/wp-json\/wp\/v2\/posts\/422465\/revisions"}],"predecessor-version":[{"id":422472,"href":"https:\/\/www.radiopiu.net\/wordpress\/wp-json\/wp\/v2\/posts\/422465\/revisions\/422472"}],"wp:featuredmedia":[{"embeddable":true,"href":"https:\/\/www.radiopiu.net\/wordpress\/wp-json\/wp\/v2\/media\/422467"}],"wp:attachment":[{"href":"https:\/\/www.radiopiu.net\/wordpress\/wp-json\/wp\/v2\/media?parent=422465"}],"wp:term":[{"taxonomy":"category","embeddable":true,"href":"https:\/\/www.radiopiu.net\/wordpress\/wp-json\/wp\/v2\/categories?post=422465"},{"taxonomy":"post_tag","embeddable":true,"href":"https:\/\/www.radiopiu.net\/wordpress\/wp-json\/wp\/v2\/tags?post=422465"}],"curies":[{"name":"wp","href":"https:\/\/api.w.org\/{rel}","templated":true}]}}