{"id":422517,"date":"2024-12-03T05:48:06","date_gmt":"2024-12-03T04:48:06","guid":{"rendered":"https:\/\/www.radiopiu.net\/wordpress\/?p=422517"},"modified":"2024-12-03T14:58:54","modified_gmt":"2024-12-03T13:58:54","slug":"giornale-radiopiu-03-dicembre-2024-direttore-mirko-mezzacasada-41-anni-25-giugno-1983-25-giugno-2024","status":"publish","type":"post","link":"https:\/\/www.radiopiu.net\/wordpress\/giornale-radiopiu-03-dicembre-2024-direttore-mirko-mezzacasada-41-anni-25-giugno-1983-25-giugno-2024\/","title":{"rendered":"GIORNALE RADIOPIU 03 DICEMBRE 2024 DIRETTORE MIRKO MEZZACASA\u2026DA 41 ANNI 25 GIUGNO 1983-25 GIUGNO 2024"},"content":{"rendered":"<p>*****<\/p>\n<p>&nbsp;<\/p>\n<p><em><span style=\"color: #ff0000;\"><a class=\"dt-pswp-item\" href=\"https:\/\/www.radiopiu.net\/wordpress\/wp-content\/uploads\/2024\/10\/Senza-nome-8.png\" data-dt-img-description=\"\" data-large_image_width=\"343\" data-large_image_height=\"303\"><img loading=\"lazy\" decoding=\"async\" class=\"wp-image-412130 alignleft\" src=\"https:\/\/www.radiopiu.net\/wordpress\/wp-content\/uploads\/2024\/10\/Senza-nome-8-300x265.png\" alt=\"\" width=\"105\" height=\"93\" srcset=\"https:\/\/www.radiopiu.net\/wordpress\/wp-content\/uploads\/2024\/10\/Senza-nome-8-300x265.png 300w, https:\/\/www.radiopiu.net\/wordpress\/wp-content\/uploads\/2024\/10\/Senza-nome-8.png 343w\" sizes=\"auto, (max-width: 105px) 100vw, 105px\" \/><\/a><\/span><\/em><strong><em><span style=\"color: #ff0000;\"> LA\u00a0 APP PER IOS-IPHONE di Nicola Vettorello<\/span><\/em><\/strong><\/p>\n<p><strong><span style=\"color: #0000ff;\"><a style=\"color: #0000ff;\" href=\"https:\/\/apps.apple.com\/it\/app\/radio-pi%C3%B9-emittente-agordina\/id1515939845\">https:\/\/apps.apple.com\/it\/app\/radio-pi%C3%B9-emittente-agordina\/id1515939845<\/a><\/span><\/strong><\/p>\n<p><strong><em style=\"color: #ff0000;\">LA\u00a0 APP RADIO\u00a0 PER ANDROID di Nicola Vettorello<\/em><\/strong><\/p>\n<p><strong><span style=\"color: #0000ff;\"><a style=\"color: #0000ff;\" href=\"https:\/\/play.google.com\/store\/apps\/details?id=net.radiopiu.iniko\" target=\"_blank\" rel=\"noopener noreferrer\">https:\/\/<\/a><a style=\"color: #0000ff;\" href=\"https:\/\/play.google.com\/store\/apps\/details?id=net.radiopiu.iniko\" target=\"_blank\" rel=\"noopener noreferrer\">play.google.com\/store\/apps\/details?id=net.radiopiu.iniko\u00a0\u00a0\u00a0<\/a><\/span><\/strong><\/p>\n<p>&nbsp;<\/p>\n<p>&nbsp;<\/p>\n<hr \/>\n<p>&nbsp;<\/p>\n<p><strong><span style=\"color: #ff0000;\">OGGI A RADIO PIU&#8217;&#8230; TRA L&#8217;ALTRO:<\/span>\u00a0<\/strong> <span style=\"color: #ff0000;\">10 10<\/span> MUSLA, LE NOTIZIE IN LADINO CON MICHELA DELL&#8217;OSBEL DI LA VALLE AGORDINA, A SEGUIRE <span style=\"color: #ff0000;\">10.30\u00a0<\/span> NEL REPORTER YURI PARISSENTI E SHARON DE MARCO IN ATTESA DEI KRAMPUS, DOMENICA A FRASSENE&#8217; AGORDINO. <span style=\"color: #ff0000;\">13.10<\/span> DA SABATO APRONO LE PISTE DEL COMPRENSORIO DEL CIVETTA, CON ANDREA DAL FARRA E CHRISTIAN MORETTI <span style=\"color: #ff0000;\">15<\/span> IL POMERIGGIO, IL <strong><span style=\"color: #ff0000;\"><a class=\"dt-pswp-item\" href=\"https:\/\/www.radiopiu.net\/wordpress\/wp-content\/uploads\/2024\/12\/468813123_10221188087011473_7274909639586463144_n.jpg\" data-dt-img-description=\"\" data-large_image_width=\"588\" data-large_image_height=\"414\"><img loading=\"lazy\" decoding=\"async\" class=\"wp-image-422642 alignleft\" src=\"https:\/\/www.radiopiu.net\/wordpress\/wp-content\/uploads\/2024\/12\/468813123_10221188087011473_7274909639586463144_n-300x211.jpg\" alt=\"\" width=\"250\" height=\"176\" srcset=\"https:\/\/www.radiopiu.net\/wordpress\/wp-content\/uploads\/2024\/12\/468813123_10221188087011473_7274909639586463144_n-300x211.jpg 300w, https:\/\/www.radiopiu.net\/wordpress\/wp-content\/uploads\/2024\/12\/468813123_10221188087011473_7274909639586463144_n.jpg 588w\" sizes=\"auto, (max-width: 250px) 100vw, 250px\" \/><\/a><\/span><\/strong>MARTEDI CON LUISA ALCHINI,\u00a0 La storica compagnia teatrale bellunese\u00a0 Le <span class=\"html-span xdj266r x11i5rnm xat24cr x1mh8g0r xexx8yu x4uap5 x18d9i69 xkhd6sd x1hl2dhg x16tdsg8 x1vvkbs\"><a class=\"x1i10hfl xjbqb8w x1ejq31n xd10rxx x1sy0etr x17r0tee x972fbf xcfux6l x1qhh985 xm0m39n x9f619 x1ypdohk xt0psk2 xe8uvvx xdj266r x11i5rnm xat24cr x1mh8g0r xexx8yu x4uap5 x18d9i69 xkhd6sd x16tdsg8 x1hl2dhg xggy1nq x1a2a7pz x1sur9pj xkrqix3 xi81zsa x1s688f\" tabindex=\"0\" role=\"link\" href=\"https:\/\/www.facebook.com\/groups\/61488111720\/user\/100063696993850\/?__cft__[0]=AZXjrtcZSFaIITIwk2xm_tVikes6PNPr6u6aGmsz0759tchSmfNQg9TYrRMlAr0OlFvpPyvD_2TgtaTXwJcfuVpjv7WsYKvueLfE2fV96aXkja2tsiNxas-0kl0gEzjsM8s5lJ2Axtlaxk5NYxgmGjO3lCGFCaKa8usgEqNCWo3h0cuv3lCiHNI3jLxBV546QXVuQ2LXlRyYkbQkar9BY05G&amp;__tn__=-]K-R\"><i class=\"x1b0d499 x1d69dk1\" data-visualcompletion=\"css-img\"><\/i><span class=\"xt0psk2\">Bretelle Lasche<\/span><\/a><\/span> raccontata dalla sua presidente <span class=\"html-span xdj266r x11i5rnm xat24cr x1mh8g0r xexx8yu x4uap5 x18d9i69 xkhd6sd x1hl2dhg x16tdsg8 x1vvkbs\"><a class=\"x1i10hfl xjbqb8w x1ejq31n xd10rxx x1sy0etr x17r0tee x972fbf xcfux6l x1qhh985 xm0m39n x9f619 x1ypdohk xt0psk2 xe8uvvx xdj266r x11i5rnm xat24cr x1mh8g0r xexx8yu x4uap5 x18d9i69 xkhd6sd x16tdsg8 x1hl2dhg xggy1nq x1a2a7pz x1sur9pj xkrqix3 xi81zsa x1s688f\" tabindex=\"0\" role=\"link\" href=\"https:\/\/www.facebook.com\/groups\/61488111720\/user\/100000674989859\/?__cft__[0]=AZXjrtcZSFaIITIwk2xm_tVikes6PNPr6u6aGmsz0759tchSmfNQg9TYrRMlAr0OlFvpPyvD_2TgtaTXwJcfuVpjv7WsYKvueLfE2fV96aXkja2tsiNxas-0kl0gEzjsM8s5lJ2Axtlaxk5NYxgmGjO3lCGFCaKa8usgEqNCWo3h0cuv3lCiHNI3jLxBV546QXVuQ2LXlRyYkbQkar9BY05G&amp;__tn__=-]K-R\"><i class=\"x1b0d499 x1d69dk1\" data-visualcompletion=\"css-img\"><\/i><span class=\"xt0psk2\">Laura Portunato<\/span><\/a><\/span> (foto)\u00a0\u00a0<span style=\"color: #ff0000;\">16:35<\/span> AGORDINA IN PRIMA LINEA CON MARCO GAZ, IL CALCIO ALLA RADIO <span style=\"color: #ff0000;\">19.30<\/span> GSP INFORMA, CON BARBARA PAOLAZZI<\/p>\n<p>&nbsp;<\/p>\n<p><strong>rassegna stampa nazionale,<\/strong> ogni giorno alle 5 e alle 6 del mattino.<br \/>\ngiornali locali 7 rassegna stampa flash, 8 rassegna stampa, gr flash alle 10 e alle 11, principale 12.30. Informazione pomeriggio ogni ora fino alle 20, in coda ai notiziari nazionali. Giornale radio nazionale: ogni ora dalle 4 del mattino, alle 20 della sera. Alle 19 le anticipazioni dal TG di Antenna 3 di Tiziana Bolognani.<\/p>\n<p>&nbsp;<\/p>\n<p>&nbsp;<\/p>\n<hr \/>\n<p>&nbsp;<\/p>\n<p>&nbsp;<\/p>\n<div class=\"x11i5rnm xat24cr x1mh8g0r x1vvkbs xtlvy1s x126k92a\">\n<div dir=\"auto\">\n<div dir=\"auto\">\n<p><strong><a class=\"dt-pswp-item\" href=\"https:\/\/www.radiopiu.net\/wordpress\/wp-content\/uploads\/2024\/02\/2d44e751-d8a8-461b-8e22-d8e4e853b032.jpg\" data-dt-img-description=\"\" data-large_image_width=\"1600\" data-large_image_height=\"1200\"><img loading=\"lazy\" decoding=\"async\" class=\"wp-image-373307 alignleft\" src=\"https:\/\/www.radiopiu.net\/wordpress\/wp-content\/uploads\/2024\/02\/2d44e751-d8a8-461b-8e22-d8e4e853b032-300x225.jpg\" alt=\"\" width=\"105\" height=\"79\" srcset=\"https:\/\/www.radiopiu.net\/wordpress\/wp-content\/uploads\/2024\/02\/2d44e751-d8a8-461b-8e22-d8e4e853b032-300x225.jpg 300w, https:\/\/www.radiopiu.net\/wordpress\/wp-content\/uploads\/2024\/02\/2d44e751-d8a8-461b-8e22-d8e4e853b032-1024x768.jpg 1024w, https:\/\/www.radiopiu.net\/wordpress\/wp-content\/uploads\/2024\/02\/2d44e751-d8a8-461b-8e22-d8e4e853b032-768x576.jpg 768w, https:\/\/www.radiopiu.net\/wordpress\/wp-content\/uploads\/2024\/02\/2d44e751-d8a8-461b-8e22-d8e4e853b032-1536x1152.jpg 1536w, https:\/\/www.radiopiu.net\/wordpress\/wp-content\/uploads\/2024\/02\/2d44e751-d8a8-461b-8e22-d8e4e853b032.jpg 1600w\" sizes=\"auto, (max-width: 105px) 100vw, 105px\" \/><\/a>EL BAL DEL FIOR, DI GIULIANA DA RONCH, 03 DICEMBRE<\/strong><strong>\u00a02024<\/strong><\/p>\n<\/div>\n<\/div>\n<\/div>\n<div><\/div>\n<div>\n<audio class=\"wp-audio-shortcode\" id=\"audio-422517-1\" preload=\"none\" style=\"width: 100%;\" controls=\"controls\"><source type=\"audio\/mpeg\" src=\"https:\/\/www.radiopiu.net\/wordpress\/wp-content\/uploads\/2024\/12\/GMA.mp3?_=1\" \/><a href=\"https:\/\/www.radiopiu.net\/wordpress\/wp-content\/uploads\/2024\/12\/GMA.mp3\">https:\/\/www.radiopiu.net\/wordpress\/wp-content\/uploads\/2024\/12\/GMA.mp3<\/a><\/audio>\n<\/div>\n<div><\/div>\n<div><\/div>\n<hr \/>\n<p>&nbsp;<\/p>\n<p>&nbsp;<\/p>\n<div class=\"x11i5rnm xat24cr x1mh8g0r x1vvkbs xtlvy1s x126k92a\">\n<h1><span style=\"color: #ff0000;\"><a class=\"dt-pswp-item\" href=\"https:\/\/www.radiopiu.net\/wordpress\/wp-content\/uploads\/2024\/06\/th-5.jpg\" data-dt-img-description=\"\" data-large_image_width=\"326\" data-large_image_height=\"180\"><img loading=\"lazy\" decoding=\"async\" class=\"size-medium wp-image-395881 alignleft\" src=\"https:\/\/www.radiopiu.net\/wordpress\/wp-content\/uploads\/2024\/06\/th-5-300x166.jpg\" alt=\"\" width=\"300\" height=\"166\" srcset=\"https:\/\/www.radiopiu.net\/wordpress\/wp-content\/uploads\/2024\/06\/th-5-300x166.jpg 300w, https:\/\/www.radiopiu.net\/wordpress\/wp-content\/uploads\/2024\/06\/th-5.jpg 326w\" sizes=\"auto, (max-width: 300px) 100vw, 300px\" \/><\/a><\/span><\/h1>\n<h1><\/h1>\n<h1><\/h1>\n<h1><span style=\"color: #000000;\">03 DICEMBRE&#8230; alla radio l&#8217;almanacco\u00a0<\/span><\/h1>\n<\/div>\n<div class=\"x11i5rnm xat24cr x1mh8g0r x1vvkbs xtlvy1s x126k92a\">\n<audio class=\"wp-audio-shortcode\" id=\"audio-422517-2\" preload=\"none\" style=\"width: 100%;\" controls=\"controls\"><source type=\"audio\/mpeg\" src=\"https:\/\/www.radiopiu.net\/wordpress\/wp-content\/uploads\/2024\/12\/ALMANACCONEW-1.mp3?_=2\" \/><a href=\"https:\/\/www.radiopiu.net\/wordpress\/wp-content\/uploads\/2024\/12\/ALMANACCONEW-1.mp3\">https:\/\/www.radiopiu.net\/wordpress\/wp-content\/uploads\/2024\/12\/ALMANACCONEW-1.mp3<\/a><\/audio>\n<p>&nbsp;<\/p>\n<p>&nbsp;<\/p>\n<hr \/>\n<p>&nbsp;<\/p>\n<p>&nbsp;<\/p>\n<blockquote>\n<h1><strong><a class=\"dt-pswp-item\" href=\"https:\/\/www.radiopiu.net\/wordpress\/wp-content\/uploads\/2024\/10\/629301fd-708d-4f53-95c2-d28cbefd500f.jpg\" data-dt-img-description=\"\" data-large_image_width=\"1600\" data-large_image_height=\"1322\"><img loading=\"lazy\" decoding=\"async\" class=\"wp-image-413782 alignright\" src=\"https:\/\/www.radiopiu.net\/wordpress\/wp-content\/uploads\/2024\/10\/629301fd-708d-4f53-95c2-d28cbefd500f-300x248.jpg\" alt=\"\" width=\"106\" height=\"88\" srcset=\"https:\/\/www.radiopiu.net\/wordpress\/wp-content\/uploads\/2024\/10\/629301fd-708d-4f53-95c2-d28cbefd500f-300x248.jpg 300w, https:\/\/www.radiopiu.net\/wordpress\/wp-content\/uploads\/2024\/10\/629301fd-708d-4f53-95c2-d28cbefd500f-1024x846.jpg 1024w, https:\/\/www.radiopiu.net\/wordpress\/wp-content\/uploads\/2024\/10\/629301fd-708d-4f53-95c2-d28cbefd500f-768x635.jpg 768w, https:\/\/www.radiopiu.net\/wordpress\/wp-content\/uploads\/2024\/10\/629301fd-708d-4f53-95c2-d28cbefd500f-1536x1269.jpg 1536w, https:\/\/www.radiopiu.net\/wordpress\/wp-content\/uploads\/2024\/10\/629301fd-708d-4f53-95c2-d28cbefd500f.jpg 1600w\" sizes=\"auto, (max-width: 106px) 100vw, 106px\" \/><\/a><\/strong><\/h1>\n<h1><strong><a class=\"dt-pswp-item\" href=\"https:\/\/www.radiopiu.net\/wordpress\/wp-content\/uploads\/2024\/11\/th-18.jpg\" data-dt-img-description=\"\" data-large_image_width=\"156\" data-large_image_height=\"180\"><img loading=\"lazy\" decoding=\"async\" class=\"size-full wp-image-421611 alignleft\" src=\"https:\/\/www.radiopiu.net\/wordpress\/wp-content\/uploads\/2024\/11\/th-18.jpg\" alt=\"\" width=\"156\" height=\"180\" \/><\/a><\/strong><\/h1>\n<h1><strong>N di parom &#8211; L Almanach de la nosta jent<\/strong><\/h1>\n<\/blockquote>\n<p>&nbsp;<\/p>\n<p>Le voci: Davide Conedera, Agordo, Michela Dell&#8217;Osbel, La Valle Agordina Simone Ganz, Falcade Veronica Lezuo, Colle Santa Lucia. La voce nella sigla \u00e8 di Giorgia Taio<\/p>\n<p>&nbsp;<\/p>\n<p><strong>LA PUNTATA DI OGGI, 03 DICEMBRE<\/strong><\/p>\n<\/div>\n<div class=\"x11i5rnm xat24cr x1mh8g0r x1vvkbs xtlvy1s x126k92a\">\n<audio class=\"wp-audio-shortcode\" id=\"audio-422517-3\" preload=\"none\" style=\"width: 100%;\" controls=\"controls\"><source type=\"audio\/mpeg\" src=\"https:\/\/www.radiopiu.net\/wordpress\/wp-content\/uploads\/2024\/12\/AL2.mp3?_=3\" \/><a href=\"https:\/\/www.radiopiu.net\/wordpress\/wp-content\/uploads\/2024\/12\/AL2.mp3\">https:\/\/www.radiopiu.net\/wordpress\/wp-content\/uploads\/2024\/12\/AL2.mp3<\/a><\/audio>\n<p>&nbsp;<\/p>\n<div dir=\"auto\">\n<hr \/>\n<\/div>\n<\/div>\n<blockquote>\n<blockquote>\n<h1><span style=\"color: #ff0000;\">\u00a0<\/span><\/h1>\n<h1><span style=\"color: #ff0000;\">I podcast informativi del mattino &#8211; audio &#8211;\u00a0\u00a0<\/span><\/h1>\n<\/blockquote>\n<p><strong><a class=\"dt-pswp-item\" href=\"https:\/\/www.radiopiu.net\/wordpress\/wp-content\/uploads\/2024\/11\/6.jpg\" data-dt-img-description=\"\" data-large_image_width=\"177\" data-large_image_height=\"180\"><img loading=\"lazy\" decoding=\"async\" class=\"size-full wp-image-417911 alignleft\" src=\"https:\/\/www.radiopiu.net\/wordpress\/wp-content\/uploads\/2024\/11\/6.jpg\" alt=\"\" width=\"177\" height=\"180\" \/><\/a>LA RASSEGNA STAMPA NAZIONALE ALLA RADIO, OGNI GIORNO ALLE 5 E ALLE 6 DEL MATTINO <span style=\"color: #0000ff;\">viene pubblicata alle 6.00 <span style=\"color: #ff0000;\">DIRETTA RADIO\u00a0 \u00a0\u00a0<\/span><\/span><\/strong><\/p><\/blockquote>\n<p>&nbsp;<\/p>\n<p><strong>NOTIZIE DELLA NOTTE<\/strong><\/p>\n<p><strong>Borsa:<\/strong> Hong Kong apre a -0,03%, gi\u00f9 microchip con stretta Usa <strong>Trump:<\/strong> parteciper\u00f2 alla riapertura di Notre Dame a Parigi <strong>Borsa:<\/strong> Tokyo, apertura in rialzo (+0,72%) <strong>Siria,<\/strong> Onu: quasi 50.000 sfollati negli ultimi giorni <strong>Onu,<\/strong> quasi 50.000 sfollati in Siria negli ultimi giorni <strong>Giudice<\/strong> boccia di nuovo la super paga per Musk <strong>Libano,<\/strong> 9 morti nei raid israeliani in 2 villaggi nel sud <strong>Serie A<\/strong>: Roma-Atalanta 0-2<\/p>\n<h2>AUDIO dalle 6 del mattino<\/h2>\n<audio class=\"wp-audio-shortcode\" id=\"audio-422517-4\" preload=\"none\" style=\"width: 100%;\" controls=\"controls\"><source type=\"audio\/mpeg\" src=\"https:\/\/www.radiopiu.net\/wordpress\/wp-content\/uploads\/2024\/12\/GIORNALEDELLESEI-1.mp3?_=4\" \/><a href=\"https:\/\/www.radiopiu.net\/wordpress\/wp-content\/uploads\/2024\/12\/GIORNALEDELLESEI-1.mp3\">https:\/\/www.radiopiu.net\/wordpress\/wp-content\/uploads\/2024\/12\/GIORNALEDELLESEI-1.mp3<\/a><\/audio>\n<p>&nbsp;<\/p>\n<p>&nbsp;<\/p>\n<p>&nbsp;<\/p>\n<hr \/>\n<p>&nbsp;<\/p>\n<h1 style=\"text-align: center;\"><span style=\"color: #ff0000;\"><a class=\"dt-pswp-item\" href=\"https:\/\/www.radiopiu.net\/wordpress\/wp-content\/uploads\/2024\/11\/7.jpg\" data-dt-img-description=\"\" data-large_image_width=\"180\" data-large_image_height=\"180\"><img loading=\"lazy\" decoding=\"async\" class=\"size-full wp-image-417912 alignleft\" src=\"https:\/\/www.radiopiu.net\/wordpress\/wp-content\/uploads\/2024\/11\/7.jpg\" alt=\"\" width=\"180\" height=\"180\" srcset=\"https:\/\/www.radiopiu.net\/wordpress\/wp-content\/uploads\/2024\/11\/7.jpg 180w, https:\/\/www.radiopiu.net\/wordpress\/wp-content\/uploads\/2024\/11\/7-150x150.jpg 150w\" sizes=\"auto, (max-width: 180px) 100vw, 180px\" \/><\/a>I podcast informativi del mattino &#8211; audio &#8211;\u00a0<\/span><\/h1>\n<p><strong>OGNI GIORNO ALLE SETTE DEL MATTINO, LA RASSEGNA STAMPA LOCALE FLASH&#8230; PER CHI VA IN FRETTA. I TITOLI DAI GIORNALI E DAL SITO WWW.RADIOPIU.NET <span style=\"color: #0000ff;\">viene pubblicato alle 7.00<\/span> <span style=\"color: #ff0000;\">DIRETTA RADIO\u00a0<\/span><\/strong><\/p>\n<p><em><span style=\"color: #ff0000;\">per chi va in fretta&#8230; tante notizie in pochi minuti. L&#8217;informazione locale alla radio, ogni ora dalle 7 del mattino alle 19 della sera.<\/span><\/em><\/p>\n<h1><\/h1>\n<h1>AUDIO dalle 7 del mattino<\/h1>\n<audio class=\"wp-audio-shortcode\" id=\"audio-422517-5\" preload=\"none\" style=\"width: 100%;\" controls=\"controls\"><source type=\"audio\/mpeg\" src=\"https:\/\/www.radiopiu.net\/wordpress\/wp-content\/uploads\/2024\/12\/GF07-1.mp3?_=5\" \/><a href=\"https:\/\/www.radiopiu.net\/wordpress\/wp-content\/uploads\/2024\/12\/GF07-1.mp3\">https:\/\/www.radiopiu.net\/wordpress\/wp-content\/uploads\/2024\/12\/GF07-1.mp3<\/a><\/audio>\n<p>&nbsp;<\/p>\n<p>&nbsp;<\/p>\n<p>&nbsp;<\/p>\n<hr \/>\n<p>&nbsp;<\/p>\n<h1><\/h1>\n<h1 style=\"text-align: center;\"><span style=\"color: #ff0000;\"><a class=\"dt-pswp-item\" href=\"https:\/\/www.radiopiu.net\/wordpress\/wp-content\/uploads\/2024\/11\/th.jpg\" data-dt-img-description=\"\" data-large_image_width=\"148\" data-large_image_height=\"179\"><img loading=\"lazy\" decoding=\"async\" class=\"size-full wp-image-417913 alignleft\" src=\"https:\/\/www.radiopiu.net\/wordpress\/wp-content\/uploads\/2024\/11\/th.jpg\" alt=\"\" width=\"148\" height=\"179\" \/><\/a>I podcast informativi del mattino &#8211; audio &#8211;\u00a0<\/span><\/h1>\n<blockquote><p><strong>GIORNALE RADIO NAZIONALE, EDIZIONE DELLE SETTE <span style=\"color: #0000ff;\">viene pubblicato alle 7.05 <span style=\"color: #ff0000;\">DIRETTA RADIO\u00a0<\/span><\/span><\/strong><\/p><\/blockquote>\n<p><strong>il giornale radionazionale e&#8217; in onda ogni ora, dalle sette del mattino alle venti della sera\u00a0 \u00a0<\/strong><strong>\u00a0<\/strong><\/p>\n<p><strong>Asola (Mantova)<\/strong> Spara ad un coetaneo dopo una lite sull&#8217;autobus, arrestato un sedicenne <strong>UDINE<\/strong> La tragedia del Natisone: indagato il personale che ha gestito il protocollo d&#8217;emergenza <strong>MILANO<\/strong> Rimosso il murale con Liliana Segre e Sami Modiano <strong>ROMA<\/strong> Il Papa: &#8220;Il Giubileo sia l&#8217;occasione per un cessate il fuoco ovunque&#8221; <strong>GENOVA<\/strong> Violenza su una ragazzina di 13 anni, spedizione punitiva degli amici a casa dell&#8217;ex 15enne <strong>TRENTO<\/strong> Abbattuto l&#8217;orso M91 in Trentino &#8216;Ai fini di assicurare la tutela della sicurezza pubblica&#8217;. Brambilla: &#8216;Ennesima vergogna di Fugatti&#8217; <strong>SORRENTO<\/strong> Calci e pugni per aver difeso un amico, 6 ragazzi arrestati<\/p>\n<p><span style=\"color: #ff0000;\"><span style=\"color: #0000ff;\">CRONACA<\/span> EDIZIONE DELLA SERA , DEL 02 DICEMBRE 2024 EDIZIONE DI IERI, 20.00<\/span><\/p>\n<audio class=\"wp-audio-shortcode\" id=\"audio-422517-6\" preload=\"none\" style=\"width: 100%;\" controls=\"controls\"><source type=\"audio\/mpeg\" src=\"https:\/\/www.radiopiu.net\/wordpress\/wp-content\/uploads\/2024\/12\/giornale07-2.mp3?_=6\" \/><a href=\"https:\/\/www.radiopiu.net\/wordpress\/wp-content\/uploads\/2024\/12\/giornale07-2.mp3\">https:\/\/www.radiopiu.net\/wordpress\/wp-content\/uploads\/2024\/12\/giornale07-2.mp3<\/a><\/audio>\n<p>&nbsp;<\/p>\n<p><span style=\"color: #ff0000;\"><span style=\"color: #0000ff;\">SPORT<\/span> EDIZIONE DELLE 19, DEL 02 DICEMBRE 2024, LO SPORT EDIZIONE DI IERI<\/span><\/p>\n<audio class=\"wp-audio-shortcode\" id=\"audio-422517-7\" preload=\"none\" style=\"width: 100%;\" controls=\"controls\"><source type=\"audio\/mpeg\" src=\"https:\/\/www.radiopiu.net\/wordpress\/wp-content\/uploads\/2024\/12\/gr-sport-1.mp3?_=7\" \/><a href=\"https:\/\/www.radiopiu.net\/wordpress\/wp-content\/uploads\/2024\/12\/gr-sport-1.mp3\">https:\/\/www.radiopiu.net\/wordpress\/wp-content\/uploads\/2024\/12\/gr-sport-1.mp3<\/a><\/audio>\n<h2><\/h2>\n<h2><span style=\"color: #ff0000;\"><span style=\"color: #0000ff;\">ULTIM&#8217;ORA<\/span> AUDIO dalle sette del mattino, ogni ora alla radio EDIZIONE DELLE SETTE<\/span><\/h2>\n<audio class=\"wp-audio-shortcode\" id=\"audio-422517-8\" preload=\"none\" style=\"width: 100%;\" controls=\"controls\"><source type=\"audio\/mpeg\" src=\"https:\/\/www.radiopiu.net\/wordpress\/wp-content\/uploads\/2024\/12\/giornale07-3.mp3?_=8\" \/><a href=\"https:\/\/www.radiopiu.net\/wordpress\/wp-content\/uploads\/2024\/12\/giornale07-3.mp3\">https:\/\/www.radiopiu.net\/wordpress\/wp-content\/uploads\/2024\/12\/giornale07-3.mp3<\/a><\/audio>\n<p>&nbsp;<\/p>\n<p>&nbsp;<\/p>\n<hr \/>\n<p>&nbsp;<\/p>\n<p>&nbsp;<\/p>\n<h1><span style=\"color: #ff0000;\"><a class=\"dt-pswp-item\" href=\"https:\/\/www.radiopiu.net\/wordpress\/wp-content\/uploads\/2024\/11\/8.jpg\" data-dt-img-description=\"\" data-large_image_width=\"180\" data-large_image_height=\"180\"><img loading=\"lazy\" decoding=\"async\" class=\"size-full wp-image-417910 alignleft\" src=\"https:\/\/www.radiopiu.net\/wordpress\/wp-content\/uploads\/2024\/11\/8.jpg\" alt=\"\" width=\"180\" height=\"180\" srcset=\"https:\/\/www.radiopiu.net\/wordpress\/wp-content\/uploads\/2024\/11\/8.jpg 180w, https:\/\/www.radiopiu.net\/wordpress\/wp-content\/uploads\/2024\/11\/8-150x150.jpg 150w\" sizes=\"auto, (max-width: 180px) 100vw, 180px\" \/><\/a>I podcast informativi del mattino &#8211; video &#8211;\u00a0<\/span><\/h1>\n<h2 style=\"text-align: left;\"><strong>RASSEGNA STAMPA LOCALE, ORE OTTO<\/strong><\/h2>\n<h2><strong> <span style=\"color: #0000ff;\">viene\u00a0 <\/span><\/strong><strong><span style=\"color: #0000ff;\">pubblicata alle 8.05 <span style=\"color: #ff0000;\">DIRETTA RADIO\u00a0 \u00a0<\/span><\/span><\/strong><strong>DI MIRKO MEZZACASA<\/strong><\/h2>\n<h2><span style=\"color: #ff0000;\"><strong>\u00a0<\/strong><\/span><\/h2>\n<h2><span style=\"color: #ff0000;\"><strong>\u00a0<\/strong><\/span><\/h2>\n<h1><span style=\"color: #ff0000;\"><strong>VIDEO\u00a0 \u00a0in diretta dalle 8 del mattino\u00a0 \u00a0per ASCOLTARE <\/strong><\/span><\/h1>\n<blockquote>\n<h1 style=\"text-align: center;\">CLICCA QUI<\/h1>\n<\/blockquote>\n<p><a class=\"dt-pswp-item\" href=\"https:\/\/www.radiopiu.net\/wordpress\/wp-content\/uploads\/2024\/11\/coop1-1.png\" data-dt-img-description=\"\" data-large_image_width=\"602\" data-large_image_height=\"375\">\u00a0<\/a><\/p>\n\n\t\t\t<style type='text\/css'>\n\t\t\t\t#gallery-1 {\n\t\t\t\t\tmargin: auto;\n\t\t\t\t}\n\t\t\t\t#gallery-1 .gallery-item {\n\t\t\t\t\tfloat: left;\n\t\t\t\t\tmargin-top: 10px;\n\t\t\t\t\ttext-align: center;\n\t\t\t\t\twidth: 33%;\n\t\t\t\t}\n\t\t\t\t#gallery-1 img {\n\t\t\t\t\tborder: 2px solid #cfcfcf;\n\t\t\t\t}\n\t\t\t\t#gallery-1 .gallery-caption {\n\t\t\t\t\tmargin-left: 0;\n\t\t\t\t}\n\t\t\t\t\/* see gallery_shortcode() in wp-includes\/media.php *\/\n\t\t\t<\/style>\n\t\t<div id='gallery-1' class='dt-gallery-container gallery galleryid-422517 gallery-columns-3 gallery-size-thumbnail'><dl class='gallery-item'>\n\t\t\t\t<dt class='gallery-icon landscape'>\n\t\t\t\t\t<a class=\"rollover rollover-zoom dt-pswp-item\" title=\"D2\" data-dt-img-description=\"\" data-large_image_width=\"525\" data-large_image_height=\"238\"href='https:\/\/www.radiopiu.net\/wordpress\/wp-content\/uploads\/2024\/12\/D2.png'><img loading=\"lazy\" decoding=\"async\" width=\"150\" height=\"150\" src=\"https:\/\/www.radiopiu.net\/wordpress\/wp-content\/uploads\/2024\/12\/D2-150x150.png\" class=\"attachment-thumbnail size-thumbnail\" alt=\"\" \/><\/a>\n\t\t\t\t<\/dt><\/dl><dl class='gallery-item'>\n\t\t\t\t<dt class='gallery-icon landscape'>\n\t\t\t\t\t<a class=\"rollover rollover-zoom dt-pswp-item\" title=\"C2\" data-dt-img-description=\"\" data-large_image_width=\"355\" data-large_image_height=\"192\"href='https:\/\/www.radiopiu.net\/wordpress\/wp-content\/uploads\/2024\/12\/C2.png'><img loading=\"lazy\" decoding=\"async\" width=\"150\" height=\"150\" src=\"https:\/\/www.radiopiu.net\/wordpress\/wp-content\/uploads\/2024\/12\/C2-150x150.png\" class=\"attachment-thumbnail size-thumbnail\" alt=\"\" \/><\/a>\n\t\t\t\t<\/dt><\/dl><dl class='gallery-item'>\n\t\t\t\t<dt class='gallery-icon landscape'>\n\t\t\t\t\t<a class=\"rollover rollover-zoom dt-pswp-item\" title=\"C1\" data-dt-img-description=\"\" data-large_image_width=\"461\" data-large_image_height=\"253\"href='https:\/\/www.radiopiu.net\/wordpress\/wp-content\/uploads\/2024\/12\/C1.png'><img loading=\"lazy\" decoding=\"async\" width=\"150\" height=\"150\" src=\"https:\/\/www.radiopiu.net\/wordpress\/wp-content\/uploads\/2024\/12\/C1-150x150.png\" class=\"attachment-thumbnail size-thumbnail\" alt=\"\" \/><\/a>\n\t\t\t\t<\/dt><\/dl><br style=\"clear: both\" \/>\n\t\t\t<\/div>\n\n<p>&nbsp;<\/p>\n<hr \/>\n<p>&nbsp;<\/p>\n<p>&nbsp;<\/p>\n<p><strong><a class=\"dt-pswp-item\" href=\"https:\/\/www.radiopiu.net\/wordpress\/wp-content\/uploads\/2023\/12\/ANTENNA.png\" data-dt-img-description=\"\" data-large_image_width=\"300\" data-large_image_height=\"166\"><img loading=\"lazy\" decoding=\"async\" class=\"wp-image-366306 alignright\" src=\"https:\/\/www.radiopiu.net\/wordpress\/wp-content\/uploads\/2023\/12\/ANTENNA.png\" alt=\"\" width=\"101\" height=\"56\" \/><\/a><a class=\"dt-pswp-item\" href=\"https:\/\/www.radiopiu.net\/wordpress\/wp-content\/uploads\/2024\/11\/th-17.jpg\" data-dt-img-description=\"\" data-large_image_width=\"224\" data-large_image_height=\"180\"><img loading=\"lazy\" decoding=\"async\" class=\" wp-image-421610 alignleft\" src=\"https:\/\/www.radiopiu.net\/wordpress\/wp-content\/uploads\/2024\/11\/th-17.jpg\" alt=\"\" width=\"167\" height=\"134\" \/><\/a>ogni sera alle 19 le anticipazioni alla radio, quello che poi seguirete nel TELEGIORNALE BELLUNESE\u00a0 in onda alle 19.30 sul CANALE 10 del digitale terrestre.\u00a0\u00a0<\/strong><\/p>\n<p>&nbsp;<\/p>\n<p>&nbsp;<\/p>\n<p><strong>LE ANTICIPAZIONI DAL TG DI ANTENNA 3 DI STEFANO BOZZI<\/strong><\/p>\n<audio class=\"wp-audio-shortcode\" id=\"audio-422517-9\" preload=\"none\" style=\"width: 100%;\" controls=\"controls\"><source type=\"audio\/mpeg\" src=\"https:\/\/www.radiopiu.net\/wordpress\/wp-content\/uploads\/2024\/12\/ANTENNA3.mp3?_=9\" \/><a href=\"https:\/\/www.radiopiu.net\/wordpress\/wp-content\/uploads\/2024\/12\/ANTENNA3.mp3\">https:\/\/www.radiopiu.net\/wordpress\/wp-content\/uploads\/2024\/12\/ANTENNA3.mp3<\/a><\/audio>\n<p>&nbsp;<\/p>\n<p>&nbsp;<\/p>\n<hr \/>\n<p>&nbsp;<\/p>\n<blockquote>\n<h3>LAVORI PROGRAMMATI BIM GSP<\/h3>\n<\/blockquote>\n<p><strong>CENCENIGHE<\/strong> Oggi, dalle 8 alle 17 (o fino a fine lavori), sar\u00e0 sospesa l\u2019erogazione dell\u2019acqua a Cencenighe Agordino nelle vie Pennsylvania, XX Settembre e Mario De Biasio. Il personale addetto lavorer\u00e0 per minimizzare i disagi alla popolazione.<\/p>\n<p>&nbsp;<\/p>\n<blockquote>\n<h3><img loading=\"lazy\" decoding=\"async\" class=\"alignleft\" src=\"https:\/\/www.radiopiu.net\/wordpress\/wp-content\/uploads\/2020\/05\/VENETO-STRADE-300x300.png\" width=\"89\" height=\"89\" \/>DA DOMANI \u00a0CHIUSURA A FASCE ORARIE DELLA 563 DI SALESEI<\/h3>\n<\/blockquote>\n<p><strong>LIVINALLONGO\u00a0<\/strong> Dal 4 al 7 dicembre, tre giorni di interdizione totale (a fasce orarie) lungo la 564 di Salesei, in localit\u00e0 Costa di Salesei. CHIUSURA in entrambi i sensi di marcia dalle 8.15 alle 12.35 e dalle 13.35 alle 16.15<\/p>\n<p>&nbsp;<\/p>\n<p>&nbsp;<\/p>\n<hr \/>\n<p>&nbsp;<\/p>\n<blockquote>\n<h1>Forza Christian, l&#8217;Agordino si stringe intorno a te<\/h1>\n<\/blockquote>\n<p><strong>AGORDO<\/strong><\/p>\n<div class=\"flex max-w-full flex-col flex-grow\">\n<div class=\"min-h-8 text-message flex w-full flex-col items-end gap-2 whitespace-normal break-words [.text-message+&amp;]:mt-5\" dir=\"auto\" data-message-author-role=\"assistant\" data-message-id=\"6670b983-f2f8-42fe-9d20-c22d3a9c0a64\" data-message-model-slug=\"gpt-4o\">\n<div class=\"flex w-full flex-col gap-1 empty:hidden first:pt-[3px]\">\n<div class=\"markdown prose w-full break-words dark:prose-invert dark\">\n<p><img decoding=\"async\" class=\"alignleft\" src=\"https:\/\/www.radiopiu.net\/wordpress\/wp-content\/uploads\/2024\/12\/Senza-nome-12.png\" \/>L&#8217;Agordino \u00e8 in ansia per Christian Selle, il giovane 24enne rimasto gravemente ferito in un incidente sulla strada per il San Pellegrino, lato Trento. Christian, molto conosciuto per il suo lavoro al Parco Avventura ai Piani di Pezz\u00e8 con il pap\u00e0 Mauro e la famiglia,\u00a0 \u00e8 ricoverato al Santa Chiara di Trento in prognosi riservata.<\/p>\n<p>L\u2019incidente \u00e8 avvenuto nella notte tra sabato e domenica, mentre Christian e, Zaira Nicolai, stavano rientrando verso Falcade. La loro Subaru, recentemente acquistata, ha perso il controllo, schiantandosi contro un masso. Zaira, originaria di Selva, ha riportato solo ferite lievi.<\/p>\n<p>La dinamica \u00e8 al vaglio dei carabinieri trentini, mentre il soccorso \u00e8 stato tempestivo, con l\u2019intervento dell\u2019elisoccorso e dei vigili del fuoco che hanno liberato i ragazzi dalle lamiere.<\/p>\n<blockquote><p><em>L\u2019incidente ha scosso profondamente la comunit\u00e0. Sui social si moltiplicano i messaggi di affetto e incoraggiamento: <strong>\u201cForza Christian, ce la puoi fare!\u201d<\/strong>. Gli amici, il mondo del calcio e l\u2019intera valle si stringono intorno alla famiglia Selle, dimostrando un sostegno che non conosce confini.<\/em><\/p>\n<p><strong>Christian, siamo tutti con te. Non mollare!<\/strong><\/p><\/blockquote>\n<\/div>\n<\/div>\n<\/div>\n<\/div>\n<p>&nbsp;<\/p>\n<p>&nbsp;<\/p>\n<p>&nbsp;<\/p>\n<hr \/>\n<h1 class=\"_title post-title entry-title\"><a class=\"dt-pswp-item\" href=\"https:\/\/www.radiopiu.net\/wordpress\/wp-content\/uploads\/2023\/12\/ANTENNA.png\" data-dt-img-description=\"\" data-large_image_width=\"300\" data-large_image_height=\"166\"><img loading=\"lazy\" decoding=\"async\" class=\"wp-image-366306 alignleft\" src=\"https:\/\/www.radiopiu.net\/wordpress\/wp-content\/uploads\/2023\/12\/ANTENNA.png\" alt=\"\" width=\"136\" height=\"75\" \/><\/a>ESCE DI STRADA CON L\u2019AUTO APPENA COMPRATA. 24ENNE DI AGORDO IN CONDIZIONI GRAVISSIME<\/h1>\n<p>Intervistati ROBERTO CHISSALE\u2019 \u2013 SINDACO DI AGORDO (AL TELEFONO) (Servizio di\u00a0<a href=\"https:\/\/antennatre.medianordest.it\/redazione\/Stefano-Bozzi\/\">Stefano Bozzi<\/a>)<\/p>\n<p><iframe loading=\"lazy\" title=\"ESCE DI STRADA CON L&#039;AUTO APPENA COMPRATA. 24ENNE DI AGORDO IN CONDIZIONI GRAVISSIME | 02\/12\/2024\" width=\"1200\" height=\"675\" src=\"https:\/\/www.youtube.com\/embed\/rdQdJ39IMCY?feature=oembed\" frameborder=\"0\" allow=\"accelerometer; autoplay; clipboard-write; encrypted-media; gyroscope; picture-in-picture; web-share\" referrerpolicy=\"strict-origin-when-cross-origin\" allowfullscreen><\/iframe><\/p>\n<hr \/>\n<p>&nbsp;<\/p>\n<p>&nbsp;<\/p>\n<hr \/>\n<p>&nbsp;<\/p>\n<blockquote>\n<h3>CHRISTIAN E&#8217; TORNATO A CASA, INIZIA LA FASE DI RISALITA<\/h3>\n<\/blockquote>\n<p><strong><a class=\"dt-pswp-item\" href=\"https:\/\/www.radiopiu.net\/wordpress\/wp-content\/uploads\/2024\/12\/Senza-nome-13.png\" data-dt-img-description=\"\" data-large_image_width=\"488\" data-large_image_height=\"286\"><img loading=\"lazy\" decoding=\"async\" class=\" wp-image-422685 alignleft\" src=\"https:\/\/www.radiopiu.net\/wordpress\/wp-content\/uploads\/2024\/12\/Senza-nome-13-300x176.png\" alt=\"\" width=\"232\" height=\"136\" srcset=\"https:\/\/www.radiopiu.net\/wordpress\/wp-content\/uploads\/2024\/12\/Senza-nome-13-300x176.png 300w, https:\/\/www.radiopiu.net\/wordpress\/wp-content\/uploads\/2024\/12\/Senza-nome-13.png 488w\" sizes=\"auto, (max-width: 232px) 100vw, 232px\" \/><\/a>LIVINALLONGO<\/strong> Il destino vuole che anche il 16enne di Livinallongo si chiami Christian, il giovane di 16 anni coinvolto nel tragico incidente dello scorso novembre. Dopo un periodo in rianimazione a Trento il giovane \u00e8 potuto tornare tra le braccia dei genitori, con le proprie gambe, ed \u00e8 iniziato il periodo di recupero.<\/p>\n<p>Il sedicenne era stao ricoverato in prognosi riservata all\u2019ospedale di Trento dopo un grave incidente avvenuto a Livinallongo. Il giovane ha riportato un trauma cranico ed \u00e8 stato sottoposto a intervento chirurgico. Altri due giovani minorenni sono rimasti lievemente feriti. I ragazzi avevano preso l\u2019auto di un amico maggiorenne trovata con le chiavi nel quadro comandi.<\/p>\n<p>FOTO, messa a Pieve per Christian.Nov.2024<\/p>\n<p>&nbsp;<\/p>\n<hr \/>\n<p>&nbsp;<\/p>\n<blockquote>\n<h2>OGGI, L&#8217;ABBRACCIO ALLA FAMIGLIA GENUIN<\/h2>\n<\/blockquote>\n<p><strong><a class=\"dt-pswp-item\" href=\"https:\/\/www.radiopiu.net\/wordpress\/wp-content\/uploads\/2024\/12\/Senza-nome-4.png\" data-dt-img-description=\"\" data-large_image_width=\"222\" data-large_image_height=\"199\"><img loading=\"lazy\" decoding=\"async\" class=\"size-full wp-image-422462 alignleft\" src=\"https:\/\/www.radiopiu.net\/wordpress\/wp-content\/uploads\/2024\/12\/Senza-nome-4.png\" alt=\"\" width=\"222\" height=\"199\" \/><\/a><\/strong><\/p>\n<p><strong>FALCADE<\/strong> \u2013 Oggi alle 14.30 in chiesa a Caviola, l&#8217;addio ad Emanuela De Gasperi 59 anni, di Fregona, Canale d&#8217;Agordo.\u00a0Lascia il marito Agostino,\u00a0 i figli Andrea, Fabio e Simone, la sorella Tiziana e tanti parenti.<br \/>\n<strong><br class=\"gmail-Apple-interchange-newline\" \/><em>L\u2019Ulss Dolomiti, profondamente colpita, porge le pi\u00f9 sentite condoglianze ed esprime con affetto vicinanza alla famiglia, ai colleghi e agli amici di Emanuela De Gasperi, apprezzata dipendente dell\u2019Azienda in servizio alla Direzione Amministrativa Territoriale &#8211; Distretto di Agordo.\u00a0\u00a0<\/em><\/strong><\/p>\n<p>&nbsp;<\/p>\n<p>&nbsp;<\/p>\n<p>&nbsp;<\/p>\n<hr \/>\n<p>&nbsp;<\/p>\n<blockquote>\n<h2>LILT IN LUTTO PER LA SCOMPARSA DI RENZO<\/h2>\n<\/blockquote>\n<p><strong><img decoding=\"async\" class=\"alignleft\" src=\"https:\/\/www.radiopiu.net\/wordpress\/wp-content\/uploads\/2024\/12\/LILT.png\" \/>BELLUNO<\/strong><\/p>\n<p>Si \u00e8 spento a 84 anni, Renzo Tacca, ex impiegato di banca, da dieci anni revisore dei conti della Lega per la lotta contro i tumori di Belluno. . Tacca lascia la moglie Tiziana, i figli Francesca e Raffaele, la nuora Gaia, il nipote Sebastian, la sorella Rita e tutti i parenti e amici. I funerali si svolgeranno domani alle 15 nella chiesa di Visome. Eventuali offerte saranno devolute all&#8217;asilo di Visome.<\/p>\n<p>&nbsp;<\/p>\n<p>&nbsp;<\/p>\n<p>&nbsp;<\/p>\n<hr \/>\n<p>&nbsp;<\/p>\n<blockquote>\n<h2>Incidente a Sedico: due feriti e traffico in tilt<\/h2>\n<\/blockquote>\n<p><strong>SEDICO<\/strong><\/p>\n<div class=\"flex max-w-full flex-col flex-grow\">\n<div class=\"min-h-8 text-message flex w-full flex-col items-end gap-2 whitespace-normal break-words [.text-message+&amp;]:mt-5\" dir=\"auto\" data-message-author-role=\"assistant\" data-message-id=\"dc810b17-dcf5-441a-a515-d0cfe5318a63\" data-message-model-slug=\"gpt-4o\">\n<div class=\"flex w-full flex-col gap-1 empty:hidden first:pt-[3px]\">\n<div class=\"markdown prose w-full break-words dark:prose-invert dark\">\n<p><img loading=\"lazy\" decoding=\"async\" class=\"alignleft\" src=\"https:\/\/www.radiopiu.net\/wordpress\/wp-content\/uploads\/2024\/12\/Senza-nome-9.png\" width=\"253\" height=\"134\" \/>Ieri sera, intorno alle 19, un incidente stradale ha coinvolto una Renault Captur, un SUV Ford e un furgone davanti alla concessionaria Mercedes in localit\u00e0 Gresal, Sedico. Le cause dello scontro sono ancora al vaglio dei carabinieri.<\/p>\n<p>Un uomo di 75 anni, residente a Sedico, \u00e8 stato trasferito all\u2019ospedale di Treviso con ferite di media gravit\u00e0, mentre l\u2019altro conducente \u00e8 stato ricoverato al San Martino di Belluno con codice 1.<\/p>\n<p>L\u2019incidente ha paralizzato il traffico, con lunghe code in entrambi i sensi di marcia durante l\u2019orario di punta. I vigili del fuoco, presenti con un mezzo e cinque uomini, hanno messo in sicurezza l\u2019area, mentre i carabinieri hanno effettuato i rilievi. La circolazione \u00e8 ripresa regolarmente solo dopo le 21.<\/p>\n<\/div>\n<\/div>\n<\/div>\n<\/div>\n<p>&nbsp;<\/p>\n<p>&nbsp;<\/p>\n<hr \/>\n<p>&nbsp;<\/p>\n<blockquote>\n<h2>Collaborazione tra Ulss 1 Dolomiti e Istituto Zooprofilattico<\/h2>\n<\/blockquote>\n<p><strong>BELLUNO<\/strong><\/p>\n<p>Firmato l&#8217;accordo per rafforzare sanit\u00e0 pubblica e sicurezza alimentare, con focus su monitoraggio zecche e preparazione olimpica. Previste iniziative scientifiche, formazione e promozione della salute.<\/p>\n<p><strong>DI DANIELE DALVIT<\/strong><\/p>\n<audio class=\"wp-audio-shortcode\" id=\"audio-422517-10\" preload=\"none\" style=\"width: 100%;\" controls=\"controls\"><source type=\"audio\/mpeg\" src=\"https:\/\/www.radiopiu.net\/wordpress\/wp-content\/uploads\/2024\/12\/Servizio-Accordo-Ulss-Istituto-Zooprofilattico.mp3?_=10\" \/><a href=\"https:\/\/www.radiopiu.net\/wordpress\/wp-content\/uploads\/2024\/12\/Servizio-Accordo-Ulss-Istituto-Zooprofilattico.mp3\">https:\/\/www.radiopiu.net\/wordpress\/wp-content\/uploads\/2024\/12\/Servizio-Accordo-Ulss-Istituto-Zooprofilattico.mp3<\/a><\/audio>\n<p>&nbsp;<\/p>\n\n\t\t\t<style type='text\/css'>\n\t\t\t\t#gallery-2 {\n\t\t\t\t\tmargin: auto;\n\t\t\t\t}\n\t\t\t\t#gallery-2 .gallery-item {\n\t\t\t\t\tfloat: left;\n\t\t\t\t\tmargin-top: 10px;\n\t\t\t\t\ttext-align: center;\n\t\t\t\t\twidth: 50%;\n\t\t\t\t}\n\t\t\t\t#gallery-2 img {\n\t\t\t\t\tborder: 2px solid #cfcfcf;\n\t\t\t\t}\n\t\t\t\t#gallery-2 .gallery-caption {\n\t\t\t\t\tmargin-left: 0;\n\t\t\t\t}\n\t\t\t\t\/* see gallery_shortcode() in wp-includes\/media.php *\/\n\t\t\t<\/style>\n\t\t<div id='gallery-2' class='dt-gallery-container gallery galleryid-422517 gallery-columns-2 gallery-size-medium'><dl class='gallery-item'>\n\t\t\t\t<dt class='gallery-icon landscape'>\n\t\t\t\t\t<a class=\"rollover rollover-zoom dt-pswp-item\" title=\"8bb94695-9170-4773-9074-e8a51214542d\" data-dt-img-description=\"\" data-large_image_width=\"2560\" data-large_image_height=\"1920\"href='https:\/\/www.radiopiu.net\/wordpress\/wp-content\/uploads\/2024\/12\/8bb94695-9170-4773-9074-e8a51214542d-scaled.jpg'><img loading=\"lazy\" decoding=\"async\" width=\"300\" height=\"225\" src=\"https:\/\/www.radiopiu.net\/wordpress\/wp-content\/uploads\/2024\/12\/8bb94695-9170-4773-9074-e8a51214542d-300x225.jpg\" class=\"attachment-medium size-medium\" alt=\"\" srcset=\"https:\/\/www.radiopiu.net\/wordpress\/wp-content\/uploads\/2024\/12\/8bb94695-9170-4773-9074-e8a51214542d-300x225.jpg 300w, https:\/\/www.radiopiu.net\/wordpress\/wp-content\/uploads\/2024\/12\/8bb94695-9170-4773-9074-e8a51214542d-1024x768.jpg 1024w, https:\/\/www.radiopiu.net\/wordpress\/wp-content\/uploads\/2024\/12\/8bb94695-9170-4773-9074-e8a51214542d-768x576.jpg 768w, https:\/\/www.radiopiu.net\/wordpress\/wp-content\/uploads\/2024\/12\/8bb94695-9170-4773-9074-e8a51214542d-1536x1152.jpg 1536w, https:\/\/www.radiopiu.net\/wordpress\/wp-content\/uploads\/2024\/12\/8bb94695-9170-4773-9074-e8a51214542d-2048x1536.jpg 2048w\" sizes=\"auto, (max-width: 300px) 100vw, 300px\" \/><\/a>\n\t\t\t\t<\/dt><\/dl><dl class='gallery-item'>\n\t\t\t\t<dt class='gallery-icon landscape'>\n\t\t\t\t\t<a class=\"rollover rollover-zoom dt-pswp-item\" title=\"423a71d1-d500-4a87-a874-c5df507e423f\" data-dt-img-description=\"\" data-large_image_width=\"2560\" data-large_image_height=\"1920\"href='https:\/\/www.radiopiu.net\/wordpress\/wp-content\/uploads\/2024\/12\/423a71d1-d500-4a87-a874-c5df507e423f-scaled.jpg'><img loading=\"lazy\" decoding=\"async\" width=\"300\" height=\"225\" src=\"https:\/\/www.radiopiu.net\/wordpress\/wp-content\/uploads\/2024\/12\/423a71d1-d500-4a87-a874-c5df507e423f-300x225.jpg\" class=\"attachment-medium size-medium\" alt=\"\" srcset=\"https:\/\/www.radiopiu.net\/wordpress\/wp-content\/uploads\/2024\/12\/423a71d1-d500-4a87-a874-c5df507e423f-300x225.jpg 300w, https:\/\/www.radiopiu.net\/wordpress\/wp-content\/uploads\/2024\/12\/423a71d1-d500-4a87-a874-c5df507e423f-1024x768.jpg 1024w, https:\/\/www.radiopiu.net\/wordpress\/wp-content\/uploads\/2024\/12\/423a71d1-d500-4a87-a874-c5df507e423f-768x576.jpg 768w, https:\/\/www.radiopiu.net\/wordpress\/wp-content\/uploads\/2024\/12\/423a71d1-d500-4a87-a874-c5df507e423f-1536x1152.jpg 1536w, https:\/\/www.radiopiu.net\/wordpress\/wp-content\/uploads\/2024\/12\/423a71d1-d500-4a87-a874-c5df507e423f-2048x1536.jpg 2048w\" sizes=\"auto, (max-width: 300px) 100vw, 300px\" \/><\/a>\n\t\t\t\t<\/dt><\/dl><br style=\"clear: both\" \/>\n\t\t\t<\/div>\n\n<p>&nbsp;<\/p>\n<hr \/>\n<p>&nbsp;<\/p>\n<blockquote>\n<h2>Sicurezza Alimentare: Malghe 2.0 e Prevenzione<\/h2>\n<\/blockquote>\n<p><strong>BELLUNO<\/strong><\/p>\n<div class=\"flex-1 overflow-hidden\">\n<div class=\"h-full\">\n<div class=\"react-scroll-to-bottom--css-pvgwc-79elbk h-full\">\n<div class=\"react-scroll-to-bottom--css-pvgwc-1n7m0yu\">\n<div class=\"flex h-full flex-col\">\n<div class=\"flex flex-col text-sm md:pb-9\">\n<article class=\"w-full scroll-mb-[var(--thread-trailing-height,150px)] text-token-text-primary focus-visible:outline-2 focus-visible:outline-offset-[-4px]\" dir=\"auto\" data-testid=\"conversation-turn-51\" data-scroll-anchor=\"true\">\n<div class=\"m-auto text-base py-[18px] px-3 md:px-4 w-full md:px-5 lg:px-4 xl:px-5\">\n<div class=\"mx-auto flex flex-1 gap-4 text-base md:gap-5 lg:gap-6 md:max-w-3xl lg:max-w-[40rem] xl:max-w-[48rem] -mx-4\">\n<div class=\"group\/conversation-turn relative flex w-full min-w-0 flex-col agent-turn\">\n<div class=\"flex-col gap-1 md:gap-3\">\n<div class=\"flex max-w-full flex-col flex-grow\">\n<div class=\"min-h-8 text-message flex w-full flex-col items-end gap-2 whitespace-normal break-words [.text-message+&amp;]:mt-5\" dir=\"auto\" data-message-author-role=\"assistant\" data-message-id=\"62d212ac-9126-42b1-9a26-50dbb45f4fd7\" data-message-model-slug=\"gpt-4o\">\n<div class=\"flex w-full flex-col gap-1 empty:hidden first:pt-[3px]\">\n<div class=\"markdown prose w-full break-words dark:prose-invert dark\">\n<p><img loading=\"lazy\" decoding=\"async\" class=\"alignleft\" src=\"https:\/\/www.radiopiu.net\/wordpress\/wp-content\/uploads\/2024\/12\/7a8bc47e-2c7d-4816-985f-7f964271e4c2-300x300.webp\" width=\"168\" height=\"168\" \/>Dal 2023 a oggi, diversi casi di sindrome emolitica-uremica e salmonellosi legati a prodotti crudi evidenziano l\u2019urgenza di informare sui rischi alimentari. Il progetto <strong>&#8220;Malghe 2.0&#8221;<\/strong>, avviato da Ulss 1 e Istituto Zooprofilattico, mira a migliorare gli standard igienico-sanitari delle 45 malghe bellunesi, lavorando su formazione, controllo delle lavorazioni del latte e implementazione tecnologica.Parallelamente, una rete di specialisti si occuper\u00e0 di prevenzione e gestione dei focolai epidemici. Per sensibilizzare le famiglie, saranno distribuiti fogli informativi sui rischi del consumo di alimenti crudi per i bambini, auspicando maggiore consapevolezza. La collaborazione tra enti locali e regionali segna un passo avanti per la sicurezza alimentare del territorio.<\/p>\n<\/div>\n<\/div>\n<\/div>\n<\/div>\n<\/div>\n<\/div>\n<\/div>\n<\/div>\n<\/article>\n<\/div>\n<\/div>\n<\/div>\n<\/div>\n<\/div>\n<\/div>\n<p>&nbsp;<\/p>\n<p>&nbsp;<\/p>\n<hr \/>\n<p>&nbsp;<\/p>\n<p>&nbsp;<\/p>\n<blockquote>\n<h3>LA ROTONDA DI STRAPONT, A BREVE LA CONVENZIONE CON VENETO STRADE<\/h3>\n<\/blockquote>\n<blockquote>\n<h2 class=\"articlePlainTitle\"><a class=\"dt-pswp-item\" href=\"https:\/\/www.radiopiu.net\/wordpress\/wp-content\/uploads\/2024\/12\/Senza-nome-11.png\" data-dt-img-description=\"\" data-large_image_width=\"494\" data-large_image_height=\"696\"><img loading=\"lazy\" decoding=\"async\" class=\"wp-image-422679 alignleft\" src=\"https:\/\/www.radiopiu.net\/wordpress\/wp-content\/uploads\/2024\/12\/Senza-nome-11-213x300.png\" alt=\"\" width=\"133\" height=\"187\" srcset=\"https:\/\/www.radiopiu.net\/wordpress\/wp-content\/uploads\/2024\/12\/Senza-nome-11-213x300.png 213w, https:\/\/www.radiopiu.net\/wordpress\/wp-content\/uploads\/2024\/12\/Senza-nome-11.png 494w\" sizes=\"auto, (max-width: 133px) 100vw, 133px\" \/><\/a>Ex mulino, recupero congelato I vincoli fanno lievitare i costi<\/h2>\n<\/blockquote>\n<div class=\"articlePlainText\"><strong>TAIBON<\/strong><\/div>\n<div><\/div>\n<div class=\"articlePlainText\">Due progetti ulteriormente finanziati e uno da &#8220;congelare&#8221; in attesa di nuovi fondi e di nuove idee. Alla luce delle nuove regole per l&#8217;utilizzo dei Fondo dei Comuni di confine, Taibon ha dovuto fare i conti con lo stato dell&#8217;arte degli interventi finanziati con le annualit\u00e0 2015, 2018 e 2019 del Fondo. Si tratta in tutti e tre i casi di progetti non ancora iniziati per i quali l&#8217;amministrazione ha quindi dovuto decidere il da farsi per non perdere le risorse stanziate, in ordine di tempo, sulla ristrutturazione dell&#8217;ex mulino, su quella del municipio e sulla realizzazione della rotonda sulla 203.<\/div>\n<div><\/div>\n<div><\/div>\n<p><strong><img loading=\"lazy\" decoding=\"async\" class=\"alignleft\" src=\"https:\/\/www.radiopiu.net\/wordpress\/wp-content\/uploads\/2024\/06\/taibon-framont-san-lucano2.jpg\" width=\"190\" height=\"143\" \/><br \/>\n<\/strong><\/p>\n<p><strong>DI GIANNI SANTOMASO<\/strong><\/p>\n<audio class=\"wp-audio-shortcode\" id=\"audio-422517-11\" preload=\"none\" style=\"width: 100%;\" controls=\"controls\"><source type=\"audio\/mpeg\" src=\"https:\/\/www.radiopiu.net\/wordpress\/wp-content\/uploads\/2024\/12\/GIANNI-FONDI-DI-CONFINE.mp3?_=11\" \/><a href=\"https:\/\/www.radiopiu.net\/wordpress\/wp-content\/uploads\/2024\/12\/GIANNI-FONDI-DI-CONFINE.mp3\">https:\/\/www.radiopiu.net\/wordpress\/wp-content\/uploads\/2024\/12\/GIANNI-FONDI-DI-CONFINE.mp3<\/a><\/audio>\n<p>&nbsp;<\/p>\n<p>&nbsp;<\/p>\n<hr \/>\n<p>&nbsp;<\/p>\n<blockquote>\n<h3>EDiM \u2013 GRUPPO BOSCH: INCONTRO FRA LE PARTI A FELTRE IL 3 DICEMBRE<\/h3>\n<\/blockquote>\n<p><strong><a class=\"dt-pswp-item\" href=\"https:\/\/www.radiopiu.net\/wordpress\/wp-content\/uploads\/2024\/12\/EDIM.jpeg\" data-dt-img-description=\"\" data-large_image_width=\"2000\" data-large_image_height=\"924\"><img loading=\"lazy\" decoding=\"async\" class=\"size-medium wp-image-422659 alignleft\" src=\"https:\/\/www.radiopiu.net\/wordpress\/wp-content\/uploads\/2024\/12\/EDIM-300x139.jpeg\" alt=\"\" width=\"300\" height=\"139\" srcset=\"https:\/\/www.radiopiu.net\/wordpress\/wp-content\/uploads\/2024\/12\/EDIM-300x139.jpeg 300w, https:\/\/www.radiopiu.net\/wordpress\/wp-content\/uploads\/2024\/12\/EDIM-1024x473.jpeg 1024w, https:\/\/www.radiopiu.net\/wordpress\/wp-content\/uploads\/2024\/12\/EDIM-768x355.jpeg 768w, https:\/\/www.radiopiu.net\/wordpress\/wp-content\/uploads\/2024\/12\/EDIM-1536x710.jpeg 1536w, https:\/\/www.radiopiu.net\/wordpress\/wp-content\/uploads\/2024\/12\/EDIM.jpeg 2000w\" sizes=\"auto, (max-width: 300px) 100vw, 300px\" \/><\/a>FELTRE<\/strong><\/p>\n<div class=\"flex max-w-full flex-col flex-grow\">\n<div class=\"min-h-8 text-message flex w-full flex-col items-end gap-2 whitespace-normal break-words [.text-message+&amp;]:mt-5\" dir=\"auto\" data-message-author-role=\"assistant\" data-message-id=\"731cd67c-53db-4404-9bfe-33f73383478b\" data-message-model-slug=\"gpt-4o\">\n<div class=\"flex w-full flex-col gap-1 empty:hidden first:pt-[3px]\">\n<div class=\"markdown prose w-full break-words dark:prose-invert dark\">\n<p>Si terr\u00e0 oggi alle ore 11, nella sede di Confindustria a Feltre, un importante incontro sulla vertenza EDiM che coinvolge 200 <a class=\"dt-pswp-item\" href=\"https:\/\/www.radiopiu.net\/wordpress\/wp-content\/uploads\/2024\/12\/STEFANO-BONA.jpeg\" data-dt-img-description=\"\" data-large_image_width=\"924\" data-large_image_height=\"2000\"><img loading=\"lazy\" decoding=\"async\" class=\" wp-image-422662 alignright\" src=\"https:\/\/www.radiopiu.net\/wordpress\/wp-content\/uploads\/2024\/12\/STEFANO-BONA-139x300.jpeg\" alt=\"\" width=\"90\" height=\"194\" srcset=\"https:\/\/www.radiopiu.net\/wordpress\/wp-content\/uploads\/2024\/12\/STEFANO-BONA-139x300.jpeg 139w, https:\/\/www.radiopiu.net\/wordpress\/wp-content\/uploads\/2024\/12\/STEFANO-BONA-473x1024.jpeg 473w, https:\/\/www.radiopiu.net\/wordpress\/wp-content\/uploads\/2024\/12\/STEFANO-BONA-768x1662.jpeg 768w, https:\/\/www.radiopiu.net\/wordpress\/wp-content\/uploads\/2024\/12\/STEFANO-BONA-710x1536.jpeg 710w, https:\/\/www.radiopiu.net\/wordpress\/wp-content\/uploads\/2024\/12\/STEFANO-BONA.jpeg 924w\" sizes=\"auto, (max-width: 90px) 100vw, 90px\" \/><\/a>lavoratori tra Villasanta (Monza Brianza) e Settevalli (Belluno). Presenti i vertici Bosch, Confindustria Belluno e Assolombarda, le RSU e i sindacati Fiom, Fim e Uilm. Stefano Bona, segretario Fiom Belluno, ribadisce l\u2019impegno a difendere occupazione e produzione, chiedendo il rilancio e la diversificazione dei siti. La crisi del settore automotive, sottolinea Bona, non pu\u00f2 pesare sui lavoratori. Fiom e Fim hanno sollecitato l\u2019intervento dell\u2019Unit\u00e0 di Crisi del Veneto e del Ministero per affrontare la situazione, evitando la chiusura delle fabbriche e tutelando il futuro del territorio.<\/p>\n<\/div>\n<blockquote><p>Stefano Bona (foto) segretario Fiom Belluno, ribadisce l\u2019impegno a mantenere aperti i siti produttivi EDiM. Chiesto l\u2019intervento dell\u2019Unit\u00e0 di Crisi del Veneto e del Ministero per trovare soluzioni che tutelino lavoro, rilancio e diversificazione<\/p><\/blockquote>\n<\/div>\n<\/div>\n<\/div>\n<div class=\"mb-2 flex gap-3 empty:hidden -ml-2\">\n<div class=\"items-center justify-start rounded-xl p-1 flex\">\n<div class=\"flex items-center\">\n<div class=\"flex\"><\/div>\n<\/div>\n<\/div>\n<\/div>\n<p>&nbsp;<\/p>\n<p>&nbsp;<\/p>\n<hr \/>\n<p>&nbsp;<\/p>\n<blockquote>\n<h3>IL SINDACATO AUTONOMO DEI MILITARI CHIEDE UN&#8217;INDENNITA&#8217; PER IL SOCCORSO PISTE<\/h3>\n<\/blockquote>\n<p><strong><a class=\"dt-pswp-item\" href=\"https:\/\/www.radiopiu.net\/wordpress\/wp-content\/uploads\/2018\/03\/ski-area-san-pellegrino_21-marzo.jpg\" data-dt-img-description=\"\" data-large_image_width=\"1600\" data-large_image_height=\"1200\"><img loading=\"lazy\" decoding=\"async\" class=\" wp-image-45211 alignleft\" src=\"https:\/\/www.radiopiu.net\/wordpress\/wp-content\/uploads\/2018\/03\/ski-area-san-pellegrino_21-marzo-300x225.jpg\" alt=\"\" width=\"149\" height=\"112\" srcset=\"https:\/\/www.radiopiu.net\/wordpress\/wp-content\/uploads\/2018\/03\/ski-area-san-pellegrino_21-marzo-300x225.jpg 300w, https:\/\/www.radiopiu.net\/wordpress\/wp-content\/uploads\/2018\/03\/ski-area-san-pellegrino_21-marzo-768x576.jpg 768w, https:\/\/www.radiopiu.net\/wordpress\/wp-content\/uploads\/2018\/03\/ski-area-san-pellegrino_21-marzo-1024x768.jpg 1024w, https:\/\/www.radiopiu.net\/wordpress\/wp-content\/uploads\/2018\/03\/ski-area-san-pellegrino_21-marzo.jpg 1600w\" sizes=\"auto, (max-width: 149px) 100vw, 149px\" \/><\/a>REDAZIONE<\/strong> Il Sindacato Autonomo dei Militari (SAM) ha proposto di riconoscere un\u2019indennit\u00e0 specifica agli &#8220;assistenti militari alle piste da sci&#8221; e al personale del servizio &#8220;Meteomont&#8221;, attualmente esclusi da una valorizzazione economica adeguata. Questi militari svolgono interventi di soccorso e attivit\u00e0 di prevenzione valanghe nei comprensori alpini, garantendo sicurezza e assistenza con competenze specializzate, ma senza un emolumento dedicato, a differenza dei &#8220;soccorritori alpini&#8221;. Il segretario generale del SAM, Alessandro Farina, denuncia una disparit\u00e0 di trattamento all\u2019interno del comparto difesa e sicurezza e segnala resistenze non chiare alla proposta. Le trattative per il rinnovo contrattuale 2022-2024 sono in corso, e il SAM insiste sulla necessit\u00e0 di equit\u00e0 e riconoscimento per il personale coinvolto.<\/p>\n<p>&nbsp;<\/p>\n<p>&nbsp;<\/p>\n<hr \/>\n<p>&nbsp;<\/p>\n<blockquote>\n<h2>Dolomiti Superski: 50 anni di storia celebrati ad Alleghe<\/h2>\n<\/blockquote>\n<blockquote><p><em><strong><a class=\"dt-pswp-item\" href=\"https:\/\/www.radiopiu.net\/wordpress\/wp-content\/uploads\/2024\/12\/Senza-nome-8.png\" data-dt-img-description=\"\" data-large_image_width=\"469\" data-large_image_height=\"218\"><img loading=\"lazy\" decoding=\"async\" class=\"wp-image-422630 alignleft\" src=\"https:\/\/www.radiopiu.net\/wordpress\/wp-content\/uploads\/2024\/12\/Senza-nome-8-300x139.png\" alt=\"\" width=\"214\" height=\"99\" srcset=\"https:\/\/www.radiopiu.net\/wordpress\/wp-content\/uploads\/2024\/12\/Senza-nome-8-300x139.png 300w, https:\/\/www.radiopiu.net\/wordpress\/wp-content\/uploads\/2024\/12\/Senza-nome-8.png 469w\" sizes=\"auto, (max-width: 214px) 100vw, 214px\" \/><\/a><\/strong>L\u2019area Ski Civetta celebra i primi 50 anni di Dolomiti Superski Sabato 14 dicembre lo Stadio del Ghiaccio di Alleghe ospita i festeggiamenti Due attuali tavole rotonde arricchiscono in modo originale il programma della cerimonia Scambi di opinioni sull\u2019economia di montagna e le opportunit\u00e0 del collegamento con Cortina<\/em><\/p><\/blockquote>\n<p><strong>ALLEGHE<\/strong>\u00a0 Sabato 14 dicembre, presso il Centro Congressi A. Franceschini dello Stadio del Ghiaccio di Alleghe, si festegger\u00e0 il 50\u00b0 anniversario di Dolomiti Superski con una giornata ricca di eventi.<\/p>\n<p>Due tavole rotonde affronteranno temi di grande interesse: l&#8217;economia turistica alpina, la diversificazione dell\u2019offerta e il collegamento strategico tra Ski Civetta e Cortina Skiworld.<\/p>\n<p>La celebrazione include la presentazione dell\u2019opera \u201cEnrosadira\u201d dell\u2019artista Daniele Basso e onorificenze a personalit\u00e0 locali. L\u2019evento \u00e8 aperto al pubblico dalle ore 10.<\/p>\n<p>&nbsp;<\/p>\n<p>&nbsp;<\/p>\n<hr \/>\n<p>&nbsp;<\/p>\n<blockquote>\n<h3>CONSEGNATI 3 MILA EURO AGLI AMICI DEI POMPIERI DI ALPAGO<\/h3>\n<\/blockquote>\n<p><strong><a class=\"dt-pswp-item\" href=\"https:\/\/www.radiopiu.net\/wordpress\/wp-content\/uploads\/2024\/12\/Donazione-GreenBall-VVF-Alpago-2024-scaled.jpg\" data-dt-img-description=\"\" data-large_image_width=\"2560\" data-large_image_height=\"1685\"><img loading=\"lazy\" decoding=\"async\" class=\" wp-image-422553 alignleft\" src=\"https:\/\/www.radiopiu.net\/wordpress\/wp-content\/uploads\/2024\/12\/Donazione-GreenBall-VVF-Alpago-2024-300x197.jpg\" alt=\"\" width=\"195\" height=\"128\" srcset=\"https:\/\/www.radiopiu.net\/wordpress\/wp-content\/uploads\/2024\/12\/Donazione-GreenBall-VVF-Alpago-2024-300x197.jpg 300w, https:\/\/www.radiopiu.net\/wordpress\/wp-content\/uploads\/2024\/12\/Donazione-GreenBall-VVF-Alpago-2024-1024x674.jpg 1024w, https:\/\/www.radiopiu.net\/wordpress\/wp-content\/uploads\/2024\/12\/Donazione-GreenBall-VVF-Alpago-2024-768x505.jpg 768w, https:\/\/www.radiopiu.net\/wordpress\/wp-content\/uploads\/2024\/12\/Donazione-GreenBall-VVF-Alpago-2024-1536x1011.jpg 1536w, https:\/\/www.radiopiu.net\/wordpress\/wp-content\/uploads\/2024\/12\/Donazione-GreenBall-VVF-Alpago-2024-2048x1348.jpg 2048w\" sizes=\"auto, (max-width: 195px) 100vw, 195px\" \/><\/a>ALPAGO<\/strong> Il furgone dei Vigili del Fuoco Volontari dell\u2019Alpago si arricchisce grazie a una donazione di 3.000 euro da parte dell\u2019associazione Amici di Met, frutto del ricavato del Greenball &#8211; Memorial Matteo Zanon, svoltosi a luglio a Chies d\u2019Alpago. Durante la cena del 30 novembre, il contributo \u00e8 stato ufficialmente consegnato al Capo Distaccamento, Daniele Casonato, che ha sottolineato l\u2019importanza del supporto per completare l\u2019allestimento del mezzo, essenziale per interventi di emergenza. La presidente dell\u2019Aps, Donata Barattin, ha ricordato il valore simbolico della 25\u00aa edizione del torneo, dedicato a Matteo Zanon, ringraziando i partecipanti e gli sponsor. Anche il Sindaco Gianluca Dal Borgo ha elogiato l\u2019impegno dell\u2019associazione nel sostenere il volontariato locale e il ruolo cruciale dei Vigili del Fuoco nella sicurezza del territorio.<\/p>\n<p>&nbsp;<\/p>\n<p>&nbsp;<\/p>\n<hr \/>\n<p>&nbsp;<\/p>\n<blockquote><p><strong><a href=\"https:\/\/www.radiopiu.net\/wordpress\/wp-content\/uploads\/2024\/12\/86529f5a-a615-4afd-b678-71699e7f56a2.webp\"><img loading=\"lazy\" decoding=\"async\" class=\" wp-image-422621 alignleft\" src=\"https:\/\/www.radiopiu.net\/wordpress\/wp-content\/uploads\/2024\/12\/86529f5a-a615-4afd-b678-71699e7f56a2-300x300.webp\" alt=\"\" width=\"200\" height=\"200\" srcset=\"https:\/\/www.radiopiu.net\/wordpress\/wp-content\/uploads\/2024\/12\/86529f5a-a615-4afd-b678-71699e7f56a2-300x300.webp 300w, https:\/\/www.radiopiu.net\/wordpress\/wp-content\/uploads\/2024\/12\/86529f5a-a615-4afd-b678-71699e7f56a2-150x150.webp 150w, https:\/\/www.radiopiu.net\/wordpress\/wp-content\/uploads\/2024\/12\/86529f5a-a615-4afd-b678-71699e7f56a2-768x768.webp 768w, https:\/\/www.radiopiu.net\/wordpress\/wp-content\/uploads\/2024\/12\/86529f5a-a615-4afd-b678-71699e7f56a2.webp 1024w\" sizes=\"auto, (max-width: 200px) 100vw, 200px\" \/><\/a>La Camera di Commercio promuove la certificazione per la parit\u00e0 di genere<\/strong><\/p><\/blockquote>\n<p>&nbsp;<\/p>\n<p><strong>TREVISO<\/strong> \u2013 Gioved\u00ec 5 dicembre 2024, alle ore 11.30, presso la sede della Camera di Commercio di Treviso \u2013 Belluno | Dolomiti, in Piazza Borsa 3\/b, si terr\u00e0 un incontro dedicato alla certificazione per la parit\u00e0 di genere. Interverranno il Presidente Mario Pozza, il Segretario Generale Romano Tiozzo e altri esperti, tra cui Manica Silvana, responsabile del sistema di gestione della parit\u00e0 di genere, e Raffaella Da Ros, presidente della Cooperativa \u201cInsieme si Pu\u00f2\u201d. L\u2019evento vedr\u00e0 anche la partecipazione di Eva Zanatta e delle componenti del Comitato Guida del sistema di gestione per la parit\u00e0 di genere. L\u2019incontro rappresenta un&#8217;importante occasione per approfondire il ruolo della Camera di Commercio nell\u2019implementazione di politiche inclusive e nel sostenere il riconoscimento della parit\u00e0 di genere, elemento chiave per lo sviluppo delle imprese e del territorio.<\/p>\n<p>&nbsp;<\/p>\n<p>&nbsp;<\/p>\n<hr \/>\n<p>&nbsp;<\/p>\n<blockquote>\n<h3>LA CONFERENZA DEI SINDACI A BELLUNO<\/h3>\n<\/blockquote>\n<p><strong>BELLUNO <\/strong>Oggi alle 16:30 si terr\u00e0 una Conferenza dei Sindaci presso la sala convegni dell&#8217;Ospedale San Martino di Belluno. Ordine del giorno: Saluti e auguri dalla Direzione Generale dell\u2019Ulss. Discussione e pareri sui regolamenti per la distribuzione delle risorse derivanti dalla monetizzazione dell\u2019energia elettrica, con interventi del Presidente della Provincia Roberto Padrin e della dott.ssa Daniela De Carli. Nomina dei supplenti dell\u2019Esecutivo della Conferenza.<\/p>\n<p>&nbsp;<\/p>\n<p>&nbsp;<\/p>\n<hr \/>\n<p>&nbsp;<\/p>\n<blockquote>\n<h3>Belluno celebra Valerio Bonan: giovane chitarrista trionfa al Tour Music Fest<\/h3>\n<\/blockquote>\n<p><strong>BELLUNO<\/strong><\/p>\n<p><img loading=\"lazy\" decoding=\"async\" class=\"alignleft\" src=\"https:\/\/www.radiopiu.net\/wordpress\/wp-content\/uploads\/2024\/12\/467728086_547721504890772_2606697380338398666_n.jpg\" width=\"205\" height=\"207\" \/>Valerio Bonan, 18 anni, ha regalato a Belluno un motivo d\u2019orgoglio conquistando la finale nella categoria chitarristi al prestigioso Tour Music Fest (TMF), il pi\u00f9 grande contest musicale europeo. Tra oltre 29.000 artisti provenienti da 12 Paesi, Valerio si \u00e8 distinto per talento e determinazione.<\/p>\n<p>La finale, tenutasi il 1\u00b0 dicembre presso l\u2019Auditorium Little Tony di San Marino, ha consacrato il giovane musicista bellunese. Grazie a una performance straordinaria, ha impressionato una giuria d\u2019\u00e9lite composta da figure come Beppe Vessicchio, Kara DioGuardi e docenti del Berklee College of Music.<\/p>\n<p>Per Valerio, questa vittoria rappresenta un trampolino verso il panorama musicale internazionale. Con abilit\u00e0, passione e dedizione, il giovane chitarrista \u00e8 pronto a trasformare il suo talento in un linguaggio universale capace di ispirare e lasciare il segno nel mondo della musica.<\/p>\n<p>&nbsp;<\/p>\n<hr \/>\n<p>&nbsp;<\/p>\n<blockquote>\n<h2>SANTA BARBARA 2024 CON I PERITI MINERARI&#8230; CON GLI STUDENTI DEL FOLLADOR<\/h2>\n<\/blockquote>\n<p><strong><a class=\"dt-pswp-item\" href=\"https:\/\/www.radiopiu.net\/wordpress\/wp-content\/uploads\/2024\/11\/barbara.png\" data-dt-img-description=\"\" data-large_image_width=\"581\" data-large_image_height=\"720\"><img loading=\"lazy\" decoding=\"async\" class=\"size-medium wp-image-422226 alignleft\" src=\"https:\/\/www.radiopiu.net\/wordpress\/wp-content\/uploads\/2024\/11\/barbara-242x300.png\" alt=\"\" width=\"242\" height=\"300\" srcset=\"https:\/\/www.radiopiu.net\/wordpress\/wp-content\/uploads\/2024\/11\/barbara-242x300.png 242w, https:\/\/www.radiopiu.net\/wordpress\/wp-content\/uploads\/2024\/11\/barbara.png 581w\" sizes=\"auto, (max-width: 242px) 100vw, 242px\" \/><\/a>REDAZIONE<\/strong> Il prossimo sar\u00e0 un fine settimana di festa per i periti minerari, gli studenti del Follador di oggi, di ieri, i tanti affezionati all&#8217;Associazione Periti Minerari di Agordo.<br \/>\nSABATO 7 dicembre, in chiesa e in Sala Don Tamis, Santa Barabara con L&#8217;Apim e L&#8217;Istituto Follador De Rossi, consegna borse di studio e premio Le Miniere di Agordo VENERDI 6 E SABATO 7\u00a0 La festa al PalaFalcade con gli studenti del Follador, classe quinta A Minerari<\/p>\n<p><strong><a class=\"dt-pswp-item\" href=\"https:\/\/www.radiopiu.net\/wordpress\/wp-content\/uploads\/2024\/11\/57a3778a-99b6-4687-8651-99a41c023a18.jpg\" data-dt-img-description=\"\" data-large_image_width=\"987\" data-large_image_height=\"1397\"><img loading=\"lazy\" decoding=\"async\" class=\"size-medium wp-image-422224 alignright\" src=\"https:\/\/www.radiopiu.net\/wordpress\/wp-content\/uploads\/2024\/11\/57a3778a-99b6-4687-8651-99a41c023a18-212x300.jpg\" alt=\"\" width=\"212\" height=\"300\" srcset=\"https:\/\/www.radiopiu.net\/wordpress\/wp-content\/uploads\/2024\/11\/57a3778a-99b6-4687-8651-99a41c023a18-212x300.jpg 212w, https:\/\/www.radiopiu.net\/wordpress\/wp-content\/uploads\/2024\/11\/57a3778a-99b6-4687-8651-99a41c023a18-723x1024.jpg 723w, https:\/\/www.radiopiu.net\/wordpress\/wp-content\/uploads\/2024\/11\/57a3778a-99b6-4687-8651-99a41c023a18-768x1087.jpg 768w, https:\/\/www.radiopiu.net\/wordpress\/wp-content\/uploads\/2024\/11\/57a3778a-99b6-4687-8651-99a41c023a18.jpg 987w\" sizes=\"auto, (max-width: 212px) 100vw, 212px\" \/><\/a>Santa Barbara 2024, con l&#8217;associazione Periti Industriali Minerari e l&#8217;Istituto Follador-De Rossi.<\/strong><br \/>\nSABATO 7 DICEMBRE ad Agordo, chiesa arcidiaconale, ALLE 10 LA MESSA CON L&#8217;ACCOMPAGNAMENTO DELLA corale della Schola Cantorum di La Valle Agordina Alle 11 in sala Don T\u00e0mis, consegna delle borse di studio agli studenti meritevoli. Premiazione del concorso fotografico &#8220;le miniere di Agordo&#8221;. Al termine rinfresco offerto dall&#8217;Apim. L&#8217;associazione Periti Minerari di Agordo ringrazia quando hanno constribuito per le borse di studio e per la manifestazione.<\/p>\n<p>6 e 7 dicembre, PALAFALCADE in festa! Festa di Santa Barbara, con gli studenti della quinta A minerari!<br \/>\nVenerd\u00ec sera: si balla liscio con i Prestazione Occasionale! Sabato pomeriggio: ore 15, torneo di briscola e beer pong! Alle 18, apertura dell\u2019esclusivo Angolo del Vino. Dalle 21, si scatena la pista con Bass Line DJ! &#x26a1; Due giorni di divertimento, musica e tradizione. Non mancare! Palafalcade, ti aspetta!<\/p>\n<p>&nbsp;<\/p>\n<hr \/>\n<p>&nbsp;<\/p>\n<blockquote>\n<h1>\u00a0 Stelle AIL: un dono per combattere la leucemia<\/h1>\n<\/blockquote>\n<p>&nbsp;<\/p>\n<p><strong><a href=\"https:\/\/www.radiopiu.net\/wordpress\/wp-content\/uploads\/2024\/12\/663d56b0-58e8-4616-8878-5df0b67a7407.webp\"><img loading=\"lazy\" decoding=\"async\" class=\" wp-image-422636 alignleft\" src=\"https:\/\/www.radiopiu.net\/wordpress\/wp-content\/uploads\/2024\/12\/663d56b0-58e8-4616-8878-5df0b67a7407-300x300.webp\" alt=\"\" width=\"194\" height=\"194\" srcset=\"https:\/\/www.radiopiu.net\/wordpress\/wp-content\/uploads\/2024\/12\/663d56b0-58e8-4616-8878-5df0b67a7407-300x300.webp 300w, https:\/\/www.radiopiu.net\/wordpress\/wp-content\/uploads\/2024\/12\/663d56b0-58e8-4616-8878-5df0b67a7407-150x150.webp 150w, https:\/\/www.radiopiu.net\/wordpress\/wp-content\/uploads\/2024\/12\/663d56b0-58e8-4616-8878-5df0b67a7407-768x768.webp 768w, https:\/\/www.radiopiu.net\/wordpress\/wp-content\/uploads\/2024\/12\/663d56b0-58e8-4616-8878-5df0b67a7407.webp 1024w\" sizes=\"auto, (max-width: 194px) 100vw, 194px\" \/><\/a>AGORDO<\/strong><\/p>\n<p>Dal 6 all\u20198 dicembre, ad Agordo tornano le Stelle di Natale AIL, un\u2019iniziativa benefica promossa dall\u2019Associazione Italiana contro le Leucemie. Con un\u2019offerta, sar\u00e0 possibile ricevere una stella di Natale per sostenere i progetti di assistenza e ricerca, aiutando cos\u00ec migliaia di persone.<\/p>\n<p>&nbsp;<\/p>\n<p>Le postazioni saranno attive presso il Centro Commerciale La Corte Agordina, Zum Brillenbar in Valcozzena e le Scuole Elementari di Voltago. Partecipare significa contribuire a un futuro migliore per chi lotta ogni giorno contro queste malattie. Un piccolo gesto, un grande aiuto.<\/p>\n<p>&nbsp;<\/p>\n<hr \/>\n<p>&nbsp;<\/p>\n<p><span style=\"color: #ff0000;\">LA GIUDIZIARIA OGGI<\/span><br \/>\n<span style=\"color: #ff0000;\">DI GIGI SOSSO\u00a0<\/span><br \/>\n<span style=\"color: #ff0000;\">CORRIERE DELLE ALPI<\/span><\/p>\n<blockquote><p><strong><a href=\"https:\/\/www.radiopiu.net\/wordpress\/wp-content\/uploads\/2024\/12\/8725e4f0-5adc-402c-b97f-5309871da8c7.webp\"><img loading=\"lazy\" decoding=\"async\" class=\"size-medium wp-image-422692 alignleft\" src=\"https:\/\/www.radiopiu.net\/wordpress\/wp-content\/uploads\/2024\/12\/8725e4f0-5adc-402c-b97f-5309871da8c7-300x300.webp\" alt=\"\" width=\"300\" height=\"300\" srcset=\"https:\/\/www.radiopiu.net\/wordpress\/wp-content\/uploads\/2024\/12\/8725e4f0-5adc-402c-b97f-5309871da8c7-300x300.webp 300w, https:\/\/www.radiopiu.net\/wordpress\/wp-content\/uploads\/2024\/12\/8725e4f0-5adc-402c-b97f-5309871da8c7-150x150.webp 150w, https:\/\/www.radiopiu.net\/wordpress\/wp-content\/uploads\/2024\/12\/8725e4f0-5adc-402c-b97f-5309871da8c7-768x768.webp 768w, https:\/\/www.radiopiu.net\/wordpress\/wp-content\/uploads\/2024\/12\/8725e4f0-5adc-402c-b97f-5309871da8c7.webp 1024w\" sizes=\"auto, (max-width: 300px) 100vw, 300px\" \/><\/a>Lite in cantiere, condanna per lesioni<\/strong><\/p><\/blockquote>\n<p><strong>BORCA DI CADORE\u00a0<\/strong> un diverbio tra operai sul tetto di una casa si \u00e8 concluso con una caduta grave. WM \u00e8 stato condannato a un anno per lesioni aggravate dopo aver spintonato un collega, provocandogli gravi ferite al braccio. La vittima ha subito un intervento chirurgico e una lunga convalescenza. Il risarcimento danni di 11 mila euro sar\u00e0 solo un anticipo; il resto sar\u00e0 deciso in sede civile. Scagionata l\u2019impresa edile.<\/p>\n<p><strong>Insulti e minacce ai vicini: bellunese a processo<\/strong><\/p>\n<p><strong>BELLUNO<\/strong> Un uomo di Belluno \u00e8 stato accusato di atti persecutori verso una famiglia di origine napoletana, rivolgendogli insulti discriminatori. Difeso dall&#8217;avvocato Jenny Fioraso, rischia una condanna e un risarcimento danni. Tra i testimoni, la moglie divorziata, che ha deposto contro di lui, denunciando comportamenti aggressivi e violenti. Le accuse includono insulti verbali e rumori molesti. La sentenza \u00e8 attesa per il 27 gennaio.<\/p>\n<blockquote><p><strong>Condannato il figlio alcolista per maltrattamenti alla madre<\/strong><\/p><\/blockquote>\n<p><strong>FELTRE<\/strong> Un 36enne, con problemi di alcolismo, \u00e8 stato condannato a due anni e un mese per aver maltrattato la madre, colpevole di nascondergli il vino. Nonostante l\u2019assenza di denuncia da parte della donna, le minacce e le aggressioni hanno portato alla condanna. Nel luglio scorso, l\u2019uomo era gi\u00e0 stato allontanato da casa e sottoposto al braccialetto elettronico. La madre, pur reticente, ha fornito una testimonianza che ha contribuito alla sentenza.<\/p>\n<blockquote>\n<h3>Quattro processi per un cittadino polacco a Feltre<\/h3>\n<\/blockquote>\n<div class=\"flex max-w-full flex-col flex-grow\">\n<div class=\"min-h-8 text-message flex w-full flex-col items-end gap-2 whitespace-normal break-words [.text-message+&amp;]:mt-5\" dir=\"auto\" data-message-author-role=\"assistant\" data-message-id=\"2e127855-b05e-46bd-8261-92734c59a4fd\" data-message-model-slug=\"gpt-4o\">\n<div class=\"flex w-full flex-col gap-1 empty:hidden first:pt-[3px]\">\n<div class=\"markdown prose w-full break-words dark:prose-invert dark\">\n<p><strong>FELTRE<\/strong> NB, cittadino polacco residente a Feltre e attualmente detenuto in Germania, ha affrontato quattro procedimenti giudiziari. Due si sono conclusi: una condanna a sei mesi per oltraggio a pubblico ufficiale e un\u2019assoluzione per furto. Gli altri due processi, riguardanti danneggiamento e un ulteriore oltraggio, sono stati rinviati al 27 gennaio. L\u2019imputato, gi\u00e0 noto alle forze dell\u2019ordine, ha precedenti per maltrattamenti e lesioni in Italia. L\u2019udienza \u00e8 stata complicata da assenze di testimoni.<\/p>\n<\/div>\n<\/div>\n<\/div>\n<\/div>\n<blockquote><p><strong>Minacce dopo un incidente, condanna in appello per Zanivan<\/strong><\/p><\/blockquote>\n<p><strong>BORGO VALBELLUNA<\/strong> PZ, condannato a 800 euro di multa per minacce dopo un incidente stradale a Lentiai, ha presentato appello. Durante la collisione tra un trattore e una Fiat Stilo, avrebbe pronunciato frasi intimidatorie, scatenando una querela. La difesa punta sulle contraddizioni dei testimoni, mentre accusa e parte civile chiedono la conferma della sentenza. L\u2019accordo tra le parti non \u00e8 stato raggiunto; discussione e sentenza sono fissate per il 13 gennaio.<\/p>\n<p>&nbsp;<\/p>\n<p>&nbsp;<\/p>\n<hr \/>\n<p>&nbsp;<\/p>\n<blockquote>\n<h3>INCONTINENZE E STOMIE: INCONTRO CON LA CITTADINANZA<\/h3>\n<\/blockquote>\n<p><strong>BELLUNO <\/strong>L\u2019Ulss Dolomiti organizza l\u2019incontro <em>\u201cIncontinenze e stomie. Conoscere per capire, capire per affrontare\u201d<\/em>, venerd\u00ec, dalle 16.30 alle 19.00 nella Sala Convegni dell\u2019Ospedale di Feltre. L\u2019evento, rivolto a medici e cittadini, mira a sensibilizzare su temi come incontinenza urinaria e fecale, stomie e riabilitazione. Interverranno esperti in chirurgia, urologia, ginecologia, fisiatria e dietetica, affrontando cause, soluzioni e percorsi riabilitativi. In Italia si stimano 75.000 persone con stomia e oltre 5 milioni con incontinenza, condizioni spesso tab\u00f9 con impatti significativi sulla vita personale e sociale. L\u2019obiettivo \u00e8 rimuovere pregiudizi, favorire la conoscenza e valorizzare il ruolo delle associazioni di pazienti. L\u2019Ulss Dolomiti supporta circa 250 pazienti nei suoi ambulatori provinciali.<\/p>\n<p>&nbsp;<\/p>\n<p>&nbsp;<\/p>\n<hr \/>\n<p>&nbsp;<\/p>\n<blockquote>\n<h3>MUSSOI TRA STORIA E RICORDI<\/h3>\n<\/blockquote>\n<p><strong><a class=\"dt-pswp-item\" href=\"https:\/\/www.radiopiu.net\/wordpress\/wp-content\/uploads\/2024\/12\/Celebrazione-inaugurazione-della-parrocchia_1956.jpg\" data-dt-img-description=\"\" data-large_image_width=\"1844\" data-large_image_height=\"1332\"><img loading=\"lazy\" decoding=\"async\" class=\" wp-image-422551 alignleft\" src=\"https:\/\/www.radiopiu.net\/wordpress\/wp-content\/uploads\/2024\/12\/Celebrazione-inaugurazione-della-parrocchia_1956-300x217.jpg\" alt=\"\" width=\"185\" height=\"134\" srcset=\"https:\/\/www.radiopiu.net\/wordpress\/wp-content\/uploads\/2024\/12\/Celebrazione-inaugurazione-della-parrocchia_1956-300x217.jpg 300w, https:\/\/www.radiopiu.net\/wordpress\/wp-content\/uploads\/2024\/12\/Celebrazione-inaugurazione-della-parrocchia_1956-1024x740.jpg 1024w, https:\/\/www.radiopiu.net\/wordpress\/wp-content\/uploads\/2024\/12\/Celebrazione-inaugurazione-della-parrocchia_1956-768x555.jpg 768w, https:\/\/www.radiopiu.net\/wordpress\/wp-content\/uploads\/2024\/12\/Celebrazione-inaugurazione-della-parrocchia_1956-1536x1110.jpg 1536w, https:\/\/www.radiopiu.net\/wordpress\/wp-content\/uploads\/2024\/12\/Celebrazione-inaugurazione-della-parrocchia_1956.jpg 1844w\" sizes=\"auto, (max-width: 185px) 100vw, 185px\" \/><\/a>BELLUNO<\/strong> La mostra fotografica <em>Mussoi tra storia e ricordi<\/em>, organizzata in occasione della festa di Santa Maria Immacolata, celebra il passato e l\u2019evoluzione del quartiere Mussoi di Belluno. Curata da Costantino Cavallini e Giorgio Reolon, l&#8217;esposizione raccoglie fotografie storiche e attuali che ripercorrono la trasformazione di Mussoi, da zona rurale a moderno quartiere urbano. Originariamente allestita nel 2016, la mostra ha ispirato un libro pubblicato nel 2022, con 440 pagine e un migliaio di immagini, gi\u00e0 esaurito e in attesa di ristampa. Le immagini in esposizione, provenienti da archivi pubblici e privati, raccontano la vita della comunit\u00e0, immortalando volti, attivit\u00e0 quotidiane e momenti significativi della storia locale. Un focus particolare \u00e8 dedicato alla parrocchia, fondata nel 1956, che continua a essere un punto di riferimento spirituale e sociale. La mostra sar\u00e0 visitabile il 7 e 8 dicembre presso le sale parrocchiali, offrendo un viaggio unico nella memoria collettiva.<\/p>\n<p>&nbsp;<\/p>\n<hr \/>\n<p>&nbsp;<\/p>\n<p>&nbsp;<\/p>\n<h2 data-pm-slice=\"1 1 []\"><a href=\"https:\/\/www.radiopiu.net\/wordpress\/wp-content\/uploads\/2024\/12\/569256ec-1609-479c-9e01-15046f8e9e43.webp\"><img loading=\"lazy\" decoding=\"async\" class=\" wp-image-422626 alignleft\" src=\"https:\/\/www.radiopiu.net\/wordpress\/wp-content\/uploads\/2024\/12\/569256ec-1609-479c-9e01-15046f8e9e43-300x300.webp\" alt=\"\" width=\"118\" height=\"118\" srcset=\"https:\/\/www.radiopiu.net\/wordpress\/wp-content\/uploads\/2024\/12\/569256ec-1609-479c-9e01-15046f8e9e43-300x300.webp 300w, https:\/\/www.radiopiu.net\/wordpress\/wp-content\/uploads\/2024\/12\/569256ec-1609-479c-9e01-15046f8e9e43-150x150.webp 150w, https:\/\/www.radiopiu.net\/wordpress\/wp-content\/uploads\/2024\/12\/569256ec-1609-479c-9e01-15046f8e9e43-768x768.webp 768w, https:\/\/www.radiopiu.net\/wordpress\/wp-content\/uploads\/2024\/12\/569256ec-1609-479c-9e01-15046f8e9e43.webp 1024w\" sizes=\"auto, (max-width: 118px) 100vw, 118px\" \/><\/a>LA LUNA, UN&#8217;OCCHIO NELLA NOTTE AL CENTRO CIVICO<\/h2>\n<p>SOSPIROLO<\/p>\n<p><strong>\u00a0<\/strong><strong>DI ROBERTO BONA<\/strong><\/p>\n<audio class=\"wp-audio-shortcode\" id=\"audio-422517-12\" preload=\"none\" style=\"width: 100%;\" controls=\"controls\"><source type=\"audio\/wav\" src=\"https:\/\/www.radiopiu.net\/wordpress\/wp-content\/uploads\/2024\/12\/LaLunaUnOcchio-1.wav?_=12\" \/><a href=\"https:\/\/www.radiopiu.net\/wordpress\/wp-content\/uploads\/2024\/12\/LaLunaUnOcchio-1.wav\">https:\/\/www.radiopiu.net\/wordpress\/wp-content\/uploads\/2024\/12\/LaLunaUnOcchio-1.wav<\/a><\/audio>\n<p>&nbsp;<\/p>\n<p>&nbsp;<\/p>\n<hr \/>\n<p>&nbsp;<\/p>\n<blockquote><p><strong><a class=\"dt-pswp-item\" href=\"https:\/\/www.radiopiu.net\/wordpress\/wp-content\/uploads\/2023\/12\/1-scaled.jpg\" data-dt-img-description=\"\" data-large_image_width=\"2560\" data-large_image_height=\"1684\"><img loading=\"lazy\" decoding=\"async\" class=\" wp-image-367686 alignleft\" src=\"https:\/\/www.radiopiu.net\/wordpress\/wp-content\/uploads\/2023\/12\/1-300x197.jpg\" alt=\"\" width=\"247\" height=\"162\" srcset=\"https:\/\/www.radiopiu.net\/wordpress\/wp-content\/uploads\/2023\/12\/1-300x197.jpg 300w, https:\/\/www.radiopiu.net\/wordpress\/wp-content\/uploads\/2023\/12\/1-1024x674.jpg 1024w, https:\/\/www.radiopiu.net\/wordpress\/wp-content\/uploads\/2023\/12\/1-768x505.jpg 768w, https:\/\/www.radiopiu.net\/wordpress\/wp-content\/uploads\/2023\/12\/1-1536x1011.jpg 1536w, https:\/\/www.radiopiu.net\/wordpress\/wp-content\/uploads\/2023\/12\/1-2048x1348.jpg 2048w\" sizes=\"auto, (max-width: 247px) 100vw, 247px\" \/><\/a>Fare Verde Onlus: tutela ambientale e impegno attivo a Belluno<\/strong><\/p><\/blockquote>\n<p><strong>BELLUNO <\/strong>Fare Verde Onlus, associazione ambientalista attiva in 15 regioni italiane con 70 gruppi locali e sede a Roma, dal 2023 opera anche a Belluno, sotto la guida della referente provinciale Silvia Masiero. Dopo l\u2019evento estivo in Nevegal, dedicato al plogging e a laboratori per bambini, l\u2019associazione organizza per domenica 8 dicembre \u201cPer fare un albero ci vuole il bosco\u201d, una mattinata gratuita di educazione ambientale. L\u2019obiettivo \u00e8 sensibilizzare sull\u2019importanza degli alberi per il benessere ambientale e paesaggistico. L\u2019evento, aperto a tutti consiste in una pulizia delle aree verdi cittadine. Il ritrovo \u00e8 alle 10 presso il parcheggio di Lambioi. Il percorso toccher\u00e0 Via Sottocastello, Borgo Piave e alcune vie del centro storico, con conclusione al Parco Citt\u00e0 di Bologna. <em>\u201cGli alberi sono fondamentali per l\u2019ambiente e il paesaggio, ma richiedono rispetto e cura,\u201d sottolinea Masiero. Fare Verde invita tutti a partecipare per rendere Belluno ancora pi\u00f9 bella e sostenibile.<\/em><\/p>\n<div class=\"flex-1 overflow-hidden\">\n<div class=\"h-full\">\n<div class=\"react-scroll-to-bottom--css-pvgwc-79elbk h-full\">\n<div class=\"react-scroll-to-bottom--css-pvgwc-1n7m0yu\">\n<div class=\"flex flex-col text-sm md:pb-9\">\n<article class=\"w-full scroll-mb-[var(--thread-trailing-height,150px)] text-token-text-primary focus-visible:outline-2 focus-visible:outline-offset-[-4px]\" dir=\"auto\" data-testid=\"conversation-turn-17\" data-scroll-anchor=\"true\">\n<div class=\"m-auto text-base py-[18px] px-3 md:px-4 w-full md:px-5 lg:px-4 xl:px-5\">\n<div class=\"mx-auto flex flex-1 gap-4 text-base md:gap-5 lg:gap-6 md:max-w-3xl lg:max-w-[40rem] xl:max-w-[48rem]\">\n<div class=\"group\/conversation-turn relative flex w-full min-w-0 flex-col agent-turn\">\n<div class=\"flex-col gap-1 md:gap-3\">\n<div class=\"mb-2 flex gap-3 empty:hidden -ml-2\">\n<div class=\"items-center justify-start rounded-xl p-1 flex\"><\/div>\n<\/div>\n<\/div>\n<\/div>\n<\/div>\n<\/div>\n<\/article>\n<\/div>\n<\/div>\n<\/div>\n<\/div>\n<\/div>\n<p>&nbsp;<\/p>\n<p>&nbsp;<\/p>\n<hr \/>\n<p>&nbsp;<\/p>\n<blockquote>\n<h3>UN CONVEGNO SULL&#8217;INNOVAZIONE IN AGRICOLTURA<\/h3>\n<\/blockquote>\n<p><strong><a class=\"dt-pswp-item\" href=\"https:\/\/www.radiopiu.net\/wordpress\/wp-content\/uploads\/2024\/09\/GAL_logo.png\" data-dt-img-description=\"\" data-large_image_width=\"286\" data-large_image_height=\"88\"><img loading=\"lazy\" decoding=\"async\" class=\"size-full wp-image-408811 alignleft\" src=\"https:\/\/www.radiopiu.net\/wordpress\/wp-content\/uploads\/2024\/09\/GAL_logo.png\" alt=\"\" width=\"286\" height=\"88\" \/><\/a>BELLUNO <\/strong>Domani, presso la Sala E. Luciani della CCIAA Treviso-Belluno | Dolomiti, si terr\u00e0 il convegno \u201cInnovazione in agricoltura: opportunit\u00e0 e scenari per i territori montani nell\u2019ambito della PAC 2023-2027\u201d, organizzato dalla Camera di Commercio di Treviso-Belluno e dal Centro Europe Direct Montagna Veneta. L&#8217;evento esplorer\u00e0 le sfide e le opportunit\u00e0 per l&#8217;agricoltura montana, evidenziando il ruolo dell\u2019innovazione per la competitivit\u00e0, sostenibilit\u00e0 e valorizzazione delle risorse naturali e culturali. Sar\u00e0 un\u2019occasione per discutere modelli di sviluppo in linea con le priorit\u00e0 della PAC e per promuovere il dialogo tra istituzioni, ricerca e operatori locali. Destinato a giovani imprese e professionisti attenti all\u2019innovazione, il convegno mira a stimolare idee e progetti per affrontare sfide come cambiamenti climatici e crisi demografica, proponendo soluzioni sostenibili per il futuro dell\u2019agricoltura montana.<\/p>\n<p>&nbsp;<\/p>\n<p>&nbsp;<\/p>\n<hr \/>\n<p>&nbsp;<\/p>\n<blockquote>\n<h3>UN BANDO PER 1634 ALLIEVI FINANZIERI<\/h3>\n<\/blockquote>\n<p>La Guardia di Finanza ha pubblicato il bando di concorso per il reclutamento di 1634 allievi finanzieri per l&#8217;anno 2024. Il concorso si svolger\u00e0 per titoli ed esami.<\/p>\n<p>&nbsp;<\/p>\n<p>&nbsp;<\/p>\n<hr \/>\n<p>&nbsp;<\/p>\n<blockquote>\n<p data-pm-slice=\"1 1 []\"><strong>Concorso per 33 atleti nei gruppi sportivi Fiamme Oro della Polizia di Stato<\/strong><\/p>\n<\/blockquote>\n<p>Sul Portale Unico del reclutamento, all&#8217;indirizzo <a>www.inpa.gov.it<\/a> e sul sito <a>www.poliziadistato.it<\/a>, \u00e8 stato pubblicato il 14 novembre 2024 un bando di concorso pubblico per titoli, finalizzato all&#8217;assunzione di 33 atleti da destinare ai gruppi sportivi \u201cPolizia di Stato \u2013 Fiamme Oro\u201d. Gli atleti selezionati saranno inquadrati nel ruolo degli agenti e assistenti della Polizia di Stato, con qualifica di agente.<\/p>\n<p>&nbsp;<\/p>\n<p>&nbsp;<\/p>\n<hr \/>\n<p>&nbsp;<\/p>\n<blockquote>\n<h3>UN CONCERTO PER VITTORIO FENTI<\/h3>\n<\/blockquote>\n<p><strong class=\"photoswipe-wrapper\"><a class=\"dt-pswp-item pspw-wrap-ready\" href=\"https:\/\/www.radiopiu.net\/wordpress\/wp-content\/uploads\/2024\/11\/541f118a-8f00-44dd-91dd-13dcb4ddbd0d.jpg\" data-dt-img-description=\"\" data-large_image_width=\"1280\" data-large_image_height=\"1600\"><img loading=\"lazy\" decoding=\"async\" class=\" wp-image-421808 alignleft\" src=\"https:\/\/www.radiopiu.net\/wordpress\/wp-content\/uploads\/2024\/11\/541f118a-8f00-44dd-91dd-13dcb4ddbd0d-240x300.jpg\" sizes=\"auto, (max-width: 213px) 100vw, 213px\" srcset=\"https:\/\/www.radiopiu.net\/wordpress\/wp-content\/uploads\/2024\/11\/541f118a-8f00-44dd-91dd-13dcb4ddbd0d-240x300.jpg 240w, https:\/\/www.radiopiu.net\/wordpress\/wp-content\/uploads\/2024\/11\/541f118a-8f00-44dd-91dd-13dcb4ddbd0d-819x1024.jpg 819w, https:\/\/www.radiopiu.net\/wordpress\/wp-content\/uploads\/2024\/11\/541f118a-8f00-44dd-91dd-13dcb4ddbd0d-768x960.jpg 768w, https:\/\/www.radiopiu.net\/wordpress\/wp-content\/uploads\/2024\/11\/541f118a-8f00-44dd-91dd-13dcb4ddbd0d-1229x1536.jpg 1229w, https:\/\/www.radiopiu.net\/wordpress\/wp-content\/uploads\/2024\/11\/541f118a-8f00-44dd-91dd-13dcb4ddbd0d.jpg 1280w\" alt=\"\" width=\"181\" height=\"226\" \/><\/a>AGORDO<\/strong> il Circolo Culturale Agordino organizza in sala Tamis, ad Agordo, per venerd\u00ec 6 dicembre 2024 alle ore 20e30, una serata concerto con riconoscimento a Vittorio Fenti, quale persona che si \u00e8 sempre adoperata e impegnata per la collettivit\u00e0, rispondendo sempre con grande disponibilit\u00e0 ai bisogni del territorio affidandosi alla sua preparazione e competenza.<\/p>\n<p>&nbsp;<\/p>\n<p>&nbsp;<\/p>\n<p>&nbsp;<\/p>\n<p><strong>DI GIANNI SANTOMASO<\/strong><\/p>\n<audio class=\"wp-audio-shortcode\" id=\"audio-422517-13\" preload=\"none\" style=\"width: 100%;\" controls=\"controls\"><source type=\"audio\/mpeg\" src=\"https:\/\/www.radiopiu.net\/wordpress\/wp-content\/uploads\/2024\/11\/GIANNI-CONCERTO-VITTORIO-FENTI.mp3?_=13\" \/><a href=\"https:\/\/www.radiopiu.net\/wordpress\/wp-content\/uploads\/2024\/11\/GIANNI-CONCERTO-VITTORIO-FENTI.mp3\">https:\/\/www.radiopiu.net\/wordpress\/wp-content\/uploads\/2024\/11\/GIANNI-CONCERTO-VITTORIO-FENTI.mp3<\/a><\/audio>\n<p>&nbsp;<\/p>\n<p>&nbsp;<\/p>\n<hr \/>\n<p>&nbsp;<\/p>\n<blockquote>\n<h3>UNA SERATA PER RICORDARE, UNA SERATA DA RICORDARE<\/h3>\n<\/blockquote>\n<p><strong><a class=\"dt-pswp-item\" href=\"https:\/\/www.radiopiu.net\/wordpress\/wp-content\/uploads\/2024\/12\/coro-monti-del-sole.jpg\" data-dt-img-description=\"\" data-large_image_width=\"1080\" data-large_image_height=\"720\"><img loading=\"lazy\" decoding=\"async\" class=\" wp-image-422589 alignleft\" src=\"https:\/\/www.radiopiu.net\/wordpress\/wp-content\/uploads\/2024\/12\/coro-monti-del-sole-300x200.jpg\" alt=\"\" width=\"156\" height=\"104\" srcset=\"https:\/\/www.radiopiu.net\/wordpress\/wp-content\/uploads\/2024\/12\/coro-monti-del-sole-300x200.jpg 300w, https:\/\/www.radiopiu.net\/wordpress\/wp-content\/uploads\/2024\/12\/coro-monti-del-sole-1024x683.jpg 1024w, https:\/\/www.radiopiu.net\/wordpress\/wp-content\/uploads\/2024\/12\/coro-monti-del-sole-768x512.jpg 768w, https:\/\/www.radiopiu.net\/wordpress\/wp-content\/uploads\/2024\/12\/coro-monti-del-sole.jpg 1080w\" sizes=\"auto, (max-width: 156px) 100vw, 156px\" \/><\/a>SEDICO<\/strong> Il Coro Monti del Sole celebra la 25\u00aa edizione di \u201cUna serata per ricordare\u201d con un evento speciale sabato 7 dicembre alle 20:45 al Palaskating di Sedico. Quest\u2019anno, accanto al coro ospitante, si esibir\u00e0 il vocal pop \u201cGli Sconcertati\u201d di Vittorio Veneto, vincitori del Gran Premio al 12\u00b0 Festival della Coralit\u00e0 Veneta. Il concerto, a ingresso libero, unir\u00e0 tradizione e innovazione per ricordare maestri e coristi scomparsi. Prima di concludere il 2024, il Coro Monti del Sole parteciper\u00e0 al concerto natalizio del Coro Minimo Bellunese il 20 dicembre a Belluno.<\/p>\n<p>&nbsp;<\/p>\n<p>&nbsp;<\/p>\n<hr \/>\n<p>&nbsp;<\/p>\n<blockquote><p><strong><a class=\"dt-pswp-item\" href=\"https:\/\/www.radiopiu.net\/wordpress\/wp-content\/uploads\/2024\/11\/AMICI-MINERARI.png\" data-dt-img-description=\"\" data-large_image_width=\"209\" data-large_image_height=\"174\"><img loading=\"lazy\" decoding=\"async\" class=\"size-full wp-image-419180 alignleft\" src=\"https:\/\/www.radiopiu.net\/wordpress\/wp-content\/uploads\/2024\/11\/AMICI-MINERARI.png\" alt=\"\" width=\"209\" height=\"174\" \/><\/a>&#8220;Con gli Amici dei Minerari: Serate d&#8217;Inverno \u2013 un viaggio tra storia, scienza e meraviglie. Incontri presso la Sala con T\u00e0-Mis. Non mancare!&#8221;<\/strong><\/p>\n<ul>\n<li><em>Venerd\u00ec 20 dicembre, ore 20:30<\/em>: &#8220;La morfogenesi delle frane&#8221; \u2013 Relatore Prof. Vittorio Fenti.<\/li>\n<li><em>Venerd\u00ec 24 gennaio, ore 20:30<\/em>: &#8220;Il meraviglioso mondo dei fossili delle Dolomiti&#8221; \u2013 Relatore Danilo Giordano.<\/li>\n<li><em>Venerd\u00ec 21 febbraio, ore 20:30<\/em>: &#8220;Il traforo del Brennero: studio, progettazione e realizzazione&#8221; \u2013 Relatori Vittorio Fenti e Mario Guadagnini.<\/li>\n<\/ul>\n<p><strong>Vivi la cultura e la passione per la montagna!<\/strong><\/p><\/blockquote>\n<p>&nbsp;<\/p>\n<p>&nbsp;<\/p>\n<hr \/>\n<p>&nbsp;<\/p>\n<blockquote>\n<h3>GLI ORARI DELLA PRO LOCO E MUSEI DI CANALE D&#8217;AGORDO<\/h3>\n<\/blockquote>\n<p><strong>CANALE D&#8217;AGORDO <\/strong>Gli uffici della Pro Loco e i siti museali di Canale d\u2019Agordo seguiranno questi orari invernali: <strong>Dal 1\u00b0 al 26 dicembre<\/strong>: Museo &amp; Pro Loco aperti venerd\u00ec, sabato e domenica (9.00-12.00, 15.00-18.00); Casa Natale aperta il 7 e 8 dicembre (10.00-13.00, 15.00-18.00). <strong>Dal 27 dicembre al 5 gennaio<\/strong>: Museo &amp; Pro Loco e Casa Natale aperti tutti i giorni con orari simili, chiusi il 31 dicembre pomeriggio e il 1\u00b0 gennaio mattina. <strong>Dal 6 gennaio al 28 febbraio<\/strong>: Museo &amp; Pro Loco aperti venerd\u00ec, sabato e domenica (9.00-12.00, 15.00-18.00). <strong>Marzo<\/strong>: apertura su prenotazione per gruppi di almeno 20\/25 persone.<\/p>\n<p>&nbsp;<\/p>\n<hr \/>\n<p>&nbsp;<\/p>\n<div class=\"flex max-w-full flex-col flex-grow\">\n<div class=\"min-h-8 text-message flex w-full flex-col items-end gap-2 whitespace-normal break-words [.text-message+&amp;]:mt-5\" dir=\"auto\" data-message-author-role=\"assistant\" data-message-id=\"39bd133f-1b1b-4b92-862e-6e7b33fbf702\" data-message-model-slug=\"gpt-4o\">\n<div class=\"flex w-full flex-col gap-1 empty:hidden first:pt-[3px]\">\n<div class=\"markdown prose w-full break-words dark:prose-invert dark\">\n<blockquote><p><strong>&#8220;Carovana Culturale: Patto Digitale a Canale d&#8217;Agordo&#8221;<\/strong><\/p><\/blockquote>\n<\/div>\n<\/div>\n<\/div>\n<\/div>\n<div class=\"mb-2 flex gap-3 empty:hidden -ml-2\">\n<div class=\"items-center justify-start rounded-xl p-1 flex\">\n<div class=\"flex items-center\"><strong>CANALE D&#8217;AGORDO<\/strong> Sabato\u00a0 alle 20.30 in sala emigranti\u00a0 primo evento della carovana proposta dalle biblioteche della valle del Biois. In particolare questa serata \u00e8 organizzata con il gruppo di &#8220;genitori in rete per sopravvivere alla Rete&#8221; che si stanno impegnando nella stesura del Patto digitale per la gestione dello Smartphone con i figli. Spettacolo di e con Carlo Colombo, musicista autore e pianista trevigiano. Ingresso libero<\/div>\n<\/div>\n<\/div>\n\n\t\t\t<style type='text\/css'>\n\t\t\t\t#gallery-3 {\n\t\t\t\t\tmargin: auto;\n\t\t\t\t}\n\t\t\t\t#gallery-3 .gallery-item {\n\t\t\t\t\tfloat: left;\n\t\t\t\t\tmargin-top: 10px;\n\t\t\t\t\ttext-align: center;\n\t\t\t\t\twidth: 50%;\n\t\t\t\t}\n\t\t\t\t#gallery-3 img {\n\t\t\t\t\tborder: 2px solid #cfcfcf;\n\t\t\t\t}\n\t\t\t\t#gallery-3 .gallery-caption {\n\t\t\t\t\tmargin-left: 0;\n\t\t\t\t}\n\t\t\t\t\/* see gallery_shortcode() in wp-includes\/media.php *\/\n\t\t\t<\/style>\n\t\t<div id='gallery-3' class='dt-gallery-container gallery galleryid-422517 gallery-columns-2 gallery-size-medium'><dl class='gallery-item'>\n\t\t\t\t<dt class='gallery-icon portrait'>\n\t\t\t\t\t<a class=\"rollover rollover-zoom dt-pswp-item\" title=\"22aac26b-3669-464d-82f3-94401c98d887\" data-dt-img-description=\"\" data-large_image_width=\"1131\" data-large_image_height=\"1600\"href='https:\/\/www.radiopiu.net\/wordpress\/wp-content\/uploads\/2024\/12\/22aac26b-3669-464d-82f3-94401c98d887.jpg'><img loading=\"lazy\" decoding=\"async\" width=\"212\" height=\"300\" src=\"https:\/\/www.radiopiu.net\/wordpress\/wp-content\/uploads\/2024\/12\/22aac26b-3669-464d-82f3-94401c98d887-212x300.jpg\" class=\"attachment-medium size-medium\" alt=\"\" aria-describedby=\"gallery-3-422605\" srcset=\"https:\/\/www.radiopiu.net\/wordpress\/wp-content\/uploads\/2024\/12\/22aac26b-3669-464d-82f3-94401c98d887-212x300.jpg 212w, https:\/\/www.radiopiu.net\/wordpress\/wp-content\/uploads\/2024\/12\/22aac26b-3669-464d-82f3-94401c98d887-724x1024.jpg 724w, https:\/\/www.radiopiu.net\/wordpress\/wp-content\/uploads\/2024\/12\/22aac26b-3669-464d-82f3-94401c98d887-768x1086.jpg 768w, https:\/\/www.radiopiu.net\/wordpress\/wp-content\/uploads\/2024\/12\/22aac26b-3669-464d-82f3-94401c98d887-1086x1536.jpg 1086w, https:\/\/www.radiopiu.net\/wordpress\/wp-content\/uploads\/2024\/12\/22aac26b-3669-464d-82f3-94401c98d887.jpg 1131w\" sizes=\"auto, (max-width: 212px) 100vw, 212px\" \/><\/a>\n\t\t\t\t<\/dt>\n\t\t\t\t\t<dd class='wp-caption-text gallery-caption' id='gallery-3-422605'>\n\t\t\t\t\t7 DICEMBRE\n\t\t\t\t\t<\/dd><\/dl><dl class='gallery-item'>\n\t\t\t\t<dt class='gallery-icon portrait'>\n\t\t\t\t\t<a class=\"rollover rollover-zoom dt-pswp-item\" title=\"f3f2ea0e-aa92-4138-8531-1a6989ef6465\" data-dt-img-description=\"\" data-large_image_width=\"1131\" data-large_image_height=\"1600\"href='https:\/\/www.radiopiu.net\/wordpress\/wp-content\/uploads\/2024\/12\/f3f2ea0e-aa92-4138-8531-1a6989ef6465-1.jpg'><img loading=\"lazy\" decoding=\"async\" width=\"212\" height=\"300\" src=\"https:\/\/www.radiopiu.net\/wordpress\/wp-content\/uploads\/2024\/12\/f3f2ea0e-aa92-4138-8531-1a6989ef6465-1-212x300.jpg\" class=\"attachment-medium size-medium\" alt=\"\" srcset=\"https:\/\/www.radiopiu.net\/wordpress\/wp-content\/uploads\/2024\/12\/f3f2ea0e-aa92-4138-8531-1a6989ef6465-1-212x300.jpg 212w, https:\/\/www.radiopiu.net\/wordpress\/wp-content\/uploads\/2024\/12\/f3f2ea0e-aa92-4138-8531-1a6989ef6465-1-724x1024.jpg 724w, https:\/\/www.radiopiu.net\/wordpress\/wp-content\/uploads\/2024\/12\/f3f2ea0e-aa92-4138-8531-1a6989ef6465-1-768x1086.jpg 768w, https:\/\/www.radiopiu.net\/wordpress\/wp-content\/uploads\/2024\/12\/f3f2ea0e-aa92-4138-8531-1a6989ef6465-1-1086x1536.jpg 1086w, https:\/\/www.radiopiu.net\/wordpress\/wp-content\/uploads\/2024\/12\/f3f2ea0e-aa92-4138-8531-1a6989ef6465-1.jpg 1131w\" sizes=\"auto, (max-width: 212px) 100vw, 212px\" \/><\/a>\n\t\t\t\t<\/dt><\/dl><br style=\"clear: both\" \/>\n\t\t\t<\/div>\n\n<p>&nbsp;<\/p>\n<hr \/>\n<p>&nbsp;<\/p>\n<h2><span style=\"color: #ff6600;\">IERI ALLA RADIO\u00a0\u00a0<\/span><\/h2>\n<h2><span style=\"color: #ff0000;\">OGGI COME IERI di e con SILVIA BALDO<\/span><\/h2>\n<p><img decoding=\"async\" class=\"aligncenter\" src=\"https:\/\/www.radiopiu.net\/wordpress\/wp-content\/uploads\/2023\/09\/309000774_10222572118595513_7956305457803922499_n.jpg\" \/><\/p>\n<p><strong>\u00a0 \u00a0 \u00a0 \u00a0<\/strong><\/p>\n<p><strong>PUNTATA 04 DICEMBRE<\/strong><\/p>\n<audio class=\"wp-audio-shortcode\" id=\"audio-422517-14\" preload=\"none\" style=\"width: 100%;\" controls=\"controls\"><source type=\"audio\/mpeg\" src=\"https:\/\/www.radiopiu.net\/wordpress\/wp-content\/uploads\/2024\/12\/SIBI2.mp3?_=14\" \/><a href=\"https:\/\/www.radiopiu.net\/wordpress\/wp-content\/uploads\/2024\/12\/SIBI2.mp3\">https:\/\/www.radiopiu.net\/wordpress\/wp-content\/uploads\/2024\/12\/SIBI2.mp3<\/a><\/audio>\n<p>&nbsp;<\/p>\n<p><strong>PUNTATA 02 DICEMBRE<\/strong><\/p>\n<audio class=\"wp-audio-shortcode\" id=\"audio-422517-15\" preload=\"none\" style=\"width: 100%;\" controls=\"controls\"><source type=\"audio\/mpeg\" src=\"https:\/\/www.radiopiu.net\/wordpress\/wp-content\/uploads\/2024\/12\/SIBI.mp3?_=15\" \/><a href=\"https:\/\/www.radiopiu.net\/wordpress\/wp-content\/uploads\/2024\/12\/SIBI.mp3\">https:\/\/www.radiopiu.net\/wordpress\/wp-content\/uploads\/2024\/12\/SIBI.mp3<\/a><\/audio>\n<p>&nbsp;<\/p>\n<h2>LA RACCOLTA COMPLETA <a href=\"https:\/\/www.radiopiu.net\/wordpress\/alle-nove-oggi-come-ieri-di-e-con-silvia-baldo\/\"><span style=\"color: #3366ff;\">CLICCA QUI<\/span><\/a><\/h2>\n<p>&nbsp;<\/p>\n<hr \/>\n<p>&nbsp;<\/p>\n<h2><span style=\"color: #000080;\">RITRATTI SONORI, IL PROGRAMMA DI ALESSIA DALL&#8217;O&#8217;<\/span><\/h2>\n<p><span style=\"color: #ff0000;\"><strong><a class=\"dt-pswp-item\" href=\"https:\/\/www.radiopiu.net\/wordpress\/wp-content\/uploads\/2024\/11\/f58c6677-3c6e-474f-b7e0-c98fce92f022.jpg\" data-dt-img-description=\"\" data-large_image_width=\"1600\" data-large_image_height=\"1200\"><img loading=\"lazy\" decoding=\"async\" class=\" wp-image-422529 alignleft\" src=\"https:\/\/www.radiopiu.net\/wordpress\/wp-content\/uploads\/2024\/11\/f58c6677-3c6e-474f-b7e0-c98fce92f022-300x225.jpg\" alt=\"\" width=\"161\" height=\"121\" srcset=\"https:\/\/www.radiopiu.net\/wordpress\/wp-content\/uploads\/2024\/11\/f58c6677-3c6e-474f-b7e0-c98fce92f022-300x225.jpg 300w, https:\/\/www.radiopiu.net\/wordpress\/wp-content\/uploads\/2024\/11\/f58c6677-3c6e-474f-b7e0-c98fce92f022-1024x768.jpg 1024w, https:\/\/www.radiopiu.net\/wordpress\/wp-content\/uploads\/2024\/11\/f58c6677-3c6e-474f-b7e0-c98fce92f022-768x576.jpg 768w, https:\/\/www.radiopiu.net\/wordpress\/wp-content\/uploads\/2024\/11\/f58c6677-3c6e-474f-b7e0-c98fce92f022-1536x1152.jpg 1536w, https:\/\/www.radiopiu.net\/wordpress\/wp-content\/uploads\/2024\/11\/f58c6677-3c6e-474f-b7e0-c98fce92f022.jpg 1600w\" sizes=\"auto, (max-width: 161px) 100vw, 161px\" \/><\/a>PUNTATA 06 &#8211; MARIO VIEL<\/strong><\/span><\/p>\n<p>PRIMA PARTE<\/p>\n<audio class=\"wp-audio-shortcode\" id=\"audio-422517-16\" preload=\"none\" style=\"width: 100%;\" controls=\"controls\"><source type=\"audio\/mpeg\" src=\"https:\/\/www.radiopiu.net\/wordpress\/wp-content\/uploads\/2024\/11\/RF1-3.mp3?_=16\" \/><a href=\"https:\/\/www.radiopiu.net\/wordpress\/wp-content\/uploads\/2024\/11\/RF1-3.mp3\">https:\/\/www.radiopiu.net\/wordpress\/wp-content\/uploads\/2024\/11\/RF1-3.mp3<\/a><\/audio>\n<p>SECONDA PARTE<\/p>\n<audio class=\"wp-audio-shortcode\" id=\"audio-422517-17\" preload=\"none\" style=\"width: 100%;\" controls=\"controls\"><source type=\"audio\/mpeg\" src=\"https:\/\/www.radiopiu.net\/wordpress\/wp-content\/uploads\/2024\/11\/RF2-3.mp3?_=17\" \/><a href=\"https:\/\/www.radiopiu.net\/wordpress\/wp-content\/uploads\/2024\/11\/RF2-3.mp3\">https:\/\/www.radiopiu.net\/wordpress\/wp-content\/uploads\/2024\/11\/RF2-3.mp3<\/a><\/audio>\n<p>&nbsp;<\/p>\n<p>TERZA PARTE<\/p>\n<audio class=\"wp-audio-shortcode\" id=\"audio-422517-18\" preload=\"none\" style=\"width: 100%;\" controls=\"controls\"><source type=\"audio\/mpeg\" src=\"https:\/\/www.radiopiu.net\/wordpress\/wp-content\/uploads\/2024\/11\/RF3-3.mp3?_=18\" \/><a href=\"https:\/\/www.radiopiu.net\/wordpress\/wp-content\/uploads\/2024\/11\/RF3-3.mp3\">https:\/\/www.radiopiu.net\/wordpress\/wp-content\/uploads\/2024\/11\/RF3-3.mp3<\/a><\/audio>\n<p>&nbsp;<\/p>\n<h2>LA RACCOLTA COMPLETA <a href=\"https:\/\/www.radiopiu.net\/wordpress\/ritratti-sonori-il-programma-di-alessia-dallo-la-raccolta\/\"><span style=\"color: #3366ff;\">CLICCA QUI<\/span><\/a><\/h2>\n<p>&nbsp;<\/p>\n<hr \/>\n<p>&nbsp;<\/p>\n<h2><span style=\"color: #008000;\">SALUTE E SOCIETA&#8217;<\/span><\/h2>\n<p><strong><a class=\"dt-pswp-item\" href=\"https:\/\/www.radiopiu.net\/wordpress\/wp-content\/uploads\/2024\/12\/c25ff4ae-d8be-139c-fb74-886576a5018e.jpg\" data-dt-img-description=\"\" data-large_image_width=\"800\" data-large_image_height=\"445\"><img loading=\"lazy\" decoding=\"async\" class=\" wp-image-422538 alignleft\" src=\"https:\/\/www.radiopiu.net\/wordpress\/wp-content\/uploads\/2024\/12\/c25ff4ae-d8be-139c-fb74-886576a5018e-300x167.jpg\" alt=\"\" width=\"230\" height=\"128\" srcset=\"https:\/\/www.radiopiu.net\/wordpress\/wp-content\/uploads\/2024\/12\/c25ff4ae-d8be-139c-fb74-886576a5018e-300x167.jpg 300w, https:\/\/www.radiopiu.net\/wordpress\/wp-content\/uploads\/2024\/12\/c25ff4ae-d8be-139c-fb74-886576a5018e-768x427.jpg 768w, https:\/\/www.radiopiu.net\/wordpress\/wp-content\/uploads\/2024\/12\/c25ff4ae-d8be-139c-fb74-886576a5018e.jpg 800w\" sizes=\"auto, (max-width: 230px) 100vw, 230px\" \/><\/a>PUNTATA DEL 02 DICEMBRE 2024<\/strong><\/p>\n<p><span style=\"color: #ff0000;\"><strong>Sclerosi Multipla &#8211; Partecipazione agli studi clinici<\/strong><\/span><\/p>\n<p><strong>Sclerosi Multipla<\/strong>, presentate le raccomandazioni per l\u2019accessibilit\u00e0 e la qualit\u00e0 della vita negli ambienti domestici, basate su sei elementi: forma, materiale, colore, luce, texture e suono. E&#8217; il progetto &#8220;Su Misura&#8221;. <strong>L\u2019Accademia del Paziente Esperto EUPATI<\/strong> insieme ad una coalizione di 47 tra Associazioni di pazienti, Accademie e Centri di ricerca presenta una campagna nazionale per favorire la consapevolezza del valore della ricerca e superare gli ostacoli per la partecipazione dei pazienti agli studi clinici.<\/p>\n<audio class=\"wp-audio-shortcode\" id=\"audio-422517-19\" preload=\"none\" style=\"width: 100%;\" controls=\"controls\"><source type=\"audio\/mpeg\" src=\"https:\/\/www.radiopiu.net\/wordpress\/wp-content\/uploads\/2024\/12\/SALUTE.mp3?_=19\" \/><a href=\"https:\/\/www.radiopiu.net\/wordpress\/wp-content\/uploads\/2024\/12\/SALUTE.mp3\">https:\/\/www.radiopiu.net\/wordpress\/wp-content\/uploads\/2024\/12\/SALUTE.mp3<\/a><\/audio>\n<p>&nbsp;<\/p>\n<hr \/>\n<p>&nbsp;<\/p>\n<h2><span style=\"color: #ff00ff;\">&#8220;NON FARE LO STRUZZO&#8221; UNA SERATA INFORMATIVA IL 19 DICEMBRE ALLA BIBLIOTECA DI AGORDO<\/span><\/h2>\n<p><strong><a class=\"dt-pswp-item\" href=\"https:\/\/www.radiopiu.net\/wordpress\/wp-content\/uploads\/2024\/11\/dd4cdc36-4650-447f-ae9b-9f98a0817bdf.jpg\" data-dt-img-description=\"\" data-large_image_width=\"1131\" data-large_image_height=\"1600\"><img loading=\"lazy\" decoding=\"async\" class=\" wp-image-422181 alignleft\" src=\"https:\/\/www.radiopiu.net\/wordpress\/wp-content\/uploads\/2024\/11\/dd4cdc36-4650-447f-ae9b-9f98a0817bdf-212x300.jpg\" alt=\"\" width=\"127\" height=\"180\" srcset=\"https:\/\/www.radiopiu.net\/wordpress\/wp-content\/uploads\/2024\/11\/dd4cdc36-4650-447f-ae9b-9f98a0817bdf-212x300.jpg 212w, https:\/\/www.radiopiu.net\/wordpress\/wp-content\/uploads\/2024\/11\/dd4cdc36-4650-447f-ae9b-9f98a0817bdf-724x1024.jpg 724w, https:\/\/www.radiopiu.net\/wordpress\/wp-content\/uploads\/2024\/11\/dd4cdc36-4650-447f-ae9b-9f98a0817bdf-768x1086.jpg 768w, https:\/\/www.radiopiu.net\/wordpress\/wp-content\/uploads\/2024\/11\/dd4cdc36-4650-447f-ae9b-9f98a0817bdf-1086x1536.jpg 1086w, https:\/\/www.radiopiu.net\/wordpress\/wp-content\/uploads\/2024\/11\/dd4cdc36-4650-447f-ae9b-9f98a0817bdf.jpg 1131w\" sizes=\"auto, (max-width: 127px) 100vw, 127px\" \/><\/a>DI MIRKO MEZZACASA<\/strong><\/p>\n<p>OSPITI: Giuliano Federa e Roberto Agnolet<\/p>\n<audio class=\"wp-audio-shortcode\" id=\"audio-422517-20\" preload=\"none\" style=\"width: 100%;\" controls=\"controls\"><source type=\"audio\/mpeg\" src=\"https:\/\/www.radiopiu.net\/wordpress\/wp-content\/uploads\/2024\/12\/giuliano-e-roberto-ok.mp3?_=20\" \/><a href=\"https:\/\/www.radiopiu.net\/wordpress\/wp-content\/uploads\/2024\/12\/giuliano-e-roberto-ok.mp3\">https:\/\/www.radiopiu.net\/wordpress\/wp-content\/uploads\/2024\/12\/giuliano-e-roberto-ok.mp3<\/a><\/audio>\n<p>&nbsp;<\/p>\n<hr \/>\n<p>&nbsp;<\/p>\n<h2><span style=\"color: #ffcc00;\">COSA GUARDO STASERA IN TV?&#8230;CON PAOLA LANCIATO<\/span><\/h2>\n<h1><span style=\"color: #ff0000;\"><strong><a class=\"dt-pswp-item\" href=\"https:\/\/www.radiopiu.net\/wordpress\/wp-content\/uploads\/2024\/11\/0d9fc0bd-ceb2-47c5-bf4d-7641f2cbb14c.jpg\" data-dt-img-description=\"\" data-large_image_width=\"420\" data-large_image_height=\"562\"><img loading=\"lazy\" decoding=\"async\" class=\"size-medium wp-image-422573 alignleft\" src=\"https:\/\/www.radiopiu.net\/wordpress\/wp-content\/uploads\/2024\/11\/0d9fc0bd-ceb2-47c5-bf4d-7641f2cbb14c-224x300.jpg\" alt=\"\" width=\"224\" height=\"300\" srcset=\"https:\/\/www.radiopiu.net\/wordpress\/wp-content\/uploads\/2024\/11\/0d9fc0bd-ceb2-47c5-bf4d-7641f2cbb14c-224x300.jpg 224w, https:\/\/www.radiopiu.net\/wordpress\/wp-content\/uploads\/2024\/11\/0d9fc0bd-ceb2-47c5-bf4d-7641f2cbb14c.jpg 420w\" sizes=\"auto, (max-width: 224px) 100vw, 224px\" \/><\/a> <\/strong><\/span><\/h1>\n<h1><span style=\"color: #ff0000;\"><strong>\u00a0<\/strong><\/span><\/h1>\n<h1><span style=\"color: #ff0000;\"><strong>Puntata 3 del 02 dicembre 2024<\/strong><\/span><\/h1>\n<audio class=\"wp-audio-shortcode\" id=\"audio-422517-21\" preload=\"none\" style=\"width: 100%;\" controls=\"controls\"><source type=\"audio\/mpeg\" src=\"https:\/\/www.radiopiu.net\/wordpress\/wp-content\/uploads\/2024\/12\/CIAK1.mp3?_=21\" \/><a href=\"https:\/\/www.radiopiu.net\/wordpress\/wp-content\/uploads\/2024\/12\/CIAK1.mp3\">https:\/\/www.radiopiu.net\/wordpress\/wp-content\/uploads\/2024\/12\/CIAK1.mp3<\/a><\/audio>\n<p>&nbsp;<\/p>\n<h2>LA RACCOLTA COMPLETA <a href=\"https:\/\/www.radiopiu.net\/wordpress\/cosa-guardo-stasera-in-tv-con-paola-lanciato-la-raccolta\/\"><span style=\"color: #3366ff;\">CLICCA QUI<\/span><\/a><\/h2>\n<p>&nbsp;<\/p>\n<hr \/>\n<p>&nbsp;<\/p>\n<h2><span style=\"color: #00ccff;\">I RACCONTI DI PAOLO SOPPELSA<\/span><\/h2>\n<p><strong>IL FREDDO<\/strong><\/p>\n<p><strong>AUDIO<\/strong><\/p>\n<audio class=\"wp-audio-shortcode\" id=\"audio-422517-22\" preload=\"none\" style=\"width: 100%;\" controls=\"controls\"><source type=\"audio\/mpeg\" src=\"https:\/\/www.radiopiu.net\/wordpress\/wp-content\/uploads\/2024\/12\/PAOLOS.mp3?_=22\" \/><a href=\"https:\/\/www.radiopiu.net\/wordpress\/wp-content\/uploads\/2024\/12\/PAOLOS.mp3\">https:\/\/www.radiopiu.net\/wordpress\/wp-content\/uploads\/2024\/12\/PAOLOS.mp3<\/a><\/audio>\n<p>&nbsp;<\/p>\n<p><a class=\"dt-pswp-item\" href=\"https:\/\/www.radiopiu.net\/wordpress\/wp-content\/uploads\/2024\/12\/604b3a61-336e-42e8-b6fd-b8b127cb9253.jpg\" data-dt-img-description=\"\" data-large_image_width=\"1080\" data-large_image_height=\"810\"><img loading=\"lazy\" decoding=\"async\" class=\" wp-image-422364 alignleft\" src=\"https:\/\/www.radiopiu.net\/wordpress\/wp-content\/uploads\/2024\/12\/604b3a61-336e-42e8-b6fd-b8b127cb9253-300x225.jpg\" alt=\"\" width=\"175\" height=\"131\" srcset=\"https:\/\/www.radiopiu.net\/wordpress\/wp-content\/uploads\/2024\/12\/604b3a61-336e-42e8-b6fd-b8b127cb9253-300x225.jpg 300w, https:\/\/www.radiopiu.net\/wordpress\/wp-content\/uploads\/2024\/12\/604b3a61-336e-42e8-b6fd-b8b127cb9253-1024x768.jpg 1024w, https:\/\/www.radiopiu.net\/wordpress\/wp-content\/uploads\/2024\/12\/604b3a61-336e-42e8-b6fd-b8b127cb9253-768x576.jpg 768w, https:\/\/www.radiopiu.net\/wordpress\/wp-content\/uploads\/2024\/12\/604b3a61-336e-42e8-b6fd-b8b127cb9253.jpg 1080w\" sizes=\"auto, (max-width: 175px) 100vw, 175px\" \/><\/a>Era ai primi di dicembre che arrivava il freddo vero, quello capace di ghiacciare le strade gli uomini e l&#8217;acqua delle fontane. A quel tempo di Natale quasi imminente, il pugno di case aggrappate al pendio che guarda il Pelsa iniziava ad essere illuminato dal sole appena dopo le dieci del mattino. Fino a quell&#8217;ora era alba infinita e stanca e luce blu ad illuminare i ripidi canaloni incrostati di ghiaccio della grande montagna. Tutto taceva durante quei lunghi e gelidi primi mattini d&#8217;inizio dicembre, la natura, in quella semi oscurit\u00e0 silente, non dava alcun segno di vita. I larici ormai spogli dormivano, i faggi apparivano come scheletri grigi e il respiro degli uomini si trasformava in ghiaccio che ornava i baffi di quegli uomini gi\u00e0 in stalla molto prima dell&#8217;alba. A quel tempo d&#8217;inizio inverno, a causa di quel freddo glaciale che gelava uomini e montagne, ogni banale attivit\u00e0 della vita quotidiana diventava sacrificio. Uscire al buio a prendere una cesta di legna, attendere la corriera oppure portare el lat a caselo, in certe mattine erano azioni che necessitavano di un certo coraggio per essere compiute. Aldil\u00e0 dei vetri, il cielo del primo mattino che dal nero sfumava verso il blu scuro, faceva presagire la presenza del grande gelo. Era un freddo affilato come le lame di quelle falci che ai primi di luglio rasavano i prati, era un freddo tagliente, capace di ghiacciare le dita fino a farle dolere. Erano nuvole ad ogni respiro e tagliole sulle mani, neve dura come il marmo e ghiaccioli puntuti che pendevano dagli sporti dei tetti. Era l&#8217;inizio dell&#8217;inverno che si mostrava in modo deciso agli abitanti della montagna, e questo tempo di gelo sarebbe durato almeno fino alla fine di gennaio, fino al tempo dei giorni della merla quando l&#8217;inverno ormai adulto avrebbe scatenato tutta la sua forza. In certe notti di stelle e silenzi, quando il termometro avrebbe indicato un sottozero a due cifre, il grande freddo si sarebbe prepotentemente infilato nei pertugi presenti in quei vecchi serramenti. Avrebbe poi raggiunto le camere da letto in cui dormivano quelle genti che ogni anno, dalla fine di novembre fino a marzo inoltrato, combattevano una vera battaglia contro il Generale Inverno. Di notte, in quelle case a mezza costa c&#8217;era atmosfera di fuoco morente. Le pietre del fornel e i cerchi di ghisa della cucina economica si intiepidivano sempre pi\u00f9 mentre gli uomini vivevano il sonno di quelle lunghe notti della stagione dei silenzi. In quelle ore che sembravano eterne il freddo si faceva cosa viva in quelle stanze dalle finestre piccole e dai soffitti bassi. Era capace di pungere quei visi che arditamente tentavano di uscire da sotto i pesanti piumoni, era capace di arabescare i vetri all&#8217;interno; all\u2019accendersi del giorno, perfetti decori bianchi avrebbero impreziosito quelle lastre sottili aldil\u00e0 delle quali si stava per presentare un&#8217;altra giornata di camini fumanti. Solamente in alcuni giorni il gelo allentava la sua ferrea presa. Era al tempo delle nuvole che avvolgevano le montagne, che cancellavano l&#8217;orizzonte e che calavano sui paesi. Atmosfera umida, neve che scendeva dapprima leggera e poi sempre pi\u00f9 fitta, neve che andava a coprire i tetti e i campi a riposo e a rallentare il vivere di quelle genti che stavano vivendo un altro freddo ed infinito inverno di montagna.<\/p>\n<p>&nbsp;<\/p>\n<p>&nbsp;<\/p>\n<hr \/>\n<p>&nbsp;<\/p>\n<blockquote>\n<h3>&#8220;IL GLADIATORE 2&#8221; SABATO E DOMENICA AL CINEMA DOLOMITI DI FALCADE<\/h3>\n<\/blockquote>\n<p><strong><a class=\"dt-pswp-item\" href=\"https:\/\/www.radiopiu.net\/wordpress\/wp-content\/uploads\/2024\/12\/locandinapg1.jpg\" data-dt-img-description=\"\" data-large_image_width=\"420\" data-large_image_height=\"525\"><img loading=\"lazy\" decoding=\"async\" class=\" wp-image-422584 alignleft\" src=\"https:\/\/www.radiopiu.net\/wordpress\/wp-content\/uploads\/2024\/12\/locandinapg1-240x300.jpg\" alt=\"\" width=\"190\" height=\"238\" srcset=\"https:\/\/www.radiopiu.net\/wordpress\/wp-content\/uploads\/2024\/12\/locandinapg1-240x300.jpg 240w, https:\/\/www.radiopiu.net\/wordpress\/wp-content\/uploads\/2024\/12\/locandinapg1.jpg 420w\" sizes=\"auto, (max-width: 190px) 100vw, 190px\" \/><\/a>FALCADE\u00a0<\/strong>Continua la programmazione al Cinema Dolomiti di Falcade con il film di Ridly Scott &#8220;Il Gladiatore 2&#8221;. Sedici anni dopo la morte di Marco Aurelio, Roma \u00e8 governata dai tirannici fratelli Caracalla e Geta, immersa nella corruzione. Il generale romano Marco Acacio conquista la Numidia, facendo prigioniero Annone, un uomo distrutto dalla perdita della moglie e della sua terra. Annone, trasformato in gladiatore, cattura l\u2019attenzione di Macrino, un mercante di schiavi con oscure ambizioni. Durante i combattimenti, Annone scopre di essere Lucio Vero Aurelio, figlio del leggendario Massimo Decimo Meridio e di Lucilla, figlia di Marco Aurelio. Lucilla e Acacio tramano per rovesciare gli imperatori, ma il complotto viene scoperto. Acacio finisce nell\u2019arena, dove Annone lo sconfigge senza ucciderlo. Tuttavia, il caos esplode: Caracalla uccide Geta su consiglio di Macrino, che trama per prendere il potere. Lucilla viene catturata e condannata a morte, ma prima dona a suo figlio l\u2019anello di Marco Aurelio. Nel Colosseo, Annone guida un&#8217;insurrezione di gladiatori e affronta Macrino alle porte di Roma. Nonostante le difficolt\u00e0, Annone riesce a uccidere il suo nemico. Con la morte di Macrino, Lucio si proclama erede al trono e ispira Roma a unirsi per costruire un impero pi\u00f9 giusto, realizzando il sogno di Marco Aurelio.\u00a0<strong>SPETTACOLI ALLE 21, DOMENICA ANCHE ALLE 15:30<\/strong><\/p>\n<p><strong>LA PRESENTAZIONE A CURA DI PAOLA LANCIATO<\/strong><\/p>\n<audio class=\"wp-audio-shortcode\" id=\"audio-422517-23\" preload=\"none\" style=\"width: 100%;\" controls=\"controls\"><source type=\"audio\/mpeg\" src=\"https:\/\/www.radiopiu.net\/wordpress\/wp-content\/uploads\/2024\/12\/IL-GLADIATORE-II.mp3?_=23\" \/><a href=\"https:\/\/www.radiopiu.net\/wordpress\/wp-content\/uploads\/2024\/12\/IL-GLADIATORE-II.mp3\">https:\/\/www.radiopiu.net\/wordpress\/wp-content\/uploads\/2024\/12\/IL-GLADIATORE-II.mp3<\/a><\/audio>\n<p>&nbsp;<\/p>\n<hr \/>\n<p>&nbsp;<\/p>\n<h2><span style=\"color: #ff0000;\"><a class=\"dt-pswp-item\" href=\"https:\/\/www.radiopiu.net\/wordpress\/wp-content\/uploads\/2018\/09\/appuntamenti.jpeg\" data-dt-img-description=\"\" data-large_image_width=\"800\" data-large_image_height=\"100\"><img loading=\"lazy\" decoding=\"async\" class=\"wp-image-61958 size-full aligncenter\" src=\"https:\/\/www.radiopiu.net\/wordpress\/wp-content\/uploads\/2018\/09\/appuntamenti.jpeg\" alt=\"\" width=\"800\" height=\"100\" srcset=\"https:\/\/www.radiopiu.net\/wordpress\/wp-content\/uploads\/2018\/09\/appuntamenti.jpeg 800w, https:\/\/www.radiopiu.net\/wordpress\/wp-content\/uploads\/2018\/09\/appuntamenti-300x38.jpeg 300w, https:\/\/www.radiopiu.net\/wordpress\/wp-content\/uploads\/2018\/09\/appuntamenti-768x96.jpeg 768w\" sizes=\"auto, (max-width: 800px) 100vw, 800px\" \/><\/a><\/span><\/h2>\n<p>&nbsp;<\/p>\n<div style=\"width: 1200px;\" class=\"wp-video\"><video class=\"wp-video-shortcode\" id=\"video-422517-1\" width=\"1200\" height=\"675\" preload=\"metadata\" controls=\"controls\"><source type=\"video\/mp4\" src=\"https:\/\/www.radiopiu.net\/wordpress\/wp-content\/uploads\/2024\/10\/WhatsApp-Video-2024-10-23-at-00.12.10.mp4?_=1\" \/><a href=\"https:\/\/www.radiopiu.net\/wordpress\/wp-content\/uploads\/2024\/10\/WhatsApp-Video-2024-10-23-at-00.12.10.mp4\">https:\/\/www.radiopiu.net\/wordpress\/wp-content\/uploads\/2024\/10\/WhatsApp-Video-2024-10-23-at-00.12.10.mp4<\/a><\/video><\/div>\n<p><strong>\u00a0<\/strong><\/p>\n<p><strong>SABATO E DOMENICA AL CINEMA DOLOMITI DI FALCADE IL FILM &#8220;IL GLADIATORE 2&#8221; SPETTACOLI ALLE 21, DOMENICA ANCHE ALLE 15:30<\/strong><\/p>\n<div class=\"flex-shrink-0 flex flex-col relative items-end\">\n<div class=\"pt-0\">\n<div class=\"gizmo-bot-avatar flex h-8 w-8 items-center justify-center overflow-hidden rounded-full\">\n<p class=\"relative p-1 rounded-sm flex items-center justify-center bg-token-main-surface-primary text-token-text-primary h-8 w-8\">\n<\/div>\n<\/div>\n<\/div>\n<div>\n<div class=\"\" dir=\"auto\">\n<div id=\":r9h:\" class=\"x1iorvi4 x1pi30zi x1l90r2v x1swvt13\" data-ad-comet-preview=\"message\" data-ad-preview=\"message\">\n<div>\n<div class=\"\" dir=\"auto\">\n<div id=\":r9h:\" class=\"x1iorvi4 x1pi30zi x1l90r2v x1swvt13\" data-ad-comet-preview=\"message\" data-ad-preview=\"message\">\n\n\t\t\t<style type='text\/css'>\n\t\t\t\t#gallery-4 {\n\t\t\t\t\tmargin: auto;\n\t\t\t\t}\n\t\t\t\t#gallery-4 .gallery-item {\n\t\t\t\t\tfloat: left;\n\t\t\t\t\tmargin-top: 10px;\n\t\t\t\t\ttext-align: center;\n\t\t\t\t\twidth: 25%;\n\t\t\t\t}\n\t\t\t\t#gallery-4 img {\n\t\t\t\t\tborder: 2px solid #cfcfcf;\n\t\t\t\t}\n\t\t\t\t#gallery-4 .gallery-caption {\n\t\t\t\t\tmargin-left: 0;\n\t\t\t\t}\n\t\t\t\t\/* see gallery_shortcode() in wp-includes\/media.php *\/\n\t\t\t<\/style>\n\t\t<div id='gallery-4' class='dt-gallery-container gallery galleryid-422517 gallery-columns-4 gallery-size-thumbnail'><dl class='gallery-item'>\n\t\t\t\t<dt class='gallery-icon portrait'>\n\t\t\t\t\t<a class=\"rollover rollover-zoom dt-pswp-item\" title=\"formula_3_loc\" data-dt-img-description=\"\" data-large_image_width=\"600\" data-large_image_height=\"821\"href='https:\/\/www.radiopiu.net\/wordpress\/wp-content\/uploads\/2024\/11\/formula_3_loc.jpg'><img loading=\"lazy\" decoding=\"async\" width=\"150\" height=\"150\" src=\"https:\/\/www.radiopiu.net\/wordpress\/wp-content\/uploads\/2024\/11\/formula_3_loc-150x150.jpg\" class=\"attachment-thumbnail size-thumbnail\" alt=\"\" aria-describedby=\"gallery-4-419609\" \/><\/a>\n\t\t\t\t<\/dt>\n\t\t\t\t\t<dd class='wp-caption-text gallery-caption' id='gallery-4-419609'>\n\t\t\t\t\tI FORMULA 3 A BELLUNO\n\t\t\t\t\t<\/dd><\/dl><dl class='gallery-item'>\n\t\t\t\t<dt class='gallery-icon portrait'>\n\t\t\t\t\t<a class=\"rollover rollover-zoom dt-pswp-item\" title=\"57a3778a-99b6-4687-8651-99a41c023a18\" data-dt-img-description=\"\" data-large_image_width=\"987\" data-large_image_height=\"1397\"href='https:\/\/www.radiopiu.net\/wordpress\/wp-content\/uploads\/2024\/11\/57a3778a-99b6-4687-8651-99a41c023a18.jpg'><img loading=\"lazy\" decoding=\"async\" width=\"150\" height=\"150\" src=\"https:\/\/www.radiopiu.net\/wordpress\/wp-content\/uploads\/2024\/11\/57a3778a-99b6-4687-8651-99a41c023a18-150x150.jpg\" class=\"attachment-thumbnail size-thumbnail\" alt=\"\" aria-describedby=\"gallery-4-422224\" \/><\/a>\n\t\t\t\t<\/dt>\n\t\t\t\t\t<dd class='wp-caption-text gallery-caption' id='gallery-4-422224'>\n\t\t\t\t\tAL PALAFALCADE\n\t\t\t\t\t<\/dd><\/dl><dl class='gallery-item'>\n\t\t\t\t<dt class='gallery-icon portrait'>\n\t\t\t\t\t<a class=\"rollover rollover-zoom dt-pswp-item\" title=\"Locandina concerto\" data-dt-img-description=\"\" data-large_image_width=\"1131\" data-large_image_height=\"1600\"href='https:\/\/www.radiopiu.net\/wordpress\/wp-content\/uploads\/2024\/11\/Locandina-concerto-1.jpg'><img loading=\"lazy\" decoding=\"async\" width=\"150\" height=\"150\" src=\"https:\/\/www.radiopiu.net\/wordpress\/wp-content\/uploads\/2024\/11\/Locandina-concerto-1-150x150.jpg\" class=\"attachment-thumbnail size-thumbnail\" alt=\"\" aria-describedby=\"gallery-4-422248\" \/><\/a>\n\t\t\t\t<\/dt>\n\t\t\t\t\t<dd class='wp-caption-text gallery-caption' id='gallery-4-422248'>\n\t\t\t\t\tAL LICEO RENIER\n\t\t\t\t\t<\/dd><\/dl><dl class='gallery-item'>\n\t\t\t\t<dt class='gallery-icon portrait'>\n\t\t\t\t\t<a class=\"rollover rollover-zoom dt-pswp-item\" title=\"manifesto serate invernali\" data-dt-img-description=\"\" data-large_image_width=\"1683\" data-large_image_height=\"2383\"href='https:\/\/www.radiopiu.net\/wordpress\/wp-content\/uploads\/2024\/11\/manifesto-serate-invernali.jpg'><img loading=\"lazy\" decoding=\"async\" width=\"150\" height=\"150\" src=\"https:\/\/www.radiopiu.net\/wordpress\/wp-content\/uploads\/2024\/11\/manifesto-serate-invernali-150x150.jpg\" class=\"attachment-thumbnail size-thumbnail\" alt=\"\" aria-describedby=\"gallery-4-418816\" \/><\/a>\n\t\t\t\t<\/dt>\n\t\t\t\t\t<dd class='wp-caption-text gallery-caption' id='gallery-4-418816'>\n\t\t\t\t\t21 FEBBRAIO\n\t\t\t\t\t<\/dd><\/dl><br style=\"clear: both\" \/><dl class='gallery-item'>\n\t\t\t\t<dt class='gallery-icon portrait'>\n\t\t\t\t\t<a class=\"rollover rollover-zoom dt-pswp-item\" title=\"locandina Insieme e\u0300 piu\u0300 bello\" data-dt-img-description=\"\" data-large_image_width=\"1131\" data-large_image_height=\"1600\"href='https:\/\/www.radiopiu.net\/wordpress\/wp-content\/uploads\/2024\/11\/locandina-Insieme-e-piu-bello.jpg'><img loading=\"lazy\" decoding=\"async\" width=\"150\" height=\"150\" src=\"https:\/\/www.radiopiu.net\/wordpress\/wp-content\/uploads\/2024\/11\/locandina-Insieme-e-piu-bello-150x150.jpg\" class=\"attachment-thumbnail size-thumbnail\" alt=\"\" aria-describedby=\"gallery-4-421314\" \/><\/a>\n\t\t\t\t<\/dt>\n\t\t\t\t\t<dd class='wp-caption-text gallery-caption' id='gallery-4-421314'>\n\t\t\t\t\tINSIEME A SAN GREGORIO\n\t\t\t\t\t<\/dd><\/dl><dl class='gallery-item'>\n\t\t\t\t<dt class='gallery-icon portrait'>\n\t\t\t\t\t<a class=\"rollover rollover-zoom dt-pswp-item\" title=\"Senza nome\" data-dt-img-description=\"\" data-large_image_width=\"609\" data-large_image_height=\"690\"href='https:\/\/www.radiopiu.net\/wordpress\/wp-content\/uploads\/2024\/11\/Senza-nome-105.png'><img loading=\"lazy\" decoding=\"async\" width=\"150\" height=\"150\" src=\"https:\/\/www.radiopiu.net\/wordpress\/wp-content\/uploads\/2024\/11\/Senza-nome-105-150x150.png\" class=\"attachment-thumbnail size-thumbnail\" alt=\"\" aria-describedby=\"gallery-4-421384\" \/><\/a>\n\t\t\t\t<\/dt>\n\t\t\t\t\t<dd class='wp-caption-text gallery-caption' id='gallery-4-421384'>\n\t\t\t\t\tGRUPPO SPORTIVO TAIBON\n\t\t\t\t\t<\/dd><\/dl><dl class='gallery-item'>\n\t\t\t\t<dt class='gallery-icon portrait'>\n\t\t\t\t\t<a class=\"rollover rollover-zoom dt-pswp-item\" title=\"locandina definitiva quarantennale Biblioteca Limana\" data-dt-img-description=\"\" data-large_image_width=\"1240\" data-large_image_height=\"1754\"href='https:\/\/www.radiopiu.net\/wordpress\/wp-content\/uploads\/2024\/11\/locandina-definitiva-quarantennale-Biblioteca-Limana.jpg'><img loading=\"lazy\" decoding=\"async\" width=\"150\" height=\"150\" src=\"https:\/\/www.radiopiu.net\/wordpress\/wp-content\/uploads\/2024\/11\/locandina-definitiva-quarantennale-Biblioteca-Limana-150x150.jpg\" class=\"attachment-thumbnail size-thumbnail\" alt=\"\" aria-describedby=\"gallery-4-421652\" \/><\/a>\n\t\t\t\t<\/dt>\n\t\t\t\t\t<dd class='wp-caption-text gallery-caption' id='gallery-4-421652'>\n\t\t\t\t\t40 DELLA BIBLIOTECA DI LIMANA\n\t\t\t\t\t<\/dd><\/dl><dl class='gallery-item'>\n\t\t\t\t<dt class='gallery-icon portrait'>\n\t\t\t\t\t<a class=\"rollover rollover-zoom dt-pswp-item\" title=\"FANTASMI_MARCINELLE_LOCANDINA-700\" data-dt-img-description=\"\" data-large_image_width=\"1200\" data-large_image_height=\"1696\"href='https:\/\/www.radiopiu.net\/wordpress\/wp-content\/uploads\/2024\/11\/FANTASMI_MARCINELLE_LOCANDINA-700.jpg'><img loading=\"lazy\" decoding=\"async\" width=\"150\" height=\"150\" src=\"https:\/\/www.radiopiu.net\/wordpress\/wp-content\/uploads\/2024\/11\/FANTASMI_MARCINELLE_LOCANDINA-700-150x150.jpg\" class=\"attachment-thumbnail size-thumbnail\" alt=\"\" aria-describedby=\"gallery-4-422317\" \/><\/a>\n\t\t\t\t<\/dt>\n\t\t\t\t\t<dd class='wp-caption-text gallery-caption' id='gallery-4-422317'>\n\t\t\t\t\tIL LIBRO SU MARCINELLE A SOSPIROLO\n\t\t\t\t\t<\/dd><\/dl><br style=\"clear: both\" \/><dl class='gallery-item'>\n\t\t\t\t<dt class='gallery-icon portrait'>\n\t\t\t\t\t<a class=\"rollover rollover-zoom dt-pswp-item\" title=\"541f118a-8f00-44dd-91dd-13dcb4ddbd0d\" data-dt-img-description=\"\" data-large_image_width=\"1280\" data-large_image_height=\"1600\"href='https:\/\/www.radiopiu.net\/wordpress\/wp-content\/uploads\/2024\/11\/541f118a-8f00-44dd-91dd-13dcb4ddbd0d.jpg'><img loading=\"lazy\" decoding=\"async\" width=\"150\" height=\"150\" src=\"https:\/\/www.radiopiu.net\/wordpress\/wp-content\/uploads\/2024\/11\/541f118a-8f00-44dd-91dd-13dcb4ddbd0d-150x150.jpg\" class=\"attachment-thumbnail size-thumbnail\" alt=\"\" aria-describedby=\"gallery-4-421808\" \/><\/a>\n\t\t\t\t<\/dt>\n\t\t\t\t\t<dd class='wp-caption-text gallery-caption' id='gallery-4-421808'>\n\t\t\t\t\t6 DICEMBRE AGORDO\n\t\t\t\t\t<\/dd><\/dl><dl class='gallery-item'>\n\t\t\t\t<dt class='gallery-icon landscape'>\n\t\t\t\t\t<a class=\"rollover rollover-zoom dt-pswp-item\" title=\"5222307d-2a5b-4e95-9c64-cef5056dd3b3\" data-dt-img-description=\"\" data-large_image_width=\"1280\" data-large_image_height=\"904\"href='https:\/\/www.radiopiu.net\/wordpress\/wp-content\/uploads\/2024\/11\/5222307d-2a5b-4e95-9c64-cef5056dd3b3.jpg'><img loading=\"lazy\" decoding=\"async\" width=\"150\" height=\"150\" src=\"https:\/\/www.radiopiu.net\/wordpress\/wp-content\/uploads\/2024\/11\/5222307d-2a5b-4e95-9c64-cef5056dd3b3-150x150.jpg\" class=\"attachment-thumbnail size-thumbnail\" alt=\"\" aria-describedby=\"gallery-4-421843\" \/><\/a>\n\t\t\t\t<\/dt>\n\t\t\t\t\t<dd class='wp-caption-text gallery-caption' id='gallery-4-421843'>\n\t\t\t\t\t7 dicembre VOLTAGO\n\t\t\t\t\t<\/dd><\/dl><dl class='gallery-item'>\n\t\t\t\t<dt class='gallery-icon portrait'>\n\t\t\t\t\t<a class=\"rollover rollover-zoom dt-pswp-item\" title=\"8dic24-Questione-di-futuro-666\" data-dt-img-description=\"\" data-large_image_width=\"1200\" data-large_image_height=\"1697\"href='https:\/\/www.radiopiu.net\/wordpress\/wp-content\/uploads\/2024\/11\/8dic24-Questione-di-futuro-666.jpg'><img loading=\"lazy\" decoding=\"async\" width=\"150\" height=\"150\" src=\"https:\/\/www.radiopiu.net\/wordpress\/wp-content\/uploads\/2024\/11\/8dic24-Questione-di-futuro-666-150x150.jpg\" class=\"attachment-thumbnail size-thumbnail\" alt=\"\" aria-describedby=\"gallery-4-422318\" \/><\/a>\n\t\t\t\t<\/dt>\n\t\t\t\t\t<dd class='wp-caption-text gallery-caption' id='gallery-4-422318'>\n\t\t\t\t\tLETTURA E CONCERTO A SOSPIROLO\n\t\t\t\t\t<\/dd><\/dl><dl class='gallery-item'>\n\t\t\t\t<dt class='gallery-icon portrait'>\n\t\t\t\t\t<a class=\"rollover rollover-zoom dt-pswp-item\" title=\"468360033_3309476755849288_2865659872684533364_n\" data-dt-img-description=\"\" data-large_image_width=\"526\" data-large_image_height=\"699\"href='https:\/\/www.radiopiu.net\/wordpress\/wp-content\/uploads\/2024\/11\/468360033_3309476755849288_2865659872684533364_n.jpg'><img loading=\"lazy\" decoding=\"async\" width=\"150\" height=\"150\" src=\"https:\/\/www.radiopiu.net\/wordpress\/wp-content\/uploads\/2024\/11\/468360033_3309476755849288_2865659872684533364_n-150x150.jpg\" class=\"attachment-thumbnail size-thumbnail\" alt=\"\" aria-describedby=\"gallery-4-421865\" \/><\/a>\n\t\t\t\t<\/dt>\n\t\t\t\t\t<dd class='wp-caption-text gallery-caption' id='gallery-4-421865'>\n\t\t\t\t\t7 DICEMBRE ZOLDO\n\t\t\t\t\t<\/dd><\/dl><br style=\"clear: both\" \/><dl class='gallery-item'>\n\t\t\t\t<dt class='gallery-icon portrait'>\n\t\t\t\t\t<a class=\"rollover rollover-zoom dt-pswp-item\" title=\"22aac26b-3669-464d-82f3-94401c98d887\" data-dt-img-description=\"\" data-large_image_width=\"1131\" data-large_image_height=\"1600\"href='https:\/\/www.radiopiu.net\/wordpress\/wp-content\/uploads\/2024\/12\/22aac26b-3669-464d-82f3-94401c98d887.jpg'><img loading=\"lazy\" decoding=\"async\" width=\"150\" height=\"150\" src=\"https:\/\/www.radiopiu.net\/wordpress\/wp-content\/uploads\/2024\/12\/22aac26b-3669-464d-82f3-94401c98d887-150x150.jpg\" class=\"attachment-thumbnail size-thumbnail\" alt=\"\" aria-describedby=\"gallery-4-422605\" \/><\/a>\n\t\t\t\t<\/dt>\n\t\t\t\t\t<dd class='wp-caption-text gallery-caption' id='gallery-4-422605'>\n\t\t\t\t\t7 DICEMBRE\n\t\t\t\t\t<\/dd><\/dl><dl class='gallery-item'>\n\t\t\t\t<dt class='gallery-icon portrait'>\n\t\t\t\t\t<a class=\"rollover rollover-zoom dt-pswp-item\" title=\"13dic24-Locandina-Paola Faraon\" data-dt-img-description=\"\" data-large_image_width=\"1241\" data-large_image_height=\"1755\"href='https:\/\/www.radiopiu.net\/wordpress\/wp-content\/uploads\/2024\/11\/13dic24-Locandina-Paola-Faraon.jpg'><img loading=\"lazy\" decoding=\"async\" width=\"150\" height=\"150\" src=\"https:\/\/www.radiopiu.net\/wordpress\/wp-content\/uploads\/2024\/11\/13dic24-Locandina-Paola-Faraon-150x150.jpg\" class=\"attachment-thumbnail size-thumbnail\" alt=\"\" aria-describedby=\"gallery-4-422316\" \/><\/a>\n\t\t\t\t<\/dt>\n\t\t\t\t\t<dd class='wp-caption-text gallery-caption' id='gallery-4-422316'>\n\t\t\t\t\tLA PRESENTAZIONE DEL LIBRO DI PAOLA FARAONI\n\t\t\t\t\t<\/dd><\/dl><dl class='gallery-item'>\n\t\t\t\t<dt class='gallery-icon portrait'>\n\t\t\t\t\t<a class=\"rollover rollover-zoom dt-pswp-item\" title=\"FB_IMG_1732278167201\" data-dt-img-description=\"\" data-large_image_width=\"1080\" data-large_image_height=\"1528\"href='https:\/\/www.radiopiu.net\/wordpress\/wp-content\/uploads\/2024\/12\/FB_IMG_1732278167201.jpg'><img loading=\"lazy\" decoding=\"async\" width=\"150\" height=\"150\" src=\"https:\/\/www.radiopiu.net\/wordpress\/wp-content\/uploads\/2024\/12\/FB_IMG_1732278167201-150x150.jpg\" class=\"attachment-thumbnail size-thumbnail\" alt=\"\" aria-describedby=\"gallery-4-422569\" \/><\/a>\n\t\t\t\t<\/dt>\n\t\t\t\t\t<dd class='wp-caption-text gallery-caption' id='gallery-4-422569'>\n\t\t\t\t\tAL PALASKATING DI SEDICO\n\t\t\t\t\t<\/dd><\/dl><dl class='gallery-item'>\n\t\t\t\t<dt class='gallery-icon landscape'>\n\t\t\t\t\t<a class=\"rollover rollover-zoom dt-pswp-item\" title=\"469053449_1104343145031657_8067662801922938272_n\" data-dt-img-description=\"\" data-large_image_width=\"958\" data-large_image_height=\"540\"href='https:\/\/www.radiopiu.net\/wordpress\/wp-content\/uploads\/2024\/12\/469053449_1104343145031657_8067662801922938272_n.jpg'><img loading=\"lazy\" decoding=\"async\" width=\"150\" height=\"150\" src=\"https:\/\/www.radiopiu.net\/wordpress\/wp-content\/uploads\/2024\/12\/469053449_1104343145031657_8067662801922938272_n-150x150.jpg\" class=\"attachment-thumbnail size-thumbnail\" alt=\"\" aria-describedby=\"gallery-4-422611\" \/><\/a>\n\t\t\t\t<\/dt>\n\t\t\t\t\t<dd class='wp-caption-text gallery-caption' id='gallery-4-422611'>\n\t\t\t\t\tA CAVALESE E BELLUNO\n\t\t\t\t\t<\/dd><\/dl><br style=\"clear: both\" \/>\n\t\t\t<\/div>\n\n<\/div>\n<\/div>\n<\/div>\n<p>&nbsp;<\/p>\n<\/div>\n<\/div>\n<\/div>\n<p>&nbsp;<\/p>\n<p>&nbsp;<\/p>\n<div>\n<div class=\"\" dir=\"auto\">\n<div id=\":r9h:\" class=\"x1iorvi4 x1pi30zi x1l90r2v x1swvt13\" data-ad-comet-preview=\"message\" data-ad-preview=\"message\"><\/div>\n<\/div>\n<\/div>\n<p>&nbsp;<\/p>\n<hr \/>\n<p>&nbsp;<\/p>\n<p class=\"mceTemp\"><a class=\"dt-pswp-item\" href=\"https:\/\/www.radiopiu.net\/wordpress\/wp-content\/uploads\/2018\/09\/WhatsApp-Image-2018-09-20-at-16.04.06.jpeg\" data-dt-img-description=\"\" data-large_image_width=\"800\" data-large_image_height=\"100\"><img loading=\"lazy\" decoding=\"async\" class=\"wp-image-61378 size-full aligncenter\" src=\"https:\/\/www.radiopiu.net\/wordpress\/wp-content\/uploads\/2018\/09\/WhatsApp-Image-2018-09-20-at-16.04.06.jpeg\" alt=\"\" width=\"800\" height=\"100\" srcset=\"https:\/\/www.radiopiu.net\/wordpress\/wp-content\/uploads\/2018\/09\/WhatsApp-Image-2018-09-20-at-16.04.06.jpeg 800w, https:\/\/www.radiopiu.net\/wordpress\/wp-content\/uploads\/2018\/09\/WhatsApp-Image-2018-09-20-at-16.04.06-300x38.jpeg 300w, https:\/\/www.radiopiu.net\/wordpress\/wp-content\/uploads\/2018\/09\/WhatsApp-Image-2018-09-20-at-16.04.06-768x96.jpeg 768w\" sizes=\"auto, (max-width: 800px) 100vw, 800px\" \/><\/a><\/p>\n<p><center><\/center><center><\/center><center><b>\u00a0<\/b><\/center><center><b>OGGI<\/b><\/center>Cielo per lo pi\u00f9 nuvoloso a tratti molto nuvoloso con qualche irregolare schiarita, un p\u00f2 pi\u00f9 probabile su Prealpi centro-occidentali.<br \/>\n<b>Precipitazioni: <\/b>Al mattino su Dolomiti poco probabile qualche isolata e debolissima precipitazione sparsa con qualche fiocco sulle cime, nel pomeriggio\/sera probabilit\u00e0 in lieve aumento specie su Dolomiti per deboli precipitazioni sparse, via via meno probabili sulle Prealpi specie occidentali, nevose oltre i 1400-1600 m iniziali, poi in abbassamento in serata fino a 1100-1300 m.<br \/>\nTemperature in graduale calo, salvo aumento delle minime nelle valli e scomparsa dell&#8217;inversione. In quota minime raggiunte in serata.<\/p>\n<hr \/>\n<p><center><b>DOMANI<\/b><\/center>Irregolarmente nuvoloso con nuvolosit\u00e0 anche estesa tra notte e mattino con cielo nuvoloso, tendenza a schiarite via via pi\u00f9 ampie dal pomeriggio con cielo da poco a parzialmente nuvoloso.<br \/>\n<b>Precipitazioni: <\/b>Bassa la probabilit\u00e0 di qualche debolissima nevicata sparsa oltre i 1000-1300 m durante la notte e fino al primo mattino c<br \/>\nTemperature in generale calo con minime in quota raggiunte in serata.<\/p>\n<hr \/>\n<p><center><b>GIOVEDI<\/b><\/center>Cielo generalmente sereno o poco nuvoloso per temporanea presenza di velature. Dalla sera generale aumento della nuvolosit\u00e0 medio-alta. Temperature minime in calo specie nelle valli e massime stazionarie o in ulteriore lieve calo in quota.<\/p>\n<hr \/>\n<p><center><b>VENERDI<\/b><\/center>Tra notte e parte del mattino nuvolosit\u00e0 irregolare a tratti estesa con cielo nuvoloso e non esclusa qualche debolissima nevicata, dal mezzogiorno schiarite via via pi\u00f9 ampie fino a sereno o poco nuvoloso con qualche irregolare addensamento possibile su Dolomiti settentrionali. Temperature in generale lieve aumento in quota, con andamento irregolare nelle valli per possibili locali effetti di favonio.<\/p>\n<p>&nbsp;<\/p>\n<hr \/>\n<p>&nbsp;<\/p>\n<p>&nbsp;<\/p>\n<p class=\"mceTemp\"><a class=\"dt-pswp-item\" href=\"https:\/\/www.radiopiu.net\/wordpress\/wp-content\/uploads\/2018\/09\/sport.jpg\" data-dt-img-description=\"\" data-large_image_width=\"800\" data-large_image_height=\"100\"><img loading=\"lazy\" decoding=\"async\" class=\"aligncenter wp-image-60761 size-full\" src=\"https:\/\/www.radiopiu.net\/wordpress\/wp-content\/uploads\/2018\/09\/sport.jpg\" alt=\"\" width=\"800\" height=\"100\" srcset=\"https:\/\/www.radiopiu.net\/wordpress\/wp-content\/uploads\/2018\/09\/sport.jpg 800w, https:\/\/www.radiopiu.net\/wordpress\/wp-content\/uploads\/2018\/09\/sport-300x38.jpg 300w, https:\/\/www.radiopiu.net\/wordpress\/wp-content\/uploads\/2018\/09\/sport-768x96.jpg 768w\" sizes=\"auto, (max-width: 800px) 100vw, 800px\" \/><\/a><span style=\"color: #0000ff;\"><strong>\u00a0 \u00a0 \u00a0 \u00a0 \u00a0 \u00a0 \u00a0\u00a0<\/strong><\/span><\/p>\n<p><span style=\"color: #0000ff;\"><strong>HOCKEY\u00a0<\/strong><\/span><\/p>\n<blockquote>\n<h3>IL FINE SETTIMANA DELLE GIOVANILI DELL&#8217;ALLEGHE HOCKEY<\/h3>\n<\/blockquote>\n<p><strong><a class=\"dt-pswp-item\" href=\"https:\/\/www.radiopiu.net\/wordpress\/wp-content\/uploads\/2023\/10\/hockey.jpg\" data-dt-img-description=\"\" data-large_image_width=\"1280\" data-large_image_height=\"961\"><img loading=\"lazy\" decoding=\"async\" class=\" wp-image-359038 alignleft\" src=\"https:\/\/www.radiopiu.net\/wordpress\/wp-content\/uploads\/2023\/10\/hockey-300x225.jpg\" alt=\"\" width=\"192\" height=\"144\" srcset=\"https:\/\/www.radiopiu.net\/wordpress\/wp-content\/uploads\/2023\/10\/hockey-300x225.jpg 300w, https:\/\/www.radiopiu.net\/wordpress\/wp-content\/uploads\/2023\/10\/hockey-1024x769.jpg 1024w, https:\/\/www.radiopiu.net\/wordpress\/wp-content\/uploads\/2023\/10\/hockey-768x577.jpg 768w, https:\/\/www.radiopiu.net\/wordpress\/wp-content\/uploads\/2023\/10\/hockey.jpg 1280w\" sizes=\"auto, (max-width: 192px) 100vw, 192px\" \/><\/a>DI MARCO GAZ<\/strong><\/p>\n<p><span style=\"color: #ff0000;\"><strong>UNDER 19<\/strong><\/span><\/p>\n<p><strong>CORTINA\/ALLEGHE &#8211; PINEROLO 3-1<\/strong><\/p>\n<p>La squadra mista bellunese incamera 3 punti importanti al De Toni di Alleghe contro il Pinerolo dopo una partita praticamente a senso unico che ha visto il Cortina\/Alleghe dominare per tutta la durata dell&#8217;incontro. Pinerolo che passa subito in vantaggio ma padroni di casa che pareggiano con Sudiro. Nel secondo tempo i bellunesi passano in vantaggio grazie a Zandegiacomo. A mettere la ciliegina sulla torta ci pensa ancora Sudiro.<\/p>\n<p><span style=\"color: #ff0000;\"><strong>UNDER 16\u00a0<\/strong><\/span><\/p>\n<p><strong>AOSTA &#8211; CORTINA\/DOBBIACO 5-1<\/strong><\/p>\n<p>Seconda sconfitta consecutiva per i giovani under 16 del Cortina che tornano dalla trasferta in Valle D&#8217;Aosta con 5 reti in saccoccia. Padroni di casa in doppio vantaggio a fine primo tempo. Nikolas Bettini accorcia le distanze ma l&#8217;Aosta chiude la sfida con altre 3 marcature.<\/p>\n<p><span style=\"color: #ff0000;\"><strong>UNDER 14<\/strong><\/span><\/p>\n<p><strong>ALLEGHE\/CORTINA TURNO DI RIPOSO<\/strong><\/p>\n<p><span style=\"color: #ff0000;\"><strong>LE CATEGORIE PIU&#8217; GIOVANI<\/strong><\/span><\/p>\n<p>Le giovani civette under 12 sono state a Feltre per un triangolare a campo piccolo dove oltre ai padroni di casa c&#8217;era anche il Cortina. Fine settimana di riposo per la under 10 mentre la under 8 ha partecipato al torneo di San Nicol\u00f2 a Vipiteno dove si sono divertiti molto.<\/p>\n<p>&nbsp;<\/p>\n<p>&nbsp;<\/p>\n<p><span style=\"color: #0000ff;\"><strong>PALLAVOLO<\/strong><\/span><\/p>\n<blockquote>\n<h3><a class=\"dt-pswp-item\" href=\"https:\/\/www.radiopiu.net\/wordpress\/wp-content\/uploads\/2024\/12\/Risoluzione_consensuale_con_Zappoli.jpg\" data-dt-img-description=\"\" data-large_image_width=\"854\" data-large_image_height=\"519\"><img loading=\"lazy\" decoding=\"async\" class=\" wp-image-422559 alignleft\" src=\"https:\/\/www.radiopiu.net\/wordpress\/wp-content\/uploads\/2024\/12\/Risoluzione_consensuale_con_Zappoli-300x182.jpg\" alt=\"\" width=\"221\" height=\"134\" srcset=\"https:\/\/www.radiopiu.net\/wordpress\/wp-content\/uploads\/2024\/12\/Risoluzione_consensuale_con_Zappoli-300x182.jpg 300w, https:\/\/www.radiopiu.net\/wordpress\/wp-content\/uploads\/2024\/12\/Risoluzione_consensuale_con_Zappoli-768x467.jpg 768w, https:\/\/www.radiopiu.net\/wordpress\/wp-content\/uploads\/2024\/12\/Risoluzione_consensuale_con_Zappoli.jpg 854w\" sizes=\"auto, (max-width: 221px) 100vw, 221px\" \/><\/a>IL BELLUNO VOLLEY SALUTA ZAPPOLI<\/h3>\n<\/blockquote>\n<p>Il Belluno Volley comunica che \u00e8 stata formalizzata la risoluzione consensuale del contratto con lo schiacciatore Enrico Guarienti Zappoli. La decisione \u00e8 maturata di comune accordo tra le parti, con l\u2019obiettivo di rispettare le esigenze personali e professionali dell\u2019atleta, oltre che le necessit\u00e0 della squadra. La societ\u00e0 desidera ringraziare Enrico per il contributo fornito durante la sua esperienza a Belluno e gli augura il meglio per il prosieguo della sua carriera sportiva e personale.<span class=\"gmail-Apple-converted-space\">\u00a0<\/span><\/p>\n<p>&nbsp;<\/p>\n<p>&nbsp;<\/p>\n<hr \/>\n<p>&nbsp;<\/p>\n<h2><span style=\"color: #99cc00;\">GOODBYE BY BICICLE&#8230;UN VIAGGIO DALL&#8217;INDIA A SEREN DEL GRAPPA IN BICICLETTA<\/span><\/h2>\n<p><span style=\"color: #ff0000;\"><strong>PUNTATA 38 &#8211; DA BOLOGNA A LA SPEZIA, PASSANDO PER FIRENZE<\/strong><\/span><\/p>\n<audio class=\"wp-audio-shortcode\" id=\"audio-422517-24\" preload=\"none\" style=\"width: 100%;\" controls=\"controls\"><source type=\"audio\/mpeg\" src=\"https:\/\/www.radiopiu.net\/wordpress\/wp-content\/uploads\/2024\/11\/AIRE-INDIA-PUNTATA-38.mp3?_=24\" \/><a href=\"https:\/\/www.radiopiu.net\/wordpress\/wp-content\/uploads\/2024\/11\/AIRE-INDIA-PUNTATA-38.mp3\">https:\/\/www.radiopiu.net\/wordpress\/wp-content\/uploads\/2024\/11\/AIRE-INDIA-PUNTATA-38.mp3<\/a><\/audio>\n<p>&nbsp;<\/p>\n<p><strong>PER VISITARE I SITI DEI LUOGHI VISITATI, CLICCA SULLE SEGUENTI SCRITTE: <span style=\"color: #3366ff;\"><a href=\"https:\/\/mondeggibenecomune.org\/chi-siamo\/\">MONDEGGI BENE COMUNE<\/a>\u00a0 \u00a0<a href=\"https:\/\/insorgiamo.org\/\">INSORGIAMO<\/a>\u00a0 \u00a0<a href=\"https:\/\/www.progettomeraki.org\/\">PROGETTO MERAKI<\/a>\u00a0 \u00a0<a href=\"https:\/\/www.bcargo.bike\/\">BCARGO BIKE<\/a><\/span><\/strong><\/p>\n<p>&nbsp;<\/p>\n\n\t\t\t<style type='text\/css'>\n\t\t\t\t#gallery-5 {\n\t\t\t\t\tmargin: auto;\n\t\t\t\t}\n\t\t\t\t#gallery-5 .gallery-item {\n\t\t\t\t\tfloat: left;\n\t\t\t\t\tmargin-top: 10px;\n\t\t\t\t\ttext-align: center;\n\t\t\t\t\twidth: 16%;\n\t\t\t\t}\n\t\t\t\t#gallery-5 img {\n\t\t\t\t\tborder: 2px solid #cfcfcf;\n\t\t\t\t}\n\t\t\t\t#gallery-5 .gallery-caption {\n\t\t\t\t\tmargin-left: 0;\n\t\t\t\t}\n\t\t\t\t\/* see gallery_shortcode() in wp-includes\/media.php *\/\n\t\t\t<\/style>\n\t\t<div id='gallery-5' class='dt-gallery-container gallery galleryid-422517 gallery-columns-6 gallery-size-thumbnail'><dl class='gallery-item'>\n\t\t\t\t<dt class='gallery-icon landscape'>\n\t\t\t\t\t<a class=\"rollover rollover-zoom dt-pswp-item\" title=\"8e124931-f4f9-49ae-b524-2a291cb26fe8\" data-dt-img-description=\"\" data-large_image_width=\"2560\" data-large_image_height=\"1920\"href='https:\/\/www.radiopiu.net\/wordpress\/wp-content\/uploads\/2024\/11\/8e124931-f4f9-49ae-b524-2a291cb26fe8-scaled.jpg'><img loading=\"lazy\" decoding=\"async\" width=\"150\" height=\"150\" src=\"https:\/\/www.radiopiu.net\/wordpress\/wp-content\/uploads\/2024\/11\/8e124931-f4f9-49ae-b524-2a291cb26fe8-150x150.jpg\" class=\"attachment-thumbnail size-thumbnail\" alt=\"\" \/><\/a>\n\t\t\t\t<\/dt><\/dl><dl class='gallery-item'>\n\t\t\t\t<dt class='gallery-icon landscape'>\n\t\t\t\t\t<a class=\"rollover rollover-zoom dt-pswp-item\" title=\"ce81a38f-9e92-4761-a1bc-67a545f94fc8\" data-dt-img-description=\"\" data-large_image_width=\"2560\" data-large_image_height=\"1920\"href='https:\/\/www.radiopiu.net\/wordpress\/wp-content\/uploads\/2024\/11\/ce81a38f-9e92-4761-a1bc-67a545f94fc8-scaled.jpg'><img loading=\"lazy\" decoding=\"async\" width=\"150\" height=\"150\" src=\"https:\/\/www.radiopiu.net\/wordpress\/wp-content\/uploads\/2024\/11\/ce81a38f-9e92-4761-a1bc-67a545f94fc8-150x150.jpg\" class=\"attachment-thumbnail size-thumbnail\" alt=\"\" \/><\/a>\n\t\t\t\t<\/dt><\/dl><dl class='gallery-item'>\n\t\t\t\t<dt class='gallery-icon landscape'>\n\t\t\t\t\t<a class=\"rollover rollover-zoom dt-pswp-item\" title=\"f807d258-e9bb-4c57-bd22-b67ec9c3051d\" data-dt-img-description=\"\" data-large_image_width=\"2560\" data-large_image_height=\"1920\"href='https:\/\/www.radiopiu.net\/wordpress\/wp-content\/uploads\/2024\/11\/f807d258-e9bb-4c57-bd22-b67ec9c3051d-scaled.jpg'><img loading=\"lazy\" decoding=\"async\" width=\"150\" height=\"150\" src=\"https:\/\/www.radiopiu.net\/wordpress\/wp-content\/uploads\/2024\/11\/f807d258-e9bb-4c57-bd22-b67ec9c3051d-150x150.jpg\" class=\"attachment-thumbnail size-thumbnail\" alt=\"\" \/><\/a>\n\t\t\t\t<\/dt><\/dl><dl class='gallery-item'>\n\t\t\t\t<dt class='gallery-icon landscape'>\n\t\t\t\t\t<a class=\"rollover rollover-zoom dt-pswp-item\" title=\"c2021cd8-8d94-4886-bee7-050da1b9ea1a\" data-dt-img-description=\"\" data-large_image_width=\"2560\" data-large_image_height=\"1920\"href='https:\/\/www.radiopiu.net\/wordpress\/wp-content\/uploads\/2024\/11\/c2021cd8-8d94-4886-bee7-050da1b9ea1a-scaled.jpg'><img loading=\"lazy\" decoding=\"async\" width=\"150\" height=\"150\" src=\"https:\/\/www.radiopiu.net\/wordpress\/wp-content\/uploads\/2024\/11\/c2021cd8-8d94-4886-bee7-050da1b9ea1a-150x150.jpg\" class=\"attachment-thumbnail size-thumbnail\" alt=\"\" \/><\/a>\n\t\t\t\t<\/dt><\/dl><dl class='gallery-item'>\n\t\t\t\t<dt class='gallery-icon landscape'>\n\t\t\t\t\t<a class=\"rollover rollover-zoom dt-pswp-item\" title=\"ce0b7c5d-c608-4704-8282-8146e85bbc35\" data-dt-img-description=\"\" data-large_image_width=\"2560\" data-large_image_height=\"1920\"href='https:\/\/www.radiopiu.net\/wordpress\/wp-content\/uploads\/2024\/11\/ce0b7c5d-c608-4704-8282-8146e85bbc35-scaled.jpg'><img loading=\"lazy\" decoding=\"async\" width=\"150\" height=\"150\" src=\"https:\/\/www.radiopiu.net\/wordpress\/wp-content\/uploads\/2024\/11\/ce0b7c5d-c608-4704-8282-8146e85bbc35-150x150.jpg\" class=\"attachment-thumbnail size-thumbnail\" alt=\"\" \/><\/a>\n\t\t\t\t<\/dt><\/dl><dl class='gallery-item'>\n\t\t\t\t<dt class='gallery-icon landscape'>\n\t\t\t\t\t<a class=\"rollover rollover-zoom dt-pswp-item\" title=\"a8348074-49c1-47c4-a84d-227a27df4323\" data-dt-img-description=\"\" data-large_image_width=\"2560\" data-large_image_height=\"1920\"href='https:\/\/www.radiopiu.net\/wordpress\/wp-content\/uploads\/2024\/11\/a8348074-49c1-47c4-a84d-227a27df4323-scaled.jpg'><img loading=\"lazy\" decoding=\"async\" width=\"150\" height=\"150\" src=\"https:\/\/www.radiopiu.net\/wordpress\/wp-content\/uploads\/2024\/11\/a8348074-49c1-47c4-a84d-227a27df4323-150x150.jpg\" class=\"attachment-thumbnail size-thumbnail\" alt=\"\" \/><\/a>\n\t\t\t\t<\/dt><\/dl><br style=\"clear: both\" \/>\n\t\t\t<\/div>\n\n<h2>LA RACCOLTA COMPLETA <a href=\"https:\/\/www.radiopiu.net\/wordpress\/goodbye-by-bicicle-un-viaggio-dallindia-a-seren-del-grappa-in-bicicletta-38\/\"><span style=\"color: #3366ff;\">CLICCA QUI<\/span><\/a><\/h2>\n<p>&nbsp;<\/p>\n","protected":false},"excerpt":{"rendered":"<p>***** &nbsp; LA\u00a0 APP PER IOS-IPHONE di Nicola Vettorello https:\/\/apps.apple.com\/it\/app\/radio-pi%C3%B9-emittente-agordina\/id1515939845 LA\u00a0 APP RADIO\u00a0 PER ANDROID di Nicola Vettorello https:\/\/play.google.com\/store\/apps\/details?id=net.radiopiu.iniko\u00a0\u00a0\u00a0 &nbsp; &nbsp; &nbsp; OGGI A RADIO PIU&#8217;&#8230; TRA L&#8217;ALTRO:\u00a0 10 10 MUSLA, LE NOTIZIE IN LADINO CON MICHELA DELL&#8217;OSBEL DI LA VALLE AGORDINA, A SEGUIRE 10.30\u00a0 NEL REPORTER YURI PARISSENTI E SHARON DE MARCO IN ATTESA&hellip;<\/p>\n","protected":false},"author":4,"featured_media":422614,"comment_status":"closed","ping_status":"closed","sticky":false,"template":"","format":"standard","meta":{"_monsterinsights_skip_tracking":false,"_monsterinsights_sitenote_active":false,"_monsterinsights_sitenote_note":"","_monsterinsights_sitenote_category":0,"footnotes":""},"categories":[51,86,49],"tags":[],"class_list":["post-422517","post","type-post","status-publish","format-standard","has-post-thumbnail","hentry","category-evidenza-top","category-gr","category-news-18","category-51","category-86","category-49","description-off"],"img_url":"https:\/\/www.radiopiu.net\/wordpress\/wp-content\/uploads\/2024\/12\/423a71d1-d500-4a87-a874-c5df507e423f-scaled.jpg","_links":{"self":[{"href":"https:\/\/www.radiopiu.net\/wordpress\/wp-json\/wp\/v2\/posts\/422517","targetHints":{"allow":["GET"]}}],"collection":[{"href":"https:\/\/www.radiopiu.net\/wordpress\/wp-json\/wp\/v2\/posts"}],"about":[{"href":"https:\/\/www.radiopiu.net\/wordpress\/wp-json\/wp\/v2\/types\/post"}],"author":[{"embeddable":true,"href":"https:\/\/www.radiopiu.net\/wordpress\/wp-json\/wp\/v2\/users\/4"}],"replies":[{"embeddable":true,"href":"https:\/\/www.radiopiu.net\/wordpress\/wp-json\/wp\/v2\/comments?post=422517"}],"version-history":[{"count":28,"href":"https:\/\/www.radiopiu.net\/wordpress\/wp-json\/wp\/v2\/posts\/422517\/revisions"}],"predecessor-version":[{"id":422701,"href":"https:\/\/www.radiopiu.net\/wordpress\/wp-json\/wp\/v2\/posts\/422517\/revisions\/422701"}],"wp:featuredmedia":[{"embeddable":true,"href":"https:\/\/www.radiopiu.net\/wordpress\/wp-json\/wp\/v2\/media\/422614"}],"wp:attachment":[{"href":"https:\/\/www.radiopiu.net\/wordpress\/wp-json\/wp\/v2\/media?parent=422517"}],"wp:term":[{"taxonomy":"category","embeddable":true,"href":"https:\/\/www.radiopiu.net\/wordpress\/wp-json\/wp\/v2\/categories?post=422517"},{"taxonomy":"post_tag","embeddable":true,"href":"https:\/\/www.radiopiu.net\/wordpress\/wp-json\/wp\/v2\/tags?post=422517"}],"curies":[{"name":"wp","href":"https:\/\/api.w.org\/{rel}","templated":true}]}}