{"id":422711,"date":"2024-12-04T05:45:30","date_gmt":"2024-12-04T04:45:30","guid":{"rendered":"https:\/\/www.radiopiu.net\/wordpress\/?p=422711"},"modified":"2024-12-04T09:02:02","modified_gmt":"2024-12-04T08:02:02","slug":"giornale-radiopiu-04-dicembre-2024-direttore-mirko-mezzacasada-41-anni-25-giugno-1983-25-giugno-2024","status":"publish","type":"post","link":"https:\/\/www.radiopiu.net\/wordpress\/giornale-radiopiu-04-dicembre-2024-direttore-mirko-mezzacasada-41-anni-25-giugno-1983-25-giugno-2024\/","title":{"rendered":"GIORNALE RADIOPIU 04 DICEMBRE 2024 DIRETTORE MIRKO MEZZACASA\u2026DA 41 ANNI 25 GIUGNO 1983-25 GIUGNO 2024"},"content":{"rendered":"<p>*****<\/p>\n<p>&nbsp;<\/p>\n<p><em><span style=\"color: #ff0000;\"><a class=\"dt-pswp-item\" href=\"https:\/\/www.radiopiu.net\/wordpress\/wp-content\/uploads\/2024\/10\/Senza-nome-8.png\" data-dt-img-description=\"\" data-large_image_width=\"343\" data-large_image_height=\"303\"><img loading=\"lazy\" decoding=\"async\" class=\"wp-image-412130 alignleft\" src=\"https:\/\/www.radiopiu.net\/wordpress\/wp-content\/uploads\/2024\/10\/Senza-nome-8-300x265.png\" alt=\"\" width=\"105\" height=\"93\" srcset=\"https:\/\/www.radiopiu.net\/wordpress\/wp-content\/uploads\/2024\/10\/Senza-nome-8-300x265.png 300w, https:\/\/www.radiopiu.net\/wordpress\/wp-content\/uploads\/2024\/10\/Senza-nome-8.png 343w\" sizes=\"auto, (max-width: 105px) 100vw, 105px\" \/><\/a><\/span><\/em><strong><em><span style=\"color: #ff0000;\"> LA\u00a0 APP PER IOS-IPHONE di Nicola Vettorello<\/span><\/em><\/strong><\/p>\n<p><strong><span style=\"color: #0000ff;\"><a style=\"color: #0000ff;\" href=\"https:\/\/apps.apple.com\/it\/app\/radio-pi%C3%B9-emittente-agordina\/id1515939845\">https:\/\/apps.apple.com\/it\/app\/radio-pi%C3%B9-emittente-agordina\/id1515939845<\/a><\/span><\/strong><\/p>\n<p><strong><em style=\"color: #ff0000;\">LA\u00a0 APP RADIO\u00a0 PER ANDROID di Nicola Vettorello<\/em><\/strong><\/p>\n<p><strong><span style=\"color: #0000ff;\"><a style=\"color: #0000ff;\" href=\"https:\/\/play.google.com\/store\/apps\/details?id=net.radiopiu.iniko\" target=\"_blank\" rel=\"noopener noreferrer\">https:\/\/<\/a><a style=\"color: #0000ff;\" href=\"https:\/\/play.google.com\/store\/apps\/details?id=net.radiopiu.iniko\" target=\"_blank\" rel=\"noopener noreferrer\">play.google.com\/store\/apps\/details?id=net.radiopiu.iniko\u00a0\u00a0\u00a0<\/a><\/span><\/strong><\/p>\n<p>&nbsp;<\/p>\n<p>&nbsp;<\/p>\n<hr \/>\n<p>&nbsp;<\/p>\n<p><strong><span style=\"color: #ff0000;\"><a class=\"dt-pswp-item\" href=\"https:\/\/www.radiopiu.net\/wordpress\/wp-content\/uploads\/2020\/02\/download-4.jpg\" data-dt-img-description=\"\" data-large_image_width=\"228\" data-large_image_height=\"221\"><img loading=\"lazy\" decoding=\"async\" class=\"wp-image-117199 alignleft\" src=\"https:\/\/www.radiopiu.net\/wordpress\/wp-content\/uploads\/2020\/02\/download-4.jpg\" alt=\"\" width=\"101\" height=\"98\" \/><\/a>OGGI A RADIO PIU&#8217;&#8230; TRA L&#8217;ALTRO:<\/span>\u00a0<\/strong> <span style=\"color: #ff0000;\">10 10<\/span> LIBER DI LIANA CAVALLET <span style=\"color: #ff0000;\">10.30\u00a0<\/span> NEL REPORTER\u00a0 ANDREA DAL FARRA E CHRISTIAN MORETTI, SABATO L&#8217;APERTURA DEGLI IMPIANTI NELL&#8217;AREA DEL CIVETTA. <span style=\"color: #ff0000;\">13.10<\/span>\u00a0 AIRE INDIA, PUNTATA NUMERO 38\u00a0 <span style=\"color: #ff0000;\">15<\/span> BATTICINQUE CON ALESSIO E MARINA, INCONTRI E SCONTRI GENERAZIONALI\u00a0\u00a0<span style=\"color: #ff0000;\">16:35<\/span>\u00a0 SKI AREA SAN PELLEGRINO, CON MIRCO TANCON IL PUNTO A POCHI GIORNI DALL&#8217;APERTURA <span style=\"color: #ff0000;\">19.30<\/span>\u00a0 MATTEO CAGNATI, FONDO A FALCADE, STAGIONE APERTA.<\/p>\n<p>&nbsp;<\/p>\n<p><strong>rassegna stampa nazionale,<\/strong> ogni giorno alle 5 e alle 6 del mattino.<br \/>\ngiornali locali 7 rassegna stampa flash, 8 rassegna stampa, gr flash alle 10 e alle 11, principale 12.30. Informazione pomeriggio ogni ora fino alle 20, in coda ai notiziari nazionali. Giornale radio nazionale: ogni ora dalle 4 del mattino, alle 20 della sera. Alle 19 le anticipazioni dal TG di Antenna 3 di Tiziana Bolognani.<\/p>\n<p>&nbsp;<\/p>\n<p>&nbsp;<\/p>\n<hr \/>\n<p>&nbsp;<\/p>\n<p>&nbsp;<\/p>\n<div class=\"x11i5rnm xat24cr x1mh8g0r x1vvkbs xtlvy1s x126k92a\">\n<div dir=\"auto\">\n<div dir=\"auto\">\n<p><strong><a class=\"dt-pswp-item\" href=\"https:\/\/www.radiopiu.net\/wordpress\/wp-content\/uploads\/2024\/02\/2d44e751-d8a8-461b-8e22-d8e4e853b032.jpg\" data-dt-img-description=\"\" data-large_image_width=\"1600\" data-large_image_height=\"1200\"><img loading=\"lazy\" decoding=\"async\" class=\"wp-image-373307 alignleft\" src=\"https:\/\/www.radiopiu.net\/wordpress\/wp-content\/uploads\/2024\/02\/2d44e751-d8a8-461b-8e22-d8e4e853b032-300x225.jpg\" alt=\"\" width=\"105\" height=\"79\" srcset=\"https:\/\/www.radiopiu.net\/wordpress\/wp-content\/uploads\/2024\/02\/2d44e751-d8a8-461b-8e22-d8e4e853b032-300x225.jpg 300w, https:\/\/www.radiopiu.net\/wordpress\/wp-content\/uploads\/2024\/02\/2d44e751-d8a8-461b-8e22-d8e4e853b032-1024x768.jpg 1024w, https:\/\/www.radiopiu.net\/wordpress\/wp-content\/uploads\/2024\/02\/2d44e751-d8a8-461b-8e22-d8e4e853b032-768x576.jpg 768w, https:\/\/www.radiopiu.net\/wordpress\/wp-content\/uploads\/2024\/02\/2d44e751-d8a8-461b-8e22-d8e4e853b032-1536x1152.jpg 1536w, https:\/\/www.radiopiu.net\/wordpress\/wp-content\/uploads\/2024\/02\/2d44e751-d8a8-461b-8e22-d8e4e853b032.jpg 1600w\" sizes=\"auto, (max-width: 105px) 100vw, 105px\" \/><\/a>EL BAL DEL FIOR, DI GIULIANA DA RONCH, 04 DICEMBRE<\/strong><strong>\u00a02024<\/strong><\/p>\n<\/div>\n<\/div>\n<\/div>\n<div><\/div>\n<div>\n<audio class=\"wp-audio-shortcode\" id=\"audio-422711-1\" preload=\"none\" style=\"width: 100%;\" controls=\"controls\"><source type=\"audio\/mpeg\" src=\"https:\/\/www.radiopiu.net\/wordpress\/wp-content\/uploads\/2024\/12\/GME.mp3?_=1\" \/><a href=\"https:\/\/www.radiopiu.net\/wordpress\/wp-content\/uploads\/2024\/12\/GME.mp3\">https:\/\/www.radiopiu.net\/wordpress\/wp-content\/uploads\/2024\/12\/GME.mp3<\/a><\/audio>\n<\/div>\n<div><\/div>\n<hr \/>\n<p>&nbsp;<\/p>\n<p>&nbsp;<\/p>\n<div class=\"x11i5rnm xat24cr x1mh8g0r x1vvkbs xtlvy1s x126k92a\">\n<h1><span style=\"color: #ff0000;\"><a class=\"dt-pswp-item\" href=\"https:\/\/www.radiopiu.net\/wordpress\/wp-content\/uploads\/2024\/06\/th-5.jpg\" data-dt-img-description=\"\" data-large_image_width=\"326\" data-large_image_height=\"180\"><img loading=\"lazy\" decoding=\"async\" class=\"size-medium wp-image-395881 alignleft\" src=\"https:\/\/www.radiopiu.net\/wordpress\/wp-content\/uploads\/2024\/06\/th-5-300x166.jpg\" alt=\"\" width=\"300\" height=\"166\" srcset=\"https:\/\/www.radiopiu.net\/wordpress\/wp-content\/uploads\/2024\/06\/th-5-300x166.jpg 300w, https:\/\/www.radiopiu.net\/wordpress\/wp-content\/uploads\/2024\/06\/th-5.jpg 326w\" sizes=\"auto, (max-width: 300px) 100vw, 300px\" \/><\/a><\/span><\/h1>\n<h1><\/h1>\n<h1><\/h1>\n<h1><span style=\"color: #000000;\">04 DICEMBRE&#8230; alla radio l&#8217;almanacco\u00a0<\/span><\/h1>\n<p>&nbsp;<\/p>\n<\/div>\n<div class=\"x11i5rnm xat24cr x1mh8g0r x1vvkbs xtlvy1s x126k92a\">\n<audio class=\"wp-audio-shortcode\" id=\"audio-422711-2\" preload=\"none\" style=\"width: 100%;\" controls=\"controls\"><source type=\"audio\/mpeg\" src=\"https:\/\/www.radiopiu.net\/wordpress\/wp-content\/uploads\/2024\/12\/ALMANACCONEW-2.mp3?_=2\" \/><a href=\"https:\/\/www.radiopiu.net\/wordpress\/wp-content\/uploads\/2024\/12\/ALMANACCONEW-2.mp3\">https:\/\/www.radiopiu.net\/wordpress\/wp-content\/uploads\/2024\/12\/ALMANACCONEW-2.mp3<\/a><\/audio>\n<p>&nbsp;<\/p>\n<p>&nbsp;<\/p>\n<hr \/>\n<p>&nbsp;<\/p>\n<p>&nbsp;<\/p>\n<blockquote>\n<h1><strong><a class=\"dt-pswp-item\" href=\"https:\/\/www.radiopiu.net\/wordpress\/wp-content\/uploads\/2024\/10\/629301fd-708d-4f53-95c2-d28cbefd500f.jpg\" data-dt-img-description=\"\" data-large_image_width=\"1600\" data-large_image_height=\"1322\"><img loading=\"lazy\" decoding=\"async\" class=\"wp-image-413782 alignright\" src=\"https:\/\/www.radiopiu.net\/wordpress\/wp-content\/uploads\/2024\/10\/629301fd-708d-4f53-95c2-d28cbefd500f-300x248.jpg\" alt=\"\" width=\"106\" height=\"88\" srcset=\"https:\/\/www.radiopiu.net\/wordpress\/wp-content\/uploads\/2024\/10\/629301fd-708d-4f53-95c2-d28cbefd500f-300x248.jpg 300w, https:\/\/www.radiopiu.net\/wordpress\/wp-content\/uploads\/2024\/10\/629301fd-708d-4f53-95c2-d28cbefd500f-1024x846.jpg 1024w, https:\/\/www.radiopiu.net\/wordpress\/wp-content\/uploads\/2024\/10\/629301fd-708d-4f53-95c2-d28cbefd500f-768x635.jpg 768w, https:\/\/www.radiopiu.net\/wordpress\/wp-content\/uploads\/2024\/10\/629301fd-708d-4f53-95c2-d28cbefd500f-1536x1269.jpg 1536w, https:\/\/www.radiopiu.net\/wordpress\/wp-content\/uploads\/2024\/10\/629301fd-708d-4f53-95c2-d28cbefd500f.jpg 1600w\" sizes=\"auto, (max-width: 106px) 100vw, 106px\" \/><\/a><\/strong><\/h1>\n<h1><strong><a class=\"dt-pswp-item\" href=\"https:\/\/www.radiopiu.net\/wordpress\/wp-content\/uploads\/2024\/11\/th-18.jpg\" data-dt-img-description=\"\" data-large_image_width=\"156\" data-large_image_height=\"180\"><img loading=\"lazy\" decoding=\"async\" class=\"size-full wp-image-421611 alignleft\" src=\"https:\/\/www.radiopiu.net\/wordpress\/wp-content\/uploads\/2024\/11\/th-18.jpg\" alt=\"\" width=\"156\" height=\"180\" \/><\/a><\/strong><\/h1>\n<h1><strong>N di parom &#8211; L Almanach de la nosta jent<\/strong><\/h1>\n<\/blockquote>\n<p>&nbsp;<\/p>\n<p>Le voci: Davide Conedera, Agordo, Michela Dell&#8217;Osbel, La Valle Agordina Simone Ganz, Falcade Veronica Lezuo, Colle Santa Lucia. La voce nella sigla \u00e8 di Giorgia Taio<\/p>\n<p>&nbsp;<\/p>\n<p><strong>LA PUNTATA DI OGGI, 04 DICEMBRE<\/strong><\/p>\n<\/div>\n<div class=\"x11i5rnm xat24cr x1mh8g0r x1vvkbs xtlvy1s x126k92a\">\n<audio class=\"wp-audio-shortcode\" id=\"audio-422711-3\" preload=\"none\" style=\"width: 100%;\" controls=\"controls\"><source type=\"audio\/mpeg\" src=\"https:\/\/www.radiopiu.net\/wordpress\/wp-content\/uploads\/2024\/12\/AL3.mp3?_=3\" \/><a href=\"https:\/\/www.radiopiu.net\/wordpress\/wp-content\/uploads\/2024\/12\/AL3.mp3\">https:\/\/www.radiopiu.net\/wordpress\/wp-content\/uploads\/2024\/12\/AL3.mp3<\/a><\/audio>\n<p>&nbsp;<\/p>\n<div dir=\"auto\">\n<hr \/>\n<\/div>\n<\/div>\n<blockquote>\n<blockquote>\n<h1><span style=\"color: #ff0000;\">\u00a0<\/span><\/h1>\n<h1><span style=\"color: #ff0000;\">I podcast informativi del mattino &#8211; audio &#8211;\u00a0\u00a0<\/span><\/h1>\n<\/blockquote>\n<p><strong><a class=\"dt-pswp-item\" href=\"https:\/\/www.radiopiu.net\/wordpress\/wp-content\/uploads\/2024\/11\/6.jpg\" data-dt-img-description=\"\" data-large_image_width=\"177\" data-large_image_height=\"180\"><img loading=\"lazy\" decoding=\"async\" class=\"size-full wp-image-417911 alignleft\" src=\"https:\/\/www.radiopiu.net\/wordpress\/wp-content\/uploads\/2024\/11\/6.jpg\" alt=\"\" width=\"177\" height=\"180\" \/><\/a>LA RASSEGNA STAMPA NAZIONALE ALLA RADIO, OGNI GIORNO ALLE 5 E ALLE 6 DEL MATTINO <span style=\"color: #0000ff;\">viene pubblicata alle 6.00 <span style=\"color: #ff0000;\">DIRETTA RADIO\u00a0 \u00a0\u00a0<\/span><\/span><\/strong><\/p><\/blockquote>\n<p>&nbsp;<\/p>\n<p><strong>NOTIZIE DELLA NOTTE<\/strong><\/p>\n<p><strong>Corea Nord<\/strong>, maggioranza e opposizione chiedono dimissioni Yoon <strong>Usa,<\/strong> il dem Newsom rompe con Biden sulla grazia al figlio Hunter <strong>Borsa:<\/strong> Hong Kong negativa, apre a -0,15% <strong>Borsa:<\/strong> Seul crolla del -2% in apertura, poi lima le perdite<br \/>\n<strong>Borsa:<\/strong> Tokyo, apertura in leggero rialzo (+0,17%) <strong>Brasile<\/strong>: San Paolo sotto choc, agente lancia un uomo da un ponte<br \/>\n<strong>Corea Sud,<\/strong> sindacati: sciopero generale fino a dimissioni Yoon <strong>Coppa Italia:<\/strong> 6-1 al Sassuolo, il Milan ai quarti<\/p>\n<h2>AUDIO dalle 6 del mattino<\/h2>\n<audio class=\"wp-audio-shortcode\" id=\"audio-422711-4\" preload=\"none\" style=\"width: 100%;\" controls=\"controls\"><source type=\"audio\/mpeg\" src=\"https:\/\/www.radiopiu.net\/wordpress\/wp-content\/uploads\/2024\/12\/GIORNALEDELLESEI-2.mp3?_=4\" \/><a href=\"https:\/\/www.radiopiu.net\/wordpress\/wp-content\/uploads\/2024\/12\/GIORNALEDELLESEI-2.mp3\">https:\/\/www.radiopiu.net\/wordpress\/wp-content\/uploads\/2024\/12\/GIORNALEDELLESEI-2.mp3<\/a><\/audio>\n<p>&nbsp;<\/p>\n<p>&nbsp;<\/p>\n<p>&nbsp;<\/p>\n<hr \/>\n<p>&nbsp;<\/p>\n<h1 style=\"text-align: center;\"><span style=\"color: #ff0000;\"><a class=\"dt-pswp-item\" href=\"https:\/\/www.radiopiu.net\/wordpress\/wp-content\/uploads\/2024\/11\/7.jpg\" data-dt-img-description=\"\" data-large_image_width=\"180\" data-large_image_height=\"180\"><img loading=\"lazy\" decoding=\"async\" class=\"size-full wp-image-417912 alignleft\" src=\"https:\/\/www.radiopiu.net\/wordpress\/wp-content\/uploads\/2024\/11\/7.jpg\" alt=\"\" width=\"180\" height=\"180\" srcset=\"https:\/\/www.radiopiu.net\/wordpress\/wp-content\/uploads\/2024\/11\/7.jpg 180w, https:\/\/www.radiopiu.net\/wordpress\/wp-content\/uploads\/2024\/11\/7-150x150.jpg 150w\" sizes=\"auto, (max-width: 180px) 100vw, 180px\" \/><\/a>I podcast informativi del mattino &#8211; audio &#8211;\u00a0<\/span><\/h1>\n<p><strong>OGNI GIORNO ALLE SETTE DEL MATTINO, LA RASSEGNA STAMPA LOCALE FLASH&#8230; PER CHI VA IN FRETTA. I TITOLI DAI GIORNALI E DAL SITO WWW.RADIOPIU.NET <span style=\"color: #0000ff;\">viene pubblicato alle 7.00<\/span> <span style=\"color: #ff0000;\">DIRETTA RADIO\u00a0<\/span><\/strong><\/p>\n<p><em><span style=\"color: #ff0000;\">per chi va in fretta&#8230; tante notizie in pochi minuti. L&#8217;informazione locale alla radio, ogni ora dalle 7 del mattino alle 19 della sera.<\/span><\/em><\/p>\n<h1><\/h1>\n<h1>AUDIO dalle 7 del mattino<\/h1>\n<audio class=\"wp-audio-shortcode\" id=\"audio-422711-5\" preload=\"none\" style=\"width: 100%;\" controls=\"controls\"><source type=\"audio\/mpeg\" src=\"https:\/\/www.radiopiu.net\/wordpress\/wp-content\/uploads\/2024\/12\/GF07-2.mp3?_=5\" \/><a href=\"https:\/\/www.radiopiu.net\/wordpress\/wp-content\/uploads\/2024\/12\/GF07-2.mp3\">https:\/\/www.radiopiu.net\/wordpress\/wp-content\/uploads\/2024\/12\/GF07-2.mp3<\/a><\/audio>\n<p>&nbsp;<\/p>\n<p>&nbsp;<\/p>\n<p>&nbsp;<\/p>\n<hr \/>\n<p>&nbsp;<\/p>\n<h1><\/h1>\n<h1 style=\"text-align: center;\"><span style=\"color: #ff0000;\"><a class=\"dt-pswp-item\" href=\"https:\/\/www.radiopiu.net\/wordpress\/wp-content\/uploads\/2024\/11\/th.jpg\" data-dt-img-description=\"\" data-large_image_width=\"148\" data-large_image_height=\"179\"><img loading=\"lazy\" decoding=\"async\" class=\"size-full wp-image-417913 alignleft\" src=\"https:\/\/www.radiopiu.net\/wordpress\/wp-content\/uploads\/2024\/11\/th.jpg\" alt=\"\" width=\"148\" height=\"179\" \/><\/a>I podcast informativi del mattino &#8211; audio &#8211;\u00a0<\/span><\/h1>\n<blockquote><p><strong>GIORNALE RADIO NAZIONALE, EDIZIONE DELLE SETTE <span style=\"color: #0000ff;\">viene pubblicato alle 7.05 <span style=\"color: #ff0000;\">DIRETTA RADIO\u00a0<\/span><\/span><\/strong><\/p><\/blockquote>\n<p><strong>il giornale radionazionale e&#8217; in onda ogni ora, dalle sette del mattino alle venti della sera\u00a0 \u00a0<\/strong><strong>\u00a0<\/strong><\/p>\n<p><strong>VERONA<\/strong> Minacce choc alla ex: &#8216;Turetta ha fatto bene a uccidere Giulia Cecchettin&#8217; <strong>TREVISO<\/strong> Il femminicidio di Vanessa Ballan, a giudizio l&#8217;indagato <strong>MILANO<\/strong> Incendio in casa nel Milanese, un morto e un ferito Sono due fratelli, un terzo \u00e8 riuscito a mettersi in salvo\u00a0<strong>TRENTO<\/strong> Appalti e speculazioni, la politica trema in Trentino Alto Adige <strong>MILANO<\/strong> Tre in carcere per l&#8217;incendio che uccise tre giovani.Uno bloccato all&#8217;estero, movente un debito di 40mila euro <strong>TARANTO<\/strong> Aggredisce una soccorritrice del 118, arresto in differita<br \/>\n<strong>TREVISO<\/strong> Picchia un compagno di scuola e diffonde il video, ammonito un quindicenne <strong>SPOLETO<\/strong> &#8216;Opacit\u00e0&#8217; nel volontariato, Amara rientra in carcere\u00a0 Annullato all&#8217;avvocato l&#8217;affidamento ai servizi sociali\u00a0 <strong>ROMA<\/strong> Morta la partigiana Iole Mancini, ultima testimone degli orrori di via Tasso<br \/>\n<strong>TREVISO<\/strong> Sfrattato e con lavoro non trova casa, muore in garage<\/p>\n<p>&nbsp;<\/p>\n<p><span style=\"color: #ff0000;\"><span style=\"color: #0000ff;\">CRONACA<\/span> EDIZIONE DELLA SERA , DEL 03 DICEMBRE 2024 EDIZIONE DI IERI, 20.00<\/span><\/p>\n<audio class=\"wp-audio-shortcode\" id=\"audio-422711-6\" preload=\"none\" style=\"width: 100%;\" controls=\"controls\"><source type=\"audio\/mpeg\" src=\"https:\/\/www.radiopiu.net\/wordpress\/wp-content\/uploads\/2024\/12\/giornale07-4.mp3?_=6\" \/><a href=\"https:\/\/www.radiopiu.net\/wordpress\/wp-content\/uploads\/2024\/12\/giornale07-4.mp3\">https:\/\/www.radiopiu.net\/wordpress\/wp-content\/uploads\/2024\/12\/giornale07-4.mp3<\/a><\/audio>\n<p>&nbsp;<\/p>\n<p><span style=\"color: #ff0000;\"><span style=\"color: #0000ff;\">SPORT<\/span> EDIZIONE DELLE 19, DEL 03 DICEMBRE 2024, LO SPORT EDIZIONE DI IERI<\/span><\/p>\n<audio class=\"wp-audio-shortcode\" id=\"audio-422711-7\" preload=\"none\" style=\"width: 100%;\" controls=\"controls\"><source type=\"audio\/mpeg\" src=\"https:\/\/www.radiopiu.net\/wordpress\/wp-content\/uploads\/2024\/12\/gr-sport-2.mp3?_=7\" \/><a href=\"https:\/\/www.radiopiu.net\/wordpress\/wp-content\/uploads\/2024\/12\/gr-sport-2.mp3\">https:\/\/www.radiopiu.net\/wordpress\/wp-content\/uploads\/2024\/12\/gr-sport-2.mp3<\/a><\/audio>\n<h2><\/h2>\n<h2><span style=\"color: #ff0000;\"><span style=\"color: #0000ff;\">ULTIM&#8217;ORA<\/span> AUDIO dalle sette del mattino, ogni ora alla radio EDIZIONE DELLE SETTE<\/span><\/h2>\n<audio class=\"wp-audio-shortcode\" id=\"audio-422711-8\" preload=\"none\" style=\"width: 100%;\" controls=\"controls\"><source type=\"audio\/mpeg\" src=\"https:\/\/www.radiopiu.net\/wordpress\/wp-content\/uploads\/2024\/12\/giornale07-5.mp3?_=8\" \/><a href=\"https:\/\/www.radiopiu.net\/wordpress\/wp-content\/uploads\/2024\/12\/giornale07-5.mp3\">https:\/\/www.radiopiu.net\/wordpress\/wp-content\/uploads\/2024\/12\/giornale07-5.mp3<\/a><\/audio>\n<p>&nbsp;<\/p>\n<p>&nbsp;<\/p>\n<hr \/>\n<p>&nbsp;<\/p>\n<p>&nbsp;<\/p>\n<h1><span style=\"color: #ff0000;\"><a class=\"dt-pswp-item\" href=\"https:\/\/www.radiopiu.net\/wordpress\/wp-content\/uploads\/2024\/11\/8.jpg\" data-dt-img-description=\"\" data-large_image_width=\"180\" data-large_image_height=\"180\"><img loading=\"lazy\" decoding=\"async\" class=\"size-full wp-image-417910 alignleft\" src=\"https:\/\/www.radiopiu.net\/wordpress\/wp-content\/uploads\/2024\/11\/8.jpg\" alt=\"\" width=\"180\" height=\"180\" srcset=\"https:\/\/www.radiopiu.net\/wordpress\/wp-content\/uploads\/2024\/11\/8.jpg 180w, https:\/\/www.radiopiu.net\/wordpress\/wp-content\/uploads\/2024\/11\/8-150x150.jpg 150w\" sizes=\"auto, (max-width: 180px) 100vw, 180px\" \/><\/a>I podcast informativi del mattino &#8211; video &#8211;\u00a0<\/span><\/h1>\n<h2 style=\"text-align: left;\"><strong>RASSEGNA STAMPA LOCALE, ORE OTTO<\/strong><\/h2>\n<h2><strong> <span style=\"color: #0000ff;\">viene\u00a0 <\/span><\/strong><strong><span style=\"color: #0000ff;\">pubblicata alle 8.05 <span style=\"color: #ff0000;\">DIRETTA RADIO\u00a0 \u00a0<\/span><\/span><\/strong><strong>DI MIRKO MEZZACASA<\/strong><\/h2>\n<h2><span style=\"color: #ff0000;\"><strong>\u00a0<\/strong><\/span><\/h2>\n<h2><span style=\"color: #ff0000;\"><strong>\u00a0<\/strong><\/span><\/h2>\n<h1><span style=\"color: #ff0000;\"><strong>VIDEO\u00a0 \u00a0in diretta dalle 8 del mattino\u00a0 \u00a0per ASCOLTARE <\/strong><\/span><\/h1>\n<blockquote>\n<h1 style=\"text-align: center;\"><a href=\"https:\/\/www.facebook.com\/radiopiu\/videos\/489333826892580\">CLICCA QUI<\/a><\/h1>\n<\/blockquote>\n<p><a class=\"dt-pswp-item\" href=\"https:\/\/www.radiopiu.net\/wordpress\/wp-content\/uploads\/2024\/11\/coop1-1.png\" data-dt-img-description=\"\" data-large_image_width=\"602\" data-large_image_height=\"375\">\u00a0<\/a><\/p>\n\n\t\t\t<style type='text\/css'>\n\t\t\t\t#gallery-1 {\n\t\t\t\t\tmargin: auto;\n\t\t\t\t}\n\t\t\t\t#gallery-1 .gallery-item {\n\t\t\t\t\tfloat: left;\n\t\t\t\t\tmargin-top: 10px;\n\t\t\t\t\ttext-align: center;\n\t\t\t\t\twidth: 50%;\n\t\t\t\t}\n\t\t\t\t#gallery-1 img {\n\t\t\t\t\tborder: 2px solid #cfcfcf;\n\t\t\t\t}\n\t\t\t\t#gallery-1 .gallery-caption {\n\t\t\t\t\tmargin-left: 0;\n\t\t\t\t}\n\t\t\t\t\/* see gallery_shortcode() in wp-includes\/media.php *\/\n\t\t\t<\/style>\n\t\t<div id='gallery-1' class='dt-gallery-container gallery galleryid-422711 gallery-columns-2 gallery-size-medium'><dl class='gallery-item'>\n\t\t\t\t<dt class='gallery-icon landscape'>\n\t\t\t\t\t<a class=\"rollover\" href='https:\/\/www.radiopiu.net\/wordpress\/giornale-radiopiu-04-dicembre-2024-direttore-mirko-mezzacasada-41-anni-25-giugno-1983-25-giugno-2024\/senza-nome-2803\/'><img loading=\"lazy\" decoding=\"async\" width=\"300\" height=\"221\" src=\"https:\/\/www.radiopiu.net\/wordpress\/wp-content\/uploads\/2024\/12\/Senza-nome-23-300x221.png\" class=\"attachment-medium size-medium\" alt=\"\" srcset=\"https:\/\/www.radiopiu.net\/wordpress\/wp-content\/uploads\/2024\/12\/Senza-nome-23-300x221.png 300w, https:\/\/www.radiopiu.net\/wordpress\/wp-content\/uploads\/2024\/12\/Senza-nome-23.png 484w\" sizes=\"auto, (max-width: 300px) 100vw, 300px\" \/><\/a>\n\t\t\t\t<\/dt><\/dl><dl class='gallery-item'>\n\t\t\t\t<dt class='gallery-icon landscape'>\n\t\t\t\t\t<a class=\"rollover\" href='https:\/\/www.radiopiu.net\/wordpress\/giornale-radiopiu-04-dicembre-2024-direttore-mirko-mezzacasada-41-anni-25-giugno-1983-25-giugno-2024\/senza-nome-2804\/'><img loading=\"lazy\" decoding=\"async\" width=\"300\" height=\"151\" src=\"https:\/\/www.radiopiu.net\/wordpress\/wp-content\/uploads\/2024\/12\/Senza-nome-24-300x151.png\" class=\"attachment-medium size-medium\" alt=\"\" srcset=\"https:\/\/www.radiopiu.net\/wordpress\/wp-content\/uploads\/2024\/12\/Senza-nome-24-300x151.png 300w, https:\/\/www.radiopiu.net\/wordpress\/wp-content\/uploads\/2024\/12\/Senza-nome-24.png 461w\" sizes=\"auto, (max-width: 300px) 100vw, 300px\" \/><\/a>\n\t\t\t\t<\/dt><\/dl><br style=\"clear: both\" \/>\n\t\t\t<\/div>\n\n<p>&nbsp;<\/p>\n<hr \/>\n<p>&nbsp;<\/p>\n<p>&nbsp;<\/p>\n<p><strong><a class=\"dt-pswp-item\" href=\"https:\/\/www.radiopiu.net\/wordpress\/wp-content\/uploads\/2023\/12\/ANTENNA.png\" data-dt-img-description=\"\" data-large_image_width=\"300\" data-large_image_height=\"166\"><img loading=\"lazy\" decoding=\"async\" class=\"wp-image-366306 alignright\" src=\"https:\/\/www.radiopiu.net\/wordpress\/wp-content\/uploads\/2023\/12\/ANTENNA.png\" alt=\"\" width=\"101\" height=\"56\" \/><\/a><a class=\"dt-pswp-item\" href=\"https:\/\/www.radiopiu.net\/wordpress\/wp-content\/uploads\/2024\/11\/th-17.jpg\" data-dt-img-description=\"\" data-large_image_width=\"224\" data-large_image_height=\"180\"><img loading=\"lazy\" decoding=\"async\" class=\" wp-image-421610 alignleft\" src=\"https:\/\/www.radiopiu.net\/wordpress\/wp-content\/uploads\/2024\/11\/th-17.jpg\" alt=\"\" width=\"167\" height=\"134\" \/><\/a>ogni sera alle 19 le anticipazioni alla radio, quello che poi seguirete nel TELEGIORNALE BELLUNESE\u00a0 in onda alle 19.30 sul CANALE 10 del digitale terrestre.\u00a0\u00a0<\/strong><\/p>\n<p>&nbsp;<\/p>\n<p>&nbsp;<\/p>\n<p><strong>LE ANTICIPAZIONI DAL TG DI ANTENNA 3 DI STEFANO BOZZI<\/strong><\/p>\n<audio class=\"wp-audio-shortcode\" id=\"audio-422711-9\" preload=\"none\" style=\"width: 100%;\" controls=\"controls\"><source type=\"audio\/mpeg\" src=\"https:\/\/www.radiopiu.net\/wordpress\/wp-content\/uploads\/2024\/12\/ANTENNA3-1.mp3?_=9\" \/><a href=\"https:\/\/www.radiopiu.net\/wordpress\/wp-content\/uploads\/2024\/12\/ANTENNA3-1.mp3\">https:\/\/www.radiopiu.net\/wordpress\/wp-content\/uploads\/2024\/12\/ANTENNA3-1.mp3<\/a><\/audio>\n<p>&nbsp;<\/p>\n<p>&nbsp;<\/p>\n<hr \/>\n<p>&nbsp;<\/p>\n<blockquote>\n<h3><img loading=\"lazy\" decoding=\"async\" class=\"alignleft\" src=\"https:\/\/www.radiopiu.net\/wordpress\/wp-content\/uploads\/2020\/05\/VENETO-STRADE-300x300.png\" width=\"89\" height=\"89\" \/>DA OGGI \u00a0CHIUSURA A FASCE ORARIE DELLA 563 DI SALESEI<\/h3>\n<\/blockquote>\n<p><strong>LIVINALLONGO\u00a0<\/strong> Dal 4 al 7 dicembre, tre giorni di interdizione totale (a fasce orarie) lungo la 563 di Salesei, in localit\u00e0 Costa di Salesei. CHIUSURA in entrambi i sensi di marcia dalle 8.15 alle 12.35 e dalle 13.35 alle 16.15<\/p>\n<p>&nbsp;<\/p>\n<p>&nbsp;<\/p>\n<hr \/>\n<p>&nbsp;<\/p>\n<p>&nbsp;<\/p>\n<blockquote>\n<h2>Turetta: un futuro segnato dall&#8217;ergastolo<\/h2>\n<\/blockquote>\n<blockquote>\n<blockquote>\n<blockquote>\n<blockquote><p><em><strong><a class=\"dt-pswp-item\" href=\"https:\/\/www.radiopiu.net\/wordpress\/wp-content\/uploads\/2024\/12\/Senza-nome-18.png\" data-dt-img-description=\"\" data-large_image_width=\"435\" data-large_image_height=\"204\"><img loading=\"lazy\" decoding=\"async\" class=\"size-medium wp-image-422797 alignleft\" src=\"https:\/\/www.radiopiu.net\/wordpress\/wp-content\/uploads\/2024\/12\/Senza-nome-18-300x141.png\" alt=\"\" width=\"300\" height=\"141\" srcset=\"https:\/\/www.radiopiu.net\/wordpress\/wp-content\/uploads\/2024\/12\/Senza-nome-18-300x141.png 300w, https:\/\/www.radiopiu.net\/wordpress\/wp-content\/uploads\/2024\/12\/Senza-nome-18.png 435w\" sizes=\"auto, (max-width: 300px) 100vw, 300px\" \/><\/a><\/strong>Massimo della pena nella sentenza di primo grado (dovr\u00e0 passare gli altri gradi di impugnazione) che sottolinea la gravit\u00e0 delle azioni compiute e rappresenta un monito contro la violenza di genere. La prima sentenza dopo 6 ore di camera di consiglio.\u00a0<\/em><\/p>\n<p><strong>VENEZIA<\/strong><\/p>\n<div class=\"flex max-w-full flex-col flex-grow\">\n<div class=\"min-h-8 text-message flex w-full flex-col items-end gap-2 whitespace-normal break-words [.text-message+&amp;]:mt-5\" dir=\"auto\" data-message-author-role=\"assistant\" data-message-id=\"b50e99ea-704e-43fc-b0b4-f56d1cca708d\" data-message-model-slug=\"gpt-4o\">\n<div class=\"flex w-full flex-col gap-1 empty:hidden first:pt-[3px]\">\n<div class=\"markdown prose w-full break-words dark:prose-invert dark\">\n<p>Filippo Turetta trascorrer\u00e0 il resto della sua vita in carcere. La sentenza di ergastolo \u00e8 arrivata per l\u2019omicidio volontario di Giulia Cecchettin. La premeditazione, da\u00a0 quella lista perfezionata il 7 novembre, quattro giorni prima dell\u2019omicidio, in cui il piano era dettagliato.<\/p>\n<blockquote>\n<h3><em>Per la Giuria nessuna crudelt\u00e0 e nessun atto persecutorio<\/em><\/h3>\n<\/blockquote>\n<p>Il verdetto pronunciato da Stefano Manduzio, Presidente la Corte d&#8217;assise di Venezia, esclusa la crudelt\u00e0,\u00a0 nonostante le 75 coltellate del 22enne padovano inflitte alla giovane, di cui 25 alle mani e agli avambracci, segni di una disperata difesa. Escluso anche lo stalking\u00a0 pur con i messaggi e le pressioni a cui \u00e8 stata sottoposta Giulia. Dal punto di vista risarcitorio, soddisfatte le richieste degli avvocati della famiglia Cecchettin.<\/p>\n<\/div>\n<\/div>\n<\/div>\n<\/div>\n<\/blockquote>\n<p>&nbsp;<\/p><\/blockquote>\n<\/blockquote>\n<\/blockquote>\n<p>&nbsp;<\/p>\n<hr \/>\n<p>&nbsp;<\/p>\n<blockquote>\n<h2>Christian Selle ancora grave<\/h2>\n<\/blockquote>\n<p><strong><a class=\"dt-pswp-item\" href=\"https:\/\/www.radiopiu.net\/wordpress\/wp-content\/uploads\/2024\/12\/Senza-nome-21.png\" data-dt-img-description=\"\" data-large_image_width=\"351\" data-large_image_height=\"317\"><img loading=\"lazy\" decoding=\"async\" class=\" wp-image-422872 alignleft\" src=\"https:\/\/www.radiopiu.net\/wordpress\/wp-content\/uploads\/2024\/12\/Senza-nome-21-300x271.png\" alt=\"\" width=\"180\" height=\"163\" srcset=\"https:\/\/www.radiopiu.net\/wordpress\/wp-content\/uploads\/2024\/12\/Senza-nome-21-300x271.png 300w, https:\/\/www.radiopiu.net\/wordpress\/wp-content\/uploads\/2024\/12\/Senza-nome-21.png 351w\" sizes=\"auto, (max-width: 180px) 100vw, 180px\" \/><\/a>REDAZIONE<\/strong> 24enne Christian Selle rimane in condizioni critiche dopo un grave incidente avvenuto sul versante trentino del Passo San Pellegrino. La prognosi resta riservata. E&#8217; un pensiero fisso, in tutta la vallata agordina. Sono centinaia i messaggi di vicinanza alla famiglia Selle. Si spera nella notizia importante, liberatoria dall&#8217;ospedale Santa Chiara di Trento, dove Christian \u00e8 ricoverato dallo scorso fine settimana. Come anticipato ieri, \u00e8 invece tornato a casa Christian, il sedicenne coinvolto in un incidente sulle strade di casa.\u00a0<em> &#8220;Il suo ritorno a casa \u00e8 un momento di gioia per tutta la nostra comunit\u00e0&#8221;, ha dichiarato il sindaco Oscar Nagler. Dopo l\u2019incidente, il paese si \u00e8 stretto intorno alla famiglia, con i giovani riuniti in chiesa per pregare e riflettere sull\u2019importanza della vita. &#8220;uesto evento ci ha dato molto su cui riflettere&#8221;\u00a0<\/em><\/p>\n<p>&nbsp;<\/p>\n<blockquote>\n<blockquote>\n<div class=\"flex max-w-full flex-col flex-grow\">\n<div class=\"min-h-8 text-message flex w-full flex-col items-end gap-2 whitespace-normal break-words [.text-message+&amp;]:mt-5\" dir=\"auto\" data-message-author-role=\"assistant\" data-message-id=\"b50e99ea-704e-43fc-b0b4-f56d1cca708d\" data-message-model-slug=\"gpt-4o\">\n<div class=\"flex w-full flex-col gap-1 empty:hidden first:pt-[3px]\">\n<div class=\"markdown prose w-full break-words dark:prose-invert dark\">\n<p>.<\/p>\n<\/div>\n<\/div>\n<\/div>\n<\/div>\n<\/blockquote>\n<\/blockquote>\n<div class=\"flex max-w-full flex-col flex-grow\">\n<div class=\"min-h-8 text-message flex w-full flex-col items-end gap-2 whitespace-normal break-words [.text-message+&amp;]:mt-5\" dir=\"auto\" data-message-author-role=\"assistant\" data-message-id=\"b50e99ea-704e-43fc-b0b4-f56d1cca708d\" data-message-model-slug=\"gpt-4o\">\n<div class=\"flex w-full flex-col gap-1 empty:hidden first:pt-[3px]\">\n<div class=\"markdown prose w-full break-words dark:prose-invert dark\">\n<hr \/>\n<p>&nbsp;<\/p>\n<\/div>\n<\/div>\n<\/div>\n<\/div>\n<blockquote>\n<blockquote>\n<div class=\"flex max-w-full flex-col flex-grow\">\n<div class=\"min-h-8 text-message flex w-full flex-col items-end gap-2 whitespace-normal break-words [.text-message+&amp;]:mt-5\" dir=\"auto\" data-message-author-role=\"assistant\" data-message-id=\"b50e99ea-704e-43fc-b0b4-f56d1cca708d\" data-message-model-slug=\"gpt-4o\">\n<div class=\"flex w-full flex-col gap-1 empty:hidden first:pt-[3px]\">\n<div class=\"markdown prose w-full break-words dark:prose-invert dark\">\n<h1>Infortunio in cantiere a Cortina: operaio elitrasportato in ospedale<\/h1>\n<blockquote>\n<div class=\"articlePlainText\"><em>Sar\u00e0 aperto un fascicolo penale per lesioni colpose, intanto la prognosi non dovrebbe essere lunga.\u00a0\u2014<\/em><\/div>\n<\/blockquote>\n<p><img loading=\"lazy\" decoding=\"async\" class=\"alignleft\" src=\"https:\/\/www.radiopiu.net\/wordpress\/wp-content\/uploads\/2024\/12\/9d511bc5-4a01-4364-833d-d43acf0e7709-300x300.webp\" width=\"120\" height=\"120\" \/><\/p>\n<p><strong>CORTINA<\/strong><\/p>\n<div class=\"flex max-w-full flex-col flex-grow\">\n<div class=\"min-h-8 text-message flex w-full flex-col items-end gap-2 whitespace-normal break-words [.text-message+&amp;]:mt-5\" dir=\"auto\" data-message-author-role=\"assistant\" data-message-id=\"d1a1f0dc-9974-4a7a-a29f-e3063e1dd24b\" data-message-model-slug=\"gpt-4o\">\n<div class=\"flex w-full flex-col gap-1 empty:hidden first:pt-[3px]\">\n<div class=\"markdown prose w-full break-words dark:prose-invert dark\">\n<p>A Zuel di Sotto, Cortina, un operaio edile 58enne di Treviso \u00e8 precipitato da un&#8217;altezza di tre metri mentre lavorava in un cantiere. Soccorso dai colleghi, \u00e8 stato elitrasportato in codice 2 all\u2019ospedale San Martino di Belluno. Spisal indaga sulle norme di sicurezza.<\/p>\n<p>&nbsp;<\/p>\n<\/div>\n<\/div>\n<\/div>\n<\/div>\n<p>&nbsp;<\/p>\n<\/div>\n<\/div>\n<\/div>\n<\/div>\n<\/blockquote>\n<\/blockquote>\n<hr \/>\n<p>&nbsp;<\/p>\n<blockquote>\n<h3>CARABINIERI: ATTENTI ALLE TRUFFE<\/h3>\n<\/blockquote>\n<p><strong><a class=\"dt-pswp-item\" href=\"https:\/\/www.radiopiu.net\/wordpress\/wp-content\/uploads\/2024\/12\/CARABINIERI-BELLUNO-TRUFFE_PROVINCIA-BELLUNO-scaled.jpg\" data-dt-img-description=\"\" data-large_image_width=\"2560\" data-large_image_height=\"1696\"><img loading=\"lazy\" decoding=\"async\" class=\" wp-image-422748 alignleft\" src=\"https:\/\/www.radiopiu.net\/wordpress\/wp-content\/uploads\/2024\/12\/CARABINIERI-BELLUNO-TRUFFE_PROVINCIA-BELLUNO-300x199.jpg\" alt=\"\" width=\"228\" height=\"151\" srcset=\"https:\/\/www.radiopiu.net\/wordpress\/wp-content\/uploads\/2024\/12\/CARABINIERI-BELLUNO-TRUFFE_PROVINCIA-BELLUNO-300x199.jpg 300w, https:\/\/www.radiopiu.net\/wordpress\/wp-content\/uploads\/2024\/12\/CARABINIERI-BELLUNO-TRUFFE_PROVINCIA-BELLUNO-1024x678.jpg 1024w, https:\/\/www.radiopiu.net\/wordpress\/wp-content\/uploads\/2024\/12\/CARABINIERI-BELLUNO-TRUFFE_PROVINCIA-BELLUNO-768x509.jpg 768w, https:\/\/www.radiopiu.net\/wordpress\/wp-content\/uploads\/2024\/12\/CARABINIERI-BELLUNO-TRUFFE_PROVINCIA-BELLUNO-1536x1017.jpg 1536w, https:\/\/www.radiopiu.net\/wordpress\/wp-content\/uploads\/2024\/12\/CARABINIERI-BELLUNO-TRUFFE_PROVINCIA-BELLUNO-2048x1356.jpg 2048w\" sizes=\"auto, (max-width: 228px) 100vw, 228px\" \/><\/a>BELLUNO<\/strong> Ieri mattina, presso il Comando Provinciale dei Carabinieri di Belluno, \u00e8 stata presentata un\u2019iniziativa contro le truffe agli anziani, promossa dai Carabinieri con il supporto della Provincia di Belluno. Sono stati stampati oltre 10.000 opuscoli informativi, distribuiti attraverso parrocchie, oratori e altri centri di aggregazione. Gli opuscoli contengono consigli pratici per prevenire raggiri, spiegando le tecniche pi\u00f9 comuni adottate dai truffatori, come richieste di cauzioni inesistenti o false emergenze. Inoltre, sei regole pratiche aiutano gli anziani a evitare pericoli, come diffidare dagli sconosciuti e non fornire informazioni personali. Il progetto \u00e8 stato sostenuto anche da campagne informative sui mezzi pubblici. Il Colonnello Pigozzo e il Presidente della Provincia, Roberto Padrin, hanno sottolineato l\u2019importanza della prevenzione e del contatto diretto con i Carabinieri al numero 112 in caso di sospetti.<\/p>\n<p>&nbsp;<\/p>\n<hr \/>\n<p>&nbsp;<\/p>\n<p>&nbsp;<\/p>\n<blockquote>\n<h2>Campagna anti-truffa: 10mila brochure in distribuzione a Belluno<\/h2>\n<\/blockquote>\n<p><strong><img loading=\"lazy\" decoding=\"async\" class=\"alignleft\" src=\"https:\/\/www.radiopiu.net\/wordpress\/wp-content\/uploads\/2024\/12\/649e3648-d1fa-4043-a220-39548572ee05-300x300.webp\" width=\"166\" height=\"166\" \/>BELLUNO<\/strong><\/p>\n<p>L\u2019Arma dei Carabinieri di Belluno, con il supporto della Provincia, ha lanciato una nuova campagna anti-truffa. Oltre 10mila brochure saranno distribuite in farmacie, mercatini e luoghi pubblici, puntando alla prevenzione e sensibilizzazione, specie verso gli anziani. La collaborazione mira a contrastare i crescenti tentativi di raggiro telefonico, raggiungendo tutti i territori provinciali durante il periodo natalizio.<\/p>\n<p><strong>DI DANIELE DALVIT<\/strong><\/p>\n<audio class=\"wp-audio-shortcode\" id=\"audio-422711-10\" preload=\"none\" style=\"width: 100%;\" controls=\"controls\"><source type=\"audio\/mpeg\" src=\"https:\/\/www.radiopiu.net\/wordpress\/wp-content\/uploads\/2024\/12\/Servizio-Volantino-antitruffa-cc-provincia-1.mp3?_=10\" \/><a href=\"https:\/\/www.radiopiu.net\/wordpress\/wp-content\/uploads\/2024\/12\/Servizio-Volantino-antitruffa-cc-provincia-1.mp3\">https:\/\/www.radiopiu.net\/wordpress\/wp-content\/uploads\/2024\/12\/Servizio-Volantino-antitruffa-cc-provincia-1.mp3<\/a><\/audio>\n<p>&nbsp;<\/p>\n<hr \/>\n<p>&nbsp;<\/p>\n<blockquote>\n<h2>Ridotto lo status di protezione del lupo: una svolta per la gestione alpina<\/h2>\n<\/blockquote>\n<div class=\"flex-1 overflow-hidden\">\n<div class=\"h-full\">\n<div class=\"react-scroll-to-bottom--css-pvgwc-79elbk h-full\">\n<div class=\"react-scroll-to-bottom--css-pvgwc-1n7m0yu\">\n<div class=\"flex h-full flex-col\">\n<div class=\"flex flex-col text-sm md:pb-9\">\n<article class=\"w-full scroll-mb-[var(--thread-trailing-height,150px)] text-token-text-primary focus-visible:outline-2 focus-visible:outline-offset-[-4px]\" dir=\"auto\" data-testid=\"conversation-turn-69\" data-scroll-anchor=\"true\">\n<div class=\"m-auto text-base py-[18px] px-3 md:px-4 w-full md:px-5 lg:px-4 xl:px-5\">\n<div class=\"mx-auto flex flex-1 gap-4 text-base md:gap-5 lg:gap-6 md:max-w-3xl lg:max-w-[40rem] xl:max-w-[48rem] -mx-4\">\n<div class=\"group\/conversation-turn relative flex w-full min-w-0 flex-col agent-turn\">\n<div class=\"flex-col gap-1 md:gap-3\">\n<div class=\"flex max-w-full flex-col flex-grow\">\n<div class=\"min-h-8 text-message flex w-full flex-col items-end gap-2 whitespace-normal break-words [.text-message+&amp;]:mt-5\" dir=\"auto\" data-message-author-role=\"assistant\" data-message-id=\"6f7ac4f5-d8bb-4ab7-800c-3cb73cf3c4a1\" data-message-model-slug=\"gpt-4o\">\n<div class=\"flex w-full flex-col gap-1 empty:hidden first:pt-[3px]\">\n<div class=\"markdown prose w-full break-words dark:prose-invert dark\">\n<div class=\"markdown prose w-full break-words dark:prose-invert dark\">\n<p><strong><a class=\"dt-pswp-item\" href=\"https:\/\/www.radiopiu.net\/wordpress\/wp-content\/uploads\/2024\/12\/HD-e1733230904611.jpg\" data-dt-img-description=\"\" data-large_image_width=\"1600\" data-large_image_height=\"2000\"><img loading=\"lazy\" decoding=\"async\" class=\" wp-image-422765 alignleft\" src=\"https:\/\/www.radiopiu.net\/wordpress\/wp-content\/uploads\/2024\/12\/HD-e1733230904611-240x300.jpg\" alt=\"\" width=\"153\" height=\"191\" srcset=\"https:\/\/www.radiopiu.net\/wordpress\/wp-content\/uploads\/2024\/12\/HD-e1733230904611-240x300.jpg 240w, https:\/\/www.radiopiu.net\/wordpress\/wp-content\/uploads\/2024\/12\/HD-e1733230904611-819x1024.jpg 819w, https:\/\/www.radiopiu.net\/wordpress\/wp-content\/uploads\/2024\/12\/HD-e1733230904611-768x960.jpg 768w, https:\/\/www.radiopiu.net\/wordpress\/wp-content\/uploads\/2024\/12\/HD-e1733230904611-1229x1536.jpg 1229w, https:\/\/www.radiopiu.net\/wordpress\/wp-content\/uploads\/2024\/12\/HD-e1733230904611.jpg 1600w\" sizes=\"auto, (max-width: 153px) 100vw, 153px\" \/><\/a>BRUXELLES<\/strong><\/p>\n<p>La Convenzione di Berna ha formalizzato la decisione di abbassare lo status di protezione del lupo da \u201cstrettamente protetto\u201d a \u201cprotetto.\u201d L\u2019europarlamentare Herbert Dorfmann, promotore della modifica, sottolinea l\u2019opportunit\u00e0 di una gestione equilibrata che consideri le esigenze delle malghe e dell\u2019allevamento al pascolo.<\/p>\n<p>La nuova classificazione, approvata con maggioranza qualificata, rappresenta un passo verso una gestione pragmatica dei grandi carnivori in Europa. Tuttavia, la piena attuazione dipender\u00e0 dall\u2019adeguamento della Direttiva Habitat dell\u2019Ue. Dorfmann ha ribadito l\u2019impegno per garantire un\u2019implementazione rapida, mirando a tutelare l\u2019equilibrio tra conservazione e attivit\u00e0 agricole nelle regioni alpine.<\/p>\n<\/div>\n<div class=\"flex-1 overflow-hidden\">\n<div class=\"h-full\">\n<div class=\"react-scroll-to-bottom--css-pvgwc-79elbk h-full\">\n<div class=\"react-scroll-to-bottom--css-pvgwc-1n7m0yu\">\n<div class=\"flex h-full flex-col\">\n<div class=\"flex flex-col text-sm md:pb-9\">\n<article class=\"w-full scroll-mb-[var(--thread-trailing-height,150px)] text-token-text-primary focus-visible:outline-2 focus-visible:outline-offset-[-4px]\" dir=\"auto\" data-testid=\"conversation-turn-69\" data-scroll-anchor=\"true\">\n<div class=\"m-auto text-base py-[18px] px-3 md:px-4 w-full md:px-5 lg:px-4 xl:px-5\">\n<div class=\"mx-auto flex flex-1 gap-4 text-base md:gap-5 lg:gap-6 md:max-w-3xl lg:max-w-[40rem] xl:max-w-[48rem] -mx-4\">\n<div class=\"group\/conversation-turn relative flex w-full min-w-0 flex-col agent-turn\">\n<div class=\"flex-col gap-1 md:gap-3\">\n<div class=\"flex max-w-full flex-col flex-grow\">\n<div class=\"min-h-8 text-message flex w-full flex-col items-end gap-2 whitespace-normal break-words [.text-message+&amp;]:mt-5\" dir=\"auto\" data-message-author-role=\"assistant\" data-message-id=\"6f7ac4f5-d8bb-4ab7-800c-3cb73cf3c4a1\" data-message-model-slug=\"gpt-4o\">\n<div class=\"flex w-full flex-col gap-1 empty:hidden first:pt-[3px]\">\n<div class=\"markdown prose w-full break-words dark:prose-invert dark\">\n<h3><\/h3>\n<h3>Herbert Dorfmann &#8211; Votazione lupo Convenzione di Berna<\/h3>\n<audio class=\"wp-audio-shortcode\" id=\"audio-422711-11\" preload=\"none\" style=\"width: 100%;\" controls=\"controls\"><source type=\"audio\/mpeg\" src=\"https:\/\/www.radiopiu.net\/wordpress\/wp-content\/uploads\/2024\/12\/Herbert-Dorfmann-Votazione-lupo-Convenzione-di-Berna.mp3?_=11\" \/><a href=\"https:\/\/www.radiopiu.net\/wordpress\/wp-content\/uploads\/2024\/12\/Herbert-Dorfmann-Votazione-lupo-Convenzione-di-Berna.mp3\">https:\/\/www.radiopiu.net\/wordpress\/wp-content\/uploads\/2024\/12\/Herbert-Dorfmann-Votazione-lupo-Convenzione-di-Berna.mp3<\/a><\/audio>\n<\/div>\n<\/div>\n<\/div>\n<\/div>\n<\/div>\n<\/div>\n<\/div>\n<\/div>\n<\/article>\n<\/div>\n<\/div>\n<\/div>\n<\/div>\n<\/div>\n<\/div>\n<div class=\"markdown prose w-full break-words dark:prose-invert dark\">\n<h2><\/h2>\n<h3><strong>Il Segretario della Lega Belluno Andrea De Bernardin<\/strong><\/h3>\n<audio class=\"wp-audio-shortcode\" id=\"audio-422711-12\" preload=\"none\" style=\"width: 100%;\" controls=\"controls\"><source type=\"audio\/mpeg\" src=\"https:\/\/www.radiopiu.net\/wordpress\/wp-content\/uploads\/2024\/12\/andrea.mp3?_=12\" \/><a href=\"https:\/\/www.radiopiu.net\/wordpress\/wp-content\/uploads\/2024\/12\/andrea.mp3\">https:\/\/www.radiopiu.net\/wordpress\/wp-content\/uploads\/2024\/12\/andrea.mp3<\/a><\/audio>\n<\/div>\n<div class=\"markdown prose w-full break-words dark:prose-invert dark\">\n<h3><\/h3>\n<h3><strong>Declassamento del lupo: un passo avanti per allevamento e sicurezza<\/strong><\/h3>\n<p>Il Senatore Luca De Carlo sottolinea l\u2019importanza della decisione per agricoltura e sicurezza. Fratelli d\u2019Italia spinge per un\u2019accelerazione normativa europea. L\u2019obiettivo \u00e8 semplificare la gestione del lupo, alleggerendo iter burocratici e valorizzando il ruolo delle regioni.<\/p>\n<p>&nbsp;<\/p>\n<p><strong>Declassamento del lupo: un passo per salvaguardare agricoltura e territorio<\/strong><\/p>\n<p>La vice presidente della Provincia di Belluno, Silvia Calligaro, accoglie positivamente il declassamento del lupo da specie \u201cstrettamente protetta\u201d a \u201cprote<em>tta. &#8220;La misura punta a equilibrare la tutela del lupo con la salvaguardia delle aziende agricole di montagna, messe a rischio dai numerosi predatori&#8221;.<\/em> Calligaro sottolinea l&#8217;urgenza di normative europee che favoriscano la convivenza tra lupo e attivit\u00e0 agricole, essenziali per il lavoro, la difesa del suolo e il turismo montano.<\/p>\n<\/div>\n<p>&nbsp;<\/p>\n<blockquote>\n<h3><\/h3>\n<\/blockquote>\n<hr \/>\n<p>&nbsp;<\/p>\n<blockquote>\n<h2>EDiM \u2013 GRUPPO BOSCH: RAGGIUNTO UN ACCORDO POSITIVO<\/h2>\n<p><strong><a class=\"dt-pswp-item\" href=\"https:\/\/www.radiopiu.net\/wordpress\/wp-content\/uploads\/2024\/12\/7e1d7865-389f-41ff-a1ca-18e2ff5fcde7-scaled.jpg\" data-dt-img-description=\"\" data-large_image_width=\"2560\" data-large_image_height=\"1920\"><img loading=\"lazy\" decoding=\"async\" class=\"size-medium wp-image-422842 alignleft\" src=\"https:\/\/www.radiopiu.net\/wordpress\/wp-content\/uploads\/2024\/12\/7e1d7865-389f-41ff-a1ca-18e2ff5fcde7-300x225.jpg\" alt=\"\" width=\"300\" height=\"225\" srcset=\"https:\/\/www.radiopiu.net\/wordpress\/wp-content\/uploads\/2024\/12\/7e1d7865-389f-41ff-a1ca-18e2ff5fcde7-300x225.jpg 300w, https:\/\/www.radiopiu.net\/wordpress\/wp-content\/uploads\/2024\/12\/7e1d7865-389f-41ff-a1ca-18e2ff5fcde7-1024x768.jpg 1024w, https:\/\/www.radiopiu.net\/wordpress\/wp-content\/uploads\/2024\/12\/7e1d7865-389f-41ff-a1ca-18e2ff5fcde7-768x576.jpg 768w, https:\/\/www.radiopiu.net\/wordpress\/wp-content\/uploads\/2024\/12\/7e1d7865-389f-41ff-a1ca-18e2ff5fcde7-1536x1152.jpg 1536w, https:\/\/www.radiopiu.net\/wordpress\/wp-content\/uploads\/2024\/12\/7e1d7865-389f-41ff-a1ca-18e2ff5fcde7-2048x1536.jpg 2048w\" sizes=\"auto, (max-width: 300px) 100vw, 300px\" \/><\/a>SETTEVILLE<\/strong><\/p>\n<div class=\"flex-1 overflow-hidden\">\n<div class=\"h-full\">\n<div class=\"react-scroll-to-bottom--css-pvgwc-79elbk h-full\">\n<div class=\"react-scroll-to-bottom--css-pvgwc-1n7m0yu\">\n<div class=\"flex h-full flex-col\">\n<div class=\"flex flex-col text-sm md:pb-9\">\n<article class=\"w-full scroll-mb-[var(--thread-trailing-height,150px)] text-token-text-primary focus-visible:outline-2 focus-visible:outline-offset-[-4px]\" dir=\"auto\" data-testid=\"conversation-turn-113\" data-scroll-anchor=\"true\">\n<div class=\"m-auto text-base py-[18px] px-3 md:px-4 w-full md:px-5 lg:px-4 xl:px-5\">\n<div class=\"mx-auto flex flex-1 gap-4 text-base md:gap-5 lg:gap-6 md:max-w-3xl lg:max-w-[40rem] xl:max-w-[48rem] -mx-4\">\n<div class=\"group\/conversation-turn relative flex w-full min-w-0 flex-col agent-turn\">\n<div class=\"flex-col gap-1 md:gap-3\">\n<div class=\"flex max-w-full flex-col flex-grow\">\n<div class=\"min-h-8 text-message flex w-full flex-col items-end gap-2 whitespace-normal break-words [.text-message+&amp;]:mt-5\" dir=\"auto\" data-message-author-role=\"assistant\" data-message-id=\"97174f40-92d3-4701-8817-0be829c6a8e1\" data-message-model-slug=\"gpt-4o\">\n<div class=\"flex w-full flex-col gap-1 empty:hidden first:pt-[3px]\">\n<div class=\"markdown prose w-full break-words dark:prose-invert dark\">\n<p>Nella sede di Confindustria a Feltre, si \u00e8 svolto un incontro cruciale per il futuro dei lavoratori di EDiM \u2013 Gruppo Bosch, stabilimenti di Setteville e Villasanta. Presenti rappresentanti sindacali di Fim, Fiom e Uilm, dirigenti aziendali guidati dall\u2019amministratore delegato Sandro Soccol e le Unit\u00e0 di Crisi delle Regioni Veneto e Lombardia. Dopo un\u2019analisi approfondita dei bilanci e delle prospettive aziendali, \u00e8 stato raggiunto un accordo positivo. L\u2019azienda ha garantito che non attuer\u00e0 licenziamenti collettivi unilaterali e si \u00e8 impegnata a utilizzare ammortizzatori sociali per affrontare la crisi. \u00c8 previsto anche un piano per incentivare le dimissioni volontarie, accompagnate da percorsi di outplacement. Le parti hanno convenuto sull\u2019importanza di minimizzare l\u2019impatto sociale, impegnandosi a ricollocare i lavoratori interinali coinvolti. Il prossimo incontro \u00e8 fissato per l\u201911 dicembre per definire gli strumenti sociali idonei, con un confronto successivo al Ministero per discutere del futuro della EDiM.<\/p>\n<\/div>\n<\/div>\n<\/div>\n<\/div>\n<p>&nbsp;<\/p>\n<div class=\"flex max-w-full flex-col flex-grow\">\n<div class=\"min-h-8 text-message flex w-full flex-col items-end gap-2 whitespace-normal break-words [.text-message+&amp;]:mt-5\" dir=\"auto\" data-message-author-role=\"assistant\" data-message-id=\"97174f40-92d3-4701-8817-0be829c6a8e1\" data-message-model-slug=\"gpt-4o\">\n<div class=\"flex w-full flex-col gap-1 empty:hidden first:pt-[3px]\">\n<div class=\"markdown prose w-full break-words dark:prose-invert dark\">\n<p>&nbsp;<\/p>\n<p>&nbsp;<\/p>\n<p><strong>EDiM: un\u2019intesa per salvaguardare lavoro e stabilimenti<\/strong><\/p>\n<p>Raggiunta un\u2019intesa tra EDiM e sindacati per evitare licenziamenti unilaterali nei siti di Settevalli e Villasanta. Stabilito l\u2019uso di ammortizzatori sociali per tutelare i salari e incentivi per uscite volontarie, con percorsi di ricollocazione a carico dell\u2019azienda. Ciro D\u2019Alessio (FIOM) e Stefano Bona (FIOM Belluno) sottolineano l\u2019importanza di rilanciare i siti e tutelare i lavoratori in una crisi che colpisce il settore automotive. Durante un incontro ministeriale verranno definiti i dettagli degli interventi. L\u2019obiettivo \u00e8 trasformare questa crisi in un\u2019opportunit\u00e0 per garantire continuit\u00e0 produttiva e occupazionale, salvaguardando l\u2019economia del territorio bellunese.<\/p>\n<p>&nbsp;<\/p>\n<p>&nbsp;<\/p>\n<\/div>\n<\/div>\n<\/div>\n<\/div>\n<\/div>\n<\/div>\n<\/div>\n<\/div>\n<\/article>\n<\/div>\n<\/div>\n<\/div>\n<\/div>\n<\/div>\n<\/div>\n<\/blockquote>\n<div class=\"flex-1 overflow-hidden\">\n<div class=\"h-full\">\n<div class=\"react-scroll-to-bottom--css-pvgwc-79elbk h-full\">\n<div class=\"react-scroll-to-bottom--css-pvgwc-1n7m0yu\">\n<div class=\"flex h-full flex-col\">\n<div class=\"flex flex-col text-sm md:pb-9\">\n<article class=\"w-full scroll-mb-[var(--thread-trailing-height,150px)] text-token-text-primary focus-visible:outline-2 focus-visible:outline-offset-[-4px]\" dir=\"auto\" data-testid=\"conversation-turn-113\" data-scroll-anchor=\"true\">\n<div class=\"m-auto text-base py-[18px] px-3 md:px-4 w-full md:px-5 lg:px-4 xl:px-5\">\n<div class=\"mx-auto flex flex-1 gap-4 text-base md:gap-5 lg:gap-6 md:max-w-3xl lg:max-w-[40rem] xl:max-w-[48rem] -mx-4\">\n<div class=\"group\/conversation-turn relative flex w-full min-w-0 flex-col agent-turn\">\n<div class=\"flex-col gap-1 md:gap-3\">\n<div class=\"flex max-w-full flex-col flex-grow\">\n<div class=\"min-h-8 text-message flex w-full flex-col items-end gap-2 whitespace-normal break-words [.text-message+&amp;]:mt-5\" dir=\"auto\" data-message-author-role=\"assistant\" data-message-id=\"97174f40-92d3-4701-8817-0be829c6a8e1\" data-message-model-slug=\"gpt-4o\">\n<div class=\"flex w-full flex-col gap-1 empty:hidden first:pt-[3px]\">\n<div class=\"markdown prose w-full break-words dark:prose-invert dark\">\n<hr \/>\n<p>&nbsp;<\/p>\n<\/div>\n<\/div>\n<\/div>\n<\/div>\n<\/div>\n<\/div>\n<\/div>\n<\/div>\n<\/article>\n<\/div>\n<\/div>\n<\/div>\n<\/div>\n<\/div>\n<\/div>\n<div class=\"flex-1 overflow-hidden\">\n<div class=\"h-full\">\n<div class=\"react-scroll-to-bottom--css-pvgwc-79elbk h-full\">\n<div class=\"react-scroll-to-bottom--css-pvgwc-1n7m0yu\">\n<div class=\"flex h-full flex-col\">\n<div class=\"flex flex-col text-sm md:pb-9\">\n<article class=\"w-full scroll-mb-[var(--thread-trailing-height,150px)] text-token-text-primary focus-visible:outline-2 focus-visible:outline-offset-[-4px]\" dir=\"auto\" data-testid=\"conversation-turn-113\" data-scroll-anchor=\"true\">\n<div class=\"m-auto text-base py-[18px] px-3 md:px-4 w-full md:px-5 lg:px-4 xl:px-5\">\n<div class=\"mx-auto flex flex-1 gap-4 text-base md:gap-5 lg:gap-6 md:max-w-3xl lg:max-w-[40rem] xl:max-w-[48rem] -mx-4\">\n<div class=\"group\/conversation-turn relative flex w-full min-w-0 flex-col agent-turn\">\n<div class=\"flex-col gap-1 md:gap-3\">\n<div class=\"flex max-w-full flex-col flex-grow\">\n<div class=\"min-h-8 text-message flex w-full flex-col items-end gap-2 whitespace-normal break-words [.text-message+&amp;]:mt-5\" dir=\"auto\" data-message-author-role=\"assistant\" data-message-id=\"97174f40-92d3-4701-8817-0be829c6a8e1\" data-message-model-slug=\"gpt-4o\">\n<div class=\"flex w-full flex-col gap-1 empty:hidden first:pt-[3px]\">\n<div class=\"markdown prose w-full break-words dark:prose-invert dark\">\n<p><strong><a href=\"https:\/\/www.radiopiu.net\/wordpress\/wp-content\/uploads\/2024\/12\/d16ef036-6521-40f3-9a76-0e4d7aaf41c1.webp\"><img loading=\"lazy\" decoding=\"async\" class=\"size-medium wp-image-422890 alignleft\" src=\"https:\/\/www.radiopiu.net\/wordpress\/wp-content\/uploads\/2024\/12\/d16ef036-6521-40f3-9a76-0e4d7aaf41c1-300x300.webp\" alt=\"\" width=\"300\" height=\"300\" srcset=\"https:\/\/www.radiopiu.net\/wordpress\/wp-content\/uploads\/2024\/12\/d16ef036-6521-40f3-9a76-0e4d7aaf41c1-300x300.webp 300w, https:\/\/www.radiopiu.net\/wordpress\/wp-content\/uploads\/2024\/12\/d16ef036-6521-40f3-9a76-0e4d7aaf41c1-150x150.webp 150w, https:\/\/www.radiopiu.net\/wordpress\/wp-content\/uploads\/2024\/12\/d16ef036-6521-40f3-9a76-0e4d7aaf41c1-768x768.webp 768w, https:\/\/www.radiopiu.net\/wordpress\/wp-content\/uploads\/2024\/12\/d16ef036-6521-40f3-9a76-0e4d7aaf41c1.webp 1024w\" sizes=\"auto, (max-width: 300px) 100vw, 300px\" \/><\/a>LA GIUDIZIARIA OGGI<\/strong><br \/>\n<strong>dal corriere delle alpi<\/strong><br \/>\n<strong>GIGI SOSSO<\/strong><br \/>\nSINTESI<\/p>\n<blockquote><p><strong>Truffa telefonica: perde 25 mila euro, ma ne recupera 22 mila<\/strong><\/p><\/blockquote>\n<p>ALPAGO Un uomo di origini alpagote \u00e8 stato vittima di phishing telefonico, perdendo i risparmi di una vita: 25 mila euro. Dopo la denuncia ai carabinieri, \u00e8 riuscito a recuperare 22 mila euro grazie a un intervento tecnico, mentre il resto \u00e8 stato bloccato dall\u2019Agenzia delle Entrate in attesa di sviluppi giudiziari.<\/p>\n<\/div>\n<p>&nbsp;<\/p>\n<div class=\"group\/conversation-turn relative flex w-full min-w-0 flex-col agent-turn\">\n<div class=\"flex-col gap-1 md:gap-3\">\n<div class=\"flex max-w-full flex-col flex-grow\">\n<div class=\"min-h-8 text-message flex w-full flex-col items-end gap-2 whitespace-normal break-words [.text-message+&amp;]:mt-5\" dir=\"auto\" data-message-author-role=\"assistant\" data-message-id=\"f336ff3f-6df3-4820-a5de-1dda2b1505d5\" data-message-model-slug=\"gpt-4o\">\n<div class=\"flex w-full flex-col gap-1 empty:hidden first:pt-[3px]\">\n<div class=\"markdown prose w-full break-words dark:prose-invert dark\">\n<blockquote><p><strong>Accuse di maltrattamenti e stalking: a giudizio un bellunese<\/strong><\/p><\/blockquote>\n<p>BELLUNO Un bellunese \u00e8 stato rinviato a giudizio per maltrattamenti durante il matrimonio e stalking dopo la separazione. Indagato, \u00e8 sottoposto al braccialetto elettronico e non pu\u00f2 avvicinarsi all&#8217;ex coniuge, parte civile nel processo. Il dibattimento inizier\u00e0 il 6 febbraio prossimo.<\/p>\n<\/div>\n<\/div>\n<\/div>\n<\/div>\n<\/div>\n<\/div>\n<\/div>\n<\/div>\n<\/div>\n<\/div>\n<\/div>\n<\/div>\n<\/div>\n<\/article>\n<\/div>\n<\/div>\n<\/div>\n<\/div>\n<\/div>\n<\/div>\n<\/div>\n<\/div>\n<\/div>\n<\/div>\n<\/div>\n<\/div>\n<\/div>\n<\/div>\n<\/article>\n<\/div>\n<\/div>\n<\/div>\n<\/div>\n<\/div>\n<\/div>\n<blockquote><p>&nbsp;<\/p>\n<p><strong>Feltrino a giudizio per maltrattamenti alla madre<\/strong><\/p><\/blockquote>\n<p>FELTRE Un uomo di Feltre, detenuto a Verona per altro reato, \u00e8 accusato di maltrattamenti aggravati verso la madre. Nonostante il ritiro della querela, il processo penale procede d&#8217;ufficio per minacce, maltrattamenti psicologici e presunte percosse. L\u2019imputato \u00e8 difeso dall\u2019avvocato Elisa Collostide.<\/p>\n<p>&nbsp;<\/p>\n<blockquote><p><strong>Condannato per maltrattamenti, torna a processo per nuovi episodi<\/strong><\/p><\/blockquote>\n<p>FELTRE T.P., gi\u00e0 condannato a due anni e un mese per maltrattamenti e lesioni alla madre, \u00e8 stato rinviato a giudizio per nuove violenze avvenute tra il 10 e il 23 luglio. Minacce, percosse e atteggiamenti intimidatori hanno creato un clima insostenibile. Il processo inizier\u00e0 il 6 febbraio.<\/p>\n<p>&nbsp;<\/p>\n<blockquote>\n<h3>Palpeggio la ragazzina, patteggia e paga<\/h3>\n<\/blockquote>\n<p>CORTINA Palpeggiata una 13enne sull&#8217;autobus: pattegger\u00e0 la condizionale l&#8217;ex dipendente di Cortina Express G.S. che il 6 ottobre 2023 aveva messo le mani addosso a una studentessa, tentando anche di baciarla. Due anni con pena sospesa o anche qualcosa di meno, ma prima dovr\u00e0 investire il tempo fino al prossimo 21 gennaio per mettere insieme un risarcimento danni adeguato e scegliere l&#8217;ente in cui cominciare un percorso di rieducazione. Il gup Elisabetta Scolozzi ha concesso poco pi\u00f9 di un mese, per risolvere il caso di atti sessuali con minore. G.S. \u00e8 stato licenziato dall&#8217;azienda ampezzana<\/p>\n<p>&nbsp;<\/p>\n<hr \/>\n<p>&nbsp;<\/p>\n<blockquote><p><strong>Nascite straordinarie a Belluno: due bimbi &#8220;con la camicia&#8221; in otto giorni<\/strong><\/p><\/blockquote>\n<p><strong>GOSALDO<\/strong> Nicol\u00f2 e Vittoria, nati a Belluno con il sacco amniotico integro, un evento rarissimo che avviene ogni 80 mila parti, hanno portato stupore e gioia. I piccoli, originari di Gosaldo e Sagron Mis, appartengono a famiglie legate da sangue e tradizioni gosaldine, rendendo l\u2019evento ancora pi\u00f9 speciale.<\/p>\n<p>DI GIANNI SANTOMASO<\/p>\n<audio class=\"wp-audio-shortcode\" id=\"audio-422711-13\" preload=\"none\" style=\"width: 100%;\" controls=\"controls\"><source type=\"audio\/mpeg\" src=\"https:\/\/www.radiopiu.net\/wordpress\/wp-content\/uploads\/2024\/12\/GIANNI-CAMICIA.mp3?_=13\" \/><a href=\"https:\/\/www.radiopiu.net\/wordpress\/wp-content\/uploads\/2024\/12\/GIANNI-CAMICIA.mp3\">https:\/\/www.radiopiu.net\/wordpress\/wp-content\/uploads\/2024\/12\/GIANNI-CAMICIA.mp3<\/a><\/audio>\n\n\t\t\t<style type='text\/css'>\n\t\t\t\t#gallery-2 {\n\t\t\t\t\tmargin: auto;\n\t\t\t\t}\n\t\t\t\t#gallery-2 .gallery-item {\n\t\t\t\t\tfloat: left;\n\t\t\t\t\tmargin-top: 10px;\n\t\t\t\t\ttext-align: center;\n\t\t\t\t\twidth: 33%;\n\t\t\t\t}\n\t\t\t\t#gallery-2 img {\n\t\t\t\t\tborder: 2px solid #cfcfcf;\n\t\t\t\t}\n\t\t\t\t#gallery-2 .gallery-caption {\n\t\t\t\t\tmargin-left: 0;\n\t\t\t\t}\n\t\t\t\t\/* see gallery_shortcode() in wp-includes\/media.php *\/\n\t\t\t<\/style>\n\t\t<div id='gallery-2' class='dt-gallery-container gallery galleryid-422711 gallery-columns-3 gallery-size-medium'><dl class='gallery-item'>\n\t\t\t\t<dt class='gallery-icon portrait'>\n\t\t\t\t\t<a class=\"rollover rollover-zoom dt-pswp-item\" title=\"WhatsApp Image 2024-12-03 at 18.25.48\" data-dt-img-description=\"\" data-large_image_width=\"1200\" data-large_image_height=\"1600\"href='https:\/\/www.radiopiu.net\/wordpress\/wp-content\/uploads\/2024\/12\/WhatsApp-Image-2024-12-03-at-18.25.48.jpeg'><img loading=\"lazy\" decoding=\"async\" width=\"225\" height=\"300\" src=\"https:\/\/www.radiopiu.net\/wordpress\/wp-content\/uploads\/2024\/12\/WhatsApp-Image-2024-12-03-at-18.25.48-225x300.jpeg\" class=\"attachment-medium size-medium\" alt=\"\" srcset=\"https:\/\/www.radiopiu.net\/wordpress\/wp-content\/uploads\/2024\/12\/WhatsApp-Image-2024-12-03-at-18.25.48-225x300.jpeg 225w, https:\/\/www.radiopiu.net\/wordpress\/wp-content\/uploads\/2024\/12\/WhatsApp-Image-2024-12-03-at-18.25.48-768x1024.jpeg 768w, https:\/\/www.radiopiu.net\/wordpress\/wp-content\/uploads\/2024\/12\/WhatsApp-Image-2024-12-03-at-18.25.48-1152x1536.jpeg 1152w, https:\/\/www.radiopiu.net\/wordpress\/wp-content\/uploads\/2024\/12\/WhatsApp-Image-2024-12-03-at-18.25.48.jpeg 1200w\" sizes=\"auto, (max-width: 225px) 100vw, 225px\" \/><\/a>\n\t\t\t\t<\/dt><\/dl><dl class='gallery-item'>\n\t\t\t\t<dt class='gallery-icon portrait'>\n\t\t\t\t\t<a class=\"rollover rollover-zoom dt-pswp-item\" title=\"WhatsApp Image 2024-12-03 at 18.26.21\" data-dt-img-description=\"\" data-large_image_width=\"1200\" data-large_image_height=\"1600\"href='https:\/\/www.radiopiu.net\/wordpress\/wp-content\/uploads\/2024\/12\/WhatsApp-Image-2024-12-03-at-18.26.21.jpeg'><img loading=\"lazy\" decoding=\"async\" width=\"225\" height=\"300\" src=\"https:\/\/www.radiopiu.net\/wordpress\/wp-content\/uploads\/2024\/12\/WhatsApp-Image-2024-12-03-at-18.26.21-225x300.jpeg\" class=\"attachment-medium size-medium\" alt=\"\" srcset=\"https:\/\/www.radiopiu.net\/wordpress\/wp-content\/uploads\/2024\/12\/WhatsApp-Image-2024-12-03-at-18.26.21-225x300.jpeg 225w, https:\/\/www.radiopiu.net\/wordpress\/wp-content\/uploads\/2024\/12\/WhatsApp-Image-2024-12-03-at-18.26.21-768x1024.jpeg 768w, https:\/\/www.radiopiu.net\/wordpress\/wp-content\/uploads\/2024\/12\/WhatsApp-Image-2024-12-03-at-18.26.21-1152x1536.jpeg 1152w, https:\/\/www.radiopiu.net\/wordpress\/wp-content\/uploads\/2024\/12\/WhatsApp-Image-2024-12-03-at-18.26.21.jpeg 1200w\" sizes=\"auto, (max-width: 225px) 100vw, 225px\" \/><\/a>\n\t\t\t\t<\/dt><\/dl>\n\t\t\t\t<br style='clear: both' \/>\n\t\t\t<\/div>\n\n<p>&nbsp;<\/p>\n<hr \/>\n<p>&nbsp;<\/p>\n<blockquote>\n<h2>2 milioni per impianti termici: un aiuto alle piccole imprese<\/h2>\n<\/blockquote>\n<p><strong><a href=\"https:\/\/www.radiopiu.net\/wordpress\/wp-content\/uploads\/2024\/12\/23ab79d7-4af7-4cb9-9e7e-9400c7fca671.webp\"><img loading=\"lazy\" decoding=\"async\" class=\"wp-image-422769 alignleft\" src=\"https:\/\/www.radiopiu.net\/wordpress\/wp-content\/uploads\/2024\/12\/23ab79d7-4af7-4cb9-9e7e-9400c7fca671-300x300.webp\" alt=\"\" width=\"168\" height=\"168\" srcset=\"https:\/\/www.radiopiu.net\/wordpress\/wp-content\/uploads\/2024\/12\/23ab79d7-4af7-4cb9-9e7e-9400c7fca671-300x300.webp 300w, https:\/\/www.radiopiu.net\/wordpress\/wp-content\/uploads\/2024\/12\/23ab79d7-4af7-4cb9-9e7e-9400c7fca671-150x150.webp 150w, https:\/\/www.radiopiu.net\/wordpress\/wp-content\/uploads\/2024\/12\/23ab79d7-4af7-4cb9-9e7e-9400c7fca671-768x768.webp 768w, https:\/\/www.radiopiu.net\/wordpress\/wp-content\/uploads\/2024\/12\/23ab79d7-4af7-4cb9-9e7e-9400c7fca671.webp 1024w\" sizes=\"auto, (max-width: 168px) 100vw, 168px\" \/><\/a>VENEZIA<\/strong><\/p>\n<div class=\"flex max-w-full flex-col flex-grow\">\n<div class=\"min-h-8 text-message flex w-full flex-col items-end gap-2 whitespace-normal break-words [.text-message+&amp;]:mt-5\" dir=\"auto\" data-message-author-role=\"assistant\" data-message-id=\"4745a1f9-c57a-4dfe-9b63-740a04908f14\" data-message-model-slug=\"gpt-4o\">\n<div class=\"flex w-full flex-col gap-1 empty:hidden first:pt-[3px]\">\n<div class=\"markdown prose w-full break-words dark:prose-invert dark\">\n<p>La Regione Veneto ha stanziato 2 milioni di euro per incentivare le micro, piccole e medie imprese a sostituire impianti termici inquinanti con soluzioni pi\u00f9 ecologiche, come pompe di calore o impianti a biomasse. Le aziende potranno richiedere contributi fino a 80mila euro, coprendo il 65% della spesa per micro e piccole imprese e il 55% per le medie. La priorit\u00e0 sar\u00e0 data in base alla tipologia e all&#8217;et\u00e0 degli impianti sostituiti. L\u2019assessore Gianpaolo Bottacin ha sottolineato l\u2019importanza del progetto per migliorare la qualit\u00e0 dell\u2019aria e favorire la sostenibilit\u00e0. Le domande potranno essere presentate dal 21 gennaio al 20 marzo 2025, con dettagli disponibili sul BUR.<\/p>\n<\/div>\n<p>&nbsp;<\/p>\n<\/div>\n<\/div>\n<\/div>\n<p>&nbsp;<\/p>\n<hr \/>\n<p>&nbsp;<\/p>\n<blockquote>\n<h3>EX STAZIONE DI CORTINA: TERRENI E FABBRICATI CEDUTI DAL COMUNE<\/h3>\n<\/blockquote>\n<p><strong><a class=\"dt-pswp-item\" href=\"https:\/\/www.radiopiu.net\/wordpress\/wp-content\/uploads\/2024\/12\/20241104_103736-scaled.jpg\" data-dt-img-description=\"\" data-large_image_width=\"2560\" data-large_image_height=\"1920\"><img loading=\"lazy\" decoding=\"async\" class=\" wp-image-422738 alignleft\" src=\"https:\/\/www.radiopiu.net\/wordpress\/wp-content\/uploads\/2024\/12\/20241104_103736-300x225.jpg\" alt=\"\" width=\"167\" height=\"125\" srcset=\"https:\/\/www.radiopiu.net\/wordpress\/wp-content\/uploads\/2024\/12\/20241104_103736-300x225.jpg 300w, https:\/\/www.radiopiu.net\/wordpress\/wp-content\/uploads\/2024\/12\/20241104_103736-1024x768.jpg 1024w, https:\/\/www.radiopiu.net\/wordpress\/wp-content\/uploads\/2024\/12\/20241104_103736-768x576.jpg 768w, https:\/\/www.radiopiu.net\/wordpress\/wp-content\/uploads\/2024\/12\/20241104_103736-1536x1152.jpg 1536w, https:\/\/www.radiopiu.net\/wordpress\/wp-content\/uploads\/2024\/12\/20241104_103736-2048x1536.jpg 2048w\" sizes=\"auto, (max-width: 167px) 100vw, 167px\" \/><\/a>CORTINA<\/strong> La riqualificazione della stazione di Cortina d\u2019Ampezzo, avviata con la chiusura dell\u2019area a giugno 2024, sta causando disagi e contestazioni. Nonostante l\u2019assegnazione dei lavori, le procedure per il progetto di finanza non sono ancora complete. Il Consiglio comunale del 29 novembre ha inserito l\u2019area della stazione nel piano alienazioni 2024 per permettere la cessione ai privati, stimandone il valore a 23,6 milioni di euro, cifra contestata dal Comitato Civico Cortina. La perizia si concentra sulle capacit\u00e0 edificatorie, ma non valuta il terreno, elemento essenziale in una zona centrale e costosa come Cortina. La decisione \u00e8 osteggiata dai cittadini, che hanno presentato 2.636 firme e ricorsi al TAR, finanziati con raccolte fondi. La delibera sar\u00e0 inviata alla Corte dei Conti per verifiche, in difesa del bene pubblico.<\/p>\n<p>&nbsp;<\/p>\n<p>&nbsp;<\/p>\n<hr \/>\n<p>&nbsp;<\/p>\n<blockquote>\n<h3>GIOVANI BELLUNESI E L&#8217;URGENZA DI COSTRUIRE OPPORTUNITA&#8217; SUL TERRITORIO<\/h3>\n<\/blockquote>\n<p><strong><a class=\"dt-pswp-item\" href=\"https:\/\/www.radiopiu.net\/wordpress\/wp-content\/uploads\/2024\/12\/Screenshot_2024-02-01-00-22-25-08_1c337646f29875672b5a61192b9010f9-1.jpg\" data-dt-img-description=\"\" data-large_image_width=\"719\" data-large_image_height=\"718\"><img loading=\"lazy\" decoding=\"async\" class=\" wp-image-422731 alignleft\" src=\"https:\/\/www.radiopiu.net\/wordpress\/wp-content\/uploads\/2024\/12\/Screenshot_2024-02-01-00-22-25-08_1c337646f29875672b5a61192b9010f9-1-300x300.jpg\" alt=\"\" width=\"128\" height=\"128\" srcset=\"https:\/\/www.radiopiu.net\/wordpress\/wp-content\/uploads\/2024\/12\/Screenshot_2024-02-01-00-22-25-08_1c337646f29875672b5a61192b9010f9-1-300x300.jpg 300w, https:\/\/www.radiopiu.net\/wordpress\/wp-content\/uploads\/2024\/12\/Screenshot_2024-02-01-00-22-25-08_1c337646f29875672b5a61192b9010f9-1-150x150.jpg 150w, https:\/\/www.radiopiu.net\/wordpress\/wp-content\/uploads\/2024\/12\/Screenshot_2024-02-01-00-22-25-08_1c337646f29875672b5a61192b9010f9-1.jpg 719w\" sizes=\"auto, (max-width: 128px) 100vw, 128px\" \/><\/a>BELLUNO<\/strong> Il Comitato Generazione Europa Liberali e Democratici Bellunesi denuncia la mancanza di opportunit\u00e0 di istruzione universitaria e terziaria nella provincia di Belluno, aggravata dalla geografia montana, carenza di trasporti, strumenti tecnologici e sussidi economici. Questi fattori penalizzano i giovani, che si iscrivono all&#8217;universit\u00e0 in percentuale inferiore rispetto ad altre province venete. La situazione provoca un impoverimento economico, privando il territorio delle competenze necessarie, e rappresenta un ulteriore disincentivo alla natalit\u00e0 in una provincia gi\u00e0 colpita dallo spopolamento. Il Comitato chiede un intervento urgente da parte delle istituzioni, in particolare del Presidente provinciale Roberto Padrin.<\/p>\n<p>&nbsp;<\/p>\n<p>&nbsp;<\/p>\n<hr \/>\n<p>&nbsp;<\/p>\n<blockquote>\n<h3>ARREDAMENTI NUOVI GRAZIE A TILT DI FELTRE<\/h3>\n<\/blockquote>\n<p><strong>FELTRE<\/strong> L\u2019Associazione TILT di Feltre ha donato arredi colorati per la Riabilitazione infantile e televisori per la Pneumologia dell\u2019Ospedale di Feltre, migliorando l\u2019accoglienza e il comfort dei pazienti. Gli arredi, pensati per i bambini, hanno un valore di 10.700 euro, mentre gli otto televisori donati alla Pneumologia valgono 2.700 euro. Grazie alle attivit\u00e0 dei magazzini dell\u2019usato &#8220;La Dis-Carica Solidale&#8221; e &#8220;Bimboteca&#8221;, l&#8217;associazione raccoglie fondi per iniziative a favore della comunit\u00e0. Il commissario Giuseppe Dal Ben ha espresso gratitudine per il contributo all\u2019umanizzazione delle cure.<\/p>\n\n\t\t\t<style type='text\/css'>\n\t\t\t\t#gallery-3 {\n\t\t\t\t\tmargin: auto;\n\t\t\t\t}\n\t\t\t\t#gallery-3 .gallery-item {\n\t\t\t\t\tfloat: left;\n\t\t\t\t\tmargin-top: 10px;\n\t\t\t\t\ttext-align: center;\n\t\t\t\t\twidth: 50%;\n\t\t\t\t}\n\t\t\t\t#gallery-3 img {\n\t\t\t\t\tborder: 2px solid #cfcfcf;\n\t\t\t\t}\n\t\t\t\t#gallery-3 .gallery-caption {\n\t\t\t\t\tmargin-left: 0;\n\t\t\t\t}\n\t\t\t\t\/* see gallery_shortcode() in wp-includes\/media.php *\/\n\t\t\t<\/style>\n\t\t<div id='gallery-3' class='dt-gallery-container gallery galleryid-422711 gallery-columns-2 gallery-size-medium'><dl class='gallery-item'>\n\t\t\t\t<dt class='gallery-icon landscape'>\n\t\t\t\t\t<a class=\"rollover rollover-zoom dt-pswp-item\" title=\"WhatsApp Image 2024-12-03 at 12.02.24\" data-dt-img-description=\"\" data-large_image_width=\"2040\" data-large_image_height=\"1530\"href='https:\/\/www.radiopiu.net\/wordpress\/wp-content\/uploads\/2024\/12\/WhatsApp-Image-2024-12-03-at-12.02.24.jpeg'><img loading=\"lazy\" decoding=\"async\" width=\"300\" height=\"225\" src=\"https:\/\/www.radiopiu.net\/wordpress\/wp-content\/uploads\/2024\/12\/WhatsApp-Image-2024-12-03-at-12.02.24-300x225.jpeg\" class=\"attachment-medium size-medium\" alt=\"\" srcset=\"https:\/\/www.radiopiu.net\/wordpress\/wp-content\/uploads\/2024\/12\/WhatsApp-Image-2024-12-03-at-12.02.24-300x225.jpeg 300w, https:\/\/www.radiopiu.net\/wordpress\/wp-content\/uploads\/2024\/12\/WhatsApp-Image-2024-12-03-at-12.02.24-1024x768.jpeg 1024w, https:\/\/www.radiopiu.net\/wordpress\/wp-content\/uploads\/2024\/12\/WhatsApp-Image-2024-12-03-at-12.02.24-768x576.jpeg 768w, https:\/\/www.radiopiu.net\/wordpress\/wp-content\/uploads\/2024\/12\/WhatsApp-Image-2024-12-03-at-12.02.24-1536x1152.jpeg 1536w, https:\/\/www.radiopiu.net\/wordpress\/wp-content\/uploads\/2024\/12\/WhatsApp-Image-2024-12-03-at-12.02.24.jpeg 2040w\" sizes=\"auto, (max-width: 300px) 100vw, 300px\" \/><\/a>\n\t\t\t\t<\/dt><\/dl><dl class='gallery-item'>\n\t\t\t\t<dt class='gallery-icon landscape'>\n\t\t\t\t\t<a class=\"rollover rollover-zoom dt-pswp-item\" title=\"WhatsApp Image 2024-12-03 at 12.02.44\" data-dt-img-description=\"\" data-large_image_width=\"2040\" data-large_image_height=\"1530\"href='https:\/\/www.radiopiu.net\/wordpress\/wp-content\/uploads\/2024\/12\/WhatsApp-Image-2024-12-03-at-12.02.44.jpeg'><img loading=\"lazy\" decoding=\"async\" width=\"300\" height=\"225\" src=\"https:\/\/www.radiopiu.net\/wordpress\/wp-content\/uploads\/2024\/12\/WhatsApp-Image-2024-12-03-at-12.02.44-300x225.jpeg\" class=\"attachment-medium size-medium\" alt=\"\" srcset=\"https:\/\/www.radiopiu.net\/wordpress\/wp-content\/uploads\/2024\/12\/WhatsApp-Image-2024-12-03-at-12.02.44-300x225.jpeg 300w, https:\/\/www.radiopiu.net\/wordpress\/wp-content\/uploads\/2024\/12\/WhatsApp-Image-2024-12-03-at-12.02.44-1024x768.jpeg 1024w, https:\/\/www.radiopiu.net\/wordpress\/wp-content\/uploads\/2024\/12\/WhatsApp-Image-2024-12-03-at-12.02.44-768x576.jpeg 768w, https:\/\/www.radiopiu.net\/wordpress\/wp-content\/uploads\/2024\/12\/WhatsApp-Image-2024-12-03-at-12.02.44-1536x1152.jpeg 1536w, https:\/\/www.radiopiu.net\/wordpress\/wp-content\/uploads\/2024\/12\/WhatsApp-Image-2024-12-03-at-12.02.44.jpeg 2040w\" sizes=\"auto, (max-width: 300px) 100vw, 300px\" \/><\/a>\n\t\t\t\t<\/dt><\/dl><br style=\"clear: both\" \/>\n\t\t\t<\/div>\n\n<p>&nbsp;<\/p>\n<hr \/>\n<p>&nbsp;<\/p>\n<blockquote>\n<h3>OLTRE 10 MILA PRESENZE ALLA MIG 2024<\/h3>\n<\/blockquote>\n<p><strong><a class=\"dt-pswp-item\" href=\"https:\/\/www.radiopiu.net\/wordpress\/wp-content\/uploads\/2024\/12\/GENERICHE-MIG-22.jpg\" data-dt-img-description=\"\" data-large_image_width=\"2048\" data-large_image_height=\"1365\"><img loading=\"lazy\" decoding=\"async\" class=\" wp-image-422733 alignleft\" src=\"https:\/\/www.radiopiu.net\/wordpress\/wp-content\/uploads\/2024\/12\/GENERICHE-MIG-22-300x200.jpg\" alt=\"\" width=\"170\" height=\"113\" srcset=\"https:\/\/www.radiopiu.net\/wordpress\/wp-content\/uploads\/2024\/12\/GENERICHE-MIG-22-300x200.jpg 300w, https:\/\/www.radiopiu.net\/wordpress\/wp-content\/uploads\/2024\/12\/GENERICHE-MIG-22-1024x683.jpg 1024w, https:\/\/www.radiopiu.net\/wordpress\/wp-content\/uploads\/2024\/12\/GENERICHE-MIG-22-768x512.jpg 768w, https:\/\/www.radiopiu.net\/wordpress\/wp-content\/uploads\/2024\/12\/GENERICHE-MIG-22-1536x1024.jpg 1536w, https:\/\/www.radiopiu.net\/wordpress\/wp-content\/uploads\/2024\/12\/GENERICHE-MIG-22.jpg 2048w\" sizes=\"auto, (max-width: 170px) 100vw, 170px\" \/><\/a>LONGARONE<\/strong> La Mig 2024 di Longarone si conferma un successo, attirando circa 10mila visitatori, di cui quasi 5mila nella giornata di punta, domenica 24 novembre. L&#8217;evento, dedicato al gelato artigianale senza additivi e realizzato con ingredienti di eccellenza a km 0, ha riscosso consenso sia dal pubblico che dai professionisti del settore. Con partecipanti provenienti da 31 Paesi, la Mig si conferma un appuntamento internazionale, con forte presenza dalla Germania e buoni numeri da Croazia, Spagna e Austria. Il presidente Michele Dal Farra celebra l&#8217;apprezzamento ricevuto e l&#8217;innovativo <em>Percorso del Gusto<\/em>, sostenuto da Slow Food e Tempi di Recupero, che ha puntato su sostenibilit\u00e0 e creativit\u00e0. Le conferenze del CNR e dell&#8217;ADI hanno aggiunto valore scientifico, esplorando nuove applicazioni del gelato in ambito nutraceutico. Questo approccio apre la strada a una Mig 2025 ancora pi\u00f9 ambiziosa.<\/p>\n<p>&nbsp;<\/p>\n<p>&nbsp;<\/p>\n<hr \/>\n<p>&nbsp;<\/p>\n<blockquote>\n<h3>GENERAZIONE 2026: ISCRIZIONI GRATUITE FINO AL 16 DICEMBRE<\/h3>\n<\/blockquote>\n<p><strong><a class=\"dt-pswp-item\" href=\"https:\/\/www.radiopiu.net\/wordpress\/wp-content\/uploads\/2024\/06\/CAMERA-COMMERCIO.jpg\" data-dt-img-description=\"\" data-large_image_width=\"1107\" data-large_image_height=\"1107\"><img loading=\"lazy\" decoding=\"async\" class=\" wp-image-394657 alignleft\" src=\"https:\/\/www.radiopiu.net\/wordpress\/wp-content\/uploads\/2024\/06\/CAMERA-COMMERCIO-300x300.jpg\" alt=\"\" width=\"147\" height=\"147\" srcset=\"https:\/\/www.radiopiu.net\/wordpress\/wp-content\/uploads\/2024\/06\/CAMERA-COMMERCIO-300x300.jpg 300w, https:\/\/www.radiopiu.net\/wordpress\/wp-content\/uploads\/2024\/06\/CAMERA-COMMERCIO-1024x1024.jpg 1024w, https:\/\/www.radiopiu.net\/wordpress\/wp-content\/uploads\/2024\/06\/CAMERA-COMMERCIO-150x150.jpg 150w, https:\/\/www.radiopiu.net\/wordpress\/wp-content\/uploads\/2024\/06\/CAMERA-COMMERCIO-768x768.jpg 768w, https:\/\/www.radiopiu.net\/wordpress\/wp-content\/uploads\/2024\/06\/CAMERA-COMMERCIO.jpg 1107w\" sizes=\"auto, (max-width: 147px) 100vw, 147px\" \/><\/a>BELLUNO <\/strong>La 4\u00aa edizione del progetto \u201cGenerAZIONE2026 &#8211; Sport powered by youth and education\u201d offre alle scuole l\u2019opportunit\u00e0 di vincere 5.000 euro in materiale sportivo e propone percorsi educativi legati ai Giochi Olimpici e Paralimpici Milano Cortina 2026. Il progetto, parte del programma \u201cEducation Gen26\u201d della Fondazione Milano Cortina, promuove lo spirito olimpico attraverso attivit\u00e0 come proiezioni, disegni, slogan e giornate dello sport, incentivando inclusione, benessere psicofisico e sostenibilit\u00e0. Il tema di quest\u2019anno, \u201cEducazione 4.0\u201d, si concentra sulla sostenibilit\u00e0 e include il gemellaggio con i Trofei di Milano Cortina 2026. Le scuole partecipanti prenderanno parte a un evento durante i Giochi e alla \u201cTre Giorni\u201d (5-7 giugno 2025) nel Veneto, coinvolgendo una delegazione internazionale. Le iscrizioni, gratuite, chiuderanno il 16 dicembre 2024.<\/p>\n<p>&nbsp;<\/p>\n<blockquote>\n<h3><\/h3>\n<blockquote><p><strong><a href=\"https:\/\/www.radiopiu.net\/wordpress\/wp-content\/uploads\/2024\/12\/86529f5a-a615-4afd-b678-71699e7f56a2.webp\"><img loading=\"lazy\" decoding=\"async\" class=\" wp-image-422621 alignleft\" src=\"https:\/\/www.radiopiu.net\/wordpress\/wp-content\/uploads\/2024\/12\/86529f5a-a615-4afd-b678-71699e7f56a2-300x300.webp\" alt=\"\" width=\"200\" height=\"200\" srcset=\"https:\/\/www.radiopiu.net\/wordpress\/wp-content\/uploads\/2024\/12\/86529f5a-a615-4afd-b678-71699e7f56a2-300x300.webp 300w, https:\/\/www.radiopiu.net\/wordpress\/wp-content\/uploads\/2024\/12\/86529f5a-a615-4afd-b678-71699e7f56a2-150x150.webp 150w, https:\/\/www.radiopiu.net\/wordpress\/wp-content\/uploads\/2024\/12\/86529f5a-a615-4afd-b678-71699e7f56a2-768x768.webp 768w, https:\/\/www.radiopiu.net\/wordpress\/wp-content\/uploads\/2024\/12\/86529f5a-a615-4afd-b678-71699e7f56a2.webp 1024w\" sizes=\"auto, (max-width: 200px) 100vw, 200px\" \/><\/a>La Camera di Commercio promuove la certificazione per la parit\u00e0 di genere<\/strong><\/p><\/blockquote>\n<p>&nbsp;<\/p>\n<p><strong>TREVISO<\/strong> \u2013Domani alle 11.30, presso la sede della Camera di Commercio di Treviso \u2013 Belluno | Dolomiti, in Piazza Borsa 3\/b, si terr\u00e0 un incontro dedicato alla certificazione per la parit\u00e0 di genere. Interverranno il Presidente Mario Pozza, il Segretario Generale Romano Tiozzo e altri esperti, tra cui Manica Silvana, responsabile del sistema di gestione della parit\u00e0 di genere, e Raffaella Da Ros, presidente della Cooperativa \u201cInsieme si Pu\u00f2\u201d. L\u2019evento vedr\u00e0 anche la partecipazione di Eva Zanatta e delle componenti del Comitato Guida del sistema di gestione per la parit\u00e0 di genere. L\u2019incontro rappresenta un&#8217;importante occasione per approfondire il ruolo della Camera di Commercio nell\u2019implementazione di politiche inclusive e nel sostenere il riconoscimento della parit\u00e0 di genere, elemento chiave per lo sviluppo delle imprese e del territorio.<\/p>\n<p>&nbsp;<\/p>\n<p>&nbsp;<\/p>\n<hr \/>\n<p>&nbsp;<\/p>\n<h2>Accessibilit\u00e0 per tutti: inaugurato il progetto &#8220;Vela per tutti&#8221; sul lago di Santa Croce<\/h2>\n<\/blockquote>\n<p><strong>ALPAGO<\/strong><\/p>\n<p>Grande partecipazione al Centro Nautico Nazionale della LNI sul lago di Santa Croce per l\u2019inaugurazione delle prime opere del progetto &#8220;Vela per tutti&#8221;, volto a rendere accessibili le attivit\u00e0 nautiche alle persone con difficolt\u00e0 motorie. Presentata una nuova rampa d\u2019accesso a servizi e segreteria, un punto d\u2019imbarco con sollevatore e un prolungamento dello scivolo per il varo delle imbarcazioni.<\/p>\n<p>La presidente della LNI Belluno, Sandra Deola, ha illustrato il sistema che permette imbarco sicuro senza pontili, superando i limiti del livello variabile del lago. \u201cGrazie al lavoro sinergico col territorio, abbiamo realizzato un\u2019opera importante per l\u2019accessibilit\u00e0 alla vela e ad altri sport nautici\u201d. Il vicepresidente Tarcisio Segantin ha annunciato il prossimo step: percorsi per ipovedenti e l\u2019acquisto di imbarcazioni inclusive come Hansa 303 e Classe Italia 2.4 mR.<\/p>\n<p>Alla cerimonia hanno partecipato rappresentanti locali, associazioni, e il presidente del Veneto, Luca Zaia, che ha elogiato l\u2019iniziativa. L\u2019evento ha celebrato anche il 50\u00b0 anniversario della sezione LNI Belluno, simbolo di inclusione e integrazione sportiva.<\/p>\n\n\t\t\t<style type='text\/css'>\n\t\t\t\t#gallery-4 {\n\t\t\t\t\tmargin: auto;\n\t\t\t\t}\n\t\t\t\t#gallery-4 .gallery-item {\n\t\t\t\t\tfloat: left;\n\t\t\t\t\tmargin-top: 10px;\n\t\t\t\t\ttext-align: center;\n\t\t\t\t\twidth: 33%;\n\t\t\t\t}\n\t\t\t\t#gallery-4 img {\n\t\t\t\t\tborder: 2px solid #cfcfcf;\n\t\t\t\t}\n\t\t\t\t#gallery-4 .gallery-caption {\n\t\t\t\t\tmargin-left: 0;\n\t\t\t\t}\n\t\t\t\t\/* see gallery_shortcode() in wp-includes\/media.php *\/\n\t\t\t<\/style>\n\t\t<div id='gallery-4' class='dt-gallery-container gallery galleryid-422711 gallery-columns-3 gallery-size-thumbnail'><dl class='gallery-item'>\n\t\t\t\t<dt class='gallery-icon landscape'>\n\t\t\t\t\t<a class=\"rollover rollover-zoom dt-pswp-item\" title=\"Foto gruppo lago\" data-dt-img-description=\"\" data-large_image_width=\"1600\" data-large_image_height=\"1200\"href='https:\/\/www.radiopiu.net\/wordpress\/wp-content\/uploads\/2024\/12\/Foto-gruppo-lago.jpg'><img loading=\"lazy\" decoding=\"async\" width=\"150\" height=\"150\" src=\"https:\/\/www.radiopiu.net\/wordpress\/wp-content\/uploads\/2024\/12\/Foto-gruppo-lago-150x150.jpg\" class=\"attachment-thumbnail size-thumbnail\" alt=\"\" \/><\/a>\n\t\t\t\t<\/dt><\/dl><dl class='gallery-item'>\n\t\t\t\t<dt class='gallery-icon landscape'>\n\t\t\t\t\t<a class=\"rollover rollover-zoom dt-pswp-item\" title=\"Foto gruppo\" data-dt-img-description=\"\" data-large_image_width=\"1600\" data-large_image_height=\"1200\"href='https:\/\/www.radiopiu.net\/wordpress\/wp-content\/uploads\/2024\/12\/Foto-gruppo.jpg'><img loading=\"lazy\" decoding=\"async\" width=\"150\" height=\"150\" src=\"https:\/\/www.radiopiu.net\/wordpress\/wp-content\/uploads\/2024\/12\/Foto-gruppo-150x150.jpg\" class=\"attachment-thumbnail size-thumbnail\" alt=\"\" \/><\/a>\n\t\t\t\t<\/dt><\/dl><dl class='gallery-item'>\n\t\t\t\t<dt class='gallery-icon landscape'>\n\t\t\t\t\t<a class=\"rollover rollover-zoom dt-pswp-item\" title=\"Foto taglio nastro\" data-dt-img-description=\"\" data-large_image_width=\"1600\" data-large_image_height=\"1200\"href='https:\/\/www.radiopiu.net\/wordpress\/wp-content\/uploads\/2024\/12\/Foto-taglio-nastro.jpg'><img loading=\"lazy\" decoding=\"async\" width=\"150\" height=\"150\" src=\"https:\/\/www.radiopiu.net\/wordpress\/wp-content\/uploads\/2024\/12\/Foto-taglio-nastro-150x150.jpg\" class=\"attachment-thumbnail size-thumbnail\" alt=\"\" \/><\/a>\n\t\t\t\t<\/dt><\/dl><br style=\"clear: both\" \/>\n\t\t\t<\/div>\n\n<p>&nbsp;<\/p>\n<hr \/>\n<p>&nbsp;<\/p>\n<p>&nbsp;<\/p>\n<h2><span style=\"color: #ff0000;\">AL VIA LA STAGIONE INVERNALE AD ALLEGHE<\/span><\/h2>\n<p><strong><a class=\"dt-pswp-item\" href=\"https:\/\/www.radiopiu.net\/wordpress\/wp-content\/uploads\/2018\/04\/impianti-alleghe-funivie.jpg\" data-dt-img-description=\"\" data-large_image_width=\"550\" data-large_image_height=\"309\"><img loading=\"lazy\" decoding=\"async\" class=\" wp-image-46376 alignleft\" src=\"https:\/\/www.radiopiu.net\/wordpress\/wp-content\/uploads\/2018\/04\/impianti-alleghe-funivie-300x169.jpg\" alt=\"\" width=\"195\" height=\"110\" srcset=\"https:\/\/www.radiopiu.net\/wordpress\/wp-content\/uploads\/2018\/04\/impianti-alleghe-funivie-300x169.jpg 300w, https:\/\/www.radiopiu.net\/wordpress\/wp-content\/uploads\/2018\/04\/impianti-alleghe-funivie.jpg 550w\" sizes=\"auto, (max-width: 195px) 100vw, 195px\" \/><\/a>DI MIRKO MEZZACASA<\/strong><\/p>\n<p>OSPITI: Andrea Dal Farra e Christian Moretti<\/p>\n<audio class=\"wp-audio-shortcode\" id=\"audio-422711-14\" preload=\"none\" style=\"width: 100%;\" controls=\"controls\"><source type=\"audio\/mpeg\" src=\"https:\/\/www.radiopiu.net\/wordpress\/wp-content\/uploads\/2024\/12\/andrea-echristian-alleghe-funivi.mp3?_=14\" \/><a href=\"https:\/\/www.radiopiu.net\/wordpress\/wp-content\/uploads\/2024\/12\/andrea-echristian-alleghe-funivi.mp3\">https:\/\/www.radiopiu.net\/wordpress\/wp-content\/uploads\/2024\/12\/andrea-echristian-alleghe-funivi.mp3<\/a><\/audio>\n<p>&nbsp;<\/p>\n<p>&nbsp;<\/p>\n<blockquote>\n<h2>Dolomiti Superski: 50 anni di storia celebrati ad Alleghe<\/h2>\n<\/blockquote>\n<blockquote><p><em><strong><a class=\"dt-pswp-item\" href=\"https:\/\/www.radiopiu.net\/wordpress\/wp-content\/uploads\/2024\/12\/Senza-nome-8.png\" data-dt-img-description=\"\" data-large_image_width=\"469\" data-large_image_height=\"218\"><img loading=\"lazy\" decoding=\"async\" class=\"wp-image-422630 alignleft\" src=\"https:\/\/www.radiopiu.net\/wordpress\/wp-content\/uploads\/2024\/12\/Senza-nome-8-300x139.png\" alt=\"\" width=\"214\" height=\"99\" srcset=\"https:\/\/www.radiopiu.net\/wordpress\/wp-content\/uploads\/2024\/12\/Senza-nome-8-300x139.png 300w, https:\/\/www.radiopiu.net\/wordpress\/wp-content\/uploads\/2024\/12\/Senza-nome-8.png 469w\" sizes=\"auto, (max-width: 214px) 100vw, 214px\" \/><\/a><\/strong>L\u2019area Ski Civetta celebra i primi 50 anni di Dolomiti Superski Sabato 14 dicembre lo Stadio del Ghiaccio di Alleghe ospita i festeggiamenti Due attuali tavole rotonde arricchiscono in modo originale il programma della cerimonia Scambi di opinioni sull\u2019economia di montagna e le opportunit\u00e0 del collegamento con Cortina<\/em><\/p><\/blockquote>\n<p><strong>ALLEGHE<\/strong>\u00a0 Sabato 14 dicembre, presso il Centro Congressi A. Franceschini dello Stadio del Ghiaccio di Alleghe, si festegger\u00e0 il 50\u00b0 anniversario di Dolomiti Superski con una giornata ricca di eventi.<\/p>\n<p>Due tavole rotonde affronteranno temi di grande interesse: l&#8217;economia turistica alpina, la diversificazione dell\u2019offerta e il collegamento strategico tra Ski Civetta e Cortina Skiworld.<\/p>\n<p>La celebrazione include la presentazione dell\u2019opera \u201cEnrosadira\u201d dell\u2019artista Daniele Basso e onorificenze a personalit\u00e0 locali. L\u2019evento \u00e8 aperto al pubblico dalle ore 10.<\/p>\n<p>&nbsp;<\/p>\n<p>&nbsp;<\/p>\n<hr \/>\n<p>&nbsp;<\/p>\n<h2><span style=\"color: #800080;\">IL PRIMO FINE SETTIMANA SUGLI SCI NEL COMPRENSORIO DELLA SKI AREA SAN PELLEGRINO<\/span><\/h2>\n<p><strong><a class=\"dt-pswp-item\" href=\"https:\/\/www.radiopiu.net\/wordpress\/wp-content\/uploads\/2018\/03\/ski-area-san-pellegrino_21-marzo.jpg\" data-dt-img-description=\"\" data-large_image_width=\"1600\" data-large_image_height=\"1200\"><img loading=\"lazy\" decoding=\"async\" class=\" wp-image-45211 alignleft\" src=\"https:\/\/www.radiopiu.net\/wordpress\/wp-content\/uploads\/2018\/03\/ski-area-san-pellegrino_21-marzo-300x225.jpg\" alt=\"\" width=\"143\" height=\"107\" srcset=\"https:\/\/www.radiopiu.net\/wordpress\/wp-content\/uploads\/2018\/03\/ski-area-san-pellegrino_21-marzo-300x225.jpg 300w, https:\/\/www.radiopiu.net\/wordpress\/wp-content\/uploads\/2018\/03\/ski-area-san-pellegrino_21-marzo-768x576.jpg 768w, https:\/\/www.radiopiu.net\/wordpress\/wp-content\/uploads\/2018\/03\/ski-area-san-pellegrino_21-marzo-1024x768.jpg 1024w, https:\/\/www.radiopiu.net\/wordpress\/wp-content\/uploads\/2018\/03\/ski-area-san-pellegrino_21-marzo.jpg 1600w\" sizes=\"auto, (max-width: 143px) 100vw, 143px\" \/><\/a>DI MIRKO MEZZACASA<\/strong><\/p>\n<p>Con Mirco Tancon<\/p>\n<audio class=\"wp-audio-shortcode\" id=\"audio-422711-15\" preload=\"none\" style=\"width: 100%;\" controls=\"controls\"><source type=\"audio\/mpeg\" src=\"https:\/\/www.radiopiu.net\/wordpress\/wp-content\/uploads\/2024\/12\/GF11.mp3?_=15\" \/><a href=\"https:\/\/www.radiopiu.net\/wordpress\/wp-content\/uploads\/2024\/12\/GF11.mp3\">https:\/\/www.radiopiu.net\/wordpress\/wp-content\/uploads\/2024\/12\/GF11.mp3<\/a><\/audio>\n<p>&nbsp;<\/p>\n<p>&nbsp;<\/p>\n<hr \/>\n<p>&nbsp;<\/p>\n<blockquote>\n<h3>NATALE A BELLUNO: PRESENTE ANCHE CONFARTIGIANATO<\/h3>\n<\/blockquote>\n<p><strong><a class=\"dt-pswp-item\" href=\"https:\/\/www.radiopiu.net\/wordpress\/wp-content\/uploads\/2022\/07\/CONFARTIGIANATO.png\" data-dt-img-description=\"\" data-large_image_width=\"1001\" data-large_image_height=\"431\"><img loading=\"lazy\" decoding=\"async\" class=\" wp-image-288229 alignleft\" src=\"https:\/\/www.radiopiu.net\/wordpress\/wp-content\/uploads\/2022\/07\/CONFARTIGIANATO-300x129.png\" alt=\"\" width=\"184\" height=\"79\" srcset=\"https:\/\/www.radiopiu.net\/wordpress\/wp-content\/uploads\/2022\/07\/CONFARTIGIANATO-300x129.png 300w, https:\/\/www.radiopiu.net\/wordpress\/wp-content\/uploads\/2022\/07\/CONFARTIGIANATO-768x331.png 768w, https:\/\/www.radiopiu.net\/wordpress\/wp-content\/uploads\/2022\/07\/CONFARTIGIANATO.png 1001w\" sizes=\"auto, (max-width: 184px) 100vw, 184px\" \/><\/a>BELLUNO<\/strong> Confartigianato Imprese partecipa a &#8220;Natale a Belluno&#8221; con due casette in piazza Martiri, dove proporr\u00e0 dimostrazioni pratiche e vender\u00e0 prodotti artigianali locali. La presidente Claudia Scarzanella sottolinea l&#8217;importanza dell&#8217;evento per promuovere il valore dell&#8217;artigianato, incoraggiare acquisti a km0 e rafforzare il senso di comunit\u00e0. L&#8217;iniziativa mira a valorizzare la qualit\u00e0 e la passione degli artigiani bellunesi, offrendo un&#8217;alternativa locale al commercio online.<\/p>\n<p>&nbsp;<\/p>\n<p>&nbsp;<\/p>\n<hr \/>\n<p>&nbsp;<\/p>\n<div class=\"flex max-w-full flex-col flex-grow\">\n<div class=\"min-h-8 text-message flex w-full flex-col items-end gap-2 whitespace-normal break-words [.text-message+&amp;]:mt-5\" dir=\"auto\" data-message-author-role=\"assistant\" data-message-id=\"713d54a8-eadf-4a13-b4bc-c9cf0e74c46d\" data-message-model-slug=\"gpt-4o\">\n<div class=\"flex w-full flex-col gap-1 empty:hidden first:pt-[3px]\">\n<div class=\"markdown prose w-full break-words dark:prose-invert dark\">\n<blockquote>\n<h3><strong> <a href=\"https:\/\/www.radiopiu.net\/wordpress\/wp-content\/uploads\/2024\/12\/c2d4c0e0-458f-4798-b1b5-6c04a8fa4ce1.webp\"><img loading=\"lazy\" decoding=\"async\" class=\"wp-image-422771 alignleft\" src=\"https:\/\/www.radiopiu.net\/wordpress\/wp-content\/uploads\/2024\/12\/c2d4c0e0-458f-4798-b1b5-6c04a8fa4ce1-300x300.webp\" alt=\"\" width=\"167\" height=\"167\" srcset=\"https:\/\/www.radiopiu.net\/wordpress\/wp-content\/uploads\/2024\/12\/c2d4c0e0-458f-4798-b1b5-6c04a8fa4ce1-300x300.webp 300w, https:\/\/www.radiopiu.net\/wordpress\/wp-content\/uploads\/2024\/12\/c2d4c0e0-458f-4798-b1b5-6c04a8fa4ce1-150x150.webp 150w, https:\/\/www.radiopiu.net\/wordpress\/wp-content\/uploads\/2024\/12\/c2d4c0e0-458f-4798-b1b5-6c04a8fa4ce1-768x768.webp 768w, https:\/\/www.radiopiu.net\/wordpress\/wp-content\/uploads\/2024\/12\/c2d4c0e0-458f-4798-b1b5-6c04a8fa4ce1.webp 1024w\" sizes=\"auto, (max-width: 167px) 100vw, 167px\" \/><\/a>Sicurezza negli uffici postali di Belluno<\/strong><\/h3>\n<\/blockquote>\n<p><strong>BELLUNO<\/strong> Poste Italiane ha potenziato la sicurezza nei 105 uffici postali della provincia di Belluno, installando 250 telecamere di videosorveglianza e 113 casseforti RollerCash. Questi dispositivi hanno ridotto del 36% rapine e furti nel 2024 rispetto all\u2019anno precedente.<\/p>\n<p>In collaborazione con le Forze dell\u2019Ordine, gli investimenti in sistemi tecnologicamente avanzati, come casseforti con ritardatore d\u2019apertura e dati biometrici, hanno garantito maggiore protezione di persone e beni. Inoltre, 16 ronde ispettive hanno monitorato le sedi.<\/p>\n<\/div>\n<\/div>\n<\/div>\n<\/div>\n<p>&nbsp;<\/p>\n<p>&nbsp;<\/p>\n<hr \/>\n<p>&nbsp;<\/p>\n<blockquote>\n<h3><a class=\"dt-pswp-item\" href=\"https:\/\/www.radiopiu.net\/wordpress\/wp-content\/uploads\/2024\/12\/c264b13a-a608-451f-9d2b-48b8b4501057.jpg\" data-dt-img-description=\"\" data-large_image_width=\"1600\" data-large_image_height=\"720\"><img loading=\"lazy\" decoding=\"async\" class=\" wp-image-422820 alignleft\" src=\"https:\/\/www.radiopiu.net\/wordpress\/wp-content\/uploads\/2024\/12\/c264b13a-a608-451f-9d2b-48b8b4501057-300x135.jpg\" alt=\"\" width=\"269\" height=\"121\" srcset=\"https:\/\/www.radiopiu.net\/wordpress\/wp-content\/uploads\/2024\/12\/c264b13a-a608-451f-9d2b-48b8b4501057-300x135.jpg 300w, https:\/\/www.radiopiu.net\/wordpress\/wp-content\/uploads\/2024\/12\/c264b13a-a608-451f-9d2b-48b8b4501057-1024x461.jpg 1024w, https:\/\/www.radiopiu.net\/wordpress\/wp-content\/uploads\/2024\/12\/c264b13a-a608-451f-9d2b-48b8b4501057-768x346.jpg 768w, https:\/\/www.radiopiu.net\/wordpress\/wp-content\/uploads\/2024\/12\/c264b13a-a608-451f-9d2b-48b8b4501057-1536x691.jpg 1536w, https:\/\/www.radiopiu.net\/wordpress\/wp-content\/uploads\/2024\/12\/c264b13a-a608-451f-9d2b-48b8b4501057.jpg 1600w\" sizes=\"auto, (max-width: 269px) 100vw, 269px\" \/><\/a>Un presepe incanta la Valle di San Lucano: arte e tradizione al laghetto delle Peschiere<\/h3>\n<\/blockquote>\n<p><strong>TAIBON<\/strong><br \/>\nNella suggestiva cornice della Valle di San Lucano, un luogo gi\u00e0 incantevole di per s\u00e9, si aggiunge un motivo in pi\u00f9 per lasciarsi stupire. Al laghetto delle Peschiere \u00e8 comparso un presepe unico, frutto dell\u2019ingegno e della maestria di\u00a0 Valter Decima e Sisto Forcellini. Questo presepe non \u00e8 solo una rappresentazione tradizionale della Nativit\u00e0, ma un\u2019opera\u00a0 capace di dialogare con l\u2019ambiente naturale che la ospita. Le figure sembrano vivere e respirare insieme alla valle, creando un\u2019atmosfera di raccoglimento e meraviglia. L\u2019iniziativa ha gi\u00e0 raccolto l\u2019entusiasmo e l\u2019ammirazione della comunit\u00e0 locale. Bravi Valter e Sisto: il vostro talento illumina ancora una volta questo angolo di paradiso, rendendo la Valle di San Lucano ancor pi\u00f9 magica.<\/p>\n\n\t\t\t<style type='text\/css'>\n\t\t\t\t#gallery-5 {\n\t\t\t\t\tmargin: auto;\n\t\t\t\t}\n\t\t\t\t#gallery-5 .gallery-item {\n\t\t\t\t\tfloat: left;\n\t\t\t\t\tmargin-top: 10px;\n\t\t\t\t\ttext-align: center;\n\t\t\t\t\twidth: 33%;\n\t\t\t\t}\n\t\t\t\t#gallery-5 img {\n\t\t\t\t\tborder: 2px solid #cfcfcf;\n\t\t\t\t}\n\t\t\t\t#gallery-5 .gallery-caption {\n\t\t\t\t\tmargin-left: 0;\n\t\t\t\t}\n\t\t\t\t\/* see gallery_shortcode() in wp-includes\/media.php *\/\n\t\t\t<\/style>\n\t\t<div id='gallery-5' class='dt-gallery-container gallery galleryid-422711 gallery-columns-3 gallery-size-thumbnail'><dl class='gallery-item'>\n\t\t\t\t<dt class='gallery-icon landscape'>\n\t\t\t\t\t<a class=\"rollover rollover-zoom dt-pswp-item\" title=\"59aff920-deac-41ff-a277-59b65377f838\" data-dt-img-description=\"\" data-large_image_width=\"1600\" data-large_image_height=\"720\"href='https:\/\/www.radiopiu.net\/wordpress\/wp-content\/uploads\/2024\/12\/59aff920-deac-41ff-a277-59b65377f838.jpg'><img loading=\"lazy\" decoding=\"async\" width=\"150\" height=\"150\" src=\"https:\/\/www.radiopiu.net\/wordpress\/wp-content\/uploads\/2024\/12\/59aff920-deac-41ff-a277-59b65377f838-150x150.jpg\" class=\"attachment-thumbnail size-thumbnail\" alt=\"\" \/><\/a>\n\t\t\t\t<\/dt><\/dl><dl class='gallery-item'>\n\t\t\t\t<dt class='gallery-icon landscape'>\n\t\t\t\t\t<a class=\"rollover rollover-zoom dt-pswp-item\" title=\"b228a439-62ca-4c2a-8146-e88dfd060576\" data-dt-img-description=\"\" data-large_image_width=\"1600\" data-large_image_height=\"720\"href='https:\/\/www.radiopiu.net\/wordpress\/wp-content\/uploads\/2024\/12\/b228a439-62ca-4c2a-8146-e88dfd060576.jpg'><img loading=\"lazy\" decoding=\"async\" width=\"150\" height=\"150\" src=\"https:\/\/www.radiopiu.net\/wordpress\/wp-content\/uploads\/2024\/12\/b228a439-62ca-4c2a-8146-e88dfd060576-150x150.jpg\" class=\"attachment-thumbnail size-thumbnail\" alt=\"\" \/><\/a>\n\t\t\t\t<\/dt><\/dl><dl class='gallery-item'>\n\t\t\t\t<dt class='gallery-icon landscape'>\n\t\t\t\t\t<a class=\"rollover rollover-zoom dt-pswp-item\" title=\"08441184-e428-4633-81e1-c53f0c1f2d3e\" data-dt-img-description=\"\" data-large_image_width=\"1600\" data-large_image_height=\"720\"href='https:\/\/www.radiopiu.net\/wordpress\/wp-content\/uploads\/2024\/12\/08441184-e428-4633-81e1-c53f0c1f2d3e.jpg'><img loading=\"lazy\" decoding=\"async\" width=\"150\" height=\"150\" src=\"https:\/\/www.radiopiu.net\/wordpress\/wp-content\/uploads\/2024\/12\/08441184-e428-4633-81e1-c53f0c1f2d3e-150x150.jpg\" class=\"attachment-thumbnail size-thumbnail\" alt=\"\" \/><\/a>\n\t\t\t\t<\/dt><\/dl><br style=\"clear: both\" \/>\n\t\t\t<\/div>\n\n<p>&nbsp;<\/p>\n<hr \/>\n<p>&nbsp;<\/p>\n<blockquote>\n<h1><strong>Santa Barbara, festa dei Vigili del Fuoco a Belluno<\/strong><\/h1>\n<\/blockquote>\n<p><a href=\"https:\/\/www.radiopiu.net\/wordpress\/wp-content\/uploads\/2024\/12\/0ac2819c-7612-4386-a285-b95570d66bf9.webp\"><img loading=\"lazy\" decoding=\"async\" class=\"wp-image-422839 alignleft\" src=\"https:\/\/www.radiopiu.net\/wordpress\/wp-content\/uploads\/2024\/12\/0ac2819c-7612-4386-a285-b95570d66bf9-300x300.webp\" alt=\"\" width=\"206\" height=\"206\" srcset=\"https:\/\/www.radiopiu.net\/wordpress\/wp-content\/uploads\/2024\/12\/0ac2819c-7612-4386-a285-b95570d66bf9-300x300.webp 300w, https:\/\/www.radiopiu.net\/wordpress\/wp-content\/uploads\/2024\/12\/0ac2819c-7612-4386-a285-b95570d66bf9-150x150.webp 150w, https:\/\/www.radiopiu.net\/wordpress\/wp-content\/uploads\/2024\/12\/0ac2819c-7612-4386-a285-b95570d66bf9-768x768.webp 768w, https:\/\/www.radiopiu.net\/wordpress\/wp-content\/uploads\/2024\/12\/0ac2819c-7612-4386-a285-b95570d66bf9.webp 1024w\" sizes=\"auto, (max-width: 206px) 100vw, 206px\" \/><\/a><\/p>\n<p><strong>BELLUNO<\/strong><\/p>\n<p>Oggi Belluno celebra i Vigili del Fuoco in occasione della festivit\u00e0 di Santa Barbara. Le celebrazioni iniziano alle 10 in Piazza dei Martiri con l\u2019alzabandiera, seguito alle 10.30 dalla messa officiata dal vescovo Marangoni nella chiesa di San Rocco. Durante la cerimonia saranno consegnati diplomi di lodevole servizio e croci per l\u2019anzianit\u00e0 a numerosi membri del corpo, con menzioni alla memoria di Christian Somacal e Walter Locatello.<\/p>\n<p>Dalle 9 alle 13 in piazza saranno esposti gli automezzi dei Vigili del Fuoco, mentre nella sede centrale sar\u00e0 visitabile la mostra \u201cTre due fuochi\u201d curata da Carlotta Osta fino alle 17. Celebrazioni analoghe si svolgeranno nei distaccamenti di Agordo, Cortina, Feltre, Pieve di Cadore e Santo Stefano.<\/p>\n<p>Dal 1\u00b0 novembre 2023 al 31 ottobre 2024, i Vigili del Fuoco bellunesi hanno effettuato 4.861 interventi, con una media di oltre 13 al giorno. Tra questi, spiccano operazioni per incidenti stradali (606), incendi (479), salvataggi (163) e interventi per condizioni meteo avverse (384), evidenziando l\u2019instancabile impegno del corpo a servizio della comunit\u00e0.<\/p>\n<p>&nbsp;<\/p>\n<blockquote class=\"wp-embedded-content\" data-secret=\"W1gXf8svaj\"><p><a href=\"https:\/\/www.radiopiu.net\/wordpress\/santa-barbara-dei-vigili-del-fuoco-con-il-grazie-a-uomini-e-donne-in-rosso\/\">SANTA BARBARA&#8230; DEI VIGILI DEL FUOCO CON IL GRAZIE A  UOMINI E DONNE IN ROSSO!<\/a><\/p><\/blockquote>\n<p><iframe loading=\"lazy\" class=\"wp-embedded-content\" sandbox=\"allow-scripts\" security=\"restricted\" style=\"position: absolute; visibility: hidden;\" title=\"&#8220;SANTA BARBARA&#8230; DEI VIGILI DEL FUOCO CON IL GRAZIE A  UOMINI E DONNE IN ROSSO!&#8221; &#8212; Radio Pi\u00f9\" src=\"https:\/\/www.radiopiu.net\/wordpress\/santa-barbara-dei-vigili-del-fuoco-con-il-grazie-a-uomini-e-donne-in-rosso\/embed\/#?secret=8OxTQj6jqW#?secret=W1gXf8svaj\" data-secret=\"W1gXf8svaj\" width=\"600\" height=\"338\" frameborder=\"0\" marginwidth=\"0\" marginheight=\"0\" scrolling=\"no\"><\/iframe><\/p>\n<p>&nbsp;<\/p>\n<p>https:\/\/www.youtube.com\/watch?v=PHhshtwQ4Pw<\/p>\n<hr \/>\n<p>&nbsp;<\/p>\n<blockquote>\n<h2>SANTA BARBARA 2024 CON I PERITI MINERARI&#8230; CON GLI STUDENTI DEL FOLLADOR<\/h2>\n<\/blockquote>\n<p><strong><a class=\"dt-pswp-item\" href=\"https:\/\/www.radiopiu.net\/wordpress\/wp-content\/uploads\/2024\/11\/barbara.png\" data-dt-img-description=\"\" data-large_image_width=\"581\" data-large_image_height=\"720\"><img loading=\"lazy\" decoding=\"async\" class=\"size-medium wp-image-422226 alignleft\" src=\"https:\/\/www.radiopiu.net\/wordpress\/wp-content\/uploads\/2024\/11\/barbara-242x300.png\" alt=\"\" width=\"242\" height=\"300\" srcset=\"https:\/\/www.radiopiu.net\/wordpress\/wp-content\/uploads\/2024\/11\/barbara-242x300.png 242w, https:\/\/www.radiopiu.net\/wordpress\/wp-content\/uploads\/2024\/11\/barbara.png 581w\" sizes=\"auto, (max-width: 242px) 100vw, 242px\" \/><\/a>REDAZIONE<\/strong> Il prossimo sar\u00e0 un fine settimana di festa per i periti minerari, gli studenti del Follador di oggi, di ieri, i tanti affezionati all&#8217;Associazione Periti Minerari di Agordo.<br \/>\nSABATO 7 dicembre, in chiesa e in Sala Don Tamis, Santa Barabara con L&#8217;Apim e L&#8217;Istituto Follador De Rossi, consegna borse di studio e premio Le Miniere di Agordo VENERDI 6 E SABATO 7\u00a0 La festa al PalaFalcade con gli studenti del Follador, classe quinta A Minerari<\/p>\n<p><strong><a class=\"dt-pswp-item\" href=\"https:\/\/www.radiopiu.net\/wordpress\/wp-content\/uploads\/2024\/11\/57a3778a-99b6-4687-8651-99a41c023a18.jpg\" data-dt-img-description=\"\" data-large_image_width=\"987\" data-large_image_height=\"1397\"><img loading=\"lazy\" decoding=\"async\" class=\"size-medium wp-image-422224 alignright\" src=\"https:\/\/www.radiopiu.net\/wordpress\/wp-content\/uploads\/2024\/11\/57a3778a-99b6-4687-8651-99a41c023a18-212x300.jpg\" alt=\"\" width=\"212\" height=\"300\" srcset=\"https:\/\/www.radiopiu.net\/wordpress\/wp-content\/uploads\/2024\/11\/57a3778a-99b6-4687-8651-99a41c023a18-212x300.jpg 212w, https:\/\/www.radiopiu.net\/wordpress\/wp-content\/uploads\/2024\/11\/57a3778a-99b6-4687-8651-99a41c023a18-723x1024.jpg 723w, https:\/\/www.radiopiu.net\/wordpress\/wp-content\/uploads\/2024\/11\/57a3778a-99b6-4687-8651-99a41c023a18-768x1087.jpg 768w, https:\/\/www.radiopiu.net\/wordpress\/wp-content\/uploads\/2024\/11\/57a3778a-99b6-4687-8651-99a41c023a18.jpg 987w\" sizes=\"auto, (max-width: 212px) 100vw, 212px\" \/><\/a>Santa Barbara 2024, con l&#8217;associazione Periti Industriali Minerari e l&#8217;Istituto Follador-De Rossi.<\/strong><br \/>\nSABATO 7 DICEMBRE ad Agordo, chiesa arcidiaconale, ALLE 10 LA MESSA CON L&#8217;ACCOMPAGNAMENTO DELLA corale della Schola Cantorum di La Valle Agordina Alle 11 in sala Don T\u00e0mis, consegna delle borse di studio agli studenti meritevoli. Premiazione del concorso fotografico &#8220;le miniere di Agordo&#8221;. Al termine rinfresco offerto dall&#8217;Apim. L&#8217;associazione Periti Minerari di Agordo ringrazia quando hanno constribuito per le borse di studio e per la manifestazione.<\/p>\n<p>6 e 7 dicembre, PALAFALCADE in festa! Festa di Santa Barbara, con gli studenti della quinta A minerari!<br \/>\nVenerd\u00ec sera: si balla liscio con i Prestazione Occasionale! Sabato pomeriggio: ore 15, torneo di briscola e beer pong! Alle 18, apertura dell\u2019esclusivo Angolo del Vino. Dalle 21, si scatena la pista con Bass Line DJ! &#x26a1; Due giorni di divertimento, musica e tradizione. Non mancare! Palafalcade, ti aspetta!<\/p>\n<p>&nbsp;<\/p>\n<p>&nbsp;<\/p>\n<hr \/>\n<p>&nbsp;<\/p>\n<p>&nbsp;<\/p>\n<blockquote>\n<h1>RIVA NADAL 2024 IN VALLE IMPERINA<\/h1>\n<\/blockquote>\n<p><a class=\"dt-pswp-item\" href=\"https:\/\/www.radiopiu.net\/wordpress\/wp-content\/uploads\/2024\/12\/RIVA-NADAL-2024.jpg\" data-dt-img-description=\"\" data-large_image_width=\"841\" data-large_image_height=\"1190\"><img loading=\"lazy\" decoding=\"async\" class=\"size-medium wp-image-422752 alignleft\" src=\"https:\/\/www.radiopiu.net\/wordpress\/wp-content\/uploads\/2024\/12\/RIVA-NADAL-2024-212x300.jpg\" alt=\"\" width=\"212\" height=\"300\" srcset=\"https:\/\/www.radiopiu.net\/wordpress\/wp-content\/uploads\/2024\/12\/RIVA-NADAL-2024-212x300.jpg 212w, https:\/\/www.radiopiu.net\/wordpress\/wp-content\/uploads\/2024\/12\/RIVA-NADAL-2024-724x1024.jpg 724w, https:\/\/www.radiopiu.net\/wordpress\/wp-content\/uploads\/2024\/12\/RIVA-NADAL-2024-768x1087.jpg 768w, https:\/\/www.radiopiu.net\/wordpress\/wp-content\/uploads\/2024\/12\/RIVA-NADAL-2024.jpg 841w\" sizes=\"auto, (max-width: 212px) 100vw, 212px\" \/><\/a><\/p>\n<p>&nbsp;<\/p>\n<div><i><span style=\"color: #004d65;\">\u201cIl Natale \u00e8 magia, tradizione e divertimento. Domenica 15 dicembre, ti aspettiamo a: Riva Nadal &#8211; I Mercatini dei Can\u00f2p, presso il Centro Minerario Valle Imperina. Dalle 10 del mattino, mercatini, sfilate, passeggiate in carrozza, spettacoli e attivit\u00e0 per grandi e piccini.<b> Letture e laboratori\u00a0per bambini, preparatevi ad incontrare i temibili Krampus e a lasciarvi emozionare con l&#8217;esibizione del <\/b>Coro\u00a0\u201cSchola Cantorum La Valle Agordina\u201d\u00a0nel suggestivo complesso dei Forni Fusori. E per tutto il giorno, delizie dolci e salate, vin brul\u00e9 e castagne. Parcheggio comodo e servizio navetta a soli 2 euro andata e ritorno.\u00a0<\/span><\/i><i><span style=\"color: #004d65;\">Riva Nadal &#8211; La magia del Natale ti aspetta! Evento organizzato dalla Pro Loco di Rivamonte in collaborazione con Pro Loco Agordo e Pro Loco La Valle Agordina, con il supporto del Gruppo Botol.<\/span><\/i><\/div>\n<p>&nbsp;<\/p>\n<p>&nbsp;<\/p>\n<p>&nbsp;<\/p>\n<p>&nbsp;<\/p>\n<p>&nbsp;<\/p>\n<hr \/>\n<p>&nbsp;<\/p>\n<blockquote>\n<h2>Concerto \u201cLuna. Elogio musicale alla notte\u201d a Cavalese ed a Belluno<\/h2>\n<\/blockquote>\n<p>&nbsp;<\/p>\n<p><strong><a class=\"dt-pswp-item\" href=\"https:\/\/www.radiopiu.net\/wordpress\/wp-content\/uploads\/2024\/12\/6addff95-15ef-4435-b969-2965327ed20b.jpg\" data-dt-img-description=\"\" data-large_image_width=\"1599\" data-large_image_height=\"899\"><img loading=\"lazy\" decoding=\"async\" class=\"size-medium wp-image-422602 alignleft\" src=\"https:\/\/www.radiopiu.net\/wordpress\/wp-content\/uploads\/2024\/12\/6addff95-15ef-4435-b969-2965327ed20b-300x169.jpg\" alt=\"\" width=\"300\" height=\"169\" srcset=\"https:\/\/www.radiopiu.net\/wordpress\/wp-content\/uploads\/2024\/12\/6addff95-15ef-4435-b969-2965327ed20b-300x169.jpg 300w, https:\/\/www.radiopiu.net\/wordpress\/wp-content\/uploads\/2024\/12\/6addff95-15ef-4435-b969-2965327ed20b-1024x576.jpg 1024w, https:\/\/www.radiopiu.net\/wordpress\/wp-content\/uploads\/2024\/12\/6addff95-15ef-4435-b969-2965327ed20b-768x432.jpg 768w, https:\/\/www.radiopiu.net\/wordpress\/wp-content\/uploads\/2024\/12\/6addff95-15ef-4435-b969-2965327ed20b-1536x864.jpg 1536w, https:\/\/www.radiopiu.net\/wordpress\/wp-content\/uploads\/2024\/12\/6addff95-15ef-4435-b969-2965327ed20b.jpg 1599w\" sizes=\"auto, (max-width: 300px) 100vw, 300px\" \/><\/a>REDAZIONE<\/strong> A Cavalese ed a Belluno, nel Salone Nobile di Palazzo Fulcis, si terr\u00e0 il concerto \u201cLuna. Elogio musicale alla notte,\u201d un viaggio musicale ispirato al fascino e al mistero del satellite terrestre. Protagonisti saranno Oda Zoe Hochscheid (mezzosoprano), Doris Hochscheid (violoncello) e Frans van Ruth (pianoforte), che eseguiranno brani di Saint-Sa\u00ebns, Faur\u00e9, Viardot e altri. Momento centrale sar\u00e0 la nuova composizione \u201cI watched the Moon around the House\u201d di Max Knigge, ispirata a Emily Dickinson.<\/p>\n<p>&nbsp;<\/p>\n<p>&nbsp;<\/p>\n<p>&nbsp;<\/p>\n<p><strong>ODA ZOE HOCHSCHEID<\/strong><\/p>\n<audio class=\"wp-audio-shortcode\" id=\"audio-422711-16\" preload=\"none\" style=\"width: 100%;\" controls=\"controls\"><source type=\"audio\/mpeg\" src=\"https:\/\/www.radiopiu.net\/wordpress\/wp-content\/uploads\/2024\/12\/ODA-CAVALESE-BELLUNO.mp3?_=16\" \/><a href=\"https:\/\/www.radiopiu.net\/wordpress\/wp-content\/uploads\/2024\/12\/ODA-CAVALESE-BELLUNO.mp3\">https:\/\/www.radiopiu.net\/wordpress\/wp-content\/uploads\/2024\/12\/ODA-CAVALESE-BELLUNO.mp3<\/a><\/audio>\n<p>&nbsp;<\/p>\n<p>&nbsp;<\/p>\n<hr \/>\n<p>&nbsp;<\/p>\n<blockquote>\n<h3><a class=\"dt-pswp-item\" href=\"https:\/\/www.radiopiu.net\/wordpress\/wp-content\/uploads\/2024\/12\/aeca5eac-5655-4add-8aac-8f9a29d499a6.jpg\" data-dt-img-description=\"\" data-large_image_width=\"940\" data-large_image_height=\"788\"><img loading=\"lazy\" decoding=\"async\" class=\" wp-image-422833 alignleft\" src=\"https:\/\/www.radiopiu.net\/wordpress\/wp-content\/uploads\/2024\/12\/aeca5eac-5655-4add-8aac-8f9a29d499a6-300x251.jpg\" alt=\"\" width=\"157\" height=\"131\" srcset=\"https:\/\/www.radiopiu.net\/wordpress\/wp-content\/uploads\/2024\/12\/aeca5eac-5655-4add-8aac-8f9a29d499a6-300x251.jpg 300w, https:\/\/www.radiopiu.net\/wordpress\/wp-content\/uploads\/2024\/12\/aeca5eac-5655-4add-8aac-8f9a29d499a6-768x644.jpg 768w, https:\/\/www.radiopiu.net\/wordpress\/wp-content\/uploads\/2024\/12\/aeca5eac-5655-4add-8aac-8f9a29d499a6.jpg 940w\" sizes=\"auto, (max-width: 157px) 100vw, 157px\" \/><\/a>L&#8217;ARTE DI ZELIA IN MOSTRA AL GUARNIERI<\/h3>\n<p><strong>FELTRE<\/strong><\/p><\/blockquote>\n<p><strong>DI ROBERTO BONA\u00a0<\/strong><\/p>\n<p>&nbsp;<\/p>\n<audio class=\"wp-audio-shortcode\" id=\"audio-422711-17\" preload=\"none\" style=\"width: 100%;\" controls=\"controls\"><source type=\"audio\/wav\" src=\"https:\/\/www.radiopiu.net\/wordpress\/wp-content\/uploads\/2024\/12\/Zelia.wav?_=17\" \/><a href=\"https:\/\/www.radiopiu.net\/wordpress\/wp-content\/uploads\/2024\/12\/Zelia.wav\">https:\/\/www.radiopiu.net\/wordpress\/wp-content\/uploads\/2024\/12\/Zelia.wav<\/a><\/audio>\n<p>&nbsp;<\/p>\n<p>&nbsp;<\/p>\n<hr \/>\n<p>&nbsp;<\/p>\n<blockquote>\n<h2><img loading=\"lazy\" decoding=\"async\" class=\"alignleft\" src=\"https:\/\/www.radiopiu.net\/wordpress\/wp-content\/uploads\/2024\/12\/%C2%A9Echialessandrosogne-con-logo-presentazione-19-ott-2024-scaled.jpg\" width=\"287\" height=\"191\" \/>Ski College Veneto: giornata studente-atleta a Falcade<\/h2>\n<\/blockquote>\n<p><strong>FALCADE<\/strong>\u00a0 Lo Ski College Veneto di Falcade organizza, il 13 dicembre, la giornata studente-atleta per ragazzi di terza media. L\u2019evento unisce attivit\u00e0 scolastiche al mattino presso l\u2019Istituto Follador \u2013 De Rossi e sessioni sportive pomeridiane dedicate a sci alpino, fondo e biathlon con allenatori qualificati.\u00a0 Opportunit\u00e0 per conoscere la vita al College, coniugando studio e sport di alto livello. Iscrizioni entro l\u20198 dicembre sul sito ufficiale dello Ski College Veneto.<\/p>\n<p>&nbsp;<\/p>\n<p>&nbsp;<\/p>\n<p>&nbsp;<\/p>\n<p>&nbsp;<\/p>\n<hr \/>\n<p>&nbsp;<\/p>\n<blockquote>\n<h1>Stelle AIL: un dono per combattere la leucemia<\/h1>\n<\/blockquote>\n<p>&nbsp;<\/p>\n<p><strong><a href=\"https:\/\/www.radiopiu.net\/wordpress\/wp-content\/uploads\/2024\/12\/663d56b0-58e8-4616-8878-5df0b67a7407.webp\"><img loading=\"lazy\" decoding=\"async\" class=\" wp-image-422636 alignleft\" src=\"https:\/\/www.radiopiu.net\/wordpress\/wp-content\/uploads\/2024\/12\/663d56b0-58e8-4616-8878-5df0b67a7407-300x300.webp\" alt=\"\" width=\"194\" height=\"194\" srcset=\"https:\/\/www.radiopiu.net\/wordpress\/wp-content\/uploads\/2024\/12\/663d56b0-58e8-4616-8878-5df0b67a7407-300x300.webp 300w, https:\/\/www.radiopiu.net\/wordpress\/wp-content\/uploads\/2024\/12\/663d56b0-58e8-4616-8878-5df0b67a7407-150x150.webp 150w, https:\/\/www.radiopiu.net\/wordpress\/wp-content\/uploads\/2024\/12\/663d56b0-58e8-4616-8878-5df0b67a7407-768x768.webp 768w, https:\/\/www.radiopiu.net\/wordpress\/wp-content\/uploads\/2024\/12\/663d56b0-58e8-4616-8878-5df0b67a7407.webp 1024w\" sizes=\"auto, (max-width: 194px) 100vw, 194px\" \/><\/a>AGORDO<\/strong><\/p>\n<p>Dal 6 all\u20198 dicembre, ad Agordo tornano le Stelle di Natale AIL, un\u2019iniziativa benefica promossa dall\u2019Associazione Italiana contro le Leucemie. Con un\u2019offerta, sar\u00e0 possibile ricevere una stella di Natale per sostenere i progetti di assistenza e ricerca, aiutando cos\u00ec migliaia di persone.<\/p>\n<p>&nbsp;<\/p>\n<p>Le postazioni saranno attive presso il Centro Commerciale La Corte Agordina, Zum Brillenbar in Valcozzena e le Scuole Elementari di Voltago. Partecipare significa contribuire a un futuro migliore per chi lotta ogni giorno contro queste malattie. Un piccolo gesto, un grande aiuto.<\/p>\n<p>&nbsp;<\/p>\n<hr \/>\n<p>&nbsp;<\/p>\n<blockquote>\n<h3><strong><a class=\"dt-pswp-item\" href=\"https:\/\/www.radiopiu.net\/wordpress\/wp-content\/uploads\/2024\/12\/Senza-nome-15.png\" data-dt-img-description=\"\" data-large_image_width=\"179\" data-large_image_height=\"145\"><img loading=\"lazy\" decoding=\"async\" class=\" wp-image-422781 alignleft\" src=\"https:\/\/www.radiopiu.net\/wordpress\/wp-content\/uploads\/2024\/12\/Senza-nome-15.png\" alt=\"\" width=\"143\" height=\"116\" \/><\/a>150 anni CAI Auronzo: la montagna tra passato e futuro<\/strong><\/h3>\n<\/blockquote>\n<p><strong>AURONZO<\/strong> Venerd\u00ec 6 dicembre, alle 18, nella sala consiliare del Municipio di Auronzo, si celebra il 150\u00b0 anniversario del CAI di Auronzo. La serata, intitolata <strong>\u201cLa Montagna che verr\u00e0\u201d<\/strong>, ospiter\u00e0 l\u2019antropologo Annibale Salsa e il giornalista Luca Calzolari, con interventi musicali di Sandro Del Duca e Nelso Salton.<\/p>\n<p>&nbsp;<\/p>\n<p>&nbsp;<\/p>\n<hr \/>\n<p>&nbsp;<\/p>\n<blockquote>\n<h3>INCONTINENZE E STOMIE: INCONTRO CON LA CITTADINANZA<\/h3>\n<\/blockquote>\n<p><strong>BELLUNO <\/strong>L\u2019Ulss Dolomiti organizza l\u2019incontro <em>\u201cIncontinenze e stomie. Conoscere per capire, capire per affrontare\u201d<\/em>, venerd\u00ec, dalle 16.30 alle 19.00 nella Sala Convegni dell\u2019Ospedale di Feltre. L\u2019evento, rivolto a medici e cittadini, mira a sensibilizzare su temi come incontinenza urinaria e fecale, stomie e riabilitazione. Interverranno esperti in chirurgia, urologia, ginecologia, fisiatria e dietetica, affrontando cause, soluzioni e percorsi riabilitativi. In Italia si stimano 75.000 persone con stomia e oltre 5 milioni con incontinenza, condizioni spesso tab\u00f9 con impatti significativi sulla vita personale e sociale. L\u2019obiettivo \u00e8 rimuovere pregiudizi, favorire la conoscenza e valorizzare il ruolo delle associazioni di pazienti. L\u2019Ulss Dolomiti supporta circa 250 pazienti nei suoi ambulatori provinciali.<\/p>\n<p>&nbsp;<\/p>\n<p>&nbsp;<\/p>\n<hr \/>\n<p>&nbsp;<\/p>\n<blockquote>\n<h3>MUSSOI TRA STORIA E RICORDI<\/h3>\n<\/blockquote>\n<p><strong><a class=\"dt-pswp-item\" href=\"https:\/\/www.radiopiu.net\/wordpress\/wp-content\/uploads\/2024\/12\/Celebrazione-inaugurazione-della-parrocchia_1956.jpg\" data-dt-img-description=\"\" data-large_image_width=\"1844\" data-large_image_height=\"1332\"><img loading=\"lazy\" decoding=\"async\" class=\" wp-image-422551 alignleft\" src=\"https:\/\/www.radiopiu.net\/wordpress\/wp-content\/uploads\/2024\/12\/Celebrazione-inaugurazione-della-parrocchia_1956-300x217.jpg\" alt=\"\" width=\"185\" height=\"134\" srcset=\"https:\/\/www.radiopiu.net\/wordpress\/wp-content\/uploads\/2024\/12\/Celebrazione-inaugurazione-della-parrocchia_1956-300x217.jpg 300w, https:\/\/www.radiopiu.net\/wordpress\/wp-content\/uploads\/2024\/12\/Celebrazione-inaugurazione-della-parrocchia_1956-1024x740.jpg 1024w, https:\/\/www.radiopiu.net\/wordpress\/wp-content\/uploads\/2024\/12\/Celebrazione-inaugurazione-della-parrocchia_1956-768x555.jpg 768w, https:\/\/www.radiopiu.net\/wordpress\/wp-content\/uploads\/2024\/12\/Celebrazione-inaugurazione-della-parrocchia_1956-1536x1110.jpg 1536w, https:\/\/www.radiopiu.net\/wordpress\/wp-content\/uploads\/2024\/12\/Celebrazione-inaugurazione-della-parrocchia_1956.jpg 1844w\" sizes=\"auto, (max-width: 185px) 100vw, 185px\" \/><\/a>BELLUNO<\/strong> La mostra fotografica <em>Mussoi tra storia e ricordi<\/em>, organizzata in occasione della festa di Santa Maria Immacolata, celebra il passato e l\u2019evoluzione del quartiere Mussoi di Belluno. Curata da Costantino Cavallini e Giorgio Reolon, l&#8217;esposizione raccoglie fotografie storiche e attuali che ripercorrono la trasformazione di Mussoi, da zona rurale a moderno quartiere urbano. Originariamente allestita nel 2016, la mostra ha ispirato un libro pubblicato nel 2022, con 440 pagine e un migliaio di immagini, gi\u00e0 esaurito e in attesa di ristampa. Le immagini in esposizione, provenienti da archivi pubblici e privati, raccontano la vita della comunit\u00e0, immortalando volti, attivit\u00e0 quotidiane e momenti significativi della storia locale. Un focus particolare \u00e8 dedicato alla parrocchia, fondata nel 1956, che continua a essere un punto di riferimento spirituale e sociale. La mostra sar\u00e0 visitabile il 7 e 8 dicembre presso le sale parrocchiali, offrendo un viaggio unico nella memoria collettiva.<\/p>\n<p>&nbsp;<\/p>\n<hr \/>\n<p>&nbsp;<\/p>\n<p>&nbsp;<\/p>\n<h2 data-pm-slice=\"1 1 []\"><a href=\"https:\/\/www.radiopiu.net\/wordpress\/wp-content\/uploads\/2024\/12\/569256ec-1609-479c-9e01-15046f8e9e43.webp\"><img loading=\"lazy\" decoding=\"async\" class=\" wp-image-422626 alignleft\" src=\"https:\/\/www.radiopiu.net\/wordpress\/wp-content\/uploads\/2024\/12\/569256ec-1609-479c-9e01-15046f8e9e43-300x300.webp\" alt=\"\" width=\"118\" height=\"118\" srcset=\"https:\/\/www.radiopiu.net\/wordpress\/wp-content\/uploads\/2024\/12\/569256ec-1609-479c-9e01-15046f8e9e43-300x300.webp 300w, https:\/\/www.radiopiu.net\/wordpress\/wp-content\/uploads\/2024\/12\/569256ec-1609-479c-9e01-15046f8e9e43-150x150.webp 150w, https:\/\/www.radiopiu.net\/wordpress\/wp-content\/uploads\/2024\/12\/569256ec-1609-479c-9e01-15046f8e9e43-768x768.webp 768w, https:\/\/www.radiopiu.net\/wordpress\/wp-content\/uploads\/2024\/12\/569256ec-1609-479c-9e01-15046f8e9e43.webp 1024w\" sizes=\"auto, (max-width: 118px) 100vw, 118px\" \/><\/a>LA LUNA, UN&#8217;OCCHIO NELLA NOTTE AL CENTRO CIVICO<br \/>\nvenerdi 13 dicembre<\/h2>\n<p>SOSPIROLO<\/p>\n<p><strong>\u00a0<\/strong><strong>DI ROBERTO BONA<\/strong><\/p>\n<audio class=\"wp-audio-shortcode\" id=\"audio-422711-18\" preload=\"none\" style=\"width: 100%;\" controls=\"controls\"><source type=\"audio\/wav\" src=\"https:\/\/www.radiopiu.net\/wordpress\/wp-content\/uploads\/2024\/12\/LaLunaUnOcchio-1.wav?_=18\" \/><a href=\"https:\/\/www.radiopiu.net\/wordpress\/wp-content\/uploads\/2024\/12\/LaLunaUnOcchio-1.wav\">https:\/\/www.radiopiu.net\/wordpress\/wp-content\/uploads\/2024\/12\/LaLunaUnOcchio-1.wav<\/a><\/audio>\n<p>&nbsp;<\/p>\n<hr \/>\n<p>&nbsp;<\/p>\n<blockquote>\n<h3>UN CONVEGNO SULL&#8217;INNOVAZIONE IN AGRICOLTURA<\/h3>\n<\/blockquote>\n<p><strong><a class=\"dt-pswp-item\" href=\"https:\/\/www.radiopiu.net\/wordpress\/wp-content\/uploads\/2024\/09\/GAL_logo.png\" data-dt-img-description=\"\" data-large_image_width=\"286\" data-large_image_height=\"88\"><img loading=\"lazy\" decoding=\"async\" class=\"size-full wp-image-408811 alignleft\" src=\"https:\/\/www.radiopiu.net\/wordpress\/wp-content\/uploads\/2024\/09\/GAL_logo.png\" alt=\"\" width=\"286\" height=\"88\" \/><\/a>BELLUNO <\/strong>Oggi, presso la Sala E. Luciani della CCIAA Treviso-Belluno | Dolomiti, si terr\u00e0 il convegno \u201cInnovazione in agricoltura: opportunit\u00e0 e scenari per i territori montani nell\u2019ambito della PAC 2023-2027\u201d, organizzato dalla Camera di Commercio di Treviso-Belluno e dal Centro Europe Direct Montagna Veneta. L&#8217;evento esplorer\u00e0 le sfide e le opportunit\u00e0 per l&#8217;agricoltura montana, evidenziando il ruolo dell\u2019innovazione per la competitivit\u00e0, sostenibilit\u00e0 e valorizzazione delle risorse naturali e culturali. Sar\u00e0 un\u2019occasione per discutere modelli di sviluppo in linea con le priorit\u00e0 della PAC e per promuovere il dialogo tra istituzioni, ricerca e operatori locali. Destinato a giovani imprese e professionisti attenti all\u2019innovazione, il convegno mira a stimolare idee e progetti per affrontare sfide come cambiamenti climatici e crisi demografica, proponendo soluzioni sostenibili per il futuro dell\u2019agricoltura montana.<\/p>\n<p>&nbsp;<\/p>\n<p>&nbsp;<\/p>\n<hr \/>\n<p>&nbsp;<\/p>\n<blockquote>\n<h3>UN BANDO PER 1634 ALLIEVI FINANZIERI<\/h3>\n<\/blockquote>\n<p>La Guardia di Finanza ha pubblicato il bando di concorso per il reclutamento di 1634 allievi finanzieri per l&#8217;anno 2024. Il concorso si svolger\u00e0 per titoli ed esami.<\/p>\n<p>&nbsp;<\/p>\n<p>&nbsp;<\/p>\n<hr \/>\n<p>&nbsp;<\/p>\n<blockquote>\n<p data-pm-slice=\"1 1 []\"><strong>Concorso per 33 atleti nei gruppi sportivi Fiamme Oro della Polizia di Stato<\/strong><\/p>\n<\/blockquote>\n<p>Sul Portale Unico del reclutamento, all&#8217;indirizzo <a>www.inpa.gov.it<\/a> e sul sito <a>www.poliziadistato.it<\/a>, \u00e8 stato pubblicato il 14 novembre 2024 un bando di concorso pubblico per titoli, finalizzato all&#8217;assunzione di 33 atleti da destinare ai gruppi sportivi \u201cPolizia di Stato \u2013 Fiamme Oro\u201d. Gli atleti selezionati saranno inquadrati nel ruolo degli agenti e assistenti della Polizia di Stato, con qualifica di agente.<\/p>\n<p>&nbsp;<\/p>\n<p>&nbsp;<\/p>\n<hr \/>\n<p>&nbsp;<\/p>\n<blockquote>\n<h3>UN CONCERTO PER VITTORIO FENTI<\/h3>\n<\/blockquote>\n<p><strong class=\"photoswipe-wrapper\"><a class=\"dt-pswp-item pspw-wrap-ready\" href=\"https:\/\/www.radiopiu.net\/wordpress\/wp-content\/uploads\/2024\/11\/541f118a-8f00-44dd-91dd-13dcb4ddbd0d.jpg\" data-dt-img-description=\"\" data-large_image_width=\"1280\" data-large_image_height=\"1600\"><img loading=\"lazy\" decoding=\"async\" class=\" wp-image-421808 alignleft\" src=\"https:\/\/www.radiopiu.net\/wordpress\/wp-content\/uploads\/2024\/11\/541f118a-8f00-44dd-91dd-13dcb4ddbd0d-240x300.jpg\" sizes=\"auto, (max-width: 213px) 100vw, 213px\" srcset=\"https:\/\/www.radiopiu.net\/wordpress\/wp-content\/uploads\/2024\/11\/541f118a-8f00-44dd-91dd-13dcb4ddbd0d-240x300.jpg 240w, https:\/\/www.radiopiu.net\/wordpress\/wp-content\/uploads\/2024\/11\/541f118a-8f00-44dd-91dd-13dcb4ddbd0d-819x1024.jpg 819w, https:\/\/www.radiopiu.net\/wordpress\/wp-content\/uploads\/2024\/11\/541f118a-8f00-44dd-91dd-13dcb4ddbd0d-768x960.jpg 768w, https:\/\/www.radiopiu.net\/wordpress\/wp-content\/uploads\/2024\/11\/541f118a-8f00-44dd-91dd-13dcb4ddbd0d-1229x1536.jpg 1229w, https:\/\/www.radiopiu.net\/wordpress\/wp-content\/uploads\/2024\/11\/541f118a-8f00-44dd-91dd-13dcb4ddbd0d.jpg 1280w\" alt=\"\" width=\"181\" height=\"226\" \/><\/a>AGORDO<\/strong> il Circolo Culturale Agordino organizza in sala Tamis, ad Agordo, per venerd\u00ec 6 dicembre 2024 alle ore 20e30, una serata concerto con riconoscimento a Vittorio Fenti, quale persona che si \u00e8 sempre adoperata e impegnata per la collettivit\u00e0, rispondendo sempre con grande disponibilit\u00e0 ai bisogni del territorio affidandosi alla sua preparazione e competenza.<\/p>\n<p>&nbsp;<\/p>\n<p>&nbsp;<\/p>\n<p>&nbsp;<\/p>\n<p><strong>DI GIANNI SANTOMASO<\/strong><\/p>\n<audio class=\"wp-audio-shortcode\" id=\"audio-422711-19\" preload=\"none\" style=\"width: 100%;\" controls=\"controls\"><source type=\"audio\/mpeg\" src=\"https:\/\/www.radiopiu.net\/wordpress\/wp-content\/uploads\/2024\/11\/GIANNI-CONCERTO-VITTORIO-FENTI.mp3?_=19\" \/><a href=\"https:\/\/www.radiopiu.net\/wordpress\/wp-content\/uploads\/2024\/11\/GIANNI-CONCERTO-VITTORIO-FENTI.mp3\">https:\/\/www.radiopiu.net\/wordpress\/wp-content\/uploads\/2024\/11\/GIANNI-CONCERTO-VITTORIO-FENTI.mp3<\/a><\/audio>\n<p>&nbsp;<\/p>\n<p>&nbsp;<\/p>\n<hr \/>\n<p>&nbsp;<\/p>\n<blockquote>\n<h3>UNA SERATA PER RICORDARE, UNA SERATA DA RICORDARE<\/h3>\n<\/blockquote>\n<p><strong><a class=\"dt-pswp-item\" href=\"https:\/\/www.radiopiu.net\/wordpress\/wp-content\/uploads\/2024\/12\/coro-monti-del-sole.jpg\" data-dt-img-description=\"\" data-large_image_width=\"1080\" data-large_image_height=\"720\"><img loading=\"lazy\" decoding=\"async\" class=\" wp-image-422589 alignleft\" src=\"https:\/\/www.radiopiu.net\/wordpress\/wp-content\/uploads\/2024\/12\/coro-monti-del-sole-300x200.jpg\" alt=\"\" width=\"156\" height=\"104\" srcset=\"https:\/\/www.radiopiu.net\/wordpress\/wp-content\/uploads\/2024\/12\/coro-monti-del-sole-300x200.jpg 300w, https:\/\/www.radiopiu.net\/wordpress\/wp-content\/uploads\/2024\/12\/coro-monti-del-sole-1024x683.jpg 1024w, https:\/\/www.radiopiu.net\/wordpress\/wp-content\/uploads\/2024\/12\/coro-monti-del-sole-768x512.jpg 768w, https:\/\/www.radiopiu.net\/wordpress\/wp-content\/uploads\/2024\/12\/coro-monti-del-sole.jpg 1080w\" sizes=\"auto, (max-width: 156px) 100vw, 156px\" \/><\/a>SEDICO<\/strong> Il Coro Monti del Sole celebra la 25\u00aa edizione di \u201cUna serata per ricordare\u201d con un evento speciale sabato 7 dicembre alle 20:45 al Palaskating di Sedico. Quest\u2019anno, accanto al coro ospitante, si esibir\u00e0 il vocal pop \u201cGli Sconcertati\u201d di Vittorio Veneto, vincitori del Gran Premio al 12\u00b0 Festival della Coralit\u00e0 Veneta. Il concerto, a ingresso libero, unir\u00e0 tradizione e innovazione per ricordare maestri e coristi scomparsi. Prima di concludere il 2024, il Coro Monti del Sole parteciper\u00e0 al concerto natalizio del Coro Minimo Bellunese il 20 dicembre a Belluno.<\/p>\n<p>&nbsp;<\/p>\n<p>&nbsp;<\/p>\n<hr \/>\n<p>&nbsp;<\/p>\n<blockquote><p><strong><a class=\"dt-pswp-item\" href=\"https:\/\/www.radiopiu.net\/wordpress\/wp-content\/uploads\/2024\/11\/AMICI-MINERARI.png\" data-dt-img-description=\"\" data-large_image_width=\"209\" data-large_image_height=\"174\"><img loading=\"lazy\" decoding=\"async\" class=\"size-full wp-image-419180 alignleft\" src=\"https:\/\/www.radiopiu.net\/wordpress\/wp-content\/uploads\/2024\/11\/AMICI-MINERARI.png\" alt=\"\" width=\"209\" height=\"174\" \/><\/a>&#8220;Con gli Amici dei Minerari: Serate d&#8217;Inverno \u2013 un viaggio tra storia, scienza e meraviglie. Incontri presso la Sala con T\u00e0-Mis. Non mancare!&#8221;<\/strong><\/p>\n<ul>\n<li><em>Venerd\u00ec 20 dicembre, ore 20:30<\/em>: &#8220;La morfogenesi delle frane&#8221; \u2013 Relatore Prof. Vittorio Fenti.<\/li>\n<li><em>Venerd\u00ec 24 gennaio, ore 20:30<\/em>: &#8220;Il meraviglioso mondo dei fossili delle Dolomiti&#8221; \u2013 Relatore Danilo Giordano.<\/li>\n<li><em>Venerd\u00ec 21 febbraio, ore 20:30<\/em>: &#8220;Il traforo del Brennero: studio, progettazione e realizzazione&#8221; \u2013 Relatori Vittorio Fenti e Mario Guadagnini.<\/li>\n<\/ul>\n<p><strong>Vivi la cultura e la passione per la montagna!<\/strong><\/p><\/blockquote>\n<p>&nbsp;<\/p>\n<p>&nbsp;<\/p>\n<hr \/>\n<p>&nbsp;<\/p>\n<blockquote>\n<h3>GLI ORARI DELLA PRO LOCO E MUSEI DI CANALE D&#8217;AGORDO<\/h3>\n<\/blockquote>\n<p><strong>CANALE D&#8217;AGORDO <\/strong>Gli uffici della Pro Loco e i siti museali di Canale d\u2019Agordo seguiranno questi orari invernali: <strong>Dal 1\u00b0 al 26 dicembre<\/strong>: Museo &amp; Pro Loco aperti venerd\u00ec, sabato e domenica (9.00-12.00, 15.00-18.00); Casa Natale aperta il 7 e 8 dicembre (10.00-13.00, 15.00-18.00). <strong>Dal 27 dicembre al 5 gennaio<\/strong>: Museo &amp; Pro Loco e Casa Natale aperti tutti i giorni con orari simili, chiusi il 31 dicembre pomeriggio e il 1\u00b0 gennaio mattina. <strong>Dal 6 gennaio al 28 febbraio<\/strong>: Museo &amp; Pro Loco aperti venerd\u00ec, sabato e domenica (9.00-12.00, 15.00-18.00). <strong>Marzo<\/strong>: apertura su prenotazione per gruppi di almeno 20\/25 persone.<\/p>\n<p>&nbsp;<\/p>\n<hr \/>\n<p>&nbsp;<\/p>\n<div class=\"flex max-w-full flex-col flex-grow\">\n<div class=\"min-h-8 text-message flex w-full flex-col items-end gap-2 whitespace-normal break-words [.text-message+&amp;]:mt-5\" dir=\"auto\" data-message-author-role=\"assistant\" data-message-id=\"39bd133f-1b1b-4b92-862e-6e7b33fbf702\" data-message-model-slug=\"gpt-4o\">\n<div class=\"flex w-full flex-col gap-1 empty:hidden first:pt-[3px]\">\n<div class=\"markdown prose w-full break-words dark:prose-invert dark\">\n<blockquote><p><strong>&#8220;Carovana Culturale: Patto Digitale a Canale d&#8217;Agordo&#8221;<\/strong><\/p><\/blockquote>\n<\/div>\n<\/div>\n<\/div>\n<\/div>\n<div class=\"mb-2 flex gap-3 empty:hidden -ml-2\">\n<div class=\"items-center justify-start rounded-xl p-1 flex\">\n<div class=\"flex items-center\"><strong>CANALE D&#8217;AGORDO<\/strong> Sabato\u00a0 alle 20.30 in sala emigranti\u00a0 primo evento della carovana proposta dalle biblioteche della valle del Biois. In particolare questa serata \u00e8 organizzata con il gruppo di &#8220;genitori in rete per sopravvivere alla Rete&#8221; che si stanno impegnando nella stesura del Patto digitale per la gestione dello Smartphone con i figli. Spettacolo di e con Carlo Colombo, musicista autore e pianista trevigiano. Ingresso libero<\/div>\n<\/div>\n<\/div>\n\n\t\t\t<style type='text\/css'>\n\t\t\t\t#gallery-6 {\n\t\t\t\t\tmargin: auto;\n\t\t\t\t}\n\t\t\t\t#gallery-6 .gallery-item {\n\t\t\t\t\tfloat: left;\n\t\t\t\t\tmargin-top: 10px;\n\t\t\t\t\ttext-align: center;\n\t\t\t\t\twidth: 50%;\n\t\t\t\t}\n\t\t\t\t#gallery-6 img {\n\t\t\t\t\tborder: 2px solid #cfcfcf;\n\t\t\t\t}\n\t\t\t\t#gallery-6 .gallery-caption {\n\t\t\t\t\tmargin-left: 0;\n\t\t\t\t}\n\t\t\t\t\/* see gallery_shortcode() in wp-includes\/media.php *\/\n\t\t\t<\/style>\n\t\t<div id='gallery-6' class='dt-gallery-container gallery galleryid-422711 gallery-columns-2 gallery-size-medium'><dl class='gallery-item'>\n\t\t\t\t<dt class='gallery-icon portrait'>\n\t\t\t\t\t<a class=\"rollover rollover-zoom dt-pswp-item\" title=\"22aac26b-3669-464d-82f3-94401c98d887\" data-dt-img-description=\"\" data-large_image_width=\"1131\" data-large_image_height=\"1600\"href='https:\/\/www.radiopiu.net\/wordpress\/wp-content\/uploads\/2024\/12\/22aac26b-3669-464d-82f3-94401c98d887.jpg'><img loading=\"lazy\" decoding=\"async\" width=\"212\" height=\"300\" src=\"https:\/\/www.radiopiu.net\/wordpress\/wp-content\/uploads\/2024\/12\/22aac26b-3669-464d-82f3-94401c98d887-212x300.jpg\" class=\"attachment-medium size-medium\" alt=\"\" aria-describedby=\"gallery-6-422605\" srcset=\"https:\/\/www.radiopiu.net\/wordpress\/wp-content\/uploads\/2024\/12\/22aac26b-3669-464d-82f3-94401c98d887-212x300.jpg 212w, https:\/\/www.radiopiu.net\/wordpress\/wp-content\/uploads\/2024\/12\/22aac26b-3669-464d-82f3-94401c98d887-724x1024.jpg 724w, https:\/\/www.radiopiu.net\/wordpress\/wp-content\/uploads\/2024\/12\/22aac26b-3669-464d-82f3-94401c98d887-768x1086.jpg 768w, https:\/\/www.radiopiu.net\/wordpress\/wp-content\/uploads\/2024\/12\/22aac26b-3669-464d-82f3-94401c98d887-1086x1536.jpg 1086w, https:\/\/www.radiopiu.net\/wordpress\/wp-content\/uploads\/2024\/12\/22aac26b-3669-464d-82f3-94401c98d887.jpg 1131w\" sizes=\"auto, (max-width: 212px) 100vw, 212px\" \/><\/a>\n\t\t\t\t<\/dt>\n\t\t\t\t\t<dd class='wp-caption-text gallery-caption' id='gallery-6-422605'>\n\t\t\t\t\t7 DICEMBRE\n\t\t\t\t\t<\/dd><\/dl><dl class='gallery-item'>\n\t\t\t\t<dt class='gallery-icon portrait'>\n\t\t\t\t\t<a class=\"rollover rollover-zoom dt-pswp-item\" title=\"f3f2ea0e-aa92-4138-8531-1a6989ef6465\" data-dt-img-description=\"\" data-large_image_width=\"1131\" data-large_image_height=\"1600\"href='https:\/\/www.radiopiu.net\/wordpress\/wp-content\/uploads\/2024\/12\/f3f2ea0e-aa92-4138-8531-1a6989ef6465-1.jpg'><img loading=\"lazy\" decoding=\"async\" width=\"212\" height=\"300\" src=\"https:\/\/www.radiopiu.net\/wordpress\/wp-content\/uploads\/2024\/12\/f3f2ea0e-aa92-4138-8531-1a6989ef6465-1-212x300.jpg\" class=\"attachment-medium size-medium\" alt=\"\" srcset=\"https:\/\/www.radiopiu.net\/wordpress\/wp-content\/uploads\/2024\/12\/f3f2ea0e-aa92-4138-8531-1a6989ef6465-1-212x300.jpg 212w, https:\/\/www.radiopiu.net\/wordpress\/wp-content\/uploads\/2024\/12\/f3f2ea0e-aa92-4138-8531-1a6989ef6465-1-724x1024.jpg 724w, https:\/\/www.radiopiu.net\/wordpress\/wp-content\/uploads\/2024\/12\/f3f2ea0e-aa92-4138-8531-1a6989ef6465-1-768x1086.jpg 768w, https:\/\/www.radiopiu.net\/wordpress\/wp-content\/uploads\/2024\/12\/f3f2ea0e-aa92-4138-8531-1a6989ef6465-1-1086x1536.jpg 1086w, https:\/\/www.radiopiu.net\/wordpress\/wp-content\/uploads\/2024\/12\/f3f2ea0e-aa92-4138-8531-1a6989ef6465-1.jpg 1131w\" sizes=\"auto, (max-width: 212px) 100vw, 212px\" \/><\/a>\n\t\t\t\t<\/dt><\/dl><br style=\"clear: both\" \/>\n\t\t\t<\/div>\n\n<p>&nbsp;<\/p>\n<hr \/>\n<p>&nbsp;<\/p>\n<blockquote>\n<h3>LA CENA DELLA CLASSE DEL 1953<\/h3>\n<\/blockquote>\n<p><strong>AGORDO<\/strong> Venerd\u00ec 13 dicembre, presso la pizzeria Agordina, si terr\u00e0 una serata conviviale per i nati del 1953. Le iscrizioni sono aperte fino a mercoled\u00ec 11 dicembre presso la pizzeria.<\/p>\n<p>&nbsp;<\/p>\n<p>&nbsp;<\/p>\n<hr \/>\n<p>&nbsp;<\/p>\n<h2><span style=\"color: #ff6600;\">IERI ALLA RADIO\u00a0\u00a0<\/span><\/h2>\n<h2><span style=\"color: #008000;\">&#8220;DINTORN E FORA VIA&#8221;\u00a0 IL PROGRAMMA\u00a0 A CURA DEL MUSLA <\/span><\/h2>\n<p><strong><a class=\"dt-pswp-item\" href=\"https:\/\/www.radiopiu.net\/wordpress\/wp-content\/uploads\/2023\/10\/GIORNALE-QUOTIDIANO.jpg\" data-dt-img-description=\"\" data-large_image_width=\"1280\" data-large_image_height=\"853\"><img loading=\"lazy\" decoding=\"async\" class=\" wp-image-356264 alignleft\" src=\"https:\/\/www.radiopiu.net\/wordpress\/wp-content\/uploads\/2023\/10\/GIORNALE-QUOTIDIANO-300x200.jpg\" alt=\"\" width=\"158\" height=\"105\" srcset=\"https:\/\/www.radiopiu.net\/wordpress\/wp-content\/uploads\/2023\/10\/GIORNALE-QUOTIDIANO-300x200.jpg 300w, https:\/\/www.radiopiu.net\/wordpress\/wp-content\/uploads\/2023\/10\/GIORNALE-QUOTIDIANO-1024x682.jpg 1024w, https:\/\/www.radiopiu.net\/wordpress\/wp-content\/uploads\/2023\/10\/GIORNALE-QUOTIDIANO-768x512.jpg 768w, https:\/\/www.radiopiu.net\/wordpress\/wp-content\/uploads\/2023\/10\/GIORNALE-QUOTIDIANO.jpg 1280w\" sizes=\"auto, (max-width: 158px) 100vw, 158px\" \/><\/a>PUNTATA DEL 03 DICEMBRE 2024 MICHELA DELL&#8217;OSBEL<\/strong><\/p>\n<audio class=\"wp-audio-shortcode\" id=\"audio-422711-20\" preload=\"none\" style=\"width: 100%;\" controls=\"controls\"><source type=\"audio\/mpeg\" src=\"https:\/\/www.radiopiu.net\/wordpress\/wp-content\/uploads\/2024\/12\/MUSLA.mp3?_=20\" \/><a href=\"https:\/\/www.radiopiu.net\/wordpress\/wp-content\/uploads\/2024\/12\/MUSLA.mp3\">https:\/\/www.radiopiu.net\/wordpress\/wp-content\/uploads\/2024\/12\/MUSLA.mp3<\/a><\/audio>\n<p>&nbsp;<\/p>\n<h2>LA RACCOLTA COMPLETA <a href=\"https:\/\/www.radiopiu.net\/wordpress\/musla\/\"><span style=\"color: #3366ff;\">CLICCA QUI<\/span><\/a><\/h2>\n<p>&nbsp;<\/p>\n<p>&nbsp;<\/p>\n<hr \/>\n<p>&nbsp;<\/p>\n<h2><span style=\"color: #ff9900;\">DI MARTEDI&#8230; POMERIGGIO CON LUISA ALCHINI<\/span><\/h2>\n<p><span style=\"color: #ff0000;\"><strong><a class=\"dt-pswp-item\" href=\"https:\/\/www.radiopiu.net\/wordpress\/wp-content\/uploads\/2024\/12\/468813123_10221188087011473_7274909639586463144_n.jpg\" data-dt-img-description=\"\" data-large_image_width=\"588\" data-large_image_height=\"414\"><img loading=\"lazy\" decoding=\"async\" class=\" wp-image-422642 alignleft\" src=\"https:\/\/www.radiopiu.net\/wordpress\/wp-content\/uploads\/2024\/12\/468813123_10221188087011473_7274909639586463144_n-300x211.jpg\" alt=\"\" width=\"182\" height=\"128\" srcset=\"https:\/\/www.radiopiu.net\/wordpress\/wp-content\/uploads\/2024\/12\/468813123_10221188087011473_7274909639586463144_n-300x211.jpg 300w, https:\/\/www.radiopiu.net\/wordpress\/wp-content\/uploads\/2024\/12\/468813123_10221188087011473_7274909639586463144_n.jpg 588w\" sizes=\"auto, (max-width: 182px) 100vw, 182px\" \/><\/a>PUNTATA 21 PARTE UNO &#8211; LE BRETELLE LASCHE<\/strong><\/span><\/p>\n<audio class=\"wp-audio-shortcode\" id=\"audio-422711-21\" preload=\"none\" style=\"width: 100%;\" controls=\"controls\"><source type=\"audio\/mpeg\" src=\"https:\/\/www.radiopiu.net\/wordpress\/wp-content\/uploads\/2024\/12\/LP1.mp3?_=21\" \/><a href=\"https:\/\/www.radiopiu.net\/wordpress\/wp-content\/uploads\/2024\/12\/LP1.mp3\">https:\/\/www.radiopiu.net\/wordpress\/wp-content\/uploads\/2024\/12\/LP1.mp3<\/a><\/audio>\n<p><span style=\"color: #ff0000;\">\u00a0<\/span><\/p>\n<p><span style=\"color: #ff0000;\"><strong>PARTE DUE<\/strong><\/span><\/p>\n<audio class=\"wp-audio-shortcode\" id=\"audio-422711-22\" preload=\"none\" style=\"width: 100%;\" controls=\"controls\"><source type=\"audio\/mpeg\" src=\"https:\/\/www.radiopiu.net\/wordpress\/wp-content\/uploads\/2024\/12\/LP2.mp3?_=22\" \/><a href=\"https:\/\/www.radiopiu.net\/wordpress\/wp-content\/uploads\/2024\/12\/LP2.mp3\">https:\/\/www.radiopiu.net\/wordpress\/wp-content\/uploads\/2024\/12\/LP2.mp3<\/a><\/audio>\n<p><span style=\"color: #ff0000;\">\u00a0<\/span><\/p>\n<p><span style=\"color: #ff0000;\"><strong>PARTE TRE<\/strong><\/span><\/p>\n<audio class=\"wp-audio-shortcode\" id=\"audio-422711-23\" preload=\"none\" style=\"width: 100%;\" controls=\"controls\"><source type=\"audio\/mpeg\" src=\"https:\/\/www.radiopiu.net\/wordpress\/wp-content\/uploads\/2024\/12\/LP3.mp3?_=23\" \/><a href=\"https:\/\/www.radiopiu.net\/wordpress\/wp-content\/uploads\/2024\/12\/LP3.mp3\">https:\/\/www.radiopiu.net\/wordpress\/wp-content\/uploads\/2024\/12\/LP3.mp3<\/a><\/audio>\n<p>&nbsp;<\/p>\n<h2>LA RACCOLTA COMPLETA <a href=\"https:\/\/www.radiopiu.net\/wordpress\/lmt21\/\"><span style=\"color: #3366ff;\">CLICCA QUI<\/span><\/a><\/h2>\n<p>&nbsp;<\/p>\n<hr \/>\n<p>&nbsp;<\/p>\n<h2><span style=\"color: #993300;\">DOMENICA 8 DICEMBRE TORNANO I KRAMPUS A FRASSENE&#8217;<\/span><\/h2>\n<p><strong><a class=\"dt-pswp-item\" href=\"https:\/\/www.radiopiu.net\/wordpress\/wp-content\/uploads\/2024\/11\/WhatsApp-Image-2019-12-16-at-00.36.24-2.jpg\" data-dt-img-description=\"\" data-large_image_width=\"1600\" data-large_image_height=\"1068\"><img loading=\"lazy\" decoding=\"async\" class=\" wp-image-421955 alignleft\" src=\"https:\/\/www.radiopiu.net\/wordpress\/wp-content\/uploads\/2024\/11\/WhatsApp-Image-2019-12-16-at-00.36.24-2-300x200.jpg\" alt=\"\" width=\"183\" height=\"122\" srcset=\"https:\/\/www.radiopiu.net\/wordpress\/wp-content\/uploads\/2024\/11\/WhatsApp-Image-2019-12-16-at-00.36.24-2-300x200.jpg 300w, https:\/\/www.radiopiu.net\/wordpress\/wp-content\/uploads\/2024\/11\/WhatsApp-Image-2019-12-16-at-00.36.24-2-1024x684.jpg 1024w, https:\/\/www.radiopiu.net\/wordpress\/wp-content\/uploads\/2024\/11\/WhatsApp-Image-2019-12-16-at-00.36.24-2-768x513.jpg 768w, https:\/\/www.radiopiu.net\/wordpress\/wp-content\/uploads\/2024\/11\/WhatsApp-Image-2019-12-16-at-00.36.24-2-1536x1025.jpg 1536w, https:\/\/www.radiopiu.net\/wordpress\/wp-content\/uploads\/2024\/11\/WhatsApp-Image-2019-12-16-at-00.36.24-2.jpg 1600w\" sizes=\"auto, (max-width: 183px) 100vw, 183px\" \/><\/a>DI MIRKO MEZZACASA<\/strong><\/p>\n<p>OSPITI: Yuri Parissenti, Sharon De Marco e Walter Da Campo<\/p>\n<audio class=\"wp-audio-shortcode\" id=\"audio-422711-24\" preload=\"none\" style=\"width: 100%;\" controls=\"controls\"><source type=\"audio\/mpeg\" src=\"https:\/\/www.radiopiu.net\/wordpress\/wp-content\/uploads\/2024\/11\/sharon-yuri-walther.mp3?_=24\" \/><a href=\"https:\/\/www.radiopiu.net\/wordpress\/wp-content\/uploads\/2024\/11\/sharon-yuri-walther.mp3\">https:\/\/www.radiopiu.net\/wordpress\/wp-content\/uploads\/2024\/11\/sharon-yuri-walther.mp3<\/a><\/audio>\n<p>&nbsp;<\/p>\n<hr \/>\n<p>&nbsp;<\/p>\n<h2><span style=\"color: #ff00ff;\">&#8220;NON FARE LO STRUZZO&#8221; UNA SERATA INFORMATIVA IL 19 DICEMBRE ALLA BIBLIOTECA DI AGORDO<\/span><\/h2>\n<p><strong><a class=\"dt-pswp-item\" href=\"https:\/\/www.radiopiu.net\/wordpress\/wp-content\/uploads\/2024\/11\/dd4cdc36-4650-447f-ae9b-9f98a0817bdf.jpg\" data-dt-img-description=\"\" data-large_image_width=\"1131\" data-large_image_height=\"1600\"><img loading=\"lazy\" decoding=\"async\" class=\" wp-image-422181 alignleft\" src=\"https:\/\/www.radiopiu.net\/wordpress\/wp-content\/uploads\/2024\/11\/dd4cdc36-4650-447f-ae9b-9f98a0817bdf-212x300.jpg\" alt=\"\" width=\"127\" height=\"180\" srcset=\"https:\/\/www.radiopiu.net\/wordpress\/wp-content\/uploads\/2024\/11\/dd4cdc36-4650-447f-ae9b-9f98a0817bdf-212x300.jpg 212w, https:\/\/www.radiopiu.net\/wordpress\/wp-content\/uploads\/2024\/11\/dd4cdc36-4650-447f-ae9b-9f98a0817bdf-724x1024.jpg 724w, https:\/\/www.radiopiu.net\/wordpress\/wp-content\/uploads\/2024\/11\/dd4cdc36-4650-447f-ae9b-9f98a0817bdf-768x1086.jpg 768w, https:\/\/www.radiopiu.net\/wordpress\/wp-content\/uploads\/2024\/11\/dd4cdc36-4650-447f-ae9b-9f98a0817bdf-1086x1536.jpg 1086w, https:\/\/www.radiopiu.net\/wordpress\/wp-content\/uploads\/2024\/11\/dd4cdc36-4650-447f-ae9b-9f98a0817bdf.jpg 1131w\" sizes=\"auto, (max-width: 127px) 100vw, 127px\" \/><\/a>DI MIRKO MEZZACASA<\/strong><\/p>\n<p>OSPITI: Giuliano Federa e Roberto Agnolet<\/p>\n<audio class=\"wp-audio-shortcode\" id=\"audio-422711-25\" preload=\"none\" style=\"width: 100%;\" controls=\"controls\"><source type=\"audio\/mpeg\" src=\"https:\/\/www.radiopiu.net\/wordpress\/wp-content\/uploads\/2024\/12\/giuliano-e-roberto-ok.mp3?_=25\" \/><a href=\"https:\/\/www.radiopiu.net\/wordpress\/wp-content\/uploads\/2024\/12\/giuliano-e-roberto-ok.mp3\">https:\/\/www.radiopiu.net\/wordpress\/wp-content\/uploads\/2024\/12\/giuliano-e-roberto-ok.mp3<\/a><\/audio>\n<p>&nbsp;<\/p>\n<hr \/>\n<p>&nbsp;<\/p>\n<blockquote>\n<h3>&#8220;IL GLADIATORE 2&#8221; SABATO E DOMENICA AL CINEMA DOLOMITI DI FALCADE<\/h3>\n<\/blockquote>\n<p><strong><a class=\"dt-pswp-item\" href=\"https:\/\/www.radiopiu.net\/wordpress\/wp-content\/uploads\/2024\/12\/locandinapg1.jpg\" data-dt-img-description=\"\" data-large_image_width=\"420\" data-large_image_height=\"525\"><img loading=\"lazy\" decoding=\"async\" class=\" wp-image-422584 alignleft\" src=\"https:\/\/www.radiopiu.net\/wordpress\/wp-content\/uploads\/2024\/12\/locandinapg1-240x300.jpg\" alt=\"\" width=\"190\" height=\"238\" srcset=\"https:\/\/www.radiopiu.net\/wordpress\/wp-content\/uploads\/2024\/12\/locandinapg1-240x300.jpg 240w, https:\/\/www.radiopiu.net\/wordpress\/wp-content\/uploads\/2024\/12\/locandinapg1.jpg 420w\" sizes=\"auto, (max-width: 190px) 100vw, 190px\" \/><\/a>FALCADE\u00a0<\/strong>Continua la programmazione al Cinema Dolomiti di Falcade con il film di Ridly Scott &#8220;Il Gladiatore 2&#8221;. Sedici anni dopo la morte di Marco Aurelio, Roma \u00e8 governata dai tirannici fratelli Caracalla e Geta, immersa nella corruzione. Il generale romano Marco Acacio conquista la Numidia, facendo prigioniero Annone, un uomo distrutto dalla perdita della moglie e della sua terra. Annone, trasformato in gladiatore, cattura l\u2019attenzione di Macrino, un mercante di schiavi con oscure ambizioni. Durante i combattimenti, Annone scopre di essere Lucio Vero Aurelio, figlio del leggendario Massimo Decimo Meridio e di Lucilla, figlia di Marco Aurelio. Lucilla e Acacio tramano per rovesciare gli imperatori, ma il complotto viene scoperto. Acacio finisce nell\u2019arena, dove Annone lo sconfigge senza ucciderlo. Tuttavia, il caos esplode: Caracalla uccide Geta su consiglio di Macrino, che trama per prendere il potere. Lucilla viene catturata e condannata a morte, ma prima dona a suo figlio l\u2019anello di Marco Aurelio. Nel Colosseo, Annone guida un&#8217;insurrezione di gladiatori e affronta Macrino alle porte di Roma. Nonostante le difficolt\u00e0, Annone riesce a uccidere il suo nemico. Con la morte di Macrino, Lucio si proclama erede al trono e ispira Roma a unirsi per costruire un impero pi\u00f9 giusto, realizzando il sogno di Marco Aurelio.\u00a0<strong>SPETTACOLI ALLE 21, DOMENICA ANCHE ALLE 15:30<\/strong><\/p>\n<p><strong>LA PRESENTAZIONE A CURA DI PAOLA LANCIATO<\/strong><\/p>\n<audio class=\"wp-audio-shortcode\" id=\"audio-422711-26\" preload=\"none\" style=\"width: 100%;\" controls=\"controls\"><source type=\"audio\/mpeg\" src=\"https:\/\/www.radiopiu.net\/wordpress\/wp-content\/uploads\/2024\/12\/IL-GLADIATORE-II.mp3?_=26\" \/><a href=\"https:\/\/www.radiopiu.net\/wordpress\/wp-content\/uploads\/2024\/12\/IL-GLADIATORE-II.mp3\">https:\/\/www.radiopiu.net\/wordpress\/wp-content\/uploads\/2024\/12\/IL-GLADIATORE-II.mp3<\/a><\/audio>\n<p>&nbsp;<\/p>\n<hr \/>\n<p>&nbsp;<\/p>\n<h2><span style=\"color: #ff0000;\"><a class=\"dt-pswp-item\" href=\"https:\/\/www.radiopiu.net\/wordpress\/wp-content\/uploads\/2018\/09\/appuntamenti.jpeg\" data-dt-img-description=\"\" data-large_image_width=\"800\" data-large_image_height=\"100\"><img loading=\"lazy\" decoding=\"async\" class=\"wp-image-61958 size-full aligncenter\" src=\"https:\/\/www.radiopiu.net\/wordpress\/wp-content\/uploads\/2018\/09\/appuntamenti.jpeg\" alt=\"\" width=\"800\" height=\"100\" srcset=\"https:\/\/www.radiopiu.net\/wordpress\/wp-content\/uploads\/2018\/09\/appuntamenti.jpeg 800w, https:\/\/www.radiopiu.net\/wordpress\/wp-content\/uploads\/2018\/09\/appuntamenti-300x38.jpeg 300w, https:\/\/www.radiopiu.net\/wordpress\/wp-content\/uploads\/2018\/09\/appuntamenti-768x96.jpeg 768w\" sizes=\"auto, (max-width: 800px) 100vw, 800px\" \/><\/a><\/span><\/h2>\n<div class=\"xdj266r x11i5rnm xat24cr x1mh8g0r x1vvkbs x126k92a\">\n<div dir=\"auto\">Meno due giorni al concerto della Formula 3 al Teatro Buzzati. Che venerd\u00ec alle 21, al grido di \u201cSiamo tutti figli di Battisti\u201d, Feltre Eventi intende riempire il pi\u00f9 possibile. <span class=\"html-span xdj266r x11i5rnm xat24cr x1mh8g0r xexx8yu x4uap5 x18d9i69 xkhd6sd x1hl2dhg x16tdsg8 x1vvkbs\"><a class=\"x1i10hfl xjbqb8w x1ejq31n xd10rxx x1sy0etr x17r0tee x972fbf xcfux6l x1qhh985 xm0m39n x9f619 x1ypdohk xt0psk2 xe8uvvx xdj266r x11i5rnm xat24cr x1mh8g0r xexx8yu x4uap5 x18d9i69 xkhd6sd x16tdsg8 x1hl2dhg xggy1nq x1a2a7pz x1sur9pj xkrqix3 x1fey0fg x1s688f\" tabindex=\"0\" role=\"link\" href=\"https:\/\/www.facebook.com\/groups\/61488111720\/user\/100009878145045\/?__cft__[0]=AZVeLUz6VNmcmaRcPjinQcObFEl3VBPvQZwxCwmYx4ddtqFsA2ubInlcOUP0weZRxcvymjWs-NpHEIdYD09Gg3cfeauzn229sgKlhTCZzuGaQkAj3LIPBzuaFf-uHQEIkcsJxtigiQqQ9uUAdDBnpxioYoSDPll8GDgkH4zP8QPGMg&amp;__tn__=-]K-R\"><span class=\"xt0psk2\">Giulio Zallot<\/span><\/a><\/span>, @Ivan Zatta<\/div>\n<div dir=\"auto\">e soci invitano dunque a procurarsi i biglietti online su LiveTicket, oppure cartacei, anche la sera stessa dello spettacolo direttamente in teatro. La promessa? Due ore di grandi e forti emozioni.<\/div>\n<div dir=\"auto\">S\u00ec, perch\u00e9 il trio capitanato da Tony Cicco \u00e8 tra le band che hanno fatto la storia della musica italiana, uno delle pi\u00f9 amate dei primi anni \u201870. Un gruppo fedele accompagnatore e vivido esecutore della pi\u00f9 profonda vena rock di Lucio Battisti. Il leader Tony Cicco (voce e batteria), insieme a Ciro Di Bitonto (tastiere e voce) e Angelo Anastasio (chitarra e cori), rinverdir\u00e0 quell\u2019avventura e tutti quei grandi successi. A partire dai quattro che hanno fatto veramente epoca: \u201cEppur mi son scordato di te\u201d, \u201cQuesto folle sentimento\u201d, \u201cSole giallo, sole nero\u201d, \u201cIo ritorno solo\u201d.<\/div>\n<div dir=\"auto\">I biglietti \u2013 platea e galleria centrale 35 euro, galleria laterale 30, loggione 20 \u2013 sono disponibili appunto su LiveTicket, oppure fisicamente da Viaggi Garbin a Feltre, contattando Giulio Zallot (3288176095), o ancora direttamente al botteghino del teatro.<\/div>\n<\/div>\n<div class=\"x11i5rnm xat24cr x1mh8g0r x1vvkbs xtlvy1s x126k92a\">\n<div dir=\"auto\"><\/div>\n<div dir=\"auto\"><strong>L&#8217;INTERVISTA DI MIRKO Mirko Mezzacasa<\/strong><\/div>\n<div dir=\"auto\"><strong>\u00a0<\/strong><\/div>\n<\/div>\n<blockquote class=\"wp-embedded-content\" data-secret=\"xLmfqSigoC\"><p><a href=\"https:\/\/www.radiopiu.net\/wordpress\/a-radio-piu-tony-cicco-il-batterista-leggendario-della-formula-3\/\">A RADIO PIU&#8217;&#8230;Tony Cicco: Il Batterista Leggendario della Formula 3<\/a><\/p><\/blockquote>\n<p><iframe loading=\"lazy\" class=\"wp-embedded-content\" sandbox=\"allow-scripts\" security=\"restricted\" style=\"position: absolute; visibility: hidden;\" title=\"&#8220;A RADIO PIU&#8217;&#8230;Tony Cicco: Il Batterista Leggendario della Formula 3&#8221; &#8212; Radio Pi\u00f9\" src=\"https:\/\/www.radiopiu.net\/wordpress\/a-radio-piu-tony-cicco-il-batterista-leggendario-della-formula-3\/embed\/#?secret=GbCYgiMu0v#?secret=xLmfqSigoC\" data-secret=\"xLmfqSigoC\" width=\"600\" height=\"338\" frameborder=\"0\" marginwidth=\"0\" marginheight=\"0\" scrolling=\"no\"><\/iframe><\/p>\n<p>&nbsp;<\/p>\n<p>&nbsp;<\/p>\n<p><strong>SABATO E DOMENICA AL CINEMA DOLOMITI DI FALCADE IL FILM &#8220;IL GLADIATORE 2&#8221; SPETTACOLI ALLE 21, DOMENICA ANCHE ALLE 15:30<\/strong><\/p>\n<div class=\"flex-shrink-0 flex flex-col relative items-end\">\n<div class=\"pt-0\">\n<div class=\"gizmo-bot-avatar flex h-8 w-8 items-center justify-center overflow-hidden rounded-full\">\n<p class=\"relative p-1 rounded-sm flex items-center justify-center bg-token-main-surface-primary text-token-text-primary h-8 w-8\">\n<\/div>\n<\/div>\n<\/div>\n<div>\n<div class=\"\" dir=\"auto\">\n<div id=\":r9h:\" class=\"x1iorvi4 x1pi30zi x1l90r2v x1swvt13\" data-ad-comet-preview=\"message\" data-ad-preview=\"message\">\n<div>\n<div class=\"\" dir=\"auto\">\n<div id=\":r9h:\" class=\"x1iorvi4 x1pi30zi x1l90r2v x1swvt13\" data-ad-comet-preview=\"message\" data-ad-preview=\"message\">\n\n\t\t\t<style type='text\/css'>\n\t\t\t\t#gallery-7 {\n\t\t\t\t\tmargin: auto;\n\t\t\t\t}\n\t\t\t\t#gallery-7 .gallery-item {\n\t\t\t\t\tfloat: left;\n\t\t\t\t\tmargin-top: 10px;\n\t\t\t\t\ttext-align: center;\n\t\t\t\t\twidth: 25%;\n\t\t\t\t}\n\t\t\t\t#gallery-7 img {\n\t\t\t\t\tborder: 2px solid #cfcfcf;\n\t\t\t\t}\n\t\t\t\t#gallery-7 .gallery-caption {\n\t\t\t\t\tmargin-left: 0;\n\t\t\t\t}\n\t\t\t\t\/* see gallery_shortcode() in wp-includes\/media.php *\/\n\t\t\t<\/style>\n\t\t<div id='gallery-7' class='dt-gallery-container gallery galleryid-422711 gallery-columns-4 gallery-size-thumbnail'><dl class='gallery-item'>\n\t\t\t\t<dt class='gallery-icon portrait'>\n\t\t\t\t\t<a class=\"rollover rollover-zoom dt-pswp-item\" title=\"formula_3_loc\" data-dt-img-description=\"\" data-large_image_width=\"600\" data-large_image_height=\"821\"href='https:\/\/www.radiopiu.net\/wordpress\/wp-content\/uploads\/2024\/11\/formula_3_loc.jpg'><img loading=\"lazy\" decoding=\"async\" width=\"150\" height=\"150\" src=\"https:\/\/www.radiopiu.net\/wordpress\/wp-content\/uploads\/2024\/11\/formula_3_loc-150x150.jpg\" class=\"attachment-thumbnail size-thumbnail\" alt=\"\" aria-describedby=\"gallery-7-419609\" \/><\/a>\n\t\t\t\t<\/dt>\n\t\t\t\t\t<dd class='wp-caption-text gallery-caption' id='gallery-7-419609'>\n\t\t\t\t\tI FORMULA 3 A BELLUNO\n\t\t\t\t\t<\/dd><\/dl><dl class='gallery-item'>\n\t\t\t\t<dt class='gallery-icon portrait'>\n\t\t\t\t\t<a class=\"rollover rollover-zoom dt-pswp-item\" title=\"57a3778a-99b6-4687-8651-99a41c023a18\" data-dt-img-description=\"\" data-large_image_width=\"987\" data-large_image_height=\"1397\"href='https:\/\/www.radiopiu.net\/wordpress\/wp-content\/uploads\/2024\/11\/57a3778a-99b6-4687-8651-99a41c023a18.jpg'><img loading=\"lazy\" decoding=\"async\" width=\"150\" height=\"150\" src=\"https:\/\/www.radiopiu.net\/wordpress\/wp-content\/uploads\/2024\/11\/57a3778a-99b6-4687-8651-99a41c023a18-150x150.jpg\" class=\"attachment-thumbnail size-thumbnail\" alt=\"\" aria-describedby=\"gallery-7-422224\" \/><\/a>\n\t\t\t\t<\/dt>\n\t\t\t\t\t<dd class='wp-caption-text gallery-caption' id='gallery-7-422224'>\n\t\t\t\t\tAL PALAFALCADE\n\t\t\t\t\t<\/dd><\/dl><dl class='gallery-item'>\n\t\t\t\t<dt class='gallery-icon portrait'>\n\t\t\t\t\t<a class=\"rollover rollover-zoom dt-pswp-item\" title=\"Locandina concerto\" data-dt-img-description=\"\" data-large_image_width=\"1131\" data-large_image_height=\"1600\"href='https:\/\/www.radiopiu.net\/wordpress\/wp-content\/uploads\/2024\/11\/Locandina-concerto-1.jpg'><img loading=\"lazy\" decoding=\"async\" width=\"150\" height=\"150\" src=\"https:\/\/www.radiopiu.net\/wordpress\/wp-content\/uploads\/2024\/11\/Locandina-concerto-1-150x150.jpg\" class=\"attachment-thumbnail size-thumbnail\" alt=\"\" aria-describedby=\"gallery-7-422248\" \/><\/a>\n\t\t\t\t<\/dt>\n\t\t\t\t\t<dd class='wp-caption-text gallery-caption' id='gallery-7-422248'>\n\t\t\t\t\tAL LICEO RENIER\n\t\t\t\t\t<\/dd><\/dl><dl class='gallery-item'>\n\t\t\t\t<dt class='gallery-icon portrait'>\n\t\t\t\t\t<a class=\"rollover rollover-zoom dt-pswp-item\" title=\"manifesto serate invernali\" data-dt-img-description=\"\" data-large_image_width=\"1683\" data-large_image_height=\"2383\"href='https:\/\/www.radiopiu.net\/wordpress\/wp-content\/uploads\/2024\/11\/manifesto-serate-invernali.jpg'><img loading=\"lazy\" decoding=\"async\" width=\"150\" height=\"150\" src=\"https:\/\/www.radiopiu.net\/wordpress\/wp-content\/uploads\/2024\/11\/manifesto-serate-invernali-150x150.jpg\" class=\"attachment-thumbnail size-thumbnail\" alt=\"\" aria-describedby=\"gallery-7-418816\" \/><\/a>\n\t\t\t\t<\/dt>\n\t\t\t\t\t<dd class='wp-caption-text gallery-caption' id='gallery-7-418816'>\n\t\t\t\t\t21 FEBBRAIO\n\t\t\t\t\t<\/dd><\/dl><br style=\"clear: both\" \/><dl class='gallery-item'>\n\t\t\t\t<dt class='gallery-icon portrait'>\n\t\t\t\t\t<a class=\"rollover rollover-zoom dt-pswp-item\" title=\"locandina Insieme e\u0300 piu\u0300 bello\" data-dt-img-description=\"\" data-large_image_width=\"1131\" data-large_image_height=\"1600\"href='https:\/\/www.radiopiu.net\/wordpress\/wp-content\/uploads\/2024\/11\/locandina-Insieme-e-piu-bello.jpg'><img loading=\"lazy\" decoding=\"async\" width=\"150\" height=\"150\" src=\"https:\/\/www.radiopiu.net\/wordpress\/wp-content\/uploads\/2024\/11\/locandina-Insieme-e-piu-bello-150x150.jpg\" class=\"attachment-thumbnail size-thumbnail\" alt=\"\" aria-describedby=\"gallery-7-421314\" \/><\/a>\n\t\t\t\t<\/dt>\n\t\t\t\t\t<dd class='wp-caption-text gallery-caption' id='gallery-7-421314'>\n\t\t\t\t\tINSIEME A SAN GREGORIO\n\t\t\t\t\t<\/dd><\/dl><dl class='gallery-item'>\n\t\t\t\t<dt class='gallery-icon portrait'>\n\t\t\t\t\t<a class=\"rollover rollover-zoom dt-pswp-item\" title=\"Senza nome\" data-dt-img-description=\"\" data-large_image_width=\"609\" data-large_image_height=\"690\"href='https:\/\/www.radiopiu.net\/wordpress\/wp-content\/uploads\/2024\/11\/Senza-nome-105.png'><img loading=\"lazy\" decoding=\"async\" width=\"150\" height=\"150\" src=\"https:\/\/www.radiopiu.net\/wordpress\/wp-content\/uploads\/2024\/11\/Senza-nome-105-150x150.png\" class=\"attachment-thumbnail size-thumbnail\" alt=\"\" aria-describedby=\"gallery-7-421384\" \/><\/a>\n\t\t\t\t<\/dt>\n\t\t\t\t\t<dd class='wp-caption-text gallery-caption' id='gallery-7-421384'>\n\t\t\t\t\tGRUPPO SPORTIVO TAIBON\n\t\t\t\t\t<\/dd><\/dl><dl class='gallery-item'>\n\t\t\t\t<dt class='gallery-icon portrait'>\n\t\t\t\t\t<a class=\"rollover rollover-zoom dt-pswp-item\" title=\"locandina definitiva quarantennale Biblioteca Limana\" data-dt-img-description=\"\" data-large_image_width=\"1240\" data-large_image_height=\"1754\"href='https:\/\/www.radiopiu.net\/wordpress\/wp-content\/uploads\/2024\/11\/locandina-definitiva-quarantennale-Biblioteca-Limana.jpg'><img loading=\"lazy\" decoding=\"async\" width=\"150\" height=\"150\" src=\"https:\/\/www.radiopiu.net\/wordpress\/wp-content\/uploads\/2024\/11\/locandina-definitiva-quarantennale-Biblioteca-Limana-150x150.jpg\" class=\"attachment-thumbnail size-thumbnail\" alt=\"\" aria-describedby=\"gallery-7-421652\" \/><\/a>\n\t\t\t\t<\/dt>\n\t\t\t\t\t<dd class='wp-caption-text gallery-caption' id='gallery-7-421652'>\n\t\t\t\t\t40 DELLA BIBLIOTECA DI LIMANA\n\t\t\t\t\t<\/dd><\/dl><dl class='gallery-item'>\n\t\t\t\t<dt class='gallery-icon portrait'>\n\t\t\t\t\t<a class=\"rollover rollover-zoom dt-pswp-item\" title=\"FANTASMI_MARCINELLE_LOCANDINA-700\" data-dt-img-description=\"\" data-large_image_width=\"1200\" data-large_image_height=\"1696\"href='https:\/\/www.radiopiu.net\/wordpress\/wp-content\/uploads\/2024\/11\/FANTASMI_MARCINELLE_LOCANDINA-700.jpg'><img loading=\"lazy\" decoding=\"async\" width=\"150\" height=\"150\" src=\"https:\/\/www.radiopiu.net\/wordpress\/wp-content\/uploads\/2024\/11\/FANTASMI_MARCINELLE_LOCANDINA-700-150x150.jpg\" class=\"attachment-thumbnail size-thumbnail\" alt=\"\" aria-describedby=\"gallery-7-422317\" \/><\/a>\n\t\t\t\t<\/dt>\n\t\t\t\t\t<dd class='wp-caption-text gallery-caption' id='gallery-7-422317'>\n\t\t\t\t\tIL LIBRO SU MARCINELLE A SOSPIROLO\n\t\t\t\t\t<\/dd><\/dl><br style=\"clear: both\" \/><dl class='gallery-item'>\n\t\t\t\t<dt class='gallery-icon portrait'>\n\t\t\t\t\t<a class=\"rollover rollover-zoom dt-pswp-item\" title=\"541f118a-8f00-44dd-91dd-13dcb4ddbd0d\" data-dt-img-description=\"\" data-large_image_width=\"1280\" data-large_image_height=\"1600\"href='https:\/\/www.radiopiu.net\/wordpress\/wp-content\/uploads\/2024\/11\/541f118a-8f00-44dd-91dd-13dcb4ddbd0d.jpg'><img loading=\"lazy\" decoding=\"async\" width=\"150\" height=\"150\" src=\"https:\/\/www.radiopiu.net\/wordpress\/wp-content\/uploads\/2024\/11\/541f118a-8f00-44dd-91dd-13dcb4ddbd0d-150x150.jpg\" class=\"attachment-thumbnail size-thumbnail\" alt=\"\" aria-describedby=\"gallery-7-421808\" \/><\/a>\n\t\t\t\t<\/dt>\n\t\t\t\t\t<dd class='wp-caption-text gallery-caption' id='gallery-7-421808'>\n\t\t\t\t\t6 DICEMBRE AGORDO\n\t\t\t\t\t<\/dd><\/dl><dl class='gallery-item'>\n\t\t\t\t<dt class='gallery-icon landscape'>\n\t\t\t\t\t<a class=\"rollover rollover-zoom dt-pswp-item\" title=\"5222307d-2a5b-4e95-9c64-cef5056dd3b3\" data-dt-img-description=\"\" data-large_image_width=\"1280\" data-large_image_height=\"904\"href='https:\/\/www.radiopiu.net\/wordpress\/wp-content\/uploads\/2024\/11\/5222307d-2a5b-4e95-9c64-cef5056dd3b3.jpg'><img loading=\"lazy\" decoding=\"async\" width=\"150\" height=\"150\" src=\"https:\/\/www.radiopiu.net\/wordpress\/wp-content\/uploads\/2024\/11\/5222307d-2a5b-4e95-9c64-cef5056dd3b3-150x150.jpg\" class=\"attachment-thumbnail size-thumbnail\" alt=\"\" aria-describedby=\"gallery-7-421843\" \/><\/a>\n\t\t\t\t<\/dt>\n\t\t\t\t\t<dd class='wp-caption-text gallery-caption' id='gallery-7-421843'>\n\t\t\t\t\t7 dicembre VOLTAGO\n\t\t\t\t\t<\/dd><\/dl><dl class='gallery-item'>\n\t\t\t\t<dt class='gallery-icon portrait'>\n\t\t\t\t\t<a class=\"rollover rollover-zoom dt-pswp-item\" title=\"8dic24-Questione-di-futuro-666\" data-dt-img-description=\"\" data-large_image_width=\"1200\" data-large_image_height=\"1697\"href='https:\/\/www.radiopiu.net\/wordpress\/wp-content\/uploads\/2024\/11\/8dic24-Questione-di-futuro-666.jpg'><img loading=\"lazy\" decoding=\"async\" width=\"150\" height=\"150\" src=\"https:\/\/www.radiopiu.net\/wordpress\/wp-content\/uploads\/2024\/11\/8dic24-Questione-di-futuro-666-150x150.jpg\" class=\"attachment-thumbnail size-thumbnail\" alt=\"\" aria-describedby=\"gallery-7-422318\" \/><\/a>\n\t\t\t\t<\/dt>\n\t\t\t\t\t<dd class='wp-caption-text gallery-caption' id='gallery-7-422318'>\n\t\t\t\t\tLETTURA E CONCERTO A SOSPIROLO\n\t\t\t\t\t<\/dd><\/dl><dl class='gallery-item'>\n\t\t\t\t<dt class='gallery-icon portrait'>\n\t\t\t\t\t<a class=\"rollover rollover-zoom dt-pswp-item\" title=\"468360033_3309476755849288_2865659872684533364_n\" data-dt-img-description=\"\" data-large_image_width=\"526\" data-large_image_height=\"699\"href='https:\/\/www.radiopiu.net\/wordpress\/wp-content\/uploads\/2024\/11\/468360033_3309476755849288_2865659872684533364_n.jpg'><img loading=\"lazy\" decoding=\"async\" width=\"150\" height=\"150\" src=\"https:\/\/www.radiopiu.net\/wordpress\/wp-content\/uploads\/2024\/11\/468360033_3309476755849288_2865659872684533364_n-150x150.jpg\" class=\"attachment-thumbnail size-thumbnail\" alt=\"\" aria-describedby=\"gallery-7-421865\" \/><\/a>\n\t\t\t\t<\/dt>\n\t\t\t\t\t<dd class='wp-caption-text gallery-caption' id='gallery-7-421865'>\n\t\t\t\t\t7 DICEMBRE ZOLDO\n\t\t\t\t\t<\/dd><\/dl><br style=\"clear: both\" \/><dl class='gallery-item'>\n\t\t\t\t<dt class='gallery-icon portrait'>\n\t\t\t\t\t<a class=\"rollover rollover-zoom dt-pswp-item\" title=\"22aac26b-3669-464d-82f3-94401c98d887\" data-dt-img-description=\"\" data-large_image_width=\"1131\" data-large_image_height=\"1600\"href='https:\/\/www.radiopiu.net\/wordpress\/wp-content\/uploads\/2024\/12\/22aac26b-3669-464d-82f3-94401c98d887.jpg'><img loading=\"lazy\" decoding=\"async\" width=\"150\" height=\"150\" src=\"https:\/\/www.radiopiu.net\/wordpress\/wp-content\/uploads\/2024\/12\/22aac26b-3669-464d-82f3-94401c98d887-150x150.jpg\" class=\"attachment-thumbnail size-thumbnail\" alt=\"\" aria-describedby=\"gallery-7-422605\" \/><\/a>\n\t\t\t\t<\/dt>\n\t\t\t\t\t<dd class='wp-caption-text gallery-caption' id='gallery-7-422605'>\n\t\t\t\t\t7 DICEMBRE\n\t\t\t\t\t<\/dd><\/dl><dl class='gallery-item'>\n\t\t\t\t<dt class='gallery-icon portrait'>\n\t\t\t\t\t<a class=\"rollover rollover-zoom dt-pswp-item\" title=\"13dic24-Locandina-Paola Faraon\" data-dt-img-description=\"\" data-large_image_width=\"1241\" data-large_image_height=\"1755\"href='https:\/\/www.radiopiu.net\/wordpress\/wp-content\/uploads\/2024\/11\/13dic24-Locandina-Paola-Faraon.jpg'><img loading=\"lazy\" decoding=\"async\" width=\"150\" height=\"150\" src=\"https:\/\/www.radiopiu.net\/wordpress\/wp-content\/uploads\/2024\/11\/13dic24-Locandina-Paola-Faraon-150x150.jpg\" class=\"attachment-thumbnail size-thumbnail\" alt=\"\" aria-describedby=\"gallery-7-422316\" \/><\/a>\n\t\t\t\t<\/dt>\n\t\t\t\t\t<dd class='wp-caption-text gallery-caption' id='gallery-7-422316'>\n\t\t\t\t\tLA PRESENTAZIONE DEL LIBRO DI PAOLA FARAONI\n\t\t\t\t\t<\/dd><\/dl><dl class='gallery-item'>\n\t\t\t\t<dt class='gallery-icon portrait'>\n\t\t\t\t\t<a class=\"rollover rollover-zoom dt-pswp-item\" title=\"FB_IMG_1732278167201\" data-dt-img-description=\"\" data-large_image_width=\"1080\" data-large_image_height=\"1528\"href='https:\/\/www.radiopiu.net\/wordpress\/wp-content\/uploads\/2024\/12\/FB_IMG_1732278167201.jpg'><img loading=\"lazy\" decoding=\"async\" width=\"150\" height=\"150\" src=\"https:\/\/www.radiopiu.net\/wordpress\/wp-content\/uploads\/2024\/12\/FB_IMG_1732278167201-150x150.jpg\" class=\"attachment-thumbnail size-thumbnail\" alt=\"\" aria-describedby=\"gallery-7-422569\" \/><\/a>\n\t\t\t\t<\/dt>\n\t\t\t\t\t<dd class='wp-caption-text gallery-caption' id='gallery-7-422569'>\n\t\t\t\t\tAL PALASKATING DI SEDICO\n\t\t\t\t\t<\/dd><\/dl><dl class='gallery-item'>\n\t\t\t\t<dt class='gallery-icon landscape'>\n\t\t\t\t\t<a class=\"rollover rollover-zoom dt-pswp-item\" title=\"469053449_1104343145031657_8067662801922938272_n\" data-dt-img-description=\"\" data-large_image_width=\"958\" data-large_image_height=\"540\"href='https:\/\/www.radiopiu.net\/wordpress\/wp-content\/uploads\/2024\/12\/469053449_1104343145031657_8067662801922938272_n.jpg'><img loading=\"lazy\" decoding=\"async\" width=\"150\" height=\"150\" src=\"https:\/\/www.radiopiu.net\/wordpress\/wp-content\/uploads\/2024\/12\/469053449_1104343145031657_8067662801922938272_n-150x150.jpg\" class=\"attachment-thumbnail size-thumbnail\" alt=\"\" aria-describedby=\"gallery-7-422611\" \/><\/a>\n\t\t\t\t<\/dt>\n\t\t\t\t\t<dd class='wp-caption-text gallery-caption' id='gallery-7-422611'>\n\t\t\t\t\tA CAVALESE E BELLUNO\n\t\t\t\t\t<\/dd><\/dl><br style=\"clear: both\" \/>\n\t\t\t<\/div>\n\n<\/div>\n<\/div>\n<\/div>\n<p>&nbsp;<\/p>\n<\/div>\n<\/div>\n<\/div>\n<p>&nbsp;<\/p>\n<p>&nbsp;<\/p>\n<div>\n<div class=\"\" dir=\"auto\">\n<div id=\":r9h:\" class=\"x1iorvi4 x1pi30zi x1l90r2v x1swvt13\" data-ad-comet-preview=\"message\" data-ad-preview=\"message\"><\/div>\n<\/div>\n<\/div>\n<p>&nbsp;<\/p>\n<hr \/>\n<p>&nbsp;<\/p>\n<p class=\"mceTemp\"><a class=\"dt-pswp-item\" href=\"https:\/\/www.radiopiu.net\/wordpress\/wp-content\/uploads\/2018\/09\/WhatsApp-Image-2018-09-20-at-16.04.06.jpeg\" data-dt-img-description=\"\" data-large_image_width=\"800\" data-large_image_height=\"100\"><img loading=\"lazy\" decoding=\"async\" class=\"wp-image-61378 size-full aligncenter\" src=\"https:\/\/www.radiopiu.net\/wordpress\/wp-content\/uploads\/2018\/09\/WhatsApp-Image-2018-09-20-at-16.04.06.jpeg\" alt=\"\" width=\"800\" height=\"100\" srcset=\"https:\/\/www.radiopiu.net\/wordpress\/wp-content\/uploads\/2018\/09\/WhatsApp-Image-2018-09-20-at-16.04.06.jpeg 800w, https:\/\/www.radiopiu.net\/wordpress\/wp-content\/uploads\/2018\/09\/WhatsApp-Image-2018-09-20-at-16.04.06-300x38.jpeg 300w, https:\/\/www.radiopiu.net\/wordpress\/wp-content\/uploads\/2018\/09\/WhatsApp-Image-2018-09-20-at-16.04.06-768x96.jpeg 768w\" sizes=\"auto, (max-width: 800px) 100vw, 800px\" \/><\/a><\/p>\n<p><center><\/center><center><\/center><center><b>\u00a0<\/b><\/center><center><b>OGGI<\/b><\/center>Nottetempo ed al mattino estesa nuvolosit\u00e0 con residui fenomeni, specie sulle Dolomiti. Tendenza a graduale miglioramento dalle ore centrali in poi con riduzione della nuvolosit\u00e0 e schiarite via via pi\u00f9 ampie.<br \/>\n<b>Precipitazioni: <\/b>Nottetempo ed al mattino probabili deboli fenomeni sparsi su Dolomiti . La neve cadr\u00e0 sopra i 900-1200 m. Dalle ore centrali in poi cessazione dei fenomeni quasi ovunque.<br \/>\n<b>Temperature: <\/b>In generale calo con minime raggiunte in serata a tutte le quote<\/p>\n<hr \/>\n<p><center><b>DOMANI<\/b><\/center>Tempo stabile con sole e cielo terso fino al primo pomeriggio, poi arrivo di nubi medio-alte in grado di coprire il cielo entro il tramonto. Alla sera estesa nuvolosit\u00e0 medio-alta. Il contesto sar\u00e0 invernale a tutte le quote.<br \/>\n<b>Precipitazioni: <\/b>Assenti (0%).<br \/>\n<b>Temperature: <\/b>Minime in generale calo, pi\u00f9 marcato nelle valli. Massime in rialzo oltre i 1800-2000 m e in diminuzione sotto tali quote, specie nelle valli in ombra.<\/p>\n<hr \/>\n<p><center><b>VENERDI<\/b><\/center>Tra notte e parte del mattino nuvolosit\u00e0 irregolare, a tratti estesa sui monti, associata a neve burrascosa sulle Dolomiti centro-settentrionali, ma non altrove. Con il passare delle ore miglioramento del tempo Tra Prealpi e Dolomiti meridionali con probabile favonio, mentre una residua nuvolosit\u00e0 interesser\u00e0 le creste di confine. Temperature in generale lieve aumento sia per avvezione di aria meno fredda che per Foehn.<\/p>\n<hr \/>\n<p><center><b>SABATO<\/b><\/center>Nuovo peggioramento del tempo con cielo coperto e prime deboli precipitazioni sparse entro le ore centrali del giorno. Al pomeriggio\/sera tempo perturbato con precipitazioni diffuse ma perlopi\u00f9 deboli. Il limite neve scender\u00e0 fino a 700-900 m sulle Dolomiti ed a 800-1000 m sulle Prealpi. Temperature in generale calo.<\/p>\n<p>&nbsp;<\/p>\n<hr \/>\n<p>&nbsp;<\/p>\n<p>&nbsp;<\/p>\n<p class=\"mceTemp\"><a class=\"dt-pswp-item\" href=\"https:\/\/www.radiopiu.net\/wordpress\/wp-content\/uploads\/2018\/09\/sport.jpg\" data-dt-img-description=\"\" data-large_image_width=\"800\" data-large_image_height=\"100\"><img loading=\"lazy\" decoding=\"async\" class=\"aligncenter wp-image-60761 size-full\" src=\"https:\/\/www.radiopiu.net\/wordpress\/wp-content\/uploads\/2018\/09\/sport.jpg\" alt=\"\" width=\"800\" height=\"100\" srcset=\"https:\/\/www.radiopiu.net\/wordpress\/wp-content\/uploads\/2018\/09\/sport.jpg 800w, https:\/\/www.radiopiu.net\/wordpress\/wp-content\/uploads\/2018\/09\/sport-300x38.jpg 300w, https:\/\/www.radiopiu.net\/wordpress\/wp-content\/uploads\/2018\/09\/sport-768x96.jpg 768w\" sizes=\"auto, (max-width: 800px) 100vw, 800px\" \/><\/a><span style=\"color: #0000ff;\"><strong>\u00a0 \u00a0 \u00a0 \u00a0 \u00a0 \u00a0 \u00a0\u00a0<\/strong><\/span><\/p>\n<p><span style=\"color: #0000ff;\"><strong>HOCKEY\u00a0<\/strong><\/span><\/p>\n<blockquote>\n<h2>Dolomiti Super Pole in volo: successi e acrobazie mondiali a Cesenatico!<\/h2>\n<\/blockquote>\n<p><strong>CESENATICO<\/strong><\/p>\n<p><strong>DI LUISA ALCHINI<\/strong><\/p>\n<p>Si sono conclusi i Campionati del Mondo di Pole Sport e Aerial Sport POSA Aics a Cesenatico che hanno visto impegnate le atlete bellunesi della ASD Dolomiti Super Pole Asia Gasperin (Pole Sport) Noemi Himchi e Ilaria Caneve (Cerchio Aereo). Una competizione ricchissima di partecipanti, 660 atleti, anche provenienti da paesi &#8220;nuovi&#8221; a questi sport come Inda e Sud Africa. Le atlete della ASD Dolomiti Super Pole hanno rappresentato l&#8217;Italia raggiungendo gli obiettivi prefissati: Asia Gasperin decima posizione nel Pole Sport Junior B e anche per Noemi Himci decima posizione nel cerchio aereo junior A ottenedo il suo punteggio personale pi\u00f9 alto. Ilaria Caneve, nel cerchio aereo, ottiene la quarta posizione ad un soffio dalle prime tre posizioni ottenute dalle atlete Ucraine. &#8220;Questi risultati sono un segnale importante che ci fa capire che stiamo percorrendo la strada giusta: \u00e8 la nostra prima esperienza ad un campionato del mondo e rappresenta per noi una leva per poter migliorare&#8221;. Dice l\u2019 allenatrice Veronica Scavezzon assieme a Claudia Tolotti. Lo staff \u00e8 composto inoltre dalla coreografa Valentina Paganelli e da Kelly Mantovan che si aggiunge nel gruppo agonistico per il cerchio aereo. I prossimi appuntamenti iniziano a marzo 2025 dove vedremo un gruppo di atleti agonisti pi\u00f9 che raddoppiato.<\/p>\n<p>&nbsp;<\/p>\n\n\t\t\t<style type='text\/css'>\n\t\t\t\t#gallery-8 {\n\t\t\t\t\tmargin: auto;\n\t\t\t\t}\n\t\t\t\t#gallery-8 .gallery-item {\n\t\t\t\t\tfloat: left;\n\t\t\t\t\tmargin-top: 10px;\n\t\t\t\t\ttext-align: center;\n\t\t\t\t\twidth: 33%;\n\t\t\t\t}\n\t\t\t\t#gallery-8 img {\n\t\t\t\t\tborder: 2px solid #cfcfcf;\n\t\t\t\t}\n\t\t\t\t#gallery-8 .gallery-caption {\n\t\t\t\t\tmargin-left: 0;\n\t\t\t\t}\n\t\t\t\t\/* see gallery_shortcode() in wp-includes\/media.php *\/\n\t\t\t<\/style>\n\t\t<div id='gallery-8' class='dt-gallery-container gallery galleryid-422711 gallery-columns-3 gallery-size-thumbnail'><dl class='gallery-item'>\n\t\t\t\t<dt class='gallery-icon landscape'>\n\t\t\t\t\t<a class=\"rollover rollover-zoom dt-pswp-item\" title=\"3070c6b9-aec6-4a6d-9169-fe7310b9a5c7\" data-dt-img-description=\"\" data-large_image_width=\"1600\" data-large_image_height=\"1200\"href='https:\/\/www.radiopiu.net\/wordpress\/wp-content\/uploads\/2024\/12\/3070c6b9-aec6-4a6d-9169-fe7310b9a5c7.jpg'><img loading=\"lazy\" decoding=\"async\" width=\"150\" height=\"150\" src=\"https:\/\/www.radiopiu.net\/wordpress\/wp-content\/uploads\/2024\/12\/3070c6b9-aec6-4a6d-9169-fe7310b9a5c7-150x150.jpg\" class=\"attachment-thumbnail size-thumbnail\" alt=\"\" \/><\/a>\n\t\t\t\t<\/dt><\/dl><dl class='gallery-item'>\n\t\t\t\t<dt class='gallery-icon portrait'>\n\t\t\t\t\t<a class=\"rollover rollover-zoom dt-pswp-item\" title=\"ba830cd2-2d78-44a6-9bc5-5ce50b478bb5\" data-dt-img-description=\"\" data-large_image_width=\"1200\" data-large_image_height=\"1600\"href='https:\/\/www.radiopiu.net\/wordpress\/wp-content\/uploads\/2024\/12\/ba830cd2-2d78-44a6-9bc5-5ce50b478bb5.jpg'><img loading=\"lazy\" decoding=\"async\" width=\"150\" height=\"150\" src=\"https:\/\/www.radiopiu.net\/wordpress\/wp-content\/uploads\/2024\/12\/ba830cd2-2d78-44a6-9bc5-5ce50b478bb5-150x150.jpg\" class=\"attachment-thumbnail size-thumbnail\" alt=\"\" \/><\/a>\n\t\t\t\t<\/dt><\/dl><dl class='gallery-item'>\n\t\t\t\t<dt class='gallery-icon portrait'>\n\t\t\t\t\t<a class=\"rollover rollover-zoom dt-pswp-item\" title=\"e9042f61-4181-49c0-a067-700297528759\" data-dt-img-description=\"\" data-large_image_width=\"1500\" data-large_image_height=\"2000\"href='https:\/\/www.radiopiu.net\/wordpress\/wp-content\/uploads\/2024\/12\/e9042f61-4181-49c0-a067-700297528759.jpg'><img loading=\"lazy\" decoding=\"async\" width=\"150\" height=\"150\" src=\"https:\/\/www.radiopiu.net\/wordpress\/wp-content\/uploads\/2024\/12\/e9042f61-4181-49c0-a067-700297528759-150x150.jpg\" class=\"attachment-thumbnail size-thumbnail\" alt=\"\" \/><\/a>\n\t\t\t\t<\/dt><\/dl><br style=\"clear: both\" \/>\n\t\t\t<\/div>\n\n<p>&nbsp;<\/p>\n<p>&nbsp;<\/p>\n<hr \/>\n<p>&nbsp;<\/p>\n<h2><span style=\"color: #99cc00;\">GOODBYE BY BICICLE&#8230;UN VIAGGIO DALL&#8217;INDIA A SEREN DEL GRAPPA IN BICICLETTA<\/span><\/h2>\n<p><span style=\"color: #ff0000;\"><strong>PUNTATA 38 &#8211; DA BOLOGNA A LA SPEZIA, PASSANDO PER FIRENZE<\/strong><\/span><\/p>\n<audio class=\"wp-audio-shortcode\" id=\"audio-422711-27\" preload=\"none\" style=\"width: 100%;\" controls=\"controls\"><source type=\"audio\/mpeg\" src=\"https:\/\/www.radiopiu.net\/wordpress\/wp-content\/uploads\/2024\/11\/AIRE-INDIA-PUNTATA-38.mp3?_=27\" \/><a href=\"https:\/\/www.radiopiu.net\/wordpress\/wp-content\/uploads\/2024\/11\/AIRE-INDIA-PUNTATA-38.mp3\">https:\/\/www.radiopiu.net\/wordpress\/wp-content\/uploads\/2024\/11\/AIRE-INDIA-PUNTATA-38.mp3<\/a><\/audio>\n<p>&nbsp;<\/p>\n<p><strong>PER VISITARE I SITI DEI LUOGHI VISITATI, CLICCA SULLE SEGUENTI SCRITTE: <span style=\"color: #3366ff;\"><a href=\"https:\/\/mondeggibenecomune.org\/chi-siamo\/\">MONDEGGI BENE COMUNE<\/a>\u00a0 \u00a0<a href=\"https:\/\/insorgiamo.org\/\">INSORGIAMO<\/a>\u00a0 \u00a0<a href=\"https:\/\/www.progettomeraki.org\/\">PROGETTO MERAKI<\/a>\u00a0 \u00a0<a href=\"https:\/\/www.bcargo.bike\/\">BCARGO BIKE<\/a><\/span><\/strong><\/p>\n<p>&nbsp;<\/p>\n\n\t\t\t<style type='text\/css'>\n\t\t\t\t#gallery-9 {\n\t\t\t\t\tmargin: auto;\n\t\t\t\t}\n\t\t\t\t#gallery-9 .gallery-item {\n\t\t\t\t\tfloat: left;\n\t\t\t\t\tmargin-top: 10px;\n\t\t\t\t\ttext-align: center;\n\t\t\t\t\twidth: 16%;\n\t\t\t\t}\n\t\t\t\t#gallery-9 img {\n\t\t\t\t\tborder: 2px solid #cfcfcf;\n\t\t\t\t}\n\t\t\t\t#gallery-9 .gallery-caption {\n\t\t\t\t\tmargin-left: 0;\n\t\t\t\t}\n\t\t\t\t\/* see gallery_shortcode() in wp-includes\/media.php *\/\n\t\t\t<\/style>\n\t\t<div id='gallery-9' class='dt-gallery-container gallery galleryid-422711 gallery-columns-6 gallery-size-thumbnail'><dl class='gallery-item'>\n\t\t\t\t<dt class='gallery-icon landscape'>\n\t\t\t\t\t<a class=\"rollover rollover-zoom dt-pswp-item\" title=\"8e124931-f4f9-49ae-b524-2a291cb26fe8\" data-dt-img-description=\"\" data-large_image_width=\"2560\" data-large_image_height=\"1920\"href='https:\/\/www.radiopiu.net\/wordpress\/wp-content\/uploads\/2024\/11\/8e124931-f4f9-49ae-b524-2a291cb26fe8-scaled.jpg'><img loading=\"lazy\" decoding=\"async\" width=\"150\" height=\"150\" src=\"https:\/\/www.radiopiu.net\/wordpress\/wp-content\/uploads\/2024\/11\/8e124931-f4f9-49ae-b524-2a291cb26fe8-150x150.jpg\" class=\"attachment-thumbnail size-thumbnail\" alt=\"\" \/><\/a>\n\t\t\t\t<\/dt><\/dl><dl class='gallery-item'>\n\t\t\t\t<dt class='gallery-icon landscape'>\n\t\t\t\t\t<a class=\"rollover rollover-zoom dt-pswp-item\" title=\"ce81a38f-9e92-4761-a1bc-67a545f94fc8\" data-dt-img-description=\"\" data-large_image_width=\"2560\" data-large_image_height=\"1920\"href='https:\/\/www.radiopiu.net\/wordpress\/wp-content\/uploads\/2024\/11\/ce81a38f-9e92-4761-a1bc-67a545f94fc8-scaled.jpg'><img loading=\"lazy\" decoding=\"async\" width=\"150\" height=\"150\" src=\"https:\/\/www.radiopiu.net\/wordpress\/wp-content\/uploads\/2024\/11\/ce81a38f-9e92-4761-a1bc-67a545f94fc8-150x150.jpg\" class=\"attachment-thumbnail size-thumbnail\" alt=\"\" \/><\/a>\n\t\t\t\t<\/dt><\/dl><dl class='gallery-item'>\n\t\t\t\t<dt class='gallery-icon landscape'>\n\t\t\t\t\t<a class=\"rollover rollover-zoom dt-pswp-item\" title=\"f807d258-e9bb-4c57-bd22-b67ec9c3051d\" data-dt-img-description=\"\" data-large_image_width=\"2560\" data-large_image_height=\"1920\"href='https:\/\/www.radiopiu.net\/wordpress\/wp-content\/uploads\/2024\/11\/f807d258-e9bb-4c57-bd22-b67ec9c3051d-scaled.jpg'><img loading=\"lazy\" decoding=\"async\" width=\"150\" height=\"150\" src=\"https:\/\/www.radiopiu.net\/wordpress\/wp-content\/uploads\/2024\/11\/f807d258-e9bb-4c57-bd22-b67ec9c3051d-150x150.jpg\" class=\"attachment-thumbnail size-thumbnail\" alt=\"\" \/><\/a>\n\t\t\t\t<\/dt><\/dl><dl class='gallery-item'>\n\t\t\t\t<dt class='gallery-icon landscape'>\n\t\t\t\t\t<a class=\"rollover rollover-zoom dt-pswp-item\" title=\"c2021cd8-8d94-4886-bee7-050da1b9ea1a\" data-dt-img-description=\"\" data-large_image_width=\"2560\" data-large_image_height=\"1920\"href='https:\/\/www.radiopiu.net\/wordpress\/wp-content\/uploads\/2024\/11\/c2021cd8-8d94-4886-bee7-050da1b9ea1a-scaled.jpg'><img loading=\"lazy\" decoding=\"async\" width=\"150\" height=\"150\" src=\"https:\/\/www.radiopiu.net\/wordpress\/wp-content\/uploads\/2024\/11\/c2021cd8-8d94-4886-bee7-050da1b9ea1a-150x150.jpg\" class=\"attachment-thumbnail size-thumbnail\" alt=\"\" \/><\/a>\n\t\t\t\t<\/dt><\/dl><dl class='gallery-item'>\n\t\t\t\t<dt class='gallery-icon landscape'>\n\t\t\t\t\t<a class=\"rollover rollover-zoom dt-pswp-item\" title=\"ce0b7c5d-c608-4704-8282-8146e85bbc35\" data-dt-img-description=\"\" data-large_image_width=\"2560\" data-large_image_height=\"1920\"href='https:\/\/www.radiopiu.net\/wordpress\/wp-content\/uploads\/2024\/11\/ce0b7c5d-c608-4704-8282-8146e85bbc35-scaled.jpg'><img loading=\"lazy\" decoding=\"async\" width=\"150\" height=\"150\" src=\"https:\/\/www.radiopiu.net\/wordpress\/wp-content\/uploads\/2024\/11\/ce0b7c5d-c608-4704-8282-8146e85bbc35-150x150.jpg\" class=\"attachment-thumbnail size-thumbnail\" alt=\"\" \/><\/a>\n\t\t\t\t<\/dt><\/dl><dl class='gallery-item'>\n\t\t\t\t<dt class='gallery-icon landscape'>\n\t\t\t\t\t<a class=\"rollover rollover-zoom dt-pswp-item\" title=\"a8348074-49c1-47c4-a84d-227a27df4323\" data-dt-img-description=\"\" data-large_image_width=\"2560\" data-large_image_height=\"1920\"href='https:\/\/www.radiopiu.net\/wordpress\/wp-content\/uploads\/2024\/11\/a8348074-49c1-47c4-a84d-227a27df4323-scaled.jpg'><img loading=\"lazy\" decoding=\"async\" width=\"150\" height=\"150\" src=\"https:\/\/www.radiopiu.net\/wordpress\/wp-content\/uploads\/2024\/11\/a8348074-49c1-47c4-a84d-227a27df4323-150x150.jpg\" class=\"attachment-thumbnail size-thumbnail\" alt=\"\" \/><\/a>\n\t\t\t\t<\/dt><\/dl><br style=\"clear: both\" \/>\n\t\t\t<\/div>\n\n<h2>LA RACCOLTA COMPLETA <a href=\"https:\/\/www.radiopiu.net\/wordpress\/goodbye-by-bicicle-un-viaggio-dallindia-a-seren-del-grappa-in-bicicletta-38\/\"><span style=\"color: #3366ff;\">CLICCA QUI<\/span><\/a><\/h2>\n<p>&nbsp;<\/p>\n","protected":false},"excerpt":{"rendered":"<p>***** &nbsp; LA\u00a0 APP PER IOS-IPHONE di Nicola Vettorello https:\/\/apps.apple.com\/it\/app\/radio-pi%C3%B9-emittente-agordina\/id1515939845 LA\u00a0 APP RADIO\u00a0 PER ANDROID di Nicola Vettorello https:\/\/play.google.com\/store\/apps\/details?id=net.radiopiu.iniko\u00a0\u00a0\u00a0 &nbsp; &nbsp; &nbsp; OGGI A RADIO PIU&#8217;&#8230; TRA L&#8217;ALTRO:\u00a0 10 10 LIBER DI LIANA CAVALLET 10.30\u00a0 NEL REPORTER\u00a0 ANDREA DAL FARRA E CHRISTIAN MORETTI, SABATO L&#8217;APERTURA DEGLI IMPIANTI NELL&#8217;AREA DEL CIVETTA. 13.10\u00a0 AIRE INDIA, PUNTATA NUMERO&hellip;<\/p>\n","protected":false},"author":4,"featured_media":422842,"comment_status":"closed","ping_status":"closed","sticky":false,"template":"","format":"standard","meta":{"_monsterinsights_skip_tracking":false,"_monsterinsights_sitenote_active":false,"_monsterinsights_sitenote_note":"","_monsterinsights_sitenote_category":0,"footnotes":""},"categories":[51,86,49],"tags":[],"class_list":["post-422711","post","type-post","status-publish","format-standard","has-post-thumbnail","hentry","category-evidenza-top","category-gr","category-news-18","category-51","category-86","category-49","description-off"],"img_url":"https:\/\/www.radiopiu.net\/wordpress\/wp-content\/uploads\/2024\/12\/7e1d7865-389f-41ff-a1ca-18e2ff5fcde7-scaled.jpg","_links":{"self":[{"href":"https:\/\/www.radiopiu.net\/wordpress\/wp-json\/wp\/v2\/posts\/422711","targetHints":{"allow":["GET"]}}],"collection":[{"href":"https:\/\/www.radiopiu.net\/wordpress\/wp-json\/wp\/v2\/posts"}],"about":[{"href":"https:\/\/www.radiopiu.net\/wordpress\/wp-json\/wp\/v2\/types\/post"}],"author":[{"embeddable":true,"href":"https:\/\/www.radiopiu.net\/wordpress\/wp-json\/wp\/v2\/users\/4"}],"replies":[{"embeddable":true,"href":"https:\/\/www.radiopiu.net\/wordpress\/wp-json\/wp\/v2\/comments?post=422711"}],"version-history":[{"count":23,"href":"https:\/\/www.radiopiu.net\/wordpress\/wp-json\/wp\/v2\/posts\/422711\/revisions"}],"predecessor-version":[{"id":422908,"href":"https:\/\/www.radiopiu.net\/wordpress\/wp-json\/wp\/v2\/posts\/422711\/revisions\/422908"}],"wp:featuredmedia":[{"embeddable":true,"href":"https:\/\/www.radiopiu.net\/wordpress\/wp-json\/wp\/v2\/media\/422842"}],"wp:attachment":[{"href":"https:\/\/www.radiopiu.net\/wordpress\/wp-json\/wp\/v2\/media?parent=422711"}],"wp:term":[{"taxonomy":"category","embeddable":true,"href":"https:\/\/www.radiopiu.net\/wordpress\/wp-json\/wp\/v2\/categories?post=422711"},{"taxonomy":"post_tag","embeddable":true,"href":"https:\/\/www.radiopiu.net\/wordpress\/wp-json\/wp\/v2\/tags?post=422711"}],"curies":[{"name":"wp","href":"https:\/\/api.w.org\/{rel}","templated":true}]}}