{"id":422768,"date":"2024-12-03T14:10:38","date_gmt":"2024-12-03T13:10:38","guid":{"rendered":"https:\/\/www.radiopiu.net\/wordpress\/?p=422768"},"modified":"2024-12-03T14:10:38","modified_gmt":"2024-12-03T13:10:38","slug":"2-milioni-per-impianti-termici-un-aiuto-alle-piccole-imprese","status":"publish","type":"post","link":"https:\/\/www.radiopiu.net\/wordpress\/2-milioni-per-impianti-termici-un-aiuto-alle-piccole-imprese\/","title":{"rendered":"2 milioni per impianti termici: un aiuto alle piccole imprese"},"content":{"rendered":"<p>***<\/p>\n<p>&nbsp;<\/p>\n<p><strong><a href=\"https:\/\/www.radiopiu.net\/wordpress\/wp-content\/uploads\/2024\/12\/23ab79d7-4af7-4cb9-9e7e-9400c7fca671.webp\"><img loading=\"lazy\" decoding=\"async\" class=\"wp-image-422769 alignleft\" src=\"https:\/\/www.radiopiu.net\/wordpress\/wp-content\/uploads\/2024\/12\/23ab79d7-4af7-4cb9-9e7e-9400c7fca671-300x300.webp\" alt=\"\" width=\"168\" height=\"168\" srcset=\"https:\/\/www.radiopiu.net\/wordpress\/wp-content\/uploads\/2024\/12\/23ab79d7-4af7-4cb9-9e7e-9400c7fca671-300x300.webp 300w, https:\/\/www.radiopiu.net\/wordpress\/wp-content\/uploads\/2024\/12\/23ab79d7-4af7-4cb9-9e7e-9400c7fca671-150x150.webp 150w, https:\/\/www.radiopiu.net\/wordpress\/wp-content\/uploads\/2024\/12\/23ab79d7-4af7-4cb9-9e7e-9400c7fca671-768x768.webp 768w, https:\/\/www.radiopiu.net\/wordpress\/wp-content\/uploads\/2024\/12\/23ab79d7-4af7-4cb9-9e7e-9400c7fca671.webp 1024w\" sizes=\"auto, (max-width: 168px) 100vw, 168px\" \/><\/a>VENEZIA<\/strong><\/p>\n<div class=\"flex max-w-full flex-col flex-grow\">\n<div class=\"min-h-8 text-message flex w-full flex-col items-end gap-2 whitespace-normal break-words [.text-message+&amp;]:mt-5\" dir=\"auto\" data-message-author-role=\"assistant\" data-message-id=\"4745a1f9-c57a-4dfe-9b63-740a04908f14\" data-message-model-slug=\"gpt-4o\">\n<div class=\"flex w-full flex-col gap-1 empty:hidden first:pt-[3px]\">\n<div class=\"markdown prose w-full break-words dark:prose-invert dark\">\n<p>La Regione Veneto ha stanziato 2 milioni di euro per incentivare le micro, piccole e medie imprese a sostituire impianti termici inquinanti con soluzioni pi\u00f9 ecologiche, come pompe di calore o impianti a biomasse. Le aziende potranno richiedere contributi fino a 80mila euro, coprendo il 65% della spesa per micro e piccole imprese e il 55% per le medie. La priorit\u00e0 sar\u00e0 data in base alla tipologia e all&#8217;et\u00e0 degli impianti sostituiti. L\u2019assessore Gianpaolo Bottacin ha sottolineato l\u2019importanza del progetto per migliorare la qualit\u00e0 dell\u2019aria e favorire la sostenibilit\u00e0. Le domande potranno essere presentate dal 21 gennaio al 20 marzo 2025, con dettagli disponibili sul BUR.<\/p>\n<\/div>\n<p>____<\/p>\n<\/div>\n<\/div>\n<\/div>\n","protected":false},"excerpt":{"rendered":"<p>*** &nbsp; VENEZIA La Regione Veneto ha stanziato 2 milioni di euro per incentivare le micro, piccole e medie imprese a sostituire impianti termici inquinanti con soluzioni pi\u00f9 ecologiche, come pompe di calore o impianti a biomasse. Le aziende potranno richiedere contributi fino a 80mila euro, coprendo il 65% della spesa per micro e piccole&hellip;<\/p>\n","protected":false},"author":4,"featured_media":422769,"comment_status":"closed","ping_status":"closed","sticky":false,"template":"","format":"standard","meta":{"_monsterinsights_skip_tracking":false,"_monsterinsights_sitenote_active":false,"_monsterinsights_sitenote_note":"","_monsterinsights_sitenote_category":0,"footnotes":""},"categories":[49],"tags":[],"class_list":["post-422768","post","type-post","status-publish","format-standard","has-post-thumbnail","hentry","category-news-18","category-49","description-off"],"img_url":"https:\/\/www.radiopiu.net\/wordpress\/wp-content\/uploads\/2024\/12\/23ab79d7-4af7-4cb9-9e7e-9400c7fca671.webp","_links":{"self":[{"href":"https:\/\/www.radiopiu.net\/wordpress\/wp-json\/wp\/v2\/posts\/422768","targetHints":{"allow":["GET"]}}],"collection":[{"href":"https:\/\/www.radiopiu.net\/wordpress\/wp-json\/wp\/v2\/posts"}],"about":[{"href":"https:\/\/www.radiopiu.net\/wordpress\/wp-json\/wp\/v2\/types\/post"}],"author":[{"embeddable":true,"href":"https:\/\/www.radiopiu.net\/wordpress\/wp-json\/wp\/v2\/users\/4"}],"replies":[{"embeddable":true,"href":"https:\/\/www.radiopiu.net\/wordpress\/wp-json\/wp\/v2\/comments?post=422768"}],"version-history":[{"count":1,"href":"https:\/\/www.radiopiu.net\/wordpress\/wp-json\/wp\/v2\/posts\/422768\/revisions"}],"predecessor-version":[{"id":422770,"href":"https:\/\/www.radiopiu.net\/wordpress\/wp-json\/wp\/v2\/posts\/422768\/revisions\/422770"}],"wp:featuredmedia":[{"embeddable":true,"href":"https:\/\/www.radiopiu.net\/wordpress\/wp-json\/wp\/v2\/media\/422769"}],"wp:attachment":[{"href":"https:\/\/www.radiopiu.net\/wordpress\/wp-json\/wp\/v2\/media?parent=422768"}],"wp:term":[{"taxonomy":"category","embeddable":true,"href":"https:\/\/www.radiopiu.net\/wordpress\/wp-json\/wp\/v2\/categories?post=422768"},{"taxonomy":"post_tag","embeddable":true,"href":"https:\/\/www.radiopiu.net\/wordpress\/wp-json\/wp\/v2\/tags?post=422768"}],"curies":[{"name":"wp","href":"https:\/\/api.w.org\/{rel}","templated":true}]}}