{"id":422777,"date":"2024-12-03T16:04:52","date_gmt":"2024-12-03T15:04:52","guid":{"rendered":"https:\/\/www.radiopiu.net\/wordpress\/?p=422777"},"modified":"2024-12-03T17:04:06","modified_gmt":"2024-12-03T16:04:06","slug":"turetta-un-futuro-segnato-dallergastolo","status":"publish","type":"post","link":"https:\/\/www.radiopiu.net\/wordpress\/turetta-un-futuro-segnato-dallergastolo\/","title":{"rendered":"Turetta: un futuro segnato dall&#8217;ergastolo"},"content":{"rendered":"<p>***<\/p>\n<blockquote><p><em>Massimo della pena nella sentenza di primo grado (dovr\u00e0 passare gli altri gradi di impugnazione) che sottolinea la gravit\u00e0 delle azioni compiute e rappresenta un monito contro la violenza di genere. La prima sentenza dopo 6 ore di camera di consiglio.<\/em><\/p><\/blockquote>\n<p><strong>GIORNALE RADIO EDIZIONE DELLE 17\u00a0<\/strong><\/p>\n<p>&nbsp;<\/p>\n<audio class=\"wp-audio-shortcode\" id=\"audio-422777-1\" preload=\"none\" style=\"width: 100%;\" controls=\"controls\"><source type=\"audio\/mpeg\" src=\"https:\/\/www.radiopiu.net\/wordpress\/wp-content\/uploads\/2024\/12\/GIULIOT.mp3?_=1\" \/><a href=\"https:\/\/www.radiopiu.net\/wordpress\/wp-content\/uploads\/2024\/12\/GIULIOT.mp3\">https:\/\/www.radiopiu.net\/wordpress\/wp-content\/uploads\/2024\/12\/GIULIOT.mp3<\/a><\/audio>\n<p><strong><a class=\"dt-pswp-item\" href=\"https:\/\/www.radiopiu.net\/wordpress\/wp-content\/uploads\/2024\/12\/Senza-nome-18.png\" data-dt-img-description=\"\" data-large_image_width=\"435\" data-large_image_height=\"204\"><img loading=\"lazy\" decoding=\"async\" class=\"size-medium wp-image-422797 alignleft\" src=\"https:\/\/www.radiopiu.net\/wordpress\/wp-content\/uploads\/2024\/12\/Senza-nome-18-300x141.png\" alt=\"\" width=\"300\" height=\"141\" srcset=\"https:\/\/www.radiopiu.net\/wordpress\/wp-content\/uploads\/2024\/12\/Senza-nome-18-300x141.png 300w, https:\/\/www.radiopiu.net\/wordpress\/wp-content\/uploads\/2024\/12\/Senza-nome-18.png 435w\" sizes=\"auto, (max-width: 300px) 100vw, 300px\" \/><\/a>VENEZIA<\/strong><\/p>\n<div class=\"flex max-w-full flex-col flex-grow\">\n<div class=\"min-h-8 text-message flex w-full flex-col items-end gap-2 whitespace-normal break-words [.text-message+&amp;]:mt-5\" dir=\"auto\" data-message-author-role=\"assistant\" data-message-id=\"b50e99ea-704e-43fc-b0b4-f56d1cca708d\" data-message-model-slug=\"gpt-4o\">\n<div class=\"flex w-full flex-col gap-1 empty:hidden first:pt-[3px]\">\n<div class=\"markdown prose w-full break-words dark:prose-invert dark\">\n<p>Filippo Turetta trascorrer\u00e0 il resto della sua vita in carcere. La sentenza di ergastolo \u00e8 arrivata per l\u2019omicidio volontario di Giulia Cecchettin. La premeditazione, da\u00a0 quella lista perfezionata il 7 novembre, quattro giorni prima dell\u2019omicidio, in cui il piano era dettagliato.<\/p>\n<blockquote>\n<h3><em>Per la Giuria nessuna crudelt\u00e0 e nessun atto persecutorio<\/em><\/h3>\n<\/blockquote>\n<p>Il verdetto pronunciato da Stefano Manduzio, Presidente la Corte d&#8217;assise di Venezia, esclusa la crudelt\u00e0,\u00a0 nonostante le 75 coltellate del 22enne padovano inflitte alla giovane, di cui 25 alle mani e agli avambracci, segni di una disperata difesa. Escluso anche lo stalking\u00a0 pur con i messaggi e le pressioni a cui \u00e8 stata sottoposta Giulia. Dal punto di vista risarcitorio, soddisfatte le richieste degli avvocati della famiglia Cecchettin.<\/p>\n<blockquote>\n<h3><strong>Giulio coerente non entra nel merito della pena<\/strong><\/h3>\n<\/blockquote>\n<p><strong>Giulio Cecchettin :<\/strong><em> &#8220;Abbiamo perso tutti come societ\u00e0, nessuno mi ridar\u00e0 mia figlia. Non sono n\u00e8 pi\u00f9 sollevato, n\u00e8 pi\u00f9 triste rispetto a ieri o a domani. Dobbiamo fare di pi\u00f9 come essere umani, evitando questi momenti&#8221;<\/em> ha dichiarato ai microfoni di Antenna 3 presente in Aula a Venezia. <em>&#8220;Leggeremo le motivazioni e se ci sono margini ricorreremo in appello&#8221;,<\/em> ha invece dichiarato Caruso,\u00a0 l&#8217;avvocato della difesa.<\/p>\n<p>&nbsp;<\/p>\n<p>&nbsp;<\/p>\n<\/div>\n<\/div>\n<\/div>\n<\/div>\n<hr \/>\n<p>&nbsp;<\/p>\n","protected":false},"excerpt":{"rendered":"<p>*** Massimo della pena nella sentenza di primo grado (dovr\u00e0 passare gli altri gradi di impugnazione) che sottolinea la gravit\u00e0 delle azioni compiute e rappresenta un monito contro la violenza di genere. La prima sentenza dopo 6 ore di camera di consiglio. GIORNALE RADIO EDIZIONE DELLE 17\u00a0 &nbsp; VENEZIA Filippo Turetta trascorrer\u00e0 il resto della&hellip;<\/p>\n","protected":false},"author":4,"featured_media":422779,"comment_status":"closed","ping_status":"closed","sticky":false,"template":"","format":"standard","meta":{"_monsterinsights_skip_tracking":false,"_monsterinsights_sitenote_active":false,"_monsterinsights_sitenote_note":"","_monsterinsights_sitenote_category":0,"footnotes":""},"categories":[51,49],"tags":[],"class_list":["post-422777","post","type-post","status-publish","format-standard","has-post-thumbnail","hentry","category-evidenza-top","category-news-18","category-51","category-49","description-off"],"img_url":"https:\/\/www.radiopiu.net\/wordpress\/wp-content\/uploads\/2024\/12\/0f57242e-19d1-4011-86a1-762132ef88f4.webp","_links":{"self":[{"href":"https:\/\/www.radiopiu.net\/wordpress\/wp-json\/wp\/v2\/posts\/422777","targetHints":{"allow":["GET"]}}],"collection":[{"href":"https:\/\/www.radiopiu.net\/wordpress\/wp-json\/wp\/v2\/posts"}],"about":[{"href":"https:\/\/www.radiopiu.net\/wordpress\/wp-json\/wp\/v2\/types\/post"}],"author":[{"embeddable":true,"href":"https:\/\/www.radiopiu.net\/wordpress\/wp-json\/wp\/v2\/users\/4"}],"replies":[{"embeddable":true,"href":"https:\/\/www.radiopiu.net\/wordpress\/wp-json\/wp\/v2\/comments?post=422777"}],"version-history":[{"count":17,"href":"https:\/\/www.radiopiu.net\/wordpress\/wp-json\/wp\/v2\/posts\/422777\/revisions"}],"predecessor-version":[{"id":422823,"href":"https:\/\/www.radiopiu.net\/wordpress\/wp-json\/wp\/v2\/posts\/422777\/revisions\/422823"}],"wp:featuredmedia":[{"embeddable":true,"href":"https:\/\/www.radiopiu.net\/wordpress\/wp-json\/wp\/v2\/media\/422779"}],"wp:attachment":[{"href":"https:\/\/www.radiopiu.net\/wordpress\/wp-json\/wp\/v2\/media?parent=422777"}],"wp:term":[{"taxonomy":"category","embeddable":true,"href":"https:\/\/www.radiopiu.net\/wordpress\/wp-json\/wp\/v2\/categories?post=422777"},{"taxonomy":"post_tag","embeddable":true,"href":"https:\/\/www.radiopiu.net\/wordpress\/wp-json\/wp\/v2\/tags?post=422777"}],"curies":[{"name":"wp","href":"https:\/\/api.w.org\/{rel}","templated":true}]}}