{"id":422825,"date":"2024-12-03T17:10:46","date_gmt":"2024-12-03T16:10:46","guid":{"rendered":"https:\/\/www.radiopiu.net\/wordpress\/?p=422825"},"modified":"2024-12-03T17:13:11","modified_gmt":"2024-12-03T16:13:11","slug":"concerto-luna-elogio-musicale-alla-notte-a-cavalese-ed-a-belluno","status":"publish","type":"post","link":"https:\/\/www.radiopiu.net\/wordpress\/concerto-luna-elogio-musicale-alla-notte-a-cavalese-ed-a-belluno\/","title":{"rendered":"Concerto \u201cLuna. Elogio musicale alla notte\u201d a Cavalese ed a Belluno"},"content":{"rendered":"<p>***<\/p>\n<p>&nbsp;<\/p>\n<p><strong> <a class=\"dt-pswp-item\" href=\"https:\/\/www.radiopiu.net\/wordpress\/wp-content\/uploads\/2024\/12\/6addff95-15ef-4435-b969-2965327ed20b.jpg\" data-dt-img-description=\"\" data-large_image_width=\"1599\" data-large_image_height=\"899\"><img loading=\"lazy\" decoding=\"async\" class=\"size-medium wp-image-422602 alignleft\" src=\"https:\/\/www.radiopiu.net\/wordpress\/wp-content\/uploads\/2024\/12\/6addff95-15ef-4435-b969-2965327ed20b-300x169.jpg\" alt=\"\" width=\"300\" height=\"169\" srcset=\"https:\/\/www.radiopiu.net\/wordpress\/wp-content\/uploads\/2024\/12\/6addff95-15ef-4435-b969-2965327ed20b-300x169.jpg 300w, https:\/\/www.radiopiu.net\/wordpress\/wp-content\/uploads\/2024\/12\/6addff95-15ef-4435-b969-2965327ed20b-1024x576.jpg 1024w, https:\/\/www.radiopiu.net\/wordpress\/wp-content\/uploads\/2024\/12\/6addff95-15ef-4435-b969-2965327ed20b-768x432.jpg 768w, https:\/\/www.radiopiu.net\/wordpress\/wp-content\/uploads\/2024\/12\/6addff95-15ef-4435-b969-2965327ed20b-1536x864.jpg 1536w, https:\/\/www.radiopiu.net\/wordpress\/wp-content\/uploads\/2024\/12\/6addff95-15ef-4435-b969-2965327ed20b.jpg 1599w\" sizes=\"auto, (max-width: 300px) 100vw, 300px\" \/><\/a>REDAZIONE<\/strong> A Cavalese ed a Belluno, nel Salone Nobile di Palazzo Fulcis, si terr\u00e0 il concerto \u201cLuna. Elogio musicale alla notte,\u201d un viaggio musicale ispirato al fascino e al mistero del satellite terrestre. Protagonisti saranno Oda Zoe Hochscheid (mezzosoprano), Doris Hochscheid (violoncello) e Frans van Ruth (pianoforte), che eseguiranno brani di Saint-Sa\u00ebns, Faur\u00e9, Viardot e altri. Momento centrale sar\u00e0 la nuova composizione \u201cI watched the Moon around the House\u201d di Max Knigge, ispirata a Emily Dickinson.<\/p>\n<p>&nbsp;<\/p>\n<p>&nbsp;<\/p>\n<p>&nbsp;<\/p>\n<p><strong>ODA ZOE HOCHSCHEID<\/strong><\/p>\n<audio class=\"wp-audio-shortcode\" id=\"audio-422825-1\" preload=\"none\" style=\"width: 100%;\" controls=\"controls\"><source type=\"audio\/mpeg\" src=\"https:\/\/www.radiopiu.net\/wordpress\/wp-content\/uploads\/2024\/12\/ODA-CAVALESE-BELLUNO.mp3?_=1\" \/><a href=\"https:\/\/www.radiopiu.net\/wordpress\/wp-content\/uploads\/2024\/12\/ODA-CAVALESE-BELLUNO.mp3\">https:\/\/www.radiopiu.net\/wordpress\/wp-content\/uploads\/2024\/12\/ODA-CAVALESE-BELLUNO.mp3<\/a><\/audio>\n<p>&nbsp;<\/p>\n<p>&nbsp;<\/p>\n<hr \/>\n<p>&nbsp;<\/p>\n","protected":false},"excerpt":{"rendered":"<p>*** &nbsp; REDAZIONE A Cavalese ed a Belluno, nel Salone Nobile di Palazzo Fulcis, si terr\u00e0 il concerto \u201cLuna. Elogio musicale alla notte,\u201d un viaggio musicale ispirato al fascino e al mistero del satellite terrestre. Protagonisti saranno Oda Zoe Hochscheid (mezzosoprano), Doris Hochscheid (violoncello) e Frans van Ruth (pianoforte), che eseguiranno brani di Saint-Sa\u00ebns, Faur\u00e9,&hellip;<\/p>\n","protected":false},"author":4,"featured_media":422603,"comment_status":"closed","ping_status":"closed","sticky":false,"template":"","format":"standard","meta":{"_monsterinsights_skip_tracking":false,"_monsterinsights_sitenote_active":false,"_monsterinsights_sitenote_note":"","_monsterinsights_sitenote_category":0,"footnotes":""},"categories":[49],"tags":[],"class_list":["post-422825","post","type-post","status-publish","format-standard","has-post-thumbnail","hentry","category-news-18","category-49","description-off"],"img_url":"https:\/\/www.radiopiu.net\/wordpress\/wp-content\/uploads\/2024\/12\/Senza-nome-6.png","_links":{"self":[{"href":"https:\/\/www.radiopiu.net\/wordpress\/wp-json\/wp\/v2\/posts\/422825","targetHints":{"allow":["GET"]}}],"collection":[{"href":"https:\/\/www.radiopiu.net\/wordpress\/wp-json\/wp\/v2\/posts"}],"about":[{"href":"https:\/\/www.radiopiu.net\/wordpress\/wp-json\/wp\/v2\/types\/post"}],"author":[{"embeddable":true,"href":"https:\/\/www.radiopiu.net\/wordpress\/wp-json\/wp\/v2\/users\/4"}],"replies":[{"embeddable":true,"href":"https:\/\/www.radiopiu.net\/wordpress\/wp-json\/wp\/v2\/comments?post=422825"}],"version-history":[{"count":2,"href":"https:\/\/www.radiopiu.net\/wordpress\/wp-json\/wp\/v2\/posts\/422825\/revisions"}],"predecessor-version":[{"id":422828,"href":"https:\/\/www.radiopiu.net\/wordpress\/wp-json\/wp\/v2\/posts\/422825\/revisions\/422828"}],"wp:featuredmedia":[{"embeddable":true,"href":"https:\/\/www.radiopiu.net\/wordpress\/wp-json\/wp\/v2\/media\/422603"}],"wp:attachment":[{"href":"https:\/\/www.radiopiu.net\/wordpress\/wp-json\/wp\/v2\/media?parent=422825"}],"wp:term":[{"taxonomy":"category","embeddable":true,"href":"https:\/\/www.radiopiu.net\/wordpress\/wp-json\/wp\/v2\/categories?post=422825"},{"taxonomy":"post_tag","embeddable":true,"href":"https:\/\/www.radiopiu.net\/wordpress\/wp-json\/wp\/v2\/tags?post=422825"}],"curies":[{"name":"wp","href":"https:\/\/api.w.org\/{rel}","templated":true}]}}