{"id":422891,"date":"2024-12-04T05:35:39","date_gmt":"2024-12-04T04:35:39","guid":{"rendered":"https:\/\/www.radiopiu.net\/wordpress\/?p=422891"},"modified":"2024-12-04T05:44:34","modified_gmt":"2024-12-04T04:44:34","slug":"la-giudiziaria-oggi-dal-corriere-delle-alpi-gigi-sosso","status":"publish","type":"post","link":"https:\/\/www.radiopiu.net\/wordpress\/la-giudiziaria-oggi-dal-corriere-delle-alpi-gigi-sosso\/","title":{"rendered":"LA GIUDIZIARIA OGGI dal corriere delle alpi GIGI SOSSO"},"content":{"rendered":"<p>***<\/p>\n<div class=\"flex-1 overflow-hidden\">\n<div class=\"h-full\">\n<div class=\"react-scroll-to-bottom--css-pvgwc-79elbk h-full\">\n<div class=\"react-scroll-to-bottom--css-pvgwc-1n7m0yu\">\n<div class=\"flex h-full flex-col\">\n<div class=\"flex flex-col text-sm md:pb-9\">\n<article class=\"w-full scroll-mb-[var(--thread-trailing-height,150px)] text-token-text-primary focus-visible:outline-2 focus-visible:outline-offset-[-4px]\" dir=\"auto\" data-testid=\"conversation-turn-69\" data-scroll-anchor=\"true\">\n<div class=\"m-auto text-base py-[18px] px-3 md:px-4 w-full md:px-5 lg:px-4 xl:px-5\">\n<div class=\"mx-auto flex flex-1 gap-4 text-base md:gap-5 lg:gap-6 md:max-w-3xl lg:max-w-[40rem] xl:max-w-[48rem] -mx-4\">\n<div class=\"group\/conversation-turn relative flex w-full min-w-0 flex-col agent-turn\">\n<div class=\"flex-col gap-1 md:gap-3\">\n<div class=\"flex max-w-full flex-col flex-grow\">\n<div class=\"min-h-8 text-message flex w-full flex-col items-end gap-2 whitespace-normal break-words [.text-message+&amp;]:mt-5\" dir=\"auto\" data-message-author-role=\"assistant\" data-message-id=\"6f7ac4f5-d8bb-4ab7-800c-3cb73cf3c4a1\" data-message-model-slug=\"gpt-4o\">\n<div class=\"flex w-full flex-col gap-1 empty:hidden first:pt-[3px]\">\n<div class=\"markdown prose w-full break-words dark:prose-invert dark\">\n<div class=\"flex-1 overflow-hidden\">\n<div class=\"h-full\">\n<div class=\"react-scroll-to-bottom--css-pvgwc-79elbk h-full\">\n<div class=\"react-scroll-to-bottom--css-pvgwc-1n7m0yu\">\n<div class=\"flex h-full flex-col\">\n<div class=\"flex flex-col text-sm md:pb-9\">\n<article class=\"w-full scroll-mb-[var(--thread-trailing-height,150px)] text-token-text-primary focus-visible:outline-2 focus-visible:outline-offset-[-4px]\" dir=\"auto\" data-testid=\"conversation-turn-113\" data-scroll-anchor=\"true\">\n<div class=\"m-auto text-base py-[18px] px-3 md:px-4 w-full md:px-5 lg:px-4 xl:px-5\">\n<div class=\"mx-auto flex flex-1 gap-4 text-base md:gap-5 lg:gap-6 md:max-w-3xl lg:max-w-[40rem] xl:max-w-[48rem] -mx-4\">\n<div class=\"group\/conversation-turn relative flex w-full min-w-0 flex-col agent-turn\">\n<div class=\"flex-col gap-1 md:gap-3\">\n<div class=\"flex max-w-full flex-col flex-grow\">\n<div class=\"min-h-8 text-message flex w-full flex-col items-end gap-2 whitespace-normal break-words [.text-message+&amp;]:mt-5\" dir=\"auto\" data-message-author-role=\"assistant\" data-message-id=\"97174f40-92d3-4701-8817-0be829c6a8e1\" data-message-model-slug=\"gpt-4o\">\n<div class=\"flex w-full flex-col gap-1 empty:hidden first:pt-[3px]\">\n<div class=\"markdown prose w-full break-words dark:prose-invert dark\">\n<p>&nbsp;<\/p>\n<\/div>\n<\/div>\n<\/div>\n<\/div>\n<\/div>\n<\/div>\n<\/div>\n<\/div>\n<\/article>\n<\/div>\n<\/div>\n<\/div>\n<\/div>\n<\/div>\n<\/div>\n<div class=\"flex-1 overflow-hidden\">\n<div class=\"h-full\">\n<div class=\"react-scroll-to-bottom--css-pvgwc-79elbk h-full\">\n<div class=\"react-scroll-to-bottom--css-pvgwc-1n7m0yu\">\n<div class=\"flex h-full flex-col\">\n<div class=\"flex flex-col text-sm md:pb-9\">\n<article class=\"w-full scroll-mb-[var(--thread-trailing-height,150px)] text-token-text-primary focus-visible:outline-2 focus-visible:outline-offset-[-4px]\" dir=\"auto\" data-testid=\"conversation-turn-113\" data-scroll-anchor=\"true\">\n<div class=\"m-auto text-base py-[18px] px-3 md:px-4 w-full md:px-5 lg:px-4 xl:px-5\">\n<div class=\"mx-auto flex flex-1 gap-4 text-base md:gap-5 lg:gap-6 md:max-w-3xl lg:max-w-[40rem] xl:max-w-[48rem] -mx-4\">\n<div class=\"group\/conversation-turn relative flex w-full min-w-0 flex-col agent-turn\">\n<div class=\"flex-col gap-1 md:gap-3\">\n<div class=\"flex max-w-full flex-col flex-grow\">\n<div class=\"min-h-8 text-message flex w-full flex-col items-end gap-2 whitespace-normal break-words [.text-message+&amp;]:mt-5\" dir=\"auto\" data-message-author-role=\"assistant\" data-message-id=\"97174f40-92d3-4701-8817-0be829c6a8e1\" data-message-model-slug=\"gpt-4o\">\n<div class=\"flex w-full flex-col gap-1 empty:hidden first:pt-[3px]\">\n<div class=\"markdown prose w-full break-words dark:prose-invert dark\">\n<p><strong><a href=\"https:\/\/www.radiopiu.net\/wordpress\/wp-content\/uploads\/2024\/12\/d16ef036-6521-40f3-9a76-0e4d7aaf41c1.webp\"><img loading=\"lazy\" decoding=\"async\" class=\"size-medium wp-image-422890 alignleft\" src=\"https:\/\/www.radiopiu.net\/wordpress\/wp-content\/uploads\/2024\/12\/d16ef036-6521-40f3-9a76-0e4d7aaf41c1-300x300.webp\" alt=\"\" width=\"300\" height=\"300\" srcset=\"https:\/\/www.radiopiu.net\/wordpress\/wp-content\/uploads\/2024\/12\/d16ef036-6521-40f3-9a76-0e4d7aaf41c1-300x300.webp 300w, https:\/\/www.radiopiu.net\/wordpress\/wp-content\/uploads\/2024\/12\/d16ef036-6521-40f3-9a76-0e4d7aaf41c1-150x150.webp 150w, https:\/\/www.radiopiu.net\/wordpress\/wp-content\/uploads\/2024\/12\/d16ef036-6521-40f3-9a76-0e4d7aaf41c1-768x768.webp 768w, https:\/\/www.radiopiu.net\/wordpress\/wp-content\/uploads\/2024\/12\/d16ef036-6521-40f3-9a76-0e4d7aaf41c1.webp 1024w\" sizes=\"auto, (max-width: 300px) 100vw, 300px\" \/><\/a><\/strong>SINTESI<\/p>\n<blockquote><p><strong>Truffa telefonica: perde 25 mila euro, ma ne recupera 22 mila<\/strong><\/p><\/blockquote>\n<p>ALPAGO Un uomo di origini alpagote \u00e8 stato vittima di phishing telefonico, perdendo i risparmi di una vita: 25 mila euro. Dopo la denuncia ai carabinieri, \u00e8 riuscito a recuperare 22 mila euro grazie a un intervento tecnico, mentre il resto \u00e8 stato bloccato dall\u2019Agenzia delle Entrate in attesa di sviluppi giudiziari.<\/p>\n<\/div>\n<p>&nbsp;<\/p>\n<div class=\"group\/conversation-turn relative flex w-full min-w-0 flex-col agent-turn\">\n<div class=\"flex-col gap-1 md:gap-3\">\n<div class=\"flex max-w-full flex-col flex-grow\">\n<div class=\"min-h-8 text-message flex w-full flex-col items-end gap-2 whitespace-normal break-words [.text-message+&amp;]:mt-5\" dir=\"auto\" data-message-author-role=\"assistant\" data-message-id=\"f336ff3f-6df3-4820-a5de-1dda2b1505d5\" data-message-model-slug=\"gpt-4o\">\n<div class=\"flex w-full flex-col gap-1 empty:hidden first:pt-[3px]\">\n<div class=\"markdown prose w-full break-words dark:prose-invert dark\">\n<blockquote><p><strong>Accuse di maltrattamenti e stalking: a giudizio un bellunese<\/strong><\/p><\/blockquote>\n<p>BELLUNO Un bellunese \u00e8 stato rinviato a giudizio per maltrattamenti durante il matrimonio e stalking dopo la separazione. Indagato, \u00e8 sottoposto al braccialetto elettronico e non pu\u00f2 avvicinarsi all&#8217;ex coniuge, parte civile nel processo. Il dibattimento inizier\u00e0 il 6 febbraio prossimo.<\/p>\n<\/div>\n<\/div>\n<\/div>\n<\/div>\n<\/div>\n<\/div>\n<\/div>\n<\/div>\n<\/div>\n<\/div>\n<\/div>\n<\/div>\n<\/div>\n<\/article>\n<\/div>\n<\/div>\n<\/div>\n<\/div>\n<\/div>\n<\/div>\n<\/div>\n<\/div>\n<\/div>\n<\/div>\n<\/div>\n<\/div>\n<\/div>\n<\/div>\n<\/article>\n<\/div>\n<\/div>\n<\/div>\n<\/div>\n<\/div>\n<\/div>\n<blockquote><p>&nbsp;<\/p>\n<p><strong>Feltrino a giudizio per maltrattamenti alla madre<\/strong><\/p><\/blockquote>\n<p>FELTRE Un uomo di Feltre, detenuto a Verona per altro reato, \u00e8 accusato di maltrattamenti aggravati verso la madre. Nonostante il ritiro della querela, il processo penale procede d&#8217;ufficio per minacce, maltrattamenti psicologici e presunte percosse. L\u2019imputato \u00e8 difeso dall\u2019avvocato Elisa Collostide.<\/p>\n<p>&nbsp;<\/p>\n<blockquote><p><strong>Condannato per maltrattamenti, torna a processo per nuovi episodi<\/strong><\/p><\/blockquote>\n<p>FELTRE T.P., gi\u00e0 condannato a due anni e un mese per maltrattamenti e lesioni alla madre, \u00e8 stato rinviato a giudizio per nuove violenze avvenute tra il 10 e il 23 luglio. Minacce, percosse e atteggiamenti intimidatori hanno creato un clima insostenibile. Il processo inizier\u00e0 il 6 febbraio.<\/p>\n<p>&nbsp;<\/p>\n<blockquote>\n<h3>Palpeggio la ragazzina, patteggia e paga<\/h3>\n<\/blockquote>\n<p>CORTINA Palpeggiata una 13enne sull&#8217;autobus: pattegger\u00e0 la condizionale l&#8217;ex dipendente di Cortina Express G.S. che il 6 ottobre 2023 aveva messo le mani addosso a una studentessa, tentando anche di baciarla. Due anni con pena sospesa o anche qualcosa di meno, ma prima dovr\u00e0 investire il tempo fino al prossimo 21 gennaio per mettere insieme un risarcimento danni adeguato e scegliere l&#8217;ente in cui cominciare un percorso di rieducazione. Il gup Elisabetta Scolozzi ha concesso poco pi\u00f9 di un mese, per risolvere il caso di atti sessuali con minore. G.S. \u00e8 stato licenziato dall&#8217;azienda ampezzana<\/p>\n","protected":false},"excerpt":{"rendered":"<p>*** &nbsp; SINTESI Truffa telefonica: perde 25 mila euro, ma ne recupera 22 mila ALPAGO Un uomo di origini alpagote \u00e8 stato vittima di phishing telefonico, perdendo i risparmi di una vita: 25 mila euro. Dopo la denuncia ai carabinieri, \u00e8 riuscito a recuperare 22 mila euro grazie a un intervento tecnico, mentre il resto&hellip;<\/p>\n","protected":false},"author":4,"featured_media":422890,"comment_status":"closed","ping_status":"closed","sticky":false,"template":"","format":"standard","meta":{"_monsterinsights_skip_tracking":false,"_monsterinsights_sitenote_active":false,"_monsterinsights_sitenote_note":"","_monsterinsights_sitenote_category":0,"footnotes":""},"categories":[104,49],"tags":[],"class_list":["post-422891","post","type-post","status-publish","format-standard","has-post-thumbnail","hentry","category-evidenza_3","category-news-18","category-104","category-49","description-off"],"img_url":"https:\/\/www.radiopiu.net\/wordpress\/wp-content\/uploads\/2024\/12\/d16ef036-6521-40f3-9a76-0e4d7aaf41c1.webp","_links":{"self":[{"href":"https:\/\/www.radiopiu.net\/wordpress\/wp-json\/wp\/v2\/posts\/422891","targetHints":{"allow":["GET"]}}],"collection":[{"href":"https:\/\/www.radiopiu.net\/wordpress\/wp-json\/wp\/v2\/posts"}],"about":[{"href":"https:\/\/www.radiopiu.net\/wordpress\/wp-json\/wp\/v2\/types\/post"}],"author":[{"embeddable":true,"href":"https:\/\/www.radiopiu.net\/wordpress\/wp-json\/wp\/v2\/users\/4"}],"replies":[{"embeddable":true,"href":"https:\/\/www.radiopiu.net\/wordpress\/wp-json\/wp\/v2\/comments?post=422891"}],"version-history":[{"count":1,"href":"https:\/\/www.radiopiu.net\/wordpress\/wp-json\/wp\/v2\/posts\/422891\/revisions"}],"predecessor-version":[{"id":422892,"href":"https:\/\/www.radiopiu.net\/wordpress\/wp-json\/wp\/v2\/posts\/422891\/revisions\/422892"}],"wp:featuredmedia":[{"embeddable":true,"href":"https:\/\/www.radiopiu.net\/wordpress\/wp-json\/wp\/v2\/media\/422890"}],"wp:attachment":[{"href":"https:\/\/www.radiopiu.net\/wordpress\/wp-json\/wp\/v2\/media?parent=422891"}],"wp:term":[{"taxonomy":"category","embeddable":true,"href":"https:\/\/www.radiopiu.net\/wordpress\/wp-json\/wp\/v2\/categories?post=422891"},{"taxonomy":"post_tag","embeddable":true,"href":"https:\/\/www.radiopiu.net\/wordpress\/wp-json\/wp\/v2\/tags?post=422891"}],"curies":[{"name":"wp","href":"https:\/\/api.w.org\/{rel}","templated":true}]}}