{"id":422914,"date":"2024-12-05T05:43:22","date_gmt":"2024-12-05T04:43:22","guid":{"rendered":"https:\/\/www.radiopiu.net\/wordpress\/?p=422914"},"modified":"2024-12-05T09:30:34","modified_gmt":"2024-12-05T08:30:34","slug":"giornale-radiopiu-05-dicembre-2024-direttore-mirko-mezzacasada-41-anni-25-giugno-1983-25-giugno-2024","status":"publish","type":"post","link":"https:\/\/www.radiopiu.net\/wordpress\/giornale-radiopiu-05-dicembre-2024-direttore-mirko-mezzacasada-41-anni-25-giugno-1983-25-giugno-2024\/","title":{"rendered":"GIORNALE RADIOPIU 05 DICEMBRE 2024 DIRETTORE MIRKO MEZZACASA\u2026DA 41 ANNI 25 GIUGNO 1983-25 GIUGNO 2024"},"content":{"rendered":"<p>*****<\/p>\n<p>&nbsp;<\/p>\n<p><em><span style=\"color: #ff0000;\"><a class=\"dt-pswp-item\" href=\"https:\/\/www.radiopiu.net\/wordpress\/wp-content\/uploads\/2024\/10\/Senza-nome-8.png\" data-dt-img-description=\"\" data-large_image_width=\"343\" data-large_image_height=\"303\"><img loading=\"lazy\" decoding=\"async\" class=\"wp-image-412130 alignleft\" src=\"https:\/\/www.radiopiu.net\/wordpress\/wp-content\/uploads\/2024\/10\/Senza-nome-8-300x265.png\" alt=\"\" width=\"105\" height=\"93\" srcset=\"https:\/\/www.radiopiu.net\/wordpress\/wp-content\/uploads\/2024\/10\/Senza-nome-8-300x265.png 300w, https:\/\/www.radiopiu.net\/wordpress\/wp-content\/uploads\/2024\/10\/Senza-nome-8.png 343w\" sizes=\"auto, (max-width: 105px) 100vw, 105px\" \/><\/a><\/span><\/em><strong><em><span style=\"color: #ff0000;\"> LA\u00a0 APP PER IOS-IPHONE di Nicola Vettorello<\/span><\/em><\/strong><\/p>\n<p><strong><span style=\"color: #0000ff;\"><a style=\"color: #0000ff;\" href=\"https:\/\/apps.apple.com\/it\/app\/radio-pi%C3%B9-emittente-agordina\/id1515939845\">https:\/\/apps.apple.com\/it\/app\/radio-pi%C3%B9-emittente-agordina\/id1515939845<\/a><\/span><\/strong><\/p>\n<p><strong><em style=\"color: #ff0000;\">LA\u00a0 APP RADIO\u00a0 PER ANDROID di Nicola Vettorello<\/em><\/strong><\/p>\n<p><strong><span style=\"color: #0000ff;\"><a style=\"color: #0000ff;\" href=\"https:\/\/play.google.com\/store\/apps\/details?id=net.radiopiu.iniko\" target=\"_blank\" rel=\"noopener noreferrer\">https:\/\/<\/a><a style=\"color: #0000ff;\" href=\"https:\/\/play.google.com\/store\/apps\/details?id=net.radiopiu.iniko\" target=\"_blank\" rel=\"noopener noreferrer\">play.google.com\/store\/apps\/details?id=net.radiopiu.iniko\u00a0\u00a0\u00a0<\/a><\/span><\/strong><\/p>\n<p>&nbsp;<\/p>\n<p>&nbsp;<\/p>\n<hr \/>\n<p>&nbsp;<\/p>\n<p><strong><span style=\"color: #ff0000;\"><a class=\"dt-pswp-item\" href=\"https:\/\/www.radiopiu.net\/wordpress\/wp-content\/uploads\/2019\/12\/SKICIVETTA2-1.jpg\" data-dt-img-description=\"\" data-large_image_width=\"1723\" data-large_image_height=\"983\"><img loading=\"lazy\" decoding=\"async\" class=\"wp-image-108968 alignleft\" src=\"https:\/\/www.radiopiu.net\/wordpress\/wp-content\/uploads\/2019\/12\/SKICIVETTA2-1-300x171.jpg\" alt=\"\" width=\"175\" height=\"100\" srcset=\"https:\/\/www.radiopiu.net\/wordpress\/wp-content\/uploads\/2019\/12\/SKICIVETTA2-1-300x171.jpg 300w, https:\/\/www.radiopiu.net\/wordpress\/wp-content\/uploads\/2019\/12\/SKICIVETTA2-1-1024x584.jpg 1024w, https:\/\/www.radiopiu.net\/wordpress\/wp-content\/uploads\/2019\/12\/SKICIVETTA2-1-768x438.jpg 768w, https:\/\/www.radiopiu.net\/wordpress\/wp-content\/uploads\/2019\/12\/SKICIVETTA2-1-1536x876.jpg 1536w, https:\/\/www.radiopiu.net\/wordpress\/wp-content\/uploads\/2019\/12\/SKICIVETTA2-1.jpg 1723w\" sizes=\"auto, (max-width: 175px) 100vw, 175px\" \/><\/a>OGGI A RADIO PIU&#8217;&#8230; TRA L&#8217;ALTRO:<\/span>\u00a0<\/strong> <span style=\"color: #ff0000;\">10 10<\/span>\u00a0 cosa guardo questa sera in TV, sono i consiglio di Paola Lanciato. Il nuovo programma in onda il martedi e giovedi, non i soliti programmi della televisione, ma i film di tutti i tempi dalle piattaforme televisive on demand <span style=\"color: #ff0000;\">10.30\u00a0<\/span> Maria Rita Gentilin \u00e8 l&#8217;ospite dello spazio reporter di oggi, dedicato ai pensionati ma non solo, ogni 15 giorni alla radio, il giovedi alle 10.30.<\/p>\n<p><strong>ALLE 13.10 SPECIALE FALCADE-CAVIOLA-CANALE-VALLE DEL BIOIS&#8230;. ECCO IL NATALE E I TANTI EVENTI TRA LE PIAZZE, MERCATINI E PIANA DI FALCADE, ALLE 13.10 OSPITE ANTONELLA SCHENA<\/strong><\/p>\n<p>DALL&#8217;APERTURA <span style=\"color: #ff0000;\">19.30<\/span>\u00a0 ANDREA DAL FARRA E CHRISTIAN MORETTI, ALLA VIGILIA DELLA NUOVA STAGIONE, SABATO APRONO I PRIMI IMPIANTI NELLA SKI AREA CIVETTA (FOTO)<\/p>\n<p><strong>rassegna stampa nazionale,<\/strong> ogni giorno alle 5 e alle 6 del mattino.<br \/>\ngiornali locali 7 rassegna stampa flash, 8 rassegna stampa, gr flash alle 10 e alle 11, principale 12.30. Informazione pomeriggio ogni ora fino alle 20, in coda ai notiziari nazionali. Giornale radio nazionale: ogni ora dalle 4 del mattino, alle 20 della sera. Alle 19 le anticipazioni dal TG di Antenna 3 di Tiziana Bolognani.<\/p>\n<p>&nbsp;<\/p>\n<p>&nbsp;<\/p>\n<hr \/>\n<p>&nbsp;<\/p>\n<p>&nbsp;<\/p>\n<div class=\"x11i5rnm xat24cr x1mh8g0r x1vvkbs xtlvy1s x126k92a\">\n<div dir=\"auto\">\n<div dir=\"auto\">\n<p><strong><a class=\"dt-pswp-item\" href=\"https:\/\/www.radiopiu.net\/wordpress\/wp-content\/uploads\/2024\/02\/2d44e751-d8a8-461b-8e22-d8e4e853b032.jpg\" data-dt-img-description=\"\" data-large_image_width=\"1600\" data-large_image_height=\"1200\"><img loading=\"lazy\" decoding=\"async\" class=\"wp-image-373307 alignleft\" src=\"https:\/\/www.radiopiu.net\/wordpress\/wp-content\/uploads\/2024\/02\/2d44e751-d8a8-461b-8e22-d8e4e853b032-300x225.jpg\" alt=\"\" width=\"105\" height=\"79\" srcset=\"https:\/\/www.radiopiu.net\/wordpress\/wp-content\/uploads\/2024\/02\/2d44e751-d8a8-461b-8e22-d8e4e853b032-300x225.jpg 300w, https:\/\/www.radiopiu.net\/wordpress\/wp-content\/uploads\/2024\/02\/2d44e751-d8a8-461b-8e22-d8e4e853b032-1024x768.jpg 1024w, https:\/\/www.radiopiu.net\/wordpress\/wp-content\/uploads\/2024\/02\/2d44e751-d8a8-461b-8e22-d8e4e853b032-768x576.jpg 768w, https:\/\/www.radiopiu.net\/wordpress\/wp-content\/uploads\/2024\/02\/2d44e751-d8a8-461b-8e22-d8e4e853b032-1536x1152.jpg 1536w, https:\/\/www.radiopiu.net\/wordpress\/wp-content\/uploads\/2024\/02\/2d44e751-d8a8-461b-8e22-d8e4e853b032.jpg 1600w\" sizes=\"auto, (max-width: 105px) 100vw, 105px\" \/><\/a>EL BAL DEL FIOR, DI GIULIANA DA RONCH, 05 DICEMBRE<\/strong><strong>\u00a02024<\/strong><\/p>\n<\/div>\n<\/div>\n<\/div>\n<p>&nbsp;<\/p>\n<p>&nbsp;<\/p>\n<p>&nbsp;<\/p>\n<p><span style=\"color: #ff0000;\"><strong>audio, con la canzone San Nicolo&#8217;, Belumat_gianni secco\/giorgio fornasier<\/strong><\/span><\/p>\n<div>\n<audio class=\"wp-audio-shortcode\" id=\"audio-422914-1\" preload=\"none\" style=\"width: 100%;\" controls=\"controls\"><source type=\"audio\/mpeg\" src=\"https:\/\/www.radiopiu.net\/wordpress\/wp-content\/uploads\/2024\/12\/GGI.mp3?_=1\" \/><a href=\"https:\/\/www.radiopiu.net\/wordpress\/wp-content\/uploads\/2024\/12\/GGI.mp3\">https:\/\/www.radiopiu.net\/wordpress\/wp-content\/uploads\/2024\/12\/GGI.mp3<\/a><\/audio>\n<\/div>\n<div><a href=\"https:\/\/www.radiopiu.net\/wordpress\/wp-content\/uploads\/2024\/12\/6dd57e2c-bd48-4d64-a065-65eadc3e1ba8.webp\"><img loading=\"lazy\" decoding=\"async\" class=\"size-medium wp-image-423053 aligncenter\" src=\"https:\/\/www.radiopiu.net\/wordpress\/wp-content\/uploads\/2024\/12\/6dd57e2c-bd48-4d64-a065-65eadc3e1ba8-300x300.webp\" alt=\"\" width=\"300\" height=\"300\" srcset=\"https:\/\/www.radiopiu.net\/wordpress\/wp-content\/uploads\/2024\/12\/6dd57e2c-bd48-4d64-a065-65eadc3e1ba8-300x300.webp 300w, https:\/\/www.radiopiu.net\/wordpress\/wp-content\/uploads\/2024\/12\/6dd57e2c-bd48-4d64-a065-65eadc3e1ba8-150x150.webp 150w, https:\/\/www.radiopiu.net\/wordpress\/wp-content\/uploads\/2024\/12\/6dd57e2c-bd48-4d64-a065-65eadc3e1ba8-768x768.webp 768w, https:\/\/www.radiopiu.net\/wordpress\/wp-content\/uploads\/2024\/12\/6dd57e2c-bd48-4d64-a065-65eadc3e1ba8.webp 1024w\" sizes=\"auto, (max-width: 300px) 100vw, 300px\" \/><\/a><\/div>\n<hr \/>\n<p>&nbsp;<\/p>\n<p>&nbsp;<\/p>\n<div class=\"x11i5rnm xat24cr x1mh8g0r x1vvkbs xtlvy1s x126k92a\">\n<h1><span style=\"color: #ff0000;\"><a class=\"dt-pswp-item\" href=\"https:\/\/www.radiopiu.net\/wordpress\/wp-content\/uploads\/2024\/06\/th-5.jpg\" data-dt-img-description=\"\" data-large_image_width=\"326\" data-large_image_height=\"180\"><img loading=\"lazy\" decoding=\"async\" class=\"size-medium wp-image-395881 alignleft\" src=\"https:\/\/www.radiopiu.net\/wordpress\/wp-content\/uploads\/2024\/06\/th-5-300x166.jpg\" alt=\"\" width=\"300\" height=\"166\" srcset=\"https:\/\/www.radiopiu.net\/wordpress\/wp-content\/uploads\/2024\/06\/th-5-300x166.jpg 300w, https:\/\/www.radiopiu.net\/wordpress\/wp-content\/uploads\/2024\/06\/th-5.jpg 326w\" sizes=\"auto, (max-width: 300px) 100vw, 300px\" \/><\/a><\/span><\/h1>\n<h1><\/h1>\n<h1><\/h1>\n<h1><span style=\"color: #000000;\">05 DICEMBRE&#8230; alla radio l&#8217;almanacco\u00a0<\/span><\/h1>\n<p>&nbsp;<\/p>\n<\/div>\n<div class=\"x11i5rnm xat24cr x1mh8g0r x1vvkbs xtlvy1s x126k92a\">\n<audio class=\"wp-audio-shortcode\" id=\"audio-422914-2\" preload=\"none\" style=\"width: 100%;\" controls=\"controls\"><source type=\"audio\/mpeg\" src=\"https:\/\/www.radiopiu.net\/wordpress\/wp-content\/uploads\/2024\/12\/ALMANACCONEW-3.mp3?_=2\" \/><a href=\"https:\/\/www.radiopiu.net\/wordpress\/wp-content\/uploads\/2024\/12\/ALMANACCONEW-3.mp3\">https:\/\/www.radiopiu.net\/wordpress\/wp-content\/uploads\/2024\/12\/ALMANACCONEW-3.mp3<\/a><\/audio>\n<p>&nbsp;<\/p>\n<hr \/>\n<p>&nbsp;<\/p>\n<p>&nbsp;<\/p>\n<blockquote>\n<h1><strong><a class=\"dt-pswp-item\" href=\"https:\/\/www.radiopiu.net\/wordpress\/wp-content\/uploads\/2024\/10\/629301fd-708d-4f53-95c2-d28cbefd500f.jpg\" data-dt-img-description=\"\" data-large_image_width=\"1600\" data-large_image_height=\"1322\"><img loading=\"lazy\" decoding=\"async\" class=\"wp-image-413782 alignright\" src=\"https:\/\/www.radiopiu.net\/wordpress\/wp-content\/uploads\/2024\/10\/629301fd-708d-4f53-95c2-d28cbefd500f-300x248.jpg\" alt=\"\" width=\"106\" height=\"88\" srcset=\"https:\/\/www.radiopiu.net\/wordpress\/wp-content\/uploads\/2024\/10\/629301fd-708d-4f53-95c2-d28cbefd500f-300x248.jpg 300w, https:\/\/www.radiopiu.net\/wordpress\/wp-content\/uploads\/2024\/10\/629301fd-708d-4f53-95c2-d28cbefd500f-1024x846.jpg 1024w, https:\/\/www.radiopiu.net\/wordpress\/wp-content\/uploads\/2024\/10\/629301fd-708d-4f53-95c2-d28cbefd500f-768x635.jpg 768w, https:\/\/www.radiopiu.net\/wordpress\/wp-content\/uploads\/2024\/10\/629301fd-708d-4f53-95c2-d28cbefd500f-1536x1269.jpg 1536w, https:\/\/www.radiopiu.net\/wordpress\/wp-content\/uploads\/2024\/10\/629301fd-708d-4f53-95c2-d28cbefd500f.jpg 1600w\" sizes=\"auto, (max-width: 106px) 100vw, 106px\" \/><\/a><\/strong><\/h1>\n<h1><strong><a class=\"dt-pswp-item\" href=\"https:\/\/www.radiopiu.net\/wordpress\/wp-content\/uploads\/2024\/11\/th-18.jpg\" data-dt-img-description=\"\" data-large_image_width=\"156\" data-large_image_height=\"180\"><img loading=\"lazy\" decoding=\"async\" class=\"size-full wp-image-421611 alignleft\" src=\"https:\/\/www.radiopiu.net\/wordpress\/wp-content\/uploads\/2024\/11\/th-18.jpg\" alt=\"\" width=\"156\" height=\"180\" \/><\/a><\/strong><\/h1>\n<h1><strong>N di parom &#8211; L Almanach de la nosta jent<\/strong><\/h1>\n<\/blockquote>\n<p>&nbsp;<\/p>\n<p>Le voci: Davide Conedera, Agordo, Michela Dell&#8217;Osbel, La Valle Agordina Simone Ganz, Falcade Veronica Lezuo, Colle Santa Lucia. La voce nella sigla \u00e8 di Giorgia Taio<\/p>\n<p>&nbsp;<\/p>\n<p><strong>LA PUNTATA DI OGGI, 05 DICEMBRE<\/strong><\/p>\n<audio class=\"wp-audio-shortcode\" id=\"audio-422914-3\" preload=\"none\" style=\"width: 100%;\" controls=\"controls\"><source type=\"audio\/mpeg\" src=\"https:\/\/www.radiopiu.net\/wordpress\/wp-content\/uploads\/2024\/12\/AL4.mp3?_=3\" \/><a href=\"https:\/\/www.radiopiu.net\/wordpress\/wp-content\/uploads\/2024\/12\/AL4.mp3\">https:\/\/www.radiopiu.net\/wordpress\/wp-content\/uploads\/2024\/12\/AL4.mp3<\/a><\/audio>\n<\/div>\n<div class=\"x11i5rnm xat24cr x1mh8g0r x1vvkbs xtlvy1s x126k92a\">\n<p>&nbsp;<\/p>\n<div dir=\"auto\">\n<hr \/>\n<\/div>\n<\/div>\n<blockquote>\n<blockquote>\n<h1><span style=\"color: #ff0000;\">\u00a0<\/span><\/h1>\n<h1><span style=\"color: #ff0000;\">I podcast informativi del mattino &#8211; audio &#8211;\u00a0\u00a0<\/span><\/h1>\n<\/blockquote>\n<p><strong><a class=\"dt-pswp-item\" href=\"https:\/\/www.radiopiu.net\/wordpress\/wp-content\/uploads\/2024\/11\/6.jpg\" data-dt-img-description=\"\" data-large_image_width=\"177\" data-large_image_height=\"180\"><img loading=\"lazy\" decoding=\"async\" class=\"size-full wp-image-417911 alignleft\" src=\"https:\/\/www.radiopiu.net\/wordpress\/wp-content\/uploads\/2024\/11\/6.jpg\" alt=\"\" width=\"177\" height=\"180\" \/><\/a>LA RASSEGNA STAMPA NAZIONALE ALLA RADIO, OGNI GIORNO ALLE 5 E ALLE 6 DEL MATTINO <span style=\"color: #0000ff;\">viene pubblicata alle 6.00 <span style=\"color: #ff0000;\">DIRETTA RADIO\u00a0 \u00a0\u00a0<\/span><\/span><\/strong><\/p><\/blockquote>\n<p>&nbsp;<\/p>\n<p><strong>NOTIZIE DELLA NOTTE<\/strong><\/p>\n<p><strong>Seul<\/strong>, &#8216;nostri 108 deputati contro impeachment di Yoon&#8217; <strong>Record Bitcoin<\/strong>, per la prima volta oltre i 100.000 dollari <strong>Killer di Ny,<\/strong> investigatori trovano una bottiglia e un telefono <strong>Borsa:<\/strong> Shanghai apre a -0,34%, Shenzhen a -0,36% <strong>Amnesty<\/strong> in un rapporto accusa Israele di &#8220;genocidio&#8221; a Gaza <strong>Scarcerato<\/strong> l&#8217;ex capo del cartello di Medellin, Fabio Ochoa <strong>Colombia,<\/strong> \u00e8 Guevara il nuovo ministro delle Finanze<\/p>\n<h2>AUDIO dalle 6 del mattino<\/h2>\n<audio class=\"wp-audio-shortcode\" id=\"audio-422914-4\" preload=\"none\" style=\"width: 100%;\" controls=\"controls\"><source type=\"audio\/mpeg\" src=\"https:\/\/www.radiopiu.net\/wordpress\/wp-content\/uploads\/2024\/12\/GIORNALEDELLESEI-3.mp3?_=4\" \/><a href=\"https:\/\/www.radiopiu.net\/wordpress\/wp-content\/uploads\/2024\/12\/GIORNALEDELLESEI-3.mp3\">https:\/\/www.radiopiu.net\/wordpress\/wp-content\/uploads\/2024\/12\/GIORNALEDELLESEI-3.mp3<\/a><\/audio>\n<p>&nbsp;<\/p>\n<p>&nbsp;<\/p>\n<p>&nbsp;<\/p>\n<hr \/>\n<p>&nbsp;<\/p>\n<h1 style=\"text-align: center;\"><span style=\"color: #ff0000;\"><a class=\"dt-pswp-item\" href=\"https:\/\/www.radiopiu.net\/wordpress\/wp-content\/uploads\/2024\/11\/7.jpg\" data-dt-img-description=\"\" data-large_image_width=\"180\" data-large_image_height=\"180\"><img loading=\"lazy\" decoding=\"async\" class=\"size-full wp-image-417912 alignleft\" src=\"https:\/\/www.radiopiu.net\/wordpress\/wp-content\/uploads\/2024\/11\/7.jpg\" alt=\"\" width=\"180\" height=\"180\" srcset=\"https:\/\/www.radiopiu.net\/wordpress\/wp-content\/uploads\/2024\/11\/7.jpg 180w, https:\/\/www.radiopiu.net\/wordpress\/wp-content\/uploads\/2024\/11\/7-150x150.jpg 150w\" sizes=\"auto, (max-width: 180px) 100vw, 180px\" \/><\/a>I podcast informativi del mattino &#8211; audio &#8211;\u00a0<\/span><\/h1>\n<p><strong>OGNI GIORNO ALLE SETTE DEL MATTINO, LA RASSEGNA STAMPA LOCALE FLASH&#8230; PER CHI VA IN FRETTA. I TITOLI DAI GIORNALI E DAL SITO WWW.RADIOPIU.NET <span style=\"color: #0000ff;\">viene pubblicato alle 7.00<\/span> <span style=\"color: #ff0000;\">DIRETTA RADIO\u00a0<\/span><\/strong><\/p>\n<p><em><span style=\"color: #ff0000;\">per chi va in fretta&#8230; tante notizie in pochi minuti. L&#8217;informazione locale alla radio, ogni ora dalle 7 del mattino alle 19 della sera.<\/span><\/em><\/p>\n<h1><\/h1>\n<h1>AUDIO dalle 7 del mattino<\/h1>\n<audio class=\"wp-audio-shortcode\" id=\"audio-422914-5\" preload=\"none\" style=\"width: 100%;\" controls=\"controls\"><source type=\"audio\/mpeg\" src=\"https:\/\/www.radiopiu.net\/wordpress\/wp-content\/uploads\/2024\/12\/GF07-3.mp3?_=5\" \/><a href=\"https:\/\/www.radiopiu.net\/wordpress\/wp-content\/uploads\/2024\/12\/GF07-3.mp3\">https:\/\/www.radiopiu.net\/wordpress\/wp-content\/uploads\/2024\/12\/GF07-3.mp3<\/a><\/audio>\n<p>&nbsp;<\/p>\n<p>&nbsp;<\/p>\n<p>&nbsp;<\/p>\n<hr \/>\n<p>&nbsp;<\/p>\n<h1><\/h1>\n<h1 style=\"text-align: center;\"><span style=\"color: #ff0000;\"><a class=\"dt-pswp-item\" href=\"https:\/\/www.radiopiu.net\/wordpress\/wp-content\/uploads\/2024\/11\/th.jpg\" data-dt-img-description=\"\" data-large_image_width=\"148\" data-large_image_height=\"179\"><img loading=\"lazy\" decoding=\"async\" class=\"size-full wp-image-417913 alignleft\" src=\"https:\/\/www.radiopiu.net\/wordpress\/wp-content\/uploads\/2024\/11\/th.jpg\" alt=\"\" width=\"148\" height=\"179\" \/><\/a>I podcast informativi del mattino &#8211; audio &#8211;\u00a0<\/span><\/h1>\n<blockquote><p><strong>GIORNALE RADIO NAZIONALE, EDIZIONE DELLE SETTE <span style=\"color: #0000ff;\">viene pubblicato alle 7.05 <span style=\"color: #ff0000;\">DIRETTA RADIO\u00a0<\/span><\/span><\/strong><\/p><\/blockquote>\n<p><strong>il giornale radionazionale e&#8217; in onda ogni ora, dalle sette del mattino alle venti della sera\u00a0 \u00a0<\/strong><strong> \u00a0<\/strong><\/p>\n<h3><span style=\"color: #ff0000;\">Per l&#8217;Immacolata venti forti, piogge e neve anche in pianura Colpiti in maniera pi\u00f9 diffusa i versanti adriatici e il Sud<\/span><\/h3>\n<p><strong>CATANZARO<\/strong> All&#8217;ergastolo per femminicidio, processo da rifare La 31enne trovata morta nel 2002. L&#8217;esame del Dna individua un altro uomo <strong>NAPOLI<\/strong> cade una piastra da un balcone e ferisce una donna, forse \u00e8 stata lanciata<br \/>\nIndagini in corso <strong>MILANO<\/strong> I funerali di Ramy Elgaml, l&#8217;imam: &#8216;Cambiare la legge sulla cittadinanza&#8217; <strong>MILANO<\/strong> Capotreno aggredita da madre e figlia senza biglietto Intercity soppresso, donna al pronto soccorso in stato di choc <strong>NOVARA<\/strong> Morto lo psichiatra Eugenio Borgna Aveva 94 anni, il suo ultimo libro sul suicidio femminile <strong>BOLOGNA<\/strong> Blitz contro neonazisti, 12 arresti. &#8216;Pronti ad attentati con lupi solitari&#8217; <strong>BOLOGNA<\/strong> Spara alla moglie malata e si toglie la vita Omicidio-suicidio, i corpi trovati dall&#8217;infermiera<\/p>\n<p>&nbsp;<\/p>\n<p><span style=\"color: #ff0000;\"><span style=\"color: #0000ff;\">CRONACA<\/span> EDIZIONE DELLA SERA , DEL 04 DICEMBRE 2024 EDIZIONE DI IERI, 20.00<\/span><\/p>\n<audio class=\"wp-audio-shortcode\" id=\"audio-422914-6\" preload=\"none\" style=\"width: 100%;\" controls=\"controls\"><source type=\"audio\/mpeg\" src=\"https:\/\/www.radiopiu.net\/wordpress\/wp-content\/uploads\/2024\/12\/giornale07-6.mp3?_=6\" \/><a href=\"https:\/\/www.radiopiu.net\/wordpress\/wp-content\/uploads\/2024\/12\/giornale07-6.mp3\">https:\/\/www.radiopiu.net\/wordpress\/wp-content\/uploads\/2024\/12\/giornale07-6.mp3<\/a><\/audio>\n<p>&nbsp;<\/p>\n<p><span style=\"color: #ff0000;\"><span style=\"color: #0000ff;\">SPORT<\/span> EDIZIONE DELLE 19, DEL 04 DICEMBRE 2024, LO SPORT EDIZIONE DI IERI<\/span><\/p>\n<audio class=\"wp-audio-shortcode\" id=\"audio-422914-7\" preload=\"none\" style=\"width: 100%;\" controls=\"controls\"><source type=\"audio\/mpeg\" src=\"https:\/\/www.radiopiu.net\/wordpress\/wp-content\/uploads\/2024\/12\/gr-sport-3.mp3?_=7\" \/><a href=\"https:\/\/www.radiopiu.net\/wordpress\/wp-content\/uploads\/2024\/12\/gr-sport-3.mp3\">https:\/\/www.radiopiu.net\/wordpress\/wp-content\/uploads\/2024\/12\/gr-sport-3.mp3<\/a><\/audio>\n<h2><\/h2>\n<h2><span style=\"color: #ff0000;\"><span style=\"color: #0000ff;\">ULTIM&#8217;ORA<\/span> AUDIO dalle sette del mattino, ogni ora alla radio EDIZIONE DELLE SETTE<\/span><\/h2>\n<audio class=\"wp-audio-shortcode\" id=\"audio-422914-8\" preload=\"none\" style=\"width: 100%;\" controls=\"controls\"><source type=\"audio\/mpeg\" src=\"https:\/\/www.radiopiu.net\/wordpress\/wp-content\/uploads\/2024\/12\/giornale07-7.mp3?_=8\" \/><a href=\"https:\/\/www.radiopiu.net\/wordpress\/wp-content\/uploads\/2024\/12\/giornale07-7.mp3\">https:\/\/www.radiopiu.net\/wordpress\/wp-content\/uploads\/2024\/12\/giornale07-7.mp3<\/a><\/audio>\n<p>&nbsp;<\/p>\n<p>&nbsp;<\/p>\n<hr \/>\n<p>&nbsp;<\/p>\n<p>&nbsp;<\/p>\n<h1><span style=\"color: #ff0000;\"><a class=\"dt-pswp-item\" href=\"https:\/\/www.radiopiu.net\/wordpress\/wp-content\/uploads\/2024\/11\/8.jpg\" data-dt-img-description=\"\" data-large_image_width=\"180\" data-large_image_height=\"180\"><img loading=\"lazy\" decoding=\"async\" class=\"size-full wp-image-417910 alignleft\" src=\"https:\/\/www.radiopiu.net\/wordpress\/wp-content\/uploads\/2024\/11\/8.jpg\" alt=\"\" width=\"180\" height=\"180\" srcset=\"https:\/\/www.radiopiu.net\/wordpress\/wp-content\/uploads\/2024\/11\/8.jpg 180w, https:\/\/www.radiopiu.net\/wordpress\/wp-content\/uploads\/2024\/11\/8-150x150.jpg 150w\" sizes=\"auto, (max-width: 180px) 100vw, 180px\" \/><\/a>I podcast informativi del mattino &#8211; video &#8211;\u00a0<\/span><\/h1>\n<h2 style=\"text-align: left;\"><strong>RASSEGNA STAMPA LOCALE, ORE OTTO<\/strong><\/h2>\n<h2><strong> <span style=\"color: #0000ff;\">viene\u00a0 <\/span><\/strong><strong><span style=\"color: #0000ff;\">pubblicata alle 8.05 <span style=\"color: #ff0000;\">DIRETTA RADIO\u00a0 \u00a0<\/span><\/span><\/strong><strong>DI MIRKO MEZZACASA<\/strong><\/h2>\n<h2><span style=\"color: #ff0000;\"><strong>\u00a0<\/strong><\/span><\/h2>\n<h2><span style=\"color: #ff0000;\"><strong>\u00a0<\/strong><\/span><\/h2>\n<h1><span style=\"color: #ff0000;\"><strong>VIDEO\u00a0 \u00a0in diretta dalle 8 del mattino\u00a0 \u00a0per ASCOLTARE <\/strong><\/span><\/h1>\n<blockquote>\n<h1 style=\"text-align: center;\"><a href=\"https:\/\/www.facebook.com\/radiopiu\/videos\/490778010083749\">CLICCA QUI<\/a><\/h1>\n<\/blockquote>\n<p><a class=\"dt-pswp-item\" href=\"https:\/\/www.radiopiu.net\/wordpress\/wp-content\/uploads\/2024\/11\/coop1-1.png\" data-dt-img-description=\"\" data-large_image_width=\"602\" data-large_image_height=\"375\">\u00a0<\/a><\/p>\n\n\t\t\t<style type='text\/css'>\n\t\t\t\t#gallery-1 {\n\t\t\t\t\tmargin: auto;\n\t\t\t\t}\n\t\t\t\t#gallery-1 .gallery-item {\n\t\t\t\t\tfloat: left;\n\t\t\t\t\tmargin-top: 10px;\n\t\t\t\t\ttext-align: center;\n\t\t\t\t\twidth: 33%;\n\t\t\t\t}\n\t\t\t\t#gallery-1 img {\n\t\t\t\t\tborder: 2px solid #cfcfcf;\n\t\t\t\t}\n\t\t\t\t#gallery-1 .gallery-caption {\n\t\t\t\t\tmargin-left: 0;\n\t\t\t\t}\n\t\t\t\t\/* see gallery_shortcode() in wp-includes\/media.php *\/\n\t\t\t<\/style>\n\t\t<div id='gallery-1' class='dt-gallery-container gallery galleryid-422914 gallery-columns-3 gallery-size-medium'><dl class='gallery-item'>\n\t\t\t\t<dt class='gallery-icon portrait'>\n\t\t\t\t\t<a class=\"rollover rollover-zoom dt-pswp-item\" title=\"COOP2\" data-dt-img-description=\"\" data-large_image_width=\"217\" data-large_image_height=\"219\"href='https:\/\/www.radiopiu.net\/wordpress\/wp-content\/uploads\/2024\/12\/COOP2-1.png'><img loading=\"lazy\" decoding=\"async\" width=\"217\" height=\"219\" src=\"https:\/\/www.radiopiu.net\/wordpress\/wp-content\/uploads\/2024\/12\/COOP2-1.png\" class=\"attachment-medium size-medium\" alt=\"\" srcset=\"https:\/\/www.radiopiu.net\/wordpress\/wp-content\/uploads\/2024\/12\/COOP2-1.png 217w, https:\/\/www.radiopiu.net\/wordpress\/wp-content\/uploads\/2024\/12\/COOP2-1-150x150.png 150w\" sizes=\"auto, (max-width: 217px) 100vw, 217px\" \/><\/a>\n\t\t\t\t<\/dt><\/dl><dl class='gallery-item'>\n\t\t\t\t<dt class='gallery-icon landscape'>\n\t\t\t\t\t<a class=\"rollover rollover-zoom dt-pswp-item\" title=\"coop1\" data-dt-img-description=\"\" data-large_image_width=\"501\" data-large_image_height=\"322\"href='https:\/\/www.radiopiu.net\/wordpress\/wp-content\/uploads\/2024\/12\/coop1-1.png'><img loading=\"lazy\" decoding=\"async\" width=\"300\" height=\"193\" src=\"https:\/\/www.radiopiu.net\/wordpress\/wp-content\/uploads\/2024\/12\/coop1-1-300x193.png\" class=\"attachment-medium size-medium\" alt=\"\" srcset=\"https:\/\/www.radiopiu.net\/wordpress\/wp-content\/uploads\/2024\/12\/coop1-1-300x193.png 300w, https:\/\/www.radiopiu.net\/wordpress\/wp-content\/uploads\/2024\/12\/coop1-1.png 501w\" sizes=\"auto, (max-width: 300px) 100vw, 300px\" \/><\/a>\n\t\t\t\t<\/dt><\/dl>\n\t\t\t\t<br style='clear: both' \/>\n\t\t\t<\/div>\n\n<p>&nbsp;<\/p>\n<hr \/>\n<p>&nbsp;<\/p>\n<p>&nbsp;<\/p>\n<p>&nbsp;<\/p>\n<p><strong><a class=\"dt-pswp-item\" href=\"https:\/\/www.radiopiu.net\/wordpress\/wp-content\/uploads\/2023\/12\/ANTENNA.png\" data-dt-img-description=\"\" data-large_image_width=\"300\" data-large_image_height=\"166\"><img loading=\"lazy\" decoding=\"async\" class=\"wp-image-366306 alignright\" src=\"https:\/\/www.radiopiu.net\/wordpress\/wp-content\/uploads\/2023\/12\/ANTENNA.png\" alt=\"\" width=\"101\" height=\"56\" \/><\/a><a class=\"dt-pswp-item\" href=\"https:\/\/www.radiopiu.net\/wordpress\/wp-content\/uploads\/2024\/11\/th-17.jpg\" data-dt-img-description=\"\" data-large_image_width=\"224\" data-large_image_height=\"180\"><img loading=\"lazy\" decoding=\"async\" class=\" wp-image-421610 alignleft\" src=\"https:\/\/www.radiopiu.net\/wordpress\/wp-content\/uploads\/2024\/11\/th-17.jpg\" alt=\"\" width=\"167\" height=\"134\" \/><\/a>ogni sera alle 19 le anticipazioni alla radio, quello che poi seguirete nel TELEGIORNALE BELLUNESE\u00a0 in onda alle 19.30 sul CANALE 10 del digitale terrestre.\u00a0\u00a0<\/strong><\/p>\n<p>&nbsp;<\/p>\n<p>&nbsp;<\/p>\n<p>&nbsp;<\/p>\n<p><strong><img loading=\"lazy\" decoding=\"async\" class=\"alignright\" src=\"https:\/\/www.radiopiu.net\/wordpress\/wp-content\/uploads\/2024\/12\/21f1d060-0d0a-4e4f-bf91-07e6a4dd25c2-300x300.webp\" width=\"168\" height=\"168\" \/>LE ANTICIPAZIONI DAL TG DI ANTENNA 3 DI STEFANO BOZZI<\/strong><\/p>\n<p>NUMERO CHIUSO A CORTINA, NELLA ANTICIPAZIONI DEL TG DI ANTENNA 3<\/p>\n<p><strong>CORTINA<\/strong> Turisti a numero chiuso per le Olimpiadi? E&#8217; l&#8217;argomento in discussione da oggi a Cortina. Se ne occupa alle 19.30 il tg di ANTENNA 3,<\/p>\n<p><strong>Le anticipazioni alla radio di Stefano Bozzi (ogni sera alle 19)<\/strong><\/p>\n<audio class=\"wp-audio-shortcode\" id=\"audio-422914-9\" preload=\"none\" style=\"width: 100%;\" controls=\"controls\"><source type=\"audio\/mpeg\" src=\"https:\/\/www.radiopiu.net\/wordpress\/wp-content\/uploads\/2024\/12\/ANTENNA3-2.mp3?_=9\" \/><a href=\"https:\/\/www.radiopiu.net\/wordpress\/wp-content\/uploads\/2024\/12\/ANTENNA3-2.mp3\">https:\/\/www.radiopiu.net\/wordpress\/wp-content\/uploads\/2024\/12\/ANTENNA3-2.mp3<\/a><\/audio>\n<p>&nbsp;<\/p>\n<p>&nbsp;<\/p>\n<hr \/>\n<p>&nbsp;<\/p>\n<blockquote>\n<h3><img loading=\"lazy\" decoding=\"async\" class=\"alignleft\" src=\"https:\/\/www.radiopiu.net\/wordpress\/wp-content\/uploads\/2020\/05\/VENETO-STRADE-300x300.png\" width=\"89\" height=\"89\" \/>CHIUSURA A FASCE ORARIE DELLA 563 DI SALESEI<\/h3>\n<\/blockquote>\n<p><strong>LIVINALLONGO\u00a0<\/strong> Fino al 7 dicembre, tre giorni di interdizione totale (a fasce orarie) lungo la 563 di Salesei, in localit\u00e0 Costa di Salesei. CHIUSURA in entrambi i sensi di marcia dalle 8.15 alle 12.35 e dalle 13.35 alle 16.15<\/p>\n<p>&nbsp;<\/p>\n<p>&nbsp;<\/p>\n<p>&nbsp;<\/p>\n<hr \/>\n<p>&nbsp;<\/p>\n<blockquote>\n<h2>Santa Barbara 2024: Una giornata per celebrare il coraggio dei Vigili del Fuoco<\/h2>\n<\/blockquote>\n<p><strong>BELLUNO<\/strong><\/p>\n<div class=\"flex-1 overflow-hidden\">\n<div class=\"h-full\">\n<div class=\"react-scroll-to-bottom--css-hugrh-79elbk h-full\">\n<div class=\"react-scroll-to-bottom--css-hugrh-1n7m0yu\">\n<div class=\"flex flex-col text-sm md:pb-9\">\n<article class=\"w-full scroll-mb-[var(--thread-trailing-height,150px)] text-token-text-primary focus-visible:outline-2 focus-visible:outline-offset-[-4px]\" dir=\"auto\" data-testid=\"conversation-turn-109\" data-scroll-anchor=\"true\">\n<div class=\"m-auto text-base py-[18px] px-3 md:px-4 w-full md:px-5 lg:px-4 xl:px-5\">\n<div class=\"mx-auto flex flex-1 gap-4 text-base md:gap-5 lg:gap-6 md:max-w-3xl lg:max-w-[40rem] xl:max-w-[48rem]\">\n<div class=\"group\/conversation-turn relative flex w-full min-w-0 flex-col agent-turn\">\n<div class=\"flex-col gap-1 md:gap-3\">\n<div class=\"flex max-w-full flex-col flex-grow\">\n<div class=\"min-h-8 text-message flex w-full flex-col items-end gap-2 whitespace-normal break-words [.text-message+&amp;]:mt-5\" dir=\"auto\" data-message-author-role=\"assistant\" data-message-id=\"d6fb80ba-827a-46f5-bad1-aa1516bde15b\" data-message-model-slug=\"gpt-4o\">\n<div class=\"flex w-full flex-col gap-1 empty:hidden first:pt-[3px]\">\n<div class=\"markdown prose w-full break-words dark:prose-invert dark\">\n<p><a href=\"https:\/\/www.radiopiu.net\/wordpress\/wp-content\/uploads\/2024\/12\/1ea24583-89e8-4ad6-8f8e-1697f9ed0792.webp\"><img loading=\"lazy\" decoding=\"async\" class=\"size-medium wp-image-423026 alignleft\" src=\"https:\/\/www.radiopiu.net\/wordpress\/wp-content\/uploads\/2024\/12\/1ea24583-89e8-4ad6-8f8e-1697f9ed0792-300x300.webp\" alt=\"\" width=\"300\" height=\"300\" srcset=\"https:\/\/www.radiopiu.net\/wordpress\/wp-content\/uploads\/2024\/12\/1ea24583-89e8-4ad6-8f8e-1697f9ed0792-300x300.webp 300w, https:\/\/www.radiopiu.net\/wordpress\/wp-content\/uploads\/2024\/12\/1ea24583-89e8-4ad6-8f8e-1697f9ed0792-150x150.webp 150w, https:\/\/www.radiopiu.net\/wordpress\/wp-content\/uploads\/2024\/12\/1ea24583-89e8-4ad6-8f8e-1697f9ed0792-768x768.webp 768w, https:\/\/www.radiopiu.net\/wordpress\/wp-content\/uploads\/2024\/12\/1ea24583-89e8-4ad6-8f8e-1697f9ed0792.webp 1024w\" sizes=\"auto, (max-width: 300px) 100vw, 300px\" \/><\/a>Ieri 4 dicembre, i Vigili del Fuoco italiani hanno reso omaggio a Santa Barbara, loro Patrona e simbolo di coraggio e dedizione. In tutto il Paese, cerimonie celebrative onorano il lavoro straordinario degli uomini e delle donne del Corpo, che affrontano quotidianamente situazioni di emergenza con determinazione e professionalit\u00e0.<\/p>\n<p>Nel Veneto, dal dicembre 2023 al novembre 2024, i Vigili del Fuoco hanno effettuato <strong>47.076 interventi di soccorso<\/strong>, con un incremento del 4,7% rispetto all\u2019anno precedente. Tra le operazioni pi\u00f9 rilevanti, incendi complessi e calamit\u00e0 naturali, come i roghi in Grecia e l&#8217;alluvione in Emilia Romagna, hanno messo alla prova la colonna mobile regionale.<\/p>\n<p>La giornata di Santa Barbara \u00e8 anche occasione per riflettere sull\u2019impatto del lavoro svolto: dai soccorsi stradali alla ricerca di persone scomparse, fino agli interventi specialistici di volo e sommozzatori. Un bilancio che testimonia l\u2019indispensabile contributo dei Vigili del Fuoco alla sicurezza delle comunit\u00e0.<\/p>\n<blockquote><p>Incremento degli interventi per soccorsi e salvataggi pari 9039 con un aumento pari a 695 operazioni di soccorso, tra cui rientra l\u2019attivit\u00e0 di ricerca persone secondo i piani delle prefetture. I Vigili del fuoco negli ultimi 12 mesi sono intervenuti per 176 ricerche persone in regione, cos\u00ec ripartiti: Treviso 41, Belluno 36, Padova 27, Vicenza 23, Venezia 21, Verona 20, Rovigo 8. Rispetto allo scorso anno c\u2019\u00e8 stato un incremento di 69 casi in pi\u00f9.<\/p><\/blockquote>\n<\/div>\n<\/div>\n<\/div>\n<\/div>\n<\/div>\n<\/div>\n<\/div>\n<\/div>\n<\/article>\n<\/div>\n<\/div>\n<\/div>\n<\/div>\n<\/div>\n<div class=\"md:pt-0 dark:border-white\/20 md:border-transparent md:dark:border-transparent w-full\">\n<div class=\"m-auto text-base px-3 md:px-4 w-full md:px-5 lg:px-4 xl:px-5\">\n<div class=\"mx-auto flex flex-1 gap-4 text-base md:gap-5 lg:gap-6 md:max-w-3xl lg:max-w-[40rem] xl:max-w-[48rem]\">\n<div class=\"flex justify-center\">\n<h1 class=\"_title post-title entry-title\"><\/h1>\n<h1><\/h1>\n<h1 class=\"_title post-title entry-title\"><a class=\"dt-pswp-item\" href=\"https:\/\/www.radiopiu.net\/wordpress\/wp-content\/uploads\/2023\/12\/ANTENNA.png\" data-dt-img-description=\"\" data-large_image_width=\"300\" data-large_image_height=\"166\"><img loading=\"lazy\" decoding=\"async\" class=\" wp-image-366306 alignleft\" src=\"https:\/\/www.radiopiu.net\/wordpress\/wp-content\/uploads\/2023\/12\/ANTENNA.png\" alt=\"\" width=\"148\" height=\"82\" \/><\/a>VIGILI DEL FUOCO, IN PROVINCIA 4861 INTERVENTI<\/h1>\n<\/div>\n<\/div>\n<\/div>\n<\/div>\n<p>Intervistati MATTEO CARRETTO (COMANDANTE PROVINCIALE VIGILI DEL FUOCO BELLUNO) (Servizio di\u00a0<a href=\"https:\/\/antennatre.medianordest.it\/redazione\/Stefano-Bozzi\/\">Stefano Bozzi<\/a>)<\/p>\n<p><iframe loading=\"lazy\" title=\"VIGILI DEL FUOCO, IN PROVINCIA 4861 INTERVENTI | 04\/12\/2024\" width=\"1200\" height=\"675\" src=\"https:\/\/www.youtube.com\/embed\/KqFk6p2CPGo?feature=oembed\" frameborder=\"0\" allow=\"accelerometer; autoplay; clipboard-write; encrypted-media; gyroscope; picture-in-picture; web-share\" referrerpolicy=\"strict-origin-when-cross-origin\" allowfullscreen><\/iframe><\/p>\n<p>&nbsp;<\/p>\n<p>&nbsp;<\/p>\n<hr \/>\n<p><strong><em>\u00a0<\/em><\/strong><\/p>\n<p><strong><em>LA GIUDIZIARIA OGGI<\/em><\/strong><br \/>\n<strong><em>CORRIERE DELLE ALPI<\/em><\/strong><br \/>\n<strong><em>GIGI SOSSO, SINTESI<\/em><\/strong><\/p>\n<blockquote>\n<h3><a href=\"https:\/\/www.radiopiu.net\/wordpress\/wp-content\/uploads\/2024\/12\/6309d421-7f3e-4b8f-8d7a-9e4f0942bfdd.webp\"><img loading=\"lazy\" decoding=\"async\" class=\" wp-image-423019 alignleft\" src=\"https:\/\/www.radiopiu.net\/wordpress\/wp-content\/uploads\/2024\/12\/6309d421-7f3e-4b8f-8d7a-9e4f0942bfdd-300x300.webp\" alt=\"\" width=\"194\" height=\"194\" srcset=\"https:\/\/www.radiopiu.net\/wordpress\/wp-content\/uploads\/2024\/12\/6309d421-7f3e-4b8f-8d7a-9e4f0942bfdd-300x300.webp 300w, https:\/\/www.radiopiu.net\/wordpress\/wp-content\/uploads\/2024\/12\/6309d421-7f3e-4b8f-8d7a-9e4f0942bfdd-150x150.webp 150w, https:\/\/www.radiopiu.net\/wordpress\/wp-content\/uploads\/2024\/12\/6309d421-7f3e-4b8f-8d7a-9e4f0942bfdd-768x768.webp 768w, https:\/\/www.radiopiu.net\/wordpress\/wp-content\/uploads\/2024\/12\/6309d421-7f3e-4b8f-8d7a-9e4f0942bfdd.webp 1024w\" sizes=\"auto, (max-width: 194px) 100vw, 194px\" \/><\/a>Cortina: Produttore di Amarone sotto processo per guida in stato di ebbrezza<\/h3>\n<\/blockquote>\n<p>Un produttore di Amarone, dopo una degustazione a Cortina, \u00e8 sotto processo per guida in stato di ebbrezza. L&#8217;alcoltest ha rilevato un tasso alcolemico oltre il limite penale. La difesa contesta l&#8217;omologazione dell&#8217;etilometro e l&#8217;influenza di una terapia medica. Sentenza attesa per marzo.<\/p>\n<blockquote>\n<h3>Violenza in famiglia: genitori a processo, la testimonianza della figlia<\/h3>\n<\/blockquote>\n<p><strong>BELLUNO<\/strong> Una ragazza bellunese di 16 anni ha denunciato anni di maltrattamenti subiti in famiglia. Il padre \u00e8 accusato di violenze psicologiche e fisiche, mentre la madre avrebbe omesso di intervenire. Il processo, seguito dal Tribunale dei Minori, \u00e8 stato rinviato a settembre per nuove testimonianze.<\/p>\n<blockquote>\n<h3>Furti e Danni in Duomo: Due Condanne<\/h3>\n<\/blockquote>\n<p><strong>FELTRE<\/strong> Matteo Lise e Sharon Cazzetta sono stati condannati rispettivamente a otto e sei mesi per furti e danni al Duomo di Belluno. La refurtiva, inclusi microfoni e oggetti sacri, \u00e8 stata recuperata. I due, identificati grazie alle telecamere, avevano anche danneggiato una statua storica.<\/p>\n<div class=\"flex max-w-full flex-col flex-grow\">\n<div class=\"min-h-8 text-message flex w-full flex-col items-end gap-2 whitespace-normal break-words [.text-message+&amp;]:mt-5\" dir=\"auto\" data-message-author-role=\"assistant\" data-message-id=\"b717b8b2-fb85-416a-948e-6efbf70b7433\" data-message-model-slug=\"gpt-4o\">\n<div class=\"flex w-full flex-col gap-1 empty:hidden first:pt-[3px]\">\n<div class=\"markdown prose w-full break-words dark:prose-invert dark\">\n<blockquote>\n<h3><strong>Schianto a Valle di Cadore: conducente positivo all\u2019alcoltest, lavori socialmente utili in programma<\/strong><\/h3>\n<\/blockquote>\n<p><strong>VALLE DI CADORE<\/strong>\u00a0Uno schianto nel 2021 a Valle di Cadore ha causato cinque feriti. Il conducente, positivo all\u2019alcoltest, ha chiesto la messa alla prova: dieci mesi di lavori socialmente utili e 2.000 euro a un\u2019associazione. Se completato, il reato sar\u00e0 estinto. Sentenza attesa per dicembre 2024.<\/p>\n<\/div>\n<\/div>\n<\/div>\n<\/div>\n<div class=\"mb-2 flex gap-3 empty:hidden -ml-2\">\n<div class=\"items-center justify-start rounded-xl p-1 flex\">\n<div class=\"flex items-center\"><\/div>\n<div><\/div>\n<div>\n<hr \/>\n<\/div>\n<div><a href=\"https:\/\/www.radiopiu.net\/wordpress\/wp-content\/uploads\/2024\/12\/81343434-8f5c-4e3c-a832-221cbcdc8bf6.webp\"><img loading=\"lazy\" decoding=\"async\" class=\" wp-image-423016 alignleft\" src=\"https:\/\/www.radiopiu.net\/wordpress\/wp-content\/uploads\/2024\/12\/81343434-8f5c-4e3c-a832-221cbcdc8bf6-300x300.webp\" alt=\"\" width=\"153\" height=\"153\" srcset=\"https:\/\/www.radiopiu.net\/wordpress\/wp-content\/uploads\/2024\/12\/81343434-8f5c-4e3c-a832-221cbcdc8bf6-300x300.webp 300w, https:\/\/www.radiopiu.net\/wordpress\/wp-content\/uploads\/2024\/12\/81343434-8f5c-4e3c-a832-221cbcdc8bf6-150x150.webp 150w, https:\/\/www.radiopiu.net\/wordpress\/wp-content\/uploads\/2024\/12\/81343434-8f5c-4e3c-a832-221cbcdc8bf6-768x768.webp 768w, https:\/\/www.radiopiu.net\/wordpress\/wp-content\/uploads\/2024\/12\/81343434-8f5c-4e3c-a832-221cbcdc8bf6.webp 1024w\" sizes=\"auto, (max-width: 153px) 100vw, 153px\" \/><\/a><\/div>\n<\/div>\n<div>\n<blockquote>\n<h1>Alemagna: Lavori tra Farfalle e Aglio Orsino<\/h1>\n<\/blockquote>\n<p><strong>CADORE<\/strong><\/p>\n<div class=\"flex max-w-full flex-col flex-grow\">\n<div class=\"min-h-8 text-message flex w-full flex-col items-end gap-2 whitespace-normal break-words [.text-message+&amp;]:mt-5\" dir=\"auto\" data-message-author-role=\"assistant\" data-message-id=\"f5a1eeb4-452b-4572-a465-2856fd032be2\" data-message-model-slug=\"gpt-4o\">\n<div class=\"flex w-full flex-col gap-1 empty:hidden first:pt-[3px]\">\n<div class=\"markdown prose w-full break-words dark:prose-invert dark\">\n<p>Le varianti in corso lungo l\u2019Alemagna si sono fermate per tutelare farfalle e aglio orsino. Il ministro Salvini ha sottolineato l&#8217;assurdit\u00e0 di certi ritardi durante un sopralluogo, auspicando soluzioni legislative. Intanto, i lavori procedono, rispettando ambiente e cronoprogramma.<\/p>\n<\/div>\n<\/div>\n<\/div>\n<\/div>\n<\/div>\n<div><\/div>\n<div><\/div>\n<\/div>\n<hr \/>\n<p>&nbsp;<\/p>\n<blockquote>\n<h3>EDIM QUERO: SCONGIURATI I LICENZIAMENTI<\/h3>\n<\/blockquote>\n<p><strong><a class=\"dt-pswp-item\" href=\"https:\/\/www.radiopiu.net\/wordpress\/wp-content\/uploads\/2023\/04\/PADRIN.jpeg\" data-dt-img-description=\"\" data-large_image_width=\"1110\" data-large_image_height=\"648\"><img loading=\"lazy\" decoding=\"async\" class=\" wp-image-330720 alignleft\" src=\"https:\/\/www.radiopiu.net\/wordpress\/wp-content\/uploads\/2023\/04\/PADRIN-300x175.jpeg\" alt=\"\" width=\"228\" height=\"133\" srcset=\"https:\/\/www.radiopiu.net\/wordpress\/wp-content\/uploads\/2023\/04\/PADRIN-300x175.jpeg 300w, https:\/\/www.radiopiu.net\/wordpress\/wp-content\/uploads\/2023\/04\/PADRIN-1024x598.jpeg 1024w, https:\/\/www.radiopiu.net\/wordpress\/wp-content\/uploads\/2023\/04\/PADRIN-768x448.jpeg 768w, https:\/\/www.radiopiu.net\/wordpress\/wp-content\/uploads\/2023\/04\/PADRIN.jpeg 1110w\" sizes=\"auto, (max-width: 228px) 100vw, 228px\" \/><\/a>BELLUNO<\/strong> La Edim di Quero ha scongiurato i licenziamenti grazie a un accordo tra azienda, sindacati e istituzioni, che prevede cassa integrazione, incentivi volontari e supporto alla riqualificazione e ricollocamento dei lavoratori. Il presidente della Provincia di Belluno, Roberto Padrin, ha definito l\u2019iniziativa un esempio di responsabilit\u00e0 sociale e un modello replicabile in altre crisi aziendali. Fondamentale \u00e8 stato il ruolo di sindacati, Confindustria e l\u2019Unit\u00e0 di Crisi della Regione Veneto. Padrin sottolinea l\u2019importanza della formazione e della riqualificazione per affrontare le difficolt\u00e0 e rispondere alle esigenze delle aziende manifatturiere locali in cerca di personale, mantenendo alta l\u2019attenzione su altre realt\u00e0 critiche come la Ceramica di Borgo Valbelluna.<\/p>\n<p><a class=\"dt-pswp-item\" href=\"https:\/\/www.radiopiu.net\/wordpress\/wp-content\/uploads\/2022\/06\/CERAMICA-DOLOMITE.jpg\" data-dt-img-description=\"\" data-large_image_width=\"408\" data-large_image_height=\"200\"><img loading=\"lazy\" decoding=\"async\" class=\"alignnone size-medium wp-image-280750\" src=\"https:\/\/www.radiopiu.net\/wordpress\/wp-content\/uploads\/2022\/06\/CERAMICA-DOLOMITE-300x147.jpg\" alt=\"\" width=\"300\" height=\"147\" srcset=\"https:\/\/www.radiopiu.net\/wordpress\/wp-content\/uploads\/2022\/06\/CERAMICA-DOLOMITE-300x147.jpg 300w, https:\/\/www.radiopiu.net\/wordpress\/wp-content\/uploads\/2022\/06\/CERAMICA-DOLOMITE.jpg 408w\" sizes=\"auto, (max-width: 300px) 100vw, 300px\" \/><\/a><\/p>\n<hr \/>\n<p>&nbsp;<\/p>\n<blockquote>\n<h3><\/h3>\n<h3><a class=\"dt-pswp-item\" href=\"https:\/\/www.radiopiu.net\/wordpress\/wp-content\/uploads\/2024\/07\/CERAMICA-DOLOMITE.png\" data-dt-img-description=\"\" data-large_image_width=\"914\" data-large_image_height=\"560\"><img loading=\"lazy\" decoding=\"async\" class=\"wp-image-400547 alignleft\" src=\"https:\/\/www.radiopiu.net\/wordpress\/wp-content\/uploads\/2024\/07\/CERAMICA-DOLOMITE-300x184.png\" alt=\"\" width=\"153\" height=\"94\" srcset=\"https:\/\/www.radiopiu.net\/wordpress\/wp-content\/uploads\/2024\/07\/CERAMICA-DOLOMITE-300x184.png 300w, https:\/\/www.radiopiu.net\/wordpress\/wp-content\/uploads\/2024\/07\/CERAMICA-DOLOMITE-768x471.png 768w, https:\/\/www.radiopiu.net\/wordpress\/wp-content\/uploads\/2024\/07\/CERAMICA-DOLOMITE.png 914w\" sizes=\"auto, (max-width: 153px) 100vw, 153px\" \/><\/a>Ceramica Dolomite: Cassa Integrazione e Incognite sul Futuro<\/h3>\n<\/blockquote>\n<p><strong>BORGO VALBELLUNA<\/strong> La Ceramica Dolomite di Borgo Valbelluna affronta un periodo critico: confermate 13 settimane di cassa integrazione ordinaria, dal 14 dicembre a met\u00e0 gennaio, e ritirati i 45 esuberi previsti. Incerta la liquidit\u00e0 dei soci e il piano industriale. Il pagamento di dicembre \u00e8 garantito, ma la tredicesima rimane dubbia. Sindacati, vertici aziendali e istituzioni locali si incontreranno il 19 dicembre con l\u2019assessore regionale Mantovan per fare chiarezza sul futuro dell&#8217;azienda.<\/p>\n<p>&nbsp;<\/p>\n<p>&nbsp;<\/p>\n<hr \/>\n<blockquote><p><a class=\"dt-pswp-item\" href=\"https:\/\/www.radiopiu.net\/wordpress\/wp-content\/uploads\/2022\/06\/CERAMICA-DOLOMITE.jpg\" data-dt-img-description=\"\" data-large_image_width=\"408\" data-large_image_height=\"200\"><img loading=\"lazy\" decoding=\"async\" class=\"size-medium wp-image-280750 alignleft\" src=\"https:\/\/www.radiopiu.net\/wordpress\/wp-content\/uploads\/2022\/06\/CERAMICA-DOLOMITE-300x147.jpg\" alt=\"\" width=\"300\" height=\"147\" srcset=\"https:\/\/www.radiopiu.net\/wordpress\/wp-content\/uploads\/2022\/06\/CERAMICA-DOLOMITE-300x147.jpg 300w, https:\/\/www.radiopiu.net\/wordpress\/wp-content\/uploads\/2022\/06\/CERAMICA-DOLOMITE.jpg 408w\" sizes=\"auto, (max-width: 300px) 100vw, 300px\" \/><\/a><\/p>\n<h3>IL 19 DICEMBRE IL TAVOLO REGIONALE PER IL RILANCIO DI CERAMICA DOLOMITE<\/h3>\n<\/blockquote>\n<p><strong>BORGO VALBELLUNA<\/strong> La prossima riunione del tavolo regionale per il rilancio di Ceramica Dolomite \u00e8 fissata per il 19 dicembre. L&#8217;azienda ha comunicato la fine anticipata della cassa integrazione straordinaria, ritenendo superate le criticit\u00e0 che ne avevano motivato l&#8217;uso. Ci\u00f2 elimina i previsti 45 esuberi e l\u2019esternalizzazione di alcune mansioni. Restano, per\u00f2, questioni critiche come la sostenibilit\u00e0 finanziaria per il 2025 e la definizione dei piani industriali e commerciali, attesi entro gennaio. Le OO.SS. esprimono preoccupazione per la richiesta di cassa integrazione ordinaria e la mancata anticipazione, che danneggiano i lavoratori. La riunione sar\u00e0 cruciale per discutere il futuro dell&#8217;azienda e il progetto di sviluppo del marchio Ceramica Dolomite.<\/p>\n<p>&nbsp;<\/p>\n<p>&nbsp;<\/p>\n<hr \/>\n<p>&nbsp;<\/p>\n<blockquote>\n<h3>IL COMUNE DI BELLUNO A BILBAO PER IL PROGETTO TIME OUT<\/h3>\n<\/blockquote>\n<p><strong><a class=\"dt-pswp-item\" href=\"https:\/\/www.radiopiu.net\/wordpress\/wp-content\/uploads\/2024\/12\/BILBAO.jpeg\" data-dt-img-description=\"\" data-large_image_width=\"1600\" data-large_image_height=\"1200\"><img loading=\"lazy\" decoding=\"async\" class=\" wp-image-422968 alignleft\" src=\"https:\/\/www.radiopiu.net\/wordpress\/wp-content\/uploads\/2024\/12\/BILBAO-300x225.jpeg\" alt=\"\" width=\"192\" height=\"144\" srcset=\"https:\/\/www.radiopiu.net\/wordpress\/wp-content\/uploads\/2024\/12\/BILBAO-300x225.jpeg 300w, https:\/\/www.radiopiu.net\/wordpress\/wp-content\/uploads\/2024\/12\/BILBAO-1024x768.jpeg 1024w, https:\/\/www.radiopiu.net\/wordpress\/wp-content\/uploads\/2024\/12\/BILBAO-768x576.jpeg 768w, https:\/\/www.radiopiu.net\/wordpress\/wp-content\/uploads\/2024\/12\/BILBAO-1536x1152.jpeg 1536w, https:\/\/www.radiopiu.net\/wordpress\/wp-content\/uploads\/2024\/12\/BILBAO.jpeg 1600w\" sizes=\"auto, (max-width: 192px) 100vw, 192px\" \/><\/a>BELLUNO<\/strong> Il 18-19 novembre a Bilbao si \u00e8 tenuto il secondo incontro del progetto TIME OUT, finanziato da Erasmus+ e coordinato dall\u2019associazione italiana U.F.S. Phoenix. Il progetto mira a formare docenti di educazione fisica e allenatori sulle competenze trasversali basate sull&#8217;Intelligenza Emotiva. Durante l&#8217;incontro, seguito online da 40 partecipanti, \u00e8 stata presentata una piattaforma formativa suddivisa in 5 moduli, tra cui gestione dell&#8217;intelligenza emotiva e promozione di inclusivit\u00e0 nello sport. Ventina i partecipanti bellunesi collegati. L\u2019assessore Mazzoccoli ha evidenziato l\u2019importanza dello sport come strumento educativo e inclusivo. Il progetto si concluder\u00e0 entro il 2025 con un convegno a Belluno dedicato ai valori olimpici in vista di Milano-Cortina 2026.<\/p>\n<p>&nbsp;<\/p>\n<p>&nbsp;<\/p>\n<hr \/>\n<p>&nbsp;<\/p>\n<blockquote>\n<h3>LA NUOVA CITTADELLA DELLO SPORT A CALALZO DI CADORE<\/h3>\n<\/blockquote>\n<p><strong><a class=\"dt-pswp-item\" href=\"https:\/\/www.radiopiu.net\/wordpress\/wp-content\/uploads\/2020\/11\/SPORT.jpg\" data-dt-img-description=\"\" data-large_image_width=\"1920\" data-large_image_height=\"1280\"><img loading=\"lazy\" decoding=\"async\" class=\" wp-image-174730 alignleft\" src=\"https:\/\/www.radiopiu.net\/wordpress\/wp-content\/uploads\/2020\/11\/SPORT-300x200.jpg\" alt=\"\" width=\"138\" height=\"92\" srcset=\"https:\/\/www.radiopiu.net\/wordpress\/wp-content\/uploads\/2020\/11\/SPORT-300x200.jpg 300w, https:\/\/www.radiopiu.net\/wordpress\/wp-content\/uploads\/2020\/11\/SPORT-1024x683.jpg 1024w, https:\/\/www.radiopiu.net\/wordpress\/wp-content\/uploads\/2020\/11\/SPORT-768x512.jpg 768w, https:\/\/www.radiopiu.net\/wordpress\/wp-content\/uploads\/2020\/11\/SPORT-1536x1024.jpg 1536w, https:\/\/www.radiopiu.net\/wordpress\/wp-content\/uploads\/2020\/11\/SPORT.jpg 1920w\" sizes=\"auto, (max-width: 138px) 100vw, 138px\" \/><\/a>BELLUNO <\/strong>C\u2019\u00e8 la firma sia del sindaco di Calalzo Luca Fanton che del presidente del Comitato di Gestione del Fondo Comuni Confinanti Dario Bond sulla convenzione che d\u00e0 il \u201cvia libera\u201d alla nascita della nuova <em>Cittadella dello Sport<\/em> a Calalzo di Cadore. E\u2019 di questi giorni infatti l\u2019atto esecutivo che prevede di rendere realt\u00e0 entro la fine del 2027 il progetto strategico per il quale il Fondo ha erogato, in questa fase, un contributo di 2 milioni di euro.<\/p>\n<p><strong>DARIO BOND<\/strong><\/p>\n<audio class=\"wp-audio-shortcode\" id=\"audio-422914-10\" preload=\"none\" style=\"width: 100%;\" controls=\"controls\"><source type=\"audio\/mpeg\" src=\"https:\/\/www.radiopiu.net\/wordpress\/wp-content\/uploads\/2024\/12\/BOND-CALALZO.mp3?_=10\" \/><a href=\"https:\/\/www.radiopiu.net\/wordpress\/wp-content\/uploads\/2024\/12\/BOND-CALALZO.mp3\">https:\/\/www.radiopiu.net\/wordpress\/wp-content\/uploads\/2024\/12\/BOND-CALALZO.mp3<\/a><\/audio>\n<p>&nbsp;<\/p>\n<hr \/>\n<p>&nbsp;<\/p>\n<blockquote>\n<h3>UNA NUOVA CENTRALE TERMICA ALLA CASA DELLE ASSOCIAZIONI<\/h3>\n<\/blockquote>\n<p><strong><a class=\"dt-pswp-item\" href=\"https:\/\/www.radiopiu.net\/wordpress\/wp-content\/uploads\/2024\/12\/I-fautori-dei-lavori-nella-nuova-caldaia.jpg\" data-dt-img-description=\"\" data-large_image_width=\"2312\" data-large_image_height=\"1736\"><img loading=\"lazy\" decoding=\"async\" class=\" wp-image-422971 alignleft\" src=\"https:\/\/www.radiopiu.net\/wordpress\/wp-content\/uploads\/2024\/12\/I-fautori-dei-lavori-nella-nuova-caldaia-300x225.jpg\" alt=\"\" width=\"199\" height=\"149\" srcset=\"https:\/\/www.radiopiu.net\/wordpress\/wp-content\/uploads\/2024\/12\/I-fautori-dei-lavori-nella-nuova-caldaia-300x225.jpg 300w, https:\/\/www.radiopiu.net\/wordpress\/wp-content\/uploads\/2024\/12\/I-fautori-dei-lavori-nella-nuova-caldaia-1024x769.jpg 1024w, https:\/\/www.radiopiu.net\/wordpress\/wp-content\/uploads\/2024\/12\/I-fautori-dei-lavori-nella-nuova-caldaia-768x577.jpg 768w, https:\/\/www.radiopiu.net\/wordpress\/wp-content\/uploads\/2024\/12\/I-fautori-dei-lavori-nella-nuova-caldaia-1536x1153.jpg 1536w, https:\/\/www.radiopiu.net\/wordpress\/wp-content\/uploads\/2024\/12\/I-fautori-dei-lavori-nella-nuova-caldaia-2048x1538.jpg 2048w\" sizes=\"auto, (max-width: 199px) 100vw, 199px\" \/><\/a>BELLUNO<\/strong> Il Comune di Belluno ha completato i lavori di sostituzione della centrale termica nella Casa delle associazioni, garantendo un Natale \u201cal caldo\u201d per il Comitato d\u2019Intesa e altre realt\u00e0 di volontariato. L\u2019intervento, costato circa 30.000 euro, \u00e8 stato finanziato interamente dal Comune e ha migliorato il sistema di riscaldamento, eliminando dispersioni energetiche e riducendo i costi. La cerimonia di fine lavori, simbolicamente svolta nella settimana della Giornata internazionale del Volontariato, ha visto la partecipazione del presidente Gianluca Corsetti, dell\u2019assessore ai lavori pubblici Franco Roccon e di vari volontari. Corsetti ha ringraziato il Comune per l\u2019impegno, sottolineando come l\u2019intervento segua altri progetti mirati a migliorare l\u2019edificio, come la realizzazione di sale riunioni e l\u2019installazione di un ascensore. L\u2019edificio, in comodato d\u2019uso al Comitato dal 1996, \u00e8 stato progressivamente ristrutturato per garantire accessibilit\u00e0, sicurezza e spazi ottimali per le associazioni, affermandosi come luogo di aggregazione e collaborazione tra diverse realt\u00e0 del territorio.<\/p>\n<p>&nbsp;<\/p>\n<hr \/>\n<p>&nbsp;<\/p>\n<blockquote>\n<h2>IERI A VENEZIA, DA DOMANI IN CENTRO A BELLUNO<\/h2>\n<\/blockquote>\n<p><strong><a href=\"https:\/\/www.radiopiu.net\/wordpress\/wp-content\/uploads\/2024\/12\/f00acd88-30d8-40c9-ba01-245df236d941.webp\"><img loading=\"lazy\" decoding=\"async\" class=\" wp-image-422975 alignleft\" src=\"https:\/\/www.radiopiu.net\/wordpress\/wp-content\/uploads\/2024\/12\/f00acd88-30d8-40c9-ba01-245df236d941-300x300.webp\" alt=\"\" width=\"182\" height=\"182\" srcset=\"https:\/\/www.radiopiu.net\/wordpress\/wp-content\/uploads\/2024\/12\/f00acd88-30d8-40c9-ba01-245df236d941-300x300.webp 300w, https:\/\/www.radiopiu.net\/wordpress\/wp-content\/uploads\/2024\/12\/f00acd88-30d8-40c9-ba01-245df236d941-150x150.webp 150w, https:\/\/www.radiopiu.net\/wordpress\/wp-content\/uploads\/2024\/12\/f00acd88-30d8-40c9-ba01-245df236d941-768x768.webp 768w, https:\/\/www.radiopiu.net\/wordpress\/wp-content\/uploads\/2024\/12\/f00acd88-30d8-40c9-ba01-245df236d941.webp 1024w\" sizes=\"auto, (max-width: 182px) 100vw, 182px\" \/><\/a>VENEZIA<\/strong> Il consigliere regionale Silvia Cestaro ha presentato\u00a0 a palazzo Ferro Fini, la prima edizione di \u2018Natale a Belluno\u2019, in programma dal 6 dicembre 2024 al 6 gennaio 2025, un evento voluto dall\u2019amministrazione comunale e organizzato dalla societ\u00e0 \u2018Belluno Viva\u2019 srl, che si \u00e8 aggiudicata il bando triennale. Sono intervenuti, inoltre, il presidente di Confindustria Belluno, Lorraine Berton, accompagnata dal direttore Andrea Ferrazzi, il Sindaco di Belluno, Oscar De Pellegrin, l\u2019assessore comunale con delega al Turismo e alle Manifestazioni, Paolo Luciani, Mauro Topinelli in rappresentanza della societ\u00e0 \u2018Belluno Viva\u2019, con l\u2019architetto Francesco Soriani. Per un mese, Belluno vivr\u00e0 la magia del Natale, coinvolgendo cittadini e turisti, con diverse iniziative.<\/p>\n<p>&nbsp;<\/p>\n<p>&nbsp;<\/p>\n<hr \/>\n<p>&nbsp;<\/p>\n<div class=\"flex-shrink-0 flex flex-col relative items-end\">\n<div>\n<div class=\"pt-0\">\n<div class=\"gizmo-bot-avatar flex h-8 w-8 items-center justify-center overflow-hidden rounded-full\">\n<div class=\"relative p-1 rounded-sm flex items-center justify-center bg-token-main-surface-primary text-token-text-primary h-8 w-8\"><\/div>\n<\/div>\n<\/div>\n<\/div>\n<\/div>\n<div class=\"group\/conversation-turn relative flex w-full min-w-0 flex-col agent-turn\">\n<div class=\"flex-col gap-1 md:gap-3\">\n<div class=\"flex max-w-full flex-col flex-grow\">\n<div class=\"min-h-8 text-message flex w-full flex-col items-end gap-2 whitespace-normal break-words [.text-message+&amp;]:mt-5\" dir=\"auto\" data-message-author-role=\"assistant\" data-message-id=\"13383fec-7cc9-472e-a58d-fff6e89eb53b\" data-message-model-slug=\"gpt-4o\">\n<div class=\"flex w-full flex-col gap-1 empty:hidden first:pt-[3px]\">\n<div class=\"markdown prose w-full break-words dark:prose-invert dark\">\n<blockquote>\n<h3><strong><a class=\"dt-pswp-item\" href=\"https:\/\/www.radiopiu.net\/wordpress\/wp-content\/uploads\/2024\/12\/Senza-nome-27.png\" data-dt-img-description=\"\" data-large_image_width=\"242\" data-large_image_height=\"163\"><img loading=\"lazy\" decoding=\"async\" class=\" wp-image-422983 alignleft\" src=\"https:\/\/www.radiopiu.net\/wordpress\/wp-content\/uploads\/2024\/12\/Senza-nome-27.png\" alt=\"\" width=\"208\" height=\"140\" \/><\/a>Autonomia e Montagna: incontro a Belluno sulle nuove leggi<\/strong><\/h3>\n<\/blockquote>\n<p>Venerd\u00ec 6 dicembre alle 20.00, Sala Bianchi ospiter\u00e0 un incontro promosso dalla Lega con l\u2019Assessore Gianpaolo Bottacin, l\u2019On. Gianangelo Bof,\u00a0 Paolo Luciani e il segretario Andrea De Bernardin. Si discuter\u00e0 di autonomia differenziata e della legge sulla montagna, temi cruciali per il futuro del territorio bellunese.<\/p>\n<\/div>\n<\/div>\n<\/div>\n<\/div>\n<\/div>\n<\/div>\n<p>&nbsp;<\/p>\n<hr \/>\n<p>&nbsp;<\/p>\n<blockquote>\n<h2>Innovazione in Agricoltura: tra Tradizione e Tecnologia<\/h2>\n<\/blockquote>\n<p><strong>BELLUNO<\/strong><\/p>\n<p><a class=\"dt-pswp-item\" href=\"https:\/\/www.radiopiu.net\/wordpress\/wp-content\/uploads\/2024\/12\/bc58368c-6ca4-48cf-b22c-d14be31abdb2-scaled.jpg\" data-dt-img-description=\"\" data-large_image_width=\"2560\" data-large_image_height=\"1920\"><img loading=\"lazy\" decoding=\"async\" class=\" wp-image-422989 alignleft\" src=\"https:\/\/www.radiopiu.net\/wordpress\/wp-content\/uploads\/2024\/12\/bc58368c-6ca4-48cf-b22c-d14be31abdb2-300x225.jpg\" alt=\"\" width=\"235\" height=\"176\" srcset=\"https:\/\/www.radiopiu.net\/wordpress\/wp-content\/uploads\/2024\/12\/bc58368c-6ca4-48cf-b22c-d14be31abdb2-300x225.jpg 300w, https:\/\/www.radiopiu.net\/wordpress\/wp-content\/uploads\/2024\/12\/bc58368c-6ca4-48cf-b22c-d14be31abdb2-1024x768.jpg 1024w, https:\/\/www.radiopiu.net\/wordpress\/wp-content\/uploads\/2024\/12\/bc58368c-6ca4-48cf-b22c-d14be31abdb2-768x576.jpg 768w, https:\/\/www.radiopiu.net\/wordpress\/wp-content\/uploads\/2024\/12\/bc58368c-6ca4-48cf-b22c-d14be31abdb2-1536x1152.jpg 1536w, https:\/\/www.radiopiu.net\/wordpress\/wp-content\/uploads\/2024\/12\/bc58368c-6ca4-48cf-b22c-d14be31abdb2-2048x1536.jpg 2048w\" sizes=\"auto, (max-width: 235px) 100vw, 235px\" \/><\/a>Nella sede della Camera di Commercio di Treviso Belluno Dolomiti, il convegno <em>Innovazione in Agricoltura<\/em>, organizzato dal Centro Europe Direct Montagna Veneta, ha approfondito il ruolo della tecnologia e della PAC 2023-2027 nel settore agricolo. Interventi di esperti, come il prof. Enrico Sturaro, e testimonianze di realt\u00e0 locali, come la Cooperativa Pascolando, hanno sottolineato l&#8217;importanza della formazione per affiancare tradizione e innovazione, incoraggiando i giovani bellunesi a investire nell&#8217;agricoltura<\/p>\n<p>DI DANIELE DALVIT<\/p>\n<audio class=\"wp-audio-shortcode\" id=\"audio-422914-11\" preload=\"none\" style=\"width: 100%;\" controls=\"controls\"><source type=\"audio\/mpeg\" src=\"https:\/\/www.radiopiu.net\/wordpress\/wp-content\/uploads\/2024\/12\/Servizio-Convegno-innovazione-agricoltura-1.mp3?_=11\" \/><a href=\"https:\/\/www.radiopiu.net\/wordpress\/wp-content\/uploads\/2024\/12\/Servizio-Convegno-innovazione-agricoltura-1.mp3\">https:\/\/www.radiopiu.net\/wordpress\/wp-content\/uploads\/2024\/12\/Servizio-Convegno-innovazione-agricoltura-1.mp3<\/a><\/audio>\n<p>&nbsp;<\/p>\n<p>&nbsp;<\/p>\n<hr \/>\n<p>&nbsp;<\/p>\n<blockquote>\n<h3>L&#8217;ISTITUTO COMPRENSIVO DI FELTRE SI CONFERMA UN&#8217;ECCELLENZA<\/h3>\n<\/blockquote>\n<p><strong><a class=\"dt-pswp-item\" href=\"https:\/\/www.radiopiu.net\/wordpress\/wp-content\/uploads\/2024\/12\/th-1.jpg\" data-dt-img-description=\"\" data-large_image_width=\"320\" data-large_image_height=\"180\"><img loading=\"lazy\" decoding=\"async\" class=\"size-medium wp-image-422974 alignleft\" src=\"https:\/\/www.radiopiu.net\/wordpress\/wp-content\/uploads\/2024\/12\/th-1-300x169.jpg\" alt=\"\" width=\"300\" height=\"169\" srcset=\"https:\/\/www.radiopiu.net\/wordpress\/wp-content\/uploads\/2024\/12\/th-1-300x169.jpg 300w, https:\/\/www.radiopiu.net\/wordpress\/wp-content\/uploads\/2024\/12\/th-1.jpg 320w\" sizes=\"auto, (max-width: 300px) 100vw, 300px\" \/><\/a>FELTRE <\/strong>L\u2019Istituto Comprensivo di Feltre si conferma un\u2019eccellenza educativa, grazie a un\u2019offerta formativa diversificata e innovativa. Con il supporto dei fondi PNRR DM 65, ha attivato corsi di recupero, laboratori creativi e percorsi di lingua italiana per studenti stranieri, favorendo inclusione e multiculturalit\u00e0. Riconosciuto centro Cambridge, la scuola offre certificazioni linguistiche prestigiose e promuove le materie STEM con laboratori pratici su robotica, realt\u00e0 aumentata e problem-solving. Inoltre, iniziative come doposcuola personalizzati e attivit\u00e0 teatrali supportano il successo scolastico e lo sviluppo personale, consolidando il ruolo dell\u2019Istituto come punto di riferimento per un\u2019educazione di qualit\u00e0 e inclusiva.<\/p>\n<p>&nbsp;<\/p>\n<hr \/>\n<p>&nbsp;<\/p>\n<blockquote>\n<h2>OMCeO Belluno: Elezioni e Nuovo Consiglio Direttivo 2025-2028<\/h2>\n<\/blockquote>\n<p><strong>BELLUNO<\/strong><\/p>\n<p><a class=\"dt-pswp-item\" href=\"https:\/\/www.radiopiu.net\/wordpress\/wp-content\/uploads\/2024\/12\/Stefano-Capelli_edited.jpg\" data-dt-img-description=\"\" data-large_image_width=\"600\" data-large_image_height=\"800\"><img loading=\"lazy\" decoding=\"async\" class=\"size-medium wp-image-423007 alignleft\" src=\"https:\/\/www.radiopiu.net\/wordpress\/wp-content\/uploads\/2024\/12\/Stefano-Capelli_edited-225x300.jpg\" alt=\"\" width=\"225\" height=\"300\" srcset=\"https:\/\/www.radiopiu.net\/wordpress\/wp-content\/uploads\/2024\/12\/Stefano-Capelli_edited-225x300.jpg 225w, https:\/\/www.radiopiu.net\/wordpress\/wp-content\/uploads\/2024\/12\/Stefano-Capelli_edited.jpg 600w\" sizes=\"auto, (max-width: 225px) 100vw, 225px\" \/><\/a>Dopo un percorso lungo e inusuale, l\u2019Ordine dei Medici Chirurghi e Odontoiatri di Belluno ha eletto il nuovo Consiglio Direttivo per il quadriennio 2025-2028. Le votazioni si sono svolte con la presentazione di un\u2019unica lista per ciascun Albo \u2013 Medici e Odontoiatri \u2013 e per il Collegio dei Revisori.<\/p>\n<p>Il presidente uscente, dr. Stefano Capelli (foto), ha espresso gratitudine verso i colleghi che hanno dedicato tempo all\u2019Ordine, partecipando attivamente al processo elettorale. Un ringraziamento speciale \u00e8 stato rivolto alla Commissione Elettorale per il rigore dimostrato e alla Segreteria per il supporto impeccabile.<\/p>\n<p>Capelli ha sottolineato l\u2019importanza del rinnovamento, con un Consiglio che punta a una gestione dinamica e con una significativa componente femminile. Le cariche direttive saranno assegnate nel primo Consiglio, previsto entro otto giorni, con l\u2019entrata in carica ufficiale il 1\u00b0 gennaio 2025.<\/p>\n<h3><strong>Elezioni OMCeO Belluno: Collegio dei Revisori dei Conti e Commissione Albo Odontoiatri<\/strong><\/h3>\n<h4><strong>Collegio dei Revisori dei Conti \u2013 Candidati Eletti<\/strong><\/h4>\n<table>\n<thead>\n<tr>\n<th><strong>Cognome<\/strong><\/th>\n<th><strong>Nome<\/strong><\/th>\n<th><strong>Luogo di Nascita<\/strong><\/th>\n<th><strong>Data di Nascita<\/strong><\/th>\n<\/tr>\n<\/thead>\n<tbody>\n<tr>\n<td>Barbone<\/td>\n<td>Ersilia Angela<\/td>\n<td>L\u2019Aquila<\/td>\n<td>03\/03\/1962<\/td>\n<\/tr>\n<tr>\n<td>Tarroni<\/td>\n<td>Giovanni<\/td>\n<td>Bologna<\/td>\n<td>23\/01\/1957<\/td>\n<\/tr>\n<\/tbody>\n<\/table>\n<h5><strong>Candidato Supplente<\/strong><\/h5>\n<table>\n<thead>\n<tr>\n<th><strong>Cognome<\/strong><\/th>\n<th><strong>Nome<\/strong><\/th>\n<th><strong>Luogo di Nascita<\/strong><\/th>\n<th><strong>Data di Nascita<\/strong><\/th>\n<\/tr>\n<\/thead>\n<tbody>\n<tr>\n<td>Monari<\/td>\n<td>Marianna<\/td>\n<td>Medicina (BO)<\/td>\n<td>18\/10\/1981<\/td>\n<\/tr>\n<\/tbody>\n<\/table>\n<h4><strong>Commissione Albo Odontoiatri \u2013 Candidati Eletti<\/strong><\/h4>\n<table>\n<thead>\n<tr>\n<th><strong>Cognome<\/strong><\/th>\n<th><strong>Nome<\/strong><\/th>\n<th><strong>Luogo di Nascita<\/strong><\/th>\n<th><strong>Data di Nascita<\/strong><\/th>\n<\/tr>\n<\/thead>\n<tbody>\n<tr>\n<td>Chiesa<\/td>\n<td>Domenico<\/td>\n<td>Tezze sul Brenta (VI)<\/td>\n<td>15\/02\/1954<\/td>\n<\/tr>\n<tr>\n<td>Gallo<\/td>\n<td>Nicola<\/td>\n<td>Belluno<\/td>\n<td>28\/11\/1984<\/td>\n<\/tr>\n<tr>\n<td>Perini<\/td>\n<td>Alessandro<\/td>\n<td>Chioggia (VE)<\/td>\n<td>17\/10\/1970<\/td>\n<\/tr>\n<tr>\n<td>Tonon<\/td>\n<td>Giuliano<\/td>\n<td>Genova<\/td>\n<td>04\/12\/1946<\/td>\n<\/tr>\n<tr>\n<td>Zovi<\/td>\n<td>Alessandro<\/td>\n<td>Belluno<\/td>\n<td>20\/11\/1956<\/td>\n<\/tr>\n<\/tbody>\n<\/table>\n<p>&nbsp;<\/p>\n<hr \/>\n<p>&nbsp;<\/p>\n<p>&nbsp;<\/p>\n<p><a class=\"dt-pswp-item\" href=\"https:\/\/www.radiopiu.net\/wordpress\/wp-content\/uploads\/2024\/12\/edcd2685-50c9-429e-8d38-8fdc6bd52fb6.jpg\" data-dt-img-description=\"\" data-large_image_width=\"1131\" data-large_image_height=\"1600\"><img loading=\"lazy\" decoding=\"async\" class=\"aligncenter wp-image-423009 \" src=\"https:\/\/www.radiopiu.net\/wordpress\/wp-content\/uploads\/2024\/12\/edcd2685-50c9-429e-8d38-8fdc6bd52fb6-724x1024.jpg\" alt=\"\" width=\"417\" height=\"590\" srcset=\"https:\/\/www.radiopiu.net\/wordpress\/wp-content\/uploads\/2024\/12\/edcd2685-50c9-429e-8d38-8fdc6bd52fb6-724x1024.jpg 724w, https:\/\/www.radiopiu.net\/wordpress\/wp-content\/uploads\/2024\/12\/edcd2685-50c9-429e-8d38-8fdc6bd52fb6-212x300.jpg 212w, https:\/\/www.radiopiu.net\/wordpress\/wp-content\/uploads\/2024\/12\/edcd2685-50c9-429e-8d38-8fdc6bd52fb6-768x1086.jpg 768w, https:\/\/www.radiopiu.net\/wordpress\/wp-content\/uploads\/2024\/12\/edcd2685-50c9-429e-8d38-8fdc6bd52fb6-1086x1536.jpg 1086w, https:\/\/www.radiopiu.net\/wordpress\/wp-content\/uploads\/2024\/12\/edcd2685-50c9-429e-8d38-8fdc6bd52fb6.jpg 1131w\" sizes=\"auto, (max-width: 417px) 100vw, 417px\" \/><\/a><\/p>\n<hr \/>\n<p>&nbsp;<\/p>\n<blockquote>\n<h2><\/h2>\n<h2>Listolade si illumina per il Natale<\/h2>\n<\/blockquote>\n<p><img loading=\"lazy\" decoding=\"async\" class=\"alignleft\" src=\"https:\/\/www.radiopiu.net\/wordpress\/wp-content\/uploads\/2024\/12\/5515da61-1b5e-4b24-a1c2-587670b75f3c-300x300.webp\" width=\"185\" height=\"185\" \/><strong>TAIBON<\/strong><\/p>\n<p>Anche Listolade si fa bella in preparazione del Natale. Il parco giochi \u00e8 stato addobbato con 2 alberi di Natale. Uno sintetico donato e uno vero., come tutti gli anni, portato dal personale del Comune. A rendere il luogo ancora pi\u00f9 magico i raggi laser roteanti che coprono l intera facciata delle &#8220;scole vece&#8221;. Uno spettacolo visibile fin dalla strada regionale 203.<\/p>\n<p>E, corre voce, che domenica nel tardo pomeriggio dovrebbe arrivare pure S. Nicol\u00f2 con un carrettino pieno di regali per tutti i bambini della frazione. Sar\u00e0 vero? Speriamo proprio di s\u00ec.<\/p>\n<p>&nbsp;<\/p>\n<p>&nbsp;<\/p>\n<hr \/>\n<blockquote><p><strong style=\"color: #111111; font-family: 'normal Arial', Helvetica, sans-serif; font-size: 14px;\">\u00a0<\/strong><strong style=\"color: #111111; font-family: 'normal Arial', Helvetica, sans-serif; font-size: 14px;\">\u00a0BelluNO BOTTI: sensibilizzazione contro i botti di Capodanno<\/strong><\/p><\/blockquote>\n<p><strong><a class=\"dt-pswp-item\" href=\"https:\/\/www.radiopiu.net\/wordpress\/wp-content\/uploads\/2024\/12\/Senza-nome-26.png\" data-dt-img-description=\"\" data-large_image_width=\"124\" data-large_image_height=\"124\"><img loading=\"lazy\" decoding=\"async\" class=\"size-full wp-image-422981 alignleft\" src=\"https:\/\/www.radiopiu.net\/wordpress\/wp-content\/uploads\/2024\/12\/Senza-nome-26.png\" alt=\"\" width=\"124\" height=\"124\" \/><\/a>BELLUNO<\/strong> Con dicembre torna la campagna <em>BelluNO BOTTI<\/em>, che sensibilizza sull\u2019impatto negativo dei fuochi d\u2019artificio su animali, ambiente e persone fragili. Manifesti informativi, collaborazioni con LAV e laboratori scolastici promuovono una cultura di rispetto. Il sindaco De Pellegrin punta sull\u2019educazione per un cambiamento duraturo.<\/p>\n<p>&nbsp;<\/p>\n<p>&nbsp;<\/p>\n<p>&nbsp;<\/p>\n<hr \/>\n<p>&nbsp;<\/p>\n<p>&nbsp;<\/p>\n<blockquote>\n<h3><strong><a class=\"dt-pswp-item\" href=\"https:\/\/www.radiopiu.net\/wordpress\/wp-content\/uploads\/2024\/12\/Alberi-Col-Da-Ren-scaled.jpg\" data-dt-img-description=\"\" data-large_image_width=\"1928\" data-large_image_height=\"2560\"><img loading=\"lazy\" decoding=\"async\" class=\"wp-image-422982 alignleft\" src=\"https:\/\/www.radiopiu.net\/wordpress\/wp-content\/uploads\/2024\/12\/Alberi-Col-Da-Ren-226x300.jpg\" alt=\"\" width=\"113\" height=\"149\" srcset=\"https:\/\/www.radiopiu.net\/wordpress\/wp-content\/uploads\/2024\/12\/Alberi-Col-Da-Ren-226x300.jpg 226w, https:\/\/www.radiopiu.net\/wordpress\/wp-content\/uploads\/2024\/12\/Alberi-Col-Da-Ren-771x1024.jpg 771w, https:\/\/www.radiopiu.net\/wordpress\/wp-content\/uploads\/2024\/12\/Alberi-Col-Da-Ren-768x1020.jpg 768w, https:\/\/www.radiopiu.net\/wordpress\/wp-content\/uploads\/2024\/12\/Alberi-Col-Da-Ren-1157x1536.jpg 1157w, https:\/\/www.radiopiu.net\/wordpress\/wp-content\/uploads\/2024\/12\/Alberi-Col-Da-Ren-1542x2048.jpg 1542w, https:\/\/www.radiopiu.net\/wordpress\/wp-content\/uploads\/2024\/12\/Alberi-Col-Da-Ren-scaled.jpg 1928w\" sizes=\"auto, (max-width: 113px) 100vw, 113px\" \/><\/a>Nuovo verde per via Col Da Ren: sicurezza e memoria storica<\/strong><\/h3>\n<\/blockquote>\n<p><strong>BELLUNO<\/strong> In via Col Da Ren, 41 pioppi cipressini sostituiscono 15 alberi compromessi. L&#8217;intervento assicura sicurezza, continuit\u00e0 al paesaggio e benefici ambientali. Il sindaco De Pellegrin e l\u2019assessore De Kunovich sottolineano l\u2019importanza di preservare il patrimonio naturalistico come lascito per il futuro.<\/p>\n<p>&nbsp;<\/p>\n<p>&nbsp;<\/p>\n<hr \/>\n<p>&nbsp;<\/p>\n<blockquote>\n<h2>Restauro del Monumento al Mulo: un\u2019Opera d\u2019Arte Ritrovata<\/h2>\n<\/blockquote>\n<p><strong><a class=\"dt-pswp-item\" href=\"https:\/\/www.radiopiu.net\/wordpress\/wp-content\/uploads\/2024\/12\/th-2.jpg\" data-dt-img-description=\"\" data-large_image_width=\"272\" data-large_image_height=\"180\"><img loading=\"lazy\" decoding=\"async\" class=\"size-full wp-image-422986 alignleft\" src=\"https:\/\/www.radiopiu.net\/wordpress\/wp-content\/uploads\/2024\/12\/th-2.jpg\" alt=\"\" width=\"272\" height=\"180\" \/><\/a>BELLUNO<\/strong><\/p>\n<p>Il monumento al mulo e al suo conducente \u00e8 tornato a splendere grazie a un accurato restauro presentato nella cerimonia di Santa Barbara. Nei giardini di piazzale Vittime delle Foibe, il vice sindaco Paolo Gamba e l\u2019assessore Raffaele Addamiano hanno elogiato l\u2019impegno comunale, il contributo degli Artiglieri e la maestria dei restauratori. L\u2019evento ha celebrato l\u2019importanza storica e artistica del manufatto realizzato nel 1993 da Massimo Facchin. La mattinata si \u00e8 conclusa con la messa in onore della patrona degli Artiglieri.<\/p>\n<p>&nbsp;<\/p>\n<hr \/>\n<p>&nbsp;<\/p>\n<blockquote>\n<h2 class=\"_title post-title entry-title\"><a class=\"dt-pswp-item\" href=\"https:\/\/www.radiopiu.net\/wordpress\/wp-content\/uploads\/2023\/12\/ANTENNA.png\" data-dt-img-description=\"\" data-large_image_width=\"300\" data-large_image_height=\"166\"><img loading=\"lazy\" decoding=\"async\" class=\"wp-image-366306 alignleft\" src=\"https:\/\/www.radiopiu.net\/wordpress\/wp-content\/uploads\/2023\/12\/ANTENNA.png\" alt=\"\" width=\"137\" height=\"76\" \/><\/a>SICUREZZA OLIMPIADI, LORENZI CHIARISCE: \u00abNESSUN NUMERO CHIUSO\u00bb<\/h2>\n<\/blockquote>\n<p>Intervistati GIANLUCA LORENZI \u2013 SINDACO DI CORTINA (AL TELEFONO) (Servizio di\u00a0<a href=\"https:\/\/antennatre.medianordest.it\/redazione\/Stefano-Bozzi\/\">Stefano Bozzi<\/a>)<\/p>\n<p><iframe loading=\"lazy\" title=\"SICUREZZA OLIMPIADI, LORENZI CHIARISCE: \u00abNESSUN NUMERO CHIUSO\u00bb | 04\/12\/2024\" width=\"1200\" height=\"675\" src=\"https:\/\/www.youtube.com\/embed\/mWx870_z_jQ?feature=oembed\" frameborder=\"0\" allow=\"accelerometer; autoplay; clipboard-write; encrypted-media; gyroscope; picture-in-picture; web-share\" referrerpolicy=\"strict-origin-when-cross-origin\" allowfullscreen><\/iframe><\/p>\n<p>&nbsp;<\/p>\n<p>&nbsp;<\/p>\n<p>&nbsp;<\/p>\n<hr \/>\n<p>&nbsp;<\/p>\n<p>&nbsp;<\/p>\n<blockquote>\n<h1>RADIO PIU&#8217;&#8230;. CUSTODE DELLE TRADIZIONI. SAN NICOLO&#8217;<\/h1>\n<\/blockquote>\n<p><strong>REDAZIONE<\/strong> Ci siamo&#8230; poche ore, bimbi a letto presto, piattino per il Santo affamato e il muset assetato&#8230;<\/p>\n<p>&nbsp;<\/p>\n<p><strong>DI MARTINA DONA&#8217; DA PIU&#8217; SIAMO seconda parte\u00a0<\/strong><\/p>\n<audio class=\"wp-audio-shortcode\" id=\"audio-422914-12\" preload=\"none\" style=\"width: 100%;\" controls=\"controls\"><source type=\"audio\/mpeg\" src=\"https:\/\/www.radiopiu.net\/wordpress\/wp-content\/uploads\/2024\/12\/MA8.mp3?_=12\" \/><a href=\"https:\/\/www.radiopiu.net\/wordpress\/wp-content\/uploads\/2024\/12\/MA8.mp3\">https:\/\/www.radiopiu.net\/wordpress\/wp-content\/uploads\/2024\/12\/MA8.mp3<\/a><\/audio>\n<p>&nbsp;<\/p>\n<hr \/>\n<p>&nbsp;<\/p>\n<p><strong>DI GIULIANA DA RONCH, DA EL BAL DEL FIOR\u00a0<\/strong><\/p>\n<audio class=\"wp-audio-shortcode\" id=\"audio-422914-13\" preload=\"none\" style=\"width: 100%;\" controls=\"controls\"><source type=\"audio\/mpeg\" src=\"https:\/\/www.radiopiu.net\/wordpress\/wp-content\/uploads\/2024\/12\/GGI.mp3?_=13\" \/><a href=\"https:\/\/www.radiopiu.net\/wordpress\/wp-content\/uploads\/2024\/12\/GGI.mp3\">https:\/\/www.radiopiu.net\/wordpress\/wp-content\/uploads\/2024\/12\/GGI.mp3<\/a><\/audio>\n<p>&nbsp;<\/p>\n<h1>05.12.1984 Su l&#8217;Obia la piazzetta de Parech, a ciama&#8217; San Nicol\u00f2 col maestro Sandro\u00a0 Miola<\/h1>\n<p><a class=\"dt-pswp-item\" href=\"https:\/\/www.radiopiu.net\/wordpress\/wp-content\/uploads\/2024\/12\/c036676b-be7c-4013-a55b-8ad755fce965.jpg\" data-dt-img-description=\"\" data-large_image_width=\"720\" data-large_image_height=\"481\"><img loading=\"lazy\" decoding=\"async\" class=\"alignnone wp-image-423065 size-full\" src=\"https:\/\/www.radiopiu.net\/wordpress\/wp-content\/uploads\/2024\/12\/c036676b-be7c-4013-a55b-8ad755fce965.jpg\" alt=\"\" width=\"720\" height=\"481\" srcset=\"https:\/\/www.radiopiu.net\/wordpress\/wp-content\/uploads\/2024\/12\/c036676b-be7c-4013-a55b-8ad755fce965.jpg 720w, https:\/\/www.radiopiu.net\/wordpress\/wp-content\/uploads\/2024\/12\/c036676b-be7c-4013-a55b-8ad755fce965-300x200.jpg 300w\" sizes=\"auto, (max-width: 720px) 100vw, 720px\" \/><\/a><\/p>\n<p>&nbsp;<\/p>\n<p>&nbsp;<\/p>\n<p>&nbsp;<\/p>\n<p>&nbsp;<\/p>\n<p>&nbsp;<\/p>\n<hr \/>\n<p>&nbsp;<\/p>\n<blockquote>\n<h2>SANTA BARBARA 2024 CON I PERITI MINERARI&#8230; CON GLI STUDENTI DEL FOLLADOR<\/h2>\n<\/blockquote>\n<p><strong><a class=\"dt-pswp-item\" href=\"https:\/\/www.radiopiu.net\/wordpress\/wp-content\/uploads\/2024\/11\/barbara.png\" data-dt-img-description=\"\" data-large_image_width=\"581\" data-large_image_height=\"720\"><img loading=\"lazy\" decoding=\"async\" class=\"size-medium wp-image-422226 alignleft\" src=\"https:\/\/www.radiopiu.net\/wordpress\/wp-content\/uploads\/2024\/11\/barbara-242x300.png\" alt=\"\" width=\"242\" height=\"300\" srcset=\"https:\/\/www.radiopiu.net\/wordpress\/wp-content\/uploads\/2024\/11\/barbara-242x300.png 242w, https:\/\/www.radiopiu.net\/wordpress\/wp-content\/uploads\/2024\/11\/barbara.png 581w\" sizes=\"auto, (max-width: 242px) 100vw, 242px\" \/><\/a>REDAZIONE<\/strong> Il prossimo sar\u00e0 un fine settimana di festa per i periti minerari, gli studenti del Follador di oggi, di ieri, i tanti affezionati all&#8217;Associazione Periti Minerari di Agordo.<br \/>\nSABATO 7 dicembre, in chiesa e in Sala Don Tamis, Santa Barabara con L&#8217;Apim e L&#8217;Istituto Follador De Rossi, consegna borse di studio e premio Le Miniere di Agordo VENERDI 6 E SABATO 7\u00a0 La festa al PalaFalcade con gli studenti del Follador, classe quinta A Minerari<\/p>\n<p><strong><a class=\"dt-pswp-item\" href=\"https:\/\/www.radiopiu.net\/wordpress\/wp-content\/uploads\/2024\/11\/57a3778a-99b6-4687-8651-99a41c023a18.jpg\" data-dt-img-description=\"\" data-large_image_width=\"987\" data-large_image_height=\"1397\"><img loading=\"lazy\" decoding=\"async\" class=\"size-medium wp-image-422224 alignright\" src=\"https:\/\/www.radiopiu.net\/wordpress\/wp-content\/uploads\/2024\/11\/57a3778a-99b6-4687-8651-99a41c023a18-212x300.jpg\" alt=\"\" width=\"212\" height=\"300\" srcset=\"https:\/\/www.radiopiu.net\/wordpress\/wp-content\/uploads\/2024\/11\/57a3778a-99b6-4687-8651-99a41c023a18-212x300.jpg 212w, https:\/\/www.radiopiu.net\/wordpress\/wp-content\/uploads\/2024\/11\/57a3778a-99b6-4687-8651-99a41c023a18-723x1024.jpg 723w, https:\/\/www.radiopiu.net\/wordpress\/wp-content\/uploads\/2024\/11\/57a3778a-99b6-4687-8651-99a41c023a18-768x1087.jpg 768w, https:\/\/www.radiopiu.net\/wordpress\/wp-content\/uploads\/2024\/11\/57a3778a-99b6-4687-8651-99a41c023a18.jpg 987w\" sizes=\"auto, (max-width: 212px) 100vw, 212px\" \/><\/a>Santa Barbara 2024, con l&#8217;associazione Periti Industriali Minerari e l&#8217;Istituto Follador-De Rossi.<\/strong><br \/>\nSABATO 7 DICEMBRE ad Agordo, chiesa arcidiaconale, ALLE 10 LA MESSA CON L&#8217;ACCOMPAGNAMENTO DELLA corale della Schola Cantorum di La Valle Agordina Alle 11 in sala Don T\u00e0mis, consegna delle borse di studio agli studenti meritevoli. Premiazione del concorso fotografico &#8220;le miniere di Agordo&#8221;. Al termine rinfresco offerto dall&#8217;Apim. L&#8217;associazione Periti Minerari di Agordo ringrazia quando hanno constribuito per le borse di studio e per la manifestazione.<\/p>\n<p>6 e 7 dicembre, PALAFALCADE in festa! Festa di Santa Barbara, con gli studenti della quinta A minerari!<br \/>\nVenerd\u00ec sera: si balla liscio con i Prestazione Occasionale! Sabato pomeriggio: ore 15, torneo di briscola e beer pong! Alle 18, apertura dell\u2019esclusivo Angolo del Vino. Dalle 21, si scatena la pista con Bass Line DJ! &#x26a1; Due giorni di divertimento, musica e tradizione. Non mancare! Palafalcade, ti aspetta!<\/p>\n<p>&nbsp;<\/p>\n<p>&nbsp;<\/p>\n<hr \/>\n<p>&nbsp;<\/p>\n<p>&nbsp;<\/p>\n<blockquote>\n<h1>RIVA NADAL 2024 IN VALLE IMPERINA<\/h1>\n<\/blockquote>\n<p><a class=\"dt-pswp-item\" href=\"https:\/\/www.radiopiu.net\/wordpress\/wp-content\/uploads\/2024\/12\/RIVA-NADAL-2024.jpg\" data-dt-img-description=\"\" data-large_image_width=\"841\" data-large_image_height=\"1190\"><img loading=\"lazy\" decoding=\"async\" class=\"size-medium wp-image-422752 alignleft\" src=\"https:\/\/www.radiopiu.net\/wordpress\/wp-content\/uploads\/2024\/12\/RIVA-NADAL-2024-212x300.jpg\" alt=\"\" width=\"212\" height=\"300\" srcset=\"https:\/\/www.radiopiu.net\/wordpress\/wp-content\/uploads\/2024\/12\/RIVA-NADAL-2024-212x300.jpg 212w, https:\/\/www.radiopiu.net\/wordpress\/wp-content\/uploads\/2024\/12\/RIVA-NADAL-2024-724x1024.jpg 724w, https:\/\/www.radiopiu.net\/wordpress\/wp-content\/uploads\/2024\/12\/RIVA-NADAL-2024-768x1087.jpg 768w, https:\/\/www.radiopiu.net\/wordpress\/wp-content\/uploads\/2024\/12\/RIVA-NADAL-2024.jpg 841w\" sizes=\"auto, (max-width: 212px) 100vw, 212px\" \/><\/a><\/p>\n<p>&nbsp;<\/p>\n<div><i><span style=\"color: #004d65;\">\u201cIl Natale \u00e8 magia, tradizione e divertimento. Domenica 15 dicembre, ti aspettiamo a: Riva Nadal &#8211; I Mercatini dei Can\u00f2p, presso il Centro Minerario Valle Imperina. Dalle 10 del mattino, mercatini, sfilate, passeggiate in carrozza, spettacoli e attivit\u00e0 per grandi e piccini.<b> Letture e laboratori\u00a0per bambini, preparatevi ad incontrare i temibili Krampus e a lasciarvi emozionare con l&#8217;esibizione del <\/b>Coro\u00a0\u201cSchola Cantorum La Valle Agordina\u201d\u00a0nel suggestivo complesso dei Forni Fusori. E per tutto il giorno, delizie dolci e salate, vin brul\u00e9 e castagne. Parcheggio comodo e servizio navetta a soli 2 euro andata e ritorno.\u00a0<\/span><\/i><i><span style=\"color: #004d65;\">Riva Nadal &#8211; La magia del Natale ti aspetta! Evento organizzato dalla Pro Loco di Rivamonte in collaborazione con Pro Loco Agordo e Pro Loco La Valle Agordina, con il supporto del Gruppo Botol.<\/span><\/i><\/div>\n<p>&nbsp;<\/p>\n<p>&nbsp;<\/p>\n<p>&nbsp;<\/p>\n<p>&nbsp;<\/p>\n<hr \/>\n<p>&nbsp;<\/p>\n<div class=\"flex-shrink-0 flex flex-col relative items-end\">\n<div>\n<div class=\"pt-0\">\n<div class=\"gizmo-bot-avatar flex h-8 w-8 items-center justify-center overflow-hidden rounded-full\">\n<div class=\"relative p-1 rounded-sm flex items-center justify-center bg-token-main-surface-primary text-token-text-primary h-8 w-8\"><\/div>\n<\/div>\n<\/div>\n<\/div>\n<\/div>\n<div class=\"group\/conversation-turn relative flex w-full min-w-0 flex-col agent-turn\">\n<div class=\"flex-col gap-1 md:gap-3\">\n<div class=\"flex max-w-full flex-col flex-grow\">\n<div class=\"min-h-8 text-message flex w-full flex-col items-end gap-2 whitespace-normal break-words [.text-message+&amp;]:mt-5\" dir=\"auto\" data-message-author-role=\"assistant\" data-message-id=\"9bdfab27-193b-49a0-951f-ebd22beaf278\" data-message-model-slug=\"gpt-4o\">\n<div class=\"flex w-full flex-col gap-1 empty:hidden first:pt-[3px]\">\n<div class=\"markdown prose w-full break-words dark:prose-invert dark\">\n<blockquote><p><strong><a class=\"dt-pswp-item\" href=\"https:\/\/www.radiopiu.net\/wordpress\/wp-content\/uploads\/2018\/12\/6-J-FRANCIS-FOTO-NATALE.jpg\" data-dt-img-description=\"\" data-large_image_width=\"545\" data-large_image_height=\"307\"><img loading=\"lazy\" decoding=\"async\" class=\" wp-image-70577 alignleft\" src=\"https:\/\/www.radiopiu.net\/wordpress\/wp-content\/uploads\/2018\/12\/6-J-FRANCIS-FOTO-NATALE-300x169.jpg\" alt=\"\" width=\"243\" height=\"137\" srcset=\"https:\/\/www.radiopiu.net\/wordpress\/wp-content\/uploads\/2018\/12\/6-J-FRANCIS-FOTO-NATALE-300x169.jpg 300w, https:\/\/www.radiopiu.net\/wordpress\/wp-content\/uploads\/2018\/12\/6-J-FRANCIS-FOTO-NATALE.jpg 545w\" sizes=\"auto, (max-width: 243px) 100vw, 243px\" \/><\/a>Nadal a Borgo Piave e Pra: Tradizione, Musica e Magia Natalizia<\/strong><\/p><\/blockquote>\n<p>Dal 5 dicembre 2024 al 6 gennaio 2025, Borgo Piave e Borgo Pra si vestono a festa con la rassegna <em>Nadal a Borgo Piave e Pra<\/em>. Addobbi naturali, presepi unici, concerti e tradizioni come la \u201cStela Ciara del Ponte della Vittoria\u201d creano un\u2019atmosfera incantata. Eventi come il concerto dei Riverboys e il percorso di San Nicol\u00f2 coinvolgono grandi e piccoli, valorizzando la storia e l\u2019unione delle comunit\u00e0 locali. &#8220;Dove c\u2019\u00e8 partecipazione attiva, nascono bellezza e attrattivit\u00e0&#8221;, commenta Antonio Gheno, presidente di Borgo Piave ETC aps. Un\u2019occasione per vivere il Natale con sobriet\u00e0 e autenticit\u00e0 tra cultura e tradizione.<\/p>\n<\/div>\n<\/div>\n<\/div>\n<\/div>\n<\/div>\n<\/div>\n<p>&nbsp;<\/p>\n<hr \/>\n<p>&nbsp;<\/p>\n<blockquote>\n<h2>Concerto \u201cLuna. Elogio musicale alla notte\u201d a Cavalese ed a Belluno<\/h2>\n<\/blockquote>\n<p><strong><a class=\"dt-pswp-item\" href=\"https:\/\/www.radiopiu.net\/wordpress\/wp-content\/uploads\/2024\/12\/6addff95-15ef-4435-b969-2965327ed20b.jpg\" data-dt-img-description=\"\" data-large_image_width=\"1599\" data-large_image_height=\"899\"><img loading=\"lazy\" decoding=\"async\" class=\"size-medium wp-image-422602 alignleft\" src=\"https:\/\/www.radiopiu.net\/wordpress\/wp-content\/uploads\/2024\/12\/6addff95-15ef-4435-b969-2965327ed20b-300x169.jpg\" alt=\"\" width=\"300\" height=\"169\" srcset=\"https:\/\/www.radiopiu.net\/wordpress\/wp-content\/uploads\/2024\/12\/6addff95-15ef-4435-b969-2965327ed20b-300x169.jpg 300w, https:\/\/www.radiopiu.net\/wordpress\/wp-content\/uploads\/2024\/12\/6addff95-15ef-4435-b969-2965327ed20b-1024x576.jpg 1024w, https:\/\/www.radiopiu.net\/wordpress\/wp-content\/uploads\/2024\/12\/6addff95-15ef-4435-b969-2965327ed20b-768x432.jpg 768w, https:\/\/www.radiopiu.net\/wordpress\/wp-content\/uploads\/2024\/12\/6addff95-15ef-4435-b969-2965327ed20b-1536x864.jpg 1536w, https:\/\/www.radiopiu.net\/wordpress\/wp-content\/uploads\/2024\/12\/6addff95-15ef-4435-b969-2965327ed20b.jpg 1599w\" sizes=\"auto, (max-width: 300px) 100vw, 300px\" \/><\/a>REDAZIONE<\/strong> A Cavalese ed a Belluno, nel Salone Nobile di Palazzo Fulcis, si terr\u00e0 il concerto \u201cLuna. Elogio musicale alla notte,\u201d un viaggio musicale ispirato al fascino e al mistero del satellite terrestre. Protagonisti saranno Oda Zoe Hochscheid (mezzosoprano), Doris Hochscheid (violoncello) e Frans van Ruth (pianoforte), che eseguiranno brani di Saint-Sa\u00ebns, Faur\u00e9, Viardot e altri. Momento centrale sar\u00e0 la nuova composizione \u201cI watched the Moon around the House\u201d di Max Knigge, ispirata a Emily Dickinson.<\/p>\n<p><strong>ODA ZOE HOCHSCHEID<\/strong><\/p>\n<audio class=\"wp-audio-shortcode\" id=\"audio-422914-14\" preload=\"none\" style=\"width: 100%;\" controls=\"controls\"><source type=\"audio\/mpeg\" src=\"https:\/\/www.radiopiu.net\/wordpress\/wp-content\/uploads\/2024\/12\/ODA-CAVALESE-BELLUNO.mp3?_=14\" \/><a href=\"https:\/\/www.radiopiu.net\/wordpress\/wp-content\/uploads\/2024\/12\/ODA-CAVALESE-BELLUNO.mp3\">https:\/\/www.radiopiu.net\/wordpress\/wp-content\/uploads\/2024\/12\/ODA-CAVALESE-BELLUNO.mp3<\/a><\/audio>\n<p>&nbsp;<\/p>\n<p>&nbsp;<\/p>\n<hr \/>\n<p>&nbsp;<\/p>\n<blockquote>\n<h3><a class=\"dt-pswp-item\" href=\"https:\/\/www.radiopiu.net\/wordpress\/wp-content\/uploads\/2024\/12\/aeca5eac-5655-4add-8aac-8f9a29d499a6.jpg\" data-dt-img-description=\"\" data-large_image_width=\"940\" data-large_image_height=\"788\"><img loading=\"lazy\" decoding=\"async\" class=\" wp-image-422833 alignleft\" src=\"https:\/\/www.radiopiu.net\/wordpress\/wp-content\/uploads\/2024\/12\/aeca5eac-5655-4add-8aac-8f9a29d499a6-300x251.jpg\" alt=\"\" width=\"157\" height=\"131\" srcset=\"https:\/\/www.radiopiu.net\/wordpress\/wp-content\/uploads\/2024\/12\/aeca5eac-5655-4add-8aac-8f9a29d499a6-300x251.jpg 300w, https:\/\/www.radiopiu.net\/wordpress\/wp-content\/uploads\/2024\/12\/aeca5eac-5655-4add-8aac-8f9a29d499a6-768x644.jpg 768w, https:\/\/www.radiopiu.net\/wordpress\/wp-content\/uploads\/2024\/12\/aeca5eac-5655-4add-8aac-8f9a29d499a6.jpg 940w\" sizes=\"auto, (max-width: 157px) 100vw, 157px\" \/><\/a>L&#8217;ARTE DI ZELIA IN MOSTRA AL GUARNIERI<\/h3>\n<p><strong>FELTRE<\/strong><\/p><\/blockquote>\n<p><strong>DI ROBERTO BONA\u00a0<\/strong><\/p>\n<p>&nbsp;<\/p>\n<audio class=\"wp-audio-shortcode\" id=\"audio-422914-15\" preload=\"none\" style=\"width: 100%;\" controls=\"controls\"><source type=\"audio\/wav\" src=\"https:\/\/www.radiopiu.net\/wordpress\/wp-content\/uploads\/2024\/12\/Zelia.wav?_=15\" \/><a href=\"https:\/\/www.radiopiu.net\/wordpress\/wp-content\/uploads\/2024\/12\/Zelia.wav\">https:\/\/www.radiopiu.net\/wordpress\/wp-content\/uploads\/2024\/12\/Zelia.wav<\/a><\/audio>\n<p>&nbsp;<\/p>\n<p>&nbsp;<\/p>\n<hr \/>\n<p>&nbsp;<\/p>\n<blockquote>\n<h2><img loading=\"lazy\" decoding=\"async\" class=\"alignleft\" src=\"https:\/\/www.radiopiu.net\/wordpress\/wp-content\/uploads\/2024\/12\/%C2%A9Echialessandrosogne-con-logo-presentazione-19-ott-2024-scaled.jpg\" width=\"287\" height=\"191\" \/>Ski College Veneto: giornata studente-atleta a Falcade<\/h2>\n<\/blockquote>\n<p><strong>FALCADE<\/strong>\u00a0 Lo Ski College Veneto di Falcade organizza, il 13 dicembre, la giornata studente-atleta per ragazzi di terza media. L\u2019evento unisce attivit\u00e0 scolastiche al mattino presso l\u2019Istituto Follador \u2013 De Rossi e sessioni sportive pomeridiane dedicate a sci alpino, fondo e biathlon con allenatori qualificati.\u00a0 Opportunit\u00e0 per conoscere la vita al College, coniugando studio e sport di alto livello. Iscrizioni entro l\u20198 dicembre sul sito ufficiale dello Ski College Veneto.<\/p>\n<p>&nbsp;<\/p>\n<p>&nbsp;<\/p>\n<p>&nbsp;<\/p>\n<p>&nbsp;<\/p>\n<hr \/>\n<p>&nbsp;<\/p>\n<blockquote>\n<h1>Stelle AIL: un dono per combattere la leucemia<\/h1>\n<\/blockquote>\n<p>&nbsp;<\/p>\n<p><strong><a href=\"https:\/\/www.radiopiu.net\/wordpress\/wp-content\/uploads\/2024\/12\/663d56b0-58e8-4616-8878-5df0b67a7407.webp\"><img loading=\"lazy\" decoding=\"async\" class=\" wp-image-422636 alignleft\" src=\"https:\/\/www.radiopiu.net\/wordpress\/wp-content\/uploads\/2024\/12\/663d56b0-58e8-4616-8878-5df0b67a7407-300x300.webp\" alt=\"\" width=\"194\" height=\"194\" srcset=\"https:\/\/www.radiopiu.net\/wordpress\/wp-content\/uploads\/2024\/12\/663d56b0-58e8-4616-8878-5df0b67a7407-300x300.webp 300w, https:\/\/www.radiopiu.net\/wordpress\/wp-content\/uploads\/2024\/12\/663d56b0-58e8-4616-8878-5df0b67a7407-150x150.webp 150w, https:\/\/www.radiopiu.net\/wordpress\/wp-content\/uploads\/2024\/12\/663d56b0-58e8-4616-8878-5df0b67a7407-768x768.webp 768w, https:\/\/www.radiopiu.net\/wordpress\/wp-content\/uploads\/2024\/12\/663d56b0-58e8-4616-8878-5df0b67a7407.webp 1024w\" sizes=\"auto, (max-width: 194px) 100vw, 194px\" \/><\/a>AGORDO<\/strong><\/p>\n<p>Dal 6 all\u20198 dicembre, ad Agordo tornano le Stelle di Natale AIL, un\u2019iniziativa benefica promossa dall\u2019Associazione Italiana contro le Leucemie. Con un\u2019offerta, sar\u00e0 possibile ricevere una stella di Natale per sostenere i progetti di assistenza e ricerca, aiutando cos\u00ec migliaia di persone.<\/p>\n<p>&nbsp;<\/p>\n<p>Le postazioni saranno attive presso il Centro Commerciale La Corte Agordina, Zum Brillenbar in Valcozzena e le Scuole Elementari di Voltago. Partecipare significa contribuire a un futuro migliore per chi lotta ogni giorno contro queste malattie. Un piccolo gesto, un grande aiuto.<\/p>\n<p>&nbsp;<\/p>\n<hr \/>\n<p>&nbsp;<\/p>\n<blockquote>\n<h3><strong><a class=\"dt-pswp-item\" href=\"https:\/\/www.radiopiu.net\/wordpress\/wp-content\/uploads\/2024\/12\/Senza-nome-15.png\" data-dt-img-description=\"\" data-large_image_width=\"179\" data-large_image_height=\"145\"><img loading=\"lazy\" decoding=\"async\" class=\" wp-image-422781 alignleft\" src=\"https:\/\/www.radiopiu.net\/wordpress\/wp-content\/uploads\/2024\/12\/Senza-nome-15.png\" alt=\"\" width=\"143\" height=\"116\" \/><\/a>150 anni CAI Auronzo: la montagna tra passato e futuro<\/strong><\/h3>\n<\/blockquote>\n<p><strong>AURONZO<\/strong> Venerd\u00ec 6 dicembre, alle 18, nella sala consiliare del Municipio di Auronzo, si celebra il 150\u00b0 anniversario del CAI di Auronzo. La serata, intitolata <strong>\u201cLa Montagna che verr\u00e0\u201d<\/strong>, ospiter\u00e0 l\u2019antropologo Annibale Salsa e il giornalista Luca Calzolari, con interventi musicali di Sandro Del Duca e Nelso Salton.<\/p>\n<p>&nbsp;<\/p>\n<p>&nbsp;<\/p>\n<hr \/>\n<p>&nbsp;<\/p>\n<blockquote>\n<h3>INCONTINENZE E STOMIE: INCONTRO CON LA CITTADINANZA<\/h3>\n<\/blockquote>\n<p><strong>BELLUNO <\/strong>L\u2019Ulss Dolomiti organizza l\u2019incontro <em>\u201cIncontinenze e stomie. Conoscere per capire, capire per affrontare\u201d<\/em>, venerd\u00ec, dalle 16.30 alle 19.00 nella Sala Convegni dell\u2019Ospedale di Feltre. L\u2019evento, rivolto a medici e cittadini, mira a sensibilizzare su temi come incontinenza urinaria e fecale, stomie e riabilitazione. Interverranno esperti in chirurgia, urologia, ginecologia, fisiatria e dietetica, affrontando cause, soluzioni e percorsi riabilitativi. In Italia si stimano 75.000 persone con stomia e oltre 5 milioni con incontinenza, condizioni spesso tab\u00f9 con impatti significativi sulla vita personale e sociale. L\u2019obiettivo \u00e8 rimuovere pregiudizi, favorire la conoscenza e valorizzare il ruolo delle associazioni di pazienti. L\u2019Ulss Dolomiti supporta circa 250 pazienti nei suoi ambulatori provinciali.<\/p>\n<p>&nbsp;<\/p>\n<p>&nbsp;<\/p>\n<hr \/>\n<p>&nbsp;<\/p>\n<blockquote>\n<h3>MUSSOI TRA STORIA E RICORDI<\/h3>\n<\/blockquote>\n<p><strong><a class=\"dt-pswp-item\" href=\"https:\/\/www.radiopiu.net\/wordpress\/wp-content\/uploads\/2024\/12\/Celebrazione-inaugurazione-della-parrocchia_1956.jpg\" data-dt-img-description=\"\" data-large_image_width=\"1844\" data-large_image_height=\"1332\"><img loading=\"lazy\" decoding=\"async\" class=\" wp-image-422551 alignleft\" src=\"https:\/\/www.radiopiu.net\/wordpress\/wp-content\/uploads\/2024\/12\/Celebrazione-inaugurazione-della-parrocchia_1956-300x217.jpg\" alt=\"\" width=\"185\" height=\"134\" srcset=\"https:\/\/www.radiopiu.net\/wordpress\/wp-content\/uploads\/2024\/12\/Celebrazione-inaugurazione-della-parrocchia_1956-300x217.jpg 300w, https:\/\/www.radiopiu.net\/wordpress\/wp-content\/uploads\/2024\/12\/Celebrazione-inaugurazione-della-parrocchia_1956-1024x740.jpg 1024w, https:\/\/www.radiopiu.net\/wordpress\/wp-content\/uploads\/2024\/12\/Celebrazione-inaugurazione-della-parrocchia_1956-768x555.jpg 768w, https:\/\/www.radiopiu.net\/wordpress\/wp-content\/uploads\/2024\/12\/Celebrazione-inaugurazione-della-parrocchia_1956-1536x1110.jpg 1536w, https:\/\/www.radiopiu.net\/wordpress\/wp-content\/uploads\/2024\/12\/Celebrazione-inaugurazione-della-parrocchia_1956.jpg 1844w\" sizes=\"auto, (max-width: 185px) 100vw, 185px\" \/><\/a>BELLUNO<\/strong> La mostra fotografica <em>Mussoi tra storia e ricordi<\/em>, organizzata in occasione della festa di Santa Maria Immacolata, celebra il passato e l\u2019evoluzione del quartiere Mussoi di Belluno. Curata da Costantino Cavallini e Giorgio Reolon, l&#8217;esposizione raccoglie fotografie storiche e attuali che ripercorrono la trasformazione di Mussoi, da zona rurale a moderno quartiere urbano. Originariamente allestita nel 2016, la mostra ha ispirato un libro pubblicato nel 2022, con 440 pagine e un migliaio di immagini, gi\u00e0 esaurito e in attesa di ristampa. Le immagini in esposizione, provenienti da archivi pubblici e privati, raccontano la vita della comunit\u00e0, immortalando volti, attivit\u00e0 quotidiane e momenti significativi della storia locale. Un focus particolare \u00e8 dedicato alla parrocchia, fondata nel 1956, che continua a essere un punto di riferimento spirituale e sociale. La mostra sar\u00e0 visitabile il 7 e 8 dicembre presso le sale parrocchiali, offrendo un viaggio unico nella memoria collettiva.<\/p>\n<p>&nbsp;<\/p>\n<hr \/>\n<p>&nbsp;<\/p>\n<p>&nbsp;<\/p>\n<h2 data-pm-slice=\"1 1 []\"><a href=\"https:\/\/www.radiopiu.net\/wordpress\/wp-content\/uploads\/2024\/12\/569256ec-1609-479c-9e01-15046f8e9e43.webp\"><img loading=\"lazy\" decoding=\"async\" class=\" wp-image-422626 alignleft\" src=\"https:\/\/www.radiopiu.net\/wordpress\/wp-content\/uploads\/2024\/12\/569256ec-1609-479c-9e01-15046f8e9e43-300x300.webp\" alt=\"\" width=\"118\" height=\"118\" srcset=\"https:\/\/www.radiopiu.net\/wordpress\/wp-content\/uploads\/2024\/12\/569256ec-1609-479c-9e01-15046f8e9e43-300x300.webp 300w, https:\/\/www.radiopiu.net\/wordpress\/wp-content\/uploads\/2024\/12\/569256ec-1609-479c-9e01-15046f8e9e43-150x150.webp 150w, https:\/\/www.radiopiu.net\/wordpress\/wp-content\/uploads\/2024\/12\/569256ec-1609-479c-9e01-15046f8e9e43-768x768.webp 768w, https:\/\/www.radiopiu.net\/wordpress\/wp-content\/uploads\/2024\/12\/569256ec-1609-479c-9e01-15046f8e9e43.webp 1024w\" sizes=\"auto, (max-width: 118px) 100vw, 118px\" \/><\/a>LA LUNA, UN&#8217;OCCHIO NELLA NOTTE AL CENTRO CIVICO<br \/>\nvenerdi 13 dicembre<\/h2>\n<p>SOSPIROLO<\/p>\n<p><strong>\u00a0<\/strong><strong>DI ROBERTO BONA<\/strong><\/p>\n<audio class=\"wp-audio-shortcode\" id=\"audio-422914-16\" preload=\"none\" style=\"width: 100%;\" controls=\"controls\"><source type=\"audio\/wav\" src=\"https:\/\/www.radiopiu.net\/wordpress\/wp-content\/uploads\/2024\/12\/LaLunaUnOcchio-1.wav?_=16\" \/><a href=\"https:\/\/www.radiopiu.net\/wordpress\/wp-content\/uploads\/2024\/12\/LaLunaUnOcchio-1.wav\">https:\/\/www.radiopiu.net\/wordpress\/wp-content\/uploads\/2024\/12\/LaLunaUnOcchio-1.wav<\/a><\/audio>\n<p>&nbsp;<\/p>\n<p>&nbsp;<\/p>\n<p>&nbsp;<\/p>\n<hr \/>\n<p>&nbsp;<\/p>\n<div class=\"flex-shrink-0 flex flex-col relative items-end\">\n<div>\n<div class=\"pt-0\">\n<div class=\"gizmo-bot-avatar flex h-8 w-8 items-center justify-center overflow-hidden rounded-full\">\n<div class=\"relative p-1 rounded-sm flex items-center justify-center bg-token-main-surface-primary text-token-text-primary h-8 w-8\"><\/div>\n<\/div>\n<\/div>\n<\/div>\n<\/div>\n<div class=\"group\/conversation-turn relative flex w-full min-w-0 flex-col agent-turn\">\n<div class=\"flex-col gap-1 md:gap-3\">\n<div class=\"flex max-w-full flex-col flex-grow\">\n<div class=\"min-h-8 text-message flex w-full flex-col items-end gap-2 whitespace-normal break-words [.text-message+&amp;]:mt-5\" dir=\"auto\" data-message-author-role=\"assistant\" data-message-id=\"10522d88-8ac9-455f-928a-5bdc27669022\" data-message-model-slug=\"gpt-4o\">\n<div class=\"flex w-full flex-col gap-1 empty:hidden first:pt-[3px]\">\n<div class=\"markdown prose w-full break-words dark:prose-invert dark\">\n<blockquote>\n<h3><strong><a class=\"dt-pswp-item\" href=\"https:\/\/www.radiopiu.net\/wordpress\/wp-content\/uploads\/2024\/12\/Senza-nome-28.png\" data-dt-img-description=\"\" data-large_image_width=\"348\" data-large_image_height=\"163\"><img loading=\"lazy\" decoding=\"async\" class=\" wp-image-422995 alignleft\" src=\"https:\/\/www.radiopiu.net\/wordpress\/wp-content\/uploads\/2024\/12\/Senza-nome-28-300x141.png\" alt=\"\" width=\"200\" height=\"94\" srcset=\"https:\/\/www.radiopiu.net\/wordpress\/wp-content\/uploads\/2024\/12\/Senza-nome-28-300x141.png 300w, https:\/\/www.radiopiu.net\/wordpress\/wp-content\/uploads\/2024\/12\/Senza-nome-28.png 348w\" sizes=\"auto, (max-width: 200px) 100vw, 200px\" \/><\/a>&#8220;Eurotecnica: Futuro e Identit\u00e0&#8221; &#8211; Evento al Circolo La Terra dei Padri<\/strong><\/h3>\n<\/blockquote>\n<p><strong>BELLUNO<\/strong> Venerd\u00ec 13 dicembre alle ore 18, presso il Circolo culturale &#8220;La Terra dei Padri &#8211; Belluno APS&#8221; (via dei Molini, 10), verranno presentati gli Atti del convegno <em>Eurotecnica &#8211; Futuro e Identit\u00e0<\/em>. Interverranno Melissa Santin di &#8220;Casarhea &#8211; Spazio identitario&#8221; e il prof. Giuseppe Scalici del Centro Studi &#8220;Kultura Europa&#8221;. Modera Francesco Dematt\u00e8.<\/p>\n<\/div>\n<\/div>\n<\/div>\n<\/div>\n<\/div>\n<\/div>\n<p>&nbsp;<\/p>\n<p>&nbsp;<\/p>\n<p>&nbsp;<\/p>\n<p>&nbsp;<\/p>\n<hr \/>\n<p>&nbsp;<\/p>\n<blockquote>\n<h3>UN BANDO PER 1634 ALLIEVI FINANZIERI<\/h3>\n<\/blockquote>\n<p>La Guardia di Finanza ha pubblicato il bando di concorso per il reclutamento di 1634 allievi finanzieri per l&#8217;anno 2024. Il concorso si svolger\u00e0 per titoli ed esami.<\/p>\n<p>&nbsp;<\/p>\n<p>&nbsp;<\/p>\n<hr \/>\n<p>&nbsp;<\/p>\n<blockquote>\n<p data-pm-slice=\"1 1 []\"><strong>Concorso per 33 atleti nei gruppi sportivi Fiamme Oro della Polizia di Stato<\/strong><\/p>\n<\/blockquote>\n<p>Sul Portale Unico del reclutamento, all&#8217;indirizzo <a>www.inpa.gov.it<\/a> e sul sito <a>www.poliziadistato.it<\/a>, \u00e8 stato pubblicato il 14 novembre 2024 un bando di concorso pubblico per titoli, finalizzato all&#8217;assunzione di 33 atleti da destinare ai gruppi sportivi \u201cPolizia di Stato \u2013 Fiamme Oro\u201d. Gli atleti selezionati saranno inquadrati nel ruolo degli agenti e assistenti della Polizia di Stato, con qualifica di agente.<\/p>\n<p>&nbsp;<\/p>\n<p>&nbsp;<\/p>\n<hr \/>\n<p>&nbsp;<\/p>\n<blockquote>\n<h3>UN CONCERTO PER VITTORIO FENTI<\/h3>\n<\/blockquote>\n<p><strong class=\"photoswipe-wrapper\"><a class=\"dt-pswp-item pspw-wrap-ready\" href=\"https:\/\/www.radiopiu.net\/wordpress\/wp-content\/uploads\/2024\/11\/541f118a-8f00-44dd-91dd-13dcb4ddbd0d.jpg\" data-dt-img-description=\"\" data-large_image_width=\"1280\" data-large_image_height=\"1600\"><img loading=\"lazy\" decoding=\"async\" class=\" wp-image-421808 alignleft\" src=\"https:\/\/www.radiopiu.net\/wordpress\/wp-content\/uploads\/2024\/11\/541f118a-8f00-44dd-91dd-13dcb4ddbd0d-240x300.jpg\" sizes=\"auto, (max-width: 213px) 100vw, 213px\" srcset=\"https:\/\/www.radiopiu.net\/wordpress\/wp-content\/uploads\/2024\/11\/541f118a-8f00-44dd-91dd-13dcb4ddbd0d-240x300.jpg 240w, https:\/\/www.radiopiu.net\/wordpress\/wp-content\/uploads\/2024\/11\/541f118a-8f00-44dd-91dd-13dcb4ddbd0d-819x1024.jpg 819w, https:\/\/www.radiopiu.net\/wordpress\/wp-content\/uploads\/2024\/11\/541f118a-8f00-44dd-91dd-13dcb4ddbd0d-768x960.jpg 768w, https:\/\/www.radiopiu.net\/wordpress\/wp-content\/uploads\/2024\/11\/541f118a-8f00-44dd-91dd-13dcb4ddbd0d-1229x1536.jpg 1229w, https:\/\/www.radiopiu.net\/wordpress\/wp-content\/uploads\/2024\/11\/541f118a-8f00-44dd-91dd-13dcb4ddbd0d.jpg 1280w\" alt=\"\" width=\"181\" height=\"226\" \/><\/a>AGORDO<\/strong> il Circolo Culturale Agordino organizza in sala Tamis, ad Agordo, per venerd\u00ec 6 dicembre 2024 alle ore 20e30, una serata concerto con riconoscimento a Vittorio Fenti, quale persona che si \u00e8 sempre adoperata e impegnata per la collettivit\u00e0, rispondendo sempre con grande disponibilit\u00e0 ai bisogni del territorio affidandosi alla sua preparazione e competenza.<\/p>\n<p>&nbsp;<\/p>\n<p>&nbsp;<\/p>\n<p>&nbsp;<\/p>\n<p><strong>DI GIANNI SANTOMASO<\/strong><\/p>\n<audio class=\"wp-audio-shortcode\" id=\"audio-422914-17\" preload=\"none\" style=\"width: 100%;\" controls=\"controls\"><source type=\"audio\/mpeg\" src=\"https:\/\/www.radiopiu.net\/wordpress\/wp-content\/uploads\/2024\/11\/GIANNI-CONCERTO-VITTORIO-FENTI.mp3?_=17\" \/><a href=\"https:\/\/www.radiopiu.net\/wordpress\/wp-content\/uploads\/2024\/11\/GIANNI-CONCERTO-VITTORIO-FENTI.mp3\">https:\/\/www.radiopiu.net\/wordpress\/wp-content\/uploads\/2024\/11\/GIANNI-CONCERTO-VITTORIO-FENTI.mp3<\/a><\/audio>\n<p>&nbsp;<\/p>\n<p>&nbsp;<\/p>\n<hr \/>\n<p>&nbsp;<\/p>\n<blockquote>\n<h3>UNA SERATA PER RICORDARE, UNA SERATA DA RICORDARE<\/h3>\n<\/blockquote>\n<p><strong><a class=\"dt-pswp-item\" href=\"https:\/\/www.radiopiu.net\/wordpress\/wp-content\/uploads\/2024\/12\/coro-monti-del-sole.jpg\" data-dt-img-description=\"\" data-large_image_width=\"1080\" data-large_image_height=\"720\"><img loading=\"lazy\" decoding=\"async\" class=\" wp-image-422589 alignleft\" src=\"https:\/\/www.radiopiu.net\/wordpress\/wp-content\/uploads\/2024\/12\/coro-monti-del-sole-300x200.jpg\" alt=\"\" width=\"156\" height=\"104\" srcset=\"https:\/\/www.radiopiu.net\/wordpress\/wp-content\/uploads\/2024\/12\/coro-monti-del-sole-300x200.jpg 300w, https:\/\/www.radiopiu.net\/wordpress\/wp-content\/uploads\/2024\/12\/coro-monti-del-sole-1024x683.jpg 1024w, https:\/\/www.radiopiu.net\/wordpress\/wp-content\/uploads\/2024\/12\/coro-monti-del-sole-768x512.jpg 768w, https:\/\/www.radiopiu.net\/wordpress\/wp-content\/uploads\/2024\/12\/coro-monti-del-sole.jpg 1080w\" sizes=\"auto, (max-width: 156px) 100vw, 156px\" \/><\/a>SEDICO<\/strong> Il Coro Monti del Sole celebra la 25\u00aa edizione di \u201cUna serata per ricordare\u201d con un evento speciale sabato 7 dicembre alle 20:45 al Palaskating di Sedico. Quest\u2019anno, accanto al coro ospitante, si esibir\u00e0 il vocal pop \u201cGli Sconcertati\u201d di Vittorio Veneto, vincitori del Gran Premio al 12\u00b0 Festival della Coralit\u00e0 Veneta. Il concerto, a ingresso libero, unir\u00e0 tradizione e innovazione per ricordare maestri e coristi scomparsi. Prima di concludere il 2024, il Coro Monti del Sole parteciper\u00e0 al concerto natalizio del Coro Minimo Bellunese il 20 dicembre a Belluno.<\/p>\n<p>&nbsp;<\/p>\n<p>&nbsp;<\/p>\n<hr \/>\n<p>&nbsp;<\/p>\n<blockquote><p><strong><a class=\"dt-pswp-item\" href=\"https:\/\/www.radiopiu.net\/wordpress\/wp-content\/uploads\/2024\/11\/AMICI-MINERARI.png\" data-dt-img-description=\"\" data-large_image_width=\"209\" data-large_image_height=\"174\"><img loading=\"lazy\" decoding=\"async\" class=\"size-full wp-image-419180 alignleft\" src=\"https:\/\/www.radiopiu.net\/wordpress\/wp-content\/uploads\/2024\/11\/AMICI-MINERARI.png\" alt=\"\" width=\"209\" height=\"174\" \/><\/a>&#8220;Con gli Amici dei Minerari: Serate d&#8217;Inverno \u2013 un viaggio tra storia, scienza e meraviglie. Incontri presso la Sala con T\u00e0-Mis. Non mancare!&#8221;<\/strong><\/p>\n<ul>\n<li><em>Venerd\u00ec 20 dicembre, ore 20:30<\/em>: &#8220;La morfogenesi delle frane&#8221; \u2013 Relatore Prof. Vittorio Fenti.<\/li>\n<li><em>Venerd\u00ec 24 gennaio, ore 20:30<\/em>: &#8220;Il meraviglioso mondo dei fossili delle Dolomiti&#8221; \u2013 Relatore Danilo Giordano.<\/li>\n<li><em>Venerd\u00ec 21 febbraio, ore 20:30<\/em>: &#8220;Il traforo del Brennero: studio, progettazione e realizzazione&#8221; \u2013 Relatori Vittorio Fenti e Mario Guadagnini.<\/li>\n<\/ul>\n<p><strong>Vivi la cultura e la passione per la montagna!<\/strong><\/p><\/blockquote>\n<p>&nbsp;<\/p>\n<p>&nbsp;<\/p>\n<hr \/>\n<p>&nbsp;<\/p>\n<blockquote>\n<h3>GLI ORARI DELLA PRO LOCO E MUSEI DI CANALE D&#8217;AGORDO<\/h3>\n<\/blockquote>\n<p><strong>CANALE D&#8217;AGORDO <\/strong>Gli uffici della Pro Loco e i siti museali di Canale d\u2019Agordo seguiranno questi orari invernali: <strong>Dal 1\u00b0 al 26 dicembre<\/strong>: Museo &amp; Pro Loco aperti venerd\u00ec, sabato e domenica (9.00-12.00, 15.00-18.00); Casa Natale aperta il 7 e 8 dicembre (10.00-13.00, 15.00-18.00). <strong>Dal 27 dicembre al 5 gennaio<\/strong>: Museo &amp; Pro Loco e Casa Natale aperti tutti i giorni con orari simili, chiusi il 31 dicembre pomeriggio e il 1\u00b0 gennaio mattina. <strong>Dal 6 gennaio al 28 febbraio<\/strong>: Museo &amp; Pro Loco aperti venerd\u00ec, sabato e domenica (9.00-12.00, 15.00-18.00). <strong>Marzo<\/strong>: apertura su prenotazione per gruppi di almeno 20\/25 persone.<\/p>\n<p>&nbsp;<\/p>\n<hr \/>\n<p>&nbsp;<\/p>\n<div class=\"flex max-w-full flex-col flex-grow\">\n<div class=\"min-h-8 text-message flex w-full flex-col items-end gap-2 whitespace-normal break-words [.text-message+&amp;]:mt-5\" dir=\"auto\" data-message-author-role=\"assistant\" data-message-id=\"39bd133f-1b1b-4b92-862e-6e7b33fbf702\" data-message-model-slug=\"gpt-4o\">\n<div class=\"flex w-full flex-col gap-1 empty:hidden first:pt-[3px]\">\n<div class=\"markdown prose w-full break-words dark:prose-invert dark\">\n<blockquote><p><strong>&#8220;Carovana Culturale: Patto Digitale a Canale d&#8217;Agordo&#8221;<\/strong><\/p><\/blockquote>\n<\/div>\n<\/div>\n<\/div>\n<\/div>\n<div class=\"mb-2 flex gap-3 empty:hidden -ml-2\">\n<div class=\"items-center justify-start rounded-xl p-1 flex\">\n<div class=\"flex items-center\"><strong>CANALE D&#8217;AGORDO<\/strong> Sabato\u00a0 alle 20.30 in sala emigranti\u00a0 primo evento della carovana proposta dalle biblioteche della valle del Biois. In particolare questa serata \u00e8 organizzata con il gruppo di &#8220;genitori in rete per sopravvivere alla Rete&#8221; che si stanno impegnando nella stesura del Patto digitale per la gestione dello Smartphone con i figli. Spettacolo di e con Carlo Colombo, musicista autore e pianista trevigiano. Ingresso libero<\/div>\n<\/div>\n<\/div>\n\n\t\t\t<style type='text\/css'>\n\t\t\t\t#gallery-2 {\n\t\t\t\t\tmargin: auto;\n\t\t\t\t}\n\t\t\t\t#gallery-2 .gallery-item {\n\t\t\t\t\tfloat: left;\n\t\t\t\t\tmargin-top: 10px;\n\t\t\t\t\ttext-align: center;\n\t\t\t\t\twidth: 50%;\n\t\t\t\t}\n\t\t\t\t#gallery-2 img {\n\t\t\t\t\tborder: 2px solid #cfcfcf;\n\t\t\t\t}\n\t\t\t\t#gallery-2 .gallery-caption {\n\t\t\t\t\tmargin-left: 0;\n\t\t\t\t}\n\t\t\t\t\/* see gallery_shortcode() in wp-includes\/media.php *\/\n\t\t\t<\/style>\n\t\t<div id='gallery-2' class='dt-gallery-container gallery galleryid-422914 gallery-columns-2 gallery-size-medium'><dl class='gallery-item'>\n\t\t\t\t<dt class='gallery-icon portrait'>\n\t\t\t\t\t<a class=\"rollover rollover-zoom dt-pswp-item\" title=\"22aac26b-3669-464d-82f3-94401c98d887\" data-dt-img-description=\"\" data-large_image_width=\"1131\" data-large_image_height=\"1600\"href='https:\/\/www.radiopiu.net\/wordpress\/wp-content\/uploads\/2024\/12\/22aac26b-3669-464d-82f3-94401c98d887.jpg'><img loading=\"lazy\" decoding=\"async\" width=\"212\" height=\"300\" src=\"https:\/\/www.radiopiu.net\/wordpress\/wp-content\/uploads\/2024\/12\/22aac26b-3669-464d-82f3-94401c98d887-212x300.jpg\" class=\"attachment-medium size-medium\" alt=\"\" aria-describedby=\"gallery-2-422605\" srcset=\"https:\/\/www.radiopiu.net\/wordpress\/wp-content\/uploads\/2024\/12\/22aac26b-3669-464d-82f3-94401c98d887-212x300.jpg 212w, https:\/\/www.radiopiu.net\/wordpress\/wp-content\/uploads\/2024\/12\/22aac26b-3669-464d-82f3-94401c98d887-724x1024.jpg 724w, https:\/\/www.radiopiu.net\/wordpress\/wp-content\/uploads\/2024\/12\/22aac26b-3669-464d-82f3-94401c98d887-768x1086.jpg 768w, https:\/\/www.radiopiu.net\/wordpress\/wp-content\/uploads\/2024\/12\/22aac26b-3669-464d-82f3-94401c98d887-1086x1536.jpg 1086w, https:\/\/www.radiopiu.net\/wordpress\/wp-content\/uploads\/2024\/12\/22aac26b-3669-464d-82f3-94401c98d887.jpg 1131w\" sizes=\"auto, (max-width: 212px) 100vw, 212px\" \/><\/a>\n\t\t\t\t<\/dt>\n\t\t\t\t\t<dd class='wp-caption-text gallery-caption' id='gallery-2-422605'>\n\t\t\t\t\t7 DICEMBRE\n\t\t\t\t\t<\/dd><\/dl><dl class='gallery-item'>\n\t\t\t\t<dt class='gallery-icon portrait'>\n\t\t\t\t\t<a class=\"rollover rollover-zoom dt-pswp-item\" title=\"f3f2ea0e-aa92-4138-8531-1a6989ef6465\" data-dt-img-description=\"\" data-large_image_width=\"1131\" data-large_image_height=\"1600\"href='https:\/\/www.radiopiu.net\/wordpress\/wp-content\/uploads\/2024\/12\/f3f2ea0e-aa92-4138-8531-1a6989ef6465-1.jpg'><img loading=\"lazy\" decoding=\"async\" width=\"212\" height=\"300\" src=\"https:\/\/www.radiopiu.net\/wordpress\/wp-content\/uploads\/2024\/12\/f3f2ea0e-aa92-4138-8531-1a6989ef6465-1-212x300.jpg\" class=\"attachment-medium size-medium\" alt=\"\" srcset=\"https:\/\/www.radiopiu.net\/wordpress\/wp-content\/uploads\/2024\/12\/f3f2ea0e-aa92-4138-8531-1a6989ef6465-1-212x300.jpg 212w, https:\/\/www.radiopiu.net\/wordpress\/wp-content\/uploads\/2024\/12\/f3f2ea0e-aa92-4138-8531-1a6989ef6465-1-724x1024.jpg 724w, https:\/\/www.radiopiu.net\/wordpress\/wp-content\/uploads\/2024\/12\/f3f2ea0e-aa92-4138-8531-1a6989ef6465-1-768x1086.jpg 768w, https:\/\/www.radiopiu.net\/wordpress\/wp-content\/uploads\/2024\/12\/f3f2ea0e-aa92-4138-8531-1a6989ef6465-1-1086x1536.jpg 1086w, https:\/\/www.radiopiu.net\/wordpress\/wp-content\/uploads\/2024\/12\/f3f2ea0e-aa92-4138-8531-1a6989ef6465-1.jpg 1131w\" sizes=\"auto, (max-width: 212px) 100vw, 212px\" \/><\/a>\n\t\t\t\t<\/dt><\/dl><br style=\"clear: both\" \/>\n\t\t\t<\/div>\n\n<p>&nbsp;<\/p>\n<hr \/>\n<p>&nbsp;<\/p>\n<blockquote>\n<h3>LA CENA DELLA CLASSE DEL 1953<\/h3>\n<\/blockquote>\n<p><strong>AGORDO<\/strong> Venerd\u00ec 13 dicembre, presso la pizzeria Agordina, si terr\u00e0 una serata conviviale per i nati del 1953. Le iscrizioni sono aperte fino a mercoled\u00ec 11 dicembre presso la pizzeria.<\/p>\n<p>&nbsp;<\/p>\n<p>&nbsp;<\/p>\n<hr \/>\n<p>&nbsp;<\/p>\n<blockquote>\n<h3>BOSCHI A NATALE: SABATO UNA PASSEGGIATA SUL COL DI FOGLIA<\/h3>\n<\/blockquote>\n<p><strong><a class=\"dt-pswp-item\" href=\"https:\/\/www.radiopiu.net\/wordpress\/wp-content\/uploads\/2024\/12\/boschi-a-natale.png\" data-dt-img-description=\"\" data-large_image_width=\"446\" data-large_image_height=\"207\"><img loading=\"lazy\" decoding=\"async\" class=\" wp-image-422947 alignleft\" src=\"https:\/\/www.radiopiu.net\/wordpress\/wp-content\/uploads\/2024\/12\/boschi-a-natale-300x139.png\" alt=\"\" width=\"209\" height=\"97\" srcset=\"https:\/\/www.radiopiu.net\/wordpress\/wp-content\/uploads\/2024\/12\/boschi-a-natale-300x139.png 300w, https:\/\/www.radiopiu.net\/wordpress\/wp-content\/uploads\/2024\/12\/boschi-a-natale.png 446w\" sizes=\"auto, (max-width: 209px) 100vw, 209px\" \/><\/a>AGORDO <\/strong>Sabato 7 dicembre gli appassionati di natura e storia locale avranno un\u2019occasione imperdibile per esplorare il suggestivo Col di Foglia, un angolo nascosto ma affascinante della Conca Agordina. Organizzata con l&#8217;accompagnamento di una Guida Naturalistica, la passeggiata offrir\u00e0 ai partecipanti l&#8217;opportunit\u00e0 di immergersi nei boschi che circondano il centro di Agordo, scoprendo storie e curiosit\u00e0 legate a questo luogo poco frequentato. Un&#8217;esperienza adatta a tutti, grandi e piccini, che verr\u00e0 impreziosita da un piccolo gadget omaggio per ciascun partecipante. Ritrovo al parcheggio della piscina di Agordo, alle 14. Difficolt\u00e0: facile, consigliate scarpe da trekking. Durata: circa 2 ore. Costo: \u20ac 7,00 (gratuito per bambini sotto i 12 anni) Prenotazione obbligatoria: Entro il 4 dicembre sul sito <a href=\"http:\/\/unpliveneto.it\">unpliveneto.it<\/a> oppure via email a <a>ufficioturistico@agordo.net<\/a> entro il 6 dicembre.<\/p>\n<p>&nbsp;<\/p>\n<p>&nbsp;<\/p>\n<hr \/>\n<p>&nbsp;<\/p>\n<h2><span style=\"color: #ff6600;\">IERI ALLA RADIO\u00a0\u00a0<\/span><\/h2>\n<h2><span style=\"color: #800080;\">LIBER, IL MERCOLEDI ALLA RADIO CON LIANA CAVALLET<\/span><\/h2>\n<p><strong>PUNTATA 12 04 DICEMBRE 2024 MILENA PALMINTERI &#8220;COME L&#8217;ARANCIO AMARO&#8221;<\/strong><\/p>\n<audio class=\"wp-audio-shortcode\" id=\"audio-422914-18\" preload=\"none\" style=\"width: 100%;\" controls=\"controls\"><source type=\"audio\/mpeg\" src=\"https:\/\/www.radiopiu.net\/wordpress\/wp-content\/uploads\/2024\/12\/LIANA.mp3?_=18\" \/><a href=\"https:\/\/www.radiopiu.net\/wordpress\/wp-content\/uploads\/2024\/12\/LIANA.mp3\">https:\/\/www.radiopiu.net\/wordpress\/wp-content\/uploads\/2024\/12\/LIANA.mp3<\/a><\/audio>\n<p>&nbsp;<\/p>\n<p><a class=\"dt-pswp-item\" href=\"https:\/\/www.radiopiu.net\/wordpress\/wp-content\/uploads\/2024\/12\/843af2ad-37a2-400a-8675-7f42325da20d.jpg\" data-dt-img-description=\"\" data-large_image_width=\"393\" data-large_image_height=\"609\"><img loading=\"lazy\" decoding=\"async\" class=\"size-medium wp-image-422848 aligncenter\" src=\"https:\/\/www.radiopiu.net\/wordpress\/wp-content\/uploads\/2024\/12\/843af2ad-37a2-400a-8675-7f42325da20d-194x300.jpg\" alt=\"\" width=\"194\" height=\"300\" srcset=\"https:\/\/www.radiopiu.net\/wordpress\/wp-content\/uploads\/2024\/12\/843af2ad-37a2-400a-8675-7f42325da20d-194x300.jpg 194w, https:\/\/www.radiopiu.net\/wordpress\/wp-content\/uploads\/2024\/12\/843af2ad-37a2-400a-8675-7f42325da20d.jpg 393w\" sizes=\"auto, (max-width: 194px) 100vw, 194px\" \/><\/a><\/p>\n<p>&nbsp;<\/p>\n<h2>LA RACCOLTA COMPLETA <a href=\"https:\/\/www.radiopiu.net\/wordpress\/liber24puntata12\/\"><span style=\"color: #0000ff;\">CLICCA QUI<\/span><\/a><\/h2>\n<p>&nbsp;<\/p>\n<hr \/>\n<p>&nbsp;<\/p>\n<h2><span style=\"color: #808000;\">CISL E FEMCA CISL LA VOCE PER I LAVORATORI<\/span><\/h2>\n<p><a class=\"dt-pswp-item\" href=\"https:\/\/www.radiopiu.net\/wordpress\/wp-content\/uploads\/2022\/01\/th-7.jpg\" data-dt-img-description=\"\" data-large_image_width=\"202\" data-large_image_height=\"202\"><img loading=\"lazy\" decoding=\"async\" class=\" wp-image-253706 alignleft\" src=\"https:\/\/www.radiopiu.net\/wordpress\/wp-content\/uploads\/2022\/01\/th-7.jpg\" alt=\"\" width=\"136\" height=\"136\" srcset=\"https:\/\/www.radiopiu.net\/wordpress\/wp-content\/uploads\/2022\/01\/th-7.jpg 202w, https:\/\/www.radiopiu.net\/wordpress\/wp-content\/uploads\/2022\/01\/th-7-150x150.jpg 150w\" sizes=\"auto, (max-width: 136px) 100vw, 136px\" \/><\/a>puntata del 04 DICEMBRE 2024<\/p>\n<p><strong>OSPITE ANTONIO TURCO LUXOTTICA DI SEDICO<\/strong><\/p>\n<audio class=\"wp-audio-shortcode\" id=\"audio-422914-19\" preload=\"none\" style=\"width: 100%;\" controls=\"controls\"><source type=\"audio\/mpeg\" src=\"https:\/\/www.radiopiu.net\/wordpress\/wp-content\/uploads\/2024\/10\/FEMCA-CISL-4.mp3?_=19\" \/><a href=\"https:\/\/www.radiopiu.net\/wordpress\/wp-content\/uploads\/2024\/10\/FEMCA-CISL-4.mp3\">https:\/\/www.radiopiu.net\/wordpress\/wp-content\/uploads\/2024\/10\/FEMCA-CISL-4.mp3<\/a><\/audio>\n<p>&nbsp;<\/p>\n<h2>LA RACCOLTA COMPLETA <a href=\"https:\/\/www.radiopiu.net\/wordpress\/cisl-e-femca-cisl-la-vocef\/\"><span style=\"color: #3366ff;\">CLICCA QUI<\/span><\/a><\/h2>\n<p>&nbsp;<\/p>\n<hr \/>\n<p>&nbsp;<\/p>\n<h2><span style=\"color: #ffcc00;\"><a class=\"dt-pswp-item\" href=\"https:\/\/www.radiopiu.net\/wordpress\/wp-content\/uploads\/2022\/11\/scuola-zaino.jpeg\" data-dt-img-description=\"\" data-large_image_width=\"626\" data-large_image_height=\"417\"><img loading=\"lazy\" decoding=\"async\" class=\" wp-image-306830 alignleft\" src=\"https:\/\/www.radiopiu.net\/wordpress\/wp-content\/uploads\/2022\/11\/scuola-zaino-300x200.jpeg\" alt=\"\" width=\"159\" height=\"106\" srcset=\"https:\/\/www.radiopiu.net\/wordpress\/wp-content\/uploads\/2022\/11\/scuola-zaino-300x200.jpeg 300w, https:\/\/www.radiopiu.net\/wordpress\/wp-content\/uploads\/2022\/11\/scuola-zaino.jpeg 626w\" sizes=\"auto, (max-width: 159px) 100vw, 159px\" \/><\/a>SE NON LA SMETTI TI MANDO DAL PRESIDE<\/span><\/h2>\n<p><strong>DI MIRKO MEZZACASA<\/strong><\/p>\n<p>CON MARIA ROSA SALMAZO<\/p>\n<audio class=\"wp-audio-shortcode\" id=\"audio-422914-20\" preload=\"none\" style=\"width: 100%;\" controls=\"controls\"><source type=\"audio\/mpeg\" src=\"https:\/\/www.radiopiu.net\/wordpress\/wp-content\/uploads\/2024\/12\/PRESIDE.mp3?_=20\" \/><a href=\"https:\/\/www.radiopiu.net\/wordpress\/wp-content\/uploads\/2024\/12\/PRESIDE.mp3\">https:\/\/www.radiopiu.net\/wordpress\/wp-content\/uploads\/2024\/12\/PRESIDE.mp3<\/a><\/audio>\n<p>&nbsp;<\/p>\n<hr \/>\n<p>&nbsp;<\/p>\n<h2><span style=\"color: #339966;\">BATTI CINQUE&#8230;CON MARINA ED ALESSIO<\/span><\/h2>\n<p><strong><a class=\"dt-pswp-item\" href=\"https:\/\/www.radiopiu.net\/wordpress\/wp-content\/uploads\/2024\/10\/2b41afd1-2910-40a2-aa8e-1f6263104f30.jpg\" data-dt-img-description=\"\" data-large_image_width=\"2048\" data-large_image_height=\"1536\"><img loading=\"lazy\" decoding=\"async\" class=\" wp-image-415813 alignleft\" src=\"https:\/\/www.radiopiu.net\/wordpress\/wp-content\/uploads\/2024\/10\/2b41afd1-2910-40a2-aa8e-1f6263104f30-300x225.jpg\" alt=\"\" width=\"135\" height=\"101\" srcset=\"https:\/\/www.radiopiu.net\/wordpress\/wp-content\/uploads\/2024\/10\/2b41afd1-2910-40a2-aa8e-1f6263104f30-300x225.jpg 300w, https:\/\/www.radiopiu.net\/wordpress\/wp-content\/uploads\/2024\/10\/2b41afd1-2910-40a2-aa8e-1f6263104f30-1024x768.jpg 1024w, https:\/\/www.radiopiu.net\/wordpress\/wp-content\/uploads\/2024\/10\/2b41afd1-2910-40a2-aa8e-1f6263104f30-768x576.jpg 768w, https:\/\/www.radiopiu.net\/wordpress\/wp-content\/uploads\/2024\/10\/2b41afd1-2910-40a2-aa8e-1f6263104f30-1536x1152.jpg 1536w, https:\/\/www.radiopiu.net\/wordpress\/wp-content\/uploads\/2024\/10\/2b41afd1-2910-40a2-aa8e-1f6263104f30.jpg 2048w\" sizes=\"auto, (max-width: 135px) 100vw, 135px\" \/><\/a>REDAZIONE<\/strong> Un confronto tra generazioni, lo si pu\u00f2 definire cos\u00ec il nuovo programma pomeridiano di Radio Pi\u00f9. &#8220;Batti Cinque&#8221; il titolo del contenitore in onda il mercoled\u00ec dalle 15 a cadenza quindicinale. In studio Marina ed Alessio<\/p>\n<p><span style=\"color: #ff0000;\"><strong>\u00a0<\/strong><\/span><\/p>\n<p><span style=\"color: #ff0000;\"><strong>\u00a0\u00a0<\/strong><\/span><\/p>\n<p><span style=\"color: #ff0000;\"><strong>PUNTATA 04 &#8211; PRIMA PARTE<\/strong><\/span><\/p>\n<audio class=\"wp-audio-shortcode\" id=\"audio-422914-21\" preload=\"none\" style=\"width: 100%;\" controls=\"controls\"><source type=\"audio\/mpeg\" src=\"https:\/\/www.radiopiu.net\/wordpress\/wp-content\/uploads\/2024\/11\/BATTI-5-QUARTA-PUNTATA-1.mp3?_=21\" \/><a href=\"https:\/\/www.radiopiu.net\/wordpress\/wp-content\/uploads\/2024\/11\/BATTI-5-QUARTA-PUNTATA-1.mp3\">https:\/\/www.radiopiu.net\/wordpress\/wp-content\/uploads\/2024\/11\/BATTI-5-QUARTA-PUNTATA-1.mp3<\/a><\/audio>\n<p><span style=\"color: #ff0000;\"><strong>\u00a0<\/strong><\/span><\/p>\n<p><span style=\"color: #ff0000;\"><strong>SECONDA PARTE<\/strong><\/span><\/p>\n<audio class=\"wp-audio-shortcode\" id=\"audio-422914-22\" preload=\"none\" style=\"width: 100%;\" controls=\"controls\"><source type=\"audio\/mpeg\" src=\"https:\/\/www.radiopiu.net\/wordpress\/wp-content\/uploads\/2024\/11\/BATTI-CINQUE-QUARTA-PUNTATA-2.mp3?_=22\" \/><a href=\"https:\/\/www.radiopiu.net\/wordpress\/wp-content\/uploads\/2024\/11\/BATTI-CINQUE-QUARTA-PUNTATA-2.mp3\">https:\/\/www.radiopiu.net\/wordpress\/wp-content\/uploads\/2024\/11\/BATTI-CINQUE-QUARTA-PUNTATA-2.mp3<\/a><\/audio>\n<p><span style=\"color: #ff0000;\"><strong>\u00a0<\/strong><\/span><\/p>\n<p><span style=\"color: #ff0000;\"><strong>TERZA PARTE<\/strong><\/span><\/p>\n<audio class=\"wp-audio-shortcode\" id=\"audio-422914-23\" preload=\"none\" style=\"width: 100%;\" controls=\"controls\"><source type=\"audio\/mpeg\" src=\"https:\/\/www.radiopiu.net\/wordpress\/wp-content\/uploads\/2024\/11\/BATTI-5-QUARTA-PUNTATA-3.mp3?_=23\" \/><a href=\"https:\/\/www.radiopiu.net\/wordpress\/wp-content\/uploads\/2024\/11\/BATTI-5-QUARTA-PUNTATA-3.mp3\">https:\/\/www.radiopiu.net\/wordpress\/wp-content\/uploads\/2024\/11\/BATTI-5-QUARTA-PUNTATA-3.mp3<\/a><\/audio>\n<p>&nbsp;<\/p>\n<h2>LA RACCOLTA COMPLETA <a href=\"https:\/\/www.radiopiu.net\/wordpress\/batti-cinque-con-marina-ed-alessio-la-raccolta\/\"><span style=\"color: #3366ff;\">CLICCA QUI<\/span><\/a><\/h2>\n<p>&nbsp;<\/p>\n<hr \/>\n<p>&nbsp;<\/p>\n<h2><span style=\"color: #33cccc;\">INIZIA LA STAGIONE AGONISTICA DELLO SCI CLUB VAL BIOIS<\/span><\/h2>\n<p><strong><a class=\"dt-pswp-item\" href=\"https:\/\/www.radiopiu.net\/wordpress\/wp-content\/uploads\/2020\/02\/download-4.jpg\" data-dt-img-description=\"\" data-large_image_width=\"228\" data-large_image_height=\"221\"><img loading=\"lazy\" decoding=\"async\" class=\" wp-image-117199 alignleft\" src=\"https:\/\/www.radiopiu.net\/wordpress\/wp-content\/uploads\/2020\/02\/download-4.jpg\" alt=\"\" width=\"144\" height=\"140\" \/><\/a>DI MIRKO MEZZACASA<\/strong><\/p>\n<p>OSPITE: Matteo Cagnati, presidente dello Sci Club Val Biois<\/p>\n<audio class=\"wp-audio-shortcode\" id=\"audio-422914-24\" preload=\"none\" style=\"width: 100%;\" controls=\"controls\"><source type=\"audio\/mpeg\" src=\"https:\/\/www.radiopiu.net\/wordpress\/wp-content\/uploads\/2024\/12\/MATTEO-CAGNATI-INVERNO-2024.mp3?_=24\" \/><a href=\"https:\/\/www.radiopiu.net\/wordpress\/wp-content\/uploads\/2024\/12\/MATTEO-CAGNATI-INVERNO-2024.mp3\">https:\/\/www.radiopiu.net\/wordpress\/wp-content\/uploads\/2024\/12\/MATTEO-CAGNATI-INVERNO-2024.mp3<\/a><\/audio>\n<p>&nbsp;<\/p>\n<hr \/>\n<p>&nbsp;<\/p>\n<h2><span style=\"color: #ff0000;\">AL VIA LA STAGIONE INVERNALE AD ALLEGHE<\/span><\/h2>\n<p><strong><a class=\"dt-pswp-item\" href=\"https:\/\/www.radiopiu.net\/wordpress\/wp-content\/uploads\/2018\/04\/impianti-alleghe-funivie.jpg\" data-dt-img-description=\"\" data-large_image_width=\"550\" data-large_image_height=\"309\"><img loading=\"lazy\" decoding=\"async\" class=\" wp-image-46376 alignleft\" src=\"https:\/\/www.radiopiu.net\/wordpress\/wp-content\/uploads\/2018\/04\/impianti-alleghe-funivie-300x169.jpg\" alt=\"\" width=\"195\" height=\"110\" srcset=\"https:\/\/www.radiopiu.net\/wordpress\/wp-content\/uploads\/2018\/04\/impianti-alleghe-funivie-300x169.jpg 300w, https:\/\/www.radiopiu.net\/wordpress\/wp-content\/uploads\/2018\/04\/impianti-alleghe-funivie.jpg 550w\" sizes=\"auto, (max-width: 195px) 100vw, 195px\" \/><\/a>DI MIRKO MEZZACASA<\/strong><\/p>\n<p>OSPITI: Andrea Dal Farra e Christian Moretti<\/p>\n<audio class=\"wp-audio-shortcode\" id=\"audio-422914-25\" preload=\"none\" style=\"width: 100%;\" controls=\"controls\"><source type=\"audio\/mpeg\" src=\"https:\/\/www.radiopiu.net\/wordpress\/wp-content\/uploads\/2024\/12\/andrea-echristian-alleghe-funivi.mp3?_=25\" \/><a href=\"https:\/\/www.radiopiu.net\/wordpress\/wp-content\/uploads\/2024\/12\/andrea-echristian-alleghe-funivi.mp3\">https:\/\/www.radiopiu.net\/wordpress\/wp-content\/uploads\/2024\/12\/andrea-echristian-alleghe-funivi.mp3<\/a><\/audio>\n<p>&nbsp;<\/p>\n<p>&nbsp;<\/p>\n<blockquote>\n<h2>Dolomiti Superski: 50 anni di storia celebrati ad Alleghe<\/h2>\n<\/blockquote>\n<blockquote><p><em><strong><a class=\"dt-pswp-item\" href=\"https:\/\/www.radiopiu.net\/wordpress\/wp-content\/uploads\/2024\/12\/Senza-nome-8.png\" data-dt-img-description=\"\" data-large_image_width=\"469\" data-large_image_height=\"218\"><img loading=\"lazy\" decoding=\"async\" class=\"wp-image-422630 alignleft\" src=\"https:\/\/www.radiopiu.net\/wordpress\/wp-content\/uploads\/2024\/12\/Senza-nome-8-300x139.png\" alt=\"\" width=\"214\" height=\"99\" srcset=\"https:\/\/www.radiopiu.net\/wordpress\/wp-content\/uploads\/2024\/12\/Senza-nome-8-300x139.png 300w, https:\/\/www.radiopiu.net\/wordpress\/wp-content\/uploads\/2024\/12\/Senza-nome-8.png 469w\" sizes=\"auto, (max-width: 214px) 100vw, 214px\" \/><\/a><\/strong>L\u2019area Ski Civetta celebra i primi 50 anni di Dolomiti Superski Sabato 14 dicembre lo Stadio del Ghiaccio di Alleghe ospita i festeggiamenti Due attuali tavole rotonde arricchiscono in modo originale il programma della cerimonia Scambi di opinioni sull\u2019economia di montagna e le opportunit\u00e0 del collegamento con Cortina<\/em><\/p><\/blockquote>\n<p><strong>ALLEGHE<\/strong>\u00a0 Sabato 14 dicembre, presso il Centro Congressi A. Franceschini dello Stadio del Ghiaccio di Alleghe, si festegger\u00e0 il 50\u00b0 anniversario di Dolomiti Superski con una giornata ricca di eventi.<\/p>\n<p>Due tavole rotonde affronteranno temi di grande interesse: l&#8217;economia turistica alpina, la diversificazione dell\u2019offerta e il collegamento strategico tra Ski Civetta e Cortina Skiworld.<\/p>\n<p>La celebrazione include la presentazione dell\u2019opera \u201cEnrosadira\u201d dell\u2019artista Daniele Basso e onorificenze a personalit\u00e0 locali. L\u2019evento \u00e8 aperto al pubblico dalle ore 10.<\/p>\n<p>&nbsp;<\/p>\n<p>&nbsp;<\/p>\n<hr \/>\n<p>&nbsp;<\/p>\n<h2><span style=\"color: #800080;\">IL PRIMO FINE SETTIMANA SUGLI SCI NEL COMPRENSORIO DELLA SKI AREA SAN PELLEGRINO<\/span><\/h2>\n<p><strong><a class=\"dt-pswp-item\" href=\"https:\/\/www.radiopiu.net\/wordpress\/wp-content\/uploads\/2018\/03\/ski-area-san-pellegrino_21-marzo.jpg\" data-dt-img-description=\"\" data-large_image_width=\"1600\" data-large_image_height=\"1200\"><img loading=\"lazy\" decoding=\"async\" class=\" wp-image-45211 alignleft\" src=\"https:\/\/www.radiopiu.net\/wordpress\/wp-content\/uploads\/2018\/03\/ski-area-san-pellegrino_21-marzo-300x225.jpg\" alt=\"\" width=\"143\" height=\"107\" srcset=\"https:\/\/www.radiopiu.net\/wordpress\/wp-content\/uploads\/2018\/03\/ski-area-san-pellegrino_21-marzo-300x225.jpg 300w, https:\/\/www.radiopiu.net\/wordpress\/wp-content\/uploads\/2018\/03\/ski-area-san-pellegrino_21-marzo-768x576.jpg 768w, https:\/\/www.radiopiu.net\/wordpress\/wp-content\/uploads\/2018\/03\/ski-area-san-pellegrino_21-marzo-1024x768.jpg 1024w, https:\/\/www.radiopiu.net\/wordpress\/wp-content\/uploads\/2018\/03\/ski-area-san-pellegrino_21-marzo.jpg 1600w\" sizes=\"auto, (max-width: 143px) 100vw, 143px\" \/><\/a>DI MIRKO MEZZACASA<\/strong><\/p>\n<p>Con Mirco Tancon<\/p>\n<audio class=\"wp-audio-shortcode\" id=\"audio-422914-26\" preload=\"none\" style=\"width: 100%;\" controls=\"controls\"><source type=\"audio\/mpeg\" src=\"https:\/\/www.radiopiu.net\/wordpress\/wp-content\/uploads\/2024\/12\/GF11.mp3?_=26\" \/><a href=\"https:\/\/www.radiopiu.net\/wordpress\/wp-content\/uploads\/2024\/12\/GF11.mp3\">https:\/\/www.radiopiu.net\/wordpress\/wp-content\/uploads\/2024\/12\/GF11.mp3<\/a><\/audio>\n<p>&nbsp;<\/p>\n<hr \/>\n<p>&nbsp;<\/p>\n<h2><span style=\"color: #993300;\">DOMENICA 8 DICEMBRE TORNANO I KRAMPUS A FRASSENE&#8217;<\/span><\/h2>\n<p><strong><a class=\"dt-pswp-item\" href=\"https:\/\/www.radiopiu.net\/wordpress\/wp-content\/uploads\/2024\/11\/WhatsApp-Image-2019-12-16-at-00.36.24-2.jpg\" data-dt-img-description=\"\" data-large_image_width=\"1600\" data-large_image_height=\"1068\"><img loading=\"lazy\" decoding=\"async\" class=\" wp-image-421955 alignleft\" src=\"https:\/\/www.radiopiu.net\/wordpress\/wp-content\/uploads\/2024\/11\/WhatsApp-Image-2019-12-16-at-00.36.24-2-300x200.jpg\" alt=\"\" width=\"183\" height=\"122\" srcset=\"https:\/\/www.radiopiu.net\/wordpress\/wp-content\/uploads\/2024\/11\/WhatsApp-Image-2019-12-16-at-00.36.24-2-300x200.jpg 300w, https:\/\/www.radiopiu.net\/wordpress\/wp-content\/uploads\/2024\/11\/WhatsApp-Image-2019-12-16-at-00.36.24-2-1024x684.jpg 1024w, https:\/\/www.radiopiu.net\/wordpress\/wp-content\/uploads\/2024\/11\/WhatsApp-Image-2019-12-16-at-00.36.24-2-768x513.jpg 768w, https:\/\/www.radiopiu.net\/wordpress\/wp-content\/uploads\/2024\/11\/WhatsApp-Image-2019-12-16-at-00.36.24-2-1536x1025.jpg 1536w, https:\/\/www.radiopiu.net\/wordpress\/wp-content\/uploads\/2024\/11\/WhatsApp-Image-2019-12-16-at-00.36.24-2.jpg 1600w\" sizes=\"auto, (max-width: 183px) 100vw, 183px\" \/><\/a>DI MIRKO MEZZACASA<\/strong><\/p>\n<p>OSPITI: Yuri Parissenti, Sharon De Marco e Walter Da Campo<\/p>\n<audio class=\"wp-audio-shortcode\" id=\"audio-422914-27\" preload=\"none\" style=\"width: 100%;\" controls=\"controls\"><source type=\"audio\/mpeg\" src=\"https:\/\/www.radiopiu.net\/wordpress\/wp-content\/uploads\/2024\/11\/sharon-yuri-walther.mp3?_=27\" \/><a href=\"https:\/\/www.radiopiu.net\/wordpress\/wp-content\/uploads\/2024\/11\/sharon-yuri-walther.mp3\">https:\/\/www.radiopiu.net\/wordpress\/wp-content\/uploads\/2024\/11\/sharon-yuri-walther.mp3<\/a><\/audio>\n<p>&nbsp;<\/p>\n<hr \/>\n<p>&nbsp;<\/p>\n<h2><span style=\"color: #ff00ff;\">&#8220;NON FARE LO STRUZZO&#8221; UNA SERATA INFORMATIVA IL 19 DICEMBRE ALLA BIBLIOTECA DI AGORDO<\/span><\/h2>\n<p><strong><a class=\"dt-pswp-item\" href=\"https:\/\/www.radiopiu.net\/wordpress\/wp-content\/uploads\/2024\/11\/dd4cdc36-4650-447f-ae9b-9f98a0817bdf.jpg\" data-dt-img-description=\"\" data-large_image_width=\"1131\" data-large_image_height=\"1600\"><img loading=\"lazy\" decoding=\"async\" class=\" wp-image-422181 alignleft\" src=\"https:\/\/www.radiopiu.net\/wordpress\/wp-content\/uploads\/2024\/11\/dd4cdc36-4650-447f-ae9b-9f98a0817bdf-212x300.jpg\" alt=\"\" width=\"127\" height=\"180\" srcset=\"https:\/\/www.radiopiu.net\/wordpress\/wp-content\/uploads\/2024\/11\/dd4cdc36-4650-447f-ae9b-9f98a0817bdf-212x300.jpg 212w, https:\/\/www.radiopiu.net\/wordpress\/wp-content\/uploads\/2024\/11\/dd4cdc36-4650-447f-ae9b-9f98a0817bdf-724x1024.jpg 724w, https:\/\/www.radiopiu.net\/wordpress\/wp-content\/uploads\/2024\/11\/dd4cdc36-4650-447f-ae9b-9f98a0817bdf-768x1086.jpg 768w, https:\/\/www.radiopiu.net\/wordpress\/wp-content\/uploads\/2024\/11\/dd4cdc36-4650-447f-ae9b-9f98a0817bdf-1086x1536.jpg 1086w, https:\/\/www.radiopiu.net\/wordpress\/wp-content\/uploads\/2024\/11\/dd4cdc36-4650-447f-ae9b-9f98a0817bdf.jpg 1131w\" sizes=\"auto, (max-width: 127px) 100vw, 127px\" \/><\/a>DI MIRKO MEZZACASA<\/strong><\/p>\n<p>OSPITI: Giuliano Federa e Roberto Agnolet<\/p>\n<audio class=\"wp-audio-shortcode\" id=\"audio-422914-28\" preload=\"none\" style=\"width: 100%;\" controls=\"controls\"><source type=\"audio\/mpeg\" src=\"https:\/\/www.radiopiu.net\/wordpress\/wp-content\/uploads\/2024\/12\/giuliano-e-roberto-ok.mp3?_=28\" \/><a href=\"https:\/\/www.radiopiu.net\/wordpress\/wp-content\/uploads\/2024\/12\/giuliano-e-roberto-ok.mp3\">https:\/\/www.radiopiu.net\/wordpress\/wp-content\/uploads\/2024\/12\/giuliano-e-roberto-ok.mp3<\/a><\/audio>\n<p>&nbsp;<\/p>\n<hr \/>\n<p>&nbsp;<\/p>\n<blockquote>\n<h3>&#8220;IL GLADIATORE 2&#8221; SABATO E DOMENICA AL CINEMA DOLOMITI DI FALCADE<\/h3>\n<\/blockquote>\n<p><strong><a class=\"dt-pswp-item\" href=\"https:\/\/www.radiopiu.net\/wordpress\/wp-content\/uploads\/2024\/12\/locandinapg1.jpg\" data-dt-img-description=\"\" data-large_image_width=\"420\" data-large_image_height=\"525\"><img loading=\"lazy\" decoding=\"async\" class=\" wp-image-422584 alignleft\" src=\"https:\/\/www.radiopiu.net\/wordpress\/wp-content\/uploads\/2024\/12\/locandinapg1-240x300.jpg\" alt=\"\" width=\"190\" height=\"238\" srcset=\"https:\/\/www.radiopiu.net\/wordpress\/wp-content\/uploads\/2024\/12\/locandinapg1-240x300.jpg 240w, https:\/\/www.radiopiu.net\/wordpress\/wp-content\/uploads\/2024\/12\/locandinapg1.jpg 420w\" sizes=\"auto, (max-width: 190px) 100vw, 190px\" \/><\/a>FALCADE\u00a0<\/strong>Continua la programmazione al Cinema Dolomiti di Falcade con il film di Ridly Scott &#8220;Il Gladiatore 2&#8221;. Sedici anni dopo la morte di Marco Aurelio, Roma \u00e8 governata dai tirannici fratelli Caracalla e Geta, immersa nella corruzione. Il generale romano Marco Acacio conquista la Numidia, facendo prigioniero Annone, un uomo distrutto dalla perdita della moglie e della sua terra. Annone, trasformato in gladiatore, cattura l\u2019attenzione di Macrino, un mercante di schiavi con oscure ambizioni. Durante i combattimenti, Annone scopre di essere Lucio Vero Aurelio, figlio del leggendario Massimo Decimo Meridio e di Lucilla, figlia di Marco Aurelio. Lucilla e Acacio tramano per rovesciare gli imperatori, ma il complotto viene scoperto. Acacio finisce nell\u2019arena, dove Annone lo sconfigge senza ucciderlo. Tuttavia, il caos esplode: Caracalla uccide Geta su consiglio di Macrino, che trama per prendere il potere. Lucilla viene catturata e condannata a morte, ma prima dona a suo figlio l\u2019anello di Marco Aurelio. Nel Colosseo, Annone guida un&#8217;insurrezione di gladiatori e affronta Macrino alle porte di Roma. Nonostante le difficolt\u00e0, Annone riesce a uccidere il suo nemico. Con la morte di Macrino, Lucio si proclama erede al trono e ispira Roma a unirsi per costruire un impero pi\u00f9 giusto, realizzando il sogno di Marco Aurelio.\u00a0<strong>SPETTACOLI ALLE 21, DOMENICA ANCHE ALLE 15:30<\/strong><\/p>\n<p><strong>LA PRESENTAZIONE A CURA DI PAOLA LANCIATO<\/strong><\/p>\n<audio class=\"wp-audio-shortcode\" id=\"audio-422914-29\" preload=\"none\" style=\"width: 100%;\" controls=\"controls\"><source type=\"audio\/mpeg\" src=\"https:\/\/www.radiopiu.net\/wordpress\/wp-content\/uploads\/2024\/12\/IL-GLADIATORE-II.mp3?_=29\" \/><a href=\"https:\/\/www.radiopiu.net\/wordpress\/wp-content\/uploads\/2024\/12\/IL-GLADIATORE-II.mp3\">https:\/\/www.radiopiu.net\/wordpress\/wp-content\/uploads\/2024\/12\/IL-GLADIATORE-II.mp3<\/a><\/audio>\n<p>&nbsp;<\/p>\n<p>&nbsp;<\/p>\n<hr \/>\n<p>&nbsp;<\/p>\n<p>&nbsp;<\/p>\n<blockquote>\n<h1>SAN NICOLO&#8217;&#8230; DI PASSAGGIO A TAIBON&#8230;. parola di Gianluca<\/h1>\n<\/blockquote>\n<p>&nbsp;<\/p>\n<p>&nbsp;<\/p>\n<p><strong>AUDIO 1<br \/>\nGIANLUCA<\/strong><\/p>\n<audio class=\"wp-audio-shortcode\" id=\"audio-422914-30\" preload=\"none\" style=\"width: 100%;\" controls=\"controls\"><source type=\"audio\/mpeg\" src=\"https:\/\/www.radiopiu.net\/wordpress\/wp-content\/uploads\/2024\/12\/GIANLUCA-INTERO-SAN-NICOLO.mp3?_=30\" \/><a href=\"https:\/\/www.radiopiu.net\/wordpress\/wp-content\/uploads\/2024\/12\/GIANLUCA-INTERO-SAN-NICOLO.mp3\">https:\/\/www.radiopiu.net\/wordpress\/wp-content\/uploads\/2024\/12\/GIANLUCA-INTERO-SAN-NICOLO.mp3<\/a><\/audio>\n<p>&nbsp;<\/p>\n<p><a href=\"https:\/\/www.radiopiu.net\/wordpress\/wp-content\/uploads\/2024\/12\/6dd57e2c-bd48-4d64-a065-65eadc3e1ba8.webp\"><img loading=\"lazy\" decoding=\"async\" class=\"size-medium wp-image-423053 aligncenter\" src=\"https:\/\/www.radiopiu.net\/wordpress\/wp-content\/uploads\/2024\/12\/6dd57e2c-bd48-4d64-a065-65eadc3e1ba8-300x300.webp\" alt=\"\" width=\"300\" height=\"300\" srcset=\"https:\/\/www.radiopiu.net\/wordpress\/wp-content\/uploads\/2024\/12\/6dd57e2c-bd48-4d64-a065-65eadc3e1ba8-300x300.webp 300w, https:\/\/www.radiopiu.net\/wordpress\/wp-content\/uploads\/2024\/12\/6dd57e2c-bd48-4d64-a065-65eadc3e1ba8-150x150.webp 150w, https:\/\/www.radiopiu.net\/wordpress\/wp-content\/uploads\/2024\/12\/6dd57e2c-bd48-4d64-a065-65eadc3e1ba8-768x768.webp 768w, https:\/\/www.radiopiu.net\/wordpress\/wp-content\/uploads\/2024\/12\/6dd57e2c-bd48-4d64-a065-65eadc3e1ba8.webp 1024w\" sizes=\"auto, (max-width: 300px) 100vw, 300px\" \/><\/a><\/p>\n<p>&nbsp;<\/p>\n<p>&nbsp;<\/p>\n<p>&nbsp;<\/p>\n<p>&nbsp;<\/p>\n<p>&nbsp;<\/p>\n<hr \/>\n<p>&nbsp;<\/p>\n<h2><span style=\"color: #ff0000;\"><a class=\"dt-pswp-item\" href=\"https:\/\/www.radiopiu.net\/wordpress\/wp-content\/uploads\/2018\/09\/appuntamenti.jpeg\" data-dt-img-description=\"\" data-large_image_width=\"800\" data-large_image_height=\"100\"><img loading=\"lazy\" decoding=\"async\" class=\"wp-image-61958 size-full aligncenter\" src=\"https:\/\/www.radiopiu.net\/wordpress\/wp-content\/uploads\/2018\/09\/appuntamenti.jpeg\" alt=\"\" width=\"800\" height=\"100\" srcset=\"https:\/\/www.radiopiu.net\/wordpress\/wp-content\/uploads\/2018\/09\/appuntamenti.jpeg 800w, https:\/\/www.radiopiu.net\/wordpress\/wp-content\/uploads\/2018\/09\/appuntamenti-300x38.jpeg 300w, https:\/\/www.radiopiu.net\/wordpress\/wp-content\/uploads\/2018\/09\/appuntamenti-768x96.jpeg 768w\" sizes=\"auto, (max-width: 800px) 100vw, 800px\" \/><\/a><\/span><\/h2>\n<div dir=\"auto\"><\/div>\n<div class=\"xdj266r x11i5rnm xat24cr x1mh8g0r x1vvkbs x126k92a\">\n<div dir=\"auto\">\n<p><a class=\"dt-pswp-item\" href=\"https:\/\/www.radiopiu.net\/wordpress\/wp-content\/uploads\/2024\/12\/3f038d39-ee87-4c93-9050-475062fdedc2.jpg\" data-dt-img-description=\"\" data-large_image_width=\"1167\" data-large_image_height=\"1630\"><img loading=\"lazy\" decoding=\"async\" class=\"size-medium wp-image-422980 alignleft\" src=\"https:\/\/www.radiopiu.net\/wordpress\/wp-content\/uploads\/2024\/12\/3f038d39-ee87-4c93-9050-475062fdedc2-215x300.jpg\" alt=\"\" width=\"215\" height=\"300\" srcset=\"https:\/\/www.radiopiu.net\/wordpress\/wp-content\/uploads\/2024\/12\/3f038d39-ee87-4c93-9050-475062fdedc2-215x300.jpg 215w, https:\/\/www.radiopiu.net\/wordpress\/wp-content\/uploads\/2024\/12\/3f038d39-ee87-4c93-9050-475062fdedc2-733x1024.jpg 733w, https:\/\/www.radiopiu.net\/wordpress\/wp-content\/uploads\/2024\/12\/3f038d39-ee87-4c93-9050-475062fdedc2-768x1073.jpg 768w, https:\/\/www.radiopiu.net\/wordpress\/wp-content\/uploads\/2024\/12\/3f038d39-ee87-4c93-9050-475062fdedc2-1100x1536.jpg 1100w, https:\/\/www.radiopiu.net\/wordpress\/wp-content\/uploads\/2024\/12\/3f038d39-ee87-4c93-9050-475062fdedc2.jpg 1167w\" sizes=\"auto, (max-width: 215px) 100vw, 215px\" \/><\/a>Il comprensorio sciistico di Alleghe ti invita alla festa di apertura della stagione invernale 2024 \/ 2025. Domenica 15 dicembre dalle 10:00 alle 18:00 sulla terrazza della Grande Baita civetta, ci saranno in consolle RDJ, Johnny DJ e DJ Jack e special guest: Monica Morgan ! Cabinovia aperta durante tutta la durata dell\u2019evento e servizio navetta garantito da Taxi Thomas Tutte le info sulle pagine social della Grande Baita Civetta. Inizia con noi la stagione al meglio! Voglio solo questo mega party sulla neve!<\/p>\n<\/div>\n<div dir=\"auto\"><\/div>\n<div dir=\"auto\"><\/div>\n<div dir=\"auto\">Domani il concerto della Formula 3 al Teatro Buzzati alle 21, al grido di \u201cSiamo tutti figli di Battisti\u201d, Feltre Eventi intende riempire il pi\u00f9 possibile. <span class=\"html-span xdj266r x11i5rnm xat24cr x1mh8g0r xexx8yu x4uap5 x18d9i69 xkhd6sd x1hl2dhg x16tdsg8 x1vvkbs\"><a class=\"x1i10hfl xjbqb8w x1ejq31n xd10rxx x1sy0etr x17r0tee x972fbf xcfux6l x1qhh985 xm0m39n x9f619 x1ypdohk xt0psk2 xe8uvvx xdj266r x11i5rnm xat24cr x1mh8g0r xexx8yu x4uap5 x18d9i69 xkhd6sd x16tdsg8 x1hl2dhg xggy1nq x1a2a7pz x1sur9pj xkrqix3 x1fey0fg x1s688f\" tabindex=\"0\" role=\"link\" href=\"https:\/\/www.facebook.com\/groups\/61488111720\/user\/100009878145045\/?__cft__[0]=AZVeLUz6VNmcmaRcPjinQcObFEl3VBPvQZwxCwmYx4ddtqFsA2ubInlcOUP0weZRxcvymjWs-NpHEIdYD09Gg3cfeauzn229sgKlhTCZzuGaQkAj3LIPBzuaFf-uHQEIkcsJxtigiQqQ9uUAdDBnpxioYoSDPll8GDgkH4zP8QPGMg&amp;__tn__=-]K-R\"><span class=\"xt0psk2\">Giulio Zallot<\/span><\/a><\/span>, @Ivan Zatta<\/div>\n<div dir=\"auto\">e soci invitano dunque a procurarsi i biglietti online su LiveTicket, oppure cartacei, anche la sera stessa dello spettacolo direttamente in teatro. La promessa? Due ore di grandi e forti emozioni.<\/div>\n<div dir=\"auto\">S\u00ec, perch\u00e9 il trio capitanato da Tony Cicco \u00e8 tra le band che hanno fatto la storia della musica italiana, uno delle pi\u00f9 amate dei primi anni \u201870. Un gruppo fedele accompagnatore e vivido esecutore della pi\u00f9 profonda vena rock di Lucio Battisti. Il leader Tony Cicco (voce e batteria), insieme a Ciro Di Bitonto (tastiere e voce) e Angelo Anastasio (chitarra e cori), rinverdir\u00e0 quell\u2019avventura e tutti quei grandi successi. A partire dai quattro che hanno fatto veramente epoca: \u201cEppur mi son scordato di te\u201d, \u201cQuesto folle sentimento\u201d, \u201cSole giallo, sole nero\u201d, \u201cIo ritorno solo\u201d.<\/div>\n<div dir=\"auto\">I biglietti \u2013 platea e galleria centrale 35 euro, galleria laterale 30, loggione 20 \u2013 sono disponibili appunto su LiveTicket, oppure fisicamente da Viaggi Garbin a Feltre, contattando Giulio Zallot (3288176095), o ancora direttamente al botteghino del teatro.<\/div>\n<\/div>\n<div class=\"x11i5rnm xat24cr x1mh8g0r x1vvkbs xtlvy1s x126k92a\">\n<div dir=\"auto\"><\/div>\n<div dir=\"auto\"><strong>L&#8217;INTERVISTA DI MIRKO Mirko Mezzacasa<\/strong><\/div>\n<div dir=\"auto\"><strong>\u00a0<\/strong><\/div>\n<\/div>\n<blockquote class=\"wp-embedded-content\" data-secret=\"8OfIc0Nax4\"><p><a href=\"https:\/\/www.radiopiu.net\/wordpress\/a-radio-piu-tony-cicco-il-batterista-leggendario-della-formula-3\/\">A RADIO PIU&#8217;&#8230;Tony Cicco: Il Batterista Leggendario della Formula 3<\/a><\/p><\/blockquote>\n<p><iframe loading=\"lazy\" class=\"wp-embedded-content\" sandbox=\"allow-scripts\" security=\"restricted\" style=\"position: absolute; visibility: hidden;\" title=\"&#8220;A RADIO PIU&#8217;&#8230;Tony Cicco: Il Batterista Leggendario della Formula 3&#8221; &#8212; Radio Pi\u00f9\" src=\"https:\/\/www.radiopiu.net\/wordpress\/a-radio-piu-tony-cicco-il-batterista-leggendario-della-formula-3\/embed\/#?secret=ieNPf1FDkO#?secret=8OfIc0Nax4\" data-secret=\"8OfIc0Nax4\" width=\"600\" height=\"338\" frameborder=\"0\" marginwidth=\"0\" marginheight=\"0\" scrolling=\"no\"><\/iframe><\/p>\n<p>&nbsp;<\/p>\n<p>&nbsp;<\/p>\n<p><strong>SABATO E DOMENICA AL CINEMA DOLOMITI DI FALCADE IL FILM &#8220;IL GLADIATORE 2&#8221; SPETTACOLI ALLE 21, DOMENICA ANCHE ALLE 15:30<\/strong><\/p>\n<div class=\"flex-shrink-0 flex flex-col relative items-end\">\n<div class=\"pt-0\">\n<div class=\"gizmo-bot-avatar flex h-8 w-8 items-center justify-center overflow-hidden rounded-full\">\n<p class=\"relative p-1 rounded-sm flex items-center justify-center bg-token-main-surface-primary text-token-text-primary h-8 w-8\">\n<\/div>\n<\/div>\n<\/div>\n<div>\n<div class=\"\" dir=\"auto\">\n<div id=\":r9h:\" class=\"x1iorvi4 x1pi30zi x1l90r2v x1swvt13\" data-ad-comet-preview=\"message\" data-ad-preview=\"message\">\n<div>\n<div class=\"\" dir=\"auto\">\n<div id=\":r9h:\" class=\"x1iorvi4 x1pi30zi x1l90r2v x1swvt13\" data-ad-comet-preview=\"message\" data-ad-preview=\"message\">\n\n\t\t\t<style type='text\/css'>\n\t\t\t\t#gallery-3 {\n\t\t\t\t\tmargin: auto;\n\t\t\t\t}\n\t\t\t\t#gallery-3 .gallery-item {\n\t\t\t\t\tfloat: left;\n\t\t\t\t\tmargin-top: 10px;\n\t\t\t\t\ttext-align: center;\n\t\t\t\t\twidth: 25%;\n\t\t\t\t}\n\t\t\t\t#gallery-3 img {\n\t\t\t\t\tborder: 2px solid #cfcfcf;\n\t\t\t\t}\n\t\t\t\t#gallery-3 .gallery-caption {\n\t\t\t\t\tmargin-left: 0;\n\t\t\t\t}\n\t\t\t\t\/* see gallery_shortcode() in wp-includes\/media.php *\/\n\t\t\t<\/style>\n\t\t<div id='gallery-3' class='dt-gallery-container gallery galleryid-422914 gallery-columns-4 gallery-size-thumbnail'><dl class='gallery-item'>\n\t\t\t\t<dt class='gallery-icon portrait'>\n\t\t\t\t\t<a class=\"rollover rollover-zoom dt-pswp-item\" title=\"edcd2685-50c9-429e-8d38-8fdc6bd52fb6\" data-dt-img-description=\"\" data-large_image_width=\"1131\" data-large_image_height=\"1600\"href='https:\/\/www.radiopiu.net\/wordpress\/wp-content\/uploads\/2024\/12\/edcd2685-50c9-429e-8d38-8fdc6bd52fb6-1.jpg'><img loading=\"lazy\" decoding=\"async\" width=\"150\" height=\"150\" src=\"https:\/\/www.radiopiu.net\/wordpress\/wp-content\/uploads\/2024\/12\/edcd2685-50c9-429e-8d38-8fdc6bd52fb6-1-150x150.jpg\" class=\"attachment-thumbnail size-thumbnail\" alt=\"\" aria-describedby=\"gallery-3-423010\" \/><\/a>\n\t\t\t\t<\/dt>\n\t\t\t\t\t<dd class='wp-caption-text gallery-caption' id='gallery-3-423010'>\n\t\t\t\t\tA SAN TOMASO CON ORTI RUPESTRI\n\t\t\t\t\t<\/dd><\/dl><dl class='gallery-item'>\n\t\t\t\t<dt class='gallery-icon portrait'>\n\t\t\t\t\t<a class=\"rollover rollover-zoom dt-pswp-item\" title=\"c6994ae7-fc86-42ad-b3e3-bf391ac02df8\" data-dt-img-description=\"\" data-large_image_width=\"1152\" data-large_image_height=\"2048\"href='https:\/\/www.radiopiu.net\/wordpress\/wp-content\/uploads\/2024\/12\/c6994ae7-fc86-42ad-b3e3-bf391ac02df8.jpg'><img loading=\"lazy\" decoding=\"async\" width=\"150\" height=\"150\" src=\"https:\/\/www.radiopiu.net\/wordpress\/wp-content\/uploads\/2024\/12\/c6994ae7-fc86-42ad-b3e3-bf391ac02df8-150x150.jpg\" class=\"attachment-thumbnail size-thumbnail\" alt=\"\" aria-describedby=\"gallery-3-423011\" \/><\/a>\n\t\t\t\t<\/dt>\n\t\t\t\t\t<dd class='wp-caption-text gallery-caption' id='gallery-3-423011'>\n\t\t\t\t\tTRIPPE ANCHE DA ASPORTO\n\t\t\t\t\t<\/dd><\/dl><dl class='gallery-item'>\n\t\t\t\t<dt class='gallery-icon landscape'>\n\t\t\t\t\t<a class=\"rollover rollover-zoom dt-pswp-item\" title=\"39fdd585-c7bf-4fb5-b306-21630629982d\" data-dt-img-description=\"\" data-large_image_width=\"940\" data-large_image_height=\"535\"href='https:\/\/www.radiopiu.net\/wordpress\/wp-content\/uploads\/2024\/12\/39fdd585-c7bf-4fb5-b306-21630629982d.jpg'><img loading=\"lazy\" decoding=\"async\" width=\"150\" height=\"150\" src=\"https:\/\/www.radiopiu.net\/wordpress\/wp-content\/uploads\/2024\/12\/39fdd585-c7bf-4fb5-b306-21630629982d-150x150.jpg\" class=\"attachment-thumbnail size-thumbnail\" alt=\"\" \/><\/a>\n\t\t\t\t<\/dt><\/dl><dl class='gallery-item'>\n\t\t\t\t<dt class='gallery-icon portrait'>\n\t\t\t\t\t<a class=\"rollover rollover-zoom dt-pswp-item\" title=\"formula_3_loc\" data-dt-img-description=\"\" data-large_image_width=\"600\" data-large_image_height=\"821\"href='https:\/\/www.radiopiu.net\/wordpress\/wp-content\/uploads\/2024\/11\/formula_3_loc.jpg'><img loading=\"lazy\" decoding=\"async\" width=\"150\" height=\"150\" src=\"https:\/\/www.radiopiu.net\/wordpress\/wp-content\/uploads\/2024\/11\/formula_3_loc-150x150.jpg\" class=\"attachment-thumbnail size-thumbnail\" alt=\"\" aria-describedby=\"gallery-3-419609\" \/><\/a>\n\t\t\t\t<\/dt>\n\t\t\t\t\t<dd class='wp-caption-text gallery-caption' id='gallery-3-419609'>\n\t\t\t\t\tI FORMULA 3 A BELLUNO\n\t\t\t\t\t<\/dd><\/dl><br style=\"clear: both\" \/><dl class='gallery-item'>\n\t\t\t\t<dt class='gallery-icon portrait'>\n\t\t\t\t\t<a class=\"rollover rollover-zoom dt-pswp-item\" title=\"57a3778a-99b6-4687-8651-99a41c023a18\" data-dt-img-description=\"\" data-large_image_width=\"987\" data-large_image_height=\"1397\"href='https:\/\/www.radiopiu.net\/wordpress\/wp-content\/uploads\/2024\/11\/57a3778a-99b6-4687-8651-99a41c023a18.jpg'><img loading=\"lazy\" decoding=\"async\" width=\"150\" height=\"150\" src=\"https:\/\/www.radiopiu.net\/wordpress\/wp-content\/uploads\/2024\/11\/57a3778a-99b6-4687-8651-99a41c023a18-150x150.jpg\" class=\"attachment-thumbnail size-thumbnail\" alt=\"\" aria-describedby=\"gallery-3-422224\" \/><\/a>\n\t\t\t\t<\/dt>\n\t\t\t\t\t<dd class='wp-caption-text gallery-caption' id='gallery-3-422224'>\n\t\t\t\t\tAL PALAFALCADE\n\t\t\t\t\t<\/dd><\/dl><dl class='gallery-item'>\n\t\t\t\t<dt class='gallery-icon portrait'>\n\t\t\t\t\t<a class=\"rollover rollover-zoom dt-pswp-item\" title=\"manifesto serate invernali\" data-dt-img-description=\"\" data-large_image_width=\"1683\" data-large_image_height=\"2383\"href='https:\/\/www.radiopiu.net\/wordpress\/wp-content\/uploads\/2024\/11\/manifesto-serate-invernali.jpg'><img loading=\"lazy\" decoding=\"async\" width=\"150\" height=\"150\" src=\"https:\/\/www.radiopiu.net\/wordpress\/wp-content\/uploads\/2024\/11\/manifesto-serate-invernali-150x150.jpg\" class=\"attachment-thumbnail size-thumbnail\" alt=\"\" aria-describedby=\"gallery-3-418816\" \/><\/a>\n\t\t\t\t<\/dt>\n\t\t\t\t\t<dd class='wp-caption-text gallery-caption' id='gallery-3-418816'>\n\t\t\t\t\t21 FEBBRAIO\n\t\t\t\t\t<\/dd><\/dl><dl class='gallery-item'>\n\t\t\t\t<dt class='gallery-icon portrait'>\n\t\t\t\t\t<a class=\"rollover rollover-zoom dt-pswp-item\" title=\"Senza nome\" data-dt-img-description=\"\" data-large_image_width=\"609\" data-large_image_height=\"690\"href='https:\/\/www.radiopiu.net\/wordpress\/wp-content\/uploads\/2024\/11\/Senza-nome-105.png'><img loading=\"lazy\" decoding=\"async\" width=\"150\" height=\"150\" src=\"https:\/\/www.radiopiu.net\/wordpress\/wp-content\/uploads\/2024\/11\/Senza-nome-105-150x150.png\" class=\"attachment-thumbnail size-thumbnail\" alt=\"\" aria-describedby=\"gallery-3-421384\" \/><\/a>\n\t\t\t\t<\/dt>\n\t\t\t\t\t<dd class='wp-caption-text gallery-caption' id='gallery-3-421384'>\n\t\t\t\t\tGRUPPO SPORTIVO TAIBON\n\t\t\t\t\t<\/dd><\/dl><dl class='gallery-item'>\n\t\t\t\t<dt class='gallery-icon portrait'>\n\t\t\t\t\t<a class=\"rollover rollover-zoom dt-pswp-item\" title=\"FANTASMI_MARCINELLE_LOCANDINA-700\" data-dt-img-description=\"\" data-large_image_width=\"1200\" data-large_image_height=\"1696\"href='https:\/\/www.radiopiu.net\/wordpress\/wp-content\/uploads\/2024\/11\/FANTASMI_MARCINELLE_LOCANDINA-700.jpg'><img loading=\"lazy\" decoding=\"async\" width=\"150\" height=\"150\" src=\"https:\/\/www.radiopiu.net\/wordpress\/wp-content\/uploads\/2024\/11\/FANTASMI_MARCINELLE_LOCANDINA-700-150x150.jpg\" class=\"attachment-thumbnail size-thumbnail\" alt=\"\" aria-describedby=\"gallery-3-422317\" \/><\/a>\n\t\t\t\t<\/dt>\n\t\t\t\t\t<dd class='wp-caption-text gallery-caption' id='gallery-3-422317'>\n\t\t\t\t\tIL LIBRO SU MARCINELLE A SOSPIROLO\n\t\t\t\t\t<\/dd><\/dl><br style=\"clear: both\" \/><dl class='gallery-item'>\n\t\t\t\t<dt class='gallery-icon portrait'>\n\t\t\t\t\t<a class=\"rollover rollover-zoom dt-pswp-item\" title=\"convegno 150 anni cai auronzo\" data-dt-img-description=\"\" data-large_image_width=\"985\" data-large_image_height=\"1385\"href='https:\/\/www.radiopiu.net\/wordpress\/wp-content\/uploads\/2024\/12\/convegno-150-anni-cai-auronzo.jpeg'><img loading=\"lazy\" decoding=\"async\" width=\"150\" height=\"150\" src=\"https:\/\/www.radiopiu.net\/wordpress\/wp-content\/uploads\/2024\/12\/convegno-150-anni-cai-auronzo-150x150.jpeg\" class=\"attachment-thumbnail size-thumbnail\" alt=\"\" aria-describedby=\"gallery-3-422780\" \/><\/a>\n\t\t\t\t<\/dt>\n\t\t\t\t\t<dd class='wp-caption-text gallery-caption' id='gallery-3-422780'>\n\t\t\t\t\t6 DICEMBRE\n\t\t\t\t\t<\/dd><\/dl><dl class='gallery-item'>\n\t\t\t\t<dt class='gallery-icon portrait'>\n\t\t\t\t\t<a class=\"rollover rollover-zoom dt-pswp-item\" title=\"541f118a-8f00-44dd-91dd-13dcb4ddbd0d\" data-dt-img-description=\"\" data-large_image_width=\"1280\" data-large_image_height=\"1600\"href='https:\/\/www.radiopiu.net\/wordpress\/wp-content\/uploads\/2024\/11\/541f118a-8f00-44dd-91dd-13dcb4ddbd0d.jpg'><img loading=\"lazy\" decoding=\"async\" width=\"150\" height=\"150\" src=\"https:\/\/www.radiopiu.net\/wordpress\/wp-content\/uploads\/2024\/11\/541f118a-8f00-44dd-91dd-13dcb4ddbd0d-150x150.jpg\" class=\"attachment-thumbnail size-thumbnail\" alt=\"\" aria-describedby=\"gallery-3-421808\" \/><\/a>\n\t\t\t\t<\/dt>\n\t\t\t\t\t<dd class='wp-caption-text gallery-caption' id='gallery-3-421808'>\n\t\t\t\t\t6 DICEMBRE AGORDO\n\t\t\t\t\t<\/dd><\/dl><dl class='gallery-item'>\n\t\t\t\t<dt class='gallery-icon portrait'>\n\t\t\t\t\t<a class=\"rollover rollover-zoom dt-pswp-item\" title=\"comprensivo feltre\" data-dt-img-description=\"\" data-large_image_width=\"986\" data-large_image_height=\"1280\"href='https:\/\/www.radiopiu.net\/wordpress\/wp-content\/uploads\/2024\/12\/8fc404c0-b763-48aa-83e5-88aec4db8825.jpg'><img loading=\"lazy\" decoding=\"async\" width=\"150\" height=\"150\" src=\"https:\/\/www.radiopiu.net\/wordpress\/wp-content\/uploads\/2024\/12\/8fc404c0-b763-48aa-83e5-88aec4db8825-150x150.jpg\" class=\"attachment-thumbnail size-thumbnail\" alt=\"\" aria-describedby=\"gallery-3-422972\" \/><\/a>\n\t\t\t\t<\/dt>\n\t\t\t\t\t<dd class='wp-caption-text gallery-caption' id='gallery-3-422972'>\n\t\t\t\t\t7 DICEMBRE ALLEGHE \n\t\t\t\t\t<\/dd><\/dl><dl class='gallery-item'>\n\t\t\t\t<dt class='gallery-icon landscape'>\n\t\t\t\t\t<a class=\"rollover rollover-zoom dt-pswp-item\" title=\"5222307d-2a5b-4e95-9c64-cef5056dd3b3\" data-dt-img-description=\"\" data-large_image_width=\"1280\" data-large_image_height=\"904\"href='https:\/\/www.radiopiu.net\/wordpress\/wp-content\/uploads\/2024\/11\/5222307d-2a5b-4e95-9c64-cef5056dd3b3.jpg'><img loading=\"lazy\" decoding=\"async\" width=\"150\" height=\"150\" src=\"https:\/\/www.radiopiu.net\/wordpress\/wp-content\/uploads\/2024\/11\/5222307d-2a5b-4e95-9c64-cef5056dd3b3-150x150.jpg\" class=\"attachment-thumbnail size-thumbnail\" alt=\"\" aria-describedby=\"gallery-3-421843\" \/><\/a>\n\t\t\t\t<\/dt>\n\t\t\t\t\t<dd class='wp-caption-text gallery-caption' id='gallery-3-421843'>\n\t\t\t\t\t7 dicembre VOLTAGO\n\t\t\t\t\t<\/dd><\/dl><br style=\"clear: both\" \/><dl class='gallery-item'>\n\t\t\t\t<dt class='gallery-icon portrait'>\n\t\t\t\t\t<a class=\"rollover rollover-zoom dt-pswp-item\" title=\"468360033_3309476755849288_2865659872684533364_n\" data-dt-img-description=\"\" data-large_image_width=\"526\" data-large_image_height=\"699\"href='https:\/\/www.radiopiu.net\/wordpress\/wp-content\/uploads\/2024\/11\/468360033_3309476755849288_2865659872684533364_n.jpg'><img loading=\"lazy\" decoding=\"async\" width=\"150\" height=\"150\" src=\"https:\/\/www.radiopiu.net\/wordpress\/wp-content\/uploads\/2024\/11\/468360033_3309476755849288_2865659872684533364_n-150x150.jpg\" class=\"attachment-thumbnail size-thumbnail\" alt=\"\" aria-describedby=\"gallery-3-421865\" \/><\/a>\n\t\t\t\t<\/dt>\n\t\t\t\t\t<dd class='wp-caption-text gallery-caption' id='gallery-3-421865'>\n\t\t\t\t\t7 DICEMBRE ZOLDO\n\t\t\t\t\t<\/dd><\/dl><dl class='gallery-item'>\n\t\t\t\t<dt class='gallery-icon portrait'>\n\t\t\t\t\t<a class=\"rollover rollover-zoom dt-pswp-item\" title=\"22aac26b-3669-464d-82f3-94401c98d887\" data-dt-img-description=\"\" data-large_image_width=\"1131\" data-large_image_height=\"1600\"href='https:\/\/www.radiopiu.net\/wordpress\/wp-content\/uploads\/2024\/12\/22aac26b-3669-464d-82f3-94401c98d887.jpg'><img loading=\"lazy\" decoding=\"async\" width=\"150\" height=\"150\" src=\"https:\/\/www.radiopiu.net\/wordpress\/wp-content\/uploads\/2024\/12\/22aac26b-3669-464d-82f3-94401c98d887-150x150.jpg\" class=\"attachment-thumbnail size-thumbnail\" alt=\"\" aria-describedby=\"gallery-3-422605\" \/><\/a>\n\t\t\t\t<\/dt>\n\t\t\t\t\t<dd class='wp-caption-text gallery-caption' id='gallery-3-422605'>\n\t\t\t\t\t7 DICEMBRE\n\t\t\t\t\t<\/dd><\/dl><dl class='gallery-item'>\n\t\t\t\t<dt class='gallery-icon portrait'>\n\t\t\t\t\t<a class=\"rollover rollover-zoom dt-pswp-item\" title=\"13dic24-Locandina-Paola Faraon\" data-dt-img-description=\"\" data-large_image_width=\"1241\" data-large_image_height=\"1755\"href='https:\/\/www.radiopiu.net\/wordpress\/wp-content\/uploads\/2024\/11\/13dic24-Locandina-Paola-Faraon.jpg'><img loading=\"lazy\" decoding=\"async\" width=\"150\" height=\"150\" src=\"https:\/\/www.radiopiu.net\/wordpress\/wp-content\/uploads\/2024\/11\/13dic24-Locandina-Paola-Faraon-150x150.jpg\" class=\"attachment-thumbnail size-thumbnail\" alt=\"\" aria-describedby=\"gallery-3-422316\" \/><\/a>\n\t\t\t\t<\/dt>\n\t\t\t\t\t<dd class='wp-caption-text gallery-caption' id='gallery-3-422316'>\n\t\t\t\t\tLA PRESENTAZIONE DEL LIBRO DI PAOLA FARAONI\n\t\t\t\t\t<\/dd><\/dl><dl class='gallery-item'>\n\t\t\t\t<dt class='gallery-icon portrait'>\n\t\t\t\t\t<a class=\"rollover rollover-zoom dt-pswp-item\" title=\"locandina Insieme e\u0300 piu\u0300 bello\" data-dt-img-description=\"\" data-large_image_width=\"1131\" data-large_image_height=\"1600\"href='https:\/\/www.radiopiu.net\/wordpress\/wp-content\/uploads\/2024\/11\/locandina-Insieme-e-piu-bello.jpg'><img loading=\"lazy\" decoding=\"async\" width=\"150\" height=\"150\" src=\"https:\/\/www.radiopiu.net\/wordpress\/wp-content\/uploads\/2024\/11\/locandina-Insieme-e-piu-bello-150x150.jpg\" class=\"attachment-thumbnail size-thumbnail\" alt=\"\" aria-describedby=\"gallery-3-421314\" \/><\/a>\n\t\t\t\t<\/dt>\n\t\t\t\t\t<dd class='wp-caption-text gallery-caption' id='gallery-3-421314'>\n\t\t\t\t\tINSIEME A SAN GREGORIO\n\t\t\t\t\t<\/dd><\/dl><br style=\"clear: both\" \/><dl class='gallery-item'>\n\t\t\t\t<dt class='gallery-icon portrait'>\n\t\t\t\t\t<a class=\"rollover rollover-zoom dt-pswp-item\" title=\"8dic24-Questione-di-futuro-666\" data-dt-img-description=\"\" data-large_image_width=\"1200\" data-large_image_height=\"1697\"href='https:\/\/www.radiopiu.net\/wordpress\/wp-content\/uploads\/2024\/11\/8dic24-Questione-di-futuro-666.jpg'><img loading=\"lazy\" decoding=\"async\" width=\"150\" height=\"150\" src=\"https:\/\/www.radiopiu.net\/wordpress\/wp-content\/uploads\/2024\/11\/8dic24-Questione-di-futuro-666-150x150.jpg\" class=\"attachment-thumbnail size-thumbnail\" alt=\"\" aria-describedby=\"gallery-3-422318\" \/><\/a>\n\t\t\t\t<\/dt>\n\t\t\t\t\t<dd class='wp-caption-text gallery-caption' id='gallery-3-422318'>\n\t\t\t\t\tLETTURA E CONCERTO A SOSPIROLO\n\t\t\t\t\t<\/dd><\/dl><dl class='gallery-item'>\n\t\t\t\t<dt class='gallery-icon portrait'>\n\t\t\t\t\t<a class=\"rollover rollover-zoom dt-pswp-item\" title=\"RIVA NADAL 2024\" data-dt-img-description=\"\" data-large_image_width=\"841\" data-large_image_height=\"1190\"href='https:\/\/www.radiopiu.net\/wordpress\/wp-content\/uploads\/2024\/12\/RIVA-NADAL-2024.jpg'><img loading=\"lazy\" decoding=\"async\" width=\"150\" height=\"150\" src=\"https:\/\/www.radiopiu.net\/wordpress\/wp-content\/uploads\/2024\/12\/RIVA-NADAL-2024-150x150.jpg\" class=\"attachment-thumbnail size-thumbnail\" alt=\"\" aria-describedby=\"gallery-3-422752\" \/><\/a>\n\t\t\t\t<\/dt>\n\t\t\t\t\t<dd class='wp-caption-text gallery-caption' id='gallery-3-422752'>\n\t\t\t\t\tRIVA NADAL\n\t\t\t\t\t<\/dd><\/dl><dl class='gallery-item'>\n\t\t\t\t<dt class='gallery-icon portrait'>\n\t\t\t\t\t<a class=\"rollover rollover-zoom dt-pswp-item\" title=\"locandina definitiva quarantennale Biblioteca Limana\" data-dt-img-description=\"\" data-large_image_width=\"1240\" data-large_image_height=\"1754\"href='https:\/\/www.radiopiu.net\/wordpress\/wp-content\/uploads\/2024\/11\/locandina-definitiva-quarantennale-Biblioteca-Limana.jpg'><img loading=\"lazy\" decoding=\"async\" width=\"150\" height=\"150\" src=\"https:\/\/www.radiopiu.net\/wordpress\/wp-content\/uploads\/2024\/11\/locandina-definitiva-quarantennale-Biblioteca-Limana-150x150.jpg\" class=\"attachment-thumbnail size-thumbnail\" alt=\"\" aria-describedby=\"gallery-3-421652\" \/><\/a>\n\t\t\t\t<\/dt>\n\t\t\t\t\t<dd class='wp-caption-text gallery-caption' id='gallery-3-421652'>\n\t\t\t\t\t40 DELLA BIBLIOTECA DI LIMANA\n\t\t\t\t\t<\/dd><\/dl><dl class='gallery-item'>\n\t\t\t\t<dt class='gallery-icon portrait'>\n\t\t\t\t\t<a class=\"rollover rollover-zoom dt-pswp-item\" title=\"FB_IMG_1732278167201\" data-dt-img-description=\"\" data-large_image_width=\"1080\" data-large_image_height=\"1528\"href='https:\/\/www.radiopiu.net\/wordpress\/wp-content\/uploads\/2024\/12\/FB_IMG_1732278167201.jpg'><img loading=\"lazy\" decoding=\"async\" width=\"150\" height=\"150\" src=\"https:\/\/www.radiopiu.net\/wordpress\/wp-content\/uploads\/2024\/12\/FB_IMG_1732278167201-150x150.jpg\" class=\"attachment-thumbnail size-thumbnail\" alt=\"\" aria-describedby=\"gallery-3-422569\" \/><\/a>\n\t\t\t\t<\/dt>\n\t\t\t\t\t<dd class='wp-caption-text gallery-caption' id='gallery-3-422569'>\n\t\t\t\t\tAL PALASKATING DI SEDICO\n\t\t\t\t\t<\/dd><\/dl><br style=\"clear: both\" \/><dl class='gallery-item'>\n\t\t\t\t<dt class='gallery-icon landscape'>\n\t\t\t\t\t<a class=\"rollover rollover-zoom dt-pswp-item\" title=\"469053449_1104343145031657_8067662801922938272_n\" data-dt-img-description=\"\" data-large_image_width=\"958\" data-large_image_height=\"540\"href='https:\/\/www.radiopiu.net\/wordpress\/wp-content\/uploads\/2024\/12\/469053449_1104343145031657_8067662801922938272_n.jpg'><img loading=\"lazy\" decoding=\"async\" width=\"150\" height=\"150\" src=\"https:\/\/www.radiopiu.net\/wordpress\/wp-content\/uploads\/2024\/12\/469053449_1104343145031657_8067662801922938272_n-150x150.jpg\" class=\"attachment-thumbnail size-thumbnail\" alt=\"\" aria-describedby=\"gallery-3-422611\" \/><\/a>\n\t\t\t\t<\/dt>\n\t\t\t\t\t<dd class='wp-caption-text gallery-caption' id='gallery-3-422611'>\n\t\t\t\t\tA CAVALESE E BELLUNO\n\t\t\t\t\t<\/dd><\/dl><dl class='gallery-item'>\n\t\t\t\t<dt class='gallery-icon landscape'>\n\t\t\t\t\t<a class=\"rollover rollover-zoom dt-pswp-item\" title=\"CSI Natale_Agordo_7_dicembre\" data-dt-img-description=\"\" data-large_image_width=\"841\" data-large_image_height=\"841\"href='https:\/\/www.radiopiu.net\/wordpress\/wp-content\/uploads\/2024\/12\/CSI-Natale_Agordo_7_dicembre.jpg'><img loading=\"lazy\" decoding=\"async\" width=\"150\" height=\"150\" src=\"https:\/\/www.radiopiu.net\/wordpress\/wp-content\/uploads\/2024\/12\/CSI-Natale_Agordo_7_dicembre-150x150.jpg\" class=\"attachment-thumbnail size-thumbnail\" alt=\"\" aria-describedby=\"gallery-3-422965\" srcset=\"https:\/\/www.radiopiu.net\/wordpress\/wp-content\/uploads\/2024\/12\/CSI-Natale_Agordo_7_dicembre-150x150.jpg 150w, https:\/\/www.radiopiu.net\/wordpress\/wp-content\/uploads\/2024\/12\/CSI-Natale_Agordo_7_dicembre-300x300.jpg 300w, https:\/\/www.radiopiu.net\/wordpress\/wp-content\/uploads\/2024\/12\/CSI-Natale_Agordo_7_dicembre-768x768.jpg 768w, https:\/\/www.radiopiu.net\/wordpress\/wp-content\/uploads\/2024\/12\/CSI-Natale_Agordo_7_dicembre.jpg 841w\" sizes=\"auto, (max-width: 150px) 100vw, 150px\" \/><\/a>\n\t\t\t\t<\/dt>\n\t\t\t\t\t<dd class='wp-caption-text gallery-caption' id='gallery-3-422965'>\n\t\t\t\t\tIL NATALE DELLO SPORTIVO AD AGORDO\n\t\t\t\t\t<\/dd><\/dl><dl class='gallery-item'>\n\t\t\t\t<dt class='gallery-icon portrait'>\n\t\t\t\t\t<a class=\"rollover rollover-zoom dt-pswp-item\" title=\"5e3e89da-4412-40a9-8ff6-75c82d608467\" data-dt-img-description=\"\" data-large_image_width=\"945\" data-large_image_height=\"2048\"href='https:\/\/www.radiopiu.net\/wordpress\/wp-content\/uploads\/2024\/12\/5e3e89da-4412-40a9-8ff6-75c82d608467.jpg'><img loading=\"lazy\" decoding=\"async\" width=\"150\" height=\"150\" src=\"https:\/\/www.radiopiu.net\/wordpress\/wp-content\/uploads\/2024\/12\/5e3e89da-4412-40a9-8ff6-75c82d608467-150x150.jpg\" class=\"attachment-thumbnail size-thumbnail\" alt=\"\" aria-describedby=\"gallery-3-422979\" \/><\/a>\n\t\t\t\t<\/dt>\n\t\t\t\t\t<dd class='wp-caption-text gallery-caption' id='gallery-3-422979'>\n\t\t\t\t\tAD ALLEGHE IL 15\n\t\t\t\t\t<\/dd><\/dl><dl class='gallery-item'>\n\t\t\t\t<dt class='gallery-icon portrait'>\n\t\t\t\t\t<a class=\"rollover rollover-zoom dt-pswp-item\" title=\"1b3e7006-c41c-47f5-80c5-9045a4148fb7\" data-dt-img-description=\"\" data-large_image_width=\"1414\" data-large_image_height=\"2000\"href='https:\/\/www.radiopiu.net\/wordpress\/wp-content\/uploads\/2024\/12\/1b3e7006-c41c-47f5-80c5-9045a4148fb7.jpg'><img loading=\"lazy\" decoding=\"async\" width=\"150\" height=\"150\" src=\"https:\/\/www.radiopiu.net\/wordpress\/wp-content\/uploads\/2024\/12\/1b3e7006-c41c-47f5-80c5-9045a4148fb7-150x150.jpg\" class=\"attachment-thumbnail size-thumbnail\" alt=\"\" \/><\/a>\n\t\t\t\t<\/dt><\/dl><br style=\"clear: both\" \/><dl class='gallery-item'>\n\t\t\t\t<dt class='gallery-icon landscape'>\n\t\t\t\t\t<a class=\"rollover rollover-zoom dt-pswp-item\" title=\"tornao angeli 2024\" data-dt-img-description=\"\" data-large_image_width=\"941\" data-large_image_height=\"551\"href='https:\/\/www.radiopiu.net\/wordpress\/wp-content\/uploads\/2024\/12\/tornao-angeli-2024.jpg'><img loading=\"lazy\" decoding=\"async\" width=\"150\" height=\"150\" src=\"https:\/\/www.radiopiu.net\/wordpress\/wp-content\/uploads\/2024\/12\/tornao-angeli-2024-150x150.jpg\" class=\"attachment-thumbnail size-thumbnail\" alt=\"\" aria-describedby=\"gallery-3-422943\" \/><\/a>\n\t\t\t\t<\/dt>\n\t\t\t\t\t<dd class='wp-caption-text gallery-caption' id='gallery-3-422943'>\n\t\t\t\t\tIL TORNEO DEGLI ANGELI\n\t\t\t\t\t<\/dd><\/dl><dl class='gallery-item'>\n\t\t\t\t<dt class='gallery-icon portrait'>\n\t\t\t\t\t<a class=\"rollover rollover-zoom dt-pswp-item\" title=\"0073db61-77c4-47e3-8986-5b9d5f40fa8a\" data-dt-img-description=\"\" data-large_image_width=\"1448\" data-large_image_height=\"2048\"href='https:\/\/www.radiopiu.net\/wordpress\/wp-content\/uploads\/2024\/12\/0073db61-77c4-47e3-8986-5b9d5f40fa8a.jpg'><img loading=\"lazy\" decoding=\"async\" width=\"150\" height=\"150\" src=\"https:\/\/www.radiopiu.net\/wordpress\/wp-content\/uploads\/2024\/12\/0073db61-77c4-47e3-8986-5b9d5f40fa8a-150x150.jpg\" class=\"attachment-thumbnail size-thumbnail\" alt=\"\" aria-describedby=\"gallery-3-422994\" \/><\/a>\n\t\t\t\t<\/dt>\n\t\t\t\t\t<dd class='wp-caption-text gallery-caption' id='gallery-3-422994'>\n\t\t\t\t\tNATALE A LA VALLE\n\t\t\t\t\t<\/dd><\/dl><dl class='gallery-item'>\n\t\t\t\t<dt class='gallery-icon portrait'>\n\t\t\t\t\t<a class=\"rollover rollover-zoom dt-pswp-item\" title=\"cc14bd66-7d3b-4192-aabf-82af02057496\" data-dt-img-description=\"\" data-large_image_width=\"1448\" data-large_image_height=\"2048\"href='https:\/\/www.radiopiu.net\/wordpress\/wp-content\/uploads\/2024\/12\/cc14bd66-7d3b-4192-aabf-82af02057496.jpg'><img loading=\"lazy\" decoding=\"async\" width=\"150\" height=\"150\" src=\"https:\/\/www.radiopiu.net\/wordpress\/wp-content\/uploads\/2024\/12\/cc14bd66-7d3b-4192-aabf-82af02057496-150x150.jpg\" class=\"attachment-thumbnail size-thumbnail\" alt=\"\" aria-describedby=\"gallery-3-422993\" \/><\/a>\n\t\t\t\t<\/dt>\n\t\t\t\t\t<dd class='wp-caption-text gallery-caption' id='gallery-3-422993'>\n\t\t\t\t\tNATALE A LA VALLE\n\t\t\t\t\t<\/dd><\/dl>\n\t\t\t\t<br style='clear: both' \/>\n\t\t\t<\/div>\n\n<\/div>\n<\/div>\n<\/div>\n<p>&nbsp;<\/p>\n<\/div>\n<\/div>\n<\/div>\n<p>&nbsp;<\/p>\n<p>&nbsp;<\/p>\n<div>\n<div class=\"\" dir=\"auto\">\n<div id=\":r9h:\" class=\"x1iorvi4 x1pi30zi x1l90r2v x1swvt13\" data-ad-comet-preview=\"message\" data-ad-preview=\"message\"><\/div>\n<\/div>\n<\/div>\n<p>&nbsp;<\/p>\n<hr \/>\n<p>&nbsp;<\/p>\n<p class=\"mceTemp\"><a class=\"dt-pswp-item\" href=\"https:\/\/www.radiopiu.net\/wordpress\/wp-content\/uploads\/2018\/09\/WhatsApp-Image-2018-09-20-at-16.04.06.jpeg\" data-dt-img-description=\"\" data-large_image_width=\"800\" data-large_image_height=\"100\"><img loading=\"lazy\" decoding=\"async\" class=\"wp-image-61378 size-full aligncenter\" src=\"https:\/\/www.radiopiu.net\/wordpress\/wp-content\/uploads\/2018\/09\/WhatsApp-Image-2018-09-20-at-16.04.06.jpeg\" alt=\"\" width=\"800\" height=\"100\" srcset=\"https:\/\/www.radiopiu.net\/wordpress\/wp-content\/uploads\/2018\/09\/WhatsApp-Image-2018-09-20-at-16.04.06.jpeg 800w, https:\/\/www.radiopiu.net\/wordpress\/wp-content\/uploads\/2018\/09\/WhatsApp-Image-2018-09-20-at-16.04.06-300x38.jpeg 300w, https:\/\/www.radiopiu.net\/wordpress\/wp-content\/uploads\/2018\/09\/WhatsApp-Image-2018-09-20-at-16.04.06-768x96.jpeg 768w\" sizes=\"auto, (max-width: 800px) 100vw, 800px\" \/><\/a><\/p>\n<p><center><\/center><center><\/center><center><b>\u00a0<\/b><\/center><center><b>OGGI<\/b><\/center>Tempo stabile con sole e cielo terso fino al primo pomeriggio, in serata arrivo di nubi medio-alte in grado di coprire il cielo Alla sera estesa nuvolosit\u00e0 medio-alta. Il contesto termico sar\u00e0 invernale a tutte le quote.<br \/>\n<b>Precipitazioni: <\/b>Assenti<br \/>\n<b>Temperature: <\/b>Minime in generale calo, pi\u00f9 marcato nelle valli. Massime in rialzo oltre i 1800-2000 m e in diminuzione sotto tali quote, specie nelle valli in ombra.<\/p>\n<hr \/>\n<p><center><b>DOMANI<\/b><\/center><b>Tempo atteso: <\/b>Tra notte e parte del mattino nuvolosit\u00e0 irregolare, a tratti estesa. Dalle ore centrali miglioramento del tempo con ampie schiarite tra Prealpi e Dolomiti meridionali, mentre una residua nuvolosit\u00e0 interesser\u00e0 le creste di confine.<br \/>\n<b>Precipitazioni: <\/b>Tra notte e mattino qualche fiocco sulle cime Dolomitiche specie centro-settentrionali<br \/>\n<b>Temperature: <\/b>Temperature in generale lieve aumento sia per avvezione di aria meno fredda in quota che per Foehn in alcune valli.<\/p>\n<hr \/>\n<p><center><b>SABATO<\/b><\/center>Nuovo peggioramento del tempo con aumento della nuvolosit\u00e0 dal mattino fino a cielo coperto e prime deboli precipitazioni sparse entro le ore centrali del giorno su Prealpi occidentali. Al pomeriggio e soprattutto vero sera tempo perturbato con precipitazioni diffuse perlopi\u00f9 deboli. Il limite neve scender\u00e0 fino a 700-900 m sulle Dolomiti ed a 800-1000 m sulle Prealpi. Temperature in generale calo.<\/p>\n<hr \/>\n<p><center><b>DOMENICA<\/b><\/center>Cielo molto nuvoloso o coperto con deboli precipitazioni diffuse fino al mattino, in esaurimento nel pomeriggio. Limite neve attorno a 700-900 m su Dolomiti e 900-1100 m su Prealpi in generale lieve rialzo. Temperature massime in calo.<\/p>\n<p>&nbsp;<\/p>\n<blockquote class=\"wp-embedded-content\" data-secret=\"CDOo2Bm1xM\"><p><a href=\"https:\/\/www.radiopiu.net\/wordpress\/torna-la-neve-sulle-cime-dolomitiche-il-bollettino-neve-al-suolo-di-arpav\/\">TORNA LA NEVE SULLE CIME DOLOMITICHE. IL BOLLETTINO NEVE AL SUOLO DI ARPAV<\/a><\/p><\/blockquote>\n<p><iframe loading=\"lazy\" class=\"wp-embedded-content\" sandbox=\"allow-scripts\" security=\"restricted\" style=\"position: absolute; visibility: hidden;\" title=\"&#8220;TORNA LA NEVE SULLE CIME DOLOMITICHE. IL BOLLETTINO NEVE AL SUOLO DI ARPAV&#8221; &#8212; Radio Pi\u00f9\" src=\"https:\/\/www.radiopiu.net\/wordpress\/torna-la-neve-sulle-cime-dolomitiche-il-bollettino-neve-al-suolo-di-arpav\/embed\/#?secret=Ci20CXqbs5#?secret=CDOo2Bm1xM\" data-secret=\"CDOo2Bm1xM\" width=\"600\" height=\"338\" frameborder=\"0\" marginwidth=\"0\" marginheight=\"0\" scrolling=\"no\"><\/iframe><\/p>\n<p>&nbsp;<\/p>\n<hr \/>\n<p>&nbsp;<\/p>\n<p>&nbsp;<\/p>\n<p class=\"mceTemp\"><a class=\"dt-pswp-item\" href=\"https:\/\/www.radiopiu.net\/wordpress\/wp-content\/uploads\/2018\/09\/sport.jpg\" data-dt-img-description=\"\" data-large_image_width=\"800\" data-large_image_height=\"100\"><img loading=\"lazy\" decoding=\"async\" class=\"aligncenter wp-image-60761 size-full\" src=\"https:\/\/www.radiopiu.net\/wordpress\/wp-content\/uploads\/2018\/09\/sport.jpg\" alt=\"\" width=\"800\" height=\"100\" srcset=\"https:\/\/www.radiopiu.net\/wordpress\/wp-content\/uploads\/2018\/09\/sport.jpg 800w, https:\/\/www.radiopiu.net\/wordpress\/wp-content\/uploads\/2018\/09\/sport-300x38.jpg 300w, https:\/\/www.radiopiu.net\/wordpress\/wp-content\/uploads\/2018\/09\/sport-768x96.jpg 768w\" sizes=\"auto, (max-width: 800px) 100vw, 800px\" \/><\/a><span style=\"color: #0000ff;\"><strong>\u00a0 \u00a0 \u00a0 \u00a0 \u00a0 \u00a0 \u00a0\u00a0<\/strong><\/span><\/p>\n<p><span style=\"color: #0000ff;\"><strong>HOCKEY\u00a0<\/strong><\/span><\/p>\n<blockquote>\n<h3>ALLEGHE AD ALBA DI CANAZEI PER IL DERBY DEL FEDAIA<\/h3>\n<\/blockquote>\n<p><strong><a class=\"dt-pswp-item\" href=\"https:\/\/www.radiopiu.net\/wordpress\/wp-content\/uploads\/2024\/12\/39fdd585-c7bf-4fb5-b306-21630629982d.jpg\" data-dt-img-description=\"\" data-large_image_width=\"940\" data-large_image_height=\"535\"><img loading=\"lazy\" decoding=\"async\" class=\"size-medium wp-image-422920 alignleft\" src=\"https:\/\/www.radiopiu.net\/wordpress\/wp-content\/uploads\/2024\/12\/39fdd585-c7bf-4fb5-b306-21630629982d-300x171.jpg\" alt=\"\" width=\"300\" height=\"171\" srcset=\"https:\/\/www.radiopiu.net\/wordpress\/wp-content\/uploads\/2024\/12\/39fdd585-c7bf-4fb5-b306-21630629982d-300x171.jpg 300w, https:\/\/www.radiopiu.net\/wordpress\/wp-content\/uploads\/2024\/12\/39fdd585-c7bf-4fb5-b306-21630629982d-768x437.jpg 768w, https:\/\/www.radiopiu.net\/wordpress\/wp-content\/uploads\/2024\/12\/39fdd585-c7bf-4fb5-b306-21630629982d.jpg 940w\" sizes=\"auto, (max-width: 300px) 100vw, 300px\" \/><\/a>DI ROBERTO MIANA, PORTAVOCE DELL&#8217;ALLEGHE HOCKEY<\/strong><\/p>\n<p>Diciannovesima giornata del campionato IHL di hockey su ghiaccio, gioved\u00ec 5 dicembre alle 20:30, Alleghe a Canazei contro i Fassa Falcons.<br \/>\nL\u2019Alleghe \u00e8 reduce dall\u2019importantissima vittoria casalinga 3-0 sul Valpellice. Primo tempo nel quale le Civette chiudono gi\u00e0 virtualmente la pratica, nonostante l\u2019intraprendenza degli ospiti, andando a rete con la doppietta di Loris De Val e la marcatura di Diego Iori (quattro centri nelle tre gare disputate fino ad ora in maglia biancorossa). Nel secondo periodo i Bulldogs provano a riaprire la contesa, ma gli alleghesi si difendono bene, mancando a loro volta la quarta marcatura. Terza frazione con gli agordini che peccano di precisione sottoporta ma negano la rete della bandiera alla Valpe, portando cos\u00ec a casa un meritato shutout per Gianni Scola e tre punti fondamentali per la rincorsa al Master Round. Alleghe che, dopo sedici gare (una in meno degli avversari), \u00e8 sesto in classifica con 23 punti. Il Fassa, nell\u2019ultima gara di campionato, ha dovuto cedere l\u2019onore delle armi al Valdifiemme, uscito vittorioso 5-2 dal ghiaccio di Canazei. I Falchi, dopo diciassette gare disputate, occupano la decima posizione in classifica con 18 punti. Miglior realizzatore dei trentini il finlandese Niklas Salo, con 13 reti e 16 assist a referto. Per le statistiche, l\u2019unica sfida tra Alleghe e Fassa nel campionato IHL \u00e8 la gara di andata, giocata il 14 novembre, che ha registrato la vittoria dei Falcons per 4-3 al \u201cDe Toni\u201d.<\/p>\n<p><strong>FASSA FALCONS &#8211; ALLEGHE HOCKEY<\/strong><br \/>\nGioved\u00ec 5 Dicembre ore 20:30 &#8211; Palaghiaccio Gianmario Scola di Alba di Canazei (Tn). Arbitri: Alessio Bedana e Andrea Moschen con giudici di linea Andrea Carrito e Matteo De Cristofaro. Collegamenti in DIRETTA RADIOFONICA su Radio Pi\u00f9 (www.radiopiu.net) con \u201chockey al punto giusto\u201d, in studio Marco Gaz e da Canazei interventi di Federico Paganin<\/p>\n<p>&nbsp;<\/p>\n<p><strong><span style=\"color: #0000ff;\">CALCIO A 5<\/span><\/strong><\/p>\n<blockquote>\n<h3>AL PALAROVA DI AGORDO IL TORNEO DEGLI ANGELI 2024<\/h3>\n<\/blockquote>\n<p><strong><a class=\"dt-pswp-item\" href=\"https:\/\/www.radiopiu.net\/wordpress\/wp-content\/uploads\/2024\/12\/1f10468c-788d-4a41-8a22-f8c6fe151177.jpg\" data-dt-img-description=\"\" data-large_image_width=\"942\" data-large_image_height=\"1317\"><img loading=\"lazy\" decoding=\"async\" class=\"size-medium wp-image-422942 alignleft\" src=\"https:\/\/www.radiopiu.net\/wordpress\/wp-content\/uploads\/2024\/12\/1f10468c-788d-4a41-8a22-f8c6fe151177-215x300.jpg\" alt=\"\" width=\"215\" height=\"300\" srcset=\"https:\/\/www.radiopiu.net\/wordpress\/wp-content\/uploads\/2024\/12\/1f10468c-788d-4a41-8a22-f8c6fe151177-215x300.jpg 215w, https:\/\/www.radiopiu.net\/wordpress\/wp-content\/uploads\/2024\/12\/1f10468c-788d-4a41-8a22-f8c6fe151177-732x1024.jpg 732w, https:\/\/www.radiopiu.net\/wordpress\/wp-content\/uploads\/2024\/12\/1f10468c-788d-4a41-8a22-f8c6fe151177-768x1074.jpg 768w, https:\/\/www.radiopiu.net\/wordpress\/wp-content\/uploads\/2024\/12\/1f10468c-788d-4a41-8a22-f8c6fe151177.jpg 942w\" sizes=\"auto, (max-width: 215px) 100vw, 215px\" \/><\/a> <\/strong><\/p>\n<p><strong>\u00a0<\/strong><\/p>\n<p><strong>\u00a0<\/strong><\/p>\n<p><strong>AGORDO<\/strong> Torna il tradizionale appuntamento con il Torneo Degli Angeli, il torno di calcio a 5 organizzato dall&#8217;Unione Sportiva Le Ville in memoria di Thierry Brancaleone e Denis Benvegn\u00f9. Arrivata alla sua 17esima edizione, la manifestazione inizier\u00e0 questo fine settimana con le prime partite del girone di qualificazione alla fase finale in programma domenica 22 dicembre quando nel pomeriggio si giocheranno le semifinali e a seguire la finalissima. Tre settimane di sport con l&#8217;US Le Ville che colgono l&#8217;occasione per invitare tutti al PalaRova per assistere alle partite e, nella giornata finale, per un rinfresco anche per scambiarsi gli auguri di buone feste.<\/p>\n<p>&nbsp;<\/p>\n<p>&nbsp;<\/p>\n<p>&nbsp;<\/p>\n<p>&nbsp;<\/p>\n<p><span style=\"color: #0000ff;\"><strong>PALLAVOLO<\/strong><\/span><\/p>\n<blockquote>\n<h3><a class=\"dt-pswp-item\" href=\"https:\/\/www.radiopiu.net\/wordpress\/wp-content\/uploads\/2024\/12\/Esordio_in_A3_per_Devranis.jpg\" data-dt-img-description=\"\" data-large_image_width=\"1153\" data-large_image_height=\"1514\"><img loading=\"lazy\" decoding=\"async\" class=\" wp-image-422934 alignleft\" src=\"https:\/\/www.radiopiu.net\/wordpress\/wp-content\/uploads\/2024\/12\/Esordio_in_A3_per_Devranis-228x300.jpg\" alt=\"\" width=\"135\" height=\"177\" srcset=\"https:\/\/www.radiopiu.net\/wordpress\/wp-content\/uploads\/2024\/12\/Esordio_in_A3_per_Devranis-228x300.jpg 228w, https:\/\/www.radiopiu.net\/wordpress\/wp-content\/uploads\/2024\/12\/Esordio_in_A3_per_Devranis-780x1024.jpg 780w, https:\/\/www.radiopiu.net\/wordpress\/wp-content\/uploads\/2024\/12\/Esordio_in_A3_per_Devranis-768x1008.jpg 768w, https:\/\/www.radiopiu.net\/wordpress\/wp-content\/uploads\/2024\/12\/Esordio_in_A3_per_Devranis.jpg 1153w\" sizes=\"auto, (max-width: 135px) 100vw, 135px\" \/><\/a>IL SOGNO DI DEVRANIS SI AVVERA<\/h3>\n<\/blockquote>\n<p>Cristian Devranis, giovane libero del Belluno Volley, gioca a pallavolo da soli quattro anni e ha esordito in Serie A3 il 1\u00b0 dicembre, appena maggiorenne, durante una partita vinta contro l\u2019ErmGroup Altotevere San Giustino. Chiamato in campo dal coach Marco Marzola, ha descritto l\u2019esperienza come un\u2019emozione indescrivibile, frutto di tanti sacrifici. Determinato e maturo, Cristian si definisce un libero di difesa, consapevole delle difficolt\u00e0 in ricezione, ma impegnato a migliorare. Fuori dal campo, si considera \u201clibero di sognare\u201d e apprezza il supporto ricevuto dalla squadra e dagli allenatori, a cui rivolge un sentito ringraziamento. Intanto, il Belluno Volley si prepara alla sfida contro la capolista del girone, il Gabbiano Farmamed Mantova.<\/p>\n<p>&nbsp;<\/p>\n<hr \/>\n<p>&nbsp;<\/p>\n<h2><span style=\"color: #99cc00;\">GOODBYE BY BICICLE&#8230;UN VIAGGIO DALL&#8217;INDIA A SEREN DEL GRAPPA IN BICICLETTA<\/span><\/h2>\n<p><span style=\"color: #ff0000;\"><strong>PUNTATA 38 &#8211; DA BOLOGNA A LA SPEZIA, PASSANDO PER FIRENZE<\/strong><\/span><\/p>\n<audio class=\"wp-audio-shortcode\" id=\"audio-422914-31\" preload=\"none\" style=\"width: 100%;\" controls=\"controls\"><source type=\"audio\/mpeg\" src=\"https:\/\/www.radiopiu.net\/wordpress\/wp-content\/uploads\/2024\/11\/AIRE-INDIA-PUNTATA-38.mp3?_=31\" \/><a href=\"https:\/\/www.radiopiu.net\/wordpress\/wp-content\/uploads\/2024\/11\/AIRE-INDIA-PUNTATA-38.mp3\">https:\/\/www.radiopiu.net\/wordpress\/wp-content\/uploads\/2024\/11\/AIRE-INDIA-PUNTATA-38.mp3<\/a><\/audio>\n<p>&nbsp;<\/p>\n<p><strong>PER VISITARE I SITI DEI LUOGHI VISITATI, CLICCA SULLE SEGUENTI SCRITTE: <span style=\"color: #3366ff;\"><a href=\"https:\/\/mondeggibenecomune.org\/chi-siamo\/\">MONDEGGI BENE COMUNE<\/a>\u00a0 \u00a0<a href=\"https:\/\/insorgiamo.org\/\">INSORGIAMO<\/a>\u00a0 \u00a0<a href=\"https:\/\/www.progettomeraki.org\/\">PROGETTO MERAKI<\/a>\u00a0 \u00a0<a href=\"https:\/\/www.bcargo.bike\/\">BCARGO BIKE<\/a><\/span><\/strong><\/p>\n<p>&nbsp;<\/p>\n\n\t\t\t<style type='text\/css'>\n\t\t\t\t#gallery-4 {\n\t\t\t\t\tmargin: auto;\n\t\t\t\t}\n\t\t\t\t#gallery-4 .gallery-item {\n\t\t\t\t\tfloat: left;\n\t\t\t\t\tmargin-top: 10px;\n\t\t\t\t\ttext-align: center;\n\t\t\t\t\twidth: 16%;\n\t\t\t\t}\n\t\t\t\t#gallery-4 img {\n\t\t\t\t\tborder: 2px solid #cfcfcf;\n\t\t\t\t}\n\t\t\t\t#gallery-4 .gallery-caption {\n\t\t\t\t\tmargin-left: 0;\n\t\t\t\t}\n\t\t\t\t\/* see gallery_shortcode() in wp-includes\/media.php *\/\n\t\t\t<\/style>\n\t\t<div id='gallery-4' class='dt-gallery-container gallery galleryid-422914 gallery-columns-6 gallery-size-thumbnail'><dl class='gallery-item'>\n\t\t\t\t<dt class='gallery-icon landscape'>\n\t\t\t\t\t<a class=\"rollover rollover-zoom dt-pswp-item\" title=\"8e124931-f4f9-49ae-b524-2a291cb26fe8\" data-dt-img-description=\"\" data-large_image_width=\"2560\" data-large_image_height=\"1920\"href='https:\/\/www.radiopiu.net\/wordpress\/wp-content\/uploads\/2024\/11\/8e124931-f4f9-49ae-b524-2a291cb26fe8-scaled.jpg'><img loading=\"lazy\" decoding=\"async\" width=\"150\" height=\"150\" src=\"https:\/\/www.radiopiu.net\/wordpress\/wp-content\/uploads\/2024\/11\/8e124931-f4f9-49ae-b524-2a291cb26fe8-150x150.jpg\" class=\"attachment-thumbnail size-thumbnail\" alt=\"\" \/><\/a>\n\t\t\t\t<\/dt><\/dl><dl class='gallery-item'>\n\t\t\t\t<dt class='gallery-icon landscape'>\n\t\t\t\t\t<a class=\"rollover rollover-zoom dt-pswp-item\" title=\"ce81a38f-9e92-4761-a1bc-67a545f94fc8\" data-dt-img-description=\"\" data-large_image_width=\"2560\" data-large_image_height=\"1920\"href='https:\/\/www.radiopiu.net\/wordpress\/wp-content\/uploads\/2024\/11\/ce81a38f-9e92-4761-a1bc-67a545f94fc8-scaled.jpg'><img loading=\"lazy\" decoding=\"async\" width=\"150\" height=\"150\" src=\"https:\/\/www.radiopiu.net\/wordpress\/wp-content\/uploads\/2024\/11\/ce81a38f-9e92-4761-a1bc-67a545f94fc8-150x150.jpg\" class=\"attachment-thumbnail size-thumbnail\" alt=\"\" \/><\/a>\n\t\t\t\t<\/dt><\/dl><dl class='gallery-item'>\n\t\t\t\t<dt class='gallery-icon landscape'>\n\t\t\t\t\t<a class=\"rollover rollover-zoom dt-pswp-item\" title=\"f807d258-e9bb-4c57-bd22-b67ec9c3051d\" data-dt-img-description=\"\" data-large_image_width=\"2560\" data-large_image_height=\"1920\"href='https:\/\/www.radiopiu.net\/wordpress\/wp-content\/uploads\/2024\/11\/f807d258-e9bb-4c57-bd22-b67ec9c3051d-scaled.jpg'><img loading=\"lazy\" decoding=\"async\" width=\"150\" height=\"150\" src=\"https:\/\/www.radiopiu.net\/wordpress\/wp-content\/uploads\/2024\/11\/f807d258-e9bb-4c57-bd22-b67ec9c3051d-150x150.jpg\" class=\"attachment-thumbnail size-thumbnail\" alt=\"\" \/><\/a>\n\t\t\t\t<\/dt><\/dl><dl class='gallery-item'>\n\t\t\t\t<dt class='gallery-icon landscape'>\n\t\t\t\t\t<a class=\"rollover rollover-zoom dt-pswp-item\" title=\"c2021cd8-8d94-4886-bee7-050da1b9ea1a\" data-dt-img-description=\"\" data-large_image_width=\"2560\" data-large_image_height=\"1920\"href='https:\/\/www.radiopiu.net\/wordpress\/wp-content\/uploads\/2024\/11\/c2021cd8-8d94-4886-bee7-050da1b9ea1a-scaled.jpg'><img loading=\"lazy\" decoding=\"async\" width=\"150\" height=\"150\" src=\"https:\/\/www.radiopiu.net\/wordpress\/wp-content\/uploads\/2024\/11\/c2021cd8-8d94-4886-bee7-050da1b9ea1a-150x150.jpg\" class=\"attachment-thumbnail size-thumbnail\" alt=\"\" \/><\/a>\n\t\t\t\t<\/dt><\/dl><dl class='gallery-item'>\n\t\t\t\t<dt class='gallery-icon landscape'>\n\t\t\t\t\t<a class=\"rollover rollover-zoom dt-pswp-item\" title=\"ce0b7c5d-c608-4704-8282-8146e85bbc35\" data-dt-img-description=\"\" data-large_image_width=\"2560\" data-large_image_height=\"1920\"href='https:\/\/www.radiopiu.net\/wordpress\/wp-content\/uploads\/2024\/11\/ce0b7c5d-c608-4704-8282-8146e85bbc35-scaled.jpg'><img loading=\"lazy\" decoding=\"async\" width=\"150\" height=\"150\" src=\"https:\/\/www.radiopiu.net\/wordpress\/wp-content\/uploads\/2024\/11\/ce0b7c5d-c608-4704-8282-8146e85bbc35-150x150.jpg\" class=\"attachment-thumbnail size-thumbnail\" alt=\"\" \/><\/a>\n\t\t\t\t<\/dt><\/dl><dl class='gallery-item'>\n\t\t\t\t<dt class='gallery-icon landscape'>\n\t\t\t\t\t<a class=\"rollover rollover-zoom dt-pswp-item\" title=\"a8348074-49c1-47c4-a84d-227a27df4323\" data-dt-img-description=\"\" data-large_image_width=\"2560\" data-large_image_height=\"1920\"href='https:\/\/www.radiopiu.net\/wordpress\/wp-content\/uploads\/2024\/11\/a8348074-49c1-47c4-a84d-227a27df4323-scaled.jpg'><img loading=\"lazy\" decoding=\"async\" width=\"150\" height=\"150\" src=\"https:\/\/www.radiopiu.net\/wordpress\/wp-content\/uploads\/2024\/11\/a8348074-49c1-47c4-a84d-227a27df4323-150x150.jpg\" class=\"attachment-thumbnail size-thumbnail\" alt=\"\" \/><\/a>\n\t\t\t\t<\/dt><\/dl><br style=\"clear: both\" \/>\n\t\t\t<\/div>\n\n<h2>LA RACCOLTA COMPLETA <a href=\"https:\/\/www.radiopiu.net\/wordpress\/goodbye-by-bicicle-un-viaggio-dallindia-a-seren-del-grappa-in-bicicletta-38\/\"><span style=\"color: #3366ff;\">CLICCA QUI<\/span><\/a><\/h2>\n<p>&nbsp;<\/p>\n<p>&nbsp;<\/p>\n<p>&nbsp;<\/p>\n<p>&nbsp;<\/p>\n<p><a class=\"dt-pswp-item\" href=\"https:\/\/www.radiopiu.net\/wordpress\/wp-content\/uploads\/2024\/12\/8fc404c0-b763-48aa-83e5-88aec4db8825.jpg\" data-dt-img-description=\"\" data-large_image_width=\"986\" data-large_image_height=\"1280\"><img loading=\"lazy\" decoding=\"async\" class=\"alignnone size-medium wp-image-422972\" src=\"https:\/\/www.radiopiu.net\/wordpress\/wp-content\/uploads\/2024\/12\/8fc404c0-b763-48aa-83e5-88aec4db8825-231x300.jpg\" alt=\"\" width=\"231\" height=\"300\" srcset=\"https:\/\/www.radiopiu.net\/wordpress\/wp-content\/uploads\/2024\/12\/8fc404c0-b763-48aa-83e5-88aec4db8825-231x300.jpg 231w, https:\/\/www.radiopiu.net\/wordpress\/wp-content\/uploads\/2024\/12\/8fc404c0-b763-48aa-83e5-88aec4db8825-789x1024.jpg 789w, https:\/\/www.radiopiu.net\/wordpress\/wp-content\/uploads\/2024\/12\/8fc404c0-b763-48aa-83e5-88aec4db8825-768x997.jpg 768w, https:\/\/www.radiopiu.net\/wordpress\/wp-content\/uploads\/2024\/12\/8fc404c0-b763-48aa-83e5-88aec4db8825.jpg 986w\" sizes=\"auto, (max-width: 231px) 100vw, 231px\" \/><\/a><a class=\"dt-pswp-item\" href=\"https:\/\/www.radiopiu.net\/wordpress\/wp-content\/uploads\/2024\/12\/1b3e7006-c41c-47f5-80c5-9045a4148fb7.jpg\" data-dt-img-description=\"\" data-large_image_width=\"1414\" data-large_image_height=\"2000\"><img loading=\"lazy\" decoding=\"async\" class=\"alignnone size-medium wp-image-422973\" src=\"https:\/\/www.radiopiu.net\/wordpress\/wp-content\/uploads\/2024\/12\/1b3e7006-c41c-47f5-80c5-9045a4148fb7-212x300.jpg\" alt=\"\" width=\"212\" height=\"300\" srcset=\"https:\/\/www.radiopiu.net\/wordpress\/wp-content\/uploads\/2024\/12\/1b3e7006-c41c-47f5-80c5-9045a4148fb7-212x300.jpg 212w, https:\/\/www.radiopiu.net\/wordpress\/wp-content\/uploads\/2024\/12\/1b3e7006-c41c-47f5-80c5-9045a4148fb7-724x1024.jpg 724w, https:\/\/www.radiopiu.net\/wordpress\/wp-content\/uploads\/2024\/12\/1b3e7006-c41c-47f5-80c5-9045a4148fb7-768x1086.jpg 768w, https:\/\/www.radiopiu.net\/wordpress\/wp-content\/uploads\/2024\/12\/1b3e7006-c41c-47f5-80c5-9045a4148fb7-1086x1536.jpg 1086w, https:\/\/www.radiopiu.net\/wordpress\/wp-content\/uploads\/2024\/12\/1b3e7006-c41c-47f5-80c5-9045a4148fb7.jpg 1414w\" sizes=\"auto, (max-width: 212px) 100vw, 212px\" \/><\/a><a class=\"dt-pswp-item\" href=\"https:\/\/www.radiopiu.net\/wordpress\/wp-content\/uploads\/2024\/12\/th-1.jpg\" data-dt-img-description=\"\" data-large_image_width=\"320\" data-large_image_height=\"180\"><img loading=\"lazy\" decoding=\"async\" class=\"alignnone size-medium wp-image-422974\" src=\"https:\/\/www.radiopiu.net\/wordpress\/wp-content\/uploads\/2024\/12\/th-1-300x169.jpg\" alt=\"\" width=\"300\" height=\"169\" srcset=\"https:\/\/www.radiopiu.net\/wordpress\/wp-content\/uploads\/2024\/12\/th-1-300x169.jpg 300w, https:\/\/www.radiopiu.net\/wordpress\/wp-content\/uploads\/2024\/12\/th-1.jpg 320w\" sizes=\"auto, (max-width: 300px) 100vw, 300px\" \/> <\/a><a class=\"dt-pswp-item\" href=\"https:\/\/www.radiopiu.net\/wordpress\/wp-content\/uploads\/2024\/12\/edcd2685-50c9-429e-8d38-8fdc6bd52fb6-1.jpg\" data-dt-img-description=\"\" data-large_image_width=\"1131\" data-large_image_height=\"1600\"><img loading=\"lazy\" decoding=\"async\" class=\"alignnone size-medium wp-image-423010\" src=\"https:\/\/www.radiopiu.net\/wordpress\/wp-content\/uploads\/2024\/12\/edcd2685-50c9-429e-8d38-8fdc6bd52fb6-1-212x300.jpg\" alt=\"\" width=\"212\" height=\"300\" srcset=\"https:\/\/www.radiopiu.net\/wordpress\/wp-content\/uploads\/2024\/12\/edcd2685-50c9-429e-8d38-8fdc6bd52fb6-1-212x300.jpg 212w, https:\/\/www.radiopiu.net\/wordpress\/wp-content\/uploads\/2024\/12\/edcd2685-50c9-429e-8d38-8fdc6bd52fb6-1-724x1024.jpg 724w, https:\/\/www.radiopiu.net\/wordpress\/wp-content\/uploads\/2024\/12\/edcd2685-50c9-429e-8d38-8fdc6bd52fb6-1-768x1086.jpg 768w, https:\/\/www.radiopiu.net\/wordpress\/wp-content\/uploads\/2024\/12\/edcd2685-50c9-429e-8d38-8fdc6bd52fb6-1-1086x1536.jpg 1086w, https:\/\/www.radiopiu.net\/wordpress\/wp-content\/uploads\/2024\/12\/edcd2685-50c9-429e-8d38-8fdc6bd52fb6-1.jpg 1131w\" sizes=\"auto, (max-width: 212px) 100vw, 212px\" \/><\/a><a class=\"dt-pswp-item\" href=\"https:\/\/www.radiopiu.net\/wordpress\/wp-content\/uploads\/2024\/12\/c6994ae7-fc86-42ad-b3e3-bf391ac02df8.jpg\" data-dt-img-description=\"\" data-large_image_width=\"1152\" data-large_image_height=\"2048\"><img loading=\"lazy\" decoding=\"async\" class=\"alignnone size-medium wp-image-423011\" src=\"https:\/\/www.radiopiu.net\/wordpress\/wp-content\/uploads\/2024\/12\/c6994ae7-fc86-42ad-b3e3-bf391ac02df8-169x300.jpg\" alt=\"\" width=\"169\" height=\"300\" srcset=\"https:\/\/www.radiopiu.net\/wordpress\/wp-content\/uploads\/2024\/12\/c6994ae7-fc86-42ad-b3e3-bf391ac02df8-169x300.jpg 169w, https:\/\/www.radiopiu.net\/wordpress\/wp-content\/uploads\/2024\/12\/c6994ae7-fc86-42ad-b3e3-bf391ac02df8-576x1024.jpg 576w, https:\/\/www.radiopiu.net\/wordpress\/wp-content\/uploads\/2024\/12\/c6994ae7-fc86-42ad-b3e3-bf391ac02df8-768x1365.jpg 768w, https:\/\/www.radiopiu.net\/wordpress\/wp-content\/uploads\/2024\/12\/c6994ae7-fc86-42ad-b3e3-bf391ac02df8-864x1536.jpg 864w, https:\/\/www.radiopiu.net\/wordpress\/wp-content\/uploads\/2024\/12\/c6994ae7-fc86-42ad-b3e3-bf391ac02df8.jpg 1152w\" sizes=\"auto, (max-width: 169px) 100vw, 169px\" \/><\/a><\/p>\n","protected":false},"excerpt":{"rendered":"<p>***** &nbsp; LA\u00a0 APP PER IOS-IPHONE di Nicola Vettorello https:\/\/apps.apple.com\/it\/app\/radio-pi%C3%B9-emittente-agordina\/id1515939845 LA\u00a0 APP RADIO\u00a0 PER ANDROID di Nicola Vettorello https:\/\/play.google.com\/store\/apps\/details?id=net.radiopiu.iniko\u00a0\u00a0\u00a0 &nbsp; &nbsp; &nbsp; OGGI A RADIO PIU&#8217;&#8230; TRA L&#8217;ALTRO:\u00a0 10 10\u00a0 cosa guardo questa sera in TV, sono i consiglio di Paola Lanciato. Il nuovo programma in onda il martedi e giovedi, non i soliti programmi&hellip;<\/p>\n","protected":false},"author":4,"featured_media":423028,"comment_status":"closed","ping_status":"closed","sticky":false,"template":"","format":"standard","meta":{"_monsterinsights_skip_tracking":false,"_monsterinsights_sitenote_active":false,"_monsterinsights_sitenote_note":"","_monsterinsights_sitenote_category":0,"footnotes":""},"categories":[51,86,49],"tags":[],"class_list":["post-422914","post","type-post","status-publish","format-standard","has-post-thumbnail","hentry","category-evidenza-top","category-gr","category-news-18","category-51","category-86","category-49","description-off"],"img_url":"https:\/\/www.radiopiu.net\/wordpress\/wp-content\/uploads\/2024\/12\/Senza-nome-30.png","_links":{"self":[{"href":"https:\/\/www.radiopiu.net\/wordpress\/wp-json\/wp\/v2\/posts\/422914","targetHints":{"allow":["GET"]}}],"collection":[{"href":"https:\/\/www.radiopiu.net\/wordpress\/wp-json\/wp\/v2\/posts"}],"about":[{"href":"https:\/\/www.radiopiu.net\/wordpress\/wp-json\/wp\/v2\/types\/post"}],"author":[{"embeddable":true,"href":"https:\/\/www.radiopiu.net\/wordpress\/wp-json\/wp\/v2\/users\/4"}],"replies":[{"embeddable":true,"href":"https:\/\/www.radiopiu.net\/wordpress\/wp-json\/wp\/v2\/comments?post=422914"}],"version-history":[{"count":30,"href":"https:\/\/www.radiopiu.net\/wordpress\/wp-json\/wp\/v2\/posts\/422914\/revisions"}],"predecessor-version":[{"id":423075,"href":"https:\/\/www.radiopiu.net\/wordpress\/wp-json\/wp\/v2\/posts\/422914\/revisions\/423075"}],"wp:featuredmedia":[{"embeddable":true,"href":"https:\/\/www.radiopiu.net\/wordpress\/wp-json\/wp\/v2\/media\/423028"}],"wp:attachment":[{"href":"https:\/\/www.radiopiu.net\/wordpress\/wp-json\/wp\/v2\/media?parent=422914"}],"wp:term":[{"taxonomy":"category","embeddable":true,"href":"https:\/\/www.radiopiu.net\/wordpress\/wp-json\/wp\/v2\/categories?post=422914"},{"taxonomy":"post_tag","embeddable":true,"href":"https:\/\/www.radiopiu.net\/wordpress\/wp-json\/wp\/v2\/tags?post=422914"}],"curies":[{"name":"wp","href":"https:\/\/api.w.org\/{rel}","templated":true}]}}