{"id":422946,"date":"2024-12-04T10:01:08","date_gmt":"2024-12-04T09:01:08","guid":{"rendered":"https:\/\/www.radiopiu.net\/wordpress\/?p=422946"},"modified":"2024-12-05T06:11:25","modified_gmt":"2024-12-05T05:11:25","slug":"boschi-a-natale-sabato-una-passeggiata-sul-col-di-foglia","status":"publish","type":"post","link":"https:\/\/www.radiopiu.net\/wordpress\/boschi-a-natale-sabato-una-passeggiata-sul-col-di-foglia\/","title":{"rendered":"BOSCHI A NATALE: SABATO UNA PASSEGGIATA SUL COL DI FOGLIA"},"content":{"rendered":"<p>*******<\/p>\n<p>&nbsp;<\/p>\n<p><strong><a class=\"dt-pswp-item\" href=\"https:\/\/www.radiopiu.net\/wordpress\/wp-content\/uploads\/2024\/12\/boschi-a-natale.png\" data-dt-img-description=\"\" data-large_image_width=\"446\" data-large_image_height=\"207\"><img loading=\"lazy\" decoding=\"async\" class=\" wp-image-422947 alignleft\" src=\"https:\/\/www.radiopiu.net\/wordpress\/wp-content\/uploads\/2024\/12\/boschi-a-natale-300x139.png\" alt=\"\" width=\"209\" height=\"97\" srcset=\"https:\/\/www.radiopiu.net\/wordpress\/wp-content\/uploads\/2024\/12\/boschi-a-natale-300x139.png 300w, https:\/\/www.radiopiu.net\/wordpress\/wp-content\/uploads\/2024\/12\/boschi-a-natale.png 446w\" sizes=\"auto, (max-width: 209px) 100vw, 209px\" \/><\/a>AGORDO <\/strong>Sabato 7 dicembre gli appassionati di natura e storia locale avranno un\u2019occasione imperdibile per esplorare il suggestivo Col di Foglia, un angolo nascosto ma affascinante della Conca Agordina. Organizzata con l&#8217;accompagnamento di una Guida Naturalistica, la passeggiata offrir\u00e0 ai partecipanti l&#8217;opportunit\u00e0 di immergersi nei boschi che circondano il centro di Agordo, scoprendo storie e curiosit\u00e0 legate a questo luogo poco frequentato. Un&#8217;esperienza adatta a tutti, grandi e piccini, che verr\u00e0 impreziosita da un piccolo gadget omaggio per ciascun partecipante. Ritrovo al parcheggio della piscina di Agordo, alle 14. Difficolt\u00e0: facile, consigliate scarpe da trekking. Durata: circa 2 ore. Costo: \u20ac 7,00 (gratuito per bambini sotto i 12 anni) Prenotazione obbligatoria: Entro il 4 dicembre sul sito <a href=\"http:\/\/unpliveneto.it\">unpliveneto.it<\/a> oppure via email a <a>ufficioturistico@agordo.net<\/a> entro il 6 dicembre.<\/p>\n<p>&nbsp;<\/p>\n<p>&nbsp;<\/p>\n<p>&nbsp;<\/p>\n<p>*******<\/p>\n","protected":false},"excerpt":{"rendered":"<p>******* &nbsp; AGORDO Sabato 7 dicembre gli appassionati di natura e storia locale avranno un\u2019occasione imperdibile per esplorare il suggestivo Col di Foglia, un angolo nascosto ma affascinante della Conca Agordina. Organizzata con l&#8217;accompagnamento di una Guida Naturalistica, la passeggiata offrir\u00e0 ai partecipanti l&#8217;opportunit\u00e0 di immergersi nei boschi che circondano il centro di Agordo, scoprendo&hellip;<\/p>\n","protected":false},"author":4,"featured_media":422947,"comment_status":"closed","ping_status":"closed","sticky":false,"template":"","format":"standard","meta":{"_monsterinsights_skip_tracking":false,"_monsterinsights_sitenote_active":false,"_monsterinsights_sitenote_note":"","_monsterinsights_sitenote_category":0,"footnotes":""},"categories":[51,49],"tags":[],"class_list":["post-422946","post","type-post","status-publish","format-standard","has-post-thumbnail","hentry","category-evidenza-top","category-news-18","category-51","category-49","description-off"],"img_url":"https:\/\/www.radiopiu.net\/wordpress\/wp-content\/uploads\/2024\/12\/boschi-a-natale.png","_links":{"self":[{"href":"https:\/\/www.radiopiu.net\/wordpress\/wp-json\/wp\/v2\/posts\/422946","targetHints":{"allow":["GET"]}}],"collection":[{"href":"https:\/\/www.radiopiu.net\/wordpress\/wp-json\/wp\/v2\/posts"}],"about":[{"href":"https:\/\/www.radiopiu.net\/wordpress\/wp-json\/wp\/v2\/types\/post"}],"author":[{"embeddable":true,"href":"https:\/\/www.radiopiu.net\/wordpress\/wp-json\/wp\/v2\/users\/4"}],"replies":[{"embeddable":true,"href":"https:\/\/www.radiopiu.net\/wordpress\/wp-json\/wp\/v2\/comments?post=422946"}],"version-history":[{"count":1,"href":"https:\/\/www.radiopiu.net\/wordpress\/wp-json\/wp\/v2\/posts\/422946\/revisions"}],"predecessor-version":[{"id":422948,"href":"https:\/\/www.radiopiu.net\/wordpress\/wp-json\/wp\/v2\/posts\/422946\/revisions\/422948"}],"wp:featuredmedia":[{"embeddable":true,"href":"https:\/\/www.radiopiu.net\/wordpress\/wp-json\/wp\/v2\/media\/422947"}],"wp:attachment":[{"href":"https:\/\/www.radiopiu.net\/wordpress\/wp-json\/wp\/v2\/media?parent=422946"}],"wp:term":[{"taxonomy":"category","embeddable":true,"href":"https:\/\/www.radiopiu.net\/wordpress\/wp-json\/wp\/v2\/categories?post=422946"},{"taxonomy":"post_tag","embeddable":true,"href":"https:\/\/www.radiopiu.net\/wordpress\/wp-json\/wp\/v2\/tags?post=422946"}],"curies":[{"name":"wp","href":"https:\/\/api.w.org\/{rel}","templated":true}]}}