{"id":423138,"date":"2024-12-05T14:52:38","date_gmt":"2024-12-05T13:52:38","guid":{"rendered":"https:\/\/www.radiopiu.net\/wordpress\/?p=423138"},"modified":"2024-12-06T05:41:22","modified_gmt":"2024-12-06T04:41:22","slug":"sam-srl-premiata-come-visionaria-dimpresa-2024","status":"publish","type":"post","link":"https:\/\/www.radiopiu.net\/wordpress\/sam-srl-premiata-come-visionaria-dimpresa-2024\/","title":{"rendered":"SAM SRL PREMIATA COME VISIONARIA D\u2019IMPRESA 2024"},"content":{"rendered":"<p>***<\/p>\n<div class=\"flex-1 overflow-hidden\">\n<div class=\"h-full\">\n<div class=\"react-scroll-to-bottom--css-hugrh-79elbk h-full\">\n<div class=\"react-scroll-to-bottom--css-hugrh-1n7m0yu\">\n<div class=\"flex flex-col text-sm md:pb-9\">\n<article class=\"w-full scroll-mb-[var(--thread-trailing-height,150px)] text-token-text-primary focus-visible:outline-2 focus-visible:outline-offset-[-4px]\" dir=\"auto\" data-testid=\"conversation-turn-29\" data-scroll-anchor=\"true\">\n<div class=\"m-auto text-base py-[18px] px-3 md:px-4 w-full md:px-5 lg:px-4 xl:px-5\">\n<div class=\"mx-auto flex flex-1 gap-4 text-base md:gap-5 lg:gap-6 md:max-w-3xl lg:max-w-[40rem] xl:max-w-[48rem]\">\n<div class=\"group\/conversation-turn relative flex w-full min-w-0 flex-col agent-turn\">\n<div class=\"flex-col gap-1 md:gap-3\">\n<div class=\"flex max-w-full flex-col flex-grow\">\n<div class=\"min-h-8 text-message flex w-full flex-col items-end gap-2 whitespace-normal break-words [.text-message+&amp;]:mt-5\" dir=\"auto\" data-message-author-role=\"assistant\" data-message-id=\"21e314b2-ac51-4926-9c23-6e7b43c2f6b0\" data-message-model-slug=\"gpt-4o\">\n<div class=\"flex w-full flex-col gap-1 empty:hidden first:pt-[3px]\">\n<div class=\"markdown prose w-full break-words dark:prose-invert dark\">\n<blockquote><p><em>La Societ\u00e0 Agricola Moldoi riceve a Milano un riconoscimento per eccellenza e sostenibilit\u00e0<\/em><\/p><\/blockquote>\n<p><strong><a class=\"dt-pswp-item\" href=\"https:\/\/www.radiopiu.net\/wordpress\/wp-content\/uploads\/2024\/12\/foto-azienda-sam-srl-scaled.jpg\" data-dt-img-description=\"\" data-large_image_width=\"2560\" data-large_image_height=\"1707\"><img loading=\"lazy\" decoding=\"async\" class=\" wp-image-423139 alignleft\" src=\"https:\/\/www.radiopiu.net\/wordpress\/wp-content\/uploads\/2024\/12\/foto-azienda-sam-srl-300x200.jpg\" alt=\"\" width=\"315\" height=\"210\" srcset=\"https:\/\/www.radiopiu.net\/wordpress\/wp-content\/uploads\/2024\/12\/foto-azienda-sam-srl-300x200.jpg 300w, https:\/\/www.radiopiu.net\/wordpress\/wp-content\/uploads\/2024\/12\/foto-azienda-sam-srl-1024x683.jpg 1024w, https:\/\/www.radiopiu.net\/wordpress\/wp-content\/uploads\/2024\/12\/foto-azienda-sam-srl-768x512.jpg 768w, https:\/\/www.radiopiu.net\/wordpress\/wp-content\/uploads\/2024\/12\/foto-azienda-sam-srl-1536x1024.jpg 1536w, https:\/\/www.radiopiu.net\/wordpress\/wp-content\/uploads\/2024\/12\/foto-azienda-sam-srl-2048x1365.jpg 2048w\" sizes=\"auto, (max-width: 315px) 100vw, 315px\" \/><\/a>MILANO\/SOSPIROLO <\/strong>\u00a0SAM Srl \u2013 Societ\u00e0 Agricola Moldoi, realt\u00e0 innovativa della Vallata Bellunese, ha ricevuto il prestigioso Premio Visionari d\u2019Impresa 2024. Il riconoscimento, conferito dall\u2019Istituto Scienze Imprenditoriali in collaborazione con IL SOLE 24 ORE, celebra le aziende italiane che si distinguono per eccellenza, innovazione e visione strategica, contribuendo allo sviluppo economico del territorio. SAM \u00e8 stata selezionata tra 280 imprese virtuose, emerse da un\u2019indagine condotta dall\u2019Istituto di formazione I-AER, che ha analizzato oltre 700.000 bilanci del 2022 per individuare le realt\u00e0 pi\u00f9 resilienti. La motivazione del premio sottolinea la capacit\u00e0 di SAM di affrontare con successo le sfide post-pandemiche, distinguendosi per competitivit\u00e0, produttivit\u00e0 e sostenibilit\u00e0 imprenditoriale. Fondata nel 2016 a Sospirolo, SAM Srl si \u00e8 affermata nella coltivazione e trasformazione di piante officinali delle Dolomiti, producendo estratti, integratori e cosmetici di alta qualit\u00e0 con tecnologie eco-sostenibili. La filosofia aziendale si basa su principi solidi: dall\u2019agricoltura eco-compatibile alla valorizzazione delle risorse locali, dal rispetto dei cicli naturali alla minimizzazione degli sprechi, fino a un forte impegno educativo. SAM collabora con le Universit\u00e0 di Padova, Trieste e Camerino, finanziando borse di studio e sviluppando ricerche scientifiche. <em>\u00abQuesto premio \u2013 afferma l\u2019azienda \u2013 testimonia il nostro impegno per un futuro sostenibile, che integra innovazione, territorio e benessere.\u00bb. <\/em>La Societ\u00e0 Agricola Moldoi si conferma cos\u00ec un modello d\u2019eccellenza, dimostrando che la sostenibilit\u00e0 pu\u00f2 essere un motore di crescita economica e sociale.<\/p>\n<p>foto a\u00a0sinistra: Nicola De Zordi, titolare e fondatore con Galvano Jr. Dotta, socio e collaboratore.<\/p>\n<\/div>\n<\/div>\n<\/div>\n<\/div>\n<\/div>\n<\/div>\n<\/div>\n<\/div>\n<\/article>\n<\/div>\n<\/div>\n<\/div>\n<\/div>\n<\/div>\n<p>&nbsp;<\/p>\n<blockquote>\n<h3 style=\"text-align: left;\"><strong>Un Impegno Concreto<\/strong><\/h3>\n<h3 style=\"text-align: left;\">SAM collabora con le Universit\u00e0 di <strong>Padova<\/strong>, <strong>Trieste<\/strong>, e <strong>Camerino<\/strong>, finanziando borse di studio e progetti di ricerca, e contribuendo alla divulgazione scientifica.<\/h3>\n<h3 style=\"text-align: left;\"><strong>\u00a0<\/strong><strong>\u00a0<\/strong><\/h3>\n<h1 style=\"text-align: left;\"><strong>La Filosofia Eco-Sostenibile di SAM Societ\u00e0 Agricola Moldoi\u00a0<\/strong><\/h1>\n<\/blockquote>\n<table>\n<thead>\n<tr>\n<th>&#x1f33f; <strong>Principio Chiave<\/strong><\/th>\n<th>&#x2728; <strong>Descrizione<\/strong><\/th>\n<\/tr>\n<\/thead>\n<tbody>\n<tr>\n<td><strong>&#x1f331; Agricoltura Eco-compatibile<\/strong><\/td>\n<td>Coltivazione rispettosa dell\u2019ambiente, evitando pesticidi e fertilizzanti sintetici, promuovendo la biodiversit\u00e0.<\/td>\n<\/tr>\n<tr>\n<td><strong>&#x1f3d4;&#xfe0f; Valorizzazione delle Risorse Locali<\/strong><\/td>\n<td>Utilizzo di piante officinali tipiche delle Dolomiti, per preservare biodiversit\u00e0 e sostenere l\u2019economia locale.<\/td>\n<\/tr>\n<tr>\n<td><strong>&#x23f3; Rispettare i Cicli Naturali<\/strong><\/td>\n<td>Pratiche agricole sincronizzate con i ritmi naturali delle piante e delle stagioni, per un equilibrio ecologico duraturo.<\/td>\n<\/tr>\n<tr>\n<td><strong>&#x267b;&#xfe0f; Produzione Sostenibile<\/strong><\/td>\n<td>Minimizzazione degli sprechi, ottimizzazione delle risorse, con tecnologie avanzate a basso impatto ambientale.<\/td>\n<\/tr>\n<tr>\n<td><strong>&#x1f6e0;&#xfe0f; Materie Prime Seconde<\/strong><\/td>\n<td>Promozione dell\u2019uso consapevole dei sottoprodotti, trasformandoli in nuovi prodotti di valore.<\/td>\n<\/tr>\n<tr>\n<td><strong>&#x1f3af; Prodotti Finiti<\/strong><\/td>\n<td>Innovativi e di alta qualit\u00e0, pensati per il benessere della persona e rispettosi dell\u2019ambiente.<\/td>\n<\/tr>\n<tr>\n<td><strong>&#x1f4da; Educazione e Consapevolezza<\/strong><\/td>\n<td>Sensibilizzazione sulle scelte sostenibili, con collaborazioni accademiche e supporto alla ricerca e formazione.<\/td>\n<\/tr>\n<\/tbody>\n<\/table>\n<hr \/>\n<p>&nbsp;<\/p>\n<p>&nbsp;<\/p>\n<p>&nbsp;<\/p>\n<hr \/>\n<div class=\"md:pt-0 dark:border-white\/20 md:border-transparent md:dark:border-transparent w-full\">\n<div class=\"m-auto text-base px-3 md:px-4 w-full md:px-5 lg:px-4 xl:px-5\">\n<div class=\"mx-auto flex flex-1 gap-4 text-base md:gap-5 lg:gap-6 md:max-w-3xl lg:max-w-[40rem] xl:max-w-[48rem]\">\n<form class=\"w-full\" aria-haspopup=\"dialog\" aria-expanded=\"false\" aria-controls=\"radix-:r21n:\" data-state=\"closed\">\n<div class=\"relative flex h-full max-w-full flex-1 flex-col\">\n<div class=\"group relative flex w-full items-center\">\n<div id=\"composer-background\" class=\"flex w-full cursor-text flex-col rounded-3xl px-2.5 py-1 transition-colors contain-inline-size bg-[#f4f4f4] dark:bg-token-main-surface-secondary\">\n<div class=\"flex h-[44px] items-center justify-between\">\n<div class=\"flex gap-x-1\">\n<h1><\/h1>\n<\/div>\n<div class=\"min-w-8\">\n<div class=\"relative h-8 w-8\">\n<div class=\"flex h-full w-full items-center justify-center rounded-full\">\n<div class=\"relative h-full w-full\">\n<h1 class=\"absolute inset-0 flex items-center justify-center\"><span style=\"color: #ff0000;\"><strong>archivio radiopiu\u00a0<\/strong><\/span><\/h1>\n<div><\/div>\n<div>\n<blockquote class=\"wp-embedded-content\" data-secret=\"kbaObB2TSh\"><p><a href=\"https:\/\/www.radiopiu.net\/wordpress\/fare-impresa-in-territorio-montano-due-aziende-premiate-nello-sviluppo-sostenibile\/\">FARE IMPRESA IN TERRITORIO MONTANO, DUE AZIENDE PREMIATE NELLO SVILUPPO SOSTENIBILE<\/a><\/p><\/blockquote>\n<p><iframe loading=\"lazy\" class=\"wp-embedded-content\" sandbox=\"allow-scripts\" security=\"restricted\" style=\"position: absolute; visibility: hidden;\" title=\"&#8220;FARE IMPRESA IN TERRITORIO MONTANO, DUE AZIENDE PREMIATE NELLO SVILUPPO SOSTENIBILE&#8221; &#8212; Radio Pi\u00f9\" src=\"https:\/\/www.radiopiu.net\/wordpress\/fare-impresa-in-territorio-montano-due-aziende-premiate-nello-sviluppo-sostenibile\/embed\/#?secret=4eWeNLeaNu#?secret=kbaObB2TSh\" data-secret=\"kbaObB2TSh\" width=\"600\" height=\"338\" frameborder=\"0\" marginwidth=\"0\" marginheight=\"0\" scrolling=\"no\"><\/iframe><\/p>\n<\/div>\n<div>\n<blockquote class=\"wp-embedded-content\" data-secret=\"Sz8OwCS1fr\"><p><a href=\"https:\/\/www.radiopiu.net\/wordpress\/moldoi-colle-e-ic-feltre-premiati-in-camera-di-commercio\/\">MOLDOI, COLLE E IC FELTRE, PREMIATI IN CAMERA DI COMMERCIO<\/a><\/p><\/blockquote>\n<p><iframe loading=\"lazy\" class=\"wp-embedded-content\" sandbox=\"allow-scripts\" security=\"restricted\" style=\"position: absolute; visibility: hidden;\" title=\"&#8220;MOLDOI, COLLE E IC FELTRE, PREMIATI IN CAMERA DI COMMERCIO&#8221; &#8212; Radio Pi\u00f9\" src=\"https:\/\/www.radiopiu.net\/wordpress\/moldoi-colle-e-ic-feltre-premiati-in-camera-di-commercio\/embed\/#?secret=I4jKQM2cKY#?secret=Sz8OwCS1fr\" data-secret=\"Sz8OwCS1fr\" width=\"600\" height=\"338\" frameborder=\"0\" marginwidth=\"0\" marginheight=\"0\" scrolling=\"no\"><\/iframe><\/p>\n<\/div>\n<\/div>\n<\/div>\n<\/div>\n<\/div>\n<\/div>\n<\/div>\n<\/div>\n<\/div>\n<\/form>\n<\/div>\n<\/div>\n<div class=\"relative w-full px-2 py-2 text-center text-xs text-token-text-secondary empty:hidden md:px-[60px]\">\n<div class=\"min-h-4\">\n<div><\/div>\n<\/div>\n<\/div>\n<\/div>\n","protected":false},"excerpt":{"rendered":"<p>*** La Societ\u00e0 Agricola Moldoi riceve a Milano un riconoscimento per eccellenza e sostenibilit\u00e0 MILANO\/SOSPIROLO \u00a0SAM Srl \u2013 Societ\u00e0 Agricola Moldoi, realt\u00e0 innovativa della Vallata Bellunese, ha ricevuto il prestigioso Premio Visionari d\u2019Impresa 2024. Il riconoscimento, conferito dall\u2019Istituto Scienze Imprenditoriali in collaborazione con IL SOLE 24 ORE, celebra le aziende italiane che si distinguono per&hellip;<\/p>\n","protected":false},"author":4,"featured_media":423139,"comment_status":"closed","ping_status":"closed","sticky":false,"template":"","format":"standard","meta":{"_monsterinsights_skip_tracking":false,"_monsterinsights_sitenote_active":false,"_monsterinsights_sitenote_note":"","_monsterinsights_sitenote_category":0,"footnotes":""},"categories":[51,49],"tags":[],"class_list":["post-423138","post","type-post","status-publish","format-standard","has-post-thumbnail","hentry","category-evidenza-top","category-news-18","category-51","category-49","description-off"],"img_url":"https:\/\/www.radiopiu.net\/wordpress\/wp-content\/uploads\/2024\/12\/foto-azienda-sam-srl-scaled.jpg","_links":{"self":[{"href":"https:\/\/www.radiopiu.net\/wordpress\/wp-json\/wp\/v2\/posts\/423138","targetHints":{"allow":["GET"]}}],"collection":[{"href":"https:\/\/www.radiopiu.net\/wordpress\/wp-json\/wp\/v2\/posts"}],"about":[{"href":"https:\/\/www.radiopiu.net\/wordpress\/wp-json\/wp\/v2\/types\/post"}],"author":[{"embeddable":true,"href":"https:\/\/www.radiopiu.net\/wordpress\/wp-json\/wp\/v2\/users\/4"}],"replies":[{"embeddable":true,"href":"https:\/\/www.radiopiu.net\/wordpress\/wp-json\/wp\/v2\/comments?post=423138"}],"version-history":[{"count":1,"href":"https:\/\/www.radiopiu.net\/wordpress\/wp-json\/wp\/v2\/posts\/423138\/revisions"}],"predecessor-version":[{"id":423140,"href":"https:\/\/www.radiopiu.net\/wordpress\/wp-json\/wp\/v2\/posts\/423138\/revisions\/423140"}],"wp:featuredmedia":[{"embeddable":true,"href":"https:\/\/www.radiopiu.net\/wordpress\/wp-json\/wp\/v2\/media\/423139"}],"wp:attachment":[{"href":"https:\/\/www.radiopiu.net\/wordpress\/wp-json\/wp\/v2\/media?parent=423138"}],"wp:term":[{"taxonomy":"category","embeddable":true,"href":"https:\/\/www.radiopiu.net\/wordpress\/wp-json\/wp\/v2\/categories?post=423138"},{"taxonomy":"post_tag","embeddable":true,"href":"https:\/\/www.radiopiu.net\/wordpress\/wp-json\/wp\/v2\/tags?post=423138"}],"curies":[{"name":"wp","href":"https:\/\/api.w.org\/{rel}","templated":true}]}}