{"id":423243,"date":"2024-12-06T14:00:31","date_gmt":"2024-12-06T13:00:31","guid":{"rendered":"https:\/\/www.radiopiu.net\/wordpress\/?p=423243"},"modified":"2024-12-06T08:50:22","modified_gmt":"2024-12-06T07:50:22","slug":"al-de-toni-arriva-laosta","status":"publish","type":"post","link":"https:\/\/www.radiopiu.net\/wordpress\/al-de-toni-arriva-laosta\/","title":{"rendered":"AL DE TONI ARRIVA L&#8217;AOSTA"},"content":{"rendered":"<p>******<\/p>\n<p>&nbsp;<\/p>\n<p><strong><a class=\"dt-pswp-item\" href=\"https:\/\/www.radiopiu.net\/wordpress\/wp-content\/uploads\/2024\/12\/81fe23ef-1f28-48c1-a772-312dddb46736.jpg\" data-dt-img-description=\"\" data-large_image_width=\"940\" data-large_image_height=\"536\"><img loading=\"lazy\" decoding=\"async\" class=\" wp-image-423244 alignleft\" src=\"https:\/\/www.radiopiu.net\/wordpress\/wp-content\/uploads\/2024\/12\/81fe23ef-1f28-48c1-a772-312dddb46736-300x171.jpg\" alt=\"\" width=\"214\" height=\"122\" srcset=\"https:\/\/www.radiopiu.net\/wordpress\/wp-content\/uploads\/2024\/12\/81fe23ef-1f28-48c1-a772-312dddb46736-300x171.jpg 300w, https:\/\/www.radiopiu.net\/wordpress\/wp-content\/uploads\/2024\/12\/81fe23ef-1f28-48c1-a772-312dddb46736-768x438.jpg 768w, https:\/\/www.radiopiu.net\/wordpress\/wp-content\/uploads\/2024\/12\/81fe23ef-1f28-48c1-a772-312dddb46736.jpg 940w\" sizes=\"auto, (max-width: 214px) 100vw, 214px\" \/><\/a>DI ROBERTO MIANA, PORTAVOCE DELL&#8217;ALLEGHE HOCKEY<\/strong><\/p>\n<p>Ventesima giornata del campionato IHL di hockey su ghiaccio. Sabato 7 dicembre alle 20:30 l\u2019Alleghe ospita l\u2019Aosta Gladiators. L\u2019Alleghe, nel turno infrasettimanale, ha espugnato 2-1 il ghiaccio del Fassa. Gara nella quale ha capitalizzato al meglio, con una solida difesa, le due reti segnate. Prima frazione che si apre con la rete di Giacomo Alessio che sblocca subito il risultato. Prima della fine del tempo arrivano in rapida successione il raddoppio agordino con M\u00e4kel\u00e4, che sfrutta una superiorit\u00e0 numerica, e poco dopo la rete dei padroni di casa che dimezzano lo svantaggio. Secondo periodo senza marcature, che vede aumentare la pressione dei trentini, ma la difesa biancorossa \u00e8 attenta. Ultimo drittel con i Falcons che assediano il terzo agordino alla ricerca del pareggio. Civette che a loro volta falliscono pi\u00f9 volte la rete che chiuderebbe anticipatamente la contesa e, grazie anche ad un Gianni Scola in versione saracinesca, festeggiano una quanto mai sudata vittoria. Alleghe che, con diciassette gare disputate, \u00e8 sesto in classifica a 26 punti. L\u2019Aosta, prossimo avversario delle Civette, \u00e8 reduce dalla sonante vittoria 13-0 contro il fanalino di coda Como. Valdostani che occupano la seconda piazza in classifica con 43 punti in 18 gare, vantando l\u2019attacco pi\u00f9 prolifico con 117 reti realizzate. Migliori marcatori dell\u2019Aosta l\u2019italo-statunitense Nicholas Nardella con 21 reti e 28 assist e l\u2019Alleghese Edgar De Toni, che in maglia Gladiators sta vivendo una stagione straordinaria: 14 marcature nelle ultime cinque gare e un totale di 26 centri, che lo posizionano in vetta alla classifica dei top scorer del campionato.<br \/>\nL\u2019unico precedente giocato in IHL tra Alleghe e Aosta risale alla gara di andata, giocata il 12 ottobre, che ha sancito la vittoria dei Gladiatori 6-2.<\/p>\n<p><strong>ALLEGHE HOCKEY &#8211; HC AOSTA<\/strong><br \/>\nSabato 7 Dicembre ore 20:30 &#8211; Palaghiaccio Alvise De Toni di Alleghe (BL). Ingresso dalla gradinata laterale (lato torrente Zunaia). Arbitri: Luca Cassol e Turo Samuel Virta con giudici di linea Lorenzo Dell&#8217;amico e Fabrizio De Toni. Collegamenti in DIRETTA RADIOFONICA su Radio Pi\u00f9 (www.radiopiu.net) con \u201chockey al punto giusto\u201d, in studio Marco Gaz e da Alleghe interventi di Federico Paganin<\/p>\n<p>&nbsp;<\/p>\n<p>&nbsp;<\/p>\n<p>&nbsp;<\/p>\n<p>*********<\/p>\n","protected":false},"excerpt":{"rendered":"<p>****** &nbsp; DI ROBERTO MIANA, PORTAVOCE DELL&#8217;ALLEGHE HOCKEY Ventesima giornata del campionato IHL di hockey su ghiaccio. Sabato 7 dicembre alle 20:30 l\u2019Alleghe ospita l\u2019Aosta Gladiators. L\u2019Alleghe, nel turno infrasettimanale, ha espugnato 2-1 il ghiaccio del Fassa. Gara nella quale ha capitalizzato al meglio, con una solida difesa, le due reti segnate. Prima frazione che&hellip;<\/p>\n","protected":false},"author":4,"featured_media":423244,"comment_status":"closed","ping_status":"closed","sticky":false,"template":"","format":"standard","meta":{"_monsterinsights_skip_tracking":false,"_monsterinsights_sitenote_active":false,"_monsterinsights_sitenote_note":"","_monsterinsights_sitenote_category":0,"footnotes":""},"categories":[49],"tags":[],"class_list":["post-423243","post","type-post","status-publish","format-standard","has-post-thumbnail","hentry","category-news-18","category-49","description-off"],"img_url":"https:\/\/www.radiopiu.net\/wordpress\/wp-content\/uploads\/2024\/12\/81fe23ef-1f28-48c1-a772-312dddb46736.jpg","_links":{"self":[{"href":"https:\/\/www.radiopiu.net\/wordpress\/wp-json\/wp\/v2\/posts\/423243","targetHints":{"allow":["GET"]}}],"collection":[{"href":"https:\/\/www.radiopiu.net\/wordpress\/wp-json\/wp\/v2\/posts"}],"about":[{"href":"https:\/\/www.radiopiu.net\/wordpress\/wp-json\/wp\/v2\/types\/post"}],"author":[{"embeddable":true,"href":"https:\/\/www.radiopiu.net\/wordpress\/wp-json\/wp\/v2\/users\/4"}],"replies":[{"embeddable":true,"href":"https:\/\/www.radiopiu.net\/wordpress\/wp-json\/wp\/v2\/comments?post=423243"}],"version-history":[{"count":1,"href":"https:\/\/www.radiopiu.net\/wordpress\/wp-json\/wp\/v2\/posts\/423243\/revisions"}],"predecessor-version":[{"id":423245,"href":"https:\/\/www.radiopiu.net\/wordpress\/wp-json\/wp\/v2\/posts\/423243\/revisions\/423245"}],"wp:featuredmedia":[{"embeddable":true,"href":"https:\/\/www.radiopiu.net\/wordpress\/wp-json\/wp\/v2\/media\/423244"}],"wp:attachment":[{"href":"https:\/\/www.radiopiu.net\/wordpress\/wp-json\/wp\/v2\/media?parent=423243"}],"wp:term":[{"taxonomy":"category","embeddable":true,"href":"https:\/\/www.radiopiu.net\/wordpress\/wp-json\/wp\/v2\/categories?post=423243"},{"taxonomy":"post_tag","embeddable":true,"href":"https:\/\/www.radiopiu.net\/wordpress\/wp-json\/wp\/v2\/tags?post=423243"}],"curies":[{"name":"wp","href":"https:\/\/api.w.org\/{rel}","templated":true}]}}