{"id":423383,"date":"2024-12-06T16:14:58","date_gmt":"2024-12-06T15:14:58","guid":{"rendered":"https:\/\/www.radiopiu.net\/wordpress\/?p=423383"},"modified":"2024-12-06T16:14:58","modified_gmt":"2024-12-06T15:14:58","slug":"con-lauto-giu-dal-ponte-dellanta","status":"publish","type":"post","link":"https:\/\/www.radiopiu.net\/wordpress\/con-lauto-giu-dal-ponte-dellanta\/","title":{"rendered":"CON L&#8217;AUTO GIU&#8217; DAL PONTE DELL&#8217;ANTA"},"content":{"rendered":"<p>***<\/p>\n<blockquote>\n<h3><em><strong><a class=\"dt-pswp-item\" href=\"https:\/\/www.radiopiu.net\/wordpress\/wp-content\/uploads\/2024\/12\/Senza-nome-40.png\" data-dt-img-description=\"\" data-large_image_width=\"304\" data-large_image_height=\"280\"><img loading=\"lazy\" decoding=\"async\" class=\" wp-image-423384 alignleft\" src=\"https:\/\/www.radiopiu.net\/wordpress\/wp-content\/uploads\/2024\/12\/Senza-nome-40-300x276.png\" alt=\"\" width=\"211\" height=\"194\" srcset=\"https:\/\/www.radiopiu.net\/wordpress\/wp-content\/uploads\/2024\/12\/Senza-nome-40-300x276.png 300w, https:\/\/www.radiopiu.net\/wordpress\/wp-content\/uploads\/2024\/12\/Senza-nome-40.png 304w\" sizes=\"auto, (max-width: 211px) 100vw, 211px\" \/><\/a>Intervento immediato\u00a0<\/strong><\/em><\/h3>\n<\/blockquote>\n<p><strong>BELLUNO<\/strong>\u00a0 Pronto intervento dei soccorritori oggi alle 12.40 al Ponte dell&#8217;Anta di Belluno, dove un\u2019auto \u00e8 finita fuori strada. A bordo un 25enne di Borgo Valbelluna, che, valutato in codice 2 (media gravit\u00e0), \u00e8 stato trasportato in elicottero all\u2019ospedale San Martino di Belluno.<\/p>\n<p>La rapidit\u00e0 dell\u2019operazione, resa necessaria dalla criticit\u00e0 del punto di caduta, ha permesso di soccorrere il giovane in tempi brevissimi, garantendo il suo trasferimento per le cure necessarie. Le autorit\u00e0 stanno valutando la dinamica dell&#8217;incidente.<\/p>\n<p>&nbsp;<\/p>\n<p>&nbsp;<\/p>\n<p>___<\/p>\n","protected":false},"excerpt":{"rendered":"<p>*** Intervento immediato\u00a0 BELLUNO\u00a0 Pronto intervento dei soccorritori oggi alle 12.40 al Ponte dell&#8217;Anta di Belluno, dove un\u2019auto \u00e8 finita fuori strada. A bordo un 25enne di Borgo Valbelluna, che, valutato in codice 2 (media gravit\u00e0), \u00e8 stato trasportato in elicottero all\u2019ospedale San Martino di Belluno. La rapidit\u00e0 dell\u2019operazione, resa necessaria dalla criticit\u00e0 del punto&hellip;<\/p>\n","protected":false},"author":4,"featured_media":423384,"comment_status":"closed","ping_status":"closed","sticky":false,"template":"","format":"standard","meta":{"_monsterinsights_skip_tracking":false,"_monsterinsights_sitenote_active":false,"_monsterinsights_sitenote_note":"","_monsterinsights_sitenote_category":0,"footnotes":""},"categories":[104,49],"tags":[],"class_list":["post-423383","post","type-post","status-publish","format-standard","has-post-thumbnail","hentry","category-evidenza_3","category-news-18","category-104","category-49","description-off"],"img_url":"https:\/\/www.radiopiu.net\/wordpress\/wp-content\/uploads\/2024\/12\/Senza-nome-40.png","_links":{"self":[{"href":"https:\/\/www.radiopiu.net\/wordpress\/wp-json\/wp\/v2\/posts\/423383","targetHints":{"allow":["GET"]}}],"collection":[{"href":"https:\/\/www.radiopiu.net\/wordpress\/wp-json\/wp\/v2\/posts"}],"about":[{"href":"https:\/\/www.radiopiu.net\/wordpress\/wp-json\/wp\/v2\/types\/post"}],"author":[{"embeddable":true,"href":"https:\/\/www.radiopiu.net\/wordpress\/wp-json\/wp\/v2\/users\/4"}],"replies":[{"embeddable":true,"href":"https:\/\/www.radiopiu.net\/wordpress\/wp-json\/wp\/v2\/comments?post=423383"}],"version-history":[{"count":1,"href":"https:\/\/www.radiopiu.net\/wordpress\/wp-json\/wp\/v2\/posts\/423383\/revisions"}],"predecessor-version":[{"id":423385,"href":"https:\/\/www.radiopiu.net\/wordpress\/wp-json\/wp\/v2\/posts\/423383\/revisions\/423385"}],"wp:featuredmedia":[{"embeddable":true,"href":"https:\/\/www.radiopiu.net\/wordpress\/wp-json\/wp\/v2\/media\/423384"}],"wp:attachment":[{"href":"https:\/\/www.radiopiu.net\/wordpress\/wp-json\/wp\/v2\/media?parent=423383"}],"wp:term":[{"taxonomy":"category","embeddable":true,"href":"https:\/\/www.radiopiu.net\/wordpress\/wp-json\/wp\/v2\/categories?post=423383"},{"taxonomy":"post_tag","embeddable":true,"href":"https:\/\/www.radiopiu.net\/wordpress\/wp-json\/wp\/v2\/tags?post=423383"}],"curies":[{"name":"wp","href":"https:\/\/api.w.org\/{rel}","templated":true}]}}