{"id":423435,"date":"2024-12-06T21:18:09","date_gmt":"2024-12-06T20:18:09","guid":{"rendered":"https:\/\/www.radiopiu.net\/wordpress\/?p=423435"},"modified":"2024-12-06T21:18:41","modified_gmt":"2024-12-06T20:18:41","slug":"la-visita-di-san-nicolo-ai-bambini-di-frassene","status":"publish","type":"post","link":"https:\/\/www.radiopiu.net\/wordpress\/la-visita-di-san-nicolo-ai-bambini-di-frassene\/","title":{"rendered":"LA VISITA DI SAN NICOLO&#8217; AI BAMBINI DI FRASSENE&#8217;"},"content":{"rendered":"<p>******<\/p>\n<p>&nbsp;<\/p>\n<p><strong><a class=\"dt-pswp-item\" href=\"https:\/\/www.radiopiu.net\/wordpress\/wp-content\/uploads\/2024\/12\/7712d337-f645-4dd7-8ed9-95dc4d2ad99a.jpg\" data-dt-img-description=\"\" data-large_image_width=\"1080\" data-large_image_height=\"804\"><img loading=\"lazy\" decoding=\"async\" class=\" wp-image-423436 alignleft\" src=\"https:\/\/www.radiopiu.net\/wordpress\/wp-content\/uploads\/2024\/12\/7712d337-f645-4dd7-8ed9-95dc4d2ad99a-300x223.jpg\" alt=\"\" width=\"206\" height=\"153\" srcset=\"https:\/\/www.radiopiu.net\/wordpress\/wp-content\/uploads\/2024\/12\/7712d337-f645-4dd7-8ed9-95dc4d2ad99a-300x223.jpg 300w, https:\/\/www.radiopiu.net\/wordpress\/wp-content\/uploads\/2024\/12\/7712d337-f645-4dd7-8ed9-95dc4d2ad99a-1024x762.jpg 1024w, https:\/\/www.radiopiu.net\/wordpress\/wp-content\/uploads\/2024\/12\/7712d337-f645-4dd7-8ed9-95dc4d2ad99a-768x572.jpg 768w, https:\/\/www.radiopiu.net\/wordpress\/wp-content\/uploads\/2024\/12\/7712d337-f645-4dd7-8ed9-95dc4d2ad99a.jpg 1080w\" sizes=\"auto, (max-width: 206px) 100vw, 206px\" \/><\/a>DI MARINA DONA&#8217;<\/strong><\/p>\n<p><strong>VOLTAGO<\/strong> Oggi San Nicol\u00f2 ha portato dei doni ai bambini dell&#8217;asilo a Frassen\u00e8, era accompagnato da un gruppo di Alpini. Un incontro emozionante, che ha scaturito felicit\u00e0 ed emozione dai pi\u00f9 piccoli ai pi\u00f9 grandi, con un pensiero di speranza per un futuro migliore. San Nicol\u00f2 e gli alpini ringraziano le maestre e tutti i bambini per averli accolti e per aver cantato insieme in coro. Tutti gli anni il gruppo alpini di Frassen\u00e8 non manca a questo appuntamento con San Nicol\u00f2, donando ai bambini del comune quanto utile in base alle esigenze concordate con le maestre e le rappresentanti delle famiglie.<\/p>\n<p>&nbsp;<\/p>\n<p>&nbsp;<\/p>\n<p>&nbsp;<\/p>\n<p>*******<\/p>\n","protected":false},"excerpt":{"rendered":"<p>****** &nbsp; DI MARINA DONA&#8217; VOLTAGO Oggi San Nicol\u00f2 ha portato dei doni ai bambini dell&#8217;asilo a Frassen\u00e8, era accompagnato da un gruppo di Alpini. Un incontro emozionante, che ha scaturito felicit\u00e0 ed emozione dai pi\u00f9 piccoli ai pi\u00f9 grandi, con un pensiero di speranza per un futuro migliore. San Nicol\u00f2 e gli alpini ringraziano&hellip;<\/p>\n","protected":false},"author":4,"featured_media":423436,"comment_status":"closed","ping_status":"closed","sticky":false,"template":"","format":"standard","meta":{"_monsterinsights_skip_tracking":false,"_monsterinsights_sitenote_active":false,"_monsterinsights_sitenote_note":"","_monsterinsights_sitenote_category":0,"footnotes":""},"categories":[49],"tags":[],"class_list":["post-423435","post","type-post","status-publish","format-standard","has-post-thumbnail","hentry","category-news-18","category-49","description-off"],"img_url":"https:\/\/www.radiopiu.net\/wordpress\/wp-content\/uploads\/2024\/12\/7712d337-f645-4dd7-8ed9-95dc4d2ad99a.jpg","_links":{"self":[{"href":"https:\/\/www.radiopiu.net\/wordpress\/wp-json\/wp\/v2\/posts\/423435","targetHints":{"allow":["GET"]}}],"collection":[{"href":"https:\/\/www.radiopiu.net\/wordpress\/wp-json\/wp\/v2\/posts"}],"about":[{"href":"https:\/\/www.radiopiu.net\/wordpress\/wp-json\/wp\/v2\/types\/post"}],"author":[{"embeddable":true,"href":"https:\/\/www.radiopiu.net\/wordpress\/wp-json\/wp\/v2\/users\/4"}],"replies":[{"embeddable":true,"href":"https:\/\/www.radiopiu.net\/wordpress\/wp-json\/wp\/v2\/comments?post=423435"}],"version-history":[{"count":2,"href":"https:\/\/www.radiopiu.net\/wordpress\/wp-json\/wp\/v2\/posts\/423435\/revisions"}],"predecessor-version":[{"id":423438,"href":"https:\/\/www.radiopiu.net\/wordpress\/wp-json\/wp\/v2\/posts\/423435\/revisions\/423438"}],"wp:featuredmedia":[{"embeddable":true,"href":"https:\/\/www.radiopiu.net\/wordpress\/wp-json\/wp\/v2\/media\/423436"}],"wp:attachment":[{"href":"https:\/\/www.radiopiu.net\/wordpress\/wp-json\/wp\/v2\/media?parent=423435"}],"wp:term":[{"taxonomy":"category","embeddable":true,"href":"https:\/\/www.radiopiu.net\/wordpress\/wp-json\/wp\/v2\/categories?post=423435"},{"taxonomy":"post_tag","embeddable":true,"href":"https:\/\/www.radiopiu.net\/wordpress\/wp-json\/wp\/v2\/tags?post=423435"}],"curies":[{"name":"wp","href":"https:\/\/api.w.org\/{rel}","templated":true}]}}