{"id":423476,"date":"2024-12-09T05:56:50","date_gmt":"2024-12-09T04:56:50","guid":{"rendered":"https:\/\/www.radiopiu.net\/wordpress\/?p=423476"},"modified":"2024-12-09T09:30:05","modified_gmt":"2024-12-09T08:30:05","slug":"giornale-radiopiu-09-dicembre-2024-direttore-mirko-mezzacasada-41-anni-25-giugno-1983-25-giugno-2024","status":"publish","type":"post","link":"https:\/\/www.radiopiu.net\/wordpress\/giornale-radiopiu-09-dicembre-2024-direttore-mirko-mezzacasada-41-anni-25-giugno-1983-25-giugno-2024\/","title":{"rendered":"GIORNALE RADIOPIU 09 DICEMBRE 2024 DIRETTORE MIRKO MEZZACASA\u2026DA 41 ANNI 25 GIUGNO 1983-25 GIUGNO 2024"},"content":{"rendered":"<p>*****<\/p>\n<p>Nella notte tra venerd\u00ec 6 e sabato 7 verso l\u20191:20 \u00e8 stata rubata, a Fonzaso, la Fiat Panda in foto, pi\u00f9 precisamente nella piazzetta di Via Lucco. Se qualcuno avesse visto movimenti strani verso quell\u2019ora o anche nei giorni precedenti o notasse la macchina abbondonata da qualche parte vi chiedo gentilmente di contattarmi. Anche il pi\u00f9 piccolo dettaglio potrebbe fare la differenza.<br \/>\nL\u2019auto \u00e8 targata: FK414CS<br \/>\n<a class=\"dt-pswp-item\" href=\"https:\/\/www.radiopiu.net\/wordpress\/wp-content\/uploads\/2024\/12\/462560346_1982358865579318_5226151307239452545_n.jpg\" data-dt-img-description=\"\" data-large_image_width=\"720\" data-large_image_height=\"1280\"><img loading=\"lazy\" decoding=\"async\" class=\"alignnone wp-image-423823 size-large\" src=\"https:\/\/www.radiopiu.net\/wordpress\/wp-content\/uploads\/2024\/12\/462560346_1982358865579318_5226151307239452545_n-576x1024.jpg\" alt=\"\" width=\"576\" height=\"1024\" srcset=\"https:\/\/www.radiopiu.net\/wordpress\/wp-content\/uploads\/2024\/12\/462560346_1982358865579318_5226151307239452545_n-576x1024.jpg 576w, https:\/\/www.radiopiu.net\/wordpress\/wp-content\/uploads\/2024\/12\/462560346_1982358865579318_5226151307239452545_n-169x300.jpg 169w, https:\/\/www.radiopiu.net\/wordpress\/wp-content\/uploads\/2024\/12\/462560346_1982358865579318_5226151307239452545_n.jpg 720w\" sizes=\"auto, (max-width: 576px) 100vw, 576px\" \/><\/a><\/p>\n<p>&nbsp;<\/p>\n<p>&nbsp;<\/p>\n<p>&nbsp;<\/p>\n<p>&nbsp;<\/p>\n<p><em><span style=\"color: #ff0000;\"><a class=\"dt-pswp-item\" href=\"https:\/\/www.radiopiu.net\/wordpress\/wp-content\/uploads\/2024\/10\/Senza-nome-8.png\" data-dt-img-description=\"\" data-large_image_width=\"343\" data-large_image_height=\"303\"><img loading=\"lazy\" decoding=\"async\" class=\"wp-image-412130 alignleft\" src=\"https:\/\/www.radiopiu.net\/wordpress\/wp-content\/uploads\/2024\/10\/Senza-nome-8-300x265.png\" alt=\"\" width=\"105\" height=\"93\" srcset=\"https:\/\/www.radiopiu.net\/wordpress\/wp-content\/uploads\/2024\/10\/Senza-nome-8-300x265.png 300w, https:\/\/www.radiopiu.net\/wordpress\/wp-content\/uploads\/2024\/10\/Senza-nome-8.png 343w\" sizes=\"auto, (max-width: 105px) 100vw, 105px\" \/><\/a><\/span><\/em><strong><em><span style=\"color: #ff0000;\"> LA\u00a0 APP PER IOS-IPHONE di Nicola Vettorello<\/span><\/em><\/strong><\/p>\n<p><strong><span style=\"color: #0000ff;\"><a style=\"color: #0000ff;\" href=\"https:\/\/apps.apple.com\/it\/app\/radio-pi%C3%B9-emittente-agordina\/id1515939845\">https:\/\/apps.apple.com\/it\/app\/radio-pi%C3%B9-emittente-agordina\/id1515939845<\/a><\/span><\/strong><\/p>\n<p><strong><em style=\"color: #ff0000;\">LA\u00a0 APP RADIO\u00a0 PER ANDROID di Nicola Vettorello<\/em><\/strong><\/p>\n<p><strong><span style=\"color: #0000ff;\"><a style=\"color: #0000ff;\" href=\"https:\/\/play.google.com\/store\/apps\/details?id=net.radiopiu.iniko\" target=\"_blank\" rel=\"noopener noreferrer\">https:\/\/<\/a><a style=\"color: #0000ff;\" href=\"https:\/\/play.google.com\/store\/apps\/details?id=net.radiopiu.iniko\" target=\"_blank\" rel=\"noopener noreferrer\">play.google.com\/store\/apps\/details?id=net.radiopiu.iniko\u00a0\u00a0\u00a0<\/a><\/span><\/strong><\/p>\n<p>&nbsp;<\/p>\n<p>&nbsp;<\/p>\n<hr \/>\n<p>&nbsp;<\/p>\n<p><strong><span style=\"color: #ff0000;\"><a class=\"dt-pswp-item\" href=\"https:\/\/www.radiopiu.net\/wordpress\/wp-content\/uploads\/2024\/12\/ANTO.png\" data-dt-img-description=\"\" data-large_image_width=\"399\" data-large_image_height=\"373\"><img loading=\"lazy\" decoding=\"async\" class=\"wp-image-423798 alignleft\" src=\"https:\/\/www.radiopiu.net\/wordpress\/wp-content\/uploads\/2024\/12\/ANTO-300x280.png\" alt=\"\" width=\"149\" height=\"139\" srcset=\"https:\/\/www.radiopiu.net\/wordpress\/wp-content\/uploads\/2024\/12\/ANTO-300x280.png 300w, https:\/\/www.radiopiu.net\/wordpress\/wp-content\/uploads\/2024\/12\/ANTO.png 399w\" sizes=\"auto, (max-width: 149px) 100vw, 149px\" \/><\/a>OGGI A RADIO PIU&#8217;&#8230; TRA L&#8217;ALTRO:<\/span>\u00a0<\/strong> OGGI COME IERI, IL LUNEDI ALLE 9 IL MERCOLEDI ALLE 9.40, LA STORAI IN MUSICA DI SILVIA BALDO <strong>\u00a010.30<\/strong>\u00a0 GSP INFORMA,\u00a0 CON BARBARA PAOLAZZI IN PROGRAMMA IN ONDA SU RADIOPIU E RADIOCLUB103 OGNI 15 GIORNI\u00a0 IL LUNEDI ALLE 10.30\u00a0 <b>11.10 <\/b>PAOLA LANCIATO CON IL NUOVO PROGRAMMA&#8230; COSA GUARDO QUESTA SERA IN TV,\u00a0 DALLE PIATTAFORME ON DEMAND. NEL POMERIGGIO ALLE <strong>15.10\u00a0<\/strong>\u00a0 RITRATTI SONORI CON ALESSIA DALL&#8217;O OSPITE ANTONELLA GIACOMINI (foto)<\/p>\n<p>&nbsp;<\/p>\n<p><strong>rassegna stampa nazionale,<\/strong> ogni giorno alle 5 e alle 6 del mattino.<br \/>\ngiornali locali 7 rassegna stampa flash, 8 rassegna stampa, gr flash alle 10 e alle 11, principale 12.30. Informazione pomeriggio ogni ora fino alle 20, in coda ai notiziari nazionali. Giornale radio nazionale: ogni ora dalle 4 del mattino, alle 20 della sera. Alle 19 le anticipazioni dal TG di Antenna 3 di Tiziana Bolognani.<\/p>\n<p>&nbsp;<\/p>\n<p>&nbsp;<\/p>\n<hr \/>\n<p>&nbsp;<\/p>\n<p>&nbsp;<\/p>\n<div class=\"x11i5rnm xat24cr x1mh8g0r x1vvkbs xtlvy1s x126k92a\">\n<div dir=\"auto\">\n<div dir=\"auto\">\n<p><strong><a class=\"dt-pswp-item\" href=\"https:\/\/www.radiopiu.net\/wordpress\/wp-content\/uploads\/2024\/02\/2d44e751-d8a8-461b-8e22-d8e4e853b032.jpg\" data-dt-img-description=\"\" data-large_image_width=\"1600\" data-large_image_height=\"1200\"><img loading=\"lazy\" decoding=\"async\" class=\"wp-image-373307 alignleft\" src=\"https:\/\/www.radiopiu.net\/wordpress\/wp-content\/uploads\/2024\/02\/2d44e751-d8a8-461b-8e22-d8e4e853b032-300x225.jpg\" alt=\"\" width=\"105\" height=\"79\" srcset=\"https:\/\/www.radiopiu.net\/wordpress\/wp-content\/uploads\/2024\/02\/2d44e751-d8a8-461b-8e22-d8e4e853b032-300x225.jpg 300w, https:\/\/www.radiopiu.net\/wordpress\/wp-content\/uploads\/2024\/02\/2d44e751-d8a8-461b-8e22-d8e4e853b032-1024x768.jpg 1024w, https:\/\/www.radiopiu.net\/wordpress\/wp-content\/uploads\/2024\/02\/2d44e751-d8a8-461b-8e22-d8e4e853b032-768x576.jpg 768w, https:\/\/www.radiopiu.net\/wordpress\/wp-content\/uploads\/2024\/02\/2d44e751-d8a8-461b-8e22-d8e4e853b032-1536x1152.jpg 1536w, https:\/\/www.radiopiu.net\/wordpress\/wp-content\/uploads\/2024\/02\/2d44e751-d8a8-461b-8e22-d8e4e853b032.jpg 1600w\" sizes=\"auto, (max-width: 105px) 100vw, 105px\" \/><\/a>EL BAL DEL FIOR, DI GIULIANA DA RONCH, 09 DICEMBRE<\/strong><strong>\u00a02024<\/strong><\/p>\n<\/div>\n<\/div>\n<\/div>\n<div><\/div>\n<div>\n<audio class=\"wp-audio-shortcode\" id=\"audio-423476-1\" preload=\"none\" style=\"width: 100%;\" controls=\"controls\"><source type=\"audio\/mpeg\" src=\"https:\/\/www.radiopiu.net\/wordpress\/wp-content\/uploads\/2024\/12\/GLU-1.mp3?_=1\" \/><a href=\"https:\/\/www.radiopiu.net\/wordpress\/wp-content\/uploads\/2024\/12\/GLU-1.mp3\">https:\/\/www.radiopiu.net\/wordpress\/wp-content\/uploads\/2024\/12\/GLU-1.mp3<\/a><\/audio>\n<\/div>\n<div><\/div>\n<hr \/>\n<p>&nbsp;<\/p>\n<p>&nbsp;<\/p>\n<div class=\"x11i5rnm xat24cr x1mh8g0r x1vvkbs xtlvy1s x126k92a\">\n<h1><span style=\"color: #ff0000;\"><a class=\"dt-pswp-item\" href=\"https:\/\/www.radiopiu.net\/wordpress\/wp-content\/uploads\/2024\/06\/th-5.jpg\" data-dt-img-description=\"\" data-large_image_width=\"326\" data-large_image_height=\"180\"><img loading=\"lazy\" decoding=\"async\" class=\"size-medium wp-image-395881 alignleft\" src=\"https:\/\/www.radiopiu.net\/wordpress\/wp-content\/uploads\/2024\/06\/th-5-300x166.jpg\" alt=\"\" width=\"300\" height=\"166\" srcset=\"https:\/\/www.radiopiu.net\/wordpress\/wp-content\/uploads\/2024\/06\/th-5-300x166.jpg 300w, https:\/\/www.radiopiu.net\/wordpress\/wp-content\/uploads\/2024\/06\/th-5.jpg 326w\" sizes=\"auto, (max-width: 300px) 100vw, 300px\" \/><\/a><\/span><\/h1>\n<h1><\/h1>\n<h1><\/h1>\n<h1><span style=\"color: #000000;\">09 DICEMBRE&#8230; alla radio l&#8217;almanacco\u00a0<\/span><\/h1>\n<\/div>\n<div class=\"x11i5rnm xat24cr x1mh8g0r x1vvkbs xtlvy1s x126k92a\">\n<audio class=\"wp-audio-shortcode\" id=\"audio-423476-2\" preload=\"none\" style=\"width: 100%;\" controls=\"controls\"><source type=\"audio\/mpeg\" src=\"https:\/\/www.radiopiu.net\/wordpress\/wp-content\/uploads\/2024\/12\/ALMANACCONEW-6.mp3?_=2\" \/><a href=\"https:\/\/www.radiopiu.net\/wordpress\/wp-content\/uploads\/2024\/12\/ALMANACCONEW-6.mp3\">https:\/\/www.radiopiu.net\/wordpress\/wp-content\/uploads\/2024\/12\/ALMANACCONEW-6.mp3<\/a><\/audio>\n<p>&nbsp;<\/p>\n<p>&nbsp;<\/p>\n<hr \/>\n<p>&nbsp;<\/p>\n<p>&nbsp;<\/p>\n<blockquote>\n<h1><strong><a class=\"dt-pswp-item\" href=\"https:\/\/www.radiopiu.net\/wordpress\/wp-content\/uploads\/2024\/10\/629301fd-708d-4f53-95c2-d28cbefd500f.jpg\" data-dt-img-description=\"\" data-large_image_width=\"1600\" data-large_image_height=\"1322\"><img loading=\"lazy\" decoding=\"async\" class=\"wp-image-413782 alignright\" src=\"https:\/\/www.radiopiu.net\/wordpress\/wp-content\/uploads\/2024\/10\/629301fd-708d-4f53-95c2-d28cbefd500f-300x248.jpg\" alt=\"\" width=\"106\" height=\"88\" srcset=\"https:\/\/www.radiopiu.net\/wordpress\/wp-content\/uploads\/2024\/10\/629301fd-708d-4f53-95c2-d28cbefd500f-300x248.jpg 300w, https:\/\/www.radiopiu.net\/wordpress\/wp-content\/uploads\/2024\/10\/629301fd-708d-4f53-95c2-d28cbefd500f-1024x846.jpg 1024w, https:\/\/www.radiopiu.net\/wordpress\/wp-content\/uploads\/2024\/10\/629301fd-708d-4f53-95c2-d28cbefd500f-768x635.jpg 768w, https:\/\/www.radiopiu.net\/wordpress\/wp-content\/uploads\/2024\/10\/629301fd-708d-4f53-95c2-d28cbefd500f-1536x1269.jpg 1536w, https:\/\/www.radiopiu.net\/wordpress\/wp-content\/uploads\/2024\/10\/629301fd-708d-4f53-95c2-d28cbefd500f.jpg 1600w\" sizes=\"auto, (max-width: 106px) 100vw, 106px\" \/><\/a><\/strong><\/h1>\n<h1><strong><a class=\"dt-pswp-item\" href=\"https:\/\/www.radiopiu.net\/wordpress\/wp-content\/uploads\/2024\/11\/th-18.jpg\" data-dt-img-description=\"\" data-large_image_width=\"156\" data-large_image_height=\"180\"><img loading=\"lazy\" decoding=\"async\" class=\"size-full wp-image-421611 alignleft\" src=\"https:\/\/www.radiopiu.net\/wordpress\/wp-content\/uploads\/2024\/11\/th-18.jpg\" alt=\"\" width=\"156\" height=\"180\" \/><\/a><\/strong><\/h1>\n<h1><strong>N di parom &#8211; L Almanach de la nosta jent<\/strong><\/h1>\n<\/blockquote>\n<p>&nbsp;<\/p>\n<p>Le voci: Davide Conedera, Agordo, Michela Dell&#8217;Osbel, La Valle Agordina Simone Ganz, Falcade Veronica Lezuo, Colle Santa Lucia. La voce nella sigla \u00e8 di Giorgia Taio<\/p>\n<p>&nbsp;<\/p>\n<p><strong>LA PUNTATA DI OGGI, 09 DICEMBRE<\/strong><\/p>\n<audio class=\"wp-audio-shortcode\" id=\"audio-423476-3\" preload=\"none\" style=\"width: 100%;\" controls=\"controls\"><source type=\"audio\/mpeg\" src=\"https:\/\/www.radiopiu.net\/wordpress\/wp-content\/uploads\/2024\/12\/AL1-1.mp3?_=3\" \/><a href=\"https:\/\/www.radiopiu.net\/wordpress\/wp-content\/uploads\/2024\/12\/AL1-1.mp3\">https:\/\/www.radiopiu.net\/wordpress\/wp-content\/uploads\/2024\/12\/AL1-1.mp3<\/a><\/audio>\n<\/div>\n<div class=\"x11i5rnm xat24cr x1mh8g0r x1vvkbs xtlvy1s x126k92a\">\n<p>&nbsp;<\/p>\n<div dir=\"auto\">\n<hr \/>\n<\/div>\n<\/div>\n<blockquote>\n<blockquote>\n<h1><span style=\"color: #ff0000;\">\u00a0<\/span><\/h1>\n<h1><span style=\"color: #ff0000;\">I podcast informativi del mattino &#8211; audio &#8211;\u00a0\u00a0<\/span><\/h1>\n<\/blockquote>\n<p><strong><a class=\"dt-pswp-item\" href=\"https:\/\/www.radiopiu.net\/wordpress\/wp-content\/uploads\/2024\/11\/6.jpg\" data-dt-img-description=\"\" data-large_image_width=\"177\" data-large_image_height=\"180\"><img loading=\"lazy\" decoding=\"async\" class=\"size-full wp-image-417911 alignleft\" src=\"https:\/\/www.radiopiu.net\/wordpress\/wp-content\/uploads\/2024\/11\/6.jpg\" alt=\"\" width=\"177\" height=\"180\" \/><\/a>LA RASSEGNA STAMPA NAZIONALE ALLA RADIO, OGNI GIORNO ALLE 5 E ALLE 6 DEL MATTINO <span style=\"color: #0000ff;\">viene pubblicata alle 6.00 <span style=\"color: #ff0000;\">DIRETTA RADIO\u00a0 \u00a0\u00a0<\/span><\/span><\/strong><\/p><\/blockquote>\n<p>&nbsp;<\/p>\n<p><strong>NOTIZIE DELLA NOTTE<\/strong><\/p>\n<p><strong>Biden,<\/strong> &#8216;non permetteremo che Isis si ristabilisca in Siria&#8217;<br \/>\n<strong>Polizia<\/strong> Australia, &#8216;incendio sinagoga un atto terroristico&#8217;<br \/>\n<strong>Nyt, <\/strong>soldati israeliani in Siria per prima volta dal 1973<br \/>\n<strong>Jay-Z<\/strong> accusato di aver molestato una 13enne nel 2000 <strong>Studio,<\/strong> Trenitalia migliore compagnia ferroviaria d&#8217;Europa <strong>Usa<\/strong>, colpiti oltre 75 obiettivi legati all&#8217;Isis in Siria <strong>Teheran,<\/strong> Assad non ci ha mai chiesto aiuto contro ribelli <strong>Biden<\/strong>, &#8216;finalmente Assad \u00e8 caduto, un&#8217;opportunit\u00e0 storica&#8217;<\/p>\n<h2>AUDIO dalle 6 del mattino<\/h2>\n<audio class=\"wp-audio-shortcode\" id=\"audio-423476-4\" preload=\"none\" style=\"width: 100%;\" controls=\"controls\"><source type=\"audio\/mpeg\" src=\"https:\/\/www.radiopiu.net\/wordpress\/wp-content\/uploads\/2024\/12\/GIORNALEDELLESEI-6.mp3?_=4\" \/><a href=\"https:\/\/www.radiopiu.net\/wordpress\/wp-content\/uploads\/2024\/12\/GIORNALEDELLESEI-6.mp3\">https:\/\/www.radiopiu.net\/wordpress\/wp-content\/uploads\/2024\/12\/GIORNALEDELLESEI-6.mp3<\/a><\/audio>\n<p>&nbsp;<\/p>\n<hr \/>\n<p>&nbsp;<\/p>\n<h1 style=\"text-align: center;\"><span style=\"color: #ff0000;\"><a class=\"dt-pswp-item\" href=\"https:\/\/www.radiopiu.net\/wordpress\/wp-content\/uploads\/2024\/11\/7.jpg\" data-dt-img-description=\"\" data-large_image_width=\"180\" data-large_image_height=\"180\"><img loading=\"lazy\" decoding=\"async\" class=\"size-full wp-image-417912 alignleft\" src=\"https:\/\/www.radiopiu.net\/wordpress\/wp-content\/uploads\/2024\/11\/7.jpg\" alt=\"\" width=\"180\" height=\"180\" srcset=\"https:\/\/www.radiopiu.net\/wordpress\/wp-content\/uploads\/2024\/11\/7.jpg 180w, https:\/\/www.radiopiu.net\/wordpress\/wp-content\/uploads\/2024\/11\/7-150x150.jpg 150w\" sizes=\"auto, (max-width: 180px) 100vw, 180px\" \/><\/a>I podcast informativi del mattino &#8211; audio &#8211;\u00a0<\/span><\/h1>\n<p><strong>OGNI GIORNO ALLE SETTE DEL MATTINO, LA RASSEGNA STAMPA LOCALE FLASH&#8230; PER CHI VA IN FRETTA. I TITOLI DAI GIORNALI E DAL SITO WWW.RADIOPIU.NET <span style=\"color: #0000ff;\">viene pubblicato alle 7.00<\/span> <span style=\"color: #ff0000;\">DIRETTA RADIO\u00a0<\/span><\/strong><\/p>\n<p><em><span style=\"color: #ff0000;\">per chi va in fretta&#8230; tante notizie in pochi minuti. L&#8217;informazione locale alla radio, ogni ora dalle 7 del mattino alle 19 della sera.<\/span><\/em><\/p>\n<h1><\/h1>\n<h1>AUDIO dalle 7 del mattino<\/h1>\n<audio class=\"wp-audio-shortcode\" id=\"audio-423476-5\" preload=\"none\" style=\"width: 100%;\" controls=\"controls\"><source type=\"audio\/mpeg\" src=\"https:\/\/www.radiopiu.net\/wordpress\/wp-content\/uploads\/2024\/12\/GF07-6.mp3?_=5\" \/><a href=\"https:\/\/www.radiopiu.net\/wordpress\/wp-content\/uploads\/2024\/12\/GF07-6.mp3\">https:\/\/www.radiopiu.net\/wordpress\/wp-content\/uploads\/2024\/12\/GF07-6.mp3<\/a><\/audio>\n<p>&nbsp;<\/p>\n<hr \/>\n<p>&nbsp;<\/p>\n<h1><\/h1>\n<h1 style=\"text-align: center;\"><span style=\"color: #ff0000;\"><a class=\"dt-pswp-item\" href=\"https:\/\/www.radiopiu.net\/wordpress\/wp-content\/uploads\/2024\/11\/th.jpg\" data-dt-img-description=\"\" data-large_image_width=\"148\" data-large_image_height=\"179\"><img loading=\"lazy\" decoding=\"async\" class=\"size-full wp-image-417913 alignleft\" src=\"https:\/\/www.radiopiu.net\/wordpress\/wp-content\/uploads\/2024\/11\/th.jpg\" alt=\"\" width=\"148\" height=\"179\" \/><\/a>I podcast informativi del mattino &#8211; audio &#8211;\u00a0<\/span><\/h1>\n<blockquote><p><strong>GIORNALE RADIO NAZIONALE, EDIZIONE DELLE SETTE <span style=\"color: #0000ff;\">viene pubblicato alle 7.05 <span style=\"color: #ff0000;\">DIRETTA RADIO\u00a0<\/span><\/span><\/strong><\/p><\/blockquote>\n<p><strong>il giornale radionazionale e&#8217; in onda ogni ora, dalle sette del mattino alle venti della sera\u00a0 \u00a0<\/strong><strong>\u00a0<\/strong><\/p>\n<p><strong>NAPOLI<\/strong> Picchia la compagna, la suocera lo incastra facendo un video <strong>MODENA<\/strong> Scomparsa nel Modenese, perquisito e indagato &#8220;lo sceriffo&#8221; <strong>MILANO<\/strong> Via Toffetti,\u00a0Persona trovata morta in un tir in fiamme\u00a0 <strong>BOLOGNA<\/strong> Il Gip: &#8216;Gualandi uccise sotto stress, a casa non si ripeterebbe&#8217; <strong>NETTUNO<\/strong> L&#8217;ennesima lite in cortile, uccide l&#8217;ex compagno<br \/>\n<strong>RIMINI<\/strong> Bigamo e violento, picchia moglie per stare con l&#8217;altra<\/p>\n<p><span style=\"color: #ff0000;\"><span style=\"color: #0000ff;\">CRONACA<\/span> EDIZIONE DELLA SERA , DEL 08 DICEMBRE 2024 EDIZIONE DI IERI, 20.00<\/span><\/p>\n<audio class=\"wp-audio-shortcode\" id=\"audio-423476-6\" preload=\"none\" style=\"width: 100%;\" controls=\"controls\"><source type=\"audio\/mpeg\" src=\"https:\/\/www.radiopiu.net\/wordpress\/wp-content\/uploads\/2024\/12\/giornale07-12.mp3?_=6\" \/><a href=\"https:\/\/www.radiopiu.net\/wordpress\/wp-content\/uploads\/2024\/12\/giornale07-12.mp3\">https:\/\/www.radiopiu.net\/wordpress\/wp-content\/uploads\/2024\/12\/giornale07-12.mp3<\/a><\/audio>\n<p>&nbsp;<\/p>\n<p><span style=\"color: #ff0000;\"><span style=\"color: #0000ff;\">SPORT<\/span> EDIZIONE DELLE 19, DEL 08 DICEMBRE 2024, LO SPORT EDIZIONE DI IERI<\/span><\/p>\n<audio class=\"wp-audio-shortcode\" id=\"audio-423476-7\" preload=\"none\" style=\"width: 100%;\" controls=\"controls\"><source type=\"audio\/mpeg\" src=\"https:\/\/www.radiopiu.net\/wordpress\/wp-content\/uploads\/2024\/12\/gr-sport-6.mp3?_=7\" \/><a href=\"https:\/\/www.radiopiu.net\/wordpress\/wp-content\/uploads\/2024\/12\/gr-sport-6.mp3\">https:\/\/www.radiopiu.net\/wordpress\/wp-content\/uploads\/2024\/12\/gr-sport-6.mp3<\/a><\/audio>\n<p>&nbsp;<\/p>\n<h2><span style=\"color: #ff0000;\"><span style=\"color: #0000ff;\">ULTIM&#8217;ORA<\/span> AUDIO dalle sette del mattino, ogni ora alla radio EDIZIONE DELLE SETTE<\/span><\/h2>\n<audio class=\"wp-audio-shortcode\" id=\"audio-423476-8\" preload=\"none\" style=\"width: 100%;\" controls=\"controls\"><source type=\"audio\/mpeg\" src=\"https:\/\/www.radiopiu.net\/wordpress\/wp-content\/uploads\/2024\/12\/giornale07-13.mp3?_=8\" \/><a href=\"https:\/\/www.radiopiu.net\/wordpress\/wp-content\/uploads\/2024\/12\/giornale07-13.mp3\">https:\/\/www.radiopiu.net\/wordpress\/wp-content\/uploads\/2024\/12\/giornale07-13.mp3<\/a><\/audio>\n<p>&nbsp;<\/p>\n<p>&nbsp;<\/p>\n<hr \/>\n<p>&nbsp;<\/p>\n<p>&nbsp;<\/p>\n<h1><span style=\"color: #ff0000;\"><a class=\"dt-pswp-item\" href=\"https:\/\/www.radiopiu.net\/wordpress\/wp-content\/uploads\/2024\/11\/8.jpg\" data-dt-img-description=\"\" data-large_image_width=\"180\" data-large_image_height=\"180\"><img loading=\"lazy\" decoding=\"async\" class=\"size-full wp-image-417910 alignleft\" src=\"https:\/\/www.radiopiu.net\/wordpress\/wp-content\/uploads\/2024\/11\/8.jpg\" alt=\"\" width=\"180\" height=\"180\" srcset=\"https:\/\/www.radiopiu.net\/wordpress\/wp-content\/uploads\/2024\/11\/8.jpg 180w, https:\/\/www.radiopiu.net\/wordpress\/wp-content\/uploads\/2024\/11\/8-150x150.jpg 150w\" sizes=\"auto, (max-width: 180px) 100vw, 180px\" \/><\/a>I podcast informativi del mattino &#8211; video &#8211;\u00a0<\/span><\/h1>\n<h2 style=\"text-align: left;\"><strong>RASSEGNA STAMPA LOCALE, ORE OTTO<\/strong><\/h2>\n<h2><strong> <span style=\"color: #0000ff;\">viene\u00a0 <\/span><\/strong><strong><span style=\"color: #0000ff;\">pubblicata alle 8.05 <span style=\"color: #ff0000;\">DIRETTA RADIO\u00a0 \u00a0<\/span><\/span><\/strong><strong>DI MIRKO MEZZACASA<\/strong><\/h2>\n<h2><span style=\"color: #ff0000;\"><strong>\u00a0<\/strong><\/span><\/h2>\n<h2><span style=\"color: #ff0000;\"><strong>\u00a0<\/strong><\/span><\/h2>\n<h1><span style=\"color: #ff0000;\"><strong>VIDEO\u00a0 \u00a0in diretta dalle 8 del mattino\u00a0 \u00a0per ASCOLTARE <\/strong><\/span><\/h1>\n<blockquote>\n<h1 style=\"text-align: center;\">CLICCA QUI<\/h1>\n<\/blockquote>\n<p><a class=\"dt-pswp-item\" href=\"https:\/\/www.radiopiu.net\/wordpress\/wp-content\/uploads\/2024\/11\/coop1-1.png\" data-dt-img-description=\"\" data-large_image_width=\"602\" data-large_image_height=\"375\">\u00a0<\/a><\/p>\n\n\t\t\t<style type='text\/css'>\n\t\t\t\t#gallery-1 {\n\t\t\t\t\tmargin: auto;\n\t\t\t\t}\n\t\t\t\t#gallery-1 .gallery-item {\n\t\t\t\t\tfloat: left;\n\t\t\t\t\tmargin-top: 10px;\n\t\t\t\t\ttext-align: center;\n\t\t\t\t\twidth: 25%;\n\t\t\t\t}\n\t\t\t\t#gallery-1 img {\n\t\t\t\t\tborder: 2px solid #cfcfcf;\n\t\t\t\t}\n\t\t\t\t#gallery-1 .gallery-caption {\n\t\t\t\t\tmargin-left: 0;\n\t\t\t\t}\n\t\t\t\t\/* see gallery_shortcode() in wp-includes\/media.php *\/\n\t\t\t<\/style>\n\t\t<div id='gallery-1' class='dt-gallery-container gallery galleryid-423476 gallery-columns-4 gallery-size-medium'><dl class='gallery-item'>\n\t\t\t\t<dt class='gallery-icon landscape'>\n\t\t\t\t\t<a class=\"rollover rollover-zoom dt-pswp-item\" title=\"COP2\" data-dt-img-description=\"\" data-large_image_width=\"462\" data-large_image_height=\"318\"href='https:\/\/www.radiopiu.net\/wordpress\/wp-content\/uploads\/2024\/12\/COP2.png'><img loading=\"lazy\" decoding=\"async\" width=\"300\" height=\"206\" src=\"https:\/\/www.radiopiu.net\/wordpress\/wp-content\/uploads\/2024\/12\/COP2-300x206.png\" class=\"attachment-medium size-medium\" alt=\"\" srcset=\"https:\/\/www.radiopiu.net\/wordpress\/wp-content\/uploads\/2024\/12\/COP2-300x206.png 300w, https:\/\/www.radiopiu.net\/wordpress\/wp-content\/uploads\/2024\/12\/COP2.png 462w\" sizes=\"auto, (max-width: 300px) 100vw, 300px\" \/><\/a>\n\t\t\t\t<\/dt><\/dl><dl class='gallery-item'>\n\t\t\t\t<dt class='gallery-icon landscape'>\n\t\t\t\t\t<a class=\"rollover rollover-zoom dt-pswp-item\" title=\"AAAA\" data-dt-img-description=\"\" data-large_image_width=\"523\" data-large_image_height=\"361\"href='https:\/\/www.radiopiu.net\/wordpress\/wp-content\/uploads\/2024\/12\/AAAA.png'><img loading=\"lazy\" decoding=\"async\" width=\"300\" height=\"207\" src=\"https:\/\/www.radiopiu.net\/wordpress\/wp-content\/uploads\/2024\/12\/AAAA-300x207.png\" class=\"attachment-medium size-medium\" alt=\"\" srcset=\"https:\/\/www.radiopiu.net\/wordpress\/wp-content\/uploads\/2024\/12\/AAAA-300x207.png 300w, https:\/\/www.radiopiu.net\/wordpress\/wp-content\/uploads\/2024\/12\/AAAA.png 523w\" sizes=\"auto, (max-width: 300px) 100vw, 300px\" \/><\/a>\n\t\t\t\t<\/dt><\/dl><dl class='gallery-item'>\n\t\t\t\t<dt class='gallery-icon landscape'>\n\t\t\t\t\t<a class=\"rollover rollover-zoom dt-pswp-item\" title=\"COOP1\" data-dt-img-description=\"\" data-large_image_width=\"381\" data-large_image_height=\"162\"href='https:\/\/www.radiopiu.net\/wordpress\/wp-content\/uploads\/2024\/12\/COOP1-2.png'><img loading=\"lazy\" decoding=\"async\" width=\"300\" height=\"128\" src=\"https:\/\/www.radiopiu.net\/wordpress\/wp-content\/uploads\/2024\/12\/COOP1-2-300x128.png\" class=\"attachment-medium size-medium\" alt=\"\" srcset=\"https:\/\/www.radiopiu.net\/wordpress\/wp-content\/uploads\/2024\/12\/COOP1-2-300x128.png 300w, https:\/\/www.radiopiu.net\/wordpress\/wp-content\/uploads\/2024\/12\/COOP1-2.png 381w\" sizes=\"auto, (max-width: 300px) 100vw, 300px\" \/><\/a>\n\t\t\t\t<\/dt><\/dl><dl class='gallery-item'>\n\t\t\t\t<dt class='gallery-icon landscape'>\n\t\t\t\t\t<a class=\"rollover rollover-zoom dt-pswp-item\" title=\"COOP2\" data-dt-img-description=\"\" data-large_image_width=\"480\" data-large_image_height=\"241\"href='https:\/\/www.radiopiu.net\/wordpress\/wp-content\/uploads\/2024\/12\/COOP2-3.png'><img loading=\"lazy\" decoding=\"async\" width=\"300\" height=\"151\" src=\"https:\/\/www.radiopiu.net\/wordpress\/wp-content\/uploads\/2024\/12\/COOP2-3-300x151.png\" class=\"attachment-medium size-medium\" alt=\"\" srcset=\"https:\/\/www.radiopiu.net\/wordpress\/wp-content\/uploads\/2024\/12\/COOP2-3-300x151.png 300w, https:\/\/www.radiopiu.net\/wordpress\/wp-content\/uploads\/2024\/12\/COOP2-3.png 480w\" sizes=\"auto, (max-width: 300px) 100vw, 300px\" \/><\/a>\n\t\t\t\t<\/dt><\/dl><br style=\"clear: both\" \/>\n\t\t\t<\/div>\n\n<p>&nbsp;<\/p>\n<hr \/>\n<p>&nbsp;<\/p>\n<p>&nbsp;<\/p>\n<p><strong><a class=\"dt-pswp-item\" href=\"https:\/\/www.radiopiu.net\/wordpress\/wp-content\/uploads\/2023\/12\/ANTENNA.png\" data-dt-img-description=\"\" data-large_image_width=\"300\" data-large_image_height=\"166\"><img loading=\"lazy\" decoding=\"async\" class=\"wp-image-366306 alignright\" src=\"https:\/\/www.radiopiu.net\/wordpress\/wp-content\/uploads\/2023\/12\/ANTENNA.png\" alt=\"\" width=\"101\" height=\"56\" \/><\/a><a class=\"dt-pswp-item\" href=\"https:\/\/www.radiopiu.net\/wordpress\/wp-content\/uploads\/2024\/11\/th-17.jpg\" data-dt-img-description=\"\" data-large_image_width=\"224\" data-large_image_height=\"180\"><img loading=\"lazy\" decoding=\"async\" class=\" wp-image-421610 alignleft\" src=\"https:\/\/www.radiopiu.net\/wordpress\/wp-content\/uploads\/2024\/11\/th-17.jpg\" alt=\"\" width=\"167\" height=\"134\" \/><\/a>ogni sera alle 19 le anticipazioni alla radio, quello che poi seguirete nel TELEGIORNALE BELLUNESE\u00a0 in onda alle 19.30 sul CANALE 10 del digitale terrestre.\u00a0\u00a0<\/strong><\/p>\n<p>&nbsp;<\/p>\n<p>&nbsp;<\/p>\n<p>&nbsp;<\/p>\n<p>&nbsp;<\/p>\n<hr \/>\n<p>&nbsp;<\/p>\n<blockquote>\n<h1>ACQUA NON POTABILE A CENCENIGHE<\/h1>\n<\/blockquote>\n<p><strong>CENCENIGHE<\/strong> Gestione Servizi Pubblici informa che a Cencenighe in localit\u00e0 Pr\u00e0 Di Mezzo l&#8217;acqua erogata dall&#8217;acquedotto non \u00e8 potabile e non pu\u00f2 essere usata per scopi alimentari. Verr\u00e0 effettuato servizio sostitutivo con cisterna in localit\u00e0 Pr\u00e0 di Mezzo. GSP ha, comunque, gi\u00e0 adottato le necessarie misure per la disinfezione dell&#8217;acqua presente nei serbatoi e nella rete idrica con l&#8217;aggiunta di cloro.<\/p>\n<p>&nbsp;<\/p>\n<div class=\"page-title title-left solid-bg breadcrumbs-mobile-off page-title-responsive-enabled\">\n<div class=\"wf-wrap\">\n<div class=\"page-title-head hgroup\">\n<h1 class=\"entry-title\">\u00a0DISSERVIZI ALL\u2019ACQUEDOTTO DI AGORDO<\/h1>\n<\/div>\n<div class=\"page-title-breadcrumbs\"><\/div>\n<\/div>\n<\/div>\n<div id=\"main\" class=\"sidebar-right sidebar-divider-vertical\">\n<div class=\"wf-wrap\">\n<div class=\"wf-container-main\">\n<div id=\"content\" class=\"content\" role=\"main\">\n<article id=\"post-423560\" class=\"single-postlike horizontal-fancy-style post-423560 post type-post status-publish format-standard has-post-thumbnail category-news-18 category-49 description-off\">\n<div class=\"entry-content\">\n<p><strong><a class=\"dt-pswp-item\" href=\"https:\/\/www.radiopiu.net\/wordpress\/wp-content\/uploads\/2024\/11\/gsp-informa.jpg\" data-dt-img-description=\"\" data-large_image_width=\"1200\" data-large_image_height=\"670\"><img loading=\"lazy\" decoding=\"async\" class=\" wp-image-420210 alignleft\" src=\"https:\/\/www.radiopiu.net\/wordpress\/wp-content\/uploads\/2024\/11\/gsp-informa-300x168.jpg\" alt=\"\" width=\"230\" height=\"129\" srcset=\"https:\/\/www.radiopiu.net\/wordpress\/wp-content\/uploads\/2024\/11\/gsp-informa-300x168.jpg 300w, https:\/\/www.radiopiu.net\/wordpress\/wp-content\/uploads\/2024\/11\/gsp-informa-1024x572.jpg 1024w, https:\/\/www.radiopiu.net\/wordpress\/wp-content\/uploads\/2024\/11\/gsp-informa-768x429.jpg 768w, https:\/\/www.radiopiu.net\/wordpress\/wp-content\/uploads\/2024\/11\/gsp-informa.jpg 1200w\" sizes=\"auto, (max-width: 230px) 100vw, 230px\" \/><\/a>AGORDO\u00a0<\/strong> Gestione Servizi Pubblici al lavoro nel fine settimana\u00a0 a causa di un\u2019ingente perdita individuata lungo la rete idrica di Agordo, in localit\u00e0 Toccol. Si sono verificati\u00a0 casi di cali di pressione e\/o assenze temporanee d\u2019acqua in tutto il comune. L\u2019intervento di riparazione \u00e8 proseguito nella notte e temporaneamente risolto<br \/>\n<span style=\"color: #ff0000;\"><strong>A PROPOSITO DI GSP&#8230;<\/strong><\/span><\/p>\n<p>OGGI ALLE 10.30 SPECIALE GSP INFORMA, IL NUOVO PROGRAMMA SU RADIO PIU&#8217; E RADIO CLUB 103, A CURA DI BARBARA PAOLAZZI, TERZA PUNTATA<\/p>\n<blockquote class=\"wp-embedded-content\" data-secret=\"koDORGnYTm\"><p><a href=\"https:\/\/www.radiopiu.net\/wordpress\/gsp-informa\/\">GSP informa<\/a><\/p><\/blockquote>\n<p><iframe loading=\"lazy\" class=\"wp-embedded-content\" sandbox=\"allow-scripts\" security=\"restricted\" style=\"position: absolute; visibility: hidden;\" title=\"&#8220;GSP informa&#8221; &#8212; Radio Pi\u00f9\" src=\"https:\/\/www.radiopiu.net\/wordpress\/gsp-informa\/embed\/#?secret=RZRl3A0NmJ#?secret=koDORGnYTm\" data-secret=\"koDORGnYTm\" width=\"600\" height=\"338\" frameborder=\"0\" marginwidth=\"0\" marginheight=\"0\" scrolling=\"no\"><\/iframe><\/p>\n<\/div>\n<\/article>\n<\/div>\n<\/div>\n<\/div>\n<\/div>\n<p>&nbsp;<\/p>\n<p>&nbsp;<\/p>\n<hr \/>\n<blockquote>\n<h3><\/h3>\n<h3>IL MONDO DELLO SPORT ALZA LA VOCE&#8230;FORZA CHRISTIAN!!!<\/h3>\n<\/blockquote>\n<p><strong>DI MARCO GAZ<\/strong><\/p>\n<p><strong>REDAZIONE<\/strong> \u00c8 ormai passata una settimana dalla notizia dell&#8217;incidente sul Passo San Pellegrino in cui \u00e8 rimasto coinvolto Christian Selle. Il mondo dello sport in Agordino alza la voce e vuole far sentire la sua vicinanza alla famiglia selle in questo momento difficile. Sabato sera, dopo la partita tra Alleghe ed Aosta, le civette si sono riunite in campo per lanciare il messaggio con uno striscione dedicato al ragazzo di Agordo. La stessa cosa l&#8217;ha fatta l&#8217;Agordina Calcio prima della partita all&#8217;Ivano Dorigo valida per la Terza Categoria con i giocatori che hanno indossato una maglia con scritto &#8220;Forza Christian&#8221;. Ancora pi\u00f9 sentita quella della squadra di Agordo visto che il fratello Manuel gioca con la formazione allenata da Alan Davare che ha vinto con la Fulgor Farra ed ha dedicato la vittoria a Christian e ai suoi famigliari.<\/p>\n\n\t\t\t<style type='text\/css'>\n\t\t\t\t#gallery-2 {\n\t\t\t\t\tmargin: auto;\n\t\t\t\t}\n\t\t\t\t#gallery-2 .gallery-item {\n\t\t\t\t\tfloat: left;\n\t\t\t\t\tmargin-top: 10px;\n\t\t\t\t\ttext-align: center;\n\t\t\t\t\twidth: 50%;\n\t\t\t\t}\n\t\t\t\t#gallery-2 img {\n\t\t\t\t\tborder: 2px solid #cfcfcf;\n\t\t\t\t}\n\t\t\t\t#gallery-2 .gallery-caption {\n\t\t\t\t\tmargin-left: 0;\n\t\t\t\t}\n\t\t\t\t\/* see gallery_shortcode() in wp-includes\/media.php *\/\n\t\t\t<\/style>\n\t\t<div id='gallery-2' class='dt-gallery-container gallery galleryid-423476 gallery-columns-2 gallery-size-medium'><dl class='gallery-item'>\n\t\t\t\t<dt class='gallery-icon landscape'>\n\t\t\t\t\t<a class=\"rollover rollover-zoom dt-pswp-item\" title=\"c858e578-3b99-4308-ba8a-f89f6d47d694\" data-dt-img-description=\"\" data-large_image_width=\"2048\" data-large_image_height=\"1536\"href='https:\/\/www.radiopiu.net\/wordpress\/wp-content\/uploads\/2024\/12\/c858e578-3b99-4308-ba8a-f89f6d47d694.jpg'><img loading=\"lazy\" decoding=\"async\" width=\"300\" height=\"225\" src=\"https:\/\/www.radiopiu.net\/wordpress\/wp-content\/uploads\/2024\/12\/c858e578-3b99-4308-ba8a-f89f6d47d694-300x225.jpg\" class=\"attachment-medium size-medium\" alt=\"\" aria-describedby=\"gallery-2-423601\" srcset=\"https:\/\/www.radiopiu.net\/wordpress\/wp-content\/uploads\/2024\/12\/c858e578-3b99-4308-ba8a-f89f6d47d694-300x225.jpg 300w, https:\/\/www.radiopiu.net\/wordpress\/wp-content\/uploads\/2024\/12\/c858e578-3b99-4308-ba8a-f89f6d47d694-1024x768.jpg 1024w, https:\/\/www.radiopiu.net\/wordpress\/wp-content\/uploads\/2024\/12\/c858e578-3b99-4308-ba8a-f89f6d47d694-768x576.jpg 768w, https:\/\/www.radiopiu.net\/wordpress\/wp-content\/uploads\/2024\/12\/c858e578-3b99-4308-ba8a-f89f6d47d694-1536x1152.jpg 1536w, https:\/\/www.radiopiu.net\/wordpress\/wp-content\/uploads\/2024\/12\/c858e578-3b99-4308-ba8a-f89f6d47d694.jpg 2048w\" sizes=\"auto, (max-width: 300px) 100vw, 300px\" \/><\/a>\n\t\t\t\t<\/dt>\n\t\t\t\t\t<dd class='wp-caption-text gallery-caption' id='gallery-2-423601'>\n\t\t\t\t\tALLEGHE HOCKEY\n\t\t\t\t\t<\/dd><\/dl><dl class='gallery-item'>\n\t\t\t\t<dt class='gallery-icon landscape'>\n\t\t\t\t\t<a class=\"rollover rollover-zoom dt-pswp-item\" title=\"Screenshot\" data-dt-img-description=\"\" data-large_image_width=\"870\" data-large_image_height=\"746\"href='https:\/\/www.radiopiu.net\/wordpress\/wp-content\/uploads\/2024\/12\/SCR-20241208-pfzo.jpeg'><img loading=\"lazy\" decoding=\"async\" width=\"300\" height=\"257\" src=\"https:\/\/www.radiopiu.net\/wordpress\/wp-content\/uploads\/2024\/12\/SCR-20241208-pfzo-300x257.jpeg\" class=\"attachment-medium size-medium\" alt=\"\" aria-describedby=\"gallery-2-423674\" srcset=\"https:\/\/www.radiopiu.net\/wordpress\/wp-content\/uploads\/2024\/12\/SCR-20241208-pfzo-300x257.jpeg 300w, https:\/\/www.radiopiu.net\/wordpress\/wp-content\/uploads\/2024\/12\/SCR-20241208-pfzo-768x659.jpeg 768w, https:\/\/www.radiopiu.net\/wordpress\/wp-content\/uploads\/2024\/12\/SCR-20241208-pfzo.jpeg 870w\" sizes=\"auto, (max-width: 300px) 100vw, 300px\" \/><\/a>\n\t\t\t\t<\/dt>\n\t\t\t\t\t<dd class='wp-caption-text gallery-caption' id='gallery-2-423674'>\n\t\t\t\t\tAGORDINA CALCIO\n\t\t\t\t\t<\/dd><\/dl><br style=\"clear: both\" \/>\n\t\t\t<\/div>\n\n<hr \/>\n<p>&nbsp;<\/p>\n<p>&nbsp;<\/p>\n<blockquote>\n<h3><a class=\"dt-pswp-item\" href=\"https:\/\/www.radiopiu.net\/wordpress\/wp-content\/uploads\/2024\/12\/394537148_10160048767142712_1821059616464751887_n.jpg\" data-dt-img-description=\"\" data-large_image_width=\"960\" data-large_image_height=\"958\"><img loading=\"lazy\" decoding=\"async\" class=\" wp-image-423775 alignleft\" src=\"https:\/\/www.radiopiu.net\/wordpress\/wp-content\/uploads\/2024\/12\/394537148_10160048767142712_1821059616464751887_n-300x300.jpg\" alt=\"\" width=\"152\" height=\"152\" srcset=\"https:\/\/www.radiopiu.net\/wordpress\/wp-content\/uploads\/2024\/12\/394537148_10160048767142712_1821059616464751887_n-300x300.jpg 300w, https:\/\/www.radiopiu.net\/wordpress\/wp-content\/uploads\/2024\/12\/394537148_10160048767142712_1821059616464751887_n-150x150.jpg 150w, https:\/\/www.radiopiu.net\/wordpress\/wp-content\/uploads\/2024\/12\/394537148_10160048767142712_1821059616464751887_n-768x766.jpg 768w, https:\/\/www.radiopiu.net\/wordpress\/wp-content\/uploads\/2024\/12\/394537148_10160048767142712_1821059616464751887_n.jpg 960w\" sizes=\"auto, (max-width: 152px) 100vw, 152px\" \/><\/a>E&#8217; MANCATA LA MOGLIE DI CONSTANT PRIONDOLO. LE CONDOGLIANZE DELL&#8217;ALLEGHE HOCKEY<\/h3>\n<\/blockquote>\n<p><strong>DI ROBERTO MIANA, PORTAVOCE DELL&#8217;ALLEGHE HOCKEY<\/strong><\/p>\n<p>La Societ\u00e0 Alleghe Hockey porge le pi\u00f9 sentite condoglianze a Constant Priondolo per la scomparsa della moglie Linda. Constant, ex hockeista italo-canadese classe 1959, nelle sue 9 stagioni (dal 1981 al 1990) in riva al lago ha lasciato un ricordo indelebile nella storia della Societ\u00e0 Biancorossa e nella memoria dei tifosi. La famiglia Alleghe Hockey si stringe, con un caloroso abbraccio, al suo campione in questo momento difficile.<\/p>\n<p>&nbsp;<\/p>\n<hr \/>\n<p>&nbsp;<\/p>\n<blockquote>\n<h2>Penetrano nella clubhouse, brindano e rubano il fondo cassa<\/h2>\n<\/blockquote>\n<p><strong><img decoding=\"async\" class=\"alignleft\" src=\"https:\/\/www.radiopiu.net\/wordpress\/wp-content\/uploads\/2024\/12\/th-3.jpg\" \/>BELLUNO<\/strong><\/p>\n<p>Due\u00a0 ladri si sono introdotti nella clubhouse del Rugby Belluno a Villa Montalban. Dopo aver brindato con birre e fernet, hanno rubato la cassa, contenente solo pochi spiccioli. Le telecamere di videosorveglianza hanno ripreso i due dall\u2019ingresso fino alle 3 del mattino. Stranamente, non ci sono segni di effrazione: si ipotizza una porta lasciata aperta. I ladri hanno ignorato oggetti di valore, come trapani e attrezzature sportive, puntando solo sul fondo cassa. La societ\u00e0 ha denunciato l&#8217;accaduto, fornendo le immagini agli investigatori, che potranno facilmente identificarli. I danni sono limitati, anche grazie alla rimozione preventiva degli incassi pi\u00f9 consistenti.<\/p>\n<p>&nbsp;<\/p>\n<p>&nbsp;<\/p>\n<hr \/>\n<p>&nbsp;<\/p>\n<blockquote>\n<h2>Ladri bloccati in officina, scappano a piedi e rubano un&#8217;altra auto<\/h2>\n<\/blockquote>\n<p><strong><img decoding=\"async\" class=\"alignleft\" src=\"https:\/\/www.radiopiu.net\/wordpress\/wp-content\/uploads\/2024\/12\/Senza-nome-41.png\" \/>FELTRE<\/strong> Nella notte tra venerd\u00ec e sabato, due ladri tentano di rubare in un\u2019officina ad Arten, ma il titolare, Martino Zannin, li sorprende e blocca la loro fuga parcheggiando la propria auto davanti all\u2019uscita. Costretti a scappare a piedi, i malviventi abbandonano una Fiat Punto rubata a Vicenza e fuggono nei campi.<\/p>\n<p>Successivamente, a Fonzaso, una Fiat Panda viene rubata durante la notte. Si sospetta che sia stata usata dai ladri per proseguire la fuga. I carabinieri stanno indagando, supportati dalle segnalazioni dei cittadini. La macchina rubata non \u00e8 ancora stata ritrovata, e i proprietari hanno lanciato un appello sui social per ricevere informazioni utili. L&#8217;AUTO E&#8217; TARGATA FK414CS<\/p>\n<p>&nbsp;<\/p>\n<hr \/>\n<p>&nbsp;<\/p>\n<blockquote>\n<blockquote><p><em>Le previsioni, che avevano prospettato nevicate pi\u00f9 abbondanti<\/em><\/p><\/blockquote>\n<div class=\"flex max-w-full flex-col flex-grow\">\n<div class=\"min-h-8 text-message flex w-full flex-col items-end gap-2 whitespace-normal break-words text-start [.text-message+&amp;]:mt-5\" dir=\"auto\" data-message-author-role=\"assistant\" data-message-id=\"4677d070-7883-40dc-b1f9-f13336ad150a\" data-message-model-slug=\"gpt-4o\">\n<div class=\"flex w-full flex-col gap-1 empty:hidden first:pt-[3px]\">\n<div class=\"markdown prose w-full break-words dark:prose-invert dark\">\n<p><img loading=\"lazy\" decoding=\"async\" class=\"alignleft\" src=\"https:\/\/www.radiopiu.net\/wordpress\/wp-content\/uploads\/2024\/12\/58c5d24f-44cf-4c32-b0cc-3795ae6a4f12.jpg\" width=\"240\" height=\"180\" \/>La neve, tanto attesa e annunciata, \u00e8 finalmente arrivata, ma in quantit\u00e0 decisamente inferiore alle previsioni.\u00a0 Sulle <strong>Dolomiti<\/strong> e le <strong>Prealpi<\/strong>, le precipitazioni hanno portato dai 2 ai 10 centimetri di neve, a seconda dell\u2019altitudine. A 1.000 metri si registravano solo 2-3 centimetri, mentre a 1.500 metri la copertura non superava i 5 centimetri. Salendo tra i 2.000 e i 2.200 metri, lo spessore si aggirava intorno agli 8-10 centimetri. Dati confermati dall\u2019Arpav, che ha rilevato accumuli modesti anche nelle principali localit\u00e0 montane: sul Monte Grappa circa 20 centimetri, mentre 10 sono stati registrati sul Monte Cherz, sui Monti Alti Ornella sopra Arabba e sulle Pale di San Martino a Taibon. Se sulle Dolomiti la situazione non ha presentato particolari criticit\u00e0, qualche problema si \u00e8 verificato sulle <strong>Prealpi<\/strong>. In particolare, a <strong>Pian de le Femene<\/strong>, al confine tra Vittoriese e Belluno, alcune auto sono rimaste bloccate nella neve, richiedendo l\u2019intervento dei vigili del fuoco. Gli stessi operatori sono stati impegnati nella rimozione di tronchi e rami abbattuti dal vento in varie localit\u00e0. Neve anche sulla piana del <strong>Cansiglio<\/strong>, dove si sono segnalati episodi di automobilisti in difficolt\u00e0, con l\u2019attivazione dei mezzi spazzaneve per garantire la circolazione. Veneto Strade, nella mattinata di ieri, aveva avvertito del pericolo del <strong>vento ai passi<\/strong>, pur sottolineando che non si erano riscontrate particolari criticit\u00e0. Tuttavia, la raccomandazione di viaggiare con gomme invernali o catene a bordo resta valida per chiunque si avventuri in quota.\u00a0 L\u2019episodio riporta in primo piano l\u2019importanza di comunicazioni meteo accurate, essenziali per non disilludere il pubblico e garantire una gestione ottimale delle risorse locali. Intanto, la montagna resta comunque una meta suggestiva, con o senza coltri di neve da record.<\/p>\n<\/div>\n<\/div>\n<\/div>\n<\/div>\n<\/blockquote>\n<div class=\"flex max-w-full flex-col flex-grow\">\n<div class=\"min-h-8 text-message flex w-full flex-col items-end gap-2 whitespace-normal break-words text-start [.text-message+&amp;]:mt-5\" dir=\"auto\" data-message-author-role=\"assistant\" data-message-id=\"4677d070-7883-40dc-b1f9-f13336ad150a\" data-message-model-slug=\"gpt-4o\">\n<div class=\"flex w-full flex-col gap-1 empty:hidden first:pt-[3px]\">\n<p>&nbsp;<\/p>\n<\/div>\n<\/div>\n<\/div>\n<p>&nbsp;<\/p>\n<hr \/>\n<blockquote>\n<h3><\/h3>\n<h3>CARABINIERI DI CORTINA PRONTI PER LA STAGIONE INVERNALE<\/h3>\n<\/blockquote>\n<p><strong>CORTINA<\/strong> I Carabinieri di Cortina d\u2019Ampezzo si preparano alla stagione invernale intensificando l\u2019addestramento della squadra di soccorso e vigilanza sulle piste, in vista sia delle Olimpiadi Invernali Milano-Cortina 2026 che delle attivit\u00e0 ordinarie. Grazie alla collaborazione con la Croce Bianca, il programma formativo \u00e8 stato potenziato, con focus sul soccorso in ambiente montano e sulle normative del settore. La dotazione tecnica \u00e8 stata aggiornata con nuovi mezzi, tra cui motoslitte e fuoristrada, per interventi rapidi in zone impervie. Questa stagione sar\u00e0 un test cruciale in ottica olimpica, con l\u2019obiettivo di garantire sicurezza e supporto a residenti e turisti. Controlli mirati punteranno a prevenire comportamenti pericolosi, abuso di alcol e droghe, promuovendo il rispetto delle norme. Il Capitano Alessandro Bui sottolinea l\u2019impegno costante dell\u2019Arma per offrire un servizio sempre pi\u00f9 qualificato, assicurando una stagione sicura e preparandosi alle sfide future.<\/p>\n\n\t\t\t<style type='text\/css'>\n\t\t\t\t#gallery-3 {\n\t\t\t\t\tmargin: auto;\n\t\t\t\t}\n\t\t\t\t#gallery-3 .gallery-item {\n\t\t\t\t\tfloat: left;\n\t\t\t\t\tmargin-top: 10px;\n\t\t\t\t\ttext-align: center;\n\t\t\t\t\twidth: 33%;\n\t\t\t\t}\n\t\t\t\t#gallery-3 img {\n\t\t\t\t\tborder: 2px solid #cfcfcf;\n\t\t\t\t}\n\t\t\t\t#gallery-3 .gallery-caption {\n\t\t\t\t\tmargin-left: 0;\n\t\t\t\t}\n\t\t\t\t\/* see gallery_shortcode() in wp-includes\/media.php *\/\n\t\t\t<\/style>\n\t\t<div id='gallery-3' class='dt-gallery-container gallery galleryid-423476 gallery-columns-3 gallery-size-thumbnail'><dl class='gallery-item'>\n\t\t\t\t<dt class='gallery-icon landscape'>\n\t\t\t\t\t<a class=\"rollover rollover-zoom dt-pswp-item\" title=\"image003\" data-dt-img-description=\"\" data-large_image_width=\"2560\" data-large_image_height=\"1920\"href='https:\/\/www.radiopiu.net\/wordpress\/wp-content\/uploads\/2024\/12\/image003-scaled.jpg'><img loading=\"lazy\" decoding=\"async\" width=\"150\" height=\"150\" src=\"https:\/\/www.radiopiu.net\/wordpress\/wp-content\/uploads\/2024\/12\/image003-150x150.jpg\" class=\"attachment-thumbnail size-thumbnail\" alt=\"\" \/><\/a>\n\t\t\t\t<\/dt><\/dl><dl class='gallery-item'>\n\t\t\t\t<dt class='gallery-icon landscape'>\n\t\t\t\t\t<a class=\"rollover rollover-zoom dt-pswp-item\" title=\"Unknown\" data-dt-img-description=\"\" data-large_image_width=\"2560\" data-large_image_height=\"1920\"href='https:\/\/www.radiopiu.net\/wordpress\/wp-content\/uploads\/2024\/12\/Unknown-1-scaled.jpeg'><img loading=\"lazy\" decoding=\"async\" width=\"150\" height=\"150\" src=\"https:\/\/www.radiopiu.net\/wordpress\/wp-content\/uploads\/2024\/12\/Unknown-1-150x150.jpeg\" class=\"attachment-thumbnail size-thumbnail\" alt=\"\" \/><\/a>\n\t\t\t\t<\/dt><\/dl><dl class='gallery-item'>\n\t\t\t\t<dt class='gallery-icon landscape'>\n\t\t\t\t\t<a class=\"rollover rollover-zoom dt-pswp-item\" title=\"image005\" data-dt-img-description=\"\" data-large_image_width=\"1017\" data-large_image_height=\"763\"href='https:\/\/www.radiopiu.net\/wordpress\/wp-content\/uploads\/2024\/12\/image005.jpg'><img loading=\"lazy\" decoding=\"async\" width=\"150\" height=\"150\" src=\"https:\/\/www.radiopiu.net\/wordpress\/wp-content\/uploads\/2024\/12\/image005-150x150.jpg\" class=\"attachment-thumbnail size-thumbnail\" alt=\"\" \/><\/a>\n\t\t\t\t<\/dt><\/dl><br style=\"clear: both\" \/>\n\t\t\t<\/div>\n\n<p>&nbsp;<\/p>\n<hr \/>\n<p>&nbsp;<\/p>\n<blockquote>\n<h3>INVESTITO UN CANE SULL&#8217;ALEMAGNA: APACA LAMENTA LA MANCANZA DI UNA GUARDIA VETERINARIA<\/h3>\n<\/blockquote>\n<p><strong><a class=\"dt-pswp-item\" href=\"https:\/\/www.radiopiu.net\/wordpress\/wp-content\/uploads\/2019\/01\/cane.jpg\" data-dt-img-description=\"\" data-large_image_width=\"1280\" data-large_image_height=\"851\"><img loading=\"lazy\" decoding=\"async\" class=\" wp-image-71726 alignleft\" src=\"https:\/\/www.radiopiu.net\/wordpress\/wp-content\/uploads\/2019\/01\/cane-300x199.jpg\" alt=\"\" width=\"181\" height=\"120\" srcset=\"https:\/\/www.radiopiu.net\/wordpress\/wp-content\/uploads\/2019\/01\/cane-300x199.jpg 300w, https:\/\/www.radiopiu.net\/wordpress\/wp-content\/uploads\/2019\/01\/cane-768x511.jpg 768w, https:\/\/www.radiopiu.net\/wordpress\/wp-content\/uploads\/2019\/01\/cane-1024x681.jpg 1024w, https:\/\/www.radiopiu.net\/wordpress\/wp-content\/uploads\/2019\/01\/cane.jpg 1280w\" sizes=\"auto, (max-width: 181px) 100vw, 181px\" \/><\/a>BELLUNO <\/strong>Caralte un cane investito da un\u2019auto ha richiesto un intervento veterinario urgente. L\u2019automobilista non si \u00e8 fermato subito, lasciando il soccorso a un turista di Treviso, che ha contattato il 118 e successivamente Apaca. Nonostante vari tentativi di attivare la guardia veterinaria tramite gli ospedali locali, nessun servizio \u00e8 stato attivato, poich\u00e9 l\u2019animale non era da reddito. Veterinari locali non hanno risposto, costringendo il turista a rivolgersi a una clinica a Conegliano. Fortunatamente, l\u2019automobilista \u00e8 tornato e ha contattato una veterinaria del Cadore che ha soccorso il cane. Walter Capraro di Apaca ha denunciato la mancanza di un pronto intervento veterinario in provincia, sottolineando l\u2019assenza di una turnazione organizzata tra i professionisti. Ha criticato l\u2019incivilt\u00e0 di una provincia che si vanta di attrattivit\u00e0 turistica senza garantire servizi essenziali, lasciando cittadini e turisti in difficolt\u00e0.<\/p>\n<p>&nbsp;<\/p>\n<p>&nbsp;<\/p>\n<hr \/>\n<p>&nbsp;<\/p>\n<blockquote>\n<h3>LE PREOCCUPAZIONI DI CONFINDUSTRIA BELLUNO DOLOMITI<\/h3>\n<\/blockquote>\n<p><strong><a class=\"dt-pswp-item\" href=\"https:\/\/www.radiopiu.net\/wordpress\/wp-content\/uploads\/2021\/05\/CONFINDUSTRIA.png\" data-dt-img-description=\"\" data-large_image_width=\"575\" data-large_image_height=\"575\"><img loading=\"lazy\" decoding=\"async\" class=\" wp-image-211858 alignleft\" src=\"https:\/\/www.radiopiu.net\/wordpress\/wp-content\/uploads\/2021\/05\/CONFINDUSTRIA-300x300.png\" alt=\"\" width=\"139\" height=\"139\" srcset=\"https:\/\/www.radiopiu.net\/wordpress\/wp-content\/uploads\/2021\/05\/CONFINDUSTRIA-300x300.png 300w, https:\/\/www.radiopiu.net\/wordpress\/wp-content\/uploads\/2021\/05\/CONFINDUSTRIA-150x150.png 150w, https:\/\/www.radiopiu.net\/wordpress\/wp-content\/uploads\/2021\/05\/CONFINDUSTRIA.png 575w\" sizes=\"auto, (max-width: 139px) 100vw, 139px\" \/><\/a>BELLUNO<\/strong> Lorraine Berton, presidente di Confindustria Belluno Dolomiti, evidenzia la necessit\u00e0 di introdurre misure urgenti per sostenere la competitivit\u00e0 del sistema industriale italiano. Tra queste, l\u2019Ires premiale rappresenta uno strumento chiave per incentivare investimenti in ricerca e innovazione, essenziali per affrontare le sfide economiche previste nel 2025. La crisi economica in Germania e i segnali preoccupanti dalla Francia, principali partner e competitor dell\u2019Italia, rendono indispensabile un sostegno mirato al manifatturiero e al Made in Italy, che grazie all\u2019export continua a essere un pilastro del sistema economico. Intervenire tempestivamente \u00e8 cruciale per rafforzare la fiducia e affrontare un contesto geopolitico complesso.<\/p>\n<p>&nbsp;<\/p>\n<p>&nbsp;<\/p>\n<hr \/>\n<p>&nbsp;<\/p>\n<blockquote>\n<h3>LEONARDO MARIA DEL VECCHIO SI COMPRA TWIGA DA BRIATORE<\/h3>\n<\/blockquote>\n<p><strong><a class=\"dt-pswp-item\" href=\"https:\/\/www.radiopiu.net\/wordpress\/wp-content\/uploads\/2024\/05\/LEONARDO-MARIA-DEL-VECCHIO-FORBES.jpg\" data-dt-img-description=\"\" data-large_image_width=\"1537\" data-large_image_height=\"988\"><img loading=\"lazy\" decoding=\"async\" class=\" wp-image-388132 alignleft\" src=\"https:\/\/www.radiopiu.net\/wordpress\/wp-content\/uploads\/2024\/05\/LEONARDO-MARIA-DEL-VECCHIO-FORBES-300x193.jpg\" alt=\"\" width=\"194\" height=\"125\" srcset=\"https:\/\/www.radiopiu.net\/wordpress\/wp-content\/uploads\/2024\/05\/LEONARDO-MARIA-DEL-VECCHIO-FORBES-300x193.jpg 300w, https:\/\/www.radiopiu.net\/wordpress\/wp-content\/uploads\/2024\/05\/LEONARDO-MARIA-DEL-VECCHIO-FORBES-1024x658.jpg 1024w, https:\/\/www.radiopiu.net\/wordpress\/wp-content\/uploads\/2024\/05\/LEONARDO-MARIA-DEL-VECCHIO-FORBES-768x494.jpg 768w, https:\/\/www.radiopiu.net\/wordpress\/wp-content\/uploads\/2024\/05\/LEONARDO-MARIA-DEL-VECCHIO-FORBES.jpg 1537w\" sizes=\"auto, (max-width: 194px) 100vw, 194px\" \/><\/a>REDAZIONE<\/strong> Leonardo Maria Del Vecchio, tramite LMDV Capital e la Triple Sea Food, acquisisce l\u2019intero universo Twiga di Flavio Briatore, comprendendo il brand e le quattro location del Gruppo Majestas: Forte dei Marmi, Montecarlo, Baia Beniamin e il celebre immobile del \u201cBillionaire\u201d di Porto Cervo, che diventer\u00e0 Twiga nel 2025. L\u2019accordo, previsto per chiudersi nel primo trimestre del 2025, punta a creare un colosso \u201cmade in Italy\u201d nella ristorazione di lusso con ambizioni internazionali. Il fatturato combinato delle societ\u00e0 \u00e8 stimato a circa 50 milioni nel 2024. Del Vecchio dichiara l\u2019intenzione di ridefinire gli standard del settore con investimenti coraggiosi. Briatore, concentrato sul suo ruolo in Formula 1 con Alpine, continuer\u00e0 a sviluppare i brand Billionaire e Crazy Pizza, augurando successo al nuovo team. (Fonte: Open.Online)<\/p>\n<p>&nbsp;<\/p>\n<p>&nbsp;<\/p>\n<hr \/>\n<p>&nbsp;<\/p>\n<blockquote>\n<h3>SKI CIVETTA E IL 50ESIMO DI DOLOMITI SUPERSKI<\/h3>\n<\/blockquote>\n<p><strong>ALLEGHE<\/strong> Dolomiti Superski celebra i suoi primi 50 anni con eventi in tutti i 12 comprensori del carosello sciistico. Sabato 14 dicembre l\u2019area Ski Civetta ospiter\u00e0 al Palaghiaccio di Alleghe una cerimonia speciale. Il programma include due tavole rotonde su temi legati a sport e territorio, tra cui l\u2019economia di montagna, i grandi eventi e lo sviluppo locale, con un focus sul possibile collegamento sciistico tra Ski Civetta e Cortina Skiworld. Interverranno esperti come Marco Grigoletto (ANEF Veneto), Alessandro Belli (Luiss Business School), ed Enrico Pirollo (Val Fiorentina Spa). La mattinata culminer\u00e0 con la consegna di onorificenze a personalit\u00e0 locali da parte di Andy Varallo (Dolomiti Superski) e Cesare Sorar\u00f9 (Consorzio Civetta). Verr\u00e0 ripercorsa la storia di Ski Civetta, evidenziandone la crescita e il ruolo nel sistema turistico dolomitico, con approfondimenti sulle opportunit\u00e0 future.<\/p>\n\n\t\t\t<style type='text\/css'>\n\t\t\t\t#gallery-4 {\n\t\t\t\t\tmargin: auto;\n\t\t\t\t}\n\t\t\t\t#gallery-4 .gallery-item {\n\t\t\t\t\tfloat: left;\n\t\t\t\t\tmargin-top: 10px;\n\t\t\t\t\ttext-align: center;\n\t\t\t\t\twidth: 25%;\n\t\t\t\t}\n\t\t\t\t#gallery-4 img {\n\t\t\t\t\tborder: 2px solid #cfcfcf;\n\t\t\t\t}\n\t\t\t\t#gallery-4 .gallery-caption {\n\t\t\t\t\tmargin-left: 0;\n\t\t\t\t}\n\t\t\t\t\/* see gallery_shortcode() in wp-includes\/media.php *\/\n\t\t\t<\/style>\n\t\t<div id='gallery-4' class='dt-gallery-container gallery galleryid-423476 gallery-columns-4 gallery-size-thumbnail'><dl class='gallery-item'>\n\t\t\t\t<dt class='gallery-icon landscape'>\n\t\t\t\t\t<a class=\"rollover rollover-zoom dt-pswp-item\" title=\"Alleghe foto8\" data-dt-img-description=\"\" data-large_image_width=\"2560\" data-large_image_height=\"1818\"href='https:\/\/www.radiopiu.net\/wordpress\/wp-content\/uploads\/2024\/12\/Alleghe-foto8-scaled.jpg'><img loading=\"lazy\" decoding=\"async\" width=\"150\" height=\"150\" src=\"https:\/\/www.radiopiu.net\/wordpress\/wp-content\/uploads\/2024\/12\/Alleghe-foto8-150x150.jpg\" class=\"attachment-thumbnail size-thumbnail\" alt=\"\" \/><\/a>\n\t\t\t\t<\/dt><\/dl><dl class='gallery-item'>\n\t\t\t\t<dt class='gallery-icon landscape'>\n\t\t\t\t\t<a class=\"rollover rollover-zoom dt-pswp-item\" title=\"Alleghe foto9\" data-dt-img-description=\"\" data-large_image_width=\"2560\" data-large_image_height=\"1753\"href='https:\/\/www.radiopiu.net\/wordpress\/wp-content\/uploads\/2024\/12\/Alleghe-foto9-scaled.jpg'><img loading=\"lazy\" decoding=\"async\" width=\"150\" height=\"150\" src=\"https:\/\/www.radiopiu.net\/wordpress\/wp-content\/uploads\/2024\/12\/Alleghe-foto9-150x150.jpg\" class=\"attachment-thumbnail size-thumbnail\" alt=\"\" \/><\/a>\n\t\t\t\t<\/dt><\/dl><dl class='gallery-item'>\n\t\t\t\t<dt class='gallery-icon landscape'>\n\t\t\t\t\t<a class=\"rollover rollover-zoom dt-pswp-item\" title=\"foto17\" data-dt-img-description=\"\" data-large_image_width=\"2560\" data-large_image_height=\"2560\"href='https:\/\/www.radiopiu.net\/wordpress\/wp-content\/uploads\/2024\/12\/foto17-scaled.jpg'><img loading=\"lazy\" decoding=\"async\" width=\"150\" height=\"150\" src=\"https:\/\/www.radiopiu.net\/wordpress\/wp-content\/uploads\/2024\/12\/foto17-150x150.jpg\" class=\"attachment-thumbnail size-thumbnail\" alt=\"\" srcset=\"https:\/\/www.radiopiu.net\/wordpress\/wp-content\/uploads\/2024\/12\/foto17-150x150.jpg 150w, https:\/\/www.radiopiu.net\/wordpress\/wp-content\/uploads\/2024\/12\/foto17-300x300.jpg 300w, https:\/\/www.radiopiu.net\/wordpress\/wp-content\/uploads\/2024\/12\/foto17-1024x1024.jpg 1024w, https:\/\/www.radiopiu.net\/wordpress\/wp-content\/uploads\/2024\/12\/foto17-768x768.jpg 768w, https:\/\/www.radiopiu.net\/wordpress\/wp-content\/uploads\/2024\/12\/foto17-1536x1536.jpg 1536w, https:\/\/www.radiopiu.net\/wordpress\/wp-content\/uploads\/2024\/12\/foto17-2048x2048.jpg 2048w\" sizes=\"auto, (max-width: 150px) 100vw, 150px\" \/><\/a>\n\t\t\t\t<\/dt><\/dl><dl class='gallery-item'>\n\t\t\t\t<dt class='gallery-icon landscape'>\n\t\t\t\t\t<a class=\"rollover rollover-zoom dt-pswp-item\" title=\"foto18\" data-dt-img-description=\"\" data-large_image_width=\"2560\" data-large_image_height=\"2560\"href='https:\/\/www.radiopiu.net\/wordpress\/wp-content\/uploads\/2024\/12\/foto18-scaled.jpg'><img loading=\"lazy\" decoding=\"async\" width=\"150\" height=\"150\" src=\"https:\/\/www.radiopiu.net\/wordpress\/wp-content\/uploads\/2024\/12\/foto18-150x150.jpg\" class=\"attachment-thumbnail size-thumbnail\" alt=\"\" srcset=\"https:\/\/www.radiopiu.net\/wordpress\/wp-content\/uploads\/2024\/12\/foto18-150x150.jpg 150w, https:\/\/www.radiopiu.net\/wordpress\/wp-content\/uploads\/2024\/12\/foto18-300x300.jpg 300w, https:\/\/www.radiopiu.net\/wordpress\/wp-content\/uploads\/2024\/12\/foto18-1024x1024.jpg 1024w, https:\/\/www.radiopiu.net\/wordpress\/wp-content\/uploads\/2024\/12\/foto18-768x768.jpg 768w, https:\/\/www.radiopiu.net\/wordpress\/wp-content\/uploads\/2024\/12\/foto18-1536x1536.jpg 1536w, https:\/\/www.radiopiu.net\/wordpress\/wp-content\/uploads\/2024\/12\/foto18-2048x2048.jpg 2048w\" sizes=\"auto, (max-width: 150px) 100vw, 150px\" \/><\/a>\n\t\t\t\t<\/dt><\/dl><br style=\"clear: both\" \/><dl class='gallery-item'>\n\t\t\t\t<dt class='gallery-icon landscape'>\n\t\t\t\t\t<a class=\"rollover rollover-zoom dt-pswp-item\" title=\"foto20\" data-dt-img-description=\"\" data-large_image_width=\"2560\" data-large_image_height=\"1862\"href='https:\/\/www.radiopiu.net\/wordpress\/wp-content\/uploads\/2024\/12\/foto20-scaled.jpg'><img loading=\"lazy\" decoding=\"async\" width=\"150\" height=\"150\" src=\"https:\/\/www.radiopiu.net\/wordpress\/wp-content\/uploads\/2024\/12\/foto20-150x150.jpg\" class=\"attachment-thumbnail size-thumbnail\" alt=\"\" \/><\/a>\n\t\t\t\t<\/dt><\/dl><dl class='gallery-item'>\n\t\t\t\t<dt class='gallery-icon landscape'>\n\t\t\t\t\t<a class=\"rollover rollover-zoom dt-pswp-item\" title=\"Partenza Coppa del Mondo\" data-dt-img-description=\"\" data-large_image_width=\"2560\" data-large_image_height=\"1706\"href='https:\/\/www.radiopiu.net\/wordpress\/wp-content\/uploads\/2024\/12\/Partenza-Coppa-del-Mondo-scaled.jpg'><img loading=\"lazy\" decoding=\"async\" width=\"150\" height=\"150\" src=\"https:\/\/www.radiopiu.net\/wordpress\/wp-content\/uploads\/2024\/12\/Partenza-Coppa-del-Mondo-150x150.jpg\" class=\"attachment-thumbnail size-thumbnail\" alt=\"\" \/><\/a>\n\t\t\t\t<\/dt><\/dl><dl class='gallery-item'>\n\t\t\t\t<dt class='gallery-icon landscape'>\n\t\t\t\t\t<a class=\"rollover rollover-zoom dt-pswp-item\" title=\"Rifugio Pian del Crep anni 70\" data-dt-img-description=\"\" data-large_image_width=\"2560\" data-large_image_height=\"1800\"href='https:\/\/www.radiopiu.net\/wordpress\/wp-content\/uploads\/2024\/12\/Rifugio-Pian-del-Crep-anni-70-scaled.jpg'><img loading=\"lazy\" decoding=\"async\" width=\"150\" height=\"150\" src=\"https:\/\/www.radiopiu.net\/wordpress\/wp-content\/uploads\/2024\/12\/Rifugio-Pian-del-Crep-anni-70-150x150.jpg\" class=\"attachment-thumbnail size-thumbnail\" alt=\"\" \/><\/a>\n\t\t\t\t<\/dt><\/dl><dl class='gallery-item'>\n\t\t\t\t<dt class='gallery-icon landscape'>\n\t\t\t\t\t<a class=\"rollover rollover-zoom dt-pswp-item\" title=\"Silvia Panciera\" data-dt-img-description=\"\" data-large_image_width=\"2560\" data-large_image_height=\"1500\"href='https:\/\/www.radiopiu.net\/wordpress\/wp-content\/uploads\/2024\/12\/Silvia-Panciera-scaled.jpg'><img loading=\"lazy\" decoding=\"async\" width=\"150\" height=\"150\" src=\"https:\/\/www.radiopiu.net\/wordpress\/wp-content\/uploads\/2024\/12\/Silvia-Panciera-150x150.jpg\" class=\"attachment-thumbnail size-thumbnail\" alt=\"\" \/><\/a>\n\t\t\t\t<\/dt><\/dl><br style=\"clear: both\" \/>\n\t\t\t<\/div>\n\n<p>&nbsp;<\/p>\n<hr \/>\n<p>&nbsp;<\/p>\n<blockquote>\n<h3>SANTA BARBARA 2024: LA CONSEGNA DELLE BORSE DI STUDIO<\/h3>\n<\/blockquote>\n<p><strong><a class=\"dt-pswp-item\" href=\"https:\/\/www.radiopiu.net\/wordpress\/wp-content\/uploads\/2024\/12\/57566e37-778b-45bb-bb9c-f72591d4baad.jpg\" data-dt-img-description=\"\" data-large_image_width=\"2048\" data-large_image_height=\"1536\"><img loading=\"lazy\" decoding=\"async\" class=\"size-medium wp-image-423540 alignleft\" src=\"https:\/\/www.radiopiu.net\/wordpress\/wp-content\/uploads\/2024\/12\/57566e37-778b-45bb-bb9c-f72591d4baad-300x225.jpg\" alt=\"\" width=\"300\" height=\"225\" srcset=\"https:\/\/www.radiopiu.net\/wordpress\/wp-content\/uploads\/2024\/12\/57566e37-778b-45bb-bb9c-f72591d4baad-300x225.jpg 300w, https:\/\/www.radiopiu.net\/wordpress\/wp-content\/uploads\/2024\/12\/57566e37-778b-45bb-bb9c-f72591d4baad-1024x768.jpg 1024w, https:\/\/www.radiopiu.net\/wordpress\/wp-content\/uploads\/2024\/12\/57566e37-778b-45bb-bb9c-f72591d4baad-768x576.jpg 768w, https:\/\/www.radiopiu.net\/wordpress\/wp-content\/uploads\/2024\/12\/57566e37-778b-45bb-bb9c-f72591d4baad-1536x1152.jpg 1536w, https:\/\/www.radiopiu.net\/wordpress\/wp-content\/uploads\/2024\/12\/57566e37-778b-45bb-bb9c-f72591d4baad.jpg 2048w\" sizes=\"auto, (max-width: 300px) 100vw, 300px\" \/><\/a>AGORDO<\/strong> Fine settimana di festa per i periti minerari, gli studenti del Follador di oggi, di ieri, i tanti affezionati all\u2019Associazione Periti Minerari di Agordo.<br \/>\nSanta Barabara con L\u2019Apim e L\u2019Istituto Follador De Rossi, consegna borse di studio e premio Le Miniere di Agordo.<\/p>\n<p><strong>I PREMIATI<\/strong><\/p>\n<p>Cinzia Cason (3^M sezione A)<\/p>\n<p>Alessandro Tommasi (3^M sezione B)<\/p>\n<p>Gabriele De Nardin (5^M)<\/p>\n<p>Veronica Bressan (5^C)<\/p>\n<p>Borse di studio speciali per meriti sportivi e lavorativi a Gabriele Scola e Michael De Nardin<\/p>\n<p><strong>\u00a0<\/strong><\/p>\n<p><strong>LA DIRETTA RADIO PIU&#8217;<\/strong><\/p>\n<p><iframe loading=\"lazy\" title=\"SANTA BARBARA 2024: LA CONSEGNA DELLE BORSE DI STUDIO\" width=\"1200\" height=\"675\" src=\"https:\/\/www.youtube.com\/embed\/FGCax0f2lJU?feature=oembed\" frameborder=\"0\" allow=\"accelerometer; autoplay; clipboard-write; encrypted-media; gyroscope; picture-in-picture; web-share\" referrerpolicy=\"strict-origin-when-cross-origin\" allowfullscreen><\/iframe><\/p>\n<p>&nbsp;<\/p>\n<p>&nbsp;<\/p>\n<p><iframe loading=\"lazy\" title=\"SANTA BARBARA 2024: LA CONSEGNA DELLE BORSE DI STUDIO\" width=\"1200\" height=\"675\" src=\"https:\/\/www.youtube.com\/embed\/v1Mxc7uE2BE?feature=oembed\" frameborder=\"0\" allow=\"accelerometer; autoplay; clipboard-write; encrypted-media; gyroscope; picture-in-picture; web-share\" referrerpolicy=\"strict-origin-when-cross-origin\" allowfullscreen><\/iframe><\/p>\n<p>&nbsp;<\/p>\n<hr \/>\n<p>&nbsp;<\/p>\n<blockquote>\n<h3>IL RESTAURO DI VIA CARRERA A MEL<\/h3>\n<\/blockquote>\n<p>DI ROBERTO BONA<\/p>\n<audio class=\"wp-audio-shortcode\" id=\"audio-423476-9\" preload=\"none\" style=\"width: 100%;\" controls=\"controls\"><source type=\"audio\/mpeg\" src=\"https:\/\/www.radiopiu.net\/wordpress\/wp-content\/uploads\/2024\/12\/BONA-VIA-CARRERA-MEL.mp3?_=9\" \/><a href=\"https:\/\/www.radiopiu.net\/wordpress\/wp-content\/uploads\/2024\/12\/BONA-VIA-CARRERA-MEL.mp3\">https:\/\/www.radiopiu.net\/wordpress\/wp-content\/uploads\/2024\/12\/BONA-VIA-CARRERA-MEL.mp3<\/a><\/audio>\n<p>&nbsp;<\/p>\n\n\t\t\t<style type='text\/css'>\n\t\t\t\t#gallery-5 {\n\t\t\t\t\tmargin: auto;\n\t\t\t\t}\n\t\t\t\t#gallery-5 .gallery-item {\n\t\t\t\t\tfloat: left;\n\t\t\t\t\tmargin-top: 10px;\n\t\t\t\t\ttext-align: center;\n\t\t\t\t\twidth: 33%;\n\t\t\t\t}\n\t\t\t\t#gallery-5 img {\n\t\t\t\t\tborder: 2px solid #cfcfcf;\n\t\t\t\t}\n\t\t\t\t#gallery-5 .gallery-caption {\n\t\t\t\t\tmargin-left: 0;\n\t\t\t\t}\n\t\t\t\t\/* see gallery_shortcode() in wp-includes\/media.php *\/\n\t\t\t<\/style>\n\t\t<div id='gallery-5' class='dt-gallery-container gallery galleryid-423476 gallery-columns-3 gallery-size-thumbnail'><dl class='gallery-item'>\n\t\t\t\t<dt class='gallery-icon landscape'>\n\t\t\t\t\t<a class=\"rollover rollover-zoom dt-pswp-item\" title=\"WhatsApp Image 2024-12-04 at 17.17.19\" data-dt-img-description=\"\" data-large_image_width=\"1600\" data-large_image_height=\"1200\"href='https:\/\/www.radiopiu.net\/wordpress\/wp-content\/uploads\/2024\/12\/WhatsApp-Image-2024-12-04-at-17.17.19.jpeg'><img loading=\"lazy\" decoding=\"async\" width=\"150\" height=\"150\" src=\"https:\/\/www.radiopiu.net\/wordpress\/wp-content\/uploads\/2024\/12\/WhatsApp-Image-2024-12-04-at-17.17.19-150x150.jpeg\" class=\"attachment-thumbnail size-thumbnail\" alt=\"\" \/><\/a>\n\t\t\t\t<\/dt><\/dl><dl class='gallery-item'>\n\t\t\t\t<dt class='gallery-icon landscape'>\n\t\t\t\t\t<a class=\"rollover rollover-zoom dt-pswp-item\" title=\"WhatsApp Image 2024-12-04 at 17.17.22\" data-dt-img-description=\"\" data-large_image_width=\"1600\" data-large_image_height=\"1200\"href='https:\/\/www.radiopiu.net\/wordpress\/wp-content\/uploads\/2024\/12\/WhatsApp-Image-2024-12-04-at-17.17.22.jpeg'><img loading=\"lazy\" decoding=\"async\" width=\"150\" height=\"150\" src=\"https:\/\/www.radiopiu.net\/wordpress\/wp-content\/uploads\/2024\/12\/WhatsApp-Image-2024-12-04-at-17.17.22-150x150.jpeg\" class=\"attachment-thumbnail size-thumbnail\" alt=\"\" \/><\/a>\n\t\t\t\t<\/dt><\/dl><dl class='gallery-item'>\n\t\t\t\t<dt class='gallery-icon landscape'>\n\t\t\t\t\t<a class=\"rollover rollover-zoom dt-pswp-item\" title=\"WhatsApp Image 2024-12-04 at 17.17.25\" data-dt-img-description=\"\" data-large_image_width=\"1600\" data-large_image_height=\"1200\"href='https:\/\/www.radiopiu.net\/wordpress\/wp-content\/uploads\/2024\/12\/WhatsApp-Image-2024-12-04-at-17.17.25.jpeg'><img loading=\"lazy\" decoding=\"async\" width=\"150\" height=\"150\" src=\"https:\/\/www.radiopiu.net\/wordpress\/wp-content\/uploads\/2024\/12\/WhatsApp-Image-2024-12-04-at-17.17.25-150x150.jpeg\" class=\"attachment-thumbnail size-thumbnail\" alt=\"\" \/><\/a>\n\t\t\t\t<\/dt><\/dl><br style=\"clear: both\" \/>\n\t\t\t<\/div>\n\n<p>&nbsp;<\/p>\n<hr \/>\n<p>&nbsp;<\/p>\n<blockquote>\n<h3>DILLO A RADIO PIU&#8217;&#8230;I CONTENITORI DELL&#8217;UMIDO INVISIBILI<\/h3>\n<\/blockquote>\n<p><strong>RICEVIAMO E PUBBLICHIAMO<\/strong><\/p>\n<p>La raccolta dell\u2019umido in via Vare, a San Tomaso, sembra essere diventata una vera e propria telenovela, causando disagi ai residenti. Anche oggi, infatti, l\u2019umido non \u00e8 stato raccolto. Le giustificazioni fornite: &#8220;Il bidone non era visibile&#8221; o &#8220;L\u2019operatore \u00e8 nuovo&#8221;. I cittadini, attenti nella differenziazione dei rifiuti e rispettosi delle regole, si aspettano un servizio adeguato alle tasse che pagano, e non risposte evasive. Esiste una soluzione concreta per rendere visibili i bidoni &#8220;invisibili&#8221;?<\/p>\n\n\t\t\t<style type='text\/css'>\n\t\t\t\t#gallery-6 {\n\t\t\t\t\tmargin: auto;\n\t\t\t\t}\n\t\t\t\t#gallery-6 .gallery-item {\n\t\t\t\t\tfloat: left;\n\t\t\t\t\tmargin-top: 10px;\n\t\t\t\t\ttext-align: center;\n\t\t\t\t\twidth: 50%;\n\t\t\t\t}\n\t\t\t\t#gallery-6 img {\n\t\t\t\t\tborder: 2px solid #cfcfcf;\n\t\t\t\t}\n\t\t\t\t#gallery-6 .gallery-caption {\n\t\t\t\t\tmargin-left: 0;\n\t\t\t\t}\n\t\t\t\t\/* see gallery_shortcode() in wp-includes\/media.php *\/\n\t\t\t<\/style>\n\t\t<div id='gallery-6' class='dt-gallery-container gallery galleryid-423476 gallery-columns-2 gallery-size-thumbnail'><dl class='gallery-item'>\n\t\t\t\t<dt class='gallery-icon portrait'>\n\t\t\t\t\t<a class=\"rollover rollover-zoom dt-pswp-item\" title=\"dd091245-1edd-42df-a869-d077fd30b807\" data-dt-img-description=\"\" data-large_image_width=\"980\" data-large_image_height=\"2016\"href='https:\/\/www.radiopiu.net\/wordpress\/wp-content\/uploads\/2024\/12\/dd091245-1edd-42df-a869-d077fd30b807.jpg'><img loading=\"lazy\" decoding=\"async\" width=\"150\" height=\"150\" src=\"https:\/\/www.radiopiu.net\/wordpress\/wp-content\/uploads\/2024\/12\/dd091245-1edd-42df-a869-d077fd30b807-150x150.jpg\" class=\"attachment-thumbnail size-thumbnail\" alt=\"\" \/><\/a>\n\t\t\t\t<\/dt><\/dl><dl class='gallery-item'>\n\t\t\t\t<dt class='gallery-icon portrait'>\n\t\t\t\t\t<a class=\"rollover rollover-zoom dt-pswp-item\" title=\"94b1b47d-c4e3-4b7c-b25e-84690583000e\" data-dt-img-description=\"\" data-large_image_width=\"980\" data-large_image_height=\"2016\"href='https:\/\/www.radiopiu.net\/wordpress\/wp-content\/uploads\/2024\/12\/94b1b47d-c4e3-4b7c-b25e-84690583000e.jpg'><img loading=\"lazy\" decoding=\"async\" width=\"150\" height=\"150\" src=\"https:\/\/www.radiopiu.net\/wordpress\/wp-content\/uploads\/2024\/12\/94b1b47d-c4e3-4b7c-b25e-84690583000e-150x150.jpg\" class=\"attachment-thumbnail size-thumbnail\" alt=\"\" \/><\/a>\n\t\t\t\t<\/dt><\/dl><br style=\"clear: both\" \/>\n\t\t\t<\/div>\n\n<p>&nbsp;<\/p>\n<hr \/>\n<p>&nbsp;<\/p>\n<blockquote>\n<h3>LINEA BIANCA A SAN TOMASO AGORDINO. CONCLUSE LE RIPRESE<\/h3>\n<\/blockquote>\n<p><strong>REDAZIONE<\/strong> Si sono concluse sabato a San Tomaso Agordino le riprese della trasmissione <em>Linea Bianca<\/em>. Protagonisti della puntata, le suggestive Dolomiti in Miniatura e la tradizionale battitura dell\u2019orzo, rivisitata come si faceva un tempo. La puntata, che esplorer\u00e0 anche Cortina e Livinallongo, andr\u00e0 in onda l\u201911 gennaio, offrendo uno sguardo autentico sulle tradizioni e i paesaggi delle Dolomiti.<\/p>\n\n\t\t\t<style type='text\/css'>\n\t\t\t\t#gallery-7 {\n\t\t\t\t\tmargin: auto;\n\t\t\t\t}\n\t\t\t\t#gallery-7 .gallery-item {\n\t\t\t\t\tfloat: left;\n\t\t\t\t\tmargin-top: 10px;\n\t\t\t\t\ttext-align: center;\n\t\t\t\t\twidth: 50%;\n\t\t\t\t}\n\t\t\t\t#gallery-7 img {\n\t\t\t\t\tborder: 2px solid #cfcfcf;\n\t\t\t\t}\n\t\t\t\t#gallery-7 .gallery-caption {\n\t\t\t\t\tmargin-left: 0;\n\t\t\t\t}\n\t\t\t\t\/* see gallery_shortcode() in wp-includes\/media.php *\/\n\t\t\t<\/style>\n\t\t<div id='gallery-7' class='dt-gallery-container gallery galleryid-423476 gallery-columns-2 gallery-size-medium'><dl class='gallery-item'>\n\t\t\t\t<dt class='gallery-icon landscape'>\n\t\t\t\t\t<a class=\"rollover rollover-zoom dt-pswp-item\" title=\"2b1acba1-703c-4e8b-b036-ed7e5b3b79ec\" data-dt-img-description=\"\" data-large_image_width=\"1600\" data-large_image_height=\"1200\"href='https:\/\/www.radiopiu.net\/wordpress\/wp-content\/uploads\/2024\/12\/2b1acba1-703c-4e8b-b036-ed7e5b3b79ec.jpg'><img loading=\"lazy\" decoding=\"async\" width=\"300\" height=\"225\" src=\"https:\/\/www.radiopiu.net\/wordpress\/wp-content\/uploads\/2024\/12\/2b1acba1-703c-4e8b-b036-ed7e5b3b79ec-300x225.jpg\" class=\"attachment-medium size-medium\" alt=\"\" srcset=\"https:\/\/www.radiopiu.net\/wordpress\/wp-content\/uploads\/2024\/12\/2b1acba1-703c-4e8b-b036-ed7e5b3b79ec-300x225.jpg 300w, https:\/\/www.radiopiu.net\/wordpress\/wp-content\/uploads\/2024\/12\/2b1acba1-703c-4e8b-b036-ed7e5b3b79ec-1024x768.jpg 1024w, https:\/\/www.radiopiu.net\/wordpress\/wp-content\/uploads\/2024\/12\/2b1acba1-703c-4e8b-b036-ed7e5b3b79ec-768x576.jpg 768w, https:\/\/www.radiopiu.net\/wordpress\/wp-content\/uploads\/2024\/12\/2b1acba1-703c-4e8b-b036-ed7e5b3b79ec-1536x1152.jpg 1536w, https:\/\/www.radiopiu.net\/wordpress\/wp-content\/uploads\/2024\/12\/2b1acba1-703c-4e8b-b036-ed7e5b3b79ec.jpg 1600w\" sizes=\"auto, (max-width: 300px) 100vw, 300px\" \/><\/a>\n\t\t\t\t<\/dt><\/dl><dl class='gallery-item'>\n\t\t\t\t<dt class='gallery-icon landscape'>\n\t\t\t\t\t<a class=\"rollover rollover-zoom dt-pswp-item\" title=\"d337cb87-7c60-402d-b300-f305f9ef3fc9\" data-dt-img-description=\"\" data-large_image_width=\"1600\" data-large_image_height=\"1200\"href='https:\/\/www.radiopiu.net\/wordpress\/wp-content\/uploads\/2024\/12\/d337cb87-7c60-402d-b300-f305f9ef3fc9.jpg'><img loading=\"lazy\" decoding=\"async\" width=\"300\" height=\"225\" src=\"https:\/\/www.radiopiu.net\/wordpress\/wp-content\/uploads\/2024\/12\/d337cb87-7c60-402d-b300-f305f9ef3fc9-300x225.jpg\" class=\"attachment-medium size-medium\" alt=\"\" srcset=\"https:\/\/www.radiopiu.net\/wordpress\/wp-content\/uploads\/2024\/12\/d337cb87-7c60-402d-b300-f305f9ef3fc9-300x225.jpg 300w, https:\/\/www.radiopiu.net\/wordpress\/wp-content\/uploads\/2024\/12\/d337cb87-7c60-402d-b300-f305f9ef3fc9-1024x768.jpg 1024w, https:\/\/www.radiopiu.net\/wordpress\/wp-content\/uploads\/2024\/12\/d337cb87-7c60-402d-b300-f305f9ef3fc9-768x576.jpg 768w, https:\/\/www.radiopiu.net\/wordpress\/wp-content\/uploads\/2024\/12\/d337cb87-7c60-402d-b300-f305f9ef3fc9-1536x1152.jpg 1536w, https:\/\/www.radiopiu.net\/wordpress\/wp-content\/uploads\/2024\/12\/d337cb87-7c60-402d-b300-f305f9ef3fc9.jpg 1600w\" sizes=\"auto, (max-width: 300px) 100vw, 300px\" \/><\/a>\n\t\t\t\t<\/dt><\/dl><br style=\"clear: both\" \/>\n\t\t\t<\/div>\n\n<p>&nbsp;<\/p>\n<hr \/>\n<p>&nbsp;<\/p>\n<h2><span style=\"color: #ff0000;\">CONSIGLI COMUNALI IN AGORDINO<\/span><\/h2>\n<p><strong>ALLEGHE<\/strong> Consiglio comunale venerdi alle 20:30. Saranno 10 i punti in discussione e tra questi si discuter\u00e0 del programma triennale dei lavori pubblici, dell&#8217;imposta IMU, il DUP, il nuovo schema di contratto con ASCA e la revisione ordinaria delle partecipazioni.<\/p>\n<p>&nbsp;<\/p>\n<p>&nbsp;<\/p>\n<hr \/>\n<p>&nbsp;<\/p>\n<blockquote>\n<h3>VENETO: NEGLI ULTIMI 2 ANNI +54.700 OCCUPATI E -27.500 DISOCCUPATI<\/h3>\n<\/blockquote>\n<p><a class=\"dt-pswp-item\" href=\"https:\/\/www.radiopiu.net\/wordpress\/wp-content\/uploads\/2024\/12\/a.png\" data-dt-img-description=\"\" data-large_image_width=\"478\" data-large_image_height=\"250\"><img loading=\"lazy\" decoding=\"async\" class=\"size-medium wp-image-423529 alignleft\" src=\"https:\/\/www.radiopiu.net\/wordpress\/wp-content\/uploads\/2024\/12\/a-300x157.png\" alt=\"\" width=\"300\" height=\"157\" srcset=\"https:\/\/www.radiopiu.net\/wordpress\/wp-content\/uploads\/2024\/12\/a-300x157.png 300w, https:\/\/www.radiopiu.net\/wordpress\/wp-content\/uploads\/2024\/12\/a.png 478w\" sizes=\"auto, (max-width: 300px) 100vw, 300px\" \/><\/a>Nei primi due anni di governo Meloni, segnala l\u2019Ufficio studi della CGIA, l\u2019occupazione in Italia \u00e8 cresciuta complessivamente di 847mila unit\u00e0 (+3,6 per cento). Di questi nuovi posti di lavoro, 672mila sono lavoratori dipendenti e 175mila autonomi (vedi Tab. 1). Positivi anche i dati relativi alla regione pi\u00f9 a est del Paese.<\/p>\n<p><strong>\u2022 Pi\u00f9 occupati e meno disoccupati<\/strong><br \/>\nRispetto alla rilevazione eseguita a livello nazionale con dati Istat e misurata con una cadenza mensile, per analizzare l\u2019andamento occupazionale avvenuto a livello regionale abbiamo invece preso i dati medi annuali forniti da Prometeia. Per l\u2019anno 2022 e 2023, anche l\u2019istituto di ricerca bolognese ha preso come riferimento le statistiche dell\u2019Istat, per l\u2019anno 2024, invece, ha realizzato una stima previsionale. Pertanto, i dati regionali di fonte Prometeia &#8211; sia sull\u2019aumento dell\u2019occupazione sia sulla diminuzione della disoccupazione &#8211; non <a class=\"dt-pswp-item\" href=\"https:\/\/www.radiopiu.net\/wordpress\/wp-content\/uploads\/2024\/12\/b.png\" data-dt-img-description=\"\" data-large_image_width=\"539\" data-large_image_height=\"814\"><img loading=\"lazy\" decoding=\"async\" class=\"size-medium wp-image-423530 alignleft\" src=\"https:\/\/www.radiopiu.net\/wordpress\/wp-content\/uploads\/2024\/12\/b-199x300.png\" alt=\"\" width=\"199\" height=\"300\" srcset=\"https:\/\/www.radiopiu.net\/wordpress\/wp-content\/uploads\/2024\/12\/b-199x300.png 199w, https:\/\/www.radiopiu.net\/wordpress\/wp-content\/uploads\/2024\/12\/b.png 539w\" sizes=\"auto, (max-width: 199px) 100vw, 199px\" \/><\/a>corrispondono con quelli nazionali dell\u2019Istat, sebbene confermino il trend registrato nella nostra elaborazione su dati Istat. Premesso ci\u00f2, in questi ultimi 24 mesi in Veneto gli occupati sono aumentati di 54.700 unit\u00e0: pertanto, la platea di chi lavora ha raggiunto i 2,2 milioni di unit\u00e0 (+2,5 per cento) (vedi Tab. 2). I disoccupati, invece, sono diminuiti, come nella gran parte del resto del Paese. In Veneto il numero \u00e8 decresciuto di 27.500 unit\u00e0, perci\u00f2 i senza lavoro sono scesi a 66.500 unit\u00e0 (-29,2 per cento) (vedi Tab. 3). Ovviamente, \u00e8 sceso anche il tasso di disoccupazione che in Veneto si \u00e8 attestato su un valore fisiologico del 2,9 per cento (vedi Tab. 3). Pi\u00f9 in generale, comunque, tra il 2022 e il 2024 \u00e8 la Sicilia la regione d\u2019Italia ad aver registrato il numero pi\u00f9 elevato di nuovi posti di lavoro pari a 133.600 (+10 per cento). Seguono la Lombardia con +125.700 (+2,8 per cento), la Campania con +89.900 (+5,5 per cento), il Lazio con +76.500 (+3,3 per cento) e il Piemonte con 71.600 (+4 per cento). Tra le quattro ripartizioni geografiche presenti in Italia, il Mezzogiorno &#8211; grazie al buon andamento delle esportazioni, delle costruzioni e degli investimenti pubblici correlati al Pnrr \u2013 presenta l\u2019incremento occupazionale pi\u00f9 importante d\u2019Italia, con quasi 350mila addetti in pi\u00f9 negli ultimi due anni.<\/p>\n<p><strong>\u2022 Preoccupa l\u2019esplosione della CIG<\/strong><br \/>\nDall\u2019analisi delle ore autorizzate di CIG, anche in Veneto negli ultimi due anni si \u00e8 registrato un andamento altalenante che da sempre \u00e8 legato alla stagionalit\u00e0. Tuttavia, dall\u2019autunno del 2023 il monte ore mensile risulta essere mediamente pi\u00f9 elevato di quello registrato precedentemente. Dal mese di settembre del 2022, comunque, la punta massima \u00e8 stata toccata a settembre di quest\u2019anno (8,7 milioni di ore <a class=\"dt-pswp-item\" href=\"https:\/\/www.radiopiu.net\/wordpress\/wp-content\/uploads\/2024\/12\/c.png\" data-dt-img-description=\"\" data-large_image_width=\"476\" data-large_image_height=\"679\"><img loading=\"lazy\" decoding=\"async\" class=\"size-medium wp-image-423532 alignleft\" src=\"https:\/\/www.radiopiu.net\/wordpress\/wp-content\/uploads\/2024\/12\/c-210x300.png\" alt=\"\" width=\"210\" height=\"300\" srcset=\"https:\/\/www.radiopiu.net\/wordpress\/wp-content\/uploads\/2024\/12\/c-210x300.png 210w, https:\/\/www.radiopiu.net\/wordpress\/wp-content\/uploads\/2024\/12\/c.png 476w\" sizes=\"auto, (max-width: 210px) 100vw, 210px\" \/><\/a>autorizzate). Un dato, stando alle crisi occupazionali scoppiate in queste ultime settimane, che \u00e8 destinato a salire stabilmente anche nei mesi successivi, soprattutto a causa della crisi del settore della moda, dell\u2019automotive e della meccanica (vedi Graf. 1).<\/p>\n<p><strong>\u2022 Alcune brevi riflessioni conclusive<\/strong><br \/>\nIn questi primi due anni di governo Meloni, i risultati ottenuti in materia di lavoro sono stati certamente<\/p>\n<p><img loading=\"lazy\" decoding=\"async\" class=\"size-medium wp-image-423531 alignright\" src=\"https:\/\/www.radiopiu.net\/wordpress\/wp-content\/uploads\/2024\/12\/d-227x300.png\" alt=\"\" width=\"227\" height=\"300\" srcset=\"https:\/\/www.radiopiu.net\/wordpress\/wp-content\/uploads\/2024\/12\/d-227x300.png 227w, https:\/\/www.radiopiu.net\/wordpress\/wp-content\/uploads\/2024\/12\/d.png 461w\" sizes=\"auto, (max-width: 227px) 100vw, 227px\" \/><\/p>\n<p>positivi, anche se il merito \u00e8 riconducibile pi\u00f9 agli imprenditori che alla politica. Tuttavia, non dobbiamo dimenticare che con una crescita che in questi ultimi due anni \u00e8 stata molto contenuta, all\u2019aumento dell\u2019occupazione non \u00e8 corrisposto un incremento altrettanto importante della produttivit\u00e0, almeno nel settore dei servizi e del terziario. Pertanto, gli stipendi anche dei lavoratori del Veneto, che mediamente sono al di sotto della media europea, non crescono adeguatamente e questo rimane un problema che va \u201caggredito\u201d rinnovando i contratti nazionali alla scadenza e continuando a tagliare strutturalmente il carico fiscale che grava sugli stessi. Ora, la forte caduta della produzione industriale e l\u2019aumento del ricorso alla cassa integrazione non fanno presagire nulla di buono. Se non vogliamo scivolare verso una crisi strisciante che \u2013 a seguito delle tensioni geopolitiche, del calo demografico e della transizione digitale e climatica &#8211; avvolge la Germania e in parte anche la Francia, dobbiamo spendere bene e presto i soldi del Pnrr. Con la messa a terra entro il giugno 2026 dei 130 miliardi di euro che a livello nazionale abbiamo ancora a disposizione, possiamo dare un contributo importanteall\u2019ammodernamento anche del Nordest ed evitare una nuova crisi che, ai pi\u00f9, sembra essere alle porte.<\/p>\n<p>&nbsp;<\/p>\n<p>&nbsp;<\/p>\n<hr \/>\n<p>&nbsp;<\/p>\n<blockquote>\n<h3>I KRAMPUS A FRASSENE&#8217;<\/h3>\n<\/blockquote>\n<p><strong>VOLTAGO<\/strong> I Krampus arrivano a Frassen\u00e8. I diavoli di San Nicol\u00f2 hanno fatto visita sulla piazza sotto alla chiesa.<\/p>\n<p><strong>IN DIRETTA DA FRASSENE&#8217;<\/strong><\/p>\n<p><iframe loading=\"lazy\" style=\"border: none; overflow: hidden;\" src=\"https:\/\/www.facebook.com\/plugins\/video.php?height=314&amp;href=https%3A%2F%2Fwww.facebook.com%2Fradiopiu%2Fvideos%2F1338349837170917%2F&amp;show_text=false&amp;width=560&amp;t=0\" width=\"560\" height=\"314\" frameborder=\"0\" scrolling=\"no\" allowfullscreen=\"allowfullscreen\" data-mce-fragment=\"1\"><\/iframe><\/p>\n<p>&nbsp;<\/p>\n<p><strong>LA VISITA AL PRESEPIO DI FRASSENE&#8217;<\/strong><\/p>\n<p><iframe loading=\"lazy\" style=\"border: none; overflow: hidden;\" src=\"https:\/\/www.facebook.com\/plugins\/video.php?height=314&amp;href=https%3A%2F%2Fwww.facebook.com%2Fradiopiu%2Fvideos%2F946275134101386%2F&amp;show_text=false&amp;width=560&amp;t=0\" width=\"560\" height=\"314\" frameborder=\"0\" scrolling=\"no\" allowfullscreen=\"allowfullscreen\" data-mce-fragment=\"1\"><\/iframe><\/p>\n<p>&nbsp;<\/p>\n<p>&nbsp;<\/p>\n<hr \/>\n<p>&nbsp;<\/p>\n<blockquote>\n<h3>I KRAMPUS AD ARABBA NEL VIDEO DI SERENA SOPPERA<\/h3>\n<\/blockquote>\n<p><strong>IL VIDEO DI SERENA SOPPERA<\/strong><\/p>\n<p><iframe loading=\"lazy\" title=\"LA NOTTE DEI KRAMPUS \u2022sfilata di Krampus ad Arabba\u2022 #viralvideo #krampus\" width=\"1200\" height=\"675\" src=\"https:\/\/www.youtube.com\/embed\/FcxQUMhlUPY?feature=oembed\" frameborder=\"0\" allow=\"accelerometer; autoplay; clipboard-write; encrypted-media; gyroscope; picture-in-picture; web-share\" referrerpolicy=\"strict-origin-when-cross-origin\" allowfullscreen><\/iframe><\/p>\n<p>&nbsp;<\/p>\n<p>&nbsp;<\/p>\n<p>&nbsp;<\/p>\n<blockquote class=\"wp-embedded-content\" data-secret=\"lAAoFXkc2a\"><p><a href=\"https:\/\/www.radiopiu.net\/wordpress\/i-krampus-a-frassene-nelle-foto-di-manuel-conedera\/\">I KRAMPUS A FRASSENE&#8217;, NELLE FOTO DI MANUEL CONEDERA<\/a><\/p><\/blockquote>\n<p><iframe loading=\"lazy\" class=\"wp-embedded-content\" sandbox=\"allow-scripts\" security=\"restricted\" style=\"position: absolute; visibility: hidden;\" title=\"&#8220;I KRAMPUS A FRASSENE&#8217;, NELLE FOTO DI MANUEL CONEDERA&#8221; &#8212; Radio Pi\u00f9\" src=\"https:\/\/www.radiopiu.net\/wordpress\/i-krampus-a-frassene-nelle-foto-di-manuel-conedera\/embed\/#?secret=YUuux1ZOdF#?secret=lAAoFXkc2a\" data-secret=\"lAAoFXkc2a\" width=\"600\" height=\"338\" frameborder=\"0\" marginwidth=\"0\" marginheight=\"0\" scrolling=\"no\"><\/iframe><\/p>\n<p>&nbsp;<\/p>\n<p>&nbsp;<\/p>\n<p>&nbsp;<\/p>\n<hr \/>\n<p>&nbsp;<\/p>\n<blockquote>\n<h3>L&#8217;ACCENSIONE DELL&#8217;ALBERO DI NATALE A FALCADE<\/h3>\n<\/blockquote>\n<p><strong>LA DIRETTA RADIO PIU&#8217;<\/strong><\/p>\n<p><iframe loading=\"lazy\" title=\"L\u2019accensione dell\u2019albero di Natale a Falcade 2024\" width=\"1200\" height=\"675\" src=\"https:\/\/www.youtube.com\/embed\/A_Ye-FuntmA?start=5&#038;feature=oembed\" frameborder=\"0\" allow=\"accelerometer; autoplay; clipboard-write; encrypted-media; gyroscope; picture-in-picture; web-share\" referrerpolicy=\"strict-origin-when-cross-origin\" allowfullscreen><\/iframe><\/p>\n<p>&nbsp;<\/p>\n<hr \/>\n<p>&nbsp;<\/p>\n<blockquote>\n<h3>IL CONCERTO DEI FORMULA TRE A BELLUNO<\/h3>\n<\/blockquote>\n<p><strong>BELLUNO<\/strong> Venerd\u00ec sera al Teatro Dino Buzzati di Belluno il concerto dei Formula Tre. Una grande esibizione che ha emozionato tutti i presenti al teatro<\/p>\n<p><strong>LE FOTO DI GIUSEPPE D&#8217;ALIA<\/strong><\/p>\n\n\t\t\t<style type='text\/css'>\n\t\t\t\t#gallery-8 {\n\t\t\t\t\tmargin: auto;\n\t\t\t\t}\n\t\t\t\t#gallery-8 .gallery-item {\n\t\t\t\t\tfloat: left;\n\t\t\t\t\tmargin-top: 10px;\n\t\t\t\t\ttext-align: center;\n\t\t\t\t\twidth: 25%;\n\t\t\t\t}\n\t\t\t\t#gallery-8 img {\n\t\t\t\t\tborder: 2px solid #cfcfcf;\n\t\t\t\t}\n\t\t\t\t#gallery-8 .gallery-caption {\n\t\t\t\t\tmargin-left: 0;\n\t\t\t\t}\n\t\t\t\t\/* see gallery_shortcode() in wp-includes\/media.php *\/\n\t\t\t<\/style>\n\t\t<div id='gallery-8' class='dt-gallery-container gallery galleryid-423476 gallery-columns-4 gallery-size-thumbnail'><dl class='gallery-item'>\n\t\t\t\t<dt class='gallery-icon landscape'>\n\t\t\t\t\t<a class=\"rollover rollover-zoom dt-pswp-item\" title=\"IMG_5911\" data-dt-img-description=\"\" data-large_image_width=\"2560\" data-large_image_height=\"1707\"href='https:\/\/www.radiopiu.net\/wordpress\/wp-content\/uploads\/2024\/12\/IMG_5911-scaled.jpg'><img loading=\"lazy\" decoding=\"async\" width=\"150\" height=\"150\" src=\"https:\/\/www.radiopiu.net\/wordpress\/wp-content\/uploads\/2024\/12\/IMG_5911-150x150.jpg\" class=\"attachment-thumbnail size-thumbnail\" alt=\"\" \/><\/a>\n\t\t\t\t<\/dt><\/dl><dl class='gallery-item'>\n\t\t\t\t<dt class='gallery-icon landscape'>\n\t\t\t\t\t<a class=\"rollover rollover-zoom dt-pswp-item\" title=\"IMG_5916\" data-dt-img-description=\"\" data-large_image_width=\"2560\" data-large_image_height=\"1707\"href='https:\/\/www.radiopiu.net\/wordpress\/wp-content\/uploads\/2024\/12\/IMG_5916-scaled.jpg'><img loading=\"lazy\" decoding=\"async\" width=\"150\" height=\"150\" src=\"https:\/\/www.radiopiu.net\/wordpress\/wp-content\/uploads\/2024\/12\/IMG_5916-150x150.jpg\" class=\"attachment-thumbnail size-thumbnail\" alt=\"\" \/><\/a>\n\t\t\t\t<\/dt><\/dl><dl class='gallery-item'>\n\t\t\t\t<dt class='gallery-icon landscape'>\n\t\t\t\t\t<a class=\"rollover rollover-zoom dt-pswp-item\" title=\"IMG_5955\" data-dt-img-description=\"\" data-large_image_width=\"2560\" data-large_image_height=\"1707\"href='https:\/\/www.radiopiu.net\/wordpress\/wp-content\/uploads\/2024\/12\/IMG_5955-scaled.jpg'><img loading=\"lazy\" decoding=\"async\" width=\"150\" height=\"150\" src=\"https:\/\/www.radiopiu.net\/wordpress\/wp-content\/uploads\/2024\/12\/IMG_5955-150x150.jpg\" class=\"attachment-thumbnail size-thumbnail\" alt=\"\" \/><\/a>\n\t\t\t\t<\/dt><\/dl><dl class='gallery-item'>\n\t\t\t\t<dt class='gallery-icon landscape'>\n\t\t\t\t\t<a class=\"rollover rollover-zoom dt-pswp-item\" title=\"IMG_5964\" data-dt-img-description=\"\" data-large_image_width=\"2560\" data-large_image_height=\"1707\"href='https:\/\/www.radiopiu.net\/wordpress\/wp-content\/uploads\/2024\/12\/IMG_5964-scaled.jpg'><img loading=\"lazy\" decoding=\"async\" width=\"150\" height=\"150\" src=\"https:\/\/www.radiopiu.net\/wordpress\/wp-content\/uploads\/2024\/12\/IMG_5964-150x150.jpg\" class=\"attachment-thumbnail size-thumbnail\" alt=\"\" \/><\/a>\n\t\t\t\t<\/dt><\/dl><br style=\"clear: both\" \/><dl class='gallery-item'>\n\t\t\t\t<dt class='gallery-icon landscape'>\n\t\t\t\t\t<a class=\"rollover rollover-zoom dt-pswp-item\" title=\"IMG_5996\" data-dt-img-description=\"\" data-large_image_width=\"2560\" data-large_image_height=\"1707\"href='https:\/\/www.radiopiu.net\/wordpress\/wp-content\/uploads\/2024\/12\/IMG_5996-scaled.jpg'><img loading=\"lazy\" decoding=\"async\" width=\"150\" height=\"150\" src=\"https:\/\/www.radiopiu.net\/wordpress\/wp-content\/uploads\/2024\/12\/IMG_5996-150x150.jpg\" class=\"attachment-thumbnail size-thumbnail\" alt=\"\" \/><\/a>\n\t\t\t\t<\/dt><\/dl><dl class='gallery-item'>\n\t\t\t\t<dt class='gallery-icon landscape'>\n\t\t\t\t\t<a class=\"rollover rollover-zoom dt-pswp-item\" title=\"IMG_6018\" data-dt-img-description=\"\" data-large_image_width=\"2560\" data-large_image_height=\"1707\"href='https:\/\/www.radiopiu.net\/wordpress\/wp-content\/uploads\/2024\/12\/IMG_6018-scaled.jpg'><img loading=\"lazy\" decoding=\"async\" width=\"150\" height=\"150\" src=\"https:\/\/www.radiopiu.net\/wordpress\/wp-content\/uploads\/2024\/12\/IMG_6018-150x150.jpg\" class=\"attachment-thumbnail size-thumbnail\" alt=\"\" \/><\/a>\n\t\t\t\t<\/dt><\/dl><dl class='gallery-item'>\n\t\t\t\t<dt class='gallery-icon landscape'>\n\t\t\t\t\t<a class=\"rollover rollover-zoom dt-pswp-item\" title=\"IMG_6058\" data-dt-img-description=\"\" data-large_image_width=\"2560\" data-large_image_height=\"1707\"href='https:\/\/www.radiopiu.net\/wordpress\/wp-content\/uploads\/2024\/12\/IMG_6058-scaled.jpg'><img loading=\"lazy\" decoding=\"async\" width=\"150\" height=\"150\" src=\"https:\/\/www.radiopiu.net\/wordpress\/wp-content\/uploads\/2024\/12\/IMG_6058-150x150.jpg\" class=\"attachment-thumbnail size-thumbnail\" alt=\"\" \/><\/a>\n\t\t\t\t<\/dt><\/dl><dl class='gallery-item'>\n\t\t\t\t<dt class='gallery-icon landscape'>\n\t\t\t\t\t<a class=\"rollover rollover-zoom dt-pswp-item\" title=\"IMG_6112\" data-dt-img-description=\"\" data-large_image_width=\"2560\" data-large_image_height=\"1707\"href='https:\/\/www.radiopiu.net\/wordpress\/wp-content\/uploads\/2024\/12\/IMG_6112-scaled.jpg'><img loading=\"lazy\" decoding=\"async\" width=\"150\" height=\"150\" src=\"https:\/\/www.radiopiu.net\/wordpress\/wp-content\/uploads\/2024\/12\/IMG_6112-150x150.jpg\" class=\"attachment-thumbnail size-thumbnail\" alt=\"\" \/><\/a>\n\t\t\t\t<\/dt><\/dl><br style=\"clear: both\" \/><dl class='gallery-item'>\n\t\t\t\t<dt class='gallery-icon landscape'>\n\t\t\t\t\t<a class=\"rollover rollover-zoom dt-pswp-item\" title=\"IMG_6141\" data-dt-img-description=\"\" data-large_image_width=\"2560\" data-large_image_height=\"1707\"href='https:\/\/www.radiopiu.net\/wordpress\/wp-content\/uploads\/2024\/12\/IMG_6141-scaled.jpg'><img loading=\"lazy\" decoding=\"async\" width=\"150\" height=\"150\" src=\"https:\/\/www.radiopiu.net\/wordpress\/wp-content\/uploads\/2024\/12\/IMG_6141-150x150.jpg\" class=\"attachment-thumbnail size-thumbnail\" alt=\"\" \/><\/a>\n\t\t\t\t<\/dt><\/dl><dl class='gallery-item'>\n\t\t\t\t<dt class='gallery-icon landscape'>\n\t\t\t\t\t<a class=\"rollover rollover-zoom dt-pswp-item\" title=\"IMG_6166\" data-dt-img-description=\"\" data-large_image_width=\"2560\" data-large_image_height=\"1707\"href='https:\/\/www.radiopiu.net\/wordpress\/wp-content\/uploads\/2024\/12\/IMG_6166-scaled.jpg'><img loading=\"lazy\" decoding=\"async\" width=\"150\" height=\"150\" src=\"https:\/\/www.radiopiu.net\/wordpress\/wp-content\/uploads\/2024\/12\/IMG_6166-150x150.jpg\" class=\"attachment-thumbnail size-thumbnail\" alt=\"\" \/><\/a>\n\t\t\t\t<\/dt><\/dl><dl class='gallery-item'>\n\t\t\t\t<dt class='gallery-icon landscape'>\n\t\t\t\t\t<a class=\"rollover rollover-zoom dt-pswp-item\" title=\"IMG_6387\" data-dt-img-description=\"\" data-large_image_width=\"2560\" data-large_image_height=\"1707\"href='https:\/\/www.radiopiu.net\/wordpress\/wp-content\/uploads\/2024\/12\/IMG_6387-scaled.jpg'><img loading=\"lazy\" decoding=\"async\" width=\"150\" height=\"150\" src=\"https:\/\/www.radiopiu.net\/wordpress\/wp-content\/uploads\/2024\/12\/IMG_6387-150x150.jpg\" class=\"attachment-thumbnail size-thumbnail\" alt=\"\" \/><\/a>\n\t\t\t\t<\/dt><\/dl><dl class='gallery-item'>\n\t\t\t\t<dt class='gallery-icon landscape'>\n\t\t\t\t\t<a class=\"rollover rollover-zoom dt-pswp-item\" title=\"IMG_6393\" data-dt-img-description=\"\" data-large_image_width=\"2560\" data-large_image_height=\"1707\"href='https:\/\/www.radiopiu.net\/wordpress\/wp-content\/uploads\/2024\/12\/IMG_6393-scaled.jpg'><img loading=\"lazy\" decoding=\"async\" width=\"150\" height=\"150\" src=\"https:\/\/www.radiopiu.net\/wordpress\/wp-content\/uploads\/2024\/12\/IMG_6393-150x150.jpg\" class=\"attachment-thumbnail size-thumbnail\" alt=\"\" \/><\/a>\n\t\t\t\t<\/dt><\/dl><br style=\"clear: both\" \/><dl class='gallery-item'>\n\t\t\t\t<dt class='gallery-icon landscape'>\n\t\t\t\t\t<a class=\"rollover rollover-zoom dt-pswp-item\" title=\"IMG_6352\" data-dt-img-description=\"\" data-large_image_width=\"2560\" data-large_image_height=\"1707\"href='https:\/\/www.radiopiu.net\/wordpress\/wp-content\/uploads\/2024\/12\/IMG_6352-scaled.jpg'><img loading=\"lazy\" decoding=\"async\" width=\"150\" height=\"150\" src=\"https:\/\/www.radiopiu.net\/wordpress\/wp-content\/uploads\/2024\/12\/IMG_6352-150x150.jpg\" class=\"attachment-thumbnail size-thumbnail\" alt=\"\" \/><\/a>\n\t\t\t\t<\/dt><\/dl><dl class='gallery-item'>\n\t\t\t\t<dt class='gallery-icon landscape'>\n\t\t\t\t\t<a class=\"rollover rollover-zoom dt-pswp-item\" title=\"IMG_5867\" data-dt-img-description=\"\" data-large_image_width=\"2560\" data-large_image_height=\"1707\"href='https:\/\/www.radiopiu.net\/wordpress\/wp-content\/uploads\/2024\/12\/IMG_5867-scaled.jpg'><img loading=\"lazy\" decoding=\"async\" width=\"150\" height=\"150\" src=\"https:\/\/www.radiopiu.net\/wordpress\/wp-content\/uploads\/2024\/12\/IMG_5867-150x150.jpg\" class=\"attachment-thumbnail size-thumbnail\" alt=\"\" \/><\/a>\n\t\t\t\t<\/dt><\/dl><dl class='gallery-item'>\n\t\t\t\t<dt class='gallery-icon landscape'>\n\t\t\t\t\t<a class=\"rollover rollover-zoom dt-pswp-item\" title=\"IMG_5906\" data-dt-img-description=\"\" data-large_image_width=\"2560\" data-large_image_height=\"1707\"href='https:\/\/www.radiopiu.net\/wordpress\/wp-content\/uploads\/2024\/12\/IMG_5906-scaled.jpg'><img loading=\"lazy\" decoding=\"async\" width=\"150\" height=\"150\" src=\"https:\/\/www.radiopiu.net\/wordpress\/wp-content\/uploads\/2024\/12\/IMG_5906-150x150.jpg\" class=\"attachment-thumbnail size-thumbnail\" alt=\"\" \/><\/a>\n\t\t\t\t<\/dt><\/dl><dl class='gallery-item'>\n\t\t\t\t<dt class='gallery-icon landscape'>\n\t\t\t\t\t<a class=\"rollover rollover-zoom dt-pswp-item\" title=\"IMG_5908\" data-dt-img-description=\"\" data-large_image_width=\"2560\" data-large_image_height=\"1707\"href='https:\/\/www.radiopiu.net\/wordpress\/wp-content\/uploads\/2024\/12\/IMG_5908-scaled.jpg'><img loading=\"lazy\" decoding=\"async\" width=\"150\" height=\"150\" src=\"https:\/\/www.radiopiu.net\/wordpress\/wp-content\/uploads\/2024\/12\/IMG_5908-150x150.jpg\" class=\"attachment-thumbnail size-thumbnail\" alt=\"\" \/><\/a>\n\t\t\t\t<\/dt><\/dl><br style=\"clear: both\" \/>\n\t\t\t<\/div>\n\n<p>&nbsp;<\/p>\n<hr \/>\n<p>&nbsp;<\/p>\n<blockquote>\n<h3>IL SALONE SONIA AD AGORDO SI RINNOVA<\/h3>\n<\/blockquote>\n<p><strong>DI MARINA DONA&#8217;<\/strong><\/p>\n<p><strong>AGORDO<\/strong> Il Salone Sonia in Corso degli Alpini 19 in centro ad Agordo si \u00e8 rinnovato. Per l&#8217;inaugurazione un rinfresco a parenti ed amici.<\/p>\n\n\t\t\t<style type='text\/css'>\n\t\t\t\t#gallery-9 {\n\t\t\t\t\tmargin: auto;\n\t\t\t\t}\n\t\t\t\t#gallery-9 .gallery-item {\n\t\t\t\t\tfloat: left;\n\t\t\t\t\tmargin-top: 10px;\n\t\t\t\t\ttext-align: center;\n\t\t\t\t\twidth: 25%;\n\t\t\t\t}\n\t\t\t\t#gallery-9 img {\n\t\t\t\t\tborder: 2px solid #cfcfcf;\n\t\t\t\t}\n\t\t\t\t#gallery-9 .gallery-caption {\n\t\t\t\t\tmargin-left: 0;\n\t\t\t\t}\n\t\t\t\t\/* see gallery_shortcode() in wp-includes\/media.php *\/\n\t\t\t<\/style>\n\t\t<div id='gallery-9' class='dt-gallery-container gallery galleryid-423476 gallery-columns-4 gallery-size-thumbnail'><dl class='gallery-item'>\n\t\t\t\t<dt class='gallery-icon landscape'>\n\t\t\t\t\t<a class=\"rollover rollover-zoom dt-pswp-item\" title=\"c7dba802-f907-4857-bb64-ad17b4ae1e6e\" data-dt-img-description=\"\" data-large_image_width=\"2048\" data-large_image_height=\"1536\"href='https:\/\/www.radiopiu.net\/wordpress\/wp-content\/uploads\/2024\/12\/c7dba802-f907-4857-bb64-ad17b4ae1e6e.jpg'><img loading=\"lazy\" decoding=\"async\" width=\"150\" height=\"150\" src=\"https:\/\/www.radiopiu.net\/wordpress\/wp-content\/uploads\/2024\/12\/c7dba802-f907-4857-bb64-ad17b4ae1e6e-150x150.jpg\" class=\"attachment-thumbnail size-thumbnail\" alt=\"\" \/><\/a>\n\t\t\t\t<\/dt><\/dl><dl class='gallery-item'>\n\t\t\t\t<dt class='gallery-icon landscape'>\n\t\t\t\t\t<a class=\"rollover rollover-zoom dt-pswp-item\" title=\"3dea488b-41d5-4dc0-8f66-7ac07560a9d8\" data-dt-img-description=\"\" data-large_image_width=\"2048\" data-large_image_height=\"1536\"href='https:\/\/www.radiopiu.net\/wordpress\/wp-content\/uploads\/2024\/12\/3dea488b-41d5-4dc0-8f66-7ac07560a9d8.jpg'><img loading=\"lazy\" decoding=\"async\" width=\"150\" height=\"150\" src=\"https:\/\/www.radiopiu.net\/wordpress\/wp-content\/uploads\/2024\/12\/3dea488b-41d5-4dc0-8f66-7ac07560a9d8-150x150.jpg\" class=\"attachment-thumbnail size-thumbnail\" alt=\"\" \/><\/a>\n\t\t\t\t<\/dt><\/dl><dl class='gallery-item'>\n\t\t\t\t<dt class='gallery-icon landscape'>\n\t\t\t\t\t<a class=\"rollover rollover-zoom dt-pswp-item\" title=\"f224b9b3-dada-4cd5-a65f-4db32abdb08f\" data-dt-img-description=\"\" data-large_image_width=\"2048\" data-large_image_height=\"1518\"href='https:\/\/www.radiopiu.net\/wordpress\/wp-content\/uploads\/2024\/12\/f224b9b3-dada-4cd5-a65f-4db32abdb08f.jpg'><img loading=\"lazy\" decoding=\"async\" width=\"150\" height=\"150\" src=\"https:\/\/www.radiopiu.net\/wordpress\/wp-content\/uploads\/2024\/12\/f224b9b3-dada-4cd5-a65f-4db32abdb08f-150x150.jpg\" class=\"attachment-thumbnail size-thumbnail\" alt=\"\" \/><\/a>\n\t\t\t\t<\/dt><\/dl><dl class='gallery-item'>\n\t\t\t\t<dt class='gallery-icon landscape'>\n\t\t\t\t\t<a class=\"rollover rollover-zoom dt-pswp-item\" title=\"a2b0a100-fac5-4e5f-b1b7-f29ed36e01f0\" data-dt-img-description=\"\" data-large_image_width=\"2048\" data-large_image_height=\"1535\"href='https:\/\/www.radiopiu.net\/wordpress\/wp-content\/uploads\/2024\/12\/a2b0a100-fac5-4e5f-b1b7-f29ed36e01f0.jpg'><img loading=\"lazy\" decoding=\"async\" width=\"150\" height=\"150\" src=\"https:\/\/www.radiopiu.net\/wordpress\/wp-content\/uploads\/2024\/12\/a2b0a100-fac5-4e5f-b1b7-f29ed36e01f0-150x150.jpg\" class=\"attachment-thumbnail size-thumbnail\" alt=\"\" \/><\/a>\n\t\t\t\t<\/dt><\/dl><br style=\"clear: both\" \/><dl class='gallery-item'>\n\t\t\t\t<dt class='gallery-icon landscape'>\n\t\t\t\t\t<a class=\"rollover rollover-zoom dt-pswp-item\" title=\"d6b6a7de-dd12-40e1-9583-1bcbf06cabf3\" data-dt-img-description=\"\" data-large_image_width=\"2048\" data-large_image_height=\"1536\"href='https:\/\/www.radiopiu.net\/wordpress\/wp-content\/uploads\/2024\/12\/d6b6a7de-dd12-40e1-9583-1bcbf06cabf3.jpg'><img loading=\"lazy\" decoding=\"async\" width=\"150\" height=\"150\" src=\"https:\/\/www.radiopiu.net\/wordpress\/wp-content\/uploads\/2024\/12\/d6b6a7de-dd12-40e1-9583-1bcbf06cabf3-150x150.jpg\" class=\"attachment-thumbnail size-thumbnail\" alt=\"\" \/><\/a>\n\t\t\t\t<\/dt><\/dl><dl class='gallery-item'>\n\t\t\t\t<dt class='gallery-icon landscape'>\n\t\t\t\t\t<a class=\"rollover rollover-zoom dt-pswp-item\" title=\"873300be-7579-4866-ab8c-b4f6cb35733e\" data-dt-img-description=\"\" data-large_image_width=\"2048\" data-large_image_height=\"1536\"href='https:\/\/www.radiopiu.net\/wordpress\/wp-content\/uploads\/2024\/12\/873300be-7579-4866-ab8c-b4f6cb35733e.jpg'><img loading=\"lazy\" decoding=\"async\" width=\"150\" height=\"150\" src=\"https:\/\/www.radiopiu.net\/wordpress\/wp-content\/uploads\/2024\/12\/873300be-7579-4866-ab8c-b4f6cb35733e-150x150.jpg\" class=\"attachment-thumbnail size-thumbnail\" alt=\"\" \/><\/a>\n\t\t\t\t<\/dt><\/dl><dl class='gallery-item'>\n\t\t\t\t<dt class='gallery-icon landscape'>\n\t\t\t\t\t<a class=\"rollover rollover-zoom dt-pswp-item\" title=\"c3445022-0322-48fa-afe7-74130a1d70a5\" data-dt-img-description=\"\" data-large_image_width=\"1080\" data-large_image_height=\"603\"href='https:\/\/www.radiopiu.net\/wordpress\/wp-content\/uploads\/2024\/12\/c3445022-0322-48fa-afe7-74130a1d70a5.jpg'><img loading=\"lazy\" decoding=\"async\" width=\"150\" height=\"150\" src=\"https:\/\/www.radiopiu.net\/wordpress\/wp-content\/uploads\/2024\/12\/c3445022-0322-48fa-afe7-74130a1d70a5-150x150.jpg\" class=\"attachment-thumbnail size-thumbnail\" alt=\"\" \/><\/a>\n\t\t\t\t<\/dt><\/dl><dl class='gallery-item'>\n\t\t\t\t<dt class='gallery-icon landscape'>\n\t\t\t\t\t<a class=\"rollover rollover-zoom dt-pswp-item\" title=\"6e805f6e-d950-45dc-8ac9-bd66170b7d0f\" data-dt-img-description=\"\" data-large_image_width=\"2048\" data-large_image_height=\"1536\"href='https:\/\/www.radiopiu.net\/wordpress\/wp-content\/uploads\/2024\/12\/6e805f6e-d950-45dc-8ac9-bd66170b7d0f.jpg'><img loading=\"lazy\" decoding=\"async\" width=\"150\" height=\"150\" src=\"https:\/\/www.radiopiu.net\/wordpress\/wp-content\/uploads\/2024\/12\/6e805f6e-d950-45dc-8ac9-bd66170b7d0f-150x150.jpg\" class=\"attachment-thumbnail size-thumbnail\" alt=\"\" \/><\/a>\n\t\t\t\t<\/dt><\/dl><br style=\"clear: both\" \/>\n\t\t\t<\/div>\n\n<p>&nbsp;<\/p>\n<div style=\"width: 848px;\" class=\"wp-video\"><video class=\"wp-video-shortcode\" id=\"video-423476-1\" width=\"848\" height=\"480\" preload=\"metadata\" controls=\"controls\"><source type=\"video\/mp4\" src=\"https:\/\/www.radiopiu.net\/wordpress\/wp-content\/uploads\/2024\/12\/WhatsApp-Video-2024-12-08-at-12.00.32.mp4?_=1\" \/><a href=\"https:\/\/www.radiopiu.net\/wordpress\/wp-content\/uploads\/2024\/12\/WhatsApp-Video-2024-12-08-at-12.00.32.mp4\">https:\/\/www.radiopiu.net\/wordpress\/wp-content\/uploads\/2024\/12\/WhatsApp-Video-2024-12-08-at-12.00.32.mp4<\/a><\/video><\/div>\n<p>&nbsp;<\/p>\n<p>&nbsp;<\/p>\n<hr \/>\n<p>&nbsp;<\/p>\n<blockquote>\n<h3>I CASTELANI ACCENDONO L&#8217;ALBERO<\/h3>\n<\/blockquote>\n<p><strong>TAIBON<\/strong> Anche quest\u2019anno, i Castelani di Taibon hanno rinnovato la tradizione natalizia illuminando le festivit\u00e0 con l\u2019accensione di un suggestivo alberello e del presepio. Un momento di gioia e condivisione che porta un caloroso augurio di splendide festivit\u00e0 a tutta la comunit\u00e0.<\/p>\n<p><a class=\"dt-pswp-item\" href=\"https:\/\/www.radiopiu.net\/wordpress\/wp-content\/uploads\/2024\/12\/35b8c456-590f-4086-aebf-e50d3ef90402.jpg\" data-dt-img-description=\"\" data-large_image_width=\"1200\" data-large_image_height=\"1600\"><img loading=\"lazy\" decoding=\"async\" class=\"size-medium wp-image-423598 aligncenter\" src=\"https:\/\/www.radiopiu.net\/wordpress\/wp-content\/uploads\/2024\/12\/35b8c456-590f-4086-aebf-e50d3ef90402-225x300.jpg\" alt=\"\" width=\"225\" height=\"300\" srcset=\"https:\/\/www.radiopiu.net\/wordpress\/wp-content\/uploads\/2024\/12\/35b8c456-590f-4086-aebf-e50d3ef90402-225x300.jpg 225w, https:\/\/www.radiopiu.net\/wordpress\/wp-content\/uploads\/2024\/12\/35b8c456-590f-4086-aebf-e50d3ef90402-768x1024.jpg 768w, https:\/\/www.radiopiu.net\/wordpress\/wp-content\/uploads\/2024\/12\/35b8c456-590f-4086-aebf-e50d3ef90402-1152x1536.jpg 1152w, https:\/\/www.radiopiu.net\/wordpress\/wp-content\/uploads\/2024\/12\/35b8c456-590f-4086-aebf-e50d3ef90402.jpg 1200w\" sizes=\"auto, (max-width: 225px) 100vw, 225px\" \/><\/a><\/p>\n<p>&nbsp;<\/p>\n<hr \/>\n<p>&nbsp;<\/p>\n<blockquote>\n<h3>TORNA L&#8217;ALBERO DI NATALE A SAN CIPRIANO<\/h3>\n<\/blockquote>\n<p><strong>TAIBON<\/strong> I volontari di San Cipriano al lavoro nel pomeriggio per alzare l&#8217;albero che nei prossimi giorni verr\u00e0 addobbato per accogliere chi arriva a Taibon dalla &#8220;vecchia&#8221; statale.<\/p>\n\n\t\t\t<style type='text\/css'>\n\t\t\t\t#gallery-10 {\n\t\t\t\t\tmargin: auto;\n\t\t\t\t}\n\t\t\t\t#gallery-10 .gallery-item {\n\t\t\t\t\tfloat: left;\n\t\t\t\t\tmargin-top: 10px;\n\t\t\t\t\ttext-align: center;\n\t\t\t\t\twidth: 50%;\n\t\t\t\t}\n\t\t\t\t#gallery-10 img {\n\t\t\t\t\tborder: 2px solid #cfcfcf;\n\t\t\t\t}\n\t\t\t\t#gallery-10 .gallery-caption {\n\t\t\t\t\tmargin-left: 0;\n\t\t\t\t}\n\t\t\t\t\/* see gallery_shortcode() in wp-includes\/media.php *\/\n\t\t\t<\/style>\n\t\t<div id='gallery-10' class='dt-gallery-container gallery galleryid-423476 gallery-columns-2 gallery-size-thumbnail'><dl class='gallery-item'>\n\t\t\t\t<dt class='gallery-icon landscape'>\n\t\t\t\t\t<a class=\"rollover rollover-zoom dt-pswp-item\" title=\"12602dc4-9cc3-4915-b710-408e74bb1c3c\" data-dt-img-description=\"\" data-large_image_width=\"1600\" data-large_image_height=\"1204\"href='https:\/\/www.radiopiu.net\/wordpress\/wp-content\/uploads\/2024\/12\/12602dc4-9cc3-4915-b710-408e74bb1c3c.jpg'><img loading=\"lazy\" decoding=\"async\" width=\"150\" height=\"150\" src=\"https:\/\/www.radiopiu.net\/wordpress\/wp-content\/uploads\/2024\/12\/12602dc4-9cc3-4915-b710-408e74bb1c3c-150x150.jpg\" class=\"attachment-thumbnail size-thumbnail\" alt=\"\" \/><\/a>\n\t\t\t\t<\/dt><\/dl><dl class='gallery-item'>\n\t\t\t\t<dt class='gallery-icon portrait'>\n\t\t\t\t\t<a class=\"rollover rollover-zoom dt-pswp-item\" title=\"6758de20-a8f0-472a-acc5-63f55e575ffc\" data-dt-img-description=\"\" data-large_image_width=\"1204\" data-large_image_height=\"1600\"href='https:\/\/www.radiopiu.net\/wordpress\/wp-content\/uploads\/2024\/12\/6758de20-a8f0-472a-acc5-63f55e575ffc.jpg'><img loading=\"lazy\" decoding=\"async\" width=\"150\" height=\"150\" src=\"https:\/\/www.radiopiu.net\/wordpress\/wp-content\/uploads\/2024\/12\/6758de20-a8f0-472a-acc5-63f55e575ffc-150x150.jpg\" class=\"attachment-thumbnail size-thumbnail\" alt=\"\" \/><\/a>\n\t\t\t\t<\/dt><\/dl><br style=\"clear: both\" \/>\n\t\t\t<\/div>\n\n<p>&nbsp;<\/p>\n<p>&nbsp;<\/p>\n<hr \/>\n<p>&nbsp;<\/p>\n<blockquote>\n<h3>LE STELLE DI NATALE AIL ASSIEME AGLI ALPINI DI ALLEGHE<\/h3>\n<\/blockquote>\n<p><strong>ALLEGHE<\/strong> Gli alpini sempre in prima linea quando si tratta di fare volontariato. In vendita le Stelle di Natale dell&#8217;AIL anche ad Alleghe con il supporto prezioso degli Alpini.<\/p>\n<p><a class=\"dt-pswp-item\" href=\"https:\/\/www.radiopiu.net\/wordpress\/wp-content\/uploads\/2024\/12\/d64b08d5-4c24-4514-af05-120a925cf925.jpg\" data-dt-img-description=\"\" data-large_image_width=\"1200\" data-large_image_height=\"1600\"><img loading=\"lazy\" decoding=\"async\" class=\"size-medium wp-image-423547 aligncenter\" src=\"https:\/\/www.radiopiu.net\/wordpress\/wp-content\/uploads\/2024\/12\/d64b08d5-4c24-4514-af05-120a925cf925-225x300.jpg\" alt=\"\" width=\"225\" height=\"300\" srcset=\"https:\/\/www.radiopiu.net\/wordpress\/wp-content\/uploads\/2024\/12\/d64b08d5-4c24-4514-af05-120a925cf925-225x300.jpg 225w, https:\/\/www.radiopiu.net\/wordpress\/wp-content\/uploads\/2024\/12\/d64b08d5-4c24-4514-af05-120a925cf925-768x1024.jpg 768w, https:\/\/www.radiopiu.net\/wordpress\/wp-content\/uploads\/2024\/12\/d64b08d5-4c24-4514-af05-120a925cf925-1152x1536.jpg 1152w, https:\/\/www.radiopiu.net\/wordpress\/wp-content\/uploads\/2024\/12\/d64b08d5-4c24-4514-af05-120a925cf925.jpg 1200w\" sizes=\"auto, (max-width: 225px) 100vw, 225px\" \/><\/a><\/p>\n<p>&nbsp;<\/p>\n<p>&nbsp;<\/p>\n<hr \/>\n<p>&nbsp;<\/p>\n<blockquote>\n<h3>ACCESO IL PRESEPIO DELLA BORGATA DI ALPAOS<\/h3>\n<\/blockquote>\n<p><strong>CHIES D&#8217;ALPAGO<\/strong> La borgata di Alpaos a Chies d&#8217;Alpago si \u00e8 illuminata con il tradizionale presepio. L\u2019opera, realizzata con cura e passione da Rita Inferrera e Gianni Padoan, \u00e8 stata collocata in via 25 Aprile ed \u00e8 visitabile liberamente. Un&#8217;iniziativa che celebra lo spirito natalizio e dona un tocco di magia alle festivit\u00e0 nel cuore dell&#8217;Alpago.<\/p>\n\n\t\t\t<style type='text\/css'>\n\t\t\t\t#gallery-11 {\n\t\t\t\t\tmargin: auto;\n\t\t\t\t}\n\t\t\t\t#gallery-11 .gallery-item {\n\t\t\t\t\tfloat: left;\n\t\t\t\t\tmargin-top: 10px;\n\t\t\t\t\ttext-align: center;\n\t\t\t\t\twidth: 25%;\n\t\t\t\t}\n\t\t\t\t#gallery-11 img {\n\t\t\t\t\tborder: 2px solid #cfcfcf;\n\t\t\t\t}\n\t\t\t\t#gallery-11 .gallery-caption {\n\t\t\t\t\tmargin-left: 0;\n\t\t\t\t}\n\t\t\t\t\/* see gallery_shortcode() in wp-includes\/media.php *\/\n\t\t\t<\/style>\n\t\t<div id='gallery-11' class='dt-gallery-container gallery galleryid-423476 gallery-columns-4 gallery-size-thumbnail'><dl class='gallery-item'>\n\t\t\t\t<dt class='gallery-icon landscape'>\n\t\t\t\t\t<a class=\"rollover rollover-zoom dt-pswp-item\" title=\"IMG_20241207_163624\" data-dt-img-description=\"\" data-large_image_width=\"2560\" data-large_image_height=\"1920\"href='https:\/\/www.radiopiu.net\/wordpress\/wp-content\/uploads\/2024\/12\/IMG_20241207_163624-scaled.jpg'><img loading=\"lazy\" decoding=\"async\" width=\"150\" height=\"150\" src=\"https:\/\/www.radiopiu.net\/wordpress\/wp-content\/uploads\/2024\/12\/IMG_20241207_163624-150x150.jpg\" class=\"attachment-thumbnail size-thumbnail\" alt=\"\" \/><\/a>\n\t\t\t\t<\/dt><\/dl><dl class='gallery-item'>\n\t\t\t\t<dt class='gallery-icon portrait'>\n\t\t\t\t\t<a class=\"rollover rollover-zoom dt-pswp-item\" title=\"IMG_20241207_163639\" data-dt-img-description=\"\" data-large_image_width=\"2329\" data-large_image_height=\"2560\"href='https:\/\/www.radiopiu.net\/wordpress\/wp-content\/uploads\/2024\/12\/IMG_20241207_163639-scaled.jpg'><img loading=\"lazy\" decoding=\"async\" width=\"150\" height=\"150\" src=\"https:\/\/www.radiopiu.net\/wordpress\/wp-content\/uploads\/2024\/12\/IMG_20241207_163639-150x150.jpg\" class=\"attachment-thumbnail size-thumbnail\" alt=\"\" \/><\/a>\n\t\t\t\t<\/dt><\/dl><dl class='gallery-item'>\n\t\t\t\t<dt class='gallery-icon landscape'>\n\t\t\t\t\t<a class=\"rollover rollover-zoom dt-pswp-item\" title=\"IMG_20241207_163647\" data-dt-img-description=\"\" data-large_image_width=\"2560\" data-large_image_height=\"1920\"href='https:\/\/www.radiopiu.net\/wordpress\/wp-content\/uploads\/2024\/12\/IMG_20241207_163647-scaled.jpg'><img loading=\"lazy\" decoding=\"async\" width=\"150\" height=\"150\" src=\"https:\/\/www.radiopiu.net\/wordpress\/wp-content\/uploads\/2024\/12\/IMG_20241207_163647-150x150.jpg\" class=\"attachment-thumbnail size-thumbnail\" alt=\"\" \/><\/a>\n\t\t\t\t<\/dt><\/dl><dl class='gallery-item'>\n\t\t\t\t<dt class='gallery-icon landscape'>\n\t\t\t\t\t<a class=\"rollover rollover-zoom dt-pswp-item\" title=\"IMG_20241207_163656\" data-dt-img-description=\"\" data-large_image_width=\"2560\" data-large_image_height=\"1920\"href='https:\/\/www.radiopiu.net\/wordpress\/wp-content\/uploads\/2024\/12\/IMG_20241207_163656-scaled.jpg'><img loading=\"lazy\" decoding=\"async\" width=\"150\" height=\"150\" src=\"https:\/\/www.radiopiu.net\/wordpress\/wp-content\/uploads\/2024\/12\/IMG_20241207_163656-150x150.jpg\" class=\"attachment-thumbnail size-thumbnail\" alt=\"\" \/><\/a>\n\t\t\t\t<\/dt><\/dl><br style=\"clear: both\" \/><dl class='gallery-item'>\n\t\t\t\t<dt class='gallery-icon landscape'>\n\t\t\t\t\t<a class=\"rollover rollover-zoom dt-pswp-item\" title=\"IMG_20241207_163713\" data-dt-img-description=\"\" data-large_image_width=\"2560\" data-large_image_height=\"1920\"href='https:\/\/www.radiopiu.net\/wordpress\/wp-content\/uploads\/2024\/12\/IMG_20241207_163713-scaled.jpg'><img loading=\"lazy\" decoding=\"async\" width=\"150\" height=\"150\" src=\"https:\/\/www.radiopiu.net\/wordpress\/wp-content\/uploads\/2024\/12\/IMG_20241207_163713-150x150.jpg\" class=\"attachment-thumbnail size-thumbnail\" alt=\"\" \/><\/a>\n\t\t\t\t<\/dt><\/dl><dl class='gallery-item'>\n\t\t\t\t<dt class='gallery-icon landscape'>\n\t\t\t\t\t<a class=\"rollover rollover-zoom dt-pswp-item\" title=\"IMG_20241207_163725\" data-dt-img-description=\"\" data-large_image_width=\"2560\" data-large_image_height=\"1920\"href='https:\/\/www.radiopiu.net\/wordpress\/wp-content\/uploads\/2024\/12\/IMG_20241207_163725-scaled.jpg'><img loading=\"lazy\" decoding=\"async\" width=\"150\" height=\"150\" src=\"https:\/\/www.radiopiu.net\/wordpress\/wp-content\/uploads\/2024\/12\/IMG_20241207_163725-150x150.jpg\" class=\"attachment-thumbnail size-thumbnail\" alt=\"\" \/><\/a>\n\t\t\t\t<\/dt><\/dl><dl class='gallery-item'>\n\t\t\t\t<dt class='gallery-icon portrait'>\n\t\t\t\t\t<a class=\"rollover rollover-zoom dt-pswp-item\" title=\"IMG_20241207_163743\" data-dt-img-description=\"\" data-large_image_width=\"1920\" data-large_image_height=\"2560\"href='https:\/\/www.radiopiu.net\/wordpress\/wp-content\/uploads\/2024\/12\/IMG_20241207_163743-scaled.jpg'><img loading=\"lazy\" decoding=\"async\" width=\"150\" height=\"150\" src=\"https:\/\/www.radiopiu.net\/wordpress\/wp-content\/uploads\/2024\/12\/IMG_20241207_163743-150x150.jpg\" class=\"attachment-thumbnail size-thumbnail\" alt=\"\" \/><\/a>\n\t\t\t\t<\/dt><\/dl><dl class='gallery-item'>\n\t\t\t\t<dt class='gallery-icon landscape'>\n\t\t\t\t\t<a class=\"rollover rollover-zoom dt-pswp-item\" title=\"IMG_20241207_183739\" data-dt-img-description=\"\" data-large_image_width=\"2560\" data-large_image_height=\"1920\"href='https:\/\/www.radiopiu.net\/wordpress\/wp-content\/uploads\/2024\/12\/IMG_20241207_183739-scaled.jpg'><img loading=\"lazy\" decoding=\"async\" width=\"150\" height=\"150\" src=\"https:\/\/www.radiopiu.net\/wordpress\/wp-content\/uploads\/2024\/12\/IMG_20241207_183739-150x150.jpg\" class=\"attachment-thumbnail size-thumbnail\" alt=\"\" \/><\/a>\n\t\t\t\t<\/dt><\/dl><br style=\"clear: both\" \/>\n\t\t\t<\/div>\n\n<p>&nbsp;<\/p>\n<p>&nbsp;<\/p>\n<hr \/>\n<p>&nbsp;<\/p>\n<blockquote>\n<h1>Il Presepe Artistico di Roe di Sedico: un capolavoro da visitare<\/h1>\n<\/blockquote>\n<p><a class=\"dt-pswp-item\" href=\"https:\/\/www.radiopiu.net\/wordpress\/wp-content\/uploads\/2024\/12\/5162ed54-e3b2-4d17-82f0-cf26bd30086a.jpg\" data-dt-img-description=\"\" data-large_image_width=\"1200\" data-large_image_height=\"1600\"><img loading=\"lazy\" decoding=\"async\" class=\"size-medium wp-image-423381 alignleft\" src=\"https:\/\/www.radiopiu.net\/wordpress\/wp-content\/uploads\/2024\/12\/5162ed54-e3b2-4d17-82f0-cf26bd30086a-225x300.jpg\" alt=\"\" width=\"225\" height=\"300\" srcset=\"https:\/\/www.radiopiu.net\/wordpress\/wp-content\/uploads\/2024\/12\/5162ed54-e3b2-4d17-82f0-cf26bd30086a-225x300.jpg 225w, https:\/\/www.radiopiu.net\/wordpress\/wp-content\/uploads\/2024\/12\/5162ed54-e3b2-4d17-82f0-cf26bd30086a-768x1024.jpg 768w, https:\/\/www.radiopiu.net\/wordpress\/wp-content\/uploads\/2024\/12\/5162ed54-e3b2-4d17-82f0-cf26bd30086a-1152x1536.jpg 1152w, https:\/\/www.radiopiu.net\/wordpress\/wp-content\/uploads\/2024\/12\/5162ed54-e3b2-4d17-82f0-cf26bd30086a.jpg 1200w\" sizes=\"auto, (max-width: 225px) 100vw, 225px\" \/><\/a>Il presepe artistico di Roe di Sedico \u00e8 un\u2019opera straordinaria realizzata dai talentuosi autori Fabio Sommacal, Davide Lovisotto, Edi Tegner, Andrea Fontanive e Marco Bressan. Nato nel 1988, le prime edizioni venivano ospitate nella cappella invernale e smontate ogni anno. Dal 1991, grazie alla disponibilit\u00e0 di Don Rinaldo, il presepe ha trovato una sede permanente, permettendo la realizzazione di 32 edizioni fino all\u2019interruzione causata dalla pandemia. Dal 2022, l\u2019avventura \u00e8 ripartita con rinnovato entusiasmo. Il presepe \u00e8 visitabile fino al 31 gennaio: <strong>Domeniche e festivi:<\/strong> 10:00-12:00 e 14:00-18:30. <strong>Dal 25 dicembre al 6 gennaio:<\/strong> aperto anche nei feriali, nel pomeriggio 14:00-18:30. Un appuntamento imperdibile per immergersi nella magia del Natale e ammirare un\u2019opera che racconta tradizione e passione.<\/p>\n<p>&nbsp;<\/p>\n\n\t\t\t<style type='text\/css'>\n\t\t\t\t#gallery-12 {\n\t\t\t\t\tmargin: auto;\n\t\t\t\t}\n\t\t\t\t#gallery-12 .gallery-item {\n\t\t\t\t\tfloat: left;\n\t\t\t\t\tmargin-top: 10px;\n\t\t\t\t\ttext-align: center;\n\t\t\t\t\twidth: 12%;\n\t\t\t\t}\n\t\t\t\t#gallery-12 img {\n\t\t\t\t\tborder: 2px solid #cfcfcf;\n\t\t\t\t}\n\t\t\t\t#gallery-12 .gallery-caption {\n\t\t\t\t\tmargin-left: 0;\n\t\t\t\t}\n\t\t\t\t\/* see gallery_shortcode() in wp-includes\/media.php *\/\n\t\t\t<\/style>\n\t\t<div id='gallery-12' class='dt-gallery-container gallery galleryid-423476 gallery-columns-8 gallery-size-thumbnail'><dl class='gallery-item'>\n\t\t\t\t<dt class='gallery-icon landscape'>\n\t\t\t\t\t<a class=\"rollover rollover-zoom dt-pswp-item\" title=\"1708f0ec-4e7a-4978-b30d-3959327ffde0\" data-dt-img-description=\"\" data-large_image_width=\"1600\" data-large_image_height=\"1200\"href='https:\/\/www.radiopiu.net\/wordpress\/wp-content\/uploads\/2024\/12\/1708f0ec-4e7a-4978-b30d-3959327ffde0.jpg'><img loading=\"lazy\" decoding=\"async\" width=\"150\" height=\"150\" src=\"https:\/\/www.radiopiu.net\/wordpress\/wp-content\/uploads\/2024\/12\/1708f0ec-4e7a-4978-b30d-3959327ffde0-150x150.jpg\" class=\"attachment-thumbnail size-thumbnail\" alt=\"\" \/><\/a>\n\t\t\t\t<\/dt><\/dl><dl class='gallery-item'>\n\t\t\t\t<dt class='gallery-icon landscape'>\n\t\t\t\t\t<a class=\"rollover rollover-zoom dt-pswp-item\" title=\"31faecc0-e87e-406d-b6a8-6f5633f67e78\" data-dt-img-description=\"\" data-large_image_width=\"1600\" data-large_image_height=\"1200\"href='https:\/\/www.radiopiu.net\/wordpress\/wp-content\/uploads\/2024\/12\/31faecc0-e87e-406d-b6a8-6f5633f67e78.jpg'><img loading=\"lazy\" decoding=\"async\" width=\"150\" height=\"150\" src=\"https:\/\/www.radiopiu.net\/wordpress\/wp-content\/uploads\/2024\/12\/31faecc0-e87e-406d-b6a8-6f5633f67e78-150x150.jpg\" class=\"attachment-thumbnail size-thumbnail\" alt=\"\" \/><\/a>\n\t\t\t\t<\/dt><\/dl><dl class='gallery-item'>\n\t\t\t\t<dt class='gallery-icon landscape'>\n\t\t\t\t\t<a class=\"rollover rollover-zoom dt-pswp-item\" title=\"22cd45a8-8844-4e2d-8552-f9a2b7c9b35a\" data-dt-img-description=\"\" data-large_image_width=\"1600\" data-large_image_height=\"1200\"href='https:\/\/www.radiopiu.net\/wordpress\/wp-content\/uploads\/2024\/12\/22cd45a8-8844-4e2d-8552-f9a2b7c9b35a.jpg'><img loading=\"lazy\" decoding=\"async\" width=\"150\" height=\"150\" src=\"https:\/\/www.radiopiu.net\/wordpress\/wp-content\/uploads\/2024\/12\/22cd45a8-8844-4e2d-8552-f9a2b7c9b35a-150x150.jpg\" class=\"attachment-thumbnail size-thumbnail\" alt=\"\" \/><\/a>\n\t\t\t\t<\/dt><\/dl><dl class='gallery-item'>\n\t\t\t\t<dt class='gallery-icon landscape'>\n\t\t\t\t\t<a class=\"rollover rollover-zoom dt-pswp-item\" title=\"2f78f81d-54a0-473e-a048-6082fa5f0dfb\" data-dt-img-description=\"\" data-large_image_width=\"1600\" data-large_image_height=\"1200\"href='https:\/\/www.radiopiu.net\/wordpress\/wp-content\/uploads\/2024\/12\/2f78f81d-54a0-473e-a048-6082fa5f0dfb.jpg'><img loading=\"lazy\" decoding=\"async\" width=\"150\" height=\"150\" src=\"https:\/\/www.radiopiu.net\/wordpress\/wp-content\/uploads\/2024\/12\/2f78f81d-54a0-473e-a048-6082fa5f0dfb-150x150.jpg\" class=\"attachment-thumbnail size-thumbnail\" alt=\"\" \/><\/a>\n\t\t\t\t<\/dt><\/dl><dl class='gallery-item'>\n\t\t\t\t<dt class='gallery-icon landscape'>\n\t\t\t\t\t<a class=\"rollover rollover-zoom dt-pswp-item\" title=\"05ae5de8-f5ea-45b4-9b1f-d4e96bbb1fb8\" data-dt-img-description=\"\" data-large_image_width=\"1600\" data-large_image_height=\"1200\"href='https:\/\/www.radiopiu.net\/wordpress\/wp-content\/uploads\/2024\/12\/05ae5de8-f5ea-45b4-9b1f-d4e96bbb1fb8.jpg'><img loading=\"lazy\" decoding=\"async\" width=\"150\" height=\"150\" src=\"https:\/\/www.radiopiu.net\/wordpress\/wp-content\/uploads\/2024\/12\/05ae5de8-f5ea-45b4-9b1f-d4e96bbb1fb8-150x150.jpg\" class=\"attachment-thumbnail size-thumbnail\" alt=\"\" \/><\/a>\n\t\t\t\t<\/dt><\/dl><dl class='gallery-item'>\n\t\t\t\t<dt class='gallery-icon landscape'>\n\t\t\t\t\t<a class=\"rollover rollover-zoom dt-pswp-item\" title=\"9b5d2c47-0c82-43c2-ac45-eda00723a965\" data-dt-img-description=\"\" data-large_image_width=\"1600\" data-large_image_height=\"1200\"href='https:\/\/www.radiopiu.net\/wordpress\/wp-content\/uploads\/2024\/12\/9b5d2c47-0c82-43c2-ac45-eda00723a965.jpg'><img loading=\"lazy\" decoding=\"async\" width=\"150\" height=\"150\" src=\"https:\/\/www.radiopiu.net\/wordpress\/wp-content\/uploads\/2024\/12\/9b5d2c47-0c82-43c2-ac45-eda00723a965-150x150.jpg\" class=\"attachment-thumbnail size-thumbnail\" alt=\"\" \/><\/a>\n\t\t\t\t<\/dt><\/dl><dl class='gallery-item'>\n\t\t\t\t<dt class='gallery-icon landscape'>\n\t\t\t\t\t<a class=\"rollover rollover-zoom dt-pswp-item\" title=\"2ed1d8d3-409e-4775-94ed-91e3eda55c6e\" data-dt-img-description=\"\" data-large_image_width=\"1600\" data-large_image_height=\"1200\"href='https:\/\/www.radiopiu.net\/wordpress\/wp-content\/uploads\/2024\/12\/2ed1d8d3-409e-4775-94ed-91e3eda55c6e.jpg'><img loading=\"lazy\" decoding=\"async\" width=\"150\" height=\"150\" src=\"https:\/\/www.radiopiu.net\/wordpress\/wp-content\/uploads\/2024\/12\/2ed1d8d3-409e-4775-94ed-91e3eda55c6e-150x150.jpg\" class=\"attachment-thumbnail size-thumbnail\" alt=\"\" \/><\/a>\n\t\t\t\t<\/dt><\/dl><dl class='gallery-item'>\n\t\t\t\t<dt class='gallery-icon landscape'>\n\t\t\t\t\t<a class=\"rollover rollover-zoom dt-pswp-item\" title=\"0f25e816-4eb7-459e-b251-b05d839862fc\" data-dt-img-description=\"\" data-large_image_width=\"1600\" data-large_image_height=\"1200\"href='https:\/\/www.radiopiu.net\/wordpress\/wp-content\/uploads\/2024\/12\/0f25e816-4eb7-459e-b251-b05d839862fc.jpg'><img loading=\"lazy\" decoding=\"async\" width=\"150\" height=\"150\" src=\"https:\/\/www.radiopiu.net\/wordpress\/wp-content\/uploads\/2024\/12\/0f25e816-4eb7-459e-b251-b05d839862fc-150x150.jpg\" class=\"attachment-thumbnail size-thumbnail\" alt=\"\" \/><\/a>\n\t\t\t\t<\/dt><\/dl><br style=\"clear: both\" \/>\n\t\t\t<\/div>\n\n<p>&nbsp;<\/p>\n<hr \/>\n<p>&nbsp;<\/p>\n<p>&nbsp;<\/p>\n<blockquote>\n<h1>RIVA NADAL 2024 IN VALLE IMPERINA<\/h1>\n<\/blockquote>\n<p><a class=\"dt-pswp-item\" href=\"https:\/\/www.radiopiu.net\/wordpress\/wp-content\/uploads\/2024\/12\/RIVA-NADAL-2024.jpg\" data-dt-img-description=\"\" data-large_image_width=\"841\" data-large_image_height=\"1190\"><img loading=\"lazy\" decoding=\"async\" class=\"size-medium wp-image-422752 alignleft\" src=\"https:\/\/www.radiopiu.net\/wordpress\/wp-content\/uploads\/2024\/12\/RIVA-NADAL-2024-212x300.jpg\" alt=\"\" width=\"212\" height=\"300\" srcset=\"https:\/\/www.radiopiu.net\/wordpress\/wp-content\/uploads\/2024\/12\/RIVA-NADAL-2024-212x300.jpg 212w, https:\/\/www.radiopiu.net\/wordpress\/wp-content\/uploads\/2024\/12\/RIVA-NADAL-2024-724x1024.jpg 724w, https:\/\/www.radiopiu.net\/wordpress\/wp-content\/uploads\/2024\/12\/RIVA-NADAL-2024-768x1087.jpg 768w, https:\/\/www.radiopiu.net\/wordpress\/wp-content\/uploads\/2024\/12\/RIVA-NADAL-2024.jpg 841w\" sizes=\"auto, (max-width: 212px) 100vw, 212px\" \/><\/a><\/p>\n<p>&nbsp;<\/p>\n<div><i><span style=\"color: #004d65;\">\u201cIl Natale \u00e8 magia, tradizione e divertimento. Domenica 15 dicembre, ti aspettiamo a: Riva Nadal &#8211; I Mercatini dei Can\u00f2p, presso il Centro Minerario Valle Imperina. Dalle 10 del mattino, mercatini, sfilate, passeggiate in carrozza, spettacoli e attivit\u00e0 per grandi e piccini.<b> Letture e laboratori\u00a0per bambini, preparatevi ad incontrare i temibili Krampus e a lasciarvi emozionare con l&#8217;esibizione del <\/b>Coro\u00a0\u201cSchola Cantorum La Valle Agordina\u201d\u00a0nel suggestivo complesso dei Forni Fusori. E per tutto il giorno, delizie dolci e salate, vin brul\u00e9 e castagne. Parcheggio comodo e servizio navetta a soli 2 euro andata e ritorno.\u00a0<\/span><\/i><i><span style=\"color: #004d65;\">Riva Nadal &#8211; La magia del Natale ti aspetta! Evento organizzato dalla Pro Loco di Rivamonte in collaborazione con Pro Loco Agordo e Pro Loco La Valle Agordina, con il supporto del Gruppo Botol.<\/span><\/i><\/div>\n<p>&nbsp;<\/p>\n<p>&nbsp;<\/p>\n<p>&nbsp;<\/p>\n<p>&nbsp;<\/p>\n<hr \/>\n<p>&nbsp;<\/p>\n<div class=\"flex-shrink-0 flex flex-col relative items-end\">\n<div>\n<div class=\"pt-0\">\n<div class=\"gizmo-bot-avatar flex h-8 w-8 items-center justify-center overflow-hidden rounded-full\">\n<div class=\"relative p-1 rounded-sm flex items-center justify-center bg-token-main-surface-primary text-token-text-primary h-8 w-8\"><\/div>\n<\/div>\n<\/div>\n<\/div>\n<\/div>\n<div class=\"group\/conversation-turn relative flex w-full min-w-0 flex-col agent-turn\">\n<div class=\"flex-col gap-1 md:gap-3\">\n<div class=\"flex max-w-full flex-col flex-grow\">\n<div class=\"min-h-8 text-message flex w-full flex-col items-end gap-2 whitespace-normal break-words [.text-message+&amp;]:mt-5\" dir=\"auto\" data-message-author-role=\"assistant\" data-message-id=\"9bdfab27-193b-49a0-951f-ebd22beaf278\" data-message-model-slug=\"gpt-4o\">\n<div class=\"flex w-full flex-col gap-1 empty:hidden first:pt-[3px]\">\n<div class=\"markdown prose w-full break-words dark:prose-invert dark\">\n<blockquote><p><strong><a class=\"dt-pswp-item\" href=\"https:\/\/www.radiopiu.net\/wordpress\/wp-content\/uploads\/2018\/12\/6-J-FRANCIS-FOTO-NATALE.jpg\" data-dt-img-description=\"\" data-large_image_width=\"545\" data-large_image_height=\"307\"><img loading=\"lazy\" decoding=\"async\" class=\" wp-image-70577 alignleft\" src=\"https:\/\/www.radiopiu.net\/wordpress\/wp-content\/uploads\/2018\/12\/6-J-FRANCIS-FOTO-NATALE-300x169.jpg\" alt=\"\" width=\"243\" height=\"137\" srcset=\"https:\/\/www.radiopiu.net\/wordpress\/wp-content\/uploads\/2018\/12\/6-J-FRANCIS-FOTO-NATALE-300x169.jpg 300w, https:\/\/www.radiopiu.net\/wordpress\/wp-content\/uploads\/2018\/12\/6-J-FRANCIS-FOTO-NATALE.jpg 545w\" sizes=\"auto, (max-width: 243px) 100vw, 243px\" \/><\/a>Nadal a Borgo Piave e Pra: Tradizione, Musica e Magia Natalizia<\/strong><\/p><\/blockquote>\n<p>Dal 5 dicembre 2024 al 6 gennaio 2025, Borgo Piave e Borgo Pra si vestono a festa con la rassegna <em>Nadal a Borgo Piave e Pra<\/em>. Addobbi naturali, presepi unici, concerti e tradizioni come la \u201cStela Ciara del Ponte della Vittoria\u201d creano un\u2019atmosfera incantata. Eventi come il concerto dei Riverboys e il percorso di San Nicol\u00f2 coinvolgono grandi e piccoli, valorizzando la storia e l\u2019unione delle comunit\u00e0 locali. &#8220;Dove c\u2019\u00e8 partecipazione attiva, nascono bellezza e attrattivit\u00e0&#8221;, commenta Antonio Gheno, presidente di Borgo Piave ETC aps. Un\u2019occasione per vivere il Natale con sobriet\u00e0 e autenticit\u00e0 tra cultura e tradizione.<\/p>\n<\/div>\n<\/div>\n<\/div>\n<\/div>\n<\/div>\n<\/div>\n<p>&nbsp;<\/p>\n<p>&nbsp;<\/p>\n<hr \/>\n<p>&nbsp;<\/p>\n<blockquote>\n<h3><a class=\"dt-pswp-item\" href=\"https:\/\/www.radiopiu.net\/wordpress\/wp-content\/uploads\/2024\/12\/aeca5eac-5655-4add-8aac-8f9a29d499a6.jpg\" data-dt-img-description=\"\" data-large_image_width=\"940\" data-large_image_height=\"788\"><img loading=\"lazy\" decoding=\"async\" class=\" wp-image-422833 alignleft\" src=\"https:\/\/www.radiopiu.net\/wordpress\/wp-content\/uploads\/2024\/12\/aeca5eac-5655-4add-8aac-8f9a29d499a6-300x251.jpg\" alt=\"\" width=\"157\" height=\"131\" srcset=\"https:\/\/www.radiopiu.net\/wordpress\/wp-content\/uploads\/2024\/12\/aeca5eac-5655-4add-8aac-8f9a29d499a6-300x251.jpg 300w, https:\/\/www.radiopiu.net\/wordpress\/wp-content\/uploads\/2024\/12\/aeca5eac-5655-4add-8aac-8f9a29d499a6-768x644.jpg 768w, https:\/\/www.radiopiu.net\/wordpress\/wp-content\/uploads\/2024\/12\/aeca5eac-5655-4add-8aac-8f9a29d499a6.jpg 940w\" sizes=\"auto, (max-width: 157px) 100vw, 157px\" \/><\/a>L&#8217;ARTE DI ZELIA IN MOSTRA AL GUARNIERI<\/h3>\n<p><strong>FELTRE<\/strong><\/p><\/blockquote>\n<p><strong>DI ROBERTO BONA\u00a0<\/strong><\/p>\n<p>&nbsp;<\/p>\n<audio class=\"wp-audio-shortcode\" id=\"audio-423476-10\" preload=\"none\" style=\"width: 100%;\" controls=\"controls\"><source type=\"audio\/wav\" src=\"https:\/\/www.radiopiu.net\/wordpress\/wp-content\/uploads\/2024\/12\/Zelia.wav?_=10\" \/><a href=\"https:\/\/www.radiopiu.net\/wordpress\/wp-content\/uploads\/2024\/12\/Zelia.wav\">https:\/\/www.radiopiu.net\/wordpress\/wp-content\/uploads\/2024\/12\/Zelia.wav<\/a><\/audio>\n<p>&nbsp;<\/p>\n<p>&nbsp;<\/p>\n<hr \/>\n<p>&nbsp;<\/p>\n<blockquote>\n<h2><img loading=\"lazy\" decoding=\"async\" class=\"alignleft\" src=\"https:\/\/www.radiopiu.net\/wordpress\/wp-content\/uploads\/2024\/12\/%C2%A9Echialessandrosogne-con-logo-presentazione-19-ott-2024-scaled.jpg\" width=\"220\" height=\"146\" \/>Ski College Veneto: giornata studente-atleta a Falcade<\/h2>\n<\/blockquote>\n<p><strong>FALCADE<\/strong>\u00a0 Lo Ski College Veneto di Falcade organizza, il 13 dicembre, la giornata studente-atleta per ragazzi di terza media. L\u2019evento unisce attivit\u00e0 scolastiche al mattino presso l\u2019Istituto Follador \u2013 De Rossi e sessioni sportive pomeridiane dedicate a sci alpino, fondo e biathlon con allenatori qualificati.\u00a0 Opportunit\u00e0 per conoscere la vita al College, coniugando studio e sport di alto livello. Iscrizioni entro l\u20198 dicembre sul sito ufficiale dello Ski College Veneto.<\/p>\n<p>&nbsp;<\/p>\n<p>&nbsp;<\/p>\n<hr \/>\n<p>&nbsp;<\/p>\n<h2 data-pm-slice=\"1 1 []\"><a href=\"https:\/\/www.radiopiu.net\/wordpress\/wp-content\/uploads\/2024\/12\/569256ec-1609-479c-9e01-15046f8e9e43.webp\"><img loading=\"lazy\" decoding=\"async\" class=\" wp-image-422626 alignleft\" src=\"https:\/\/www.radiopiu.net\/wordpress\/wp-content\/uploads\/2024\/12\/569256ec-1609-479c-9e01-15046f8e9e43-300x300.webp\" alt=\"\" width=\"118\" height=\"118\" srcset=\"https:\/\/www.radiopiu.net\/wordpress\/wp-content\/uploads\/2024\/12\/569256ec-1609-479c-9e01-15046f8e9e43-300x300.webp 300w, https:\/\/www.radiopiu.net\/wordpress\/wp-content\/uploads\/2024\/12\/569256ec-1609-479c-9e01-15046f8e9e43-150x150.webp 150w, https:\/\/www.radiopiu.net\/wordpress\/wp-content\/uploads\/2024\/12\/569256ec-1609-479c-9e01-15046f8e9e43-768x768.webp 768w, https:\/\/www.radiopiu.net\/wordpress\/wp-content\/uploads\/2024\/12\/569256ec-1609-479c-9e01-15046f8e9e43.webp 1024w\" sizes=\"auto, (max-width: 118px) 100vw, 118px\" \/><\/a>LA LUNA, UN&#8217;OCCHIO NELLA NOTTE AL CENTRO CIVICO<br \/>\nvenerdi 13 dicembre<\/h2>\n<p>SOSPIROLO<\/p>\n<p><strong>\u00a0<\/strong><strong>DI ROBERTO BONA<\/strong><\/p>\n<audio class=\"wp-audio-shortcode\" id=\"audio-423476-11\" preload=\"none\" style=\"width: 100%;\" controls=\"controls\"><source type=\"audio\/wav\" src=\"https:\/\/www.radiopiu.net\/wordpress\/wp-content\/uploads\/2024\/12\/LaLunaUnOcchio-1.wav?_=11\" \/><a href=\"https:\/\/www.radiopiu.net\/wordpress\/wp-content\/uploads\/2024\/12\/LaLunaUnOcchio-1.wav\">https:\/\/www.radiopiu.net\/wordpress\/wp-content\/uploads\/2024\/12\/LaLunaUnOcchio-1.wav<\/a><\/audio>\n<p>&nbsp;<\/p>\n<p>&nbsp;<\/p>\n<p>&nbsp;<\/p>\n<hr \/>\n<p>&nbsp;<\/p>\n<div class=\"flex-shrink-0 flex flex-col relative items-end\">\n<div>\n<div class=\"pt-0\">\n<div class=\"gizmo-bot-avatar flex h-8 w-8 items-center justify-center overflow-hidden rounded-full\">\n<div class=\"relative p-1 rounded-sm flex items-center justify-center bg-token-main-surface-primary text-token-text-primary h-8 w-8\"><\/div>\n<\/div>\n<\/div>\n<\/div>\n<\/div>\n<div class=\"group\/conversation-turn relative flex w-full min-w-0 flex-col agent-turn\">\n<div class=\"flex-col gap-1 md:gap-3\">\n<div class=\"flex max-w-full flex-col flex-grow\">\n<div class=\"min-h-8 text-message flex w-full flex-col items-end gap-2 whitespace-normal break-words [.text-message+&amp;]:mt-5\" dir=\"auto\" data-message-author-role=\"assistant\" data-message-id=\"10522d88-8ac9-455f-928a-5bdc27669022\" data-message-model-slug=\"gpt-4o\">\n<div class=\"flex w-full flex-col gap-1 empty:hidden first:pt-[3px]\">\n<div class=\"markdown prose w-full break-words dark:prose-invert dark\">\n<blockquote>\n<h3><strong><a class=\"dt-pswp-item\" href=\"https:\/\/www.radiopiu.net\/wordpress\/wp-content\/uploads\/2024\/12\/Senza-nome-28.png\" data-dt-img-description=\"\" data-large_image_width=\"348\" data-large_image_height=\"163\"><img loading=\"lazy\" decoding=\"async\" class=\" wp-image-422995 alignleft\" src=\"https:\/\/www.radiopiu.net\/wordpress\/wp-content\/uploads\/2024\/12\/Senza-nome-28-300x141.png\" alt=\"\" width=\"200\" height=\"94\" srcset=\"https:\/\/www.radiopiu.net\/wordpress\/wp-content\/uploads\/2024\/12\/Senza-nome-28-300x141.png 300w, https:\/\/www.radiopiu.net\/wordpress\/wp-content\/uploads\/2024\/12\/Senza-nome-28.png 348w\" sizes=\"auto, (max-width: 200px) 100vw, 200px\" \/><\/a>&#8220;Eurotecnica: Futuro e Identit\u00e0&#8221; &#8211; Evento al Circolo La Terra dei Padri<\/strong><\/h3>\n<\/blockquote>\n<p><strong>BELLUNO<\/strong> Venerd\u00ec 13 dicembre alle ore 18, presso il Circolo culturale &#8220;La Terra dei Padri &#8211; Belluno APS&#8221; (via dei Molini, 10), verranno presentati gli Atti del convegno <em>Eurotecnica &#8211; Futuro e Identit\u00e0<\/em>. Interverranno Melissa Santin di &#8220;Casarhea &#8211; Spazio identitario&#8221; e il prof. Giuseppe Scalici del Centro Studi &#8220;Kultura Europa&#8221;. Modera Francesco Dematt\u00e8.<\/p>\n<\/div>\n<\/div>\n<\/div>\n<\/div>\n<\/div>\n<\/div>\n<p>&nbsp;<\/p>\n<p>&nbsp;<\/p>\n<p>&nbsp;<\/p>\n<p>&nbsp;<\/p>\n<hr \/>\n<p>&nbsp;<\/p>\n<blockquote>\n<h3>UN BANDO PER 1634 ALLIEVI FINANZIERI<\/h3>\n<\/blockquote>\n<p>La Guardia di Finanza ha pubblicato il bando di concorso per il reclutamento di 1634 allievi finanzieri per l&#8217;anno 2024. Il concorso si svolger\u00e0 per titoli ed esami.<\/p>\n<p>&nbsp;<\/p>\n<p>&nbsp;<\/p>\n<hr \/>\n<p>&nbsp;<\/p>\n<blockquote>\n<p data-pm-slice=\"1 1 []\"><strong>Concorso per 33 atleti nei gruppi sportivi Fiamme Oro della Polizia di Stato<\/strong><\/p>\n<\/blockquote>\n<p>Sul Portale Unico del reclutamento, all&#8217;indirizzo <a>www.inpa.gov.it<\/a> e sul sito <a>www.poliziadistato.it<\/a>, \u00e8 stato pubblicato il 14 novembre 2024 un bando di concorso pubblico per titoli, finalizzato all&#8217;assunzione di 33 atleti da destinare ai gruppi sportivi \u201cPolizia di Stato \u2013 Fiamme Oro\u201d. Gli atleti selezionati saranno inquadrati nel ruolo degli agenti e assistenti della Polizia di Stato, con qualifica di agente.<\/p>\n<p>&nbsp;<\/p>\n<p>&nbsp;<\/p>\n<hr \/>\n<p>&nbsp;<\/p>\n<blockquote><p><strong><a class=\"dt-pswp-item\" href=\"https:\/\/www.radiopiu.net\/wordpress\/wp-content\/uploads\/2024\/11\/AMICI-MINERARI.png\" data-dt-img-description=\"\" data-large_image_width=\"209\" data-large_image_height=\"174\"><img loading=\"lazy\" decoding=\"async\" class=\"size-full wp-image-419180 alignleft\" src=\"https:\/\/www.radiopiu.net\/wordpress\/wp-content\/uploads\/2024\/11\/AMICI-MINERARI.png\" alt=\"\" width=\"209\" height=\"174\" \/><\/a>&#8220;Con gli Amici dei Minerari: Serate d&#8217;Inverno \u2013 un viaggio tra storia, scienza e meraviglie. Incontri presso la Sala con T\u00e0-Mis. Non mancare!&#8221;<\/strong><\/p>\n<ul>\n<li><em>Venerd\u00ec 20 dicembre, ore 20:30<\/em>: &#8220;La morfogenesi delle frane&#8221; \u2013 Relatore Prof. Vittorio Fenti.<\/li>\n<li><em>Venerd\u00ec 24 gennaio, ore 20:30<\/em>: &#8220;Il meraviglioso mondo dei fossili delle Dolomiti&#8221; \u2013 Relatore Danilo Giordano.<\/li>\n<li><em>Venerd\u00ec 21 febbraio, ore 20:30<\/em>: &#8220;Il traforo del Brennero: studio, progettazione e realizzazione&#8221; \u2013 Relatori Vittorio Fenti e Mario Guadagnini.<\/li>\n<\/ul>\n<p><strong>Vivi la cultura e la passione per la montagna!<\/strong><\/p><\/blockquote>\n<p>&nbsp;<\/p>\n<p>&nbsp;<\/p>\n<hr \/>\n<p>&nbsp;<\/p>\n<blockquote>\n<h3>LA CENA DELLA CLASSE DEL 1953<\/h3>\n<\/blockquote>\n<p><strong>AGORDO<\/strong> Venerd\u00ec 13 dicembre, presso la pizzeria Agordina, si terr\u00e0 una serata conviviale per i nati del 1953. Le iscrizioni sono aperte fino a mercoled\u00ec 11 dicembre presso la pizzeria.<\/p>\n<p>&nbsp;<\/p>\n<p>&nbsp;<\/p>\n<hr \/>\n<p>&nbsp;<\/p>\n<blockquote>\n<h3>GLI ALPINI DI FELTRE ORGANIZZANO UNO SPETTACOLO<\/h3>\n<\/blockquote>\n<p><strong><a class=\"dt-pswp-item\" href=\"https:\/\/www.radiopiu.net\/wordpress\/wp-content\/uploads\/2023\/03\/ALPINI.png\" data-dt-img-description=\"\" data-large_image_width=\"245\" data-large_image_height=\"208\"><img loading=\"lazy\" decoding=\"async\" class=\" wp-image-326487 alignleft\" src=\"https:\/\/www.radiopiu.net\/wordpress\/wp-content\/uploads\/2023\/03\/ALPINI.png\" alt=\"\" width=\"126\" height=\"107\" \/><\/a>FELTRE<\/strong> La Sezione di Feltre degli Alpini organizza sabato 14 dicembre alle 20.30, nell\u2019Auditorium delle Canossiane, una serata natalizia con lo spettacolo \u201cSeguitando la Gran Stela\u201d del trio <em>Na fuoia<\/em>. Il programma celebra le tradizioni musicali natalizie europee, unendo elementi classici, antichi e folk. Il trio, formato da Andrea Da Cort\u00e0, Annachiara Belli e Pina Sabatini, propone un viaggio tra tradizione e modernit\u00e0, valorizzando il patrimonio musicale dolomitico. Durante l\u2019evento, saranno consegnati i premi \u201cLa Penna alpina per la nostra montagna\u201d e \u201cGenerale Giangi Bonzo\u201d a personalit\u00e0 e associazioni distintesi per il contributo alla comunit\u00e0 e alla cultura locale. La serata si concluder\u00e0 con un rinfresco presso la sede della Protezione Civile.<\/p>\n<p>&nbsp;<\/p>\n<p>&nbsp;<\/p>\n<hr \/>\n<p>&nbsp;<\/p>\n<h2><span style=\"color: #ff6600;\">IERI ALLA RADIO\u00a0\u00a0<\/span><\/h2>\n<h2><span style=\"color: #00ccff;\">LA RASSEGNA STAMPA DA L&#8217;AMICO DEL POPOLO<\/span><\/h2>\n<p><strong><a class=\"dt-pswp-item\" href=\"https:\/\/www.radiopiu.net\/wordpress\/wp-content\/uploads\/2020\/03\/AMICO-POPOLOpng.png\" data-dt-img-description=\"\" data-large_image_width=\"225\" data-large_image_height=\"225\"><img loading=\"lazy\" decoding=\"async\" class=\" wp-image-123043 alignleft\" src=\"https:\/\/www.radiopiu.net\/wordpress\/wp-content\/uploads\/2020\/03\/AMICO-POPOLOpng.png\" alt=\"\" width=\"134\" height=\"134\" srcset=\"https:\/\/www.radiopiu.net\/wordpress\/wp-content\/uploads\/2020\/03\/AMICO-POPOLOpng.png 225w, https:\/\/www.radiopiu.net\/wordpress\/wp-content\/uploads\/2020\/03\/AMICO-POPOLOpng-150x150.png 150w\" sizes=\"auto, (max-width: 134px) 100vw, 134px\" \/><\/a>DI GIANNI SANTOMASO<\/strong><\/p>\n<audio class=\"wp-audio-shortcode\" id=\"audio-423476-12\" preload=\"none\" style=\"width: 100%;\" controls=\"controls\"><source type=\"audio\/mpeg\" src=\"https:\/\/www.radiopiu.net\/wordpress\/wp-content\/uploads\/2024\/12\/RASSEGNA-GIANNI.mp3?_=12\" \/><a href=\"https:\/\/www.radiopiu.net\/wordpress\/wp-content\/uploads\/2024\/12\/RASSEGNA-GIANNI.mp3\">https:\/\/www.radiopiu.net\/wordpress\/wp-content\/uploads\/2024\/12\/RASSEGNA-GIANNI.mp3<\/a><\/audio>\n<p>&nbsp;<\/p>\n<h2><span style=\"color: #ff0000;\">DUE MINUTI PER TE<\/span><\/h2>\n<p><strong><a class=\"dt-pswp-item\" href=\"https:\/\/www.radiopiu.net\/wordpress\/wp-content\/uploads\/2020\/12\/DON-GIORGIO-LISE.jpg\" data-dt-img-description=\"\" data-large_image_width=\"1600\" data-large_image_height=\"901\"><img loading=\"lazy\" decoding=\"async\" class=\" wp-image-177420 alignleft\" src=\"https:\/\/www.radiopiu.net\/wordpress\/wp-content\/uploads\/2020\/12\/DON-GIORGIO-LISE-300x169.jpg\" alt=\"\" width=\"224\" height=\"126\" srcset=\"https:\/\/www.radiopiu.net\/wordpress\/wp-content\/uploads\/2020\/12\/DON-GIORGIO-LISE-300x169.jpg 300w, https:\/\/www.radiopiu.net\/wordpress\/wp-content\/uploads\/2020\/12\/DON-GIORGIO-LISE-1024x577.jpg 1024w, https:\/\/www.radiopiu.net\/wordpress\/wp-content\/uploads\/2020\/12\/DON-GIORGIO-LISE-768x432.jpg 768w, https:\/\/www.radiopiu.net\/wordpress\/wp-content\/uploads\/2020\/12\/DON-GIORGIO-LISE-1536x865.jpg 1536w, https:\/\/www.radiopiu.net\/wordpress\/wp-content\/uploads\/2020\/12\/DON-GIORGIO-LISE.jpg 1600w\" sizes=\"auto, (max-width: 224px) 100vw, 224px\" \/><\/a>APPUNTAMENTO DELLA DOMENICA CON IL PENSIERO DI MONSIGNOR GIORGIO LISE<\/strong><\/p>\n<audio class=\"wp-audio-shortcode\" id=\"audio-423476-13\" preload=\"none\" style=\"width: 100%;\" controls=\"controls\"><source type=\"audio\/mpeg\" src=\"https:\/\/www.radiopiu.net\/wordpress\/wp-content\/uploads\/2024\/12\/DON-GIORGIO.mp3?_=13\" \/><a href=\"https:\/\/www.radiopiu.net\/wordpress\/wp-content\/uploads\/2024\/12\/DON-GIORGIO.mp3\">https:\/\/www.radiopiu.net\/wordpress\/wp-content\/uploads\/2024\/12\/DON-GIORGIO.mp3<\/a><\/audio>\n<p>&nbsp;<\/p>\n<hr \/>\n<p>&nbsp;<\/p>\n<blockquote class=\"wp-embedded-content\" data-secret=\"KgT6ZWWFBn\"><p><a href=\"https:\/\/www.radiopiu.net\/wordpress\/piu-siamo-con-marina-dal-2-al-6-dicembre-2024\/\">PIU&#8217; SIAMO CON MARINA&#8230;DAL 2 AL 6 DICEMBRE 2024<\/a><\/p><\/blockquote>\n<p><iframe loading=\"lazy\" class=\"wp-embedded-content\" sandbox=\"allow-scripts\" security=\"restricted\" style=\"position: absolute; visibility: hidden;\" title=\"&#8220;PIU&#8217; SIAMO CON MARINA&#8230;DAL 2 AL 6 DICEMBRE 2024&#8221; &#8212; Radio Pi\u00f9\" src=\"https:\/\/www.radiopiu.net\/wordpress\/piu-siamo-con-marina-dal-2-al-6-dicembre-2024\/embed\/#?secret=vBTBWcor8D#?secret=KgT6ZWWFBn\" data-secret=\"KgT6ZWWFBn\" width=\"600\" height=\"338\" frameborder=\"0\" marginwidth=\"0\" marginheight=\"0\" scrolling=\"no\"><\/iframe><\/p>\n<p>&nbsp;<\/p>\n<hr \/>\n<p>&nbsp;<\/p>\n<h2><span style=\"color: #ff00ff;\">&#8220;NON FARE LO STRUZZO&#8221; UNA SERATA INFORMATIVA IL 19 DICEMBRE ALLA BIBLIOTECA DI AGORDO<\/span><\/h2>\n<p><strong><a class=\"dt-pswp-item\" href=\"https:\/\/www.radiopiu.net\/wordpress\/wp-content\/uploads\/2024\/11\/dd4cdc36-4650-447f-ae9b-9f98a0817bdf.jpg\" data-dt-img-description=\"\" data-large_image_width=\"1131\" data-large_image_height=\"1600\"><img loading=\"lazy\" decoding=\"async\" class=\" wp-image-422181 alignleft\" src=\"https:\/\/www.radiopiu.net\/wordpress\/wp-content\/uploads\/2024\/11\/dd4cdc36-4650-447f-ae9b-9f98a0817bdf-212x300.jpg\" alt=\"\" width=\"127\" height=\"180\" srcset=\"https:\/\/www.radiopiu.net\/wordpress\/wp-content\/uploads\/2024\/11\/dd4cdc36-4650-447f-ae9b-9f98a0817bdf-212x300.jpg 212w, https:\/\/www.radiopiu.net\/wordpress\/wp-content\/uploads\/2024\/11\/dd4cdc36-4650-447f-ae9b-9f98a0817bdf-724x1024.jpg 724w, https:\/\/www.radiopiu.net\/wordpress\/wp-content\/uploads\/2024\/11\/dd4cdc36-4650-447f-ae9b-9f98a0817bdf-768x1086.jpg 768w, https:\/\/www.radiopiu.net\/wordpress\/wp-content\/uploads\/2024\/11\/dd4cdc36-4650-447f-ae9b-9f98a0817bdf-1086x1536.jpg 1086w, https:\/\/www.radiopiu.net\/wordpress\/wp-content\/uploads\/2024\/11\/dd4cdc36-4650-447f-ae9b-9f98a0817bdf.jpg 1131w\" sizes=\"auto, (max-width: 127px) 100vw, 127px\" \/><\/a>DI MIRKO MEZZACASA<\/strong><\/p>\n<p>OSPITI: Giuliano Federa e Roberto Agnolet<\/p>\n<audio class=\"wp-audio-shortcode\" id=\"audio-423476-14\" preload=\"none\" style=\"width: 100%;\" controls=\"controls\"><source type=\"audio\/mpeg\" src=\"https:\/\/www.radiopiu.net\/wordpress\/wp-content\/uploads\/2024\/12\/giuliano-e-roberto-ok.mp3?_=14\" \/><a href=\"https:\/\/www.radiopiu.net\/wordpress\/wp-content\/uploads\/2024\/12\/giuliano-e-roberto-ok.mp3\">https:\/\/www.radiopiu.net\/wordpress\/wp-content\/uploads\/2024\/12\/giuliano-e-roberto-ok.mp3<\/a><\/audio>\n<p>&nbsp;<\/p>\n<p>&nbsp;<\/p>\n<hr \/>\n<p>&nbsp;<\/p>\n<h2><span style=\"color: #ff0000;\"><strong>LE STRAORDINARIE INTUIZIONI DI MONS. GIOVANNI NERVO&#8230;DI FRANCO PIACENTINI<\/strong><\/span><\/h2>\n<p><em>Il 13 dicembre 2024<\/em> \u00e8 la giornata che ricorda la nascita di Mons. Giovanni Nervo. Rileggendo il suo libro: \u201cGemme di Carit\u00e0 e Giustizia\u201d, in particolare soffermandomi su tre delle pi\u00f9 significative opinioni del compianto \u201cmaestro di valori\u201d, rilevo la loro straordinaria attualit\u00e0. Tra il 1996 e il 2008 scrisse delle riflessioni sui temi dell\u2019accoglienza, della pace e del volontariato. Ripercorrendo quelle intuizioni, la politica di oggi, intesa come sede decisionale di democratico governo e di confronto costruttivo, potrebbe benissimo attuare scelte condivise e strumenti di concertazione per far prevalere in Italia i valori della Costituzione. In sintesi, alcuni passaggi delle \u201cgemme costituzionali\u201d di mons. Giovanni Nervo.<\/p>\n<p>1) <strong>Accoglienza<\/strong>: \u201c\u2026Non possiamo lasciar venire chi vuole, come vuole, e abbandonare poi gli immigrati e la popolazione ad arrangiarsi nel risolvere i problemi del lavoro, dell\u2019abitazione, dei servizi, dell\u2019ordine pubblico. Questo \u00e8 il modo di favorire il rifiuto, l\u2019intolleranza e il razzismo. A livello locale tutte le agenzie educative (famiglia, scuola, chiesa, associazioni) devono promuovere l\u2019educazione a una civile convivenza e gli enti locali devono favorire questa azione &#8230;\u201d<\/p>\n<p>2) <strong>Pace<\/strong>: \u201c\u2026In realt\u00e0 la guerra nasce nel cuore dell\u2019uomo e anche nelle famiglie e nelle piccole comunit\u00e0 si combattono piccole guerre che distruggono la pace e vengono poste e coltivate ingiustizie che alimentano la cultura della violenza e della guerra. Perci\u00f2, se vogliamo educare realmente alla pace, \u00e8 necessario che individuiamo e risolviamo i conflitti che possono esistere anche all\u2019interno delle comunit\u00e0 &#8230;\u201d<\/p>\n<p>3) <strong>Volontariato<\/strong>: \u201c\u2026Quale futuro avr\u00e0 il volontariato? Avr\u00e0 un futuro? Avr\u00e0 certamente sempre un futuro \u201cconsolatorio\u201d, perch\u00e9 ci saranno sempre cuori spezzati\u2026 Ma nel contesto attuale \u00e8 sufficiente da solo? Non c\u2019\u00e8 il pericolo che chi \u00e8 responsabile delle istituzioni veda il volontariato anche come ammortizzatore sociale di una cattiva o insufficiente organizzazione sociale nel campo della giustizia? Non c\u2019\u00e8 il pericolo di una strumentalizzazione pi\u00f9 o meno consapevole del volontariato e un\u2019involuzione e spesso inconsapevole connivenza con vere e proprie sopraffazioni delle persone e della loro dignit\u00e0 e dei loro diritti? In senso pi\u00f9 generale, ci si pu\u00f2 porre la domanda: perch\u00e9 il mondo economico, finanziario e politico (ad esempio le fondazioni bancarie) dimostra tanto interesse per il volontariato, quando il volontariato si interessa proprio delle situazioni di emarginazione che spesso sono prodotte dal sistema economico, anche a causa del disimpegno del mondo politico, che dovrebbe garantire uguaglianza e giustizia? \u2026 Perch\u00e9 il volontariato possa giungere ad esercitare un\u2019influenza significativa sulle politiche socioeconomiche a tutela dei diritti delle fasce di cittadini emarginati, deve riuscire a realizzare alcune condizioni: 1. Deve essere unito (\u2026) 2. Deve essere formato e qualificato (\u2026) 3. Deve essere preparato politicamente (\u2026) 4. Deve essere libero dai condizionamenti (&#8230;)\u00a0\u00a0 5. Deve stabilire alleanze per concretizzare gli obiettivi di solidariet\u00e0 (\u2026).<\/p>\n<p>\u201cGemme di Carit\u00e0 e di Giustizia\u201d, non \u00e8 solo un libro da leggere, nel ringraziamento a Mons Giovanni Nervo, ma anche un importante testo di riferimento per la programmazione e la realizzazione di azioni di solidariet\u00e0, di sussidiariet\u00e0 e, soprattutto oggi, di Pace.<\/p>\n<p>&nbsp;<\/p>\n<p>&nbsp;<\/p>\n<hr \/>\n<p>&nbsp;<\/p>\n<h2><span style=\"color: #ff0000;\"><a class=\"dt-pswp-item\" href=\"https:\/\/www.radiopiu.net\/wordpress\/wp-content\/uploads\/2018\/09\/appuntamenti.jpeg\" data-dt-img-description=\"\" data-large_image_width=\"800\" data-large_image_height=\"100\"><img loading=\"lazy\" decoding=\"async\" class=\"wp-image-61958 size-full aligncenter\" src=\"https:\/\/www.radiopiu.net\/wordpress\/wp-content\/uploads\/2018\/09\/appuntamenti.jpeg\" alt=\"\" width=\"800\" height=\"100\" srcset=\"https:\/\/www.radiopiu.net\/wordpress\/wp-content\/uploads\/2018\/09\/appuntamenti.jpeg 800w, https:\/\/www.radiopiu.net\/wordpress\/wp-content\/uploads\/2018\/09\/appuntamenti-300x38.jpeg 300w, https:\/\/www.radiopiu.net\/wordpress\/wp-content\/uploads\/2018\/09\/appuntamenti-768x96.jpeg 768w\" sizes=\"auto, (max-width: 800px) 100vw, 800px\" \/><\/a><\/span><\/h2>\n<div dir=\"auto\"><\/div>\n<div class=\"xdj266r x11i5rnm xat24cr x1mh8g0r x1vvkbs x126k92a\">\n<div dir=\"auto\">\n<p><a class=\"dt-pswp-item\" href=\"https:\/\/www.radiopiu.net\/wordpress\/wp-content\/uploads\/2024\/12\/3f038d39-ee87-4c93-9050-475062fdedc2.jpg\" data-dt-img-description=\"\" data-large_image_width=\"1167\" data-large_image_height=\"1630\"><img loading=\"lazy\" decoding=\"async\" class=\" wp-image-422980 alignleft\" src=\"https:\/\/www.radiopiu.net\/wordpress\/wp-content\/uploads\/2024\/12\/3f038d39-ee87-4c93-9050-475062fdedc2-215x300.jpg\" alt=\"\" width=\"110\" height=\"153\" srcset=\"https:\/\/www.radiopiu.net\/wordpress\/wp-content\/uploads\/2024\/12\/3f038d39-ee87-4c93-9050-475062fdedc2-215x300.jpg 215w, https:\/\/www.radiopiu.net\/wordpress\/wp-content\/uploads\/2024\/12\/3f038d39-ee87-4c93-9050-475062fdedc2-733x1024.jpg 733w, https:\/\/www.radiopiu.net\/wordpress\/wp-content\/uploads\/2024\/12\/3f038d39-ee87-4c93-9050-475062fdedc2-768x1073.jpg 768w, https:\/\/www.radiopiu.net\/wordpress\/wp-content\/uploads\/2024\/12\/3f038d39-ee87-4c93-9050-475062fdedc2-1100x1536.jpg 1100w, https:\/\/www.radiopiu.net\/wordpress\/wp-content\/uploads\/2024\/12\/3f038d39-ee87-4c93-9050-475062fdedc2.jpg 1167w\" sizes=\"auto, (max-width: 110px) 100vw, 110px\" \/><\/a>Il comprensorio sciistico di Alleghe ti invita alla festa di apertura della stagione invernale 2024 \/ 2025. Domenica 15 dicembre dalle 10:00 alle 18:00 sulla terrazza della Grande Baita civetta, ci saranno in consolle RDJ, Johnny DJ e DJ Jack e special guest: Monica Morgan ! Cabinovia aperta durante tutta la durata dell\u2019evento e servizio navetta garantito da Taxi Thomas Tutte le info sulle pagine social della Grande Baita Civetta. Inizia con noi la stagione al meglio! Voglio solo questo mega party sulla neve!<\/p>\n<\/div>\n<div dir=\"auto\"><\/div>\n<div dir=\"auto\"><\/div>\n<\/div>\n<p>&nbsp;<\/p>\n<p>&nbsp;<\/p>\n<p><strong>SABATO E DOMENICA AL CINEMA DOLOMITI DI FALCADE IL FILM &#8220;IL GLADIATORE 2&#8221; SPETTACOLI ALLE 21, DOMENICA ANCHE ALLE 15:30<\/strong><\/p>\n<div class=\"flex-shrink-0 flex flex-col relative items-end\">\n<div class=\"pt-0\">\n<div class=\"gizmo-bot-avatar flex h-8 w-8 items-center justify-center overflow-hidden rounded-full\">\n<p class=\"relative p-1 rounded-sm flex items-center justify-center bg-token-main-surface-primary text-token-text-primary h-8 w-8\">\n<\/div>\n<\/div>\n<\/div>\n<div>\n<div class=\"\" dir=\"auto\">\n<div id=\":r9h:\" class=\"x1iorvi4 x1pi30zi x1l90r2v x1swvt13\" data-ad-comet-preview=\"message\" data-ad-preview=\"message\">\n<div>\n<div class=\"\" dir=\"auto\">\n<div id=\":r9h:\" class=\"x1iorvi4 x1pi30zi x1l90r2v x1swvt13\" data-ad-comet-preview=\"message\" data-ad-preview=\"message\">\n\n\t\t\t<style type='text\/css'>\n\t\t\t\t#gallery-13 {\n\t\t\t\t\tmargin: auto;\n\t\t\t\t}\n\t\t\t\t#gallery-13 .gallery-item {\n\t\t\t\t\tfloat: left;\n\t\t\t\t\tmargin-top: 10px;\n\t\t\t\t\ttext-align: center;\n\t\t\t\t\twidth: 25%;\n\t\t\t\t}\n\t\t\t\t#gallery-13 img {\n\t\t\t\t\tborder: 2px solid #cfcfcf;\n\t\t\t\t}\n\t\t\t\t#gallery-13 .gallery-caption {\n\t\t\t\t\tmargin-left: 0;\n\t\t\t\t}\n\t\t\t\t\/* see gallery_shortcode() in wp-includes\/media.php *\/\n\t\t\t<\/style>\n\t\t<div id='gallery-13' class='dt-gallery-container gallery galleryid-423476 gallery-columns-4 gallery-size-thumbnail'><dl class='gallery-item'>\n\t\t\t\t<dt class='gallery-icon portrait'>\n\t\t\t\t\t<a class=\"rollover rollover-zoom dt-pswp-item\" title=\"edcd2685-50c9-429e-8d38-8fdc6bd52fb6\" data-dt-img-description=\"\" data-large_image_width=\"1131\" data-large_image_height=\"1600\"href='https:\/\/www.radiopiu.net\/wordpress\/wp-content\/uploads\/2024\/12\/edcd2685-50c9-429e-8d38-8fdc6bd52fb6-1.jpg'><img loading=\"lazy\" decoding=\"async\" width=\"150\" height=\"150\" src=\"https:\/\/www.radiopiu.net\/wordpress\/wp-content\/uploads\/2024\/12\/edcd2685-50c9-429e-8d38-8fdc6bd52fb6-1-150x150.jpg\" class=\"attachment-thumbnail size-thumbnail\" alt=\"\" aria-describedby=\"gallery-13-423010\" \/><\/a>\n\t\t\t\t<\/dt>\n\t\t\t\t\t<dd class='wp-caption-text gallery-caption' id='gallery-13-423010'>\n\t\t\t\t\tA SAN TOMASO CON ORTI RUPESTRI\n\t\t\t\t\t<\/dd><\/dl><dl class='gallery-item'>\n\t\t\t\t<dt class='gallery-icon portrait'>\n\t\t\t\t\t<a class=\"rollover rollover-zoom dt-pswp-item\" title=\"manifesto serate invernali\" data-dt-img-description=\"\" data-large_image_width=\"1683\" data-large_image_height=\"2383\"href='https:\/\/www.radiopiu.net\/wordpress\/wp-content\/uploads\/2024\/11\/manifesto-serate-invernali.jpg'><img loading=\"lazy\" decoding=\"async\" width=\"150\" height=\"150\" src=\"https:\/\/www.radiopiu.net\/wordpress\/wp-content\/uploads\/2024\/11\/manifesto-serate-invernali-150x150.jpg\" class=\"attachment-thumbnail size-thumbnail\" alt=\"\" aria-describedby=\"gallery-13-418816\" \/><\/a>\n\t\t\t\t<\/dt>\n\t\t\t\t\t<dd class='wp-caption-text gallery-caption' id='gallery-13-418816'>\n\t\t\t\t\t21 FEBBRAIO\n\t\t\t\t\t<\/dd><\/dl><dl class='gallery-item'>\n\t\t\t\t<dt class='gallery-icon portrait'>\n\t\t\t\t\t<a class=\"rollover rollover-zoom dt-pswp-item\" title=\"13dic24-Locandina-Paola Faraon\" data-dt-img-description=\"\" data-large_image_width=\"1241\" data-large_image_height=\"1755\"href='https:\/\/www.radiopiu.net\/wordpress\/wp-content\/uploads\/2024\/11\/13dic24-Locandina-Paola-Faraon.jpg'><img loading=\"lazy\" decoding=\"async\" width=\"150\" height=\"150\" src=\"https:\/\/www.radiopiu.net\/wordpress\/wp-content\/uploads\/2024\/11\/13dic24-Locandina-Paola-Faraon-150x150.jpg\" class=\"attachment-thumbnail size-thumbnail\" alt=\"\" aria-describedby=\"gallery-13-422316\" \/><\/a>\n\t\t\t\t<\/dt>\n\t\t\t\t\t<dd class='wp-caption-text gallery-caption' id='gallery-13-422316'>\n\t\t\t\t\tLA PRESENTAZIONE DEL LIBRO DI PAOLA FARAONI\n\t\t\t\t\t<\/dd><\/dl><dl class='gallery-item'>\n\t\t\t\t<dt class='gallery-icon portrait'>\n\t\t\t\t\t<a class=\"rollover rollover-zoom dt-pswp-item\" title=\"locandina Insieme e\u0300 piu\u0300 bello\" data-dt-img-description=\"\" data-large_image_width=\"1131\" data-large_image_height=\"1600\"href='https:\/\/www.radiopiu.net\/wordpress\/wp-content\/uploads\/2024\/11\/locandina-Insieme-e-piu-bello.jpg'><img loading=\"lazy\" decoding=\"async\" width=\"150\" height=\"150\" src=\"https:\/\/www.radiopiu.net\/wordpress\/wp-content\/uploads\/2024\/11\/locandina-Insieme-e-piu-bello-150x150.jpg\" class=\"attachment-thumbnail size-thumbnail\" alt=\"\" aria-describedby=\"gallery-13-421314\" \/><\/a>\n\t\t\t\t<\/dt>\n\t\t\t\t\t<dd class='wp-caption-text gallery-caption' id='gallery-13-421314'>\n\t\t\t\t\tINSIEME A SAN GREGORIO\n\t\t\t\t\t<\/dd><\/dl><br style=\"clear: both\" \/><dl class='gallery-item'>\n\t\t\t\t<dt class='gallery-icon portrait'>\n\t\t\t\t\t<a class=\"rollover rollover-zoom dt-pswp-item\" title=\"RIVA NADAL 2024\" data-dt-img-description=\"\" data-large_image_width=\"841\" data-large_image_height=\"1190\"href='https:\/\/www.radiopiu.net\/wordpress\/wp-content\/uploads\/2024\/12\/RIVA-NADAL-2024.jpg'><img loading=\"lazy\" decoding=\"async\" width=\"150\" height=\"150\" src=\"https:\/\/www.radiopiu.net\/wordpress\/wp-content\/uploads\/2024\/12\/RIVA-NADAL-2024-150x150.jpg\" class=\"attachment-thumbnail size-thumbnail\" alt=\"\" aria-describedby=\"gallery-13-422752\" \/><\/a>\n\t\t\t\t<\/dt>\n\t\t\t\t\t<dd class='wp-caption-text gallery-caption' id='gallery-13-422752'>\n\t\t\t\t\tRIVA NADAL\n\t\t\t\t\t<\/dd><\/dl><dl class='gallery-item'>\n\t\t\t\t<dt class='gallery-icon portrait'>\n\t\t\t\t\t<a class=\"rollover rollover-zoom dt-pswp-item\" title=\"5e3e89da-4412-40a9-8ff6-75c82d608467\" data-dt-img-description=\"\" data-large_image_width=\"945\" data-large_image_height=\"2048\"href='https:\/\/www.radiopiu.net\/wordpress\/wp-content\/uploads\/2024\/12\/5e3e89da-4412-40a9-8ff6-75c82d608467.jpg'><img loading=\"lazy\" decoding=\"async\" width=\"150\" height=\"150\" src=\"https:\/\/www.radiopiu.net\/wordpress\/wp-content\/uploads\/2024\/12\/5e3e89da-4412-40a9-8ff6-75c82d608467-150x150.jpg\" class=\"attachment-thumbnail size-thumbnail\" alt=\"\" aria-describedby=\"gallery-13-422979\" \/><\/a>\n\t\t\t\t<\/dt>\n\t\t\t\t\t<dd class='wp-caption-text gallery-caption' id='gallery-13-422979'>\n\t\t\t\t\tAD ALLEGHE IL 15\n\t\t\t\t\t<\/dd><\/dl><dl class='gallery-item'>\n\t\t\t\t<dt class='gallery-icon portrait'>\n\t\t\t\t\t<a class=\"rollover rollover-zoom dt-pswp-item\" title=\"1b3e7006-c41c-47f5-80c5-9045a4148fb7\" data-dt-img-description=\"\" data-large_image_width=\"1414\" data-large_image_height=\"2000\"href='https:\/\/www.radiopiu.net\/wordpress\/wp-content\/uploads\/2024\/12\/1b3e7006-c41c-47f5-80c5-9045a4148fb7.jpg'><img loading=\"lazy\" decoding=\"async\" width=\"150\" height=\"150\" src=\"https:\/\/www.radiopiu.net\/wordpress\/wp-content\/uploads\/2024\/12\/1b3e7006-c41c-47f5-80c5-9045a4148fb7-150x150.jpg\" class=\"attachment-thumbnail size-thumbnail\" alt=\"\" \/><\/a>\n\t\t\t\t<\/dt><\/dl><dl class='gallery-item'>\n\t\t\t\t<dt class='gallery-icon landscape'>\n\t\t\t\t\t<a class=\"rollover rollover-zoom dt-pswp-item\" title=\"tornao angeli 2024\" data-dt-img-description=\"\" data-large_image_width=\"941\" data-large_image_height=\"551\"href='https:\/\/www.radiopiu.net\/wordpress\/wp-content\/uploads\/2024\/12\/tornao-angeli-2024.jpg'><img loading=\"lazy\" decoding=\"async\" width=\"150\" height=\"150\" src=\"https:\/\/www.radiopiu.net\/wordpress\/wp-content\/uploads\/2024\/12\/tornao-angeli-2024-150x150.jpg\" class=\"attachment-thumbnail size-thumbnail\" alt=\"\" aria-describedby=\"gallery-13-422943\" \/><\/a>\n\t\t\t\t<\/dt>\n\t\t\t\t\t<dd class='wp-caption-text gallery-caption' id='gallery-13-422943'>\n\t\t\t\t\tIL TORNEO DEGLI ANGELI\n\t\t\t\t\t<\/dd><\/dl><br style=\"clear: both\" \/><dl class='gallery-item'>\n\t\t\t\t<dt class='gallery-icon portrait'>\n\t\t\t\t\t<a class=\"rollover rollover-zoom dt-pswp-item\" title=\"0073db61-77c4-47e3-8986-5b9d5f40fa8a\" data-dt-img-description=\"\" data-large_image_width=\"1448\" data-large_image_height=\"2048\"href='https:\/\/www.radiopiu.net\/wordpress\/wp-content\/uploads\/2024\/12\/0073db61-77c4-47e3-8986-5b9d5f40fa8a.jpg'><img loading=\"lazy\" decoding=\"async\" width=\"150\" height=\"150\" src=\"https:\/\/www.radiopiu.net\/wordpress\/wp-content\/uploads\/2024\/12\/0073db61-77c4-47e3-8986-5b9d5f40fa8a-150x150.jpg\" class=\"attachment-thumbnail size-thumbnail\" alt=\"\" aria-describedby=\"gallery-13-422994\" \/><\/a>\n\t\t\t\t<\/dt>\n\t\t\t\t\t<dd class='wp-caption-text gallery-caption' id='gallery-13-422994'>\n\t\t\t\t\tNATALE A LA VALLE\n\t\t\t\t\t<\/dd><\/dl><dl class='gallery-item'>\n\t\t\t\t<dt class='gallery-icon portrait'>\n\t\t\t\t\t<a class=\"rollover rollover-zoom dt-pswp-item\" title=\"cc14bd66-7d3b-4192-aabf-82af02057496\" data-dt-img-description=\"\" data-large_image_width=\"1448\" data-large_image_height=\"2048\"href='https:\/\/www.radiopiu.net\/wordpress\/wp-content\/uploads\/2024\/12\/cc14bd66-7d3b-4192-aabf-82af02057496.jpg'><img loading=\"lazy\" decoding=\"async\" width=\"150\" height=\"150\" src=\"https:\/\/www.radiopiu.net\/wordpress\/wp-content\/uploads\/2024\/12\/cc14bd66-7d3b-4192-aabf-82af02057496-150x150.jpg\" class=\"attachment-thumbnail size-thumbnail\" alt=\"\" aria-describedby=\"gallery-13-422993\" \/><\/a>\n\t\t\t\t<\/dt>\n\t\t\t\t\t<dd class='wp-caption-text gallery-caption' id='gallery-13-422993'>\n\t\t\t\t\tNATALE A LA VALLE\n\t\t\t\t\t<\/dd><\/dl><dl class='gallery-item'>\n\t\t\t\t<dt class='gallery-icon portrait'>\n\t\t\t\t\t<a class=\"rollover rollover-zoom dt-pswp-item\" title=\"fb36ecbd-3d1d-4d23-a922-2e124eec4a43\" data-dt-img-description=\"\" data-large_image_width=\"720\" data-large_image_height=\"1015\"href='https:\/\/www.radiopiu.net\/wordpress\/wp-content\/uploads\/2024\/12\/fb36ecbd-3d1d-4d23-a922-2e124eec4a43.jpg'><img loading=\"lazy\" decoding=\"async\" width=\"150\" height=\"150\" src=\"https:\/\/www.radiopiu.net\/wordpress\/wp-content\/uploads\/2024\/12\/fb36ecbd-3d1d-4d23-a922-2e124eec4a43-150x150.jpg\" class=\"attachment-thumbnail size-thumbnail\" alt=\"\" aria-describedby=\"gallery-13-423155\" \/><\/a>\n\t\t\t\t<\/dt>\n\t\t\t\t\t<dd class='wp-caption-text gallery-caption' id='gallery-13-423155'>\n\t\t\t\t\t13 dicembre al BUZZATI\n\t\t\t\t\t<\/dd><\/dl><dl class='gallery-item'>\n\t\t\t\t<dt class='gallery-icon portrait'>\n\t\t\t\t\t<a class=\"rollover rollover-zoom dt-pswp-item\" title=\"nave1\" data-dt-img-description=\"\" data-large_image_width=\"1080\" data-large_image_height=\"1920\"href='https:\/\/www.radiopiu.net\/wordpress\/wp-content\/uploads\/2024\/12\/nave1.jpg'><img loading=\"lazy\" decoding=\"async\" width=\"150\" height=\"150\" src=\"https:\/\/www.radiopiu.net\/wordpress\/wp-content\/uploads\/2024\/12\/nave1-150x150.jpg\" class=\"attachment-thumbnail size-thumbnail\" alt=\"\" aria-describedby=\"gallery-13-423319\" \/><\/a>\n\t\t\t\t<\/dt>\n\t\t\t\t\t<dd class='wp-caption-text gallery-caption' id='gallery-13-423319'>\n\t\t\t\t\tAL TEATRO DI BELLUNO\n\t\t\t\t\t<\/dd><\/dl><br style=\"clear: both\" \/>\n\t\t\t<\/div>\n\n<\/div>\n<\/div>\n<\/div>\n<p>&nbsp;<\/p>\n<\/div>\n<\/div>\n<\/div>\n<p>&nbsp;<\/p>\n<p>&nbsp;<\/p>\n<div>\n<div class=\"\" dir=\"auto\">\n<div id=\":r9h:\" class=\"x1iorvi4 x1pi30zi x1l90r2v x1swvt13\" data-ad-comet-preview=\"message\" data-ad-preview=\"message\"><\/div>\n<\/div>\n<\/div>\n<p>&nbsp;<\/p>\n<hr \/>\n<p>&nbsp;<\/p>\n<p class=\"mceTemp\"><a class=\"dt-pswp-item\" href=\"https:\/\/www.radiopiu.net\/wordpress\/wp-content\/uploads\/2018\/09\/WhatsApp-Image-2018-09-20-at-16.04.06.jpeg\" data-dt-img-description=\"\" data-large_image_width=\"800\" data-large_image_height=\"100\"><img loading=\"lazy\" decoding=\"async\" class=\"wp-image-61378 size-full aligncenter\" src=\"https:\/\/www.radiopiu.net\/wordpress\/wp-content\/uploads\/2018\/09\/WhatsApp-Image-2018-09-20-at-16.04.06.jpeg\" alt=\"\" width=\"800\" height=\"100\" srcset=\"https:\/\/www.radiopiu.net\/wordpress\/wp-content\/uploads\/2018\/09\/WhatsApp-Image-2018-09-20-at-16.04.06.jpeg 800w, https:\/\/www.radiopiu.net\/wordpress\/wp-content\/uploads\/2018\/09\/WhatsApp-Image-2018-09-20-at-16.04.06-300x38.jpeg 300w, https:\/\/www.radiopiu.net\/wordpress\/wp-content\/uploads\/2018\/09\/WhatsApp-Image-2018-09-20-at-16.04.06-768x96.jpeg 768w\" sizes=\"auto, (max-width: 800px) 100vw, 800px\" \/><\/a><\/p>\n<p><center><\/center><center><\/center><center><b>\u00a0<\/b><\/center><center><b>OGGI<\/b><\/center>Cielo per lo pi\u00f9 nuvoloso o molto nuvoloso, con qualche schiarita al pomeriggio, con fenomeni di poco conto o localmente anche assenti. Contesto termico invernale a tutte le quote.<br \/>\n<b>Precipitazioni: <\/b>Deboli o debolissime sparse, pi\u00f9 probabili al mattino, con eventuali accumuli irrisori, eventualmente nevose attorno ai 900\/1200 m, perlopi\u00f9 assenti al pomeriggio.<br \/>\n<b>Temperature: <\/b>Minime in calo nelle valli raggiunte alla sera, stazionarie in quota; massime in lieve aumento nelle valli, stazionarie in quota.<\/p>\n<hr \/>\n<p><center><b>DOMANI<\/b><\/center>Tempo abbastanza soleggiato, con ampie schiarite soprattutto al pomeriggio e residua nuvolosit\u00e0 al mattino; non escluso qualche banco di nubi basse o nebbie nelle valli nelle ore pi\u00f9 fredde. Ventilazione in sensibile attenuazione a tutte le quote.<br \/>\n<b>Precipitazioni: <\/b>Assenti<br \/>\n<b>Temperature: <\/b>Senza variazioni di rilievo o in lieve aumento le massime in caso di prolungato soleggiamento.<\/p>\n<hr \/>\n<p><center><b>MERCOLEDI<\/b><\/center>Tempo perlopi\u00f9 soleggiato, con cielo sereno o poco nuvoloso, eccetto qualche possibile nube bassa o nebbia nelle ore pi\u00f9 fredde e qualche nube alta al pomeriggio\/sera. Contesto termico freddo al mattino con estese gelate ovunque, di stampo invernale anche di giorno.<\/p>\n<hr \/>\n<p><center><b>GIOVEDI<\/b><\/center>Tempo soleggiato con cielo perlopi\u00f9 sereno. Freddo al mattino con estese gelate, con persistenza di freddo diurno nelle aree in ombra.<\/p>\n<p>&nbsp;<\/p>\n<p>&nbsp;<\/p>\n<hr \/>\n<p>&nbsp;<\/p>\n<p>&nbsp;<\/p>\n<p class=\"mceTemp\"><a class=\"dt-pswp-item\" href=\"https:\/\/www.radiopiu.net\/wordpress\/wp-content\/uploads\/2018\/09\/sport.jpg\" data-dt-img-description=\"\" data-large_image_width=\"800\" data-large_image_height=\"100\"><img loading=\"lazy\" decoding=\"async\" class=\"aligncenter wp-image-60761 size-full\" src=\"https:\/\/www.radiopiu.net\/wordpress\/wp-content\/uploads\/2018\/09\/sport.jpg\" alt=\"\" width=\"800\" height=\"100\" srcset=\"https:\/\/www.radiopiu.net\/wordpress\/wp-content\/uploads\/2018\/09\/sport.jpg 800w, https:\/\/www.radiopiu.net\/wordpress\/wp-content\/uploads\/2018\/09\/sport-300x38.jpg 300w, https:\/\/www.radiopiu.net\/wordpress\/wp-content\/uploads\/2018\/09\/sport-768x96.jpg 768w\" sizes=\"auto, (max-width: 800px) 100vw, 800px\" \/><\/a><span style=\"color: #0000ff;\"><strong>\u00a0 \u00a0 \u00a0 \u00a0 \u00a0 \u00a0 \u00a0\u00a0<\/strong><\/span><\/p>\n<p><span style=\"color: #0000ff;\"><strong>HOCKEY\u00a0<\/strong><\/span><\/p>\n<blockquote>\n<h3>SCONFITTA A TESTA ALTA PER L&#8217;ALLEGHE. IL FELTRE VINCE A TORRE PELLICE<\/h3>\n<\/blockquote>\n<p><strong>DI MARCO GAZ<\/strong><\/p>\n<p><span style=\"color: #ff0000;\"><strong>IHL \u2013 20\u00b0 GIORNATA<\/strong><\/span><\/p>\n<p><strong>ALLEGHE \u2013 AOSTA 4-5 dot<\/strong><\/p>\n<p>PARZIALI: 2-2, 0-2, 2-0, 0-1<\/p>\n<p>GOL: pt. 1\u201912\u201d E. De Toni, 6\u201902\u201d Moberg, 9\u201918\u201d Soppelsa, 10\u201917\u201d Moucka. st.7\u201927\u201d e 9\u201931\u201d Nardella. tt. 17\u201951\u201d Fontanive, 18\u201942\u201d Iori. ot. 0\u201942\u201d Nardella<\/p>\n<p>Cuore e voglia di fare bene non sono bastati all\u2019Alleghe che esce sconfitto all\u2019overtime dal match con l\u2019Aosta. Un punto importante per civette contro una delle squadre pi\u00f9 forti del campionato. I valdostani espugnano il De Toni dopo una partita dalle tre facce con un primo tempo giocato alla pari, secondo drittel influnzato da alcune decisioni arbitrali che hanno favorito gli ospiti e terza frazione con gli alleghesi che hanno tirato fuori le unghie al momento giusto. Ora qualche giorno di riposo e gioved\u00ec di nuovo in campo con i biancorossi in trasferta contro il Dobbiaco. Basta un giro di orologio e l\u2019Aosta si porta in vantaggio con l\u2019ex alleghese Edgar De Toni. Un colpo a freddo per l\u2019Alleghe che per\u00f2 non demorde e prova subito a raddrizzare la sfida. A pareggiare i conti ci pensa Moberg, abile a deviare il puck in fondo al sacco. Le civette si caricano e al primo powerplay a favore si portano in vantaggio con una bella conclusione di Soppelsa. Valdostani che pareggiano subito i conti approfittando di un errore in fase difensiva dei padroni di casa. Gli ospiti sembrano essere in forma ma Scola \u00e8 attento e salva il risultato. Nel finale di tempo gli agordini sfiorano la terza rete. Nel secondo drittel l\u2019Aosta sembra essere pi\u00f9 in forma e si avvicina al gol in varie occasioni. Dopo un buon momento dei padroni di casa, i valdostani sfruttano una superiorit\u00e0 numerica per portarsi in vantaggio con un tiro di Nardella che si infila sotto la traversa. Lo stesso Nardella cala il poker 2\u2019 dopo. Match che si innervosisce e arbitri che faticano a tenere la calma, anche con decisioni discutibili. Ad inizio terzo tempo le civette non sfruttano un powerplay. Gli alleghesi sembrano stanchi e l\u2019Aosta si chiude in difesa. Stenta l\u2019Alleghe ad impensierire l\u2019avversario e le azioni da segnalare stentano ad arrivare. A riaprire la gara ci pensa Nicol\u00f2 Fontanive che, appena rientrato dalla panca puniti, trova la difesa avversaria impreparata e va a colpo sicuro. Nel finale di gara gli agordini sfruttano una superiorit\u00e0 numerica con Iori che pareggia i conti. Si va all\u2019overtime e Nardella sigla la terza rete personale consegnando il punto aggiuntivo ai valdostani. A fine partita i giocatori dell&#8217;Alleghe e la societ\u00e0 hanno voluto lanciare un messaggio alla famiglia di Christian Selle posando con uno striscione dedicato.<\/p>\n<p><strong>LE FOTO DI MATTHIAS LEVIS<\/strong><\/p>\n\n\t\t\t<style type='text\/css'>\n\t\t\t\t#gallery-14 {\n\t\t\t\t\tmargin: auto;\n\t\t\t\t}\n\t\t\t\t#gallery-14 .gallery-item {\n\t\t\t\t\tfloat: left;\n\t\t\t\t\tmargin-top: 10px;\n\t\t\t\t\ttext-align: center;\n\t\t\t\t\twidth: 25%;\n\t\t\t\t}\n\t\t\t\t#gallery-14 img {\n\t\t\t\t\tborder: 2px solid #cfcfcf;\n\t\t\t\t}\n\t\t\t\t#gallery-14 .gallery-caption {\n\t\t\t\t\tmargin-left: 0;\n\t\t\t\t}\n\t\t\t\t\/* see gallery_shortcode() in wp-includes\/media.php *\/\n\t\t\t<\/style>\n\t\t<div id='gallery-14' class='dt-gallery-container gallery galleryid-423476 gallery-columns-4 gallery-size-thumbnail'><dl class='gallery-item'>\n\t\t\t\t<dt class='gallery-icon landscape'>\n\t\t\t\t\t<a class=\"rollover rollover-zoom dt-pswp-item\" title=\"c858e578-3b99-4308-ba8a-f89f6d47d694\" data-dt-img-description=\"\" data-large_image_width=\"2048\" data-large_image_height=\"1536\"href='https:\/\/www.radiopiu.net\/wordpress\/wp-content\/uploads\/2024\/12\/c858e578-3b99-4308-ba8a-f89f6d47d694.jpg'><img loading=\"lazy\" decoding=\"async\" width=\"150\" height=\"150\" src=\"https:\/\/www.radiopiu.net\/wordpress\/wp-content\/uploads\/2024\/12\/c858e578-3b99-4308-ba8a-f89f6d47d694-150x150.jpg\" class=\"attachment-thumbnail size-thumbnail\" alt=\"\" aria-describedby=\"gallery-14-423601\" \/><\/a>\n\t\t\t\t<\/dt>\n\t\t\t\t\t<dd class='wp-caption-text gallery-caption' id='gallery-14-423601'>\n\t\t\t\t\tALLEGHE HOCKEY\n\t\t\t\t\t<\/dd><\/dl><dl class='gallery-item'>\n\t\t\t\t<dt class='gallery-icon portrait'>\n\t\t\t\t\t<a class=\"rollover rollover-zoom dt-pswp-item\" title=\"42b19520-d5a7-422b-9a2c-61d5c0a8c5b7\" data-dt-img-description=\"\" data-large_image_width=\"1199\" data-large_image_height=\"1497\"href='https:\/\/www.radiopiu.net\/wordpress\/wp-content\/uploads\/2024\/12\/42b19520-d5a7-422b-9a2c-61d5c0a8c5b7.jpg'><img loading=\"lazy\" decoding=\"async\" width=\"150\" height=\"150\" src=\"https:\/\/www.radiopiu.net\/wordpress\/wp-content\/uploads\/2024\/12\/42b19520-d5a7-422b-9a2c-61d5c0a8c5b7-150x150.jpg\" class=\"attachment-thumbnail size-thumbnail\" alt=\"\" \/><\/a>\n\t\t\t\t<\/dt><\/dl><dl class='gallery-item'>\n\t\t\t\t<dt class='gallery-icon portrait'>\n\t\t\t\t\t<a class=\"rollover rollover-zoom dt-pswp-item\" title=\"09cce2a7-f443-45bd-bc00-68ad98d253da\" data-dt-img-description=\"\" data-large_image_width=\"1200\" data-large_image_height=\"1360\"href='https:\/\/www.radiopiu.net\/wordpress\/wp-content\/uploads\/2024\/12\/09cce2a7-f443-45bd-bc00-68ad98d253da.jpg'><img loading=\"lazy\" decoding=\"async\" width=\"150\" height=\"150\" src=\"https:\/\/www.radiopiu.net\/wordpress\/wp-content\/uploads\/2024\/12\/09cce2a7-f443-45bd-bc00-68ad98d253da-150x150.jpg\" class=\"attachment-thumbnail size-thumbnail\" alt=\"\" \/><\/a>\n\t\t\t\t<\/dt><\/dl><dl class='gallery-item'>\n\t\t\t\t<dt class='gallery-icon landscape'>\n\t\t\t\t\t<a class=\"rollover rollover-zoom dt-pswp-item\" title=\"402887bb-8a31-4b0b-affe-c227a6fc2e17\" data-dt-img-description=\"\" data-large_image_width=\"1600\" data-large_image_height=\"1200\"href='https:\/\/www.radiopiu.net\/wordpress\/wp-content\/uploads\/2024\/12\/402887bb-8a31-4b0b-affe-c227a6fc2e17.jpg'><img loading=\"lazy\" decoding=\"async\" width=\"150\" height=\"150\" src=\"https:\/\/www.radiopiu.net\/wordpress\/wp-content\/uploads\/2024\/12\/402887bb-8a31-4b0b-affe-c227a6fc2e17-150x150.jpg\" class=\"attachment-thumbnail size-thumbnail\" alt=\"\" \/><\/a>\n\t\t\t\t<\/dt><\/dl><br style=\"clear: both\" \/>\n\t\t\t<\/div>\n\n<p>&nbsp;<\/p>\n<p><strong>VALPELLICE \u2013 FELTRE 5-6 dot<\/strong><\/p>\n<p>PARZIALI: 2-0, 2-4, 1-1, 0-1<\/p>\n<p>GOL: pt. 3\u201905\u201d Majul, 12\u201918\u201d Gay. st. 3\u201911\u201d Foltin, 5\u201917\u201d Majul, 8\u201902\u201d Damin, 9\u201954\u201d Da Forno, 11\u201935\u201d Pozzi, 18\u201902\u201d Gabri. tt. 1\u201937\u201d Pozzi, 3\u201946\u201d Lytvynov. ot. 1\u201900\u201d Kadlec<\/p>\n<p>Il Feltre torna dalla lunga trasferta in terra piemontese con due punti in tasca dopo aver vinto all\u2019overtime contro il Valpellice. Una sfida da botta e risposta, giustamente decisa dal supplementare. Feltre che resta al terzo posto in classifica e gioved\u00ec sera sar\u00e0 chiamato ad un\u2019altra trasferta: questa volta ad Appiano.\u00a0 Breve fase di studio e partita che viene subito sbloccata dai padroni di casa che trovano il gol con Majul. Il Feltre non riesce a reagire e subisce la seconda marcatura della serata. Bisogna aspettare il secondo tempo per vedere la reazione dei picchi che accorciano le distanze con Foltin. Piemontesi che rispondono subito dopo ristabilendo le distanze. Feltrini agguerriti che nel giro di due minuti pareggiano i conti con Damin e Da Forno. Il Valpellice per\u00f2 risponde subito dopo con Pozzi. Nel finale di tempo \u00e8 Gabri a pareggiare di nuovo i conti per il Feltre. Continua il botta e risposta tra le due formazioni anche nel terzo tempo. A decidere la vincitrice della sfida \u00e8 l\u2019overtime dove il Feltre conquista il punto aggiuntivo con Kadlec.<\/p>\n<p>&nbsp;<\/p>\n<p>&nbsp;<\/p>\n<p><span style=\"color: #0000ff;\"><strong>CALCIO<\/strong><\/span><\/p>\n<blockquote>\n<h3>L&#8217;AGORDINA SUPERA LA FULGOR FARRA. I RISULTATI DEL SETTORE GIOVANILE<\/h3>\n<\/blockquote>\n<p><strong><a class=\"dt-pswp-item\" href=\"https:\/\/www.radiopiu.net\/wordpress\/wp-content\/uploads\/2024\/12\/AGO-CHRIS.jpeg\" data-dt-img-description=\"\" data-large_image_width=\"870\" data-large_image_height=\"746\"><img loading=\"lazy\" decoding=\"async\" class=\" wp-image-423694 alignleft\" src=\"https:\/\/www.radiopiu.net\/wordpress\/wp-content\/uploads\/2024\/12\/AGO-CHRIS-300x257.jpeg\" alt=\"\" width=\"182\" height=\"156\" srcset=\"https:\/\/www.radiopiu.net\/wordpress\/wp-content\/uploads\/2024\/12\/AGO-CHRIS-300x257.jpeg 300w, https:\/\/www.radiopiu.net\/wordpress\/wp-content\/uploads\/2024\/12\/AGO-CHRIS-768x659.jpeg 768w, https:\/\/www.radiopiu.net\/wordpress\/wp-content\/uploads\/2024\/12\/AGO-CHRIS.jpeg 870w\" sizes=\"auto, (max-width: 182px) 100vw, 182px\" \/><\/a>DI MARCO GAZ<\/strong><\/p>\n<p><span style=\"color: #ff0000;\"><strong>TERZA CATEGORIA<\/strong><\/span><\/p>\n<p><strong>AGORDINA \u2013 FULGOR FARRA 2-1<\/strong><\/p>\n<p><strong>GOL AGORDINA: De Col\u00f2 , Dal Don<\/strong><\/p>\n<p>Ancora una vittoria per l\u2019Agordina di Alan Davare che vince e convince contro una delle squadre candidate alla vittoria del campionato: la Fulgor Farra. Gli agordini incamerano tre punti dopo la migliore prestazione da inizio campionato. 9 punti nelle ultime tre uscite e la squadra di Agordo rialza la testa piazzandosi a met\u00e0 classifica. L\u2019Agordina domina il primo quarto d\u2019ora di gara lasciando pochi spazi agli avversari. Il gol del vantaggio per i padroni di casa arriva con De Col\u00f2, bravo a deviare di testa in rete un cross di Chiea. Nel momento migliore della squadra di Agordo arriva il pareggio della Fulgor Farra. Ospiti che continuano a spingere anche nella seconda frazione ma a spuntarla sono gli uomini di Davare che a 10\u2019 dal termine trovano il gol con Dal Don. Una vittoria che da morale al gruppo che si \u00e8 unito ancora di pi\u00f9 e che dedica la vittoria alla famiglia di Christian Selle con la speranza di rivederlo presto.<\/p>\n<p><strong>LA CLASSIFICA:<\/strong> Fortogna 29, Auronzo 28, Alpes Cesio 26, Fulgor Farra 23, Tambre 20, Piave e Dynamo Vellai 19, Agordina e Lamonese 18, Valzoldana 15, Cortina 12, Cadore 6, Bellunese 5, Valboite 1<\/p>\n<p><span style=\"color: #008000;\"><strong>GIOVANILI AGORDINA<\/strong><\/span><\/p>\n<p><span style=\"color: #ff0000;\"><strong>JUNIORES<\/strong><\/span><\/p>\n<p><strong>AGORDINA \u2013 CASTION 2-0<\/strong><\/p>\n<p>L\u2019Agordina conquista tre punti importanti superando il Castion con un gol per tempo. Alla mezz\u2019ora del primo tempo, Fontanive apre le marcature con un tocco preciso sugli sviluppi di un calcio d\u2019angolo. Nella ripresa, i padroni di casa controllano il gioco e chiudono i conti grazie a Soccol, che sfrutta un ottimo assist di Andrich per superare la difesa in velocit\u00e0 e battere il portiere avversario con grande freddezza. Una prova solida che regala all\u2019Agordina una vittoria meritata nell\u2019ultima partita del 2024. Ora una lunga pausa invernale per i ragazzi di De Zaiacomo<\/p>\n<p><span style=\"color: #ff0000;\"><strong>ALLIEVI<\/strong><\/span><\/p>\n<p><strong>FINE GIRONE DI ANDATA<\/strong><\/p>\n<p><span style=\"color: #ff0000;\"><strong>GIOVANISSIMI<\/strong><\/span><\/p>\n<p><span style=\"color: #ff0000;\"><strong>GIRONE A<\/strong><\/span><\/p>\n<p><strong>PLAVIS \u2013 AGORDINA 0-8<\/strong><\/p>\n<p>L\u2019Agordina domina il match e conquista una netta vittoria, frutto di un gioco organizzato e di una concentrazione impeccabile. La squadra, consapevole dell\u2019importanza dei punti per il possibile sorpasso al secondo posto dopo lo scontro diretto tra Valbelluna e Pedavena, ha sfoderato una prestazione eccellente, tra le migliori della stagione. Capitan Rudatis \u00e8 stato il protagonista assoluto della prima met\u00e0 di gara, con una tripletta in 20 minuti e un assist per Angelo Groppa. Purtroppo, un intervento al limite del portiere avversario ha costretto il capitano a lasciare il campo prima del previsto. Il primo tempo si \u00e8 chiuso sul 5-0 grazie a una splendida azione personale di Dherek Dell\u2019Osbel. Nella ripresa, la festa del gol \u00e8 proseguita con altre tre reti firmate da Riccardo Tibolla, Dherek Dell\u2019Osbel e Angelo Groppa. Con questa vittoria, l\u2019Agordina si proietta al secondo posto e si prepara a una pausa invernale da protagonista.<\/p>\n<p><span style=\"color: #ff0000;\"><strong>GIRONE B<\/strong><\/span><\/p>\n<p><strong>AGORDINA \u2013 SAN PIETRO 1-9<\/strong><\/p>\n<p>Le numerose assenze hanno certamente influito, ma l\u2019atteggiamento rinunciatario dell\u2019Agordina \u00e8 stato determinante in una gara deludente. Nonostante il gol di Noah Fusina, che regala una piccola soddisfazione, la squadra non \u00e8 riuscita a invertire l\u2019inerzia del match. Serve ora una riflessione approfondita e un lavoro mirato per ripartire in primavera con maggiore determinazione e convinzione.<\/p>\n<p>&nbsp;<\/p>\n<blockquote class=\"wp-embedded-content\" data-secret=\"vNV8iRtH3j\"><p><a href=\"https:\/\/www.radiopiu.net\/wordpress\/agordina-in-prima-linea-ogni-domenica-su-radio-piu-il-podcast\/\">AGORDINA IN PRIMA LINEA, OGNI DOMENICA SU RADIO PIU&#8217; &#8211; IL PODCAST<\/a><\/p><\/blockquote>\n<p><iframe loading=\"lazy\" class=\"wp-embedded-content\" sandbox=\"allow-scripts\" security=\"restricted\" style=\"position: absolute; visibility: hidden;\" title=\"&#8220;AGORDINA IN PRIMA LINEA, OGNI DOMENICA SU RADIO PIU&#8217; &#8211; IL PODCAST&#8221; &#8212; Radio Pi\u00f9\" src=\"https:\/\/www.radiopiu.net\/wordpress\/agordina-in-prima-linea-ogni-domenica-su-radio-piu-il-podcast\/embed\/#?secret=JYrEghSrw4#?secret=vNV8iRtH3j\" data-secret=\"vNV8iRtH3j\" width=\"600\" height=\"338\" frameborder=\"0\" marginwidth=\"0\" marginheight=\"0\" scrolling=\"no\"><\/iframe><\/p>\n<p>&nbsp;<\/p>\n<blockquote>\n<h3>I FESTEGGIAMENTI PER LA VITTORIA DEL CAMPIONATO AGORDINO GIOVANILE DEL TAIBON<\/h3>\n<\/blockquote>\n<p><strong>DI MARINA DONA&#8217;<\/strong><\/p>\n<p><strong>TAIBON <\/strong>Festa per la squadra giovanile di calcio del Taibon, vincitrice del torneo Agordino 2024. Grande soddisfazione per l\u2019allenatore Riccardo Broglio, il vice Ludovico Broglio e il presidente del Gruppo Sportivo Taibon, Antimo Savaris. Ogni componente della squadra ha ricevuto una medaglia e un cappellino commemorativo della vittoria. Sebbene alcuni giocatori fossero assenti per altri impegni, sono stati tutti ricordati con affetto. Il momento clou della festa \u00e8 stata una spettacolare torta decorata, al centro della quale campeggiava una foto della squadra insieme a uno &#8220;special guest&#8221;: Mauro Bressan. Il presidente Antimo Savaris ha raccontato: <em>&#8220;Quest&#8217;estate abbiamo avuto come ospite Mauro Bressan, calciatore professionista, famoso per aver segnato con la Fiorentina, durante una partita di Champions League, un gol definito dalla UEFA tra i pi\u00f9 belli di sempre. Mauro Bressan ha giocato anche per altre squadre, tra cui il Montebelluna, dove era compagno di Roberto Padrin, attuale presidente della Provincia.&#8221;. <\/em>La serata si \u00e8 conclusa con il taglio della torta e festeggiamenti accompagnati da un ricco buffet.<\/p>\n\n\t\t\t<style type='text\/css'>\n\t\t\t\t#gallery-15 {\n\t\t\t\t\tmargin: auto;\n\t\t\t\t}\n\t\t\t\t#gallery-15 .gallery-item {\n\t\t\t\t\tfloat: left;\n\t\t\t\t\tmargin-top: 10px;\n\t\t\t\t\ttext-align: center;\n\t\t\t\t\twidth: 33%;\n\t\t\t\t}\n\t\t\t\t#gallery-15 img {\n\t\t\t\t\tborder: 2px solid #cfcfcf;\n\t\t\t\t}\n\t\t\t\t#gallery-15 .gallery-caption {\n\t\t\t\t\tmargin-left: 0;\n\t\t\t\t}\n\t\t\t\t\/* see gallery_shortcode() in wp-includes\/media.php *\/\n\t\t\t<\/style>\n\t\t<div id='gallery-15' class='dt-gallery-container gallery galleryid-423476 gallery-columns-3 gallery-size-medium'><dl class='gallery-item'>\n\t\t\t\t<dt class='gallery-icon landscape'>\n\t\t\t\t\t<a class=\"rollover rollover-zoom dt-pswp-item\" title=\"0fc21f12-2f2a-4d00-af76-4391ed9422a8\" data-dt-img-description=\"\" data-large_image_width=\"1600\" data-large_image_height=\"1200\"href='https:\/\/www.radiopiu.net\/wordpress\/wp-content\/uploads\/2024\/12\/0fc21f12-2f2a-4d00-af76-4391ed9422a8.jpg'><img loading=\"lazy\" decoding=\"async\" width=\"300\" height=\"225\" src=\"https:\/\/www.radiopiu.net\/wordpress\/wp-content\/uploads\/2024\/12\/0fc21f12-2f2a-4d00-af76-4391ed9422a8-300x225.jpg\" class=\"attachment-medium size-medium\" alt=\"\" srcset=\"https:\/\/www.radiopiu.net\/wordpress\/wp-content\/uploads\/2024\/12\/0fc21f12-2f2a-4d00-af76-4391ed9422a8-300x225.jpg 300w, https:\/\/www.radiopiu.net\/wordpress\/wp-content\/uploads\/2024\/12\/0fc21f12-2f2a-4d00-af76-4391ed9422a8-1024x768.jpg 1024w, https:\/\/www.radiopiu.net\/wordpress\/wp-content\/uploads\/2024\/12\/0fc21f12-2f2a-4d00-af76-4391ed9422a8-768x576.jpg 768w, https:\/\/www.radiopiu.net\/wordpress\/wp-content\/uploads\/2024\/12\/0fc21f12-2f2a-4d00-af76-4391ed9422a8-1536x1152.jpg 1536w, https:\/\/www.radiopiu.net\/wordpress\/wp-content\/uploads\/2024\/12\/0fc21f12-2f2a-4d00-af76-4391ed9422a8.jpg 1600w\" sizes=\"auto, (max-width: 300px) 100vw, 300px\" \/><\/a>\n\t\t\t\t<\/dt><\/dl><dl class='gallery-item'>\n\t\t\t\t<dt class='gallery-icon landscape'>\n\t\t\t\t\t<a class=\"rollover rollover-zoom dt-pswp-item\" title=\"1d328510-05db-4230-b156-fb85dbf76733\" data-dt-img-description=\"\" data-large_image_width=\"1600\" data-large_image_height=\"1200\"href='https:\/\/www.radiopiu.net\/wordpress\/wp-content\/uploads\/2024\/12\/1d328510-05db-4230-b156-fb85dbf76733.jpg'><img loading=\"lazy\" decoding=\"async\" width=\"300\" height=\"225\" src=\"https:\/\/www.radiopiu.net\/wordpress\/wp-content\/uploads\/2024\/12\/1d328510-05db-4230-b156-fb85dbf76733-300x225.jpg\" class=\"attachment-medium size-medium\" alt=\"\" srcset=\"https:\/\/www.radiopiu.net\/wordpress\/wp-content\/uploads\/2024\/12\/1d328510-05db-4230-b156-fb85dbf76733-300x225.jpg 300w, https:\/\/www.radiopiu.net\/wordpress\/wp-content\/uploads\/2024\/12\/1d328510-05db-4230-b156-fb85dbf76733-1024x768.jpg 1024w, https:\/\/www.radiopiu.net\/wordpress\/wp-content\/uploads\/2024\/12\/1d328510-05db-4230-b156-fb85dbf76733-768x576.jpg 768w, https:\/\/www.radiopiu.net\/wordpress\/wp-content\/uploads\/2024\/12\/1d328510-05db-4230-b156-fb85dbf76733-1536x1152.jpg 1536w, https:\/\/www.radiopiu.net\/wordpress\/wp-content\/uploads\/2024\/12\/1d328510-05db-4230-b156-fb85dbf76733.jpg 1600w\" sizes=\"auto, (max-width: 300px) 100vw, 300px\" \/><\/a>\n\t\t\t\t<\/dt><\/dl><dl class='gallery-item'>\n\t\t\t\t<dt class='gallery-icon landscape'>\n\t\t\t\t\t<a class=\"rollover rollover-zoom dt-pswp-item\" title=\"aff5d961-3eeb-4f6b-a6ea-933bc3e541d5\" data-dt-img-description=\"\" data-large_image_width=\"1600\" data-large_image_height=\"1200\"href='https:\/\/www.radiopiu.net\/wordpress\/wp-content\/uploads\/2024\/12\/aff5d961-3eeb-4f6b-a6ea-933bc3e541d5.jpg'><img loading=\"lazy\" decoding=\"async\" width=\"300\" height=\"225\" src=\"https:\/\/www.radiopiu.net\/wordpress\/wp-content\/uploads\/2024\/12\/aff5d961-3eeb-4f6b-a6ea-933bc3e541d5-300x225.jpg\" class=\"attachment-medium size-medium\" alt=\"\" srcset=\"https:\/\/www.radiopiu.net\/wordpress\/wp-content\/uploads\/2024\/12\/aff5d961-3eeb-4f6b-a6ea-933bc3e541d5-300x225.jpg 300w, https:\/\/www.radiopiu.net\/wordpress\/wp-content\/uploads\/2024\/12\/aff5d961-3eeb-4f6b-a6ea-933bc3e541d5-1024x768.jpg 1024w, https:\/\/www.radiopiu.net\/wordpress\/wp-content\/uploads\/2024\/12\/aff5d961-3eeb-4f6b-a6ea-933bc3e541d5-768x576.jpg 768w, https:\/\/www.radiopiu.net\/wordpress\/wp-content\/uploads\/2024\/12\/aff5d961-3eeb-4f6b-a6ea-933bc3e541d5-1536x1152.jpg 1536w, https:\/\/www.radiopiu.net\/wordpress\/wp-content\/uploads\/2024\/12\/aff5d961-3eeb-4f6b-a6ea-933bc3e541d5.jpg 1600w\" sizes=\"auto, (max-width: 300px) 100vw, 300px\" \/><\/a>\n\t\t\t\t<\/dt><\/dl><br style=\"clear: both\" \/><dl class='gallery-item'>\n\t\t\t\t<dt class='gallery-icon landscape'>\n\t\t\t\t\t<a class=\"rollover rollover-zoom dt-pswp-item\" title=\"22065cf3-20ee-4624-b7a3-48da7ad26ec9\" data-dt-img-description=\"\" data-large_image_width=\"1599\" data-large_image_height=\"1186\"href='https:\/\/www.radiopiu.net\/wordpress\/wp-content\/uploads\/2024\/12\/22065cf3-20ee-4624-b7a3-48da7ad26ec9.jpg'><img loading=\"lazy\" decoding=\"async\" width=\"300\" height=\"223\" src=\"https:\/\/www.radiopiu.net\/wordpress\/wp-content\/uploads\/2024\/12\/22065cf3-20ee-4624-b7a3-48da7ad26ec9-300x223.jpg\" class=\"attachment-medium size-medium\" alt=\"\" srcset=\"https:\/\/www.radiopiu.net\/wordpress\/wp-content\/uploads\/2024\/12\/22065cf3-20ee-4624-b7a3-48da7ad26ec9-300x223.jpg 300w, https:\/\/www.radiopiu.net\/wordpress\/wp-content\/uploads\/2024\/12\/22065cf3-20ee-4624-b7a3-48da7ad26ec9-1024x760.jpg 1024w, https:\/\/www.radiopiu.net\/wordpress\/wp-content\/uploads\/2024\/12\/22065cf3-20ee-4624-b7a3-48da7ad26ec9-768x570.jpg 768w, https:\/\/www.radiopiu.net\/wordpress\/wp-content\/uploads\/2024\/12\/22065cf3-20ee-4624-b7a3-48da7ad26ec9-1536x1139.jpg 1536w, https:\/\/www.radiopiu.net\/wordpress\/wp-content\/uploads\/2024\/12\/22065cf3-20ee-4624-b7a3-48da7ad26ec9.jpg 1599w\" sizes=\"auto, (max-width: 300px) 100vw, 300px\" \/><\/a>\n\t\t\t\t<\/dt><\/dl><dl class='gallery-item'>\n\t\t\t\t<dt class='gallery-icon landscape'>\n\t\t\t\t\t<a class=\"rollover rollover-zoom dt-pswp-item\" title=\"4aec5cf3-f54d-4c7d-afda-96e2d7523736\" data-dt-img-description=\"\" data-large_image_width=\"1600\" data-large_image_height=\"1200\"href='https:\/\/www.radiopiu.net\/wordpress\/wp-content\/uploads\/2024\/12\/4aec5cf3-f54d-4c7d-afda-96e2d7523736.jpg'><img loading=\"lazy\" decoding=\"async\" width=\"300\" height=\"225\" src=\"https:\/\/www.radiopiu.net\/wordpress\/wp-content\/uploads\/2024\/12\/4aec5cf3-f54d-4c7d-afda-96e2d7523736-300x225.jpg\" class=\"attachment-medium size-medium\" alt=\"\" srcset=\"https:\/\/www.radiopiu.net\/wordpress\/wp-content\/uploads\/2024\/12\/4aec5cf3-f54d-4c7d-afda-96e2d7523736-300x225.jpg 300w, https:\/\/www.radiopiu.net\/wordpress\/wp-content\/uploads\/2024\/12\/4aec5cf3-f54d-4c7d-afda-96e2d7523736-1024x768.jpg 1024w, https:\/\/www.radiopiu.net\/wordpress\/wp-content\/uploads\/2024\/12\/4aec5cf3-f54d-4c7d-afda-96e2d7523736-768x576.jpg 768w, https:\/\/www.radiopiu.net\/wordpress\/wp-content\/uploads\/2024\/12\/4aec5cf3-f54d-4c7d-afda-96e2d7523736-1536x1152.jpg 1536w, https:\/\/www.radiopiu.net\/wordpress\/wp-content\/uploads\/2024\/12\/4aec5cf3-f54d-4c7d-afda-96e2d7523736.jpg 1600w\" sizes=\"auto, (max-width: 300px) 100vw, 300px\" \/><\/a>\n\t\t\t\t<\/dt><\/dl><dl class='gallery-item'>\n\t\t\t\t<dt class='gallery-icon landscape'>\n\t\t\t\t\t<a class=\"rollover rollover-zoom dt-pswp-item\" title=\"ddde3dec-7b16-4964-a472-de9ef3ad33ab\" data-dt-img-description=\"\" data-large_image_width=\"1599\" data-large_image_height=\"1186\"href='https:\/\/www.radiopiu.net\/wordpress\/wp-content\/uploads\/2024\/12\/ddde3dec-7b16-4964-a472-de9ef3ad33ab.jpg'><img loading=\"lazy\" decoding=\"async\" width=\"300\" height=\"223\" src=\"https:\/\/www.radiopiu.net\/wordpress\/wp-content\/uploads\/2024\/12\/ddde3dec-7b16-4964-a472-de9ef3ad33ab-300x223.jpg\" class=\"attachment-medium size-medium\" alt=\"\" srcset=\"https:\/\/www.radiopiu.net\/wordpress\/wp-content\/uploads\/2024\/12\/ddde3dec-7b16-4964-a472-de9ef3ad33ab-300x223.jpg 300w, https:\/\/www.radiopiu.net\/wordpress\/wp-content\/uploads\/2024\/12\/ddde3dec-7b16-4964-a472-de9ef3ad33ab-1024x760.jpg 1024w, https:\/\/www.radiopiu.net\/wordpress\/wp-content\/uploads\/2024\/12\/ddde3dec-7b16-4964-a472-de9ef3ad33ab-768x570.jpg 768w, https:\/\/www.radiopiu.net\/wordpress\/wp-content\/uploads\/2024\/12\/ddde3dec-7b16-4964-a472-de9ef3ad33ab-1536x1139.jpg 1536w, https:\/\/www.radiopiu.net\/wordpress\/wp-content\/uploads\/2024\/12\/ddde3dec-7b16-4964-a472-de9ef3ad33ab.jpg 1599w\" sizes=\"auto, (max-width: 300px) 100vw, 300px\" \/><\/a>\n\t\t\t\t<\/dt><\/dl><br style=\"clear: both\" \/>\n\t\t\t<\/div>\n\n<p>&nbsp;<\/p>\n<p><iframe loading=\"lazy\" title=\"FESTEGGIAMENTI PER IL TAIBON CAMPIONE AGORDINO GIOVANILE\" width=\"1200\" height=\"675\" src=\"https:\/\/www.youtube.com\/embed\/PwPq9WcNuqE?feature=oembed\" frameborder=\"0\" allow=\"accelerometer; autoplay; clipboard-write; encrypted-media; gyroscope; picture-in-picture; web-share\" referrerpolicy=\"strict-origin-when-cross-origin\" allowfullscreen><\/iframe><\/p>\n<p>&nbsp;<\/p>\n<p><span style=\"color: #0000ff;\"><strong>PALLAVOLO<\/strong><\/span><\/p>\n<blockquote>\n<h3>LA SB VOLLEY VINCE A PIANZANO<\/h3>\n<\/blockquote>\n<p><b><a class=\"dt-pswp-item\" href=\"https:\/\/www.radiopiu.net\/wordpress\/wp-content\/uploads\/2024\/12\/Vittoria_di_carattere_a_Pianzano.jpg\" data-dt-img-description=\"\" data-large_image_width=\"1125\" data-large_image_height=\"599\"><img loading=\"lazy\" decoding=\"async\" class=\" wp-image-423624 alignleft\" src=\"https:\/\/www.radiopiu.net\/wordpress\/wp-content\/uploads\/2024\/12\/Vittoria_di_carattere_a_Pianzano-300x160.jpg\" alt=\"\" width=\"182\" height=\"97\" srcset=\"https:\/\/www.radiopiu.net\/wordpress\/wp-content\/uploads\/2024\/12\/Vittoria_di_carattere_a_Pianzano-300x160.jpg 300w, https:\/\/www.radiopiu.net\/wordpress\/wp-content\/uploads\/2024\/12\/Vittoria_di_carattere_a_Pianzano-1024x545.jpg 1024w, https:\/\/www.radiopiu.net\/wordpress\/wp-content\/uploads\/2024\/12\/Vittoria_di_carattere_a_Pianzano-768x409.jpg 768w, https:\/\/www.radiopiu.net\/wordpress\/wp-content\/uploads\/2024\/12\/Vittoria_di_carattere_a_Pianzano.jpg 1125w\" sizes=\"auto, (max-width: 182px) 100vw, 182px\" \/><\/a>AURORA VITTINOX LGI-SB VOLLEY 1-3 (<\/b>21-25, 26-24, 25-27, 20-25)<\/p>\n<p>La SB Volley conquista la terza vittoria consecutiva, superando l\u2019Aurora Pianzano in un match equilibrato e intenso durato oltre due ore. La squadra di Sedico-Belluno, nonostante un avvio complicato e alcune difficolt\u00e0 in ricezione, ha mostrato carattere e solidit\u00e0, confermando il terzo posto in classifica. Momenti decisivi sono stati il &#8220;Monster Block&#8221; di Carlotta De Barba e i punti chiave di Beatrice Barp e Fiabane, capaci di ribaltare situazioni sfavorevoli. Dopo un momento di difficolt\u00e0 nel secondo set, le dolomitiche hanno saputo reagire, vincendo al quarto parziale grazie alla forza del collettivo. De Barba, capitana e MVP, ha brillato con 21 punti totali. Il DS Casanova elogia la concentrazione e la resilienza della squadra, fondamentali per restare tra le posizioni di vertice.<\/p>\n<p>&nbsp;<\/p>\n<p><span style=\"color: #0000ff;\"><strong>LA FESTA DI NATALE CSI<\/strong><\/span><\/p>\n<blockquote>\n<h3>IL NATALE DELLO SPORTIVO AD AGORDO<\/h3>\n<\/blockquote>\n<p>Il Natale dello Sportivo, tenutosi sabato all\u2019auditorium \u201cVincenzo Savio\u201d, ha celebrato con entusiasmo lo sport bellunese. Dopo la Santa Messa nella chiesa arcidiaconale, si \u00e8 svolta una serata di premiazioni, con la novit\u00e0 del premio &#8220;Sportivo Bellunese dell\u2019anno&#8221;. La prima edizione \u00e8 stata assegnata ad Andrea Pietrobon, ciclista di Pieve di Cadore, per i suoi risultati al Giro d\u2019Italia e alla Milano Sanremo, oltre che per le sue doti morali. Pietrobon ha incoraggiato i giovani a vivere lo sport con passione e serenit\u00e0. Durante l\u2019evento, il Csi Belluno e il Csi Feltre hanno premiato atleti e societ\u00e0 di calcio e atletica. Nel calcio, riconoscimenti sono andati a Sottocastello, Cral Farrese e San Vittore per le fasi regionali, e a Maurizio Comiotto per il suo impegno. Per l\u2019atletica, sono stati celebrati i protagonisti del 26\u00b0 Campionato provinciale di corsa campestre, con il successo di La Piave 2000 nelle graduatorie per societ\u00e0 e giovanile.<\/p>\n\n\t\t\t<style type='text\/css'>\n\t\t\t\t#gallery-16 {\n\t\t\t\t\tmargin: auto;\n\t\t\t\t}\n\t\t\t\t#gallery-16 .gallery-item {\n\t\t\t\t\tfloat: left;\n\t\t\t\t\tmargin-top: 10px;\n\t\t\t\t\ttext-align: center;\n\t\t\t\t\twidth: 33%;\n\t\t\t\t}\n\t\t\t\t#gallery-16 img {\n\t\t\t\t\tborder: 2px solid #cfcfcf;\n\t\t\t\t}\n\t\t\t\t#gallery-16 .gallery-caption {\n\t\t\t\t\tmargin-left: 0;\n\t\t\t\t}\n\t\t\t\t\/* see gallery_shortcode() in wp-includes\/media.php *\/\n\t\t\t<\/style>\n\t\t<div id='gallery-16' class='dt-gallery-container gallery galleryid-423476 gallery-columns-3 gallery-size-thumbnail'><dl class='gallery-item'>\n\t\t\t\t<dt class='gallery-icon landscape'>\n\t\t\t\t\t<a class=\"rollover rollover-zoom dt-pswp-item\" title=\"3\u00a9LeonardoViel-67 - Premiazione Campionato provinciale 1. La Piave 2000 - 2. Astra Quero - 3- Castionese\" data-dt-img-description=\"\" data-large_image_width=\"1865\" data-large_image_height=\"991\"href='https:\/\/www.radiopiu.net\/wordpress\/wp-content\/uploads\/2024\/12\/3\u00a9LeonardoViel-67-Premiazione-Campionato-provinciale-1.-La-Piave-2000-2.-Astra-Quero-3-Castionese.jpg'><img loading=\"lazy\" decoding=\"async\" width=\"150\" height=\"150\" src=\"https:\/\/www.radiopiu.net\/wordpress\/wp-content\/uploads\/2024\/12\/3\u00a9LeonardoViel-67-Premiazione-Campionato-provinciale-1.-La-Piave-2000-2.-Astra-Quero-3-Castionese-150x150.jpg\" class=\"attachment-thumbnail size-thumbnail\" alt=\"\" \/><\/a>\n\t\t\t\t<\/dt><\/dl><dl class='gallery-item'>\n\t\t\t\t<dt class='gallery-icon landscape'>\n\t\t\t\t\t<a class=\"rollover rollover-zoom dt-pswp-item\" title=\"Unknown\" data-dt-img-description=\"\" data-large_image_width=\"1900\" data-large_image_height=\"1267\"href='https:\/\/www.radiopiu.net\/wordpress\/wp-content\/uploads\/2024\/12\/Unknown-2.jpeg'><img loading=\"lazy\" decoding=\"async\" width=\"150\" height=\"150\" src=\"https:\/\/www.radiopiu.net\/wordpress\/wp-content\/uploads\/2024\/12\/Unknown-2-150x150.jpeg\" class=\"attachment-thumbnail size-thumbnail\" alt=\"\" \/><\/a>\n\t\t\t\t<\/dt><\/dl><dl class='gallery-item'>\n\t\t\t\t<dt class='gallery-icon landscape'>\n\t\t\t\t\t<a class=\"rollover rollover-zoom dt-pswp-item\" title=\"3\u00a9LeonardoViel-27_Sottocastello Calcio\" data-dt-img-description=\"\" data-large_image_width=\"1900\" data-large_image_height=\"1267\"href='https:\/\/www.radiopiu.net\/wordpress\/wp-content\/uploads\/2024\/12\/3\u00a9LeonardoViel-27_Sottocastello-Calcio.jpg'><img loading=\"lazy\" decoding=\"async\" width=\"150\" height=\"150\" src=\"https:\/\/www.radiopiu.net\/wordpress\/wp-content\/uploads\/2024\/12\/3\u00a9LeonardoViel-27_Sottocastello-Calcio-150x150.jpg\" class=\"attachment-thumbnail size-thumbnail\" alt=\"\" \/><\/a>\n\t\t\t\t<\/dt><\/dl><br style=\"clear: both\" \/>\n\t\t\t<\/div>\n\n<p>Di seguito i vincitori a livello individuale. Cuccioli: Claudia Cetta (Pozzale) e Mattia Santin (Caprioli San Vito). Esordienti: Chiara De Nard (Atletica Lamon) e Roberto Moino (Enal Villaga). Ragazzi: Nina Cima (La Piave 2000) e Samuele Bogno (Astra). Cadetti: Anna Castellaz (Virtus Nemeggio) e Mario Burigo (La Piave). Special: Rudy Malacarne. Allievi: Alessia Miniutti (Astra Quero) e Davide Maccagnan (La Piave 2000). Juniores: Silvia Buogo (Santa Giustina) Naike Bergamo (Aquilotti Pelos) e Davide Fantinel (Atletica Lamon). Seniores: Francesca Comiotto (La Piave 2000) e Mattia De Barba (Modesto Team). Amatori A: Manuela Bulf (Agordina) e Diego Viel (Castionese). Amatori B: Sabrina Boldrin (Cortina) e Gianpietro Barattin (Castionese). Veterani A: Monica Dal Molin (Agordina) e Hamid Nfafta (Astra Quero). Veterani B: Angelina Castaldo (Virtus Nemeggio) e Luigi Bortoluzzi (Gs Castionese).<\/p>\n<p>&nbsp;<\/p>\n<p>&nbsp;<\/p>\n<p>&nbsp;<\/p>\n<p>&nbsp;<\/p>\n","protected":false},"excerpt":{"rendered":"<p>***** Nella notte tra venerd\u00ec 6 e sabato 7 verso l\u20191:20 \u00e8 stata rubata, a Fonzaso, la Fiat Panda in foto, pi\u00f9 precisamente nella piazzetta di Via Lucco. Se qualcuno avesse visto movimenti strani verso quell\u2019ora o anche nei giorni precedenti o notasse la macchina abbondonata da qualche parte vi chiedo gentilmente di contattarmi. Anche&hellip;<\/p>\n","protected":false},"author":4,"featured_media":423601,"comment_status":"closed","ping_status":"closed","sticky":false,"template":"","format":"standard","meta":{"_monsterinsights_skip_tracking":false,"_monsterinsights_sitenote_active":false,"_monsterinsights_sitenote_note":"","_monsterinsights_sitenote_category":0,"footnotes":""},"categories":[51,86,49],"tags":[],"class_list":["post-423476","post","type-post","status-publish","format-standard","has-post-thumbnail","hentry","category-evidenza-top","category-gr","category-news-18","category-51","category-86","category-49","description-off"],"img_url":"https:\/\/www.radiopiu.net\/wordpress\/wp-content\/uploads\/2024\/12\/c858e578-3b99-4308-ba8a-f89f6d47d694.jpg","_links":{"self":[{"href":"https:\/\/www.radiopiu.net\/wordpress\/wp-json\/wp\/v2\/posts\/423476","targetHints":{"allow":["GET"]}}],"collection":[{"href":"https:\/\/www.radiopiu.net\/wordpress\/wp-json\/wp\/v2\/posts"}],"about":[{"href":"https:\/\/www.radiopiu.net\/wordpress\/wp-json\/wp\/v2\/types\/post"}],"author":[{"embeddable":true,"href":"https:\/\/www.radiopiu.net\/wordpress\/wp-json\/wp\/v2\/users\/4"}],"replies":[{"embeddable":true,"href":"https:\/\/www.radiopiu.net\/wordpress\/wp-json\/wp\/v2\/comments?post=423476"}],"version-history":[{"count":42,"href":"https:\/\/www.radiopiu.net\/wordpress\/wp-json\/wp\/v2\/posts\/423476\/revisions"}],"predecessor-version":[{"id":423794,"href":"https:\/\/www.radiopiu.net\/wordpress\/wp-json\/wp\/v2\/posts\/423476\/revisions\/423794"}],"wp:featuredmedia":[{"embeddable":true,"href":"https:\/\/www.radiopiu.net\/wordpress\/wp-json\/wp\/v2\/media\/423601"}],"wp:attachment":[{"href":"https:\/\/www.radiopiu.net\/wordpress\/wp-json\/wp\/v2\/media?parent=423476"}],"wp:term":[{"taxonomy":"category","embeddable":true,"href":"https:\/\/www.radiopiu.net\/wordpress\/wp-json\/wp\/v2\/categories?post=423476"},{"taxonomy":"post_tag","embeddable":true,"href":"https:\/\/www.radiopiu.net\/wordpress\/wp-json\/wp\/v2\/tags?post=423476"}],"curies":[{"name":"wp","href":"https:\/\/api.w.org\/{rel}","templated":true}]}}