{"id":423528,"date":"2024-12-07T10:06:28","date_gmt":"2024-12-07T09:06:28","guid":{"rendered":"https:\/\/www.radiopiu.net\/wordpress\/?p=423528"},"modified":"2024-12-07T10:06:28","modified_gmt":"2024-12-07T09:06:28","slug":"veneto-negli-ultimi-2-anni-54-700-occupati-e-27-500-disoccupati","status":"publish","type":"post","link":"https:\/\/www.radiopiu.net\/wordpress\/veneto-negli-ultimi-2-anni-54-700-occupati-e-27-500-disoccupati\/","title":{"rendered":"VENETO: NEGLI ULTIMI 2 ANNI +54.700 OCCUPATI E -27.500 DISOCCUPATI"},"content":{"rendered":"<p><a class=\"dt-pswp-item\" href=\"https:\/\/www.radiopiu.net\/wordpress\/wp-content\/uploads\/2024\/12\/a.png\" data-dt-img-description=\"\" data-large_image_width=\"478\" data-large_image_height=\"250\"><img loading=\"lazy\" decoding=\"async\" class=\"size-medium wp-image-423529 alignleft\" src=\"https:\/\/www.radiopiu.net\/wordpress\/wp-content\/uploads\/2024\/12\/a-300x157.png\" alt=\"\" width=\"300\" height=\"157\" srcset=\"https:\/\/www.radiopiu.net\/wordpress\/wp-content\/uploads\/2024\/12\/a-300x157.png 300w, https:\/\/www.radiopiu.net\/wordpress\/wp-content\/uploads\/2024\/12\/a.png 478w\" sizes=\"auto, (max-width: 300px) 100vw, 300px\" \/><\/a>Nei primi due anni di governo Meloni, segnala l\u2019Ufficio studi della CGIA, l\u2019occupazione in Italia \u00e8 cresciuta complessivamente di 847mila unit\u00e0 (+3,6 per cento). Di questi nuovi posti di lavoro, 672mila sono lavoratori dipendenti e 175mila autonomi (vedi Tab. 1). Positivi anche i dati relativi alla regione pi\u00f9 a est del Paese.<\/p>\n<p><strong>\u2022 Pi\u00f9 occupati e meno disoccupati<\/strong><br \/>\nRispetto alla rilevazione eseguita a livello nazionale con dati Istat e misurata con una cadenza mensile, per analizzare l\u2019andamento occupazionale avvenuto a livello regionale abbiamo invece preso i dati medi annuali forniti da Prometeia. Per l\u2019anno 2022 e 2023, anche l\u2019istituto di ricerca bolognese ha preso come riferimento le statistiche dell\u2019Istat, per l\u2019anno 2024, invece, ha realizzato una stima previsionale. Pertanto, i dati regionali di fonte Prometeia &#8211; sia sull\u2019aumento dell\u2019occupazione sia sulla diminuzione della disoccupazione &#8211; non <a class=\"dt-pswp-item\" href=\"https:\/\/www.radiopiu.net\/wordpress\/wp-content\/uploads\/2024\/12\/b.png\" data-dt-img-description=\"\" data-large_image_width=\"539\" data-large_image_height=\"814\"><img loading=\"lazy\" decoding=\"async\" class=\"size-medium wp-image-423530 alignleft\" src=\"https:\/\/www.radiopiu.net\/wordpress\/wp-content\/uploads\/2024\/12\/b-199x300.png\" alt=\"\" width=\"199\" height=\"300\" srcset=\"https:\/\/www.radiopiu.net\/wordpress\/wp-content\/uploads\/2024\/12\/b-199x300.png 199w, https:\/\/www.radiopiu.net\/wordpress\/wp-content\/uploads\/2024\/12\/b.png 539w\" sizes=\"auto, (max-width: 199px) 100vw, 199px\" \/><\/a>corrispondono con quelli nazionali dell\u2019Istat, sebbene confermino il trend registrato nella nostra elaborazione su dati Istat. Premesso ci\u00f2, in questi ultimi 24 mesi in Veneto gli occupati sono aumentati di 54.700 unit\u00e0: pertanto, la platea di chi lavora ha raggiunto i 2,2 milioni di unit\u00e0 (+2,5 per cento) (vedi Tab. 2). I disoccupati, invece, sono diminuiti, come nella gran parte del resto del Paese. In Veneto il numero \u00e8 decresciuto di 27.500 unit\u00e0, perci\u00f2 i senza lavoro sono scesi a 66.500 unit\u00e0 (-29,2 per cento) (vedi Tab. 3). Ovviamente, \u00e8 sceso anche il tasso di disoccupazione che in Veneto si \u00e8 attestato su un valore fisiologico del 2,9 per cento (vedi Tab. 3). Pi\u00f9 in generale, comunque, tra il 2022 e il 2024 \u00e8 la Sicilia la regione d\u2019Italia ad aver registrato il numero pi\u00f9 elevato di nuovi posti di lavoro pari a 133.600 (+10 per cento). Seguono la Lombardia con +125.700 (+2,8 per cento), la Campania con +89.900 (+5,5 per cento), il Lazio con +76.500 (+3,3 per cento) e il Piemonte con 71.600 (+4 per cento). Tra le quattro ripartizioni geografiche presenti in Italia, il Mezzogiorno &#8211; grazie al buon andamento delle esportazioni, delle costruzioni e degli investimenti pubblici correlati al Pnrr \u2013 presenta l\u2019incremento occupazionale pi\u00f9 importante d\u2019Italia, con quasi 350mila addetti in pi\u00f9 negli ultimi due anni.<\/p>\n<p><strong>\u2022 Preoccupa l\u2019esplosione della CIG<\/strong><br \/>\nDall\u2019analisi delle ore autorizzate di CIG, anche in Veneto negli ultimi due anni si \u00e8 registrato un andamento altalenante che da sempre \u00e8 legato alla stagionalit\u00e0. Tuttavia, dall\u2019autunno del 2023 il monte ore mensile risulta essere mediamente pi\u00f9 elevato di quello registrato precedentemente. Dal mese di settembre del 2022, comunque, la punta massima \u00e8 stata toccata a settembre di quest\u2019anno (8,7 milioni di ore <a class=\"dt-pswp-item\" href=\"https:\/\/www.radiopiu.net\/wordpress\/wp-content\/uploads\/2024\/12\/c.png\" data-dt-img-description=\"\" data-large_image_width=\"476\" data-large_image_height=\"679\"><img loading=\"lazy\" decoding=\"async\" class=\"size-medium wp-image-423532 alignleft\" src=\"https:\/\/www.radiopiu.net\/wordpress\/wp-content\/uploads\/2024\/12\/c-210x300.png\" alt=\"\" width=\"210\" height=\"300\" srcset=\"https:\/\/www.radiopiu.net\/wordpress\/wp-content\/uploads\/2024\/12\/c-210x300.png 210w, https:\/\/www.radiopiu.net\/wordpress\/wp-content\/uploads\/2024\/12\/c.png 476w\" sizes=\"auto, (max-width: 210px) 100vw, 210px\" \/><\/a>autorizzate). Un dato, stando alle crisi occupazionali scoppiate in queste ultime settimane, che \u00e8 destinato a salire stabilmente anche nei mesi successivi, soprattutto a causa della crisi del settore della moda, dell\u2019automotive e della meccanica (vedi Graf. 1).<\/p>\n<p><strong>\u2022 Alcune brevi riflessioni conclusive<\/strong><br \/>\nIn questi primi due anni di governo Meloni, i risultati ottenuti in materia di lavoro sono stati certamente positivi, anche se il merito \u00e8 riconducibile pi\u00f9 agli imprenditori che alla politica. Tuttavia, non dobbiamo dimenticare che con una crescita che in questi ultimi due anni \u00e8 stata molto contenuta, all\u2019aumento dell\u2019occupazione non \u00e8 corrisposto un incremento altrettanto importante della produttivit\u00e0, almeno nel settore dei servizi e del terziario. Pertanto, gli stipendi anche dei lavoratori del Veneto, che mediamente sono al di sotto della media europea, non crescono adeguatamente e questo rimane un problema che va \u201caggredito\u201d rinnovando i contratti nazionali alla scadenza e continuando a tagliare strutturalmente il carico fiscale che grava sugli stessi. Ora, la forte caduta della produzione industriale e l\u2019aumento del ricorso alla cassa integrazione non fanno presagire nulla di buono. Se non vogliamo scivolare verso una crisi strisciante che \u2013 a seguito delle tensioni geopolitiche, del calo demografico e della transizione digitale e climatica &#8211; avvolge la Germania e in parte anche la Francia, dobbiamo spendere bene e presto i soldi del Pnrr. Con la messa a terra entro il giugno 2026 dei 130 miliardi di euro che a livello nazionale abbiamo ancora a disposizione, possiamo dare un contributo importante <a class=\"dt-pswp-item\" href=\"https:\/\/www.radiopiu.net\/wordpress\/wp-content\/uploads\/2024\/12\/d.png\" data-dt-img-description=\"\" data-large_image_width=\"461\" data-large_image_height=\"610\"><img loading=\"lazy\" decoding=\"async\" class=\"size-medium wp-image-423531 alignleft\" src=\"https:\/\/www.radiopiu.net\/wordpress\/wp-content\/uploads\/2024\/12\/d-227x300.png\" alt=\"\" width=\"227\" height=\"300\" srcset=\"https:\/\/www.radiopiu.net\/wordpress\/wp-content\/uploads\/2024\/12\/d-227x300.png 227w, https:\/\/www.radiopiu.net\/wordpress\/wp-content\/uploads\/2024\/12\/d.png 461w\" sizes=\"auto, (max-width: 227px) 100vw, 227px\" \/><\/a>all\u2019ammodernamento anche del Nordest ed evitare una nuova crisi che, ai pi\u00f9, sembra essere alle porte.<\/p>\n","protected":false},"excerpt":{"rendered":"<p>Nei primi due anni di governo Meloni, segnala l\u2019Ufficio studi della CGIA, l\u2019occupazione in Italia \u00e8 cresciuta complessivamente di 847mila unit\u00e0 (+3,6 per cento). Di questi nuovi posti di lavoro, 672mila sono lavoratori dipendenti e 175mila autonomi (vedi Tab. 1). Positivi anche i dati relativi alla regione pi\u00f9 a est del Paese. \u2022 Pi\u00f9 occupati&hellip;<\/p>\n","protected":false},"author":2,"featured_media":237753,"comment_status":"closed","ping_status":"closed","sticky":false,"template":"","format":"standard","meta":{"_monsterinsights_skip_tracking":false,"_monsterinsights_sitenote_active":false,"_monsterinsights_sitenote_note":"","_monsterinsights_sitenote_category":0,"footnotes":""},"categories":[49],"tags":[],"class_list":["post-423528","post","type-post","status-publish","format-standard","has-post-thumbnail","hentry","category-news-18","category-49","description-off"],"img_url":"https:\/\/www.radiopiu.net\/wordpress\/wp-content\/uploads\/2021\/10\/consulenza-formazione-sicurezza-sul-lavoro-4.jpg","_links":{"self":[{"href":"https:\/\/www.radiopiu.net\/wordpress\/wp-json\/wp\/v2\/posts\/423528","targetHints":{"allow":["GET"]}}],"collection":[{"href":"https:\/\/www.radiopiu.net\/wordpress\/wp-json\/wp\/v2\/posts"}],"about":[{"href":"https:\/\/www.radiopiu.net\/wordpress\/wp-json\/wp\/v2\/types\/post"}],"author":[{"embeddable":true,"href":"https:\/\/www.radiopiu.net\/wordpress\/wp-json\/wp\/v2\/users\/2"}],"replies":[{"embeddable":true,"href":"https:\/\/www.radiopiu.net\/wordpress\/wp-json\/wp\/v2\/comments?post=423528"}],"version-history":[{"count":1,"href":"https:\/\/www.radiopiu.net\/wordpress\/wp-json\/wp\/v2\/posts\/423528\/revisions"}],"predecessor-version":[{"id":423533,"href":"https:\/\/www.radiopiu.net\/wordpress\/wp-json\/wp\/v2\/posts\/423528\/revisions\/423533"}],"wp:featuredmedia":[{"embeddable":true,"href":"https:\/\/www.radiopiu.net\/wordpress\/wp-json\/wp\/v2\/media\/237753"}],"wp:attachment":[{"href":"https:\/\/www.radiopiu.net\/wordpress\/wp-json\/wp\/v2\/media?parent=423528"}],"wp:term":[{"taxonomy":"category","embeddable":true,"href":"https:\/\/www.radiopiu.net\/wordpress\/wp-json\/wp\/v2\/categories?post=423528"},{"taxonomy":"post_tag","embeddable":true,"href":"https:\/\/www.radiopiu.net\/wordpress\/wp-json\/wp\/v2\/tags?post=423528"}],"curies":[{"name":"wp","href":"https:\/\/api.w.org\/{rel}","templated":true}]}}