{"id":423554,"date":"2024-12-10T14:01:57","date_gmt":"2024-12-10T13:01:57","guid":{"rendered":"https:\/\/www.radiopiu.net\/wordpress\/?p=423554"},"modified":"2024-12-11T05:53:16","modified_gmt":"2024-12-11T04:53:16","slug":"raccolta-rifiuti-disguido-risolto-impegno-per-migliorare-il-servizio","status":"publish","type":"post","link":"https:\/\/www.radiopiu.net\/wordpress\/raccolta-rifiuti-disguido-risolto-impegno-per-migliorare-il-servizio\/","title":{"rendered":"Raccolta rifiuti: disguido risolto, impegno per migliorare il servizio"},"content":{"rendered":"<p>*******<\/p>\n<p><strong>AGORDO<\/strong> Valpe, incaricata della raccolta rifiuti informa che il disguido verificatosi a San Tomaso \u00e8 stato risolto, con il recupero della mancata raccolta. Nonostante i tentativi, il contatto diretto con l\u2019utente non \u00e8 riuscito. <em>&#8220;L&#8217;errore \u00e8 stato causato dal recente cambio di operatore per il servizio nella zona interessata&#8221;,<\/em> spiega la societ\u00e0, che ha ribadito al personale l\u2019importanza di seguire scrupolosamente le procedure operative. In risposta alla richiesta di rendere pi\u00f9 visibili i contenitori, l\u2019azienda ringrazia per la segnalazione e conferma di essere al lavoro per valutare soluzioni compatibili con i vincoli del servizio. L\u2019obiettivo \u00e8 garantire un continuo miglioramento per soddisfare le esigenze degli utenti.<\/p>\n<p>&nbsp;<\/p>\n<hr \/>\n<p>&nbsp;<\/p>\n<p><strong>DILLO A RADIO PIU&#8217;&#8230;I CONTENITORI DELL&#8217;UMIDO INVISIBILI<\/strong><\/p>\n<p><strong>RICEVIAMO E PUBBLICHIAMO<\/strong><\/p>\n<p>La raccolta dell\u2019umido in via Vare, a San Tomaso, sembra essere diventata una vera e propria telenovela, causando disagi ai residenti. Anche oggi, infatti, l\u2019umido non \u00e8 stato raccolto. Le giustificazioni fornite: &#8220;Il bidone non era visibile&#8221; o &#8220;L\u2019operatore \u00e8 nuovo&#8221;. I cittadini, attenti nella differenziazione dei rifiuti e rispettosi delle regole, si aspettano un servizio adeguato alle tasse che pagano, e non risposte evasive. Esiste una soluzione concreta per rendere visibili i bidoni &#8220;invisibili&#8221;?<\/p>\n\n\t\t\t<style type='text\/css'>\n\t\t\t\t#gallery-1 {\n\t\t\t\t\tmargin: auto;\n\t\t\t\t}\n\t\t\t\t#gallery-1 .gallery-item {\n\t\t\t\t\tfloat: left;\n\t\t\t\t\tmargin-top: 10px;\n\t\t\t\t\ttext-align: center;\n\t\t\t\t\twidth: 50%;\n\t\t\t\t}\n\t\t\t\t#gallery-1 img {\n\t\t\t\t\tborder: 2px solid #cfcfcf;\n\t\t\t\t}\n\t\t\t\t#gallery-1 .gallery-caption {\n\t\t\t\t\tmargin-left: 0;\n\t\t\t\t}\n\t\t\t\t\/* see gallery_shortcode() in wp-includes\/media.php *\/\n\t\t\t<\/style>\n\t\t<div id='gallery-1' class='dt-gallery-container gallery galleryid-423554 gallery-columns-2 gallery-size-thumbnail'><dl class='gallery-item'>\n\t\t\t\t<dt class='gallery-icon portrait'>\n\t\t\t\t\t<a class=\"rollover rollover-zoom dt-pswp-item\" title=\"dd091245-1edd-42df-a869-d077fd30b807\" data-dt-img-description=\"\" data-large_image_width=\"980\" data-large_image_height=\"2016\"href='https:\/\/www.radiopiu.net\/wordpress\/wp-content\/uploads\/2024\/12\/dd091245-1edd-42df-a869-d077fd30b807.jpg'><img loading=\"lazy\" decoding=\"async\" width=\"150\" height=\"150\" src=\"https:\/\/www.radiopiu.net\/wordpress\/wp-content\/uploads\/2024\/12\/dd091245-1edd-42df-a869-d077fd30b807-150x150.jpg\" class=\"attachment-thumbnail size-thumbnail\" alt=\"\" \/><\/a>\n\t\t\t\t<\/dt><\/dl><dl class='gallery-item'>\n\t\t\t\t<dt class='gallery-icon portrait'>\n\t\t\t\t\t<a class=\"rollover rollover-zoom dt-pswp-item\" title=\"94b1b47d-c4e3-4b7c-b25e-84690583000e\" data-dt-img-description=\"\" data-large_image_width=\"980\" data-large_image_height=\"2016\"href='https:\/\/www.radiopiu.net\/wordpress\/wp-content\/uploads\/2024\/12\/94b1b47d-c4e3-4b7c-b25e-84690583000e.jpg'><img loading=\"lazy\" decoding=\"async\" width=\"150\" height=\"150\" src=\"https:\/\/www.radiopiu.net\/wordpress\/wp-content\/uploads\/2024\/12\/94b1b47d-c4e3-4b7c-b25e-84690583000e-150x150.jpg\" class=\"attachment-thumbnail size-thumbnail\" alt=\"\" \/><\/a>\n\t\t\t\t<\/dt><\/dl><br style=\"clear: both\" \/>\n\t\t\t<\/div>\n\n<p>&nbsp;<\/p>\n<p>&nbsp;<\/p>\n<p>**********<\/p>\n","protected":false},"excerpt":{"rendered":"<p>******* AGORDO Valpe, incaricata della raccolta rifiuti informa che il disguido verificatosi a San Tomaso \u00e8 stato risolto, con il recupero della mancata raccolta. Nonostante i tentativi, il contatto diretto con l\u2019utente non \u00e8 riuscito. &#8220;L&#8217;errore \u00e8 stato causato dal recente cambio di operatore per il servizio nella zona interessata&#8221;, spiega la societ\u00e0, che ha&hellip;<\/p>\n","protected":false},"author":4,"featured_media":424156,"comment_status":"closed","ping_status":"closed","sticky":false,"template":"","format":"standard","meta":{"_monsterinsights_skip_tracking":false,"_monsterinsights_sitenote_active":false,"_monsterinsights_sitenote_note":"","_monsterinsights_sitenote_category":0,"footnotes":""},"categories":[104,49],"tags":[],"class_list":["post-423554","post","type-post","status-publish","format-standard","has-post-thumbnail","hentry","category-evidenza_3","category-news-18","category-104","category-49","description-off"],"img_url":"https:\/\/www.radiopiu.net\/wordpress\/wp-content\/uploads\/2024\/12\/Senza-nome-52.png","_links":{"self":[{"href":"https:\/\/www.radiopiu.net\/wordpress\/wp-json\/wp\/v2\/posts\/423554","targetHints":{"allow":["GET"]}}],"collection":[{"href":"https:\/\/www.radiopiu.net\/wordpress\/wp-json\/wp\/v2\/posts"}],"about":[{"href":"https:\/\/www.radiopiu.net\/wordpress\/wp-json\/wp\/v2\/types\/post"}],"author":[{"embeddable":true,"href":"https:\/\/www.radiopiu.net\/wordpress\/wp-json\/wp\/v2\/users\/4"}],"replies":[{"embeddable":true,"href":"https:\/\/www.radiopiu.net\/wordpress\/wp-json\/wp\/v2\/comments?post=423554"}],"version-history":[{"count":3,"href":"https:\/\/www.radiopiu.net\/wordpress\/wp-json\/wp\/v2\/posts\/423554\/revisions"}],"predecessor-version":[{"id":424157,"href":"https:\/\/www.radiopiu.net\/wordpress\/wp-json\/wp\/v2\/posts\/423554\/revisions\/424157"}],"wp:featuredmedia":[{"embeddable":true,"href":"https:\/\/www.radiopiu.net\/wordpress\/wp-json\/wp\/v2\/media\/424156"}],"wp:attachment":[{"href":"https:\/\/www.radiopiu.net\/wordpress\/wp-json\/wp\/v2\/media?parent=423554"}],"wp:term":[{"taxonomy":"category","embeddable":true,"href":"https:\/\/www.radiopiu.net\/wordpress\/wp-json\/wp\/v2\/categories?post=423554"},{"taxonomy":"post_tag","embeddable":true,"href":"https:\/\/www.radiopiu.net\/wordpress\/wp-json\/wp\/v2\/tags?post=423554"}],"curies":[{"name":"wp","href":"https:\/\/api.w.org\/{rel}","templated":true}]}}