{"id":423560,"date":"2024-12-07T15:29:20","date_gmt":"2024-12-07T14:29:20","guid":{"rendered":"https:\/\/www.radiopiu.net\/wordpress\/?p=423560"},"modified":"2024-12-07T15:29:20","modified_gmt":"2024-12-07T14:29:20","slug":"probabili-disservizi-allacquedotto-di-agordo","status":"publish","type":"post","link":"https:\/\/www.radiopiu.net\/wordpress\/probabili-disservizi-allacquedotto-di-agordo\/","title":{"rendered":"PROBABILI DISSERVIZI ALL&#8217;ACQUEDOTTO DI AGORDO"},"content":{"rendered":"<p>*******<\/p>\n<p>&nbsp;<\/p>\n<p>Gestione Servizi Pubblici informa che, a causa di un\u2019ingente perdita individuata lungo la rete idrica di Agordo, potranno verificarsi casi di cali di pressione e\/o assenze temporanee d&#8217;acqua in tutto il comune. L\u2019intervento di riparazione \u00e8 gi\u00e0 iniziato ed \u00e8 tuttora in corso, al fine di ripristinare al prima possibile la normale erogazione.<\/p>\n<p>&nbsp;<\/p>\n<p>&nbsp;<\/p>\n<p>&nbsp;<\/p>\n<p>*******<\/p>\n","protected":false},"excerpt":{"rendered":"<p>******* &nbsp; Gestione Servizi Pubblici informa che, a causa di un\u2019ingente perdita individuata lungo la rete idrica di Agordo, potranno verificarsi casi di cali di pressione e\/o assenze temporanee d&#8217;acqua in tutto il comune. L\u2019intervento di riparazione \u00e8 gi\u00e0 iniziato ed \u00e8 tuttora in corso, al fine di ripristinare al prima possibile la normale erogazione.&hellip;<\/p>\n","protected":false},"author":4,"featured_media":348061,"comment_status":"closed","ping_status":"closed","sticky":false,"template":"","format":"standard","meta":{"_monsterinsights_skip_tracking":false,"_monsterinsights_sitenote_active":false,"_monsterinsights_sitenote_note":"","_monsterinsights_sitenote_category":0,"footnotes":""},"categories":[49],"tags":[],"class_list":["post-423560","post","type-post","status-publish","format-standard","has-post-thumbnail","hentry","category-news-18","category-49","description-off"],"img_url":"https:\/\/www.radiopiu.net\/wordpress\/wp-content\/uploads\/2023\/08\/acqua.jpeg","_links":{"self":[{"href":"https:\/\/www.radiopiu.net\/wordpress\/wp-json\/wp\/v2\/posts\/423560","targetHints":{"allow":["GET"]}}],"collection":[{"href":"https:\/\/www.radiopiu.net\/wordpress\/wp-json\/wp\/v2\/posts"}],"about":[{"href":"https:\/\/www.radiopiu.net\/wordpress\/wp-json\/wp\/v2\/types\/post"}],"author":[{"embeddable":true,"href":"https:\/\/www.radiopiu.net\/wordpress\/wp-json\/wp\/v2\/users\/4"}],"replies":[{"embeddable":true,"href":"https:\/\/www.radiopiu.net\/wordpress\/wp-json\/wp\/v2\/comments?post=423560"}],"version-history":[{"count":1,"href":"https:\/\/www.radiopiu.net\/wordpress\/wp-json\/wp\/v2\/posts\/423560\/revisions"}],"predecessor-version":[{"id":423561,"href":"https:\/\/www.radiopiu.net\/wordpress\/wp-json\/wp\/v2\/posts\/423560\/revisions\/423561"}],"wp:featuredmedia":[{"embeddable":true,"href":"https:\/\/www.radiopiu.net\/wordpress\/wp-json\/wp\/v2\/media\/348061"}],"wp:attachment":[{"href":"https:\/\/www.radiopiu.net\/wordpress\/wp-json\/wp\/v2\/media?parent=423560"}],"wp:term":[{"taxonomy":"category","embeddable":true,"href":"https:\/\/www.radiopiu.net\/wordpress\/wp-json\/wp\/v2\/categories?post=423560"},{"taxonomy":"post_tag","embeddable":true,"href":"https:\/\/www.radiopiu.net\/wordpress\/wp-json\/wp\/v2\/tags?post=423560"}],"curies":[{"name":"wp","href":"https:\/\/api.w.org\/{rel}","templated":true}]}}