{"id":423642,"date":"2024-12-08T14:26:10","date_gmt":"2024-12-08T13:26:10","guid":{"rendered":"https:\/\/www.radiopiu.net\/wordpress\/?p=423642"},"modified":"2024-12-08T14:26:10","modified_gmt":"2024-12-08T13:26:10","slug":"ski-civetta-e-il-50esimo-di-dolomiti-superski","status":"publish","type":"post","link":"https:\/\/www.radiopiu.net\/wordpress\/ski-civetta-e-il-50esimo-di-dolomiti-superski\/","title":{"rendered":"SKI CIVETTA E IL 50ESIMO DI DOLOMITI SUPERSKI"},"content":{"rendered":"<p>******<\/p>\n<p>&nbsp;<\/p>\n<p><strong>ALLEGHE <\/strong>I primi 50 anni di Dolomiti Superski vengono festeggiati ormai da mesi in tutte le localit\u00e0 del carosello sciistico pi\u00f9 grande al mondo, che riunisce sotto la sua egida ben 12 comprensori nell\u2019arco dolomitico. Sabato 14 dicembre sar\u00e0 il turno dell\u2019area Ski Civetta che per l\u2019occasione propone presso il Palaghiaccio di Alleghe (BL) la cerimonia celebrativa, arricchendola con due interessanti tavole rotonde che affrontano il legame fra sport e territorio attraverso l\u2019analisi di tematiche come l\u2019economia di montagna, i grandi eventi e i fattori per lo sviluppo locale, e ancora le opportunit\u00e0 di crescita legate al progetto di collegamento sciistico di Ski Civetta con Cortina Skiworld. Dalle 10 di sabato 14 dicembre popolazione locale e interessati sono invitati presso la sala congressi \u201cFranceschini\u201d del Palaghiaccio di Alleghe dove la cerimonia si aprir\u00e0 con brevi saluti istituzionali e un primo tavolo di confronto dal titolo \u201cEconomia della montagna, Grandi eventi, fattori di sviluppo\u201d. Interverranno Marco Grigoletto, presidente dell\u2019Associazione Nazionale Esercenti Funiviari (ANEF) del Veneto, Alessandro Belli, Adjunct Professor in finanza immobiliare presso la Luiss Business School Head of Hotel Investments C&amp;W Italy, Enrico Pirollo, presidente di Val Fiorentina Spa.\u00a0 Si discuter\u00e0 sui fattori di sviluppo che possono determinare una crescita sostenibile dell\u2019economia della montagna, sul ruolo responsabile della gestione degli impianti di risalita motore del sistema turistico montano ed opportunit\u00e0 di sviluppo, sullo stato del settore turistico-alberghiero anche in relazione agli investimenti generati dai grandi eventi in prospettiva dei Giochi Olimpici e Paralimpici Invernali di Milano Cortina 2026. La mattinata in compagnia dei festeggiamenti per il 50\u00b0 di Dolomiti Superski culminer\u00e0 con la consegna delle onorificenze da parte del Presidente di Dolomiti Superski Andy Varallo e del Presidente del Consorzio Impianti a Fune Civetta Cesare Sorar\u00f9 alle personalit\u00e0 del territorio che si sono contraddistinte durante i primi cinque decenni di attivit\u00e0 del carosello sciistico. Durante la cerimonia ci saranno tempo e spazio anche per ripercorrere in modo originale e interessante la storia del comprensorio Ski Civetta, dalla sua nascita alla costante evoluzione che negli anni l\u2019ha portato ad essere una destinazione rinomata e a far parte del carosello sciistico pi\u00f9 esteso al mondo che vanta ben 1200 km di piste. A seguire, la tavola rotonda dal titolo \u201cIl collegamento sciistico Ski Civetta \u2013 Cortina Skiworld, un progetto strategico e determinante per lo sviluppo dalla montagna veneta\u201d animer\u00e0 la seconda parte della coinvolgente mattinata, con il confronto fra gli attori economici e di governo dei territori che discuteranno da vari punti di vista le opportunit\u00e0 sull\u2019ipotesi progettuale di collegamento fra le realt\u00e0 sciistiche del Civetta e di Cortina.<\/p>\n\n\t\t\t<style type='text\/css'>\n\t\t\t\t#gallery-1 {\n\t\t\t\t\tmargin: auto;\n\t\t\t\t}\n\t\t\t\t#gallery-1 .gallery-item {\n\t\t\t\t\tfloat: left;\n\t\t\t\t\tmargin-top: 10px;\n\t\t\t\t\ttext-align: center;\n\t\t\t\t\twidth: 25%;\n\t\t\t\t}\n\t\t\t\t#gallery-1 img {\n\t\t\t\t\tborder: 2px solid #cfcfcf;\n\t\t\t\t}\n\t\t\t\t#gallery-1 .gallery-caption {\n\t\t\t\t\tmargin-left: 0;\n\t\t\t\t}\n\t\t\t\t\/* see gallery_shortcode() in wp-includes\/media.php *\/\n\t\t\t<\/style>\n\t\t<div id='gallery-1' class='dt-gallery-container gallery galleryid-423642 gallery-columns-4 gallery-size-thumbnail'><dl class='gallery-item'>\n\t\t\t\t<dt class='gallery-icon landscape'>\n\t\t\t\t\t<a class=\"rollover rollover-zoom dt-pswp-item\" title=\"Alleghe foto8\" data-dt-img-description=\"\" data-large_image_width=\"2560\" data-large_image_height=\"1818\"href='https:\/\/www.radiopiu.net\/wordpress\/wp-content\/uploads\/2024\/12\/Alleghe-foto8-scaled.jpg'><img loading=\"lazy\" decoding=\"async\" width=\"150\" height=\"150\" src=\"https:\/\/www.radiopiu.net\/wordpress\/wp-content\/uploads\/2024\/12\/Alleghe-foto8-150x150.jpg\" class=\"attachment-thumbnail size-thumbnail\" alt=\"\" \/><\/a>\n\t\t\t\t<\/dt><\/dl><dl class='gallery-item'>\n\t\t\t\t<dt class='gallery-icon landscape'>\n\t\t\t\t\t<a class=\"rollover rollover-zoom dt-pswp-item\" title=\"Alleghe foto9\" data-dt-img-description=\"\" data-large_image_width=\"2560\" data-large_image_height=\"1753\"href='https:\/\/www.radiopiu.net\/wordpress\/wp-content\/uploads\/2024\/12\/Alleghe-foto9-scaled.jpg'><img loading=\"lazy\" decoding=\"async\" width=\"150\" height=\"150\" src=\"https:\/\/www.radiopiu.net\/wordpress\/wp-content\/uploads\/2024\/12\/Alleghe-foto9-150x150.jpg\" class=\"attachment-thumbnail size-thumbnail\" alt=\"\" \/><\/a>\n\t\t\t\t<\/dt><\/dl><dl class='gallery-item'>\n\t\t\t\t<dt class='gallery-icon landscape'>\n\t\t\t\t\t<a class=\"rollover rollover-zoom dt-pswp-item\" title=\"foto17\" data-dt-img-description=\"\" data-large_image_width=\"2560\" data-large_image_height=\"2560\"href='https:\/\/www.radiopiu.net\/wordpress\/wp-content\/uploads\/2024\/12\/foto17-scaled.jpg'><img loading=\"lazy\" decoding=\"async\" width=\"150\" height=\"150\" src=\"https:\/\/www.radiopiu.net\/wordpress\/wp-content\/uploads\/2024\/12\/foto17-150x150.jpg\" class=\"attachment-thumbnail size-thumbnail\" alt=\"\" srcset=\"https:\/\/www.radiopiu.net\/wordpress\/wp-content\/uploads\/2024\/12\/foto17-150x150.jpg 150w, https:\/\/www.radiopiu.net\/wordpress\/wp-content\/uploads\/2024\/12\/foto17-300x300.jpg 300w, https:\/\/www.radiopiu.net\/wordpress\/wp-content\/uploads\/2024\/12\/foto17-1024x1024.jpg 1024w, https:\/\/www.radiopiu.net\/wordpress\/wp-content\/uploads\/2024\/12\/foto17-768x768.jpg 768w, https:\/\/www.radiopiu.net\/wordpress\/wp-content\/uploads\/2024\/12\/foto17-1536x1536.jpg 1536w, https:\/\/www.radiopiu.net\/wordpress\/wp-content\/uploads\/2024\/12\/foto17-2048x2048.jpg 2048w\" sizes=\"auto, (max-width: 150px) 100vw, 150px\" \/><\/a>\n\t\t\t\t<\/dt><\/dl><dl class='gallery-item'>\n\t\t\t\t<dt class='gallery-icon landscape'>\n\t\t\t\t\t<a class=\"rollover rollover-zoom dt-pswp-item\" title=\"foto18\" data-dt-img-description=\"\" data-large_image_width=\"2560\" data-large_image_height=\"2560\"href='https:\/\/www.radiopiu.net\/wordpress\/wp-content\/uploads\/2024\/12\/foto18-scaled.jpg'><img loading=\"lazy\" decoding=\"async\" width=\"150\" height=\"150\" src=\"https:\/\/www.radiopiu.net\/wordpress\/wp-content\/uploads\/2024\/12\/foto18-150x150.jpg\" class=\"attachment-thumbnail size-thumbnail\" alt=\"\" srcset=\"https:\/\/www.radiopiu.net\/wordpress\/wp-content\/uploads\/2024\/12\/foto18-150x150.jpg 150w, https:\/\/www.radiopiu.net\/wordpress\/wp-content\/uploads\/2024\/12\/foto18-300x300.jpg 300w, https:\/\/www.radiopiu.net\/wordpress\/wp-content\/uploads\/2024\/12\/foto18-1024x1024.jpg 1024w, https:\/\/www.radiopiu.net\/wordpress\/wp-content\/uploads\/2024\/12\/foto18-768x768.jpg 768w, https:\/\/www.radiopiu.net\/wordpress\/wp-content\/uploads\/2024\/12\/foto18-1536x1536.jpg 1536w, https:\/\/www.radiopiu.net\/wordpress\/wp-content\/uploads\/2024\/12\/foto18-2048x2048.jpg 2048w\" sizes=\"auto, (max-width: 150px) 100vw, 150px\" \/><\/a>\n\t\t\t\t<\/dt><\/dl><br style=\"clear: both\" \/><dl class='gallery-item'>\n\t\t\t\t<dt class='gallery-icon landscape'>\n\t\t\t\t\t<a class=\"rollover rollover-zoom dt-pswp-item\" title=\"foto20\" data-dt-img-description=\"\" data-large_image_width=\"2560\" data-large_image_height=\"1862\"href='https:\/\/www.radiopiu.net\/wordpress\/wp-content\/uploads\/2024\/12\/foto20-scaled.jpg'><img loading=\"lazy\" decoding=\"async\" width=\"150\" height=\"150\" src=\"https:\/\/www.radiopiu.net\/wordpress\/wp-content\/uploads\/2024\/12\/foto20-150x150.jpg\" class=\"attachment-thumbnail size-thumbnail\" alt=\"\" \/><\/a>\n\t\t\t\t<\/dt><\/dl><dl class='gallery-item'>\n\t\t\t\t<dt class='gallery-icon landscape'>\n\t\t\t\t\t<a class=\"rollover rollover-zoom dt-pswp-item\" title=\"Partenza Coppa del Mondo\" data-dt-img-description=\"\" data-large_image_width=\"2560\" data-large_image_height=\"1706\"href='https:\/\/www.radiopiu.net\/wordpress\/wp-content\/uploads\/2024\/12\/Partenza-Coppa-del-Mondo-scaled.jpg'><img loading=\"lazy\" decoding=\"async\" width=\"150\" height=\"150\" src=\"https:\/\/www.radiopiu.net\/wordpress\/wp-content\/uploads\/2024\/12\/Partenza-Coppa-del-Mondo-150x150.jpg\" class=\"attachment-thumbnail size-thumbnail\" alt=\"\" \/><\/a>\n\t\t\t\t<\/dt><\/dl><dl class='gallery-item'>\n\t\t\t\t<dt class='gallery-icon landscape'>\n\t\t\t\t\t<a class=\"rollover rollover-zoom dt-pswp-item\" title=\"Rifugio Pian del Crep anni 70\" data-dt-img-description=\"\" data-large_image_width=\"2560\" data-large_image_height=\"1800\"href='https:\/\/www.radiopiu.net\/wordpress\/wp-content\/uploads\/2024\/12\/Rifugio-Pian-del-Crep-anni-70-scaled.jpg'><img loading=\"lazy\" decoding=\"async\" width=\"150\" height=\"150\" src=\"https:\/\/www.radiopiu.net\/wordpress\/wp-content\/uploads\/2024\/12\/Rifugio-Pian-del-Crep-anni-70-150x150.jpg\" class=\"attachment-thumbnail size-thumbnail\" alt=\"\" \/><\/a>\n\t\t\t\t<\/dt><\/dl><dl class='gallery-item'>\n\t\t\t\t<dt class='gallery-icon landscape'>\n\t\t\t\t\t<a class=\"rollover rollover-zoom dt-pswp-item\" title=\"Silvia Panciera\" data-dt-img-description=\"\" data-large_image_width=\"2560\" data-large_image_height=\"1500\"href='https:\/\/www.radiopiu.net\/wordpress\/wp-content\/uploads\/2024\/12\/Silvia-Panciera-scaled.jpg'><img loading=\"lazy\" decoding=\"async\" width=\"150\" height=\"150\" src=\"https:\/\/www.radiopiu.net\/wordpress\/wp-content\/uploads\/2024\/12\/Silvia-Panciera-150x150.jpg\" class=\"attachment-thumbnail size-thumbnail\" alt=\"\" \/><\/a>\n\t\t\t\t<\/dt><\/dl><br style=\"clear: both\" \/>\n\t\t\t<\/div>\n\n<p>&nbsp;<\/p>\n<p>&nbsp;<\/p>\n<p>&nbsp;<\/p>\n<p>&nbsp;<\/p>\n<p>*******<\/p>\n","protected":false},"excerpt":{"rendered":"<p>****** &nbsp; ALLEGHE I primi 50 anni di Dolomiti Superski vengono festeggiati ormai da mesi in tutte le localit\u00e0 del carosello sciistico pi\u00f9 grande al mondo, che riunisce sotto la sua egida ben 12 comprensori nell\u2019arco dolomitico. Sabato 14 dicembre sar\u00e0 il turno dell\u2019area Ski Civetta che per l\u2019occasione propone presso il Palaghiaccio di Alleghe&hellip;<\/p>\n","protected":false},"author":4,"featured_media":423643,"comment_status":"closed","ping_status":"closed","sticky":false,"template":"","format":"standard","meta":{"_monsterinsights_skip_tracking":false,"_monsterinsights_sitenote_active":false,"_monsterinsights_sitenote_note":"","_monsterinsights_sitenote_category":0,"footnotes":""},"categories":[49],"tags":[],"class_list":["post-423642","post","type-post","status-publish","format-standard","has-post-thumbnail","hentry","category-news-18","category-49","description-off"],"img_url":"https:\/\/www.radiopiu.net\/wordpress\/wp-content\/uploads\/2024\/12\/Alleghe-foto8-scaled.jpg","_links":{"self":[{"href":"https:\/\/www.radiopiu.net\/wordpress\/wp-json\/wp\/v2\/posts\/423642","targetHints":{"allow":["GET"]}}],"collection":[{"href":"https:\/\/www.radiopiu.net\/wordpress\/wp-json\/wp\/v2\/posts"}],"about":[{"href":"https:\/\/www.radiopiu.net\/wordpress\/wp-json\/wp\/v2\/types\/post"}],"author":[{"embeddable":true,"href":"https:\/\/www.radiopiu.net\/wordpress\/wp-json\/wp\/v2\/users\/4"}],"replies":[{"embeddable":true,"href":"https:\/\/www.radiopiu.net\/wordpress\/wp-json\/wp\/v2\/comments?post=423642"}],"version-history":[{"count":1,"href":"https:\/\/www.radiopiu.net\/wordpress\/wp-json\/wp\/v2\/posts\/423642\/revisions"}],"predecessor-version":[{"id":423651,"href":"https:\/\/www.radiopiu.net\/wordpress\/wp-json\/wp\/v2\/posts\/423642\/revisions\/423651"}],"wp:featuredmedia":[{"embeddable":true,"href":"https:\/\/www.radiopiu.net\/wordpress\/wp-json\/wp\/v2\/media\/423643"}],"wp:attachment":[{"href":"https:\/\/www.radiopiu.net\/wordpress\/wp-json\/wp\/v2\/media?parent=423642"}],"wp:term":[{"taxonomy":"category","embeddable":true,"href":"https:\/\/www.radiopiu.net\/wordpress\/wp-json\/wp\/v2\/categories?post=423642"},{"taxonomy":"post_tag","embeddable":true,"href":"https:\/\/www.radiopiu.net\/wordpress\/wp-json\/wp\/v2\/tags?post=423642"}],"curies":[{"name":"wp","href":"https:\/\/api.w.org\/{rel}","templated":true}]}}