{"id":423700,"date":"2024-12-10T05:52:43","date_gmt":"2024-12-10T04:52:43","guid":{"rendered":"https:\/\/www.radiopiu.net\/wordpress\/?p=423700"},"modified":"2024-12-10T09:34:05","modified_gmt":"2024-12-10T08:34:05","slug":"giornale-radiopiu-10-dicembre-2024-direttore-mirko-mezzacasada-41-anni-25-giugno-1983-25-giugno-2024","status":"publish","type":"post","link":"https:\/\/www.radiopiu.net\/wordpress\/giornale-radiopiu-10-dicembre-2024-direttore-mirko-mezzacasada-41-anni-25-giugno-1983-25-giugno-2024\/","title":{"rendered":"GIORNALE RADIOPIU 10 DICEMBRE 2024 DIRETTORE MIRKO MEZZACASA\u2026DA 41 ANNI 25 GIUGNO 1983-25 GIUGNO 2024"},"content":{"rendered":"<p>*****<\/p>\n<p>&nbsp;<\/p>\n<p><em><span style=\"color: #ff0000;\"><a class=\"dt-pswp-item\" href=\"https:\/\/www.radiopiu.net\/wordpress\/wp-content\/uploads\/2024\/10\/Senza-nome-8.png\" data-dt-img-description=\"\" data-large_image_width=\"343\" data-large_image_height=\"303\"><img loading=\"lazy\" decoding=\"async\" class=\"wp-image-412130 alignleft\" src=\"https:\/\/www.radiopiu.net\/wordpress\/wp-content\/uploads\/2024\/10\/Senza-nome-8-300x265.png\" alt=\"\" width=\"105\" height=\"93\" srcset=\"https:\/\/www.radiopiu.net\/wordpress\/wp-content\/uploads\/2024\/10\/Senza-nome-8-300x265.png 300w, https:\/\/www.radiopiu.net\/wordpress\/wp-content\/uploads\/2024\/10\/Senza-nome-8.png 343w\" sizes=\"auto, (max-width: 105px) 100vw, 105px\" \/><\/a><\/span><\/em><strong><em><span style=\"color: #ff0000;\"> LA\u00a0 APP PER IOS-IPHONE di Nicola Vettorello<\/span><\/em><\/strong><\/p>\n<p><strong><span style=\"color: #0000ff;\"><a style=\"color: #0000ff;\" href=\"https:\/\/apps.apple.com\/it\/app\/radio-pi%C3%B9-emittente-agordina\/id1515939845\">https:\/\/apps.apple.com\/it\/app\/radio-pi%C3%B9-emittente-agordina\/id1515939845<\/a><\/span><\/strong><\/p>\n<p><strong><em style=\"color: #ff0000;\">LA\u00a0 APP RADIO\u00a0 PER ANDROID di Nicola Vettorello<\/em><\/strong><\/p>\n<p><strong><span style=\"color: #0000ff;\"><a style=\"color: #0000ff;\" href=\"https:\/\/play.google.com\/store\/apps\/details?id=net.radiopiu.iniko\" target=\"_blank\" rel=\"noopener noreferrer\">https:\/\/<\/a><a style=\"color: #0000ff;\" href=\"https:\/\/play.google.com\/store\/apps\/details?id=net.radiopiu.iniko\" target=\"_blank\" rel=\"noopener noreferrer\">play.google.com\/store\/apps\/details?id=net.radiopiu.iniko\u00a0\u00a0\u00a0<\/a><\/span><\/strong><\/p>\n<p>&nbsp;<\/p>\n<p>&nbsp;<\/p>\n<hr \/>\n<p>&nbsp;<\/p>\n<p><strong><span style=\"color: #ff0000;\"><a class=\"dt-pswp-item\" href=\"https:\/\/www.radiopiu.net\/wordpress\/wp-content\/uploads\/2024\/12\/Senza-nome-50.png\" data-dt-img-description=\"\" data-large_image_width=\"207\" data-large_image_height=\"149\"><img loading=\"lazy\" decoding=\"async\" class=\" wp-image-424103 alignleft\" src=\"https:\/\/www.radiopiu.net\/wordpress\/wp-content\/uploads\/2024\/12\/Senza-nome-50.png\" alt=\"\" width=\"149\" height=\"107\" \/><\/a>OGGI A RADIO PIU&#8217;&#8230; TRA L&#8217;ALTRO:<\/span>\u00a0<\/strong> <span style=\"color: #ff0000;\">10 10<\/span> MUSLA, LE NOTIZIE IN LADINO CON , A SEGUIRE <span style=\"color: #ff0000;\">10.30\u00a0<\/span> NEL REPORTER\u00a0 CON FRANCESCO ZILLIO, EPCENTER&#8230;LE LUCI DI NATALE NON SONO FUOCHI ARTIFICIALI\u00a0 (foto) <span style=\"color: #ff0000;\">13.10<\/span>\u00a0 RIVA NADAL IN VALLE IMPERINA, DOMENICA: CON GIACOMO BRESSAN E FEDERICA MEZZACASA\u00a0 <span style=\"color: #ff0000;\">15<\/span> IL POMERIGGIO, IL MARTEDI CON LUISA ALCHINI progetto CSV\u00a0 <span style=\"color: #ff0000;\">16:35<\/span> AGORDINA IN PRIMA LINEA CON MARCO GAZ, IL CALCIO ALLA RADIO<\/p>\n<p>&nbsp;<\/p>\n<p><strong>rassegna stampa nazionale,<\/strong> ogni giorno alle 5 e alle 6 del mattino.<br \/>\ngiornali locali 7 rassegna stampa flash, 8 rassegna stampa, gr flash alle 10 e alle 11, principale 12.30. Informazione pomeriggio ogni ora fino alle 20, in coda ai notiziari nazionali. Giornale radio nazionale: ogni ora dalle 4 del mattino, alle 20 della sera. Alle 19 le anticipazioni dal TG di Antenna 3 di Tiziana Bolognani.<\/p>\n<p>&nbsp;<\/p>\n<p>&nbsp;<\/p>\n<hr \/>\n<p>&nbsp;<\/p>\n<p>&nbsp;<\/p>\n<div class=\"x11i5rnm xat24cr x1mh8g0r x1vvkbs xtlvy1s x126k92a\">\n<div dir=\"auto\">\n<div dir=\"auto\">\n<p><strong><a class=\"dt-pswp-item\" href=\"https:\/\/www.radiopiu.net\/wordpress\/wp-content\/uploads\/2024\/02\/2d44e751-d8a8-461b-8e22-d8e4e853b032.jpg\" data-dt-img-description=\"\" data-large_image_width=\"1600\" data-large_image_height=\"1200\"><img loading=\"lazy\" decoding=\"async\" class=\"wp-image-373307 alignleft\" src=\"https:\/\/www.radiopiu.net\/wordpress\/wp-content\/uploads\/2024\/02\/2d44e751-d8a8-461b-8e22-d8e4e853b032-300x225.jpg\" alt=\"\" width=\"105\" height=\"79\" srcset=\"https:\/\/www.radiopiu.net\/wordpress\/wp-content\/uploads\/2024\/02\/2d44e751-d8a8-461b-8e22-d8e4e853b032-300x225.jpg 300w, https:\/\/www.radiopiu.net\/wordpress\/wp-content\/uploads\/2024\/02\/2d44e751-d8a8-461b-8e22-d8e4e853b032-1024x768.jpg 1024w, https:\/\/www.radiopiu.net\/wordpress\/wp-content\/uploads\/2024\/02\/2d44e751-d8a8-461b-8e22-d8e4e853b032-768x576.jpg 768w, https:\/\/www.radiopiu.net\/wordpress\/wp-content\/uploads\/2024\/02\/2d44e751-d8a8-461b-8e22-d8e4e853b032-1536x1152.jpg 1536w, https:\/\/www.radiopiu.net\/wordpress\/wp-content\/uploads\/2024\/02\/2d44e751-d8a8-461b-8e22-d8e4e853b032.jpg 1600w\" sizes=\"auto, (max-width: 105px) 100vw, 105px\" \/><\/a>EL BAL DEL FIOR, DI GIULIANA DA RONCH, 10 DICEMBRE<\/strong><strong>\u00a02024<\/strong><\/p>\n<\/div>\n<\/div>\n<\/div>\n<div><\/div>\n<div><\/div>\n<div><\/div>\n<div>\n<audio class=\"wp-audio-shortcode\" id=\"audio-423700-1\" preload=\"none\" style=\"width: 100%;\" controls=\"controls\"><source type=\"audio\/mpeg\" src=\"https:\/\/www.radiopiu.net\/wordpress\/wp-content\/uploads\/2024\/12\/GMA-1.mp3?_=1\" \/><a href=\"https:\/\/www.radiopiu.net\/wordpress\/wp-content\/uploads\/2024\/12\/GMA-1.mp3\">https:\/\/www.radiopiu.net\/wordpress\/wp-content\/uploads\/2024\/12\/GMA-1.mp3<\/a><\/audio>\n<\/div>\n<div><\/div>\n<hr \/>\n<p>&nbsp;<\/p>\n<p>&nbsp;<\/p>\n<div class=\"x11i5rnm xat24cr x1mh8g0r x1vvkbs xtlvy1s x126k92a\">\n<h1><span style=\"color: #ff0000;\"><a class=\"dt-pswp-item\" href=\"https:\/\/www.radiopiu.net\/wordpress\/wp-content\/uploads\/2024\/06\/th-5.jpg\" data-dt-img-description=\"\" data-large_image_width=\"326\" data-large_image_height=\"180\"><img loading=\"lazy\" decoding=\"async\" class=\"size-medium wp-image-395881 alignleft\" src=\"https:\/\/www.radiopiu.net\/wordpress\/wp-content\/uploads\/2024\/06\/th-5-300x166.jpg\" alt=\"\" width=\"300\" height=\"166\" srcset=\"https:\/\/www.radiopiu.net\/wordpress\/wp-content\/uploads\/2024\/06\/th-5-300x166.jpg 300w, https:\/\/www.radiopiu.net\/wordpress\/wp-content\/uploads\/2024\/06\/th-5.jpg 326w\" sizes=\"auto, (max-width: 300px) 100vw, 300px\" \/><\/a><\/span><\/h1>\n<h1><\/h1>\n<h1><\/h1>\n<h1><span style=\"color: #000000;\">10 DICEMBRE&#8230; alla radio l&#8217;almanacco\u00a0<\/span><\/h1>\n<\/div>\n<div class=\"x11i5rnm xat24cr x1mh8g0r x1vvkbs xtlvy1s x126k92a\">\n<audio class=\"wp-audio-shortcode\" id=\"audio-423700-2\" preload=\"none\" style=\"width: 100%;\" controls=\"controls\"><source type=\"audio\/mpeg\" src=\"https:\/\/www.radiopiu.net\/wordpress\/wp-content\/uploads\/2024\/12\/ALMANACCONEW-7.mp3?_=2\" \/><a href=\"https:\/\/www.radiopiu.net\/wordpress\/wp-content\/uploads\/2024\/12\/ALMANACCONEW-7.mp3\">https:\/\/www.radiopiu.net\/wordpress\/wp-content\/uploads\/2024\/12\/ALMANACCONEW-7.mp3<\/a><\/audio>\n<p>&nbsp;<\/p>\n<p>&nbsp;<\/p>\n<hr \/>\n<p>&nbsp;<\/p>\n<p>&nbsp;<\/p>\n<blockquote>\n<h1><strong><a class=\"dt-pswp-item\" href=\"https:\/\/www.radiopiu.net\/wordpress\/wp-content\/uploads\/2024\/10\/629301fd-708d-4f53-95c2-d28cbefd500f.jpg\" data-dt-img-description=\"\" data-large_image_width=\"1600\" data-large_image_height=\"1322\"><img loading=\"lazy\" decoding=\"async\" class=\"wp-image-413782 alignright\" src=\"https:\/\/www.radiopiu.net\/wordpress\/wp-content\/uploads\/2024\/10\/629301fd-708d-4f53-95c2-d28cbefd500f-300x248.jpg\" alt=\"\" width=\"106\" height=\"88\" srcset=\"https:\/\/www.radiopiu.net\/wordpress\/wp-content\/uploads\/2024\/10\/629301fd-708d-4f53-95c2-d28cbefd500f-300x248.jpg 300w, https:\/\/www.radiopiu.net\/wordpress\/wp-content\/uploads\/2024\/10\/629301fd-708d-4f53-95c2-d28cbefd500f-1024x846.jpg 1024w, https:\/\/www.radiopiu.net\/wordpress\/wp-content\/uploads\/2024\/10\/629301fd-708d-4f53-95c2-d28cbefd500f-768x635.jpg 768w, https:\/\/www.radiopiu.net\/wordpress\/wp-content\/uploads\/2024\/10\/629301fd-708d-4f53-95c2-d28cbefd500f-1536x1269.jpg 1536w, https:\/\/www.radiopiu.net\/wordpress\/wp-content\/uploads\/2024\/10\/629301fd-708d-4f53-95c2-d28cbefd500f.jpg 1600w\" sizes=\"auto, (max-width: 106px) 100vw, 106px\" \/><\/a><\/strong><\/h1>\n<h1><strong><a class=\"dt-pswp-item\" href=\"https:\/\/www.radiopiu.net\/wordpress\/wp-content\/uploads\/2024\/11\/th-18.jpg\" data-dt-img-description=\"\" data-large_image_width=\"156\" data-large_image_height=\"180\"><img loading=\"lazy\" decoding=\"async\" class=\"size-full wp-image-421611 alignleft\" src=\"https:\/\/www.radiopiu.net\/wordpress\/wp-content\/uploads\/2024\/11\/th-18.jpg\" alt=\"\" width=\"156\" height=\"180\" \/><\/a><\/strong><\/h1>\n<h1><strong>N di parom &#8211; L Almanach de la nosta jent<\/strong><\/h1>\n<\/blockquote>\n<p>&nbsp;<\/p>\n<p>Le voci: Davide Conedera, Agordo, Michela Dell&#8217;Osbel, La Valle Agordina Simone Ganz, Falcade Veronica Lezuo, Colle Santa Lucia. La voce nella sigla \u00e8 di Giorgia Taio<\/p>\n<p>&nbsp;<\/p>\n<p><strong>LA PUNTATA DI OGGI, 10 DICEMBRE<\/strong><\/p>\n<audio class=\"wp-audio-shortcode\" id=\"audio-423700-3\" preload=\"none\" style=\"width: 100%;\" controls=\"controls\"><source type=\"audio\/mpeg\" src=\"https:\/\/www.radiopiu.net\/wordpress\/wp-content\/uploads\/2024\/12\/AL2-1.mp3?_=3\" \/><a href=\"https:\/\/www.radiopiu.net\/wordpress\/wp-content\/uploads\/2024\/12\/AL2-1.mp3\">https:\/\/www.radiopiu.net\/wordpress\/wp-content\/uploads\/2024\/12\/AL2-1.mp3<\/a><\/audio>\n<\/div>\n<div class=\"x11i5rnm xat24cr x1mh8g0r x1vvkbs xtlvy1s x126k92a\">\n<p>&nbsp;<\/p>\n<div dir=\"auto\">\n<hr \/>\n<\/div>\n<\/div>\n<blockquote>\n<blockquote>\n<h1><span style=\"color: #ff0000;\">\u00a0<\/span><\/h1>\n<h1><span style=\"color: #ff0000;\">I podcast informativi del mattino &#8211; audio &#8211;\u00a0\u00a0<\/span><\/h1>\n<\/blockquote>\n<p><strong><a class=\"dt-pswp-item\" href=\"https:\/\/www.radiopiu.net\/wordpress\/wp-content\/uploads\/2024\/11\/6.jpg\" data-dt-img-description=\"\" data-large_image_width=\"177\" data-large_image_height=\"180\"><img loading=\"lazy\" decoding=\"async\" class=\"size-full wp-image-417911 alignleft\" src=\"https:\/\/www.radiopiu.net\/wordpress\/wp-content\/uploads\/2024\/11\/6.jpg\" alt=\"\" width=\"177\" height=\"180\" \/><\/a>LA RASSEGNA STAMPA NAZIONALE ALLA RADIO, OGNI GIORNO ALLE 5 E ALLE 6 DEL MATTINO <span style=\"color: #0000ff;\">viene pubblicata alle 6.00 <span style=\"color: #ff0000;\">DIRETTA RADIO\u00a0 \u00a0\u00a0<\/span><\/span><\/strong><\/p><\/blockquote>\n<p>&nbsp;<\/p>\n<p><strong>NOTIZIE DELLA NOTTE<\/strong><\/p>\n<p><strong>Siria:<\/strong> media, &#8216;forti esplosioni a Damasco&#8217; <strong>Ceo<\/strong> ucciso, sospetto killer incriminato per omicidio a NY <strong>Nyt,<\/strong> Murdoch sconfitto, controllo impero sar\u00e0 diviso tra 4 figli <strong>75 premi Nobel<\/strong> contro la conferma di Rfk a ministro Sanit\u00e0 <strong>Hezbollah<\/strong> condanna raid Israele in Siria, &#8216;noi con i siriani&#8217; <strong>Usa<\/strong>, incursione israeliana in Siria deve essere temporanea <strong>Blinken,<\/strong> determinati a non lasciare spazio a Isis in Siria<\/p>\n<h2>AUDIO dalle 6 del mattino<\/h2>\n<audio class=\"wp-audio-shortcode\" id=\"audio-423700-4\" preload=\"none\" style=\"width: 100%;\" controls=\"controls\"><source type=\"audio\/mpeg\" src=\"https:\/\/www.radiopiu.net\/wordpress\/wp-content\/uploads\/2024\/12\/GIORNALEDELLESEI-7.mp3?_=4\" \/><a href=\"https:\/\/www.radiopiu.net\/wordpress\/wp-content\/uploads\/2024\/12\/GIORNALEDELLESEI-7.mp3\">https:\/\/www.radiopiu.net\/wordpress\/wp-content\/uploads\/2024\/12\/GIORNALEDELLESEI-7.mp3<\/a><\/audio>\n<p>&nbsp;<\/p>\n<hr \/>\n<p>&nbsp;<\/p>\n<h1 style=\"text-align: center;\"><span style=\"color: #ff0000;\"><a class=\"dt-pswp-item\" href=\"https:\/\/www.radiopiu.net\/wordpress\/wp-content\/uploads\/2024\/11\/7.jpg\" data-dt-img-description=\"\" data-large_image_width=\"180\" data-large_image_height=\"180\"><img loading=\"lazy\" decoding=\"async\" class=\"size-full wp-image-417912 alignleft\" src=\"https:\/\/www.radiopiu.net\/wordpress\/wp-content\/uploads\/2024\/11\/7.jpg\" alt=\"\" width=\"180\" height=\"180\" srcset=\"https:\/\/www.radiopiu.net\/wordpress\/wp-content\/uploads\/2024\/11\/7.jpg 180w, https:\/\/www.radiopiu.net\/wordpress\/wp-content\/uploads\/2024\/11\/7-150x150.jpg 150w\" sizes=\"auto, (max-width: 180px) 100vw, 180px\" \/><\/a>I podcast informativi del mattino &#8211; audio &#8211;\u00a0<\/span><\/h1>\n<p><strong>OGNI GIORNO ALLE SETTE DEL MATTINO, LA RASSEGNA STAMPA LOCALE FLASH&#8230; PER CHI VA IN FRETTA. I TITOLI DAI GIORNALI E DAL SITO WWW.RADIOPIU.NET <span style=\"color: #0000ff;\">viene pubblicato alle 7.00<\/span> <span style=\"color: #ff0000;\">DIRETTA RADIO\u00a0<\/span><\/strong><\/p>\n<p><em><span style=\"color: #ff0000;\">per chi va in fretta&#8230; tante notizie in pochi minuti. L&#8217;informazione locale alla radio, ogni ora dalle 7 del mattino alle 19 della sera.<\/span><\/em><\/p>\n<h1><\/h1>\n<h1>AUDIO dalle 7 del mattino<\/h1>\n<audio class=\"wp-audio-shortcode\" id=\"audio-423700-5\" preload=\"none\" style=\"width: 100%;\" controls=\"controls\"><source type=\"audio\/mpeg\" src=\"https:\/\/www.radiopiu.net\/wordpress\/wp-content\/uploads\/2024\/12\/GF07-7.mp3?_=5\" \/><a href=\"https:\/\/www.radiopiu.net\/wordpress\/wp-content\/uploads\/2024\/12\/GF07-7.mp3\">https:\/\/www.radiopiu.net\/wordpress\/wp-content\/uploads\/2024\/12\/GF07-7.mp3<\/a><\/audio>\n<p>&nbsp;<\/p>\n<hr \/>\n<p>&nbsp;<\/p>\n<h1><\/h1>\n<h1 style=\"text-align: center;\"><span style=\"color: #ff0000;\"><a class=\"dt-pswp-item\" href=\"https:\/\/www.radiopiu.net\/wordpress\/wp-content\/uploads\/2024\/11\/th.jpg\" data-dt-img-description=\"\" data-large_image_width=\"148\" data-large_image_height=\"179\"><img loading=\"lazy\" decoding=\"async\" class=\"size-full wp-image-417913 alignleft\" src=\"https:\/\/www.radiopiu.net\/wordpress\/wp-content\/uploads\/2024\/11\/th.jpg\" alt=\"\" width=\"148\" height=\"179\" \/><\/a>I podcast informativi del mattino &#8211; audio &#8211;\u00a0<\/span><\/h1>\n<blockquote><p><strong>GIORNALE RADIO NAZIONALE, EDIZIONE DELLE SETTE <span style=\"color: #0000ff;\">viene pubblicato alle 7.05 <span style=\"color: #ff0000;\">DIRETTA RADIO\u00a0<\/span><\/span><\/strong><\/p><\/blockquote>\n<p><strong>il giornale radionazionale e&#8217; in onda ogni ora, dalle sette del mattino alle venti della sera\u00a0 \u00a0<\/strong><strong>\u00a0<\/strong><\/p>\n<p><strong>SASSARI<\/strong> Giallo, un 20enne trovato morto nel suo letto Inchiesta della Procura che ha disposto l&#8217;autopsia <strong>MONZA<\/strong> Accoltella l&#8217;ex alla schiena, nel 2023 l&#8217;aveva gi\u00e0 aggredita con l&#8217;acido Fermato dopo una caccia all&#8217;uomo, \u00e8 in attesa del processo anche per stalking. <strong>FIRENZE<\/strong> Esplosione all&#8217;Eni di Calenzano due morti, 9 feriti e 3 dispersi operai tra i 45 e i 62 anni <strong>ROMA<\/strong> La morte di Andrea Purgatori, quattro medici rischiano il processo <strong>ROMA<\/strong> Mangia un piatto di gnocchi, muore una bimba di nove anni Il decesso scatenato da un&#8217;allergia, forse al frumento. I genitori donano gli organi <strong>RIMINI<\/strong> Bigamo e violento, picchia la moglie per stare con l&#8217;altra<\/p>\n<p><span style=\"color: #ff0000;\"><span style=\"color: #0000ff;\">CRONACA<\/span> EDIZIONE DELLA SERA , DEL 09 DICEMBRE 2024 EDIZIONE DI IERI, 20.00<\/span><\/p>\n<audio class=\"wp-audio-shortcode\" id=\"audio-423700-6\" preload=\"none\" style=\"width: 100%;\" controls=\"controls\"><source type=\"audio\/mpeg\" src=\"https:\/\/www.radiopiu.net\/wordpress\/wp-content\/uploads\/2024\/12\/giornale07-14.mp3?_=6\" \/><a href=\"https:\/\/www.radiopiu.net\/wordpress\/wp-content\/uploads\/2024\/12\/giornale07-14.mp3\">https:\/\/www.radiopiu.net\/wordpress\/wp-content\/uploads\/2024\/12\/giornale07-14.mp3<\/a><\/audio>\n<p>&nbsp;<\/p>\n<p><span style=\"color: #ff0000;\"><span style=\"color: #0000ff;\">SPORT<\/span> EDIZIONE DELLE 19, DEL 09 DICEMBRE 2024, LO SPORT EDIZIONE DI IERI<\/span><\/p>\n<audio class=\"wp-audio-shortcode\" id=\"audio-423700-7\" preload=\"none\" style=\"width: 100%;\" controls=\"controls\"><source type=\"audio\/mpeg\" src=\"https:\/\/www.radiopiu.net\/wordpress\/wp-content\/uploads\/2024\/12\/gr-sport-7.mp3?_=7\" \/><a href=\"https:\/\/www.radiopiu.net\/wordpress\/wp-content\/uploads\/2024\/12\/gr-sport-7.mp3\">https:\/\/www.radiopiu.net\/wordpress\/wp-content\/uploads\/2024\/12\/gr-sport-7.mp3<\/a><\/audio>\n<p>&nbsp;<\/p>\n<h2><span style=\"color: #ff0000;\"><span style=\"color: #0000ff;\">ULTIM&#8217;ORA<\/span> AUDIO dalle sette del mattino, ogni ora alla radio EDIZIONE DELLE SETTE<\/span><\/h2>\n<audio class=\"wp-audio-shortcode\" id=\"audio-423700-8\" preload=\"none\" style=\"width: 100%;\" controls=\"controls\"><source type=\"audio\/mpeg\" src=\"https:\/\/www.radiopiu.net\/wordpress\/wp-content\/uploads\/2024\/12\/giornale07-15.mp3?_=8\" \/><a href=\"https:\/\/www.radiopiu.net\/wordpress\/wp-content\/uploads\/2024\/12\/giornale07-15.mp3\">https:\/\/www.radiopiu.net\/wordpress\/wp-content\/uploads\/2024\/12\/giornale07-15.mp3<\/a><\/audio>\n<p>&nbsp;<\/p>\n<p>&nbsp;<\/p>\n<hr \/>\n<p>&nbsp;<\/p>\n<p>&nbsp;<\/p>\n<h1><span style=\"color: #ff0000;\"><a class=\"dt-pswp-item\" href=\"https:\/\/www.radiopiu.net\/wordpress\/wp-content\/uploads\/2024\/11\/8.jpg\" data-dt-img-description=\"\" data-large_image_width=\"180\" data-large_image_height=\"180\"><img loading=\"lazy\" decoding=\"async\" class=\"size-full wp-image-417910 alignleft\" src=\"https:\/\/www.radiopiu.net\/wordpress\/wp-content\/uploads\/2024\/11\/8.jpg\" alt=\"\" width=\"180\" height=\"180\" srcset=\"https:\/\/www.radiopiu.net\/wordpress\/wp-content\/uploads\/2024\/11\/8.jpg 180w, https:\/\/www.radiopiu.net\/wordpress\/wp-content\/uploads\/2024\/11\/8-150x150.jpg 150w\" sizes=\"auto, (max-width: 180px) 100vw, 180px\" \/><\/a>I podcast informativi del mattino &#8211; video &#8211;\u00a0<\/span><\/h1>\n<h2 style=\"text-align: left;\"><strong>RASSEGNA STAMPA LOCALE, ORE OTTO<\/strong><\/h2>\n<h2><strong> <span style=\"color: #0000ff;\">viene\u00a0 <\/span><\/strong><strong><span style=\"color: #0000ff;\">pubblicata alle 8.05 <span style=\"color: #ff0000;\">DIRETTA RADIO\u00a0 \u00a0<\/span><\/span><\/strong><strong>DI MIRKO MEZZACASA<\/strong><\/h2>\n<h2><span style=\"color: #ff0000;\"><strong>\u00a0<\/strong><\/span><\/h2>\n<h2><span style=\"color: #ff0000;\"><strong>\u00a0<\/strong><\/span><\/h2>\n<h1><span style=\"color: #ff0000;\"><strong>VIDEO\u00a0 \u00a0in diretta dalle 8 del mattino\u00a0 \u00a0per ASCOLTARE <\/strong><\/span><\/h1>\n<blockquote>\n<h1 style=\"text-align: center;\"><a href=\"https:\/\/www.facebook.com\/radiopiu\/videos\/1301945144317432\">CLICCA QUI<\/a><\/h1>\n<\/blockquote>\n<p><a class=\"dt-pswp-item\" href=\"https:\/\/www.radiopiu.net\/wordpress\/wp-content\/uploads\/2024\/11\/coop1-1.png\" data-dt-img-description=\"\" data-large_image_width=\"602\" data-large_image_height=\"375\">\u00a0<\/a><\/p>\n\n\t\t\t<style type='text\/css'>\n\t\t\t\t#gallery-1 {\n\t\t\t\t\tmargin: auto;\n\t\t\t\t}\n\t\t\t\t#gallery-1 .gallery-item {\n\t\t\t\t\tfloat: left;\n\t\t\t\t\tmargin-top: 10px;\n\t\t\t\t\ttext-align: center;\n\t\t\t\t\twidth: 33%;\n\t\t\t\t}\n\t\t\t\t#gallery-1 img {\n\t\t\t\t\tborder: 2px solid #cfcfcf;\n\t\t\t\t}\n\t\t\t\t#gallery-1 .gallery-caption {\n\t\t\t\t\tmargin-left: 0;\n\t\t\t\t}\n\t\t\t\t\/* see gallery_shortcode() in wp-includes\/media.php *\/\n\t\t\t<\/style>\n\t\t<div id='gallery-1' class='dt-gallery-container gallery galleryid-423700 gallery-columns-3 gallery-size-medium'><dl class='gallery-item'>\n\t\t\t\t<dt class='gallery-icon landscape'>\n\t\t\t\t\t<a class=\"rollover rollover-zoom dt-pswp-item\" title=\"COOP2\" data-dt-img-description=\"\" data-large_image_width=\"566\" data-large_image_height=\"69\"href='https:\/\/www.radiopiu.net\/wordpress\/wp-content\/uploads\/2024\/12\/COOP2-4.png'><img loading=\"lazy\" decoding=\"async\" width=\"300\" height=\"37\" src=\"https:\/\/www.radiopiu.net\/wordpress\/wp-content\/uploads\/2024\/12\/COOP2-4-300x37.png\" class=\"attachment-medium size-medium\" alt=\"\" srcset=\"https:\/\/www.radiopiu.net\/wordpress\/wp-content\/uploads\/2024\/12\/COOP2-4-300x37.png 300w, https:\/\/www.radiopiu.net\/wordpress\/wp-content\/uploads\/2024\/12\/COOP2-4.png 566w\" sizes=\"auto, (max-width: 300px) 100vw, 300px\" \/><\/a>\n\t\t\t\t<\/dt><\/dl><dl class='gallery-item'>\n\t\t\t\t<dt class='gallery-icon landscape'>\n\t\t\t\t\t<a class=\"rollover rollover-zoom dt-pswp-item\" title=\"COP2\" data-dt-img-description=\"\" data-large_image_width=\"434\" data-large_image_height=\"307\"href='https:\/\/www.radiopiu.net\/wordpress\/wp-content\/uploads\/2024\/12\/COP2-1.png'><img loading=\"lazy\" decoding=\"async\" width=\"300\" height=\"212\" src=\"https:\/\/www.radiopiu.net\/wordpress\/wp-content\/uploads\/2024\/12\/COP2-1-300x212.png\" class=\"attachment-medium size-medium\" alt=\"\" srcset=\"https:\/\/www.radiopiu.net\/wordpress\/wp-content\/uploads\/2024\/12\/COP2-1-300x212.png 300w, https:\/\/www.radiopiu.net\/wordpress\/wp-content\/uploads\/2024\/12\/COP2-1.png 434w\" sizes=\"auto, (max-width: 300px) 100vw, 300px\" \/><\/a>\n\t\t\t\t<\/dt><\/dl><dl class='gallery-item'>\n\t\t\t\t<dt class='gallery-icon landscape'>\n\t\t\t\t\t<a class=\"rollover rollover-zoom dt-pswp-item\" title=\"COOP1\" data-dt-img-description=\"\" data-large_image_width=\"292\" data-large_image_height=\"190\"href='https:\/\/www.radiopiu.net\/wordpress\/wp-content\/uploads\/2024\/12\/COOP1-3.png'><img loading=\"lazy\" decoding=\"async\" width=\"292\" height=\"190\" src=\"https:\/\/www.radiopiu.net\/wordpress\/wp-content\/uploads\/2024\/12\/COOP1-3.png\" class=\"attachment-medium size-medium\" alt=\"\" \/><\/a>\n\t\t\t\t<\/dt><\/dl><br style=\"clear: both\" \/>\n\t\t\t<\/div>\n\n<p>&nbsp;<\/p>\n<hr \/>\n<p>&nbsp;<\/p>\n<p>&nbsp;<\/p>\n<p><strong><a class=\"dt-pswp-item\" href=\"https:\/\/www.radiopiu.net\/wordpress\/wp-content\/uploads\/2023\/12\/ANTENNA.png\" data-dt-img-description=\"\" data-large_image_width=\"300\" data-large_image_height=\"166\"><img loading=\"lazy\" decoding=\"async\" class=\"wp-image-366306 alignright\" src=\"https:\/\/www.radiopiu.net\/wordpress\/wp-content\/uploads\/2023\/12\/ANTENNA.png\" alt=\"\" width=\"101\" height=\"56\" \/><\/a><a class=\"dt-pswp-item\" href=\"https:\/\/www.radiopiu.net\/wordpress\/wp-content\/uploads\/2024\/11\/th-17.jpg\" data-dt-img-description=\"\" data-large_image_width=\"224\" data-large_image_height=\"180\"><img loading=\"lazy\" decoding=\"async\" class=\" wp-image-421610 alignleft\" src=\"https:\/\/www.radiopiu.net\/wordpress\/wp-content\/uploads\/2024\/11\/th-17.jpg\" alt=\"\" width=\"167\" height=\"134\" \/><\/a>ogni sera alle 19 le anticipazioni alla radio, quello che poi seguirete nel TELEGIORNALE BELLUNESE\u00a0 in onda alle 19.30 sul CANALE 10 del digitale terrestre.\u00a0\u00a0<\/strong><\/p>\n<p><span style=\"color: #ff0000;\">\u00a0<\/span><\/p>\n<p><span style=\"color: #ff0000;\">LE ANTICIPAZIONI DI STEFANO BOZZI<\/span><\/p>\n<audio class=\"wp-audio-shortcode\" id=\"audio-423700-9\" preload=\"none\" style=\"width: 100%;\" controls=\"controls\"><source type=\"audio\/mpeg\" src=\"https:\/\/www.radiopiu.net\/wordpress\/wp-content\/uploads\/2024\/12\/ANTENNA3-4.mp3?_=9\" \/><a href=\"https:\/\/www.radiopiu.net\/wordpress\/wp-content\/uploads\/2024\/12\/ANTENNA3-4.mp3\">https:\/\/www.radiopiu.net\/wordpress\/wp-content\/uploads\/2024\/12\/ANTENNA3-4.mp3<\/a><\/audio>\n<p>&nbsp;<\/p>\n<p>&nbsp;<\/p>\n<div data-url=\"http:\/\/sfoglio.corrierealpi.gelocal.it\/share_article.php?article_id=14762924\" data-title=\"Domani niente acqua in diverse frazioniIngente perdita sulla rete In corso la riparazione\"><\/div>\n<hr \/>\n<p>&nbsp;<\/p>\n<blockquote>\n<h3>FURTI ED INSEGUIMENTI AD ARTEN E FONZASO<\/h3>\n<\/blockquote>\n<p><strong><a class=\"dt-pswp-item\" href=\"https:\/\/www.radiopiu.net\/wordpress\/wp-content\/uploads\/2024\/12\/SCR-20241209-qiww.jpeg\" data-dt-img-description=\"\" data-large_image_width=\"966\" data-large_image_height=\"820\"><img loading=\"lazy\" decoding=\"async\" class=\" wp-image-424024 alignleft\" src=\"https:\/\/www.radiopiu.net\/wordpress\/wp-content\/uploads\/2024\/12\/SCR-20241209-qiww-300x255.jpeg\" alt=\"\" width=\"185\" height=\"157\" srcset=\"https:\/\/www.radiopiu.net\/wordpress\/wp-content\/uploads\/2024\/12\/SCR-20241209-qiww-300x255.jpeg 300w, https:\/\/www.radiopiu.net\/wordpress\/wp-content\/uploads\/2024\/12\/SCR-20241209-qiww-768x652.jpeg 768w, https:\/\/www.radiopiu.net\/wordpress\/wp-content\/uploads\/2024\/12\/SCR-20241209-qiww.jpeg 966w\" sizes=\"auto, (max-width: 185px) 100vw, 185px\" \/><\/a>FONZASO <\/strong>Una notte movimentata quella tra venerd\u00ec e sabato ad Arten e Fonzaso, caratterizzata da furti e inseguimenti. Ad Arten, il titolare dell&#8217;officina Martino Racing, Martino Zannin, \u00e8 stato allertato dall&#8217;allarme della sua attivit\u00e0: due persone stavano rovistando nei locali dopo aver forzato l&#8217;ingresso. Zannin \u00e8 intervenuto bloccando con la sua auto l&#8217;uscita, costringendo i ladri a fuggire a piedi, abbandonando sul posto una Punto rubata a Vicenza. Poco dopo, a Fonzaso, \u00e8 stata rubata una Panda parcheggiata vicino a un\u2019abitazione: i ladri potrebbero averla utilizzata per proseguire la fuga. I carabinieri stanno indagando sugli episodi, mentre la famiglia proprietaria della Panda ha lanciato un appello sui social per ritrovarla. (NELLA FOTO L&#8217;AUTO RUBATA)<\/p>\n<p>&nbsp;<\/p>\n<p>&nbsp;<\/p>\n<hr \/>\n<p>&nbsp;<\/p>\n<div class=\"group\/conversation-turn relative flex w-full min-w-0 flex-col agent-turn\">\n<div class=\"flex-col gap-1 md:gap-3\">\n<div class=\"flex max-w-full flex-col flex-grow\">\n<div class=\"min-h-8 text-message flex w-full flex-col items-end gap-2 whitespace-normal break-words text-start [.text-message+&amp;]:mt-5\" dir=\"auto\" data-message-author-role=\"assistant\" data-message-id=\"01a59d91-9582-462d-970f-f15cd4a5f203\" data-message-model-slug=\"gpt-4o\">\n<div class=\"flex w-full flex-col gap-1 empty:hidden first:pt-[3px]\">\n<div class=\"markdown prose w-full break-words dark:prose-invert dark\">\n<blockquote><p><strong><a class=\"dt-pswp-item\" href=\"https:\/\/www.radiopiu.net\/wordpress\/wp-content\/uploads\/2024\/12\/Senza-nome-47.png\" data-dt-img-description=\"\" data-large_image_width=\"235\" data-large_image_height=\"190\"><img loading=\"lazy\" decoding=\"async\" class=\" wp-image-424079 alignleft\" src=\"https:\/\/www.radiopiu.net\/wordpress\/wp-content\/uploads\/2024\/12\/Senza-nome-47.png\" alt=\"\" width=\"162\" height=\"131\" \/><\/a>Judo Club Feltre saluta il maestro Moreno Barbieri<\/strong><\/p><\/blockquote>\n<p><strong>FELTRE<\/strong> Lo Judo Club Feltre, insieme ai gruppi Urban Krav e Ju Jitsu, piange la scomparsa del maestro <strong>Moreno Barbieri<\/strong>, 5\u00b0 dan e figura di riferimento nelle arti marziali. Con passione, umilt\u00e0 e dedizione, ha lasciato un segno indelebile nella comunit\u00e0. \u201cBuon viaggio, Maestro Moreno, che tu possa continuare le tue amate arti marziali lass\u00f9.\u201d<\/p>\n<\/div>\n<\/div>\n<\/div>\n<\/div>\n<\/div>\n<\/div>\n<p>&nbsp;<\/p>\n<p>&nbsp;<\/p>\n<hr \/>\n<p>&nbsp;<\/p>\n<blockquote>\n<h3>UNA TRIADE PER SOSTITUIRE MARIA CHIARA SANTIN ALLA GUIDA DI ASCA<\/h3>\n<\/blockquote>\n<p><strong><a class=\"dt-pswp-item\" href=\"https:\/\/www.radiopiu.net\/wordpress\/wp-content\/uploads\/2018\/05\/SANTIN-300x169.jpg\" data-dt-img-description=\"\" data-large_image_width=\"300\" data-large_image_height=\"169\"><img loading=\"lazy\" decoding=\"async\" class=\"size-medium wp-image-48328 alignleft\" src=\"https:\/\/www.radiopiu.net\/wordpress\/wp-content\/uploads\/2018\/05\/SANTIN-300x169-300x169.jpg\" alt=\"\" width=\"300\" height=\"169\" \/><\/a>AGORDO<\/strong><\/p>\n<p>DI GIANNI SANTOMASO<\/p>\n<audio class=\"wp-audio-shortcode\" id=\"audio-423700-10\" preload=\"none\" style=\"width: 100%;\" controls=\"controls\"><source type=\"audio\/mpeg\" src=\"https:\/\/www.radiopiu.net\/wordpress\/wp-content\/uploads\/2024\/12\/GIANNI-UNA-TRIADE-PER-SOSTITUIRE-MARIA-GRAZIA-SANTIN-ALLA-GUIDA-DI-ASCA.mp3?_=10\" \/><a href=\"https:\/\/www.radiopiu.net\/wordpress\/wp-content\/uploads\/2024\/12\/GIANNI-UNA-TRIADE-PER-SOSTITUIRE-MARIA-GRAZIA-SANTIN-ALLA-GUIDA-DI-ASCA.mp3\">https:\/\/www.radiopiu.net\/wordpress\/wp-content\/uploads\/2024\/12\/GIANNI-UNA-TRIADE-PER-SOSTITUIRE-MARIA-GRAZIA-SANTIN-ALLA-GUIDA-DI-ASCA.mp3<\/a><\/audio>\n<p>&nbsp;<\/p>\n<p>&nbsp;<\/p>\n<hr \/>\n<p>&nbsp;<\/p>\n<blockquote>\n<h3>GIUSEPPE DAL BEN IL MIGLIOR DIRETTORE GENERALE DELLE ULSS IN VENETO<\/h3>\n<\/blockquote>\n<p><strong><a class=\"dt-pswp-item\" href=\"https:\/\/www.radiopiu.net\/wordpress\/wp-content\/uploads\/2024\/12\/GIUSEPPE-DAL-BEN.jpeg\" data-dt-img-description=\"\" data-large_image_width=\"1198\" data-large_image_height=\"788\"><img loading=\"lazy\" decoding=\"async\" class=\" wp-image-424023 alignleft\" src=\"https:\/\/www.radiopiu.net\/wordpress\/wp-content\/uploads\/2024\/12\/GIUSEPPE-DAL-BEN-300x197.jpeg\" alt=\"\" width=\"219\" height=\"144\" srcset=\"https:\/\/www.radiopiu.net\/wordpress\/wp-content\/uploads\/2024\/12\/GIUSEPPE-DAL-BEN-300x197.jpeg 300w, https:\/\/www.radiopiu.net\/wordpress\/wp-content\/uploads\/2024\/12\/GIUSEPPE-DAL-BEN-1024x674.jpeg 1024w, https:\/\/www.radiopiu.net\/wordpress\/wp-content\/uploads\/2024\/12\/GIUSEPPE-DAL-BEN-768x505.jpeg 768w, https:\/\/www.radiopiu.net\/wordpress\/wp-content\/uploads\/2024\/12\/GIUSEPPE-DAL-BEN.jpeg 1198w\" sizes=\"auto, (max-width: 219px) 100vw, 219px\" \/><\/a>REDAZIONE<\/strong> Giuseppe Dal Ben, commissario dell\u2019Usl Dolomiti e direttore generale dell\u2019Azienda ospedaliera di Padova, si distingue per il suo impegno e ottiene i voti pi\u00f9 alti nelle valutazioni della sanit\u00e0 veneta. L\u2019Usl Dolomiti si classifica al primo posto con oltre il 90% di risultati positivi, seguita da altre aziende come la Marca Trevigiana e la Serenissima. Tuttavia, alcune realt\u00e0 come la Berica e la Scaligera registrano performance meno brillanti, necessitando di correttivi. Tra le aziende ospedaliere, Padova prevale su Verona con un punteggio del 94%, mentre lo Iov ottiene il punteggio pi\u00f9 alto con il 96%. La Giunta regionale ha approvato i risultati, valutando obiettivi raggiunti, livelli di assistenza e rispetto dei bilanci.<\/p>\n<p>&nbsp;<\/p>\n<p>&nbsp;<\/p>\n<p>&nbsp;<\/p>\n<hr \/>\n<p>&nbsp;<\/p>\n<blockquote>\n<h3>RINNOVATA LA SEZIONE TURISMO DI CONFINDUSTRIA BELLUNO DOLOMITI, A GUIDARLA MARCO GRIGOLETTO<\/h3>\n<\/blockquote>\n<p><strong>BELLUNO<\/strong><\/p>\n<p><a class=\"dt-pswp-item\" href=\"https:\/\/www.radiopiu.net\/wordpress\/wp-content\/uploads\/2024\/12\/Senza-nome-44.png\" data-dt-img-description=\"\" data-large_image_width=\"471\" data-large_image_height=\"421\"><img loading=\"lazy\" decoding=\"async\" class=\"size-medium wp-image-423848 alignleft\" src=\"https:\/\/www.radiopiu.net\/wordpress\/wp-content\/uploads\/2024\/12\/Senza-nome-44-300x268.png\" alt=\"\" width=\"300\" height=\"268\" srcset=\"https:\/\/www.radiopiu.net\/wordpress\/wp-content\/uploads\/2024\/12\/Senza-nome-44-300x268.png 300w, https:\/\/www.radiopiu.net\/wordpress\/wp-content\/uploads\/2024\/12\/Senza-nome-44.png 471w\" sizes=\"auto, (max-width: 300px) 100vw, 300px\" \/><\/a>La Sezione Turismo di Confindustria Belluno Dolomiti entra in una fase cruciale con il rinnovo del Consiglio direttivo, guidato ora da Marco Grigoletto, presidente di Anef Veneto e Vice Presidente di Funivie Arabba. Il settore turistico, sempre pi\u00f9 strategico per le Dolomiti, si prepara al grande banco di prova delle Olimpiadi Milano Cortina 2026. \u201cLa sfida non riguarda solo i Giochi, ma l\u2019intero futuro del turismo bellunese\u201d, afferma Grigoletto. Priorit\u00e0 saranno l\u2019aggiornamento delle competenze e l\u2019attrazione di nuove risorse, con un focus sui profili qualificati. In questo contesto, Confindustria punta su formazione e innovazione, grazie a percorsi come l\u2019hub Nordest della Luiss Business School e progetti innovativi nella Dolomiti Innovation Valley. Ellen Broccolo (Fly Bus Srl) sar\u00e0 vicepresidente della Sezione, affiancata da un team di consiglieri qualificati. Lorraine Berton, presidente di Confindustria Belluno Dolomiti, augura buon lavoro: \u201cAbbiamo bisogno di nuove energie per affrontare al meglio le sfide delle Olimpiadi, il nostro appuntamento con la storia\u201d. Con il nuovo direttivo, il turismo bellunese si prepara a coniugare tradizione, innovazione e sostenibilit\u00e0.<\/p>\n<p>&nbsp;<\/p>\n<p>&nbsp;<\/p>\n<hr \/>\n<p>&nbsp;<\/p>\n<h2>Nuovo Consiglio Direttivo dell\u2019Ordine dei Medici e Odontoiatri di Belluno<\/h2>\n<p><strong><a class=\"dt-pswp-item\" href=\"https:\/\/www.radiopiu.net\/wordpress\/wp-content\/uploads\/2024\/12\/24aaf980-af9f-4840-96d6-ab454eb742b5.jpg\" data-dt-img-description=\"\" data-large_image_width=\"1600\" data-large_image_height=\"1200\"><img loading=\"lazy\" decoding=\"async\" class=\"size-medium wp-image-424068 alignleft\" src=\"https:\/\/www.radiopiu.net\/wordpress\/wp-content\/uploads\/2024\/12\/24aaf980-af9f-4840-96d6-ab454eb742b5-300x225.jpg\" alt=\"\" width=\"300\" height=\"225\" srcset=\"https:\/\/www.radiopiu.net\/wordpress\/wp-content\/uploads\/2024\/12\/24aaf980-af9f-4840-96d6-ab454eb742b5-300x225.jpg 300w, https:\/\/www.radiopiu.net\/wordpress\/wp-content\/uploads\/2024\/12\/24aaf980-af9f-4840-96d6-ab454eb742b5-1024x768.jpg 1024w, https:\/\/www.radiopiu.net\/wordpress\/wp-content\/uploads\/2024\/12\/24aaf980-af9f-4840-96d6-ab454eb742b5-768x576.jpg 768w, https:\/\/www.radiopiu.net\/wordpress\/wp-content\/uploads\/2024\/12\/24aaf980-af9f-4840-96d6-ab454eb742b5-1536x1152.jpg 1536w, https:\/\/www.radiopiu.net\/wordpress\/wp-content\/uploads\/2024\/12\/24aaf980-af9f-4840-96d6-ab454eb742b5.jpg 1600w\" sizes=\"auto, (max-width: 300px) 100vw, 300px\" \/><\/a>BELLUNO<\/strong><\/p>\n<p>Si \u00e8 insediato il nuovo Consiglio Direttivo dell\u2019<strong>Ordine dei Medici e degli Odontoiatri della Provincia di Belluno<\/strong>. Alla presidenza \u00e8 stato nominato il dr. <strong>Stefano Capelli<\/strong>, gi\u00e0 Direttore del Dipartimento Trasfusionale dell\u2019ULSS 1 Dolomiti.<\/p>\n<p>&nbsp;<\/p>\n<p>&nbsp;<\/p>\n<h3><strong>Ruoli principali<\/strong><\/h3>\n<table>\n<thead>\n<tr>\n<th><strong>Carica<\/strong><\/th>\n<th><strong>Nome<\/strong><\/th>\n<th><strong>Ruolo professionale<\/strong><\/th>\n<\/tr>\n<\/thead>\n<tbody>\n<tr>\n<td>Presidente<\/td>\n<td>Stefano Capelli<\/td>\n<td>Direttore Dipartimento Trasfusionale ULSS 1 Dolomiti<\/td>\n<\/tr>\n<tr>\n<td>Vicepresidente<\/td>\n<td>Bastianello German\u00e0<\/td>\n<td>Direttore Gastroenterologia San Martino Belluno<\/td>\n<\/tr>\n<tr>\n<td>Segretario<\/td>\n<td>Eliana Modolo<\/td>\n<td>Responsabile Microbiologia San Martino Belluno<\/td>\n<\/tr>\n<tr>\n<td>Tesoriere<\/td>\n<td>Emilia Padoin<\/td>\n<td>Medico di Medicina Generale<\/td>\n<\/tr>\n<\/tbody>\n<\/table>\n<h3><strong><a href=\"https:\/\/www.radiopiu.net\/wordpress\/wp-content\/uploads\/2024\/12\/fd14529f-254d-4e3e-bce8-823234e7ca52.webp\"><img loading=\"lazy\" decoding=\"async\" class=\" wp-image-424069 alignleft\" src=\"https:\/\/www.radiopiu.net\/wordpress\/wp-content\/uploads\/2024\/12\/fd14529f-254d-4e3e-bce8-823234e7ca52-300x300.webp\" alt=\"\" width=\"215\" height=\"215\" srcset=\"https:\/\/www.radiopiu.net\/wordpress\/wp-content\/uploads\/2024\/12\/fd14529f-254d-4e3e-bce8-823234e7ca52-300x300.webp 300w, https:\/\/www.radiopiu.net\/wordpress\/wp-content\/uploads\/2024\/12\/fd14529f-254d-4e3e-bce8-823234e7ca52-150x150.webp 150w, https:\/\/www.radiopiu.net\/wordpress\/wp-content\/uploads\/2024\/12\/fd14529f-254d-4e3e-bce8-823234e7ca52-768x768.webp 768w, https:\/\/www.radiopiu.net\/wordpress\/wp-content\/uploads\/2024\/12\/fd14529f-254d-4e3e-bce8-823234e7ca52.webp 1024w\" sizes=\"auto, (max-width: 215px) 100vw, 215px\" \/><\/a>Impegni e obiettivi<\/strong><\/h3>\n<p>Il Consiglio, coadiuvato dai consiglieri e odontoiatri nominati, punta su formazione, orientamento scolastico, e collaborazione con istituzioni sanitarie e scuole. Priorit\u00e0 sar\u00e0 anche data al coinvolgimento dei giovani medici, alla diffusione della legge DAT e all\u2019organizzazione di corsi formativi per migliorare il legame tra rete ospedaliera e territorio.<\/p>\n<p>Un segnale di continuit\u00e0 e innovazione a beneficio della comunit\u00e0 medica e cittadina.<\/p>\n<p>&nbsp;<\/p>\n<p>&nbsp;<\/p>\n<hr \/>\n<p>&nbsp;<\/p>\n<blockquote>\n<h2>Belluno guida la spesa natalizia: 100 milioni e un trionfo dell\u2019artigianato<\/h2>\n<\/blockquote>\n<p><strong><img loading=\"lazy\" decoding=\"async\" class=\"alignleft\" src=\"https:\/\/www.radiopiu.net\/wordpress\/wp-content\/uploads\/2024\/12\/cd7ebd46-e7ec-4c18-99d3-1cc841430fb5-300x300.webp\" width=\"190\" height=\"190\" \/>BELLUNO<\/strong>\u00a0 il Natale porta non solo valori e tradizioni, ma anche un significativo impatto economico. Con una spesa media di 500 euro a testa, i bellunesi superano le altre province venete. Due terzi del budget sono destinati ad alimentari e bevande, con una forte predilezione per i prodotti artigianali e a km zero. Le 1275 imprese artigiane della provincia, che rappresentano il 30% del totale, giocano un ruolo cruciale, offrendo qualit\u00e0, sostenibilit\u00e0 e creativit\u00e0.<em> \u201cAcquistare locale sostiene non solo le nostre imprese, ma l\u2019intera economia e cultura del territorio,\u201d<\/em> afferma Claudia Scarzanella, presidente di Confartigianato Belluno. Tra tradizione e innovazione, il Natale a Belluno celebra l\u2019artigianato come simbolo di autenticit\u00e0 e eccellenza.<\/p>\n<p>&nbsp;<\/p>\n<p>&nbsp;<\/p>\n<hr \/>\n<p>&nbsp;<\/p>\n<blockquote>\n<h3>TERMINA OGGI IL VIAGGIO DI AIRE DOPO UN ANNO IN SELLA ALLA BICICLETTA<\/h3>\n<\/blockquote>\n<p><strong><a class=\"dt-pswp-item\" href=\"https:\/\/www.radiopiu.net\/wordpress\/wp-content\/uploads\/2024\/05\/e33ac886-51d9-4d92-9e68-824630c9394b.jpg\" data-dt-img-description=\"\" data-large_image_width=\"1152\" data-large_image_height=\"864\"><img loading=\"lazy\" decoding=\"async\" class=\" wp-image-395124 alignleft\" src=\"https:\/\/www.radiopiu.net\/wordpress\/wp-content\/uploads\/2024\/05\/e33ac886-51d9-4d92-9e68-824630c9394b-300x225.jpg\" alt=\"\" width=\"176\" height=\"132\" srcset=\"https:\/\/www.radiopiu.net\/wordpress\/wp-content\/uploads\/2024\/05\/e33ac886-51d9-4d92-9e68-824630c9394b-300x225.jpg 300w, https:\/\/www.radiopiu.net\/wordpress\/wp-content\/uploads\/2024\/05\/e33ac886-51d9-4d92-9e68-824630c9394b-1024x768.jpg 1024w, https:\/\/www.radiopiu.net\/wordpress\/wp-content\/uploads\/2024\/05\/e33ac886-51d9-4d92-9e68-824630c9394b-768x576.jpg 768w, https:\/\/www.radiopiu.net\/wordpress\/wp-content\/uploads\/2024\/05\/e33ac886-51d9-4d92-9e68-824630c9394b.jpg 1152w\" sizes=\"auto, (max-width: 176px) 100vw, 176px\" \/><\/a>SEREN DEL GRAPPA\u00a0<\/strong>Il progetto &#8220;Goodbye By Bicicle&#8221; terminer\u00e0 oggi con l&#8217;arrivo a casa a Seren Del Grappa di Aire, Lili e il compagno a quattro zampe Snooke. Radio Pi\u00f9 li ha seguiti fin dall&#8217;inizio con aggiornamenti settimanali sul sito e naturalmente anche in radio. Partiti dall&#8217;India ad inizio gennaio, il viaggio volge al termine oggi dove i protagonisti di questa avventura verranno accolti dai loro famigliari e dall&#8217;amministrazione comunale di Seren del Grappa.<\/p>\n<p><strong>\u00a0<\/strong><\/p>\n<p><strong>L&#8217;INTERVISTA AL VICE SINDACO DI SEREN DEL GRAPPA DENISE GUADAGNIN<\/strong><\/p>\n<audio class=\"wp-audio-shortcode\" id=\"audio-423700-11\" preload=\"none\" style=\"width: 100%;\" controls=\"controls\"><source type=\"audio\/mpeg\" src=\"https:\/\/www.radiopiu.net\/wordpress\/wp-content\/uploads\/2024\/12\/DENISE-GUADAGNIN-AIRE.mp3?_=11\" \/><a href=\"https:\/\/www.radiopiu.net\/wordpress\/wp-content\/uploads\/2024\/12\/DENISE-GUADAGNIN-AIRE.mp3\">https:\/\/www.radiopiu.net\/wordpress\/wp-content\/uploads\/2024\/12\/DENISE-GUADAGNIN-AIRE.mp3<\/a><\/audio>\n<p>&nbsp;<\/p>\n<blockquote class=\"wp-embedded-content\" data-secret=\"tp62PXwAxR\"><p><a href=\"https:\/\/www.radiopiu.net\/wordpress\/goodbye-by-bicicle-un-viaggio-dallindia-a-seren-del-grappa-in-bicicletta-38\/\">GOODBYE BY BICICLE&#8230;UN VIAGGIO DALL&#8217;INDIA A SEREN DEL GRAPPA IN BICICLETTA<\/a><\/p><\/blockquote>\n<p><iframe loading=\"lazy\" class=\"wp-embedded-content\" sandbox=\"allow-scripts\" security=\"restricted\" style=\"position: absolute; visibility: hidden;\" title=\"&#8220;GOODBYE BY BICICLE&#8230;UN VIAGGIO DALL&#8217;INDIA A SEREN DEL GRAPPA IN BICICLETTA&#8221; &#8212; Radio Pi\u00f9\" src=\"https:\/\/www.radiopiu.net\/wordpress\/goodbye-by-bicicle-un-viaggio-dallindia-a-seren-del-grappa-in-bicicletta-38\/embed\/#?secret=DC7gavWxHi#?secret=tp62PXwAxR\" data-secret=\"tp62PXwAxR\" width=\"600\" height=\"338\" frameborder=\"0\" marginwidth=\"0\" marginheight=\"0\" scrolling=\"no\"><\/iframe><\/p>\n<p>&nbsp;<\/p>\n<hr \/>\n<p>&nbsp;<\/p>\n<blockquote>\n<h3><a class=\"dt-pswp-item\" href=\"https:\/\/www.radiopiu.net\/wordpress\/wp-content\/uploads\/2024\/12\/Senza-nome-46.png\" data-dt-img-description=\"\" data-large_image_width=\"393\" data-large_image_height=\"198\"><img loading=\"lazy\" decoding=\"async\" class=\"size-medium wp-image-424072 alignleft\" src=\"https:\/\/www.radiopiu.net\/wordpress\/wp-content\/uploads\/2024\/12\/Senza-nome-46-300x151.png\" alt=\"\" width=\"300\" height=\"151\" srcset=\"https:\/\/www.radiopiu.net\/wordpress\/wp-content\/uploads\/2024\/12\/Senza-nome-46-300x151.png 300w, https:\/\/www.radiopiu.net\/wordpress\/wp-content\/uploads\/2024\/12\/Senza-nome-46.png 393w\" sizes=\"auto, (max-width: 300px) 100vw, 300px\" \/><\/a>ACQUA NON POTABILE A CENCENIGHE<\/h3>\n<\/blockquote>\n<p><strong>CENCENIGHE<\/strong> Gestione Servizi Pubblici informa che a Cencenighe in localit\u00e0 Pr\u00e0 Di Mezzo l&#8217;acqua erogata dall&#8217;acquedotto non \u00e8 potabile e non pu\u00f2 essere usata per scopi alimentari. Verr\u00e0 effettuato servizio sostitutivo con cisterna in localit\u00e0 Pr\u00e0 di Mezzo. GSP ha, comunque, gi\u00e0 adottato le necessarie misure per la disinfezione dell&#8217;acqua presente nei serbatoi e nella rete idrica con l&#8217;aggiunta di cloro.<\/p>\n<blockquote><p><strong>Feltre: sospensione idrica domani in diverse frazioni<\/strong><\/p><\/blockquote>\n<p><strong>FELTRE<\/strong> Domani, dalle 8 alle 18, sar\u00e0 sospesa l\u2019acqua nelle localit\u00e0 Casonetto, Nemeggio, Villapaiera, Celarda, Anz\u00f9, Sanzan e zona industriale di Villapaiera per lavori sulla rete idrica. Bim GSP invita a far scorrere l\u2019acqua al ripristino.<\/p>\n<blockquote>\n<h3 class=\"articlePlainTitle\">Ingente perdita sulla rete In corso la riparazione<\/h3>\n<\/blockquote>\n<div class=\"addthis_sharing_toolbox\" data-url=\"http:\/\/sfoglio.corrierealpi.gelocal.it\/share_article.php?article_id=14762924\" data-title=\"Domani niente acqua in diverse frazioniIngente perdita sulla rete In corso la riparazione\"><strong>PEDAVENA\u00a0<\/strong> Una ingente perdita d&#8217;acqua nella rete idrica di Pedavena ha creato ieri pomeriggio qualche problema nell&#8217;approvvigionamento d&#8217;acqua in varie zone del paese con assenza d&#8217;acqua o cali di pressione. Il problema ha interessato il capoluogo, Sant&#8217;Osvaldo, Teven, Travagola, Boscherai e via Stella Maris.<\/div>\n<div data-url=\"http:\/\/sfoglio.corrierealpi.gelocal.it\/share_article.php?article_id=14762924\" data-title=\"Domani niente acqua in diverse frazioniIngente perdita sulla rete In corso la riparazione\"><\/div>\n<div data-url=\"http:\/\/sfoglio.corrierealpi.gelocal.it\/share_article.php?article_id=14762924\" data-title=\"Domani niente acqua in diverse frazioniIngente perdita sulla rete In corso la riparazione\"><span style=\"color: #ff0000;\">\u00a0IL PROGRAMMA ALLA RADIO, SU RADIOPIU E RADIOCLUB103&#8230; OGNI 15 GIORNI IL LUNEDI ALLE 10.30-1900,\u00a0 IL MARTEDI SUCCESSIVO ALLE 13.10<br \/>\n<\/span>DI BARBARA PAOLAZZI<\/div>\n<div data-url=\"http:\/\/sfoglio.corrierealpi.gelocal.it\/share_article.php?article_id=14762924\" data-title=\"Domani niente acqua in diverse frazioniIngente perdita sulla rete In corso la riparazione\">\n<blockquote class=\"wp-embedded-content\" data-secret=\"nOQgu878TF\"><p><a href=\"https:\/\/www.radiopiu.net\/wordpress\/gsp-informa\/\">GSP informa<\/a><\/p><\/blockquote>\n<p><iframe loading=\"lazy\" class=\"wp-embedded-content\" sandbox=\"allow-scripts\" security=\"restricted\" style=\"position: absolute; visibility: hidden;\" title=\"&#8220;GSP informa&#8221; &#8212; Radio Pi\u00f9\" src=\"https:\/\/www.radiopiu.net\/wordpress\/gsp-informa\/embed\/#?secret=MXWCMDBOeu#?secret=nOQgu878TF\" data-secret=\"nOQgu878TF\" width=\"600\" height=\"338\" frameborder=\"0\" marginwidth=\"0\" marginheight=\"0\" scrolling=\"no\"><\/iframe><\/p>\n<\/div>\n<div data-url=\"http:\/\/sfoglio.corrierealpi.gelocal.it\/share_article.php?article_id=14762924\" data-title=\"Domani niente acqua in diverse frazioniIngente perdita sulla rete In corso la riparazione\">\n<hr \/>\n<\/div>\n<div data-url=\"http:\/\/sfoglio.corrierealpi.gelocal.it\/share_article.php?article_id=14762924\" data-title=\"Domani niente acqua in diverse frazioniIngente perdita sulla rete In corso la riparazione\"><\/div>\n<blockquote>\n<h3 data-url=\"http:\/\/sfoglio.corrierealpi.gelocal.it\/share_article.php?article_id=14762924\" data-title=\"Domani niente acqua in diverse frazioniIngente perdita sulla rete In corso la riparazione\">Cronache dal tribunale: quattro vicende giudiziarie tra Belluno, Sedico e Calalzo<\/h3>\n<\/blockquote>\n<div data-url=\"http:\/\/sfoglio.corrierealpi.gelocal.it\/share_article.php?article_id=14762924\" data-title=\"Domani niente acqua in diverse frazioniIngente perdita sulla rete In corso la riparazione\"><em><span style=\"color: #ff0000;\"><img loading=\"lazy\" decoding=\"async\" class=\"alignleft\" src=\"https:\/\/www.radiopiu.net\/wordpress\/wp-content\/uploads\/2024\/12\/Senza-nome-48.png\" width=\"189\" height=\"132\" \/><\/span>A Belluno, un padre denuncia la sottrazione della figlia, ora a Casablanca, tra difficolt\u00e0 e speranze di giustizia. Sempre in citt\u00e0, un giovane albanese dovr\u00e0 rispondere di lesioni e spaccio in due distinti processi. A Sedico, un inquilino \u00e8 accusato di appropriazione indebita e danni all\u2019appartamento, mentre la fidanzata rischia per falsa testimonianza. Infine, a Calalzo, un investimento volontario in un parcheggio ha portato un cadorino in tribunale; si negozia per archiviare il caso con un risarcimento. Il filo conduttore \u00e8 la ricerca di verit\u00e0 e giustizia, in attesa delle prossime sentenze.\u00a0<\/em><\/div>\n<div data-url=\"http:\/\/sfoglio.corrierealpi.gelocal.it\/share_article.php?article_id=14762924\" data-title=\"Domani niente acqua in diverse frazioniIngente perdita sulla rete In corso la riparazione\">\n<p>&nbsp;<\/p>\n<p><span style=\"color: #ff0000;\">LA GIUDIZIARIA&#8230; SINTESI DAL CORRIERE DELLE ALPI<\/span><\/p>\n<p><span style=\"color: #ff0000;\">GIGI SOSSO<\/span><\/p>\n<blockquote><p><strong>Sottrazione di minore: padre depone in tribunale tra accuse e confusione<\/strong><\/p><\/blockquote>\n<p><strong>BELLUNO<\/strong> Dopo cinque anni di matrimonio, la moglie fugge con la figlia di tre anni tra Francia, Italia e Marocco. Il padre, residente a Belluno, denuncia per sottrazione di minore. La bambina ora vive a Casablanca con i nonni materni. Il padre pu\u00f2 vederla solo due o tre volte all\u2019anno e tramite videochiamate. In tribunale, racconta la difficile situazione, ma il giudice sottolinea l\u2019importanza di ricostruzioni precise. Attesa la sentenza nei prossimi mesi.<\/p>\n<blockquote>\n<p class=\"articlePlainTitle\"><strong>Botte alla festa e spaccio: va a processo<\/strong><\/p>\n<\/blockquote>\n<div class=\"articlePlainText\">\n<p><strong>BELLUNO<\/strong> Lesioni e spaccio. Due processi in un colpo solo,\u00a0 deve rispondere di un pestaggio punitivo in concorso, durante una festa dell&#8217;estate 2023 e cessioni di droga, nell&#8217;ipotesi pi\u00f9 lieve. Per il giovane albanese Il processo inizier\u00e0 il 4 febbraio.<\/p>\n<\/div>\n<div class=\"articlePlainText\">\n<blockquote><p><strong>Sedico: moroso accusato di appropriazione indebita e danni all\u2019alloggio<\/strong><\/p><\/blockquote>\n<p><strong>SEDICO<\/strong> Un inquilino a Sedico, \u00e8 accusato di appropriazione indebita e danni all\u2019appartamento affittato. Secondo i proprietari, avrebbe sottratto beni come piatti e un rasaerba, lasciando l\u2019alloggio in pessime condizioni.. La sua fidanzata rischia un processo per falsa testimonianza. La vicenda, prosegue con richieste di risarcimento danni e ulteriori verifiche giudiziarie.<\/p>\n<blockquote><p><strong>Investimento\u00a0 si cerca accordo per archiviazione\u00a0<\/strong><\/p><\/blockquote>\n<p><strong>CALALZO <\/strong>Un investimento volontario in un parcheggio a Calalzo ha portato il cadorino a processo per lesioni aggravate. La vittima, un turista, ha riportato un trauma al piede. Le parti stanno negoziando un risarcimento che potrebbe portare al ritiro della querela e all\u2019archiviazione del caso.<\/p>\n<div class=\"mb-2 flex gap-3 empty:hidden -ml-2\">\n<div class=\"items-center justify-start rounded-xl p-1 flex\">\n<div class=\"flex items-center\">\n<p>&nbsp;<\/p>\n<hr \/>\n<p>&nbsp;<\/p>\n<p>&nbsp;<\/p>\n<blockquote>\n<h2>Croce di bronzo al merito per Alessandro Alberioli e la sua squadra<\/h2>\n<\/blockquote>\n<div class=\"articlePlainText\">\n<div class=\"flex-1 overflow-hidden @container\/thread\">\n<div class=\"h-full\">\n<div class=\"react-scroll-to-bottom--css-cnrfj-79elbk h-full\">\n<div class=\"react-scroll-to-bottom--css-cnrfj-1n7m0yu\">\n<div class=\"flex flex-col text-sm md:pb-9\">\n<article class=\"w-full scroll-mb-[var(--thread-trailing-height,150px)] text-token-text-primary focus-visible:outline-2 focus-visible:outline-offset-[-4px]\" dir=\"auto\" data-testid=\"conversation-turn-63\" data-scroll-anchor=\"true\">\n<div class=\"m-auto text-base py-[18px] px-3 md:px-4 w-full md:px-5 lg:px-4 xl:px-5\">\n<div class=\"mx-auto flex flex-1 gap-4 text-base md:gap-5 lg:gap-6 md:max-w-3xl lg:max-w-[40rem] xl:max-w-[48rem]\">\n<div class=\"group\/conversation-turn relative flex w-full min-w-0 flex-col agent-turn\">\n<div class=\"flex-col gap-1 md:gap-3\">\n<div class=\"flex max-w-full flex-col flex-grow\">\n<div class=\"min-h-8 text-message flex w-full flex-col items-end gap-2 whitespace-normal break-words text-start [.text-message+&amp;]:mt-5\" dir=\"auto\" data-message-author-role=\"assistant\" data-message-id=\"9163c58a-3c18-44d6-9b06-e20f9146500c\" data-message-model-slug=\"gpt-4o\">\n<div class=\"flex w-full flex-col gap-1 empty:hidden first:pt-[3px]\">\n<div class=\"markdown prose w-full break-words dark:prose-invert dark\">\n<p><a class=\"dt-pswp-item\" href=\"https:\/\/www.radiopiu.net\/wordpress\/wp-content\/uploads\/2024\/12\/Senza-nome-49.png\" data-dt-img-description=\"\" data-large_image_width=\"256\" data-large_image_height=\"238\"><img loading=\"lazy\" decoding=\"async\" class=\" wp-image-424088 alignleft\" src=\"https:\/\/www.radiopiu.net\/wordpress\/wp-content\/uploads\/2024\/12\/Senza-nome-49.png\" alt=\"\" width=\"209\" height=\"194\" \/><\/a>Un nuovo riconoscimento di prestigio \u00e8 stato assegnato al feltrino <strong>Alessandro Alberioli<\/strong>, tenente colonnello della Guardia di Finanza. Dopo aver ricevuto la Medaglia al valore civile nel 2013, Alberioli \u00e8 stato insignito, insieme a cinque colleghi, della <strong>Croce di bronzo al merito<\/strong> per il soccorso prestato durante il devastante terremoto in Turchia nel febbraio 2023.<\/p>\n<p>La squadra, composta anche da <strong>Nicola Zarbo<\/strong>, <strong>Mauro Desideri<\/strong>, <strong>Simone Catalini<\/strong>, <strong>Francesco D\u2019Urso<\/strong> e il finanziere scelto <strong>Damiano Fontanive<\/strong>, ha operato in condizioni estreme nel sud-est della Turchia, dedicandosi alla ricerca e al salvataggio di persone tra le macerie. Tra gli interventi, il recupero del corpo di un connazionale.<\/p>\n<p>Il decreto del Presidente della Repubblica Sergio Mattarella sottolinea la &#8220;somma perizia&#8221; dimostrata e l\u2019importante contributo della squadra al prestigio della Guardia di Finanza, sia in Italia che a livello internazionale.<\/p>\n<p>Questo encomio rappresenta un ulteriore tributo al coraggio e alla professionalit\u00e0 dei finanzieri, che hanno operato in situazioni di elevatissimo rischio per l\u2019incolumit\u00e0 personale, accrescendo il lustro del corpo.<\/p>\n<\/div>\n<\/div>\n<\/div>\n<\/div>\n<div class=\"mb-2 flex gap-3 empty:hidden -ml-2\">\n<div class=\"items-center justify-start rounded-xl p-1 flex\"><\/div>\n<\/div>\n<\/div>\n<\/div>\n<\/div>\n<\/div>\n<\/article>\n<\/div>\n<\/div>\n<\/div>\n<\/div>\n<\/div>\n<div class=\"md:pt-0 dark:border-white\/20 md:border-transparent md:dark:border-transparent w-full\">\n<div class=\"m-auto text-base px-3 md:px-4 w-full md:px-5 lg:px-4 xl:px-5\">\n<div class=\"mx-auto flex flex-1 gap-4 text-base md:gap-5 lg:gap-6 md:max-w-3xl lg:max-w-[40rem] xl:max-w-[48rem]\">\n<form class=\"w-full\" aria-haspopup=\"dialog\" aria-expanded=\"false\" aria-controls=\"radix-:r5l:\" data-state=\"closed\">\n<div class=\"relative flex h-full max-w-full flex-1 flex-col\">\n<div class=\"group relative flex w-full items-center\">\n<div id=\"composer-background\" class=\"flex w-full cursor-text flex-col rounded-3xl px-2.5 py-1 transition-colors contain-inline-size bg-[#f4f4f4] dark:bg-token-main-surface-secondary\">\n<div class=\"flex min-h-[44px] items-start pl-2\">\n<div class=\"w-[32px] pt-1\"><\/div>\n<\/div>\n<\/div>\n<\/div>\n<\/div>\n<\/form>\n<\/div>\n<\/div>\n<\/div>\n<\/div>\n<div><span style=\"color: #ff0000;\"><strong>archivio radiopiu 6 luglio 2022<\/strong><\/span><br \/>\n<a class=\"dt-pswp-item\" href=\"https:\/\/www.radiopiu.net\/wordpress\/wp-content\/uploads\/2022\/07\/Senza-nome.jpg\" data-dt-img-description=\"\" data-large_image_width=\"447\" data-large_image_height=\"375\"><img loading=\"lazy\" decoding=\"async\" class=\"size-thumbnail wp-image-285623 alignleft\" src=\"https:\/\/www.radiopiu.net\/wordpress\/wp-content\/uploads\/2022\/07\/Senza-nome-150x150.jpg\" alt=\"\" width=\"150\" height=\"150\" \/><\/a><strong>VOLTAGO<\/strong> Damiano Fontanive di Frassen\u00e8, finanziere delle Fiamme Gialle da domenica \u00e8 impegnato in Marmolada con il gruppo cinofilo. Ieri sera le sue dichiarazioni al TG4<div style=\"width: 640px;\" class=\"wp-video\"><video class=\"wp-video-shortcode\" id=\"video-423700-1\" width=\"640\" height=\"352\" preload=\"metadata\" controls=\"controls\"><source type=\"video\/mp4\" src=\"https:\/\/www.radiopiu.net\/wordpress\/wp-content\/uploads\/2022\/07\/WhatsApp-Video-2022-07-05-at-22.15.57.mp4?_=1\" \/><a href=\"https:\/\/www.radiopiu.net\/wordpress\/wp-content\/uploads\/2022\/07\/WhatsApp-Video-2022-07-05-at-22.15.57.mp4\">https:\/\/www.radiopiu.net\/wordpress\/wp-content\/uploads\/2022\/07\/WhatsApp-Video-2022-07-05-at-22.15.57.mp4<\/a><\/video><\/div>\n<p>&nbsp;<\/p>\n<\/div>\n<div class=\"flex items-center pb-0\"><\/div>\n<\/div>\n<\/div>\n<\/div>\n<\/div>\n<\/div>\n<p>&nbsp;<\/p>\n<hr \/>\n<p>&nbsp;<\/p>\n<blockquote class=\"wp-embedded-content\" data-secret=\"iTrweBoBnR\"><p><a href=\"https:\/\/www.radiopiu.net\/wordpress\/il-comune-di-belluno-ha-conferito-la-cittadinanza-onoraria-al-cnsas\/\">IL COMUNE DI BELLUNO HA CONFERITO LA CITTADINANZA ONORARIA AL CNSAS<\/a><\/p><\/blockquote>\n<p><iframe loading=\"lazy\" class=\"wp-embedded-content\" sandbox=\"allow-scripts\" security=\"restricted\" style=\"position: absolute; visibility: hidden;\" title=\"&#8220;IL COMUNE DI BELLUNO HA CONFERITO LA CITTADINANZA ONORARIA AL CNSAS&#8221; &#8212; Radio Pi\u00f9\" src=\"https:\/\/www.radiopiu.net\/wordpress\/il-comune-di-belluno-ha-conferito-la-cittadinanza-onoraria-al-cnsas\/embed\/#?secret=queLvOGqLl#?secret=iTrweBoBnR\" data-secret=\"iTrweBoBnR\" width=\"600\" height=\"338\" frameborder=\"0\" marginwidth=\"0\" marginheight=\"0\" scrolling=\"no\"><\/iframe><\/p>\n<blockquote class=\"wp-embedded-content\" data-secret=\"SKmBBjoHP9\"><p><a href=\"https:\/\/www.radiopiu.net\/wordpress\/video-e-foto-70-anni-del-soccorso-alpino\/\">VIDEO E FOTO 70 ANNI DEL SOCCORSO ALPINO<\/a><\/p><\/blockquote>\n<p><iframe loading=\"lazy\" class=\"wp-embedded-content\" sandbox=\"allow-scripts\" security=\"restricted\" style=\"position: absolute; visibility: hidden;\" title=\"&#8220;VIDEO E FOTO 70 ANNI DEL SOCCORSO ALPINO&#8221; &#8212; Radio Pi\u00f9\" src=\"https:\/\/www.radiopiu.net\/wordpress\/video-e-foto-70-anni-del-soccorso-alpino\/embed\/#?secret=S8J7zz6V08#?secret=SKmBBjoHP9\" data-secret=\"SKmBBjoHP9\" width=\"600\" height=\"338\" frameborder=\"0\" marginwidth=\"0\" marginheight=\"0\" scrolling=\"no\"><\/iframe><\/p>\n<hr \/>\n<p>&nbsp;<\/p>\n<p>&nbsp;<\/p>\n<h2><span style=\"color: #ff0000;\">CONSIGLI COMUNALI IN AGORDINO<\/span><\/h2>\n<p><strong>ALLEGHE<\/strong> Consiglio comunale venerdi alle 20:30. Saranno 10 i punti in discussione e tra questi si discuter\u00e0 del programma triennale dei lavori pubblici, dell&#8217;imposta IMU, il DUP, il nuovo schema di contratto con ASCA e la revisione ordinaria delle partecipazioni.<\/p>\n<p>&nbsp;<\/p>\n<hr \/>\n<p>&nbsp;<\/p>\n<blockquote>\n<h3>IL COMUNE DI BELLUNO PROTAGONISTA DEL PROGETTO EUROPEO TIME OUT<\/h3>\n<\/blockquote>\n<p><strong><a class=\"dt-pswp-item\" href=\"https:\/\/www.radiopiu.net\/wordpress\/wp-content\/uploads\/2024\/12\/5123540d-e053-473f-b6c4-e1c3fa28891a.jpg\" data-dt-img-description=\"\" data-large_image_width=\"1600\" data-large_image_height=\"1200\"><img loading=\"lazy\" decoding=\"async\" class=\" wp-image-423975 alignleft\" src=\"https:\/\/www.radiopiu.net\/wordpress\/wp-content\/uploads\/2024\/12\/5123540d-e053-473f-b6c4-e1c3fa28891a-300x225.jpg\" alt=\"\" width=\"169\" height=\"127\" srcset=\"https:\/\/www.radiopiu.net\/wordpress\/wp-content\/uploads\/2024\/12\/5123540d-e053-473f-b6c4-e1c3fa28891a-300x225.jpg 300w, https:\/\/www.radiopiu.net\/wordpress\/wp-content\/uploads\/2024\/12\/5123540d-e053-473f-b6c4-e1c3fa28891a-1024x768.jpg 1024w, https:\/\/www.radiopiu.net\/wordpress\/wp-content\/uploads\/2024\/12\/5123540d-e053-473f-b6c4-e1c3fa28891a-768x576.jpg 768w, https:\/\/www.radiopiu.net\/wordpress\/wp-content\/uploads\/2024\/12\/5123540d-e053-473f-b6c4-e1c3fa28891a-1536x1152.jpg 1536w, https:\/\/www.radiopiu.net\/wordpress\/wp-content\/uploads\/2024\/12\/5123540d-e053-473f-b6c4-e1c3fa28891a.jpg 1600w\" sizes=\"auto, (max-width: 169px) 100vw, 169px\" \/><\/a>BELLUNO <\/strong>\u201cInsegnare agli insegnanti\u201d: questo l&#8217;obbiettivo del progetto europeo Time Out, che vede il Comune di Belluno collaborare con realt\u00e0 spagnole e portoghesi per attivit\u00e0 di formazione verso insegnanti di educazione fisica, allenatori e preparatori atletici.<\/p>\n<p><strong>DI DANIELE DALVIT<\/strong><\/p>\n<audio class=\"wp-audio-shortcode\" id=\"audio-423700-12\" preload=\"none\" style=\"width: 100%;\" controls=\"controls\"><source type=\"audio\/mpeg\" src=\"https:\/\/www.radiopiu.net\/wordpress\/wp-content\/uploads\/2024\/12\/Servizio-Time-Out-Erasmus-Bilbao.mp3?_=12\" \/><a href=\"https:\/\/www.radiopiu.net\/wordpress\/wp-content\/uploads\/2024\/12\/Servizio-Time-Out-Erasmus-Bilbao.mp3\">https:\/\/www.radiopiu.net\/wordpress\/wp-content\/uploads\/2024\/12\/Servizio-Time-Out-Erasmus-Bilbao.mp3<\/a><\/audio>\n<p>&nbsp;<\/p>\n<hr \/>\n<p>&nbsp;<\/p>\n<blockquote>\n<h3>IL RIFACIMENTO DEL PONTE DI RUI DE LA CROSE A LONGARONE<\/h3>\n<\/blockquote>\n<p><strong><a class=\"dt-pswp-item\" href=\"https:\/\/www.radiopiu.net\/wordpress\/wp-content\/uploads\/2023\/03\/MUNICIPIO-LONGARONE-scaled.jpg\" data-dt-img-description=\"\" data-large_image_width=\"2560\" data-large_image_height=\"1707\"><img loading=\"lazy\" decoding=\"async\" class=\" wp-image-328192 alignleft\" src=\"https:\/\/www.radiopiu.net\/wordpress\/wp-content\/uploads\/2023\/03\/MUNICIPIO-LONGARONE-300x200.jpg\" alt=\"\" width=\"176\" height=\"117\" srcset=\"https:\/\/www.radiopiu.net\/wordpress\/wp-content\/uploads\/2023\/03\/MUNICIPIO-LONGARONE-300x200.jpg 300w, https:\/\/www.radiopiu.net\/wordpress\/wp-content\/uploads\/2023\/03\/MUNICIPIO-LONGARONE-1024x683.jpg 1024w, https:\/\/www.radiopiu.net\/wordpress\/wp-content\/uploads\/2023\/03\/MUNICIPIO-LONGARONE-768x512.jpg 768w, https:\/\/www.radiopiu.net\/wordpress\/wp-content\/uploads\/2023\/03\/MUNICIPIO-LONGARONE-1536x1024.jpg 1536w, https:\/\/www.radiopiu.net\/wordpress\/wp-content\/uploads\/2023\/03\/MUNICIPIO-LONGARONE-2048x1366.jpg 2048w\" sizes=\"auto, (max-width: 176px) 100vw, 176px\" \/><\/a>LONGARONE<\/strong> L\u2019incontro pubblico a Dogna e Provagna, previsto per mercoled\u00ec 11 dicembre alle 18 nell\u2019ex Latteria di Provagna, affronter\u00e0 diversi temi. In primo piano il rifacimento del ponte sul Rui de la Crose, zona soggetta a colate detritiche, i cui lavori termineranno entro il 2025 e comporteranno interruzioni alla viabilit\u00e0. Saranno trattati anche il progetto di metanizzazione delle frazioni da parte di Italgas e la gestione delle terre di uso civico. I consiglieri comunali Alberto Bortoluzzi e Mario Zandomenego illustreranno i progetti e ascolteranno le necessit\u00e0 dei cittadini. Il sindaco Roberto Padrin sottolinea l\u2019importanza del dialogo con la popolazione e annuncia che incontri simili saranno periodici per monitorare le esigenze territoriali.<\/p>\n<p>&nbsp;<\/p>\n<p>&nbsp;<\/p>\n<hr \/>\n<p>&nbsp;<\/p>\n<blockquote>\n<h2><strong><a class=\"dt-pswp-item\" href=\"https:\/\/www.radiopiu.net\/wordpress\/wp-content\/uploads\/2024\/12\/Meteoriti-Italia-aps.jpg\" data-dt-img-description=\"\" data-large_image_width=\"1280\" data-large_image_height=\"720\"><img loading=\"lazy\" decoding=\"async\" class=\"size-medium wp-image-423955 alignleft\" src=\"https:\/\/www.radiopiu.net\/wordpress\/wp-content\/uploads\/2024\/12\/Meteoriti-Italia-aps-300x169.jpg\" alt=\"\" width=\"300\" height=\"169\" srcset=\"https:\/\/www.radiopiu.net\/wordpress\/wp-content\/uploads\/2024\/12\/Meteoriti-Italia-aps-300x169.jpg 300w, https:\/\/www.radiopiu.net\/wordpress\/wp-content\/uploads\/2024\/12\/Meteoriti-Italia-aps-1024x576.jpg 1024w, https:\/\/www.radiopiu.net\/wordpress\/wp-content\/uploads\/2024\/12\/Meteoriti-Italia-aps-768x432.jpg 768w, https:\/\/www.radiopiu.net\/wordpress\/wp-content\/uploads\/2024\/12\/Meteoriti-Italia-aps.jpg 1280w\" sizes=\"auto, (max-width: 300px) 100vw, 300px\" \/><\/a>Corso INAF per volontari: recupero meteoriti e difesa del pianeta<\/strong><\/h2>\n<\/blockquote>\n<p>&nbsp;<\/p>\n<p>L\u2019INAF, in collaborazione con Meteoriti Italia APS, organizza un corso gratuito per addestrare volontari al recupero di meteoriti appena cadute, segnalate dalla rete PRISMA. L\u2019appuntamento \u00e8 sabato 14 dicembre a Fonzaso. I partecipanti apprenderanno il funzionamento della rete PRISMA, tecniche di ricerca sul campo e metodi di recupero. La giornata si concluder\u00e0 con una prova pratica e il rilascio di un attestato ufficiale. Un\u2019esperienza unica che trasforma i volontari in \u201cDifensori del Pianeta\u201d, contribuendo alla conoscenza e alla protezione della Terra.<\/p>\n<p>&nbsp;<\/p>\n<hr \/>\n<p>&nbsp;<\/p>\n<blockquote>\n<h2>Progetto \u201cScuola Parlante\u201d in ospedale: firmato il protocollo<\/h2>\n<\/blockquote>\n<p><strong>BELLUNO\u00a0<\/strong><\/p>\n<p><a class=\"dt-pswp-item\" href=\"https:\/\/www.radiopiu.net\/wordpress\/wp-content\/uploads\/2024\/12\/WhatsApp-Image-2024-12-09-at-12.16.50.jpeg\" data-dt-img-description=\"\" data-large_image_width=\"2040\" data-large_image_height=\"990\"><img loading=\"lazy\" decoding=\"async\" class=\"size-medium wp-image-423963 alignleft\" src=\"https:\/\/www.radiopiu.net\/wordpress\/wp-content\/uploads\/2024\/12\/WhatsApp-Image-2024-12-09-at-12.16.50-300x146.jpeg\" alt=\"\" width=\"300\" height=\"146\" srcset=\"https:\/\/www.radiopiu.net\/wordpress\/wp-content\/uploads\/2024\/12\/WhatsApp-Image-2024-12-09-at-12.16.50-300x146.jpeg 300w, https:\/\/www.radiopiu.net\/wordpress\/wp-content\/uploads\/2024\/12\/WhatsApp-Image-2024-12-09-at-12.16.50-1024x497.jpeg 1024w, https:\/\/www.radiopiu.net\/wordpress\/wp-content\/uploads\/2024\/12\/WhatsApp-Image-2024-12-09-at-12.16.50-768x373.jpeg 768w, https:\/\/www.radiopiu.net\/wordpress\/wp-content\/uploads\/2024\/12\/WhatsApp-Image-2024-12-09-at-12.16.50-1536x745.jpeg 1536w, https:\/\/www.radiopiu.net\/wordpress\/wp-content\/uploads\/2024\/12\/WhatsApp-Image-2024-12-09-at-12.16.50.jpeg 2040w\" sizes=\"auto, (max-width: 300px) 100vw, 300px\" \/><\/a><br \/>\n\u00c8 stato avviato il progetto <strong>\u201cScuola Parlante\u201d<\/strong>, promosso dallo <strong>Sportello Provinciale Autismo Scuole<\/strong>, in collaborazione con le unit\u00e0 operative di Pediatria degli ospedali di Belluno e Feltre. Il progetto si propone di migliorare il benessere degli alunni-pazienti con <strong>disturbo dello spettro autistico (ASD)<\/strong> attraverso la <strong>Comunicazione Aumentativa Alternativa (CAA)<\/strong> e l\u2019uso di strumenti visivi per facilitare la comprensione e ridurre comportamenti problematici. Grazie al supporto dell\u2019<strong>Ulss Dolomiti<\/strong>, verranno realizzati materiali illustrativi per i reparti e percorsi educativi dedicati, coinvolgendo famiglie, docenti e operatori ospedalieri. \u201cUn esempio virtuoso di collaborazione istituzionale per il supporto ai bambini con difficolt\u00e0 comunicative e alle loro famiglie,\u201d afferma Orietta Isotton, responsabile dello Sportello Autismo.<\/p>\n<p>&nbsp;<\/p>\n<p>&nbsp;<\/p>\n<p>&nbsp;<\/p>\n<p>&nbsp;<\/p>\n<hr \/>\n<p>&nbsp;<\/p>\n<h1 class=\"_title post-title entry-title\"><a class=\"dt-pswp-item\" href=\"https:\/\/www.radiopiu.net\/wordpress\/wp-content\/uploads\/2023\/12\/ANTENNA.png\" data-dt-img-description=\"\" data-large_image_width=\"300\" data-large_image_height=\"166\"><img loading=\"lazy\" decoding=\"async\" class=\" wp-image-366306 alignleft\" src=\"https:\/\/www.radiopiu.net\/wordpress\/wp-content\/uploads\/2023\/12\/ANTENNA.png\" alt=\"\" width=\"114\" height=\"63\" \/><\/a>NE BOTTE NE BOTTI\u2019, AL VIA IL PROGETTO FORMATIVO NELLE SCUOLE<\/h1>\n<blockquote>\n<h3>\u00a0Intervistati LORENZO BORTOLUZZI (PRESIDENTE COMMISSIONE BENESSERE ANIMALE BELLUNO) (Servizio di\u00a0<a href=\"https:\/\/antennatre.medianordest.it\/redazione\/Stefano-Bozzi\/\">Stefano Bozzi<\/a>)<\/h3>\n<\/blockquote>\n<p><iframe loading=\"lazy\" title=\"&#039;NE BOTTE NE BOTTI&#039;, AL VIA IL PROGETTO FORMATIVO NELLE SCUOLE | 09\/12\/2024\" width=\"1200\" height=\"675\" src=\"https:\/\/www.youtube.com\/embed\/OTJrmQ0pd1Y?feature=oembed\" frameborder=\"0\" allow=\"accelerometer; autoplay; clipboard-write; encrypted-media; gyroscope; picture-in-picture; web-share\" referrerpolicy=\"strict-origin-when-cross-origin\" allowfullscreen><\/iframe><\/p>\n<p>&nbsp;<\/p>\n<p>&nbsp;<\/p>\n<hr \/>\n<p>&nbsp;<\/p>\n<blockquote>\n<h3><a href=\"https:\/\/www.radiopiu.net\/wordpress\/wp-content\/uploads\/2024\/12\/7fcdf274-fd18-4cd0-882c-fbea45f088e7.webp\"><img loading=\"lazy\" decoding=\"async\" class=\"wp-image-424097 alignleft\" src=\"https:\/\/www.radiopiu.net\/wordpress\/wp-content\/uploads\/2024\/12\/7fcdf274-fd18-4cd0-882c-fbea45f088e7-300x300.webp\" alt=\"\" width=\"154\" height=\"154\" srcset=\"https:\/\/www.radiopiu.net\/wordpress\/wp-content\/uploads\/2024\/12\/7fcdf274-fd18-4cd0-882c-fbea45f088e7-300x300.webp 300w, https:\/\/www.radiopiu.net\/wordpress\/wp-content\/uploads\/2024\/12\/7fcdf274-fd18-4cd0-882c-fbea45f088e7-150x150.webp 150w, https:\/\/www.radiopiu.net\/wordpress\/wp-content\/uploads\/2024\/12\/7fcdf274-fd18-4cd0-882c-fbea45f088e7-768x768.webp 768w, https:\/\/www.radiopiu.net\/wordpress\/wp-content\/uploads\/2024\/12\/7fcdf274-fd18-4cd0-882c-fbea45f088e7.webp 1024w\" sizes=\"auto, (max-width: 154px) 100vw, 154px\" \/><\/a>PERCORSO GENITORIALITA&#8217; A FELTRE<\/h3>\n<\/blockquote>\n<p><strong>PER LE TRE RADIO BARBARA PAOLAZZI<\/strong><\/p>\n<audio class=\"wp-audio-shortcode\" id=\"audio-423700-13\" preload=\"none\" style=\"width: 100%;\" controls=\"controls\"><source type=\"audio\/mpeg\" src=\"https:\/\/www.radiopiu.net\/wordpress\/wp-content\/uploads\/2024\/12\/PAOLAZZI-PERCORSO-GENITORIALITA-FELTRE.mp3?_=13\" \/><a href=\"https:\/\/www.radiopiu.net\/wordpress\/wp-content\/uploads\/2024\/12\/PAOLAZZI-PERCORSO-GENITORIALITA-FELTRE.mp3\">https:\/\/www.radiopiu.net\/wordpress\/wp-content\/uploads\/2024\/12\/PAOLAZZI-PERCORSO-GENITORIALITA-FELTRE.mp3<\/a><\/audio>\n<p>&nbsp;<\/p>\n<hr \/>\n<p>&nbsp;<\/p>\n<blockquote>\n<h3>VENETO WELFARE DAY 2024<\/h3>\n<\/blockquote>\n<p><strong><a class=\"dt-pswp-item\" href=\"https:\/\/www.radiopiu.net\/wordpress\/wp-content\/uploads\/2022\/03\/Logo_VenetoLavoro.png\" data-dt-img-description=\"\" data-large_image_width=\"1791\" data-large_image_height=\"482\"><img loading=\"lazy\" decoding=\"async\" class=\" wp-image-264807 alignleft\" src=\"https:\/\/www.radiopiu.net\/wordpress\/wp-content\/uploads\/2022\/03\/Logo_VenetoLavoro-300x81.png\" alt=\"\" width=\"215\" height=\"58\" srcset=\"https:\/\/www.radiopiu.net\/wordpress\/wp-content\/uploads\/2022\/03\/Logo_VenetoLavoro-300x81.png 300w, https:\/\/www.radiopiu.net\/wordpress\/wp-content\/uploads\/2022\/03\/Logo_VenetoLavoro-1024x276.png 1024w, https:\/\/www.radiopiu.net\/wordpress\/wp-content\/uploads\/2022\/03\/Logo_VenetoLavoro-768x207.png 768w, https:\/\/www.radiopiu.net\/wordpress\/wp-content\/uploads\/2022\/03\/Logo_VenetoLavoro-1536x413.png 1536w, https:\/\/www.radiopiu.net\/wordpress\/wp-content\/uploads\/2022\/03\/Logo_VenetoLavoro.png 1791w\" sizes=\"auto, (max-width: 215px) 100vw, 215px\" \/><\/a>VENEZIA <\/strong>Il Veneto Welfare Day 2024 si terr\u00e0 il 12 e 13 dicembre tra Venezia e Padova per promuovere la previdenza complementare e il welfare integrato. <strong>12 dicembre a Venezia. <\/strong>Mattina: Convegno su autonomia differenziata e previdenza integrativa a Palazzo Grandi Stazioni, con premi per le migliori tesi del &#8220;Premio Arsenale Welfare 2024&#8221;. Pomeriggio: Convegno sulle reti di welfare territoriale e pratiche innovative. <strong>13 dicembre a Padova<\/strong>: Convegno regionale sul welfare per un\u2019occupazione stabile e inclusiva alla Camera di Commercio. Focus su parit\u00e0 di genere, divario retributivo e welfare aziendale, con premi per aziende sostenibili. L&#8217;evento esplora il welfare come strumento per equit\u00e0 e sostenibilit\u00e0 lavorativa.<\/p>\n<p>&nbsp;<\/p>\n<p>&nbsp;<\/p>\n<hr \/>\n<p>&nbsp;<\/p>\n<blockquote>\n<h3>A Radio Pi\u00f9: Appello per ritrovare un gatto smarrito<\/h3>\n<\/blockquote>\n<p><img loading=\"lazy\" decoding=\"async\" class=\"alignleft\" src=\"https:\/\/www.radiopiu.net\/wordpress\/wp-content\/uploads\/2024\/12\/466826958_1254403105779930_3940039826336416257_n.jpg\" width=\"145\" height=\"182\" \/>Daniela ha scritto a Radio Pi\u00f9 per chiedere aiuto: da quasi un mese il suo gatto, descritto come molto coccolone, \u00e8 scomparso. Daniela teme che qualcuno possa averlo trovato e portato a casa, pensando fosse senza padrone.<\/p>\n<p>Sta facendo tutto il possibile per ritrovarlo, affiggendo manifesti ad Agordo e nelle zone vicine, ma ora chiede il supporto della comunit\u00e0.<\/p>\n<p>Chiunque abbia informazioni o abbia trovato un gatto che corrisponde a questa descrizione \u00e8 pregato di contattarla. Facciamo appello a tutti gli ascoltatori e amici di Radio Pi\u00f9 per aiutare Daniela a riabbracciare il suo amico a quattro zampe!<\/p>\n<p>Per ulteriori dettagli o segnalazioni, potete contattare\u00a0 347 1163429<\/p>\n<p>&nbsp;<\/p>\n<p>&nbsp;<\/p>\n<hr \/>\n<p>&nbsp;<\/p>\n\n\t\t\t<style type='text\/css'>\n\t\t\t\t#gallery-2 {\n\t\t\t\t\tmargin: auto;\n\t\t\t\t}\n\t\t\t\t#gallery-2 .gallery-item {\n\t\t\t\t\tfloat: left;\n\t\t\t\t\tmargin-top: 10px;\n\t\t\t\t\ttext-align: center;\n\t\t\t\t\twidth: 50%;\n\t\t\t\t}\n\t\t\t\t#gallery-2 img {\n\t\t\t\t\tborder: 2px solid #cfcfcf;\n\t\t\t\t}\n\t\t\t\t#gallery-2 .gallery-caption {\n\t\t\t\t\tmargin-left: 0;\n\t\t\t\t}\n\t\t\t\t\/* see gallery_shortcode() in wp-includes\/media.php *\/\n\t\t\t<\/style>\n\t\t<div id='gallery-2' class='dt-gallery-container gallery galleryid-423700 gallery-columns-2 gallery-size-medium'><dl class='gallery-item'>\n\t\t\t\t<dt class='gallery-icon portrait'>\n\t\t\t\t\t<a class=\"rollover rollover-zoom dt-pswp-item\" title=\"b3cecef2-c1a0-4979-a248-4ba48e65737b\" data-dt-img-description=\"\" data-large_image_width=\"1449\" data-large_image_height=\"2048\"href='https:\/\/www.radiopiu.net\/wordpress\/wp-content\/uploads\/2024\/12\/b3cecef2-c1a0-4979-a248-4ba48e65737b.jpg'><img loading=\"lazy\" decoding=\"async\" width=\"212\" height=\"300\" src=\"https:\/\/www.radiopiu.net\/wordpress\/wp-content\/uploads\/2024\/12\/b3cecef2-c1a0-4979-a248-4ba48e65737b-212x300.jpg\" class=\"attachment-medium size-medium\" alt=\"\" aria-describedby=\"gallery-2-423966\" srcset=\"https:\/\/www.radiopiu.net\/wordpress\/wp-content\/uploads\/2024\/12\/b3cecef2-c1a0-4979-a248-4ba48e65737b-212x300.jpg 212w, https:\/\/www.radiopiu.net\/wordpress\/wp-content\/uploads\/2024\/12\/b3cecef2-c1a0-4979-a248-4ba48e65737b-725x1024.jpg 725w, https:\/\/www.radiopiu.net\/wordpress\/wp-content\/uploads\/2024\/12\/b3cecef2-c1a0-4979-a248-4ba48e65737b-768x1085.jpg 768w, https:\/\/www.radiopiu.net\/wordpress\/wp-content\/uploads\/2024\/12\/b3cecef2-c1a0-4979-a248-4ba48e65737b-1087x1536.jpg 1087w, https:\/\/www.radiopiu.net\/wordpress\/wp-content\/uploads\/2024\/12\/b3cecef2-c1a0-4979-a248-4ba48e65737b.jpg 1449w\" sizes=\"auto, (max-width: 212px) 100vw, 212px\" \/><\/a>\n\t\t\t\t<\/dt>\n\t\t\t\t\t<dd class='wp-caption-text gallery-caption' id='gallery-2-423966'>\n\t\t\t\t\tscuola aperta, sabato a cencenighe \n\t\t\t\t\t<\/dd><\/dl><dl class='gallery-item'>\n\t\t\t\t<dt class='gallery-icon portrait'>\n\t\t\t\t\t<a class=\"rollover rollover-zoom dt-pswp-item\" title=\"fd73f899-b45e-42c1-96a7-8ba8eb9b4a39\" data-dt-img-description=\"\" data-large_image_width=\"1131\" data-large_image_height=\"1600\"href='https:\/\/www.radiopiu.net\/wordpress\/wp-content\/uploads\/2024\/12\/fd73f899-b45e-42c1-96a7-8ba8eb9b4a39.jpg'><img loading=\"lazy\" decoding=\"async\" width=\"212\" height=\"300\" src=\"https:\/\/www.radiopiu.net\/wordpress\/wp-content\/uploads\/2024\/12\/fd73f899-b45e-42c1-96a7-8ba8eb9b4a39-212x300.jpg\" class=\"attachment-medium size-medium\" alt=\"\" srcset=\"https:\/\/www.radiopiu.net\/wordpress\/wp-content\/uploads\/2024\/12\/fd73f899-b45e-42c1-96a7-8ba8eb9b4a39-212x300.jpg 212w, https:\/\/www.radiopiu.net\/wordpress\/wp-content\/uploads\/2024\/12\/fd73f899-b45e-42c1-96a7-8ba8eb9b4a39-724x1024.jpg 724w, https:\/\/www.radiopiu.net\/wordpress\/wp-content\/uploads\/2024\/12\/fd73f899-b45e-42c1-96a7-8ba8eb9b4a39-768x1086.jpg 768w, https:\/\/www.radiopiu.net\/wordpress\/wp-content\/uploads\/2024\/12\/fd73f899-b45e-42c1-96a7-8ba8eb9b4a39-1086x1536.jpg 1086w, https:\/\/www.radiopiu.net\/wordpress\/wp-content\/uploads\/2024\/12\/fd73f899-b45e-42c1-96a7-8ba8eb9b4a39.jpg 1131w\" sizes=\"auto, (max-width: 212px) 100vw, 212px\" \/><\/a>\n\t\t\t\t<\/dt><\/dl><br style=\"clear: both\" \/>\n\t\t\t<\/div>\n\n<p>&nbsp;<\/p>\n<hr \/>\n<p>&nbsp;<\/p>\n<p>&nbsp;<\/p>\n<blockquote class=\"wp-embedded-content\" data-secret=\"wD136INF2i\"><p><a href=\"https:\/\/www.radiopiu.net\/wordpress\/dal-monte-pelmo-alletna-con-stefano-paolo-e-radiopiu-ultima\/\">DAL MONTE PELMO ALL&#8217;ETNA CON STEFANO, PAOLO&#8230; E RADIOPIU&#8217;<\/a><\/p><\/blockquote>\n<p><iframe loading=\"lazy\" class=\"wp-embedded-content\" sandbox=\"allow-scripts\" security=\"restricted\" style=\"position: absolute; visibility: hidden;\" title=\"&#8220;DAL MONTE PELMO ALL&#8217;ETNA CON STEFANO, PAOLO&#8230; E RADIOPIU&#8217;&#8221; &#8212; Radio Pi\u00f9\" src=\"https:\/\/www.radiopiu.net\/wordpress\/dal-monte-pelmo-alletna-con-stefano-paolo-e-radiopiu-ultima\/embed\/#?secret=EWIzsbqcOq#?secret=wD136INF2i\" data-secret=\"wD136INF2i\" width=\"600\" height=\"338\" frameborder=\"0\" marginwidth=\"0\" marginheight=\"0\" scrolling=\"no\"><\/iframe><\/p>\n<p>&nbsp;<\/p>\n<hr \/>\n<p>&nbsp;<\/p>\n<blockquote>\n<h3>AD AGORDO ARRIVANO LE PIGOTTE PER AIUTARE UNICEF<\/h3>\n<\/blockquote>\n<p><strong><a class=\"dt-pswp-item\" href=\"https:\/\/www.radiopiu.net\/wordpress\/wp-content\/uploads\/2024\/12\/193f011c-1973-46ad-b841-4db81c48f362.jpg\" data-dt-img-description=\"\" data-large_image_width=\"1063\" data-large_image_height=\"1600\"><img loading=\"lazy\" decoding=\"async\" class=\" wp-image-424010 alignleft\" src=\"https:\/\/www.radiopiu.net\/wordpress\/wp-content\/uploads\/2024\/12\/193f011c-1973-46ad-b841-4db81c48f362-199x300.jpg\" alt=\"\" width=\"109\" height=\"164\" srcset=\"https:\/\/www.radiopiu.net\/wordpress\/wp-content\/uploads\/2024\/12\/193f011c-1973-46ad-b841-4db81c48f362-199x300.jpg 199w, https:\/\/www.radiopiu.net\/wordpress\/wp-content\/uploads\/2024\/12\/193f011c-1973-46ad-b841-4db81c48f362-680x1024.jpg 680w, https:\/\/www.radiopiu.net\/wordpress\/wp-content\/uploads\/2024\/12\/193f011c-1973-46ad-b841-4db81c48f362-768x1156.jpg 768w, https:\/\/www.radiopiu.net\/wordpress\/wp-content\/uploads\/2024\/12\/193f011c-1973-46ad-b841-4db81c48f362-1020x1536.jpg 1020w, https:\/\/www.radiopiu.net\/wordpress\/wp-content\/uploads\/2024\/12\/193f011c-1973-46ad-b841-4db81c48f362.jpg 1063w\" sizes=\"auto, (max-width: 109px) 100vw, 109px\" \/><\/a>AGORDO<\/strong> Domani in Piazza libert\u00e0 ad Agordo, di fronte al Bar Commercio, ci saranno i volontari di Unicef che venderanno le pigotte. La Pigotta \u00e8 una bambola unica e speciale, simbolo della solidariet\u00e0, che sostiene l\u2019UNICEF nella sua missione di aiutare i bambini in difficolt\u00e0 in tutto il mondo. Con una donazione minima di 20 \u20ac, si pu\u00f2 adottare una Pigotta, contribuendo a finanziare vaccini, alimenti terapeutici, pozzi, scuole e altri progetti di assistenza. Creata per la prima volta nel 1988 da Jo Garceau a Milano, \u00e8 diventata la bambola ufficiale dell\u2019UNICEF Italia nel 1999, salvando oltre 1,5 milioni di bambini. Dietro ogni Pigotta c\u2019\u00e8 il lavoro creativo di volontari e sostenitori, che coinvolgono scuole, associazioni e comunit\u00e0 in laboratori di creazione, formando una rete di solidariet\u00e0 attiva e inclusiva.<\/p>\n<p>&nbsp;<\/p>\n<p>&nbsp;<\/p>\n<hr \/>\n<p>&nbsp;<\/p>\n<blockquote>\n<h1>Il Presepe Artistico di Roe di Sedico: un capolavoro da visitare<\/h1>\n<\/blockquote>\n<p><a class=\"dt-pswp-item\" href=\"https:\/\/www.radiopiu.net\/wordpress\/wp-content\/uploads\/2024\/12\/5162ed54-e3b2-4d17-82f0-cf26bd30086a.jpg\" data-dt-img-description=\"\" data-large_image_width=\"1200\" data-large_image_height=\"1600\"><img loading=\"lazy\" decoding=\"async\" class=\"size-medium wp-image-423381 alignleft\" src=\"https:\/\/www.radiopiu.net\/wordpress\/wp-content\/uploads\/2024\/12\/5162ed54-e3b2-4d17-82f0-cf26bd30086a-225x300.jpg\" alt=\"\" width=\"225\" height=\"300\" srcset=\"https:\/\/www.radiopiu.net\/wordpress\/wp-content\/uploads\/2024\/12\/5162ed54-e3b2-4d17-82f0-cf26bd30086a-225x300.jpg 225w, https:\/\/www.radiopiu.net\/wordpress\/wp-content\/uploads\/2024\/12\/5162ed54-e3b2-4d17-82f0-cf26bd30086a-768x1024.jpg 768w, https:\/\/www.radiopiu.net\/wordpress\/wp-content\/uploads\/2024\/12\/5162ed54-e3b2-4d17-82f0-cf26bd30086a-1152x1536.jpg 1152w, https:\/\/www.radiopiu.net\/wordpress\/wp-content\/uploads\/2024\/12\/5162ed54-e3b2-4d17-82f0-cf26bd30086a.jpg 1200w\" sizes=\"auto, (max-width: 225px) 100vw, 225px\" \/><\/a>Il presepe artistico di Roe di Sedico \u00e8 un\u2019opera straordinaria realizzata dai talentuosi autori Fabio Sommacal, Davide Lovisotto, Edi Tegner, Andrea Fontanive e Marco Bressan. Nato nel 1988, le prime edizioni venivano ospitate nella cappella invernale e smontate ogni anno. Dal 1991, grazie alla disponibilit\u00e0 di Don Rinaldo, il presepe ha trovato una sede permanente, permettendo la realizzazione di 32 edizioni fino all\u2019interruzione causata dalla pandemia. Dal 2022, l\u2019avventura \u00e8 ripartita con rinnovato entusiasmo. Il presepe \u00e8 visitabile fino al 31 gennaio: <strong>Domeniche e festivi:<\/strong> 10:00-12:00 e 14:00-18:30. <strong>Dal 25 dicembre al 6 gennaio:<\/strong> aperto anche nei feriali, nel pomeriggio 14:00-18:30. Un appuntamento imperdibile per immergersi nella magia del Natale e ammirare un\u2019opera che racconta tradizione e passione.<\/p>\n<p>&nbsp;<\/p>\n\n\t\t\t<style type='text\/css'>\n\t\t\t\t#gallery-3 {\n\t\t\t\t\tmargin: auto;\n\t\t\t\t}\n\t\t\t\t#gallery-3 .gallery-item {\n\t\t\t\t\tfloat: left;\n\t\t\t\t\tmargin-top: 10px;\n\t\t\t\t\ttext-align: center;\n\t\t\t\t\twidth: 12%;\n\t\t\t\t}\n\t\t\t\t#gallery-3 img {\n\t\t\t\t\tborder: 2px solid #cfcfcf;\n\t\t\t\t}\n\t\t\t\t#gallery-3 .gallery-caption {\n\t\t\t\t\tmargin-left: 0;\n\t\t\t\t}\n\t\t\t\t\/* see gallery_shortcode() in wp-includes\/media.php *\/\n\t\t\t<\/style>\n\t\t<div id='gallery-3' class='dt-gallery-container gallery galleryid-423700 gallery-columns-8 gallery-size-thumbnail'><dl class='gallery-item'>\n\t\t\t\t<dt class='gallery-icon landscape'>\n\t\t\t\t\t<a class=\"rollover rollover-zoom dt-pswp-item\" title=\"1708f0ec-4e7a-4978-b30d-3959327ffde0\" data-dt-img-description=\"\" data-large_image_width=\"1600\" data-large_image_height=\"1200\"href='https:\/\/www.radiopiu.net\/wordpress\/wp-content\/uploads\/2024\/12\/1708f0ec-4e7a-4978-b30d-3959327ffde0.jpg'><img loading=\"lazy\" decoding=\"async\" width=\"150\" height=\"150\" src=\"https:\/\/www.radiopiu.net\/wordpress\/wp-content\/uploads\/2024\/12\/1708f0ec-4e7a-4978-b30d-3959327ffde0-150x150.jpg\" class=\"attachment-thumbnail size-thumbnail\" alt=\"\" \/><\/a>\n\t\t\t\t<\/dt><\/dl><dl class='gallery-item'>\n\t\t\t\t<dt class='gallery-icon landscape'>\n\t\t\t\t\t<a class=\"rollover rollover-zoom dt-pswp-item\" title=\"31faecc0-e87e-406d-b6a8-6f5633f67e78\" data-dt-img-description=\"\" data-large_image_width=\"1600\" data-large_image_height=\"1200\"href='https:\/\/www.radiopiu.net\/wordpress\/wp-content\/uploads\/2024\/12\/31faecc0-e87e-406d-b6a8-6f5633f67e78.jpg'><img loading=\"lazy\" decoding=\"async\" width=\"150\" height=\"150\" src=\"https:\/\/www.radiopiu.net\/wordpress\/wp-content\/uploads\/2024\/12\/31faecc0-e87e-406d-b6a8-6f5633f67e78-150x150.jpg\" class=\"attachment-thumbnail size-thumbnail\" alt=\"\" \/><\/a>\n\t\t\t\t<\/dt><\/dl><dl class='gallery-item'>\n\t\t\t\t<dt class='gallery-icon landscape'>\n\t\t\t\t\t<a class=\"rollover rollover-zoom dt-pswp-item\" title=\"22cd45a8-8844-4e2d-8552-f9a2b7c9b35a\" data-dt-img-description=\"\" data-large_image_width=\"1600\" data-large_image_height=\"1200\"href='https:\/\/www.radiopiu.net\/wordpress\/wp-content\/uploads\/2024\/12\/22cd45a8-8844-4e2d-8552-f9a2b7c9b35a.jpg'><img loading=\"lazy\" decoding=\"async\" width=\"150\" height=\"150\" src=\"https:\/\/www.radiopiu.net\/wordpress\/wp-content\/uploads\/2024\/12\/22cd45a8-8844-4e2d-8552-f9a2b7c9b35a-150x150.jpg\" class=\"attachment-thumbnail size-thumbnail\" alt=\"\" \/><\/a>\n\t\t\t\t<\/dt><\/dl><dl class='gallery-item'>\n\t\t\t\t<dt class='gallery-icon landscape'>\n\t\t\t\t\t<a class=\"rollover rollover-zoom dt-pswp-item\" title=\"2f78f81d-54a0-473e-a048-6082fa5f0dfb\" data-dt-img-description=\"\" data-large_image_width=\"1600\" data-large_image_height=\"1200\"href='https:\/\/www.radiopiu.net\/wordpress\/wp-content\/uploads\/2024\/12\/2f78f81d-54a0-473e-a048-6082fa5f0dfb.jpg'><img loading=\"lazy\" decoding=\"async\" width=\"150\" height=\"150\" src=\"https:\/\/www.radiopiu.net\/wordpress\/wp-content\/uploads\/2024\/12\/2f78f81d-54a0-473e-a048-6082fa5f0dfb-150x150.jpg\" class=\"attachment-thumbnail size-thumbnail\" alt=\"\" \/><\/a>\n\t\t\t\t<\/dt><\/dl><dl class='gallery-item'>\n\t\t\t\t<dt class='gallery-icon landscape'>\n\t\t\t\t\t<a class=\"rollover rollover-zoom dt-pswp-item\" title=\"05ae5de8-f5ea-45b4-9b1f-d4e96bbb1fb8\" data-dt-img-description=\"\" data-large_image_width=\"1600\" data-large_image_height=\"1200\"href='https:\/\/www.radiopiu.net\/wordpress\/wp-content\/uploads\/2024\/12\/05ae5de8-f5ea-45b4-9b1f-d4e96bbb1fb8.jpg'><img loading=\"lazy\" decoding=\"async\" width=\"150\" height=\"150\" src=\"https:\/\/www.radiopiu.net\/wordpress\/wp-content\/uploads\/2024\/12\/05ae5de8-f5ea-45b4-9b1f-d4e96bbb1fb8-150x150.jpg\" class=\"attachment-thumbnail size-thumbnail\" alt=\"\" \/><\/a>\n\t\t\t\t<\/dt><\/dl><dl class='gallery-item'>\n\t\t\t\t<dt class='gallery-icon landscape'>\n\t\t\t\t\t<a class=\"rollover rollover-zoom dt-pswp-item\" title=\"9b5d2c47-0c82-43c2-ac45-eda00723a965\" data-dt-img-description=\"\" data-large_image_width=\"1600\" data-large_image_height=\"1200\"href='https:\/\/www.radiopiu.net\/wordpress\/wp-content\/uploads\/2024\/12\/9b5d2c47-0c82-43c2-ac45-eda00723a965.jpg'><img loading=\"lazy\" decoding=\"async\" width=\"150\" height=\"150\" src=\"https:\/\/www.radiopiu.net\/wordpress\/wp-content\/uploads\/2024\/12\/9b5d2c47-0c82-43c2-ac45-eda00723a965-150x150.jpg\" class=\"attachment-thumbnail size-thumbnail\" alt=\"\" \/><\/a>\n\t\t\t\t<\/dt><\/dl><dl class='gallery-item'>\n\t\t\t\t<dt class='gallery-icon landscape'>\n\t\t\t\t\t<a class=\"rollover rollover-zoom dt-pswp-item\" title=\"2ed1d8d3-409e-4775-94ed-91e3eda55c6e\" data-dt-img-description=\"\" data-large_image_width=\"1600\" data-large_image_height=\"1200\"href='https:\/\/www.radiopiu.net\/wordpress\/wp-content\/uploads\/2024\/12\/2ed1d8d3-409e-4775-94ed-91e3eda55c6e.jpg'><img loading=\"lazy\" decoding=\"async\" width=\"150\" height=\"150\" src=\"https:\/\/www.radiopiu.net\/wordpress\/wp-content\/uploads\/2024\/12\/2ed1d8d3-409e-4775-94ed-91e3eda55c6e-150x150.jpg\" class=\"attachment-thumbnail size-thumbnail\" alt=\"\" \/><\/a>\n\t\t\t\t<\/dt><\/dl><dl class='gallery-item'>\n\t\t\t\t<dt class='gallery-icon landscape'>\n\t\t\t\t\t<a class=\"rollover rollover-zoom dt-pswp-item\" title=\"0f25e816-4eb7-459e-b251-b05d839862fc\" data-dt-img-description=\"\" data-large_image_width=\"1600\" data-large_image_height=\"1200\"href='https:\/\/www.radiopiu.net\/wordpress\/wp-content\/uploads\/2024\/12\/0f25e816-4eb7-459e-b251-b05d839862fc.jpg'><img loading=\"lazy\" decoding=\"async\" width=\"150\" height=\"150\" src=\"https:\/\/www.radiopiu.net\/wordpress\/wp-content\/uploads\/2024\/12\/0f25e816-4eb7-459e-b251-b05d839862fc-150x150.jpg\" class=\"attachment-thumbnail size-thumbnail\" alt=\"\" \/><\/a>\n\t\t\t\t<\/dt><\/dl><br style=\"clear: both\" \/>\n\t\t\t<\/div>\n\n<p>&nbsp;<\/p>\n<hr \/>\n<p>&nbsp;<\/p>\n<p>&nbsp;<\/p>\n<blockquote>\n<h1>RIVA NADAL 2024 IN VALLE IMPERINA<\/h1>\n<\/blockquote>\n<p><a class=\"dt-pswp-item\" href=\"https:\/\/www.radiopiu.net\/wordpress\/wp-content\/uploads\/2024\/12\/RIVA-NADAL-2024.jpg\" data-dt-img-description=\"\" data-large_image_width=\"841\" data-large_image_height=\"1190\"><img loading=\"lazy\" decoding=\"async\" class=\"size-medium wp-image-422752 alignleft\" src=\"https:\/\/www.radiopiu.net\/wordpress\/wp-content\/uploads\/2024\/12\/RIVA-NADAL-2024-212x300.jpg\" alt=\"\" width=\"212\" height=\"300\" srcset=\"https:\/\/www.radiopiu.net\/wordpress\/wp-content\/uploads\/2024\/12\/RIVA-NADAL-2024-212x300.jpg 212w, https:\/\/www.radiopiu.net\/wordpress\/wp-content\/uploads\/2024\/12\/RIVA-NADAL-2024-724x1024.jpg 724w, https:\/\/www.radiopiu.net\/wordpress\/wp-content\/uploads\/2024\/12\/RIVA-NADAL-2024-768x1087.jpg 768w, https:\/\/www.radiopiu.net\/wordpress\/wp-content\/uploads\/2024\/12\/RIVA-NADAL-2024.jpg 841w\" sizes=\"auto, (max-width: 212px) 100vw, 212px\" \/><\/a><\/p>\n<p>&nbsp;<\/p>\n<div><i><span style=\"color: #004d65;\">\u201cIl Natale \u00e8 magia, tradizione e divertimento. Domenica 15 dicembre, ti aspettiamo a: Riva Nadal &#8211; I Mercatini dei Can\u00f2p, presso il Centro Minerario Valle Imperina. Dalle 10 del mattino, mercatini, sfilate, passeggiate in carrozza, spettacoli e attivit\u00e0 per grandi e piccini.<b> Letture e laboratori\u00a0per bambini, preparatevi ad incontrare i temibili Krampus e a lasciarvi emozionare con l&#8217;esibizione del <\/b>Coro\u00a0\u201cSchola Cantorum La Valle Agordina\u201d\u00a0nel suggestivo complesso dei Forni Fusori. E per tutto il giorno, delizie dolci e salate, vin brul\u00e9 e castagne. Parcheggio comodo e servizio navetta a soli 2 euro andata e ritorno.\u00a0<\/span><\/i><i><span style=\"color: #004d65;\">Riva Nadal &#8211; La magia del Natale ti aspetta! Evento organizzato dalla Pro Loco di Rivamonte in collaborazione con Pro Loco Agordo e Pro Loco La Valle Agordina, con il supporto del Gruppo Botol.<\/span><\/i><\/div>\n<p>&nbsp;<\/p>\n<p>&nbsp;<\/p>\n<p>&nbsp;<\/p>\n<p>&nbsp;<\/p>\n<hr \/>\n<p>&nbsp;<\/p>\n<div class=\"flex-shrink-0 flex flex-col relative items-end\">\n<div>\n<div class=\"pt-0\">\n<div class=\"gizmo-bot-avatar flex h-8 w-8 items-center justify-center overflow-hidden rounded-full\">\n<div class=\"relative p-1 rounded-sm flex items-center justify-center bg-token-main-surface-primary text-token-text-primary h-8 w-8\"><\/div>\n<\/div>\n<\/div>\n<\/div>\n<\/div>\n<div class=\"group\/conversation-turn relative flex w-full min-w-0 flex-col agent-turn\">\n<div class=\"flex-col gap-1 md:gap-3\">\n<div class=\"flex max-w-full flex-col flex-grow\">\n<div class=\"min-h-8 text-message flex w-full flex-col items-end gap-2 whitespace-normal break-words [.text-message+&amp;]:mt-5\" dir=\"auto\" data-message-author-role=\"assistant\" data-message-id=\"9bdfab27-193b-49a0-951f-ebd22beaf278\" data-message-model-slug=\"gpt-4o\">\n<div class=\"flex w-full flex-col gap-1 empty:hidden first:pt-[3px]\">\n<div class=\"markdown prose w-full break-words dark:prose-invert dark\">\n<blockquote><p><strong><a class=\"dt-pswp-item\" href=\"https:\/\/www.radiopiu.net\/wordpress\/wp-content\/uploads\/2018\/12\/6-J-FRANCIS-FOTO-NATALE.jpg\" data-dt-img-description=\"\" data-large_image_width=\"545\" data-large_image_height=\"307\"><img loading=\"lazy\" decoding=\"async\" class=\" wp-image-70577 alignleft\" src=\"https:\/\/www.radiopiu.net\/wordpress\/wp-content\/uploads\/2018\/12\/6-J-FRANCIS-FOTO-NATALE-300x169.jpg\" alt=\"\" width=\"243\" height=\"137\" srcset=\"https:\/\/www.radiopiu.net\/wordpress\/wp-content\/uploads\/2018\/12\/6-J-FRANCIS-FOTO-NATALE-300x169.jpg 300w, https:\/\/www.radiopiu.net\/wordpress\/wp-content\/uploads\/2018\/12\/6-J-FRANCIS-FOTO-NATALE.jpg 545w\" sizes=\"auto, (max-width: 243px) 100vw, 243px\" \/><\/a>Nadal a Borgo Piave e Pra: Tradizione, Musica e Magia Natalizia<\/strong><\/p><\/blockquote>\n<p>Dal 5 dicembre 2024 al 6 gennaio 2025, Borgo Piave e Borgo Pra si vestono a festa con la rassegna <em>Nadal a Borgo Piave e Pra<\/em>. Addobbi naturali, presepi unici, concerti e tradizioni come la \u201cStela Ciara del Ponte della Vittoria\u201d creano un\u2019atmosfera incantata. Eventi come il concerto dei Riverboys e il percorso di San Nicol\u00f2 coinvolgono grandi e piccoli, valorizzando la storia e l\u2019unione delle comunit\u00e0 locali. &#8220;Dove c\u2019\u00e8 partecipazione attiva, nascono bellezza e attrattivit\u00e0&#8221;, commenta Antonio Gheno, presidente di Borgo Piave ETC aps. Un\u2019occasione per vivere il Natale con sobriet\u00e0 e autenticit\u00e0 tra cultura e tradizione.<\/p>\n<\/div>\n<\/div>\n<\/div>\n<\/div>\n<\/div>\n<\/div>\n<p>&nbsp;<\/p>\n<p>&nbsp;<\/p>\n<hr \/>\n<p>&nbsp;<\/p>\n<blockquote>\n<h3><a class=\"dt-pswp-item\" href=\"https:\/\/www.radiopiu.net\/wordpress\/wp-content\/uploads\/2024\/12\/aeca5eac-5655-4add-8aac-8f9a29d499a6.jpg\" data-dt-img-description=\"\" data-large_image_width=\"940\" data-large_image_height=\"788\"><img loading=\"lazy\" decoding=\"async\" class=\" wp-image-422833 alignleft\" src=\"https:\/\/www.radiopiu.net\/wordpress\/wp-content\/uploads\/2024\/12\/aeca5eac-5655-4add-8aac-8f9a29d499a6-300x251.jpg\" alt=\"\" width=\"157\" height=\"131\" srcset=\"https:\/\/www.radiopiu.net\/wordpress\/wp-content\/uploads\/2024\/12\/aeca5eac-5655-4add-8aac-8f9a29d499a6-300x251.jpg 300w, https:\/\/www.radiopiu.net\/wordpress\/wp-content\/uploads\/2024\/12\/aeca5eac-5655-4add-8aac-8f9a29d499a6-768x644.jpg 768w, https:\/\/www.radiopiu.net\/wordpress\/wp-content\/uploads\/2024\/12\/aeca5eac-5655-4add-8aac-8f9a29d499a6.jpg 940w\" sizes=\"auto, (max-width: 157px) 100vw, 157px\" \/><\/a>L&#8217;ARTE DI ZELIA IN MOSTRA AL GUARNIERI<\/h3>\n<p><strong>FELTRE<\/strong><\/p><\/blockquote>\n<p><strong>DI ROBERTO BONA\u00a0<\/strong><\/p>\n<p>&nbsp;<\/p>\n<audio class=\"wp-audio-shortcode\" id=\"audio-423700-14\" preload=\"none\" style=\"width: 100%;\" controls=\"controls\"><source type=\"audio\/wav\" src=\"https:\/\/www.radiopiu.net\/wordpress\/wp-content\/uploads\/2024\/12\/Zelia.wav?_=14\" \/><a href=\"https:\/\/www.radiopiu.net\/wordpress\/wp-content\/uploads\/2024\/12\/Zelia.wav\">https:\/\/www.radiopiu.net\/wordpress\/wp-content\/uploads\/2024\/12\/Zelia.wav<\/a><\/audio>\n<p>&nbsp;<\/p>\n<p>&nbsp;<\/p>\n<hr \/>\n<p>&nbsp;<\/p>\n<blockquote>\n<h2><img loading=\"lazy\" decoding=\"async\" class=\"alignleft\" src=\"https:\/\/www.radiopiu.net\/wordpress\/wp-content\/uploads\/2024\/12\/%C2%A9Echialessandrosogne-con-logo-presentazione-19-ott-2024-scaled.jpg\" width=\"220\" height=\"146\" \/>Ski College Veneto: giornata studente-atleta a Falcade<\/h2>\n<\/blockquote>\n<p><strong>FALCADE<\/strong>\u00a0 Lo Ski College Veneto di Falcade organizza, il 13 dicembre, la giornata studente-atleta per ragazzi di terza media. L\u2019evento unisce attivit\u00e0 scolastiche al mattino presso l\u2019Istituto Follador \u2013 De Rossi e sessioni sportive pomeridiane dedicate a sci alpino, fondo e biathlon con allenatori qualificati.\u00a0 Opportunit\u00e0 per conoscere la vita al College, coniugando studio e sport di alto livello. Iscrizioni entro l\u20198 dicembre sul sito ufficiale dello Ski College Veneto.<\/p>\n<p>&nbsp;<\/p>\n<p>&nbsp;<\/p>\n<hr \/>\n<p>&nbsp;<\/p>\n<h2 data-pm-slice=\"1 1 []\"><a href=\"https:\/\/www.radiopiu.net\/wordpress\/wp-content\/uploads\/2024\/12\/569256ec-1609-479c-9e01-15046f8e9e43.webp\"><img loading=\"lazy\" decoding=\"async\" class=\" wp-image-422626 alignleft\" src=\"https:\/\/www.radiopiu.net\/wordpress\/wp-content\/uploads\/2024\/12\/569256ec-1609-479c-9e01-15046f8e9e43-300x300.webp\" alt=\"\" width=\"118\" height=\"118\" srcset=\"https:\/\/www.radiopiu.net\/wordpress\/wp-content\/uploads\/2024\/12\/569256ec-1609-479c-9e01-15046f8e9e43-300x300.webp 300w, https:\/\/www.radiopiu.net\/wordpress\/wp-content\/uploads\/2024\/12\/569256ec-1609-479c-9e01-15046f8e9e43-150x150.webp 150w, https:\/\/www.radiopiu.net\/wordpress\/wp-content\/uploads\/2024\/12\/569256ec-1609-479c-9e01-15046f8e9e43-768x768.webp 768w, https:\/\/www.radiopiu.net\/wordpress\/wp-content\/uploads\/2024\/12\/569256ec-1609-479c-9e01-15046f8e9e43.webp 1024w\" sizes=\"auto, (max-width: 118px) 100vw, 118px\" \/><\/a>LA LUNA, UN&#8217;OCCHIO NELLA NOTTE AL CENTRO CIVICO<br \/>\nvenerdi 13 dicembre<\/h2>\n<p>SOSPIROLO<\/p>\n<p><strong>\u00a0<\/strong><strong>DI ROBERTO BONA<\/strong><\/p>\n<audio class=\"wp-audio-shortcode\" id=\"audio-423700-15\" preload=\"none\" style=\"width: 100%;\" controls=\"controls\"><source type=\"audio\/wav\" src=\"https:\/\/www.radiopiu.net\/wordpress\/wp-content\/uploads\/2024\/12\/LaLunaUnOcchio-1.wav?_=15\" \/><a href=\"https:\/\/www.radiopiu.net\/wordpress\/wp-content\/uploads\/2024\/12\/LaLunaUnOcchio-1.wav\">https:\/\/www.radiopiu.net\/wordpress\/wp-content\/uploads\/2024\/12\/LaLunaUnOcchio-1.wav<\/a><\/audio>\n<p>&nbsp;<\/p>\n<p>&nbsp;<\/p>\n<p>&nbsp;<\/p>\n<hr \/>\n<p>&nbsp;<\/p>\n<div class=\"flex-shrink-0 flex flex-col relative items-end\">\n<div>\n<div class=\"pt-0\">\n<div class=\"gizmo-bot-avatar flex h-8 w-8 items-center justify-center overflow-hidden rounded-full\">\n<div class=\"relative p-1 rounded-sm flex items-center justify-center bg-token-main-surface-primary text-token-text-primary h-8 w-8\"><\/div>\n<\/div>\n<\/div>\n<\/div>\n<\/div>\n<div class=\"group\/conversation-turn relative flex w-full min-w-0 flex-col agent-turn\">\n<div class=\"flex-col gap-1 md:gap-3\">\n<div class=\"flex max-w-full flex-col flex-grow\">\n<div class=\"min-h-8 text-message flex w-full flex-col items-end gap-2 whitespace-normal break-words [.text-message+&amp;]:mt-5\" dir=\"auto\" data-message-author-role=\"assistant\" data-message-id=\"10522d88-8ac9-455f-928a-5bdc27669022\" data-message-model-slug=\"gpt-4o\">\n<div class=\"flex w-full flex-col gap-1 empty:hidden first:pt-[3px]\">\n<div class=\"markdown prose w-full break-words dark:prose-invert dark\">\n<blockquote>\n<h3><strong><a class=\"dt-pswp-item\" href=\"https:\/\/www.radiopiu.net\/wordpress\/wp-content\/uploads\/2024\/12\/Senza-nome-28.png\" data-dt-img-description=\"\" data-large_image_width=\"348\" data-large_image_height=\"163\"><img loading=\"lazy\" decoding=\"async\" class=\" wp-image-422995 alignleft\" src=\"https:\/\/www.radiopiu.net\/wordpress\/wp-content\/uploads\/2024\/12\/Senza-nome-28-300x141.png\" alt=\"\" width=\"200\" height=\"94\" srcset=\"https:\/\/www.radiopiu.net\/wordpress\/wp-content\/uploads\/2024\/12\/Senza-nome-28-300x141.png 300w, https:\/\/www.radiopiu.net\/wordpress\/wp-content\/uploads\/2024\/12\/Senza-nome-28.png 348w\" sizes=\"auto, (max-width: 200px) 100vw, 200px\" \/><\/a>&#8220;Eurotecnica: Futuro e Identit\u00e0&#8221; &#8211; Evento al Circolo La Terra dei Padri<\/strong><\/h3>\n<\/blockquote>\n<p><strong>BELLUNO<\/strong> Venerd\u00ec 13 dicembre alle ore 18, presso il Circolo culturale &#8220;La Terra dei Padri &#8211; Belluno APS&#8221; (via dei Molini, 10), verranno presentati gli Atti del convegno <em>Eurotecnica &#8211; Futuro e Identit\u00e0<\/em>. Interverranno Melissa Santin di &#8220;Casarhea &#8211; Spazio identitario&#8221; e il prof. Giuseppe Scalici del Centro Studi &#8220;Kultura Europa&#8221;. Modera Francesco Dematt\u00e8.<\/p>\n<\/div>\n<\/div>\n<\/div>\n<\/div>\n<\/div>\n<\/div>\n<p>&nbsp;<\/p>\n<hr \/>\n<p>&nbsp;<\/p>\n<blockquote>\n<h3><a class=\"dt-pswp-item\" href=\"https:\/\/www.radiopiu.net\/wordpress\/wp-content\/uploads\/2024\/12\/71b4a7d3-7a91-4cfb-bbd5-1cd776a03572.jpg\" data-dt-img-description=\"\" data-large_image_width=\"364\" data-large_image_height=\"511\"><img loading=\"lazy\" decoding=\"async\" class=\"wp-image-423979 alignleft\" src=\"https:\/\/www.radiopiu.net\/wordpress\/wp-content\/uploads\/2024\/12\/71b4a7d3-7a91-4cfb-bbd5-1cd776a03572-214x300.jpg\" alt=\"\" width=\"75\" height=\"105\" srcset=\"https:\/\/www.radiopiu.net\/wordpress\/wp-content\/uploads\/2024\/12\/71b4a7d3-7a91-4cfb-bbd5-1cd776a03572-214x300.jpg 214w, https:\/\/www.radiopiu.net\/wordpress\/wp-content\/uploads\/2024\/12\/71b4a7d3-7a91-4cfb-bbd5-1cd776a03572.jpg 364w\" sizes=\"auto, (max-width: 75px) 100vw, 75px\" \/><\/a>LETTURE D&#8217;AUTUNNO A SANTA GIUSTINA<\/h3>\n<\/blockquote>\n<p><strong>SANTA GIUSTINA<\/strong> Mercoled\u00ec 11 dicembre, alle ore 18, a Cartolandia Libri (via Roma 17\/B) di Santa Giustina, secondo appuntamento della rassegna Letture d\u2019autunno. Protagonista l\u2019alpinista Marco Sala con il suo libro Col vento in faccia.<\/p>\n<p>&nbsp;<\/p>\n<p>&nbsp;<\/p>\n<hr \/>\n<p>&nbsp;<\/p>\n<blockquote>\n<h3>UN BANDO PER 1634 ALLIEVI FINANZIERI<\/h3>\n<\/blockquote>\n<p>La Guardia di Finanza ha pubblicato il bando di concorso per il reclutamento di 1634 allievi finanzieri per l&#8217;anno 2024. Il concorso si svolger\u00e0 per titoli ed esami.<\/p>\n<p>&nbsp;<\/p>\n<p>&nbsp;<\/p>\n<hr \/>\n<p>&nbsp;<\/p>\n<blockquote>\n<p data-pm-slice=\"1 1 []\"><strong>Concorso per 33 atleti nei gruppi sportivi Fiamme Oro della Polizia di Stato<\/strong><\/p>\n<\/blockquote>\n<p>Sul Portale Unico del reclutamento, all&#8217;indirizzo <a>www.inpa.gov.it<\/a> e sul sito <a>www.poliziadistato.it<\/a>, \u00e8 stato pubblicato il 14 novembre 2024 un bando di concorso pubblico per titoli, finalizzato all&#8217;assunzione di 33 atleti da destinare ai gruppi sportivi \u201cPolizia di Stato \u2013 Fiamme Oro\u201d. Gli atleti selezionati saranno inquadrati nel ruolo degli agenti e assistenti della Polizia di Stato, con qualifica di agente.<\/p>\n<p>&nbsp;<\/p>\n<p>&nbsp;<\/p>\n<hr \/>\n<p>&nbsp;<\/p>\n<blockquote><p><strong><a class=\"dt-pswp-item\" href=\"https:\/\/www.radiopiu.net\/wordpress\/wp-content\/uploads\/2024\/11\/AMICI-MINERARI.png\" data-dt-img-description=\"\" data-large_image_width=\"209\" data-large_image_height=\"174\"><img loading=\"lazy\" decoding=\"async\" class=\"size-full wp-image-419180 alignleft\" src=\"https:\/\/www.radiopiu.net\/wordpress\/wp-content\/uploads\/2024\/11\/AMICI-MINERARI.png\" alt=\"\" width=\"209\" height=\"174\" \/><\/a>&#8220;Con gli Amici dei Minerari: Serate d&#8217;Inverno \u2013 un viaggio tra storia, scienza e meraviglie. Incontri presso la Sala con Tamis. Non mancare!&#8221;<\/strong><\/p>\n<ul>\n<li><em>Venerd\u00ec 20 dicembre, ore 20:30<\/em>: &#8220;La morfogenesi delle frane&#8221; \u2013 Relatore Prof. Vittorio Fenti.<\/li>\n<li><em>Venerd\u00ec 24 gennaio, ore 20:30<\/em>: &#8220;Il meraviglioso mondo dei fossili delle Dolomiti&#8221; \u2013 Relatore Danilo Giordano.<\/li>\n<li><em>Venerd\u00ec 21 febbraio, ore 20:30<\/em>: &#8220;Il traforo del Brennero: studio, progettazione e realizzazione&#8221; \u2013 Relatori Vittorio Fenti e Mario Guadagnini.<\/li>\n<\/ul>\n<p><strong>Vivi la cultura e la passione per la montagna!<\/strong><\/p><\/blockquote>\n<p>&nbsp;<\/p>\n<p>&nbsp;<\/p>\n<hr \/>\n<p>&nbsp;<\/p>\n<blockquote>\n<h3><a class=\"dt-pswp-item\" href=\"https:\/\/www.radiopiu.net\/wordpress\/wp-content\/uploads\/2024\/12\/Senza-nome-45.png\" data-dt-img-description=\"\" data-large_image_width=\"253\" data-large_image_height=\"233\"><img loading=\"lazy\" decoding=\"async\" class=\"wp-image-423854 alignleft\" src=\"https:\/\/www.radiopiu.net\/wordpress\/wp-content\/uploads\/2024\/12\/Senza-nome-45.png\" alt=\"\" width=\"177\" height=\"163\" \/><\/a>A COSA PENSI QUANDO NEVICA?<\/h3>\n<\/blockquote>\n<p><strong>FALCADE\u00a0<\/strong>\u00a0 Sabato 14 dicembre alle 17 in sala consiliare\u00a0 presentazione del libro e firmacopie con Sarah Zambello e Mauro Valt. Alle 18 lettura espressiva con laboratorio per bambini. Info 3347230117<\/p>\n<p>Con Promo Falcade, Canton del Libro e Le Biblioteche della Valle del Biois.<\/p>\n<p>&nbsp;<\/p>\n<p>&nbsp;<\/p>\n<p>&nbsp;<\/p>\n<hr \/>\n<p>&nbsp;<\/p>\n<blockquote>\n<h3>GLI ALPINI DI FELTRE ORGANIZZANO UNO SPETTACOLO<\/h3>\n<\/blockquote>\n<p><strong><a class=\"dt-pswp-item\" href=\"https:\/\/www.radiopiu.net\/wordpress\/wp-content\/uploads\/2023\/03\/ALPINI.png\" data-dt-img-description=\"\" data-large_image_width=\"245\" data-large_image_height=\"208\"><img loading=\"lazy\" decoding=\"async\" class=\" wp-image-326487 alignleft\" src=\"https:\/\/www.radiopiu.net\/wordpress\/wp-content\/uploads\/2023\/03\/ALPINI.png\" alt=\"\" width=\"126\" height=\"107\" \/><\/a>FELTRE<\/strong> La Sezione di Feltre degli Alpini organizza sabato 14 dicembre alle 20.30, nell\u2019Auditorium delle Canossiane, una serata natalizia con lo spettacolo \u201cSeguitando la Gran Stela\u201d del trio <em>Na fuoia<\/em>. Il programma celebra le tradizioni musicali natalizie europee, unendo elementi classici, antichi e folk. Il trio, formato da Andrea Da Cort\u00e0, Annachiara Belli e Pina Sabatini, propone un viaggio tra tradizione e modernit\u00e0, valorizzando il patrimonio musicale dolomitico. Durante l\u2019evento, saranno consegnati i premi \u201cLa Penna alpina per la nostra montagna\u201d e \u201cGenerale Giangi Bonzo\u201d a personalit\u00e0 e associazioni distintesi per il contributo alla comunit\u00e0 e alla cultura locale. La serata si concluder\u00e0 con un rinfresco presso la sede della Protezione Civile.<\/p>\n<p>&nbsp;<\/p>\n<hr \/>\n<p>&nbsp;<\/p>\n<blockquote><p><strong>Il ricordo di Vaia per riflettere sul vivere in montagna<\/strong><\/p><\/blockquote>\n<p><strong>BELLUNO<\/strong> Al Museo etnografico di Seravella, sabato 14 dicembre, si terr\u00e0 una mattinata di studio con esperti e studiosi sul rapporto tra montagna, crisi climatica e sociale, con il climatologo Carlo Barbante.<\/p>\n<p>&nbsp;<\/p>\n<p>&nbsp;<\/p>\n<hr \/>\n<p>&nbsp;<\/p>\n<blockquote>\n<h2>Listolade: S. Nicol\u00f2 mantiene la promessa e porta doni e sorrisi<\/h2>\n<\/blockquote>\n<p><strong>TAIBON<\/strong><\/p>\n<div class=\"flex max-w-full flex-col flex-grow\">\n<div class=\"min-h-8 text-message flex w-full flex-col items-end gap-2 whitespace-normal break-words text-start [.text-message+&amp;]:mt-5\" dir=\"auto\" data-message-author-role=\"assistant\" data-message-id=\"89a66c91-9e32-407a-bca8-8985651d0fb0\" data-message-model-slug=\"gpt-4o\">\n<div class=\"flex w-full flex-col gap-1 empty:hidden first:pt-[3px]\">\n<div class=\"markdown prose w-full break-words dark:prose-invert dark\">\n<p><img loading=\"lazy\" decoding=\"async\" class=\"alignleft\" src=\"https:\/\/www.radiopiu.net\/wordpress\/wp-content\/uploads\/2024\/12\/S.Nicolo-al-parco-giochi-di-Listolade.jpg\" width=\"279\" height=\"210\" \/>Quando l\u2019albero di Natale \u00e8 stato acceso al parco giochi di Listolade, una voce si era sparsa: forse S. Nicol\u00f2 sarebbe passato a trovare i bambini della frazione. Una speranza che ha acceso l\u2019entusiasmo non solo dei piccoli, ma anche di genitori, nonni e zii, pronti a trasformare l\u2019attesa in una festa con vin brul\u00e8, t\u00e8 caldo e una fetta di panettone.<\/p>\n<p>S. Nicol\u00f2, si dice, si \u00e8 informato per tempo: i bambini di Listolade si sono comportati bene quest\u2019anno? A quanto pare s\u00ec, anche se qualche capriccio non \u00e8 mancato. Cos\u00ec, nel tardo pomeriggio di ieri, tra il tintinnio del campanello e l\u2019emozione generale, il Santo \u00e8 finalmente arrivato. Accolto da applausi e occhi spalancati, ha distribuito doni a tutti i bambini che lo attendevano con ansia.<\/p>\n<p>Tra abbracci e sorrisi, la festa \u00e8 continuata per tutti con dolci e bevande calde, creando un momento di gioia condivisa. Prima di ripartire per altre destinazioni, S. Nicol\u00f2 ha lasciato una promessa: torner\u00e0 il prossimo anno, ma a una sola condizione\u2026 che i bambini di Listolade continuino a comportarsi bene!<\/p>\n<\/div>\n<\/div>\n<\/div>\n<\/div>\n<p>&nbsp;<\/p>\n<p>&nbsp;<\/p>\n<hr \/>\n<p>&nbsp;<\/p>\n<h2><span style=\"color: #ff6600;\">IERI ALLA RADIO\u00a0\u00a0<\/span><\/h2>\n<h2><span style=\"color: #ff0000;\">OGGI COME IERI di e con SILVIA BALDO<\/span><\/h2>\n<p><img decoding=\"async\" class=\"aligncenter\" src=\"https:\/\/www.radiopiu.net\/wordpress\/wp-content\/uploads\/2023\/09\/309000774_10222572118595513_7956305457803922499_n.jpg\" \/><\/p>\n<p><strong>\u00a0 \u00a0 \u00a0 \u00a0<\/strong><\/p>\n<p><strong>PUNTATA DEL 09 DICEMBRE<\/strong><\/p>\n<audio class=\"wp-audio-shortcode\" id=\"audio-423700-16\" preload=\"none\" style=\"width: 100%;\" controls=\"controls\"><source type=\"audio\/mpeg\" src=\"https:\/\/www.radiopiu.net\/wordpress\/wp-content\/uploads\/2024\/12\/SIBI-1.mp3?_=16\" \/><a href=\"https:\/\/www.radiopiu.net\/wordpress\/wp-content\/uploads\/2024\/12\/SIBI-1.mp3\">https:\/\/www.radiopiu.net\/wordpress\/wp-content\/uploads\/2024\/12\/SIBI-1.mp3<\/a><\/audio>\n<p>&nbsp;<\/p>\n<h2>LA RACCOLTA COMPLETA <a href=\"https:\/\/www.radiopiu.net\/wordpress\/alle-nove-oggi-come-ieri-di-e-con-silvia-baldo\/\"><span style=\"color: #3366ff;\">CLICCA QUI<\/span><\/a><\/h2>\n<p>&nbsp;<\/p>\n<hr \/>\n<p>&nbsp;<\/p>\n<h2><span style=\"color: #000080;\">RITRATTI SONORI, IL PROGRAMMA DI ALESSIA DALL&#8217;O&#8217;<\/span><\/h2>\n<p><span style=\"color: #ff0000;\"><strong><a class=\"dt-pswp-item\" href=\"https:\/\/www.radiopiu.net\/wordpress\/wp-content\/uploads\/2024\/12\/Antonella-Giacomini_edited.jpg\" data-dt-img-description=\"\" data-large_image_width=\"912\" data-large_image_height=\"609\"><img loading=\"lazy\" decoding=\"async\" class=\" wp-image-423994 alignleft\" src=\"https:\/\/www.radiopiu.net\/wordpress\/wp-content\/uploads\/2024\/12\/Antonella-Giacomini_edited-300x200.jpg\" alt=\"\" width=\"161\" height=\"107\" srcset=\"https:\/\/www.radiopiu.net\/wordpress\/wp-content\/uploads\/2024\/12\/Antonella-Giacomini_edited-300x200.jpg 300w, https:\/\/www.radiopiu.net\/wordpress\/wp-content\/uploads\/2024\/12\/Antonella-Giacomini_edited-768x513.jpg 768w, https:\/\/www.radiopiu.net\/wordpress\/wp-content\/uploads\/2024\/12\/Antonella-Giacomini_edited.jpg 912w\" sizes=\"auto, (max-width: 161px) 100vw, 161px\" \/><\/a>PUNTATA 07 &#8211; ANTONELLA GIACOMINI<\/strong><\/span><\/p>\n<p>PRIMA PARTE<\/p>\n<audio class=\"wp-audio-shortcode\" id=\"audio-423700-17\" preload=\"none\" style=\"width: 100%;\" controls=\"controls\"><source type=\"audio\/mpeg\" src=\"https:\/\/www.radiopiu.net\/wordpress\/wp-content\/uploads\/2024\/12\/RF1.mp3?_=17\" \/><a href=\"https:\/\/www.radiopiu.net\/wordpress\/wp-content\/uploads\/2024\/12\/RF1.mp3\">https:\/\/www.radiopiu.net\/wordpress\/wp-content\/uploads\/2024\/12\/RF1.mp3<\/a><\/audio>\n<p>&nbsp;<\/p>\n<p>SECONDA PARTE<\/p>\n<audio class=\"wp-audio-shortcode\" id=\"audio-423700-18\" preload=\"none\" style=\"width: 100%;\" controls=\"controls\"><source type=\"audio\/mpeg\" src=\"https:\/\/www.radiopiu.net\/wordpress\/wp-content\/uploads\/2024\/12\/RF2.mp3?_=18\" \/><a href=\"https:\/\/www.radiopiu.net\/wordpress\/wp-content\/uploads\/2024\/12\/RF2.mp3\">https:\/\/www.radiopiu.net\/wordpress\/wp-content\/uploads\/2024\/12\/RF2.mp3<\/a><\/audio>\n<p>&nbsp;<\/p>\n<p>TERZA PARTE<\/p>\n<audio class=\"wp-audio-shortcode\" id=\"audio-423700-19\" preload=\"none\" style=\"width: 100%;\" controls=\"controls\"><source type=\"audio\/mpeg\" src=\"https:\/\/www.radiopiu.net\/wordpress\/wp-content\/uploads\/2024\/12\/RF3.mp3?_=19\" \/><a href=\"https:\/\/www.radiopiu.net\/wordpress\/wp-content\/uploads\/2024\/12\/RF3.mp3\">https:\/\/www.radiopiu.net\/wordpress\/wp-content\/uploads\/2024\/12\/RF3.mp3<\/a><\/audio>\n<p>&nbsp;<\/p>\n<h2>LA RACCOLTA COMPLETA <span style=\"color: #3366ff;\">CLICCA QUI<\/span><\/h2>\n<p>&nbsp;<\/p>\n<hr \/>\n<p>&nbsp;<\/p>\n<h2><span style=\"color: #00ccff;\">SALUTE E SOCIETA&#8217;<\/span><\/h2>\n<p><strong><a class=\"dt-pswp-item\" href=\"https:\/\/www.radiopiu.net\/wordpress\/wp-content\/uploads\/2024\/12\/2d66b09a-140d-36fe-dd18-1b2a6b7586fe-1.jpg\" data-dt-img-description=\"\" data-large_image_width=\"800\" data-large_image_height=\"445\"><img loading=\"lazy\" decoding=\"async\" class=\" wp-image-423989 alignleft\" src=\"https:\/\/www.radiopiu.net\/wordpress\/wp-content\/uploads\/2024\/12\/2d66b09a-140d-36fe-dd18-1b2a6b7586fe-1-300x167.jpg\" alt=\"\" width=\"201\" height=\"112\" srcset=\"https:\/\/www.radiopiu.net\/wordpress\/wp-content\/uploads\/2024\/12\/2d66b09a-140d-36fe-dd18-1b2a6b7586fe-1-300x167.jpg 300w, https:\/\/www.radiopiu.net\/wordpress\/wp-content\/uploads\/2024\/12\/2d66b09a-140d-36fe-dd18-1b2a6b7586fe-1-768x427.jpg 768w, https:\/\/www.radiopiu.net\/wordpress\/wp-content\/uploads\/2024\/12\/2d66b09a-140d-36fe-dd18-1b2a6b7586fe-1.jpg 800w\" sizes=\"auto, (max-width: 201px) 100vw, 201px\" \/><\/a>PUNTATA DEL 09 DICEMBRE 2024<\/strong><\/p>\n<p><strong>Emergenza HIV &#8211; Malattie infiammatorie croniche intestinali in Italia\u00a0 <\/strong>\u00c8 ancora emergenza HIV: scarsa informazione, pochi test e tanto stigma. Medici, Associazioni e Istituzioni tornano a parlare di AIDS per ridefinire l\u2019agenda delle priorit\u00e0. Le malattie infiammatorie croniche intestinali in Italia colpiscono circa 250 mila persone. Guselkumab, il primo anticorpo monoclonale selettivo contro la subunit\u00e0 p19 dell\u2019Interleukina-23, si dimostra efficace e sicuro sia nella colite ulcerosa sia nella malattia di Crohn. Lo dimostrano i dati presentati in occasione del Congresso dell\u2019Italian Group of Inflammatory Bowel Disease (Ig-Ibd).<\/p>\n<audio class=\"wp-audio-shortcode\" id=\"audio-423700-20\" preload=\"none\" style=\"width: 100%;\" controls=\"controls\"><source type=\"audio\/mpeg\" src=\"https:\/\/www.radiopiu.net\/wordpress\/wp-content\/uploads\/2024\/12\/SALUTE-2.mp3?_=20\" \/><a href=\"https:\/\/www.radiopiu.net\/wordpress\/wp-content\/uploads\/2024\/12\/SALUTE-2.mp3\">https:\/\/www.radiopiu.net\/wordpress\/wp-content\/uploads\/2024\/12\/SALUTE-2.mp3<\/a><\/audio>\n<p>&nbsp;<\/p>\n<hr \/>\n<p>&nbsp;<\/p>\n<h2><span style=\"color: #800080;\">I RACCONTI DI PAOLO SOPPELSA<\/span><\/h2>\n<p><strong>TEMPO DI NATALE<\/strong><\/p>\n<p><strong>AUDIO<\/strong><\/p>\n<audio class=\"wp-audio-shortcode\" id=\"audio-423700-21\" preload=\"none\" style=\"width: 100%;\" controls=\"controls\"><source type=\"audio\/mpeg\" src=\"https:\/\/www.radiopiu.net\/wordpress\/wp-content\/uploads\/2024\/12\/PAOLOS-1.mp3?_=21\" \/><a href=\"https:\/\/www.radiopiu.net\/wordpress\/wp-content\/uploads\/2024\/12\/PAOLOS-1.mp3\">https:\/\/www.radiopiu.net\/wordpress\/wp-content\/uploads\/2024\/12\/PAOLOS-1.mp3<\/a><\/audio>\n<p>&nbsp;<\/p>\n<p><a class=\"dt-pswp-item\" href=\"https:\/\/www.radiopiu.net\/wordpress\/wp-content\/uploads\/2024\/12\/0b6a95a5-ea77-4a00-acb6-e90d6f6739b8.jpg\" data-dt-img-description=\"\" data-large_image_width=\"691\" data-large_image_height=\"608\"><img loading=\"lazy\" decoding=\"async\" class=\" wp-image-423670 alignleft\" src=\"https:\/\/www.radiopiu.net\/wordpress\/wp-content\/uploads\/2024\/12\/0b6a95a5-ea77-4a00-acb6-e90d6f6739b8-300x264.jpg\" alt=\"\" width=\"192\" height=\"169\" srcset=\"https:\/\/www.radiopiu.net\/wordpress\/wp-content\/uploads\/2024\/12\/0b6a95a5-ea77-4a00-acb6-e90d6f6739b8-300x264.jpg 300w, https:\/\/www.radiopiu.net\/wordpress\/wp-content\/uploads\/2024\/12\/0b6a95a5-ea77-4a00-acb6-e90d6f6739b8.jpg 691w\" sizes=\"auto, (max-width: 192px) 100vw, 192px\" \/><\/a>Ora, dopo che San Nicol\u00f2 mi aveva portato un piccolo regalo, poteva finalmente aprirsi quel tempo natalizio che sognavo da alcune settimane. L&#8217;atmosfera del Natale la si iniziava a respirare nei giorni della Festa dell\u2019Immacolata, quando si era accesa la prima candela dell&#8217;Avvento e in televisione aveva fatto la sua comparsa la pubblicit\u00e0 della Coca Cola. Era bello ascoltare quel Vorrei cantare insieme a voi intonato da quel bel numero di ragazze e ragazzi primi anni \u201880 che cantavano a pi\u00f9 voci e addirittura in canone, proprio come accadeva nei canti dei cori di montagna che erano incisi sui nastri delle cassette al chromo registrate da pap\u00e0. Durante una di quelle fredde mattine d&#8217;inizio dicembre, la maestra ci accompagnava fino in Piazza dei Martiri ad assistere all\u2019allestimento del grande albero di Natale. C&#8217;erano i Vigili del Fuoco che sorridevano a noi bambini mentre si accingevano a salire la lunga scala montata sul camion rosso, e alla sera, centinaia di luminose palline colorate avrebbero creato un&#8217;atmosfera magica in quella piazza gi\u00e0 ricoperta da qualche centimetro di neve ghiacciata. Qualche giorno pi\u00f9 tardi, un albero decisamente pi\u00f9 piccolo sarebbe arrivato anche a casa nostra. Arrivava a bordo di un furgone, e mamma scendeva in cortile e scegliere quello che pi\u00f9 le piaceva. Ora era il tempo di scendere in cantina a prendere il grande secchio grigio riempito di sabbia e sassi, e poi la grande scatola marrone colma di palline colorate e nastri argentati. Durante l&#8217;allestimento dell&#8217;albero di Natale, il mio compito era quello di collocare palline e ghiaccioli di plastica, quello della mamma invece, era di posare con grazia le strinzole argentate che scendevano dalla cima come capelli lucenti che arrivavano quasi fino a terra. Pap\u00e0 era l&#8217;addetto alla punta, il cui montaggio era operazione piuttosto delicata, e poi al mettere a piombo l&#8217;abete. Terminato l&#8217;albero di Natale, era tempo di costruire il presepe con il muschio vero, raccolto nei boschi di San Tomaso nei giorni precedenti allo scendere della prima neve. C&#8217;erano i vecchi giornali da stendere con cura sul pavimento e poi quel muschio che spandeva in casa il profumo della nostra montagna. C&#8217;era la capanna di legno costruita da pap\u00e0 tanti anni prima, c&#8217;erano i pastori con le loro pecore, le palme pelose e poi piccole staccionate di legno e uomini e donne intenti a compiere qualche antico lavoro, ed infine la paglia argentata sopra alla quale riposava Ges\u00f9. Finalmente, al calare della sera, la solenne accensione delle luci che abbellivano albero e presepio e mille bagliori intermittenti rossi bianchi e blu si riflettevano sui vetri del grande mobile dentro al quale erano riposti i bicchieri di cristallo che avremmo utilizzato la sera della Vigilia. All\u2019accendersi della terza candela dell&#8217;Avvento si era oramai nel pieno dell&#8217;atmosfera natalizia. In televisione imperversavano le pubblicit\u00e0 di panettoni e pandori e zamponi e nei negozi del centro iniziava la corsa ai regali. Uomini e donne che entravano e uscivano dai negozi carichi di borse, commesse indaffarate nel realizzare a ripetizione pacchi regalo colorati. Erano lame di forbici che correvano sui nastri dorati, erano etichette incollate sopra i prezzi di libri e giocattoli, era un&#8217;atmosfera di festa allegra e caotica. Luci colorate sui balconi, vociare potente sotto i portici di Piazza dei Martiri e migliaia di Buone Feste a te e famiglia pronunciati a raffica; solamente i Re Magi, collocati ai margini del presepe, sembravano immuni a questo clima carico di festa. Loro sarebbero entrati in scena alla fine di tutto, e il loro arrivo alla capanna avrebbe sancito la fine delle vacanze di Natale. Insieme all\u2019oro, all&#8217;incenso e alla mirra, avrebbero portato in dono la mestizia per le feste terminate e i silenzi di un altro freddo e lungo inverno.<\/p>\n<p>&nbsp;<\/p>\n<p>&nbsp;<\/p>\n<hr \/>\n<p>&nbsp;<\/p>\n<h2><span style=\"color: #ff00ff;\">&#8220;NON FARE LO STRUZZO&#8221; UNA SERATA INFORMATIVA IL 19 DICEMBRE ALLA BIBLIOTECA DI AGORDO<\/span><\/h2>\n<p><strong><a class=\"dt-pswp-item\" href=\"https:\/\/www.radiopiu.net\/wordpress\/wp-content\/uploads\/2024\/11\/dd4cdc36-4650-447f-ae9b-9f98a0817bdf.jpg\" data-dt-img-description=\"\" data-large_image_width=\"1131\" data-large_image_height=\"1600\"><img loading=\"lazy\" decoding=\"async\" class=\" wp-image-422181 alignleft\" src=\"https:\/\/www.radiopiu.net\/wordpress\/wp-content\/uploads\/2024\/11\/dd4cdc36-4650-447f-ae9b-9f98a0817bdf-212x300.jpg\" alt=\"\" width=\"127\" height=\"180\" srcset=\"https:\/\/www.radiopiu.net\/wordpress\/wp-content\/uploads\/2024\/11\/dd4cdc36-4650-447f-ae9b-9f98a0817bdf-212x300.jpg 212w, https:\/\/www.radiopiu.net\/wordpress\/wp-content\/uploads\/2024\/11\/dd4cdc36-4650-447f-ae9b-9f98a0817bdf-724x1024.jpg 724w, https:\/\/www.radiopiu.net\/wordpress\/wp-content\/uploads\/2024\/11\/dd4cdc36-4650-447f-ae9b-9f98a0817bdf-768x1086.jpg 768w, https:\/\/www.radiopiu.net\/wordpress\/wp-content\/uploads\/2024\/11\/dd4cdc36-4650-447f-ae9b-9f98a0817bdf-1086x1536.jpg 1086w, https:\/\/www.radiopiu.net\/wordpress\/wp-content\/uploads\/2024\/11\/dd4cdc36-4650-447f-ae9b-9f98a0817bdf.jpg 1131w\" sizes=\"auto, (max-width: 127px) 100vw, 127px\" \/><\/a>DI MIRKO MEZZACASA<\/strong><\/p>\n<p>OSPITI: Giuliano Federa e Roberto Agnolet<\/p>\n<audio class=\"wp-audio-shortcode\" id=\"audio-423700-22\" preload=\"none\" style=\"width: 100%;\" controls=\"controls\"><source type=\"audio\/mpeg\" src=\"https:\/\/www.radiopiu.net\/wordpress\/wp-content\/uploads\/2024\/12\/giuliano-e-roberto-ok.mp3?_=22\" \/><a href=\"https:\/\/www.radiopiu.net\/wordpress\/wp-content\/uploads\/2024\/12\/giuliano-e-roberto-ok.mp3\">https:\/\/www.radiopiu.net\/wordpress\/wp-content\/uploads\/2024\/12\/giuliano-e-roberto-ok.mp3<\/a><\/audio>\n<p>&nbsp;<\/p>\n<hr \/>\n<p>&nbsp;<\/p>\n<h2><span style=\"color: #ff0000;\"><a class=\"dt-pswp-item\" href=\"https:\/\/www.radiopiu.net\/wordpress\/wp-content\/uploads\/2018\/09\/appuntamenti.jpeg\" data-dt-img-description=\"\" data-large_image_width=\"800\" data-large_image_height=\"100\"><img loading=\"lazy\" decoding=\"async\" class=\"wp-image-61958 size-full aligncenter\" src=\"https:\/\/www.radiopiu.net\/wordpress\/wp-content\/uploads\/2018\/09\/appuntamenti.jpeg\" alt=\"\" width=\"800\" height=\"100\" srcset=\"https:\/\/www.radiopiu.net\/wordpress\/wp-content\/uploads\/2018\/09\/appuntamenti.jpeg 800w, https:\/\/www.radiopiu.net\/wordpress\/wp-content\/uploads\/2018\/09\/appuntamenti-300x38.jpeg 300w, https:\/\/www.radiopiu.net\/wordpress\/wp-content\/uploads\/2018\/09\/appuntamenti-768x96.jpeg 768w\" sizes=\"auto, (max-width: 800px) 100vw, 800px\" \/><\/a><\/span><\/h2>\n<div dir=\"auto\"><\/div>\n<div class=\"xdj266r x11i5rnm xat24cr x1mh8g0r x1vvkbs x126k92a\">\n<div dir=\"auto\"><\/div>\n<\/div>\n<p>&nbsp;<\/p>\n<div>\n<div class=\"\" dir=\"auto\">\n<div id=\":r9h:\" class=\"x1iorvi4 x1pi30zi x1l90r2v x1swvt13\" data-ad-comet-preview=\"message\" data-ad-preview=\"message\">\n<div>\n<div class=\"\" dir=\"auto\">\n<div id=\":r9h:\" class=\"x1iorvi4 x1pi30zi x1l90r2v x1swvt13\" data-ad-comet-preview=\"message\" data-ad-preview=\"message\">\n<div class=\"xdj266r x11i5rnm xat24cr x1mh8g0r x1vvkbs x126k92a\">\n<div dir=\"auto\">\n<p><a class=\"dt-pswp-item\" href=\"https:\/\/www.radiopiu.net\/wordpress\/wp-content\/uploads\/2024\/12\/3f038d39-ee87-4c93-9050-475062fdedc2.jpg\" data-dt-img-description=\"\" data-large_image_width=\"1167\" data-large_image_height=\"1630\"><img loading=\"lazy\" decoding=\"async\" class=\" wp-image-422980 alignleft\" src=\"https:\/\/www.radiopiu.net\/wordpress\/wp-content\/uploads\/2024\/12\/3f038d39-ee87-4c93-9050-475062fdedc2-215x300.jpg\" alt=\"\" width=\"110\" height=\"153\" srcset=\"https:\/\/www.radiopiu.net\/wordpress\/wp-content\/uploads\/2024\/12\/3f038d39-ee87-4c93-9050-475062fdedc2-215x300.jpg 215w, https:\/\/www.radiopiu.net\/wordpress\/wp-content\/uploads\/2024\/12\/3f038d39-ee87-4c93-9050-475062fdedc2-733x1024.jpg 733w, https:\/\/www.radiopiu.net\/wordpress\/wp-content\/uploads\/2024\/12\/3f038d39-ee87-4c93-9050-475062fdedc2-768x1073.jpg 768w, https:\/\/www.radiopiu.net\/wordpress\/wp-content\/uploads\/2024\/12\/3f038d39-ee87-4c93-9050-475062fdedc2-1100x1536.jpg 1100w, https:\/\/www.radiopiu.net\/wordpress\/wp-content\/uploads\/2024\/12\/3f038d39-ee87-4c93-9050-475062fdedc2.jpg 1167w\" sizes=\"auto, (max-width: 110px) 100vw, 110px\" \/><\/a>Il comprensorio sciistico di Alleghe ti invita alla festa di apertura della stagione invernale 2024 \/ 2025. Domenica 15 dicembre dalle 10:00 alle 18:00 sulla terrazza della Grande Baita civetta, ci saranno in consolle RDJ, Johnny DJ e DJ Jack e special guest: Monica Morgan ! Cabinovia aperta durante tutta la durata dell\u2019evento e servizio navetta garantito da Taxi Thomas Tutte le info sulle pagine social della Grande Baita Civetta. Inizia con noi la stagione al meglio! Voglio solo questo mega party sulla neve!<\/p>\n<\/div>\n<div dir=\"auto\"><\/div>\n<div dir=\"auto\"><\/div>\n<\/div>\n<div>\n<div class=\"\" dir=\"auto\">\n<div id=\":r9h:\" class=\"x1iorvi4 x1pi30zi x1l90r2v x1swvt13\" data-ad-comet-preview=\"message\" data-ad-preview=\"message\">\n<div>\n<div class=\"\" dir=\"auto\">\n<div id=\":r9h:\" class=\"x1iorvi4 x1pi30zi x1l90r2v x1swvt13\" data-ad-comet-preview=\"message\" data-ad-preview=\"message\">\n\n\t\t\t<style type='text\/css'>\n\t\t\t\t#gallery-4 {\n\t\t\t\t\tmargin: auto;\n\t\t\t\t}\n\t\t\t\t#gallery-4 .gallery-item {\n\t\t\t\t\tfloat: left;\n\t\t\t\t\tmargin-top: 10px;\n\t\t\t\t\ttext-align: center;\n\t\t\t\t\twidth: 25%;\n\t\t\t\t}\n\t\t\t\t#gallery-4 img {\n\t\t\t\t\tborder: 2px solid #cfcfcf;\n\t\t\t\t}\n\t\t\t\t#gallery-4 .gallery-caption {\n\t\t\t\t\tmargin-left: 0;\n\t\t\t\t}\n\t\t\t\t\/* see gallery_shortcode() in wp-includes\/media.php *\/\n\t\t\t<\/style>\n\t\t<div id='gallery-4' class='dt-gallery-container gallery galleryid-423700 gallery-columns-4 gallery-size-thumbnail'><dl class='gallery-item'>\n\t\t\t\t<dt class='gallery-icon portrait'>\n\t\t\t\t\t<a class=\"rollover rollover-zoom dt-pswp-item\" title=\"edcd2685-50c9-429e-8d38-8fdc6bd52fb6\" data-dt-img-description=\"\" data-large_image_width=\"1131\" data-large_image_height=\"1600\"href='https:\/\/www.radiopiu.net\/wordpress\/wp-content\/uploads\/2024\/12\/edcd2685-50c9-429e-8d38-8fdc6bd52fb6-1.jpg'><img loading=\"lazy\" decoding=\"async\" width=\"150\" height=\"150\" src=\"https:\/\/www.radiopiu.net\/wordpress\/wp-content\/uploads\/2024\/12\/edcd2685-50c9-429e-8d38-8fdc6bd52fb6-1-150x150.jpg\" class=\"attachment-thumbnail size-thumbnail\" alt=\"\" aria-describedby=\"gallery-4-423010\" \/><\/a>\n\t\t\t\t<\/dt>\n\t\t\t\t\t<dd class='wp-caption-text gallery-caption' id='gallery-4-423010'>\n\t\t\t\t\tA SAN TOMASO CON ORTI RUPESTRI\n\t\t\t\t\t<\/dd><\/dl><dl class='gallery-item'>\n\t\t\t\t<dt class='gallery-icon portrait'>\n\t\t\t\t\t<a class=\"rollover rollover-zoom dt-pswp-item\" title=\"manifesto serate invernali\" data-dt-img-description=\"\" data-large_image_width=\"1683\" data-large_image_height=\"2383\"href='https:\/\/www.radiopiu.net\/wordpress\/wp-content\/uploads\/2024\/11\/manifesto-serate-invernali.jpg'><img loading=\"lazy\" decoding=\"async\" width=\"150\" height=\"150\" src=\"https:\/\/www.radiopiu.net\/wordpress\/wp-content\/uploads\/2024\/11\/manifesto-serate-invernali-150x150.jpg\" class=\"attachment-thumbnail size-thumbnail\" alt=\"\" aria-describedby=\"gallery-4-418816\" \/><\/a>\n\t\t\t\t<\/dt>\n\t\t\t\t\t<dd class='wp-caption-text gallery-caption' id='gallery-4-418816'>\n\t\t\t\t\t21 FEBBRAIO\n\t\t\t\t\t<\/dd><\/dl><dl class='gallery-item'>\n\t\t\t\t<dt class='gallery-icon portrait'>\n\t\t\t\t\t<a class=\"rollover rollover-zoom dt-pswp-item\" title=\"13dic24-Locandina-Paola Faraon\" data-dt-img-description=\"\" data-large_image_width=\"1241\" data-large_image_height=\"1755\"href='https:\/\/www.radiopiu.net\/wordpress\/wp-content\/uploads\/2024\/11\/13dic24-Locandina-Paola-Faraon.jpg'><img loading=\"lazy\" decoding=\"async\" width=\"150\" height=\"150\" src=\"https:\/\/www.radiopiu.net\/wordpress\/wp-content\/uploads\/2024\/11\/13dic24-Locandina-Paola-Faraon-150x150.jpg\" class=\"attachment-thumbnail size-thumbnail\" alt=\"\" aria-describedby=\"gallery-4-422316\" \/><\/a>\n\t\t\t\t<\/dt>\n\t\t\t\t\t<dd class='wp-caption-text gallery-caption' id='gallery-4-422316'>\n\t\t\t\t\tLA PRESENTAZIONE DEL LIBRO DI PAOLA FARAONI\n\t\t\t\t\t<\/dd><\/dl><dl class='gallery-item'>\n\t\t\t\t<dt class='gallery-icon portrait'>\n\t\t\t\t\t<a class=\"rollover rollover-zoom dt-pswp-item\" title=\"b3cecef2-c1a0-4979-a248-4ba48e65737b\" data-dt-img-description=\"\" data-large_image_width=\"1449\" data-large_image_height=\"2048\"href='https:\/\/www.radiopiu.net\/wordpress\/wp-content\/uploads\/2024\/12\/b3cecef2-c1a0-4979-a248-4ba48e65737b.jpg'><img loading=\"lazy\" decoding=\"async\" width=\"150\" height=\"150\" src=\"https:\/\/www.radiopiu.net\/wordpress\/wp-content\/uploads\/2024\/12\/b3cecef2-c1a0-4979-a248-4ba48e65737b-150x150.jpg\" class=\"attachment-thumbnail size-thumbnail\" alt=\"\" aria-describedby=\"gallery-4-423966\" \/><\/a>\n\t\t\t\t<\/dt>\n\t\t\t\t\t<dd class='wp-caption-text gallery-caption' id='gallery-4-423966'>\n\t\t\t\t\tscuola aperta, sabato a cencenighe \n\t\t\t\t\t<\/dd><\/dl><br style=\"clear: both\" \/><dl class='gallery-item'>\n\t\t\t\t<dt class='gallery-icon portrait'>\n\t\t\t\t\t<a class=\"rollover rollover-zoom dt-pswp-item\" title=\"locandina Insieme e\u0300 piu\u0300 bello\" data-dt-img-description=\"\" data-large_image_width=\"1131\" data-large_image_height=\"1600\"href='https:\/\/www.radiopiu.net\/wordpress\/wp-content\/uploads\/2024\/11\/locandina-Insieme-e-piu-bello.jpg'><img loading=\"lazy\" decoding=\"async\" width=\"150\" height=\"150\" src=\"https:\/\/www.radiopiu.net\/wordpress\/wp-content\/uploads\/2024\/11\/locandina-Insieme-e-piu-bello-150x150.jpg\" class=\"attachment-thumbnail size-thumbnail\" alt=\"\" aria-describedby=\"gallery-4-421314\" \/><\/a>\n\t\t\t\t<\/dt>\n\t\t\t\t\t<dd class='wp-caption-text gallery-caption' id='gallery-4-421314'>\n\t\t\t\t\tINSIEME A SAN GREGORIO\n\t\t\t\t\t<\/dd><\/dl><dl class='gallery-item'>\n\t\t\t\t<dt class='gallery-icon portrait'>\n\t\t\t\t\t<a class=\"rollover rollover-zoom dt-pswp-item\" title=\"RIVA NADAL 2024\" data-dt-img-description=\"\" data-large_image_width=\"841\" data-large_image_height=\"1190\"href='https:\/\/www.radiopiu.net\/wordpress\/wp-content\/uploads\/2024\/12\/RIVA-NADAL-2024.jpg'><img loading=\"lazy\" decoding=\"async\" width=\"150\" height=\"150\" src=\"https:\/\/www.radiopiu.net\/wordpress\/wp-content\/uploads\/2024\/12\/RIVA-NADAL-2024-150x150.jpg\" class=\"attachment-thumbnail size-thumbnail\" alt=\"\" aria-describedby=\"gallery-4-422752\" \/><\/a>\n\t\t\t\t<\/dt>\n\t\t\t\t\t<dd class='wp-caption-text gallery-caption' id='gallery-4-422752'>\n\t\t\t\t\tRIVA NADAL\n\t\t\t\t\t<\/dd><\/dl><dl class='gallery-item'>\n\t\t\t\t<dt class='gallery-icon portrait'>\n\t\t\t\t\t<a class=\"rollover rollover-zoom dt-pswp-item\" title=\"5e3e89da-4412-40a9-8ff6-75c82d608467\" data-dt-img-description=\"\" data-large_image_width=\"945\" data-large_image_height=\"2048\"href='https:\/\/www.radiopiu.net\/wordpress\/wp-content\/uploads\/2024\/12\/5e3e89da-4412-40a9-8ff6-75c82d608467.jpg'><img loading=\"lazy\" decoding=\"async\" width=\"150\" height=\"150\" src=\"https:\/\/www.radiopiu.net\/wordpress\/wp-content\/uploads\/2024\/12\/5e3e89da-4412-40a9-8ff6-75c82d608467-150x150.jpg\" class=\"attachment-thumbnail size-thumbnail\" alt=\"\" aria-describedby=\"gallery-4-422979\" \/><\/a>\n\t\t\t\t<\/dt>\n\t\t\t\t\t<dd class='wp-caption-text gallery-caption' id='gallery-4-422979'>\n\t\t\t\t\tAD ALLEGHE IL 15\n\t\t\t\t\t<\/dd><\/dl><dl class='gallery-item'>\n\t\t\t\t<dt class='gallery-icon portrait'>\n\t\t\t\t\t<a class=\"rollover rollover-zoom dt-pswp-item\" title=\"1b3e7006-c41c-47f5-80c5-9045a4148fb7\" data-dt-img-description=\"\" data-large_image_width=\"1414\" data-large_image_height=\"2000\"href='https:\/\/www.radiopiu.net\/wordpress\/wp-content\/uploads\/2024\/12\/1b3e7006-c41c-47f5-80c5-9045a4148fb7.jpg'><img loading=\"lazy\" decoding=\"async\" width=\"150\" height=\"150\" src=\"https:\/\/www.radiopiu.net\/wordpress\/wp-content\/uploads\/2024\/12\/1b3e7006-c41c-47f5-80c5-9045a4148fb7-150x150.jpg\" class=\"attachment-thumbnail size-thumbnail\" alt=\"\" \/><\/a>\n\t\t\t\t<\/dt><\/dl><br style=\"clear: both\" \/><dl class='gallery-item'>\n\t\t\t\t<dt class='gallery-icon landscape'>\n\t\t\t\t\t<a class=\"rollover rollover-zoom dt-pswp-item\" title=\"tornao angeli 2024\" data-dt-img-description=\"\" data-large_image_width=\"941\" data-large_image_height=\"551\"href='https:\/\/www.radiopiu.net\/wordpress\/wp-content\/uploads\/2024\/12\/tornao-angeli-2024.jpg'><img loading=\"lazy\" decoding=\"async\" width=\"150\" height=\"150\" src=\"https:\/\/www.radiopiu.net\/wordpress\/wp-content\/uploads\/2024\/12\/tornao-angeli-2024-150x150.jpg\" class=\"attachment-thumbnail size-thumbnail\" alt=\"\" aria-describedby=\"gallery-4-422943\" \/><\/a>\n\t\t\t\t<\/dt>\n\t\t\t\t\t<dd class='wp-caption-text gallery-caption' id='gallery-4-422943'>\n\t\t\t\t\tIL TORNEO DEGLI ANGELI\n\t\t\t\t\t<\/dd><\/dl><dl class='gallery-item'>\n\t\t\t\t<dt class='gallery-icon portrait'>\n\t\t\t\t\t<a class=\"rollover rollover-zoom dt-pswp-item\" title=\"0073db61-77c4-47e3-8986-5b9d5f40fa8a\" data-dt-img-description=\"\" data-large_image_width=\"1448\" data-large_image_height=\"2048\"href='https:\/\/www.radiopiu.net\/wordpress\/wp-content\/uploads\/2024\/12\/0073db61-77c4-47e3-8986-5b9d5f40fa8a.jpg'><img loading=\"lazy\" decoding=\"async\" width=\"150\" height=\"150\" src=\"https:\/\/www.radiopiu.net\/wordpress\/wp-content\/uploads\/2024\/12\/0073db61-77c4-47e3-8986-5b9d5f40fa8a-150x150.jpg\" class=\"attachment-thumbnail size-thumbnail\" alt=\"\" aria-describedby=\"gallery-4-422994\" \/><\/a>\n\t\t\t\t<\/dt>\n\t\t\t\t\t<dd class='wp-caption-text gallery-caption' id='gallery-4-422994'>\n\t\t\t\t\tNATALE A LA VALLE\n\t\t\t\t\t<\/dd><\/dl><dl class='gallery-item'>\n\t\t\t\t<dt class='gallery-icon portrait'>\n\t\t\t\t\t<a class=\"rollover rollover-zoom dt-pswp-item\" title=\"cc14bd66-7d3b-4192-aabf-82af02057496\" data-dt-img-description=\"\" data-large_image_width=\"1448\" data-large_image_height=\"2048\"href='https:\/\/www.radiopiu.net\/wordpress\/wp-content\/uploads\/2024\/12\/cc14bd66-7d3b-4192-aabf-82af02057496.jpg'><img loading=\"lazy\" decoding=\"async\" width=\"150\" height=\"150\" src=\"https:\/\/www.radiopiu.net\/wordpress\/wp-content\/uploads\/2024\/12\/cc14bd66-7d3b-4192-aabf-82af02057496-150x150.jpg\" class=\"attachment-thumbnail size-thumbnail\" alt=\"\" aria-describedby=\"gallery-4-422993\" \/><\/a>\n\t\t\t\t<\/dt>\n\t\t\t\t\t<dd class='wp-caption-text gallery-caption' id='gallery-4-422993'>\n\t\t\t\t\tNATALE A LA VALLE\n\t\t\t\t\t<\/dd><\/dl><dl class='gallery-item'>\n\t\t\t\t<dt class='gallery-icon portrait'>\n\t\t\t\t\t<a class=\"rollover rollover-zoom dt-pswp-item\" title=\"fb36ecbd-3d1d-4d23-a922-2e124eec4a43\" data-dt-img-description=\"\" data-large_image_width=\"720\" data-large_image_height=\"1015\"href='https:\/\/www.radiopiu.net\/wordpress\/wp-content\/uploads\/2024\/12\/fb36ecbd-3d1d-4d23-a922-2e124eec4a43.jpg'><img loading=\"lazy\" decoding=\"async\" width=\"150\" height=\"150\" src=\"https:\/\/www.radiopiu.net\/wordpress\/wp-content\/uploads\/2024\/12\/fb36ecbd-3d1d-4d23-a922-2e124eec4a43-150x150.jpg\" class=\"attachment-thumbnail size-thumbnail\" alt=\"\" aria-describedby=\"gallery-4-423155\" \/><\/a>\n\t\t\t\t<\/dt>\n\t\t\t\t\t<dd class='wp-caption-text gallery-caption' id='gallery-4-423155'>\n\t\t\t\t\t13 dicembre al BUZZATI\n\t\t\t\t\t<\/dd><\/dl><br style=\"clear: both\" \/><dl class='gallery-item'>\n\t\t\t\t<dt class='gallery-icon portrait'>\n\t\t\t\t\t<a class=\"rollover rollover-zoom dt-pswp-item\" title=\"nave1\" data-dt-img-description=\"\" data-large_image_width=\"1080\" data-large_image_height=\"1920\"href='https:\/\/www.radiopiu.net\/wordpress\/wp-content\/uploads\/2024\/12\/nave1.jpg'><img loading=\"lazy\" decoding=\"async\" width=\"150\" height=\"150\" src=\"https:\/\/www.radiopiu.net\/wordpress\/wp-content\/uploads\/2024\/12\/nave1-150x150.jpg\" class=\"attachment-thumbnail size-thumbnail\" alt=\"\" aria-describedby=\"gallery-4-423319\" \/><\/a>\n\t\t\t\t<\/dt>\n\t\t\t\t\t<dd class='wp-caption-text gallery-caption' id='gallery-4-423319'>\n\t\t\t\t\tAL TEATRO DI BELLUNO\n\t\t\t\t\t<\/dd><\/dl><dl class='gallery-item'>\n\t\t\t\t<dt class='gallery-icon landscape'>\n\t\t\t\t\t<a class=\"rollover rollover-zoom dt-pswp-item\" title=\"2e0045b9-30d0-4ed0-9e34-cff896fe6450\" data-dt-img-description=\"\" data-large_image_width=\"1280\" data-large_image_height=\"1280\"href='https:\/\/www.radiopiu.net\/wordpress\/wp-content\/uploads\/2024\/12\/2e0045b9-30d0-4ed0-9e34-cff896fe6450.jpg'><img loading=\"lazy\" decoding=\"async\" width=\"150\" height=\"150\" src=\"https:\/\/www.radiopiu.net\/wordpress\/wp-content\/uploads\/2024\/12\/2e0045b9-30d0-4ed0-9e34-cff896fe6450-150x150.jpg\" class=\"attachment-thumbnail size-thumbnail\" alt=\"\" aria-describedby=\"gallery-4-424006\" srcset=\"https:\/\/www.radiopiu.net\/wordpress\/wp-content\/uploads\/2024\/12\/2e0045b9-30d0-4ed0-9e34-cff896fe6450-150x150.jpg 150w, https:\/\/www.radiopiu.net\/wordpress\/wp-content\/uploads\/2024\/12\/2e0045b9-30d0-4ed0-9e34-cff896fe6450-300x300.jpg 300w, https:\/\/www.radiopiu.net\/wordpress\/wp-content\/uploads\/2024\/12\/2e0045b9-30d0-4ed0-9e34-cff896fe6450-1024x1024.jpg 1024w, https:\/\/www.radiopiu.net\/wordpress\/wp-content\/uploads\/2024\/12\/2e0045b9-30d0-4ed0-9e34-cff896fe6450-768x768.jpg 768w, https:\/\/www.radiopiu.net\/wordpress\/wp-content\/uploads\/2024\/12\/2e0045b9-30d0-4ed0-9e34-cff896fe6450.jpg 1280w\" sizes=\"auto, (max-width: 150px) 100vw, 150px\" \/><\/a>\n\t\t\t\t<\/dt>\n\t\t\t\t\t<dd class='wp-caption-text gallery-caption' id='gallery-4-424006'>\n\t\t\t\t\tCAPODANNO IN BIRRERIA\n\t\t\t\t\t<\/dd><\/dl><dl class='gallery-item'>\n\t\t\t\t<dt class='gallery-icon portrait'>\n\t\t\t\t\t<a class=\"rollover rollover-zoom dt-pswp-item\" title=\"Manifesto concerto Natale 15.12.2024\" data-dt-img-description=\"\" data-large_image_width=\"1755\" data-large_image_height=\"2482\"href='https:\/\/www.radiopiu.net\/wordpress\/wp-content\/uploads\/2024\/12\/Manifesto-concerto-Natale-15.12.2024.jpg'><img loading=\"lazy\" decoding=\"async\" width=\"150\" height=\"150\" src=\"https:\/\/www.radiopiu.net\/wordpress\/wp-content\/uploads\/2024\/12\/Manifesto-concerto-Natale-15.12.2024-150x150.jpg\" class=\"attachment-thumbnail size-thumbnail\" alt=\"\" aria-describedby=\"gallery-4-424018\" \/><\/a>\n\t\t\t\t<\/dt>\n\t\t\t\t\t<dd class='wp-caption-text gallery-caption' id='gallery-4-424018'>\n\t\t\t\t\tCON IL CORO POLIFONICO DI TRICHIANA\n\t\t\t\t\t<\/dd><\/dl><dl class='gallery-item'>\n\t\t\t\t<dt class='gallery-icon portrait'>\n\t\t\t\t\t<a class=\"rollover rollover-zoom dt-pswp-item\" title=\"4c319f93-b704-4acd-b558-f0f4ae3e76e5\" data-dt-img-description=\"\" data-large_image_width=\"720\" data-large_image_height=\"1040\"href='https:\/\/www.radiopiu.net\/wordpress\/wp-content\/uploads\/2024\/12\/4c319f93-b704-4acd-b558-f0f4ae3e76e5.jpg'><img loading=\"lazy\" decoding=\"async\" width=\"150\" height=\"150\" src=\"https:\/\/www.radiopiu.net\/wordpress\/wp-content\/uploads\/2024\/12\/4c319f93-b704-4acd-b558-f0f4ae3e76e5-150x150.jpg\" class=\"attachment-thumbnail size-thumbnail\" alt=\"\" aria-describedby=\"gallery-4-424043\" \/><\/a>\n\t\t\t\t<\/dt>\n\t\t\t\t\t<dd class='wp-caption-text gallery-caption' id='gallery-4-424043'>\n\t\t\t\t\tCON LA CORALE DI TRICHIANA\n\t\t\t\t\t<\/dd><\/dl><br style=\"clear: both\" \/>\n\t\t\t<\/div>\n\n<\/div>\n<\/div>\n<\/div>\n<p>&nbsp;<\/p>\n<\/div>\n<\/div>\n<\/div>\n<\/div>\n<\/div>\n<\/div>\n<\/div>\n<\/div>\n<\/div>\n<p>&nbsp;<\/p>\n<div>\n<div class=\"\" dir=\"auto\">\n<div id=\":r9h:\" class=\"x1iorvi4 x1pi30zi x1l90r2v x1swvt13\" data-ad-comet-preview=\"message\" data-ad-preview=\"message\"><\/div>\n<\/div>\n<\/div>\n<p>&nbsp;<\/p>\n<hr \/>\n<p>&nbsp;<\/p>\n<p class=\"mceTemp\"><a class=\"dt-pswp-item\" href=\"https:\/\/www.radiopiu.net\/wordpress\/wp-content\/uploads\/2018\/09\/WhatsApp-Image-2018-09-20-at-16.04.06.jpeg\" data-dt-img-description=\"\" data-large_image_width=\"800\" data-large_image_height=\"100\"><img loading=\"lazy\" decoding=\"async\" class=\"wp-image-61378 size-full aligncenter\" src=\"https:\/\/www.radiopiu.net\/wordpress\/wp-content\/uploads\/2018\/09\/WhatsApp-Image-2018-09-20-at-16.04.06.jpeg\" alt=\"\" width=\"800\" height=\"100\" srcset=\"https:\/\/www.radiopiu.net\/wordpress\/wp-content\/uploads\/2018\/09\/WhatsApp-Image-2018-09-20-at-16.04.06.jpeg 800w, https:\/\/www.radiopiu.net\/wordpress\/wp-content\/uploads\/2018\/09\/WhatsApp-Image-2018-09-20-at-16.04.06-300x38.jpeg 300w, https:\/\/www.radiopiu.net\/wordpress\/wp-content\/uploads\/2018\/09\/WhatsApp-Image-2018-09-20-at-16.04.06-768x96.jpeg 768w\" sizes=\"auto, (max-width: 800px) 100vw, 800px\" \/><\/a><\/p>\n<p><center><\/center><center><\/center><center><b>\u00a0<\/b><\/center><center><b>OGGI<\/b><\/center>Su Dolomiti sereno o al pi\u00f9 poco nuvoloso, su Prealpi specie veronesi e vicentine residua nuvolosit\u00e0 a tratti estesa fino al mattino, con schiarite via via pi\u00f9 ampie nel pomeriggio. Non escluso qualche banco di nubi basse o nebbie nelle valli nelle ore pi\u00f9 fredde.<br \/>\n<b>Precipitazioni: <\/b>Qualche fiocco non escluso a tratti tra notte e mattino su Prealpi veronesi e vicentine (20%) ma per lo pi\u00f9 senza accumuli, altrove assenti (0%).<br \/>\n<b>Temperature: <\/b>Senza variazioni di rilievo o in lieve aumento le massime in caso di prolungato soleggiamento, e minime in calo su fondovalle dolomitici.<\/p>\n<hr \/>\n<p><center><b>DOMANI<\/b><\/center>Tempo perlopi\u00f9 soleggiato, con cielo sereno o poco nuvoloso, eccetto qualche possibile nube bassa o nebbia nelle ore pi\u00f9 fredde e qualche nube medio-alta durante le ore centrali.<br \/>\n<b>Precipitazioni: <\/b>Assenti (0%)<br \/>\n<b>Temperature: <\/b>Contesto termico freddo al mattino con estese gelate ovunque, di stampo invernale anche di giorno.<\/p>\n<hr \/>\n<p><center><b>GIOVEDI<\/b><\/center>Tempo soleggiato con cielo perlopi\u00f9 sereno e ottima visibilit\u00e0. Freddo al mattino con estese gelate e persistenza di freddo diurno nelle aree in ombra, temperature massime in lieve aumento in quota.<\/p>\n<hr \/>\n<p><center><b>VENERDI<\/b><\/center>Cielo sereno e ottima visibilit\u00e0. Temperature pressoch\u00e8 stazionarie o in lieve calo in quota.<\/p>\n<p>&nbsp;<\/p>\n<blockquote class=\"wp-embedded-content\" data-secret=\"OTvFR2j5Zx\"><p><a href=\"https:\/\/www.radiopiu.net\/wordpress\/neve-al-suolo-aggiornamento-arpav-09-12-24\/\">NEVE AL SUOLO. AGGIORNAMENTO ARPAV  09 12 24<\/a><\/p><\/blockquote>\n<p><iframe loading=\"lazy\" class=\"wp-embedded-content\" sandbox=\"allow-scripts\" security=\"restricted\" style=\"position: absolute; visibility: hidden;\" title=\"&#8220;NEVE AL SUOLO. AGGIORNAMENTO ARPAV  09 12 24&#8221; &#8212; Radio Pi\u00f9\" src=\"https:\/\/www.radiopiu.net\/wordpress\/neve-al-suolo-aggiornamento-arpav-09-12-24\/embed\/#?secret=lxxxRT459f#?secret=OTvFR2j5Zx\" data-secret=\"OTvFR2j5Zx\" width=\"600\" height=\"338\" frameborder=\"0\" marginwidth=\"0\" marginheight=\"0\" scrolling=\"no\"><\/iframe><\/p>\n<p>&nbsp;<\/p>\n<hr \/>\n<p>&nbsp;<\/p>\n<p>&nbsp;<\/p>\n<p class=\"mceTemp\"><a class=\"dt-pswp-item\" href=\"https:\/\/www.radiopiu.net\/wordpress\/wp-content\/uploads\/2018\/09\/sport.jpg\" data-dt-img-description=\"\" data-large_image_width=\"800\" data-large_image_height=\"100\"><img loading=\"lazy\" decoding=\"async\" class=\"aligncenter wp-image-60761 size-full\" src=\"https:\/\/www.radiopiu.net\/wordpress\/wp-content\/uploads\/2018\/09\/sport.jpg\" alt=\"\" width=\"800\" height=\"100\" srcset=\"https:\/\/www.radiopiu.net\/wordpress\/wp-content\/uploads\/2018\/09\/sport.jpg 800w, https:\/\/www.radiopiu.net\/wordpress\/wp-content\/uploads\/2018\/09\/sport-300x38.jpg 300w, https:\/\/www.radiopiu.net\/wordpress\/wp-content\/uploads\/2018\/09\/sport-768x96.jpg 768w\" sizes=\"auto, (max-width: 800px) 100vw, 800px\" \/><\/a><span style=\"color: #0000ff;\"><strong>\u00a0 \u00a0 \u00a0 \u00a0 \u00a0<\/strong><\/span><\/p>\n<p><span style=\"color: #0000ff;\"><strong>CALCIO A 5<\/strong><\/span><\/p>\n<blockquote>\n<h3>INIZIATA LA 17ESIMA EDIZIONE DEL TORNEO DEGLI ANGELI<\/h3>\n<\/blockquote>\n<p><strong>AGORDO<\/strong> \u00c8 iniziata domenica la 17esima edizione del Torneo Degli Angeli in memoria di Thierry Brancaleone e Denis Benvegn\u00f9. L&#8217;Unione Sportiva Le Ville ha voluto onorare la memoria dei due ragazzi anche quest&#8217;anno con il torneo di calcio a 5 al PalaRova. Otto le squadre partecipanti: Kosova, Taibon, Boy Squared, Toccol Team, Zuita Futsal Team, Dream Team, Liver Truz e naturalmente il Le Ville Bar Carlin. Si sono giocate le prime otto partite della fase a gironi e domenica prossima andranno in scena le ultime quattro sfide che decreteranno le semifinaliste del torneo che si chiuder\u00e0 domenica 22 dicembre con semifinali e finalissima.<\/p>\n<p><strong>I RISULTATI DELLA PRIMA GIORNATA<\/strong><\/p>\n<p><a class=\"dt-pswp-item\" href=\"https:\/\/www.radiopiu.net\/wordpress\/wp-content\/uploads\/2024\/12\/SCR-20241209-qpmv.jpeg\" data-dt-img-description=\"\" data-large_image_width=\"1850\" data-large_image_height=\"820\"><img loading=\"lazy\" decoding=\"async\" class=\"alignnone wp-image-424027\" src=\"https:\/\/www.radiopiu.net\/wordpress\/wp-content\/uploads\/2024\/12\/SCR-20241209-qpmv-300x133.jpeg\" alt=\"\" width=\"598\" height=\"265\" srcset=\"https:\/\/www.radiopiu.net\/wordpress\/wp-content\/uploads\/2024\/12\/SCR-20241209-qpmv-300x133.jpeg 300w, https:\/\/www.radiopiu.net\/wordpress\/wp-content\/uploads\/2024\/12\/SCR-20241209-qpmv-1024x454.jpeg 1024w, https:\/\/www.radiopiu.net\/wordpress\/wp-content\/uploads\/2024\/12\/SCR-20241209-qpmv-768x340.jpeg 768w, https:\/\/www.radiopiu.net\/wordpress\/wp-content\/uploads\/2024\/12\/SCR-20241209-qpmv-1536x681.jpeg 1536w, https:\/\/www.radiopiu.net\/wordpress\/wp-content\/uploads\/2024\/12\/SCR-20241209-qpmv.jpeg 1850w\" sizes=\"auto, (max-width: 598px) 100vw, 598px\" \/><\/a><\/p>\n<p>&nbsp;<\/p>\n<p><span style=\"color: #0000ff;\"><strong>HOCKEY SU GHIACCIO<\/strong><\/span><\/p>\n<blockquote>\n<h3>UN FINE SETTIMANA DA INCORNICIARE PER LE GIOVANILI DELL&#8217;ALLEGHE HOCKEY<\/h3>\n<\/blockquote>\n<p><span style=\"color: #ff0000;\"><strong>UNDER 16<\/strong><\/span><\/p>\n<p><strong>BOLZANO &#8211; CORTINA\/DOBBIACO 1-3<\/strong><\/p>\n<p>Seconda vittoria consecutiva per i giovani under 16 del Cortina\/Dobbiaco. Alla Sparkasse Arena di Bolzano la squadra mista vince e incamera 3 punti importanti per la classifica del Master Round. Sottsass apre le marcature, Alver\u00e0 raddoppia per il Cortina e Larese De Pasqua chiude la sfida. Per gli altoatesini solo il gol della bandiera<\/p>\n<p><span style=\"color: #ff0000;\"><strong>UNDER 14<\/strong><\/span><\/p>\n<p><strong>ALLEGHE\/CORTINA &#8211; VALPUSTERIA 2-1 DOT<\/strong><\/p>\n<p>Le giovani civette under 14 vincono all&#8217;overtime contro il Valpusteria. Una sfida combattuta quella del de Toni di Alleghe dove i padroni di casa hanno tenuto testa agli altoatesini per tutto il match. 1 a 1 alla fine dei tempi regolamentari e gol vittoria arrivato nel supplementare.<\/p>\n<p><span style=\"color: #ff0000;\"><strong>LE ALTRE GIOVANILI<\/strong><\/span><\/p>\n<p>Sabato, al Galvalux di Pieve di Cadore, si \u00e8 disputata la terza partita della seconda fase del torneo Veneto Under 12 contro il Padova. Dopo un avvio difficile, i ragazzi di coach De Biasio si sono ripresi, chiudendo il secondo tempo in vantaggio 5-1. Nonostante un ritorno del Padova nel terzo tempo con tre gol rapidi, la nostra squadra ha mantenuto il controllo, chiudendo l\u2019incontro con una vittoria per 9-5. Fine settimana di riposo per le under 10 e 8.<\/p>\n<p>&nbsp;<\/p>\n<h3><span style=\"color: #0000ff;\"><strong>NUOTO\u00a0<\/strong><\/span><\/h3>\n<h1>Agordini brillano a Vittorio Veneto: risultati e successi<\/h1>\n<p><strong><a class=\"dt-pswp-item\" href=\"https:\/\/www.radiopiu.net\/wordpress\/wp-content\/uploads\/2024\/12\/9b2805ce-3254-4af7-9350-f40267deb645.jpg\" data-dt-img-description=\"\" data-large_image_width=\"1200\" data-large_image_height=\"1600\"><img loading=\"lazy\" decoding=\"async\" class=\" wp-image-423940 alignleft\" src=\"https:\/\/www.radiopiu.net\/wordpress\/wp-content\/uploads\/2024\/12\/9b2805ce-3254-4af7-9350-f40267deb645-225x300.jpg\" alt=\"\" width=\"259\" height=\"345\" srcset=\"https:\/\/www.radiopiu.net\/wordpress\/wp-content\/uploads\/2024\/12\/9b2805ce-3254-4af7-9350-f40267deb645-225x300.jpg 225w, https:\/\/www.radiopiu.net\/wordpress\/wp-content\/uploads\/2024\/12\/9b2805ce-3254-4af7-9350-f40267deb645-768x1024.jpg 768w, https:\/\/www.radiopiu.net\/wordpress\/wp-content\/uploads\/2024\/12\/9b2805ce-3254-4af7-9350-f40267deb645-1152x1536.jpg 1152w, https:\/\/www.radiopiu.net\/wordpress\/wp-content\/uploads\/2024\/12\/9b2805ce-3254-4af7-9350-f40267deb645.jpg 1200w\" sizes=\"auto, (max-width: 259px) 100vw, 259px\" \/><\/a>AGORDO<\/strong><\/p>\n<p>Si \u00e8 svolta domenica 8 dicembre a Vittorio Veneto la seconda giornata di gare per i nuotatori agordini del settore agonistico nella categoria esordienti. Il programma che ha visto i ragazzi di Attivamente Agordino comportarsi davvero bene presentava gare particolarmente impegnative<br \/>\nTra gli esordienti A ben tre ragazze: Azzurra Deola Thorpe, Emma e Alice Latti hanno disputato i 100 delfino seguiti per Azzurra e Alice dai 200 misti e per Emma da una notevole prestazione sui 100 dorso che le \u00e8 valsa il settimo posto. Ceccon Selena, al via per nella gara degli 800 stile libero e in quella dei 200 misti ha sorpreso con una prestazione degna di nota. Tra gli esordienti B Alessandro Buxaj, Longaron Margot, Alex Alchini, Devid e Aurora Olivier hanno preso il via nei 200 stile libero con delle belle prestazioni che sono valse per tutti il miglioramento del proprio personale. Alessandro e Alex hanno aggiunto un quarto e settimo posto nei 100 rana e in quinta posizione ha concluso la stessa gara Margot. Tra le pi\u00f9 giovani (classe 2016) exploit <a class=\"dt-pswp-item\" href=\"https:\/\/www.radiopiu.net\/wordpress\/wp-content\/uploads\/2024\/12\/295bfb8e-eaa4-424c-ba30-f30bcec09e17.jpg\" data-dt-img-description=\"\" data-large_image_width=\"900\" data-large_image_height=\"1600\"><img loading=\"lazy\" decoding=\"async\" class=\"size-medium wp-image-423939 alignright\" src=\"https:\/\/www.radiopiu.net\/wordpress\/wp-content\/uploads\/2024\/12\/295bfb8e-eaa4-424c-ba30-f30bcec09e17-169x300.jpg\" alt=\"\" width=\"169\" height=\"300\" srcset=\"https:\/\/www.radiopiu.net\/wordpress\/wp-content\/uploads\/2024\/12\/295bfb8e-eaa4-424c-ba30-f30bcec09e17-169x300.jpg 169w, https:\/\/www.radiopiu.net\/wordpress\/wp-content\/uploads\/2024\/12\/295bfb8e-eaa4-424c-ba30-f30bcec09e17-576x1024.jpg 576w, https:\/\/www.radiopiu.net\/wordpress\/wp-content\/uploads\/2024\/12\/295bfb8e-eaa4-424c-ba30-f30bcec09e17-768x1365.jpg 768w, https:\/\/www.radiopiu.net\/wordpress\/wp-content\/uploads\/2024\/12\/295bfb8e-eaa4-424c-ba30-f30bcec09e17-864x1536.jpg 864w, https:\/\/www.radiopiu.net\/wordpress\/wp-content\/uploads\/2024\/12\/295bfb8e-eaa4-424c-ba30-f30bcec09e17.jpg 900w\" sizes=\"auto, (max-width: 169px) 100vw, 169px\" \/><\/a>di Veronica Scussel che nei 50 dorso ha conquistato il terzo gradino del podio portando a casa la medaglia di bronzo arricchita anche dal quinto posto nei 50 delfino. Colette Samassa al debutto assoluto \u00e8 giunta quarta nella stessa gara. Letizia Mosca e Aurora hanno gareggiato nei 100 rana con Letizia che ha completato il suo programma con i 50 dorso La chiusura della manifestazione ha visto le staffette miste dei ragazzi agordini classificate sesta e nona.<\/p>\n<h3><strong>Prossime gare\u00a0 <\/strong><\/h3>\n<h3>Gli atleti del settore agonistico di Attivamente Agordino, che si allenano presso la piscina di Via Rova, torneranno in gara a gennaio, pronti a proseguire nel loro percorso di crescita e successi.<\/h3>\n<blockquote>\n<h2><strong>Risultati della seconda giornata di gare &#8211; Vittorio Veneto, 8 dicembre<\/strong><\/h2>\n<\/blockquote>\n<table>\n<thead>\n<tr>\n<th><strong>Categoria<\/strong><\/th>\n<th><strong>Atleti<\/strong><\/th>\n<th><strong>Gare disputate<\/strong><\/th>\n<th><strong>Risultati principali<\/strong><\/th>\n<\/tr>\n<\/thead>\n<tbody>\n<tr>\n<td><strong>Esordienti A<\/strong><\/td>\n<td>Azzurra Deola Thorpe, Emma Latti, Alice Latti<\/td>\n<td>100 delfino, 200 misti, 100 dorso<\/td>\n<td>Emma 7\u00aa nei 100 dorso; ottime prove nei 200 misti (Azzurra, Alice)<\/td>\n<\/tr>\n<tr>\n<td><\/td>\n<td>Ceccon Selena<\/td>\n<td>800 stile libero, 200 misti<\/td>\n<td>Prestazione di rilievo in entrambe le gare<\/td>\n<\/tr>\n<tr>\n<td><strong>Esordienti B<\/strong><\/td>\n<td>Alessandro Buxaj, Alex Alchini, Devid Olivier, Aurora Olivier, Margot Longaron<\/td>\n<td>200 stile libero, 100 rana<\/td>\n<td>Alessandro 4\u00b0 e Alex 7\u00b0 nei 100 rana; Margot 5\u00aa nella stessa gara<\/td>\n<\/tr>\n<tr>\n<td><\/td>\n<td>Veronica Scussel (classe 2016), Colette Samassa<\/td>\n<td>50 dorso, 50 delfino<\/td>\n<td>Veronica 3\u00aa nei 50 dorso e 5\u00aa nei 50 delfino; Colette 4\u00aa nei 50 delfino<\/td>\n<\/tr>\n<tr>\n<td><\/td>\n<td>Letizia Mosca, Aurora Olivier<\/td>\n<td>100 rana, 50 dorso<\/td>\n<td>Letizia ha concluso i 50 dorso con determinazione<\/td>\n<\/tr>\n<tr>\n<td><strong>Staffette<\/strong><\/td>\n<td>Squadre miste<\/td>\n<td><\/td>\n<td>Classificate 6\u00aa e 9\u00aa<\/td>\n<\/tr>\n<\/tbody>\n<\/table>\n<p>&nbsp;<\/p>\n<p>&nbsp;<\/p>\n<p>&nbsp;<\/p>\n<blockquote>\n<h1 class=\"mceTemp\"><span style=\"color: #0000ff;\"><strong>\u00a0 \u00a0 <\/strong><\/span><strong style=\"color: #0000ff;\"><span style=\"color: #000000;\">Esordienti a Vittorio Veneto: 11 medaglie, di cui 5 d\u2019oro<\/span><\/strong><\/h1>\n<\/blockquote>\n<p><strong>BELLUNO<\/strong><\/p>\n<div class=\"flex max-w-full flex-col flex-grow\">\n<div class=\"min-h-8 text-message flex w-full flex-col items-end gap-2 whitespace-normal break-words text-start [.text-message+&amp;]:mt-5\" dir=\"auto\" data-message-author-role=\"assistant\" data-message-id=\"c14fc7b5-e3ad-40e9-ac1a-50db205586f3\" data-message-model-slug=\"gpt-4o\">\n<div class=\"flex w-full flex-col gap-1 empty:hidden first:pt-[3px]\">\n<div class=\"markdown prose w-full break-words dark:prose-invert dark\">\n<p><a class=\"dt-pswp-item\" href=\"https:\/\/www.radiopiu.net\/wordpress\/wp-content\/uploads\/2024\/12\/Esordienti_B.jpg\" data-dt-img-description=\"\" data-large_image_width=\"640\" data-large_image_height=\"480\"><img loading=\"lazy\" decoding=\"async\" class=\"size-medium wp-image-423858 alignleft\" src=\"https:\/\/www.radiopiu.net\/wordpress\/wp-content\/uploads\/2024\/12\/Esordienti_B-300x225.jpg\" alt=\"\" width=\"300\" height=\"225\" srcset=\"https:\/\/www.radiopiu.net\/wordpress\/wp-content\/uploads\/2024\/12\/Esordienti_B-300x225.jpg 300w, https:\/\/www.radiopiu.net\/wordpress\/wp-content\/uploads\/2024\/12\/Esordienti_B.jpg 640w\" sizes=\"auto, (max-width: 300px) 100vw, 300px\" \/><\/a>Grande protagonista nella seconda giornata interprovinciale a Vittorio Veneto, la Sportivamente Belluno ha brillato con gli Esordienti, conquistando 11 medaglie e regalando emozioni a non finire.<\/p>\n<h3><strong>Esordienti B in evidenza<\/strong><\/h3>\n<p>La squadra parte forte con un oro e un argento nei 100 rana fascia B: Mattia Brianti vince con 1\u201935\u201d6, seguito dal compagno Nicola De Min (1\u201936\u201d3). Buoni tempi anche per Marco Candeago, mentre Gabriel Somacal, Fabio Corona, Leonardo Arrighini, Ambra Gasperin e Amerie Bortoluzzi si mettono in luce al loro esordio. Progresso evidente nei 200 stile libero per Brianti, Viel, De Min, Broi e Somacal, mentre Viel ottiene il quinto posto nei 50 farfalla.<\/p>\n<h3><strong><a class=\"dt-pswp-item\" href=\"https:\/\/www.radiopiu.net\/wordpress\/wp-content\/uploads\/2024\/12\/Esordienti_A-1.jpg\" data-dt-img-description=\"\" data-large_image_width=\"561\" data-large_image_height=\"553\"><img loading=\"lazy\" decoding=\"async\" class=\"size-medium wp-image-423857 alignright\" src=\"https:\/\/www.radiopiu.net\/wordpress\/wp-content\/uploads\/2024\/12\/Esordienti_A-1-300x296.jpg\" alt=\"\" width=\"300\" height=\"296\" srcset=\"https:\/\/www.radiopiu.net\/wordpress\/wp-content\/uploads\/2024\/12\/Esordienti_A-1-300x296.jpg 300w, https:\/\/www.radiopiu.net\/wordpress\/wp-content\/uploads\/2024\/12\/Esordienti_A-1.jpg 561w\" sizes=\"auto, (max-width: 300px) 100vw, 300px\" \/><\/a>Esordienti A: dominio nelle gare veloci<\/strong><\/h3>\n<p>Alessandro Morra domina i 100 farfalla (1\u201905\u201d5) e i 100 dorso (1\u201908\u201d2), mentre Greta Galanti trionfa nei 50 stile libero (30\u201d9) e Rodolfo Zanon conquista l\u2019argento maschile (30\u201d0). Brividi negli 800 stile libero con l\u2019oro di Laura Ivessa (10\u201941\u201d1) e il bronzo di Elisa Thomas (10\u201949\u201d2). Nei 200 misti, Galanti \u00e8 seconda, seguita da una Thomas in crescita.<\/p>\n<h3><strong>Staffette emozionanti<\/strong><\/h3>\n<p>Le staffette mixed chiudono la giornata con il bronzo della 4&#215;50 mista (Ivessa, Galanti, Morra, Zanon).<\/p>\n<p>\u00abLa squadra cresce e diventa sempre pi\u00f9 consapevole delle proprie potenzialit\u00e0\u00bb, sottolinea l\u2019allenatrice Daniela Piermarini, gi\u00e0 concentrata sul prossimo appuntamento: il Meeting di Babbo Natale a Bassano del Grappa.<\/p>\n<\/div>\n<p>&nbsp;<\/p>\n<p><span style=\"color: #0000ff;\"><strong>PATTINAGGIO<\/strong><\/span><\/p>\n<\/div>\n<\/div>\n<\/div>\n<blockquote>\n<h2>Agordino Ghiaccio &amp; Sport: esordio positivo per la fascia Bronze in Val di Non<\/h2>\n<\/blockquote>\n<div>\n<p><strong>AGORDO<\/strong> \u00c8 iniziata ufficialmente la stagione di gare per la fascia Bronze di <strong>Agordino Ghiaccio &amp; Sport<\/strong>, e una piccola parte del gruppo ha scelto di rompere il ghiaccio partecipando a una gara di fondo in Val di Non. Le atlete hanno dimostrato grande entusiasmo e determinazione, portando a casa ottimi risultati e preziose esperienze.<\/p>\n<div class=\"flex max-w-full flex-col flex-grow\">\n<div class=\"min-h-8 text-message flex w-full flex-col items-end gap-2 whitespace-normal break-words text-start [.text-message+&amp;]:mt-5\" dir=\"auto\" data-message-author-role=\"assistant\" data-message-id=\"8b3055e4-5396-4cf3-afb5-9ea5a8927e37\" data-message-model-slug=\"gpt-4o\">\n<div class=\"flex w-full flex-col gap-1 empty:hidden first:pt-[3px]\">\n<div class=\"markdown prose w-full break-words dark:prose-invert dark\">\n<h3><span style=\"color: #ff0000;\"><strong>I risultati delle atlete<\/strong><\/span><\/h3>\n<ul>\n<li><strong>Livia Appamea<\/strong> (categoria Pulcino Giallo): partecipazione senza classifica ma con una prestazione che merita un applauso<\/li>\n<li><strong>Sofia Petri<\/strong> (categoria Esordienti A): conquista il 6\u00b0 posto, dimostrando grinta e talento.<\/li>\n<li><strong>Irene Casagrande<\/strong> (categoria Esordienti A): chiude in 10\u00aa posizione, con una gara di grande impegno.<\/li>\n<li><strong>Vanessa Casagrande<\/strong> (categoria Esordienti B): ottiene un 10\u00b0 posto a pari merito, con una prestazione che conferma il suo spirito competitivo.<\/li>\n<\/ul>\n<p>Bravissime tutte le atlete, che hanno iniziato la stagione con energia e voglia di crescere. Questo esordio rappresenta solo il primo passo di un percorso che promette soddisfazioni e tanti miglioramenti. Forza Agordino Ghiaccio &amp; Sport!<\/p>\n<\/div>\n<\/div>\n<\/div>\n<\/div>\n<div class=\"flex\">\n\n\t\t\t<style type='text\/css'>\n\t\t\t\t#gallery-5 {\n\t\t\t\t\tmargin: auto;\n\t\t\t\t}\n\t\t\t\t#gallery-5 .gallery-item {\n\t\t\t\t\tfloat: left;\n\t\t\t\t\tmargin-top: 10px;\n\t\t\t\t\ttext-align: center;\n\t\t\t\t\twidth: 33%;\n\t\t\t\t}\n\t\t\t\t#gallery-5 img {\n\t\t\t\t\tborder: 2px solid #cfcfcf;\n\t\t\t\t}\n\t\t\t\t#gallery-5 .gallery-caption {\n\t\t\t\t\tmargin-left: 0;\n\t\t\t\t}\n\t\t\t\t\/* see gallery_shortcode() in wp-includes\/media.php *\/\n\t\t\t<\/style>\n\t\t<div id='gallery-5' class='dt-gallery-container gallery galleryid-423700 gallery-columns-3 gallery-size-thumbnail'><dl class='gallery-item'>\n\t\t\t\t<dt class='gallery-icon portrait'>\n\t\t\t\t\t<a class=\"rollover rollover-zoom dt-pswp-item\" title=\"469522065_1078674364052065_4218215112080994170_n\" data-dt-img-description=\"\" data-large_image_width=\"1536\" data-large_image_height=\"2048\"href='https:\/\/www.radiopiu.net\/wordpress\/wp-content\/uploads\/2024\/12\/469522065_1078674364052065_4218215112080994170_n.jpg'><img loading=\"lazy\" decoding=\"async\" width=\"150\" height=\"150\" src=\"https:\/\/www.radiopiu.net\/wordpress\/wp-content\/uploads\/2024\/12\/469522065_1078674364052065_4218215112080994170_n-150x150.jpg\" class=\"attachment-thumbnail size-thumbnail\" alt=\"\" \/><\/a>\n\t\t\t\t<\/dt><\/dl><dl class='gallery-item'>\n\t\t\t\t<dt class='gallery-icon landscape'>\n\t\t\t\t\t<a class=\"rollover rollover-zoom dt-pswp-item\" title=\"469601324_1078674177385417_1564084785296172531_n\" data-dt-img-description=\"\" data-large_image_width=\"1600\" data-large_image_height=\"1196\"href='https:\/\/www.radiopiu.net\/wordpress\/wp-content\/uploads\/2024\/12\/469601324_1078674177385417_1564084785296172531_n.jpg'><img loading=\"lazy\" decoding=\"async\" width=\"150\" height=\"150\" src=\"https:\/\/www.radiopiu.net\/wordpress\/wp-content\/uploads\/2024\/12\/469601324_1078674177385417_1564084785296172531_n-150x150.jpg\" class=\"attachment-thumbnail size-thumbnail\" alt=\"\" \/><\/a>\n\t\t\t\t<\/dt><\/dl><dl class='gallery-item'>\n\t\t\t\t<dt class='gallery-icon portrait'>\n\t\t\t\t\t<a class=\"rollover rollover-zoom dt-pswp-item\" title=\"469569520_1078674297385405_6203302669142540689_n\" data-dt-img-description=\"\" data-large_image_width=\"450\" data-large_image_height=\"600\"href='https:\/\/www.radiopiu.net\/wordpress\/wp-content\/uploads\/2024\/12\/469569520_1078674297385405_6203302669142540689_n.jpg'><img loading=\"lazy\" decoding=\"async\" width=\"150\" height=\"150\" src=\"https:\/\/www.radiopiu.net\/wordpress\/wp-content\/uploads\/2024\/12\/469569520_1078674297385405_6203302669142540689_n-150x150.jpg\" class=\"attachment-thumbnail size-thumbnail\" alt=\"\" \/><\/a>\n\t\t\t\t<\/dt><\/dl><br style=\"clear: both\" \/><dl class='gallery-item'>\n\t\t\t\t<dt class='gallery-icon portrait'>\n\t\t\t\t\t<a class=\"rollover rollover-zoom dt-pswp-item\" title=\"469579948_1078674094052092_9044058479590765128_n\" data-dt-img-description=\"\" data-large_image_width=\"474\" data-large_image_height=\"600\"href='https:\/\/www.radiopiu.net\/wordpress\/wp-content\/uploads\/2024\/12\/469579948_1078674094052092_9044058479590765128_n.jpg'><img loading=\"lazy\" decoding=\"async\" width=\"150\" height=\"150\" src=\"https:\/\/www.radiopiu.net\/wordpress\/wp-content\/uploads\/2024\/12\/469579948_1078674094052092_9044058479590765128_n-150x150.jpg\" class=\"attachment-thumbnail size-thumbnail\" alt=\"\" \/><\/a>\n\t\t\t\t<\/dt><\/dl><dl class='gallery-item'>\n\t\t\t\t<dt class='gallery-icon portrait'>\n\t\t\t\t\t<a class=\"rollover rollover-zoom dt-pswp-item\" title=\"469809858_1078674347385400_1548685205180019271_n\" data-dt-img-description=\"\" data-large_image_width=\"504\" data-large_image_height=\"600\"href='https:\/\/www.radiopiu.net\/wordpress\/wp-content\/uploads\/2024\/12\/469809858_1078674347385400_1548685205180019271_n.jpg'><img loading=\"lazy\" decoding=\"async\" width=\"150\" height=\"150\" src=\"https:\/\/www.radiopiu.net\/wordpress\/wp-content\/uploads\/2024\/12\/469809858_1078674347385400_1548685205180019271_n-150x150.jpg\" class=\"attachment-thumbnail size-thumbnail\" alt=\"\" \/><\/a>\n\t\t\t\t<\/dt><\/dl><dl class='gallery-item'>\n\t\t\t\t<dt class='gallery-icon portrait'>\n\t\t\t\t\t<a class=\"rollover rollover-zoom dt-pswp-item\" title=\"469520918_1078674410718727_312094951975819626_n\" data-dt-img-description=\"\" data-large_image_width=\"1536\" data-large_image_height=\"2048\"href='https:\/\/www.radiopiu.net\/wordpress\/wp-content\/uploads\/2024\/12\/469520918_1078674410718727_312094951975819626_n.jpg'><img loading=\"lazy\" decoding=\"async\" width=\"150\" height=\"150\" src=\"https:\/\/www.radiopiu.net\/wordpress\/wp-content\/uploads\/2024\/12\/469520918_1078674410718727_312094951975819626_n-150x150.jpg\" class=\"attachment-thumbnail size-thumbnail\" alt=\"\" \/><\/a>\n\t\t\t\t<\/dt><\/dl><br style=\"clear: both\" \/>\n\t\t\t<\/div>\n\n<\/div>\n<div><\/div>\n<\/div>\n<div><\/div>\n<p><span style=\"color: #0000ff;\"><strong>GINNASTICA ARTISTICA<\/strong><\/span><\/p>\n<blockquote>\n<h3>LA GARA DI GINNASTICA ARTISTICA A CAPRILE<\/h3>\n<\/blockquote>\n<p><strong><a class=\"dt-pswp-item\" href=\"https:\/\/www.radiopiu.net\/wordpress\/wp-content\/uploads\/2024\/12\/469896814_1079279307324904_2861102016100516022_n.jpg\" data-dt-img-description=\"\" data-large_image_width=\"1333\" data-large_image_height=\"2000\"><img loading=\"lazy\" decoding=\"async\" class=\" wp-image-424031 alignleft\" src=\"https:\/\/www.radiopiu.net\/wordpress\/wp-content\/uploads\/2024\/12\/469896814_1079279307324904_2861102016100516022_n-200x300.jpg\" alt=\"\" width=\"137\" height=\"206\" srcset=\"https:\/\/www.radiopiu.net\/wordpress\/wp-content\/uploads\/2024\/12\/469896814_1079279307324904_2861102016100516022_n-200x300.jpg 200w, https:\/\/www.radiopiu.net\/wordpress\/wp-content\/uploads\/2024\/12\/469896814_1079279307324904_2861102016100516022_n-682x1024.jpg 682w, https:\/\/www.radiopiu.net\/wordpress\/wp-content\/uploads\/2024\/12\/469896814_1079279307324904_2861102016100516022_n-768x1152.jpg 768w, https:\/\/www.radiopiu.net\/wordpress\/wp-content\/uploads\/2024\/12\/469896814_1079279307324904_2861102016100516022_n-1024x1536.jpg 1024w, https:\/\/www.radiopiu.net\/wordpress\/wp-content\/uploads\/2024\/12\/469896814_1079279307324904_2861102016100516022_n.jpg 1333w\" sizes=\"auto, (max-width: 137px) 100vw, 137px\" \/><\/a> <\/strong><\/p>\n<p><strong>\u00a0<\/strong><\/p>\n<p><strong>ALLEGHE <\/strong>Sabato 7 dicembre, nella palestra di Caprile, si \u00e8 svolta una gara di ginnastica artistica organizzata da Agordino Ghiaccio e Sport, con la partecipazione delle societ\u00e0 360 Passion di Longarone e PR Ranch di La Valle Agordina. L&#8217;evento ha visto la presenza di oltre 100 giovani atleti, dai 3 ai 15 anni, provenienti da tutta la vallata. Le ginnaste di Agordino Ghiaccio e Sport hanno ottenuto risultati eccellenti nelle competizioni agli attrezzi, corsia e mini trampolino elastico: <strong>Medaglie d\u2019oro: <\/strong>Emilie Sief, Ellis Lepre, Jessica Grones, Alessia Del Monego. <strong>Medaglie d\u2019argento: <\/strong>Anja Agostini, Anastasia Della Santa, Sara Nicolai. <strong>Medaglia di bronzo: <\/strong>Melissa Cervo. <strong>Ottimi piazzamenti: <\/strong>Maddalena De Toni (4\u00b0), Samantha Del Monego (8\u00b0), Jasmine Delle Vedove (4\u00b0), Ginevra Nicolai (5\u00b0), Aurora\u00a0 Bellenzier e Isabel Fattor (7\u00b0), Melissa De Toni (9\u00b0)<\/p>\n<p>&nbsp;<\/p>\n<p>&nbsp;<\/p>\n<p>&nbsp;<\/p>\n","protected":false},"excerpt":{"rendered":"<p>***** &nbsp; LA\u00a0 APP PER IOS-IPHONE di Nicola Vettorello https:\/\/apps.apple.com\/it\/app\/radio-pi%C3%B9-emittente-agordina\/id1515939845 LA\u00a0 APP RADIO\u00a0 PER ANDROID di Nicola Vettorello https:\/\/play.google.com\/store\/apps\/details?id=net.radiopiu.iniko\u00a0\u00a0\u00a0 &nbsp; &nbsp; &nbsp; OGGI A RADIO PIU&#8217;&#8230; TRA L&#8217;ALTRO:\u00a0 10 10 MUSLA, LE NOTIZIE IN LADINO CON , A SEGUIRE 10.30\u00a0 NEL REPORTER\u00a0 CON FRANCESCO ZILLIO, EPCENTER&#8230;LE LUCI DI NATALE NON SONO FUOCHI ARTIFICIALI\u00a0 (foto) 13.10\u00a0&hellip;<\/p>\n","protected":false},"author":4,"featured_media":423908,"comment_status":"closed","ping_status":"closed","sticky":false,"template":"","format":"standard","meta":{"_monsterinsights_skip_tracking":false,"_monsterinsights_sitenote_active":false,"_monsterinsights_sitenote_note":"","_monsterinsights_sitenote_category":0,"footnotes":""},"categories":[51,86,49],"tags":[],"class_list":["post-423700","post","type-post","status-publish","format-standard","has-post-thumbnail","hentry","category-evidenza-top","category-gr","category-news-18","category-51","category-86","category-49","description-off"],"img_url":"https:\/\/www.radiopiu.net\/wordpress\/wp-content\/uploads\/2024\/12\/0522-Migliorato-NR.jpg","_links":{"self":[{"href":"https:\/\/www.radiopiu.net\/wordpress\/wp-json\/wp\/v2\/posts\/423700","targetHints":{"allow":["GET"]}}],"collection":[{"href":"https:\/\/www.radiopiu.net\/wordpress\/wp-json\/wp\/v2\/posts"}],"about":[{"href":"https:\/\/www.radiopiu.net\/wordpress\/wp-json\/wp\/v2\/types\/post"}],"author":[{"embeddable":true,"href":"https:\/\/www.radiopiu.net\/wordpress\/wp-json\/wp\/v2\/users\/4"}],"replies":[{"embeddable":true,"href":"https:\/\/www.radiopiu.net\/wordpress\/wp-json\/wp\/v2\/comments?post=423700"}],"version-history":[{"count":38,"href":"https:\/\/www.radiopiu.net\/wordpress\/wp-json\/wp\/v2\/posts\/423700\/revisions"}],"predecessor-version":[{"id":424119,"href":"https:\/\/www.radiopiu.net\/wordpress\/wp-json\/wp\/v2\/posts\/423700\/revisions\/424119"}],"wp:featuredmedia":[{"embeddable":true,"href":"https:\/\/www.radiopiu.net\/wordpress\/wp-json\/wp\/v2\/media\/423908"}],"wp:attachment":[{"href":"https:\/\/www.radiopiu.net\/wordpress\/wp-json\/wp\/v2\/media?parent=423700"}],"wp:term":[{"taxonomy":"category","embeddable":true,"href":"https:\/\/www.radiopiu.net\/wordpress\/wp-json\/wp\/v2\/categories?post=423700"},{"taxonomy":"post_tag","embeddable":true,"href":"https:\/\/www.radiopiu.net\/wordpress\/wp-json\/wp\/v2\/tags?post=423700"}],"curies":[{"name":"wp","href":"https:\/\/api.w.org\/{rel}","templated":true}]}}