{"id":423956,"date":"2024-12-09T14:25:15","date_gmt":"2024-12-09T13:25:15","guid":{"rendered":"https:\/\/www.radiopiu.net\/wordpress\/?p=423956"},"modified":"2024-12-09T14:25:15","modified_gmt":"2024-12-09T13:25:15","slug":"belluno-guida-la-spesa-natalizia-100-milioni-e-un-trionfo-dellartigianato","status":"publish","type":"post","link":"https:\/\/www.radiopiu.net\/wordpress\/belluno-guida-la-spesa-natalizia-100-milioni-e-un-trionfo-dellartigianato\/","title":{"rendered":"Belluno guida la spesa natalizia: 100 milioni e un trionfo dell\u2019artigianato"},"content":{"rendered":"<p>**<\/p>\n<p><strong><img loading=\"lazy\" decoding=\"async\" class=\"alignleft\" src=\"https:\/\/www.radiopiu.net\/wordpress\/wp-content\/uploads\/2024\/12\/cd7ebd46-e7ec-4c18-99d3-1cc841430fb5-300x300.webp\" width=\"190\" height=\"190\" \/>BELLUNO<\/strong>\u00a0 il Natale porta non solo valori e tradizioni, ma anche un significativo impatto economico. Con una spesa media di 500 euro a testa, i bellunesi superano le altre province venete. Due terzi del budget sono destinati ad alimentari e bevande, con una forte predilezione per i prodotti artigianali e a km zero. Le 1275 imprese artigiane della provincia, che rappresentano il 30% del totale, giocano un ruolo cruciale, offrendo qualit\u00e0, sostenibilit\u00e0 e creativit\u00e0.<em> \u201cAcquistare locale sostiene non solo le nostre imprese, ma l\u2019intera economia e cultura del territorio,\u201d<\/em> afferma Claudia Scarzanella, presidente di Confartigianato Belluno. Tra tradizione e innovazione, il Natale a Belluno celebra l\u2019artigianato come simbolo di autenticit\u00e0 e eccellenza.<\/p>\n<p>&nbsp;<\/p>\n<p>&nbsp;<\/p>\n<p>&nbsp;<\/p>\n<hr \/>\n<div class=\"flex-1 overflow-hidden @container\/thread\">\n<div class=\"h-full\">\n<div class=\"react-scroll-to-bottom--css-cnrfj-79elbk h-full\">\n<div class=\"react-scroll-to-bottom--css-cnrfj-1n7m0yu\">\n<div class=\"flex flex-col text-sm md:pb-9\">\n<article class=\"w-full scroll-mb-[var(--thread-trailing-height,150px)] text-token-text-primary focus-visible:outline-2 focus-visible:outline-offset-[-4px]\" dir=\"auto\" data-testid=\"conversation-turn-29\" data-scroll-anchor=\"true\">\n<div class=\"m-auto text-base py-[18px] px-3 md:px-4 w-full md:px-5 lg:px-4 xl:px-5\">\n<div class=\"mx-auto flex flex-1 gap-4 text-base md:gap-5 lg:gap-6 md:max-w-3xl lg:max-w-[40rem] xl:max-w-[48rem]\">\n<div class=\"group\/conversation-turn relative flex w-full min-w-0 flex-col agent-turn\">\n<div class=\"flex-col gap-1 md:gap-3\">\n<div class=\"pr-2 lg:pr-0\"><\/div>\n<div class=\"mt-3 w-full empty:hidden\">\n<div class=\"text-center\"><\/div>\n<\/div>\n<\/div>\n<div class=\"absolute\">\n<div class=\"flex items-center justify-center\"><\/div>\n<\/div>\n<\/div>\n<\/div>\n<\/div>\n<\/article>\n<\/div>\n<\/div>\n<\/div>\n<\/div>\n<\/div>\n<div class=\"md:pt-0 dark:border-white\/20 md:border-transparent md:dark:border-transparent w-full\">\n<div>\n<div class=\"m-auto text-base px-3 md:px-4 w-full md:px-5 lg:px-4 xl:px-5\">\n<div class=\"mx-auto flex flex-1 gap-4 text-base md:gap-5 lg:gap-6 md:max-w-3xl lg:max-w-[40rem] xl:max-w-[48rem]\">\n<div class=\"flex justify-center\"><\/div>\n<\/div>\n<\/div>\n<\/div>\n<\/div>\n","protected":false},"excerpt":{"rendered":"<p>** BELLUNO\u00a0 il Natale porta non solo valori e tradizioni, ma anche un significativo impatto economico. Con una spesa media di 500 euro a testa, i bellunesi superano le altre province venete. Due terzi del budget sono destinati ad alimentari e bevande, con una forte predilezione per i prodotti artigianali e a km zero. Le&hellip;<\/p>\n","protected":false},"author":4,"featured_media":423957,"comment_status":"closed","ping_status":"closed","sticky":false,"template":"","format":"standard","meta":{"_monsterinsights_skip_tracking":false,"_monsterinsights_sitenote_active":false,"_monsterinsights_sitenote_note":"","_monsterinsights_sitenote_category":0,"footnotes":""},"categories":[49],"tags":[],"class_list":["post-423956","post","type-post","status-publish","format-standard","has-post-thumbnail","hentry","category-news-18","category-49","description-off"],"img_url":"https:\/\/www.radiopiu.net\/wordpress\/wp-content\/uploads\/2024\/12\/cd7ebd46-e7ec-4c18-99d3-1cc841430fb5.webp","_links":{"self":[{"href":"https:\/\/www.radiopiu.net\/wordpress\/wp-json\/wp\/v2\/posts\/423956","targetHints":{"allow":["GET"]}}],"collection":[{"href":"https:\/\/www.radiopiu.net\/wordpress\/wp-json\/wp\/v2\/posts"}],"about":[{"href":"https:\/\/www.radiopiu.net\/wordpress\/wp-json\/wp\/v2\/types\/post"}],"author":[{"embeddable":true,"href":"https:\/\/www.radiopiu.net\/wordpress\/wp-json\/wp\/v2\/users\/4"}],"replies":[{"embeddable":true,"href":"https:\/\/www.radiopiu.net\/wordpress\/wp-json\/wp\/v2\/comments?post=423956"}],"version-history":[{"count":1,"href":"https:\/\/www.radiopiu.net\/wordpress\/wp-json\/wp\/v2\/posts\/423956\/revisions"}],"predecessor-version":[{"id":423958,"href":"https:\/\/www.radiopiu.net\/wordpress\/wp-json\/wp\/v2\/posts\/423956\/revisions\/423958"}],"wp:featuredmedia":[{"embeddable":true,"href":"https:\/\/www.radiopiu.net\/wordpress\/wp-json\/wp\/v2\/media\/423957"}],"wp:attachment":[{"href":"https:\/\/www.radiopiu.net\/wordpress\/wp-json\/wp\/v2\/media?parent=423956"}],"wp:term":[{"taxonomy":"category","embeddable":true,"href":"https:\/\/www.radiopiu.net\/wordpress\/wp-json\/wp\/v2\/categories?post=423956"},{"taxonomy":"post_tag","embeddable":true,"href":"https:\/\/www.radiopiu.net\/wordpress\/wp-json\/wp\/v2\/tags?post=423956"}],"curies":[{"name":"wp","href":"https:\/\/api.w.org\/{rel}","templated":true}]}}