{"id":424022,"date":"2024-12-09T18:46:16","date_gmt":"2024-12-09T17:46:16","guid":{"rendered":"https:\/\/www.radiopiu.net\/wordpress\/?p=424022"},"modified":"2024-12-09T18:46:16","modified_gmt":"2024-12-09T17:46:16","slug":"furti-ed-insegumenti-ad-arten-e-fonzaso","status":"publish","type":"post","link":"https:\/\/www.radiopiu.net\/wordpress\/furti-ed-insegumenti-ad-arten-e-fonzaso\/","title":{"rendered":"FURTI ED INSEGUMENTI AD ARTEN E FONZASO"},"content":{"rendered":"<p>******<\/p>\n<p>&nbsp;<\/p>\n<p><strong><a class=\"dt-pswp-item\" href=\"https:\/\/www.radiopiu.net\/wordpress\/wp-content\/uploads\/2024\/12\/SCR-20241209-qiww.jpeg\" data-dt-img-description=\"\" data-large_image_width=\"966\" data-large_image_height=\"820\"><img loading=\"lazy\" decoding=\"async\" class=\" wp-image-424024 alignleft\" src=\"https:\/\/www.radiopiu.net\/wordpress\/wp-content\/uploads\/2024\/12\/SCR-20241209-qiww-300x255.jpeg\" alt=\"\" width=\"185\" height=\"157\" srcset=\"https:\/\/www.radiopiu.net\/wordpress\/wp-content\/uploads\/2024\/12\/SCR-20241209-qiww-300x255.jpeg 300w, https:\/\/www.radiopiu.net\/wordpress\/wp-content\/uploads\/2024\/12\/SCR-20241209-qiww-768x652.jpeg 768w, https:\/\/www.radiopiu.net\/wordpress\/wp-content\/uploads\/2024\/12\/SCR-20241209-qiww.jpeg 966w\" sizes=\"auto, (max-width: 185px) 100vw, 185px\" \/><\/a>FONZASO <\/strong>Una notte movimentata quella tra venerd\u00ec e sabato ad Arten e Fonzaso, caratterizzata da furti e inseguimenti. Ad Arten, il titolare dell&#8217;officina Martino Racing, Martino Zannin, \u00e8 stato allertato dall&#8217;allarme della sua attivit\u00e0: due persone stavano rovistando nei locali dopo aver forzato l&#8217;ingresso. Zannin \u00e8 intervenuto bloccando con la sua auto l&#8217;uscita, costringendo i ladri a fuggire a piedi, abbandonando sul posto una Punto rubata a Vicenza. Poco dopo, a Fonzaso, \u00e8 stata rubata una Panda parcheggiata vicino a un\u2019abitazione: i ladri potrebbero averla utilizzata per proseguire la fuga. I carabinieri stanno indagando sugli episodi, mentre la famiglia proprietaria della Panda ha lanciato un appello sui social per ritrovarla. (NELLA FOTO L&#8217;AUTO RUBATA)<\/p>\n<p>&nbsp;<\/p>\n<p>&nbsp;<\/p>\n<p>&nbsp;<\/p>\n<p>***********<\/p>\n","protected":false},"excerpt":{"rendered":"<p>****** &nbsp; FONZASO Una notte movimentata quella tra venerd\u00ec e sabato ad Arten e Fonzaso, caratterizzata da furti e inseguimenti. Ad Arten, il titolare dell&#8217;officina Martino Racing, Martino Zannin, \u00e8 stato allertato dall&#8217;allarme della sua attivit\u00e0: due persone stavano rovistando nei locali dopo aver forzato l&#8217;ingresso. Zannin \u00e8 intervenuto bloccando con la sua auto l&#8217;uscita,&hellip;<\/p>\n","protected":false},"author":4,"featured_media":392276,"comment_status":"closed","ping_status":"closed","sticky":false,"template":"","format":"standard","meta":{"_monsterinsights_skip_tracking":false,"_monsterinsights_sitenote_active":false,"_monsterinsights_sitenote_note":"","_monsterinsights_sitenote_category":0,"footnotes":""},"categories":[51,49],"tags":[],"class_list":["post-424022","post","type-post","status-publish","format-standard","has-post-thumbnail","hentry","category-evidenza-top","category-news-18","category-51","category-49","description-off"],"img_url":"https:\/\/www.radiopiu.net\/wordpress\/wp-content\/uploads\/2024\/05\/ladro-auto.jpg","_links":{"self":[{"href":"https:\/\/www.radiopiu.net\/wordpress\/wp-json\/wp\/v2\/posts\/424022","targetHints":{"allow":["GET"]}}],"collection":[{"href":"https:\/\/www.radiopiu.net\/wordpress\/wp-json\/wp\/v2\/posts"}],"about":[{"href":"https:\/\/www.radiopiu.net\/wordpress\/wp-json\/wp\/v2\/types\/post"}],"author":[{"embeddable":true,"href":"https:\/\/www.radiopiu.net\/wordpress\/wp-json\/wp\/v2\/users\/4"}],"replies":[{"embeddable":true,"href":"https:\/\/www.radiopiu.net\/wordpress\/wp-json\/wp\/v2\/comments?post=424022"}],"version-history":[{"count":1,"href":"https:\/\/www.radiopiu.net\/wordpress\/wp-json\/wp\/v2\/posts\/424022\/revisions"}],"predecessor-version":[{"id":424025,"href":"https:\/\/www.radiopiu.net\/wordpress\/wp-json\/wp\/v2\/posts\/424022\/revisions\/424025"}],"wp:featuredmedia":[{"embeddable":true,"href":"https:\/\/www.radiopiu.net\/wordpress\/wp-json\/wp\/v2\/media\/392276"}],"wp:attachment":[{"href":"https:\/\/www.radiopiu.net\/wordpress\/wp-json\/wp\/v2\/media?parent=424022"}],"wp:term":[{"taxonomy":"category","embeddable":true,"href":"https:\/\/www.radiopiu.net\/wordpress\/wp-json\/wp\/v2\/categories?post=424022"},{"taxonomy":"post_tag","embeddable":true,"href":"https:\/\/www.radiopiu.net\/wordpress\/wp-json\/wp\/v2\/tags?post=424022"}],"curies":[{"name":"wp","href":"https:\/\/api.w.org\/{rel}","templated":true}]}}