{"id":424071,"date":"2024-12-10T05:23:48","date_gmt":"2024-12-10T04:23:48","guid":{"rendered":"https:\/\/www.radiopiu.net\/wordpress\/?p=424071"},"modified":"2024-12-10T05:24:42","modified_gmt":"2024-12-10T04:24:42","slug":"cronache-dal-tribunale-quattro-vicende-giudiziarie-tra-belluno-sedico-e-calalzo","status":"publish","type":"post","link":"https:\/\/www.radiopiu.net\/wordpress\/cronache-dal-tribunale-quattro-vicende-giudiziarie-tra-belluno-sedico-e-calalzo\/","title":{"rendered":"Cronache dal tribunale: quattro vicende giudiziarie tra Belluno, Sedico e Calalzo"},"content":{"rendered":"<p>^^^<\/p>\n<p>&nbsp;<\/p>\n<blockquote><p><em>A Belluno, un padre denuncia la sottrazione della figlia, ora a Casablanca, tra difficolt\u00e0 e speranze di giustizia. Sempre in citt\u00e0, un giovane albanese dovr\u00e0 rispondere di lesioni e spaccio in due distinti processi. A Sedico, un inquilino \u00e8 accusato di appropriazione indebita e danni all\u2019appartamento, mentre la fidanzata rischia per falsa testimonianza. Infine, a Calalzo, un investimento volontario in un parcheggio ha portato un cadorino in tribunale; si negozia per archiviare il caso con un risarcimento. Il filo conduttore \u00e8 la ricerca di verit\u00e0 e giustizia, in attesa delle prossime sentenze.\u00a0<\/em><\/p><\/blockquote>\n<p>&nbsp;<\/p>\n<p><span style=\"color: #ff0000;\"><img loading=\"lazy\" decoding=\"async\" class=\"alignleft\" src=\"https:\/\/www.radiopiu.net\/wordpress\/wp-content\/uploads\/2024\/12\/Senza-nome-48.png\" width=\"189\" height=\"132\" \/>LA GIUDIZIARIA&#8230; SINTESI DAL CORRIERE DELLE ALPI<\/span><\/p>\n<p><span style=\"color: #ff0000;\">GIGI SOSSO<\/span><\/p>\n<blockquote><p><strong>Sottrazione di minore: padre depone in tribunale tra accuse e confusione<\/strong><\/p><\/blockquote>\n<p><strong>BELLUNO<\/strong> Dopo cinque anni di matrimonio, la moglie fugge con la figlia di tre anni tra Francia, Italia e Marocco. Il padre, residente a Belluno, denuncia per sottrazione di minore. La bambina ora vive a Casablanca con i nonni materni. Il padre pu\u00f2 vederla solo due o tre volte all\u2019anno e tramite videochiamate. In tribunale, racconta la difficile situazione, ma il giudice sottolinea l\u2019importanza di ricostruzioni precise. Attesa la sentenza nei prossimi mesi.<\/p>\n<blockquote>\n<p class=\"articlePlainTitle\"><strong>Botte alla festa e spaccio: va a processo<\/strong><\/p>\n<\/blockquote>\n<div class=\"articlePlainText\">\n<p><strong>BELLUNO<\/strong> Lesioni e spaccio. Due processi in un colpo solo,\u00a0 deve rispondere di un pestaggio punitivo in concorso, durante una festa dell&#8217;estate 2023 e cessioni di droga, nell&#8217;ipotesi pi\u00f9 lieve. Per il giovane albanese Il processo inizier\u00e0 il 4 febbraio.<\/p>\n<\/div>\n<div class=\"articlePlainText\">\n<blockquote><p><strong>Sedico: moroso accusato di appropriazione indebita e danni all\u2019alloggio<\/strong><\/p><\/blockquote>\n<p><strong>SEDICO<\/strong> Un inquilino a Sedico, \u00e8 accusato di appropriazione indebita e danni all\u2019appartamento affittato. Secondo i proprietari, avrebbe sottratto beni come piatti e un rasaerba, lasciando l\u2019alloggio in pessime condizioni.. La sua fidanzata rischia un processo per falsa testimonianza. La vicenda, prosegue con richieste di risarcimento danni e ulteriori verifiche giudiziarie.<\/p>\n<blockquote><p><strong>Investimento\u00a0 si cerca accordo per archiviazione\u00a0<\/strong><\/p><\/blockquote>\n<p><strong>CALALZO <\/strong>Un investimento volontario in un parcheggio a Calalzo ha portato il cadorino a processo per lesioni aggravate. La vittima, un turista, ha riportato un trauma al piede. Le parti stanno negoziando un risarcimento che potrebbe portare al ritiro della querela e all\u2019archiviazione del caso.<\/p>\n<div class=\"mb-2 flex gap-3 empty:hidden -ml-2\">\n<div class=\"items-center justify-start rounded-xl p-1 flex\">\n<div class=\"flex items-center\">\n<p>&nbsp;<\/p>\n<div class=\"flex\"><\/div>\n<div class=\"flex items-center pb-0\"><\/div>\n<\/div>\n<\/div>\n<\/div>\n<\/div>\n","protected":false},"excerpt":{"rendered":"<p>^^^ &nbsp; A Belluno, un padre denuncia la sottrazione della figlia, ora a Casablanca, tra difficolt\u00e0 e speranze di giustizia. Sempre in citt\u00e0, un giovane albanese dovr\u00e0 rispondere di lesioni e spaccio in due distinti processi. A Sedico, un inquilino \u00e8 accusato di appropriazione indebita e danni all\u2019appartamento, mentre la fidanzata rischia per falsa testimonianza.&hellip;<\/p>\n","protected":false},"author":4,"featured_media":424082,"comment_status":"closed","ping_status":"closed","sticky":false,"template":"","format":"standard","meta":{"_monsterinsights_skip_tracking":false,"_monsterinsights_sitenote_active":false,"_monsterinsights_sitenote_note":"","_monsterinsights_sitenote_category":0,"footnotes":""},"categories":[51,49],"tags":[],"class_list":["post-424071","post","type-post","status-publish","format-standard","has-post-thumbnail","hentry","category-evidenza-top","category-news-18","category-51","category-49","description-off"],"img_url":"https:\/\/www.radiopiu.net\/wordpress\/wp-content\/uploads\/2024\/12\/Senza-nome-48.png","_links":{"self":[{"href":"https:\/\/www.radiopiu.net\/wordpress\/wp-json\/wp\/v2\/posts\/424071","targetHints":{"allow":["GET"]}}],"collection":[{"href":"https:\/\/www.radiopiu.net\/wordpress\/wp-json\/wp\/v2\/posts"}],"about":[{"href":"https:\/\/www.radiopiu.net\/wordpress\/wp-json\/wp\/v2\/types\/post"}],"author":[{"embeddable":true,"href":"https:\/\/www.radiopiu.net\/wordpress\/wp-json\/wp\/v2\/users\/4"}],"replies":[{"embeddable":true,"href":"https:\/\/www.radiopiu.net\/wordpress\/wp-json\/wp\/v2\/comments?post=424071"}],"version-history":[{"count":2,"href":"https:\/\/www.radiopiu.net\/wordpress\/wp-json\/wp\/v2\/posts\/424071\/revisions"}],"predecessor-version":[{"id":424084,"href":"https:\/\/www.radiopiu.net\/wordpress\/wp-json\/wp\/v2\/posts\/424071\/revisions\/424084"}],"wp:featuredmedia":[{"embeddable":true,"href":"https:\/\/www.radiopiu.net\/wordpress\/wp-json\/wp\/v2\/media\/424082"}],"wp:attachment":[{"href":"https:\/\/www.radiopiu.net\/wordpress\/wp-json\/wp\/v2\/media?parent=424071"}],"wp:term":[{"taxonomy":"category","embeddable":true,"href":"https:\/\/www.radiopiu.net\/wordpress\/wp-json\/wp\/v2\/categories?post=424071"},{"taxonomy":"post_tag","embeddable":true,"href":"https:\/\/www.radiopiu.net\/wordpress\/wp-json\/wp\/v2\/tags?post=424071"}],"curies":[{"name":"wp","href":"https:\/\/api.w.org\/{rel}","templated":true}]}}