{"id":424073,"date":"2024-12-10T05:06:03","date_gmt":"2024-12-10T04:06:03","guid":{"rendered":"https:\/\/www.radiopiu.net\/wordpress\/?p=424073"},"modified":"2024-12-10T05:06:33","modified_gmt":"2024-12-10T04:06:33","slug":"acqua-non-potabile-a-cencenighe-3","status":"publish","type":"post","link":"https:\/\/www.radiopiu.net\/wordpress\/acqua-non-potabile-a-cencenighe-3\/","title":{"rendered":"ACQUA NON POTABILE A CENCENIGHE"},"content":{"rendered":"<p>***<\/p>\n<blockquote>\n<h3><a class=\"dt-pswp-item\" href=\"https:\/\/www.radiopiu.net\/wordpress\/wp-content\/uploads\/2024\/12\/Senza-nome-46.png\" data-dt-img-description=\"\" data-large_image_width=\"393\" data-large_image_height=\"198\"><img loading=\"lazy\" decoding=\"async\" class=\"size-medium wp-image-424072 alignleft\" src=\"https:\/\/www.radiopiu.net\/wordpress\/wp-content\/uploads\/2024\/12\/Senza-nome-46-300x151.png\" alt=\"\" width=\"300\" height=\"151\" srcset=\"https:\/\/www.radiopiu.net\/wordpress\/wp-content\/uploads\/2024\/12\/Senza-nome-46-300x151.png 300w, https:\/\/www.radiopiu.net\/wordpress\/wp-content\/uploads\/2024\/12\/Senza-nome-46.png 393w\" sizes=\"auto, (max-width: 300px) 100vw, 300px\" \/><\/a><\/h3>\n<\/blockquote>\n<p><strong>CENCENIGHE<\/strong> Gestione Servizi Pubblici informa che a Cencenighe in localit\u00e0 Pr\u00e0 Di Mezzo l&#8217;acqua erogata dall&#8217;acquedotto non \u00e8 potabile e non pu\u00f2 essere usata per scopi alimentari. Verr\u00e0 effettuato servizio sostitutivo con cisterna in localit\u00e0 Pr\u00e0 di Mezzo. GSP ha, comunque, gi\u00e0 adottato le necessarie misure per la disinfezione dell&#8217;acqua presente nei serbatoi e nella rete idrica con l&#8217;aggiunta di cloro.<\/p>\n<blockquote><p><strong>Feltre: sospensione idrica domani in diverse frazioni<\/strong><\/p><\/blockquote>\n<p><strong>FELTRE<\/strong> Domani, dalle 8 alle 18, sar\u00e0 sospesa l\u2019acqua nelle localit\u00e0 Casonetto, Nemeggio, Villapaiera, Celarda, Anz\u00f9, Sanzan e zona industriale di Villapaiera per lavori sulla rete idrica. Bim GSP invita a far scorrere l\u2019acqua al ripristino.<\/p>\n<div class=\"articlePlainSubHead\"><\/div>\n<blockquote>\n<h3 class=\"articlePlainTitle\">Ingente perdita sulla rete In corso la riparazione<\/h3>\n<\/blockquote>\n<div class=\"addthis_sharing_toolbox\" data-url=\"http:\/\/sfoglio.corrierealpi.gelocal.it\/share_article.php?article_id=14762924\" data-title=\"Domani niente acqua in diverse frazioniIngente perdita sulla rete In corso la riparazione\"><strong>PEDAVENA\u00a0<\/strong> Una ingente perdita d&#8217;acqua nella rete idrica di Pedavena ha creato ieri pomeriggio qualche problema nell&#8217;approvvigionamento d&#8217;acqua in varie zone del paese con assenza d&#8217;acqua o cali di pressione. Il problema ha interessato il capoluogo, Sant&#8217;Osvaldo, Teven, Travagola, Boscherai e via Stella Maris.<\/div>\n","protected":false},"excerpt":{"rendered":"<p>*** CENCENIGHE Gestione Servizi Pubblici informa che a Cencenighe in localit\u00e0 Pr\u00e0 Di Mezzo l&#8217;acqua erogata dall&#8217;acquedotto non \u00e8 potabile e non pu\u00f2 essere usata per scopi alimentari. Verr\u00e0 effettuato servizio sostitutivo con cisterna in localit\u00e0 Pr\u00e0 di Mezzo. GSP ha, comunque, gi\u00e0 adottato le necessarie misure per la disinfezione dell&#8217;acqua presente nei serbatoi e&hellip;<\/p>\n","protected":false},"author":4,"featured_media":424072,"comment_status":"closed","ping_status":"closed","sticky":false,"template":"","format":"standard","meta":{"_monsterinsights_skip_tracking":false,"_monsterinsights_sitenote_active":false,"_monsterinsights_sitenote_note":"","_monsterinsights_sitenote_category":0,"footnotes":""},"categories":[51,49],"tags":[],"class_list":["post-424073","post","type-post","status-publish","format-standard","has-post-thumbnail","hentry","category-evidenza-top","category-news-18","category-51","category-49","description-off"],"img_url":"https:\/\/www.radiopiu.net\/wordpress\/wp-content\/uploads\/2024\/12\/Senza-nome-46.png","_links":{"self":[{"href":"https:\/\/www.radiopiu.net\/wordpress\/wp-json\/wp\/v2\/posts\/424073","targetHints":{"allow":["GET"]}}],"collection":[{"href":"https:\/\/www.radiopiu.net\/wordpress\/wp-json\/wp\/v2\/posts"}],"about":[{"href":"https:\/\/www.radiopiu.net\/wordpress\/wp-json\/wp\/v2\/types\/post"}],"author":[{"embeddable":true,"href":"https:\/\/www.radiopiu.net\/wordpress\/wp-json\/wp\/v2\/users\/4"}],"replies":[{"embeddable":true,"href":"https:\/\/www.radiopiu.net\/wordpress\/wp-json\/wp\/v2\/comments?post=424073"}],"version-history":[{"count":1,"href":"https:\/\/www.radiopiu.net\/wordpress\/wp-json\/wp\/v2\/posts\/424073\/revisions"}],"predecessor-version":[{"id":424074,"href":"https:\/\/www.radiopiu.net\/wordpress\/wp-json\/wp\/v2\/posts\/424073\/revisions\/424074"}],"wp:featuredmedia":[{"embeddable":true,"href":"https:\/\/www.radiopiu.net\/wordpress\/wp-json\/wp\/v2\/media\/424072"}],"wp:attachment":[{"href":"https:\/\/www.radiopiu.net\/wordpress\/wp-json\/wp\/v2\/media?parent=424073"}],"wp:term":[{"taxonomy":"category","embeddable":true,"href":"https:\/\/www.radiopiu.net\/wordpress\/wp-json\/wp\/v2\/categories?post=424073"},{"taxonomy":"post_tag","embeddable":true,"href":"https:\/\/www.radiopiu.net\/wordpress\/wp-json\/wp\/v2\/tags?post=424073"}],"curies":[{"name":"wp","href":"https:\/\/api.w.org\/{rel}","templated":true}]}}