{"id":424230,"date":"2024-12-11T05:33:29","date_gmt":"2024-12-11T04:33:29","guid":{"rendered":"https:\/\/www.radiopiu.net\/wordpress\/?p=424230"},"modified":"2024-12-11T05:47:52","modified_gmt":"2024-12-11T04:47:52","slug":"tutele-per-il-popolo-ladino-il-sindaco-di-livinallongo-scrive-al-capo-dello-stato","status":"publish","type":"post","link":"https:\/\/www.radiopiu.net\/wordpress\/tutele-per-il-popolo-ladino-il-sindaco-di-livinallongo-scrive-al-capo-dello-stato\/","title":{"rendered":"TUTELE PER IL POPOLO LADINO. IL SINDACO DI LIVINALLONGO SCRIVE AL CAPO DELLO STATO"},"content":{"rendered":"<p>*******<\/p>\n<blockquote><p><strong><a href=\"https:\/\/www.radiopiu.net\/wordpress\/wp-content\/uploads\/2024\/12\/52c9b4ea-3a89-4349-8d7e-9f115d069002.webp\"><img loading=\"lazy\" decoding=\"async\" class=\"wp-image-424255 alignleft\" src=\"https:\/\/www.radiopiu.net\/wordpress\/wp-content\/uploads\/2024\/12\/52c9b4ea-3a89-4349-8d7e-9f115d069002-300x300.webp\" alt=\"\" width=\"195\" height=\"195\" srcset=\"https:\/\/www.radiopiu.net\/wordpress\/wp-content\/uploads\/2024\/12\/52c9b4ea-3a89-4349-8d7e-9f115d069002-300x300.webp 300w, https:\/\/www.radiopiu.net\/wordpress\/wp-content\/uploads\/2024\/12\/52c9b4ea-3a89-4349-8d7e-9f115d069002-150x150.webp 150w, https:\/\/www.radiopiu.net\/wordpress\/wp-content\/uploads\/2024\/12\/52c9b4ea-3a89-4349-8d7e-9f115d069002-768x768.webp 768w, https:\/\/www.radiopiu.net\/wordpress\/wp-content\/uploads\/2024\/12\/52c9b4ea-3a89-4349-8d7e-9f115d069002.webp 1024w\" sizes=\"auto, (max-width: 195px) 100vw, 195px\" \/><\/a>Proteste per l\u2019esclusione dell\u2019Agordino dai fondi ai Vigili del Fuoco<\/strong><\/p><\/blockquote>\n<p><strong>AGORDINO<\/strong> \u2013 Raffica di email e polemiche per l\u2019esclusione dei distaccamenti dell\u2019Agordino dal bando regionale per i contributi ai Vigili del Fuoco volontari. La capogruppo del Movimento 5 Stelle, Erika Baldin, denuncia la decisione come grave e irresponsabile, ribadendo il ruolo cruciale dei pompieri nelle aree montane. L\u2019interrogazione in Regione punta a tutelare sicurezza e risorse territoriali.<\/p>\n<p>&nbsp;<\/p>\n<hr \/>\n<p><strong>\u00a0LIVINALLONGO<\/strong> Il sindaco di Livinallongo del Col di Lana ha scritto al presidente della Repubblica Sergio Mattarella per denunciare una presunta discriminazione da parte della Regione Veneto, chiedendo anche il riesame del passaggio alla Regione Autonoma Trentino-Alto Adige, come richiesto nel referendum del 2007. La questione \u00e8 esplosa dopo la decisione della Regione Veneto di escludere il distaccamento dei vigili del fuoco volontari di Livinallongo dai finanziamenti regionali, motivata dalla ricezione di fondi del &#8220;Fondo Comuni Confinanti&#8221;. Il vicesindaco Gabriele Delmonego critica la disparit\u00e0 di trattamento, ritenendola lesiva per una comunit\u00e0 gi\u00e0 in difficolt\u00e0 per la posizione geografica e la minoranza linguistica. La lettera ricorda i numerosi tentativi storici di riaggregazione al Trentino-Alto Adige, a partire dalla spartizione fascista del 1923 fino al referendum del 2007, dove l\u201986,43% degli elettori di Livinallongo, Colle Santa Lucia e Cortina d\u2019Ampezzo ha votato per il passaggio alla Regione Autonoma. L\u2019amministrazione comunale sottolinea come casi analoghi, come quello di Sappada, passato al Friuli-Venezia Giulia nel 2017, rappresentino un precedente importante per il riconoscimento della volont\u00e0 popolare. I politici locali evidenziano che l\u2019attuale situazione danneggia i diritti delle minoranze e chiedono interventi concreti per garantire equit\u00e0 amministrativa e la tutela linguistica, economica e sociale della comunit\u00e0 ladina. Il sindaco Oscar Nagler sottolinea come le decisioni regionali mortifichino il diritto all\u2019autodeterminazione, tutelato dalla Costituzione e dalla Carta delle Nazioni Unite.<\/p>\n<p><strong>IL VIDEO INSTAGRAM<\/strong><\/p>\n<div style=\"width: 848px;\" class=\"wp-video\"><video class=\"wp-video-shortcode\" id=\"video-424230-1\" width=\"848\" height=\"480\" preload=\"metadata\" controls=\"controls\"><source type=\"video\/mp4\" src=\"https:\/\/www.radiopiu.net\/wordpress\/wp-content\/uploads\/2024\/12\/WhatsApp-Video-2024-12-10-at-17.38.52.mp4?_=1\" \/><a href=\"https:\/\/www.radiopiu.net\/wordpress\/wp-content\/uploads\/2024\/12\/WhatsApp-Video-2024-12-10-at-17.38.52.mp4\">https:\/\/www.radiopiu.net\/wordpress\/wp-content\/uploads\/2024\/12\/WhatsApp-Video-2024-12-10-at-17.38.52.mp4<\/a><\/video><\/div>\n<p>&nbsp;<\/p>\n<p>&nbsp;<\/p>\n<p>********<\/p>\n","protected":false},"excerpt":{"rendered":"<p>******* Proteste per l\u2019esclusione dell\u2019Agordino dai fondi ai Vigili del Fuoco AGORDINO \u2013 Raffica di email e polemiche per l\u2019esclusione dei distaccamenti dell\u2019Agordino dal bando regionale per i contributi ai Vigili del Fuoco volontari. La capogruppo del Movimento 5 Stelle, Erika Baldin, denuncia la decisione come grave e irresponsabile, ribadendo il ruolo cruciale dei pompieri&hellip;<\/p>\n","protected":false},"author":4,"featured_media":424232,"comment_status":"closed","ping_status":"closed","sticky":false,"template":"","format":"standard","meta":{"_monsterinsights_skip_tracking":false,"_monsterinsights_sitenote_active":false,"_monsterinsights_sitenote_note":"","_monsterinsights_sitenote_category":0,"footnotes":""},"categories":[51,49],"tags":[],"class_list":["post-424230","post","type-post","status-publish","format-standard","has-post-thumbnail","hentry","category-evidenza-top","category-news-18","category-51","category-49","description-off"],"img_url":"https:\/\/www.radiopiu.net\/wordpress\/wp-content\/uploads\/2024\/12\/668996fc-cc19-4dc5-a900-2f6c19900981.jpg","_links":{"self":[{"href":"https:\/\/www.radiopiu.net\/wordpress\/wp-json\/wp\/v2\/posts\/424230","targetHints":{"allow":["GET"]}}],"collection":[{"href":"https:\/\/www.radiopiu.net\/wordpress\/wp-json\/wp\/v2\/posts"}],"about":[{"href":"https:\/\/www.radiopiu.net\/wordpress\/wp-json\/wp\/v2\/types\/post"}],"author":[{"embeddable":true,"href":"https:\/\/www.radiopiu.net\/wordpress\/wp-json\/wp\/v2\/users\/4"}],"replies":[{"embeddable":true,"href":"https:\/\/www.radiopiu.net\/wordpress\/wp-json\/wp\/v2\/comments?post=424230"}],"version-history":[{"count":2,"href":"https:\/\/www.radiopiu.net\/wordpress\/wp-json\/wp\/v2\/posts\/424230\/revisions"}],"predecessor-version":[{"id":424256,"href":"https:\/\/www.radiopiu.net\/wordpress\/wp-json\/wp\/v2\/posts\/424230\/revisions\/424256"}],"wp:featuredmedia":[{"embeddable":true,"href":"https:\/\/www.radiopiu.net\/wordpress\/wp-json\/wp\/v2\/media\/424232"}],"wp:attachment":[{"href":"https:\/\/www.radiopiu.net\/wordpress\/wp-json\/wp\/v2\/media?parent=424230"}],"wp:term":[{"taxonomy":"category","embeddable":true,"href":"https:\/\/www.radiopiu.net\/wordpress\/wp-json\/wp\/v2\/categories?post=424230"},{"taxonomy":"post_tag","embeddable":true,"href":"https:\/\/www.radiopiu.net\/wordpress\/wp-json\/wp\/v2\/tags?post=424230"}],"curies":[{"name":"wp","href":"https:\/\/api.w.org\/{rel}","templated":true}]}}