{"id":424262,"date":"2024-12-11T05:34:41","date_gmt":"2024-12-11T04:34:41","guid":{"rendered":"https:\/\/www.radiopiu.net\/wordpress\/?p=424262"},"modified":"2024-12-11T05:47:37","modified_gmt":"2024-12-11T04:47:37","slug":"424262-2","status":"publish","type":"post","link":"https:\/\/www.radiopiu.net\/wordpress\/424262-2\/","title":{"rendered":"Cronaca giudiziaria: i principali casi in corso"},"content":{"rendered":"<p>&nbsp;<\/p>\n<p><span style=\"color: #ff0000;\"><strong>LA GIUDIZIARIA OGGI<\/strong><\/span><br \/>\n<span style=\"color: #ff0000;\"><strong>SINTESI, CORRIERE ALPI<\/strong><\/span><br \/>\n<span style=\"color: #ff0000;\"><strong>ARTICOLI, GIGI SOSSO<\/strong><\/span><\/p>\n<blockquote><p>&nbsp;<\/p><\/blockquote>\n<p>Tra i casi di rilievo, la condanna per truffa sui camper che ha coinvolto 52 vittime, il furto di un\u2019Alfa Romeo a Longarone con tre giovani accusati, e un incidente stradale che ha ferito il parroco di Canale. In corso anche processi per insolvenza fraudolenta e rifiuto d\u2019identificazione.<\/p>\n<p>&nbsp;<\/p>\n<blockquote><p><strong><a href=\"https:\/\/www.radiopiu.net\/wordpress\/wp-content\/uploads\/2024\/12\/1a99b001-efda-4196-a676-bc81af1cd3e5.webp\"><img loading=\"lazy\" decoding=\"async\" class=\"wp-image-424248 alignleft\" src=\"https:\/\/www.radiopiu.net\/wordpress\/wp-content\/uploads\/2024\/12\/1a99b001-efda-4196-a676-bc81af1cd3e5-300x300.webp\" alt=\"\" width=\"126\" height=\"126\" srcset=\"https:\/\/www.radiopiu.net\/wordpress\/wp-content\/uploads\/2024\/12\/1a99b001-efda-4196-a676-bc81af1cd3e5-300x300.webp 300w, https:\/\/www.radiopiu.net\/wordpress\/wp-content\/uploads\/2024\/12\/1a99b001-efda-4196-a676-bc81af1cd3e5-150x150.webp 150w, https:\/\/www.radiopiu.net\/wordpress\/wp-content\/uploads\/2024\/12\/1a99b001-efda-4196-a676-bc81af1cd3e5-768x768.webp 768w, https:\/\/www.radiopiu.net\/wordpress\/wp-content\/uploads\/2024\/12\/1a99b001-efda-4196-a676-bc81af1cd3e5.webp 1024w\" sizes=\"auto, (max-width: 126px) 100vw, 126px\" \/><\/a>Truffa sui camper: condannato l\u2019ex collaboratore di Sgarbi<\/strong><\/p><\/blockquote>\n<p>ex collaboratore di Vittorio Sgarbi, ha patteggiato sei mesi di reclusione e 800 euro di multa per una truffa sui camper estivi, in continuazione con una condanna precedente. Ventidue camperisti bellunesi sono stati raggirati, attirati da falsi annunci online. Le indagini, avviate da diverse denunce, hanno rivelato un sistema di bonifici per veicoli inesistenti. Complessivamente,\u00a0 ha truffato 52 vittime per circa 40mila euro.<\/p>\n<p>&nbsp;<\/p>\n<blockquote><p><strong><a href=\"https:\/\/www.radiopiu.net\/wordpress\/wp-content\/uploads\/2024\/12\/03d535da-209c-4bdf-b7db-79ad75720a55.webp\"><img loading=\"lazy\" decoding=\"async\" class=\"wp-image-424253 alignleft\" src=\"https:\/\/www.radiopiu.net\/wordpress\/wp-content\/uploads\/2024\/12\/03d535da-209c-4bdf-b7db-79ad75720a55-300x300.webp\" alt=\"\" width=\"142\" height=\"142\" srcset=\"https:\/\/www.radiopiu.net\/wordpress\/wp-content\/uploads\/2024\/12\/03d535da-209c-4bdf-b7db-79ad75720a55-300x300.webp 300w, https:\/\/www.radiopiu.net\/wordpress\/wp-content\/uploads\/2024\/12\/03d535da-209c-4bdf-b7db-79ad75720a55-150x150.webp 150w, https:\/\/www.radiopiu.net\/wordpress\/wp-content\/uploads\/2024\/12\/03d535da-209c-4bdf-b7db-79ad75720a55-768x768.webp 768w, https:\/\/www.radiopiu.net\/wordpress\/wp-content\/uploads\/2024\/12\/03d535da-209c-4bdf-b7db-79ad75720a55.webp 1024w\" sizes=\"auto, (max-width: 142px) 100vw, 142px\" \/><\/a>Rifiuto di identificarsi: non luogo a procedere per un reato lieve<\/strong><\/p><\/blockquote>\n<p><strong>FELTRE<\/strong> \u2013 Conosciuto ai carabinieri,\u00a0 si era rifiutato di declinare le generalit\u00e0 durante un controllo, finendo in tribunale. Il giudice ha disposto il non luogo a procedere per la tenuit\u00e0 del fatto. Ospite in una comunit\u00e0 terapeutica,\u00a0 cerca di ricostruire una vita dignitosa.<\/p>\n<p>&nbsp;<\/p>\n<blockquote><p><strong><a href=\"https:\/\/www.radiopiu.net\/wordpress\/wp-content\/uploads\/2024\/12\/d2838451-a92d-4e82-ae0d-ef4170139ee9.webp\"><img loading=\"lazy\" decoding=\"async\" class=\"wp-image-424254 alignleft\" src=\"https:\/\/www.radiopiu.net\/wordpress\/wp-content\/uploads\/2024\/12\/d2838451-a92d-4e82-ae0d-ef4170139ee9-300x300.webp\" alt=\"\" width=\"152\" height=\"152\" srcset=\"https:\/\/www.radiopiu.net\/wordpress\/wp-content\/uploads\/2024\/12\/d2838451-a92d-4e82-ae0d-ef4170139ee9-300x300.webp 300w, https:\/\/www.radiopiu.net\/wordpress\/wp-content\/uploads\/2024\/12\/d2838451-a92d-4e82-ae0d-ef4170139ee9-150x150.webp 150w, https:\/\/www.radiopiu.net\/wordpress\/wp-content\/uploads\/2024\/12\/d2838451-a92d-4e82-ae0d-ef4170139ee9-768x768.webp 768w, https:\/\/www.radiopiu.net\/wordpress\/wp-content\/uploads\/2024\/12\/d2838451-a92d-4e82-ae0d-ef4170139ee9.webp 1024w\" sizes=\"auto, (max-width: 152px) 100vw, 152px\" \/><\/a>Furto d\u2019auto: tre giovani a processo per l\u2019Alfa Romeo sparita<\/strong><\/p><\/blockquote>\n<p><strong>LONGARONE<\/strong> Un&#8217;Alfa Romeo sottratta da un rivenditore a Longarone porta sul banco degli imputati tre giovani di Vittorio Veneto. Le indagini, con l\u2019aiuto del Ris di Parma, hanno individuato i tre accusati di furto aggravato. Il processo \u00e8 in fase preliminare.<\/p>\n<p>&nbsp;<\/p>\n<p><strong><a href=\"https:\/\/www.radiopiu.net\/wordpress\/wp-content\/uploads\/2024\/12\/ec3a2a10-e123-4552-aabb-7fe5d69df486.webp\"><img loading=\"lazy\" decoding=\"async\" class=\"wp-image-424257 alignleft\" src=\"https:\/\/www.radiopiu.net\/wordpress\/wp-content\/uploads\/2024\/12\/ec3a2a10-e123-4552-aabb-7fe5d69df486-300x300.webp\" alt=\"\" width=\"176\" height=\"176\" srcset=\"https:\/\/www.radiopiu.net\/wordpress\/wp-content\/uploads\/2024\/12\/ec3a2a10-e123-4552-aabb-7fe5d69df486-300x300.webp 300w, https:\/\/www.radiopiu.net\/wordpress\/wp-content\/uploads\/2024\/12\/ec3a2a10-e123-4552-aabb-7fe5d69df486-150x150.webp 150w, https:\/\/www.radiopiu.net\/wordpress\/wp-content\/uploads\/2024\/12\/ec3a2a10-e123-4552-aabb-7fe5d69df486-768x768.webp 768w, https:\/\/www.radiopiu.net\/wordpress\/wp-content\/uploads\/2024\/12\/ec3a2a10-e123-4552-aabb-7fe5d69df486.webp 1024w\" sizes=\"auto, (max-width: 176px) 100vw, 176px\" \/><\/a>Incidente stradale: lesioni al parroco di Canale, processo in corso<\/strong><\/p>\n<p><strong>CANALE D\u2019AGORDO<\/strong> \u2013\u00a0 \u00e8 a processo per lesioni stradali aggravate al parroco Don Vito De Vido, rimasto gravemente ferito in un incidente del 14 maggio di due anni fa. L\u2019assicurazione ha risarcito i danni, ma il procedimento penale \u00e8 in corso.<\/p>\n<p>&nbsp;<\/p>\n<p>&nbsp;<\/p>\n<blockquote><p><strong><a href=\"https:\/\/www.radiopiu.net\/wordpress\/wp-content\/uploads\/2024\/12\/bcecd0d8-86a5-42f6-b0c6-2321c0687e7a.webp\"><img loading=\"lazy\" decoding=\"async\" class=\"wp-image-424261 alignleft\" src=\"https:\/\/www.radiopiu.net\/wordpress\/wp-content\/uploads\/2024\/12\/bcecd0d8-86a5-42f6-b0c6-2321c0687e7a-300x300.webp\" alt=\"\" width=\"140\" height=\"140\" srcset=\"https:\/\/www.radiopiu.net\/wordpress\/wp-content\/uploads\/2024\/12\/bcecd0d8-86a5-42f6-b0c6-2321c0687e7a-300x300.webp 300w, https:\/\/www.radiopiu.net\/wordpress\/wp-content\/uploads\/2024\/12\/bcecd0d8-86a5-42f6-b0c6-2321c0687e7a-150x150.webp 150w, https:\/\/www.radiopiu.net\/wordpress\/wp-content\/uploads\/2024\/12\/bcecd0d8-86a5-42f6-b0c6-2321c0687e7a-768x768.webp 768w, https:\/\/www.radiopiu.net\/wordpress\/wp-content\/uploads\/2024\/12\/bcecd0d8-86a5-42f6-b0c6-2321c0687e7a.webp 1024w\" sizes=\"auto, (max-width: 140px) 100vw, 140px\" \/><\/a>Non paga il conto da 4mila euro: a processo per insolvenza fraudolenta<\/strong><\/p><\/blockquote>\n<p><strong>CORTINA<\/strong>\u00a0 \u00e8 accusato di insolvenza fraudolenta per un conto di 4mila euro non saldato in un ristorante di Zuel di Sopra. La Procura chiede il processo, mentre il difensore dell\u2019imputato prepara la strategia. L&#8217;udienza pre-dibattimentale \u00e8 stata rinviata.<\/p>\n<p>&nbsp;<\/p>\n","protected":false},"excerpt":{"rendered":"<p>&nbsp; LA GIUDIZIARIA OGGI SINTESI, CORRIERE ALPI ARTICOLI, GIGI SOSSO &nbsp; Tra i casi di rilievo, la condanna per truffa sui camper che ha coinvolto 52 vittime, il furto di un\u2019Alfa Romeo a Longarone con tre giovani accusati, e un incidente stradale che ha ferito il parroco di Canale. In corso anche processi per insolvenza&hellip;<\/p>\n","protected":false},"author":4,"featured_media":424263,"comment_status":"closed","ping_status":"closed","sticky":false,"template":"","format":"standard","meta":{"_monsterinsights_skip_tracking":false,"_monsterinsights_sitenote_active":false,"_monsterinsights_sitenote_note":"","_monsterinsights_sitenote_category":0,"footnotes":""},"categories":[51,49],"tags":[],"class_list":["post-424262","post","type-post","status-publish","format-standard","has-post-thumbnail","hentry","category-evidenza-top","category-news-18","category-51","category-49","description-off"],"img_url":"https:\/\/www.radiopiu.net\/wordpress\/wp-content\/uploads\/2024\/12\/1a758b6b-126f-4594-9616-b66d8f354746.webp","_links":{"self":[{"href":"https:\/\/www.radiopiu.net\/wordpress\/wp-json\/wp\/v2\/posts\/424262","targetHints":{"allow":["GET"]}}],"collection":[{"href":"https:\/\/www.radiopiu.net\/wordpress\/wp-json\/wp\/v2\/posts"}],"about":[{"href":"https:\/\/www.radiopiu.net\/wordpress\/wp-json\/wp\/v2\/types\/post"}],"author":[{"embeddable":true,"href":"https:\/\/www.radiopiu.net\/wordpress\/wp-json\/wp\/v2\/users\/4"}],"replies":[{"embeddable":true,"href":"https:\/\/www.radiopiu.net\/wordpress\/wp-json\/wp\/v2\/comments?post=424262"}],"version-history":[{"count":2,"href":"https:\/\/www.radiopiu.net\/wordpress\/wp-json\/wp\/v2\/posts\/424262\/revisions"}],"predecessor-version":[{"id":424265,"href":"https:\/\/www.radiopiu.net\/wordpress\/wp-json\/wp\/v2\/posts\/424262\/revisions\/424265"}],"wp:featuredmedia":[{"embeddable":true,"href":"https:\/\/www.radiopiu.net\/wordpress\/wp-json\/wp\/v2\/media\/424263"}],"wp:attachment":[{"href":"https:\/\/www.radiopiu.net\/wordpress\/wp-json\/wp\/v2\/media?parent=424262"}],"wp:term":[{"taxonomy":"category","embeddable":true,"href":"https:\/\/www.radiopiu.net\/wordpress\/wp-json\/wp\/v2\/categories?post=424262"},{"taxonomy":"post_tag","embeddable":true,"href":"https:\/\/www.radiopiu.net\/wordpress\/wp-json\/wp\/v2\/tags?post=424262"}],"curies":[{"name":"wp","href":"https:\/\/api.w.org\/{rel}","templated":true}]}}