{"id":424411,"date":"2024-12-11T16:53:23","date_gmt":"2024-12-11T15:53:23","guid":{"rendered":"https:\/\/www.radiopiu.net\/wordpress\/?p=424411"},"modified":"2024-12-11T16:53:23","modified_gmt":"2024-12-11T15:53:23","slug":"i-carabinieri-incontrano-gli-studenti-del-primo-anno-della-scuola-secondaria-di-primo-grado-a-sedico-e-sospirolo","status":"publish","type":"post","link":"https:\/\/www.radiopiu.net\/wordpress\/i-carabinieri-incontrano-gli-studenti-del-primo-anno-della-scuola-secondaria-di-primo-grado-a-sedico-e-sospirolo\/","title":{"rendered":"I CARABINIERI INCONTRANO GLI STUDENTI DEL PRIMO ANNO DELLA SCUOLA SECONDARIA DI PRIMO GRADO A SEDICO E SOSPIROLO"},"content":{"rendered":"<p>*******<\/p>\n<p>&nbsp;<\/p>\n<p><strong>SEDICO <\/strong>I carabinieri hanno incontrato i giovani studenti del primo anno della Scuola Secondaria di I grado dell&#8217;Istituto Comprensivo di Sedico\/Sospirolo. L\u2019incontro si \u00e8 svolto alla presenza del Dirigente Scolastico e del referente per il bullismo con l&#8217;obiettivo di sensibilizzare i giovani studenti su tematiche fondamentali legate alla legalit\u00e0, al bullismo e al cyberbullismo. Durante l&#8217;incontro, i Carabinieri hanno discusso con i ragazzi riguardo l&#8217;importanza di rispettare le regole e la legge, per vivere in una comunit\u00e0 sicura e rispettosa. In particolare, \u00e8 stato dedicato un ampio spazio al bullismo, spiegando cos&#8217;\u00e8, come riconoscerlo e come affrontarlo. I ragazzi sono stati invitati a riflettere sulle sue conseguenze negative, sia per la vittima che per chi lo mette in atto, e sull&#8217;importanza di creare un ambiente scolastico basato sul rispetto reciproco e sull&#8217;inclusione. Attenzione particolare \u00e8 stata posta al cyberbullismo, fenomeno sempre pi\u00f9 diffuso, che coinvolge comportamenti aggressivi e persecutori online con gravissime conseguenze per chi lo subisce. I Carabinieri hanno fornito consigli pratici su come proteggersi, come riconoscere segnali di allerta e, soprattutto, come chiedere aiuto quando necessario. L&#8217;incontro ha rappresentato un&#8217;opportunit\u00e0 per sensibilizzare i giovani sull&#8217;importanza di comportamenti rispettosi e responsabili, sia nella vita reale che nel mondo digitale. Tante e interessanti sono state le domande poste dai ragazzi ai Carabinieri ma a catalizzare maggiormente la loro attenzione \u00e8 stata l\u2019auto di servizio, che hanno potuto osservare da vicino per soddisfare le loro curiosit\u00e0.<\/p>\n\n\t\t\t<style type='text\/css'>\n\t\t\t\t#gallery-1 {\n\t\t\t\t\tmargin: auto;\n\t\t\t\t}\n\t\t\t\t#gallery-1 .gallery-item {\n\t\t\t\t\tfloat: left;\n\t\t\t\t\tmargin-top: 10px;\n\t\t\t\t\ttext-align: center;\n\t\t\t\t\twidth: 50%;\n\t\t\t\t}\n\t\t\t\t#gallery-1 img {\n\t\t\t\t\tborder: 2px solid #cfcfcf;\n\t\t\t\t}\n\t\t\t\t#gallery-1 .gallery-caption {\n\t\t\t\t\tmargin-left: 0;\n\t\t\t\t}\n\t\t\t\t\/* see gallery_shortcode() in wp-includes\/media.php *\/\n\t\t\t<\/style>\n\t\t<div id='gallery-1' class='dt-gallery-container gallery galleryid-424411 gallery-columns-2 gallery-size-medium'><dl class='gallery-item'>\n\t\t\t\t<dt class='gallery-icon landscape'>\n\t\t\t\t\t<a class=\"rollover rollover-zoom dt-pswp-item\" title=\"image003\" data-dt-img-description=\"\" data-large_image_width=\"1600\" data-large_image_height=\"1200\"href='https:\/\/www.radiopiu.net\/wordpress\/wp-content\/uploads\/2024\/12\/image003-1.jpg'><img loading=\"lazy\" decoding=\"async\" width=\"300\" height=\"225\" src=\"https:\/\/www.radiopiu.net\/wordpress\/wp-content\/uploads\/2024\/12\/image003-1-300x225.jpg\" class=\"attachment-medium size-medium\" alt=\"\" srcset=\"https:\/\/www.radiopiu.net\/wordpress\/wp-content\/uploads\/2024\/12\/image003-1-300x225.jpg 300w, https:\/\/www.radiopiu.net\/wordpress\/wp-content\/uploads\/2024\/12\/image003-1-1024x768.jpg 1024w, https:\/\/www.radiopiu.net\/wordpress\/wp-content\/uploads\/2024\/12\/image003-1-768x576.jpg 768w, https:\/\/www.radiopiu.net\/wordpress\/wp-content\/uploads\/2024\/12\/image003-1-1536x1152.jpg 1536w, https:\/\/www.radiopiu.net\/wordpress\/wp-content\/uploads\/2024\/12\/image003-1.jpg 1600w\" sizes=\"auto, (max-width: 300px) 100vw, 300px\" \/><\/a>\n\t\t\t\t<\/dt><\/dl><dl class='gallery-item'>\n\t\t\t\t<dt class='gallery-icon landscape'>\n\t\t\t\t\t<a class=\"rollover rollover-zoom dt-pswp-item\" title=\"image004\" data-dt-img-description=\"\" data-large_image_width=\"1600\" data-large_image_height=\"1200\"href='https:\/\/www.radiopiu.net\/wordpress\/wp-content\/uploads\/2024\/12\/image004.jpg'><img loading=\"lazy\" decoding=\"async\" width=\"300\" height=\"225\" src=\"https:\/\/www.radiopiu.net\/wordpress\/wp-content\/uploads\/2024\/12\/image004-300x225.jpg\" class=\"attachment-medium size-medium\" alt=\"\" srcset=\"https:\/\/www.radiopiu.net\/wordpress\/wp-content\/uploads\/2024\/12\/image004-300x225.jpg 300w, https:\/\/www.radiopiu.net\/wordpress\/wp-content\/uploads\/2024\/12\/image004-1024x768.jpg 1024w, https:\/\/www.radiopiu.net\/wordpress\/wp-content\/uploads\/2024\/12\/image004-768x576.jpg 768w, https:\/\/www.radiopiu.net\/wordpress\/wp-content\/uploads\/2024\/12\/image004-1536x1152.jpg 1536w, https:\/\/www.radiopiu.net\/wordpress\/wp-content\/uploads\/2024\/12\/image004.jpg 1600w\" sizes=\"auto, (max-width: 300px) 100vw, 300px\" \/><\/a>\n\t\t\t\t<\/dt><\/dl><br style=\"clear: both\" \/>\n\t\t\t<\/div>\n\n<p>&nbsp;<\/p>\n<p>&nbsp;<\/p>\n<p>&nbsp;<\/p>\n<p>******<\/p>\n","protected":false},"excerpt":{"rendered":"<p>******* &nbsp; SEDICO I carabinieri hanno incontrato i giovani studenti del primo anno della Scuola Secondaria di I grado dell&#8217;Istituto Comprensivo di Sedico\/Sospirolo. L\u2019incontro si \u00e8 svolto alla presenza del Dirigente Scolastico e del referente per il bullismo con l&#8217;obiettivo di sensibilizzare i giovani studenti su tematiche fondamentali legate alla legalit\u00e0, al bullismo e al&hellip;<\/p>\n","protected":false},"author":4,"featured_media":424413,"comment_status":"closed","ping_status":"closed","sticky":false,"template":"","format":"standard","meta":{"_monsterinsights_skip_tracking":false,"_monsterinsights_sitenote_active":false,"_monsterinsights_sitenote_note":"","_monsterinsights_sitenote_category":0,"footnotes":""},"categories":[49],"tags":[],"class_list":["post-424411","post","type-post","status-publish","format-standard","has-post-thumbnail","hentry","category-news-18","category-49","description-off"],"img_url":"https:\/\/www.radiopiu.net\/wordpress\/wp-content\/uploads\/2024\/12\/image004.jpg","_links":{"self":[{"href":"https:\/\/www.radiopiu.net\/wordpress\/wp-json\/wp\/v2\/posts\/424411","targetHints":{"allow":["GET"]}}],"collection":[{"href":"https:\/\/www.radiopiu.net\/wordpress\/wp-json\/wp\/v2\/posts"}],"about":[{"href":"https:\/\/www.radiopiu.net\/wordpress\/wp-json\/wp\/v2\/types\/post"}],"author":[{"embeddable":true,"href":"https:\/\/www.radiopiu.net\/wordpress\/wp-json\/wp\/v2\/users\/4"}],"replies":[{"embeddable":true,"href":"https:\/\/www.radiopiu.net\/wordpress\/wp-json\/wp\/v2\/comments?post=424411"}],"version-history":[{"count":1,"href":"https:\/\/www.radiopiu.net\/wordpress\/wp-json\/wp\/v2\/posts\/424411\/revisions"}],"predecessor-version":[{"id":424414,"href":"https:\/\/www.radiopiu.net\/wordpress\/wp-json\/wp\/v2\/posts\/424411\/revisions\/424414"}],"wp:featuredmedia":[{"embeddable":true,"href":"https:\/\/www.radiopiu.net\/wordpress\/wp-json\/wp\/v2\/media\/424413"}],"wp:attachment":[{"href":"https:\/\/www.radiopiu.net\/wordpress\/wp-json\/wp\/v2\/media?parent=424411"}],"wp:term":[{"taxonomy":"category","embeddable":true,"href":"https:\/\/www.radiopiu.net\/wordpress\/wp-json\/wp\/v2\/categories?post=424411"},{"taxonomy":"post_tag","embeddable":true,"href":"https:\/\/www.radiopiu.net\/wordpress\/wp-json\/wp\/v2\/tags?post=424411"}],"curies":[{"name":"wp","href":"https:\/\/api.w.org\/{rel}","templated":true}]}}