{"id":424457,"date":"2024-12-12T04:58:46","date_gmt":"2024-12-12T03:58:46","guid":{"rendered":"https:\/\/www.radiopiu.net\/wordpress\/?p=424457"},"modified":"2024-12-12T04:58:46","modified_gmt":"2024-12-12T03:58:46","slug":"edim-bosch-cassa-integrazione-da-febbraio","status":"publish","type":"post","link":"https:\/\/www.radiopiu.net\/wordpress\/edim-bosch-cassa-integrazione-da-febbraio\/","title":{"rendered":"EDIM BOSCH: CASSA INTEGRAZIONE DA FEBBRAIO"},"content":{"rendered":"<blockquote>\n<h3>**<\/h3>\n<\/blockquote>\n<p><strong><a class=\"dt-pswp-item\" href=\"https:\/\/www.radiopiu.net\/wordpress\/wp-content\/uploads\/2024\/12\/Senza-nome-62.png\" data-dt-img-description=\"\" data-large_image_width=\"221\" data-large_image_height=\"159\"><img loading=\"lazy\" decoding=\"async\" class=\"size-full wp-image-424456 alignleft\" src=\"https:\/\/www.radiopiu.net\/wordpress\/wp-content\/uploads\/2024\/12\/Senza-nome-62.png\" alt=\"\" width=\"221\" height=\"159\" \/><\/a>VENEZIA<\/strong> Si \u00e8 concluso ieri in tarda serata un incontro tra i vertici di Edim Bosch, sindacati, Rsu, Confindustria e le Regioni Veneto e Lombardia. L&#8217;azienda ha annunciato l&#8217;avvio della cassa integrazione straordinaria da febbraio, rassicurando che gli stabilimenti di Setteville e Villasanta non saranno dismessi. L&#8217;obiettivo \u00e8 il rilancio economico e il mantenimento dei livelli produttivi. Mauro Zuglian della Fim Cisl ha definito l&#8217;accordo un buon punto di partenza, pur evidenziando la necessit\u00e0 di ulteriori confronti nei prossimi mesi. Assemblee per informare i lavoratori sono previste per la prossima settimana. <em>\u201cNella difficile situazione in cui versa la Edim Bosch \u00e8 gi\u00e0 un passo importante essere riusciti ad individuare nella CIGS lo strumento pi\u00f9 idoneo per uscire dalla crisi in atto. Inoltre, ci \u00e8 stata data la <\/em><em>garanzia della salvaguardia dei due siti e dell\u2019occupazione, salvo le uscite incentivate volontarie che saranno stipulate a partire da gennaio. \u00a0Per il momento rimane aperta la discussione sulla <\/em><em>maturazione dei ratei, ma confidiamo che con l\u2019incontro al Ministero saranno chiariti tutti i punti in sospeso come questo.\u201d<\/em> Ha dichiarato Stefano Bona, segretario generale Fiom Belluno<\/p>\n<p>__<\/p>\n<p>&nbsp;<\/p>\n","protected":false},"excerpt":{"rendered":"<p>** VENEZIA Si \u00e8 concluso ieri in tarda serata un incontro tra i vertici di Edim Bosch, sindacati, Rsu, Confindustria e le Regioni Veneto e Lombardia. L&#8217;azienda ha annunciato l&#8217;avvio della cassa integrazione straordinaria da febbraio, rassicurando che gli stabilimenti di Setteville e Villasanta non saranno dismessi. L&#8217;obiettivo \u00e8 il rilancio economico e il mantenimento&hellip;<\/p>\n","protected":false},"author":4,"featured_media":424456,"comment_status":"closed","ping_status":"closed","sticky":false,"template":"","format":"standard","meta":{"_monsterinsights_skip_tracking":false,"_monsterinsights_sitenote_active":false,"_monsterinsights_sitenote_note":"","_monsterinsights_sitenote_category":0,"footnotes":""},"categories":[51,49],"tags":[],"class_list":["post-424457","post","type-post","status-publish","format-standard","has-post-thumbnail","hentry","category-evidenza-top","category-news-18","category-51","category-49","description-off"],"img_url":"https:\/\/www.radiopiu.net\/wordpress\/wp-content\/uploads\/2024\/12\/Senza-nome-62.png","_links":{"self":[{"href":"https:\/\/www.radiopiu.net\/wordpress\/wp-json\/wp\/v2\/posts\/424457","targetHints":{"allow":["GET"]}}],"collection":[{"href":"https:\/\/www.radiopiu.net\/wordpress\/wp-json\/wp\/v2\/posts"}],"about":[{"href":"https:\/\/www.radiopiu.net\/wordpress\/wp-json\/wp\/v2\/types\/post"}],"author":[{"embeddable":true,"href":"https:\/\/www.radiopiu.net\/wordpress\/wp-json\/wp\/v2\/users\/4"}],"replies":[{"embeddable":true,"href":"https:\/\/www.radiopiu.net\/wordpress\/wp-json\/wp\/v2\/comments?post=424457"}],"version-history":[{"count":1,"href":"https:\/\/www.radiopiu.net\/wordpress\/wp-json\/wp\/v2\/posts\/424457\/revisions"}],"predecessor-version":[{"id":424458,"href":"https:\/\/www.radiopiu.net\/wordpress\/wp-json\/wp\/v2\/posts\/424457\/revisions\/424458"}],"wp:featuredmedia":[{"embeddable":true,"href":"https:\/\/www.radiopiu.net\/wordpress\/wp-json\/wp\/v2\/media\/424456"}],"wp:attachment":[{"href":"https:\/\/www.radiopiu.net\/wordpress\/wp-json\/wp\/v2\/media?parent=424457"}],"wp:term":[{"taxonomy":"category","embeddable":true,"href":"https:\/\/www.radiopiu.net\/wordpress\/wp-json\/wp\/v2\/categories?post=424457"},{"taxonomy":"post_tag","embeddable":true,"href":"https:\/\/www.radiopiu.net\/wordpress\/wp-json\/wp\/v2\/tags?post=424457"}],"curies":[{"name":"wp","href":"https:\/\/api.w.org\/{rel}","templated":true}]}}