{"id":424460,"date":"2024-12-12T14:00:58","date_gmt":"2024-12-12T13:00:58","guid":{"rendered":"https:\/\/www.radiopiu.net\/wordpress\/?p=424460"},"modified":"2024-12-12T14:07:37","modified_gmt":"2024-12-12T13:07:37","slug":"424460-2","status":"publish","type":"post","link":"https:\/\/www.radiopiu.net\/wordpress\/424460-2\/","title":{"rendered":"ROBERTO DELLA ROCCA NUOVO QUESTORE A BELLUNO"},"content":{"rendered":"<p>***<\/p>\n<p><strong><a class=\"dt-pswp-item\" href=\"https:\/\/www.radiopiu.net\/wordpress\/wp-content\/uploads\/2024\/12\/Senza-nome-63.png\" data-dt-img-description=\"\" data-large_image_width=\"134\" data-large_image_height=\"146\"><img loading=\"lazy\" decoding=\"async\" class=\"size-full wp-image-424459 alignleft\" src=\"https:\/\/www.radiopiu.net\/wordpress\/wp-content\/uploads\/2024\/12\/Senza-nome-63.png\" alt=\"\" width=\"134\" height=\"146\" \/><\/a>DA RADIO PIU&#8217;&#8230;<\/strong> Buon lavoro al dirigente superiore della Polizia di Stato, Roberto Della Rocca, padovano e dal 1996 Commissario della Polizia di Stato, gi\u00e0 volto noto in Questura di Belluno. Buon lavoro, perch\u00e9 a breve torner\u00e0 a Belluno in veste di Questore. In servizio presso la Questura bellunese, gi\u00e0 dalla prossima settimana.<\/p>\n<p>Dopo circa vent\u2019anni, Roberto Della Rocca torna nel Bellunese come Questore, succedendo a Francesco Zerilli, destinato alla Questura di Vicenza. La cerimonia del cambio avverr\u00e0 luned\u00ec. \u00a0Silvia Cestaro, consigliera regionale della Lega \u2013 Liga Veneta, ha espresso soddisfazione per il ritorno di Della Rocca, gi\u00e0 noto e apprezzato come Capo della Squadra Mobile di Belluno. La consigliera ha ringraziato Francesco Zerilli, Questore uscente destinato a Vicenza, per il lavoro svolto, e ha sottolineato la carriera prestigiosa di Della Rocca, con esperienze significative come la gestione del G20 Economia del 2021.<em> &#8220;Il nuovo incarico &#8211; dice &#8211; \u00e8 cruciale per la preparazione del grande evento olimpico che porter\u00e0 sviluppo e prestigio alle Dolomiti&#8221;.<\/em><\/p>\n<p>Della Rocca, entrato in Polizia nel 1996 come Commissario, ha gi\u00e0 lavorato a Belluno presso la DIGOS e come capo della Squadra Mobile. Ha ricoperto ruoli analoghi anche a Treviso e Verona. Nel 2015 \u00e8 stato nominato Primo Dirigente e trasferito a Padova, per poi approdare nel 2017 a Venezia come Capo di Gabinetto.Con una carriera segnata dalla gestione di eventi internazionali, tra cui il G20 Economia nel 2021, il nuovo incarico arriva in vista delle Olimpiadi di Cortina 2026.<\/p>\n","protected":false},"excerpt":{"rendered":"<p>*** DA RADIO PIU&#8217;&#8230; Buon lavoro al dirigente superiore della Polizia di Stato, Roberto Della Rocca, padovano e dal 1996 Commissario della Polizia di Stato, gi\u00e0 volto noto in Questura di Belluno. Buon lavoro, perch\u00e9 a breve torner\u00e0 a Belluno in veste di Questore. In servizio presso la Questura bellunese, gi\u00e0 dalla prossima settimana. Dopo&hellip;<\/p>\n","protected":false},"author":4,"featured_media":424459,"comment_status":"closed","ping_status":"closed","sticky":false,"template":"","format":"standard","meta":{"_monsterinsights_skip_tracking":false,"_monsterinsights_sitenote_active":false,"_monsterinsights_sitenote_note":"","_monsterinsights_sitenote_category":0,"footnotes":""},"categories":[104,49],"tags":[],"class_list":["post-424460","post","type-post","status-publish","format-standard","has-post-thumbnail","hentry","category-evidenza_3","category-news-18","category-104","category-49","description-off"],"img_url":"https:\/\/www.radiopiu.net\/wordpress\/wp-content\/uploads\/2024\/12\/Senza-nome-63.png","_links":{"self":[{"href":"https:\/\/www.radiopiu.net\/wordpress\/wp-json\/wp\/v2\/posts\/424460","targetHints":{"allow":["GET"]}}],"collection":[{"href":"https:\/\/www.radiopiu.net\/wordpress\/wp-json\/wp\/v2\/posts"}],"about":[{"href":"https:\/\/www.radiopiu.net\/wordpress\/wp-json\/wp\/v2\/types\/post"}],"author":[{"embeddable":true,"href":"https:\/\/www.radiopiu.net\/wordpress\/wp-json\/wp\/v2\/users\/4"}],"replies":[{"embeddable":true,"href":"https:\/\/www.radiopiu.net\/wordpress\/wp-json\/wp\/v2\/comments?post=424460"}],"version-history":[{"count":5,"href":"https:\/\/www.radiopiu.net\/wordpress\/wp-json\/wp\/v2\/posts\/424460\/revisions"}],"predecessor-version":[{"id":424528,"href":"https:\/\/www.radiopiu.net\/wordpress\/wp-json\/wp\/v2\/posts\/424460\/revisions\/424528"}],"wp:featuredmedia":[{"embeddable":true,"href":"https:\/\/www.radiopiu.net\/wordpress\/wp-json\/wp\/v2\/media\/424459"}],"wp:attachment":[{"href":"https:\/\/www.radiopiu.net\/wordpress\/wp-json\/wp\/v2\/media?parent=424460"}],"wp:term":[{"taxonomy":"category","embeddable":true,"href":"https:\/\/www.radiopiu.net\/wordpress\/wp-json\/wp\/v2\/categories?post=424460"},{"taxonomy":"post_tag","embeddable":true,"href":"https:\/\/www.radiopiu.net\/wordpress\/wp-json\/wp\/v2\/tags?post=424460"}],"curies":[{"name":"wp","href":"https:\/\/api.w.org\/{rel}","templated":true}]}}