{"id":424557,"date":"2024-12-13T05:30:00","date_gmt":"2024-12-13T04:30:00","guid":{"rendered":"https:\/\/www.radiopiu.net\/wordpress\/?p=424557"},"modified":"2024-12-13T05:43:16","modified_gmt":"2024-12-13T04:43:16","slug":"dolomiti-superski-50-anni-di-successi-e-futuro-da-costruire","status":"publish","type":"post","link":"https:\/\/www.radiopiu.net\/wordpress\/dolomiti-superski-50-anni-di-successi-e-futuro-da-costruire\/","title":{"rendered":"Dolomiti Superski: 50 anni di successi e futuro da costruire"},"content":{"rendered":"<p>***<\/p>\n<p><strong>ALLEGHE<\/strong><\/p>\n<p>Sabato 14 dicembre, lo Stadio del Ghiaccio di Alleghe ospiter\u00e0 la cerimonia per il 50\u00b0 anniversario di Dolomiti Superski. L\u2019evento celebra mezzo secolo di crescita del pi\u00f9 grande comprensorio sciistico al mondo. La giornata, arricchita da dibattiti sull\u2019economia montana e sul progetto di collegamento Ski Civetta-Cortina Skiworld, vedr\u00e0 la partecipazione di esperti, autorit\u00e0 e amministratori locali. Il presidente Andy Varallo premier\u00e0 personalit\u00e0 che hanno contribuito al successo del comprensorio. Tematiche come sostenibilit\u00e0, sviluppo turistico e prospettive olimpiche saranno al centro del confronto, ponendo le basi per il futuro della montagna veneta. Un appuntamento imperdibile per celebrare la storia e progettare il domani.<\/p>\n<p><span style=\"color: #ff0000;\"><strong>DALLE 10.00 DI SABATO DIRETTA SUI CANALI SOCIAL DI RADIOPIU<\/strong><\/span><\/p>\n<p>FOTO Newspower.it.<\/p>\n\n\t\t\t<style type='text\/css'>\n\t\t\t\t#gallery-1 {\n\t\t\t\t\tmargin: auto;\n\t\t\t\t}\n\t\t\t\t#gallery-1 .gallery-item {\n\t\t\t\t\tfloat: left;\n\t\t\t\t\tmargin-top: 10px;\n\t\t\t\t\ttext-align: center;\n\t\t\t\t\twidth: 25%;\n\t\t\t\t}\n\t\t\t\t#gallery-1 img {\n\t\t\t\t\tborder: 2px solid #cfcfcf;\n\t\t\t\t}\n\t\t\t\t#gallery-1 .gallery-caption {\n\t\t\t\t\tmargin-left: 0;\n\t\t\t\t}\n\t\t\t\t\/* see gallery_shortcode() in wp-includes\/media.php *\/\n\t\t\t<\/style>\n\t\t<div id='gallery-1' class='dt-gallery-container gallery galleryid-424557 gallery-columns-4 gallery-size-thumbnail'><dl class='gallery-item'>\n\t\t\t\t<dt class='gallery-icon landscape'>\n\t\t\t\t\t<a class=\"rollover\" href='https:\/\/www.radiopiu.net\/wordpress\/dolomiti-superski-50-anni-di-successi-e-futuro-da-costruire\/primo-cartello-sul-ponte-zunaia-dove-sorgera-la-partenza-della-seggiovia-alleghe-coi-1979\/'><img loading=\"lazy\" decoding=\"async\" width=\"150\" height=\"150\" src=\"https:\/\/www.radiopiu.net\/wordpress\/wp-content\/uploads\/2024\/12\/Primo-cartello-sul-ponte-Zunaia-dove-sorgera-la-partenza-della-Seggiovia-Alleghe-Coi-1979--150x150.jpg\" class=\"attachment-thumbnail size-thumbnail\" alt=\"\" aria-describedby=\"gallery-1-424562\" \/><\/a>\n\t\t\t\t<\/dt>\n\t\t\t\t\t<dd class='wp-caption-text gallery-caption' id='gallery-1-424562'>\n\t\t\t\t\tPrimo cartello sul ponte Zunaia dove sorger\u00e0 la partenza della Seggiovia Alleghe-Coi (1979)\n\t\t\t\t\t<\/dd><\/dl><dl class='gallery-item'>\n\t\t\t\t<dt class='gallery-icon landscape'>\n\t\t\t\t\t<a class=\"rollover\" href='https:\/\/www.radiopiu.net\/wordpress\/dolomiti-superski-50-anni-di-successi-e-futuro-da-costruire\/silvia-panciera-2\/'><img loading=\"lazy\" decoding=\"async\" width=\"150\" height=\"150\" src=\"https:\/\/www.radiopiu.net\/wordpress\/wp-content\/uploads\/2024\/12\/Silvia-Panciera-1-150x150.jpg\" class=\"attachment-thumbnail size-thumbnail\" alt=\"\" aria-describedby=\"gallery-1-424561\" \/><\/a>\n\t\t\t\t<\/dt>\n\t\t\t\t\t<dd class='wp-caption-text gallery-caption' id='gallery-1-424561'>\n\t\t\t\t\tSilvia Panciera\n\t\t\t\t\t<\/dd><\/dl><dl class='gallery-item'>\n\t\t\t\t<dt class='gallery-icon landscape'>\n\t\t\t\t\t<a class=\"rollover\" href='https:\/\/www.radiopiu.net\/wordpress\/dolomiti-superski-50-anni-di-successi-e-futuro-da-costruire\/seggiovia-piani-di-pezze-col-dei-baldi-1988\/'><img loading=\"lazy\" decoding=\"async\" width=\"150\" height=\"150\" src=\"https:\/\/www.radiopiu.net\/wordpress\/wp-content\/uploads\/2024\/12\/seggiovia-Piani-di-Pezze-\u2013-Col-dei-Baldi-1988--150x150.jpg\" class=\"attachment-thumbnail size-thumbnail\" alt=\"\" aria-describedby=\"gallery-1-424558\" \/><\/a>\n\t\t\t\t<\/dt>\n\t\t\t\t\t<dd class='wp-caption-text gallery-caption' id='gallery-1-424558'>\n\t\t\t\t\tseggiovia Piani di Pezz\u00e8 \u2013 Col dei Baldi (1988)\n\t\t\t\t\t<\/dd><\/dl><dl class='gallery-item'>\n\t\t\t\t<dt class='gallery-icon landscape'>\n\t\t\t\t\t<a class=\"rollover\" href='https:\/\/www.radiopiu.net\/wordpress\/dolomiti-superski-50-anni-di-successi-e-futuro-da-costruire\/stazione-di-partenza-della-cabinovia-alleghe-piani-di-pezze\/'><img loading=\"lazy\" decoding=\"async\" width=\"150\" height=\"150\" src=\"https:\/\/www.radiopiu.net\/wordpress\/wp-content\/uploads\/2024\/12\/Stazione-di-partenza-della-cabinovia-Alleghe-\u2013-Piani-di-Pezze--150x150.jpg\" class=\"attachment-thumbnail size-thumbnail\" alt=\"\" aria-describedby=\"gallery-1-424565\" \/><\/a>\n\t\t\t\t<\/dt>\n\t\t\t\t\t<dd class='wp-caption-text gallery-caption' id='gallery-1-424565'>\n\t\t\t\t\tStazione di partenza della cabinovia Alleghe \u2013 Piani di Pezz\u00e8\n\t\t\t\t\t<\/dd><\/dl><br style=\"clear: both\" \/><dl class='gallery-item'>\n\t\t\t\t<dt class='gallery-icon landscape'>\n\t\t\t\t\t<a class=\"rollover\" href='https:\/\/www.radiopiu.net\/wordpress\/dolomiti-superski-50-anni-di-successi-e-futuro-da-costruire\/primo-innevamento-sulla-pista-lander-1990\/'><img loading=\"lazy\" decoding=\"async\" width=\"150\" height=\"150\" src=\"https:\/\/www.radiopiu.net\/wordpress\/wp-content\/uploads\/2024\/12\/Primo-innevamento-sulla-pista-Lander-1990--150x150.jpg\" class=\"attachment-thumbnail size-thumbnail\" alt=\"\" aria-describedby=\"gallery-1-424563\" \/><\/a>\n\t\t\t\t<\/dt>\n\t\t\t\t\t<dd class='wp-caption-text gallery-caption' id='gallery-1-424563'>\n\t\t\t\t\tPrimo innevamento sulla pista Lander (1990)\n\t\t\t\t\t<\/dd><\/dl><dl class='gallery-item'>\n\t\t\t\t<dt class='gallery-icon landscape'>\n\t\t\t\t\t<a class=\"rollover\" href='https:\/\/www.radiopiu.net\/wordpress\/dolomiti-superski-50-anni-di-successi-e-futuro-da-costruire\/stazione-di-arrivo-seggiovia-piani-di-pezze-col-dei-baldi-1988\/'><img loading=\"lazy\" decoding=\"async\" width=\"150\" height=\"150\" src=\"https:\/\/www.radiopiu.net\/wordpress\/wp-content\/uploads\/2024\/12\/Stazione-di-arrivo-seggiovia-Piani-di-Pezze-\u2013-Col-dei-Baldi-1988--150x150.jpg\" class=\"attachment-thumbnail size-thumbnail\" alt=\"\" aria-describedby=\"gallery-1-424564\" \/><\/a>\n\t\t\t\t<\/dt>\n\t\t\t\t\t<dd class='wp-caption-text gallery-caption' id='gallery-1-424564'>\n\t\t\t\t\tStazione di arrivo seggiovia Piani di Pezz\u00e8 \u2013 Col dei Baldi (1988)\n\t\t\t\t\t<\/dd><\/dl><dl class='gallery-item'>\n\t\t\t\t<dt class='gallery-icon landscape'>\n\t\t\t\t\t<a class=\"rollover\" href='https:\/\/www.radiopiu.net\/wordpress\/dolomiti-superski-50-anni-di-successi-e-futuro-da-costruire\/rifugio-pian-del-crep-anni-70-2\/'><img loading=\"lazy\" decoding=\"async\" width=\"150\" height=\"150\" src=\"https:\/\/www.radiopiu.net\/wordpress\/wp-content\/uploads\/2024\/12\/Rifugio-Pian-del-Crep-anni-70-1-150x150.jpg\" class=\"attachment-thumbnail size-thumbnail\" alt=\"\" aria-describedby=\"gallery-1-424560\" \/><\/a>\n\t\t\t\t<\/dt>\n\t\t\t\t\t<dd class='wp-caption-text gallery-caption' id='gallery-1-424560'>\n\t\t\t\t\tRifugio Pian del Crep anni 70\n\t\t\t\t\t<\/dd><\/dl><dl class='gallery-item'>\n\t\t\t\t<dt class='gallery-icon landscape'>\n\t\t\t\t\t<a class=\"rollover\" href='https:\/\/www.radiopiu.net\/wordpress\/dolomiti-superski-50-anni-di-successi-e-futuro-da-costruire\/partenza-coppa-del-mondo-2\/'><img loading=\"lazy\" decoding=\"async\" width=\"150\" height=\"150\" src=\"https:\/\/www.radiopiu.net\/wordpress\/wp-content\/uploads\/2024\/12\/Partenza-Coppa-del-Mondo--150x150.jpg\" class=\"attachment-thumbnail size-thumbnail\" alt=\"\" aria-describedby=\"gallery-1-424559\" \/><\/a>\n\t\t\t\t<\/dt>\n\t\t\t\t\t<dd class='wp-caption-text gallery-caption' id='gallery-1-424559'>\n\t\t\t\t\tPartenza Coppa del Mondo\n\t\t\t\t\t<\/dd><\/dl><br style=\"clear: both\" \/>\n\t\t\t<\/div>\n\n<p>&nbsp;<\/p>\n<hr \/>\n<p>&nbsp;<\/p>\n","protected":false},"excerpt":{"rendered":"<p>*** ALLEGHE Sabato 14 dicembre, lo Stadio del Ghiaccio di Alleghe ospiter\u00e0 la cerimonia per il 50\u00b0 anniversario di Dolomiti Superski. L\u2019evento celebra mezzo secolo di crescita del pi\u00f9 grande comprensorio sciistico al mondo. La giornata, arricchita da dibattiti sull\u2019economia montana e sul progetto di collegamento Ski Civetta-Cortina Skiworld, vedr\u00e0 la partecipazione di esperti, autorit\u00e0&hellip;<\/p>\n","protected":false},"author":4,"featured_media":424562,"comment_status":"closed","ping_status":"closed","sticky":false,"template":"","format":"standard","meta":{"_monsterinsights_skip_tracking":false,"_monsterinsights_sitenote_active":false,"_monsterinsights_sitenote_note":"","_monsterinsights_sitenote_category":0,"footnotes":""},"categories":[51,49],"tags":[],"class_list":["post-424557","post","type-post","status-publish","format-standard","has-post-thumbnail","hentry","category-evidenza-top","category-news-18","category-51","category-49","description-off"],"img_url":"https:\/\/www.radiopiu.net\/wordpress\/wp-content\/uploads\/2024\/12\/Primo-cartello-sul-ponte-Zunaia-dove-sorgera-la-partenza-della-Seggiovia-Alleghe-Coi-1979-.jpg","_links":{"self":[{"href":"https:\/\/www.radiopiu.net\/wordpress\/wp-json\/wp\/v2\/posts\/424557","targetHints":{"allow":["GET"]}}],"collection":[{"href":"https:\/\/www.radiopiu.net\/wordpress\/wp-json\/wp\/v2\/posts"}],"about":[{"href":"https:\/\/www.radiopiu.net\/wordpress\/wp-json\/wp\/v2\/types\/post"}],"author":[{"embeddable":true,"href":"https:\/\/www.radiopiu.net\/wordpress\/wp-json\/wp\/v2\/users\/4"}],"replies":[{"embeddable":true,"href":"https:\/\/www.radiopiu.net\/wordpress\/wp-json\/wp\/v2\/comments?post=424557"}],"version-history":[{"count":1,"href":"https:\/\/www.radiopiu.net\/wordpress\/wp-json\/wp\/v2\/posts\/424557\/revisions"}],"predecessor-version":[{"id":424566,"href":"https:\/\/www.radiopiu.net\/wordpress\/wp-json\/wp\/v2\/posts\/424557\/revisions\/424566"}],"wp:featuredmedia":[{"embeddable":true,"href":"https:\/\/www.radiopiu.net\/wordpress\/wp-json\/wp\/v2\/media\/424562"}],"wp:attachment":[{"href":"https:\/\/www.radiopiu.net\/wordpress\/wp-json\/wp\/v2\/media?parent=424557"}],"wp:term":[{"taxonomy":"category","embeddable":true,"href":"https:\/\/www.radiopiu.net\/wordpress\/wp-json\/wp\/v2\/categories?post=424557"},{"taxonomy":"post_tag","embeddable":true,"href":"https:\/\/www.radiopiu.net\/wordpress\/wp-json\/wp\/v2\/tags?post=424557"}],"curies":[{"name":"wp","href":"https:\/\/api.w.org\/{rel}","templated":true}]}}