{"id":424593,"date":"2024-12-13T05:32:33","date_gmt":"2024-12-13T04:32:33","guid":{"rendered":"https:\/\/www.radiopiu.net\/wordpress\/?p=424593"},"modified":"2024-12-13T05:42:53","modified_gmt":"2024-12-13T04:42:53","slug":"gli-alberi-di-natale-bellunesi-a-roma-arrivano-da-lorenzago-alleghe-e-calalzo","status":"publish","type":"post","link":"https:\/\/www.radiopiu.net\/wordpress\/gli-alberi-di-natale-bellunesi-a-roma-arrivano-da-lorenzago-alleghe-e-calalzo\/","title":{"rendered":"GLI ALBERI DI NATALE BELLUNESI A ROMA. ARRIVANO DA LORENZAGO, ALLEGHE E CALALZO"},"content":{"rendered":"<p>*******<\/p>\n<p>&nbsp;<\/p>\n<p><strong>BELLUNO <\/strong><span class=\"gmail-s1\">Continua la tradizione degli alberi di Natale bellunesi a Roma. Nei giorni scorsi sono stati consegnati e \u201caccesi\u201d gli abeti nei palazzi romani, in un\u2019operazione che ha visto la sinergia tra Provincia e Comuni donanti, con<span class=\"gmail-Apple-converted-space\">\u00a0\u00a0<\/span>l\u2019azione promozionale di Dmo Dolomiti Bellunesi e Coldiretti, e con il supporto logistico della Protezione Civile Ana Alpini che ha curato il trasporto. <\/span><span class=\"gmail-s1\">Gli alberi sono tutti abeti bianchi, provenienti dai boschi bellunesi. In particolare arrivano da Alleghe e Calalzo gli alberi allestiti a Palazzo Chigi e nella sede dipendenti della Presidenza del Consiglio dei Ministri. Calalzo ha portato un abete anche nella sede del Masaf. Invece arriva anche quest&#8217;anno -come accade da diverso tempo &#8211; da Lorenzago di Cadore l\u2019albero di Natale che abbellisce il salone della Segreteria di Stato Vaticana, insieme al presepe ligneo donato dal Comune al segretario di Stato cardinale Pietro Parolin. Proprio il cardinale ha voluto incontrare la delegazione bellunese nella giornata di mercoled\u00ec 11 dicembre, che ha visto la consegna ufficiale anche a Palazzo Chigi, dove sono intervenuti il presidente della Provincia di Belluno Roberto Padrin e il consigliere Massimo Bortoluzzi, che si trovavano a Roma per l\u2019assemblea nazionale delle Province d\u2019Italia. Con loro anche i sindaci di Alleghe e Calalzo, il senatore bellunese Luca De Carlo, e i rappresentanti di Dmo Dolomiti Bellunesi e Coldiretti, che, ricevuti dal segretario generale della Presidenza del Consiglio, hanno donato una selezione di prodotti tipici della terra bellunese (lo stesso dono \u00e8 stato consegnato anche al cardinale Parolin, a cui \u00e8 stato lasciato un cofanetto di prodotti per Papa Francesco). <\/span><span class=\"gmail-s1\">Quella della donazione degli alberi di Natale bellunesi a Palazzo Chigi \u00e8 diventata ormai una tradizione. Nata all\u2019indomani di Vaia per far arrivare le criticit\u00e0 della montagna nella capitale, \u00e8 andata avanti negli anni coinvolgendo sempre Comuni diversi, nello spirito di unitariet\u00e0 del territorio provinciale.<\/span><\/p>\n\n\t\t\t<style type='text\/css'>\n\t\t\t\t#gallery-1 {\n\t\t\t\t\tmargin: auto;\n\t\t\t\t}\n\t\t\t\t#gallery-1 .gallery-item {\n\t\t\t\t\tfloat: left;\n\t\t\t\t\tmargin-top: 10px;\n\t\t\t\t\ttext-align: center;\n\t\t\t\t\twidth: 50%;\n\t\t\t\t}\n\t\t\t\t#gallery-1 img {\n\t\t\t\t\tborder: 2px solid #cfcfcf;\n\t\t\t\t}\n\t\t\t\t#gallery-1 .gallery-caption {\n\t\t\t\t\tmargin-left: 0;\n\t\t\t\t}\n\t\t\t\t\/* see gallery_shortcode() in wp-includes\/media.php *\/\n\t\t\t<\/style>\n\t\t<div id='gallery-1' class='dt-gallery-container gallery galleryid-424593 gallery-columns-2 gallery-size-medium'><dl class='gallery-item'>\n\t\t\t\t<dt class='gallery-icon landscape'>\n\t\t\t\t\t<a class=\"rollover rollover-zoom dt-pswp-item\" title=\"BC244A7A-146B-43B7-82EC-38F47425D0CB\" data-dt-img-description=\"\" data-large_image_width=\"2016\" data-large_image_height=\"1512\"href='https:\/\/www.radiopiu.net\/wordpress\/wp-content\/uploads\/2024\/12\/BC244A7A-146B-43B7-82EC-38F47425D0CB.jpeg'><img loading=\"lazy\" decoding=\"async\" width=\"300\" height=\"225\" src=\"https:\/\/www.radiopiu.net\/wordpress\/wp-content\/uploads\/2024\/12\/BC244A7A-146B-43B7-82EC-38F47425D0CB-300x225.jpeg\" class=\"attachment-medium size-medium\" alt=\"\" srcset=\"https:\/\/www.radiopiu.net\/wordpress\/wp-content\/uploads\/2024\/12\/BC244A7A-146B-43B7-82EC-38F47425D0CB-300x225.jpeg 300w, https:\/\/www.radiopiu.net\/wordpress\/wp-content\/uploads\/2024\/12\/BC244A7A-146B-43B7-82EC-38F47425D0CB-1024x768.jpeg 1024w, https:\/\/www.radiopiu.net\/wordpress\/wp-content\/uploads\/2024\/12\/BC244A7A-146B-43B7-82EC-38F47425D0CB-768x576.jpeg 768w, https:\/\/www.radiopiu.net\/wordpress\/wp-content\/uploads\/2024\/12\/BC244A7A-146B-43B7-82EC-38F47425D0CB-1536x1152.jpeg 1536w, https:\/\/www.radiopiu.net\/wordpress\/wp-content\/uploads\/2024\/12\/BC244A7A-146B-43B7-82EC-38F47425D0CB.jpeg 2016w\" sizes=\"auto, (max-width: 300px) 100vw, 300px\" \/><\/a>\n\t\t\t\t<\/dt><\/dl><dl class='gallery-item'>\n\t\t\t\t<dt class='gallery-icon landscape'>\n\t\t\t\t\t<a class=\"rollover rollover-zoom dt-pswp-item\" title=\"024F52CE-F71D-4825-A0A5-072E0891C3D6\" data-dt-img-description=\"\" data-large_image_width=\"2016\" data-large_image_height=\"1512\"href='https:\/\/www.radiopiu.net\/wordpress\/wp-content\/uploads\/2024\/12\/024F52CE-F71D-4825-A0A5-072E0891C3D6.jpeg'><img loading=\"lazy\" decoding=\"async\" width=\"300\" height=\"225\" src=\"https:\/\/www.radiopiu.net\/wordpress\/wp-content\/uploads\/2024\/12\/024F52CE-F71D-4825-A0A5-072E0891C3D6-300x225.jpeg\" class=\"attachment-medium size-medium\" alt=\"\" srcset=\"https:\/\/www.radiopiu.net\/wordpress\/wp-content\/uploads\/2024\/12\/024F52CE-F71D-4825-A0A5-072E0891C3D6-300x225.jpeg 300w, https:\/\/www.radiopiu.net\/wordpress\/wp-content\/uploads\/2024\/12\/024F52CE-F71D-4825-A0A5-072E0891C3D6-1024x768.jpeg 1024w, https:\/\/www.radiopiu.net\/wordpress\/wp-content\/uploads\/2024\/12\/024F52CE-F71D-4825-A0A5-072E0891C3D6-768x576.jpeg 768w, https:\/\/www.radiopiu.net\/wordpress\/wp-content\/uploads\/2024\/12\/024F52CE-F71D-4825-A0A5-072E0891C3D6-1536x1152.jpeg 1536w, https:\/\/www.radiopiu.net\/wordpress\/wp-content\/uploads\/2024\/12\/024F52CE-F71D-4825-A0A5-072E0891C3D6.jpeg 2016w\" sizes=\"auto, (max-width: 300px) 100vw, 300px\" \/><\/a>\n\t\t\t\t<\/dt><\/dl><br style=\"clear: both\" \/>\n\t\t\t<\/div>\n\n<p>&nbsp;<\/p>\n<p>&nbsp;<\/p>\n<p>********<\/p>\n","protected":false},"excerpt":{"rendered":"<p>******* &nbsp; BELLUNO Continua la tradizione degli alberi di Natale bellunesi a Roma. Nei giorni scorsi sono stati consegnati e \u201caccesi\u201d gli abeti nei palazzi romani, in un\u2019operazione che ha visto la sinergia tra Provincia e Comuni donanti, con\u00a0\u00a0l\u2019azione promozionale di Dmo Dolomiti Bellunesi e Coldiretti, e con il supporto logistico della Protezione Civile Ana&hellip;<\/p>\n","protected":false},"author":4,"featured_media":424595,"comment_status":"closed","ping_status":"closed","sticky":false,"template":"","format":"standard","meta":{"_monsterinsights_skip_tracking":false,"_monsterinsights_sitenote_active":false,"_monsterinsights_sitenote_note":"","_monsterinsights_sitenote_category":0,"footnotes":""},"categories":[51,49],"tags":[],"class_list":["post-424593","post","type-post","status-publish","format-standard","has-post-thumbnail","hentry","category-evidenza-top","category-news-18","category-51","category-49","description-off"],"img_url":"https:\/\/www.radiopiu.net\/wordpress\/wp-content\/uploads\/2024\/12\/024F52CE-F71D-4825-A0A5-072E0891C3D6.jpeg","_links":{"self":[{"href":"https:\/\/www.radiopiu.net\/wordpress\/wp-json\/wp\/v2\/posts\/424593","targetHints":{"allow":["GET"]}}],"collection":[{"href":"https:\/\/www.radiopiu.net\/wordpress\/wp-json\/wp\/v2\/posts"}],"about":[{"href":"https:\/\/www.radiopiu.net\/wordpress\/wp-json\/wp\/v2\/types\/post"}],"author":[{"embeddable":true,"href":"https:\/\/www.radiopiu.net\/wordpress\/wp-json\/wp\/v2\/users\/4"}],"replies":[{"embeddable":true,"href":"https:\/\/www.radiopiu.net\/wordpress\/wp-json\/wp\/v2\/comments?post=424593"}],"version-history":[{"count":1,"href":"https:\/\/www.radiopiu.net\/wordpress\/wp-json\/wp\/v2\/posts\/424593\/revisions"}],"predecessor-version":[{"id":424596,"href":"https:\/\/www.radiopiu.net\/wordpress\/wp-json\/wp\/v2\/posts\/424593\/revisions\/424596"}],"wp:featuredmedia":[{"embeddable":true,"href":"https:\/\/www.radiopiu.net\/wordpress\/wp-json\/wp\/v2\/media\/424595"}],"wp:attachment":[{"href":"https:\/\/www.radiopiu.net\/wordpress\/wp-json\/wp\/v2\/media?parent=424593"}],"wp:term":[{"taxonomy":"category","embeddable":true,"href":"https:\/\/www.radiopiu.net\/wordpress\/wp-json\/wp\/v2\/categories?post=424593"},{"taxonomy":"post_tag","embeddable":true,"href":"https:\/\/www.radiopiu.net\/wordpress\/wp-json\/wp\/v2\/tags?post=424593"}],"curies":[{"name":"wp","href":"https:\/\/api.w.org\/{rel}","templated":true}]}}