{"id":424617,"date":"2024-12-13T05:34:23","date_gmt":"2024-12-13T04:34:23","guid":{"rendered":"https:\/\/www.radiopiu.net\/wordpress\/?p=424617"},"modified":"2024-12-13T05:42:28","modified_gmt":"2024-12-13T04:42:28","slug":"gli-obiettivi-di-essilorluxottica-per-la-riduzione-delle-emissioni-di-gas-serra-approvati-da-science-based-targets-initiative","status":"publish","type":"post","link":"https:\/\/www.radiopiu.net\/wordpress\/gli-obiettivi-di-essilorluxottica-per-la-riduzione-delle-emissioni-di-gas-serra-approvati-da-science-based-targets-initiative\/","title":{"rendered":"Gli obiettivi di EssilorLuxottica per la riduzione delle emissioni di gas serra approvati da Science Based Targets initiative"},"content":{"rendered":"<p>******<\/p>\n<p>&nbsp;<\/p>\n<p><strong><a class=\"dt-pswp-item\" href=\"https:\/\/www.radiopiu.net\/wordpress\/wp-content\/uploads\/2024\/04\/essilorluxottica.png\" data-dt-img-description=\"\" data-large_image_width=\"400\" data-large_image_height=\"400\"><img loading=\"lazy\" decoding=\"async\" class=\" wp-image-386124 alignleft\" src=\"https:\/\/www.radiopiu.net\/wordpress\/wp-content\/uploads\/2024\/04\/essilorluxottica-300x300.png\" alt=\"\" width=\"153\" height=\"153\" srcset=\"https:\/\/www.radiopiu.net\/wordpress\/wp-content\/uploads\/2024\/04\/essilorluxottica-300x300.png 300w, https:\/\/www.radiopiu.net\/wordpress\/wp-content\/uploads\/2024\/04\/essilorluxottica-150x150.png 150w, https:\/\/www.radiopiu.net\/wordpress\/wp-content\/uploads\/2024\/04\/essilorluxottica.png 400w\" sizes=\"auto, (max-width: 153px) 100vw, 153px\" \/><\/a>PARIGI (FRANCIA)<\/strong> EssilorLuxottica annuncia che i suoi obiettivi di riduzione delle emissioni di gas serra a breve termine sono stati approvati da Science Based Targets initiative (SBTi). Si tratta di un nuovo importante traguardo, parte dell\u2019impegno del Gruppo per ridurre l\u2019impatto ambientale lungo tutta la sua catena del valore. I nuovi obiettivi al 2030 riguardano le emissioni Scope 1, 2 e 3 del Gruppo e sono in linea con l\u2019obiettivo di mitigare il cambiamento climatico sottoscritto dalle Nazioni Unite nel 2015 nell\u2019ambito dell&#8217;Accordo di Parigi. EssilorLuxottica si impegna a ridurre le emissioni assolute di gas serra Scope 1 e 2 del 42% entro il 2030, prendendo come anno di riferimento il 2022. Entro lo stesso anno, il Gruppo si impegna a ridurre del 25% le sue emissioni assolute di gas serra Scope 3 derivanti da beni e servizi acquistati, attivit\u00e0 legate a carburante ed energia, trasporto e distribuzione a monte nonch\u00e9 da rifiuti generati nelle operazioni. Francesco Milleri, Presidente e Amministratore Delegato e Paul du Saillant, Vice Amministratore Delegato di EssilorLuxottica, hanno detto: &#8220;La sostenibilit\u00e0 \u00e8 parte integrante dell&#8217;identit\u00e0 del Gruppo ed \u00e8 al centro delle nostre strategie. Questi obiettivi di riduzione delle emissioni science-based rinforzano il nostro impegno per un futuro equo e sostenibile. Le azioni concrete in favore del clima continuano a rappresentare una priorit\u00e0 all&#8217;interno del nostro ecosistema, e interessano tutti gli stakeholder. Per raggiungere il nuovo obiettivo di riduzione delle emissioni Scope 3, coinvolgeremo fornitori e partner nel nostro percorso di decarbonizzazione, in linea con il nostro modello di business aperto, collaborativo e inclusivo&#8221;. Fin dall\u2019inizio, EssilorLuxottica si \u00e8 impegnata a minimizzare il suo impatto ambientale lungo la catena del valore, mirando a mitigare gli effetti del cambiamento climatico sul pianeta. In questo percorso, un ruolo fondamentale \u00e8 rappresentato dalla riduzione e neutralizzazione dell&#8217;impronta di carbonio delle sue attivit\u00e0 dirette (Scope 1 e 2) a livello globale entro il 2025 (obiettivo gi\u00e0 raggiunto in Europa nel 2023). La sua strategia in favore del clima prevede l\u2019efficientamento energetico in tutti i suoi stabilimenti, l&#8217;aumento dell&#8217;autoproduzione e dell&#8217;uso di energia rinnovabile e la protezione e il ripristino degli ecosistemi naturali.<\/p>\n<p>&nbsp;<\/p>\n<p>&nbsp;<\/p>\n<p>&nbsp;<\/p>\n<p>******<\/p>\n","protected":false},"excerpt":{"rendered":"<p>****** &nbsp; PARIGI (FRANCIA) EssilorLuxottica annuncia che i suoi obiettivi di riduzione delle emissioni di gas serra a breve termine sono stati approvati da Science Based Targets initiative (SBTi). Si tratta di un nuovo importante traguardo, parte dell\u2019impegno del Gruppo per ridurre l\u2019impatto ambientale lungo tutta la sua catena del valore. I nuovi obiettivi al&hellip;<\/p>\n","protected":false},"author":4,"featured_media":386124,"comment_status":"closed","ping_status":"closed","sticky":false,"template":"","format":"standard","meta":{"_monsterinsights_skip_tracking":false,"_monsterinsights_sitenote_active":false,"_monsterinsights_sitenote_note":"","_monsterinsights_sitenote_category":0,"footnotes":""},"categories":[51,49],"tags":[],"class_list":["post-424617","post","type-post","status-publish","format-standard","has-post-thumbnail","hentry","category-evidenza-top","category-news-18","category-51","category-49","description-off"],"img_url":"https:\/\/www.radiopiu.net\/wordpress\/wp-content\/uploads\/2024\/04\/essilorluxottica.png","_links":{"self":[{"href":"https:\/\/www.radiopiu.net\/wordpress\/wp-json\/wp\/v2\/posts\/424617","targetHints":{"allow":["GET"]}}],"collection":[{"href":"https:\/\/www.radiopiu.net\/wordpress\/wp-json\/wp\/v2\/posts"}],"about":[{"href":"https:\/\/www.radiopiu.net\/wordpress\/wp-json\/wp\/v2\/types\/post"}],"author":[{"embeddable":true,"href":"https:\/\/www.radiopiu.net\/wordpress\/wp-json\/wp\/v2\/users\/4"}],"replies":[{"embeddable":true,"href":"https:\/\/www.radiopiu.net\/wordpress\/wp-json\/wp\/v2\/comments?post=424617"}],"version-history":[{"count":1,"href":"https:\/\/www.radiopiu.net\/wordpress\/wp-json\/wp\/v2\/posts\/424617\/revisions"}],"predecessor-version":[{"id":424618,"href":"https:\/\/www.radiopiu.net\/wordpress\/wp-json\/wp\/v2\/posts\/424617\/revisions\/424618"}],"wp:featuredmedia":[{"embeddable":true,"href":"https:\/\/www.radiopiu.net\/wordpress\/wp-json\/wp\/v2\/media\/386124"}],"wp:attachment":[{"href":"https:\/\/www.radiopiu.net\/wordpress\/wp-json\/wp\/v2\/media?parent=424617"}],"wp:term":[{"taxonomy":"category","embeddable":true,"href":"https:\/\/www.radiopiu.net\/wordpress\/wp-json\/wp\/v2\/categories?post=424617"},{"taxonomy":"post_tag","embeddable":true,"href":"https:\/\/www.radiopiu.net\/wordpress\/wp-json\/wp\/v2\/tags?post=424617"}],"curies":[{"name":"wp","href":"https:\/\/api.w.org\/{rel}","templated":true}]}}