{"id":424631,"date":"2024-12-14T05:38:36","date_gmt":"2024-12-14T04:38:36","guid":{"rendered":"https:\/\/www.radiopiu.net\/wordpress\/?p=424631"},"modified":"2024-12-14T10:41:02","modified_gmt":"2024-12-14T09:41:02","slug":"giornale-radiopiu-14-dicembre-2024-direttore-mirko-mezzacasada-41-anni-25-giugno-1983-25-giugno-2024","status":"publish","type":"post","link":"https:\/\/www.radiopiu.net\/wordpress\/giornale-radiopiu-14-dicembre-2024-direttore-mirko-mezzacasada-41-anni-25-giugno-1983-25-giugno-2024\/","title":{"rendered":"GIORNALE RADIOPIU 14 DICEMBRE 2024 DIRETTORE MIRKO MEZZACASA\u2026DA 41 ANNI 25 GIUGNO 1983-25 GIUGNO 2024"},"content":{"rendered":"<p>********<\/p>\n<p>&nbsp;<\/p>\n<p><em><span style=\"color: #ff0000;\"><a class=\"dt-pswp-item\" href=\"https:\/\/www.radiopiu.net\/wordpress\/wp-content\/uploads\/2024\/10\/Senza-nome-8.png\" data-dt-img-description=\"\" data-large_image_width=\"343\" data-large_image_height=\"303\"><img loading=\"lazy\" decoding=\"async\" class=\"wp-image-412130 alignleft\" src=\"https:\/\/www.radiopiu.net\/wordpress\/wp-content\/uploads\/2024\/10\/Senza-nome-8-300x265.png\" alt=\"\" width=\"105\" height=\"93\" srcset=\"https:\/\/www.radiopiu.net\/wordpress\/wp-content\/uploads\/2024\/10\/Senza-nome-8-300x265.png 300w, https:\/\/www.radiopiu.net\/wordpress\/wp-content\/uploads\/2024\/10\/Senza-nome-8.png 343w\" sizes=\"auto, (max-width: 105px) 100vw, 105px\" \/><\/a><\/span><\/em><strong><em><span style=\"color: #ff0000;\"> LA\u00a0 APP PER IOS-IPHONE di Nicola Vettorello<\/span><\/em><\/strong><\/p>\n<p><strong><span style=\"color: #0000ff;\"><a style=\"color: #0000ff;\" href=\"https:\/\/apps.apple.com\/it\/app\/radio-pi%C3%B9-emittente-agordina\/id1515939845\">https:\/\/apps.apple.com\/it\/app\/radio-pi%C3%B9-emittente-agordina\/id1515939845<\/a><\/span><\/strong><\/p>\n<p><strong><em style=\"color: #ff0000;\">LA\u00a0 APP RADIO\u00a0 PER ANDROID di Nicola Vettorello<\/em><\/strong><\/p>\n<p><strong><span style=\"color: #0000ff;\"><a style=\"color: #0000ff;\" href=\"https:\/\/play.google.com\/store\/apps\/details?id=net.radiopiu.iniko\" target=\"_blank\" rel=\"noopener noreferrer\">https:\/\/<\/a><a style=\"color: #0000ff;\" href=\"https:\/\/play.google.com\/store\/apps\/details?id=net.radiopiu.iniko\" target=\"_blank\" rel=\"noopener noreferrer\">play.google.com\/store\/apps\/details?id=net.radiopiu.iniko\u00a0\u00a0\u00a0<\/a><\/span><\/strong><\/p>\n<p>&nbsp;<\/p>\n<hr \/>\n<p>&nbsp;<\/p>\n<p>&nbsp;<\/p>\n<h1 style=\"text-align: center;\"><span style=\"color: #3366ff;\">OGGI RADIO PIU&#8217; IN DIRETTA DA BARDIN<\/span><\/h1>\n<p><strong><span style=\"color: #ff0000;\"><a class=\"dt-pswp-item\" href=\"https:\/\/www.radiopiu.net\/wordpress\/wp-content\/uploads\/2024\/12\/881179db-216e-4f7f-9fe5-147cb577a48a.jpg\" data-dt-img-description=\"\" data-large_image_width=\"1080\" data-large_image_height=\"1080\"><img loading=\"lazy\" decoding=\"async\" class=\" wp-image-424433 alignleft\" src=\"https:\/\/www.radiopiu.net\/wordpress\/wp-content\/uploads\/2024\/12\/881179db-216e-4f7f-9fe5-147cb577a48a-300x300.jpg\" alt=\"\" width=\"195\" height=\"195\" srcset=\"https:\/\/www.radiopiu.net\/wordpress\/wp-content\/uploads\/2024\/12\/881179db-216e-4f7f-9fe5-147cb577a48a-300x300.jpg 300w, https:\/\/www.radiopiu.net\/wordpress\/wp-content\/uploads\/2024\/12\/881179db-216e-4f7f-9fe5-147cb577a48a-1024x1024.jpg 1024w, https:\/\/www.radiopiu.net\/wordpress\/wp-content\/uploads\/2024\/12\/881179db-216e-4f7f-9fe5-147cb577a48a-150x150.jpg 150w, https:\/\/www.radiopiu.net\/wordpress\/wp-content\/uploads\/2024\/12\/881179db-216e-4f7f-9fe5-147cb577a48a-768x768.jpg 768w, https:\/\/www.radiopiu.net\/wordpress\/wp-content\/uploads\/2024\/12\/881179db-216e-4f7f-9fe5-147cb577a48a.jpg 1080w\" sizes=\"auto, (max-width: 195px) 100vw, 195px\" \/><\/a>OGGI A RADIO PIU&#8217;&#8230; TRA L&#8217;ALTRO:<\/span>\u00a0<\/strong> \u00a0\u00a0<span style=\"color: #ff0000;\">10.30\u00a0<\/span> LA RASSEGNA STAMPA DALL&#8217;AMICO DEL POPOLO&#8230;DI GIANNI SANTOMASO ospite il sindaco di Taibon Silvia Tormen <span style=\"color: #ff0000;\">14<\/span>\u00a0ELEKTRO CHOK, IL POMERIGGIO DANCE DI JACOPO DEL TEDESCO <span style=\"color: #ff0000;\">15<\/span> DIRETTA DA BARDIN CON MARINA, ALESSIO, DJ TOME sui canali social di RADIOPIU\u00a0 <span style=\"color: #ff0000;\">18:30<\/span>\u00a0 GLI APPUNTAMENTI DEL FINE SETTIMANA CON MARCO GAZ <span style=\"color: #ff0000;\">20.30<\/span> HOCKEY AL PUNTO GIUSTO, LA PARTITA ALLEGHE &#8211; COMO CON FEDERICO PAGANIN<\/p>\n<p>&nbsp;<\/p>\n<p><strong>rassegna stampa nazionale,<\/strong> ogni giorno alle 5 e alle 6 del mattino.<br \/>\ngiornali locali 7 rassegna stampa flash, 8 rassegna stampa, gr flash alle 10 e alle 11, principale 12.30. Informazione pomeriggio ogni ora fino alle 20, in coda ai notiziari nazionali. Giornale radio nazionale: ogni ora dalle 4 del mattino, alle 20 della sera. Alle 19 le anticipazioni dal TG di Antenna 3 di Tiziana Bolognani.<\/p>\n<p>&nbsp;<\/p>\n<p>&nbsp;<\/p>\n<hr \/>\n<p>&nbsp;<\/p>\n<p>&nbsp;<\/p>\n<div class=\"x11i5rnm xat24cr x1mh8g0r x1vvkbs xtlvy1s x126k92a\">\n<div dir=\"auto\">\n<div dir=\"auto\">\n<p><strong><a class=\"dt-pswp-item\" href=\"https:\/\/www.radiopiu.net\/wordpress\/wp-content\/uploads\/2024\/02\/2d44e751-d8a8-461b-8e22-d8e4e853b032.jpg\" data-dt-img-description=\"\" data-large_image_width=\"1600\" data-large_image_height=\"1200\"><img loading=\"lazy\" decoding=\"async\" class=\"wp-image-373307 alignleft\" src=\"https:\/\/www.radiopiu.net\/wordpress\/wp-content\/uploads\/2024\/02\/2d44e751-d8a8-461b-8e22-d8e4e853b032-300x225.jpg\" alt=\"\" width=\"105\" height=\"79\" srcset=\"https:\/\/www.radiopiu.net\/wordpress\/wp-content\/uploads\/2024\/02\/2d44e751-d8a8-461b-8e22-d8e4e853b032-300x225.jpg 300w, https:\/\/www.radiopiu.net\/wordpress\/wp-content\/uploads\/2024\/02\/2d44e751-d8a8-461b-8e22-d8e4e853b032-1024x768.jpg 1024w, https:\/\/www.radiopiu.net\/wordpress\/wp-content\/uploads\/2024\/02\/2d44e751-d8a8-461b-8e22-d8e4e853b032-768x576.jpg 768w, https:\/\/www.radiopiu.net\/wordpress\/wp-content\/uploads\/2024\/02\/2d44e751-d8a8-461b-8e22-d8e4e853b032-1536x1152.jpg 1536w, https:\/\/www.radiopiu.net\/wordpress\/wp-content\/uploads\/2024\/02\/2d44e751-d8a8-461b-8e22-d8e4e853b032.jpg 1600w\" sizes=\"auto, (max-width: 105px) 100vw, 105px\" \/><\/a>EL BAL DEL FIOR, DI GIULIANA DA RONCH, 14 DICEMBRE<\/strong><strong>\u00a02024<\/strong><\/p>\n<\/div>\n<\/div>\n<\/div>\n<div>\n<audio class=\"wp-audio-shortcode\" id=\"audio-424631-1\" preload=\"none\" style=\"width: 100%;\" controls=\"controls\"><source type=\"audio\/mpeg\" src=\"https:\/\/www.radiopiu.net\/wordpress\/wp-content\/uploads\/2024\/12\/GSA-1.mp3?_=1\" \/><a href=\"https:\/\/www.radiopiu.net\/wordpress\/wp-content\/uploads\/2024\/12\/GSA-1.mp3\">https:\/\/www.radiopiu.net\/wordpress\/wp-content\/uploads\/2024\/12\/GSA-1.mp3<\/a><\/audio>\n<\/div>\n<div><\/div>\n<hr \/>\n<p>&nbsp;<\/p>\n<p>&nbsp;<\/p>\n<div class=\"x11i5rnm xat24cr x1mh8g0r x1vvkbs xtlvy1s x126k92a\">\n<h1><span style=\"color: #ff0000;\"><a class=\"dt-pswp-item\" href=\"https:\/\/www.radiopiu.net\/wordpress\/wp-content\/uploads\/2024\/06\/th-5.jpg\" data-dt-img-description=\"\" data-large_image_width=\"326\" data-large_image_height=\"180\"><img loading=\"lazy\" decoding=\"async\" class=\"size-medium wp-image-395881 alignleft\" src=\"https:\/\/www.radiopiu.net\/wordpress\/wp-content\/uploads\/2024\/06\/th-5-300x166.jpg\" alt=\"\" width=\"300\" height=\"166\" srcset=\"https:\/\/www.radiopiu.net\/wordpress\/wp-content\/uploads\/2024\/06\/th-5-300x166.jpg 300w, https:\/\/www.radiopiu.net\/wordpress\/wp-content\/uploads\/2024\/06\/th-5.jpg 326w\" sizes=\"auto, (max-width: 300px) 100vw, 300px\" \/><\/a><\/span><\/h1>\n<h1><\/h1>\n<h1><\/h1>\n<h1><span style=\"color: #000000;\">14 DICEMBRE&#8230; alla radio l&#8217;almanacco\u00a0<\/span><\/h1>\n<\/div>\n<div class=\"x11i5rnm xat24cr x1mh8g0r x1vvkbs xtlvy1s x126k92a\">\n<p>&nbsp;<\/p>\n<p><strong>CON PATTY<\/strong><\/p>\n<h1>1<\/h1>\n<audio class=\"wp-audio-shortcode\" id=\"audio-424631-2\" preload=\"none\" style=\"width: 100%;\" controls=\"controls\"><source type=\"audio\/mpeg\" src=\"https:\/\/www.radiopiu.net\/wordpress\/wp-content\/uploads\/2024\/12\/almanacco1-1.mp3?_=2\" \/><a href=\"https:\/\/www.radiopiu.net\/wordpress\/wp-content\/uploads\/2024\/12\/almanacco1-1.mp3\">https:\/\/www.radiopiu.net\/wordpress\/wp-content\/uploads\/2024\/12\/almanacco1-1.mp3<\/a><\/audio>\n<h1>2<\/h1>\n<audio class=\"wp-audio-shortcode\" id=\"audio-424631-3\" preload=\"none\" style=\"width: 100%;\" controls=\"controls\"><source type=\"audio\/mpeg\" src=\"https:\/\/www.radiopiu.net\/wordpress\/wp-content\/uploads\/2024\/12\/almanacco2-1.mp3?_=3\" \/><a href=\"https:\/\/www.radiopiu.net\/wordpress\/wp-content\/uploads\/2024\/12\/almanacco2-1.mp3\">https:\/\/www.radiopiu.net\/wordpress\/wp-content\/uploads\/2024\/12\/almanacco2-1.mp3<\/a><\/audio>\n<p>&nbsp;<\/p>\n<hr \/>\n<p>&nbsp;<\/p>\n<p>&nbsp;<\/p>\n<blockquote>\n<h1><strong><a class=\"dt-pswp-item\" href=\"https:\/\/www.radiopiu.net\/wordpress\/wp-content\/uploads\/2024\/10\/629301fd-708d-4f53-95c2-d28cbefd500f.jpg\" data-dt-img-description=\"\" data-large_image_width=\"1600\" data-large_image_height=\"1322\"><img loading=\"lazy\" decoding=\"async\" class=\"wp-image-413782 alignright\" src=\"https:\/\/www.radiopiu.net\/wordpress\/wp-content\/uploads\/2024\/10\/629301fd-708d-4f53-95c2-d28cbefd500f-300x248.jpg\" alt=\"\" width=\"106\" height=\"88\" srcset=\"https:\/\/www.radiopiu.net\/wordpress\/wp-content\/uploads\/2024\/10\/629301fd-708d-4f53-95c2-d28cbefd500f-300x248.jpg 300w, https:\/\/www.radiopiu.net\/wordpress\/wp-content\/uploads\/2024\/10\/629301fd-708d-4f53-95c2-d28cbefd500f-1024x846.jpg 1024w, https:\/\/www.radiopiu.net\/wordpress\/wp-content\/uploads\/2024\/10\/629301fd-708d-4f53-95c2-d28cbefd500f-768x635.jpg 768w, https:\/\/www.radiopiu.net\/wordpress\/wp-content\/uploads\/2024\/10\/629301fd-708d-4f53-95c2-d28cbefd500f-1536x1269.jpg 1536w, https:\/\/www.radiopiu.net\/wordpress\/wp-content\/uploads\/2024\/10\/629301fd-708d-4f53-95c2-d28cbefd500f.jpg 1600w\" sizes=\"auto, (max-width: 106px) 100vw, 106px\" \/><\/a><\/strong><\/h1>\n<h1><strong><a class=\"dt-pswp-item\" href=\"https:\/\/www.radiopiu.net\/wordpress\/wp-content\/uploads\/2024\/11\/th-18.jpg\" data-dt-img-description=\"\" data-large_image_width=\"156\" data-large_image_height=\"180\"><img loading=\"lazy\" decoding=\"async\" class=\"size-full wp-image-421611 alignleft\" src=\"https:\/\/www.radiopiu.net\/wordpress\/wp-content\/uploads\/2024\/11\/th-18.jpg\" alt=\"\" width=\"156\" height=\"180\" \/><\/a><\/strong><\/h1>\n<h1><strong>N di parom &#8211; L Almanach de la nosta jent<\/strong><\/h1>\n<\/blockquote>\n<p>&nbsp;<\/p>\n<p>Le voci: Davide Conedera, Agordo, Michela Dell&#8217;Osbel, La Valle Agordina Simone Ganz, Falcade Veronica Lezuo, Colle Santa Lucia. La voce nella sigla \u00e8 di Giorgia Taio<\/p>\n<p>&nbsp;<\/p>\n<p><strong>LA PUNTATA DI OGGI, 14 DICEMBRE<\/strong><\/p>\n<audio class=\"wp-audio-shortcode\" id=\"audio-424631-4\" preload=\"none\" style=\"width: 100%;\" controls=\"controls\"><source type=\"audio\/mpeg\" src=\"https:\/\/www.radiopiu.net\/wordpress\/wp-content\/uploads\/2024\/12\/AL6-1.mp3?_=4\" \/><a href=\"https:\/\/www.radiopiu.net\/wordpress\/wp-content\/uploads\/2024\/12\/AL6-1.mp3\">https:\/\/www.radiopiu.net\/wordpress\/wp-content\/uploads\/2024\/12\/AL6-1.mp3<\/a><\/audio>\n<p>&nbsp;<\/p>\n<\/div>\n<div class=\"x11i5rnm xat24cr x1mh8g0r x1vvkbs xtlvy1s x126k92a\">\n<div dir=\"auto\">\n<hr \/>\n<\/div>\n<\/div>\n<blockquote>\n<blockquote>\n<h1><span style=\"color: #ff0000;\">\u00a0<\/span><\/h1>\n<h1><span style=\"color: #ff0000;\">I podcast informativi del mattino &#8211; audio &#8211;\u00a0\u00a0<\/span><\/h1>\n<\/blockquote>\n<p><strong><a class=\"dt-pswp-item\" href=\"https:\/\/www.radiopiu.net\/wordpress\/wp-content\/uploads\/2024\/11\/6.jpg\" data-dt-img-description=\"\" data-large_image_width=\"177\" data-large_image_height=\"180\"><img loading=\"lazy\" decoding=\"async\" class=\"size-full wp-image-417911 alignleft\" src=\"https:\/\/www.radiopiu.net\/wordpress\/wp-content\/uploads\/2024\/11\/6.jpg\" alt=\"\" width=\"177\" height=\"180\" \/><\/a>LA RASSEGNA STAMPA NAZIONALE ALLA RADIO, OGNI GIORNO ALLE 5 E ALLE 6 DEL MATTINO <span style=\"color: #0000ff;\">viene pubblicata alle 6.00 <span style=\"color: #ff0000;\">DIRETTA RADIO\u00a0 \u00a0\u00a0<\/span><\/span><\/strong><\/p><\/blockquote>\n<p>&nbsp;<\/p>\n<p><strong>NOTIZIE DELLA NOTTE<\/strong><\/p>\n<p><strong>Usa,<\/strong> Trump: &#8216;Avvistati droni misteriosi, abbatteteli&#8217; <strong>Stallo lavori sulla manovra<\/strong>, governo non deposita emendamenti <strong>Moody&#8217;s<\/strong> taglia il rating della Francia da &#8216;A2&#8217; a &#8216;Aa3&#8217; <strong>Serie A:<\/strong> Empoli-Torino 0-1 <strong>Cnn,<\/strong> la Russia prepara il ritiro delle truppe dalla Siria <strong>Unicredit<\/strong> deposita in Consob documento offerta Banco Bpm <strong>Nubifragio a Roma<\/strong>, traffico in tilt e caos in citt\u00e0 <strong>Uccide la moglie<\/strong> malata e si suicida, nel Torinese<\/p>\n<h2>AUDIO dalle 6 del mattino<\/h2>\n<audio class=\"wp-audio-shortcode\" id=\"audio-424631-5\" preload=\"none\" style=\"width: 100%;\" controls=\"controls\"><source type=\"audio\/mpeg\" src=\"https:\/\/www.radiopiu.net\/wordpress\/wp-content\/uploads\/2024\/12\/GIORNALEDELLESEI-12.mp3?_=5\" \/><a href=\"https:\/\/www.radiopiu.net\/wordpress\/wp-content\/uploads\/2024\/12\/GIORNALEDELLESEI-12.mp3\">https:\/\/www.radiopiu.net\/wordpress\/wp-content\/uploads\/2024\/12\/GIORNALEDELLESEI-12.mp3<\/a><\/audio>\n<p>&nbsp;<\/p>\n<hr \/>\n<p>&nbsp;<\/p>\n<h1 style=\"text-align: center;\"><span style=\"color: #ff0000;\"><a class=\"dt-pswp-item\" href=\"https:\/\/www.radiopiu.net\/wordpress\/wp-content\/uploads\/2024\/11\/7.jpg\" data-dt-img-description=\"\" data-large_image_width=\"180\" data-large_image_height=\"180\"><img loading=\"lazy\" decoding=\"async\" class=\"size-full wp-image-417912 alignleft\" src=\"https:\/\/www.radiopiu.net\/wordpress\/wp-content\/uploads\/2024\/11\/7.jpg\" alt=\"\" width=\"180\" height=\"180\" srcset=\"https:\/\/www.radiopiu.net\/wordpress\/wp-content\/uploads\/2024\/11\/7.jpg 180w, https:\/\/www.radiopiu.net\/wordpress\/wp-content\/uploads\/2024\/11\/7-150x150.jpg 150w\" sizes=\"auto, (max-width: 180px) 100vw, 180px\" \/><\/a>I podcast informativi del mattino &#8211; audio &#8211;\u00a0<\/span><\/h1>\n<p><strong>OGNI GIORNO ALLE SETTE DEL MATTINO, LA RASSEGNA STAMPA LOCALE FLASH&#8230; PER CHI VA IN FRETTA. I TITOLI DAI GIORNALI E DAL SITO WWW.RADIOPIU.NET <span style=\"color: #0000ff;\">viene pubblicato alle 7.00<\/span> <span style=\"color: #ff0000;\">DIRETTA RADIO\u00a0<\/span><\/strong><\/p>\n<p><em><span style=\"color: #ff0000;\">per chi va in fretta&#8230; tante notizie in pochi minuti. L&#8217;informazione locale alla radio, ogni ora dalle 7 del mattino alle 19 della sera.<\/span><\/em><\/p>\n<h1><\/h1>\n<h1>AUDIO dalle 7 del mattino<\/h1>\n<audio class=\"wp-audio-shortcode\" id=\"audio-424631-6\" preload=\"none\" style=\"width: 100%;\" controls=\"controls\"><source type=\"audio\/mpeg\" src=\"https:\/\/www.radiopiu.net\/wordpress\/wp-content\/uploads\/2024\/12\/GF07-11.mp3?_=6\" \/><a href=\"https:\/\/www.radiopiu.net\/wordpress\/wp-content\/uploads\/2024\/12\/GF07-11.mp3\">https:\/\/www.radiopiu.net\/wordpress\/wp-content\/uploads\/2024\/12\/GF07-11.mp3<\/a><\/audio>\n<p>&nbsp;<\/p>\n<hr \/>\n<p>&nbsp;<\/p>\n<h1><\/h1>\n<h1 style=\"text-align: center;\"><span style=\"color: #ff0000;\"><a class=\"dt-pswp-item\" href=\"https:\/\/www.radiopiu.net\/wordpress\/wp-content\/uploads\/2024\/11\/th.jpg\" data-dt-img-description=\"\" data-large_image_width=\"148\" data-large_image_height=\"179\"><img loading=\"lazy\" decoding=\"async\" class=\"size-full wp-image-417913 alignleft\" src=\"https:\/\/www.radiopiu.net\/wordpress\/wp-content\/uploads\/2024\/11\/th.jpg\" alt=\"\" width=\"148\" height=\"179\" \/><\/a>I podcast informativi del mattino &#8211; audio &#8211;\u00a0<\/span><\/h1>\n<blockquote><p><strong>GIORNALE RADIO NAZIONALE, EDIZIONE DELLE SETTE <span style=\"color: #0000ff;\">viene pubblicato alle 7.05 <span style=\"color: #ff0000;\">DIRETTA RADIO\u00a0<\/span><\/span><\/strong><\/p><\/blockquote>\n<p><strong>il giornale radionazionale e&#8217; in onda ogni ora, dalle sette del mattino alle venti della sera\u00a0 \u00a0<\/strong><strong>\u00a0<\/strong><\/p>\n<p><strong>MILANO<\/strong> Femminicidio Donna trovata morta nel Milanese, arrestato il compagno <strong>GENOVA<\/strong> Violentata da un collega alla cena per gli auguri di Natale La presunta vittima \u00e8 stata portata in ospedale <strong>ROMA<\/strong> La Procura: a Roma 19 casi di violenza sulle donne ogni giorno Lo Voi: &#8216;Aperti 6.880 fascicoli con oltre 7 mila indagati&#8217; <strong>ROMA<\/strong> Prete condannato per violenza sessuale, il vescovo indagato per falsa testimonianza L&#8217;indagine sul presule di Piazza Armerina dopo la condanna del parroco Rugolo <strong>ROMA<\/strong> Controlli a tappeto dei Nas nei b&amp;b in tutta Italia, \u00e8 irregolare 1 su 5<\/p>\n<p><span style=\"color: #ff0000;\"><span style=\"color: #0000ff;\">CRONACA<\/span> EDIZIONE DELLA SERA , DEL 13 DICEMBRE 2024 EDIZIONE DI IERI, 20.00<\/span><\/p>\n<audio class=\"wp-audio-shortcode\" id=\"audio-424631-7\" preload=\"none\" style=\"width: 100%;\" controls=\"controls\"><source type=\"audio\/mpeg\" src=\"https:\/\/www.radiopiu.net\/wordpress\/wp-content\/uploads\/2024\/12\/giornale07-22.mp3?_=7\" \/><a href=\"https:\/\/www.radiopiu.net\/wordpress\/wp-content\/uploads\/2024\/12\/giornale07-22.mp3\">https:\/\/www.radiopiu.net\/wordpress\/wp-content\/uploads\/2024\/12\/giornale07-22.mp3<\/a><\/audio>\n<p>&nbsp;<\/p>\n<p><span style=\"color: #ff0000;\"><span style=\"color: #0000ff;\">SPORT<\/span> EDIZIONE DELLE 19, DEL 13 DICEMBRE 2024, LO SPORT EDIZIONE DI IERI<\/span><\/p>\n<audio class=\"wp-audio-shortcode\" id=\"audio-424631-8\" preload=\"none\" style=\"width: 100%;\" controls=\"controls\"><source type=\"audio\/mpeg\" src=\"https:\/\/www.radiopiu.net\/wordpress\/wp-content\/uploads\/2024\/12\/gr-sport-11.mp3?_=8\" \/><a href=\"https:\/\/www.radiopiu.net\/wordpress\/wp-content\/uploads\/2024\/12\/gr-sport-11.mp3\">https:\/\/www.radiopiu.net\/wordpress\/wp-content\/uploads\/2024\/12\/gr-sport-11.mp3<\/a><\/audio>\n<p>&nbsp;<\/p>\n<h2><span style=\"color: #ff0000;\"><span style=\"color: #0000ff;\">ULTIM&#8217;ORA<\/span> AUDIO dalle sette del mattino, ogni ora alla radio EDIZIONE DELLE SETTE<\/span><\/h2>\n<audio class=\"wp-audio-shortcode\" id=\"audio-424631-9\" preload=\"none\" style=\"width: 100%;\" controls=\"controls\"><source type=\"audio\/mpeg\" src=\"https:\/\/www.radiopiu.net\/wordpress\/wp-content\/uploads\/2024\/12\/giornale07-24.mp3?_=9\" \/><a href=\"https:\/\/www.radiopiu.net\/wordpress\/wp-content\/uploads\/2024\/12\/giornale07-24.mp3\">https:\/\/www.radiopiu.net\/wordpress\/wp-content\/uploads\/2024\/12\/giornale07-24.mp3<\/a><\/audio>\n<p>&nbsp;<\/p>\n<p>&nbsp;<\/p>\n<hr \/>\n<p>&nbsp;<\/p>\n<p>&nbsp;<\/p>\n<h1><span style=\"color: #ff0000;\"><a class=\"dt-pswp-item\" href=\"https:\/\/www.radiopiu.net\/wordpress\/wp-content\/uploads\/2024\/11\/8.jpg\" data-dt-img-description=\"\" data-large_image_width=\"180\" data-large_image_height=\"180\"><img loading=\"lazy\" decoding=\"async\" class=\"size-full wp-image-417910 alignleft\" src=\"https:\/\/www.radiopiu.net\/wordpress\/wp-content\/uploads\/2024\/11\/8.jpg\" alt=\"\" width=\"180\" height=\"180\" srcset=\"https:\/\/www.radiopiu.net\/wordpress\/wp-content\/uploads\/2024\/11\/8.jpg 180w, https:\/\/www.radiopiu.net\/wordpress\/wp-content\/uploads\/2024\/11\/8-150x150.jpg 150w\" sizes=\"auto, (max-width: 180px) 100vw, 180px\" \/><\/a>I podcast informativi del mattino &#8211; video &#8211;\u00a0<\/span><\/h1>\n<h2 style=\"text-align: left;\"><strong>RASSEGNA STAMPA LOCALE, ORE OTTO<\/strong><\/h2>\n<h2><strong> <span style=\"color: #0000ff;\">viene\u00a0 <\/span><\/strong><strong><span style=\"color: #0000ff;\">pubblicata alle 8.05 <span style=\"color: #ff0000;\">DIRETTA RADIO\u00a0 \u00a0<\/span><\/span><\/strong><strong>DI MIRKO MEZZACASA<\/strong><\/h2>\n<h2><span style=\"color: #ff0000;\"><strong>\u00a0<\/strong><\/span><\/h2>\n<h2><span style=\"color: #ff0000;\"><strong>\u00a0<\/strong><\/span><\/h2>\n<h1><span style=\"color: #ff0000;\"><strong>VIDEO\u00a0 \u00a0in diretta dalle 8 del mattino\u00a0 \u00a0per ASCOLTARE <\/strong><\/span><\/h1>\n<blockquote>\n<h1 style=\"text-align: center;\"><a href=\"https:\/\/www.facebook.com\/radiopiu\/videos\/595516379619928\">CLICCA QUI<\/a><\/h1>\n<\/blockquote>\n\n\t\t\t<style type='text\/css'>\n\t\t\t\t#gallery-1 {\n\t\t\t\t\tmargin: auto;\n\t\t\t\t}\n\t\t\t\t#gallery-1 .gallery-item {\n\t\t\t\t\tfloat: left;\n\t\t\t\t\tmargin-top: 10px;\n\t\t\t\t\ttext-align: center;\n\t\t\t\t\twidth: 50%;\n\t\t\t\t}\n\t\t\t\t#gallery-1 img {\n\t\t\t\t\tborder: 2px solid #cfcfcf;\n\t\t\t\t}\n\t\t\t\t#gallery-1 .gallery-caption {\n\t\t\t\t\tmargin-left: 0;\n\t\t\t\t}\n\t\t\t\t\/* see gallery_shortcode() in wp-includes\/media.php *\/\n\t\t\t<\/style>\n\t\t<div id='gallery-1' class='dt-gallery-container gallery galleryid-424631 gallery-columns-2 gallery-size-medium'><dl class='gallery-item'>\n\t\t\t\t<dt class='gallery-icon landscape'>\n\t\t\t\t\t<a class=\"rollover rollover-zoom dt-pswp-item\" title=\"COOP2\" data-dt-img-description=\"\" data-large_image_width=\"339\" data-large_image_height=\"214\"href='https:\/\/www.radiopiu.net\/wordpress\/wp-content\/uploads\/2024\/12\/COOP2-7.png'><img loading=\"lazy\" decoding=\"async\" width=\"300\" height=\"189\" src=\"https:\/\/www.radiopiu.net\/wordpress\/wp-content\/uploads\/2024\/12\/COOP2-7-300x189.png\" class=\"attachment-medium size-medium\" alt=\"\" srcset=\"https:\/\/www.radiopiu.net\/wordpress\/wp-content\/uploads\/2024\/12\/COOP2-7-300x189.png 300w, https:\/\/www.radiopiu.net\/wordpress\/wp-content\/uploads\/2024\/12\/COOP2-7.png 339w\" sizes=\"auto, (max-width: 300px) 100vw, 300px\" \/><\/a>\n\t\t\t\t<\/dt><\/dl><dl class='gallery-item'>\n\t\t\t\t<dt class='gallery-icon landscape'>\n\t\t\t\t\t<a class=\"rollover rollover-zoom dt-pswp-item\" title=\"COOP1\" data-dt-img-description=\"\" data-large_image_width=\"485\" data-large_image_height=\"235\"href='https:\/\/www.radiopiu.net\/wordpress\/wp-content\/uploads\/2024\/12\/COOP1-5.png'><img loading=\"lazy\" decoding=\"async\" width=\"300\" height=\"145\" src=\"https:\/\/www.radiopiu.net\/wordpress\/wp-content\/uploads\/2024\/12\/COOP1-5-300x145.png\" class=\"attachment-medium size-medium\" alt=\"\" srcset=\"https:\/\/www.radiopiu.net\/wordpress\/wp-content\/uploads\/2024\/12\/COOP1-5-300x145.png 300w, https:\/\/www.radiopiu.net\/wordpress\/wp-content\/uploads\/2024\/12\/COOP1-5.png 485w\" sizes=\"auto, (max-width: 300px) 100vw, 300px\" \/><\/a>\n\t\t\t\t<\/dt><\/dl><br style=\"clear: both\" \/>\n\t\t\t<\/div>\n\n<p>&nbsp;<\/p>\n<p>&nbsp;<\/p>\n<p>&nbsp;<\/p>\n<hr \/>\n<p>&nbsp;<\/p>\n<p>&nbsp;<\/p>\n<p><strong><a class=\"dt-pswp-item\" href=\"https:\/\/www.radiopiu.net\/wordpress\/wp-content\/uploads\/2023\/12\/ANTENNA.png\" data-dt-img-description=\"\" data-large_image_width=\"300\" data-large_image_height=\"166\"><img loading=\"lazy\" decoding=\"async\" class=\"wp-image-366306 alignright\" src=\"https:\/\/www.radiopiu.net\/wordpress\/wp-content\/uploads\/2023\/12\/ANTENNA.png\" alt=\"\" width=\"101\" height=\"56\" \/><\/a><a class=\"dt-pswp-item\" href=\"https:\/\/www.radiopiu.net\/wordpress\/wp-content\/uploads\/2024\/11\/th-17.jpg\" data-dt-img-description=\"\" data-large_image_width=\"224\" data-large_image_height=\"180\"><img loading=\"lazy\" decoding=\"async\" class=\" wp-image-421610 alignleft\" src=\"https:\/\/www.radiopiu.net\/wordpress\/wp-content\/uploads\/2024\/11\/th-17.jpg\" alt=\"\" width=\"167\" height=\"134\" \/><\/a>ogni sera alle 19 le anticipazioni alla radio, quello che poi seguirete nel TELEGIORNALE BELLUNESE\u00a0 in onda alle 19.30 sul CANALE 10 del digitale terrestre.\u00a0\u00a0<\/strong><\/p>\n<p>&nbsp;<\/p>\n<p>&nbsp;<\/p>\n<p><strong>DI STEFANO BOZZI<\/strong><\/p>\n<audio class=\"wp-audio-shortcode\" id=\"audio-424631-10\" preload=\"none\" style=\"width: 100%;\" controls=\"controls\"><source type=\"audio\/mpeg\" src=\"https:\/\/www.radiopiu.net\/wordpress\/wp-content\/uploads\/2024\/12\/ANTENNA3-8.mp3?_=10\" \/><a href=\"https:\/\/www.radiopiu.net\/wordpress\/wp-content\/uploads\/2024\/12\/ANTENNA3-8.mp3\">https:\/\/www.radiopiu.net\/wordpress\/wp-content\/uploads\/2024\/12\/ANTENNA3-8.mp3<\/a><\/audio>\n<p>&nbsp;<\/p>\n<hr \/>\n<p>&nbsp;<\/p>\n<blockquote>\n<h3>ACQUA NON POTABILE A CENCENIGHE<\/h3>\n<\/blockquote>\n<p><strong>CENCENIGHE<\/strong> Gestione Servizi Pubblici informa che a Cencenighe in localit\u00e0 Pr\u00e0 Di Mezzo l&#8217;acqua erogata dall&#8217;acquedotto non \u00e8 potabile e non pu\u00f2 essere usata per scopi alimentari. Verr\u00e0 effettuato servizio sostitutivo con cisterna in localit\u00e0 Pr\u00e0 di Mezzo.<\/p>\n<div class=\"moz-text-html\" lang=\"x-unicode\"><strong>LIVINALLONGO\u00a0<\/strong> in localit\u00e0 LARZONEI l&#8217;acqua erogata dall&#8217;acquedotto \u00e8 di nuovo potabile e pu\u00f2 essere usata, quindi, per scopi alimentari.<\/div>\n<blockquote>\n<h3>\u00a0 33 DI SAURIS: CHIUSA PER NEVE<\/h3>\n<\/blockquote>\n<p><img loading=\"lazy\" decoding=\"async\" class=\"alignleft\" src=\"https:\/\/www.radiopiu.net\/wordpress\/wp-content\/uploads\/2024\/12\/Senza-nome-54.png\" width=\"148\" height=\"85\" \/><\/p>\n<p><strong>VENETO STRADE<\/strong> informa che la provinciale 33 di Sauris, in Comune di Vigo di Cadore alle 17 di ieri D \u00e8 totalmente chiusa, lo rimarr\u00e0 fino alle ripristinate condizioni di sicurezza, ovvero al termine del periodo invernale .<\/p>\n<p>&nbsp;<\/p>\n<p><a class=\"dt-pswp-item\" href=\"https:\/\/www.radiopiu.net\/wordpress\/wp-content\/uploads\/2024\/12\/af1b342c-019e-4330-b9e7-bd5bf9eb62a8.jpg\" data-dt-img-description=\"\" data-large_image_width=\"904\" data-large_image_height=\"1278\"><img loading=\"lazy\" decoding=\"async\" class=\"aligncenter wp-image-424876 size-large\" src=\"https:\/\/www.radiopiu.net\/wordpress\/wp-content\/uploads\/2024\/12\/af1b342c-019e-4330-b9e7-bd5bf9eb62a8-724x1024.jpg\" alt=\"\" width=\"724\" height=\"1024\" srcset=\"https:\/\/www.radiopiu.net\/wordpress\/wp-content\/uploads\/2024\/12\/af1b342c-019e-4330-b9e7-bd5bf9eb62a8-724x1024.jpg 724w, https:\/\/www.radiopiu.net\/wordpress\/wp-content\/uploads\/2024\/12\/af1b342c-019e-4330-b9e7-bd5bf9eb62a8-212x300.jpg 212w, https:\/\/www.radiopiu.net\/wordpress\/wp-content\/uploads\/2024\/12\/af1b342c-019e-4330-b9e7-bd5bf9eb62a8-768x1086.jpg 768w, https:\/\/www.radiopiu.net\/wordpress\/wp-content\/uploads\/2024\/12\/af1b342c-019e-4330-b9e7-bd5bf9eb62a8.jpg 904w\" sizes=\"auto, (max-width: 724px) 100vw, 724px\" \/><\/a><\/p>\n<hr \/>\n<p>&nbsp;<\/p>\n<blockquote>\n<h2>Gli interventi del Suem 118 di ieri: investimenti, cadute e un malore<\/h2>\n<\/blockquote>\n<div class=\"flex max-w-full flex-col flex-grow\">\n<div class=\"min-h-8 text-message flex w-full flex-col items-end gap-2 whitespace-normal break-words text-start [.text-message+&amp;]:mt-5\" dir=\"auto\" data-message-author-role=\"assistant\" data-message-id=\"1f2947d0-0cdc-4d6b-9401-b55e2fbfd634\" data-message-model-slug=\"gpt-4o\">\n<div class=\"flex w-full flex-col gap-1 empty:hidden first:pt-[3px]\">\n<div class=\"markdown prose w-full break-words dark:prose-invert dark\">\n<p>TAIBON<\/p>\n<p><img loading=\"lazy\" decoding=\"async\" class=\"alignleft\" src=\"https:\/\/www.radiopiu.net\/wordpress\/wp-content\/uploads\/2024\/12\/foto-soccorso.jpg\" width=\"224\" height=\"304\" \/>Una giornata intensa quella di ieri per il personale del Suem 118, impegnato in diversi interventi di emergenza tra le montagne e le strade del Bellunese. Di seguito il resoconto degli episodi pi\u00f9 significativi:<\/p>\n<p><strong>Ore 11:55 &#8211; Investimento a Feltre<\/strong><br \/>\nUna donna di 60 anni \u00e8 stata investita in pieno centro a Feltre. Soccorsa tempestivamente dai sanitari del 118, \u00e8 stata trasportata in gravi condizioni all&#8217;ospedale <strong>Santa Maria del Prato<\/strong>. Fortunatamente, non \u00e8 in pericolo di vita.<\/p>\n<p><strong>Ore 13:52 &#8211; Caduta sulle piste di Arabba<\/strong><br \/>\nUn\u2019ottantenne di nazionalit\u00e0 inglese, mentre sciava sulle piste di Arabba, \u00e8 caduta rovinosamente. Le sue condizioni, pur non critiche, sono state giudicate medio-gravi. L\u2019intervento dell\u2019elicottero <strong>Falco<\/strong> \u00e8 stato necessario per trasferirla rapidamente all\u2019ospedale di Belluno, dove \u00e8 stata ricoverata per accertamenti.<\/p>\n<p><strong>Ore 14:27 &#8211; Ciclista investito a Belluno<\/strong><br \/>\nUn uomo di 73 anni \u00e8 stato investito in <strong>via Medaglie d\u2019Oro<\/strong> a Belluno. Provvidenziale l\u2019intervento di un\u2019ambulanza di Pieve di Cadore, che si trovava casualmente in transito. Il ciclista \u00e8 stato trasportato al <strong>San Martino di Belluno<\/strong>, ma solo per accertamenti, poich\u00e9 non ha riportato ferite gravi.<\/p>\n<p><strong>Ore 19:07 &#8211; Malore a Forno di Zoldo<\/strong><br \/>\nUn giovane di 29 anni \u00e8 stato colpito da un malore nella frazione di Forno di Zoldo. Anche in questo caso si \u00e8 reso necessario l\u2019intervento dell\u2019elicottero per il trasferimento all\u2019ospedale di Belluno. Fortunatamente, le sue condizioni non destano preoccupazioni.<\/p>\n<\/div>\n<\/div>\n<\/div>\n<\/div>\n<div class=\"mb-2 flex gap-3 empty:hidden -ml-2\">\n<div class=\"flex items-center pb-0\"><\/div>\n<\/div>\n<p>&nbsp;<\/p>\n<p>&nbsp;<\/p>\n<hr \/>\n<p>&nbsp;<\/p>\n<blockquote>\n<h3 class=\"entry-title\"><a class=\"dt-pswp-item\" href=\"https:\/\/www.radiopiu.net\/wordpress\/wp-content\/uploads\/2024\/12\/Senza-nome-76.png\" data-dt-img-description=\"\" data-large_image_width=\"504\" data-large_image_height=\"281\"><img loading=\"lazy\" decoding=\"async\" class=\" wp-image-424715 alignleft\" src=\"https:\/\/www.radiopiu.net\/wordpress\/wp-content\/uploads\/2024\/12\/Senza-nome-76-300x167.png\" alt=\"\" width=\"221\" height=\"123\" srcset=\"https:\/\/www.radiopiu.net\/wordpress\/wp-content\/uploads\/2024\/12\/Senza-nome-76-300x167.png 300w, https:\/\/www.radiopiu.net\/wordpress\/wp-content\/uploads\/2024\/12\/Senza-nome-76.png 504w\" sizes=\"auto, (max-width: 221px) 100vw, 221px\" \/><\/a>E\u2019 GRAVE LA DONNA INVESTITA A PEDAVENA<\/h3>\n<\/blockquote>\n<p><strong>PEDAVENA<\/strong> Ieri poco prima di mezzogiorno una donna di 60 anni del luogo, Antonella Fedele \u00e8 stata investita da una donna di 39 anni. Il personale sanitario giunto sul luogo del sinistro ha provveduto a stabilizzare la donna per il trasporto in urgenza al Santa Maria del Prato dove \u00e8 giunta in condizioni gravi, ma non in pericolo di vita<\/p>\n<p>Ieri, diversi incidente, fortunatamente senza feriti gravi anche a Sedico (foto) e nei pressi del distributore Cucagas.<\/p>\n<p>&nbsp;<\/p>\n<hr \/>\n<p>&nbsp;<\/p>\n<blockquote>\n<h1>Comprensorio sciistico Arabba-Marmolada: incidente sulla pista Ornella<\/h1>\n<\/blockquote>\n<p><strong>LIVINALLONGO\u00a0 &#8211; BELLUNO<\/strong><\/p>\n<p><a class=\"dt-pswp-item\" href=\"https:\/\/www.radiopiu.net\/wordpress\/wp-content\/uploads\/2024\/12\/foto-soccorso.jpg\" data-dt-img-description=\"\" data-large_image_width=\"1070\" data-large_image_height=\"1450\"><img loading=\"lazy\" decoding=\"async\" class=\"size-medium wp-image-424843 alignleft\" src=\"https:\/\/www.radiopiu.net\/wordpress\/wp-content\/uploads\/2024\/12\/foto-soccorso-221x300.jpg\" alt=\"\" width=\"221\" height=\"300\" srcset=\"https:\/\/www.radiopiu.net\/wordpress\/wp-content\/uploads\/2024\/12\/foto-soccorso-221x300.jpg 221w, https:\/\/www.radiopiu.net\/wordpress\/wp-content\/uploads\/2024\/12\/foto-soccorso-756x1024.jpg 756w, https:\/\/www.radiopiu.net\/wordpress\/wp-content\/uploads\/2024\/12\/foto-soccorso-768x1041.jpg 768w, https:\/\/www.radiopiu.net\/wordpress\/wp-content\/uploads\/2024\/12\/foto-soccorso.jpg 1070w\" sizes=\"auto, (max-width: 221px) 100vw, 221px\" \/><\/a>Nel pomeriggio dell\u201911 dicembre, intorno alle ore 15:00, un incidente ha interrotto la tranquilla giornata sugli sci nel comprensorio di Arabba-Marmolada. Un uomo italiano di 70 anni, durante una discesa autonoma lungo la pista <strong>Ornella<\/strong>, \u00e8 caduto rovinosamente, riportando un grave trauma alla gamba destra.<\/p>\n<p>A seguito della caduta, lo sciatore \u00e8 rimasto adagiato a terra, lamentando un forte dolore. Gli operatori della <strong>Polizia di Stato<\/strong>, in servizio di sicurezza e soccorso in montagna, sono intervenuti prontamente. Dopo un rapido controllo visivo e tattile dell\u2019arto ferito, gli agenti hanno valutato la situazione come grave, optando per non trasportare l\u2019infortunato a valle ma richiedendo l\u2019intervento dell\u2019elisoccorso.<\/p>\n<p>Per garantire un atterraggio sicuro all\u2019elicottero, la pista \u00e8 stata momentaneamente chiusa dagli operatori, con grande collaborazione da parte degli altri sciatori presenti. Lo sciatore \u00e8 stato quindi affidato alle cure del personale medico e trasportato d\u2019urgenza all\u2019ospedale <strong>San Martino di Belluno<\/strong>, dove gli \u00e8 stata diagnosticata la frattura di tibia e perone della gamba destra.<\/p>\n<p><strong><a class=\"dt-pswp-item\" href=\"https:\/\/www.radiopiu.net\/wordpress\/wp-content\/uploads\/2024\/12\/foto-soccorso-piste.jpg\" data-dt-img-description=\"\" data-large_image_width=\"1599\" data-large_image_height=\"899\"><img loading=\"lazy\" decoding=\"async\" class=\" wp-image-424842 alignright\" src=\"https:\/\/www.radiopiu.net\/wordpress\/wp-content\/uploads\/2024\/12\/foto-soccorso-piste-300x169.jpg\" alt=\"\" width=\"209\" height=\"118\" srcset=\"https:\/\/www.radiopiu.net\/wordpress\/wp-content\/uploads\/2024\/12\/foto-soccorso-piste-300x169.jpg 300w, https:\/\/www.radiopiu.net\/wordpress\/wp-content\/uploads\/2024\/12\/foto-soccorso-piste-1024x576.jpg 1024w, https:\/\/www.radiopiu.net\/wordpress\/wp-content\/uploads\/2024\/12\/foto-soccorso-piste-768x432.jpg 768w, https:\/\/www.radiopiu.net\/wordpress\/wp-content\/uploads\/2024\/12\/foto-soccorso-piste-1536x864.jpg 1536w, https:\/\/www.radiopiu.net\/wordpress\/wp-content\/uploads\/2024\/12\/foto-soccorso-piste.jpg 1599w\" sizes=\"auto, (max-width: 209px) 100vw, 209px\" \/><\/a>Sicurezza in montagna: un richiamo alla prudenza<\/strong><br \/>\nA seguito dell\u2019incidente, la Polizia di Stato ha ribadito l\u2019importanza di adottare la massima attenzione e cautela durante l\u2019attivit\u00e0 sciistica. Gli sport invernali, seppur entusiasmanti, richiedono una preparazione adeguata e il rispetto delle regole di sicurezza, specialmente nelle piste pi\u00f9 impegnative.<\/p>\n<p>&nbsp;<\/p>\n<p>&nbsp;<\/p>\n<hr \/>\n<p>&nbsp;<\/p>\n<blockquote>\n<h3>GDF BELLUNO: CONDANNATO A TRE ANNI DI RECLUSIONE PER PECULATO, CONFISCATI I BENI PERSONALI PER OLTRE TRECENTOMILA EURO AD UN TUTORE GIUDIZIALE<\/h3>\n<\/blockquote>\n<p><strong><a class=\"dt-pswp-item\" href=\"https:\/\/www.radiopiu.net\/wordpress\/wp-content\/uploads\/2024\/09\/GUARDIA-FINANZA.jpg\" data-dt-img-description=\"\" data-large_image_width=\"900\" data-large_image_height=\"900\"><img loading=\"lazy\" decoding=\"async\" class=\" wp-image-409000 alignleft\" src=\"https:\/\/www.radiopiu.net\/wordpress\/wp-content\/uploads\/2024\/09\/GUARDIA-FINANZA-300x300.jpg\" alt=\"\" width=\"160\" height=\"160\" srcset=\"https:\/\/www.radiopiu.net\/wordpress\/wp-content\/uploads\/2024\/09\/GUARDIA-FINANZA-300x300.jpg 300w, https:\/\/www.radiopiu.net\/wordpress\/wp-content\/uploads\/2024\/09\/GUARDIA-FINANZA-150x150.jpg 150w, https:\/\/www.radiopiu.net\/wordpress\/wp-content\/uploads\/2024\/09\/GUARDIA-FINANZA-768x768.jpg 768w, https:\/\/www.radiopiu.net\/wordpress\/wp-content\/uploads\/2024\/09\/GUARDIA-FINANZA.jpg 900w\" sizes=\"auto, (max-width: 160px) 100vw, 160px\" \/><\/a>BELLUNO <\/strong>Il Tribunale di Belluno ha condannato l&#8217;imprenditore 78enne Luciano Pasin, a tre anni di reclusione per peculato. Le indagini, condotte dalla Guardia di Finanza di Belluno, hanno rivelato una gestione negligente e illecita del patrimonio di una donna interdetta, della quale Pasin era tutore giudiziale. Nel 2019, un sequestro preventivo aveva interessato beni per un valore di oltre 303mila euro, compresi immobili a Belluno e Treviso. Le accuse includevano appropriazioni indebite, come l\u2019intera somma ricavata dalla vendita di un immobile di famiglia e il prelievo di oltre 84mila euro dal conto della tutelata. La Procura ha dimostrato la natura pubblica della tutela, qualificando Pasin come pubblico ufficiale. Anche la figlia, protutrice, avrebbe cooperato nella gestione del patrimonio. Il risarcimento dei danni ha attenuato le conseguenze penali.<\/p>\n<blockquote><p><em>&#8220;&#8230;le Fiamme Gialle procedevano al sequestro di circa 5.000 euro sui conti correnti e, all\u2019applicazione della misura ablatoria su quattro appartamenti e tre garage a Belluno; appartamento e garage a Treviso, intestati pro-quota all\u2019indagato, sino alla <\/em><em>concorrenza dei residui euro 298.088,85&#8243;.\u00a0<\/em><\/p>\n<h3 class=\"_title post-title entry-title\">SOTTRAE OLTRE 400MILA EURO ALLA SORELLA, TUTORE LEGALE CONDANNATO A 3 ANNI<\/h3>\n<\/blockquote>\n<p>. (Servizio di\u00a0<a href=\"https:\/\/antennatre.medianordest.it\/redazione\/Stefano-Bozzi\/\">Stefano Bozzi<\/a>)<\/p>\n<p><iframe loading=\"lazy\" title=\"SOTTRAE OLTRE 400MILA EURO ALLA SORELLA, TUTORE LEGALE CONDANNATO A 3 ANNI | 13\/12\/2024\" width=\"1200\" height=\"675\" src=\"https:\/\/www.youtube.com\/embed\/3WePHdWCU9o?feature=oembed\" frameborder=\"0\" allow=\"accelerometer; autoplay; clipboard-write; encrypted-media; gyroscope; picture-in-picture; web-share\" referrerpolicy=\"strict-origin-when-cross-origin\" allowfullscreen><\/iframe><\/p>\n<p>&nbsp;<\/p>\n<p>&nbsp;<\/p>\n<hr \/>\n<p>&nbsp;<\/p>\n<blockquote>\n<h3 class=\"entry-title\">Belluno: sequestrati 2.000 articoli natalizi non sicuri<\/h3>\n<\/blockquote>\n<p><strong><img loading=\"lazy\" decoding=\"async\" class=\"alignleft\" src=\"https:\/\/www.radiopiu.net\/wordpress\/wp-content\/uploads\/2021\/07\/d8eacfdd-c14a-4604-8934-c2514bad0868.jpg\" width=\"189\" height=\"126\" \/>BELLUNO<\/strong> I militari del Comando Provinciale di Belluno hanno sequestrato circa 2.000 prodotti natalizi non conformi, dal valore di 10.000 euro, presso un&#8217;attivit\u00e0 commerciale. Gli articoli, privi di etichette adeguate e informazioni sul produttore, esponevano i consumatori a rischi per la salute e l&#8217;ambiente. I responsabili sono stati segnalati alla Camera di Commercio per violazioni al codice del consumo, con sanzioni fino a 60.000 euro. L&#8217;operazione evidenzia l&#8217;impegno della Guardia di Finanza nel garantire sicurezza pubblica, tutelare i consumatori e proteggere le imprese rispettose della legalit\u00e0. Questo intervento ribadisce l&#8217;importanza di controlli costanti per la qualit\u00e0 dei prodotti sul mercato.<\/p>\n<p>&nbsp;<\/p>\n<hr \/>\n<p>&nbsp;<\/p>\n<blockquote>\n<h3>GDF: LA VISITA DEL COMANDANTE REGIONALE VENETO AL COMANDO PROVINCIALE DI BELLUNO<\/h3>\n<\/blockquote>\n<p><strong><a class=\"dt-pswp-item\" href=\"https:\/\/www.radiopiu.net\/wordpress\/wp-content\/uploads\/2021\/07\/f4c337a3-ac9c-493f-80be-951c4d412476.jpg\" data-dt-img-description=\"\" data-large_image_width=\"1080\" data-large_image_height=\"763\"><img loading=\"lazy\" decoding=\"async\" class=\" wp-image-222505 alignleft\" src=\"https:\/\/www.radiopiu.net\/wordpress\/wp-content\/uploads\/2021\/07\/f4c337a3-ac9c-493f-80be-951c4d412476-300x212.jpg\" alt=\"\" width=\"191\" height=\"135\" srcset=\"https:\/\/www.radiopiu.net\/wordpress\/wp-content\/uploads\/2021\/07\/f4c337a3-ac9c-493f-80be-951c4d412476-300x212.jpg 300w, https:\/\/www.radiopiu.net\/wordpress\/wp-content\/uploads\/2021\/07\/f4c337a3-ac9c-493f-80be-951c4d412476-1024x723.jpg 1024w, https:\/\/www.radiopiu.net\/wordpress\/wp-content\/uploads\/2021\/07\/f4c337a3-ac9c-493f-80be-951c4d412476-768x543.jpg 768w, https:\/\/www.radiopiu.net\/wordpress\/wp-content\/uploads\/2021\/07\/f4c337a3-ac9c-493f-80be-951c4d412476.jpg 1080w\" sizes=\"auto, (max-width: 191px) 100vw, 191px\" \/><\/a>BELLUNO<\/strong> il Generale di Divisione Riccardo Rapanotti, Comandante Regionale Veneto della Guardia di Finanza, ha visitato il Comando Provinciale di Belluno. Accolto con gli onori di rito dal Colonnello Roberto Atzori, ha partecipato a un briefing istituzionale durante il quale sono stati analizzati la situazione socio-economica locale, le principali attivit\u00e0 operative, la gestione del personale e lo stato delle infrastrutture. Successivamente, il Generale ha incontrato rappresentanti di tutti i livelli del personale del Comando Provinciale. Rapanotti ha espresso apprezzamento per il lavoro svolto dai finanzieri bellunesi, incoraggiandoli a continuare l\u2019impegno nel contrasto alla criminalit\u00e0 economico-finanziaria per garantire legalit\u00e0 e tutela alle imprese e ai cittadini.<\/p>\n<p>&nbsp;<\/p>\n<p>&nbsp;<\/p>\n<hr \/>\n<p>&nbsp;<\/p>\n<blockquote>\n<h3>L&#8217;ASSESSORE REGIONALE AL TURISMO REPLICA AL SINDACO DI LIVINALLONGO. 16 MILIONI DI EURO PER QUATTRO IMPIANTI A FUNE<\/h3>\n<\/blockquote>\n<p><strong><a class=\"dt-pswp-item\" href=\"https:\/\/www.radiopiu.net\/wordpress\/wp-content\/uploads\/2021\/03\/FEDERICO-CANER.jpg\" data-dt-img-description=\"\" data-large_image_width=\"1490\" data-large_image_height=\"1122\"><img loading=\"lazy\" decoding=\"async\" class=\" wp-image-195491 alignleft\" src=\"https:\/\/www.radiopiu.net\/wordpress\/wp-content\/uploads\/2021\/03\/FEDERICO-CANER-300x226.jpg\" alt=\"\" width=\"175\" height=\"132\" srcset=\"https:\/\/www.radiopiu.net\/wordpress\/wp-content\/uploads\/2021\/03\/FEDERICO-CANER-300x226.jpg 300w, https:\/\/www.radiopiu.net\/wordpress\/wp-content\/uploads\/2021\/03\/FEDERICO-CANER-1024x771.jpg 1024w, https:\/\/www.radiopiu.net\/wordpress\/wp-content\/uploads\/2021\/03\/FEDERICO-CANER-768x578.jpg 768w, https:\/\/www.radiopiu.net\/wordpress\/wp-content\/uploads\/2021\/03\/FEDERICO-CANER.jpg 1490w\" sizes=\"auto, (max-width: 175px) 100vw, 175px\" \/><\/a>VENEZIA<\/strong> Dopo le precisazioni arrivate dall&#8217;assessore regionale Gianpaolo Bottacin, anche l&#8217;assessore regionale al turismo Federico Caner replica alle affermazioni del sindaco di Livinallongo Oscar Nagler che nei giorni scorsi tramite i social ha pubblicato un video dove veniva tirata in ballo la Regione che non prestava l&#8217;attenzione necessaria\u00a0 al comune di Livinallongo di concedere i finanziamenti necessari di cui necessita.<\/p>\n<p>&nbsp;<\/p>\n<p><strong>L&#8217;ASSESSORE REGIONALE FEDERICO CANER<\/strong><\/p>\n<audio class=\"wp-audio-shortcode\" id=\"audio-424631-11\" preload=\"none\" style=\"width: 100%;\" controls=\"controls\"><source type=\"audio\/mpeg\" src=\"https:\/\/www.radiopiu.net\/wordpress\/wp-content\/uploads\/2024\/12\/CANER-NAGLER.mp3?_=11\" \/><a href=\"https:\/\/www.radiopiu.net\/wordpress\/wp-content\/uploads\/2024\/12\/CANER-NAGLER.mp3\">https:\/\/www.radiopiu.net\/wordpress\/wp-content\/uploads\/2024\/12\/CANER-NAGLER.mp3<\/a><\/audio>\n<p>&nbsp;<\/p>\n<hr \/>\n<p>&nbsp;<\/p>\n<blockquote>\n<h2>VIGILI DEL FUOCO: CONTRIBUTI PER TUTTI. IL CONSIGLIO REGIONALE MODIFICA<\/h2>\n<\/blockquote>\n<p><img loading=\"lazy\" decoding=\"async\" class=\"alignleft\" src=\"https:\/\/www.radiopiu.net\/wordpress\/wp-content\/uploads\/2024\/03\/vigili-inverno-1.jpg\" width=\"193\" height=\"122\" \/><strong>VENEZIA<\/strong> La proposta di riparto \u00e8 stata rivista. Ne da notizia l&#8217;assessore alla Protezione Civile Gianpaolo Bottacin. La commissione ha ritenuto di modificare la proposta, quindi contributi per tutti i distaccamenti.<\/p>\n<p>&nbsp;<\/p>\n<p><strong>L&#8217;ASSESSORE GIANPAOLO BOTTACIN<\/strong><\/p>\n<audio class=\"wp-audio-shortcode\" id=\"audio-424631-12\" preload=\"none\" style=\"width: 100%;\" controls=\"controls\"><source type=\"audio\/mpeg\" src=\"https:\/\/www.radiopiu.net\/wordpress\/wp-content\/uploads\/2024\/12\/GIANPAOLO-VIGILI-DEL-FUOCO-1.mp3?_=12\" \/><a href=\"https:\/\/www.radiopiu.net\/wordpress\/wp-content\/uploads\/2024\/12\/GIANPAOLO-VIGILI-DEL-FUOCO-1.mp3\">https:\/\/www.radiopiu.net\/wordpress\/wp-content\/uploads\/2024\/12\/GIANPAOLO-VIGILI-DEL-FUOCO-1.mp3<\/a><\/audio>\n<p>&nbsp;<\/p>\n<div class=\"page-title-head hgroup\">\n<h2 class=\"entry-title\">BOTTACIN RISPONDE A NAGLER \u201cPOLEMICHE ASSURDE, DAL 2018 AD OGGI A LIVINALLONGO SONO STATI DESTINATI 48 MILIONI DI EURO\u201d<\/h2>\n<\/div>\n<div class=\"page-title-breadcrumbs\"><\/div>\n<p><strong>REDAZIONE<\/strong> Nel giorno in cui\u00a0La Giunta approva l&#8217;assegnazione dei contributi ai Distaccamenti volontari dei Vigili del Fuoco<br \/>\nL&#8217;assessore Bottacin ricorda che i contributi\u00a0 andranno a tutti i trenta distaccamenti presenti sul territorio veneto. Ai microfoni di RADIOPIU l&#8217;assessore alla protezione civile risponde alle recenti critiche del sindaco Oscar Nagler.<\/p>\n<p><strong>GIANPAOLO BOTTACIN<\/strong><\/p>\n<audio class=\"wp-audio-shortcode\" id=\"audio-424631-13\" preload=\"none\" style=\"width: 100%;\" controls=\"controls\"><source type=\"audio\/mpeg\" src=\"https:\/\/www.radiopiu.net\/wordpress\/wp-content\/uploads\/2024\/12\/bottacin-nagles.mp3?_=13\" \/><a href=\"https:\/\/www.radiopiu.net\/wordpress\/wp-content\/uploads\/2024\/12\/bottacin-nagles.mp3\">https:\/\/www.radiopiu.net\/wordpress\/wp-content\/uploads\/2024\/12\/bottacin-nagles.mp3<\/a><\/audio>\n<p>___<\/p>\n<p><strong>IL VIDEO INSTAGRAM<\/strong><\/p>\n<div style=\"width: 848px;\" class=\"wp-video\"><video class=\"wp-video-shortcode\" id=\"video-424631-1\" width=\"848\" height=\"480\" preload=\"metadata\" controls=\"controls\"><source type=\"video\/mp4\" src=\"https:\/\/www.radiopiu.net\/wordpress\/wp-content\/uploads\/2024\/12\/WhatsApp-Video-2024-12-10-at-17.38.52.mp4?_=1\" \/><a href=\"https:\/\/www.radiopiu.net\/wordpress\/wp-content\/uploads\/2024\/12\/WhatsApp-Video-2024-12-10-at-17.38.52.mp4\">https:\/\/www.radiopiu.net\/wordpress\/wp-content\/uploads\/2024\/12\/WhatsApp-Video-2024-12-10-at-17.38.52.mp4<\/a><\/video><\/div>\n<p>&nbsp;<\/p>\n<p>&nbsp;<\/p>\n<p>&nbsp;<\/p>\n<hr \/>\n<p>&nbsp;<\/p>\n<blockquote>\n<h3>IL QUESTORE FRANCESCO ZERILLI PRONTO A LASCIARE BELLUNO PER PRENDERE L&#8217;INCARICO A VICENZA<\/h3>\n<\/blockquote>\n<p><strong><a class=\"dt-pswp-item\" href=\"https:\/\/www.radiopiu.net\/wordpress\/wp-content\/uploads\/2024\/12\/1d7d2d57-6866-4c44-a86f-a875e7314a2c-scaled.jpg\" data-dt-img-description=\"\" data-large_image_width=\"2560\" data-large_image_height=\"1920\"><img loading=\"lazy\" decoding=\"async\" class=\" wp-image-424690 alignleft\" src=\"https:\/\/www.radiopiu.net\/wordpress\/wp-content\/uploads\/2024\/12\/1d7d2d57-6866-4c44-a86f-a875e7314a2c-300x225.jpg\" alt=\"\" width=\"159\" height=\"119\" srcset=\"https:\/\/www.radiopiu.net\/wordpress\/wp-content\/uploads\/2024\/12\/1d7d2d57-6866-4c44-a86f-a875e7314a2c-300x225.jpg 300w, https:\/\/www.radiopiu.net\/wordpress\/wp-content\/uploads\/2024\/12\/1d7d2d57-6866-4c44-a86f-a875e7314a2c-1024x768.jpg 1024w, https:\/\/www.radiopiu.net\/wordpress\/wp-content\/uploads\/2024\/12\/1d7d2d57-6866-4c44-a86f-a875e7314a2c-768x576.jpg 768w, https:\/\/www.radiopiu.net\/wordpress\/wp-content\/uploads\/2024\/12\/1d7d2d57-6866-4c44-a86f-a875e7314a2c-1536x1152.jpg 1536w, https:\/\/www.radiopiu.net\/wordpress\/wp-content\/uploads\/2024\/12\/1d7d2d57-6866-4c44-a86f-a875e7314a2c-2048x1536.jpg 2048w\" sizes=\"auto, (max-width: 159px) 100vw, 159px\" \/><\/a>BELLUNO<\/strong> Ultimi giorni a Belluno per il Questore Francesco Zerilli, destinato a prendere incarico a Vicenza. Nel suo bilancio di fine mandato, l&#8217;orgoglio per l&#8217;attivit\u00e0 messa in campo e i risultati raggiunti, ma anche per aver costruito le basi degli impegni futuri, non solo in ottica olimpica.<\/p>\n<p><strong>DI DANIELE DALVIT<\/strong><\/p>\n<audio class=\"wp-audio-shortcode\" id=\"audio-424631-14\" preload=\"none\" style=\"width: 100%;\" controls=\"controls\"><source type=\"audio\/mpeg\" src=\"https:\/\/www.radiopiu.net\/wordpress\/wp-content\/uploads\/2024\/12\/Servizio-Saluto-questore-Zerilli.mp3?_=14\" \/><a href=\"https:\/\/www.radiopiu.net\/wordpress\/wp-content\/uploads\/2024\/12\/Servizio-Saluto-questore-Zerilli.mp3\">https:\/\/www.radiopiu.net\/wordpress\/wp-content\/uploads\/2024\/12\/Servizio-Saluto-questore-Zerilli.mp3<\/a><\/audio>\n<p>&nbsp;<\/p>\n<hr \/>\n<p>&nbsp;<\/p>\n<blockquote>\n<h3>NUOVI QUESTORI A BELLUNO E VICENZA, IL BENVENUTO DI ZAIA<\/h3>\n<\/blockquote>\n<p><strong>VENEZIA<\/strong> \u201cRivolgo ai nuovi Questori di Belluno e Vicenza i miei migliori auguri di buon lavoro, garantendo loro sin d\u2019ora la massima disponibilit\u00e0 della Regione a ogni collaborazione istituzionale possibile per garantire ai cittadini tranquillit\u00e0 di vita e sicurezza\u201d Lo dice il Presidente della Regione Veneto, Luca Zaia, nel dare il benvenuto ai nuovi questori di Belluno, Roberto Della Rocca, e di Vicenza, Francesco Zerilli.<\/p>\n<p>&nbsp;<\/p>\n<p>&nbsp;<\/p>\n<hr \/>\n<p>&nbsp;<\/p>\n<blockquote>\n<h3>LORRAINE BERTON SCRIVE AD ANDREA VARNIER PER ATTIVARE L&#8217;UFFICIO DELLA FONDAZIONE MILANO CORTINA A BELLUNO<\/h3>\n<\/blockquote>\n<p><strong><a class=\"dt-pswp-item\" href=\"https:\/\/www.radiopiu.net\/wordpress\/wp-content\/uploads\/2024\/08\/Lorraine_Berton-COPERTINA.jpg\" data-dt-img-description=\"\" data-large_image_width=\"767\" data-large_image_height=\"573\"><img loading=\"lazy\" decoding=\"async\" class=\" wp-image-405420 alignleft\" src=\"https:\/\/www.radiopiu.net\/wordpress\/wp-content\/uploads\/2024\/08\/Lorraine_Berton-COPERTINA-300x224.jpg\" alt=\"\" width=\"189\" height=\"141\" srcset=\"https:\/\/www.radiopiu.net\/wordpress\/wp-content\/uploads\/2024\/08\/Lorraine_Berton-COPERTINA-300x224.jpg 300w, https:\/\/www.radiopiu.net\/wordpress\/wp-content\/uploads\/2024\/08\/Lorraine_Berton-COPERTINA.jpg 767w\" sizes=\"auto, (max-width: 189px) 100vw, 189px\" \/><\/a>BELLUNO<\/strong> Lorraine Berton, presidente di Confindustria Belluno Dolomiti, ha chiesto alla Fondazione Milano Cortina 2026, guidata da Andrea Varnier, di aprire un ufficio a Belluno per favorire il coinvolgimento del territorio veneto nei Giochi Olimpici. Berton ha offerto spazi nella sede di Confindustria e sottolineato l&#8217;importanza di avvicinare l&#8217;organizzazione alle Dolomiti, cuore dell&#8217;evento. Ha anche sostenuto il piano del presidente del Veneto, Luca Zaia, di riconvertire il villaggio olimpico di Cortina in alloggi per lavoratori e studenti, promuovendo una &#8220;legacy&#8221; duratura. La residenzialit\u00e0 \u00e8 cruciale per progetti come la futura Facolt\u00e0 di Informatica di Belluno. L&#8217;obiettivo \u00e8 lasciare un&#8217;eredit\u00e0 positiva a imprese, famiglie e giovani.<\/p>\n<p>&nbsp;<\/p>\n<p>&nbsp;<\/p>\n<hr \/>\n<p>&nbsp;<\/p>\n<blockquote>\n<h3>IL PRESIDENTE DELLA PROVINCIA CHIEDE CHE IL VILLAGGIO OLIMPICO RIMANGA A DISPOSIZIONE<\/h3>\n<\/blockquote>\n<p><strong><a class=\"dt-pswp-item\" href=\"https:\/\/www.radiopiu.net\/wordpress\/wp-content\/uploads\/2023\/04\/PADRIN.jpeg\" data-dt-img-description=\"\" data-large_image_width=\"1110\" data-large_image_height=\"648\"><img loading=\"lazy\" decoding=\"async\" class=\" wp-image-330720 alignleft\" src=\"https:\/\/www.radiopiu.net\/wordpress\/wp-content\/uploads\/2023\/04\/PADRIN-300x175.jpeg\" alt=\"\" width=\"166\" height=\"97\" srcset=\"https:\/\/www.radiopiu.net\/wordpress\/wp-content\/uploads\/2023\/04\/PADRIN-300x175.jpeg 300w, https:\/\/www.radiopiu.net\/wordpress\/wp-content\/uploads\/2023\/04\/PADRIN-1024x598.jpeg 1024w, https:\/\/www.radiopiu.net\/wordpress\/wp-content\/uploads\/2023\/04\/PADRIN-768x448.jpeg 768w, https:\/\/www.radiopiu.net\/wordpress\/wp-content\/uploads\/2023\/04\/PADRIN.jpeg 1110w\" sizes=\"auto, (max-width: 166px) 100vw, 166px\" \/><\/a>BELLUNO<\/strong> Il presidente della Provincia di Belluno, Roberto Padrin, chiede che il villaggio olimpico di Cortina, dopo i Giochi, venga mantenuto sul territorio per ospitare lavoratori, rispondendo alla carenza di alloggi accessibili. La Provincia sta analizzando la situazione residenziale con il supporto di un\u2019agenzia incaricata di censire le infrastrutture esistenti e le iniziative recenti. Il consigliere Alberto Peterle, delegato alle politiche di residenzialit\u00e0, guida il progetto. Padrin sottolinea che la mancanza di case a prezzi accessibili rischia di ridurre l\u2019attrattivit\u00e0 della montagna bellunese, e vede nel villaggio olimpico un\u2019opportunit\u00e0 per una Legacy utile al territorio.<\/p>\n<p>&nbsp;<\/p>\n<p>&nbsp;<\/p>\n<hr \/>\n<p>&nbsp;<\/p>\n<blockquote>\n<h3>OLTRE 1,2 MILIONI DI EURO DI CONTRIBUTI PER I PIANI DI PROTEZIONE CIVILE DEGLI ENTI LOCALI<\/h3>\n<\/blockquote>\n<p><strong><a class=\"dt-pswp-item\" href=\"https:\/\/www.radiopiu.net\/wordpress\/wp-content\/uploads\/2020\/12\/BOTTACIN.png\" data-dt-img-description=\"\" data-large_image_width=\"1240\" data-large_image_height=\"682\"><img loading=\"lazy\" decoding=\"async\" class=\" wp-image-179675 alignleft\" src=\"https:\/\/www.radiopiu.net\/wordpress\/wp-content\/uploads\/2020\/12\/BOTTACIN-300x165.png\" alt=\"\" width=\"202\" height=\"111\" srcset=\"https:\/\/www.radiopiu.net\/wordpress\/wp-content\/uploads\/2020\/12\/BOTTACIN-300x165.png 300w, https:\/\/www.radiopiu.net\/wordpress\/wp-content\/uploads\/2020\/12\/BOTTACIN-1024x563.png 1024w, https:\/\/www.radiopiu.net\/wordpress\/wp-content\/uploads\/2020\/12\/BOTTACIN-768x422.png 768w, https:\/\/www.radiopiu.net\/wordpress\/wp-content\/uploads\/2020\/12\/BOTTACIN.png 1240w\" sizes=\"auto, (max-width: 202px) 100vw, 202px\" \/><\/a>VENEZIA<\/strong> L&#8217;assessore alla Protezione Civile Gianpaolo Bottacin ha annunciato che tutte le domande per la redazione o l&#8217;aggiornamento dei Piani comunali e intercomunali di Protezione Civile sono state finanziate. Il bando, promosso dalla Giunta regionale, ha visto l&#8217;assegnazione di contributi che vanno da 4.500 a 11.000 euro, per un totale di 1.248.000 euro, dopo aver inizialmente previsto 250.000 euro. Sono state finanziate 102 domande presentate da Comuni o enti associati. Gli enti beneficiari dovranno completare i piani entro 12 mesi. L&#8217;iniziativa rientra nelle azioni per potenziare il Sistema regionale di Protezione Civile.<\/p>\n<p>&nbsp;<\/p>\n<p>&nbsp;<\/p>\n<p>&nbsp;<\/p>\n<hr \/>\n<p>&nbsp;<\/p>\n<blockquote>\n<h3>UNIONI MONTANE: L&#8217;INCONTRO A PIEVE DI CADORE. SI VA VERSO UN&#8217;UNICA UNIONE IN CADORE<\/h3>\n<\/blockquote>\n<p><strong>PIEVE DI CADORE<\/strong> A Pieve di Cadore si \u00e8 tenuto un incontro tra sindaci e l\u2019assessore regionale Francesco Calzavara per discutere il riordino delle Unioni Montane (Um). Si \u00e8 proposta l\u2019unificazione delle tre Um cadorine (Comelico, Centro Cadore e Valboite) in un unico ente per rappresentare oltre 33.000 abitanti. L\u2019obiettivo \u00e8 migliorare la governance territoriale, evitando sovrapposizioni e rafforzando i servizi. Il presidente Padrin ha sottolineato la necessit\u00e0 di ridefinire le funzioni degli enti, evidenziando il problema della carenza di personale tecnico e amministrativo. Calzavara ha annunciato un tavolo tecnico a inizio 2025 per concretizzare il riordino e garantire servizi pi\u00f9 efficienti e rappresentativi per il territorio montano.<\/p>\n<p>&nbsp;<\/p>\n<p>&nbsp;<\/p>\n<hr \/>\n<p>&nbsp;<\/p>\n<blockquote>\n<h3>FABBRICHE IN CLASSE A CACCIA DI TALENTI<\/h3>\n<\/blockquote>\n<p><strong><a class=\"dt-pswp-item\" href=\"https:\/\/www.radiopiu.net\/wordpress\/wp-content\/uploads\/2024\/12\/JointWelding00.jpg\" data-dt-img-description=\"\" data-large_image_width=\"1320\" data-large_image_height=\"644\"><img loading=\"lazy\" decoding=\"async\" class=\" wp-image-424731 alignleft\" src=\"https:\/\/www.radiopiu.net\/wordpress\/wp-content\/uploads\/2024\/12\/JointWelding00-300x146.jpg\" alt=\"\" width=\"208\" height=\"101\" srcset=\"https:\/\/www.radiopiu.net\/wordpress\/wp-content\/uploads\/2024\/12\/JointWelding00-300x146.jpg 300w, https:\/\/www.radiopiu.net\/wordpress\/wp-content\/uploads\/2024\/12\/JointWelding00-1024x500.jpg 1024w, https:\/\/www.radiopiu.net\/wordpress\/wp-content\/uploads\/2024\/12\/JointWelding00-768x375.jpg 768w, https:\/\/www.radiopiu.net\/wordpress\/wp-content\/uploads\/2024\/12\/JointWelding00.jpg 1320w\" sizes=\"auto, (max-width: 208px) 100vw, 208px\" \/><\/a>SEDICO<\/strong> Joint &amp; Welding, azienda leader nel settore dell&#8217;acciaio inox, ha avviato un progetto per coinvolgere i giovani bellunesi e orientarli verso una carriera responsabile e consapevole. Dopo gli incontri con gli studenti dell&#8217;Istituto Segato di Belluno, a gennaio sar\u00e0 la volta dell&#8217;Ipsia Rizzarda di Feltre. Il progetto &#8220;Discover your talent, live your dream&#8221;, sviluppato in collaborazione con Osm Edu Srl, accompagner\u00e0 gli studenti dalla terza alla quinta superiore, offrendo formazione su temi come orientamento, educazione finanziaria e gestione del tempo. L&#8217;iniziativa mira a creare un dialogo diretto con la &#8220;generazione Z&#8221; e a promuovere le opportunit\u00e0 nel territorio, con l&#8217;obiettivo di rafforzare il sistema manifatturiero locale.<\/p>\n<p>&nbsp;<\/p>\n<p>&nbsp;<\/p>\n<hr \/>\n<p>&nbsp;<\/p>\n<blockquote>\n<h3>IL VENETO WELFARE DAY 2024<\/h3>\n<\/blockquote>\n<p><strong><a class=\"dt-pswp-item\" href=\"https:\/\/www.radiopiu.net\/wordpress\/wp-content\/uploads\/2022\/03\/Logo_VenetoLavoro.png\" data-dt-img-description=\"\" data-large_image_width=\"1791\" data-large_image_height=\"482\"><img loading=\"lazy\" decoding=\"async\" class=\" wp-image-264807 alignleft\" src=\"https:\/\/www.radiopiu.net\/wordpress\/wp-content\/uploads\/2022\/03\/Logo_VenetoLavoro-300x81.png\" alt=\"\" width=\"189\" height=\"51\" srcset=\"https:\/\/www.radiopiu.net\/wordpress\/wp-content\/uploads\/2022\/03\/Logo_VenetoLavoro-300x81.png 300w, https:\/\/www.radiopiu.net\/wordpress\/wp-content\/uploads\/2022\/03\/Logo_VenetoLavoro-1024x276.png 1024w, https:\/\/www.radiopiu.net\/wordpress\/wp-content\/uploads\/2022\/03\/Logo_VenetoLavoro-768x207.png 768w, https:\/\/www.radiopiu.net\/wordpress\/wp-content\/uploads\/2022\/03\/Logo_VenetoLavoro-1536x413.png 1536w, https:\/\/www.radiopiu.net\/wordpress\/wp-content\/uploads\/2022\/03\/Logo_VenetoLavoro.png 1791w\" sizes=\"auto, (max-width: 189px) 100vw, 189px\" \/><\/a>VENEZIA<\/strong> Il Veneto Welfare Day 2024 ha esplorato l\u2019evoluzione del welfare regionale, sottolineando l\u2019importanza di un sistema integrato per rispondere ai bisogni emergenti e promuovere equit\u00e0 lavorativa. L\u2019evento ha trattato temi come previdenza complementare, welfare territoriale, parit\u00e0 di genere e benessere organizzativo, coinvolgendo esperti e istituzioni. Si \u00e8 discusso delle disuguaglianze retributive di genere, con proposte per superarle, come trasparenza salariale, incentivi per l\u2019occupazione femminile e welfare aziendale. Il convegno ha evidenziato il ruolo crescente della contrattazione collettiva e della detassazione dei premi di risultato, con un record di adesioni in Veneto nel 2024. L\u2019approccio integrato, che include previdenza, assistenza sanitaria e misure di conciliazione vita-lavoro, \u00e8 considerato cruciale per valorizzare il lavoro femminile e migliorare il benessere dei lavoratori.<\/p>\n<p>&nbsp;<\/p>\n<p>&nbsp;<\/p>\n<hr \/>\n<p>&nbsp;<\/p>\n<blockquote>\n<h3>DUE PROPOSTE DELLA MINORANZA NEL CONSIGLIO COMUNALE DI BORGO VALBELLUNA<\/h3>\n<\/blockquote>\n<p><strong><a class=\"dt-pswp-item\" href=\"https:\/\/www.radiopiu.net\/wordpress\/wp-content\/uploads\/2024\/03\/borgo-valbelluna.png\" data-dt-img-description=\"\" data-large_image_width=\"267\" data-large_image_height=\"171\"><img loading=\"lazy\" decoding=\"async\" class=\" wp-image-377983 alignleft\" src=\"https:\/\/www.radiopiu.net\/wordpress\/wp-content\/uploads\/2024\/03\/borgo-valbelluna.png\" alt=\"\" width=\"173\" height=\"111\" \/><\/a>BORGO VALBELLUNA<\/strong> Il Gruppo consiliare Costruiamo Borgo ha presentato due proposte per il prossimo consiglio comunale di Borgo Valbelluna. La prima riguarda la messa in sicurezza di Via Giovanni da Melo e Via Quartiere Europa a Mel, dove il traffico ad alta velocit\u00e0 rappresenta un rischio per pedoni, soprattutto bambini. Si propone l\u2019installazione di segnaletica e un dosso rialzato con attraversamento pedonale. La seconda proposta interessa Sant\u2019Antonio Tortal, dove si intende verificare la propriet\u00e0 della rete GPL, costruita da Italgas negli anni \u201990, e avviare la sua trasformazione in rete metano, grazie alla vicinanza della rete Snam. L\u2019eventuale cessione e i proventi saranno destinati a opere per la frazione.<\/p>\n<p>&nbsp;<\/p>\n<p>&nbsp;<\/p>\n<hr \/>\n<p>&nbsp;<\/p>\n<blockquote>\n<h3>FONDAZIONE DOLOMITI UNESCO: PRESENTATE LE ATTIVITA&#8217; 2024<\/h3>\n<\/blockquote>\n<p><strong><a class=\"dt-pswp-item\" href=\"https:\/\/www.radiopiu.net\/wordpress\/wp-content\/uploads\/2024\/12\/Collegio-Sostenitori-2024-Fondazione-Dolomiti-UNESCO-1.jpeg\" data-dt-img-description=\"\" data-large_image_width=\"1600\" data-large_image_height=\"1200\"><img loading=\"lazy\" decoding=\"async\" class=\" wp-image-424739 alignleft\" src=\"https:\/\/www.radiopiu.net\/wordpress\/wp-content\/uploads\/2024\/12\/Collegio-Sostenitori-2024-Fondazione-Dolomiti-UNESCO-1-300x225.jpeg\" alt=\"\" width=\"199\" height=\"149\" srcset=\"https:\/\/www.radiopiu.net\/wordpress\/wp-content\/uploads\/2024\/12\/Collegio-Sostenitori-2024-Fondazione-Dolomiti-UNESCO-1-300x225.jpeg 300w, https:\/\/www.radiopiu.net\/wordpress\/wp-content\/uploads\/2024\/12\/Collegio-Sostenitori-2024-Fondazione-Dolomiti-UNESCO-1-1024x768.jpeg 1024w, https:\/\/www.radiopiu.net\/wordpress\/wp-content\/uploads\/2024\/12\/Collegio-Sostenitori-2024-Fondazione-Dolomiti-UNESCO-1-768x576.jpeg 768w, https:\/\/www.radiopiu.net\/wordpress\/wp-content\/uploads\/2024\/12\/Collegio-Sostenitori-2024-Fondazione-Dolomiti-UNESCO-1-1536x1152.jpeg 1536w, https:\/\/www.radiopiu.net\/wordpress\/wp-content\/uploads\/2024\/12\/Collegio-Sostenitori-2024-Fondazione-Dolomiti-UNESCO-1.jpeg 1600w\" sizes=\"auto, (max-width: 199px) 100vw, 199px\" \/><\/a>BELLUNO<\/strong> Si sono riuniti a Belluno i Soci Sostenitori della Fondazione Dolomiti UNESCO, presso il Museo Naturalistico Dolomiti Bellunesi. Durante l&#8217;incontro, i partecipanti sono stati accolti dai saluti di Raffaele Addamiano, assessore alla cultura del Comune di Belluno, Ennio Vigne, presidente del Parco Nazionale delle Dolomiti Bellunesi, e Roberto Padrin, vicepresidente della Fondazione e presidente della Provincia di Belluno. Padrin ha ringraziato i presenti, evidenziando un anno impegnativo e l&#8217;importanza di continuare a lavorare per le comunit\u00e0 locali. Addamiano ha sottolineato la bellezza delle Dolomiti, citando Le Corbusier e il tema della responsabilit\u00e0 ambientale, mentre Vigne ha rimarcato la necessit\u00e0 di valorizzare il riconoscimento UNESCO per promuovere un turismo sostenibile.<\/p>\n<p>&nbsp;<\/p>\n<p>&nbsp;<\/p>\n<hr \/>\n<p>&nbsp;<\/p>\n<blockquote>\n<h2><strong>Nevegal: da domani si scia al Campo Scuola e apr\u00e8s-ski sul Colle<\/strong><\/h2>\n<\/blockquote>\n<div class=\"flex-1 overflow-hidden @container\/thread\">\n<div class=\"h-full\">\n<div class=\"react-scroll-to-bottom--css-szktk-79elbk h-full\">\n<div class=\"react-scroll-to-bottom--css-szktk-1n7m0yu\">\n<div class=\"flex flex-col text-sm md:pb-9\">\n<article class=\"w-full scroll-mb-[var(--thread-trailing-height,150px)] text-token-text-primary focus-visible:outline-2 focus-visible:outline-offset-[-4px]\" dir=\"auto\" data-testid=\"conversation-turn-5\" data-scroll-anchor=\"true\">\n<div class=\"m-auto text-base py-[18px] px-3 md:px-4 w-full md:px-5 lg:px-4 xl:px-5\">\n<div class=\"mx-auto flex flex-1 gap-4 text-base md:gap-5 lg:gap-6 md:max-w-3xl lg:max-w-[40rem] xl:max-w-[48rem]\">\n<div class=\"group\/conversation-turn relative flex w-full min-w-0 flex-col agent-turn\">\n<div class=\"flex-col gap-1 md:gap-3\">\n<div class=\"flex max-w-full flex-col flex-grow\">\n<div class=\"min-h-8 text-message flex w-full flex-col items-end gap-2 whitespace-normal break-words text-start [.text-message+&amp;]:mt-5\" dir=\"auto\" data-message-author-role=\"assistant\" data-message-id=\"11995d6e-ed11-49f6-b385-b920fb008eeb\" data-message-model-slug=\"gpt-4o\">\n<div class=\"flex w-full flex-col gap-1 empty:hidden first:pt-[3px]\">\n<div class=\"markdown prose w-full break-words dark:prose-invert dark\">\n<p><a class=\"dt-pswp-item\" href=\"https:\/\/www.radiopiu.net\/wordpress\/wp-content\/uploads\/2024\/12\/th-4.jpg\" data-dt-img-description=\"\" data-large_image_width=\"282\" data-large_image_height=\"180\"><img loading=\"lazy\" decoding=\"async\" class=\"size-medium wp-image-424797 alignleft\" src=\"https:\/\/www.radiopiu.net\/wordpress\/wp-content\/uploads\/2024\/12\/th-4.jpg\" alt=\"\" width=\"282\" height=\"180\" \/><\/a>Domani si inaugura la stagione sciistica sul Nevegal con l&#8217;apertura anticipata del <strong>Campo Scuola<\/strong>, previsto inizialmente per il 20 dicembre. La pista sar\u00e0 operativa dalle 8.30 alle 16, con tariffe speciali: 10 euro per i nati dal 2015 in poi e 15 euro per chi \u00e8 nato fino al 2014. \u00abQuesta apertura vuole essere un antipasto della stagione e un buon auspicio\u00bb, spiega Lorenzo Baldanello di Uoffy Italia, coordinatore del progetto <em>We love Nevegal<\/em>. Lavori intensi del personale di Dolomiti Ski line hanno reso possibile questa sorpresa. Dal 20 dicembre \u00e8 prevista l\u2019apertura della <strong>Coca Bassa<\/strong> e, se le condizioni lo permetteranno, anche del Raccordo. Entro fine anno si punta alla <strong>Coca Alta<\/strong>, mentre la pista Erte sar\u00e0 praticabile solo in caso di neve naturale sufficiente. <strong>Apr\u00e8s-ski direttamente sulle piste <\/strong>La novit\u00e0 di quest&#8217;anno \u00e8 l\u2019apr\u00e8s-ski organizzato davanti alle piste, in uno spazio attrezzato alla partenza della seggiovia. La collaborazione con il gruppo <em>Classe 1<\/em> (Radio Piterpan, Radio Birichina, Bella &amp; Monella) render\u00e0 l\u2019esperienza unica, con Radio Piterpan come partner ufficiale dell\u2019iniziativa. Un grande inizio per una stagione ricca di promesse sul Nevegal!<\/p>\n<\/div>\n<\/div>\n<\/div>\n<\/div>\n<\/div>\n<\/div>\n<\/div>\n<\/div>\n<\/article>\n<\/div>\n<\/div>\n<\/div>\n<\/div>\n<\/div>\n<p>&nbsp;<\/p>\n<hr \/>\n<p>&nbsp;<\/p>\n<blockquote>\n<h3>RACCOLTA FIRME SULL&#8217;ILLUMINAZIONE PUBBLICA DI BELLUNO<\/h3>\n<\/blockquote>\n<p><strong><a class=\"dt-pswp-item\" href=\"https:\/\/www.radiopiu.net\/wordpress\/wp-content\/uploads\/2023\/05\/SIAMO-BELLUNO.png\" data-dt-img-description=\"\" data-large_image_width=\"750\" data-large_image_height=\"484\"><img loading=\"lazy\" decoding=\"async\" class=\" wp-image-336800 alignleft\" src=\"https:\/\/www.radiopiu.net\/wordpress\/wp-content\/uploads\/2023\/05\/SIAMO-BELLUNO-300x194.png\" alt=\"\" width=\"153\" height=\"99\" srcset=\"https:\/\/www.radiopiu.net\/wordpress\/wp-content\/uploads\/2023\/05\/SIAMO-BELLUNO-300x194.png 300w, https:\/\/www.radiopiu.net\/wordpress\/wp-content\/uploads\/2023\/05\/SIAMO-BELLUNO.png 750w\" sizes=\"auto, (max-width: 153px) 100vw, 153px\" \/><\/a>BELLUNO<\/strong> A un mese dal lancio, la raccolta firme &#8220;Riaccendiamo le notti di Belluno&#8221;, promossa dal laboratorio politico SiAmo Belluno, ha raggiunto le cinquecento sottoscrizioni. L&#8217;iniziativa, che chiede la riaccensione dell&#8217;illuminazione pubblica notturna, continuer\u00e0 con un gazebo in Piazza dei Martiri oggi, dalle 9.00 alle 13.00, dove sar\u00e0 possibile firmare la petizione e ottenere informazioni. \u00c8 anche possibile aderire in alcuni negozi del centro, con l&#8217;opzione di firmare anche per i non residenti tramite un modulo dedicato. Per firmare, \u00e8 necessario un documento di identit\u00e0.<\/p>\n<p>&nbsp;<\/p>\n<p>&nbsp;<\/p>\n<hr \/>\n<p>&nbsp;<\/p>\n<blockquote>\n<h3>IL SUCCESSO DI \u201cNATALE PER TUTTI &#8211; MOUNTAIN EDITION\u201d: UN EVENTO INCLUSIVO CHE PROMUOVE VALORI UNIVERSALI<\/h3>\n<\/blockquote>\n<p><strong>BELLUNO<\/strong> Dal 10 al 12 dicembre 2024, Alleghe ha ospitato \u201cNatale per Tutti &#8211; Mountain Edition\u201d, un evento inclusivo per 350 persone con disabilit\u00e0, organizzato da CROSSabili di Mattia Cattapan e il pilota Alvaro Dal Farra, con il sostegno di istituzioni e sponsor. Ogni giornata iniziava con l&#8217;accoglienza e la colazione presso Alleghe Funivie, seguita dal trasporto accessibile ai Piani di Pezz\u00e8 tramite cabinovie e motoslitte. Tra le attivit\u00e0, un pranzo conviviale per oltre 400 persone e spettacoli con motoslitte, snow-bike e Babbo Natale. La Snow-Bike Terapia ha regalato adrenalina e inclusione, lasciando un messaggio di solidariet\u00e0 e abbattimento delle barriere. Gli organizzatori hanno sottolineato l&#8217;importanza di creare esperienze inclusive per promuovere gioia e speranza.<\/p>\n\n\t\t\t<style type='text\/css'>\n\t\t\t\t#gallery-2 {\n\t\t\t\t\tmargin: auto;\n\t\t\t\t}\n\t\t\t\t#gallery-2 .gallery-item {\n\t\t\t\t\tfloat: left;\n\t\t\t\t\tmargin-top: 10px;\n\t\t\t\t\ttext-align: center;\n\t\t\t\t\twidth: 33%;\n\t\t\t\t}\n\t\t\t\t#gallery-2 img {\n\t\t\t\t\tborder: 2px solid #cfcfcf;\n\t\t\t\t}\n\t\t\t\t#gallery-2 .gallery-caption {\n\t\t\t\t\tmargin-left: 0;\n\t\t\t\t}\n\t\t\t\t\/* see gallery_shortcode() in wp-includes\/media.php *\/\n\t\t\t<\/style>\n\t\t<div id='gallery-2' class='dt-gallery-container gallery galleryid-424631 gallery-columns-3 gallery-size-thumbnail'><dl class='gallery-item'>\n\t\t\t\t<dt class='gallery-icon landscape'>\n\t\t\t\t\t<a class=\"rollover rollover-zoom dt-pswp-item\" title=\"ADC09016\" data-dt-img-description=\"\" data-large_image_width=\"2560\" data-large_image_height=\"1707\"href='https:\/\/www.radiopiu.net\/wordpress\/wp-content\/uploads\/2024\/12\/ADC09016-scaled.jpg'><img loading=\"lazy\" decoding=\"async\" width=\"150\" height=\"150\" src=\"https:\/\/www.radiopiu.net\/wordpress\/wp-content\/uploads\/2024\/12\/ADC09016-150x150.jpg\" class=\"attachment-thumbnail size-thumbnail\" alt=\"\" \/><\/a>\n\t\t\t\t<\/dt><\/dl><dl class='gallery-item'>\n\t\t\t\t<dt class='gallery-icon landscape'>\n\t\t\t\t\t<a class=\"rollover rollover-zoom dt-pswp-item\" title=\"ADC08980\" data-dt-img-description=\"\" data-large_image_width=\"2560\" data-large_image_height=\"1707\"href='https:\/\/www.radiopiu.net\/wordpress\/wp-content\/uploads\/2024\/12\/ADC08980-scaled.jpg'><img loading=\"lazy\" decoding=\"async\" width=\"150\" height=\"150\" src=\"https:\/\/www.radiopiu.net\/wordpress\/wp-content\/uploads\/2024\/12\/ADC08980-150x150.jpg\" class=\"attachment-thumbnail size-thumbnail\" alt=\"\" \/><\/a>\n\t\t\t\t<\/dt><\/dl><dl class='gallery-item'>\n\t\t\t\t<dt class='gallery-icon landscape'>\n\t\t\t\t\t<a class=\"rollover rollover-zoom dt-pswp-item\" title=\"ADC09038\" data-dt-img-description=\"\" data-large_image_width=\"2560\" data-large_image_height=\"1707\"href='https:\/\/www.radiopiu.net\/wordpress\/wp-content\/uploads\/2024\/12\/ADC09038-scaled.jpg'><img loading=\"lazy\" decoding=\"async\" width=\"150\" height=\"150\" src=\"https:\/\/www.radiopiu.net\/wordpress\/wp-content\/uploads\/2024\/12\/ADC09038-150x150.jpg\" class=\"attachment-thumbnail size-thumbnail\" alt=\"\" \/><\/a>\n\t\t\t\t<\/dt><\/dl><br style=\"clear: both\" \/>\n\t\t\t<\/div>\n\n<p>&nbsp;<\/p>\n<p>&nbsp;<\/p>\n<hr \/>\n<p>&nbsp;<\/p>\n<blockquote>\n<h3>L&#8217;ACCENSIONE DELL&#8217;ALBERO DI NATALE A ROCCA PIETORE<\/h3>\n<\/blockquote>\n<p><strong>DI MARINA DONA&#8217;<\/strong><\/p>\n<p><strong>ROCCA PIETORE<\/strong> Ricordando con affetto Il bambino di tutti, Angelo Bassot, la comunit\u00e0 accende l&#8217;albero di Natale nella piazza di Rocca pietore con canti e poesie. Venerd\u00ec sera in un clima natalizio, nella piazza di Rocca Pietore dopo la messa, la popolazione si \u00e8 riunita nella piazza con tutti i bambini della scuola elementare, per l&#8217;accensione ufficiale dell&#8217;albero di Natale preceduta dai loro canti e poesie accompagnata dalla meravigliosa maestra Roberta conedera che con la sua chitarra ha diretto non solo i bambini, ma anche tutti i presenti coinvolgendoli nel canto. Sono dieci i bambini che frequentano la scuola elementare di Rocca Pietore, tra la prima e la quarta elementare. La classe quinta \u00e8 vuota avrebbe dovuto essere composta da un solo bambino Angelo bassotto prematuramente scomparso nella primavera di quest&#8217;anno per una grave malattia lasciando un vuoto non solo nella classe ma anche in tutta la comunit\u00e0. Gli alunni, gli hanno dedicato un canto: &#8220;Vai sulla montagna&#8221;, nella sua &#8220;mont da Lastre&#8221;, immaginandolo sorridente, presente alla festa da lass\u00f9, da &#8220;Angelo&#8221; ad &#8220;angioletto&#8221;. Dopo l&#8217;accensione dell&#8217;albero si \u00e8 calato un altro angelo tutto vestito di bianco, dai piani superiori della scuola elementare, rendendo l&#8217;evento ancora pi\u00f9 spettacolare.<\/p>\n\n\t\t\t<style type='text\/css'>\n\t\t\t\t#gallery-3 {\n\t\t\t\t\tmargin: auto;\n\t\t\t\t}\n\t\t\t\t#gallery-3 .gallery-item {\n\t\t\t\t\tfloat: left;\n\t\t\t\t\tmargin-top: 10px;\n\t\t\t\t\ttext-align: center;\n\t\t\t\t\twidth: 25%;\n\t\t\t\t}\n\t\t\t\t#gallery-3 img {\n\t\t\t\t\tborder: 2px solid #cfcfcf;\n\t\t\t\t}\n\t\t\t\t#gallery-3 .gallery-caption {\n\t\t\t\t\tmargin-left: 0;\n\t\t\t\t}\n\t\t\t\t\/* see gallery_shortcode() in wp-includes\/media.php *\/\n\t\t\t<\/style>\n\t\t<div id='gallery-3' class='dt-gallery-container gallery galleryid-424631 gallery-columns-4 gallery-size-thumbnail'><dl class='gallery-item'>\n\t\t\t\t<dt class='gallery-icon landscape'>\n\t\t\t\t\t<a class=\"rollover rollover-zoom dt-pswp-item\" title=\"131c2370-ba21-4d1e-9be9-ad5270af9378\" data-dt-img-description=\"\" data-large_image_width=\"1599\" data-large_image_height=\"1186\"href='https:\/\/www.radiopiu.net\/wordpress\/wp-content\/uploads\/2024\/12\/131c2370-ba21-4d1e-9be9-ad5270af9378.jpg'><img loading=\"lazy\" decoding=\"async\" width=\"150\" height=\"150\" src=\"https:\/\/www.radiopiu.net\/wordpress\/wp-content\/uploads\/2024\/12\/131c2370-ba21-4d1e-9be9-ad5270af9378-150x150.jpg\" class=\"attachment-thumbnail size-thumbnail\" alt=\"\" \/><\/a>\n\t\t\t\t<\/dt><\/dl><dl class='gallery-item'>\n\t\t\t\t<dt class='gallery-icon landscape'>\n\t\t\t\t\t<a class=\"rollover rollover-zoom dt-pswp-item\" title=\"8a96338f-709d-4935-ba97-f70af692d265\" data-dt-img-description=\"\" data-large_image_width=\"1599\" data-large_image_height=\"1186\"href='https:\/\/www.radiopiu.net\/wordpress\/wp-content\/uploads\/2024\/12\/8a96338f-709d-4935-ba97-f70af692d265.jpg'><img loading=\"lazy\" decoding=\"async\" width=\"150\" height=\"150\" src=\"https:\/\/www.radiopiu.net\/wordpress\/wp-content\/uploads\/2024\/12\/8a96338f-709d-4935-ba97-f70af692d265-150x150.jpg\" class=\"attachment-thumbnail size-thumbnail\" alt=\"\" \/><\/a>\n\t\t\t\t<\/dt><\/dl><dl class='gallery-item'>\n\t\t\t\t<dt class='gallery-icon landscape'>\n\t\t\t\t\t<a class=\"rollover rollover-zoom dt-pswp-item\" title=\"fdccc202-366d-425b-bfd1-6a98254a6e52\" data-dt-img-description=\"\" data-large_image_width=\"1600\" data-large_image_height=\"1200\"href='https:\/\/www.radiopiu.net\/wordpress\/wp-content\/uploads\/2024\/12\/fdccc202-366d-425b-bfd1-6a98254a6e52.jpg'><img loading=\"lazy\" decoding=\"async\" width=\"150\" height=\"150\" src=\"https:\/\/www.radiopiu.net\/wordpress\/wp-content\/uploads\/2024\/12\/fdccc202-366d-425b-bfd1-6a98254a6e52-150x150.jpg\" class=\"attachment-thumbnail size-thumbnail\" alt=\"\" \/><\/a>\n\t\t\t\t<\/dt><\/dl><dl class='gallery-item'>\n\t\t\t\t<dt class='gallery-icon landscape'>\n\t\t\t\t\t<a class=\"rollover rollover-zoom dt-pswp-item\" title=\"0100edcd-4aee-4538-9da8-ce24ee182da7\" data-dt-img-description=\"\" data-large_image_width=\"1600\" data-large_image_height=\"1200\"href='https:\/\/www.radiopiu.net\/wordpress\/wp-content\/uploads\/2024\/12\/0100edcd-4aee-4538-9da8-ce24ee182da7.jpg'><img loading=\"lazy\" decoding=\"async\" width=\"150\" height=\"150\" src=\"https:\/\/www.radiopiu.net\/wordpress\/wp-content\/uploads\/2024\/12\/0100edcd-4aee-4538-9da8-ce24ee182da7-150x150.jpg\" class=\"attachment-thumbnail size-thumbnail\" alt=\"\" \/><\/a>\n\t\t\t\t<\/dt><\/dl><br style=\"clear: both\" \/><dl class='gallery-item'>\n\t\t\t\t<dt class='gallery-icon landscape'>\n\t\t\t\t\t<a class=\"rollover rollover-zoom dt-pswp-item\" title=\"fa2ee538-fbfb-4edc-ad92-82eb22dd2923\" data-dt-img-description=\"\" data-large_image_width=\"1600\" data-large_image_height=\"1200\"href='https:\/\/www.radiopiu.net\/wordpress\/wp-content\/uploads\/2024\/12\/fa2ee538-fbfb-4edc-ad92-82eb22dd2923.jpg'><img loading=\"lazy\" decoding=\"async\" width=\"150\" height=\"150\" src=\"https:\/\/www.radiopiu.net\/wordpress\/wp-content\/uploads\/2024\/12\/fa2ee538-fbfb-4edc-ad92-82eb22dd2923-150x150.jpg\" class=\"attachment-thumbnail size-thumbnail\" alt=\"\" \/><\/a>\n\t\t\t\t<\/dt><\/dl><dl class='gallery-item'>\n\t\t\t\t<dt class='gallery-icon landscape'>\n\t\t\t\t\t<a class=\"rollover rollover-zoom dt-pswp-item\" title=\"f0fa1ba4-97a6-4173-99b0-c995ff440588\" data-dt-img-description=\"\" data-large_image_width=\"1600\" data-large_image_height=\"1200\"href='https:\/\/www.radiopiu.net\/wordpress\/wp-content\/uploads\/2024\/12\/f0fa1ba4-97a6-4173-99b0-c995ff440588.jpg'><img loading=\"lazy\" decoding=\"async\" width=\"150\" height=\"150\" src=\"https:\/\/www.radiopiu.net\/wordpress\/wp-content\/uploads\/2024\/12\/f0fa1ba4-97a6-4173-99b0-c995ff440588-150x150.jpg\" class=\"attachment-thumbnail size-thumbnail\" alt=\"\" \/><\/a>\n\t\t\t\t<\/dt><\/dl><dl class='gallery-item'>\n\t\t\t\t<dt class='gallery-icon landscape'>\n\t\t\t\t\t<a class=\"rollover rollover-zoom dt-pswp-item\" title=\"ea53886c-635a-42d7-afc4-d194ce001b24\" data-dt-img-description=\"\" data-large_image_width=\"1599\" data-large_image_height=\"1186\"href='https:\/\/www.radiopiu.net\/wordpress\/wp-content\/uploads\/2024\/12\/ea53886c-635a-42d7-afc4-d194ce001b24.jpg'><img loading=\"lazy\" decoding=\"async\" width=\"150\" height=\"150\" src=\"https:\/\/www.radiopiu.net\/wordpress\/wp-content\/uploads\/2024\/12\/ea53886c-635a-42d7-afc4-d194ce001b24-150x150.jpg\" class=\"attachment-thumbnail size-thumbnail\" alt=\"\" \/><\/a>\n\t\t\t\t<\/dt><\/dl><dl class='gallery-item'>\n\t\t\t\t<dt class='gallery-icon landscape'>\n\t\t\t\t\t<a class=\"rollover rollover-zoom dt-pswp-item\" title=\"843eb42d-8742-4e7c-80d0-1050a707e248\" data-dt-img-description=\"\" data-large_image_width=\"1600\" data-large_image_height=\"1200\"href='https:\/\/www.radiopiu.net\/wordpress\/wp-content\/uploads\/2024\/12\/843eb42d-8742-4e7c-80d0-1050a707e248.jpg'><img loading=\"lazy\" decoding=\"async\" width=\"150\" height=\"150\" src=\"https:\/\/www.radiopiu.net\/wordpress\/wp-content\/uploads\/2024\/12\/843eb42d-8742-4e7c-80d0-1050a707e248-150x150.jpg\" class=\"attachment-thumbnail size-thumbnail\" alt=\"\" \/><\/a>\n\t\t\t\t<\/dt><\/dl><br style=\"clear: both\" \/>\n\t\t\t<\/div>\n\n<p>&nbsp;<\/p>\n<p><iframe loading=\"lazy\" title=\"L&#039;ACCENSIONE DELL&#039;ALBERO DI NATALE A ROCCA PIETORE\" width=\"1200\" height=\"675\" src=\"https:\/\/www.youtube.com\/embed\/JuoM1MSYpDQ?feature=oembed\" frameborder=\"0\" allow=\"accelerometer; autoplay; clipboard-write; encrypted-media; gyroscope; picture-in-picture; web-share\" referrerpolicy=\"strict-origin-when-cross-origin\" allowfullscreen><\/iframe><\/p>\n<p>&nbsp;<\/p>\n<p>&nbsp;<\/p>\n<p>********<\/p>\n<p>&nbsp;<\/p>\n<p>&nbsp;<\/p>\n<hr \/>\n<blockquote>\n<h3>DILLO A RADIO PIU&#8230;.Attenzione ai messaggi sospetti<\/h3>\n<\/blockquote>\n<div class=\"flex max-w-full flex-col flex-grow\">\n<div class=\"min-h-8 text-message flex w-full flex-col items-end gap-2 whitespace-normal break-words text-start [.text-message+&amp;]:mt-5\" dir=\"auto\" data-message-author-role=\"assistant\" data-message-id=\"436d88ee-6bb2-42af-9795-9e2fde4a185b\" data-message-model-slug=\"gpt-4o\">\n<div class=\"flex w-full flex-col gap-1 empty:hidden first:pt-[3px]\">\n<div class=\"markdown prose w-full break-words dark:prose-invert dark\">\n<p>&nbsp;<\/p>\n<p>&nbsp;<\/p>\n<p><a class=\"dt-pswp-item\" href=\"https:\/\/www.radiopiu.net\/wordpress\/wp-content\/uploads\/2024\/12\/Senza-nome-77.png\" data-dt-img-description=\"\" data-large_image_width=\"314\" data-large_image_height=\"209\"><img loading=\"lazy\" decoding=\"async\" class=\" wp-image-424793 alignleft\" src=\"https:\/\/www.radiopiu.net\/wordpress\/wp-content\/uploads\/2024\/12\/Senza-nome-77-300x200.png\" alt=\"\" width=\"257\" height=\"171\" srcset=\"https:\/\/www.radiopiu.net\/wordpress\/wp-content\/uploads\/2024\/12\/Senza-nome-77-300x200.png 300w, https:\/\/www.radiopiu.net\/wordpress\/wp-content\/uploads\/2024\/12\/Senza-nome-77.png 314w\" sizes=\"auto, (max-width: 257px) 100vw, 257px\" \/><\/a>Negli ultimi tempi, stanno aumentando le segnalazioni di messaggi sospetti inviati tramite diverse piattaforme di comunicazione. Spesso questi messaggi possono contenere link pericolosi o richieste di informazioni personali, presentandosi in modo apparentemente innocuo.<\/p>\n<p>\u00c8 importante ricordare che questi tentativi di truffa, noti come <strong>phishing<\/strong>, sono progettati per ingannare gli utenti e sottrarre dati sensibili come credenziali di accesso, numeri di carte di credito o altre informazioni personali.<\/p>\n<h3>Come riconoscere i messaggi sospetti<\/h3>\n<ul>\n<li><strong>Mittente poco chiaro<\/strong>: Verifica sempre l&#8217;indirizzo email o il numero di telefono. Se il mittente non ti \u00e8 familiare o presenta anomalie, \u00e8 meglio non fidarsi.<\/li>\n<li><strong>Errori grammaticali o contenuto generico<\/strong>: Spesso i messaggi fraudolenti contengono errori di battitura o frasi generiche che non si adattano al contesto.<\/li>\n<li><strong>Richieste urgenti<\/strong>: I truffatori cercano di mettere pressione, invitandoti ad agire rapidamente per evitare &#8220;problemi&#8221;.<\/li>\n<\/ul>\n<h3>Cosa fare se ricevi un messaggio sospetto<\/h3>\n<ol>\n<li><strong>Non cliccare su link o allegati<\/strong>: Evita di aprire collegamenti o file provenienti da mittenti sconosciuti.<\/li>\n<li><strong>Segnala il messaggio<\/strong>: Molte piattaforme, come Gmail o WhatsApp, offrono strumenti per segnalare messaggi sospetti.<\/li>\n<li><strong>Verifica online<\/strong>: Se il messaggio fa riferimento a un problema o servizio, cerca informazioni sul sito ufficiale dell\u2019azienda. Spesso queste truffe sono gi\u00e0 state segnalate.<\/li>\n<\/ol>\n<\/div>\n<\/div>\n<\/div>\n<\/div>\n<p><a class=\"dt-pswp-item\" href=\"https:\/\/www.radiopiu.net\/wordpress\/wp-content\/uploads\/2024\/12\/Senza-nome-78.png\" data-dt-img-description=\"\" data-large_image_width=\"805\" data-large_image_height=\"318\"><img loading=\"lazy\" decoding=\"async\" class=\"alignnone wp-image-424795 size-full\" src=\"https:\/\/www.radiopiu.net\/wordpress\/wp-content\/uploads\/2024\/12\/Senza-nome-78.png\" alt=\"\" width=\"805\" height=\"318\" srcset=\"https:\/\/www.radiopiu.net\/wordpress\/wp-content\/uploads\/2024\/12\/Senza-nome-78.png 805w, https:\/\/www.radiopiu.net\/wordpress\/wp-content\/uploads\/2024\/12\/Senza-nome-78-300x119.png 300w, https:\/\/www.radiopiu.net\/wordpress\/wp-content\/uploads\/2024\/12\/Senza-nome-78-768x303.png 768w\" sizes=\"auto, (max-width: 805px) 100vw, 805px\" \/><\/a><\/p>\n<p>&nbsp;<\/p>\n<hr \/>\n<p><strong>CANALE D&#8217;AGORDO<\/strong><\/p>\n<blockquote>\n<h3>DILLO A RADIO PIU&#8230; ANCHE A CANALE D&#8217;AGORDO BIDONI INVISIBILI. CHIESTA PIU&#8217; ATTENZIONE GLI UOMINI DI VALPE<\/h3>\n<p><span style=\"color: #ff0000;\">IERI, RACCONTA NON RIUSCITA.<\/span><\/p><\/blockquote>\n\n\t\t\t<style type='text\/css'>\n\t\t\t\t#gallery-4 {\n\t\t\t\t\tmargin: auto;\n\t\t\t\t}\n\t\t\t\t#gallery-4 .gallery-item {\n\t\t\t\t\tfloat: left;\n\t\t\t\t\tmargin-top: 10px;\n\t\t\t\t\ttext-align: center;\n\t\t\t\t\twidth: 50%;\n\t\t\t\t}\n\t\t\t\t#gallery-4 img {\n\t\t\t\t\tborder: 2px solid #cfcfcf;\n\t\t\t\t}\n\t\t\t\t#gallery-4 .gallery-caption {\n\t\t\t\t\tmargin-left: 0;\n\t\t\t\t}\n\t\t\t\t\/* see gallery_shortcode() in wp-includes\/media.php *\/\n\t\t\t<\/style>\n\t\t<div id='gallery-4' class='dt-gallery-container gallery galleryid-424631 gallery-columns-2 gallery-size-medium'><dl class='gallery-item'>\n\t\t\t\t<dt class='gallery-icon landscape'>\n\t\t\t\t\t<a class=\"rollover rollover-zoom dt-pswp-item\" title=\"d90787d9-c1b3-482b-b4d9-f630bd771366\" data-dt-img-description=\"\" data-large_image_width=\"1528\" data-large_image_height=\"1528\"href='https:\/\/www.radiopiu.net\/wordpress\/wp-content\/uploads\/2024\/12\/d90787d9-c1b3-482b-b4d9-f630bd771366.jpg'><img loading=\"lazy\" decoding=\"async\" width=\"300\" height=\"300\" src=\"https:\/\/www.radiopiu.net\/wordpress\/wp-content\/uploads\/2024\/12\/d90787d9-c1b3-482b-b4d9-f630bd771366-300x300.jpg\" class=\"attachment-medium size-medium\" alt=\"\" srcset=\"https:\/\/www.radiopiu.net\/wordpress\/wp-content\/uploads\/2024\/12\/d90787d9-c1b3-482b-b4d9-f630bd771366-300x300.jpg 300w, https:\/\/www.radiopiu.net\/wordpress\/wp-content\/uploads\/2024\/12\/d90787d9-c1b3-482b-b4d9-f630bd771366-1024x1024.jpg 1024w, https:\/\/www.radiopiu.net\/wordpress\/wp-content\/uploads\/2024\/12\/d90787d9-c1b3-482b-b4d9-f630bd771366-150x150.jpg 150w, https:\/\/www.radiopiu.net\/wordpress\/wp-content\/uploads\/2024\/12\/d90787d9-c1b3-482b-b4d9-f630bd771366-768x768.jpg 768w, https:\/\/www.radiopiu.net\/wordpress\/wp-content\/uploads\/2024\/12\/d90787d9-c1b3-482b-b4d9-f630bd771366.jpg 1528w\" sizes=\"auto, (max-width: 300px) 100vw, 300px\" \/><\/a>\n\t\t\t\t<\/dt><\/dl><dl class='gallery-item'>\n\t\t\t\t<dt class='gallery-icon landscape'>\n\t\t\t\t\t<a class=\"rollover rollover-zoom dt-pswp-item\" title=\"0fddc8e6-fa20-41c3-b4c8-9e578ee7361e\" data-dt-img-description=\"\" data-large_image_width=\"1528\" data-large_image_height=\"1528\"href='https:\/\/www.radiopiu.net\/wordpress\/wp-content\/uploads\/2024\/12\/0fddc8e6-fa20-41c3-b4c8-9e578ee7361e.jpg'><img loading=\"lazy\" decoding=\"async\" width=\"300\" height=\"300\" src=\"https:\/\/www.radiopiu.net\/wordpress\/wp-content\/uploads\/2024\/12\/0fddc8e6-fa20-41c3-b4c8-9e578ee7361e-300x300.jpg\" class=\"attachment-medium size-medium\" alt=\"\" srcset=\"https:\/\/www.radiopiu.net\/wordpress\/wp-content\/uploads\/2024\/12\/0fddc8e6-fa20-41c3-b4c8-9e578ee7361e-300x300.jpg 300w, https:\/\/www.radiopiu.net\/wordpress\/wp-content\/uploads\/2024\/12\/0fddc8e6-fa20-41c3-b4c8-9e578ee7361e-1024x1024.jpg 1024w, https:\/\/www.radiopiu.net\/wordpress\/wp-content\/uploads\/2024\/12\/0fddc8e6-fa20-41c3-b4c8-9e578ee7361e-150x150.jpg 150w, https:\/\/www.radiopiu.net\/wordpress\/wp-content\/uploads\/2024\/12\/0fddc8e6-fa20-41c3-b4c8-9e578ee7361e-768x768.jpg 768w, https:\/\/www.radiopiu.net\/wordpress\/wp-content\/uploads\/2024\/12\/0fddc8e6-fa20-41c3-b4c8-9e578ee7361e.jpg 1528w\" sizes=\"auto, (max-width: 300px) 100vw, 300px\" \/><\/a>\n\t\t\t\t<\/dt><\/dl><br style=\"clear: both\" \/>\n\t\t\t<\/div>\n\n<p>&nbsp;<\/p>\n<hr \/>\n<p>&nbsp;<\/p>\n<blockquote>\n<h2>\u201cSono solo un albero\u201d: la resilienza dopo Vaia<\/h2>\n<\/blockquote>\n<p>&nbsp;<\/p>\n<p>di LUISA ALCHINI<\/p>\n<audio class=\"wp-audio-shortcode\" id=\"audio-424631-15\" preload=\"none\" style=\"width: 100%;\" controls=\"controls\"><source type=\"audio\/mpeg\" src=\"https:\/\/www.radiopiu.net\/wordpress\/wp-content\/uploads\/2024\/12\/1412-presentazione-libro-francesca-mussoi.mp3?_=15\" \/><a href=\"https:\/\/www.radiopiu.net\/wordpress\/wp-content\/uploads\/2024\/12\/1412-presentazione-libro-francesca-mussoi.mp3\">https:\/\/www.radiopiu.net\/wordpress\/wp-content\/uploads\/2024\/12\/1412-presentazione-libro-francesca-mussoi.mp3<\/a><\/audio>\n<p>&nbsp;<\/p>\n\n\t\t\t<style type='text\/css'>\n\t\t\t\t#gallery-5 {\n\t\t\t\t\tmargin: auto;\n\t\t\t\t}\n\t\t\t\t#gallery-5 .gallery-item {\n\t\t\t\t\tfloat: left;\n\t\t\t\t\tmargin-top: 10px;\n\t\t\t\t\ttext-align: center;\n\t\t\t\t\twidth: 33%;\n\t\t\t\t}\n\t\t\t\t#gallery-5 img {\n\t\t\t\t\tborder: 2px solid #cfcfcf;\n\t\t\t\t}\n\t\t\t\t#gallery-5 .gallery-caption {\n\t\t\t\t\tmargin-left: 0;\n\t\t\t\t}\n\t\t\t\t\/* see gallery_shortcode() in wp-includes\/media.php *\/\n\t\t\t<\/style>\n\t\t<div id='gallery-5' class='dt-gallery-container gallery galleryid-424631 gallery-columns-3 gallery-size-thumbnail'><dl class='gallery-item'>\n\t\t\t\t<dt class='gallery-icon portrait'>\n\t\t\t\t\t<a class=\"rollover rollover-zoom dt-pswp-item\" title=\"208b584e-5180-4f37-93c7-7fbe287fa54e\" data-dt-img-description=\"\" data-large_image_width=\"1080\" data-large_image_height=\"1920\"href='https:\/\/www.radiopiu.net\/wordpress\/wp-content\/uploads\/2024\/12\/208b584e-5180-4f37-93c7-7fbe287fa54e.jpg'><img loading=\"lazy\" decoding=\"async\" width=\"150\" height=\"150\" src=\"https:\/\/www.radiopiu.net\/wordpress\/wp-content\/uploads\/2024\/12\/208b584e-5180-4f37-93c7-7fbe287fa54e-150x150.jpg\" class=\"attachment-thumbnail size-thumbnail\" alt=\"\" \/><\/a>\n\t\t\t\t<\/dt><\/dl><dl class='gallery-item'>\n\t\t\t\t<dt class='gallery-icon landscape'>\n\t\t\t\t\t<a class=\"rollover rollover-zoom dt-pswp-item\" title=\"e616b3e9-c92f-4f66-b523-e1b0dea98fda\" data-dt-img-description=\"\" data-large_image_width=\"2040\" data-large_image_height=\"1536\"href='https:\/\/www.radiopiu.net\/wordpress\/wp-content\/uploads\/2024\/12\/e616b3e9-c92f-4f66-b523-e1b0dea98fda.jpg'><img loading=\"lazy\" decoding=\"async\" width=\"150\" height=\"150\" src=\"https:\/\/www.radiopiu.net\/wordpress\/wp-content\/uploads\/2024\/12\/e616b3e9-c92f-4f66-b523-e1b0dea98fda-150x150.jpg\" class=\"attachment-thumbnail size-thumbnail\" alt=\"\" \/><\/a>\n\t\t\t\t<\/dt><\/dl><dl class='gallery-item'>\n\t\t\t\t<dt class='gallery-icon portrait'>\n\t\t\t\t\t<a class=\"rollover rollover-zoom dt-pswp-item\" title=\"d0f2700b-a02a-48a8-81a1-ae1fc5660734\" data-dt-img-description=\"\" data-large_image_width=\"1536\" data-large_image_height=\"2040\"href='https:\/\/www.radiopiu.net\/wordpress\/wp-content\/uploads\/2024\/12\/d0f2700b-a02a-48a8-81a1-ae1fc5660734.jpg'><img loading=\"lazy\" decoding=\"async\" width=\"150\" height=\"150\" src=\"https:\/\/www.radiopiu.net\/wordpress\/wp-content\/uploads\/2024\/12\/d0f2700b-a02a-48a8-81a1-ae1fc5660734-150x150.jpg\" class=\"attachment-thumbnail size-thumbnail\" alt=\"\" \/><\/a>\n\t\t\t\t<\/dt><\/dl><br style=\"clear: both\" \/><dl class='gallery-item'>\n\t\t\t\t<dt class='gallery-icon portrait'>\n\t\t\t\t\t<a class=\"rollover rollover-zoom dt-pswp-item\" title=\"cd5d660a-13b4-4ad2-8122-fcf81c18d64f\" data-dt-img-description=\"\" data-large_image_width=\"1536\" data-large_image_height=\"2040\"href='https:\/\/www.radiopiu.net\/wordpress\/wp-content\/uploads\/2024\/12\/cd5d660a-13b4-4ad2-8122-fcf81c18d64f.jpg'><img loading=\"lazy\" decoding=\"async\" width=\"150\" height=\"150\" src=\"https:\/\/www.radiopiu.net\/wordpress\/wp-content\/uploads\/2024\/12\/cd5d660a-13b4-4ad2-8122-fcf81c18d64f-150x150.jpg\" class=\"attachment-thumbnail size-thumbnail\" alt=\"\" \/><\/a>\n\t\t\t\t<\/dt><\/dl><dl class='gallery-item'>\n\t\t\t\t<dt class='gallery-icon portrait'>\n\t\t\t\t\t<a class=\"rollover rollover-zoom dt-pswp-item\" title=\"ef73e8b8-2e09-4cf0-a2f3-a6b3e1db5cad\" data-dt-img-description=\"\" data-large_image_width=\"1536\" data-large_image_height=\"2040\"href='https:\/\/www.radiopiu.net\/wordpress\/wp-content\/uploads\/2024\/12\/ef73e8b8-2e09-4cf0-a2f3-a6b3e1db5cad.jpg'><img loading=\"lazy\" decoding=\"async\" width=\"150\" height=\"150\" src=\"https:\/\/www.radiopiu.net\/wordpress\/wp-content\/uploads\/2024\/12\/ef73e8b8-2e09-4cf0-a2f3-a6b3e1db5cad-150x150.jpg\" class=\"attachment-thumbnail size-thumbnail\" alt=\"\" \/><\/a>\n\t\t\t\t<\/dt><\/dl><dl class='gallery-item'>\n\t\t\t\t<dt class='gallery-icon portrait'>\n\t\t\t\t\t<a class=\"rollover rollover-zoom dt-pswp-item\" title=\"18d78584-22ae-4f98-bf11-5bbb803e8cc0\" data-dt-img-description=\"\" data-large_image_width=\"1536\" data-large_image_height=\"2040\"href='https:\/\/www.radiopiu.net\/wordpress\/wp-content\/uploads\/2024\/12\/18d78584-22ae-4f98-bf11-5bbb803e8cc0.jpg'><img loading=\"lazy\" decoding=\"async\" width=\"150\" height=\"150\" src=\"https:\/\/www.radiopiu.net\/wordpress\/wp-content\/uploads\/2024\/12\/18d78584-22ae-4f98-bf11-5bbb803e8cc0-150x150.jpg\" class=\"attachment-thumbnail size-thumbnail\" alt=\"\" \/><\/a>\n\t\t\t\t<\/dt><\/dl><br style=\"clear: both\" \/>\n\t\t\t<\/div>\n\n<blockquote><p>&nbsp;<\/p>\n<hr \/>\n<p>&nbsp;<\/p>\n<h3>EL FORNER<br \/>\nIL RICONOSCIMENTO DELLA REGIONE&#8230; LOCALE STORICO<\/h3>\n<\/blockquote>\n<p><iframe loading=\"lazy\" title=\"AQOn9fzT8onE5miXwTG9cjAeys46Hy5jVEjzT  ho9b BcWQ4G0 ISaTkr LPu5I0tAQswIKjm2dDW47WJ3FAbcG\" width=\"1200\" height=\"675\" src=\"https:\/\/www.youtube.com\/embed\/fQIuW6H1O1I?feature=oembed\" frameborder=\"0\" allow=\"accelerometer; autoplay; clipboard-write; encrypted-media; gyroscope; picture-in-picture; web-share\" referrerpolicy=\"strict-origin-when-cross-origin\" allowfullscreen><\/iframe><\/p>\n<p>&nbsp;<\/p>\n<hr \/>\n<p>&nbsp;<\/p>\n<h2><span style=\"color: #ff0000;\">CONSIGLI COMUNALI IN AGORDINO<\/span><\/h2>\n<p><strong>COLLE SANTA LUCIA<\/strong> Consiglio comunale convocato per gioved\u00ec alle 9:30 nella sala consigliare del comune di Cortina. Due i punti da discutere: l&#8217;approvazione del nuovo statuto dell&#8217;Istitut Cultural Cesa de Jan e le relazioni sui rapporti istituzionali con l&#8217;euregio Tirolo-AltoAdige-Trentino.<\/p>\n<p><strong>ROCCA PIETORE<\/strong> Consiglio comunale convocato per gioved\u00ec alle 20. Sei punti da discutere tra cui IMU, addizionale comunale, approvazione del DUP, il bilancio previsionale 2025\/2027 e la revisione ordinaria delle partecipazioni.<\/p>\n<p>&nbsp;<\/p>\n<hr \/>\n<p>&nbsp;<\/p>\n<blockquote>\n<h3>CONVOCAZIONE DELL&#8217;ASSEMBLEA DEI SINDACI DI BACINO DOLOMITI BELLUNESI<\/h3>\n<\/blockquote>\n<p><strong>BELLUNO<\/strong> L&#8217;Assemblea del Consiglio di Bacino &#8220;Dolomiti Bellunesi&#8221; \u00e8 convocata d&#8217;urgenza per il 16 dicembre 2024 alle 07:00 (prima convocazione) e il 17 dicembre 2024 alle 16:30 (seconda convocazione) a Belluno. All&#8217;ordine del giorno: comunicazioni, approvazione revisione articolazione tariffaria, approvazione modifiche al Regolamento d&#8217;Utenza e varie ed eventuali.<\/p>\n<p>&nbsp;<\/p>\n<p>&nbsp;<\/p>\n<hr \/>\n<p>&nbsp;<\/p>\n<blockquote>\n<h3>LILT IN ASSEMBLEA<\/h3>\n<\/blockquote>\n<p><strong><a class=\"dt-pswp-item\" href=\"https:\/\/www.radiopiu.net\/wordpress\/wp-content\/uploads\/2024\/12\/thumbnail_Pier-Anna-Dal-Mas.jpg\" data-dt-img-description=\"\" data-large_image_width=\"716\" data-large_image_height=\"864\"><img loading=\"lazy\" decoding=\"async\" class=\" wp-image-424711 alignleft\" src=\"https:\/\/www.radiopiu.net\/wordpress\/wp-content\/uploads\/2024\/12\/thumbnail_Pier-Anna-Dal-Mas-249x300.jpg\" alt=\"\" width=\"90\" height=\"108\" srcset=\"https:\/\/www.radiopiu.net\/wordpress\/wp-content\/uploads\/2024\/12\/thumbnail_Pier-Anna-Dal-Mas-249x300.jpg 249w, https:\/\/www.radiopiu.net\/wordpress\/wp-content\/uploads\/2024\/12\/thumbnail_Pier-Anna-Dal-Mas.jpg 716w\" sizes=\"auto, (max-width: 90px) 100vw, 90px\" \/><\/a>BELLUNO<\/strong> L&#8217;assemblea ordinaria della LILT sezione di Belluno, convocata per mercoled\u00ec, prevede il rinnovo degli organi sociali per i prossimi cinque anni, con le cariche assegnate nel consiglio di gennaio 2025. L&#8217;assemblea discuter\u00e0 anche delle attivit\u00e0 del 2024, tra cui il progetto per la Giornata mondiale senza tabacco, lo screening per il melanoma, e la campagna &#8220;Lilt for men&#8221; per la prevenzione dei tumori maschili. Inoltre, l&#8217;Istituto &#8220;Follador&#8221; di Falcade \u00e8 stato finalista nel concorso \u201cLa Salute nel Piatto\u201d. Le candidature per il rinnovo devono essere inviate entro il 17 dicembre.<\/p>\n<p>&nbsp;<\/p>\n<p>&nbsp;<\/p>\n<hr \/>\n<p>&nbsp;<\/p>\n<h2><span style=\"color: #00ccff;\">SI APRE LA STAGIONE INVERNALE AL RIFUGIO LARESEI<\/span><\/h2>\n<p><strong><a class=\"dt-pswp-item\" href=\"https:\/\/www.radiopiu.net\/wordpress\/wp-content\/uploads\/2024\/12\/laresei-inverno.jpg\" data-dt-img-description=\"\" data-large_image_width=\"900\" data-large_image_height=\"500\"><img loading=\"lazy\" decoding=\"async\" class=\" wp-image-424575 alignleft\" src=\"https:\/\/www.radiopiu.net\/wordpress\/wp-content\/uploads\/2024\/12\/laresei-inverno-300x167.jpg\" alt=\"\" width=\"203\" height=\"113\" srcset=\"https:\/\/www.radiopiu.net\/wordpress\/wp-content\/uploads\/2024\/12\/laresei-inverno-300x167.jpg 300w, https:\/\/www.radiopiu.net\/wordpress\/wp-content\/uploads\/2024\/12\/laresei-inverno-768x427.jpg 768w, https:\/\/www.radiopiu.net\/wordpress\/wp-content\/uploads\/2024\/12\/laresei-inverno.jpg 900w\" sizes=\"auto, (max-width: 203px) 100vw, 203px\" \/><\/a>DI MIRKO MEZZACASA<\/strong><\/p>\n<p>OSPITE: Massimo Manfroi del Rifugio Laresei<\/p>\n<audio class=\"wp-audio-shortcode\" id=\"audio-424631-16\" preload=\"none\" style=\"width: 100%;\" controls=\"controls\"><source type=\"audio\/mpeg\" src=\"https:\/\/www.radiopiu.net\/wordpress\/wp-content\/uploads\/2024\/12\/MASSIMO-MANFROI-24-1.mp3?_=16\" \/><a href=\"https:\/\/www.radiopiu.net\/wordpress\/wp-content\/uploads\/2024\/12\/MASSIMO-MANFROI-24-1.mp3\">https:\/\/www.radiopiu.net\/wordpress\/wp-content\/uploads\/2024\/12\/MASSIMO-MANFROI-24-1.mp3<\/a><\/audio>\n<p>&nbsp;<\/p>\n<hr \/>\n<p>&nbsp;<\/p>\n<blockquote>\n<h3>IL PRIMO FINE SETTIMANA SUGLI SCI NEL COMPRENSORIO DELLA SKI AREA SAN PELLEGRINO<\/h3>\n<\/blockquote>\n<p><strong><a class=\"dt-pswp-item\" href=\"https:\/\/www.radiopiu.net\/wordpress\/wp-content\/uploads\/2018\/03\/ski-area-san-pellegrino_21-marzo.jpg\" data-dt-img-description=\"\" data-large_image_width=\"1600\" data-large_image_height=\"1200\"><img loading=\"lazy\" decoding=\"async\" class=\" wp-image-45211 alignleft\" src=\"https:\/\/www.radiopiu.net\/wordpress\/wp-content\/uploads\/2018\/03\/ski-area-san-pellegrino_21-marzo-300x225.jpg\" alt=\"\" width=\"143\" height=\"107\" srcset=\"https:\/\/www.radiopiu.net\/wordpress\/wp-content\/uploads\/2018\/03\/ski-area-san-pellegrino_21-marzo-300x225.jpg 300w, https:\/\/www.radiopiu.net\/wordpress\/wp-content\/uploads\/2018\/03\/ski-area-san-pellegrino_21-marzo-768x576.jpg 768w, https:\/\/www.radiopiu.net\/wordpress\/wp-content\/uploads\/2018\/03\/ski-area-san-pellegrino_21-marzo-1024x768.jpg 1024w, https:\/\/www.radiopiu.net\/wordpress\/wp-content\/uploads\/2018\/03\/ski-area-san-pellegrino_21-marzo.jpg 1600w\" sizes=\"auto, (max-width: 143px) 100vw, 143px\" \/><\/a>DI MIRKO MEZZACASA<\/strong><\/p>\n<p>Con Mirco Tancon<\/p>\n<audio class=\"wp-audio-shortcode\" id=\"audio-424631-17\" preload=\"none\" style=\"width: 100%;\" controls=\"controls\"><source type=\"audio\/mpeg\" src=\"https:\/\/www.radiopiu.net\/wordpress\/wp-content\/uploads\/2024\/12\/GF11.mp3?_=17\" \/><a href=\"https:\/\/www.radiopiu.net\/wordpress\/wp-content\/uploads\/2024\/12\/GF11.mp3\">https:\/\/www.radiopiu.net\/wordpress\/wp-content\/uploads\/2024\/12\/GF11.mp3<\/a><\/audio>\n<p>&nbsp;<\/p>\n<p>&nbsp;<\/p>\n<hr \/>\n<p>&nbsp;<\/p>\n<h2><span style=\"color: #008000;\">LA STAGIONE INVERNALE AD ARABBA con Diego De Battista<\/span><\/h2>\n<p><strong><a class=\"dt-pswp-item\" href=\"https:\/\/www.radiopiu.net\/wordpress\/wp-content\/uploads\/2019\/12\/download-16.jpg\" data-dt-img-description=\"diego de battista \" data-large_image_width=\"194\" data-large_image_height=\"259\"><img loading=\"lazy\" decoding=\"async\" class=\" wp-image-111002 alignleft\" src=\"https:\/\/www.radiopiu.net\/wordpress\/wp-content\/uploads\/2019\/12\/download-16.jpg\" alt=\"\" width=\"124\" height=\"166\" \/><\/a>DI MIRKO MEZZACASA<\/strong><\/p>\n<p>OSPITE: Diego De Battista, Presidente Impianti Arabba Marmolada<\/p>\n<audio class=\"wp-audio-shortcode\" id=\"audio-424631-18\" preload=\"none\" style=\"width: 100%;\" controls=\"controls\"><source type=\"audio\/mpeg\" src=\"https:\/\/www.radiopiu.net\/wordpress\/wp-content\/uploads\/2024\/12\/DIEGO-DE-BATTISTA.-ARABBA.mp3?_=18\" \/><a href=\"https:\/\/www.radiopiu.net\/wordpress\/wp-content\/uploads\/2024\/12\/DIEGO-DE-BATTISTA.-ARABBA.mp3\">https:\/\/www.radiopiu.net\/wordpress\/wp-content\/uploads\/2024\/12\/DIEGO-DE-BATTISTA.-ARABBA.mp3<\/a><\/audio>\n<p>&nbsp;<\/p>\n<p>&nbsp;<\/p>\n<hr \/>\n<p>&nbsp;<\/p>\n<h2><span style=\"color: #ff9900;\">I 50 ANNI DI DOLOMITI SUPERSKI E L&#8217;INAUGURAZIONE DELL&#8217;HOTEL NATURAE LODGE E DEL RISTORANTE SESTO GRADO<\/span><\/h2>\n<p><strong><a class=\"dt-pswp-item\" href=\"https:\/\/www.radiopiu.net\/wordpress\/wp-content\/uploads\/2022\/01\/Sergio-Pra.jpg\" data-dt-img-description=\"\" data-large_image_width=\"211\" data-large_image_height=\"300\"><img loading=\"lazy\" decoding=\"async\" class=\"wp-image-253233 alignleft\" src=\"https:\/\/www.radiopiu.net\/wordpress\/wp-content\/uploads\/2022\/01\/Sergio-Pra.jpg\" alt=\"\" width=\"103\" height=\"146\" \/><\/a>DI MIRKO MEZZACASA<\/strong><\/p>\n<p>OSPITE: Sergio Pra, Presidente di Alleghe Funivie<\/p>\n<audio class=\"wp-audio-shortcode\" id=\"audio-424631-19\" preload=\"none\" style=\"width: 100%;\" controls=\"controls\"><source type=\"audio\/mpeg\" src=\"https:\/\/www.radiopiu.net\/wordpress\/wp-content\/uploads\/2024\/12\/SERGIO-PRA-ALLEGHE-24.mp3?_=19\" \/><a href=\"https:\/\/www.radiopiu.net\/wordpress\/wp-content\/uploads\/2024\/12\/SERGIO-PRA-ALLEGHE-24.mp3\">https:\/\/www.radiopiu.net\/wordpress\/wp-content\/uploads\/2024\/12\/SERGIO-PRA-ALLEGHE-24.mp3<\/a><\/audio>\n<p>&nbsp;<\/p>\n<hr \/>\n<p>&nbsp;<\/p>\n<h2><span style=\"color: #ff00ff;\">&#8220;NON FARE LO STRUZZO&#8221; UNA SERATA INFORMATIVA IL 19 DICEMBRE ALLA BIBLIOTECA DI AGORDO<\/span><\/h2>\n<p><strong><a class=\"dt-pswp-item\" href=\"https:\/\/www.radiopiu.net\/wordpress\/wp-content\/uploads\/2024\/11\/dd4cdc36-4650-447f-ae9b-9f98a0817bdf.jpg\" data-dt-img-description=\"\" data-large_image_width=\"1131\" data-large_image_height=\"1600\"><img loading=\"lazy\" decoding=\"async\" class=\" wp-image-422181 alignleft\" src=\"https:\/\/www.radiopiu.net\/wordpress\/wp-content\/uploads\/2024\/11\/dd4cdc36-4650-447f-ae9b-9f98a0817bdf-212x300.jpg\" alt=\"\" width=\"127\" height=\"180\" srcset=\"https:\/\/www.radiopiu.net\/wordpress\/wp-content\/uploads\/2024\/11\/dd4cdc36-4650-447f-ae9b-9f98a0817bdf-212x300.jpg 212w, https:\/\/www.radiopiu.net\/wordpress\/wp-content\/uploads\/2024\/11\/dd4cdc36-4650-447f-ae9b-9f98a0817bdf-724x1024.jpg 724w, https:\/\/www.radiopiu.net\/wordpress\/wp-content\/uploads\/2024\/11\/dd4cdc36-4650-447f-ae9b-9f98a0817bdf-768x1086.jpg 768w, https:\/\/www.radiopiu.net\/wordpress\/wp-content\/uploads\/2024\/11\/dd4cdc36-4650-447f-ae9b-9f98a0817bdf-1086x1536.jpg 1086w, https:\/\/www.radiopiu.net\/wordpress\/wp-content\/uploads\/2024\/11\/dd4cdc36-4650-447f-ae9b-9f98a0817bdf.jpg 1131w\" sizes=\"auto, (max-width: 127px) 100vw, 127px\" \/><\/a>DI MIRKO MEZZACASA<\/strong><\/p>\n<p>OSPITI: Giuliano Federa e Roberto Agnolet<\/p>\n<audio class=\"wp-audio-shortcode\" id=\"audio-424631-20\" preload=\"none\" style=\"width: 100%;\" controls=\"controls\"><source type=\"audio\/mpeg\" src=\"https:\/\/www.radiopiu.net\/wordpress\/wp-content\/uploads\/2024\/12\/giuliano-e-roberto-ok.mp3?_=20\" \/><a href=\"https:\/\/www.radiopiu.net\/wordpress\/wp-content\/uploads\/2024\/12\/giuliano-e-roberto-ok.mp3\">https:\/\/www.radiopiu.net\/wordpress\/wp-content\/uploads\/2024\/12\/giuliano-e-roberto-ok.mp3<\/a><\/audio>\n<p>&nbsp;<\/p>\n<hr \/>\n<p>&nbsp;<\/p>\n<blockquote>\n<h2>IN VENETO SONO 8.500 LE IMPRESE IN \u201cODOR DI MAFIA\u201d<\/h2>\n<\/blockquote>\n<p><a class=\"dt-pswp-item\" href=\"https:\/\/www.radiopiu.net\/wordpress\/wp-content\/uploads\/2024\/12\/20241214094554.png\" data-dt-img-description=\"\" data-large_image_width=\"619\" data-large_image_height=\"361\"><img loading=\"lazy\" decoding=\"async\" class=\"size-medium wp-image-424859 alignleft\" src=\"https:\/\/www.radiopiu.net\/wordpress\/wp-content\/uploads\/2024\/12\/20241214094554-300x175.png\" alt=\"\" width=\"300\" height=\"175\" srcset=\"https:\/\/www.radiopiu.net\/wordpress\/wp-content\/uploads\/2024\/12\/20241214094554-300x175.png 300w, https:\/\/www.radiopiu.net\/wordpress\/wp-content\/uploads\/2024\/12\/20241214094554.png 619w\" sizes=\"auto, (max-width: 300px) 100vw, 300px\" \/><\/a>In virt\u00f9 dei dati in possesso dell\u2019Unit\u00e0 di Informazione Finanziaria (UIF) della Banca d\u2019Italia &#8211; struttura che, per legge, riceve ogni anno dagli intermediari finanziari di tutto il Paese centinaia di migliaia di segnalazioni di operazioni finanziarie sospette \u2013 \u00e8 stato possibile mappare il numero delle imprese presenti in Veneto che potenzialmente sono contigue a contesti di criminalit\u00e0 organizzata. Oltre alle segnalazioni ricevute, la UIF ha incrociato anche gli scambi informativi acquisiti sia dalla Direzione Nazionale Antimafia che dall\u2019Autorit\u00e0 giudiziaria. Grazie a questo mix di dati \u00e8 stato possibile censire uno stock pari a poco pi\u00f9 di 8.500 imprese venete che potrebbero essere potenzialmente controllate o collegate a vario titolo alle organizzazioni criminali di stampo mafioso.<\/p>\n<p><strong>\u2022 Padova e Venezia le realt\u00e0 pi\u00f9 a rischio<\/strong><br \/>\nAnalizzando la diffusione territoriale in Veneto delle aziende in \u201codor di mafia\u201d, scorgiamo che il territorio che ne conta di pi\u00f9 \u00e8 la provincia di Padova con 2.355 unit\u00e0. Seguono Venezia con 1.854, Verona con 1.391, Treviso con 1.295, Rovigo con 370 e Belluno con 74. Tra le provincie di Padova e Venezia \u00e8 concentrato quasi il 50 per cento delle attivit\u00e0 imprenditoriali a rischio \u201cpresenti\u201d nella nostra regione (vedi Tab. 1).<\/p>\n<p><strong><a class=\"dt-pswp-item\" href=\"https:\/\/www.radiopiu.net\/wordpress\/wp-content\/uploads\/2024\/12\/20241214094621.png\" data-dt-img-description=\"\" data-large_image_width=\"648\" data-large_image_height=\"703\"><img loading=\"lazy\" decoding=\"async\" class=\"size-medium wp-image-424861 alignleft\" src=\"https:\/\/www.radiopiu.net\/wordpress\/wp-content\/uploads\/2024\/12\/20241214094621-277x300.png\" alt=\"\" width=\"277\" height=\"300\" srcset=\"https:\/\/www.radiopiu.net\/wordpress\/wp-content\/uploads\/2024\/12\/20241214094621-277x300.png 277w, https:\/\/www.radiopiu.net\/wordpress\/wp-content\/uploads\/2024\/12\/20241214094621.png 648w\" sizes=\"auto, (max-width: 277px) 100vw, 277px\" \/><\/a>\u2022 Imprenditori nel mirino<\/strong><br \/>\nGli ambiti criminali in cui le mafie fanno business sono numerosissimi. Tra i principali segnaliamo il narcotraffico, il traffico d\u2019armi, lo smaltimento illegale dei rifiuti, gli appalti pubblici, le scommesse clandestine, il gioco d\u2019azzardo, l\u2019usura, il contrabbando di sigarette e la prostituzione. Tra le attivit\u00e0 esercitate da queste consorterie malavitose, le estorsioni sono quelle pi\u00f9 remunerative e le vittime di questo reato sono, quasi esclusivamente, imprenditori. Non solo. Nei territori dove il numero di denunce all\u2019Autorit\u00e0 giudiziaria per estorsione\/racket &#8211; ma anche per reati ambientali, contraffazione, lavoro nero, caporalato, etc. &#8211; \u00e8 molto alto, la probabilit\u00e0 che vi sia una presenza radicata e diffusa di una o pi\u00f9 organizzazioni di stampo mafioso \u00e8 altrettanto elevata.<\/p>\n<p><strong>\u2022 Boom di denunce per estorsione<\/strong><br \/>\nIn questi ultimi anni l\u2019estorsione \u00e8 uno dei pochi reati che ha registrato un forte aumento del numero delle denunce. Negli ultimi dieci anni, infatti, i delitti denunciati in Veneto dalle forze di polizia all\u2019Autorit\u00e0 giudiziaria per estorsione sono pi\u00f9 che raddoppiati (+116,1 per cento). E in particolar modo a Nordest, fa sapere la Direzione Investigativa Antimafia, questo fenomeno si sta diffondendo senza ricorrere pi\u00f9 a minacce esplicite e men che meno all\u2019uso della violenza, ma cercando una specie di \u201ccomplicit\u00e0\u201d con le vittime, imponendo, ad esempio, l\u2019assunzione di personale o fornendo altre tipologie di servizi\/forniture. Oppure, proponendo alle imprese soluzioni \u201ccondivise\u201d con reciproci vantaggi, come l\u2019attivit\u00e0 di fatturazione per operazioni inesistenti, ove le vittime devono corrispondere in contanti anche l\u2019importo dell\u2019IVA che poi deve essere versata all\u2019erario dal committente. Consentendo cos\u00ec a quest\u2019ultimo di onorare l\u2019adempimento fiscale e al contempo di occultare la richiesta estorsiva di denaro.<\/p>\n<p><strong><a class=\"dt-pswp-item\" href=\"https:\/\/www.radiopiu.net\/wordpress\/wp-content\/uploads\/2024\/12\/20241214094639.png\" data-dt-img-description=\"\" data-large_image_width=\"645\" data-large_image_height=\"363\"><img loading=\"lazy\" decoding=\"async\" class=\"size-medium wp-image-424860 alignleft\" src=\"https:\/\/www.radiopiu.net\/wordpress\/wp-content\/uploads\/2024\/12\/20241214094639-300x169.png\" alt=\"\" width=\"300\" height=\"169\" srcset=\"https:\/\/www.radiopiu.net\/wordpress\/wp-content\/uploads\/2024\/12\/20241214094639-300x169.png 300w, https:\/\/www.radiopiu.net\/wordpress\/wp-content\/uploads\/2024\/12\/20241214094639.png 645w\" sizes=\"auto, (max-width: 300px) 100vw, 300px\" \/><\/a>\u2022 Situazione critica in tutto il Veneto: in 10 anni denunce quadruplicate a Belluno e pi\u00f9 che triplicate a Vicenza<\/strong><br \/>\nCome dicevamo in precedenza, tra il 2023 e il 2013 in Veneto le denunce per estorsione sono aumentate del 116,1 per cento, contro una media nazionale del 66,2 per cento. In termini complessivi, \u00e8 il Mezzogiorno con 3.877 la ripartizione geografica che nel 2023 ha registrato il pi\u00f9 alto numero di denunce; seguono il Nordovest con 2.945, il Centro con 2.573 e il Nordest con 2.043 (vedi Tab. 2). Sempre nello stesso arco temporale, tra le province venete, invece, le variazioni di crescita pi\u00f9 importanti hanno interessato, in particolare, Belluno con il +330 per cento, Vicenza con il +248,8 per cento, Verona con il +127,7 per cento, Treviso con il +123,7 per cento, Venezia con il +94,8 per cento, Rovigo con il +92,9 per cento e Padova con il +42,5 per cento. In valore assoluto, infine, la provincia di Verona \u00e8 quella che nel 2023 ha registrato con 148 denunce l\u2019ammontare complessivo pi\u00f9 alto registrato in Veneto. Seguono Vicenza con 143, Padova con 124 e Venezia con 113 (vedi Tab. 3).<\/p>\n<p>&nbsp;<\/p>\n<p>&nbsp;<\/p>\n<hr \/>\n<p>&nbsp;<\/p>\n\n\t\t\t<style type='text\/css'>\n\t\t\t\t#gallery-6 {\n\t\t\t\t\tmargin: auto;\n\t\t\t\t}\n\t\t\t\t#gallery-6 .gallery-item {\n\t\t\t\t\tfloat: left;\n\t\t\t\t\tmargin-top: 10px;\n\t\t\t\t\ttext-align: center;\n\t\t\t\t\twidth: 100%;\n\t\t\t\t}\n\t\t\t\t#gallery-6 img {\n\t\t\t\t\tborder: 2px solid #cfcfcf;\n\t\t\t\t}\n\t\t\t\t#gallery-6 .gallery-caption {\n\t\t\t\t\tmargin-left: 0;\n\t\t\t\t}\n\t\t\t\t\/* see gallery_shortcode() in wp-includes\/media.php *\/\n\t\t\t<\/style>\n\t\t<div id='gallery-6' class='dt-gallery-container gallery galleryid-424631 gallery-columns-1 gallery-size-medium'><dl class='gallery-item'>\n\t\t\t\t<dt class='gallery-icon portrait'>\n\t\t\t\t\t<a class=\"rollover rollover-zoom dt-pswp-item\" title=\"b3cecef2-c1a0-4979-a248-4ba48e65737b\" data-dt-img-description=\"\" data-large_image_width=\"1449\" data-large_image_height=\"2048\"href='https:\/\/www.radiopiu.net\/wordpress\/wp-content\/uploads\/2024\/12\/b3cecef2-c1a0-4979-a248-4ba48e65737b.jpg'><img loading=\"lazy\" decoding=\"async\" width=\"212\" height=\"300\" src=\"https:\/\/www.radiopiu.net\/wordpress\/wp-content\/uploads\/2024\/12\/b3cecef2-c1a0-4979-a248-4ba48e65737b-212x300.jpg\" class=\"attachment-medium size-medium\" alt=\"\" aria-describedby=\"gallery-6-423966\" srcset=\"https:\/\/www.radiopiu.net\/wordpress\/wp-content\/uploads\/2024\/12\/b3cecef2-c1a0-4979-a248-4ba48e65737b-212x300.jpg 212w, https:\/\/www.radiopiu.net\/wordpress\/wp-content\/uploads\/2024\/12\/b3cecef2-c1a0-4979-a248-4ba48e65737b-725x1024.jpg 725w, https:\/\/www.radiopiu.net\/wordpress\/wp-content\/uploads\/2024\/12\/b3cecef2-c1a0-4979-a248-4ba48e65737b-768x1085.jpg 768w, https:\/\/www.radiopiu.net\/wordpress\/wp-content\/uploads\/2024\/12\/b3cecef2-c1a0-4979-a248-4ba48e65737b-1087x1536.jpg 1087w, https:\/\/www.radiopiu.net\/wordpress\/wp-content\/uploads\/2024\/12\/b3cecef2-c1a0-4979-a248-4ba48e65737b.jpg 1449w\" sizes=\"auto, (max-width: 212px) 100vw, 212px\" \/><\/a>\n\t\t\t\t<\/dt>\n\t\t\t\t\t<dd class='wp-caption-text gallery-caption' id='gallery-6-423966'>\n\t\t\t\t\tscuola aperta, sabato a cencenighe \n\t\t\t\t\t<\/dd><\/dl><br style=\"clear: both\" \/>\n\t\t\t<\/div>\n\n<p>&nbsp;<\/p>\n<p>&nbsp;<\/p>\n<hr \/>\n<p>&nbsp;<\/p>\n<blockquote>\n<h1>Il Presepe Artistico di Roe di Sedico: un capolavoro da visitare<\/h1>\n<\/blockquote>\n<p><a class=\"dt-pswp-item\" href=\"https:\/\/www.radiopiu.net\/wordpress\/wp-content\/uploads\/2024\/12\/5162ed54-e3b2-4d17-82f0-cf26bd30086a.jpg\" data-dt-img-description=\"\" data-large_image_width=\"1200\" data-large_image_height=\"1600\"><img loading=\"lazy\" decoding=\"async\" class=\"size-medium wp-image-423381 alignleft\" src=\"https:\/\/www.radiopiu.net\/wordpress\/wp-content\/uploads\/2024\/12\/5162ed54-e3b2-4d17-82f0-cf26bd30086a-225x300.jpg\" alt=\"\" width=\"225\" height=\"300\" srcset=\"https:\/\/www.radiopiu.net\/wordpress\/wp-content\/uploads\/2024\/12\/5162ed54-e3b2-4d17-82f0-cf26bd30086a-225x300.jpg 225w, https:\/\/www.radiopiu.net\/wordpress\/wp-content\/uploads\/2024\/12\/5162ed54-e3b2-4d17-82f0-cf26bd30086a-768x1024.jpg 768w, https:\/\/www.radiopiu.net\/wordpress\/wp-content\/uploads\/2024\/12\/5162ed54-e3b2-4d17-82f0-cf26bd30086a-1152x1536.jpg 1152w, https:\/\/www.radiopiu.net\/wordpress\/wp-content\/uploads\/2024\/12\/5162ed54-e3b2-4d17-82f0-cf26bd30086a.jpg 1200w\" sizes=\"auto, (max-width: 225px) 100vw, 225px\" \/><\/a>Il presepe artistico di Roe di Sedico \u00e8 un\u2019opera straordinaria realizzata dai talentuosi autori Fabio Sommacal, Davide Lovisotto, Edi Tegner, Andrea Fontanive e Marco Bressan. Nato nel 1988, le prime edizioni venivano ospitate nella cappella invernale e smontate ogni anno. Dal 1991, grazie alla disponibilit\u00e0 di Don Rinaldo, il presepe ha trovato una sede permanente, permettendo la realizzazione di 32 edizioni fino all\u2019interruzione causata dalla pandemia. Dal 2022, l\u2019avventura \u00e8 ripartita con rinnovato entusiasmo. Il presepe \u00e8 visitabile fino al 31 gennaio: <strong>Domeniche e festivi:<\/strong> 10:00-12:00 e 14:00-18:30. <strong>Dal 25 dicembre al 6 gennaio:<\/strong> aperto anche nei feriali, nel pomeriggio 14:00-18:30. Un appuntamento imperdibile per immergersi nella magia del Natale e ammirare un\u2019opera che racconta tradizione e passione.<\/p>\n<p>&nbsp;<\/p>\n\n\t\t\t<style type='text\/css'>\n\t\t\t\t#gallery-7 {\n\t\t\t\t\tmargin: auto;\n\t\t\t\t}\n\t\t\t\t#gallery-7 .gallery-item {\n\t\t\t\t\tfloat: left;\n\t\t\t\t\tmargin-top: 10px;\n\t\t\t\t\ttext-align: center;\n\t\t\t\t\twidth: 12%;\n\t\t\t\t}\n\t\t\t\t#gallery-7 img {\n\t\t\t\t\tborder: 2px solid #cfcfcf;\n\t\t\t\t}\n\t\t\t\t#gallery-7 .gallery-caption {\n\t\t\t\t\tmargin-left: 0;\n\t\t\t\t}\n\t\t\t\t\/* see gallery_shortcode() in wp-includes\/media.php *\/\n\t\t\t<\/style>\n\t\t<div id='gallery-7' class='dt-gallery-container gallery galleryid-424631 gallery-columns-8 gallery-size-thumbnail'><dl class='gallery-item'>\n\t\t\t\t<dt class='gallery-icon landscape'>\n\t\t\t\t\t<a class=\"rollover rollover-zoom dt-pswp-item\" title=\"1708f0ec-4e7a-4978-b30d-3959327ffde0\" data-dt-img-description=\"\" data-large_image_width=\"1600\" data-large_image_height=\"1200\"href='https:\/\/www.radiopiu.net\/wordpress\/wp-content\/uploads\/2024\/12\/1708f0ec-4e7a-4978-b30d-3959327ffde0.jpg'><img loading=\"lazy\" decoding=\"async\" width=\"150\" height=\"150\" src=\"https:\/\/www.radiopiu.net\/wordpress\/wp-content\/uploads\/2024\/12\/1708f0ec-4e7a-4978-b30d-3959327ffde0-150x150.jpg\" class=\"attachment-thumbnail size-thumbnail\" alt=\"\" \/><\/a>\n\t\t\t\t<\/dt><\/dl><dl class='gallery-item'>\n\t\t\t\t<dt class='gallery-icon landscape'>\n\t\t\t\t\t<a class=\"rollover rollover-zoom dt-pswp-item\" title=\"31faecc0-e87e-406d-b6a8-6f5633f67e78\" data-dt-img-description=\"\" data-large_image_width=\"1600\" data-large_image_height=\"1200\"href='https:\/\/www.radiopiu.net\/wordpress\/wp-content\/uploads\/2024\/12\/31faecc0-e87e-406d-b6a8-6f5633f67e78.jpg'><img loading=\"lazy\" decoding=\"async\" width=\"150\" height=\"150\" src=\"https:\/\/www.radiopiu.net\/wordpress\/wp-content\/uploads\/2024\/12\/31faecc0-e87e-406d-b6a8-6f5633f67e78-150x150.jpg\" class=\"attachment-thumbnail size-thumbnail\" alt=\"\" \/><\/a>\n\t\t\t\t<\/dt><\/dl><dl class='gallery-item'>\n\t\t\t\t<dt class='gallery-icon landscape'>\n\t\t\t\t\t<a class=\"rollover rollover-zoom dt-pswp-item\" title=\"22cd45a8-8844-4e2d-8552-f9a2b7c9b35a\" data-dt-img-description=\"\" data-large_image_width=\"1600\" data-large_image_height=\"1200\"href='https:\/\/www.radiopiu.net\/wordpress\/wp-content\/uploads\/2024\/12\/22cd45a8-8844-4e2d-8552-f9a2b7c9b35a.jpg'><img loading=\"lazy\" decoding=\"async\" width=\"150\" height=\"150\" src=\"https:\/\/www.radiopiu.net\/wordpress\/wp-content\/uploads\/2024\/12\/22cd45a8-8844-4e2d-8552-f9a2b7c9b35a-150x150.jpg\" class=\"attachment-thumbnail size-thumbnail\" alt=\"\" \/><\/a>\n\t\t\t\t<\/dt><\/dl><dl class='gallery-item'>\n\t\t\t\t<dt class='gallery-icon landscape'>\n\t\t\t\t\t<a class=\"rollover rollover-zoom dt-pswp-item\" title=\"2f78f81d-54a0-473e-a048-6082fa5f0dfb\" data-dt-img-description=\"\" data-large_image_width=\"1600\" data-large_image_height=\"1200\"href='https:\/\/www.radiopiu.net\/wordpress\/wp-content\/uploads\/2024\/12\/2f78f81d-54a0-473e-a048-6082fa5f0dfb.jpg'><img loading=\"lazy\" decoding=\"async\" width=\"150\" height=\"150\" src=\"https:\/\/www.radiopiu.net\/wordpress\/wp-content\/uploads\/2024\/12\/2f78f81d-54a0-473e-a048-6082fa5f0dfb-150x150.jpg\" class=\"attachment-thumbnail size-thumbnail\" alt=\"\" \/><\/a>\n\t\t\t\t<\/dt><\/dl><dl class='gallery-item'>\n\t\t\t\t<dt class='gallery-icon landscape'>\n\t\t\t\t\t<a class=\"rollover rollover-zoom dt-pswp-item\" title=\"05ae5de8-f5ea-45b4-9b1f-d4e96bbb1fb8\" data-dt-img-description=\"\" data-large_image_width=\"1600\" data-large_image_height=\"1200\"href='https:\/\/www.radiopiu.net\/wordpress\/wp-content\/uploads\/2024\/12\/05ae5de8-f5ea-45b4-9b1f-d4e96bbb1fb8.jpg'><img loading=\"lazy\" decoding=\"async\" width=\"150\" height=\"150\" src=\"https:\/\/www.radiopiu.net\/wordpress\/wp-content\/uploads\/2024\/12\/05ae5de8-f5ea-45b4-9b1f-d4e96bbb1fb8-150x150.jpg\" class=\"attachment-thumbnail size-thumbnail\" alt=\"\" \/><\/a>\n\t\t\t\t<\/dt><\/dl><dl class='gallery-item'>\n\t\t\t\t<dt class='gallery-icon landscape'>\n\t\t\t\t\t<a class=\"rollover rollover-zoom dt-pswp-item\" title=\"9b5d2c47-0c82-43c2-ac45-eda00723a965\" data-dt-img-description=\"\" data-large_image_width=\"1600\" data-large_image_height=\"1200\"href='https:\/\/www.radiopiu.net\/wordpress\/wp-content\/uploads\/2024\/12\/9b5d2c47-0c82-43c2-ac45-eda00723a965.jpg'><img loading=\"lazy\" decoding=\"async\" width=\"150\" height=\"150\" src=\"https:\/\/www.radiopiu.net\/wordpress\/wp-content\/uploads\/2024\/12\/9b5d2c47-0c82-43c2-ac45-eda00723a965-150x150.jpg\" class=\"attachment-thumbnail size-thumbnail\" alt=\"\" \/><\/a>\n\t\t\t\t<\/dt><\/dl><dl class='gallery-item'>\n\t\t\t\t<dt class='gallery-icon landscape'>\n\t\t\t\t\t<a class=\"rollover rollover-zoom dt-pswp-item\" title=\"2ed1d8d3-409e-4775-94ed-91e3eda55c6e\" data-dt-img-description=\"\" data-large_image_width=\"1600\" data-large_image_height=\"1200\"href='https:\/\/www.radiopiu.net\/wordpress\/wp-content\/uploads\/2024\/12\/2ed1d8d3-409e-4775-94ed-91e3eda55c6e.jpg'><img loading=\"lazy\" decoding=\"async\" width=\"150\" height=\"150\" src=\"https:\/\/www.radiopiu.net\/wordpress\/wp-content\/uploads\/2024\/12\/2ed1d8d3-409e-4775-94ed-91e3eda55c6e-150x150.jpg\" class=\"attachment-thumbnail size-thumbnail\" alt=\"\" \/><\/a>\n\t\t\t\t<\/dt><\/dl><dl class='gallery-item'>\n\t\t\t\t<dt class='gallery-icon landscape'>\n\t\t\t\t\t<a class=\"rollover rollover-zoom dt-pswp-item\" title=\"0f25e816-4eb7-459e-b251-b05d839862fc\" data-dt-img-description=\"\" data-large_image_width=\"1600\" data-large_image_height=\"1200\"href='https:\/\/www.radiopiu.net\/wordpress\/wp-content\/uploads\/2024\/12\/0f25e816-4eb7-459e-b251-b05d839862fc.jpg'><img loading=\"lazy\" decoding=\"async\" width=\"150\" height=\"150\" src=\"https:\/\/www.radiopiu.net\/wordpress\/wp-content\/uploads\/2024\/12\/0f25e816-4eb7-459e-b251-b05d839862fc-150x150.jpg\" class=\"attachment-thumbnail size-thumbnail\" alt=\"\" \/><\/a>\n\t\t\t\t<\/dt><\/dl><br style=\"clear: both\" \/>\n\t\t\t<\/div>\n\n<p>&nbsp;<\/p>\n<hr \/>\n<p>&nbsp;<\/p>\n<p>&nbsp;<\/p>\n<blockquote>\n<h1>RIVA NADAL 2024 IN VALLE IMPERINA<\/h1>\n<\/blockquote>\n<p><strong>DI GIANNI SANTOMASO<\/strong><\/p>\n<audio class=\"wp-audio-shortcode\" id=\"audio-424631-21\" preload=\"none\" style=\"width: 100%;\" controls=\"controls\"><source type=\"audio\/mpeg\" src=\"https:\/\/www.radiopiu.net\/wordpress\/wp-content\/uploads\/2024\/12\/GIANNI-RIVA-NADAL.mp3?_=21\" \/><a href=\"https:\/\/www.radiopiu.net\/wordpress\/wp-content\/uploads\/2024\/12\/GIANNI-RIVA-NADAL.mp3\">https:\/\/www.radiopiu.net\/wordpress\/wp-content\/uploads\/2024\/12\/GIANNI-RIVA-NADAL.mp3<\/a><\/audio>\n<p>&nbsp;<\/p>\n<p><a class=\"dt-pswp-item\" href=\"https:\/\/www.radiopiu.net\/wordpress\/wp-content\/uploads\/2024\/12\/RIVA-NADAL-2024.jpg\" data-dt-img-description=\"\" data-large_image_width=\"841\" data-large_image_height=\"1190\"><img loading=\"lazy\" decoding=\"async\" class=\" wp-image-422752 alignleft\" src=\"https:\/\/www.radiopiu.net\/wordpress\/wp-content\/uploads\/2024\/12\/RIVA-NADAL-2024-212x300.jpg\" alt=\"\" width=\"167\" height=\"236\" srcset=\"https:\/\/www.radiopiu.net\/wordpress\/wp-content\/uploads\/2024\/12\/RIVA-NADAL-2024-212x300.jpg 212w, https:\/\/www.radiopiu.net\/wordpress\/wp-content\/uploads\/2024\/12\/RIVA-NADAL-2024-724x1024.jpg 724w, https:\/\/www.radiopiu.net\/wordpress\/wp-content\/uploads\/2024\/12\/RIVA-NADAL-2024-768x1087.jpg 768w, https:\/\/www.radiopiu.net\/wordpress\/wp-content\/uploads\/2024\/12\/RIVA-NADAL-2024.jpg 841w\" sizes=\"auto, (max-width: 167px) 100vw, 167px\" \/><\/a><\/p>\n<p>&nbsp;<\/p>\n<div><i><span style=\"color: #004d65;\">\u201cIl Natale \u00e8 magia, tradizione e divertimento. Domenica 15 dicembre, ti aspettiamo a: Riva Nadal &#8211; I Mercatini dei Can\u00f2p, presso il Centro Minerario Valle Imperina. Dalle 10 del mattino, mercatini, sfilate, passeggiate in carrozza, spettacoli e attivit\u00e0 per grandi e piccini.<b> Letture e laboratori\u00a0per bambini, preparatevi ad incontrare i temibili Krampus e a lasciarvi emozionare con l&#8217;esibizione del <\/b>Coro\u00a0\u201cSchola Cantorum La Valle Agordina\u201d\u00a0nel suggestivo complesso dei Forni Fusori. E per tutto il giorno, delizie dolci e salate, vin brul\u00e9 e castagne. Parcheggio comodo e servizio navetta a soli 2 euro andata e ritorno.\u00a0<\/span><\/i><i><span style=\"color: #004d65;\">Riva Nadal &#8211; La magia del Natale ti aspetta! Evento organizzato dalla Pro Loco di Rivamonte in collaborazione con Pro Loco Agordo e Pro Loco La Valle Agordina, con il supporto del Gruppo Botol.\u00a0<\/span><\/i><\/div>\n<div><\/div>\n<p><strong><a class=\"dt-pswp-item\" href=\"https:\/\/www.radiopiu.net\/wordpress\/wp-content\/uploads\/2024\/12\/b104c959-8463-4509-83b2-fb42bed47c4b.jpg\" data-dt-img-description=\"\" data-large_image_width=\"1600\" data-large_image_height=\"1600\"><img loading=\"lazy\" decoding=\"async\" class=\" wp-image-423093 alignleft\" src=\"https:\/\/www.radiopiu.net\/wordpress\/wp-content\/uploads\/2024\/12\/b104c959-8463-4509-83b2-fb42bed47c4b-300x300.jpg\" alt=\"\" width=\"178\" height=\"178\" srcset=\"https:\/\/www.radiopiu.net\/wordpress\/wp-content\/uploads\/2024\/12\/b104c959-8463-4509-83b2-fb42bed47c4b-300x300.jpg 300w, https:\/\/www.radiopiu.net\/wordpress\/wp-content\/uploads\/2024\/12\/b104c959-8463-4509-83b2-fb42bed47c4b-1024x1024.jpg 1024w, https:\/\/www.radiopiu.net\/wordpress\/wp-content\/uploads\/2024\/12\/b104c959-8463-4509-83b2-fb42bed47c4b-150x150.jpg 150w, https:\/\/www.radiopiu.net\/wordpress\/wp-content\/uploads\/2024\/12\/b104c959-8463-4509-83b2-fb42bed47c4b-768x768.jpg 768w, https:\/\/www.radiopiu.net\/wordpress\/wp-content\/uploads\/2024\/12\/b104c959-8463-4509-83b2-fb42bed47c4b-1536x1536.jpg 1536w, https:\/\/www.radiopiu.net\/wordpress\/wp-content\/uploads\/2024\/12\/b104c959-8463-4509-83b2-fb42bed47c4b.jpg 1600w\" sizes=\"auto, (max-width: 178px) 100vw, 178px\" \/><\/a>DI MIRKO MEZZACASA<\/strong><\/p>\n<p>OSPITI: Giacomo Bressan, Federica Mezzacasa, Celeste Paganin<\/p>\n<audio class=\"wp-audio-shortcode\" id=\"audio-424631-22\" preload=\"none\" style=\"width: 100%;\" controls=\"controls\"><source type=\"audio\/mpeg\" src=\"https:\/\/www.radiopiu.net\/wordpress\/wp-content\/uploads\/2024\/12\/RIVA-NADAL-2024-FEDERICA-GIACOMO.mp3?_=22\" \/><a href=\"https:\/\/www.radiopiu.net\/wordpress\/wp-content\/uploads\/2024\/12\/RIVA-NADAL-2024-FEDERICA-GIACOMO.mp3\">https:\/\/www.radiopiu.net\/wordpress\/wp-content\/uploads\/2024\/12\/RIVA-NADAL-2024-FEDERICA-GIACOMO.mp3<\/a><\/audio>\n<p>&nbsp;<\/p>\n<blockquote class=\"wp-embedded-content\" data-secret=\"AEukkqzexp\"><p><a href=\"https:\/\/www.radiopiu.net\/wordpress\/valle-imperina-botol-group-un-evento-speciale\/\">Valle Imperina: Botol Group un evento speciale<\/a><\/p><\/blockquote>\n<p><iframe loading=\"lazy\" class=\"wp-embedded-content\" sandbox=\"allow-scripts\" security=\"restricted\" style=\"position: absolute; visibility: hidden;\" title=\"&#8220;Valle Imperina: Botol Group un evento speciale&#8221; &#8212; Radio Pi\u00f9\" src=\"https:\/\/www.radiopiu.net\/wordpress\/valle-imperina-botol-group-un-evento-speciale\/embed\/#?secret=1W0TX2a3wN#?secret=AEukkqzexp\" data-secret=\"AEukkqzexp\" width=\"600\" height=\"338\" frameborder=\"0\" marginwidth=\"0\" marginheight=\"0\" scrolling=\"no\"><\/iframe><\/p>\n<hr \/>\n<p>&nbsp;<\/p>\n<p>&nbsp;<\/p>\n<blockquote>\n<div class=\"flex-shrink-0 flex flex-col relative items-end\">\n<div>\n<div class=\"pt-0\">\n<div class=\"gizmo-bot-avatar flex h-8 w-8 items-center justify-center overflow-hidden rounded-full\"><\/div>\n<\/div>\n<\/div>\n<\/div>\n<div class=\"group\/conversation-turn relative flex w-full min-w-0 flex-col agent-turn\">\n<div class=\"flex-col gap-1 md:gap-3\">\n<div class=\"flex max-w-full flex-col flex-grow\">\n<div class=\"min-h-8 text-message flex w-full flex-col items-end gap-2 whitespace-normal break-words text-start [.text-message+&amp;]:mt-5\" dir=\"auto\" data-message-author-role=\"assistant\" data-message-id=\"97012426-eed4-4b79-a5b9-afca489c3dfc\" data-message-model-slug=\"gpt-4o\">\n<div class=\"flex w-full flex-col gap-1 empty:hidden first:pt-[3px]\">\n<div class=\"markdown prose w-full break-words dark:prose-invert dark\">\n<p style=\"text-align: center;\"><strong><a class=\"dt-pswp-item\" href=\"https:\/\/www.radiopiu.net\/wordpress\/wp-content\/uploads\/2024\/12\/mose-andrich.jpg\" data-dt-img-description=\"\" data-large_image_width=\"1023\" data-large_image_height=\"1023\"><img loading=\"lazy\" decoding=\"async\" class=\"wp-image-424317 alignleft\" src=\"https:\/\/www.radiopiu.net\/wordpress\/wp-content\/uploads\/2024\/12\/mose-andrich-300x300.jpg\" alt=\"\" width=\"118\" height=\"118\" srcset=\"https:\/\/www.radiopiu.net\/wordpress\/wp-content\/uploads\/2024\/12\/mose-andrich-300x300.jpg 300w, https:\/\/www.radiopiu.net\/wordpress\/wp-content\/uploads\/2024\/12\/mose-andrich-150x150.jpg 150w, https:\/\/www.radiopiu.net\/wordpress\/wp-content\/uploads\/2024\/12\/mose-andrich-768x768.jpg 768w, https:\/\/www.radiopiu.net\/wordpress\/wp-content\/uploads\/2024\/12\/mose-andrich.jpg 1023w\" sizes=\"auto, (max-width: 118px) 100vw, 118px\" \/><\/a>Da Bach ai Coldplay, Mos\u00e8 Andrich al pianoforte<\/strong><\/p>\n<p>Sabato 21 dicembre alle 17.45, nella Sala &#8220;Zanardelli&#8221; della Prefettura di Belluno, Mos\u00e8 Andrich si esibir\u00e0 in un concerto che spazier\u00e0 da Bach ai Coldplay. L&#8217;evento, promosso da Anffas Belluno, sostiene il progetto \u201cProve di Volo\u201d.<\/p>\n<p>\u00c8 necessaria la prenotazione entro il 15 dicembre scrivendo a <a href=\"mailto:info@anffasbelluno.org\">info@anffasbelluno.org<\/a> o su Whatsapp\/Sms al 371 3385451.<\/p>\n<\/div>\n<\/div>\n<\/div>\n<\/div>\n<\/div>\n<\/div>\n<\/blockquote>\n<div class=\"gizmo-bot-avatar flex h-8 w-8 items-center justify-center overflow-hidden rounded-full\"><\/div>\n<div><\/div>\n<hr \/>\n<p>&nbsp;<\/p>\n<div>\n<blockquote><p><strong>VAIA. LA TEMPESTA NELLA MEMORIA.<\/strong><br \/>\n<em><a class=\"dt-pswp-item\" href=\"https:\/\/www.radiopiu.net\/wordpress\/wp-content\/uploads\/2024\/12\/Senza-nome-53.png\" data-dt-img-description=\"\" data-large_image_width=\"144\" data-large_image_height=\"75\"><img loading=\"lazy\" decoding=\"async\" class=\"size-full wp-image-424169 alignleft\" src=\"https:\/\/www.radiopiu.net\/wordpress\/wp-content\/uploads\/2024\/12\/Senza-nome-53.png\" alt=\"\" width=\"144\" height=\"75\" \/><\/a>Riflessioni sul vivere in montagna tra crisi climatica e crisi sociale<\/em><\/p><\/blockquote>\n<p dir=\"ltr\"><strong style=\"font-family: tahoma, sans-serif;\">CESIOMAGGIORE<\/strong><span style=\"font-family: tahoma, sans-serif;\"> Oggi\u00a0 alle 10, in Sala Conferenze del Museo Etnografico Dolomiti, presentazione del libro Vaia. La tempesta nella memoria,\u00a0 degli autori Iolanda Da Deppo, Daniela Perco e Michele Trentini. Partecipano, insieme agli autori: Carlo Barbante, climatologo; Nadia Breda, antropologa; Diego Cason, sociologo, Claudio Lorenzini, storico, Mauro Varotto, geografo. Modera Alice Cason, giornalista.<\/span><\/p>\n<\/div>\n<div><\/div>\n<div><\/div>\n<hr \/>\n<p>&nbsp;<\/p>\n<blockquote><p><strong><a class=\"dt-pswp-item\" href=\"https:\/\/www.radiopiu.net\/wordpress\/wp-content\/uploads\/2024\/11\/AMICI-MINERARI.png\" data-dt-img-description=\"\" data-large_image_width=\"209\" data-large_image_height=\"174\"><img loading=\"lazy\" decoding=\"async\" class=\"size-full wp-image-419180 alignleft\" src=\"https:\/\/www.radiopiu.net\/wordpress\/wp-content\/uploads\/2024\/11\/AMICI-MINERARI.png\" alt=\"\" width=\"209\" height=\"174\" \/><\/a>&#8220;Con gli Amici dei Minerari: Serate d&#8217;Inverno \u2013 un viaggio tra storia, scienza e meraviglie. Incontri presso la Sala con T\u00e0-Mis. Non mancare!&#8221;<\/strong><\/p>\n<ul>\n<li><em>Venerd\u00ec 20 dicembre, ore 20:30<\/em>: &#8220;La morfogenesi delle frane&#8221; \u2013 Relatore Prof. Vittorio Fenti.<\/li>\n<li><em>Venerd\u00ec 24 gennaio, ore 20:30<\/em>: &#8220;Il meraviglioso mondo dei fossili delle Dolomiti&#8221; \u2013 Relatore Danilo Giordano.<\/li>\n<li><em>Venerd\u00ec 21 febbraio, ore 20:30<\/em>: &#8220;Il traforo del Brennero: studio, progettazione e realizzazione&#8221; \u2013 Relatori Vittorio Fenti e Mario Guadagnini.<\/li>\n<\/ul>\n<p><strong>Vivi la cultura e la passione per la montagna!<\/strong><\/p><\/blockquote>\n<p>&nbsp;<\/p>\n<p>&nbsp;<\/p>\n<hr \/>\n<p>&nbsp;<\/p>\n<blockquote>\n<h3><a class=\"dt-pswp-item\" href=\"https:\/\/www.radiopiu.net\/wordpress\/wp-content\/uploads\/2024\/12\/Senza-nome-45.png\" data-dt-img-description=\"\" data-large_image_width=\"253\" data-large_image_height=\"233\"><img loading=\"lazy\" decoding=\"async\" class=\"wp-image-423854 alignleft\" src=\"https:\/\/www.radiopiu.net\/wordpress\/wp-content\/uploads\/2024\/12\/Senza-nome-45.png\" alt=\"\" width=\"177\" height=\"163\" \/><\/a>A COSA PENSI QUANDO NEVICA?<\/h3>\n<\/blockquote>\n<p><strong>FALCADE\u00a0<\/strong>\u00a0 Oggi alle 17 in sala consiliare\u00a0 presentazione del libro e firmacopie con Sarah Zambello e Mauro Valt. Alle 18 lettura espressiva con laboratorio per bambini. Info 3347230117<\/p>\n<p>Con Promo Falcade, Canton del Libro e Le Biblioteche della Valle del Biois.<\/p>\n<p>&nbsp;<\/p>\n<p>&nbsp;<\/p>\n<hr \/>\n<p>&nbsp;<\/p>\n<blockquote>\n<h3>DOMANI AL MUSEO DEI SOGNI A FELTRE<\/h3>\n<\/blockquote>\n<p><strong>FELTRE<\/strong> Domani alle 15:00 al Museo dei Sogni di Feltre, si inaugura la mostra <em>Le chiavi della porta della tua vita<\/em>, con quasi 100 chiavi provenienti da tutto il mondo, simbolo di storie di vita. L&#8217;evento include interventi del vescovo Renato Marangoni e il ricordo del sindaco Mario De Bon. La mostra sar\u00e0 visitabile fino al 31 gennaio 2025.<\/p>\n<p>&nbsp;<\/p>\n<p>&nbsp;<\/p>\n<hr \/>\n<p>&nbsp;<\/p>\n<blockquote>\n<h3>GLI 80 ANNI DI ACLI A FELTRE<\/h3>\n<\/blockquote>\n<p><strong><a class=\"dt-pswp-item\" href=\"https:\/\/www.radiopiu.net\/wordpress\/wp-content\/uploads\/2024\/12\/Incontro-1959-ACLI-Belluno-con-Vescovo-Muccin-Oratore-e-il-pres-prov-prof.-Arnaldo-Colleselli.jpg\" data-dt-img-description=\"\" data-large_image_width=\"1672\" data-large_image_height=\"1151\"><img loading=\"lazy\" decoding=\"async\" class=\" wp-image-424741 alignleft\" src=\"https:\/\/www.radiopiu.net\/wordpress\/wp-content\/uploads\/2024\/12\/Incontro-1959-ACLI-Belluno-con-Vescovo-Muccin-Oratore-e-il-pres-prov-prof.-Arnaldo-Colleselli-300x207.jpg\" alt=\"\" width=\"162\" height=\"112\" srcset=\"https:\/\/www.radiopiu.net\/wordpress\/wp-content\/uploads\/2024\/12\/Incontro-1959-ACLI-Belluno-con-Vescovo-Muccin-Oratore-e-il-pres-prov-prof.-Arnaldo-Colleselli-300x207.jpg 300w, https:\/\/www.radiopiu.net\/wordpress\/wp-content\/uploads\/2024\/12\/Incontro-1959-ACLI-Belluno-con-Vescovo-Muccin-Oratore-e-il-pres-prov-prof.-Arnaldo-Colleselli-1024x705.jpg 1024w, https:\/\/www.radiopiu.net\/wordpress\/wp-content\/uploads\/2024\/12\/Incontro-1959-ACLI-Belluno-con-Vescovo-Muccin-Oratore-e-il-pres-prov-prof.-Arnaldo-Colleselli-768x529.jpg 768w, https:\/\/www.radiopiu.net\/wordpress\/wp-content\/uploads\/2024\/12\/Incontro-1959-ACLI-Belluno-con-Vescovo-Muccin-Oratore-e-il-pres-prov-prof.-Arnaldo-Colleselli-1536x1057.jpg 1536w, https:\/\/www.radiopiu.net\/wordpress\/wp-content\/uploads\/2024\/12\/Incontro-1959-ACLI-Belluno-con-Vescovo-Muccin-Oratore-e-il-pres-prov-prof.-Arnaldo-Colleselli.jpg 1672w\" sizes=\"auto, (max-width: 162px) 100vw, 162px\" \/><\/a>FELTRE<\/strong> Sabato 21 dicembre, presso il Seminario Vescovile di Feltre, si terr\u00e0 un incontro speciale per celebrare gli 80 anni delle Acli in provincia di Belluno. L&#8217;evento ripercorrer\u00e0 la storia delle Acli, che hanno avuto un ruolo centrale nelle dinamiche sociali, politiche e sindacali delle comunit\u00e0 locali. Fondati nel 1945 grazie all&#8217;iniziativa del vescovo Girolamo Bortignon, gli Acli hanno offerto assistenza ai lavoratori in difficolt\u00e0. L&#8217;incontro vedr\u00e0 l&#8217;intervento del professor Marco Mascia dell&#8217;Universit\u00e0 di Padova e la partecipazione di storici soci delle Acli, che racconteranno i momenti significativi della loro storia. L&#8217;evento inizier\u00e0 alle ore 10 e sar\u00e0 introdotto dal presidente delle Acli Belluno Dolomiti Pietro Ranon.<\/p>\n<p>&nbsp;<\/p>\n<p>&nbsp;<\/p>\n<hr \/>\n<p>&nbsp;<\/p>\n<h2><span style=\"color: #ff6600;\">IERI ALLA RADIO\u00a0\u00a0<\/span><\/h2>\n<h2><span style=\"color: #800080;\">&#8220;DINTORN E FORA VIA&#8221;\u00a0 IL PROGRAMMA\u00a0 A CURA DEL MUSLA<\/span><\/h2>\n<p><strong><a class=\"dt-pswp-item\" href=\"https:\/\/www.radiopiu.net\/wordpress\/wp-content\/uploads\/2023\/08\/GIORNALI.jpg\" data-dt-img-description=\"\" data-large_image_width=\"1280\" data-large_image_height=\"853\"><img loading=\"lazy\" decoding=\"async\" class=\" wp-image-350810 alignleft\" src=\"https:\/\/www.radiopiu.net\/wordpress\/wp-content\/uploads\/2023\/08\/GIORNALI-300x200.jpg\" alt=\"\" width=\"167\" height=\"111\" srcset=\"https:\/\/www.radiopiu.net\/wordpress\/wp-content\/uploads\/2023\/08\/GIORNALI-300x200.jpg 300w, https:\/\/www.radiopiu.net\/wordpress\/wp-content\/uploads\/2023\/08\/GIORNALI-1024x682.jpg 1024w, https:\/\/www.radiopiu.net\/wordpress\/wp-content\/uploads\/2023\/08\/GIORNALI-768x512.jpg 768w, https:\/\/www.radiopiu.net\/wordpress\/wp-content\/uploads\/2023\/08\/GIORNALI.jpg 1280w\" sizes=\"auto, (max-width: 167px) 100vw, 167px\" \/><\/a>PUNTATA DEL 13 DICEMBRE 2024 ERIK MARCON<\/strong><\/p>\n<audio class=\"wp-audio-shortcode\" id=\"audio-424631-23\" preload=\"none\" style=\"width: 100%;\" controls=\"controls\"><source type=\"audio\/mpeg\" src=\"https:\/\/www.radiopiu.net\/wordpress\/wp-content\/uploads\/2024\/12\/MUSLA-3.mp3?_=23\" \/><a href=\"https:\/\/www.radiopiu.net\/wordpress\/wp-content\/uploads\/2024\/12\/MUSLA-3.mp3\">https:\/\/www.radiopiu.net\/wordpress\/wp-content\/uploads\/2024\/12\/MUSLA-3.mp3<\/a><\/audio>\n<p>&nbsp;<\/p>\n<h2>LA RACCOLTA COMPLETA <a href=\"https:\/\/www.radiopiu.net\/wordpress\/musla\/\"><span style=\"color: #3366ff;\">CLICCA QUI<\/span><\/a><\/h2>\n<p>&nbsp;<\/p>\n<hr \/>\n<p>&nbsp;<\/p>\n<h2><span style=\"color: #808000;\">MUSIC A B C, IL MONDO DELLA MUSICA UNA LETTERA ALLA VOLTA<\/span><\/h2>\n<p><span style=\"color: #ff0000;\"><strong><a class=\"dt-pswp-item\" href=\"https:\/\/www.radiopiu.net\/wordpress\/wp-content\/uploads\/2021\/07\/microfono-radio-ok-768x448-768x448-1.jpg\" data-dt-img-description=\"\" data-large_image_width=\"768\" data-large_image_height=\"448\"><img loading=\"lazy\" decoding=\"async\" class=\" wp-image-220632 alignleft\" src=\"https:\/\/www.radiopiu.net\/wordpress\/wp-content\/uploads\/2021\/07\/microfono-radio-ok-768x448-768x448-1-300x175.jpg\" alt=\"\" width=\"148\" height=\"86\" srcset=\"https:\/\/www.radiopiu.net\/wordpress\/wp-content\/uploads\/2021\/07\/microfono-radio-ok-768x448-768x448-1-300x175.jpg 300w, https:\/\/www.radiopiu.net\/wordpress\/wp-content\/uploads\/2021\/07\/microfono-radio-ok-768x448-768x448-1.jpg 768w\" sizes=\"auto, (max-width: 148px) 100vw, 148px\" \/><\/a>CON MARINA DONA&#8217; E DAVID &#8220;ATHOS&#8221; BEN<\/strong><\/span><\/p>\n<p><span style=\"color: #0000ff;\"><strong>PUNTATA DEL 13 DICEMBRE 2024<\/strong><\/span><\/p>\n<p><strong>PRIMA PARTE<\/strong><\/p>\n<audio class=\"wp-audio-shortcode\" id=\"audio-424631-24\" preload=\"none\" style=\"width: 100%;\" controls=\"controls\"><source type=\"audio\/mpeg\" src=\"https:\/\/www.radiopiu.net\/wordpress\/wp-content\/uploads\/2024\/12\/GOLD1.mp3?_=24\" \/><a href=\"https:\/\/www.radiopiu.net\/wordpress\/wp-content\/uploads\/2024\/12\/GOLD1.mp3\">https:\/\/www.radiopiu.net\/wordpress\/wp-content\/uploads\/2024\/12\/GOLD1.mp3<\/a><\/audio>\n<p>&nbsp;<\/p>\n<p><strong>SECONDA PARTE<\/strong><\/p>\n<audio class=\"wp-audio-shortcode\" id=\"audio-424631-25\" preload=\"none\" style=\"width: 100%;\" controls=\"controls\"><source type=\"audio\/mpeg\" src=\"https:\/\/www.radiopiu.net\/wordpress\/wp-content\/uploads\/2024\/12\/GOLD2.mp3?_=25\" \/><a href=\"https:\/\/www.radiopiu.net\/wordpress\/wp-content\/uploads\/2024\/12\/GOLD2.mp3\">https:\/\/www.radiopiu.net\/wordpress\/wp-content\/uploads\/2024\/12\/GOLD2.mp3<\/a><\/audio>\n<p>&nbsp;<\/p>\n<p><strong>TERZA PARTE<\/strong><\/p>\n<audio class=\"wp-audio-shortcode\" id=\"audio-424631-26\" preload=\"none\" style=\"width: 100%;\" controls=\"controls\"><source type=\"audio\/mpeg\" src=\"https:\/\/www.radiopiu.net\/wordpress\/wp-content\/uploads\/2024\/12\/GOLD3.mp3?_=26\" \/><a href=\"https:\/\/www.radiopiu.net\/wordpress\/wp-content\/uploads\/2024\/12\/GOLD3.mp3\">https:\/\/www.radiopiu.net\/wordpress\/wp-content\/uploads\/2024\/12\/GOLD3.mp3<\/a><\/audio>\n<p>&nbsp;<\/p>\n<h2>LA RACCOLTA COMPLETA <a href=\"https:\/\/www.radiopiu.net\/wordpress\/music-a-b-c-il-mondo-della-musica-una-lettera-alla-volta-la-raccolta\/\"><span style=\"color: #3366ff;\">CLICCA QUI<\/span><\/a><\/h2>\n<p>&nbsp;<\/p>\n<p>&nbsp;<\/p>\n<h2><span style=\"color: #ff0000;\"><a class=\"dt-pswp-item\" href=\"https:\/\/www.radiopiu.net\/wordpress\/wp-content\/uploads\/2018\/09\/appuntamenti.jpeg\" data-dt-img-description=\"\" data-large_image_width=\"800\" data-large_image_height=\"100\"><img loading=\"lazy\" decoding=\"async\" class=\"wp-image-61958 size-full aligncenter\" src=\"https:\/\/www.radiopiu.net\/wordpress\/wp-content\/uploads\/2018\/09\/appuntamenti.jpeg\" alt=\"\" width=\"800\" height=\"100\" srcset=\"https:\/\/www.radiopiu.net\/wordpress\/wp-content\/uploads\/2018\/09\/appuntamenti.jpeg 800w, https:\/\/www.radiopiu.net\/wordpress\/wp-content\/uploads\/2018\/09\/appuntamenti-300x38.jpeg 300w, https:\/\/www.radiopiu.net\/wordpress\/wp-content\/uploads\/2018\/09\/appuntamenti-768x96.jpeg 768w\" sizes=\"auto, (max-width: 800px) 100vw, 800px\" \/><\/a><\/span><\/h2>\n<div dir=\"auto\"><\/div>\n<div class=\"xdj266r x11i5rnm xat24cr x1mh8g0r x1vvkbs x126k92a\">\n<div dir=\"auto\"><\/div>\n<\/div>\n<p>&nbsp;<\/p>\n<div>\n<div class=\"\" dir=\"auto\">\n<div id=\":r9h:\" class=\"x1iorvi4 x1pi30zi x1l90r2v x1swvt13\" data-ad-comet-preview=\"message\" data-ad-preview=\"message\">\n<div>\n<div class=\"\" dir=\"auto\">\n<div id=\":r9h:\" class=\"x1iorvi4 x1pi30zi x1l90r2v x1swvt13\" data-ad-comet-preview=\"message\" data-ad-preview=\"message\">\n<div class=\"xdj266r x11i5rnm xat24cr x1mh8g0r x1vvkbs x126k92a\">\n<div dir=\"auto\">\n<p><a class=\"dt-pswp-item\" href=\"https:\/\/www.radiopiu.net\/wordpress\/wp-content\/uploads\/2024\/12\/3f038d39-ee87-4c93-9050-475062fdedc2.jpg\" data-dt-img-description=\"\" data-large_image_width=\"1167\" data-large_image_height=\"1630\"><img loading=\"lazy\" decoding=\"async\" class=\" wp-image-422980 alignleft\" src=\"https:\/\/www.radiopiu.net\/wordpress\/wp-content\/uploads\/2024\/12\/3f038d39-ee87-4c93-9050-475062fdedc2-215x300.jpg\" alt=\"\" width=\"110\" height=\"153\" srcset=\"https:\/\/www.radiopiu.net\/wordpress\/wp-content\/uploads\/2024\/12\/3f038d39-ee87-4c93-9050-475062fdedc2-215x300.jpg 215w, https:\/\/www.radiopiu.net\/wordpress\/wp-content\/uploads\/2024\/12\/3f038d39-ee87-4c93-9050-475062fdedc2-733x1024.jpg 733w, https:\/\/www.radiopiu.net\/wordpress\/wp-content\/uploads\/2024\/12\/3f038d39-ee87-4c93-9050-475062fdedc2-768x1073.jpg 768w, https:\/\/www.radiopiu.net\/wordpress\/wp-content\/uploads\/2024\/12\/3f038d39-ee87-4c93-9050-475062fdedc2-1100x1536.jpg 1100w, https:\/\/www.radiopiu.net\/wordpress\/wp-content\/uploads\/2024\/12\/3f038d39-ee87-4c93-9050-475062fdedc2.jpg 1167w\" sizes=\"auto, (max-width: 110px) 100vw, 110px\" \/><\/a>Il comprensorio sciistico di Alleghe ti invita alla festa di apertura della stagione invernale 2024 \/ 2025. Domenica 15 dicembre dalle 10:00 alle 18:00 sulla terrazza della Grande Baita civetta, ci saranno in consolle RDJ, Johnny DJ e DJ Jack e special guest: Monica Morgan ! Cabinovia aperta durante tutta la durata dell\u2019evento e servizio navetta garantito da Taxi Thomas Tutte le info sulle pagine social della Grande Baita Civetta. Inizia con noi la stagione al meglio! Voglio solo questo mega party sulla neve!<\/p>\n<\/div>\n<div dir=\"auto\"><\/div>\n<div dir=\"auto\"><\/div>\n<\/div>\n<div>\n<div class=\"\" dir=\"auto\">\n<div id=\":r9h:\" class=\"x1iorvi4 x1pi30zi x1l90r2v x1swvt13\" data-ad-comet-preview=\"message\" data-ad-preview=\"message\">\n<div>\n<div class=\"\" dir=\"auto\">\n<div id=\":r9h:\" class=\"x1iorvi4 x1pi30zi x1l90r2v x1swvt13\" data-ad-comet-preview=\"message\" data-ad-preview=\"message\">\n\n\t\t\t<style type='text\/css'>\n\t\t\t\t#gallery-8 {\n\t\t\t\t\tmargin: auto;\n\t\t\t\t}\n\t\t\t\t#gallery-8 .gallery-item {\n\t\t\t\t\tfloat: left;\n\t\t\t\t\tmargin-top: 10px;\n\t\t\t\t\ttext-align: center;\n\t\t\t\t\twidth: 25%;\n\t\t\t\t}\n\t\t\t\t#gallery-8 img {\n\t\t\t\t\tborder: 2px solid #cfcfcf;\n\t\t\t\t}\n\t\t\t\t#gallery-8 .gallery-caption {\n\t\t\t\t\tmargin-left: 0;\n\t\t\t\t}\n\t\t\t\t\/* see gallery_shortcode() in wp-includes\/media.php *\/\n\t\t\t<\/style>\n\t\t<div id='gallery-8' class='dt-gallery-container gallery galleryid-424631 gallery-columns-4 gallery-size-thumbnail'><dl class='gallery-item'>\n\t\t\t\t<dt class='gallery-icon landscape'>\n\t\t\t\t\t<a class=\"rollover rollover-zoom dt-pswp-item\" title=\"881179db-216e-4f7f-9fe5-147cb577a48a\" data-dt-img-description=\"\" data-large_image_width=\"1080\" data-large_image_height=\"1080\"href='https:\/\/www.radiopiu.net\/wordpress\/wp-content\/uploads\/2024\/12\/881179db-216e-4f7f-9fe5-147cb577a48a.jpg'><img loading=\"lazy\" decoding=\"async\" width=\"150\" height=\"150\" src=\"https:\/\/www.radiopiu.net\/wordpress\/wp-content\/uploads\/2024\/12\/881179db-216e-4f7f-9fe5-147cb577a48a-150x150.jpg\" class=\"attachment-thumbnail size-thumbnail\" alt=\"\" srcset=\"https:\/\/www.radiopiu.net\/wordpress\/wp-content\/uploads\/2024\/12\/881179db-216e-4f7f-9fe5-147cb577a48a-150x150.jpg 150w, https:\/\/www.radiopiu.net\/wordpress\/wp-content\/uploads\/2024\/12\/881179db-216e-4f7f-9fe5-147cb577a48a-300x300.jpg 300w, https:\/\/www.radiopiu.net\/wordpress\/wp-content\/uploads\/2024\/12\/881179db-216e-4f7f-9fe5-147cb577a48a-1024x1024.jpg 1024w, https:\/\/www.radiopiu.net\/wordpress\/wp-content\/uploads\/2024\/12\/881179db-216e-4f7f-9fe5-147cb577a48a-768x768.jpg 768w, https:\/\/www.radiopiu.net\/wordpress\/wp-content\/uploads\/2024\/12\/881179db-216e-4f7f-9fe5-147cb577a48a.jpg 1080w\" sizes=\"auto, (max-width: 150px) 100vw, 150px\" \/><\/a>\n\t\t\t\t<\/dt><\/dl><dl class='gallery-item'>\n\t\t\t\t<dt class='gallery-icon portrait'>\n\t\t\t\t\t<a class=\"rollover rollover-zoom dt-pswp-item\" title=\"manifesto serate invernali\" data-dt-img-description=\"\" data-large_image_width=\"1683\" data-large_image_height=\"2383\"href='https:\/\/www.radiopiu.net\/wordpress\/wp-content\/uploads\/2024\/11\/manifesto-serate-invernali.jpg'><img loading=\"lazy\" decoding=\"async\" width=\"150\" height=\"150\" src=\"https:\/\/www.radiopiu.net\/wordpress\/wp-content\/uploads\/2024\/11\/manifesto-serate-invernali-150x150.jpg\" class=\"attachment-thumbnail size-thumbnail\" alt=\"\" aria-describedby=\"gallery-8-418816\" \/><\/a>\n\t\t\t\t<\/dt>\n\t\t\t\t\t<dd class='wp-caption-text gallery-caption' id='gallery-8-418816'>\n\t\t\t\t\t21 FEBBRAIO\n\t\t\t\t\t<\/dd><\/dl><dl class='gallery-item'>\n\t\t\t\t<dt class='gallery-icon portrait'>\n\t\t\t\t\t<a class=\"rollover rollover-zoom dt-pswp-item\" title=\"13dic24-Locandina-Paola Faraon\" data-dt-img-description=\"\" data-large_image_width=\"1241\" data-large_image_height=\"1755\"href='https:\/\/www.radiopiu.net\/wordpress\/wp-content\/uploads\/2024\/11\/13dic24-Locandina-Paola-Faraon.jpg'><img loading=\"lazy\" decoding=\"async\" width=\"150\" height=\"150\" src=\"https:\/\/www.radiopiu.net\/wordpress\/wp-content\/uploads\/2024\/11\/13dic24-Locandina-Paola-Faraon-150x150.jpg\" class=\"attachment-thumbnail size-thumbnail\" alt=\"\" aria-describedby=\"gallery-8-422316\" \/><\/a>\n\t\t\t\t<\/dt>\n\t\t\t\t\t<dd class='wp-caption-text gallery-caption' id='gallery-8-422316'>\n\t\t\t\t\tLA PRESENTAZIONE DEL LIBRO DI PAOLA FARAONI\n\t\t\t\t\t<\/dd><\/dl><dl class='gallery-item'>\n\t\t\t\t<dt class='gallery-icon portrait'>\n\t\t\t\t\t<a class=\"rollover rollover-zoom dt-pswp-item\" title=\"b3cecef2-c1a0-4979-a248-4ba48e65737b\" data-dt-img-description=\"\" data-large_image_width=\"1449\" data-large_image_height=\"2048\"href='https:\/\/www.radiopiu.net\/wordpress\/wp-content\/uploads\/2024\/12\/b3cecef2-c1a0-4979-a248-4ba48e65737b.jpg'><img loading=\"lazy\" decoding=\"async\" width=\"150\" height=\"150\" src=\"https:\/\/www.radiopiu.net\/wordpress\/wp-content\/uploads\/2024\/12\/b3cecef2-c1a0-4979-a248-4ba48e65737b-150x150.jpg\" class=\"attachment-thumbnail size-thumbnail\" alt=\"\" aria-describedby=\"gallery-8-423966\" \/><\/a>\n\t\t\t\t<\/dt>\n\t\t\t\t\t<dd class='wp-caption-text gallery-caption' id='gallery-8-423966'>\n\t\t\t\t\tscuola aperta, sabato a cencenighe \n\t\t\t\t\t<\/dd><\/dl><br style=\"clear: both\" \/><dl class='gallery-item'>\n\t\t\t\t<dt class='gallery-icon portrait'>\n\t\t\t\t\t<a class=\"rollover rollover-zoom dt-pswp-item\" title=\"locandina Insieme e\u0300 piu\u0300 bello\" data-dt-img-description=\"\" data-large_image_width=\"1131\" data-large_image_height=\"1600\"href='https:\/\/www.radiopiu.net\/wordpress\/wp-content\/uploads\/2024\/11\/locandina-Insieme-e-piu-bello.jpg'><img loading=\"lazy\" decoding=\"async\" width=\"150\" height=\"150\" src=\"https:\/\/www.radiopiu.net\/wordpress\/wp-content\/uploads\/2024\/11\/locandina-Insieme-e-piu-bello-150x150.jpg\" class=\"attachment-thumbnail size-thumbnail\" alt=\"\" aria-describedby=\"gallery-8-421314\" \/><\/a>\n\t\t\t\t<\/dt>\n\t\t\t\t\t<dd class='wp-caption-text gallery-caption' id='gallery-8-421314'>\n\t\t\t\t\tINSIEME A SAN GREGORIO\n\t\t\t\t\t<\/dd><\/dl><dl class='gallery-item'>\n\t\t\t\t<dt class='gallery-icon portrait'>\n\t\t\t\t\t<a class=\"rollover rollover-zoom dt-pswp-item\" title=\"RIVA NADAL 2024\" data-dt-img-description=\"\" data-large_image_width=\"841\" data-large_image_height=\"1190\"href='https:\/\/www.radiopiu.net\/wordpress\/wp-content\/uploads\/2024\/12\/RIVA-NADAL-2024.jpg'><img loading=\"lazy\" decoding=\"async\" width=\"150\" height=\"150\" src=\"https:\/\/www.radiopiu.net\/wordpress\/wp-content\/uploads\/2024\/12\/RIVA-NADAL-2024-150x150.jpg\" class=\"attachment-thumbnail size-thumbnail\" alt=\"\" aria-describedby=\"gallery-8-422752\" \/><\/a>\n\t\t\t\t<\/dt>\n\t\t\t\t\t<dd class='wp-caption-text gallery-caption' id='gallery-8-422752'>\n\t\t\t\t\tRIVA NADAL\n\t\t\t\t\t<\/dd><\/dl><dl class='gallery-item'>\n\t\t\t\t<dt class='gallery-icon portrait'>\n\t\t\t\t\t<a class=\"rollover rollover-zoom dt-pswp-item\" title=\"5e3e89da-4412-40a9-8ff6-75c82d608467\" data-dt-img-description=\"\" data-large_image_width=\"945\" data-large_image_height=\"2048\"href='https:\/\/www.radiopiu.net\/wordpress\/wp-content\/uploads\/2024\/12\/5e3e89da-4412-40a9-8ff6-75c82d608467.jpg'><img loading=\"lazy\" decoding=\"async\" width=\"150\" height=\"150\" src=\"https:\/\/www.radiopiu.net\/wordpress\/wp-content\/uploads\/2024\/12\/5e3e89da-4412-40a9-8ff6-75c82d608467-150x150.jpg\" class=\"attachment-thumbnail size-thumbnail\" alt=\"\" aria-describedby=\"gallery-8-422979\" \/><\/a>\n\t\t\t\t<\/dt>\n\t\t\t\t\t<dd class='wp-caption-text gallery-caption' id='gallery-8-422979'>\n\t\t\t\t\tAD ALLEGHE IL 15\n\t\t\t\t\t<\/dd><\/dl><dl class='gallery-item'>\n\t\t\t\t<dt class='gallery-icon portrait'>\n\t\t\t\t\t<a class=\"rollover rollover-zoom dt-pswp-item\" title=\"1b3e7006-c41c-47f5-80c5-9045a4148fb7\" data-dt-img-description=\"\" data-large_image_width=\"1414\" data-large_image_height=\"2000\"href='https:\/\/www.radiopiu.net\/wordpress\/wp-content\/uploads\/2024\/12\/1b3e7006-c41c-47f5-80c5-9045a4148fb7.jpg'><img loading=\"lazy\" decoding=\"async\" width=\"150\" height=\"150\" src=\"https:\/\/www.radiopiu.net\/wordpress\/wp-content\/uploads\/2024\/12\/1b3e7006-c41c-47f5-80c5-9045a4148fb7-150x150.jpg\" class=\"attachment-thumbnail size-thumbnail\" alt=\"\" \/><\/a>\n\t\t\t\t<\/dt><\/dl><br style=\"clear: both\" \/><dl class='gallery-item'>\n\t\t\t\t<dt class='gallery-icon landscape'>\n\t\t\t\t\t<a class=\"rollover rollover-zoom dt-pswp-item\" title=\"tornao angeli 2024\" data-dt-img-description=\"\" data-large_image_width=\"941\" data-large_image_height=\"551\"href='https:\/\/www.radiopiu.net\/wordpress\/wp-content\/uploads\/2024\/12\/tornao-angeli-2024.jpg'><img loading=\"lazy\" decoding=\"async\" width=\"150\" height=\"150\" src=\"https:\/\/www.radiopiu.net\/wordpress\/wp-content\/uploads\/2024\/12\/tornao-angeli-2024-150x150.jpg\" class=\"attachment-thumbnail size-thumbnail\" alt=\"\" aria-describedby=\"gallery-8-422943\" \/><\/a>\n\t\t\t\t<\/dt>\n\t\t\t\t\t<dd class='wp-caption-text gallery-caption' id='gallery-8-422943'>\n\t\t\t\t\tIL TORNEO DEGLI ANGELI\n\t\t\t\t\t<\/dd><\/dl><dl class='gallery-item'>\n\t\t\t\t<dt class='gallery-icon portrait'>\n\t\t\t\t\t<a class=\"rollover rollover-zoom dt-pswp-item\" title=\"0073db61-77c4-47e3-8986-5b9d5f40fa8a\" data-dt-img-description=\"\" data-large_image_width=\"1448\" data-large_image_height=\"2048\"href='https:\/\/www.radiopiu.net\/wordpress\/wp-content\/uploads\/2024\/12\/0073db61-77c4-47e3-8986-5b9d5f40fa8a.jpg'><img loading=\"lazy\" decoding=\"async\" width=\"150\" height=\"150\" src=\"https:\/\/www.radiopiu.net\/wordpress\/wp-content\/uploads\/2024\/12\/0073db61-77c4-47e3-8986-5b9d5f40fa8a-150x150.jpg\" class=\"attachment-thumbnail size-thumbnail\" alt=\"\" aria-describedby=\"gallery-8-422994\" \/><\/a>\n\t\t\t\t<\/dt>\n\t\t\t\t\t<dd class='wp-caption-text gallery-caption' id='gallery-8-422994'>\n\t\t\t\t\tNATALE A LA VALLE\n\t\t\t\t\t<\/dd><\/dl><dl class='gallery-item'>\n\t\t\t\t<dt class='gallery-icon portrait'>\n\t\t\t\t\t<a class=\"rollover rollover-zoom dt-pswp-item\" title=\"cc14bd66-7d3b-4192-aabf-82af02057496\" data-dt-img-description=\"\" data-large_image_width=\"1448\" data-large_image_height=\"2048\"href='https:\/\/www.radiopiu.net\/wordpress\/wp-content\/uploads\/2024\/12\/cc14bd66-7d3b-4192-aabf-82af02057496.jpg'><img loading=\"lazy\" decoding=\"async\" width=\"150\" height=\"150\" src=\"https:\/\/www.radiopiu.net\/wordpress\/wp-content\/uploads\/2024\/12\/cc14bd66-7d3b-4192-aabf-82af02057496-150x150.jpg\" class=\"attachment-thumbnail size-thumbnail\" alt=\"\" aria-describedby=\"gallery-8-422993\" \/><\/a>\n\t\t\t\t<\/dt>\n\t\t\t\t\t<dd class='wp-caption-text gallery-caption' id='gallery-8-422993'>\n\t\t\t\t\tNATALE A LA VALLE\n\t\t\t\t\t<\/dd><\/dl><dl class='gallery-item'>\n\t\t\t\t<dt class='gallery-icon portrait'>\n\t\t\t\t\t<a class=\"rollover rollover-zoom dt-pswp-item\" title=\"fb36ecbd-3d1d-4d23-a922-2e124eec4a43\" data-dt-img-description=\"\" data-large_image_width=\"720\" data-large_image_height=\"1015\"href='https:\/\/www.radiopiu.net\/wordpress\/wp-content\/uploads\/2024\/12\/fb36ecbd-3d1d-4d23-a922-2e124eec4a43.jpg'><img loading=\"lazy\" decoding=\"async\" width=\"150\" height=\"150\" src=\"https:\/\/www.radiopiu.net\/wordpress\/wp-content\/uploads\/2024\/12\/fb36ecbd-3d1d-4d23-a922-2e124eec4a43-150x150.jpg\" class=\"attachment-thumbnail size-thumbnail\" alt=\"\" aria-describedby=\"gallery-8-423155\" \/><\/a>\n\t\t\t\t<\/dt>\n\t\t\t\t\t<dd class='wp-caption-text gallery-caption' id='gallery-8-423155'>\n\t\t\t\t\t13 dicembre al BUZZATI\n\t\t\t\t\t<\/dd><\/dl><br style=\"clear: both\" \/><dl class='gallery-item'>\n\t\t\t\t<dt class='gallery-icon portrait'>\n\t\t\t\t\t<a class=\"rollover rollover-zoom dt-pswp-item\" title=\"nave1\" data-dt-img-description=\"\" data-large_image_width=\"1080\" data-large_image_height=\"1920\"href='https:\/\/www.radiopiu.net\/wordpress\/wp-content\/uploads\/2024\/12\/nave1.jpg'><img loading=\"lazy\" decoding=\"async\" width=\"150\" height=\"150\" src=\"https:\/\/www.radiopiu.net\/wordpress\/wp-content\/uploads\/2024\/12\/nave1-150x150.jpg\" class=\"attachment-thumbnail size-thumbnail\" alt=\"\" aria-describedby=\"gallery-8-423319\" \/><\/a>\n\t\t\t\t<\/dt>\n\t\t\t\t\t<dd class='wp-caption-text gallery-caption' id='gallery-8-423319'>\n\t\t\t\t\tAL TEATRO DI BELLUNO\n\t\t\t\t\t<\/dd><\/dl><dl class='gallery-item'>\n\t\t\t\t<dt class='gallery-icon landscape'>\n\t\t\t\t\t<a class=\"rollover rollover-zoom dt-pswp-item\" title=\"2e0045b9-30d0-4ed0-9e34-cff896fe6450\" data-dt-img-description=\"\" data-large_image_width=\"1280\" data-large_image_height=\"1280\"href='https:\/\/www.radiopiu.net\/wordpress\/wp-content\/uploads\/2024\/12\/2e0045b9-30d0-4ed0-9e34-cff896fe6450.jpg'><img loading=\"lazy\" decoding=\"async\" width=\"150\" height=\"150\" src=\"https:\/\/www.radiopiu.net\/wordpress\/wp-content\/uploads\/2024\/12\/2e0045b9-30d0-4ed0-9e34-cff896fe6450-150x150.jpg\" class=\"attachment-thumbnail size-thumbnail\" alt=\"\" aria-describedby=\"gallery-8-424006\" srcset=\"https:\/\/www.radiopiu.net\/wordpress\/wp-content\/uploads\/2024\/12\/2e0045b9-30d0-4ed0-9e34-cff896fe6450-150x150.jpg 150w, https:\/\/www.radiopiu.net\/wordpress\/wp-content\/uploads\/2024\/12\/2e0045b9-30d0-4ed0-9e34-cff896fe6450-300x300.jpg 300w, https:\/\/www.radiopiu.net\/wordpress\/wp-content\/uploads\/2024\/12\/2e0045b9-30d0-4ed0-9e34-cff896fe6450-1024x1024.jpg 1024w, https:\/\/www.radiopiu.net\/wordpress\/wp-content\/uploads\/2024\/12\/2e0045b9-30d0-4ed0-9e34-cff896fe6450-768x768.jpg 768w, https:\/\/www.radiopiu.net\/wordpress\/wp-content\/uploads\/2024\/12\/2e0045b9-30d0-4ed0-9e34-cff896fe6450.jpg 1280w\" sizes=\"auto, (max-width: 150px) 100vw, 150px\" \/><\/a>\n\t\t\t\t<\/dt>\n\t\t\t\t\t<dd class='wp-caption-text gallery-caption' id='gallery-8-424006'>\n\t\t\t\t\tCAPODANNO IN BIRRERIA\n\t\t\t\t\t<\/dd><\/dl><dl class='gallery-item'>\n\t\t\t\t<dt class='gallery-icon portrait'>\n\t\t\t\t\t<a class=\"rollover rollover-zoom dt-pswp-item\" title=\"Manifesto concerto Natale 15.12.2024\" data-dt-img-description=\"\" data-large_image_width=\"1755\" data-large_image_height=\"2482\"href='https:\/\/www.radiopiu.net\/wordpress\/wp-content\/uploads\/2024\/12\/Manifesto-concerto-Natale-15.12.2024.jpg'><img loading=\"lazy\" decoding=\"async\" width=\"150\" height=\"150\" src=\"https:\/\/www.radiopiu.net\/wordpress\/wp-content\/uploads\/2024\/12\/Manifesto-concerto-Natale-15.12.2024-150x150.jpg\" class=\"attachment-thumbnail size-thumbnail\" alt=\"\" aria-describedby=\"gallery-8-424018\" \/><\/a>\n\t\t\t\t<\/dt>\n\t\t\t\t\t<dd class='wp-caption-text gallery-caption' id='gallery-8-424018'>\n\t\t\t\t\tCON IL CORO POLIFONICO DI TRICHIANA\n\t\t\t\t\t<\/dd><\/dl><dl class='gallery-item'>\n\t\t\t\t<dt class='gallery-icon portrait'>\n\t\t\t\t\t<a class=\"rollover rollover-zoom dt-pswp-item\" title=\"4c319f93-b704-4acd-b558-f0f4ae3e76e5\" data-dt-img-description=\"\" data-large_image_width=\"720\" data-large_image_height=\"1040\"href='https:\/\/www.radiopiu.net\/wordpress\/wp-content\/uploads\/2024\/12\/4c319f93-b704-4acd-b558-f0f4ae3e76e5.jpg'><img loading=\"lazy\" decoding=\"async\" width=\"150\" height=\"150\" src=\"https:\/\/www.radiopiu.net\/wordpress\/wp-content\/uploads\/2024\/12\/4c319f93-b704-4acd-b558-f0f4ae3e76e5-150x150.jpg\" class=\"attachment-thumbnail size-thumbnail\" alt=\"\" aria-describedby=\"gallery-8-424043\" \/><\/a>\n\t\t\t\t<\/dt>\n\t\t\t\t\t<dd class='wp-caption-text gallery-caption' id='gallery-8-424043'>\n\t\t\t\t\tCON LA CORALE DI TRICHIANA\n\t\t\t\t\t<\/dd><\/dl><br style=\"clear: both\" \/><dl class='gallery-item'>\n\t\t\t\t<dt class='gallery-icon portrait'>\n\t\t\t\t\t<a class=\"rollover rollover-zoom dt-pswp-item\" title=\"WhatsApp Image 2024-11-13 at 22.52.48\" data-dt-img-description=\"\" data-large_image_width=\"1131\" data-large_image_height=\"1600\"href='https:\/\/www.radiopiu.net\/wordpress\/wp-content\/uploads\/2024\/12\/WhatsApp-Image-2024-11-13-at-22.52.48.jpeg'><img loading=\"lazy\" decoding=\"async\" width=\"150\" height=\"150\" src=\"https:\/\/www.radiopiu.net\/wordpress\/wp-content\/uploads\/2024\/12\/WhatsApp-Image-2024-11-13-at-22.52.48-150x150.jpeg\" class=\"attachment-thumbnail size-thumbnail\" alt=\"\" aria-describedby=\"gallery-8-424239\" \/><\/a>\n\t\t\t\t<\/dt>\n\t\t\t\t\t<dd class='wp-caption-text gallery-caption' id='gallery-8-424239'>\n\t\t\t\t\tSAGRA A LONGANO DI SEDICO\n\t\t\t\t\t<\/dd><\/dl><dl class='gallery-item'>\n\t\t\t\t<dt class='gallery-icon portrait'>\n\t\t\t\t\t<a class=\"rollover rollover-zoom dt-pswp-item\" title=\"Locandina\" data-dt-img-description=\"\" data-large_image_width=\"1137\" data-large_image_height=\"1599\"href='https:\/\/www.radiopiu.net\/wordpress\/wp-content\/uploads\/2024\/12\/Locandina.jpeg'><img loading=\"lazy\" decoding=\"async\" width=\"150\" height=\"150\" src=\"https:\/\/www.radiopiu.net\/wordpress\/wp-content\/uploads\/2024\/12\/Locandina-150x150.jpeg\" class=\"attachment-thumbnail size-thumbnail\" alt=\"\" aria-describedby=\"gallery-8-424393\" \/><\/a>\n\t\t\t\t<\/dt>\n\t\t\t\t\t<dd class='wp-caption-text gallery-caption' id='gallery-8-424393'>\n\t\t\t\t\tCONCERTO DI NATALE A BELLUNO\n\t\t\t\t\t<\/dd><\/dl>\n\t\t\t\t<br style='clear: both' \/>\n\t\t\t<\/div>\n\n<\/div>\n<\/div>\n<\/div>\n<p>&nbsp;<\/p>\n<\/div>\n<\/div>\n<\/div>\n<\/div>\n<\/div>\n<\/div>\n<\/div>\n<\/div>\n<\/div>\n<p>&nbsp;<\/p>\n<div>\n<div class=\"\" dir=\"auto\">\n<div id=\":r9h:\" class=\"x1iorvi4 x1pi30zi x1l90r2v x1swvt13\" data-ad-comet-preview=\"message\" data-ad-preview=\"message\"><\/div>\n<\/div>\n<\/div>\n<p>&nbsp;<\/p>\n<hr \/>\n<p>&nbsp;<\/p>\n<p class=\"mceTemp\"><a class=\"dt-pswp-item\" href=\"https:\/\/www.radiopiu.net\/wordpress\/wp-content\/uploads\/2018\/09\/WhatsApp-Image-2018-09-20-at-16.04.06.jpeg\" data-dt-img-description=\"\" data-large_image_width=\"800\" data-large_image_height=\"100\"><img loading=\"lazy\" decoding=\"async\" class=\"wp-image-61378 size-full aligncenter\" src=\"https:\/\/www.radiopiu.net\/wordpress\/wp-content\/uploads\/2018\/09\/WhatsApp-Image-2018-09-20-at-16.04.06.jpeg\" alt=\"\" width=\"800\" height=\"100\" srcset=\"https:\/\/www.radiopiu.net\/wordpress\/wp-content\/uploads\/2018\/09\/WhatsApp-Image-2018-09-20-at-16.04.06.jpeg 800w, https:\/\/www.radiopiu.net\/wordpress\/wp-content\/uploads\/2018\/09\/WhatsApp-Image-2018-09-20-at-16.04.06-300x38.jpeg 300w, https:\/\/www.radiopiu.net\/wordpress\/wp-content\/uploads\/2018\/09\/WhatsApp-Image-2018-09-20-at-16.04.06-768x96.jpeg 768w\" sizes=\"auto, (max-width: 800px) 100vw, 800px\" \/><\/a><\/p>\n<p><center><\/center><center><\/center><center><b>\u00a0<\/b><\/center><center><b>OGGI<\/b><\/center>Rapido aumento della nuvolosit\u00e0, gi\u00e0 nelle notte con probabile lieve peggioramento del tempo, assieme a qualche sporadico fenomeno. Lieve attenuazione della nuvolosit\u00e0 al pomeriggio.<br \/>\n<b>Precipitazioni: <\/b>Nottetempo e al primo mattino debolissime precipitazioni sparse sotto forma di qualche goccia nelle valli (20-40%) e soprattutto di qualche fiocco burrascoso in quota , in qualche caso i fiocchi saranno avvistati fino a 900-1200 m, localmente pi\u00f9 in basso. In giornata fenomeni assai meno probabili.<br \/>\n<b>Temperature: <\/b>In quota in generale calo con minime osservate alla sera. Nelle valli aumento delle minime per riduzione dell&#8217;irraggiamento notturno, mentre le massime subiranno variazioni contrastanti tra aumenti per Foehn e locali flessioni per assenza di quest&#8217;ultimo.<\/p>\n<hr \/>\n<p><center><b>DOMANI<\/b><\/center>Al mattino nuvolosit\u00e0 residua sulle Dolomiti centro-settentrionali e cielo perlopi\u00f9 sereno altrove, salvo qualche locale nube lenticolare di sottovento. Al pomeriggio ritorno del sole e del cielo perlopi\u00f9 sereno ovunque.<br \/>\n<b>Precipitazioni: <\/b>Assenti<br \/>\n<b>Temperature: <\/b>Minime in generale lieve calo in quota e nelle valli non interessate dal Foehn, Massime in ripresa, eccetto ulteriore lieve calo delle stesse in alcuni settori in ombra.<\/p>\n<hr \/>\n<p><center><b>LUNEDI<\/b><\/center>Da soleggiato a parzialmente soleggiato per temporanei annuvolamenti legati alla presenza nubi medio-alte di sottovento. In diradamento al pomeriggio. Temperature in generale rialzo, specie in quota, mentre l&#8217;inversione termica torner\u00e0 ad interessare molte zone vallive, specie quelle in ombra.<\/p>\n<hr \/>\n<p><center><b>MARTEDI<\/b><\/center>Al mattino soleggiato con cielo sereno, poi arrivo di nubi alte in grado di velare il cielo. Temperature in ulteriore generale rialzo, specie in quota, mentre l&#8217;inversione termica si accentuer\u00e0 nei settori vallivi, specie quelli in ombra.<\/p>\n<p>&nbsp;<\/p>\n<hr \/>\n<p>&nbsp;<\/p>\n<p>&nbsp;<\/p>\n<p class=\"mceTemp\"><a class=\"dt-pswp-item\" href=\"https:\/\/www.radiopiu.net\/wordpress\/wp-content\/uploads\/2018\/09\/sport.jpg\" data-dt-img-description=\"\" data-large_image_width=\"800\" data-large_image_height=\"100\"><img loading=\"lazy\" decoding=\"async\" class=\"aligncenter wp-image-60761 size-full\" src=\"https:\/\/www.radiopiu.net\/wordpress\/wp-content\/uploads\/2018\/09\/sport.jpg\" alt=\"\" width=\"800\" height=\"100\" srcset=\"https:\/\/www.radiopiu.net\/wordpress\/wp-content\/uploads\/2018\/09\/sport.jpg 800w, https:\/\/www.radiopiu.net\/wordpress\/wp-content\/uploads\/2018\/09\/sport-300x38.jpg 300w, https:\/\/www.radiopiu.net\/wordpress\/wp-content\/uploads\/2018\/09\/sport-768x96.jpg 768w\" sizes=\"auto, (max-width: 800px) 100vw, 800px\" \/><\/a><span style=\"color: #0000ff;\"><strong>\u00a0 \u00a0 \u00a0 \u00a0 \u00a0<\/strong><\/span><\/p>\n<p><span style=\"color: #0000ff;\"><strong>HOCKEY SU GHIACCIO<\/strong><\/span><\/p>\n<blockquote>\n<h3>DOMANI COMO AD ALLEGHE&#8230;E TRIBUNE TOTALMENTE APERTE AL DE TONI<\/h3>\n<\/blockquote>\n<p><strong><a class=\"dt-pswp-item\" href=\"https:\/\/www.radiopiu.net\/wordpress\/wp-content\/uploads\/2019\/08\/logo-alleghe-hockey.png\" data-dt-img-description=\"\" data-large_image_width=\"547\" data-large_image_height=\"512\"><img loading=\"lazy\" decoding=\"async\" class=\" wp-image-95699 alignleft\" src=\"https:\/\/www.radiopiu.net\/wordpress\/wp-content\/uploads\/2019\/08\/logo-alleghe-hockey-300x281.png\" alt=\"\" width=\"181\" height=\"170\" srcset=\"https:\/\/www.radiopiu.net\/wordpress\/wp-content\/uploads\/2019\/08\/logo-alleghe-hockey-300x281.png 300w, https:\/\/www.radiopiu.net\/wordpress\/wp-content\/uploads\/2019\/08\/logo-alleghe-hockey.png 547w\" sizes=\"auto, (max-width: 181px) 100vw, 181px\" \/><\/a>DI ROBERTO MIANA, PORTAVOCE DELL&#8217;ALLEGHE HOCKEY<\/strong><\/p>\n<p>Ventunesima giornata del campionato IHL di hockey su ghiaccio. Sabato 14 dicembre alle 20:30 l\u2019Alleghe ospita il Como. Le tribune del \u201cDe Toni\u201d torneranno ad essere totalmente aperte al pubblico. L\u2019Alleghe, nel turno infrasettimanale, ha ottenuto tre punti importantissimi vincendo 3-2 nella difficile trasferta contro il Dobbiaco, avversario diretto per la qualificazione al master round. Primo tempo con gli Icebears che premono sull\u2019acceleratore fin da subito, ma la difesa agordina non si fa sorprendere. Seconda frazione con l\u2019Alleghe pi\u00f9 propositivo che la sblocca con Moberg, facendosi per\u00f2 raggiungere dai padroni di casa poco prima della fine del parziale. Terzo periodo emozionante, con tanti rapidi capovolgimenti di fronte. Le Civette premono sull\u2019acceleratore e si riportano in vantaggio con M\u00e4kel\u00e4. Il Dobbiaco non demorde, trovando nuovamente il pareggio. Ma i Biancorossi non ci stanno e, a pochi secondi dalla sirena finale, trovano il meritato gol vittoria con Francesco Soppelsa. Adesso, per i bellunesi, arriva il fanalino di coda Como, in una gara assolutamente da non sottovalutare. Il Como \u00e8 reduce dalla sconfitta interna 2-4 maturata contro il Valdifiemme. Lariani, fino a questo momento, autori di un campionato al di sotto delle attese. Ultimo posto in graduatoria con 10 punti in 19 gare disputate, con tre sole vittorie. Sono ben 31 i precedenti giocati in IHL tra Alleghe e Como, con 21 successi Agordini e 10 Lariani. La gara di andata, giocata ad ottobre, ha registrato la sofferta vittoria dell&#8217;Alleghe 2-1. L&#8217;ultimo match disputato in riva al lago, datato 30 settembre 2023, ha visto la vittoria delle Civette 5-0.<\/p>\n<p><strong>ALLEGHE HOCKEY &#8211; HOCKEY COMO <\/strong>Sabato 14 Dicembre ore 20:30 &#8211; Palaghiaccio Alvise De Toni di Alleghe (BL)<br \/>\nTribune totalmente aperte al pubblico. Arbitri: Massimo De Col e Omar Pini\u00e8 con giudici di linea Fabrizio De Toni e Gabriel Farkas. Collegamenti in DIRETTA RADIOFONICA su Radio Pi\u00f9 (www.radiopiu.net) con \u201chockey al punto giusto\u201d, in studio Marco Gaz e da Alleghe interventi di Federico Paganin<\/p>\n<p>&nbsp;<\/p>\n<p><span style=\"color: #0000ff;\"><strong>VOLLEY<\/strong><\/span><\/p>\n<p><b><a class=\"dt-pswp-item\" href=\"https:\/\/www.radiopiu.net\/wordpress\/wp-content\/uploads\/2024\/12\/Il_sorriso_di_Vittoria_Pombia.jpg\" data-dt-img-description=\"\" data-large_image_width=\"817\" data-large_image_height=\"697\"><img loading=\"lazy\" decoding=\"async\" class=\"size-medium wp-image-424671 alignleft\" src=\"https:\/\/www.radiopiu.net\/wordpress\/wp-content\/uploads\/2024\/12\/Il_sorriso_di_Vittoria_Pombia-300x256.jpg\" alt=\"\" width=\"300\" height=\"256\" srcset=\"https:\/\/www.radiopiu.net\/wordpress\/wp-content\/uploads\/2024\/12\/Il_sorriso_di_Vittoria_Pombia-300x256.jpg 300w, https:\/\/www.radiopiu.net\/wordpress\/wp-content\/uploads\/2024\/12\/Il_sorriso_di_Vittoria_Pombia-768x655.jpg 768w, https:\/\/www.radiopiu.net\/wordpress\/wp-content\/uploads\/2024\/12\/Il_sorriso_di_Vittoria_Pombia.jpg 817w\" sizes=\"auto, (max-width: 300px) 100vw, 300px\" \/><\/a>SB Volley, momentaneo \u201ctrasloco\u201d a Sedico: arriva il New Vicenza<span class=\"gmail-Apple-converted-space\">\u00a0<\/span><\/b><\/p>\n<p>La SB Volley giocher\u00e0 al palazzetto di Sedico oggi alle 19 contro il New Volley Vicenza Est. Forte di tre vittorie consecutive, il team punta sulla grinta e sull\u2019affiatamento. \u00abLavoriamo per divertirci e migliorare, restando unite\u00bb, dice la centrale Vittoria Pombia. La SB Volley \u00e8 reduce da una striscia di tre successi consecutivi: il pi\u00f9 recente dei quali ottenuto a Pianzano, di fronte all\u2019Aurora Vittorio Veneto. E in coda a una gara piuttosto spigolosa: \u00abCos\u2019\u00e8 scattato nell\u2019ultimo periodo? Di sicuro, la voglia di vincere e di ottenere il massimo\u00bb.<\/p>\n<p>&nbsp;<\/p>\n<p>FOTO, IL SORRISO DI VITTORIA<\/p>\n<hr \/>\n<p>&nbsp;<\/p>\n","protected":false},"excerpt":{"rendered":"<p>******** &nbsp; LA\u00a0 APP PER IOS-IPHONE di Nicola Vettorello https:\/\/apps.apple.com\/it\/app\/radio-pi%C3%B9-emittente-agordina\/id1515939845 LA\u00a0 APP RADIO\u00a0 PER ANDROID di Nicola Vettorello https:\/\/play.google.com\/store\/apps\/details?id=net.radiopiu.iniko\u00a0\u00a0\u00a0 &nbsp; &nbsp; &nbsp; OGGI RADIO PIU&#8217; IN DIRETTA DA BARDIN OGGI A RADIO PIU&#8217;&#8230; TRA L&#8217;ALTRO:\u00a0 \u00a0\u00a010.30\u00a0 LA RASSEGNA STAMPA DALL&#8217;AMICO DEL POPOLO&#8230;DI GIANNI SANTOMASO ospite il sindaco di Taibon Silvia Tormen 14\u00a0ELEKTRO CHOK, IL POMERIGGIO&hellip;<\/p>\n","protected":false},"author":4,"featured_media":424715,"comment_status":"closed","ping_status":"closed","sticky":false,"template":"","format":"standard","meta":{"_monsterinsights_skip_tracking":false,"_monsterinsights_sitenote_active":false,"_monsterinsights_sitenote_note":"","_monsterinsights_sitenote_category":0,"footnotes":""},"categories":[51,86,49],"tags":[],"class_list":["post-424631","post","type-post","status-publish","format-standard","has-post-thumbnail","hentry","category-evidenza-top","category-gr","category-news-18","category-51","category-86","category-49","description-off"],"img_url":"https:\/\/www.radiopiu.net\/wordpress\/wp-content\/uploads\/2024\/12\/Senza-nome-76.png","_links":{"self":[{"href":"https:\/\/www.radiopiu.net\/wordpress\/wp-json\/wp\/v2\/posts\/424631","targetHints":{"allow":["GET"]}}],"collection":[{"href":"https:\/\/www.radiopiu.net\/wordpress\/wp-json\/wp\/v2\/posts"}],"about":[{"href":"https:\/\/www.radiopiu.net\/wordpress\/wp-json\/wp\/v2\/types\/post"}],"author":[{"embeddable":true,"href":"https:\/\/www.radiopiu.net\/wordpress\/wp-json\/wp\/v2\/users\/4"}],"replies":[{"embeddable":true,"href":"https:\/\/www.radiopiu.net\/wordpress\/wp-json\/wp\/v2\/comments?post=424631"}],"version-history":[{"count":35,"href":"https:\/\/www.radiopiu.net\/wordpress\/wp-json\/wp\/v2\/posts\/424631\/revisions"}],"predecessor-version":[{"id":424878,"href":"https:\/\/www.radiopiu.net\/wordpress\/wp-json\/wp\/v2\/posts\/424631\/revisions\/424878"}],"wp:featuredmedia":[{"embeddable":true,"href":"https:\/\/www.radiopiu.net\/wordpress\/wp-json\/wp\/v2\/media\/424715"}],"wp:attachment":[{"href":"https:\/\/www.radiopiu.net\/wordpress\/wp-json\/wp\/v2\/media?parent=424631"}],"wp:term":[{"taxonomy":"category","embeddable":true,"href":"https:\/\/www.radiopiu.net\/wordpress\/wp-json\/wp\/v2\/categories?post=424631"},{"taxonomy":"post_tag","embeddable":true,"href":"https:\/\/www.radiopiu.net\/wordpress\/wp-json\/wp\/v2\/tags?post=424631"}],"curies":[{"name":"wp","href":"https:\/\/api.w.org\/{rel}","templated":true}]}}