{"id":424735,"date":"2024-12-13T17:15:21","date_gmt":"2024-12-13T16:15:21","guid":{"rendered":"https:\/\/www.radiopiu.net\/wordpress\/?p=424735"},"modified":"2024-12-13T17:15:21","modified_gmt":"2024-12-13T16:15:21","slug":"tocca-quota-500-firme-la-raccolta-firme-per-lilluminazione-pubblica-notturna-a-belluno","status":"publish","type":"post","link":"https:\/\/www.radiopiu.net\/wordpress\/tocca-quota-500-firme-la-raccolta-firme-per-lilluminazione-pubblica-notturna-a-belluno\/","title":{"rendered":"TOCCA QUOTA 500 FIRME LA RACCOLTA FIRME PER L&#8217;ILLUMINAZIONE PUBBLICA NOTTURNA A BELLUNO"},"content":{"rendered":"<p>*******<\/p>\n<p>&nbsp;<\/p>\n<p><strong><a class=\"dt-pswp-item\" href=\"https:\/\/www.radiopiu.net\/wordpress\/wp-content\/uploads\/2023\/05\/SIAMO-BELLUNO.png\" data-dt-img-description=\"\" data-large_image_width=\"750\" data-large_image_height=\"484\"><img loading=\"lazy\" decoding=\"async\" class=\" wp-image-336800 alignleft\" src=\"https:\/\/www.radiopiu.net\/wordpress\/wp-content\/uploads\/2023\/05\/SIAMO-BELLUNO-300x194.png\" alt=\"\" width=\"167\" height=\"108\" srcset=\"https:\/\/www.radiopiu.net\/wordpress\/wp-content\/uploads\/2023\/05\/SIAMO-BELLUNO-300x194.png 300w, https:\/\/www.radiopiu.net\/wordpress\/wp-content\/uploads\/2023\/05\/SIAMO-BELLUNO.png 750w\" sizes=\"auto, (max-width: 167px) 100vw, 167px\" \/><\/a>BELLUNO<\/strong> Ad un mese dall&#8217;avvio e alla vigilia della quinta giornata di gazebo, tocca quota cinquecento sottoscrizioni la raccolta firme \u201cRiaccendiamo le notti di Belluno\u201d promossa dal laboratorio politico SiAmo Belluno per chiedere all&#8217;amministrazione comunale di Belluno \u2013 attraverso una petizione popolare &#8211; la riaccensione dell&#8217;illuminazione pubblica nelle ore notturne. Domani \u2013 sabato 14 dicembre &#8211; la campagna di SiAmo Belluno torner\u00e0 in citt\u00e0 con il gazebo allestito in Piazza dei Martiri, dove sar\u00e0 possibile ottenere informazioni e sottoscrivere la petizione; l&#8217;appuntamento \u00e8 dalle 9.00 alle 13.00. \u00c8 comunque sempre aderire all&#8217;iniziativa anche durante la settimana in alcuni negozi del centro (per sapere quali, si pu\u00f2 contattare il gruppo sulle pagine Facebook e Instagram SiAmo Belluno o alla mail siamobelluno@gmail.com). Per firmare \u00e8 necessario presentarsi con un documento di identit\u00e0. Potranno aderire alla proposta anche i cittadini non residenti nel capoluogo, per i quali \u00e8 stato predisposto un modulo dedicato.<\/p>\n<p>&nbsp;<\/p>\n<p>&nbsp;<\/p>\n<p>*******<\/p>\n","protected":false},"excerpt":{"rendered":"<p>******* &nbsp; BELLUNO Ad un mese dall&#8217;avvio e alla vigilia della quinta giornata di gazebo, tocca quota cinquecento sottoscrizioni la raccolta firme \u201cRiaccendiamo le notti di Belluno\u201d promossa dal laboratorio politico SiAmo Belluno per chiedere all&#8217;amministrazione comunale di Belluno \u2013 attraverso una petizione popolare &#8211; la riaccensione dell&#8217;illuminazione pubblica nelle ore notturne. Domani \u2013 sabato&hellip;<\/p>\n","protected":false},"author":4,"featured_media":336800,"comment_status":"closed","ping_status":"closed","sticky":false,"template":"","format":"standard","meta":{"_monsterinsights_skip_tracking":false,"_monsterinsights_sitenote_active":false,"_monsterinsights_sitenote_note":"","_monsterinsights_sitenote_category":0,"footnotes":""},"categories":[49],"tags":[],"class_list":["post-424735","post","type-post","status-publish","format-standard","has-post-thumbnail","hentry","category-news-18","category-49","description-off"],"img_url":"https:\/\/www.radiopiu.net\/wordpress\/wp-content\/uploads\/2023\/05\/SIAMO-BELLUNO.png","_links":{"self":[{"href":"https:\/\/www.radiopiu.net\/wordpress\/wp-json\/wp\/v2\/posts\/424735","targetHints":{"allow":["GET"]}}],"collection":[{"href":"https:\/\/www.radiopiu.net\/wordpress\/wp-json\/wp\/v2\/posts"}],"about":[{"href":"https:\/\/www.radiopiu.net\/wordpress\/wp-json\/wp\/v2\/types\/post"}],"author":[{"embeddable":true,"href":"https:\/\/www.radiopiu.net\/wordpress\/wp-json\/wp\/v2\/users\/4"}],"replies":[{"embeddable":true,"href":"https:\/\/www.radiopiu.net\/wordpress\/wp-json\/wp\/v2\/comments?post=424735"}],"version-history":[{"count":1,"href":"https:\/\/www.radiopiu.net\/wordpress\/wp-json\/wp\/v2\/posts\/424735\/revisions"}],"predecessor-version":[{"id":424736,"href":"https:\/\/www.radiopiu.net\/wordpress\/wp-json\/wp\/v2\/posts\/424735\/revisions\/424736"}],"wp:featuredmedia":[{"embeddable":true,"href":"https:\/\/www.radiopiu.net\/wordpress\/wp-json\/wp\/v2\/media\/336800"}],"wp:attachment":[{"href":"https:\/\/www.radiopiu.net\/wordpress\/wp-json\/wp\/v2\/media?parent=424735"}],"wp:term":[{"taxonomy":"category","embeddable":true,"href":"https:\/\/www.radiopiu.net\/wordpress\/wp-json\/wp\/v2\/categories?post=424735"},{"taxonomy":"post_tag","embeddable":true,"href":"https:\/\/www.radiopiu.net\/wordpress\/wp-json\/wp\/v2\/tags?post=424735"}],"curies":[{"name":"wp","href":"https:\/\/api.w.org\/{rel}","templated":true}]}}