{"id":424760,"date":"2024-12-14T05:29:26","date_gmt":"2024-12-14T04:29:26","guid":{"rendered":"https:\/\/www.radiopiu.net\/wordpress\/?p=424760"},"modified":"2024-12-15T14:16:24","modified_gmt":"2024-12-15T13:16:24","slug":"i-50-anni-di-dolomiti-superski-ad-alleghe-la-diretta","status":"publish","type":"post","link":"https:\/\/www.radiopiu.net\/wordpress\/i-50-anni-di-dolomiti-superski-ad-alleghe-la-diretta\/","title":{"rendered":"I 50 ANNI DI DOLOMITI SUPERSKI AD ALLEGHE &#8211; LA DIRETTA"},"content":{"rendered":"<p>*****<\/p>\n<p>&nbsp;<\/p>\n<p><strong><a class=\"dt-pswp-item\" href=\"https:\/\/www.radiopiu.net\/wordpress\/wp-content\/uploads\/2024\/12\/8bfaaef1-ccf0-4a4a-9784-c1baa207bfa0.jpg\" data-dt-img-description=\"\" data-large_image_width=\"750\" data-large_image_height=\"477\"><img loading=\"lazy\" decoding=\"async\" class=\" wp-image-424761 alignleft\" src=\"https:\/\/www.radiopiu.net\/wordpress\/wp-content\/uploads\/2024\/12\/8bfaaef1-ccf0-4a4a-9784-c1baa207bfa0-300x191.jpg\" alt=\"\" width=\"229\" height=\"146\" srcset=\"https:\/\/www.radiopiu.net\/wordpress\/wp-content\/uploads\/2024\/12\/8bfaaef1-ccf0-4a4a-9784-c1baa207bfa0-300x191.jpg 300w, https:\/\/www.radiopiu.net\/wordpress\/wp-content\/uploads\/2024\/12\/8bfaaef1-ccf0-4a4a-9784-c1baa207bfa0.jpg 750w\" sizes=\"auto, (max-width: 229px) 100vw, 229px\" \/><\/a>ALLEGHE<\/strong> Il Dolomiti Superski celebra i suoi 50 anni con eventi in tutte le localit\u00e0 del comprensorio. Oggi al Palaghiaccio di Alleghe, Ski Civetta ospita una cerimonia speciale con due tavole rotonde dedicate allo sviluppo del territorio montano. La mattinata inizier\u00e0 con saluti istituzionali e una discussione sull\u2019economia della montagna, i grandi eventi e il ruolo degli impianti di risalita nel turismo sostenibile, con esperti come Marco Grigoletto e Alessandro Belli. Si rifletter\u00e0 sugli investimenti e sulle prospettive per i Giochi di Milano-Cortina 2026. La cerimonia culminer\u00e0 con onorificenze a personalit\u00e0 locali e la storia del comprensorio Ski Civetta. Seguir\u00e0 una tavola rotonda sul progetto strategico di collegamento sciistico tra Ski Civetta e Cortina Skiworld.<\/p>\n<p>&nbsp;<\/p>\n<p><strong>DI DANIELE DALVIT<\/strong><\/p>\n<audio class=\"wp-audio-shortcode\" id=\"audio-424760-1\" preload=\"none\" style=\"width: 100%;\" controls=\"controls\"><source type=\"audio\/mpeg\" src=\"https:\/\/www.radiopiu.net\/wordpress\/wp-content\/uploads\/2024\/12\/DALVIT-50-Dolomiti-Superski.mp3?_=1\" \/><a href=\"https:\/\/www.radiopiu.net\/wordpress\/wp-content\/uploads\/2024\/12\/DALVIT-50-Dolomiti-Superski.mp3\">https:\/\/www.radiopiu.net\/wordpress\/wp-content\/uploads\/2024\/12\/DALVIT-50-Dolomiti-Superski.mp3<\/a><\/audio>\n<p>&nbsp;<\/p>\n\n\t\t\t<style type='text\/css'>\n\t\t\t\t#gallery-1 {\n\t\t\t\t\tmargin: auto;\n\t\t\t\t}\n\t\t\t\t#gallery-1 .gallery-item {\n\t\t\t\t\tfloat: left;\n\t\t\t\t\tmargin-top: 10px;\n\t\t\t\t\ttext-align: center;\n\t\t\t\t\twidth: 20%;\n\t\t\t\t}\n\t\t\t\t#gallery-1 img {\n\t\t\t\t\tborder: 2px solid #cfcfcf;\n\t\t\t\t}\n\t\t\t\t#gallery-1 .gallery-caption {\n\t\t\t\t\tmargin-left: 0;\n\t\t\t\t}\n\t\t\t\t\/* see gallery_shortcode() in wp-includes\/media.php *\/\n\t\t\t<\/style>\n\t\t<div id='gallery-1' class='dt-gallery-container gallery galleryid-424760 gallery-columns-5 gallery-size-thumbnail'><dl class='gallery-item'>\n\t\t\t\t<dt class='gallery-icon portrait'>\n\t\t\t\t\t<a class=\"rollover rollover-zoom dt-pswp-item\" title=\"cd9607ca-39f9-48e1-a554-22b72755e175\" data-dt-img-description=\"\" data-large_image_width=\"900\" data-large_image_height=\"1600\"href='https:\/\/www.radiopiu.net\/wordpress\/wp-content\/uploads\/2024\/12\/cd9607ca-39f9-48e1-a554-22b72755e175.jpg'><img loading=\"lazy\" decoding=\"async\" width=\"150\" height=\"150\" src=\"https:\/\/www.radiopiu.net\/wordpress\/wp-content\/uploads\/2024\/12\/cd9607ca-39f9-48e1-a554-22b72755e175-150x150.jpg\" class=\"attachment-thumbnail size-thumbnail\" alt=\"\" \/><\/a>\n\t\t\t\t<\/dt><\/dl><dl class='gallery-item'>\n\t\t\t\t<dt class='gallery-icon portrait'>\n\t\t\t\t\t<a class=\"rollover rollover-zoom dt-pswp-item\" title=\"56a91954-cd50-4c5c-93d4-13e5b420e5e4\" data-dt-img-description=\"\" data-large_image_width=\"900\" data-large_image_height=\"1600\"href='https:\/\/www.radiopiu.net\/wordpress\/wp-content\/uploads\/2024\/12\/56a91954-cd50-4c5c-93d4-13e5b420e5e4.jpg'><img loading=\"lazy\" decoding=\"async\" width=\"150\" height=\"150\" src=\"https:\/\/www.radiopiu.net\/wordpress\/wp-content\/uploads\/2024\/12\/56a91954-cd50-4c5c-93d4-13e5b420e5e4-150x150.jpg\" class=\"attachment-thumbnail size-thumbnail\" alt=\"\" \/><\/a>\n\t\t\t\t<\/dt><\/dl><dl class='gallery-item'>\n\t\t\t\t<dt class='gallery-icon landscape'>\n\t\t\t\t\t<a class=\"rollover rollover-zoom dt-pswp-item\" title=\"2989776f-2caf-48da-9ee1-4028a474d6f6\" data-dt-img-description=\"\" data-large_image_width=\"1600\" data-large_image_height=\"900\"href='https:\/\/www.radiopiu.net\/wordpress\/wp-content\/uploads\/2024\/12\/2989776f-2caf-48da-9ee1-4028a474d6f6.jpg'><img loading=\"lazy\" decoding=\"async\" width=\"150\" height=\"150\" src=\"https:\/\/www.radiopiu.net\/wordpress\/wp-content\/uploads\/2024\/12\/2989776f-2caf-48da-9ee1-4028a474d6f6-150x150.jpg\" class=\"attachment-thumbnail size-thumbnail\" alt=\"\" \/><\/a>\n\t\t\t\t<\/dt><\/dl><dl class='gallery-item'>\n\t\t\t\t<dt class='gallery-icon portrait'>\n\t\t\t\t\t<a class=\"rollover rollover-zoom dt-pswp-item\" title=\"4fd65a54-8330-4998-8eec-5da0113e9c94\" data-dt-img-description=\"\" data-large_image_width=\"900\" data-large_image_height=\"1600\"href='https:\/\/www.radiopiu.net\/wordpress\/wp-content\/uploads\/2024\/12\/4fd65a54-8330-4998-8eec-5da0113e9c94.jpg'><img loading=\"lazy\" decoding=\"async\" width=\"150\" height=\"150\" src=\"https:\/\/www.radiopiu.net\/wordpress\/wp-content\/uploads\/2024\/12\/4fd65a54-8330-4998-8eec-5da0113e9c94-150x150.jpg\" class=\"attachment-thumbnail size-thumbnail\" alt=\"\" \/><\/a>\n\t\t\t\t<\/dt><\/dl><dl class='gallery-item'>\n\t\t\t\t<dt class='gallery-icon portrait'>\n\t\t\t\t\t<a class=\"rollover rollover-zoom dt-pswp-item\" title=\"a04af828-5036-4c06-a911-e58cc4ddea22\" data-dt-img-description=\"\" data-large_image_width=\"900\" data-large_image_height=\"1600\"href='https:\/\/www.radiopiu.net\/wordpress\/wp-content\/uploads\/2024\/12\/a04af828-5036-4c06-a911-e58cc4ddea22.jpg'><img loading=\"lazy\" decoding=\"async\" width=\"150\" height=\"150\" src=\"https:\/\/www.radiopiu.net\/wordpress\/wp-content\/uploads\/2024\/12\/a04af828-5036-4c06-a911-e58cc4ddea22-150x150.jpg\" class=\"attachment-thumbnail size-thumbnail\" alt=\"\" \/><\/a>\n\t\t\t\t<\/dt><\/dl><br style=\"clear: both\" \/>\n\t\t\t<\/div>\n\n<p>&nbsp;<\/p>\n<p><strong>LA DIRETTA RADIO PIU&#8217;<\/strong><\/p>\n<p><iframe loading=\"lazy\" title=\"50 anni Dolomiti Superski - Palaghiaccio di Alleghe, 14\/12\/2024\" width=\"1200\" height=\"675\" src=\"https:\/\/www.youtube.com\/embed\/rw_mVCg7sLw?feature=oembed\" frameborder=\"0\" allow=\"accelerometer; autoplay; clipboard-write; encrypted-media; gyroscope; picture-in-picture; web-share\" referrerpolicy=\"strict-origin-when-cross-origin\" allowfullscreen><\/iframe><\/p>\n<p>&nbsp;<\/p>\n<p style=\"font-weight: 400;\">Una mattinata ricca di spunti e riflessioni quella che anima i festeggiamenti per il 50\u00b0 anniversario di Dolomiti Superski, con la pi\u00f9 grande destinazione sciistica al mondo che viene celebrata dal comprensorio Ski Civetta presso il Palaghiaccio di Alleghe alla presenza di numerosi ospiti e relatori. La carrellata di interventi \u00e8 cominciata con i saluti del padrone di casa Danilo De Toni, sindaco di Alleghe, e del presidente del consorzio impianti a fune Ski Civetta Cesare Sorar\u00f9: \u201cun traguardo straordinario al quale il nostro consorzio ha potuto contribuire. Un avvenimento che ci riempie di orgoglio e ci porta a riflettere, oltre che sul cammino gi\u00e0 percorso, anche sulle sfide del futuro.\u201d Economia della montagna, grandi eventi e fattori di sviluppo: questo il primo tavolo di confronto che \u00e8 stato introdotto dall\u2019Adjunct Professor in finanza immobiliare della Luiss Business School Alessandro Belli. Il docente, cadorino d\u2019origine, ha presentato una fotografia della forza economica del territorio tramite la presentazione di alcuni dati del settore turistico-alberghiero, sottolineando la tendenza positiva alla destagionalizzazione e la qualit\u00e0 dell\u2019offerta. Ha proposto uno sguardo pi\u00f9 focalizzato sulla realt\u00e0 veneta Marco Grigoletto, presidente dell\u2019Associazione Nazionale Esercenti Funiviari (ANEF) Veneto: \u201cqui in regione abbiamo circa 35 societ\u00e0 coinvolte e nei prossimi anni abbiamo grossi investimenti in programma per migliorare la qualit\u00e0 del nostro servizio e la sicurezza degli impianti. Stiamo lavorando per sviluppare ulteriormente la nostra offerta e destagionalizzarla, e ci tengo a ricordare che nel nostro settore vengono utilizzati 3 milioni di metri cubi d\u2019acqua per la produzione della neve contro i 150 impiegati dall\u2019industria veneta\u201d. Anche il presidente di Val Fiorentina Spa Enrico Pirollo ha proposto una riflessione, legata in particolare al contesto del consorzio Ski Civetta, al quale ha fatto eco il direttore di Confindustria Belluno Dolomiti Andrea Ferrazzi che si \u00e8 concentrato sulla legacy dei grandi eventi, Giochi Olimpici e Paralimpici Invernali di Milano Cortina 2026 in particolare: \u201cl\u2019eredit\u00e0 che vogliamo lasciare dopo questo grande evento va programmata e gestita. Come Confindustria abbiamo gi\u00e0 allestito un tavolo di lavoro dedicato con l\u2019obiettivo di accreditare questo territorio come capitale nazionale e internazionale dell\u2019economia dello sport, senza tralasciare il grande impegno della nostra realt\u00e0 nei settori dell\u2019universit\u00e0 e della formazione\u201d. I festeggiamenti del 50\u00b0 anniversario di Dolomiti Superski sono entrati nel vivo con la consegna da parte di Andy Varallo, presidente del carosello, dell\u2019opera d\u2019arte \u201cEnrosadira\u201d al presidente di Ski Civetta Cesare Sorar\u00f9, un passaggio simbolico ma carico di significato. \u201cSe oggi siamo qua \u00e8 perch\u00e9 qualcuno prima di noi ha creduto e investito in questo progetto\u201d ha aperto cos\u00ec il suo intervento Sergio Pra, con il presidente di Alleghe Funivie che si \u00e8 fatto carico di raccontare l\u2019evoluzione storica e il cammino del comprensorio negli anni, che l\u2019hanno condotto nel 1993 ad aderire a Dolomiti Superski ricordando l\u2019importante ruolo del pioniere e fondatore Erich Kostner. \u201cUn piacere essere qui a festeggiare questo importante traguardo di Dolomiti Superski, che \u00e8 il traguardo di tutte e dodici le realt\u00e0 del nostro carosello\u201d ha chiosato il presidente Andy Varallo, che ha poi presentato in compagnia del collega Sorar\u00f9 l\u2019opera d\u2019arte \u201cEnrosadira\u201d in acciaio lucidato di Daniele Basso dedicata ai primi 50 anni di Dolomiti Superski. La premiazione dei personaggi della comunit\u00e0 locale che si sono contraddistinti negli anni durante l\u2019evoluzione di Ski Civetta \u00e8 stato il momento pi\u00f9 emozionante della mattinata, che ha visto la consegna dei premi a, nell\u2019ordine: Ivo Torre, fondatore e gestore dello storico Ristoro Belvedere in Val Fiorentina, Samantha Martini, una delle colonne dello staff della Val di Zoldo, Egidio Ganz, direttore degli impianti di Alleghe Funivie dal 1978 al 2004, Catia Carlin, prima segretaria del consorzio Ski Civetta, e Bruno Piva, Val di Zoldo Funivie. \u201cTrovo davvero giusto aver abbinato la festa del 50\u00b0 di Dolomiti Superski al dialogo sul progetto di collegamento fra Ski Civetta e Cortina SkiWorld. Stiamo parlando di un progetto che ritengo di grande valore, un sogno che pu\u00f2 essere coltivato per migliorare la qualit\u00e0 di vita di questa localit\u00e0\u201d ha aggiunto il presidente Varallo, prima dell\u2019introduzione del secondo tavolo di confronto che ha animato la mattinata nella sala congressi \u201cA. Franceschini\u201d di Alleghe, intitolato \u201cCollegamento Ski Civetta \u2013 Cortina SkiWorld: un progetto strategico e determinante per lo sviluppo della montagna veneta\u201d. Il primo ad intervenire \u00e8 stato il presidente di Alleghe Funivie Sergio Pra che ha ripercorso il cammino storico dell\u2019evoluzione del progetto di collegamento, passando la parola al presidente di Cortina SkiWorld Marco Zardini che ha invece portato la testimonianza positiva dell\u2019impatto dei collegamenti gi\u00e0 realizzati nell\u2019ambito cortinese che hanno fruttato un\u2019indubbia crescita nei flussi e una conseguente diminuzione del traffico veicolare tanto invernale quanto estivo. Si sono resi protagonisti anche i sindaci direttamente coinvolti dall\u2019ipotesi di collegamento: il primo cittadino di Selva di Cadore Luca Lorenzini e il collega di Colle Santa Lucia Paolo Frena, i quali hanno posto l\u2019accento sulle tematiche dello spopolamento, della pluralit\u00e0 dei servizi offerti e delle opportunit\u00e0 legate al settore alberghiero, della ristorazione e quindi dei servizi. Non solo, \u00e8 stata evidenziata anche la criticit\u00e0 legata al traffico sul passo Giau, con l\u2019ipotesi di collegamento Civetta-Cortina che in un\u2019ottica attenta alla sostenibilit\u00e0 ambientale andrebbe incontro al miglioramento di una situazione attualmente impattante sui flussi, soprattutto estivi, di accesso al passo. \u201cIl messaggio che dobbiamo trasmettere alle nuove generazioni dopo questi tavoli \u00e8 che con le loro capacit\u00e0 e conoscenze possono far crescere il nostro territorio. Investire e crescere si pu\u00f2 e si deve\u201d ha aggiunto l\u2019avvocato Maurizio Paniz, perch\u00e9 ampliare l\u2019area sciabile \u00e8 la soluzione per migliorare realt\u00e0 geograficamente poco estese come quella del Civetta. Ultimo relatore, non per importanza, \u00e8 stato l\u2019Assessore al turismo di Regione Veneto Federico Caner: \u201cla regione crede molto nel sistema montagna e lo dimostrano gli stanziamenti fatti negli anni\u201d ha detto l\u2019assessore, aggiungendo che la sostenibilit\u00e0 non si limita solo a quella ambientale, ma va estesa anche a quella sociale ed economica e sono tanti i fattori da considerare quando si pensa agli interventi sul territorio montano. Le cifre dell\u2019ipotesi di progetto del collegamento Civetta-Cortina sono importanti, ma ragionando \u201ccome squadra\u201d e in un\u2019ottica di sostenibilit\u00e0 allargata si coglie che gli effetti positivi sono altrettanto importanti. Nell\u2019intenso scambio di prospettive targato Ski Civetta hanno preso la parola anche il presidente della Provincia di Belluno Roberto Padrin e il presidente del Comitato di Gestione del Fondo Comuni Confinanti Dario Bond. A conclusione della mattinata si contano molteplici e interessanti spunti di riflessione proposti dai relatori e moderati dal giornalista feltrino Nicola Maccagnan, con il comprensorio Ski Civetta che ha celebrato in modo originale il 50\u00b0 di Dolomiti Superski: altri 50 di questi anni.<\/p>\n<p>&nbsp;<\/p>\n<p>*********<\/p>\n","protected":false},"excerpt":{"rendered":"<p>***** &nbsp; ALLEGHE Il Dolomiti Superski celebra i suoi 50 anni con eventi in tutte le localit\u00e0 del comprensorio. Oggi al Palaghiaccio di Alleghe, Ski Civetta ospita una cerimonia speciale con due tavole rotonde dedicate allo sviluppo del territorio montano. La mattinata inizier\u00e0 con saluti istituzionali e una discussione sull\u2019economia della montagna, i grandi eventi&hellip;<\/p>\n","protected":false},"author":4,"featured_media":424761,"comment_status":"closed","ping_status":"closed","sticky":false,"template":"","format":"standard","meta":{"_monsterinsights_skip_tracking":false,"_monsterinsights_sitenote_active":false,"_monsterinsights_sitenote_note":"","_monsterinsights_sitenote_category":0,"footnotes":""},"categories":[51,49],"tags":[],"class_list":["post-424760","post","type-post","status-publish","format-standard","has-post-thumbnail","hentry","category-evidenza-top","category-news-18","category-51","category-49","description-off"],"img_url":"https:\/\/www.radiopiu.net\/wordpress\/wp-content\/uploads\/2024\/12\/8bfaaef1-ccf0-4a4a-9784-c1baa207bfa0.jpg","_links":{"self":[{"href":"https:\/\/www.radiopiu.net\/wordpress\/wp-json\/wp\/v2\/posts\/424760","targetHints":{"allow":["GET"]}}],"collection":[{"href":"https:\/\/www.radiopiu.net\/wordpress\/wp-json\/wp\/v2\/posts"}],"about":[{"href":"https:\/\/www.radiopiu.net\/wordpress\/wp-json\/wp\/v2\/types\/post"}],"author":[{"embeddable":true,"href":"https:\/\/www.radiopiu.net\/wordpress\/wp-json\/wp\/v2\/users\/4"}],"replies":[{"embeddable":true,"href":"https:\/\/www.radiopiu.net\/wordpress\/wp-json\/wp\/v2\/comments?post=424760"}],"version-history":[{"count":7,"href":"https:\/\/www.radiopiu.net\/wordpress\/wp-json\/wp\/v2\/posts\/424760\/revisions"}],"predecessor-version":[{"id":424984,"href":"https:\/\/www.radiopiu.net\/wordpress\/wp-json\/wp\/v2\/posts\/424760\/revisions\/424984"}],"wp:featuredmedia":[{"embeddable":true,"href":"https:\/\/www.radiopiu.net\/wordpress\/wp-json\/wp\/v2\/media\/424761"}],"wp:attachment":[{"href":"https:\/\/www.radiopiu.net\/wordpress\/wp-json\/wp\/v2\/media?parent=424760"}],"wp:term":[{"taxonomy":"category","embeddable":true,"href":"https:\/\/www.radiopiu.net\/wordpress\/wp-json\/wp\/v2\/categories?post=424760"},{"taxonomy":"post_tag","embeddable":true,"href":"https:\/\/www.radiopiu.net\/wordpress\/wp-json\/wp\/v2\/tags?post=424760"}],"curies":[{"name":"wp","href":"https:\/\/api.w.org\/{rel}","templated":true}]}}