{"id":424773,"date":"2024-12-16T05:14:51","date_gmt":"2024-12-16T04:14:51","guid":{"rendered":"https:\/\/www.radiopiu.net\/wordpress\/?p=424773"},"modified":"2024-12-16T09:33:26","modified_gmt":"2024-12-16T08:33:26","slug":"giornale-radiopiu-16-dicembre-2024-direttore-mirko-mezzacasada-41-anni-25-giugno-1983-25-giugno-2024","status":"publish","type":"post","link":"https:\/\/www.radiopiu.net\/wordpress\/giornale-radiopiu-16-dicembre-2024-direttore-mirko-mezzacasada-41-anni-25-giugno-1983-25-giugno-2024\/","title":{"rendered":"GIORNALE RADIOPIU 16 DICEMBRE 2024 DIRETTORE MIRKO MEZZACASA\u2026DA 41 ANNI 25 GIUGNO 1983-25 GIUGNO 2024"},"content":{"rendered":"<p>********<\/p>\n<p>&nbsp;<\/p>\n<p><em><span style=\"color: #ff0000;\"><a class=\"dt-pswp-item\" href=\"https:\/\/www.radiopiu.net\/wordpress\/wp-content\/uploads\/2024\/10\/Senza-nome-8.png\" data-dt-img-description=\"\" data-large_image_width=\"343\" data-large_image_height=\"303\"><img loading=\"lazy\" decoding=\"async\" class=\"wp-image-412130 alignleft\" src=\"https:\/\/www.radiopiu.net\/wordpress\/wp-content\/uploads\/2024\/10\/Senza-nome-8-300x265.png\" alt=\"\" width=\"105\" height=\"93\" srcset=\"https:\/\/www.radiopiu.net\/wordpress\/wp-content\/uploads\/2024\/10\/Senza-nome-8-300x265.png 300w, https:\/\/www.radiopiu.net\/wordpress\/wp-content\/uploads\/2024\/10\/Senza-nome-8.png 343w\" sizes=\"auto, (max-width: 105px) 100vw, 105px\" \/><\/a><\/span><\/em><strong><em><span style=\"color: #ff0000;\"> LA\u00a0 APP PER IOS-IPHONE di Nicola Vettorello<\/span><\/em><\/strong><\/p>\n<p><strong><span style=\"color: #0000ff;\"><a style=\"color: #0000ff;\" href=\"https:\/\/apps.apple.com\/it\/app\/radio-pi%C3%B9-emittente-agordina\/id1515939845\">https:\/\/apps.apple.com\/it\/app\/radio-pi%C3%B9-emittente-agordina\/id1515939845<\/a><\/span><\/strong><\/p>\n<p><strong><em style=\"color: #ff0000;\">LA\u00a0 APP RADIO\u00a0 PER ANDROID di Nicola Vettorello<\/em><\/strong><\/p>\n<p><strong><span style=\"color: #0000ff;\"><a style=\"color: #0000ff;\" href=\"https:\/\/play.google.com\/store\/apps\/details?id=net.radiopiu.iniko\" target=\"_blank\" rel=\"noopener noreferrer\">https:\/\/<\/a><a style=\"color: #0000ff;\" href=\"https:\/\/play.google.com\/store\/apps\/details?id=net.radiopiu.iniko\" target=\"_blank\" rel=\"noopener noreferrer\">play.google.com\/store\/apps\/details?id=net.radiopiu.iniko\u00a0\u00a0\u00a0<\/a><\/span><\/strong><\/p>\n<blockquote><p>&nbsp;<\/p>\n<h3>IL PENSIERO E&#8217; SEMPRE PER CHRISTIAN<\/h3>\n<\/blockquote>\n<p><a class=\"dt-pswp-item\" href=\"https:\/\/www.radiopiu.net\/wordpress\/wp-content\/uploads\/2024\/12\/Senza-nome-82.png\" data-dt-img-description=\"\" data-large_image_width=\"293\" data-large_image_height=\"324\"><img loading=\"lazy\" decoding=\"async\" class=\" wp-image-425093 alignleft\" src=\"https:\/\/www.radiopiu.net\/wordpress\/wp-content\/uploads\/2024\/12\/Senza-nome-82-271x300.png\" alt=\"\" width=\"137\" height=\"152\" srcset=\"https:\/\/www.radiopiu.net\/wordpress\/wp-content\/uploads\/2024\/12\/Senza-nome-82-271x300.png 271w, https:\/\/www.radiopiu.net\/wordpress\/wp-content\/uploads\/2024\/12\/Senza-nome-82.png 293w\" sizes=\"auto, (max-width: 137px) 100vw, 137px\" \/><\/a>Christian Selle sta lentamente tornando tra di noi. Il suo \u00e8 un percorso lungo e delicato, ma tutti noi crediamo fermamente che alla fine potremo riabbracciare il nostro ragazzo.<\/p>\n<p>All&#8217;ospedale Santa Chiara di Trento, Christian \u00e8 sotto l&#8217;attento controllo di medici e infermieri che, minuto dopo minuto, si prendono cura di lui con la massima dedizione. Dopo i giorni di sedazione, \u00e8 finalmente arrivato il momento di riavvicinarlo agli sguardi pieni d\u2019amore di mamma Orietta, pap\u00e0 Mauro e dei suoi fratelli, che non lo hanno mai lasciato solo.<\/p>\n<p>Agordo lo aspetta, con il cuore in mano e il calore di tutta la comunit\u00e0. <strong>Forza Christian<\/strong>, non vediamo l&#8217;ora di vederti tornare a casa!<\/p>\n<p>&nbsp;<\/p>\n<p><a class=\"dt-pswp-item\" href=\"https:\/\/www.radiopiu.net\/wordpress\/wp-content\/uploads\/2024\/12\/WhatsApp-Image-2024-12-16-at-07.34.31.jpeg\" data-dt-img-description=\"\" data-large_image_width=\"2048\" data-large_image_height=\"1152\"><img loading=\"lazy\" decoding=\"async\" class=\"size-medium wp-image-425097 aligncenter\" src=\"https:\/\/www.radiopiu.net\/wordpress\/wp-content\/uploads\/2024\/12\/WhatsApp-Image-2024-12-16-at-07.34.31-300x169.jpeg\" alt=\"\" width=\"300\" height=\"169\" srcset=\"https:\/\/www.radiopiu.net\/wordpress\/wp-content\/uploads\/2024\/12\/WhatsApp-Image-2024-12-16-at-07.34.31-300x169.jpeg 300w, https:\/\/www.radiopiu.net\/wordpress\/wp-content\/uploads\/2024\/12\/WhatsApp-Image-2024-12-16-at-07.34.31-1024x576.jpeg 1024w, https:\/\/www.radiopiu.net\/wordpress\/wp-content\/uploads\/2024\/12\/WhatsApp-Image-2024-12-16-at-07.34.31-768x432.jpeg 768w, https:\/\/www.radiopiu.net\/wordpress\/wp-content\/uploads\/2024\/12\/WhatsApp-Image-2024-12-16-at-07.34.31-1536x864.jpeg 1536w, https:\/\/www.radiopiu.net\/wordpress\/wp-content\/uploads\/2024\/12\/WhatsApp-Image-2024-12-16-at-07.34.31.jpeg 2048w\" sizes=\"auto, (max-width: 300px) 100vw, 300px\" \/><\/a><\/p>\n<hr \/>\n<p>&nbsp;<\/p>\n<p><strong><span style=\"color: #ff0000;\"><a class=\"dt-pswp-item\" href=\"https:\/\/www.radiopiu.net\/wordpress\/wp-content\/uploads\/2024\/05\/PAOLO-SOPPELSA.jpg\" data-dt-img-description=\"\" data-large_image_width=\"768\" data-large_image_height=\"768\"><img loading=\"lazy\" decoding=\"async\" class=\" wp-image-388477 alignleft\" src=\"https:\/\/www.radiopiu.net\/wordpress\/wp-content\/uploads\/2024\/05\/PAOLO-SOPPELSA-300x300.jpg\" alt=\"\" width=\"166\" height=\"166\" srcset=\"https:\/\/www.radiopiu.net\/wordpress\/wp-content\/uploads\/2024\/05\/PAOLO-SOPPELSA-300x300.jpg 300w, https:\/\/www.radiopiu.net\/wordpress\/wp-content\/uploads\/2024\/05\/PAOLO-SOPPELSA-150x150.jpg 150w, https:\/\/www.radiopiu.net\/wordpress\/wp-content\/uploads\/2024\/05\/PAOLO-SOPPELSA.jpg 768w\" sizes=\"auto, (max-width: 166px) 100vw, 166px\" \/><\/a>OGGI A RADIO PIU&#8217;&#8230; TRA L&#8217;ALTRO:<\/span>\u00a0 <\/strong>9.30 i racconti di Paolo Soppelsa (foto) il lunedi alle 9.30 e alle 18.30 \u00a0<span style=\"color: #ff0000;\">10 10<\/span> COSA GUARDO QUESTA SERA IN TV, I PROGRAMMI DALLE PIATTAFORME TELEVISIVE ON\u00a0 DEMAND, DI PAOLA LANCIATO\u00a0 <span style=\"color: #ff0000;\">11.20\u00a0<\/span> GIULIANO FEDERA &#8211; ROBERTO AGNOLET, GIOVEDI IN SALA DELLA BILBIOTECA AD AGORDO: L&#8217;INCONTRO <span style=\"color: #ff0000;\">14<\/span>\u00a0 L&#8217;APPUNTAMENTO DEL LUNEDI-MARTEDI E GIOVEDI CON LORIS SCUSSEL, COLLAGE OPERAZIONE NOSTALGIA\u00a0 <span style=\"color: #ff0000;\">15<\/span>\u00a0 MARINA DONA&#8217;&#8230; OSPITE DI RITRATTI SONORI DI ALESSIA DALL&#8217;O<\/p>\n<p><strong>rassegna stampa nazionale,<\/strong> ogni giorno alle 5 e alle 6 del mattino.<br \/>\ngiornali locali 7 rassegna stampa flash, 8 rassegna stampa, gr flash alle 10 e alle 11, principale 12.30. Informazione pomeriggio ogni ora fino alle 20, in coda ai notiziari nazionali. Giornale radio nazionale: ogni ora dalle 4 del mattino, alle 20 della sera. Alle 19 le anticipazioni dal TG di Antenna 3 di Tiziana Bolognani.<\/p>\n<p>&nbsp;<\/p>\n<p>&nbsp;<\/p>\n<hr \/>\n<p>&nbsp;<\/p>\n<p>&nbsp;<\/p>\n<div class=\"x11i5rnm xat24cr x1mh8g0r x1vvkbs xtlvy1s x126k92a\">\n<div dir=\"auto\">\n<div dir=\"auto\">\n<p><strong><a class=\"dt-pswp-item\" href=\"https:\/\/www.radiopiu.net\/wordpress\/wp-content\/uploads\/2024\/02\/2d44e751-d8a8-461b-8e22-d8e4e853b032.jpg\" data-dt-img-description=\"\" data-large_image_width=\"1600\" data-large_image_height=\"1200\"><img loading=\"lazy\" decoding=\"async\" class=\"wp-image-373307 alignleft\" src=\"https:\/\/www.radiopiu.net\/wordpress\/wp-content\/uploads\/2024\/02\/2d44e751-d8a8-461b-8e22-d8e4e853b032-300x225.jpg\" alt=\"\" width=\"105\" height=\"79\" srcset=\"https:\/\/www.radiopiu.net\/wordpress\/wp-content\/uploads\/2024\/02\/2d44e751-d8a8-461b-8e22-d8e4e853b032-300x225.jpg 300w, https:\/\/www.radiopiu.net\/wordpress\/wp-content\/uploads\/2024\/02\/2d44e751-d8a8-461b-8e22-d8e4e853b032-1024x768.jpg 1024w, https:\/\/www.radiopiu.net\/wordpress\/wp-content\/uploads\/2024\/02\/2d44e751-d8a8-461b-8e22-d8e4e853b032-768x576.jpg 768w, https:\/\/www.radiopiu.net\/wordpress\/wp-content\/uploads\/2024\/02\/2d44e751-d8a8-461b-8e22-d8e4e853b032-1536x1152.jpg 1536w, https:\/\/www.radiopiu.net\/wordpress\/wp-content\/uploads\/2024\/02\/2d44e751-d8a8-461b-8e22-d8e4e853b032.jpg 1600w\" sizes=\"auto, (max-width: 105px) 100vw, 105px\" \/><\/a>EL BAL DEL FIOR, DI GIULIANA DA RONCH, 16 DICEMBRE<\/strong><strong> 2024<\/strong><\/p>\n<audio class=\"wp-audio-shortcode\" id=\"audio-424773-1\" preload=\"none\" style=\"width: 100%;\" controls=\"controls\"><source type=\"audio\/mpeg\" src=\"https:\/\/www.radiopiu.net\/wordpress\/wp-content\/uploads\/2024\/12\/GLU-2.mp3?_=1\" \/><a href=\"https:\/\/www.radiopiu.net\/wordpress\/wp-content\/uploads\/2024\/12\/GLU-2.mp3\">https:\/\/www.radiopiu.net\/wordpress\/wp-content\/uploads\/2024\/12\/GLU-2.mp3<\/a><\/audio>\n<\/div>\n<\/div>\n<\/div>\n<div><\/div>\n<p>&nbsp;<\/p>\n<div class=\"x11i5rnm xat24cr x1mh8g0r x1vvkbs xtlvy1s x126k92a\">\n<p>&nbsp;<\/p>\n<hr \/>\n<p>&nbsp;<\/p>\n<p>&nbsp;<\/p>\n<blockquote>\n<h1><strong><a class=\"dt-pswp-item\" href=\"https:\/\/www.radiopiu.net\/wordpress\/wp-content\/uploads\/2024\/10\/629301fd-708d-4f53-95c2-d28cbefd500f.jpg\" data-dt-img-description=\"\" data-large_image_width=\"1600\" data-large_image_height=\"1322\"><img loading=\"lazy\" decoding=\"async\" class=\"wp-image-413782 alignright\" src=\"https:\/\/www.radiopiu.net\/wordpress\/wp-content\/uploads\/2024\/10\/629301fd-708d-4f53-95c2-d28cbefd500f-300x248.jpg\" alt=\"\" width=\"106\" height=\"88\" srcset=\"https:\/\/www.radiopiu.net\/wordpress\/wp-content\/uploads\/2024\/10\/629301fd-708d-4f53-95c2-d28cbefd500f-300x248.jpg 300w, https:\/\/www.radiopiu.net\/wordpress\/wp-content\/uploads\/2024\/10\/629301fd-708d-4f53-95c2-d28cbefd500f-1024x846.jpg 1024w, https:\/\/www.radiopiu.net\/wordpress\/wp-content\/uploads\/2024\/10\/629301fd-708d-4f53-95c2-d28cbefd500f-768x635.jpg 768w, https:\/\/www.radiopiu.net\/wordpress\/wp-content\/uploads\/2024\/10\/629301fd-708d-4f53-95c2-d28cbefd500f-1536x1269.jpg 1536w, https:\/\/www.radiopiu.net\/wordpress\/wp-content\/uploads\/2024\/10\/629301fd-708d-4f53-95c2-d28cbefd500f.jpg 1600w\" sizes=\"auto, (max-width: 106px) 100vw, 106px\" \/><\/a><\/strong><\/h1>\n<h1><strong><a class=\"dt-pswp-item\" href=\"https:\/\/www.radiopiu.net\/wordpress\/wp-content\/uploads\/2024\/11\/th-18.jpg\" data-dt-img-description=\"\" data-large_image_width=\"156\" data-large_image_height=\"180\"><img loading=\"lazy\" decoding=\"async\" class=\"size-full wp-image-421611 alignleft\" src=\"https:\/\/www.radiopiu.net\/wordpress\/wp-content\/uploads\/2024\/11\/th-18.jpg\" alt=\"\" width=\"156\" height=\"180\" \/><\/a><\/strong><\/h1>\n<h1><strong>N di parom &#8211; L Almanach de la nosta jent<\/strong><\/h1>\n<\/blockquote>\n<p>&nbsp;<\/p>\n<p>Le voci: Davide Conedera, Agordo, Michela Dell&#8217;Osbel, La Valle Agordina Simone Ganz, Falcade Veronica Lezuo, Colle Santa Lucia. La voce nella sigla \u00e8 di Giorgia Taio<\/p>\n<p><strong>LA PUNTATA DI OGGI, 16 DICEMBRE<\/strong><\/p>\n<audio class=\"wp-audio-shortcode\" id=\"audio-424773-2\" preload=\"none\" style=\"width: 100%;\" controls=\"controls\"><source type=\"audio\/mpeg\" src=\"https:\/\/www.radiopiu.net\/wordpress\/wp-content\/uploads\/2024\/12\/AL1-2.mp3?_=2\" \/><a href=\"https:\/\/www.radiopiu.net\/wordpress\/wp-content\/uploads\/2024\/12\/AL1-2.mp3\">https:\/\/www.radiopiu.net\/wordpress\/wp-content\/uploads\/2024\/12\/AL1-2.mp3<\/a><\/audio>\n<p>&nbsp;<\/p>\n<p>&nbsp;<\/p>\n<\/div>\n<div class=\"x11i5rnm xat24cr x1mh8g0r x1vvkbs xtlvy1s x126k92a\">\n<p>&nbsp;<\/p>\n<div dir=\"auto\">\n<hr \/>\n<\/div>\n<\/div>\n<blockquote>\n<blockquote>\n<h1><span style=\"color: #ff0000;\">\u00a0<\/span><\/h1>\n<h1><span style=\"color: #ff0000;\">I podcast informativi del mattino &#8211; audio &#8211;\u00a0\u00a0<\/span><\/h1>\n<\/blockquote>\n<p><strong><a class=\"dt-pswp-item\" href=\"https:\/\/www.radiopiu.net\/wordpress\/wp-content\/uploads\/2024\/11\/6.jpg\" data-dt-img-description=\"\" data-large_image_width=\"177\" data-large_image_height=\"180\"><img loading=\"lazy\" decoding=\"async\" class=\"size-full wp-image-417911 alignleft\" src=\"https:\/\/www.radiopiu.net\/wordpress\/wp-content\/uploads\/2024\/11\/6.jpg\" alt=\"\" width=\"177\" height=\"180\" \/><\/a>LA RASSEGNA STAMPA NAZIONALE ALLA RADIO, OGNI GIORNO ALLE 5 E ALLE 6 DEL MATTINO <span style=\"color: #0000ff;\">viene pubblicata alle 6.00 <span style=\"color: #ff0000;\">DIRETTA RADIO\u00a0 \u00a0\u00a0<\/span><\/span><\/strong><\/p><\/blockquote>\n<p>&nbsp;<\/p>\n<p><strong>NOTIZIE DELLA NOTTE<\/strong><\/p>\n<p>&nbsp;<\/p>\n<h2>AUDIO dalle 6 del mattino<\/h2>\n<audio class=\"wp-audio-shortcode\" id=\"audio-424773-3\" preload=\"none\" style=\"width: 100%;\" controls=\"controls\"><source type=\"audio\/mpeg\" src=\"https:\/\/www.radiopiu.net\/wordpress\/wp-content\/uploads\/2024\/12\/GIORNALEDELLESEI-13.mp3?_=3\" \/><a href=\"https:\/\/www.radiopiu.net\/wordpress\/wp-content\/uploads\/2024\/12\/GIORNALEDELLESEI-13.mp3\">https:\/\/www.radiopiu.net\/wordpress\/wp-content\/uploads\/2024\/12\/GIORNALEDELLESEI-13.mp3<\/a><\/audio>\n<p>&nbsp;<\/p>\n<hr \/>\n<p>&nbsp;<\/p>\n<h1 style=\"text-align: center;\"><span style=\"color: #ff0000;\"><a class=\"dt-pswp-item\" href=\"https:\/\/www.radiopiu.net\/wordpress\/wp-content\/uploads\/2024\/11\/7.jpg\" data-dt-img-description=\"\" data-large_image_width=\"180\" data-large_image_height=\"180\"><img loading=\"lazy\" decoding=\"async\" class=\"size-full wp-image-417912 alignleft\" src=\"https:\/\/www.radiopiu.net\/wordpress\/wp-content\/uploads\/2024\/11\/7.jpg\" alt=\"\" width=\"180\" height=\"180\" srcset=\"https:\/\/www.radiopiu.net\/wordpress\/wp-content\/uploads\/2024\/11\/7.jpg 180w, https:\/\/www.radiopiu.net\/wordpress\/wp-content\/uploads\/2024\/11\/7-150x150.jpg 150w\" sizes=\"auto, (max-width: 180px) 100vw, 180px\" \/><\/a>I podcast informativi del mattino &#8211; audio &#8211;\u00a0<\/span><\/h1>\n<p><strong>OGNI GIORNO ALLE SETTE DEL MATTINO, LA RASSEGNA STAMPA LOCALE FLASH&#8230; PER CHI VA IN FRETTA. I TITOLI DAI GIORNALI E DAL SITO WWW.RADIOPIU.NET <span style=\"color: #0000ff;\">viene pubblicato alle 7.00<\/span> <span style=\"color: #ff0000;\">DIRETTA RADIO\u00a0<\/span><\/strong><\/p>\n<p><em><span style=\"color: #ff0000;\">per chi va in fretta&#8230; tante notizie in pochi minuti. L&#8217;informazione locale alla radio, ogni ora dalle 7 del mattino alle 19 della sera.<\/span><\/em><\/p>\n<h1><\/h1>\n<h1>AUDIO dalle 7 del mattino<\/h1>\n<audio class=\"wp-audio-shortcode\" id=\"audio-424773-4\" preload=\"none\" style=\"width: 100%;\" controls=\"controls\"><source type=\"audio\/mpeg\" src=\"https:\/\/www.radiopiu.net\/wordpress\/wp-content\/uploads\/2024\/12\/GF07-12.mp3?_=4\" \/><a href=\"https:\/\/www.radiopiu.net\/wordpress\/wp-content\/uploads\/2024\/12\/GF07-12.mp3\">https:\/\/www.radiopiu.net\/wordpress\/wp-content\/uploads\/2024\/12\/GF07-12.mp3<\/a><\/audio>\n<p>&nbsp;<\/p>\n<hr \/>\n<p>&nbsp;<\/p>\n<h1><\/h1>\n<h1 style=\"text-align: center;\"><span style=\"color: #ff0000;\"><a class=\"dt-pswp-item\" href=\"https:\/\/www.radiopiu.net\/wordpress\/wp-content\/uploads\/2024\/11\/th.jpg\" data-dt-img-description=\"\" data-large_image_width=\"148\" data-large_image_height=\"179\"><img loading=\"lazy\" decoding=\"async\" class=\"size-full wp-image-417913 alignleft\" src=\"https:\/\/www.radiopiu.net\/wordpress\/wp-content\/uploads\/2024\/11\/th.jpg\" alt=\"\" width=\"148\" height=\"179\" \/><\/a>I podcast informativi del mattino &#8211; audio &#8211;\u00a0<\/span><\/h1>\n<blockquote><p><strong>GIORNALE RADIO NAZIONALE, EDIZIONE DELLE SETTE <span style=\"color: #0000ff;\">viene pubblicato alle 7.05 <span style=\"color: #ff0000;\">DIRETTA RADIO\u00a0<\/span><\/span><\/strong><\/p><\/blockquote>\n<p><strong>il giornale radionazionale e&#8217; in onda ogni ora, dalle sette del mattino alle venti della sera\u00a0 \u00a0<\/strong><strong>\u00a0<\/strong><\/p>\n<p>&nbsp;<\/p>\n<p>&nbsp;<\/p>\n<p><span style=\"color: #ff0000;\"><span style=\"color: #0000ff;\">CRONACA<\/span> EDIZIONE DELLA SERA , DEL 15 DICEMBRE 2024 EDIZIONE DI IERI, 20.00<\/span><\/p>\n<audio class=\"wp-audio-shortcode\" id=\"audio-424773-5\" preload=\"none\" style=\"width: 100%;\" controls=\"controls\"><source type=\"audio\/mpeg\" src=\"https:\/\/www.radiopiu.net\/wordpress\/wp-content\/uploads\/2024\/12\/giornale07-25.mp3?_=5\" \/><a href=\"https:\/\/www.radiopiu.net\/wordpress\/wp-content\/uploads\/2024\/12\/giornale07-25.mp3\">https:\/\/www.radiopiu.net\/wordpress\/wp-content\/uploads\/2024\/12\/giornale07-25.mp3<\/a><\/audio>\n<p>&nbsp;<\/p>\n<p><span style=\"color: #ff0000;\"><span style=\"color: #0000ff;\">SPORT<\/span> EDIZIONE DELLE 19, DEL 15 DICEMBRE 2024, LO SPORT EDIZIONE DI IERI<\/span><\/p>\n<audio class=\"wp-audio-shortcode\" id=\"audio-424773-6\" preload=\"none\" style=\"width: 100%;\" controls=\"controls\"><source type=\"audio\/mpeg\" src=\"https:\/\/www.radiopiu.net\/wordpress\/wp-content\/uploads\/2024\/12\/gr-sport-13.mp3?_=6\" \/><a href=\"https:\/\/www.radiopiu.net\/wordpress\/wp-content\/uploads\/2024\/12\/gr-sport-13.mp3\">https:\/\/www.radiopiu.net\/wordpress\/wp-content\/uploads\/2024\/12\/gr-sport-13.mp3<\/a><\/audio>\n<p>&nbsp;<\/p>\n<h2><span style=\"color: #ff0000;\"><span style=\"color: #0000ff;\">ULTIM&#8217;ORA<\/span> AUDIO dalle sette del mattino, ogni ora alla radio EDIZIONE DELLE SETTE<\/span><\/h2>\n<audio class=\"wp-audio-shortcode\" id=\"audio-424773-7\" preload=\"none\" style=\"width: 100%;\" controls=\"controls\"><source type=\"audio\/mpeg\" src=\"https:\/\/www.radiopiu.net\/wordpress\/wp-content\/uploads\/2024\/12\/giornale07-26.mp3?_=7\" \/><a href=\"https:\/\/www.radiopiu.net\/wordpress\/wp-content\/uploads\/2024\/12\/giornale07-26.mp3\">https:\/\/www.radiopiu.net\/wordpress\/wp-content\/uploads\/2024\/12\/giornale07-26.mp3<\/a><\/audio>\n<p>&nbsp;<\/p>\n<p>&nbsp;<\/p>\n<hr \/>\n<p>&nbsp;<\/p>\n<p>&nbsp;<\/p>\n<h1><span style=\"color: #ff0000;\"><a class=\"dt-pswp-item\" href=\"https:\/\/www.radiopiu.net\/wordpress\/wp-content\/uploads\/2024\/11\/8.jpg\" data-dt-img-description=\"\" data-large_image_width=\"180\" data-large_image_height=\"180\"><img loading=\"lazy\" decoding=\"async\" class=\"size-full wp-image-417910 alignleft\" src=\"https:\/\/www.radiopiu.net\/wordpress\/wp-content\/uploads\/2024\/11\/8.jpg\" alt=\"\" width=\"180\" height=\"180\" srcset=\"https:\/\/www.radiopiu.net\/wordpress\/wp-content\/uploads\/2024\/11\/8.jpg 180w, https:\/\/www.radiopiu.net\/wordpress\/wp-content\/uploads\/2024\/11\/8-150x150.jpg 150w\" sizes=\"auto, (max-width: 180px) 100vw, 180px\" \/><\/a>I podcast informativi del mattino &#8211; video &#8211;\u00a0<\/span><\/h1>\n<h2 style=\"text-align: left;\"><strong>RASSEGNA STAMPA LOCALE, ORE OTTO<\/strong><\/h2>\n<h2><strong> <span style=\"color: #0000ff;\">viene\u00a0 <\/span><\/strong><strong><span style=\"color: #0000ff;\">pubblicata alle 8.05 <span style=\"color: #ff0000;\">DIRETTA RADIO\u00a0 \u00a0<\/span><\/span><\/strong><strong>DI MIRKO MEZZACASA<\/strong><\/h2>\n<h2><span style=\"color: #ff0000;\"><strong>\u00a0<\/strong><\/span><\/h2>\n<h2><span style=\"color: #ff0000;\"><strong>\u00a0<\/strong><\/span><\/h2>\n<h1><span style=\"color: #ff0000;\"><strong>VIDEO\u00a0 \u00a0in diretta dalle 8 del mattino\u00a0 \u00a0per ASCOLTARE <\/strong><\/span><\/h1>\n<blockquote>\n<h1 style=\"text-align: center;\"><a href=\"https:\/\/www.facebook.com\/radiopiu\/videos\/1355410542097966\">CLICCA QUI<\/a><\/h1>\n<\/blockquote>\n<p><a class=\"dt-pswp-item\" href=\"https:\/\/www.radiopiu.net\/wordpress\/wp-content\/uploads\/2024\/12\/Senza-nome-81.png\" data-dt-img-description=\"\" data-large_image_width=\"400\" data-large_image_height=\"223\"><img loading=\"lazy\" decoding=\"async\" class=\"size-medium wp-image-425081 aligncenter\" src=\"https:\/\/www.radiopiu.net\/wordpress\/wp-content\/uploads\/2024\/12\/Senza-nome-81-300x167.png\" alt=\"\" width=\"300\" height=\"167\" srcset=\"https:\/\/www.radiopiu.net\/wordpress\/wp-content\/uploads\/2024\/12\/Senza-nome-81-300x167.png 300w, https:\/\/www.radiopiu.net\/wordpress\/wp-content\/uploads\/2024\/12\/Senza-nome-81.png 400w\" sizes=\"auto, (max-width: 300px) 100vw, 300px\" \/><\/a><\/p>\n<hr \/>\n<p>&nbsp;<\/p>\n<p>&nbsp;<\/p>\n<p><strong><a class=\"dt-pswp-item\" href=\"https:\/\/www.radiopiu.net\/wordpress\/wp-content\/uploads\/2023\/12\/ANTENNA.png\" data-dt-img-description=\"\" data-large_image_width=\"300\" data-large_image_height=\"166\"><img loading=\"lazy\" decoding=\"async\" class=\"wp-image-366306 alignright\" src=\"https:\/\/www.radiopiu.net\/wordpress\/wp-content\/uploads\/2023\/12\/ANTENNA.png\" alt=\"\" width=\"101\" height=\"56\" \/><\/a><a class=\"dt-pswp-item\" href=\"https:\/\/www.radiopiu.net\/wordpress\/wp-content\/uploads\/2024\/11\/th-17.jpg\" data-dt-img-description=\"\" data-large_image_width=\"224\" data-large_image_height=\"180\"><img loading=\"lazy\" decoding=\"async\" class=\" wp-image-421610 alignleft\" src=\"https:\/\/www.radiopiu.net\/wordpress\/wp-content\/uploads\/2024\/11\/th-17.jpg\" alt=\"\" width=\"167\" height=\"134\" \/><\/a>ogni sera alle 19 le anticipazioni alla radio, quello che poi seguirete nel TELEGIORNALE BELLUNESE\u00a0 in onda alle 19.30 sul CANALE 10 del digitale terrestre.\u00a0\u00a0<\/strong><\/p>\n<p>&nbsp;<\/p>\n<p>&nbsp;<\/p>\n<p>&nbsp;<\/p>\n<hr \/>\n<p>&nbsp;<\/p>\n<blockquote>\n<h3>ACQUA NON POTABILE A CENCENIGHE<\/h3>\n<\/blockquote>\n<p><strong>CENCENIGHE<\/strong> Gestione Servizi Pubblici informa che a Cencenighe in localit\u00e0 Pr\u00e0 Di Mezzo l&#8217;acqua erogata dall&#8217;acquedotto non \u00e8 potabile e non pu\u00f2 essere usata per scopi alimentari. Verr\u00e0 effettuato servizio sostitutivo con cisterna in localit\u00e0 Pr\u00e0 di Mezzo.<\/p>\n<div class=\"moz-text-html\" lang=\"x-unicode\"><strong>LIVINALLONGO\u00a0<\/strong> in localit\u00e0 LARZONEI l&#8217;acqua erogata dall&#8217;acquedotto \u00e8 di nuovo potabile e pu\u00f2 essere usata, quindi, per scopi alimentari.<\/div>\n<blockquote>\n<h3>\u00a0 33 DI SAURIS: CHIUSA PER NEVE<\/h3>\n<\/blockquote>\n<p><img loading=\"lazy\" decoding=\"async\" class=\"alignleft\" src=\"https:\/\/www.radiopiu.net\/wordpress\/wp-content\/uploads\/2024\/12\/Senza-nome-54.png\" width=\"148\" height=\"85\" \/><\/p>\n<p><strong>VENETO STRADE<\/strong> informa che la provinciale 33 di Sauris, in Comune di Vigo di Cadore alle 17 di ieri D \u00e8 totalmente chiusa, lo rimarr\u00e0 fino alle ripristinate condizioni di sicurezza, ovvero al termine del periodo invernale .<\/p>\n<p>&nbsp;<\/p>\n<p>&nbsp;<\/p>\n<p>&nbsp;<\/p>\n<hr \/>\n<p>&nbsp;<\/p>\n<blockquote>\n<h3>AURONZO E IL MONDO DELL&#8217;HOCKEY PIANGE WLADIMIRO VECELLIO SALTO<\/h3>\n<\/blockquote>\n<p><a class=\"dt-pswp-item\" href=\"https:\/\/www.radiopiu.net\/wordpress\/wp-content\/uploads\/2024\/12\/SCR-20241215-izjl.jpeg\" data-dt-img-description=\"Screenshot\" data-large_image_width=\"1128\" data-large_image_height=\"784\"><img loading=\"lazy\" decoding=\"async\" class=\"alignleft wp-image-424914 \" src=\"https:\/\/www.radiopiu.net\/wordpress\/wp-content\/uploads\/2024\/12\/SCR-20241215-izjl-300x209.jpeg\" alt=\"\" width=\"210\" height=\"146\" srcset=\"https:\/\/www.radiopiu.net\/wordpress\/wp-content\/uploads\/2024\/12\/SCR-20241215-izjl-300x209.jpeg 300w, https:\/\/www.radiopiu.net\/wordpress\/wp-content\/uploads\/2024\/12\/SCR-20241215-izjl-1024x712.jpeg 1024w, https:\/\/www.radiopiu.net\/wordpress\/wp-content\/uploads\/2024\/12\/SCR-20241215-izjl-768x534.jpeg 768w, https:\/\/www.radiopiu.net\/wordpress\/wp-content\/uploads\/2024\/12\/SCR-20241215-izjl.jpeg 1128w\" sizes=\"auto, (max-width: 210px) 100vw, 210px\" \/><\/a><strong>AURONZO <\/strong>Wladimiro Vecellio Salto, progettista, designer, regoliere di Villagrande ed ex portiere dell\u2019Hockey Club Auronzo, \u00e8 scomparso venerd\u00ec all\u2019et\u00e0 di 65 anni presso l\u2019ospedale San Martino di Belluno. Figura molto nota nel mondo dell\u2019hockey, Vecellio aveva militato in serie A e B e ricoperto il ruolo di presidente dell\u2019Auronzo Hockey. A marzo avrebbe compiuto 66 anni. La sua morte \u00e8 avvenuta a seguito di complicazioni insorte dopo un\u2019emorragia cerebrale che lo aveva colpito in Tribunale a Belluno, dove si trovava per depositare un atto giudiziario.<\/p>\n<p>Nonostante un iniziale miglioramento, negli ultimi giorni le sue condizioni si sono aggravate. Vecellio lascia due figli: Matteo, 23enne giocatore della Sportivi Ghiaccio Cadore, e Mallika, figlia adottiva. Numerosi i messaggi di cordoglio dal mondo sportivo, tra cui quello del presidente della Sportivi Ghiaccio Cadore e della squadra lombarda di Chiavenna, che ha ricordato il grande contributo di Vecellio all\u2019hockey. Attivamente impegnato nella Regola di Villagrande e titolare dello studio di design 3V ad Auronzo, Vecellio \u00e8 stato anche l\u2019artefice della vittoria dell\u2019Auronzo in serie B nel 1998-1999 e dell\u2019organizzazione del torneo internazionale Rodolfo Caldart. La data dei funerali non \u00e8 ancora stata fissata.<\/p>\n<p><span style=\"color: #ff0000;\"><strong>LE CONDOGLIANZE DELL&#8217;ALLEGHE HOCKEY<\/strong><\/span><\/p>\n<p>La Societ\u00e0 Alleghe Hockey si unisce al cordoglio per la scomparsa del presidente dell\u2019Hockey Auronzo Wladimiro Vecellio Salto. Il sodalizio alleghese, presieduto da Adriano e Matthias Levis, esprime la propria vicinanza al figlio Matteo e alla famiglia per la grave e prematura perdita del proprio caro.<\/p>\n<p>&nbsp;<\/p>\n<p>&nbsp;<\/p>\n<blockquote>\n<h1>Addio a Maurizio Lando, storico ristoratore di Belluno<\/h1>\n<p>&nbsp;<\/p><\/blockquote>\n<p>BELLUNO<\/p>\n<p><img decoding=\"async\" class=\"alignleft\" src=\"https:\/\/www.radiopiu.net\/wordpress\/wp-content\/uploads\/2024\/12\/Senza-nome-80.png\" \/>Si \u00e8 spento a 61 anni <strong>Maurizio Lando<\/strong>, ristoratore e storico dipendente della pizzeria <strong>Bella Napoli<\/strong> di Belluno per oltre vent\u2019anni. Cuoco diplomato all&#8217;istituto alberghiero Dolomieu, ha dedicato la vita alla ristorazione, tra attivit\u00e0 personali e collaborazioni.<\/p>\n<p>\u00abUna persona precisa, attenta e gentile\u00bb, lo ricordano Giuseppe, Angela e Umberto Villani della Bella Napoli, dove Lando aveva festeggiato anche il suo matrimonio. Lando lascia la moglie Teresa e i suoi cari. L\u2019ultimo saluto oggi dalle 9 alle 12 alla casa funeraria Ganz a Sedico.<\/p>\n<blockquote><p>&nbsp;<\/p><\/blockquote>\n<hr \/>\n<p>&nbsp;<\/p>\n<blockquote>\n<h3>INCIDENTE TRA AVOSCAN ED ALLEGHE. TRE I FERITI<\/h3>\n<\/blockquote>\n<p><strong>SAN TOMASO <\/strong>Incidente sulla SR 203 Agordina tra Avoscan ed Alleghe, al secondo tornante della frazione di San Tomaso ieri alle 9:30. Un&#8217;auto coninvolta nell&#8217;incidente. Sul posto presenti i Vigili del Fuoco Volontari di Caprile e permanenti di Agordo, Carabinieri e personale del Suem 118 con due ambulanze e l&#8217;elicottero. L&#8217;incidente sembrerebbe essere stato causato da un malore. Tre le persone assistite dai sanitari. Un paziente di 52 anni \u00e8 stato trasferito all&#8217;ospedale di Treviso con l&#8217;elicottero, un&#8217;altro trasferito in ambulanza ad Agordo con ferite di media gravit\u00e0 e un terzo coinvolto che \u00e8 stato anch&#8217;esso portato in ospedale con ferite lievi. Disagi al traffico che \u00e8 rimasto bloccato in entrambi i sensi di marcia per un po di tempo. L&#8217;intervento dei pompieri \u00e8 terminato dopo 2 ore.<\/p>\n\n\t\t\t<style type='text\/css'>\n\t\t\t\t#gallery-1 {\n\t\t\t\t\tmargin: auto;\n\t\t\t\t}\n\t\t\t\t#gallery-1 .gallery-item {\n\t\t\t\t\tfloat: left;\n\t\t\t\t\tmargin-top: 10px;\n\t\t\t\t\ttext-align: center;\n\t\t\t\t\twidth: 33%;\n\t\t\t\t}\n\t\t\t\t#gallery-1 img {\n\t\t\t\t\tborder: 2px solid #cfcfcf;\n\t\t\t\t}\n\t\t\t\t#gallery-1 .gallery-caption {\n\t\t\t\t\tmargin-left: 0;\n\t\t\t\t}\n\t\t\t\t\/* see gallery_shortcode() in wp-includes\/media.php *\/\n\t\t\t<\/style>\n\t\t<div id='gallery-1' class='dt-gallery-container gallery galleryid-424773 gallery-columns-3 gallery-size-thumbnail'><dl class='gallery-item'>\n\t\t\t\t<dt class='gallery-icon landscape'>\n\t\t\t\t\t<a class=\"rollover rollover-zoom dt-pswp-item\" title=\"49d00b32-5714-48e2-a007-e17773331dff\" data-dt-img-description=\"\" data-large_image_width=\"1600\" data-large_image_height=\"1200\"href='https:\/\/www.radiopiu.net\/wordpress\/wp-content\/uploads\/2024\/12\/49d00b32-5714-48e2-a007-e17773331dff.jpg'><img loading=\"lazy\" decoding=\"async\" width=\"150\" height=\"150\" src=\"https:\/\/www.radiopiu.net\/wordpress\/wp-content\/uploads\/2024\/12\/49d00b32-5714-48e2-a007-e17773331dff-150x150.jpg\" class=\"attachment-thumbnail size-thumbnail\" alt=\"\" \/><\/a>\n\t\t\t\t<\/dt><\/dl><dl class='gallery-item'>\n\t\t\t\t<dt class='gallery-icon landscape'>\n\t\t\t\t\t<a class=\"rollover rollover-zoom dt-pswp-item\" title=\"3ec3f4fc-9cca-4d0e-a88e-c90ff80317e5\" data-dt-img-description=\"\" data-large_image_width=\"1179\" data-large_image_height=\"878\"href='https:\/\/www.radiopiu.net\/wordpress\/wp-content\/uploads\/2024\/12\/3ec3f4fc-9cca-4d0e-a88e-c90ff80317e5.jpg'><img loading=\"lazy\" decoding=\"async\" width=\"150\" height=\"150\" src=\"https:\/\/www.radiopiu.net\/wordpress\/wp-content\/uploads\/2024\/12\/3ec3f4fc-9cca-4d0e-a88e-c90ff80317e5-150x150.jpg\" class=\"attachment-thumbnail size-thumbnail\" alt=\"\" \/><\/a>\n\t\t\t\t<\/dt><\/dl><dl class='gallery-item'>\n\t\t\t\t<dt class='gallery-icon landscape'>\n\t\t\t\t\t<a class=\"rollover rollover-zoom dt-pswp-item\" title=\"5c510b5f-fcca-47bd-839b-0a74a1e9a140\" data-dt-img-description=\"\" data-large_image_width=\"1280\" data-large_image_height=\"720\"href='https:\/\/www.radiopiu.net\/wordpress\/wp-content\/uploads\/2024\/12\/5c510b5f-fcca-47bd-839b-0a74a1e9a140.jpg'><img loading=\"lazy\" decoding=\"async\" width=\"150\" height=\"150\" src=\"https:\/\/www.radiopiu.net\/wordpress\/wp-content\/uploads\/2024\/12\/5c510b5f-fcca-47bd-839b-0a74a1e9a140-150x150.jpg\" class=\"attachment-thumbnail size-thumbnail\" alt=\"\" \/><\/a>\n\t\t\t\t<\/dt><\/dl><br style=\"clear: both\" \/>\n\t\t\t<\/div>\n\n<p>&nbsp;<\/p>\n<hr \/>\n<p>&nbsp;<\/p>\n<blockquote>\n<h3>INVESTITA UNA DONNA A CAPRILE<\/h3>\n<\/blockquote>\n<p><strong>ALLEGHE<\/strong> Una donna di 44 anni \u00e8 stata investita ieri pomeriggio da un&#8217;auto nel centro di Caprile, lungo la strada principale del paese. L&#8217;incidente \u00e8 avvenuto poco prima delle 17:40. Il conducente del veicolo si \u00e8 subito fermato per prestare soccorso e allertare i sanitari. Sul posto sono intervenute un&#8217;ambulanza dell&#8217;ospedale di Agordo e i soccorritori di Alleghe. La donna, che ha riportato traumi non gravi, \u00e8 stata trasportata all&#8217;ospedale di Belluno per accertamenti. I carabinieri di Cortina stanno indagando sulle cause dell&#8217;incidente.<\/p>\n<p>&nbsp;<\/p>\n<p>&nbsp;<\/p>\n<hr \/>\n<p>&nbsp;<\/p>\n<blockquote>\n<h3>DOPO TRE ANNI DI STOP RIPARTE L&#8217;ALCOLOGIA AD AURONZO<\/h3>\n<\/blockquote>\n<p><strong><a class=\"dt-pswp-item\" href=\"https:\/\/www.radiopiu.net\/wordpress\/wp-content\/uploads\/2024\/12\/WhatsApp-Image-2024-12-14-at-11.24.52.jpeg\" data-dt-img-description=\"\" data-large_image_width=\"1600\" data-large_image_height=\"1200\"><img loading=\"lazy\" decoding=\"async\" class=\" wp-image-424898 alignleft\" src=\"https:\/\/www.radiopiu.net\/wordpress\/wp-content\/uploads\/2024\/12\/WhatsApp-Image-2024-12-14-at-11.24.52-300x225.jpeg\" alt=\"\" width=\"169\" height=\"127\" srcset=\"https:\/\/www.radiopiu.net\/wordpress\/wp-content\/uploads\/2024\/12\/WhatsApp-Image-2024-12-14-at-11.24.52-300x225.jpeg 300w, https:\/\/www.radiopiu.net\/wordpress\/wp-content\/uploads\/2024\/12\/WhatsApp-Image-2024-12-14-at-11.24.52-1024x768.jpeg 1024w, https:\/\/www.radiopiu.net\/wordpress\/wp-content\/uploads\/2024\/12\/WhatsApp-Image-2024-12-14-at-11.24.52-768x576.jpeg 768w, https:\/\/www.radiopiu.net\/wordpress\/wp-content\/uploads\/2024\/12\/WhatsApp-Image-2024-12-14-at-11.24.52-1536x1152.jpeg 1536w, https:\/\/www.radiopiu.net\/wordpress\/wp-content\/uploads\/2024\/12\/WhatsApp-Image-2024-12-14-at-11.24.52.jpeg 1600w\" sizes=\"auto, (max-width: 169px) 100vw, 169px\" \/><\/a>BELLUNO<\/strong> Dopo tre anni di stop, riparte il day hospital alcologico di Auronzo, un servizio riabilitativo basato sull\u2019approccio ecologico-sociale di Hudolin. L\u2019attivit\u00e0 \u00e8 stata riavviata grazie alla collaborazione con l\u2019Universit\u00e0 di Padova e un team multidisciplinare. Il servizio si rivolge a un massimo di 15 pazienti alla volta per ricoveri di quattro settimane, con il supporto delle famiglie in una comunit\u00e0 multifamiliare. I dati mostrano che in provincia di Belluno il consumo di alcol a rischio \u00e8 superiore alla media veneta, con gravi conseguenze mediche, tra cui un\u2019incidenza record di tumori al fegato. Attivo tutti i giorni, offre anche pernottamenti a costo contenuto per favorire la continuit\u00e0 assistenziale. L\u2019obiettivo \u00e8 sensibilizzare la comunit\u00e0 sull\u2019impatto sociale dell\u2019alcolismo, con un convegno previsto per la primavera 2024.<\/p>\n<p>&nbsp;<\/p>\n<p>&nbsp;<\/p>\n<hr \/>\n<p>&nbsp;<\/p>\n<blockquote>\n<h3>I 50 ANNI DI DOLOMITI SUPERSKI AD ALLEGHE<\/h3>\n<\/blockquote>\n<p><strong><a class=\"dt-pswp-item\" href=\"https:\/\/www.radiopiu.net\/wordpress\/wp-content\/uploads\/2024\/12\/8bfaaef1-ccf0-4a4a-9784-c1baa207bfa0.jpg\" data-dt-img-description=\"\" data-large_image_width=\"750\" data-large_image_height=\"477\"><img loading=\"lazy\" decoding=\"async\" class=\" wp-image-424761 alignleft\" src=\"https:\/\/www.radiopiu.net\/wordpress\/wp-content\/uploads\/2024\/12\/8bfaaef1-ccf0-4a4a-9784-c1baa207bfa0-300x191.jpg\" alt=\"\" width=\"229\" height=\"146\" srcset=\"https:\/\/www.radiopiu.net\/wordpress\/wp-content\/uploads\/2024\/12\/8bfaaef1-ccf0-4a4a-9784-c1baa207bfa0-300x191.jpg 300w, https:\/\/www.radiopiu.net\/wordpress\/wp-content\/uploads\/2024\/12\/8bfaaef1-ccf0-4a4a-9784-c1baa207bfa0.jpg 750w\" sizes=\"auto, (max-width: 229px) 100vw, 229px\" \/><\/a>ALLEGHE<\/strong> Il Dolomiti Superski ha celebrato i suoi 50 anni con eventi in tutte le localit\u00e0 del comprensorio. Sabato al Palaghiaccio di Alleghe, Ski Civetta la cerimonia speciale con due tavole rotonde dedicate allo sviluppo del territorio montano.<\/p>\n<p>&nbsp;<\/p>\n<p><strong>DI DANIELE DALVIT<\/strong><\/p>\n<audio class=\"wp-audio-shortcode\" id=\"audio-424773-8\" preload=\"none\" style=\"width: 100%;\" controls=\"controls\"><source type=\"audio\/mpeg\" src=\"https:\/\/www.radiopiu.net\/wordpress\/wp-content\/uploads\/2024\/12\/DALVIT-50-Dolomiti-Superski.mp3?_=8\" \/><a href=\"https:\/\/www.radiopiu.net\/wordpress\/wp-content\/uploads\/2024\/12\/DALVIT-50-Dolomiti-Superski.mp3\">https:\/\/www.radiopiu.net\/wordpress\/wp-content\/uploads\/2024\/12\/DALVIT-50-Dolomiti-Superski.mp3<\/a><\/audio>\n<p>&nbsp;<\/p>\n<p><strong>LA DIRETTA RADIO PIU&#8217;<\/strong><\/p>\n<p><iframe loading=\"lazy\" title=\"50 anni Dolomiti Superski - Palaghiaccio di Alleghe, 14\/12\/2024\" width=\"1200\" height=\"675\" src=\"https:\/\/www.youtube.com\/embed\/rw_mVCg7sLw?feature=oembed\" frameborder=\"0\" allow=\"accelerometer; autoplay; clipboard-write; encrypted-media; gyroscope; picture-in-picture; web-share\" referrerpolicy=\"strict-origin-when-cross-origin\" allowfullscreen><\/iframe><\/p>\n<p>&nbsp;<\/p>\n<hr \/>\n<p>&nbsp;<\/p>\n<blockquote>\n<h3>COLLEGAMENTO CIVETTA-CORTINA: PARLA L&#8217;ASSESSORE AL TURISMO DELLA REGIONE VENETO FEDERICO CANER<\/h3>\n<\/blockquote>\n<p><strong>ALLEGHE<\/strong> La festa per i cinquant&#8217;anni di Dolomiti Superski \u00e8 stata l&#8217;occasione anche per discutere del collegamento tra Civetta e Cortina; dal palco, l&#8217;assessore regionale al turismo Federico Caner ha ribadito la volont\u00e0 della Regione.<\/p>\n<p><strong>DI DANIELE DALVIT<\/strong><\/p>\n<audio class=\"wp-audio-shortcode\" id=\"audio-424773-9\" preload=\"none\" style=\"width: 100%;\" controls=\"controls\"><source type=\"audio\/mpeg\" src=\"https:\/\/www.radiopiu.net\/wordpress\/wp-content\/uploads\/2024\/12\/DALVIT-Collegamento-Civetta-Cortina-.mp3?_=9\" \/><a href=\"https:\/\/www.radiopiu.net\/wordpress\/wp-content\/uploads\/2024\/12\/DALVIT-Collegamento-Civetta-Cortina-.mp3\">https:\/\/www.radiopiu.net\/wordpress\/wp-content\/uploads\/2024\/12\/DALVIT-Collegamento-Civetta-Cortina-.mp3<\/a><\/audio>\n<p>&nbsp;<\/p>\n<p><strong>FEDERICO CANER, ASSESSORE AL TURISMO DELLA REGIONE VENETO<\/strong><\/p>\n<p><iframe loading=\"lazy\" title=\"Federico Caner   Assessore turismo Regione Veneto   Collegamento Civetta Cortina\" width=\"1200\" height=\"675\" src=\"https:\/\/www.youtube.com\/embed\/PwVyF6VF2ww?feature=oembed\" frameborder=\"0\" allow=\"accelerometer; autoplay; clipboard-write; encrypted-media; gyroscope; picture-in-picture; web-share\" referrerpolicy=\"strict-origin-when-cross-origin\" allowfullscreen><\/iframe><\/p>\n<p>&nbsp;<\/p>\n<hr \/>\n<p>&nbsp;<\/p>\n<blockquote>\n<h3>CHI APPREZZA IL FOLLADOR-DE ROSSI? PROPRIO GLI STUDENTI<\/h3>\n<\/blockquote>\n<p><strong><a class=\"dt-pswp-item\" href=\"https:\/\/www.radiopiu.net\/wordpress\/wp-content\/uploads\/2024\/09\/FOLLADOR.jpg\" data-dt-img-description=\"\" data-large_image_width=\"1280\" data-large_image_height=\"720\"><img loading=\"lazy\" decoding=\"async\" class=\" wp-image-411383 alignleft\" src=\"https:\/\/www.radiopiu.net\/wordpress\/wp-content\/uploads\/2024\/09\/FOLLADOR-300x169.jpg\" alt=\"\" width=\"227\" height=\"128\" srcset=\"https:\/\/www.radiopiu.net\/wordpress\/wp-content\/uploads\/2024\/09\/FOLLADOR-300x169.jpg 300w, https:\/\/www.radiopiu.net\/wordpress\/wp-content\/uploads\/2024\/09\/FOLLADOR-1024x576.jpg 1024w, https:\/\/www.radiopiu.net\/wordpress\/wp-content\/uploads\/2024\/09\/FOLLADOR-768x432.jpg 768w, https:\/\/www.radiopiu.net\/wordpress\/wp-content\/uploads\/2024\/09\/FOLLADOR.jpg 1280w\" sizes=\"auto, (max-width: 227px) 100vw, 227px\" \/><\/a>AGORDO <\/strong>Gli indicatori che certificano la qualit\u00e0 dell\u2019offerta formativa di una scuola sono molteplici: l\u2019organizzazione, le progettualit\u00e0, la seriet\u00e0 della proposta didattico-formativa. Tuttavia, c\u2019\u00e8 un elemento che probabilmente li sintetizza tutti: il giudizio degli studenti, quei ragazzi e ragazze che, al termine del loro percorso di studi, affrontano nuove esperienze formative o lavorative con il bagaglio di conoscenze e competenze acquisito negli anni. Un recente sondaggio, condotto tra gli studenti che hanno concluso il loro percorso presso l\u2019Istituto \u201cFollador-De Rossi\u201d di Agordo e Falcade lo scorso anno, ha fornito risultati decisamente positivi, confermando il valore dell\u2019offerta formativa della scuola agordina. Ecco alcuni dati significativi: L\u201988,9% degli intervistati ha valutato positivamente l\u2019offerta formativa ricevuta. L\u201982,7% ha dichiarato di aver avuto un\u2019esperienza scolastica complessivamente positiva. Il 91% ha espresso soddisfazione per il rapporto instaurato con i docenti. Il dato pi\u00f9 gratificante, tuttavia, riguarda la risposta alla domanda: <em>\u201cRifaresti il percorso di studi che hai scelto?\u201d<\/em> A questa, ben l\u201985,2% degli studenti ha risposto positivamente. Certamente, il sondaggio ha messo in luce anche suggerimenti e osservazioni critiche, che rappresentano per l\u2019Istituto un\u2019opportunit\u00e0 preziosa per migliorare ulteriormente la qualit\u00e0 della propria offerta formativa. Alla luce di quanto emerso, si pu\u00f2 concludere che, come in molti altri casi, sarebbe utile riflettere con maggiore attenzione prima di pensare che \u201cl\u2019erba del vicino sia sempre pi\u00f9 verde\u201d.<\/p>\n<p>&nbsp;<\/p>\n<p>&nbsp;<\/p>\n<hr \/>\n<p>&nbsp;<\/p>\n<blockquote>\n<h3>UN SUCCESSO PER RIVA NADAL 2024<\/h3>\n<\/blockquote>\n<p><strong>DI MARINA DONA&#8217;<\/strong><\/p>\n<p><strong>RIVAMONTE<\/strong> Un successone per i mercatini di Natale &#8220;Riva Nadal&#8221; al Centro Minerario Valle Imperina. Un gioco suggestivo di colori tra il bianco della brina e della neve, e i colori di tutti gli oggetti vari dei pi\u00f9 svariati, ma con un punto in comune: l&#8217;artigianalit\u00e0, come ad esempio i cesti di Manuel Conedera o i calzini di Andrea Balzan, che dopo un corso diretto da Chiara Fontanive, crea un marchio: Balzi Calzet. Ma questi sono solo due dei tanti esempi dei prodotti artigianali esposti alle Miniere.<\/p>\n<p><strong>LE FOTO<\/strong><\/p>\n\n\t\t\t<style type='text\/css'>\n\t\t\t\t#gallery-2 {\n\t\t\t\t\tmargin: auto;\n\t\t\t\t}\n\t\t\t\t#gallery-2 .gallery-item {\n\t\t\t\t\tfloat: left;\n\t\t\t\t\tmargin-top: 10px;\n\t\t\t\t\ttext-align: center;\n\t\t\t\t\twidth: 14%;\n\t\t\t\t}\n\t\t\t\t#gallery-2 img {\n\t\t\t\t\tborder: 2px solid #cfcfcf;\n\t\t\t\t}\n\t\t\t\t#gallery-2 .gallery-caption {\n\t\t\t\t\tmargin-left: 0;\n\t\t\t\t}\n\t\t\t\t\/* see gallery_shortcode() in wp-includes\/media.php *\/\n\t\t\t<\/style>\n\t\t<div id='gallery-2' class='dt-gallery-container gallery galleryid-424773 gallery-columns-7 gallery-size-thumbnail'><dl class='gallery-item'>\n\t\t\t\t<dt class='gallery-icon landscape'>\n\t\t\t\t\t<a class=\"rollover rollover-zoom dt-pswp-item\" title=\"ae2e3e76-bf88-443c-a6a2-c73eb27718e9\" data-dt-img-description=\"\" data-large_image_width=\"2048\" data-large_image_height=\"1536\"href='https:\/\/www.radiopiu.net\/wordpress\/wp-content\/uploads\/2024\/12\/ae2e3e76-bf88-443c-a6a2-c73eb27718e9.jpg'><img loading=\"lazy\" decoding=\"async\" width=\"150\" height=\"150\" src=\"https:\/\/www.radiopiu.net\/wordpress\/wp-content\/uploads\/2024\/12\/ae2e3e76-bf88-443c-a6a2-c73eb27718e9-150x150.jpg\" class=\"attachment-thumbnail size-thumbnail\" alt=\"\" \/><\/a>\n\t\t\t\t<\/dt><\/dl><dl class='gallery-item'>\n\t\t\t\t<dt class='gallery-icon landscape'>\n\t\t\t\t\t<a class=\"rollover rollover-zoom dt-pswp-item\" title=\"bdecf0d9-9b53-4479-bb31-d035afce671a\" data-dt-img-description=\"\" data-large_image_width=\"2048\" data-large_image_height=\"1536\"href='https:\/\/www.radiopiu.net\/wordpress\/wp-content\/uploads\/2024\/12\/bdecf0d9-9b53-4479-bb31-d035afce671a.jpg'><img loading=\"lazy\" decoding=\"async\" width=\"150\" height=\"150\" src=\"https:\/\/www.radiopiu.net\/wordpress\/wp-content\/uploads\/2024\/12\/bdecf0d9-9b53-4479-bb31-d035afce671a-150x150.jpg\" class=\"attachment-thumbnail size-thumbnail\" alt=\"\" \/><\/a>\n\t\t\t\t<\/dt><\/dl><dl class='gallery-item'>\n\t\t\t\t<dt class='gallery-icon landscape'>\n\t\t\t\t\t<a class=\"rollover rollover-zoom dt-pswp-item\" title=\"dafaf6b7-8f5d-4f97-9318-c7f9e6b29237\" data-dt-img-description=\"\" data-large_image_width=\"2048\" data-large_image_height=\"1536\"href='https:\/\/www.radiopiu.net\/wordpress\/wp-content\/uploads\/2024\/12\/dafaf6b7-8f5d-4f97-9318-c7f9e6b29237.jpg'><img loading=\"lazy\" decoding=\"async\" width=\"150\" height=\"150\" src=\"https:\/\/www.radiopiu.net\/wordpress\/wp-content\/uploads\/2024\/12\/dafaf6b7-8f5d-4f97-9318-c7f9e6b29237-150x150.jpg\" class=\"attachment-thumbnail size-thumbnail\" alt=\"\" \/><\/a>\n\t\t\t\t<\/dt><\/dl><dl class='gallery-item'>\n\t\t\t\t<dt class='gallery-icon landscape'>\n\t\t\t\t\t<a class=\"rollover rollover-zoom dt-pswp-item\" title=\"f00b36e9-c2c3-4f70-bae3-60b1c5cd0095\" data-dt-img-description=\"\" data-large_image_width=\"2048\" data-large_image_height=\"1536\"href='https:\/\/www.radiopiu.net\/wordpress\/wp-content\/uploads\/2024\/12\/f00b36e9-c2c3-4f70-bae3-60b1c5cd0095.jpg'><img loading=\"lazy\" decoding=\"async\" width=\"150\" height=\"150\" src=\"https:\/\/www.radiopiu.net\/wordpress\/wp-content\/uploads\/2024\/12\/f00b36e9-c2c3-4f70-bae3-60b1c5cd0095-150x150.jpg\" class=\"attachment-thumbnail size-thumbnail\" alt=\"\" \/><\/a>\n\t\t\t\t<\/dt><\/dl><dl class='gallery-item'>\n\t\t\t\t<dt class='gallery-icon landscape'>\n\t\t\t\t\t<a class=\"rollover rollover-zoom dt-pswp-item\" title=\"276f2a36-62c9-4487-9cb6-d7973036ac7e\" data-dt-img-description=\"\" data-large_image_width=\"2048\" data-large_image_height=\"1536\"href='https:\/\/www.radiopiu.net\/wordpress\/wp-content\/uploads\/2024\/12\/276f2a36-62c9-4487-9cb6-d7973036ac7e.jpg'><img loading=\"lazy\" decoding=\"async\" width=\"150\" height=\"150\" src=\"https:\/\/www.radiopiu.net\/wordpress\/wp-content\/uploads\/2024\/12\/276f2a36-62c9-4487-9cb6-d7973036ac7e-150x150.jpg\" class=\"attachment-thumbnail size-thumbnail\" alt=\"\" \/><\/a>\n\t\t\t\t<\/dt><\/dl><dl class='gallery-item'>\n\t\t\t\t<dt class='gallery-icon landscape'>\n\t\t\t\t\t<a class=\"rollover rollover-zoom dt-pswp-item\" title=\"f3096f59-9c71-4a04-ae4c-d898b303e920\" data-dt-img-description=\"\" data-large_image_width=\"2048\" data-large_image_height=\"1536\"href='https:\/\/www.radiopiu.net\/wordpress\/wp-content\/uploads\/2024\/12\/f3096f59-9c71-4a04-ae4c-d898b303e920.jpg'><img loading=\"lazy\" decoding=\"async\" width=\"150\" height=\"150\" src=\"https:\/\/www.radiopiu.net\/wordpress\/wp-content\/uploads\/2024\/12\/f3096f59-9c71-4a04-ae4c-d898b303e920-150x150.jpg\" class=\"attachment-thumbnail size-thumbnail\" alt=\"\" \/><\/a>\n\t\t\t\t<\/dt><\/dl><dl class='gallery-item'>\n\t\t\t\t<dt class='gallery-icon landscape'>\n\t\t\t\t\t<a class=\"rollover rollover-zoom dt-pswp-item\" title=\"8d271b85-9e44-4486-b142-8a18a6059eb0\" data-dt-img-description=\"\" data-large_image_width=\"2048\" data-large_image_height=\"1518\"href='https:\/\/www.radiopiu.net\/wordpress\/wp-content\/uploads\/2024\/12\/8d271b85-9e44-4486-b142-8a18a6059eb0.jpg'><img loading=\"lazy\" decoding=\"async\" width=\"150\" height=\"150\" src=\"https:\/\/www.radiopiu.net\/wordpress\/wp-content\/uploads\/2024\/12\/8d271b85-9e44-4486-b142-8a18a6059eb0-150x150.jpg\" class=\"attachment-thumbnail size-thumbnail\" alt=\"\" \/><\/a>\n\t\t\t\t<\/dt><\/dl><br style=\"clear: both\" \/><dl class='gallery-item'>\n\t\t\t\t<dt class='gallery-icon landscape'>\n\t\t\t\t\t<a class=\"rollover rollover-zoom dt-pswp-item\" title=\"99fb5cc5-6408-4b7a-9e65-16bef75074e4\" data-dt-img-description=\"\" data-large_image_width=\"2048\" data-large_image_height=\"1536\"href='https:\/\/www.radiopiu.net\/wordpress\/wp-content\/uploads\/2024\/12\/99fb5cc5-6408-4b7a-9e65-16bef75074e4.jpg'><img loading=\"lazy\" decoding=\"async\" width=\"150\" height=\"150\" src=\"https:\/\/www.radiopiu.net\/wordpress\/wp-content\/uploads\/2024\/12\/99fb5cc5-6408-4b7a-9e65-16bef75074e4-150x150.jpg\" class=\"attachment-thumbnail size-thumbnail\" alt=\"\" \/><\/a>\n\t\t\t\t<\/dt><\/dl><dl class='gallery-item'>\n\t\t\t\t<dt class='gallery-icon landscape'>\n\t\t\t\t\t<a class=\"rollover rollover-zoom dt-pswp-item\" title=\"6c7208b2-2d5d-482d-ae6d-9a985c16b6db\" data-dt-img-description=\"\" data-large_image_width=\"2048\" data-large_image_height=\"1536\"href='https:\/\/www.radiopiu.net\/wordpress\/wp-content\/uploads\/2024\/12\/6c7208b2-2d5d-482d-ae6d-9a985c16b6db.jpg'><img loading=\"lazy\" decoding=\"async\" width=\"150\" height=\"150\" src=\"https:\/\/www.radiopiu.net\/wordpress\/wp-content\/uploads\/2024\/12\/6c7208b2-2d5d-482d-ae6d-9a985c16b6db-150x150.jpg\" class=\"attachment-thumbnail size-thumbnail\" alt=\"\" \/><\/a>\n\t\t\t\t<\/dt><\/dl><dl class='gallery-item'>\n\t\t\t\t<dt class='gallery-icon landscape'>\n\t\t\t\t\t<a class=\"rollover rollover-zoom dt-pswp-item\" title=\"ecc566d8-52d8-46b2-acf6-81f3a4b9c70c\" data-dt-img-description=\"\" data-large_image_width=\"2048\" data-large_image_height=\"1518\"href='https:\/\/www.radiopiu.net\/wordpress\/wp-content\/uploads\/2024\/12\/ecc566d8-52d8-46b2-acf6-81f3a4b9c70c.jpg'><img loading=\"lazy\" decoding=\"async\" width=\"150\" height=\"150\" src=\"https:\/\/www.radiopiu.net\/wordpress\/wp-content\/uploads\/2024\/12\/ecc566d8-52d8-46b2-acf6-81f3a4b9c70c-150x150.jpg\" class=\"attachment-thumbnail size-thumbnail\" alt=\"\" \/><\/a>\n\t\t\t\t<\/dt><\/dl><dl class='gallery-item'>\n\t\t\t\t<dt class='gallery-icon landscape'>\n\t\t\t\t\t<a class=\"rollover rollover-zoom dt-pswp-item\" title=\"717d3a6d-1c22-4d87-a87e-b794fde24d8a\" data-dt-img-description=\"\" data-large_image_width=\"2048\" data-large_image_height=\"1518\"href='https:\/\/www.radiopiu.net\/wordpress\/wp-content\/uploads\/2024\/12\/717d3a6d-1c22-4d87-a87e-b794fde24d8a.jpg'><img loading=\"lazy\" decoding=\"async\" width=\"150\" height=\"150\" src=\"https:\/\/www.radiopiu.net\/wordpress\/wp-content\/uploads\/2024\/12\/717d3a6d-1c22-4d87-a87e-b794fde24d8a-150x150.jpg\" class=\"attachment-thumbnail size-thumbnail\" alt=\"\" \/><\/a>\n\t\t\t\t<\/dt><\/dl><dl class='gallery-item'>\n\t\t\t\t<dt class='gallery-icon landscape'>\n\t\t\t\t\t<a class=\"rollover rollover-zoom dt-pswp-item\" title=\"87fb5c8a-041d-496c-9d23-63c3cee551fe\" data-dt-img-description=\"\" data-large_image_width=\"2048\" data-large_image_height=\"1518\"href='https:\/\/www.radiopiu.net\/wordpress\/wp-content\/uploads\/2024\/12\/87fb5c8a-041d-496c-9d23-63c3cee551fe.jpg'><img loading=\"lazy\" decoding=\"async\" width=\"150\" height=\"150\" src=\"https:\/\/www.radiopiu.net\/wordpress\/wp-content\/uploads\/2024\/12\/87fb5c8a-041d-496c-9d23-63c3cee551fe-150x150.jpg\" class=\"attachment-thumbnail size-thumbnail\" alt=\"\" \/><\/a>\n\t\t\t\t<\/dt><\/dl><dl class='gallery-item'>\n\t\t\t\t<dt class='gallery-icon landscape'>\n\t\t\t\t\t<a class=\"rollover rollover-zoom dt-pswp-item\" title=\"6c365a30-8575-4137-a638-f6e34079f113\" data-dt-img-description=\"\" data-large_image_width=\"2048\" data-large_image_height=\"1536\"href='https:\/\/www.radiopiu.net\/wordpress\/wp-content\/uploads\/2024\/12\/6c365a30-8575-4137-a638-f6e34079f113.jpg'><img loading=\"lazy\" decoding=\"async\" width=\"150\" height=\"150\" src=\"https:\/\/www.radiopiu.net\/wordpress\/wp-content\/uploads\/2024\/12\/6c365a30-8575-4137-a638-f6e34079f113-150x150.jpg\" class=\"attachment-thumbnail size-thumbnail\" alt=\"\" \/><\/a>\n\t\t\t\t<\/dt><\/dl><dl class='gallery-item'>\n\t\t\t\t<dt class='gallery-icon landscape'>\n\t\t\t\t\t<a class=\"rollover rollover-zoom dt-pswp-item\" title=\"a599f52d-ebfd-4a80-8c8d-7430f212b851\" data-dt-img-description=\"\" data-large_image_width=\"2048\" data-large_image_height=\"1536\"href='https:\/\/www.radiopiu.net\/wordpress\/wp-content\/uploads\/2024\/12\/a599f52d-ebfd-4a80-8c8d-7430f212b851.jpg'><img loading=\"lazy\" decoding=\"async\" width=\"150\" height=\"150\" src=\"https:\/\/www.radiopiu.net\/wordpress\/wp-content\/uploads\/2024\/12\/a599f52d-ebfd-4a80-8c8d-7430f212b851-150x150.jpg\" class=\"attachment-thumbnail size-thumbnail\" alt=\"\" \/><\/a>\n\t\t\t\t<\/dt><\/dl><br style=\"clear: both\" \/>\n\t\t\t<\/div>\n\n<p>&nbsp;<\/p>\n<p><strong>IL VIDEO<\/strong><\/p>\n<div style=\"width: 848px;\" class=\"wp-video\"><video class=\"wp-video-shortcode\" id=\"video-424773-1\" width=\"848\" height=\"480\" preload=\"metadata\" controls=\"controls\"><source type=\"video\/mp4\" src=\"https:\/\/www.radiopiu.net\/wordpress\/wp-content\/uploads\/2024\/12\/WhatsApp-Video-2024-12-15-at-14.42.05.mp4?_=1\" \/><a href=\"https:\/\/www.radiopiu.net\/wordpress\/wp-content\/uploads\/2024\/12\/WhatsApp-Video-2024-12-15-at-14.42.05.mp4\">https:\/\/www.radiopiu.net\/wordpress\/wp-content\/uploads\/2024\/12\/WhatsApp-Video-2024-12-15-at-14.42.05.mp4<\/a><\/video><\/div>\n<p>&nbsp;<\/p>\n<p>&nbsp;<\/p>\n<blockquote class=\"wp-embedded-content\" data-secret=\"UN72CxByjU\"><p><a href=\"https:\/\/www.radiopiu.net\/wordpress\/riva-nadal-2024-il-mercatino-dei-canop-al-centro-minerario-valle-imperina\/\">RIVA NADAL 2024&#8230;IL MERCATINO DEI CANOP AL CENTRO MINERARIO VALLE IMPERINA<\/a><\/p><\/blockquote>\n<p><iframe loading=\"lazy\" class=\"wp-embedded-content\" sandbox=\"allow-scripts\" security=\"restricted\" style=\"position: absolute; visibility: hidden;\" title=\"&#8220;RIVA NADAL 2024&#8230;IL MERCATINO DEI CANOP AL CENTRO MINERARIO VALLE IMPERINA&#8221; &#8212; Radio Pi\u00f9\" src=\"https:\/\/www.radiopiu.net\/wordpress\/riva-nadal-2024-il-mercatino-dei-canop-al-centro-minerario-valle-imperina\/embed\/#?secret=6XVfffx7zK#?secret=UN72CxByjU\" data-secret=\"UN72CxByjU\" width=\"600\" height=\"338\" frameborder=\"0\" marginwidth=\"0\" marginheight=\"0\" scrolling=\"no\"><\/iframe><\/p>\n<p><iframe loading=\"lazy\" title=\"RIVA NADAL 2024 ~i mercatini di Natale~ #viralvideo #christmas\" width=\"1200\" height=\"675\" src=\"https:\/\/www.youtube.com\/embed\/u9vjBaLbTYA?feature=oembed\" frameborder=\"0\" allow=\"accelerometer; autoplay; clipboard-write; encrypted-media; gyroscope; picture-in-picture; web-share\" referrerpolicy=\"strict-origin-when-cross-origin\" allowfullscreen><\/iframe><\/p>\n<hr \/>\n<p>&nbsp;<\/p>\n<blockquote>\n<h3>E&#8230;AD ALLEGHE GRANDE BAITA CIVETTA, LA PRIMA FESTA DI STAGIONE CON DJ JACK E AMICI&#8230;<\/h3>\n<\/blockquote>\n<div style=\"width: 848px;\" class=\"wp-video\"><video class=\"wp-video-shortcode\" id=\"video-424773-2\" width=\"848\" height=\"480\" preload=\"metadata\" controls=\"controls\"><source type=\"video\/mp4\" src=\"https:\/\/www.radiopiu.net\/wordpress\/wp-content\/uploads\/2024\/12\/WhatsApp-Video-2024-12-15-at-23.40.45.mp4?_=2\" \/><a href=\"https:\/\/www.radiopiu.net\/wordpress\/wp-content\/uploads\/2024\/12\/WhatsApp-Video-2024-12-15-at-23.40.45.mp4\">https:\/\/www.radiopiu.net\/wordpress\/wp-content\/uploads\/2024\/12\/WhatsApp-Video-2024-12-15-at-23.40.45.mp4<\/a><\/video><\/div>\n<p>&nbsp;<\/p>\n<p>&nbsp;<\/p>\n<hr \/>\n<p>&nbsp;<\/p>\n<blockquote>\n<h3>LE MESSE IN RICORDO DEI CADUTI A ROCCA PIETORE<\/h3>\n<\/blockquote>\n<p><strong><a class=\"dt-pswp-item\" href=\"https:\/\/www.radiopiu.net\/wordpress\/wp-content\/uploads\/2024\/12\/998c66d2-d86e-4943-808e-4bde49184157.jpg\" data-dt-img-description=\"\" data-large_image_width=\"1600\" data-large_image_height=\"1200\"><img loading=\"lazy\" decoding=\"async\" class=\" wp-image-425035 alignleft\" src=\"https:\/\/www.radiopiu.net\/wordpress\/wp-content\/uploads\/2024\/12\/998c66d2-d86e-4943-808e-4bde49184157-300x225.jpg\" alt=\"\" width=\"187\" height=\"140\" srcset=\"https:\/\/www.radiopiu.net\/wordpress\/wp-content\/uploads\/2024\/12\/998c66d2-d86e-4943-808e-4bde49184157-300x225.jpg 300w, https:\/\/www.radiopiu.net\/wordpress\/wp-content\/uploads\/2024\/12\/998c66d2-d86e-4943-808e-4bde49184157-1024x768.jpg 1024w, https:\/\/www.radiopiu.net\/wordpress\/wp-content\/uploads\/2024\/12\/998c66d2-d86e-4943-808e-4bde49184157-768x576.jpg 768w, https:\/\/www.radiopiu.net\/wordpress\/wp-content\/uploads\/2024\/12\/998c66d2-d86e-4943-808e-4bde49184157-1536x1152.jpg 1536w, https:\/\/www.radiopiu.net\/wordpress\/wp-content\/uploads\/2024\/12\/998c66d2-d86e-4943-808e-4bde49184157.jpg 1600w\" sizes=\"auto, (max-width: 187px) 100vw, 187px\" \/><\/a>ROCCA PIETORE <\/strong>Domenica 8 e\u00a0 15 dicembre, la comunit\u00e0 di Rocca pietore si \u00e8 riunita per le messe in ricordo dei caduti, accompagnate dalla deposizione delle corone d\u2019alloro. Un momento solenne dedicato a chi ha sacrificato la propria vita per la Nazione, ma anche un\u2019occasione per riflettere sul dolore causato dalla guerra e sull\u2019importanza della pace. &#8220;Osservare i nomi incisi sui nostri monumenti, giovani vite spezzate appena ventenni, \u00e8 sempre toccante e ci invita a non dimenticare. In un mondo turbato da violenze e conflitti, il nostro compito \u00e8 quello di essere portatori di pace e fratellanza tra i popoli &#8211; dice il sindaco Valerio Davare &#8211;\u00a0 Un ringraziamento speciale va a Ignazio e Cassiano, che da anni guidano con impegno i nostri Gruppi Alpini, in particolare Cassiano che da ben 36 anni rappresenta una guida per tutti noi. A tutti gli Alpini della comunit\u00e0 di Rocca Pietore, un sincero grazie per la passione e la dedizione verso il nostro territorio e la nostra gente&#8221;.<\/p>\n<p>&nbsp;<\/p>\n<p>&nbsp;<\/p>\n<hr \/>\n<p>&nbsp;<\/p>\n<blockquote>\n<h3>L&#8217;ACCENSIONE DELL&#8217;ALBERO DI NATALE A ROCCA PIETORE<\/h3>\n<\/blockquote>\n<p><strong>DI MARINA DONA&#8217;<\/strong><\/p>\n<p><strong>ROCCA PIETORE<\/strong> Ricordando con affetto Il bambino di tutti, Angelo Bassot, la comunit\u00e0 accende l&#8217;albero di Natale nella piazza di Rocca pietore con canti e poesie. Venerd\u00ec sera in un clima natalizio, nella piazza di Rocca Pietore dopo la messa, la popolazione si \u00e8 riunita nella piazza con tutti i bambini della scuola elementare, per l&#8217;accensione ufficiale dell&#8217;albero di Natale preceduta dai loro canti e poesie accompagnata dalla meravigliosa maestra Roberta conedera che con la sua chitarra ha diretto non solo i bambini, ma anche tutti i presenti coinvolgendoli nel canto. Sono dieci i bambini che frequentano la scuola elementare di Rocca Pietore, tra la prima e la quarta elementare. La classe quinta \u00e8 vuota avrebbe dovuto essere composta da un solo bambino Angelo bassotto prematuramente scomparso nella primavera di quest&#8217;anno per una grave malattia lasciando un vuoto non solo nella classe ma anche in tutta la comunit\u00e0. Gli alunni, gli hanno dedicato un canto: &#8220;Vai sulla montagna&#8221;, nella sua &#8220;mont da Lastre&#8221;, immaginandolo sorridente, presente alla festa da lass\u00f9, da &#8220;Angelo&#8221; ad &#8220;angioletto&#8221;. Dopo l&#8217;accensione dell&#8217;albero si \u00e8 calato un altro angelo tutto vestito di bianco, dai piani superiori della scuola elementare, rendendo l&#8217;evento ancora pi\u00f9 spettacolare.<\/p>\n\n\t\t\t<style type='text\/css'>\n\t\t\t\t#gallery-3 {\n\t\t\t\t\tmargin: auto;\n\t\t\t\t}\n\t\t\t\t#gallery-3 .gallery-item {\n\t\t\t\t\tfloat: left;\n\t\t\t\t\tmargin-top: 10px;\n\t\t\t\t\ttext-align: center;\n\t\t\t\t\twidth: 25%;\n\t\t\t\t}\n\t\t\t\t#gallery-3 img {\n\t\t\t\t\tborder: 2px solid #cfcfcf;\n\t\t\t\t}\n\t\t\t\t#gallery-3 .gallery-caption {\n\t\t\t\t\tmargin-left: 0;\n\t\t\t\t}\n\t\t\t\t\/* see gallery_shortcode() in wp-includes\/media.php *\/\n\t\t\t<\/style>\n\t\t<div id='gallery-3' class='dt-gallery-container gallery galleryid-424773 gallery-columns-4 gallery-size-thumbnail'><dl class='gallery-item'>\n\t\t\t\t<dt class='gallery-icon landscape'>\n\t\t\t\t\t<a class=\"rollover rollover-zoom dt-pswp-item\" title=\"131c2370-ba21-4d1e-9be9-ad5270af9378\" data-dt-img-description=\"\" data-large_image_width=\"1599\" data-large_image_height=\"1186\"href='https:\/\/www.radiopiu.net\/wordpress\/wp-content\/uploads\/2024\/12\/131c2370-ba21-4d1e-9be9-ad5270af9378.jpg'><img loading=\"lazy\" decoding=\"async\" width=\"150\" height=\"150\" src=\"https:\/\/www.radiopiu.net\/wordpress\/wp-content\/uploads\/2024\/12\/131c2370-ba21-4d1e-9be9-ad5270af9378-150x150.jpg\" class=\"attachment-thumbnail size-thumbnail\" alt=\"\" \/><\/a>\n\t\t\t\t<\/dt><\/dl><dl class='gallery-item'>\n\t\t\t\t<dt class='gallery-icon landscape'>\n\t\t\t\t\t<a class=\"rollover rollover-zoom dt-pswp-item\" title=\"8a96338f-709d-4935-ba97-f70af692d265\" data-dt-img-description=\"\" data-large_image_width=\"1599\" data-large_image_height=\"1186\"href='https:\/\/www.radiopiu.net\/wordpress\/wp-content\/uploads\/2024\/12\/8a96338f-709d-4935-ba97-f70af692d265.jpg'><img loading=\"lazy\" decoding=\"async\" width=\"150\" height=\"150\" src=\"https:\/\/www.radiopiu.net\/wordpress\/wp-content\/uploads\/2024\/12\/8a96338f-709d-4935-ba97-f70af692d265-150x150.jpg\" class=\"attachment-thumbnail size-thumbnail\" alt=\"\" \/><\/a>\n\t\t\t\t<\/dt><\/dl><dl class='gallery-item'>\n\t\t\t\t<dt class='gallery-icon landscape'>\n\t\t\t\t\t<a class=\"rollover rollover-zoom dt-pswp-item\" title=\"fdccc202-366d-425b-bfd1-6a98254a6e52\" data-dt-img-description=\"\" data-large_image_width=\"1600\" data-large_image_height=\"1200\"href='https:\/\/www.radiopiu.net\/wordpress\/wp-content\/uploads\/2024\/12\/fdccc202-366d-425b-bfd1-6a98254a6e52.jpg'><img loading=\"lazy\" decoding=\"async\" width=\"150\" height=\"150\" src=\"https:\/\/www.radiopiu.net\/wordpress\/wp-content\/uploads\/2024\/12\/fdccc202-366d-425b-bfd1-6a98254a6e52-150x150.jpg\" class=\"attachment-thumbnail size-thumbnail\" alt=\"\" \/><\/a>\n\t\t\t\t<\/dt><\/dl><dl class='gallery-item'>\n\t\t\t\t<dt class='gallery-icon landscape'>\n\t\t\t\t\t<a class=\"rollover rollover-zoom dt-pswp-item\" title=\"0100edcd-4aee-4538-9da8-ce24ee182da7\" data-dt-img-description=\"\" data-large_image_width=\"1600\" data-large_image_height=\"1200\"href='https:\/\/www.radiopiu.net\/wordpress\/wp-content\/uploads\/2024\/12\/0100edcd-4aee-4538-9da8-ce24ee182da7.jpg'><img loading=\"lazy\" decoding=\"async\" width=\"150\" height=\"150\" src=\"https:\/\/www.radiopiu.net\/wordpress\/wp-content\/uploads\/2024\/12\/0100edcd-4aee-4538-9da8-ce24ee182da7-150x150.jpg\" class=\"attachment-thumbnail size-thumbnail\" alt=\"\" \/><\/a>\n\t\t\t\t<\/dt><\/dl><br style=\"clear: both\" \/><dl class='gallery-item'>\n\t\t\t\t<dt class='gallery-icon landscape'>\n\t\t\t\t\t<a class=\"rollover rollover-zoom dt-pswp-item\" title=\"fa2ee538-fbfb-4edc-ad92-82eb22dd2923\" data-dt-img-description=\"\" data-large_image_width=\"1600\" data-large_image_height=\"1200\"href='https:\/\/www.radiopiu.net\/wordpress\/wp-content\/uploads\/2024\/12\/fa2ee538-fbfb-4edc-ad92-82eb22dd2923.jpg'><img loading=\"lazy\" decoding=\"async\" width=\"150\" height=\"150\" src=\"https:\/\/www.radiopiu.net\/wordpress\/wp-content\/uploads\/2024\/12\/fa2ee538-fbfb-4edc-ad92-82eb22dd2923-150x150.jpg\" class=\"attachment-thumbnail size-thumbnail\" alt=\"\" \/><\/a>\n\t\t\t\t<\/dt><\/dl><dl class='gallery-item'>\n\t\t\t\t<dt class='gallery-icon landscape'>\n\t\t\t\t\t<a class=\"rollover rollover-zoom dt-pswp-item\" title=\"f0fa1ba4-97a6-4173-99b0-c995ff440588\" data-dt-img-description=\"\" data-large_image_width=\"1600\" data-large_image_height=\"1200\"href='https:\/\/www.radiopiu.net\/wordpress\/wp-content\/uploads\/2024\/12\/f0fa1ba4-97a6-4173-99b0-c995ff440588.jpg'><img loading=\"lazy\" decoding=\"async\" width=\"150\" height=\"150\" src=\"https:\/\/www.radiopiu.net\/wordpress\/wp-content\/uploads\/2024\/12\/f0fa1ba4-97a6-4173-99b0-c995ff440588-150x150.jpg\" class=\"attachment-thumbnail size-thumbnail\" alt=\"\" \/><\/a>\n\t\t\t\t<\/dt><\/dl><dl class='gallery-item'>\n\t\t\t\t<dt class='gallery-icon landscape'>\n\t\t\t\t\t<a class=\"rollover rollover-zoom dt-pswp-item\" title=\"ea53886c-635a-42d7-afc4-d194ce001b24\" data-dt-img-description=\"\" data-large_image_width=\"1599\" data-large_image_height=\"1186\"href='https:\/\/www.radiopiu.net\/wordpress\/wp-content\/uploads\/2024\/12\/ea53886c-635a-42d7-afc4-d194ce001b24.jpg'><img loading=\"lazy\" decoding=\"async\" width=\"150\" height=\"150\" src=\"https:\/\/www.radiopiu.net\/wordpress\/wp-content\/uploads\/2024\/12\/ea53886c-635a-42d7-afc4-d194ce001b24-150x150.jpg\" class=\"attachment-thumbnail size-thumbnail\" alt=\"\" \/><\/a>\n\t\t\t\t<\/dt><\/dl><dl class='gallery-item'>\n\t\t\t\t<dt class='gallery-icon landscape'>\n\t\t\t\t\t<a class=\"rollover rollover-zoom dt-pswp-item\" title=\"843eb42d-8742-4e7c-80d0-1050a707e248\" data-dt-img-description=\"\" data-large_image_width=\"1600\" data-large_image_height=\"1200\"href='https:\/\/www.radiopiu.net\/wordpress\/wp-content\/uploads\/2024\/12\/843eb42d-8742-4e7c-80d0-1050a707e248.jpg'><img loading=\"lazy\" decoding=\"async\" width=\"150\" height=\"150\" src=\"https:\/\/www.radiopiu.net\/wordpress\/wp-content\/uploads\/2024\/12\/843eb42d-8742-4e7c-80d0-1050a707e248-150x150.jpg\" class=\"attachment-thumbnail size-thumbnail\" alt=\"\" \/><\/a>\n\t\t\t\t<\/dt><\/dl><br style=\"clear: both\" \/>\n\t\t\t<\/div>\n\n<p>&nbsp;<\/p>\n<p><iframe loading=\"lazy\" title=\"L&#039;ACCENSIONE DELL&#039;ALBERO DI NATALE A ROCCA PIETORE\" width=\"1200\" height=\"675\" src=\"https:\/\/www.youtube.com\/embed\/JuoM1MSYpDQ?feature=oembed\" frameborder=\"0\" allow=\"accelerometer; autoplay; clipboard-write; encrypted-media; gyroscope; picture-in-picture; web-share\" referrerpolicy=\"strict-origin-when-cross-origin\" allowfullscreen><\/iframe><\/p>\n<p>&nbsp;<\/p>\n<hr \/>\n<p>&nbsp;<\/p>\n<blockquote>\n<h3 class=\"entry-title\">RADIO PIU\u2019 DA BARDIN PER\u2026UN POMERIGGIO ALTERNATIVO<\/h3>\n<\/blockquote>\n<p><strong class=\"photoswipe-wrapper\"><a class=\"dt-pswp-item pspw-wrap-ready\" href=\"https:\/\/www.radiopiu.net\/wordpress\/wp-content\/uploads\/2024\/12\/d43c8a1f-bbef-41e8-b858-81452f65fe0d.jpg\" data-dt-img-description=\"\" data-large_image_width=\"1600\" data-large_image_height=\"1200\"><img loading=\"lazy\" decoding=\"async\" class=\" wp-image-424903 alignleft\" src=\"https:\/\/www.radiopiu.net\/wordpress\/wp-content\/uploads\/2024\/12\/d43c8a1f-bbef-41e8-b858-81452f65fe0d-300x225.jpg\" sizes=\"auto, (max-width: 224px) 100vw, 224px\" srcset=\"https:\/\/www.radiopiu.net\/wordpress\/wp-content\/uploads\/2024\/12\/d43c8a1f-bbef-41e8-b858-81452f65fe0d-300x225.jpg 300w, https:\/\/www.radiopiu.net\/wordpress\/wp-content\/uploads\/2024\/12\/d43c8a1f-bbef-41e8-b858-81452f65fe0d-1024x768.jpg 1024w, https:\/\/www.radiopiu.net\/wordpress\/wp-content\/uploads\/2024\/12\/d43c8a1f-bbef-41e8-b858-81452f65fe0d-768x576.jpg 768w, https:\/\/www.radiopiu.net\/wordpress\/wp-content\/uploads\/2024\/12\/d43c8a1f-bbef-41e8-b858-81452f65fe0d-1536x1152.jpg 1536w, https:\/\/www.radiopiu.net\/wordpress\/wp-content\/uploads\/2024\/12\/d43c8a1f-bbef-41e8-b858-81452f65fe0d.jpg 1600w\" alt=\"\" width=\"160\" height=\"120\" \/><\/a><\/strong><\/p>\n<p><strong>SANTA GIUSTINA<\/strong>\u00a0Lo si pu\u00f2 definire un successo la diretta pomeridiana di Radio Pi\u00f9 da Bardin a Santa Giustina. Un pomeriggio alternativo per accogliere la clientela del negozio punto di riferimento per i regali natalizi. Dai bambini ai nonni, erano presenti tutti. Un pomeriggio di musica con DJ Tome con la partecipazione di Marina ed Alessio che hanno intervistato i clienti che passavano di fronte alla postazione situata in mezzo agli alberi ed addobbi di Natale. Qualche ora in compagnia per allietare coloro che da Bardin sono passati per fare gli acquisti.<\/p>\n<p>&nbsp;<\/p>\n<p>&nbsp;<\/p>\n<hr \/>\n<p>&nbsp;<\/p>\n<blockquote>\n<h3>IN VENETO SONO 8.500 LE IMPRESE IN \u201cODOR DI MAFIA\u201d<\/h3>\n<\/blockquote>\n<p><a class=\"dt-pswp-item\" href=\"https:\/\/www.radiopiu.net\/wordpress\/wp-content\/uploads\/2024\/12\/20241214094554.png\" data-dt-img-description=\"\" data-large_image_width=\"619\" data-large_image_height=\"361\"><img loading=\"lazy\" decoding=\"async\" class=\"size-medium wp-image-424859 alignleft\" src=\"https:\/\/www.radiopiu.net\/wordpress\/wp-content\/uploads\/2024\/12\/20241214094554-300x175.png\" alt=\"\" width=\"300\" height=\"175\" srcset=\"https:\/\/www.radiopiu.net\/wordpress\/wp-content\/uploads\/2024\/12\/20241214094554-300x175.png 300w, https:\/\/www.radiopiu.net\/wordpress\/wp-content\/uploads\/2024\/12\/20241214094554.png 619w\" sizes=\"auto, (max-width: 300px) 100vw, 300px\" \/><\/a>In virt\u00f9 dei dati in possesso dell\u2019Unit\u00e0 di Informazione Finanziaria (UIF) della Banca d\u2019Italia &#8211; struttura che, per legge, riceve ogni anno dagli intermediari finanziari di tutto il Paese centinaia di migliaia di segnalazioni di operazioni finanziarie sospette \u2013 \u00e8 stato possibile mappare il numero delle imprese presenti in Veneto che potenzialmente sono contigue a contesti di criminalit\u00e0 organizzata. Oltre alle segnalazioni ricevute, la UIF ha incrociato anche gli scambi informativi acquisiti sia dalla Direzione Nazionale Antimafia che dall\u2019Autorit\u00e0 giudiziaria. Grazie a questo mix di dati \u00e8 stato possibile censire uno stock pari a poco pi\u00f9 di 8.500 imprese venete che potrebbero essere potenzialmente controllate o collegate a vario titolo alle organizzazioni criminali di stampo mafioso.<\/p>\n<p><strong>\u2022 Padova e Venezia le realt\u00e0 pi\u00f9 a rischio<\/strong><br \/>\nAnalizzando la diffusione territoriale in Veneto delle aziende in \u201codor di mafia\u201d, scorgiamo che il territorio che ne conta di pi\u00f9 \u00e8 la provincia di Padova con 2.355 unit\u00e0. Seguono Venezia con 1.854, Verona con 1.391, Treviso con 1.295, Rovigo con 370 e Belluno con 74. Tra le provincie di Padova e Venezia \u00e8 concentrato quasi il 50 per cento delle attivit\u00e0 imprenditoriali a rischio \u201cpresenti\u201d nella nostra regione (vedi Tab. 1).<\/p>\n<p><strong><a class=\"dt-pswp-item\" href=\"https:\/\/www.radiopiu.net\/wordpress\/wp-content\/uploads\/2024\/12\/20241214094621.png\" data-dt-img-description=\"\" data-large_image_width=\"648\" data-large_image_height=\"703\"><img loading=\"lazy\" decoding=\"async\" class=\"size-medium wp-image-424861 alignleft\" src=\"https:\/\/www.radiopiu.net\/wordpress\/wp-content\/uploads\/2024\/12\/20241214094621-277x300.png\" alt=\"\" width=\"277\" height=\"300\" srcset=\"https:\/\/www.radiopiu.net\/wordpress\/wp-content\/uploads\/2024\/12\/20241214094621-277x300.png 277w, https:\/\/www.radiopiu.net\/wordpress\/wp-content\/uploads\/2024\/12\/20241214094621.png 648w\" sizes=\"auto, (max-width: 277px) 100vw, 277px\" \/><\/a>\u2022 Imprenditori nel mirino<\/strong><br \/>\nGli ambiti criminali in cui le mafie fanno business sono numerosissimi. Tra i principali segnaliamo il narcotraffico, il traffico d\u2019armi, lo smaltimento illegale dei rifiuti, gli appalti pubblici, le scommesse clandestine, il gioco d\u2019azzardo, l\u2019usura, il contrabbando di sigarette e la prostituzione. Tra le attivit\u00e0 esercitate da queste consorterie malavitose, le estorsioni sono quelle pi\u00f9 remunerative e le vittime di questo reato sono, quasi esclusivamente, imprenditori. Non solo. Nei territori dove il numero di denunce all\u2019Autorit\u00e0 giudiziaria per estorsione\/racket &#8211; ma anche per reati ambientali, contraffazione, lavoro nero, caporalato, etc. &#8211; \u00e8 molto alto, la probabilit\u00e0 che vi sia una presenza radicata e diffusa di una o pi\u00f9 organizzazioni di stampo mafioso \u00e8 altrettanto elevata.<\/p>\n<p><strong>\u2022 Boom di denunce per estorsione<\/strong><br \/>\nIn questi ultimi anni l\u2019estorsione \u00e8 uno dei pochi reati che ha registrato un forte aumento del numero delle denunce. Negli ultimi dieci anni, infatti, i delitti denunciati in Veneto dalle forze di polizia all\u2019Autorit\u00e0 giudiziaria per estorsione sono pi\u00f9 che raddoppiati (+116,1 per cento). E in particolar modo a Nordest, fa sapere la Direzione Investigativa Antimafia, questo fenomeno si sta diffondendo senza ricorrere pi\u00f9 a minacce esplicite e men che meno all\u2019uso della violenza, ma cercando una specie di \u201ccomplicit\u00e0\u201d con le vittime, imponendo, ad esempio, l\u2019assunzione di personale o fornendo altre tipologie di servizi\/forniture. Oppure, proponendo alle imprese soluzioni \u201ccondivise\u201d con reciproci vantaggi, come l\u2019attivit\u00e0 di fatturazione per operazioni inesistenti, ove le vittime devono corrispondere in contanti anche l\u2019importo dell\u2019IVA che poi deve essere versata all\u2019erario dal committente. Consentendo cos\u00ec a quest\u2019ultimo di onorare l\u2019adempimento fiscale e al contempo di occultare la richiesta estorsiva di denaro.<\/p>\n<p><strong><a class=\"dt-pswp-item\" href=\"https:\/\/www.radiopiu.net\/wordpress\/wp-content\/uploads\/2024\/12\/20241214094639.png\" data-dt-img-description=\"\" data-large_image_width=\"645\" data-large_image_height=\"363\"><img loading=\"lazy\" decoding=\"async\" class=\"size-medium wp-image-424860 alignleft\" src=\"https:\/\/www.radiopiu.net\/wordpress\/wp-content\/uploads\/2024\/12\/20241214094639-300x169.png\" alt=\"\" width=\"300\" height=\"169\" srcset=\"https:\/\/www.radiopiu.net\/wordpress\/wp-content\/uploads\/2024\/12\/20241214094639-300x169.png 300w, https:\/\/www.radiopiu.net\/wordpress\/wp-content\/uploads\/2024\/12\/20241214094639.png 645w\" sizes=\"auto, (max-width: 300px) 100vw, 300px\" \/><\/a>\u2022 Situazione critica in tutto il Veneto: in 10 anni denunce quadruplicate a Belluno e pi\u00f9 che triplicate a Vicenza<\/strong><br \/>\nCome dicevamo in precedenza, tra il 2023 e il 2013 in Veneto le denunce per estorsione sono aumentate del 116,1 per cento, contro una media nazionale del 66,2 per cento. In termini complessivi, \u00e8 il Mezzogiorno con 3.877 la ripartizione geografica che nel 2023 ha registrato il pi\u00f9 alto numero di denunce; seguono il Nordovest con 2.945, il Centro con 2.573 e il Nordest con 2.043 (vedi Tab. 2). Sempre nello stesso arco temporale, tra le province venete, invece, le variazioni di crescita pi\u00f9 importanti hanno interessato, in particolare, Belluno con il +330 per cento, Vicenza con il +248,8 per cento, Verona con il +127,7 per cento, Treviso con il +123,7 per cento, Venezia con il +94,8 per cento, Rovigo con il +92,9 per cento e Padova con il +42,5 per cento. In valore assoluto, infine, la provincia di Verona \u00e8 quella che nel 2023 ha registrato con 148 denunce l\u2019ammontare complessivo pi\u00f9 alto registrato in Veneto. Seguono Vicenza con 143, Padova con 124 e Venezia con 113 (vedi Tab. 3).<\/p>\n<p>&nbsp;<\/p>\n<p>&nbsp;<\/p>\n<hr \/>\n<p>&nbsp;<\/p>\n<h2><span style=\"color: #ff0000;\">CONSIGLI COMUNALI IN AGORDINO<\/span><\/h2>\n<p><strong>COLLE SANTA LUCIA<\/strong> Consiglio comunale convocato per gioved\u00ec alle 9:30 nella sala consigliare del comune di Cortina. Due i punti da discutere: l&#8217;approvazione del nuovo statuto dell&#8217;Istitut Cultural Cesa de Jan e le relazioni sui rapporti istituzionali con l&#8217;euregio Tirolo-AltoAdige-Trentino.<\/p>\n<p><strong>ROCCA PIETORE<\/strong> Consiglio comunale convocato per gioved\u00ec alle 20. Sei punti da discutere tra cui IMU, addizionale comunale, approvazione del DUP, il bilancio previsionale 2025\/2027 e la revisione ordinaria delle partecipazioni.<\/p>\n<p>&nbsp;<\/p>\n<hr \/>\n<p>&nbsp;<\/p>\n<blockquote>\n<h3>CONVOCAZIONE DELL&#8217;ASSEMBLEA DEI SINDACI DI BACINO DOLOMITI BELLUNESI<\/h3>\n<\/blockquote>\n<p><strong>BELLUNO<\/strong> L&#8217;Assemblea del Consiglio di Bacino &#8220;Dolomiti Bellunesi&#8221; \u00e8 convocata d&#8217;urgenza per oggi alle 07:00 (prima convocazione) e domani alle 16:30 (seconda convocazione) a Belluno. All&#8217;ordine del giorno: comunicazioni, approvazione revisione articolazione tariffaria, approvazione modifiche al Regolamento d&#8217;Utenza e varie ed eventuali.<\/p>\n<p>&nbsp;<\/p>\n<p>&nbsp;<\/p>\n<hr \/>\n<p>&nbsp;<\/p>\n<blockquote>\n<h1>Il Presepe Artistico di Roe di Sedico: un capolavoro da visitare<\/h1>\n<\/blockquote>\n<p><a class=\"dt-pswp-item\" href=\"https:\/\/www.radiopiu.net\/wordpress\/wp-content\/uploads\/2024\/12\/5162ed54-e3b2-4d17-82f0-cf26bd30086a.jpg\" data-dt-img-description=\"\" data-large_image_width=\"1200\" data-large_image_height=\"1600\"><img loading=\"lazy\" decoding=\"async\" class=\"size-medium wp-image-423381 alignleft\" src=\"https:\/\/www.radiopiu.net\/wordpress\/wp-content\/uploads\/2024\/12\/5162ed54-e3b2-4d17-82f0-cf26bd30086a-225x300.jpg\" alt=\"\" width=\"225\" height=\"300\" srcset=\"https:\/\/www.radiopiu.net\/wordpress\/wp-content\/uploads\/2024\/12\/5162ed54-e3b2-4d17-82f0-cf26bd30086a-225x300.jpg 225w, https:\/\/www.radiopiu.net\/wordpress\/wp-content\/uploads\/2024\/12\/5162ed54-e3b2-4d17-82f0-cf26bd30086a-768x1024.jpg 768w, https:\/\/www.radiopiu.net\/wordpress\/wp-content\/uploads\/2024\/12\/5162ed54-e3b2-4d17-82f0-cf26bd30086a-1152x1536.jpg 1152w, https:\/\/www.radiopiu.net\/wordpress\/wp-content\/uploads\/2024\/12\/5162ed54-e3b2-4d17-82f0-cf26bd30086a.jpg 1200w\" sizes=\"auto, (max-width: 225px) 100vw, 225px\" \/><\/a>Il presepe artistico di Roe di Sedico \u00e8 un\u2019opera straordinaria realizzata dai talentuosi autori Fabio Sommacal, Davide Lovisotto, Edi Tegner, Andrea Fontanive e Marco Bressan. Nato nel 1988, le prime edizioni venivano ospitate nella cappella invernale e smontate ogni anno. Dal 1991, grazie alla disponibilit\u00e0 di Don Rinaldo, il presepe ha trovato una sede permanente, permettendo la realizzazione di 32 edizioni fino all\u2019interruzione causata dalla pandemia. Dal 2022, l\u2019avventura \u00e8 ripartita con rinnovato entusiasmo. Il presepe \u00e8 visitabile fino al 31 gennaio: <strong>Domeniche e festivi:<\/strong> 10:00-12:00 e 14:00-18:30. <strong>Dal 25 dicembre al 6 gennaio:<\/strong> aperto anche nei feriali, nel pomeriggio 14:00-18:30. Un appuntamento imperdibile per immergersi nella magia del Natale e ammirare un\u2019opera che racconta tradizione e passione.<\/p>\n<p>&nbsp;<\/p>\n\n\t\t\t<style type='text\/css'>\n\t\t\t\t#gallery-4 {\n\t\t\t\t\tmargin: auto;\n\t\t\t\t}\n\t\t\t\t#gallery-4 .gallery-item {\n\t\t\t\t\tfloat: left;\n\t\t\t\t\tmargin-top: 10px;\n\t\t\t\t\ttext-align: center;\n\t\t\t\t\twidth: 12%;\n\t\t\t\t}\n\t\t\t\t#gallery-4 img {\n\t\t\t\t\tborder: 2px solid #cfcfcf;\n\t\t\t\t}\n\t\t\t\t#gallery-4 .gallery-caption {\n\t\t\t\t\tmargin-left: 0;\n\t\t\t\t}\n\t\t\t\t\/* see gallery_shortcode() in wp-includes\/media.php *\/\n\t\t\t<\/style>\n\t\t<div id='gallery-4' class='dt-gallery-container gallery galleryid-424773 gallery-columns-8 gallery-size-thumbnail'><dl class='gallery-item'>\n\t\t\t\t<dt class='gallery-icon landscape'>\n\t\t\t\t\t<a class=\"rollover rollover-zoom dt-pswp-item\" title=\"1708f0ec-4e7a-4978-b30d-3959327ffde0\" data-dt-img-description=\"\" data-large_image_width=\"1600\" data-large_image_height=\"1200\"href='https:\/\/www.radiopiu.net\/wordpress\/wp-content\/uploads\/2024\/12\/1708f0ec-4e7a-4978-b30d-3959327ffde0.jpg'><img loading=\"lazy\" decoding=\"async\" width=\"150\" height=\"150\" src=\"https:\/\/www.radiopiu.net\/wordpress\/wp-content\/uploads\/2024\/12\/1708f0ec-4e7a-4978-b30d-3959327ffde0-150x150.jpg\" class=\"attachment-thumbnail size-thumbnail\" alt=\"\" \/><\/a>\n\t\t\t\t<\/dt><\/dl><dl class='gallery-item'>\n\t\t\t\t<dt class='gallery-icon landscape'>\n\t\t\t\t\t<a class=\"rollover rollover-zoom dt-pswp-item\" title=\"31faecc0-e87e-406d-b6a8-6f5633f67e78\" data-dt-img-description=\"\" data-large_image_width=\"1600\" data-large_image_height=\"1200\"href='https:\/\/www.radiopiu.net\/wordpress\/wp-content\/uploads\/2024\/12\/31faecc0-e87e-406d-b6a8-6f5633f67e78.jpg'><img loading=\"lazy\" decoding=\"async\" width=\"150\" height=\"150\" src=\"https:\/\/www.radiopiu.net\/wordpress\/wp-content\/uploads\/2024\/12\/31faecc0-e87e-406d-b6a8-6f5633f67e78-150x150.jpg\" class=\"attachment-thumbnail size-thumbnail\" alt=\"\" \/><\/a>\n\t\t\t\t<\/dt><\/dl><dl class='gallery-item'>\n\t\t\t\t<dt class='gallery-icon landscape'>\n\t\t\t\t\t<a class=\"rollover rollover-zoom dt-pswp-item\" title=\"22cd45a8-8844-4e2d-8552-f9a2b7c9b35a\" data-dt-img-description=\"\" data-large_image_width=\"1600\" data-large_image_height=\"1200\"href='https:\/\/www.radiopiu.net\/wordpress\/wp-content\/uploads\/2024\/12\/22cd45a8-8844-4e2d-8552-f9a2b7c9b35a.jpg'><img loading=\"lazy\" decoding=\"async\" width=\"150\" height=\"150\" src=\"https:\/\/www.radiopiu.net\/wordpress\/wp-content\/uploads\/2024\/12\/22cd45a8-8844-4e2d-8552-f9a2b7c9b35a-150x150.jpg\" class=\"attachment-thumbnail size-thumbnail\" alt=\"\" \/><\/a>\n\t\t\t\t<\/dt><\/dl><dl class='gallery-item'>\n\t\t\t\t<dt class='gallery-icon landscape'>\n\t\t\t\t\t<a class=\"rollover rollover-zoom dt-pswp-item\" title=\"2f78f81d-54a0-473e-a048-6082fa5f0dfb\" data-dt-img-description=\"\" data-large_image_width=\"1600\" data-large_image_height=\"1200\"href='https:\/\/www.radiopiu.net\/wordpress\/wp-content\/uploads\/2024\/12\/2f78f81d-54a0-473e-a048-6082fa5f0dfb.jpg'><img loading=\"lazy\" decoding=\"async\" width=\"150\" height=\"150\" src=\"https:\/\/www.radiopiu.net\/wordpress\/wp-content\/uploads\/2024\/12\/2f78f81d-54a0-473e-a048-6082fa5f0dfb-150x150.jpg\" class=\"attachment-thumbnail size-thumbnail\" alt=\"\" \/><\/a>\n\t\t\t\t<\/dt><\/dl><dl class='gallery-item'>\n\t\t\t\t<dt class='gallery-icon landscape'>\n\t\t\t\t\t<a class=\"rollover rollover-zoom dt-pswp-item\" title=\"05ae5de8-f5ea-45b4-9b1f-d4e96bbb1fb8\" data-dt-img-description=\"\" data-large_image_width=\"1600\" data-large_image_height=\"1200\"href='https:\/\/www.radiopiu.net\/wordpress\/wp-content\/uploads\/2024\/12\/05ae5de8-f5ea-45b4-9b1f-d4e96bbb1fb8.jpg'><img loading=\"lazy\" decoding=\"async\" width=\"150\" height=\"150\" src=\"https:\/\/www.radiopiu.net\/wordpress\/wp-content\/uploads\/2024\/12\/05ae5de8-f5ea-45b4-9b1f-d4e96bbb1fb8-150x150.jpg\" class=\"attachment-thumbnail size-thumbnail\" alt=\"\" \/><\/a>\n\t\t\t\t<\/dt><\/dl><dl class='gallery-item'>\n\t\t\t\t<dt class='gallery-icon landscape'>\n\t\t\t\t\t<a class=\"rollover rollover-zoom dt-pswp-item\" title=\"9b5d2c47-0c82-43c2-ac45-eda00723a965\" data-dt-img-description=\"\" data-large_image_width=\"1600\" data-large_image_height=\"1200\"href='https:\/\/www.radiopiu.net\/wordpress\/wp-content\/uploads\/2024\/12\/9b5d2c47-0c82-43c2-ac45-eda00723a965.jpg'><img loading=\"lazy\" decoding=\"async\" width=\"150\" height=\"150\" src=\"https:\/\/www.radiopiu.net\/wordpress\/wp-content\/uploads\/2024\/12\/9b5d2c47-0c82-43c2-ac45-eda00723a965-150x150.jpg\" class=\"attachment-thumbnail size-thumbnail\" alt=\"\" \/><\/a>\n\t\t\t\t<\/dt><\/dl><dl class='gallery-item'>\n\t\t\t\t<dt class='gallery-icon landscape'>\n\t\t\t\t\t<a class=\"rollover rollover-zoom dt-pswp-item\" title=\"2ed1d8d3-409e-4775-94ed-91e3eda55c6e\" data-dt-img-description=\"\" data-large_image_width=\"1600\" data-large_image_height=\"1200\"href='https:\/\/www.radiopiu.net\/wordpress\/wp-content\/uploads\/2024\/12\/2ed1d8d3-409e-4775-94ed-91e3eda55c6e.jpg'><img loading=\"lazy\" decoding=\"async\" width=\"150\" height=\"150\" src=\"https:\/\/www.radiopiu.net\/wordpress\/wp-content\/uploads\/2024\/12\/2ed1d8d3-409e-4775-94ed-91e3eda55c6e-150x150.jpg\" class=\"attachment-thumbnail size-thumbnail\" alt=\"\" \/><\/a>\n\t\t\t\t<\/dt><\/dl><dl class='gallery-item'>\n\t\t\t\t<dt class='gallery-icon landscape'>\n\t\t\t\t\t<a class=\"rollover rollover-zoom dt-pswp-item\" title=\"0f25e816-4eb7-459e-b251-b05d839862fc\" data-dt-img-description=\"\" data-large_image_width=\"1600\" data-large_image_height=\"1200\"href='https:\/\/www.radiopiu.net\/wordpress\/wp-content\/uploads\/2024\/12\/0f25e816-4eb7-459e-b251-b05d839862fc.jpg'><img loading=\"lazy\" decoding=\"async\" width=\"150\" height=\"150\" src=\"https:\/\/www.radiopiu.net\/wordpress\/wp-content\/uploads\/2024\/12\/0f25e816-4eb7-459e-b251-b05d839862fc-150x150.jpg\" class=\"attachment-thumbnail size-thumbnail\" alt=\"\" \/><\/a>\n\t\t\t\t<\/dt><\/dl><br style=\"clear: both\" \/>\n\t\t\t<\/div>\n\n<p>&nbsp;<\/p>\n<hr \/>\n<p>&nbsp;<\/p>\n<p style=\"text-align: center;\"><strong><a class=\"dt-pswp-item\" href=\"https:\/\/www.radiopiu.net\/wordpress\/wp-content\/uploads\/2024\/12\/mose-andrich.jpg\" data-dt-img-description=\"\" data-large_image_width=\"1023\" data-large_image_height=\"1023\"><img loading=\"lazy\" decoding=\"async\" class=\"wp-image-424317 alignleft\" src=\"https:\/\/www.radiopiu.net\/wordpress\/wp-content\/uploads\/2024\/12\/mose-andrich-300x300.jpg\" alt=\"\" width=\"118\" height=\"118\" srcset=\"https:\/\/www.radiopiu.net\/wordpress\/wp-content\/uploads\/2024\/12\/mose-andrich-300x300.jpg 300w, https:\/\/www.radiopiu.net\/wordpress\/wp-content\/uploads\/2024\/12\/mose-andrich-150x150.jpg 150w, https:\/\/www.radiopiu.net\/wordpress\/wp-content\/uploads\/2024\/12\/mose-andrich-768x768.jpg 768w, https:\/\/www.radiopiu.net\/wordpress\/wp-content\/uploads\/2024\/12\/mose-andrich.jpg 1023w\" sizes=\"auto, (max-width: 118px) 100vw, 118px\" \/><\/a>Da Bach ai Coldplay, Mos\u00e8 Andrich al pianoforte<\/strong><\/p>\n<p>Sabato 21 dicembre alle 17.45, nella Sala &#8220;Zanardelli&#8221; della Prefettura di Belluno, Mos\u00e8 Andrich si esibir\u00e0 in un concerto che spazier\u00e0 da Bach ai Coldplay. L&#8217;evento, promosso da Anffas Belluno, sostiene il progetto \u201cProve di Volo\u201d.<\/p>\n<p>\u00c8 necessaria la prenotazione entro il 15 dicembre scrivendo a <a href=\"mailto:info@anffasbelluno.org\">info@anffasbelluno.org<\/a> o su Whatsapp\/Sms al 371 3385451.<\/p>\n<p>&nbsp;<\/p>\n<p>&nbsp;<\/p>\n<hr \/>\n<p>&nbsp;<\/p>\n<p><strong><a class=\"dt-pswp-item\" href=\"https:\/\/www.radiopiu.net\/wordpress\/wp-content\/uploads\/2024\/11\/AMICI-MINERARI.png\" data-dt-img-description=\"\" data-large_image_width=\"209\" data-large_image_height=\"174\"><img loading=\"lazy\" decoding=\"async\" class=\"size-full wp-image-419180 alignleft\" src=\"https:\/\/www.radiopiu.net\/wordpress\/wp-content\/uploads\/2024\/11\/AMICI-MINERARI.png\" alt=\"\" width=\"209\" height=\"174\" \/><\/a>&#8220;Con gli Amici dei Minerari: Serate d&#8217;Inverno \u2013 un viaggio tra storia, scienza e meraviglie. Incontri presso la Sala con T\u00e0-Mis. Non mancare!&#8221;<\/strong><\/p>\n<ul>\n<li><em>Venerd\u00ec 20 dicembre, ore 20:30<\/em>: &#8220;La morfogenesi delle frane&#8221; \u2013 Relatore Prof. Vittorio Fenti.<\/li>\n<li><em>Venerd\u00ec 24 gennaio, ore 20:30<\/em>: &#8220;Il meraviglioso mondo dei fossili delle Dolomiti&#8221; \u2013 Relatore Danilo Giordano.<\/li>\n<li><em>Venerd\u00ec 21 febbraio, ore 20:30<\/em>: &#8220;Il traforo del Brennero: studio, progettazione e realizzazione&#8221; \u2013 Relatori Vittorio Fenti e Mario Guadagnini.<\/li>\n<\/ul>\n<p><strong>Vivi la cultura e la passione per la montagna!<\/strong><\/p>\n<p>&nbsp;<\/p>\n<p>&nbsp;<\/p>\n<hr \/>\n<p>&nbsp;<\/p>\n<blockquote>\n<h3>GLI 80 ANNI DI ACLI A FELTRE<\/h3>\n<\/blockquote>\n<p><strong><a class=\"dt-pswp-item\" href=\"https:\/\/www.radiopiu.net\/wordpress\/wp-content\/uploads\/2024\/12\/Incontro-1959-ACLI-Belluno-con-Vescovo-Muccin-Oratore-e-il-pres-prov-prof.-Arnaldo-Colleselli.jpg\" data-dt-img-description=\"\" data-large_image_width=\"1672\" data-large_image_height=\"1151\"><img loading=\"lazy\" decoding=\"async\" class=\" wp-image-424741 alignleft\" src=\"https:\/\/www.radiopiu.net\/wordpress\/wp-content\/uploads\/2024\/12\/Incontro-1959-ACLI-Belluno-con-Vescovo-Muccin-Oratore-e-il-pres-prov-prof.-Arnaldo-Colleselli-300x207.jpg\" alt=\"\" width=\"162\" height=\"112\" srcset=\"https:\/\/www.radiopiu.net\/wordpress\/wp-content\/uploads\/2024\/12\/Incontro-1959-ACLI-Belluno-con-Vescovo-Muccin-Oratore-e-il-pres-prov-prof.-Arnaldo-Colleselli-300x207.jpg 300w, https:\/\/www.radiopiu.net\/wordpress\/wp-content\/uploads\/2024\/12\/Incontro-1959-ACLI-Belluno-con-Vescovo-Muccin-Oratore-e-il-pres-prov-prof.-Arnaldo-Colleselli-1024x705.jpg 1024w, https:\/\/www.radiopiu.net\/wordpress\/wp-content\/uploads\/2024\/12\/Incontro-1959-ACLI-Belluno-con-Vescovo-Muccin-Oratore-e-il-pres-prov-prof.-Arnaldo-Colleselli-768x529.jpg 768w, https:\/\/www.radiopiu.net\/wordpress\/wp-content\/uploads\/2024\/12\/Incontro-1959-ACLI-Belluno-con-Vescovo-Muccin-Oratore-e-il-pres-prov-prof.-Arnaldo-Colleselli-1536x1057.jpg 1536w, https:\/\/www.radiopiu.net\/wordpress\/wp-content\/uploads\/2024\/12\/Incontro-1959-ACLI-Belluno-con-Vescovo-Muccin-Oratore-e-il-pres-prov-prof.-Arnaldo-Colleselli.jpg 1672w\" sizes=\"auto, (max-width: 162px) 100vw, 162px\" \/><\/a>FELTRE<\/strong> Sabato 21 dicembre, presso il Seminario Vescovile di Feltre, si terr\u00e0 un incontro speciale per celebrare gli 80 anni delle Acli in provincia di Belluno. L&#8217;evento ripercorrer\u00e0 la storia delle Acli, che hanno avuto un ruolo centrale nelle dinamiche sociali, politiche e sindacali delle comunit\u00e0 locali. Fondati nel 1945 grazie all&#8217;iniziativa del vescovo Girolamo Bortignon, gli Acli hanno offerto assistenza ai lavoratori in difficolt\u00e0. L&#8217;incontro vedr\u00e0 l&#8217;intervento del professor Marco Mascia dell&#8217;Universit\u00e0 di Padova e la partecipazione di storici soci delle Acli, che racconteranno i momenti significativi della loro storia. L&#8217;evento inizier\u00e0 alle ore 10 e sar\u00e0 introdotto dal presidente delle Acli Belluno Dolomiti Pietro Ranon.<\/p>\n<p>&nbsp;<\/p>\n<p>&nbsp;<\/p>\n<hr \/>\n<p>&nbsp;<\/p>\n<h2><span style=\"color: #ff6600;\">IERI ALLA RADIO\u00a0\u00a0<\/span><\/h2>\n<h2><span style=\"color: #800080;\">DUE MINUTI PER TE<\/span><\/h2>\n<p><strong><a class=\"dt-pswp-item\" href=\"https:\/\/www.radiopiu.net\/wordpress\/wp-content\/uploads\/2020\/12\/DON-GIORGIO-LISE.jpg\" data-dt-img-description=\"\" data-large_image_width=\"1600\" data-large_image_height=\"901\"><img loading=\"lazy\" decoding=\"async\" class=\" wp-image-177420 alignleft\" src=\"https:\/\/www.radiopiu.net\/wordpress\/wp-content\/uploads\/2020\/12\/DON-GIORGIO-LISE-300x169.jpg\" alt=\"\" width=\"188\" height=\"106\" srcset=\"https:\/\/www.radiopiu.net\/wordpress\/wp-content\/uploads\/2020\/12\/DON-GIORGIO-LISE-300x169.jpg 300w, https:\/\/www.radiopiu.net\/wordpress\/wp-content\/uploads\/2020\/12\/DON-GIORGIO-LISE-1024x577.jpg 1024w, https:\/\/www.radiopiu.net\/wordpress\/wp-content\/uploads\/2020\/12\/DON-GIORGIO-LISE-768x432.jpg 768w, https:\/\/www.radiopiu.net\/wordpress\/wp-content\/uploads\/2020\/12\/DON-GIORGIO-LISE-1536x865.jpg 1536w, https:\/\/www.radiopiu.net\/wordpress\/wp-content\/uploads\/2020\/12\/DON-GIORGIO-LISE.jpg 1600w\" sizes=\"auto, (max-width: 188px) 100vw, 188px\" \/><\/a>APPUNTAMENTO DELLA DOMENICA CON IL PENSIERO DI MONSIGNOR GIORGIO LISE<\/strong><\/p>\n<audio class=\"wp-audio-shortcode\" id=\"audio-424773-10\" preload=\"none\" style=\"width: 100%;\" controls=\"controls\"><source type=\"audio\/mpeg\" src=\"https:\/\/www.radiopiu.net\/wordpress\/wp-content\/uploads\/2024\/12\/DON-GIORGIO-1.mp3?_=10\" \/><a href=\"https:\/\/www.radiopiu.net\/wordpress\/wp-content\/uploads\/2024\/12\/DON-GIORGIO-1.mp3\">https:\/\/www.radiopiu.net\/wordpress\/wp-content\/uploads\/2024\/12\/DON-GIORGIO-1.mp3<\/a><\/audio>\n<p>&nbsp;<\/p>\n<hr \/>\n<p>&nbsp;<\/p>\n<h2><span style=\"color: #008080;\">LA RASSEGNA STAMPA DELL&#8217;AMICO DEL POPOLO<\/span><\/h2>\n<p><strong><a class=\"dt-pswp-item\" href=\"https:\/\/www.radiopiu.net\/wordpress\/wp-content\/uploads\/2024\/01\/silvia-tormen.jpeg\" data-dt-img-description=\"\" data-large_image_width=\"834\" data-large_image_height=\"622\"><img loading=\"lazy\" decoding=\"async\" class=\" wp-image-370807 alignleft\" src=\"https:\/\/www.radiopiu.net\/wordpress\/wp-content\/uploads\/2024\/01\/silvia-tormen-300x224.jpeg\" alt=\"\" width=\"214\" height=\"160\" srcset=\"https:\/\/www.radiopiu.net\/wordpress\/wp-content\/uploads\/2024\/01\/silvia-tormen-300x224.jpeg 300w, https:\/\/www.radiopiu.net\/wordpress\/wp-content\/uploads\/2024\/01\/silvia-tormen-768x573.jpeg 768w, https:\/\/www.radiopiu.net\/wordpress\/wp-content\/uploads\/2024\/01\/silvia-tormen.jpeg 834w\" sizes=\"auto, (max-width: 214px) 100vw, 214px\" \/><\/a>DI GIANNI SANTOMASO<\/strong><\/p>\n<p>OSPITE: Silvia Tormen, Sindaco di taibon<\/p>\n<audio class=\"wp-audio-shortcode\" id=\"audio-424773-11\" preload=\"none\" style=\"width: 100%;\" controls=\"controls\"><source type=\"audio\/mpeg\" src=\"https:\/\/www.radiopiu.net\/wordpress\/wp-content\/uploads\/2024\/12\/RASSEGNA-GIANNI-1.mp3?_=11\" \/><a href=\"https:\/\/www.radiopiu.net\/wordpress\/wp-content\/uploads\/2024\/12\/RASSEGNA-GIANNI-1.mp3\">https:\/\/www.radiopiu.net\/wordpress\/wp-content\/uploads\/2024\/12\/RASSEGNA-GIANNI-1.mp3<\/a><\/audio>\n<p>&nbsp;<\/p>\n<p>&nbsp;<\/p>\n<hr \/>\n<p>&nbsp;<\/p>\n<h2><span style=\"color: #ff00ff;\">&#8220;NON FARE LO STRUZZO&#8221; UNA SERATA INFORMATIVA IL 19 DICEMBRE ALLA BIBLIOTECA DI AGORDO<\/span><\/h2>\n<p><strong><a class=\"dt-pswp-item\" href=\"https:\/\/www.radiopiu.net\/wordpress\/wp-content\/uploads\/2024\/11\/dd4cdc36-4650-447f-ae9b-9f98a0817bdf.jpg\" data-dt-img-description=\"\" data-large_image_width=\"1131\" data-large_image_height=\"1600\"><img loading=\"lazy\" decoding=\"async\" class=\" wp-image-422181 alignleft\" src=\"https:\/\/www.radiopiu.net\/wordpress\/wp-content\/uploads\/2024\/11\/dd4cdc36-4650-447f-ae9b-9f98a0817bdf-212x300.jpg\" alt=\"\" width=\"127\" height=\"180\" srcset=\"https:\/\/www.radiopiu.net\/wordpress\/wp-content\/uploads\/2024\/11\/dd4cdc36-4650-447f-ae9b-9f98a0817bdf-212x300.jpg 212w, https:\/\/www.radiopiu.net\/wordpress\/wp-content\/uploads\/2024\/11\/dd4cdc36-4650-447f-ae9b-9f98a0817bdf-724x1024.jpg 724w, https:\/\/www.radiopiu.net\/wordpress\/wp-content\/uploads\/2024\/11\/dd4cdc36-4650-447f-ae9b-9f98a0817bdf-768x1086.jpg 768w, https:\/\/www.radiopiu.net\/wordpress\/wp-content\/uploads\/2024\/11\/dd4cdc36-4650-447f-ae9b-9f98a0817bdf-1086x1536.jpg 1086w, https:\/\/www.radiopiu.net\/wordpress\/wp-content\/uploads\/2024\/11\/dd4cdc36-4650-447f-ae9b-9f98a0817bdf.jpg 1131w\" sizes=\"auto, (max-width: 127px) 100vw, 127px\" \/><\/a>DI MIRKO MEZZACASA<\/strong><\/p>\n<p>OSPITI: Giuliano Federa e Roberto Agnolet<\/p>\n<audio class=\"wp-audio-shortcode\" id=\"audio-424773-12\" preload=\"none\" style=\"width: 100%;\" controls=\"controls\"><source type=\"audio\/mpeg\" src=\"https:\/\/www.radiopiu.net\/wordpress\/wp-content\/uploads\/2024\/12\/giuliano-e-roberto-ok.mp3?_=12\" \/><a href=\"https:\/\/www.radiopiu.net\/wordpress\/wp-content\/uploads\/2024\/12\/giuliano-e-roberto-ok.mp3\">https:\/\/www.radiopiu.net\/wordpress\/wp-content\/uploads\/2024\/12\/giuliano-e-roberto-ok.mp3<\/a><\/audio>\n<p>&nbsp;<\/p>\n<hr \/>\n<p>&nbsp;<\/p>\n<h2><span style=\"color: #ff0000;\"><a class=\"dt-pswp-item\" href=\"https:\/\/www.radiopiu.net\/wordpress\/wp-content\/uploads\/2018\/09\/appuntamenti.jpeg\" data-dt-img-description=\"\" data-large_image_width=\"800\" data-large_image_height=\"100\"><img loading=\"lazy\" decoding=\"async\" class=\"wp-image-61958 size-full aligncenter\" src=\"https:\/\/www.radiopiu.net\/wordpress\/wp-content\/uploads\/2018\/09\/appuntamenti.jpeg\" alt=\"\" width=\"800\" height=\"100\" srcset=\"https:\/\/www.radiopiu.net\/wordpress\/wp-content\/uploads\/2018\/09\/appuntamenti.jpeg 800w, https:\/\/www.radiopiu.net\/wordpress\/wp-content\/uploads\/2018\/09\/appuntamenti-300x38.jpeg 300w, https:\/\/www.radiopiu.net\/wordpress\/wp-content\/uploads\/2018\/09\/appuntamenti-768x96.jpeg 768w\" sizes=\"auto, (max-width: 800px) 100vw, 800px\" \/><\/a><\/span><\/h2>\n<div dir=\"auto\"><strong>AL CINEMA DOLOMITI DI FALCADE LE GRANDI PELLICOLE DEL MOMENTO. SABATO E DOMENICA VERRA&#8217; PROIETTATO IL FILM &#8220;OPS \u00c8 GIA&#8217; NATALE&#8221;. SPETTACOLI ALLE 21, DOMENICA ANCHE ALLE 15:30<\/strong><\/div>\n<div class=\"xdj266r x11i5rnm xat24cr x1mh8g0r x1vvkbs x126k92a\">\n<div dir=\"auto\"><\/div>\n<\/div>\n<div>\n<div class=\"\" dir=\"auto\">\n<div id=\":r9h:\" class=\"x1iorvi4 x1pi30zi x1l90r2v x1swvt13\" data-ad-comet-preview=\"message\" data-ad-preview=\"message\">\n<div>\n<div class=\"\" dir=\"auto\">\n<div id=\":r9h:\" class=\"x1iorvi4 x1pi30zi x1l90r2v x1swvt13\" data-ad-comet-preview=\"message\" data-ad-preview=\"message\">\n<div class=\"xdj266r x11i5rnm xat24cr x1mh8g0r x1vvkbs x126k92a\">\n<div dir=\"auto\"><\/div>\n<\/div>\n<div>\n<div class=\"\" dir=\"auto\">\n<div id=\":r9h:\" class=\"x1iorvi4 x1pi30zi x1l90r2v x1swvt13\" data-ad-comet-preview=\"message\" data-ad-preview=\"message\">\n<div>\n<div class=\"\" dir=\"auto\">\n<div id=\":r9h:\" class=\"x1iorvi4 x1pi30zi x1l90r2v x1swvt13\" data-ad-comet-preview=\"message\" data-ad-preview=\"message\">\n\n\t\t\t<style type='text\/css'>\n\t\t\t\t#gallery-5 {\n\t\t\t\t\tmargin: auto;\n\t\t\t\t}\n\t\t\t\t#gallery-5 .gallery-item {\n\t\t\t\t\tfloat: left;\n\t\t\t\t\tmargin-top: 10px;\n\t\t\t\t\ttext-align: center;\n\t\t\t\t\twidth: 25%;\n\t\t\t\t}\n\t\t\t\t#gallery-5 img {\n\t\t\t\t\tborder: 2px solid #cfcfcf;\n\t\t\t\t}\n\t\t\t\t#gallery-5 .gallery-caption {\n\t\t\t\t\tmargin-left: 0;\n\t\t\t\t}\n\t\t\t\t\/* see gallery_shortcode() in wp-includes\/media.php *\/\n\t\t\t<\/style>\n\t\t<div id='gallery-5' class='dt-gallery-container gallery galleryid-424773 gallery-columns-4 gallery-size-thumbnail'><dl class='gallery-item'>\n\t\t\t\t<dt class='gallery-icon portrait'>\n\t\t\t\t\t<a class=\"rollover rollover-zoom dt-pswp-item\" title=\"manifesto serate invernali\" data-dt-img-description=\"\" data-large_image_width=\"1683\" data-large_image_height=\"2383\"href='https:\/\/www.radiopiu.net\/wordpress\/wp-content\/uploads\/2024\/11\/manifesto-serate-invernali.jpg'><img loading=\"lazy\" decoding=\"async\" width=\"150\" height=\"150\" src=\"https:\/\/www.radiopiu.net\/wordpress\/wp-content\/uploads\/2024\/11\/manifesto-serate-invernali-150x150.jpg\" class=\"attachment-thumbnail size-thumbnail\" alt=\"\" aria-describedby=\"gallery-5-418816\" \/><\/a>\n\t\t\t\t<\/dt>\n\t\t\t\t\t<dd class='wp-caption-text gallery-caption' id='gallery-5-418816'>\n\t\t\t\t\t21 FEBBRAIO\n\t\t\t\t\t<\/dd><\/dl><dl class='gallery-item'>\n\t\t\t\t<dt class='gallery-icon portrait'>\n\t\t\t\t\t<a class=\"rollover rollover-zoom dt-pswp-item\" title=\"locandina Insieme e\u0300 piu\u0300 bello\" data-dt-img-description=\"\" data-large_image_width=\"1131\" data-large_image_height=\"1600\"href='https:\/\/www.radiopiu.net\/wordpress\/wp-content\/uploads\/2024\/11\/locandina-Insieme-e-piu-bello.jpg'><img loading=\"lazy\" decoding=\"async\" width=\"150\" height=\"150\" src=\"https:\/\/www.radiopiu.net\/wordpress\/wp-content\/uploads\/2024\/11\/locandina-Insieme-e-piu-bello-150x150.jpg\" class=\"attachment-thumbnail size-thumbnail\" alt=\"\" aria-describedby=\"gallery-5-421314\" \/><\/a>\n\t\t\t\t<\/dt>\n\t\t\t\t\t<dd class='wp-caption-text gallery-caption' id='gallery-5-421314'>\n\t\t\t\t\tINSIEME A SAN GREGORIO\n\t\t\t\t\t<\/dd><\/dl><dl class='gallery-item'>\n\t\t\t\t<dt class='gallery-icon landscape'>\n\t\t\t\t\t<a class=\"rollover rollover-zoom dt-pswp-item\" title=\"tornao angeli 2024\" data-dt-img-description=\"\" data-large_image_width=\"941\" data-large_image_height=\"551\"href='https:\/\/www.radiopiu.net\/wordpress\/wp-content\/uploads\/2024\/12\/tornao-angeli-2024.jpg'><img loading=\"lazy\" decoding=\"async\" width=\"150\" height=\"150\" src=\"https:\/\/www.radiopiu.net\/wordpress\/wp-content\/uploads\/2024\/12\/tornao-angeli-2024-150x150.jpg\" class=\"attachment-thumbnail size-thumbnail\" alt=\"\" aria-describedby=\"gallery-5-422943\" \/><\/a>\n\t\t\t\t<\/dt>\n\t\t\t\t\t<dd class='wp-caption-text gallery-caption' id='gallery-5-422943'>\n\t\t\t\t\tIL TORNEO DEGLI ANGELI\n\t\t\t\t\t<\/dd><\/dl><dl class='gallery-item'>\n\t\t\t\t<dt class='gallery-icon portrait'>\n\t\t\t\t\t<a class=\"rollover rollover-zoom dt-pswp-item\" title=\"0073db61-77c4-47e3-8986-5b9d5f40fa8a\" data-dt-img-description=\"\" data-large_image_width=\"1448\" data-large_image_height=\"2048\"href='https:\/\/www.radiopiu.net\/wordpress\/wp-content\/uploads\/2024\/12\/0073db61-77c4-47e3-8986-5b9d5f40fa8a.jpg'><img loading=\"lazy\" decoding=\"async\" width=\"150\" height=\"150\" src=\"https:\/\/www.radiopiu.net\/wordpress\/wp-content\/uploads\/2024\/12\/0073db61-77c4-47e3-8986-5b9d5f40fa8a-150x150.jpg\" class=\"attachment-thumbnail size-thumbnail\" alt=\"\" aria-describedby=\"gallery-5-422994\" \/><\/a>\n\t\t\t\t<\/dt>\n\t\t\t\t\t<dd class='wp-caption-text gallery-caption' id='gallery-5-422994'>\n\t\t\t\t\tNATALE A LA VALLE\n\t\t\t\t\t<\/dd><\/dl><br style=\"clear: both\" \/><dl class='gallery-item'>\n\t\t\t\t<dt class='gallery-icon portrait'>\n\t\t\t\t\t<a class=\"rollover rollover-zoom dt-pswp-item\" title=\"cc14bd66-7d3b-4192-aabf-82af02057496\" data-dt-img-description=\"\" data-large_image_width=\"1448\" data-large_image_height=\"2048\"href='https:\/\/www.radiopiu.net\/wordpress\/wp-content\/uploads\/2024\/12\/cc14bd66-7d3b-4192-aabf-82af02057496.jpg'><img loading=\"lazy\" decoding=\"async\" width=\"150\" height=\"150\" src=\"https:\/\/www.radiopiu.net\/wordpress\/wp-content\/uploads\/2024\/12\/cc14bd66-7d3b-4192-aabf-82af02057496-150x150.jpg\" class=\"attachment-thumbnail size-thumbnail\" alt=\"\" aria-describedby=\"gallery-5-422993\" \/><\/a>\n\t\t\t\t<\/dt>\n\t\t\t\t\t<dd class='wp-caption-text gallery-caption' id='gallery-5-422993'>\n\t\t\t\t\tNATALE A LA VALLE\n\t\t\t\t\t<\/dd><\/dl><dl class='gallery-item'>\n\t\t\t\t<dt class='gallery-icon landscape'>\n\t\t\t\t\t<a class=\"rollover rollover-zoom dt-pswp-item\" title=\"2e0045b9-30d0-4ed0-9e34-cff896fe6450\" data-dt-img-description=\"\" data-large_image_width=\"1280\" data-large_image_height=\"1280\"href='https:\/\/www.radiopiu.net\/wordpress\/wp-content\/uploads\/2024\/12\/2e0045b9-30d0-4ed0-9e34-cff896fe6450.jpg'><img loading=\"lazy\" decoding=\"async\" width=\"150\" height=\"150\" src=\"https:\/\/www.radiopiu.net\/wordpress\/wp-content\/uploads\/2024\/12\/2e0045b9-30d0-4ed0-9e34-cff896fe6450-150x150.jpg\" class=\"attachment-thumbnail size-thumbnail\" alt=\"\" aria-describedby=\"gallery-5-424006\" srcset=\"https:\/\/www.radiopiu.net\/wordpress\/wp-content\/uploads\/2024\/12\/2e0045b9-30d0-4ed0-9e34-cff896fe6450-150x150.jpg 150w, https:\/\/www.radiopiu.net\/wordpress\/wp-content\/uploads\/2024\/12\/2e0045b9-30d0-4ed0-9e34-cff896fe6450-300x300.jpg 300w, https:\/\/www.radiopiu.net\/wordpress\/wp-content\/uploads\/2024\/12\/2e0045b9-30d0-4ed0-9e34-cff896fe6450-1024x1024.jpg 1024w, https:\/\/www.radiopiu.net\/wordpress\/wp-content\/uploads\/2024\/12\/2e0045b9-30d0-4ed0-9e34-cff896fe6450-768x768.jpg 768w, https:\/\/www.radiopiu.net\/wordpress\/wp-content\/uploads\/2024\/12\/2e0045b9-30d0-4ed0-9e34-cff896fe6450.jpg 1280w\" sizes=\"auto, (max-width: 150px) 100vw, 150px\" \/><\/a>\n\t\t\t\t<\/dt>\n\t\t\t\t\t<dd class='wp-caption-text gallery-caption' id='gallery-5-424006'>\n\t\t\t\t\tCAPODANNO IN BIRRERIA\n\t\t\t\t\t<\/dd><\/dl><dl class='gallery-item'>\n\t\t\t\t<dt class='gallery-icon portrait'>\n\t\t\t\t\t<a class=\"rollover rollover-zoom dt-pswp-item\" title=\"21 dicembre\" data-dt-img-description=\"\" data-large_image_width=\"841\" data-large_image_height=\"1190\"href='https:\/\/www.radiopiu.net\/wordpress\/wp-content\/uploads\/2024\/12\/21-dicembre.jpg'><img loading=\"lazy\" decoding=\"async\" width=\"150\" height=\"150\" src=\"https:\/\/www.radiopiu.net\/wordpress\/wp-content\/uploads\/2024\/12\/21-dicembre-150x150.jpg\" class=\"attachment-thumbnail size-thumbnail\" alt=\"\" \/><\/a>\n\t\t\t\t<\/dt><\/dl>\n\t\t\t\t<br style='clear: both' \/>\n\t\t\t<\/div>\n\n<\/div>\n<\/div>\n<\/div>\n<p>&nbsp;<\/p>\n<\/div>\n<\/div>\n<\/div>\n<\/div>\n<\/div>\n<\/div>\n<\/div>\n<\/div>\n<\/div>\n<p>&nbsp;<\/p>\n<div>\n<div class=\"\" dir=\"auto\">\n<div id=\":r9h:\" class=\"x1iorvi4 x1pi30zi x1l90r2v x1swvt13\" data-ad-comet-preview=\"message\" data-ad-preview=\"message\"><\/div>\n<\/div>\n<\/div>\n<p>&nbsp;<\/p>\n<hr \/>\n<p>&nbsp;<\/p>\n<p class=\"mceTemp\"><a class=\"dt-pswp-item\" href=\"https:\/\/www.radiopiu.net\/wordpress\/wp-content\/uploads\/2018\/09\/WhatsApp-Image-2018-09-20-at-16.04.06.jpeg\" data-dt-img-description=\"\" data-large_image_width=\"800\" data-large_image_height=\"100\"><img loading=\"lazy\" decoding=\"async\" class=\"wp-image-61378 size-full aligncenter\" src=\"https:\/\/www.radiopiu.net\/wordpress\/wp-content\/uploads\/2018\/09\/WhatsApp-Image-2018-09-20-at-16.04.06.jpeg\" alt=\"\" width=\"800\" height=\"100\" srcset=\"https:\/\/www.radiopiu.net\/wordpress\/wp-content\/uploads\/2018\/09\/WhatsApp-Image-2018-09-20-at-16.04.06.jpeg 800w, https:\/\/www.radiopiu.net\/wordpress\/wp-content\/uploads\/2018\/09\/WhatsApp-Image-2018-09-20-at-16.04.06-300x38.jpeg 300w, https:\/\/www.radiopiu.net\/wordpress\/wp-content\/uploads\/2018\/09\/WhatsApp-Image-2018-09-20-at-16.04.06-768x96.jpeg 768w\" sizes=\"auto, (max-width: 800px) 100vw, 800px\" \/><\/a><\/p>\n<p><center><\/center><center><\/center><center><b>\u00a0<\/b><\/center><strong>OGGI<\/strong> Al mattino parzialmente soleggiato per temporanei annuvolamenti legati alla presenza nubi alte in grado di velare il cielo. In seguito del tutto soleggiato con cielo sereno. La Valbelluna potr\u00e0 essere un eccezione per la presenza di nubi basse, il cui dissolvimento potrebbe non avvenire.<br \/>\n<strong>Precipitazioni.<\/strong> Assenti<br \/>\n<strong>Temperature.<\/strong> In quota in generale rialzo; nelle valli minime stazionarie o in calo nelle valli non pi\u00f9 interessate dal Foehn, massime in aumento in tutti i settori assolati. Inversione termica nelle valli in ombra.<\/p>\n<hr \/>\n<p><strong>DOMANI<\/strong> Da soleggiato a parzialmente soleggiato per il transito di sottili nubi alte in grado di velare a tratti il cielo, ma senza togliere l&#8217;impressione di tempo buono.<br \/>\n<strong>Precipitazioni.<\/strong> Assenti<br \/>\n<strong>Temperature.<\/strong>\u00a0In ulteriore generale lieve rialzo, salvo stazionariet\u00e0 delle minime nei fondovalle. L&#8217;inversione termica si accentuer\u00e0 nei settori vallivi, specie quelli in ombra.<\/p>\n<hr \/>\n<p><strong>MERCOLEDI<\/strong> Da soleggiato a parzialmente soleggiato per transito di nubi medio-alte, pi\u00f9 presenti al mattino. Temperature in generale leggera diminuzione, con minime osservate alla sera in alta quota.<\/p>\n<hr \/>\n<p><strong>GIOVEDI<\/strong>\u00a0Sole e velature del cielo al mattino, poi nubi in aumento fino a cielo coperto nel tardo pomeriggio\/sera, quando si verificheranno le prime deboli precipitazioni, nevose a 1000-1300 m. Temperature in diminuzione, con minime osservate alla sera in alta quota.<\/p>\n<p>&nbsp;<\/p>\n<hr \/>\n<p>&nbsp;<\/p>\n<p>&nbsp;<\/p>\n<p class=\"mceTemp\"><a class=\"dt-pswp-item\" href=\"https:\/\/www.radiopiu.net\/wordpress\/wp-content\/uploads\/2018\/09\/sport.jpg\" data-dt-img-description=\"\" data-large_image_width=\"800\" data-large_image_height=\"100\"><img loading=\"lazy\" decoding=\"async\" class=\"aligncenter wp-image-60761 size-full\" src=\"https:\/\/www.radiopiu.net\/wordpress\/wp-content\/uploads\/2018\/09\/sport.jpg\" alt=\"\" width=\"800\" height=\"100\" srcset=\"https:\/\/www.radiopiu.net\/wordpress\/wp-content\/uploads\/2018\/09\/sport.jpg 800w, https:\/\/www.radiopiu.net\/wordpress\/wp-content\/uploads\/2018\/09\/sport-300x38.jpg 300w, https:\/\/www.radiopiu.net\/wordpress\/wp-content\/uploads\/2018\/09\/sport-768x96.jpg 768w\" sizes=\"auto, (max-width: 800px) 100vw, 800px\" \/><\/a><span style=\"color: #0000ff;\"><strong>\u00a0 \u00a0 \u00a0 \u00a0 \u00a0<\/strong><\/span><\/p>\n<p><span style=\"color: #0000ff;\"><strong>HOCKEY SU GHIACCIO<\/strong><\/span>L\u2019ALLEGHE CALA IL POKER CON IL COMO. IL FELTRE PERDE ALL\u2019OVERTIME CON IL VARESE<\/p>\n<p><strong><a class=\"dt-pswp-item\" href=\"https:\/\/www.radiopiu.net\/wordpress\/wp-content\/uploads\/2023\/01\/hockey.jpg\" data-dt-img-description=\"\" data-large_image_width=\"1920\" data-large_image_height=\"1280\"><img loading=\"lazy\" decoding=\"async\" class=\" wp-image-315616 alignleft\" src=\"https:\/\/www.radiopiu.net\/wordpress\/wp-content\/uploads\/2023\/01\/hockey-300x200.jpg\" alt=\"\" width=\"245\" height=\"163\" srcset=\"https:\/\/www.radiopiu.net\/wordpress\/wp-content\/uploads\/2023\/01\/hockey-300x200.jpg 300w, https:\/\/www.radiopiu.net\/wordpress\/wp-content\/uploads\/2023\/01\/hockey-1024x683.jpg 1024w, https:\/\/www.radiopiu.net\/wordpress\/wp-content\/uploads\/2023\/01\/hockey-768x512.jpg 768w, https:\/\/www.radiopiu.net\/wordpress\/wp-content\/uploads\/2023\/01\/hockey-1536x1024.jpg 1536w, https:\/\/www.radiopiu.net\/wordpress\/wp-content\/uploads\/2023\/01\/hockey.jpg 1920w\" sizes=\"auto, (max-width: 245px) 100vw, 245px\" \/><\/a>DI MARCO GAZ<\/strong><\/p>\n<p><span style=\"color: #ff0000;\"><strong>IHL \u2013 22\u00b0 GIORNATA<\/strong><\/span><\/p>\n<p><strong>ALLEGHE \u2013 COMO 4-2<\/strong><\/p>\n<p>PARZIALI: 0-0, 1-0, 3-2<\/p>\n<p>GOL: st. 7\u201912\u201d Makela. tt. 7\u201907\u201d De Val, 7\u201942\u201d Terzago, 8\u201910\u201d Soppelsa, 13\u201932\u201d Subotic, 18\u201938\u201d Iori<\/p>\n<p>L\u2019Alleghe incamera tre punti immportanti per la qualificazione al master round e lo fa contro il Como dopo una partita che ha visto le civette dominare il campo in lungo e in largo. I lombardi si sono difesi egregiamente trovando il gol nel momento migliore della squadra alleghese. Le civette, orfane di capitan Ganz ai box per infortunio, giocano bene e fanno vedere un buon hockey. Una bella prestazione per i biancorossi che gioved\u00ec sera saranno di nuovo al de Toni di Alleghe per l\u2019attesissimo derby bellunese con il Feltre. Primi minuti di gara equilibrati con le squadre che stentano a scoprirsi. La prima vera occasione della partita \u00e8 dell\u2019Alleghe con Makela che sfiora il gol. Poco dopo anche Manfroi spreca una ghiotta occasione. Il Como prova a rispondere ma senza i risultati sperati. Le civette ci provano al primo powerplay ma il disco non vuole entrare. \u00a0Ad inizio secondo tempo ci prova anche Iori ma la porta comasca sembra stregata. \u00c8 un assalto degli agordini che non riescono a sbloccare la gara. Aleksandrov prova una conclusione dalla distanza ma scheggia la traversa. Dopo una serie di tiri andati a vuoto, il match si sblocca in favore dei padroni di casa. Tiro di Da Tos, ribattuta del portiere e lesto Makela trova il gol da distanza ravvicinata. Nel terzo drittel le civette le provano tutte pur di chiudere la sfida. Gli agordini prendono di mira la porta lombarda ma la mira non \u00e8 delle migliori. Il secondo gol dell\u2019Alleghe arriva da De Val che finalizza in rete un assist di Martini. Neanche il tempo di festeggiare che il Como accorcia le distanze. Rispondono subito le Civette che trovano il terzo gol della serata in powerplay con Soppelsa. I comaschi non demordono e in doppia superiorit\u00e0 numerica trovano il secondo gol della serata. A chiudere la sfida ci pensa \u201cEl Diablo\u201d Iori con un tiro imprendibile.<\/p>\n<p><strong>FELTRE \u2013 VARESE 6-7 dot<\/strong><\/p>\n<p>PARZIALI: 2-2, 2-3, 2-1, 0-1<\/p>\n<p>GOL: pt. 7\u201950\u201d Ghiglione, 9\u201942\u201d Fornasetti, 15\u201912\u201d Foltin, 16\u201905\u201d Kadlec. st. 10\u201941\u201d Lytvynov, 15\u201929\u201d Korkiakoski, 16\u201911\u201d e 18\u201932\u201d Borghi, 19\u201923\u201d Franchini. Tt. 1011\u201d Franchini, 16\u201911\u201d Voulfson, 19\u201934\u201d Korkiakoski. ot. 1\u201930\u201d Borghi<\/p>\n<p>Dopo cinque vittorie consecutive, il Feltre cade in casa con il Varese nella partita che valeva la terza posizione in classifica. I picchi hanno giocato bene per oltre met\u00e0 partita per poi crollare nell\u2019ultima mezz\u2019ora quando i mastini hanno ingranato la marcia giusta. Feltrini che pareggiano i conti ma il Varese si aggiudica il punto aggiuntivo all\u2019overtime. Iniziano bene i padroni di casa che mettono sotto pressione la difesa avversaria. Nel momento migliore del Feltre, il Varese si porta in vantaggio e subito dopo raddoppia. La reazione dei picchi non stenta ad arrivare e dopo una serie di tiri andati a vuoto Foltin accorcia le distanze. Subito dopo ci pensa Kadlec a pareggiare i conti. Feltrini che continuano a spingere anche nel secondo drittel e al giro di boa della partita trovano il gol del vantaggio. Korkiakoski ala il poker per i picchi ma nel finale di tempo il Varese prende la sfida in mano e nel giro di pochi minuti ribalta il risultato con tre gol in rapida successione. Il Feltre accusa un po&#8217; il colpo ma prova a rispondere nell\u2019ultima frazione. Ma ancora una volta sono i lombradi ad avere la meglio con Franchini. Nel finale di gara il Feltre riapre la partita con Voulfson e subito dopo pareggia i conti con Korkiakoski.<\/p>\n<p>&nbsp;<\/p>\n<p><span style=\"color: #0000ff;\"><strong>CALCIO<\/strong><\/span><\/p>\n<blockquote>\n<h3>RECUPERI CALCIO: L&#8217;AGORDINA VINCE CON LA BELLUNESE. MALE LA JUNIORES<\/h3>\n<\/blockquote>\n<p><strong><a class=\"dt-pswp-item\" href=\"https:\/\/www.radiopiu.net\/wordpress\/wp-content\/uploads\/2024\/12\/CALCIO-2025.jpg\" data-dt-img-description=\"\" data-large_image_width=\"1280\" data-large_image_height=\"853\"><img loading=\"lazy\" decoding=\"async\" class=\" wp-image-422411 alignleft\" src=\"https:\/\/www.radiopiu.net\/wordpress\/wp-content\/uploads\/2024\/12\/CALCIO-2025-300x200.jpg\" alt=\"\" width=\"174\" height=\"116\" srcset=\"https:\/\/www.radiopiu.net\/wordpress\/wp-content\/uploads\/2024\/12\/CALCIO-2025-300x200.jpg 300w, https:\/\/www.radiopiu.net\/wordpress\/wp-content\/uploads\/2024\/12\/CALCIO-2025-1024x682.jpg 1024w, https:\/\/www.radiopiu.net\/wordpress\/wp-content\/uploads\/2024\/12\/CALCIO-2025-768x512.jpg 768w, https:\/\/www.radiopiu.net\/wordpress\/wp-content\/uploads\/2024\/12\/CALCIO-2025.jpg 1280w\" sizes=\"auto, (max-width: 174px) 100vw, 174px\" \/><\/a>DI MARCO GAZ<\/strong><\/p>\n<p><span style=\"color: #ff0000;\"><strong>TERZA CATEGORIA<\/strong><\/span><\/p>\n<p><strong>BELLUNESE \u2013 AGORDINA 1-2<\/strong><\/p>\n<p><strong>GOL AGORDINA: Chiea, Dal Don<\/strong><\/p>\n<p>Termina con una vittoria il 2024 dell\u2019Agordina che a Limana supera di misura la Bellunese dopo una partita gestita bene per 80\u2019. La squadra di Davare incamera altri 3 punti importanti ed ora potr\u00e0 rispettare il riposo invernale in tranquillit\u00e0. Prima frazione di gara con una sola squadra in campo. I ragazzi di Agordo si avvicinano al gol in pi\u00f9 occasioni e colpiscono anche un palo. Si va al riposo con gli agordini in vantaggio grazie al gol di Chiea. Nella ripresa l\u2019Agordina continua a gestire il gioco e mette al sicuro il risultato con Dal Don. Nel finale la Bellunese si sveglia, accorcia le distanze e schiaccia in difesa gli agordini nei minuti di recupero.<\/p>\n<p><strong>LA CLASSIFICA:<\/strong> Auronzo 31, Fortogna 29, Alpes Cesio 27, Fulgor Farra 23, Tambre, Lamonese ed Agordina 21, Dynamo Vellai 20, Piave 19, Valzoldana 16, Cortina 12, Cadore 6, Bellunese 5, Valboite 1<\/p>\n<p><span style=\"color: #ff0000;\"><strong>JUNIORES<\/strong><\/span><\/p>\n<p><strong>DYNAMO VELLAI \u2013 AGORDINA 7-2<\/strong><\/p>\n<p>Una gara dominata dalla Dynamo Vellai, che ha imposto il proprio ritmo sin dal primo minuto, lasciando poco spazio di manovra all&#8217;Agordina. La squadra di Agordo ha faticato a tenere testa ad un avversario superiore in tutti i reparti. Le due reti per l\u2019Agordina portano le firme di Soccol e Marcon, che hanno cercato di rendere meno amaro il risultato. Ora la pausa invernale, i ragazzi di De Zaiacomo torneranno in campo a febbraio.<\/p>\n<p>&nbsp;<\/p>\n<p><span style=\"color: #0000ff;\"><strong>CALCIO A 5<\/strong><\/span><\/p>\n<blockquote>\n<h3>IL TORNEO DEGLI ANGELI 2024 HA LE SUE QUATTRO SEMIFINALISTE<\/h3>\n<\/blockquote>\n<p><a class=\"dt-pswp-item\" href=\"https:\/\/www.radiopiu.net\/wordpress\/wp-content\/uploads\/2024\/12\/tornao-angeli-2024.jpg\" data-dt-img-description=\"IL TORNEO DEGLI ANGELI\" data-large_image_width=\"941\" data-large_image_height=\"551\"><img loading=\"lazy\" decoding=\"async\" class=\"alignleft wp-image-422943 \" src=\"https:\/\/www.radiopiu.net\/wordpress\/wp-content\/uploads\/2024\/12\/tornao-angeli-2024-300x176.jpg\" alt=\"\" width=\"215\" height=\"126\" srcset=\"https:\/\/www.radiopiu.net\/wordpress\/wp-content\/uploads\/2024\/12\/tornao-angeli-2024-300x176.jpg 300w, https:\/\/www.radiopiu.net\/wordpress\/wp-content\/uploads\/2024\/12\/tornao-angeli-2024-768x450.jpg 768w, https:\/\/www.radiopiu.net\/wordpress\/wp-content\/uploads\/2024\/12\/tornao-angeli-2024.jpg 941w\" sizes=\"auto, (max-width: 215px) 100vw, 215px\" \/><\/a><strong>DI MARCO GAZ<\/strong><\/p>\n<p><strong>AGORDO<\/strong> Si \u00e8 conclusa la fase a gironi della 17esima edizione del Torneo Degli Angeli, la manifestazione di calcio a 5 che si svolge al PalaRova di Agordo organizzata dall&#8217;U.S. Le Ville in memoria di Thierry Brancaleone e Denis Benvegn\u00f9. Dopo le partite giocate nelle ultime due domeniche, delle 8 squadre partecipanti sono uscite le 4 che domenica prossima giocheranno le semifinali del torneo. Alle 14:30 si giocher\u00e0 la sfida tra Kosova e Zuita Futsal Team, mentre alle 16 sar\u00e0 il turno di Le Ville contro Boy Squared. Le vincenti si scontreranno alle 18 nella finalissima che decreter\u00e0 la vincente della 17esima edizione del Torneo Degli Angeli. Appuntamento per domenica 22 dicembre per la giornata conclusiva della manifestazione che avr\u00e0 il suo culmine al termine della finale con le premiazioni e il rinfresco offerto dall&#8217;U.S. Le Ville, un modo per scambiarsi gli auguri di buon Natale in compagnia.<\/p>\n<p>&nbsp;<\/p>\n<p><span style=\"color: #0000ff;\"><strong>SNOWBOARD<\/strong><\/span><\/p>\n<blockquote>\n<h3 class=\"entry-title\">SI CHIUDE CON UN NONO POSTO LA GARA DI CORTINA PER LUCIA DALMASSO<\/h3>\n<\/blockquote>\n<p><strong class=\"photoswipe-wrapper\"><a class=\"dt-pswp-item pspw-wrap-ready\" href=\"https:\/\/www.radiopiu.net\/wordpress\/wp-content\/uploads\/2024\/12\/469711570_17889176151117730_1752364722465915572_n.jpg\" data-dt-img-description=\"\" data-large_image_width=\"720\" data-large_image_height=\"480\"><img loading=\"lazy\" decoding=\"async\" class=\" wp-image-424906 alignleft\" src=\"https:\/\/www.radiopiu.net\/wordpress\/wp-content\/uploads\/2024\/12\/469711570_17889176151117730_1752364722465915572_n-300x200.jpg\" sizes=\"auto, (max-width: 188px) 100vw, 188px\" srcset=\"https:\/\/www.radiopiu.net\/wordpress\/wp-content\/uploads\/2024\/12\/469711570_17889176151117730_1752364722465915572_n-300x200.jpg 300w, https:\/\/www.radiopiu.net\/wordpress\/wp-content\/uploads\/2024\/12\/469711570_17889176151117730_1752364722465915572_n.jpg 720w\" alt=\"\" width=\"188\" height=\"125\" \/><\/a><\/strong><\/p>\n<p><strong>\u00a0<\/strong><\/p>\n<p><strong>REDAZIONE<\/strong>\u00a0Buon risultato per Lucia Dalmasso nello slalom gigante parallelo. Dopo il terzo posto nella qualifica, l\u2019atleta di Falcade si \u00e8 dovuta accontentare della nona posizione nella finalissima. Ora sette giorni di riposo per la Dalmasso che torner\u00e0 in pista sabato prossimo quando a Davos in Svizzera si disputer\u00e0 lo slalom parallelo.<\/p>\n<p>&nbsp;<\/p>\n<p>&nbsp;<\/p>\n<p><span style=\"color: #0000ff;\"><strong>PALLAVOLO\u00a0<\/strong><\/span><\/p>\n<blockquote><p><strong><a class=\"dt-pswp-item\" href=\"https:\/\/www.radiopiu.net\/wordpress\/wp-content\/uploads\/2024\/12\/Urlo_di_Saibene.jpg\" data-dt-img-description=\"\" data-large_image_width=\"1280\" data-large_image_height=\"855\"><img loading=\"lazy\" decoding=\"async\" class=\" wp-image-425087 alignleft\" src=\"https:\/\/www.radiopiu.net\/wordpress\/wp-content\/uploads\/2024\/12\/Urlo_di_Saibene-300x200.jpg\" alt=\"\" width=\"219\" height=\"146\" srcset=\"https:\/\/www.radiopiu.net\/wordpress\/wp-content\/uploads\/2024\/12\/Urlo_di_Saibene-300x200.jpg 300w, https:\/\/www.radiopiu.net\/wordpress\/wp-content\/uploads\/2024\/12\/Urlo_di_Saibene-1024x684.jpg 1024w, https:\/\/www.radiopiu.net\/wordpress\/wp-content\/uploads\/2024\/12\/Urlo_di_Saibene-768x513.jpg 768w, https:\/\/www.radiopiu.net\/wordpress\/wp-content\/uploads\/2024\/12\/Urlo_di_Saibene.jpg 1280w\" sizes=\"auto, (max-width: 219px) 100vw, 219px\" \/><\/a>Belluno Volley, quarto trionfo consecutivo: ora \u00e8 seconda in classifica<\/strong><\/p><\/blockquote>\n<p>Il Belluno Volley chiude il girone d\u2019andata con una convincente vittoria per 3-0 contro il Monge Gerbaudo Savigliano (26-24, 25-22, 25-18). Grazie a questo successo, unito alla sconfitta di Mantova, i rinoceronti conquistano il secondo posto in classifica con 19 punti, dietro alla capolista San Don\u00e0. Determinanti le prestazioni di Mian (19 punti) e Loglisci, protagonista nei momenti chiave. Coach Marzola celebra la quarta vittoria di fila ma avverte: \u00abDomenica ci attende una sfida difficile contro la capolista\u00bb.<\/p>\n<p>&nbsp;<\/p>\n<hr \/>\n<p>&nbsp;<\/p>\n<p>&nbsp;<\/p>\n<blockquote>\n<h3>LA SB VOLLEY SUPERA IL VINCENZA IN 4 SET<\/h3>\n<\/blockquote>\n<p><b><a class=\"dt-pswp-item\" href=\"https:\/\/www.radiopiu.net\/wordpress\/wp-content\/uploads\/2024\/12\/La_SB_Volley_esulta_anche_a_Sedico.jpg\" data-dt-img-description=\"\" data-large_image_width=\"1440\" data-large_image_height=\"1015\"><img loading=\"lazy\" decoding=\"async\" class=\" wp-image-424934 alignleft\" src=\"https:\/\/www.radiopiu.net\/wordpress\/wp-content\/uploads\/2024\/12\/La_SB_Volley_esulta_anche_a_Sedico-300x211.jpg\" alt=\"\" width=\"198\" height=\"139\" srcset=\"https:\/\/www.radiopiu.net\/wordpress\/wp-content\/uploads\/2024\/12\/La_SB_Volley_esulta_anche_a_Sedico-300x211.jpg 300w, https:\/\/www.radiopiu.net\/wordpress\/wp-content\/uploads\/2024\/12\/La_SB_Volley_esulta_anche_a_Sedico-1024x722.jpg 1024w, https:\/\/www.radiopiu.net\/wordpress\/wp-content\/uploads\/2024\/12\/La_SB_Volley_esulta_anche_a_Sedico-768x541.jpg 768w, https:\/\/www.radiopiu.net\/wordpress\/wp-content\/uploads\/2024\/12\/La_SB_Volley_esulta_anche_a_Sedico.jpg 1440w\" sizes=\"auto, (max-width: 198px) 100vw, 198px\" \/><\/a>SB VOLLEY-NEW VOLLEY VICENZA EST 3-1 (<\/b><strong>16-25, 25-18, 25-8, 25-17)<\/strong><\/p>\n<p>La SB Volley conquista la quarta vittoria consecutiva, totalizzando 12 punti nelle ultime quattro gare e raggiungendo il secondo posto in classifica, superando Santa Croce. Nonostante un inizio difficile contro il New Volley Vicenza Est, il team di Sedico-Belluno ritrova ritmo e fiducia, ribaltando la partita dopo un primo set complicato. Decisivi il break del secondo set, guidato da Fiabane e Nausicaa Maschio, e un terzo parziale dominato (18-1). Nel quarto set, un\u2019azione spettacolare di Degortes e i colpi vincenti di Barp e Fiabane consolidano il successo. La capitana Carlotta De Barba sottolinea la forza mentale e la passione del gruppo, invitando a mantenere la concentrazione per il futuro.<\/p>\n<p>&nbsp;<\/p>\n","protected":false},"excerpt":{"rendered":"<p>******** &nbsp; LA\u00a0 APP PER IOS-IPHONE di Nicola Vettorello https:\/\/apps.apple.com\/it\/app\/radio-pi%C3%B9-emittente-agordina\/id1515939845 LA\u00a0 APP RADIO\u00a0 PER ANDROID di Nicola Vettorello https:\/\/play.google.com\/store\/apps\/details?id=net.radiopiu.iniko\u00a0\u00a0\u00a0 &nbsp; IL PENSIERO E&#8217; SEMPRE PER CHRISTIAN Christian Selle sta lentamente tornando tra di noi. Il suo \u00e8 un percorso lungo e delicato, ma tutti noi crediamo fermamente che alla fine potremo riabbracciare il nostro ragazzo.&hellip;<\/p>\n","protected":false},"author":4,"featured_media":424927,"comment_status":"closed","ping_status":"closed","sticky":false,"template":"","format":"standard","meta":{"_monsterinsights_skip_tracking":false,"_monsterinsights_sitenote_active":false,"_monsterinsights_sitenote_note":"","_monsterinsights_sitenote_category":0,"footnotes":""},"categories":[51,86,49],"tags":[],"class_list":["post-424773","post","type-post","status-publish","format-standard","has-post-thumbnail","hentry","category-evidenza-top","category-gr","category-news-18","category-51","category-86","category-49","description-off"],"img_url":"https:\/\/www.radiopiu.net\/wordpress\/wp-content\/uploads\/2024\/12\/5c510b5f-fcca-47bd-839b-0a74a1e9a140.jpg","_links":{"self":[{"href":"https:\/\/www.radiopiu.net\/wordpress\/wp-json\/wp\/v2\/posts\/424773","targetHints":{"allow":["GET"]}}],"collection":[{"href":"https:\/\/www.radiopiu.net\/wordpress\/wp-json\/wp\/v2\/posts"}],"about":[{"href":"https:\/\/www.radiopiu.net\/wordpress\/wp-json\/wp\/v2\/types\/post"}],"author":[{"embeddable":true,"href":"https:\/\/www.radiopiu.net\/wordpress\/wp-json\/wp\/v2\/users\/4"}],"replies":[{"embeddable":true,"href":"https:\/\/www.radiopiu.net\/wordpress\/wp-json\/wp\/v2\/comments?post=424773"}],"version-history":[{"count":40,"href":"https:\/\/www.radiopiu.net\/wordpress\/wp-json\/wp\/v2\/posts\/424773\/revisions"}],"predecessor-version":[{"id":425118,"href":"https:\/\/www.radiopiu.net\/wordpress\/wp-json\/wp\/v2\/posts\/424773\/revisions\/425118"}],"wp:featuredmedia":[{"embeddable":true,"href":"https:\/\/www.radiopiu.net\/wordpress\/wp-json\/wp\/v2\/media\/424927"}],"wp:attachment":[{"href":"https:\/\/www.radiopiu.net\/wordpress\/wp-json\/wp\/v2\/media?parent=424773"}],"wp:term":[{"taxonomy":"category","embeddable":true,"href":"https:\/\/www.radiopiu.net\/wordpress\/wp-json\/wp\/v2\/categories?post=424773"},{"taxonomy":"post_tag","embeddable":true,"href":"https:\/\/www.radiopiu.net\/wordpress\/wp-json\/wp\/v2\/tags?post=424773"}],"curies":[{"name":"wp","href":"https:\/\/api.w.org\/{rel}","templated":true}]}}