{"id":424905,"date":"2024-12-14T21:03:53","date_gmt":"2024-12-14T20:03:53","guid":{"rendered":"https:\/\/www.radiopiu.net\/wordpress\/?p=424905"},"modified":"2024-12-14T21:04:43","modified_gmt":"2024-12-14T20:04:43","slug":"si-chiude-con-un-nono-posto-la-gara-di-cortina-per-lucia-dalmasso","status":"publish","type":"post","link":"https:\/\/www.radiopiu.net\/wordpress\/si-chiude-con-un-nono-posto-la-gara-di-cortina-per-lucia-dalmasso\/","title":{"rendered":"SI CHIUDE CON UN NONO POSTO LA GARA DI CORTINA PER LUCIA DALMASSO"},"content":{"rendered":"<p>******<\/p>\n<p>&nbsp;<\/p>\n<p><strong><a class=\"dt-pswp-item\" href=\"https:\/\/www.radiopiu.net\/wordpress\/wp-content\/uploads\/2024\/12\/469711570_17889176151117730_1752364722465915572_n.jpg\" data-dt-img-description=\"\" data-large_image_width=\"720\" data-large_image_height=\"480\"><img loading=\"lazy\" decoding=\"async\" class=\" wp-image-424906 alignleft\" src=\"https:\/\/www.radiopiu.net\/wordpress\/wp-content\/uploads\/2024\/12\/469711570_17889176151117730_1752364722465915572_n-300x200.jpg\" alt=\"\" width=\"188\" height=\"125\" srcset=\"https:\/\/www.radiopiu.net\/wordpress\/wp-content\/uploads\/2024\/12\/469711570_17889176151117730_1752364722465915572_n-300x200.jpg 300w, https:\/\/www.radiopiu.net\/wordpress\/wp-content\/uploads\/2024\/12\/469711570_17889176151117730_1752364722465915572_n.jpg 720w\" sizes=\"auto, (max-width: 188px) 100vw, 188px\" \/><\/a> <\/strong><\/p>\n<p><strong>\u00a0<\/strong><\/p>\n<p><strong>REDAZIONE<\/strong> Buon risultato per Lucia Dalmasso nello slalom gigante parallelo. Dopo il terzo posto nella qualifica, l&#8217;atleta di Falcade si \u00e8 dovuta accontentare della nona posizione nella finalissima. Ora sette giorni di riposo per la Dalmasso che torner\u00e0 in pista sabato prossimo quando a Davos in Svizzera si disputer\u00e0 lo slalom parallelo.<\/p>\n<p>&nbsp;<\/p>\n<p>&nbsp;<\/p>\n<p>******<\/p>\n","protected":false},"excerpt":{"rendered":"<p>****** &nbsp; \u00a0 REDAZIONE Buon risultato per Lucia Dalmasso nello slalom gigante parallelo. Dopo il terzo posto nella qualifica, l&#8217;atleta di Falcade si \u00e8 dovuta accontentare della nona posizione nella finalissima. Ora sette giorni di riposo per la Dalmasso che torner\u00e0 in pista sabato prossimo quando a Davos in Svizzera si disputer\u00e0 lo slalom parallelo.&hellip;<\/p>\n","protected":false},"author":4,"featured_media":424906,"comment_status":"closed","ping_status":"closed","sticky":false,"template":"","format":"standard","meta":{"_monsterinsights_skip_tracking":false,"_monsterinsights_sitenote_active":false,"_monsterinsights_sitenote_note":"","_monsterinsights_sitenote_category":0,"footnotes":""},"categories":[49],"tags":[],"class_list":["post-424905","post","type-post","status-publish","format-standard","has-post-thumbnail","hentry","category-news-18","category-49","description-off"],"img_url":"https:\/\/www.radiopiu.net\/wordpress\/wp-content\/uploads\/2024\/12\/469711570_17889176151117730_1752364722465915572_n.jpg","_links":{"self":[{"href":"https:\/\/www.radiopiu.net\/wordpress\/wp-json\/wp\/v2\/posts\/424905","targetHints":{"allow":["GET"]}}],"collection":[{"href":"https:\/\/www.radiopiu.net\/wordpress\/wp-json\/wp\/v2\/posts"}],"about":[{"href":"https:\/\/www.radiopiu.net\/wordpress\/wp-json\/wp\/v2\/types\/post"}],"author":[{"embeddable":true,"href":"https:\/\/www.radiopiu.net\/wordpress\/wp-json\/wp\/v2\/users\/4"}],"replies":[{"embeddable":true,"href":"https:\/\/www.radiopiu.net\/wordpress\/wp-json\/wp\/v2\/comments?post=424905"}],"version-history":[{"count":2,"href":"https:\/\/www.radiopiu.net\/wordpress\/wp-json\/wp\/v2\/posts\/424905\/revisions"}],"predecessor-version":[{"id":424908,"href":"https:\/\/www.radiopiu.net\/wordpress\/wp-json\/wp\/v2\/posts\/424905\/revisions\/424908"}],"wp:featuredmedia":[{"embeddable":true,"href":"https:\/\/www.radiopiu.net\/wordpress\/wp-json\/wp\/v2\/media\/424906"}],"wp:attachment":[{"href":"https:\/\/www.radiopiu.net\/wordpress\/wp-json\/wp\/v2\/media?parent=424905"}],"wp:term":[{"taxonomy":"category","embeddable":true,"href":"https:\/\/www.radiopiu.net\/wordpress\/wp-json\/wp\/v2\/categories?post=424905"},{"taxonomy":"post_tag","embeddable":true,"href":"https:\/\/www.radiopiu.net\/wordpress\/wp-json\/wp\/v2\/tags?post=424905"}],"curies":[{"name":"wp","href":"https:\/\/api.w.org\/{rel}","templated":true}]}}