{"id":424920,"date":"2024-12-16T05:11:11","date_gmt":"2024-12-16T04:11:11","guid":{"rendered":"https:\/\/www.radiopiu.net\/wordpress\/?p=424920"},"modified":"2024-12-16T05:18:04","modified_gmt":"2024-12-16T04:18:04","slug":"incidente-tra-avoscan-ed-alleghe-tre-i-feriti","status":"publish","type":"post","link":"https:\/\/www.radiopiu.net\/wordpress\/incidente-tra-avoscan-ed-alleghe-tre-i-feriti\/","title":{"rendered":"INCIDENTE TRA AVOSCAN ED ALLEGHE. TRE I FERITI"},"content":{"rendered":"<p>******<\/p>\n<p>&nbsp;<\/p>\n<p><strong>SAN TOMASO <\/strong>Incidente sulla SR 203 Agordina tra Avoscan ed Alleghe, al secondo tornante della frazione di San Tomaso in localit\u00e0 Forchiate. Un&#8217;auto coninvolta nell&#8217;incidente. Sul posto presenti i Vigili del Fuoco Volontari di Caprile e permanenti di Agordo, Veneto Strade, Carabinieri e personale del Suem 118 con due ambulanze e l&#8217;elicottero. L&#8217;incidente sembrerebbe essere stato causato da un malore. Tre le persone assistite dai sanitari, una famiglia di nazionalit\u00e0 Slovena. Un paziente \u00e8 stato trasferito all&#8217;ospedale di Treviso con l&#8217;elicottero, un altro\u00a0 in ambulanza ad Agordo con ferite di media gravit\u00e0 e un terzo coinvolto che \u00e8 stato anch&#8217;esso portato in ospedale con ferite lievi. Disagi al traffico che \u00e8 rimasto bloccato in entrambi i sensi di marcia<\/p>\n\n\t\t\t<style type='text\/css'>\n\t\t\t\t#gallery-1 {\n\t\t\t\t\tmargin: auto;\n\t\t\t\t}\n\t\t\t\t#gallery-1 .gallery-item {\n\t\t\t\t\tfloat: left;\n\t\t\t\t\tmargin-top: 10px;\n\t\t\t\t\ttext-align: center;\n\t\t\t\t\twidth: 33%;\n\t\t\t\t}\n\t\t\t\t#gallery-1 img {\n\t\t\t\t\tborder: 2px solid #cfcfcf;\n\t\t\t\t}\n\t\t\t\t#gallery-1 .gallery-caption {\n\t\t\t\t\tmargin-left: 0;\n\t\t\t\t}\n\t\t\t\t\/* see gallery_shortcode() in wp-includes\/media.php *\/\n\t\t\t<\/style>\n\t\t<div id='gallery-1' class='dt-gallery-container gallery galleryid-424920 gallery-columns-3 gallery-size-thumbnail'><dl class='gallery-item'>\n\t\t\t\t<dt class='gallery-icon landscape'>\n\t\t\t\t\t<a class=\"rollover rollover-zoom dt-pswp-item\" title=\"49d00b32-5714-48e2-a007-e17773331dff\" data-dt-img-description=\"\" data-large_image_width=\"1600\" data-large_image_height=\"1200\"href='https:\/\/www.radiopiu.net\/wordpress\/wp-content\/uploads\/2024\/12\/49d00b32-5714-48e2-a007-e17773331dff.jpg'><img loading=\"lazy\" decoding=\"async\" width=\"150\" height=\"150\" src=\"https:\/\/www.radiopiu.net\/wordpress\/wp-content\/uploads\/2024\/12\/49d00b32-5714-48e2-a007-e17773331dff-150x150.jpg\" class=\"attachment-thumbnail size-thumbnail\" alt=\"\" \/><\/a>\n\t\t\t\t<\/dt><\/dl><dl class='gallery-item'>\n\t\t\t\t<dt class='gallery-icon landscape'>\n\t\t\t\t\t<a class=\"rollover rollover-zoom dt-pswp-item\" title=\"3ec3f4fc-9cca-4d0e-a88e-c90ff80317e5\" data-dt-img-description=\"\" data-large_image_width=\"1179\" data-large_image_height=\"878\"href='https:\/\/www.radiopiu.net\/wordpress\/wp-content\/uploads\/2024\/12\/3ec3f4fc-9cca-4d0e-a88e-c90ff80317e5.jpg'><img loading=\"lazy\" decoding=\"async\" width=\"150\" height=\"150\" src=\"https:\/\/www.radiopiu.net\/wordpress\/wp-content\/uploads\/2024\/12\/3ec3f4fc-9cca-4d0e-a88e-c90ff80317e5-150x150.jpg\" class=\"attachment-thumbnail size-thumbnail\" alt=\"\" \/><\/a>\n\t\t\t\t<\/dt><\/dl><dl class='gallery-item'>\n\t\t\t\t<dt class='gallery-icon landscape'>\n\t\t\t\t\t<a class=\"rollover rollover-zoom dt-pswp-item\" title=\"5c510b5f-fcca-47bd-839b-0a74a1e9a140\" data-dt-img-description=\"\" data-large_image_width=\"1280\" data-large_image_height=\"720\"href='https:\/\/www.radiopiu.net\/wordpress\/wp-content\/uploads\/2024\/12\/5c510b5f-fcca-47bd-839b-0a74a1e9a140.jpg'><img loading=\"lazy\" decoding=\"async\" width=\"150\" height=\"150\" src=\"https:\/\/www.radiopiu.net\/wordpress\/wp-content\/uploads\/2024\/12\/5c510b5f-fcca-47bd-839b-0a74a1e9a140-150x150.jpg\" class=\"attachment-thumbnail size-thumbnail\" alt=\"\" \/><\/a>\n\t\t\t\t<\/dt><\/dl><br style=\"clear: both\" \/>\n\t\t\t<\/div>\n\n<p>&nbsp;<\/p>\n<p>&nbsp;<\/p>\n<p>&nbsp;<\/p>\n<p>&nbsp;<\/p>\n<p>*******<\/p>\n","protected":false},"excerpt":{"rendered":"<p>****** &nbsp; SAN TOMASO Incidente sulla SR 203 Agordina tra Avoscan ed Alleghe, al secondo tornante della frazione di San Tomaso in localit\u00e0 Forchiate. Un&#8217;auto coninvolta nell&#8217;incidente. Sul posto presenti i Vigili del Fuoco Volontari di Caprile e permanenti di Agordo, Veneto Strade, Carabinieri e personale del Suem 118 con due ambulanze e l&#8217;elicottero. L&#8217;incidente&hellip;<\/p>\n","protected":false},"author":4,"featured_media":424921,"comment_status":"closed","ping_status":"closed","sticky":false,"template":"","format":"standard","meta":{"_monsterinsights_skip_tracking":false,"_monsterinsights_sitenote_active":false,"_monsterinsights_sitenote_note":"","_monsterinsights_sitenote_category":0,"footnotes":""},"categories":[51,86,49],"tags":[],"class_list":["post-424920","post","type-post","status-publish","format-standard","has-post-thumbnail","hentry","category-evidenza-top","category-gr","category-news-18","category-51","category-86","category-49","description-off"],"img_url":"https:\/\/www.radiopiu.net\/wordpress\/wp-content\/uploads\/2024\/12\/49d00b32-5714-48e2-a007-e17773331dff.jpg","_links":{"self":[{"href":"https:\/\/www.radiopiu.net\/wordpress\/wp-json\/wp\/v2\/posts\/424920","targetHints":{"allow":["GET"]}}],"collection":[{"href":"https:\/\/www.radiopiu.net\/wordpress\/wp-json\/wp\/v2\/posts"}],"about":[{"href":"https:\/\/www.radiopiu.net\/wordpress\/wp-json\/wp\/v2\/types\/post"}],"author":[{"embeddable":true,"href":"https:\/\/www.radiopiu.net\/wordpress\/wp-json\/wp\/v2\/users\/4"}],"replies":[{"embeddable":true,"href":"https:\/\/www.radiopiu.net\/wordpress\/wp-json\/wp\/v2\/comments?post=424920"}],"version-history":[{"count":9,"href":"https:\/\/www.radiopiu.net\/wordpress\/wp-json\/wp\/v2\/posts\/424920\/revisions"}],"predecessor-version":[{"id":425048,"href":"https:\/\/www.radiopiu.net\/wordpress\/wp-json\/wp\/v2\/posts\/424920\/revisions\/425048"}],"wp:featuredmedia":[{"embeddable":true,"href":"https:\/\/www.radiopiu.net\/wordpress\/wp-json\/wp\/v2\/media\/424921"}],"wp:attachment":[{"href":"https:\/\/www.radiopiu.net\/wordpress\/wp-json\/wp\/v2\/media?parent=424920"}],"wp:term":[{"taxonomy":"category","embeddable":true,"href":"https:\/\/www.radiopiu.net\/wordpress\/wp-json\/wp\/v2\/categories?post=424920"},{"taxonomy":"post_tag","embeddable":true,"href":"https:\/\/www.radiopiu.net\/wordpress\/wp-json\/wp\/v2\/tags?post=424920"}],"curies":[{"name":"wp","href":"https:\/\/api.w.org\/{rel}","templated":true}]}}