{"id":425040,"date":"2024-12-16T05:06:59","date_gmt":"2024-12-16T04:06:59","guid":{"rendered":"https:\/\/www.radiopiu.net\/wordpress\/?p=425040"},"modified":"2024-12-16T05:19:25","modified_gmt":"2024-12-16T04:19:25","slug":"il-torneo-degli-angeli-2024-ha-le-sue-quattro-semifinaliste","status":"publish","type":"post","link":"https:\/\/www.radiopiu.net\/wordpress\/il-torneo-degli-angeli-2024-ha-le-sue-quattro-semifinaliste\/","title":{"rendered":"IL TORNEO DEGLI ANGELI 2024 HA LE SUE QUATTRO SEMIFINALISTE"},"content":{"rendered":"<p>*****<\/p>\n<p>&nbsp;<\/p>\n<p><a class=\"dt-pswp-item\" href=\"https:\/\/www.radiopiu.net\/wordpress\/wp-content\/uploads\/2024\/12\/tornao-angeli-2024.jpg\" data-dt-img-description=\"IL TORNEO DEGLI ANGELI\" data-large_image_width=\"941\" data-large_image_height=\"551\"><img loading=\"lazy\" decoding=\"async\" class=\"alignleft wp-image-422943 \" src=\"https:\/\/www.radiopiu.net\/wordpress\/wp-content\/uploads\/2024\/12\/tornao-angeli-2024-300x176.jpg\" alt=\"\" width=\"215\" height=\"126\" srcset=\"https:\/\/www.radiopiu.net\/wordpress\/wp-content\/uploads\/2024\/12\/tornao-angeli-2024-300x176.jpg 300w, https:\/\/www.radiopiu.net\/wordpress\/wp-content\/uploads\/2024\/12\/tornao-angeli-2024-768x450.jpg 768w, https:\/\/www.radiopiu.net\/wordpress\/wp-content\/uploads\/2024\/12\/tornao-angeli-2024.jpg 941w\" sizes=\"auto, (max-width: 215px) 100vw, 215px\" \/><\/a><strong>DI MARCO GAZ<\/strong><\/p>\n<p><strong>AGORDO<\/strong> Si \u00e8 conclusa la fase a gironi della 17esima edizione del Torneo Degli Angeli, la manifestazione di calcio a 5 che si svolge al PalaRova di Agordo organizzata dall&#8217;U.S. Le Ville in memoria di Thierry Brancaleone e Denis Benvegn\u00f9. Dopo le partite giocate nelle ultime due domeniche, delle 8 squadre partecipanti sono uscite le 4 che domenica prossima giocheranno le semifinali del torneo. Alle 14:30 si giocher\u00e0 la sfida tra Kosova e Zuita Futsal Team, mentre alle 16 sar\u00e0 il turno di Le Ville contro Boy Squared. Le vincenti si scontreranno alle 18 nella finalissima che decreter\u00e0 la vincente della 17esima edizione del Torneo Degli Angeli. Appuntamento per domenica 22 dicembre per la giornata conclusiva della manifestazione che avr\u00e0 il suo culmine al termine della finale con le premiazioni e il rinfresco offerto dall&#8217;U.S. Le Ville, un modo per scambiarsi gli auguri di buon Natale in compagnia.<\/p>\n<p>&nbsp;<\/p>\n<p>&nbsp;<\/p>\n<p>*******<\/p>\n","protected":false},"excerpt":{"rendered":"<p>***** &nbsp; DI MARCO GAZ AGORDO Si \u00e8 conclusa la fase a gironi della 17esima edizione del Torneo Degli Angeli, la manifestazione di calcio a 5 che si svolge al PalaRova di Agordo organizzata dall&#8217;U.S. Le Ville in memoria di Thierry Brancaleone e Denis Benvegn\u00f9. Dopo le partite giocate nelle ultime due domeniche, delle 8&hellip;<\/p>\n","protected":false},"author":4,"featured_media":422943,"comment_status":"closed","ping_status":"closed","sticky":false,"template":"","format":"standard","meta":{"_monsterinsights_skip_tracking":false,"_monsterinsights_sitenote_active":false,"_monsterinsights_sitenote_note":"","_monsterinsights_sitenote_category":0,"footnotes":""},"categories":[104,49],"tags":[],"class_list":["post-425040","post","type-post","status-publish","format-standard","has-post-thumbnail","hentry","category-evidenza_3","category-news-18","category-104","category-49","description-off"],"img_url":"https:\/\/www.radiopiu.net\/wordpress\/wp-content\/uploads\/2024\/12\/tornao-angeli-2024.jpg","_links":{"self":[{"href":"https:\/\/www.radiopiu.net\/wordpress\/wp-json\/wp\/v2\/posts\/425040","targetHints":{"allow":["GET"]}}],"collection":[{"href":"https:\/\/www.radiopiu.net\/wordpress\/wp-json\/wp\/v2\/posts"}],"about":[{"href":"https:\/\/www.radiopiu.net\/wordpress\/wp-json\/wp\/v2\/types\/post"}],"author":[{"embeddable":true,"href":"https:\/\/www.radiopiu.net\/wordpress\/wp-json\/wp\/v2\/users\/4"}],"replies":[{"embeddable":true,"href":"https:\/\/www.radiopiu.net\/wordpress\/wp-json\/wp\/v2\/comments?post=425040"}],"version-history":[{"count":1,"href":"https:\/\/www.radiopiu.net\/wordpress\/wp-json\/wp\/v2\/posts\/425040\/revisions"}],"predecessor-version":[{"id":425041,"href":"https:\/\/www.radiopiu.net\/wordpress\/wp-json\/wp\/v2\/posts\/425040\/revisions\/425041"}],"wp:featuredmedia":[{"embeddable":true,"href":"https:\/\/www.radiopiu.net\/wordpress\/wp-json\/wp\/v2\/media\/422943"}],"wp:attachment":[{"href":"https:\/\/www.radiopiu.net\/wordpress\/wp-json\/wp\/v2\/media?parent=425040"}],"wp:term":[{"taxonomy":"category","embeddable":true,"href":"https:\/\/www.radiopiu.net\/wordpress\/wp-json\/wp\/v2\/categories?post=425040"},{"taxonomy":"post_tag","embeddable":true,"href":"https:\/\/www.radiopiu.net\/wordpress\/wp-json\/wp\/v2\/tags?post=425040"}],"curies":[{"name":"wp","href":"https:\/\/api.w.org\/{rel}","templated":true}]}}