{"id":425152,"date":"2024-12-17T05:34:29","date_gmt":"2024-12-17T04:34:29","guid":{"rendered":"https:\/\/www.radiopiu.net\/wordpress\/?p=425152"},"modified":"2024-12-17T05:43:42","modified_gmt":"2024-12-17T04:43:42","slug":"lassociazione-nazionale-vigili-del-fuoco-volontari-critica-la-delibera-del-consiglio-regionale","status":"publish","type":"post","link":"https:\/\/www.radiopiu.net\/wordpress\/lassociazione-nazionale-vigili-del-fuoco-volontari-critica-la-delibera-del-consiglio-regionale\/","title":{"rendered":"L&#8217;ASSOCIAZIONE NAZIONALE VIGILI DEL FUOCO VOLONTARI CRITICA LA DELIBERA DEL CONSIGLIO REGIONALE"},"content":{"rendered":"<p>******<\/p>\n<p>&nbsp;<\/p>\n<p>DI GIANNI SANTOMASO<\/p>\n<audio class=\"wp-audio-shortcode\" id=\"audio-425152-1\" preload=\"none\" style=\"width: 100%;\" controls=\"controls\"><source type=\"audio\/mpeg\" src=\"https:\/\/www.radiopiu.net\/wordpress\/wp-content\/uploads\/2024\/12\/GIANNI-VIGILI-DEL-FUOCO.mp3?_=1\" \/><a href=\"https:\/\/www.radiopiu.net\/wordpress\/wp-content\/uploads\/2024\/12\/GIANNI-VIGILI-DEL-FUOCO.mp3\">https:\/\/www.radiopiu.net\/wordpress\/wp-content\/uploads\/2024\/12\/GIANNI-VIGILI-DEL-FUOCO.mp3<\/a><\/audio>\n<p>&nbsp;<\/p>\n<p>&nbsp;<\/p>\n<p><strong><a class=\"dt-pswp-item\" href=\"https:\/\/www.radiopiu.net\/wordpress\/wp-content\/uploads\/2024\/10\/generico-novembre-2022-449214.jpg\" data-dt-img-description=\"\" data-large_image_width=\"1024\" data-large_image_height=\"557\"><img loading=\"lazy\" decoding=\"async\" class=\" wp-image-416152 alignleft\" src=\"https:\/\/www.radiopiu.net\/wordpress\/wp-content\/uploads\/2024\/10\/generico-novembre-2022-449214-300x163.jpg\" alt=\"\" width=\"239\" height=\"130\" srcset=\"https:\/\/www.radiopiu.net\/wordpress\/wp-content\/uploads\/2024\/10\/generico-novembre-2022-449214-300x163.jpg 300w, https:\/\/www.radiopiu.net\/wordpress\/wp-content\/uploads\/2024\/10\/generico-novembre-2022-449214-768x418.jpg 768w, https:\/\/www.radiopiu.net\/wordpress\/wp-content\/uploads\/2024\/10\/generico-novembre-2022-449214.jpg 1024w\" sizes=\"auto, (max-width: 239px) 100vw, 239px\" \/><\/a>SELVA DI CADORE<\/strong> Il Coordinamento Veneto dell\u2019ANVVFV critica la recente delibera del Consiglio Regionale Veneto per la gestione dei contributi ai Vigili del Fuoco Volontari. L\u2019associazione lamenta la scarsa trasparenza e il poco preavviso per partecipare al bando, oltre all\u2019esclusione dei distaccamenti dell\u2019Agordino e di quelli in sedi miste. La ripartizione dei fondi basata su interventi e numero di volontari \u00e8 considerata iniqua, poich\u00e9 non tiene conto della reale operativit\u00e0. L\u2019associazione propone una distribuzione uniforme dei fondi per garantire pari opportunit\u00e0 ai distaccamenti, richiamando l\u2019esempio della Lombardia. Chiede un dialogo pi\u00f9 aperto con le istituzioni per migliorare la pianificazione, la formazione e l\u2019equipaggiamento dei volontari.<\/p>\n<p><strong>IL DOCUMENTO DI ANVVFV<\/strong><\/p>\n<a href=\"https:\/\/www.radiopiu.net\/wordpress\/wp-content\/uploads\/2024\/12\/Comunicato-oookkk.pdf\" class=\"pdfemb-viewer\" style=\"\" data-width=\"max\" data-height=\"max\" data-toolbar=\"top\" data-toolbar-fixed=\"on\">Comunicato oookkk<\/a>\n<p>&nbsp;<\/p>\n<p>********<\/p>\n","protected":false},"excerpt":{"rendered":"<p>****** &nbsp; DI GIANNI SANTOMASO &nbsp; &nbsp; SELVA DI CADORE Il Coordinamento Veneto dell\u2019ANVVFV critica la recente delibera del Consiglio Regionale Veneto per la gestione dei contributi ai Vigili del Fuoco Volontari. L\u2019associazione lamenta la scarsa trasparenza e il poco preavviso per partecipare al bando, oltre all\u2019esclusione dei distaccamenti dell\u2019Agordino e di quelli in sedi&hellip;<\/p>\n","protected":false},"author":4,"featured_media":416152,"comment_status":"closed","ping_status":"closed","sticky":false,"template":"","format":"standard","meta":{"_monsterinsights_skip_tracking":false,"_monsterinsights_sitenote_active":false,"_monsterinsights_sitenote_note":"","_monsterinsights_sitenote_category":0,"footnotes":""},"categories":[51,49],"tags":[],"class_list":["post-425152","post","type-post","status-publish","format-standard","has-post-thumbnail","hentry","category-evidenza-top","category-news-18","category-51","category-49","description-off"],"img_url":"https:\/\/www.radiopiu.net\/wordpress\/wp-content\/uploads\/2024\/10\/generico-novembre-2022-449214.jpg","_links":{"self":[{"href":"https:\/\/www.radiopiu.net\/wordpress\/wp-json\/wp\/v2\/posts\/425152","targetHints":{"allow":["GET"]}}],"collection":[{"href":"https:\/\/www.radiopiu.net\/wordpress\/wp-json\/wp\/v2\/posts"}],"about":[{"href":"https:\/\/www.radiopiu.net\/wordpress\/wp-json\/wp\/v2\/types\/post"}],"author":[{"embeddable":true,"href":"https:\/\/www.radiopiu.net\/wordpress\/wp-json\/wp\/v2\/users\/4"}],"replies":[{"embeddable":true,"href":"https:\/\/www.radiopiu.net\/wordpress\/wp-json\/wp\/v2\/comments?post=425152"}],"version-history":[{"count":3,"href":"https:\/\/www.radiopiu.net\/wordpress\/wp-json\/wp\/v2\/posts\/425152\/revisions"}],"predecessor-version":[{"id":425236,"href":"https:\/\/www.radiopiu.net\/wordpress\/wp-json\/wp\/v2\/posts\/425152\/revisions\/425236"}],"wp:featuredmedia":[{"embeddable":true,"href":"https:\/\/www.radiopiu.net\/wordpress\/wp-json\/wp\/v2\/media\/416152"}],"wp:attachment":[{"href":"https:\/\/www.radiopiu.net\/wordpress\/wp-json\/wp\/v2\/media?parent=425152"}],"wp:term":[{"taxonomy":"category","embeddable":true,"href":"https:\/\/www.radiopiu.net\/wordpress\/wp-json\/wp\/v2\/categories?post=425152"},{"taxonomy":"post_tag","embeddable":true,"href":"https:\/\/www.radiopiu.net\/wordpress\/wp-json\/wp\/v2\/tags?post=425152"}],"curies":[{"name":"wp","href":"https:\/\/api.w.org\/{rel}","templated":true}]}}