{"id":425164,"date":"2024-12-17T05:33:57","date_gmt":"2024-12-17T04:33:57","guid":{"rendered":"https:\/\/www.radiopiu.net\/wordpress\/?p=425164"},"modified":"2024-12-17T05:43:54","modified_gmt":"2024-12-17T04:43:54","slug":"qualita-di-vita-belluno-al-45esimo-posto","status":"publish","type":"post","link":"https:\/\/www.radiopiu.net\/wordpress\/qualita-di-vita-belluno-al-45esimo-posto\/","title":{"rendered":"QUALITA&#8217; DELLA VITA: BELLUNO AL 45ESIMO POSTO"},"content":{"rendered":"<p>******<\/p>\n<p>&nbsp;<\/p>\n<p><strong><a class=\"dt-pswp-item\" href=\"https:\/\/www.radiopiu.net\/wordpress\/wp-content\/uploads\/2023\/05\/FONTANA-PIAZZA-MARTIRI-scaled.jpeg\" data-dt-img-description=\"\" data-large_image_width=\"2560\" data-large_image_height=\"1547\"><img loading=\"lazy\" decoding=\"async\" class=\" wp-image-335259 alignleft\" src=\"https:\/\/www.radiopiu.net\/wordpress\/wp-content\/uploads\/2023\/05\/FONTANA-PIAZZA-MARTIRI-300x181.jpeg\" alt=\"\" width=\"189\" height=\"114\" srcset=\"https:\/\/www.radiopiu.net\/wordpress\/wp-content\/uploads\/2023\/05\/FONTANA-PIAZZA-MARTIRI-300x181.jpeg 300w, https:\/\/www.radiopiu.net\/wordpress\/wp-content\/uploads\/2023\/05\/FONTANA-PIAZZA-MARTIRI-1024x619.jpeg 1024w, https:\/\/www.radiopiu.net\/wordpress\/wp-content\/uploads\/2023\/05\/FONTANA-PIAZZA-MARTIRI-768x464.jpeg 768w, https:\/\/www.radiopiu.net\/wordpress\/wp-content\/uploads\/2023\/05\/FONTANA-PIAZZA-MARTIRI-1536x928.jpeg 1536w, https:\/\/www.radiopiu.net\/wordpress\/wp-content\/uploads\/2023\/05\/FONTANA-PIAZZA-MARTIRI-2048x1238.jpeg 2048w\" sizes=\"auto, (max-width: 189px) 100vw, 189px\" \/><\/a>BELLUNO<\/strong> \u00abQueste classifiche vanno prese come le recensioni su internet dei ristoranti o degli alberghi: danno un\u2019indicazione, certo, ma opinabile e mutevole, non certo la verit\u00e0 assoluta. Se in quel ristorante si mangia bene o male, dipende da tanti fattori, e anche dal gusto di chi giudica\u00bb. Il presidente della Provincia di Belluno, Roberto Padrin, commenta cos\u00ec la nuova indagine di \u201cQualit\u00e0 della vita\u201d stilata dal Sole 24 Ore e pubblicata oggi. Un\u2019indagine che vede trionfare Bergamo &#8211; davanti a Trento e Bolzano &#8211; e piazza Belluno al 45\u00b0 posto. I valori positivi sono quelli dell\u2019indicatore \u201cRicchezza e consumi\u201d (8\u00b0 posto in graduatoria), con il miglior risultato a livello nazionale per il basso numero di protesti e il secondo posto per il basso numero di famiglie con Isee sotto i 7mila euro; ottimi i risultati per quanto riguarda i risparmi bancari delle famiglie e le mensilit\u00e0 di stipendio per comprare casa. Positivi anche i valori dell\u2019indicatore \u201cGiustizia e sicurezza\u201d (31\u00b0 posto), con il rilievo dei bassi numeri di furti, rapine, incendi e litigiosit\u00e0. L\u2019indicatore \u201cAffari e lavoro\u201d (51\u00b0 posto) \u00e8 appesantito dal numero di ore di cassa integrazione autorizzate, dal numero di pensioni di vecchiaia e dalla scarsa incidenza di imprese sociali. Bene anche \u201cAmbiente e servizi\u201d (35\u00b0 posto) dove spicca la raccolta differenziata (quarto miglior risultato nazionale nella sottocategoria). Nell\u2019indicatore \u201cCultura e tempo libero\u201d (79\u00b0 posto), ottimi risultati per le sottocategorie aree protette e indice di lettura, mentre si registra il peggior livello nazionale nell\u2019indice climatico, a causa del conteggio di soleggiamento, pioggia e giorni freddi. \u00abGi\u00e0 questo fattore ci dice come questo genere di graduatorie siano tanto complesse da stilare quanto \u201cimpacciate\u201d nell\u2019inquadrare il concetto di qualit\u00e0 della vita declinato nei vari territori dello Stivale. \u00c8 ovvio che nei giorni di soleggiamento, pioggia e freddo Belluno non potr\u00e0 mai competere con Siracusa o Cagliari: e gi\u00e0 questo la dice lunga su come pu\u00f2 essere percepita la montagna, o meglio una parte di montagna, dato che Trento e Bolzano, oltre all\u2019autonomia speciale, sono sempre a ridosso delle prime posizioni\u00bb sottolinea il presidente Padrin. \u00ab\u00c8 uno dei motivi per cui non dobbiamo leggere queste classifiche con entusiasmo quando siamo stati nei primi posti e con abbattimento quando siamo a met\u00e0 graduatoria. Piuttosto, ci servano da stimolo a fare sempre meglio, a lavorare per lo sviluppo e il benessere delle nostre comunit\u00e0\u00bb.<\/p>\n<p>&nbsp;<\/p>\n<p>DILLO A RADIO PIU&#8217;&#8230;<\/p>\n<p>DI FABIO DAI PRA<\/p>\n<p>riguardo all\u2019articolo di oggi sulla nuova classifica della Qualit\u00e1 della vita, vorrei ricordare che per 30 anni la provincia di Belluno \u00e8 stata sul podio di questa classifica, mentre negli ultimi 6 anni galleggiamo costantemente oltre il 40\u00b0 posto:<\/p>\n<p>Dal Sole 24ore: <a href=\"https:\/\/lab24.ilsole24ore.com\/qualita-della-vita\/tabelle\/\">https:\/\/lab24.ilsole24ore.com\/qualita-della-vita\/tabelle\/<\/a><\/p>\n<p>&nbsp;<\/p>\n\n\t\t\t<style type='text\/css'>\n\t\t\t\t#gallery-1 {\n\t\t\t\t\tmargin: auto;\n\t\t\t\t}\n\t\t\t\t#gallery-1 .gallery-item {\n\t\t\t\t\tfloat: left;\n\t\t\t\t\tmargin-top: 10px;\n\t\t\t\t\ttext-align: center;\n\t\t\t\t\twidth: 50%;\n\t\t\t\t}\n\t\t\t\t#gallery-1 img {\n\t\t\t\t\tborder: 2px solid #cfcfcf;\n\t\t\t\t}\n\t\t\t\t#gallery-1 .gallery-caption {\n\t\t\t\t\tmargin-left: 0;\n\t\t\t\t}\n\t\t\t\t\/* see gallery_shortcode() in wp-includes\/media.php *\/\n\t\t\t<\/style>\n\t\t<div id='gallery-1' class='dt-gallery-container gallery galleryid-425164 gallery-columns-2 gallery-size-medium'><dl class='gallery-item'>\n\t\t\t\t<dt class='gallery-icon landscape'>\n\t\t\t\t\t<a class=\"rollover rollover-zoom dt-pswp-item\" title=\"image004\" data-dt-img-description=\"\" data-large_image_width=\"1077\" data-large_image_height=\"685\"href='https:\/\/www.radiopiu.net\/wordpress\/wp-content\/uploads\/2024\/12\/image004.png'><img loading=\"lazy\" decoding=\"async\" width=\"300\" height=\"191\" src=\"https:\/\/www.radiopiu.net\/wordpress\/wp-content\/uploads\/2024\/12\/image004-300x191.png\" class=\"attachment-medium size-medium\" alt=\"\" srcset=\"https:\/\/www.radiopiu.net\/wordpress\/wp-content\/uploads\/2024\/12\/image004-300x191.png 300w, https:\/\/www.radiopiu.net\/wordpress\/wp-content\/uploads\/2024\/12\/image004-1024x651.png 1024w, https:\/\/www.radiopiu.net\/wordpress\/wp-content\/uploads\/2024\/12\/image004-768x488.png 768w, https:\/\/www.radiopiu.net\/wordpress\/wp-content\/uploads\/2024\/12\/image004.png 1077w\" sizes=\"auto, (max-width: 300px) 100vw, 300px\" \/><\/a>\n\t\t\t\t<\/dt><\/dl><dl class='gallery-item'>\n\t\t\t\t<dt class='gallery-icon landscape'>\n\t\t\t\t\t<a class=\"rollover rollover-zoom dt-pswp-item\" title=\"image002\" data-dt-img-description=\"\" data-large_image_width=\"1074\" data-large_image_height=\"655\"href='https:\/\/www.radiopiu.net\/wordpress\/wp-content\/uploads\/2024\/12\/image002.png'><img loading=\"lazy\" decoding=\"async\" width=\"300\" height=\"183\" src=\"https:\/\/www.radiopiu.net\/wordpress\/wp-content\/uploads\/2024\/12\/image002-300x183.png\" class=\"attachment-medium size-medium\" alt=\"\" srcset=\"https:\/\/www.radiopiu.net\/wordpress\/wp-content\/uploads\/2024\/12\/image002-300x183.png 300w, https:\/\/www.radiopiu.net\/wordpress\/wp-content\/uploads\/2024\/12\/image002-1024x625.png 1024w, https:\/\/www.radiopiu.net\/wordpress\/wp-content\/uploads\/2024\/12\/image002-768x468.png 768w, https:\/\/www.radiopiu.net\/wordpress\/wp-content\/uploads\/2024\/12\/image002.png 1074w\" sizes=\"auto, (max-width: 300px) 100vw, 300px\" \/><\/a>\n\t\t\t\t<\/dt><\/dl><br style=\"clear: both\" \/>\n\t\t\t<\/div>\n\n<p>&nbsp;<\/p>\n<p>*******<\/p>\n","protected":false},"excerpt":{"rendered":"<p>****** &nbsp; BELLUNO \u00abQueste classifiche vanno prese come le recensioni su internet dei ristoranti o degli alberghi: danno un\u2019indicazione, certo, ma opinabile e mutevole, non certo la verit\u00e0 assoluta. Se in quel ristorante si mangia bene o male, dipende da tanti fattori, e anche dal gusto di chi giudica\u00bb. Il presidente della Provincia di Belluno,&hellip;<\/p>\n","protected":false},"author":4,"featured_media":335259,"comment_status":"closed","ping_status":"closed","sticky":false,"template":"","format":"standard","meta":{"_monsterinsights_skip_tracking":false,"_monsterinsights_sitenote_active":false,"_monsterinsights_sitenote_note":"","_monsterinsights_sitenote_category":0,"footnotes":""},"categories":[51,49],"tags":[],"class_list":["post-425164","post","type-post","status-publish","format-standard","has-post-thumbnail","hentry","category-evidenza-top","category-news-18","category-51","category-49","description-off"],"img_url":"https:\/\/www.radiopiu.net\/wordpress\/wp-content\/uploads\/2023\/05\/FONTANA-PIAZZA-MARTIRI-scaled.jpeg","_links":{"self":[{"href":"https:\/\/www.radiopiu.net\/wordpress\/wp-json\/wp\/v2\/posts\/425164","targetHints":{"allow":["GET"]}}],"collection":[{"href":"https:\/\/www.radiopiu.net\/wordpress\/wp-json\/wp\/v2\/posts"}],"about":[{"href":"https:\/\/www.radiopiu.net\/wordpress\/wp-json\/wp\/v2\/types\/post"}],"author":[{"embeddable":true,"href":"https:\/\/www.radiopiu.net\/wordpress\/wp-json\/wp\/v2\/users\/4"}],"replies":[{"embeddable":true,"href":"https:\/\/www.radiopiu.net\/wordpress\/wp-json\/wp\/v2\/comments?post=425164"}],"version-history":[{"count":4,"href":"https:\/\/www.radiopiu.net\/wordpress\/wp-json\/wp\/v2\/posts\/425164\/revisions"}],"predecessor-version":[{"id":425188,"href":"https:\/\/www.radiopiu.net\/wordpress\/wp-json\/wp\/v2\/posts\/425164\/revisions\/425188"}],"wp:featuredmedia":[{"embeddable":true,"href":"https:\/\/www.radiopiu.net\/wordpress\/wp-json\/wp\/v2\/media\/335259"}],"wp:attachment":[{"href":"https:\/\/www.radiopiu.net\/wordpress\/wp-json\/wp\/v2\/media?parent=425164"}],"wp:term":[{"taxonomy":"category","embeddable":true,"href":"https:\/\/www.radiopiu.net\/wordpress\/wp-json\/wp\/v2\/categories?post=425164"},{"taxonomy":"post_tag","embeddable":true,"href":"https:\/\/www.radiopiu.net\/wordpress\/wp-json\/wp\/v2\/tags?post=425164"}],"curies":[{"name":"wp","href":"https:\/\/api.w.org\/{rel}","templated":true}]}}