{"id":425169,"date":"2024-12-16T13:14:25","date_gmt":"2024-12-16T12:14:25","guid":{"rendered":"https:\/\/www.radiopiu.net\/wordpress\/?p=425169"},"modified":"2024-12-17T05:44:26","modified_gmt":"2024-12-17T04:44:26","slug":"la-regione-finanzia-i-cittadini-che-usano-il-trasporto-pubblico-al-posto-dellauto","status":"publish","type":"post","link":"https:\/\/www.radiopiu.net\/wordpress\/la-regione-finanzia-i-cittadini-che-usano-il-trasporto-pubblico-al-posto-dellauto\/","title":{"rendered":"La Regione finanzia i cittadini che usano il trasporto pubblico al posto dell&#8217;auto"},"content":{"rendered":"<p>******<\/p>\n<p>&nbsp;<\/p>\n<p><strong>VENEZIA<\/strong> Su proposta dell&#8217;assessore Gianpaolo Bottacin, la Giunta regionale oggi ha approvato un&#8217;importante delibera per finanziare l\u2019acquisto di abbonamenti annuali al trasporto pubblico locale. Il bando \u00e8 rivolto a tutte le persone fisiche maggiorenni residenti in Veneto che siano proprietari o intestatari di autoveicoli o motoveicoli. Il beneficiario potr\u00e0 essere anche un familiare, purch\u00e9 in possesso di patente B o superiore in corso di validit\u00e0.L\u2019assegnazione del contributo avverr\u00e0 sulla base di una procedura a sportello in cui le domande acquisite su una piattaforma informatica saranno valutate immediatamente in base all&#8217;ordine cronologico di presentazione; il contributo sar\u00e0 assegnato fino a esaurimento dei fondi disponibili.<\/p>\n<div style=\"width: 848px;\" class=\"wp-video\"><video class=\"wp-video-shortcode\" id=\"video-425169-1\" width=\"848\" height=\"480\" preload=\"metadata\" controls=\"controls\"><source type=\"video\/mp4\" src=\"https:\/\/www.radiopiu.net\/wordpress\/wp-content\/uploads\/2024\/12\/WhatsApp-Video-2024-12-16-at-13.10.41.mp4?_=1\" \/><a href=\"https:\/\/www.radiopiu.net\/wordpress\/wp-content\/uploads\/2024\/12\/WhatsApp-Video-2024-12-16-at-13.10.41.mp4\">https:\/\/www.radiopiu.net\/wordpress\/wp-content\/uploads\/2024\/12\/WhatsApp-Video-2024-12-16-at-13.10.41.mp4<\/a><\/video><\/div>\n<p>&nbsp;<\/p>\n<p>&nbsp;<\/p>\n<p>*******<\/p>\n","protected":false},"excerpt":{"rendered":"<p>****** &nbsp; VENEZIA Su proposta dell&#8217;assessore Gianpaolo Bottacin, la Giunta regionale oggi ha approvato un&#8217;importante delibera per finanziare l\u2019acquisto di abbonamenti annuali al trasporto pubblico locale. Il bando \u00e8 rivolto a tutte le persone fisiche maggiorenni residenti in Veneto che siano proprietari o intestatari di autoveicoli o motoveicoli. Il beneficiario potr\u00e0 essere anche un familiare,&hellip;<\/p>\n","protected":false},"author":4,"featured_media":164611,"comment_status":"closed","ping_status":"closed","sticky":false,"template":"","format":"standard","meta":{"_monsterinsights_skip_tracking":false,"_monsterinsights_sitenote_active":false,"_monsterinsights_sitenote_note":"","_monsterinsights_sitenote_category":0,"footnotes":""},"categories":[51,49],"tags":[],"class_list":["post-425169","post","type-post","status-publish","format-standard","has-post-thumbnail","hentry","category-evidenza-top","category-news-18","category-51","category-49","description-off"],"img_url":"https:\/\/www.radiopiu.net\/wordpress\/wp-content\/uploads\/2020\/10\/SCARICO-AUTO.jpg","_links":{"self":[{"href":"https:\/\/www.radiopiu.net\/wordpress\/wp-json\/wp\/v2\/posts\/425169","targetHints":{"allow":["GET"]}}],"collection":[{"href":"https:\/\/www.radiopiu.net\/wordpress\/wp-json\/wp\/v2\/posts"}],"about":[{"href":"https:\/\/www.radiopiu.net\/wordpress\/wp-json\/wp\/v2\/types\/post"}],"author":[{"embeddable":true,"href":"https:\/\/www.radiopiu.net\/wordpress\/wp-json\/wp\/v2\/users\/4"}],"replies":[{"embeddable":true,"href":"https:\/\/www.radiopiu.net\/wordpress\/wp-json\/wp\/v2\/comments?post=425169"}],"version-history":[{"count":1,"href":"https:\/\/www.radiopiu.net\/wordpress\/wp-json\/wp\/v2\/posts\/425169\/revisions"}],"predecessor-version":[{"id":425171,"href":"https:\/\/www.radiopiu.net\/wordpress\/wp-json\/wp\/v2\/posts\/425169\/revisions\/425171"}],"wp:featuredmedia":[{"embeddable":true,"href":"https:\/\/www.radiopiu.net\/wordpress\/wp-json\/wp\/v2\/media\/164611"}],"wp:attachment":[{"href":"https:\/\/www.radiopiu.net\/wordpress\/wp-json\/wp\/v2\/media?parent=425169"}],"wp:term":[{"taxonomy":"category","embeddable":true,"href":"https:\/\/www.radiopiu.net\/wordpress\/wp-json\/wp\/v2\/categories?post=425169"},{"taxonomy":"post_tag","embeddable":true,"href":"https:\/\/www.radiopiu.net\/wordpress\/wp-json\/wp\/v2\/tags?post=425169"}],"curies":[{"name":"wp","href":"https:\/\/api.w.org\/{rel}","templated":true}]}}