{"id":425232,"date":"2024-12-11T07:30:21","date_gmt":"2024-12-11T06:30:21","guid":{"rendered":"https:\/\/www.radiopiu.net\/wordpress\/?p=425232"},"modified":"2024-12-18T05:59:53","modified_gmt":"2024-12-18T04:59:53","slug":"dillo-a-radio-piu-ditta-cercasi-affinche-termini-i-lavori","status":"publish","type":"post","link":"https:\/\/www.radiopiu.net\/wordpress\/dillo-a-radio-piu-ditta-cercasi-affinche-termini-i-lavori\/","title":{"rendered":"DILLO A RADIO PIU&#8230;DITTA CERCASI AFFINCHE&#8217; TERMINI I LAVORI!"},"content":{"rendered":"<p>&nbsp;<\/p>\n<p><strong><img loading=\"lazy\" decoding=\"async\" class=\"alignleft\" src=\"https:\/\/www.radiopiu.net\/wordpress\/wp-content\/uploads\/2023\/08\/crostolin.png\" width=\"269\" height=\"180\" \/>Segnalazione\u00a0<\/strong><\/p>\n<p>Da pi\u00f9 di una settimana,sulla curva di Veran,scendendo e salendo,per la strada provinciale 347del passo Duran&#8230;si \u00e8 costretti a fermarsi,al semaforo, per la presenza di un bel buco,scavato,da parte della ditta incaricata,della messa in opera di condutture del gas&#8230;hanno messo segnaletica e semaforo e se ne sono andati. in una settimana,nessuno si \u00e8 pi\u00f9 visto lavorare&#8230;..gi\u00e1 da luglio,con pausa agosto, hanno creato disagio,per posare le condutture, con il cantiere da Crostolin&#8230;lasciando una bella striscia irregolare di asfalto,con fossi e dossi,contribuendo,in modo fastidioso,alla poca guidabilit\u00e0 e a lungo andare,all&#8217;usura delle sospensioni e convergenza,delle auto che ci devono,per forza passare pi\u00f9 volte al giorno..c&#8217;\u00e8 modo e modo nell&#8217;organizzare lavori,anche se necessari&#8230;mi chiedo se tra i tanti, quanto solerti(in altre occasioni) rappresentanti dello stato e-o per la pubblica sicurezza,tutto questo vada bene,sia &#8220;normale&#8221;e che nessuno si prenda la briga di chiedere spiegazioni alla ditta o agli uffici pubblici interessati&#8230;oggi 17\/12\/2024..come scritto sul cartello-ordinanza esposto sulla recinzione,dovrebbero essere conclusi i lavori previsti&#8230;<\/p>\n<p>&nbsp;<\/p>\n<hr \/>\n<p>&nbsp;<\/p>\n","protected":false},"excerpt":{"rendered":"<p>&nbsp; Segnalazione\u00a0 Da pi\u00f9 di una settimana,sulla curva di Veran,scendendo e salendo,per la strada provinciale 347del passo Duran&#8230;si \u00e8 costretti a fermarsi,al semaforo, per la presenza di un bel buco,scavato,da parte della ditta incaricata,della messa in opera di condutture del gas&#8230;hanno messo segnaletica e semaforo e se ne sono andati. in una settimana,nessuno si \u00e8&hellip;<\/p>\n","protected":false},"author":4,"featured_media":346933,"comment_status":"closed","ping_status":"closed","sticky":false,"template":"","format":"standard","meta":{"_monsterinsights_skip_tracking":false,"_monsterinsights_sitenote_active":false,"_monsterinsights_sitenote_note":"","_monsterinsights_sitenote_category":0,"footnotes":""},"categories":[51,49],"tags":[],"class_list":["post-425232","post","type-post","status-publish","format-standard","has-post-thumbnail","hentry","category-evidenza-top","category-news-18","category-51","category-49","description-off"],"img_url":"https:\/\/www.radiopiu.net\/wordpress\/wp-content\/uploads\/2023\/08\/crostolin.png","_links":{"self":[{"href":"https:\/\/www.radiopiu.net\/wordpress\/wp-json\/wp\/v2\/posts\/425232","targetHints":{"allow":["GET"]}}],"collection":[{"href":"https:\/\/www.radiopiu.net\/wordpress\/wp-json\/wp\/v2\/posts"}],"about":[{"href":"https:\/\/www.radiopiu.net\/wordpress\/wp-json\/wp\/v2\/types\/post"}],"author":[{"embeddable":true,"href":"https:\/\/www.radiopiu.net\/wordpress\/wp-json\/wp\/v2\/users\/4"}],"replies":[{"embeddable":true,"href":"https:\/\/www.radiopiu.net\/wordpress\/wp-json\/wp\/v2\/comments?post=425232"}],"version-history":[{"count":4,"href":"https:\/\/www.radiopiu.net\/wordpress\/wp-json\/wp\/v2\/posts\/425232\/revisions"}],"predecessor-version":[{"id":425283,"href":"https:\/\/www.radiopiu.net\/wordpress\/wp-json\/wp\/v2\/posts\/425232\/revisions\/425283"}],"wp:featuredmedia":[{"embeddable":true,"href":"https:\/\/www.radiopiu.net\/wordpress\/wp-json\/wp\/v2\/media\/346933"}],"wp:attachment":[{"href":"https:\/\/www.radiopiu.net\/wordpress\/wp-json\/wp\/v2\/media?parent=425232"}],"wp:term":[{"taxonomy":"category","embeddable":true,"href":"https:\/\/www.radiopiu.net\/wordpress\/wp-json\/wp\/v2\/categories?post=425232"},{"taxonomy":"post_tag","embeddable":true,"href":"https:\/\/www.radiopiu.net\/wordpress\/wp-json\/wp\/v2\/tags?post=425232"}],"curies":[{"name":"wp","href":"https:\/\/api.w.org\/{rel}","templated":true}]}}