{"id":425288,"date":"2024-12-18T05:49:05","date_gmt":"2024-12-18T04:49:05","guid":{"rendered":"https:\/\/www.radiopiu.net\/wordpress\/?p=425288"},"modified":"2024-12-18T08:42:45","modified_gmt":"2024-12-18T07:42:45","slug":"giornale-radiopiu-18-dicembre-2024-direttore-mirko-mezzacasada-41-anni-25-giugno-1983-25-giugno-2024","status":"publish","type":"post","link":"https:\/\/www.radiopiu.net\/wordpress\/giornale-radiopiu-18-dicembre-2024-direttore-mirko-mezzacasada-41-anni-25-giugno-1983-25-giugno-2024\/","title":{"rendered":"GIORNALE RADIOPIU 18 DICEMBRE 2024 DIRETTORE MIRKO MEZZACASA\u2026DA 41 ANNI 25 GIUGNO 1983-25 GIUGNO 2024"},"content":{"rendered":"<p>********<\/p>\n<p>&nbsp;<\/p>\n<p><em><span style=\"color: #ff0000;\"><a class=\"dt-pswp-item\" href=\"https:\/\/www.radiopiu.net\/wordpress\/wp-content\/uploads\/2024\/10\/Senza-nome-8.png\" data-dt-img-description=\"\" data-large_image_width=\"343\" data-large_image_height=\"303\"><img loading=\"lazy\" decoding=\"async\" class=\"wp-image-412130 alignleft\" src=\"https:\/\/www.radiopiu.net\/wordpress\/wp-content\/uploads\/2024\/10\/Senza-nome-8-300x265.png\" alt=\"\" width=\"105\" height=\"93\" srcset=\"https:\/\/www.radiopiu.net\/wordpress\/wp-content\/uploads\/2024\/10\/Senza-nome-8-300x265.png 300w, https:\/\/www.radiopiu.net\/wordpress\/wp-content\/uploads\/2024\/10\/Senza-nome-8.png 343w\" sizes=\"auto, (max-width: 105px) 100vw, 105px\" \/><\/a><\/span><\/em><strong><em><span style=\"color: #ff0000;\"> LA\u00a0 APP PER IOS-IPHONE di Nicola Vettorello<\/span><\/em><\/strong><\/p>\n<p><strong><span style=\"color: #0000ff;\"><a style=\"color: #0000ff;\" href=\"https:\/\/apps.apple.com\/it\/app\/radio-pi%C3%B9-emittente-agordina\/id1515939845\">https:\/\/apps.apple.com\/it\/app\/radio-pi%C3%B9-emittente-agordina\/id1515939845<\/a><\/span><\/strong><\/p>\n<p><strong><em style=\"color: #ff0000;\">LA\u00a0 APP RADIO\u00a0 PER ANDROID di Nicola Vettorello<\/em><\/strong><\/p>\n<p><strong><span style=\"color: #0000ff;\"><a style=\"color: #0000ff;\" href=\"https:\/\/play.google.com\/store\/apps\/details?id=net.radiopiu.iniko\" target=\"_blank\" rel=\"noopener noreferrer\">https:\/\/<\/a><a style=\"color: #0000ff;\" href=\"https:\/\/play.google.com\/store\/apps\/details?id=net.radiopiu.iniko\" target=\"_blank\" rel=\"noopener noreferrer\">play.google.com\/store\/apps\/details?id=net.radiopiu.iniko\u00a0\u00a0\u00a0<\/a><\/span><\/strong><\/p>\n<p>&nbsp;<\/p>\n<p>&nbsp;<\/p>\n<hr \/>\n<p>&nbsp;<\/p>\n<p><strong>OGGI A RADIO PIU&#8217;&#8230; TRA L&#8217;ALTRO:<\/strong>\u00a0 <span style=\"color: #ff0000;\">10 10\u00a0<\/span> CISL LA VOCE PER I LAVORATORI CON ALESSIO PICCOLI <span style=\"color: #ff0000;\">10.30\u00a0\u00a0<\/span> \u00a0SE NON LE SMETTI DI MANDO DAL PRESIDE CON LA PROF. MARIA ROSA SALMAZO <span style=\"color: #ff0000;\">15.10<\/span> BATTICINQUE, CON ALESSIO E MARINA, INCONTRI E SCONTRI GENERAZIONALI.<em> E DOMANI SERA&#8230; DIRETTA HOCKEY DA ALLEGHE FEDERICO PAGANIN RACCONTER\u00e0 <a class=\"dt-pswp-item\" href=\"https:\/\/www.radiopiu.net\/wordpress\/wp-content\/uploads\/2024\/11\/gsp-informa.jpg\" data-dt-img-description=\"\" data-large_image_width=\"1200\" data-large_image_height=\"670\"><img loading=\"lazy\" decoding=\"async\" class=\"size-medium wp-image-420210 alignleft\" src=\"https:\/\/www.radiopiu.net\/wordpress\/wp-content\/uploads\/2024\/11\/gsp-informa-300x168.jpg\" alt=\"\" width=\"300\" height=\"168\" srcset=\"https:\/\/www.radiopiu.net\/wordpress\/wp-content\/uploads\/2024\/11\/gsp-informa-300x168.jpg 300w, https:\/\/www.radiopiu.net\/wordpress\/wp-content\/uploads\/2024\/11\/gsp-informa-1024x572.jpg 1024w, https:\/\/www.radiopiu.net\/wordpress\/wp-content\/uploads\/2024\/11\/gsp-informa-768x429.jpg 768w, https:\/\/www.radiopiu.net\/wordpress\/wp-content\/uploads\/2024\/11\/gsp-informa.jpg 1200w\" sizes=\"auto, (max-width: 300px) 100vw, 300px\" \/><\/a>IL DERBY ALLEGHE-FELTRE CON IL COORDINAMENTO DALLO STUDIO DI MARCO GAZ<\/em><\/p>\n<blockquote>\n<h3>GSP INFORMA. CON BARBARA PAOLAZZI SuI RADIOPIU E RADIOCLUB103&#8230; LE ULTIME NOVITA&#8217; DA GSP OGGI ALLE 19.20<\/h3>\n<h3>NELL&#8217;APPROFONDIMENTO AL GR PRINCIPALE DELLE 12.30 speciale OLIMPIADI, LA TRASMISSIONE SULLE 3 RADIO DI ANDREA CHICCA<\/h3>\n<\/blockquote>\n<p>rassegna stampa nazionale, ogni giorno alle 5 e alle 6 del mattino.<br \/>\ngiornali locali 7 rassegna stampa flash, 8 rassegna stampa, gr flash alle 10 e alle 11, principale 12.30. Informazione pomeriggio ogni ora fino alle 20, in coda ai notiziari nazionali. Giornale radio nazionale: ogni ora dalle 4 del mattino, alle 20 della sera. Alle 19 le anticipazioni dal TG di Antenna 3 di Tiziana Bolognani.<\/p>\n<p>&nbsp;<\/p>\n<p><strong>rassegna stampa nazionale,<\/strong> ogni giorno alle 5 e alle 6 del mattino.<br \/>\ngiornali locali 7 rassegna stampa flash, 8 rassegna stampa, gr flash alle 10 e alle 11, principale 12.30. Informazione pomeriggio ogni ora fino alle 20, in coda ai notiziari nazionali. Giornale radio nazionale: ogni ora dalle 4 del mattino, alle 20 della sera. Alle 19 le anticipazioni dal TG di Antenna 3 di Tiziana Bolognani.<\/p>\n<p>&nbsp;<\/p>\n<p>&nbsp;<\/p>\n<hr \/>\n<p>&nbsp;<\/p>\n<p>&nbsp;<\/p>\n<div class=\"x11i5rnm xat24cr x1mh8g0r x1vvkbs xtlvy1s x126k92a\">\n<div dir=\"auto\">\n<div dir=\"auto\">\n<p><strong><a class=\"dt-pswp-item\" href=\"https:\/\/www.radiopiu.net\/wordpress\/wp-content\/uploads\/2024\/02\/2d44e751-d8a8-461b-8e22-d8e4e853b032.jpg\" data-dt-img-description=\"\" data-large_image_width=\"1600\" data-large_image_height=\"1200\"><img loading=\"lazy\" decoding=\"async\" class=\"wp-image-373307 alignleft\" src=\"https:\/\/www.radiopiu.net\/wordpress\/wp-content\/uploads\/2024\/02\/2d44e751-d8a8-461b-8e22-d8e4e853b032-300x225.jpg\" alt=\"\" width=\"105\" height=\"79\" srcset=\"https:\/\/www.radiopiu.net\/wordpress\/wp-content\/uploads\/2024\/02\/2d44e751-d8a8-461b-8e22-d8e4e853b032-300x225.jpg 300w, https:\/\/www.radiopiu.net\/wordpress\/wp-content\/uploads\/2024\/02\/2d44e751-d8a8-461b-8e22-d8e4e853b032-1024x768.jpg 1024w, https:\/\/www.radiopiu.net\/wordpress\/wp-content\/uploads\/2024\/02\/2d44e751-d8a8-461b-8e22-d8e4e853b032-768x576.jpg 768w, https:\/\/www.radiopiu.net\/wordpress\/wp-content\/uploads\/2024\/02\/2d44e751-d8a8-461b-8e22-d8e4e853b032-1536x1152.jpg 1536w, https:\/\/www.radiopiu.net\/wordpress\/wp-content\/uploads\/2024\/02\/2d44e751-d8a8-461b-8e22-d8e4e853b032.jpg 1600w\" sizes=\"auto, (max-width: 105px) 100vw, 105px\" \/><\/a>EL BAL DEL FIOR, DI GIULIANA DA RONCH, 18 DICEMBRE<\/strong><strong>\u00a02024<\/strong><\/p>\n<\/div>\n<\/div>\n<\/div>\n<div><\/div>\n<div>\n<audio class=\"wp-audio-shortcode\" id=\"audio-425288-1\" preload=\"none\" style=\"width: 100%;\" controls=\"controls\"><source type=\"audio\/mpeg\" src=\"https:\/\/www.radiopiu.net\/wordpress\/wp-content\/uploads\/2024\/12\/GME-2.mp3?_=1\" \/><a href=\"https:\/\/www.radiopiu.net\/wordpress\/wp-content\/uploads\/2024\/12\/GME-2.mp3\">https:\/\/www.radiopiu.net\/wordpress\/wp-content\/uploads\/2024\/12\/GME-2.mp3<\/a><\/audio>\n<p>&nbsp;<\/p>\n<\/div>\n<p>&nbsp;<\/p>\n<div class=\"x11i5rnm xat24cr x1mh8g0r x1vvkbs xtlvy1s x126k92a\">\n<p>&nbsp;<\/p>\n<hr \/>\n<p>&nbsp;<\/p>\n<p>&nbsp;<\/p>\n<blockquote>\n<h1><strong><a class=\"dt-pswp-item\" href=\"https:\/\/www.radiopiu.net\/wordpress\/wp-content\/uploads\/2024\/10\/629301fd-708d-4f53-95c2-d28cbefd500f.jpg\" data-dt-img-description=\"\" data-large_image_width=\"1600\" data-large_image_height=\"1322\"><img loading=\"lazy\" decoding=\"async\" class=\"wp-image-413782 alignright\" src=\"https:\/\/www.radiopiu.net\/wordpress\/wp-content\/uploads\/2024\/10\/629301fd-708d-4f53-95c2-d28cbefd500f-300x248.jpg\" alt=\"\" width=\"106\" height=\"88\" srcset=\"https:\/\/www.radiopiu.net\/wordpress\/wp-content\/uploads\/2024\/10\/629301fd-708d-4f53-95c2-d28cbefd500f-300x248.jpg 300w, https:\/\/www.radiopiu.net\/wordpress\/wp-content\/uploads\/2024\/10\/629301fd-708d-4f53-95c2-d28cbefd500f-1024x846.jpg 1024w, https:\/\/www.radiopiu.net\/wordpress\/wp-content\/uploads\/2024\/10\/629301fd-708d-4f53-95c2-d28cbefd500f-768x635.jpg 768w, https:\/\/www.radiopiu.net\/wordpress\/wp-content\/uploads\/2024\/10\/629301fd-708d-4f53-95c2-d28cbefd500f-1536x1269.jpg 1536w, https:\/\/www.radiopiu.net\/wordpress\/wp-content\/uploads\/2024\/10\/629301fd-708d-4f53-95c2-d28cbefd500f.jpg 1600w\" sizes=\"auto, (max-width: 106px) 100vw, 106px\" \/><\/a><\/strong><\/h1>\n<h1><strong><a class=\"dt-pswp-item\" href=\"https:\/\/www.radiopiu.net\/wordpress\/wp-content\/uploads\/2024\/11\/th-18.jpg\" data-dt-img-description=\"\" data-large_image_width=\"156\" data-large_image_height=\"180\"><img loading=\"lazy\" decoding=\"async\" class=\"size-full wp-image-421611 alignleft\" src=\"https:\/\/www.radiopiu.net\/wordpress\/wp-content\/uploads\/2024\/11\/th-18.jpg\" alt=\"\" width=\"156\" height=\"180\" \/><\/a><\/strong><\/h1>\n<h1><strong>N di parom &#8211; L Almanach de la nosta jent<\/strong><\/h1>\n<\/blockquote>\n<p>&nbsp;<\/p>\n<p>Le voci: Davide Conedera, Agordo, Michela Dell&#8217;Osbel, La Valle Agordina Simone Ganz, Falcade Veronica Lezuo, Colle Santa Lucia. La voce nella sigla \u00e8 di Giorgia Taio<\/p>\n<p>&nbsp;<\/p>\n<p><strong>LA PUNTATA DI OGGI, 18 DICEMBRE<\/strong><\/p>\n<audio class=\"wp-audio-shortcode\" id=\"audio-425288-2\" preload=\"none\" style=\"width: 100%;\" controls=\"controls\"><source type=\"audio\/mpeg\" src=\"https:\/\/www.radiopiu.net\/wordpress\/wp-content\/uploads\/2024\/12\/AL3-2.mp3?_=2\" \/><a href=\"https:\/\/www.radiopiu.net\/wordpress\/wp-content\/uploads\/2024\/12\/AL3-2.mp3\">https:\/\/www.radiopiu.net\/wordpress\/wp-content\/uploads\/2024\/12\/AL3-2.mp3<\/a><\/audio>\n<\/div>\n<div class=\"x11i5rnm xat24cr x1mh8g0r x1vvkbs xtlvy1s x126k92a\">\n<p>&nbsp;<\/p>\n<p>&nbsp;<\/p>\n<div dir=\"auto\">\n<hr \/>\n<\/div>\n<\/div>\n<blockquote>\n<blockquote>\n<h1><span style=\"color: #ff0000;\">\u00a0<\/span><\/h1>\n<h1><span style=\"color: #ff0000;\">I podcast informativi del mattino &#8211; audio &#8211;\u00a0\u00a0<\/span><\/h1>\n<\/blockquote>\n<p><strong><a class=\"dt-pswp-item\" href=\"https:\/\/www.radiopiu.net\/wordpress\/wp-content\/uploads\/2024\/11\/6.jpg\" data-dt-img-description=\"\" data-large_image_width=\"177\" data-large_image_height=\"180\"><img loading=\"lazy\" decoding=\"async\" class=\"size-full wp-image-417911 alignleft\" src=\"https:\/\/www.radiopiu.net\/wordpress\/wp-content\/uploads\/2024\/11\/6.jpg\" alt=\"\" width=\"177\" height=\"180\" \/><\/a>LA RASSEGNA STAMPA NAZIONALE ALLA RADIO, OGNI GIORNO ALLE 5 E ALLE 6 DEL MATTINO <span style=\"color: #0000ff;\">viene pubblicata alle 6.00 <span style=\"color: #ff0000;\">DIRETTA RADIO\u00a0 \u00a0\u00a0<\/span><\/span><\/strong><\/p><\/blockquote>\n<p>&nbsp;<\/p>\n<p><strong>NOTIZIE DELLA NOTTE<\/strong><\/p>\n<p><strong>La speleologa<\/strong> Ottavia Piana estratta dalla grotta <strong>Onu<\/strong>, processo politico in Siria sia inclusivo<br \/>\n<strong>Barca sovraffollata<\/strong> si rovescia in Congo, almeno 25 morti <strong>Azioni Nissan<\/strong> sospese in Borsa a Tokyo dopo le voci di fusione <strong>Alla Borsa di Tokyo<\/strong> apertura in ribasso (-0,45%) <strong>Chiuso l&#8217;esame della manovra in commissione<\/strong>, testo va in Aula <strong>Usa,<\/strong> centinaia soldati nordcoreani morti o feriti in Kursk<br \/>\n<strong>Per i ministri<\/strong> non parlamentari arrivano rimborsi per trasferte<\/p>\n<h2>AUDIO dalle 6 del mattino<\/h2>\n<audio class=\"wp-audio-shortcode\" id=\"audio-425288-3\" preload=\"none\" style=\"width: 100%;\" controls=\"controls\"><source type=\"audio\/mpeg\" src=\"https:\/\/www.radiopiu.net\/wordpress\/wp-content\/uploads\/2024\/12\/GIORNALEDELLESEI-15.mp3?_=3\" \/><a href=\"https:\/\/www.radiopiu.net\/wordpress\/wp-content\/uploads\/2024\/12\/GIORNALEDELLESEI-15.mp3\">https:\/\/www.radiopiu.net\/wordpress\/wp-content\/uploads\/2024\/12\/GIORNALEDELLESEI-15.mp3<\/a><\/audio>\n<p>&nbsp;<\/p>\n<p>&nbsp;<\/p>\n<p>&nbsp;<\/p>\n<hr \/>\n<p>&nbsp;<\/p>\n<h1 style=\"text-align: center;\"><span style=\"color: #ff0000;\"><a class=\"dt-pswp-item\" href=\"https:\/\/www.radiopiu.net\/wordpress\/wp-content\/uploads\/2024\/11\/7.jpg\" data-dt-img-description=\"\" data-large_image_width=\"180\" data-large_image_height=\"180\"><img loading=\"lazy\" decoding=\"async\" class=\"size-full wp-image-417912 alignleft\" src=\"https:\/\/www.radiopiu.net\/wordpress\/wp-content\/uploads\/2024\/11\/7.jpg\" alt=\"\" width=\"180\" height=\"180\" srcset=\"https:\/\/www.radiopiu.net\/wordpress\/wp-content\/uploads\/2024\/11\/7.jpg 180w, https:\/\/www.radiopiu.net\/wordpress\/wp-content\/uploads\/2024\/11\/7-150x150.jpg 150w\" sizes=\"auto, (max-width: 180px) 100vw, 180px\" \/><\/a>I podcast informativi del mattino &#8211; audio &#8211;\u00a0<\/span><\/h1>\n<p><strong>OGNI GIORNO ALLE SETTE DEL MATTINO, LA RASSEGNA STAMPA LOCALE FLASH&#8230; PER CHI VA IN FRETTA. I TITOLI DAI GIORNALI E DAL SITO WWW.RADIOPIU.NET <span style=\"color: #0000ff;\">viene pubblicato alle 7.00<\/span> <span style=\"color: #ff0000;\">DIRETTA RADIO\u00a0<\/span><\/strong><\/p>\n<p><em><span style=\"color: #ff0000;\">per chi va in fretta&#8230; tante notizie in pochi minuti. L&#8217;informazione locale alla radio, ogni ora dalle 7 del mattino alle 19 della sera.<\/span><\/em><\/p>\n<h1><\/h1>\n<h1>AUDIO dalle 7 del mattino<\/h1>\n<audio class=\"wp-audio-shortcode\" id=\"audio-425288-4\" preload=\"none\" style=\"width: 100%;\" controls=\"controls\"><source type=\"audio\/mpeg\" src=\"https:\/\/www.radiopiu.net\/wordpress\/wp-content\/uploads\/2024\/12\/GF07-14.mp3?_=4\" \/><a href=\"https:\/\/www.radiopiu.net\/wordpress\/wp-content\/uploads\/2024\/12\/GF07-14.mp3\">https:\/\/www.radiopiu.net\/wordpress\/wp-content\/uploads\/2024\/12\/GF07-14.mp3<\/a><\/audio>\n<p>&nbsp;<\/p>\n<hr \/>\n<p>&nbsp;<\/p>\n<h1><\/h1>\n<h1 style=\"text-align: center;\"><span style=\"color: #ff0000;\"><a class=\"dt-pswp-item\" href=\"https:\/\/www.radiopiu.net\/wordpress\/wp-content\/uploads\/2024\/11\/th.jpg\" data-dt-img-description=\"\" data-large_image_width=\"148\" data-large_image_height=\"179\"><img loading=\"lazy\" decoding=\"async\" class=\"size-full wp-image-417913 alignleft\" src=\"https:\/\/www.radiopiu.net\/wordpress\/wp-content\/uploads\/2024\/11\/th.jpg\" alt=\"\" width=\"148\" height=\"179\" \/><\/a>I podcast informativi del mattino &#8211; audio &#8211;\u00a0<\/span><\/h1>\n<blockquote><p><strong>GIORNALE RADIO NAZIONALE, EDIZIONE DELLE SETTE <span style=\"color: #0000ff;\">viene pubblicato alle 7.05 <span style=\"color: #ff0000;\">DIRETTA RADIO\u00a0<\/span><\/span><\/strong><\/p><\/blockquote>\n<p><strong>il giornale radionazionale e&#8217; in onda ogni ora, dalle sette del mattino alle venti della sera\u00a0 \u00a0<\/strong><strong>\u00a0<\/strong><\/p>\n<p>&nbsp;<\/p>\n<p><strong>MONCALIERI<\/strong> Coniugi trovati morti in casa, l&#8217;ombra del femminicidio <strong>AOSTA<\/strong> Il caso &#8216;La corteggia, non \u00e8 stalking&#8217;, il Tar annulla l&#8217;ammonimento del questore <strong>ROMA<\/strong> Gi\u00e0 in carcere per l&#8217;inchiesta sulle curve &#8216;Tonnellate di hashish&#8217;, nuovo arresto per il capo ultr\u00e0 Luca Lucci <strong>ROMA<\/strong> Negli ultimi 10 anni sono arrivati via mare in Italia oltre 120 mila minori soli Solo 1 su 5 risulta essere stato accolto in una famiglia <strong>CALTANISSETA<\/strong> Anziani legati in sedia a rotelle in casa di riposo, 9 arresti Indagine dei carabinieri <strong>CALZENZANO<\/strong> \u00a0da gennaio audizioni in Commissione d&#8217;inchiesta Sentir\u00e0 subito Eni, rappresentanti dei lavoratori, Vigili del fuoco <strong>ROMA<\/strong> Stupro di Capodanno, imputato condannato a 5 anni e mezzo. Dopo la sentenza dice: &#8216;Non mi ammazza nulla, rido&#8217; <strong>NAPOLI<\/strong> Camorra, 53 ordinanze cautelari contro il clan Amato PaganoIndagini condotte da Direzione distrettuale antimafia<\/p>\n<p><span style=\"color: #ff0000;\"><span style=\"color: #0000ff;\">CRONACA<\/span> EDIZIONE DELLA SERA , DEL 17 DICEMBRE 2024 EDIZIONE DI IERI, 20.00<\/span><\/p>\n<audio class=\"wp-audio-shortcode\" id=\"audio-425288-5\" preload=\"none\" style=\"width: 100%;\" controls=\"controls\"><source type=\"audio\/mpeg\" src=\"https:\/\/www.radiopiu.net\/wordpress\/wp-content\/uploads\/2024\/12\/giornale07-29.mp3?_=5\" \/><a href=\"https:\/\/www.radiopiu.net\/wordpress\/wp-content\/uploads\/2024\/12\/giornale07-29.mp3\">https:\/\/www.radiopiu.net\/wordpress\/wp-content\/uploads\/2024\/12\/giornale07-29.mp3<\/a><\/audio>\n<p>&nbsp;<\/p>\n<p><span style=\"color: #ff0000;\"><span style=\"color: #0000ff;\">SPORT<\/span> EDIZIONE DELLE 19, DEL 17 DICEMBRE 2024, LO SPORT EDIZIONE DI IERI<\/span><\/p>\n<audio class=\"wp-audio-shortcode\" id=\"audio-425288-6\" preload=\"none\" style=\"width: 100%;\" controls=\"controls\"><source type=\"audio\/mpeg\" src=\"https:\/\/www.radiopiu.net\/wordpress\/wp-content\/uploads\/2024\/12\/gr-sport-15.mp3?_=6\" \/><a href=\"https:\/\/www.radiopiu.net\/wordpress\/wp-content\/uploads\/2024\/12\/gr-sport-15.mp3\">https:\/\/www.radiopiu.net\/wordpress\/wp-content\/uploads\/2024\/12\/gr-sport-15.mp3<\/a><\/audio>\n<p>&nbsp;<\/p>\n<h2><span style=\"color: #ff0000;\"><span style=\"color: #0000ff;\">ULTIM&#8217;ORA<\/span> AUDIO dalle sette del mattino, ogni ora alla radio EDIZIONE DELLE SETTE<\/span><\/h2>\n<audio class=\"wp-audio-shortcode\" id=\"audio-425288-7\" preload=\"none\" style=\"width: 100%;\" controls=\"controls\"><source type=\"audio\/mpeg\" src=\"https:\/\/www.radiopiu.net\/wordpress\/wp-content\/uploads\/2024\/12\/giornale07-30.mp3?_=7\" \/><a href=\"https:\/\/www.radiopiu.net\/wordpress\/wp-content\/uploads\/2024\/12\/giornale07-30.mp3\">https:\/\/www.radiopiu.net\/wordpress\/wp-content\/uploads\/2024\/12\/giornale07-30.mp3<\/a><\/audio>\n<p>&nbsp;<\/p>\n<p>&nbsp;<\/p>\n<hr \/>\n<p>&nbsp;<\/p>\n<p>&nbsp;<\/p>\n<h1><span style=\"color: #ff0000;\"><a class=\"dt-pswp-item\" href=\"https:\/\/www.radiopiu.net\/wordpress\/wp-content\/uploads\/2024\/11\/8.jpg\" data-dt-img-description=\"\" data-large_image_width=\"180\" data-large_image_height=\"180\"><img loading=\"lazy\" decoding=\"async\" class=\"size-full wp-image-417910 alignleft\" src=\"https:\/\/www.radiopiu.net\/wordpress\/wp-content\/uploads\/2024\/11\/8.jpg\" alt=\"\" width=\"180\" height=\"180\" srcset=\"https:\/\/www.radiopiu.net\/wordpress\/wp-content\/uploads\/2024\/11\/8.jpg 180w, https:\/\/www.radiopiu.net\/wordpress\/wp-content\/uploads\/2024\/11\/8-150x150.jpg 150w\" sizes=\"auto, (max-width: 180px) 100vw, 180px\" \/><\/a>I podcast informativi del mattino &#8211; video &#8211;\u00a0<\/span><\/h1>\n<h2 style=\"text-align: left;\"><strong>RASSEGNA STAMPA LOCALE, ORE OTTO<\/strong><\/h2>\n<h2><strong> <span style=\"color: #0000ff;\">viene\u00a0 <\/span><\/strong><strong><span style=\"color: #0000ff;\">pubblicata alle 8.05 <span style=\"color: #ff0000;\">DIRETTA RADIO\u00a0 \u00a0<\/span><\/span><\/strong><strong>DI MIRKO MEZZACASA<\/strong><\/h2>\n<h2><span style=\"color: #ff0000;\"><strong>\u00a0<\/strong><\/span><\/h2>\n<h2><span style=\"color: #ff0000;\"><strong>\u00a0<\/strong><\/span><\/h2>\n<h1><span style=\"color: #ff0000;\"><strong>VIDEO\u00a0 \u00a0in diretta dalle 8 del mattino\u00a0 \u00a0per ASCOLTARE <\/strong><\/span><\/h1>\n<blockquote>\n<h1 style=\"text-align: center;\">CLICCA QUI<\/h1>\n<\/blockquote>\n<p><a class=\"dt-pswp-item\" href=\"https:\/\/www.radiopiu.net\/wordpress\/wp-content\/uploads\/2024\/11\/coop1-1.png\" data-dt-img-description=\"\" data-large_image_width=\"602\" data-large_image_height=\"375\">\u00a0<\/a><\/p>\n\n\t\t\t<style type='text\/css'>\n\t\t\t\t#gallery-1 {\n\t\t\t\t\tmargin: auto;\n\t\t\t\t}\n\t\t\t\t#gallery-1 .gallery-item {\n\t\t\t\t\tfloat: left;\n\t\t\t\t\tmargin-top: 10px;\n\t\t\t\t\ttext-align: center;\n\t\t\t\t\twidth: 50%;\n\t\t\t\t}\n\t\t\t\t#gallery-1 img {\n\t\t\t\t\tborder: 2px solid #cfcfcf;\n\t\t\t\t}\n\t\t\t\t#gallery-1 .gallery-caption {\n\t\t\t\t\tmargin-left: 0;\n\t\t\t\t}\n\t\t\t\t\/* see gallery_shortcode() in wp-includes\/media.php *\/\n\t\t\t<\/style>\n\t\t<div id='gallery-1' class='dt-gallery-container gallery galleryid-425288 gallery-columns-2 gallery-size-medium'><dl class='gallery-item'>\n\t\t\t\t<dt class='gallery-icon landscape'>\n\t\t\t\t\t<a class=\"rollover rollover-zoom dt-pswp-item\" title=\"COOP2\" data-dt-img-description=\"\" data-large_image_width=\"474\" data-large_image_height=\"250\"href='https:\/\/www.radiopiu.net\/wordpress\/wp-content\/uploads\/2024\/12\/COOP2-8.png'><img loading=\"lazy\" decoding=\"async\" width=\"300\" height=\"158\" src=\"https:\/\/www.radiopiu.net\/wordpress\/wp-content\/uploads\/2024\/12\/COOP2-8-300x158.png\" class=\"attachment-medium size-medium\" alt=\"\" srcset=\"https:\/\/www.radiopiu.net\/wordpress\/wp-content\/uploads\/2024\/12\/COOP2-8-300x158.png 300w, https:\/\/www.radiopiu.net\/wordpress\/wp-content\/uploads\/2024\/12\/COOP2-8.png 474w\" sizes=\"auto, (max-width: 300px) 100vw, 300px\" \/><\/a>\n\t\t\t\t<\/dt><\/dl><dl class='gallery-item'>\n\t\t\t\t<dt class='gallery-icon landscape'>\n\t\t\t\t\t<a class=\"rollover rollover-zoom dt-pswp-item\" title=\"COOP1\" data-dt-img-description=\"\" data-large_image_width=\"638\" data-large_image_height=\"296\"href='https:\/\/www.radiopiu.net\/wordpress\/wp-content\/uploads\/2024\/12\/COOP1-6.png'><img loading=\"lazy\" decoding=\"async\" width=\"300\" height=\"139\" src=\"https:\/\/www.radiopiu.net\/wordpress\/wp-content\/uploads\/2024\/12\/COOP1-6-300x139.png\" class=\"attachment-medium size-medium\" alt=\"\" srcset=\"https:\/\/www.radiopiu.net\/wordpress\/wp-content\/uploads\/2024\/12\/COOP1-6-300x139.png 300w, https:\/\/www.radiopiu.net\/wordpress\/wp-content\/uploads\/2024\/12\/COOP1-6.png 638w\" sizes=\"auto, (max-width: 300px) 100vw, 300px\" \/><\/a>\n\t\t\t\t<\/dt><\/dl><br style=\"clear: both\" \/>\n\t\t\t<\/div>\n\n<p>&nbsp;<\/p>\n<hr \/>\n<p>&nbsp;<\/p>\n<p>&nbsp;<\/p>\n<p><strong><a class=\"dt-pswp-item\" href=\"https:\/\/www.radiopiu.net\/wordpress\/wp-content\/uploads\/2023\/12\/ANTENNA.png\" data-dt-img-description=\"\" data-large_image_width=\"300\" data-large_image_height=\"166\"><img loading=\"lazy\" decoding=\"async\" class=\"wp-image-366306 alignright\" src=\"https:\/\/www.radiopiu.net\/wordpress\/wp-content\/uploads\/2023\/12\/ANTENNA.png\" alt=\"\" width=\"101\" height=\"56\" \/><\/a><a class=\"dt-pswp-item\" href=\"https:\/\/www.radiopiu.net\/wordpress\/wp-content\/uploads\/2024\/11\/th-17.jpg\" data-dt-img-description=\"\" data-large_image_width=\"224\" data-large_image_height=\"180\"><img loading=\"lazy\" decoding=\"async\" class=\" wp-image-421610 alignleft\" src=\"https:\/\/www.radiopiu.net\/wordpress\/wp-content\/uploads\/2024\/11\/th-17.jpg\" alt=\"\" width=\"167\" height=\"134\" \/><\/a>ogni sera alle 19 le anticipazioni alla radio, quello che poi seguirete nel TELEGIORNALE BELLUNESE\u00a0 in onda alle 19.30 sul CANALE 10 del digitale terrestre.\u00a0\u00a0<\/strong><\/p>\n<p>&nbsp;<\/p>\n<p>&nbsp;<\/p>\n<p>&nbsp;<\/p>\n<p><strong>LE ANTICIPAZIONI DI TIZIANA BOLOGNANI<\/strong><\/p>\n<audio class=\"wp-audio-shortcode\" id=\"audio-425288-8\" preload=\"none\" style=\"width: 100%;\" controls=\"controls\"><source type=\"audio\/mpeg\" src=\"https:\/\/www.radiopiu.net\/wordpress\/wp-content\/uploads\/2024\/12\/ANTENNA3-11.mp3?_=8\" \/><a href=\"https:\/\/www.radiopiu.net\/wordpress\/wp-content\/uploads\/2024\/12\/ANTENNA3-11.mp3\">https:\/\/www.radiopiu.net\/wordpress\/wp-content\/uploads\/2024\/12\/ANTENNA3-11.mp3<\/a><\/audio>\n<p>&nbsp;<\/p>\n<hr \/>\n<p>&nbsp;<\/p>\n<blockquote>\n<h3>ACQUA NON POTABILE A CENCENIGHE<\/h3>\n<\/blockquote>\n<p><strong>CENCENIGHE<\/strong> Gestione Servizi Pubblici informa che a Cencenighe in localit\u00e0 Pr\u00e0 Di Mezzo l&#8217;acqua erogata dall&#8217;acquedotto non \u00e8 potabile e non pu\u00f2 essere usata per scopi alimentari. Verr\u00e0 effettuato servizio sostitutivo con cisterna in localit\u00e0 Pr\u00e0 di Mezzo.<\/p>\n<div class=\"moz-text-html\" lang=\"x-unicode\"><b>\u00a0<\/b><\/div>\n<blockquote>\n<h3>\u00a0 33 DI SAURIS: CHIUSA PER NEVE<\/h3>\n<\/blockquote>\n<p><img loading=\"lazy\" decoding=\"async\" class=\"alignleft\" src=\"https:\/\/www.radiopiu.net\/wordpress\/wp-content\/uploads\/2024\/12\/Senza-nome-54.png\" width=\"148\" height=\"85\" \/><\/p>\n<p><strong>VENETO STRADE<\/strong> informa che la provinciale 33 di Sauris, in Comune di Vigo di Cadore alle 17 di ieri D \u00e8 totalmente chiusa, lo rimarr\u00e0 fino alle ripristinate condizioni di sicurezza, ovvero al termine del periodo invernale .<\/p>\n<p>&nbsp;<\/p>\n<p>&nbsp;<\/p>\n<hr \/>\n<p>&nbsp;<\/p>\n<blockquote>\n<h3>ULTIM&#8217;ORA: TRASPORTATA IN OSPEDALE LA SPELEOLOGA INFORTUNATASI<\/h3>\n<\/blockquote>\n<p>&nbsp;<\/p>\n<div dir=\"auto\"><img loading=\"lazy\" decoding=\"async\" class=\"alignleft\" src=\"https:\/\/www.radiopiu.net\/wordpress\/wp-content\/uploads\/2024\/12\/IMG-20241216-WA0003.jpg\" width=\"222\" height=\"296\" \/><\/div>\n<div dir=\"auto\">\n<div dir=\"auto\">\n<div dir=\"auto\">\n<div dir=\"auto\"><strong>*Aggiornamento dalla grotta Abisso Bueno Fonteno &#8211; 18\/12, ore 4:45:*<\/strong><\/div>\n<div dir=\"auto\"><\/div>\n<div dir=\"auto\">Alle ore 2:59 del 18 dicembre i soccorritori hanno raggiunto l\u2019uscita insieme alla barella con la speleologa infortunatasi in un\u2019area esplorativa della grotta Abisso Bueno Fonteno nel pomeriggio di sabato scorso.<\/div>\n<div dir=\"auto\"><\/div>\n<div dir=\"auto\">Le attivit\u00e0 di soccorso, iniziate alla mezzanotte del 15 dicembre, si sono concluse in anticipo rispetto alle tempistiche stimate e hanno visto l&#8217;impiego di 159 tecnici del Corpo Nazionale Soccorso Alpino e Speleologico provenienti da 13 regioni italiane. Determinante \u00e8 stata la sinergia tra le varie squadre che si sono avvicendate durante la missione di recupero, in cui la donna infortunata \u00e8 stata costantemente monitorata e assistita da un totale di 6 medici e 8 infermieri del Soccorso Alpino e Speleologico. Una volta uscita dalla grotta, la barella \u00e8 stata trasferita dalle squadre del Soccorso Alpino e Speleologico in un\u2019area in cui i Vigili del fuoco hanno predisposto un punto idoneo al recupero dell&#8217;elisoccorso tramite verricello. La donna, una volta presa in carico dall\u2019eliambulanza di AREU 118, \u00e8 stata trasportata presso l\u2019Ospedale di Bergamo. Le operazioni di soccorso si sono protratte ininterrottamente per 75 ore.<\/div>\n<\/div>\n<\/div>\n<\/div>\n<p>&nbsp;<\/p>\n<p>&nbsp;<\/p>\n<hr \/>\n<p>&nbsp;<\/p>\n<blockquote>\n<h2>Trevignano: muore dopo un viaggio in Congo, accertamenti in corso<\/h2>\n<\/blockquote>\n<p><img loading=\"lazy\" decoding=\"async\" class=\"alignleft\" src=\"https:\/\/www.radiopiu.net\/wordpress\/wp-content\/uploads\/2024\/12\/Senza-nome-88.png\" width=\"271\" height=\"173\" \/>Andrea Poloni, 55 anni, \u00e8 morto nella sua casa a Trevignano (Treviso) pochi giorni dopo essere rientrato da un viaggio nella Repubblica Democratica del Congo. Accusava sintomi come febbre e dolori, ma non si era rivolto a un medico. Si sospetta la \u201cmalattia del Congo\u201d, che ha causato oltre 140 vittime in Africa. La Regione Veneto ha attivato misure di prevenzione, tra cui l\u2019isolamento fiduciario per la figlia dell\u2019uomo. Sono in corso accertamenti diagnostici in collaborazione con l&#8217;Istituto Spallanzani. La malattia, con sintomi simili all\u2019influenza, non \u00e8 ancora chiaramente definita. Il sindaco di Trevignano e l\u2019Ulss 2 monitorano la situazione, ma non sono richieste misure straordinarie per la comunit\u00e0 locale.<\/p>\n<p>Lutto anche nel feltrino, la compagna da quarant&#8217;anni \u00e8 infatti di Quero, attualmente ancora in Africa con la sua associazione per aprire un laboratorio tessile, decisa ad andare avanti per continuare nel progetto onorando la memoria di Andrea.<\/p>\n<p>&nbsp;<\/p>\n<hr \/>\n<p>&nbsp;<\/p>\n<blockquote>\n<h2>Cortina d\u2019Ampezzo: 75enne trovata morta in casa<\/h2>\n<\/blockquote>\n<p><strong>CORTINA<\/strong> Elisa Buzzat, 75 anni, \u00e8 stata trovata senza vita nella sua abitazione a Cortina d\u2019Ampezzo ieri\u00a0 mattina intorno alle 10, dopo la segnalazione di un vicino. Carabinieri e vigili del fuoco sono intervenuti sul posto, forzando la porta d\u2019ingresso per accedere all\u2019appartamento. I soccorritori, purtroppo, non hanno potuto fare nulla per la donna. Le cause del decesso sono state attribuite a motivi naturali.<\/p>\n<p>&nbsp;<\/p>\n<p>&nbsp;<\/p>\n<hr \/>\n<blockquote>\n<h3><\/h3>\n<h3>INCIDENTE A MEL: UN FERITO LIEVE<\/h3>\n<\/blockquote>\n<p><strong><a class=\"dt-pswp-item\" href=\"https:\/\/www.radiopiu.net\/wordpress\/wp-content\/uploads\/2024\/12\/MEL.png\" data-dt-img-description=\"\" data-large_image_width=\"567\" data-large_image_height=\"345\"><img loading=\"lazy\" decoding=\"async\" class=\" wp-image-425330 alignleft\" src=\"https:\/\/www.radiopiu.net\/wordpress\/wp-content\/uploads\/2024\/12\/MEL-300x183.png\" alt=\"\" width=\"144\" height=\"88\" srcset=\"https:\/\/www.radiopiu.net\/wordpress\/wp-content\/uploads\/2024\/12\/MEL-300x183.png 300w, https:\/\/www.radiopiu.net\/wordpress\/wp-content\/uploads\/2024\/12\/MEL.png 567w\" sizes=\"auto, (max-width: 144px) 100vw, 144px\" \/><\/a>BORGO VALBELLUNA<\/strong> Nella mattinata di ieri un incidente ha causato alcuni disagi alla viabilit\u00e0 a Mel di Borgo Valbelluna. Una donna di 40 anni \u00e8 stata soccorsa dal personale del Suem 118. La paziente \u00e8 stata poi portata all&#8217;ospedale di feltre con ferite lievi. Sul posto anche i Vigili del Fuoco e i Carabinieri per i rilievi di legge.<\/p>\n<p>&nbsp;<\/p>\n<p>&nbsp;<\/p>\n<hr \/>\n<p>&nbsp;<\/p>\n<blockquote>\n<h3>AUMENTANO DEL 50% I PREZZI DI ENERGIA E GAS IN ITALIA NEL 2024<\/h3>\n<\/blockquote>\n<p><strong><a class=\"dt-pswp-item\" href=\"https:\/\/www.radiopiu.net\/wordpress\/wp-content\/uploads\/2021\/03\/THINK-THANK-NORD-EST.png\" data-dt-img-description=\"\" data-large_image_width=\"340\" data-large_image_height=\"292\"><img loading=\"lazy\" decoding=\"async\" class=\" wp-image-197788 alignleft\" src=\"https:\/\/www.radiopiu.net\/wordpress\/wp-content\/uploads\/2021\/03\/THINK-THANK-NORD-EST-300x258.png\" alt=\"\" width=\"191\" height=\"164\" srcset=\"https:\/\/www.radiopiu.net\/wordpress\/wp-content\/uploads\/2021\/03\/THINK-THANK-NORD-EST-300x258.png 300w, https:\/\/www.radiopiu.net\/wordpress\/wp-content\/uploads\/2021\/03\/THINK-THANK-NORD-EST.png 340w\" sizes=\"auto, (max-width: 191px) 100vw, 191px\" \/><\/a>ROMA<\/strong> Si \u00e8 tenuto oggi a Roma il convegno <em>\u201cIl Peso dell\u2019Energia, come ridurre il gap di prezzi tra Italia e Europa\u201d<\/em>, organizzato da A.R.T.E. e Think Tank Nord Est su iniziativa del senatore Francesco Silvestro. L\u2019incontro ha analizzato l\u2019aumento dei prezzi dell\u2019energia nel 2024: il gas ha raggiunto i 50 \u20ac\/MWh (+58% da gennaio) e l\u2019energia elettrica 150 \u20ac\/MWh (+47%). L\u2019Italia, con costi energetici superiori a Spagna, Francia e Germania, ha perso competitivit\u00e0: le imprese avrebbero risparmiato 51 miliardi con i prezzi spagnoli. Per ridurre la dipendenza dal gas, \u00e8 necessario potenziare le fonti rinnovabili, investendo in accumulo e reti. Nel 2024, le rinnovabili copriranno circa il 42% della produzione (+5% rispetto al 2023). Marco Ferraresi (A.R.T.E.) ha ribadito l\u2019urgenza di scelte strategiche, mentre Antonio Ferrarelli (Think Tank Nord Est) ha sottolineato la necessit\u00e0 di rimuovere ostacoli burocratici e tecnologici per incentivare la transizione energetica.<\/p>\n<p>&nbsp;<\/p>\n<hr \/>\n<blockquote>\n<h3><\/h3>\n<h3>dal 1\u00b0 gennaio aumenti sulle tariffe dell&#8217;acqua<\/h3>\n<\/blockquote>\n<p><strong><img loading=\"lazy\" decoding=\"async\" class=\"alignleft\" src=\"https:\/\/www.radiopiu.net\/wordpress\/wp-content\/uploads\/2024\/12\/eb7622fa-a729-413c-a50c-03c83c905af1-300x300.webp\" width=\"162\" height=\"162\" \/>BELLUNO<\/strong><\/p>\n<div class=\"flex max-w-full flex-col flex-grow\">\n<div class=\"min-h-8 text-message flex w-full flex-col items-end gap-2 whitespace-normal break-words text-start [.text-message+&amp;]:mt-5\" dir=\"auto\" data-message-author-role=\"assistant\" data-message-id=\"078701dd-7aac-453d-9d08-5c2bd80841ea\" data-message-model-slug=\"gpt-4o\">\n<div class=\"flex w-full flex-col gap-1 empty:hidden first:pt-[3px]\">\n<div class=\"markdown prose w-full break-words dark:prose-invert dark\">\n<p>Dal <strong>1\u00b0 gennaio 2025<\/strong>, i proprietari di seconde case nel Bellunese subiranno un aumento del <strong>25%<\/strong> sulla bolletta dell\u2019acqua. Per un consumo medio annuo di 27,3 metri cubi, il costo passer\u00e0 da <strong>153 a 192 euro<\/strong>. L\u2019incremento, deciso dai sindaci (eccetto il sindaco di Danta, astenuto), finanzier\u00e0 interventi sul sistema idrico gestito da <strong>Bim Gsp<\/strong>, che incasser\u00e0 oltre <strong>32 milioni di euro<\/strong>.<\/p>\n<p>Gli aumenti sono modulati: <strong>famiglie numerose<\/strong> vedranno incrementi minimi (es. +3 euro per sei componenti), mentre per case di riposo, uffici pubblici e impianti sportivi l\u2019aumento sar\u00e0 pi\u00f9 contenuto rispetto alle stime iniziali. Anche aziende agricole e zootecniche avranno aumenti leggeri. Una strategia pensata per bilanciare equit\u00e0 e necessit\u00e0 infrastrutturali.<\/p>\n<\/div>\n<\/div>\n<\/div>\n<\/div>\n<p>&nbsp;<\/p>\n<hr \/>\n<p>&nbsp;<\/p>\n<blockquote>\n<h2>Sospesi i pasti per otto bambini, la scuola interviene<\/h2>\n<\/blockquote>\n<p><img loading=\"lazy\" decoding=\"async\" class=\"alignleft\" src=\"https:\/\/www.radiopiu.net\/wordpress\/wp-content\/uploads\/2024\/12\/61ba3cc5-63d4-42f5-9142-376cb696e3b3-300x300.webp\" width=\"152\" height=\"152\" \/>A Belluno, otto bambini delle scuole elementari dell\u2019IC Tina Merlin rischiavano di rimanere senza pranzo a causa del mancato pagamento delle rette mensa da parte delle famiglie. La ditta\u00a0 incaricata del servizio, aveva annunciato la sospensione, scatenando le proteste della dirigente scolastica Bruna Codogno e del presidente del consiglio d\u2019istituto Paolo Bello.<\/p>\n<p>&nbsp;<\/p>\n<p>La preside ha garantito che i bambini avranno comunque il loro pasto, sottolineando l\u2019importanza di tutelare i pi\u00f9 piccoli dalle difficolt\u00e0 economiche delle famiglie. Il Comune, tramite l\u2019assessore Roberta Olivotto, ha ribadito la disponibilit\u00e0 dei servizi sociali per chi ne faccia richiesta. La questione evidenzia la necessit\u00e0 di un maggiore coordinamento per evitare che i disagi ricadano sui bambini.<\/p>\n<p>&nbsp;<\/p>\n<hr \/>\n<p>&nbsp;<\/p>\n<p>&nbsp;<\/p>\n<blockquote>\n<h3>Agricoltori di Livinallongo: appello alla collaborazione con la Regione<\/h3>\n<\/blockquote>\n<p style=\"text-align: left;\"><strong><a class=\"dt-pswp-item\" href=\"https:\/\/www.radiopiu.net\/wordpress\/wp-content\/uploads\/2024\/12\/PHOTO-2022-09-21-18-41-09-dccdd959-26f6f4b1.png\" data-dt-img-description=\"\" data-large_image_width=\"1006\" data-large_image_height=\"334\"><img loading=\"lazy\" decoding=\"async\" class=\"size-medium wp-image-425395 alignleft\" src=\"https:\/\/www.radiopiu.net\/wordpress\/wp-content\/uploads\/2024\/12\/PHOTO-2022-09-21-18-41-09-dccdd959-26f6f4b1-300x100.png\" alt=\"\" width=\"300\" height=\"100\" srcset=\"https:\/\/www.radiopiu.net\/wordpress\/wp-content\/uploads\/2024\/12\/PHOTO-2022-09-21-18-41-09-dccdd959-26f6f4b1-300x100.png 300w, https:\/\/www.radiopiu.net\/wordpress\/wp-content\/uploads\/2024\/12\/PHOTO-2022-09-21-18-41-09-dccdd959-26f6f4b1-768x255.png 768w, https:\/\/www.radiopiu.net\/wordpress\/wp-content\/uploads\/2024\/12\/PHOTO-2022-09-21-18-41-09-dccdd959-26f6f4b1.png 1006w\" sizes=\"auto, (max-width: 300px) 100vw, 300px\" \/><\/a>LIVINALLONGO<\/strong> I contadini e agricoltori di <strong>Livinallongo del Col di Lana<\/strong>, rappresentati da <strong>Paolo Degasper<\/strong> (vicepresidente della Latteria) ed <strong>Egidio De Zaiacomo<\/strong> (referente Slow Food Fodom), sottolineano l\u2019importanza del dialogo con la Regione. Pur non volendo entrare nel dibattito sul referendum del 2007, evidenziano i risultati raggiunti negli ultimi decenni<\/p>\n<p><em>Ci esprimiamo a nome dei contadini e degli agricoltori di Livinallongo del Col di Lana, a seguito del clima di discussione divampato in questi giorni. Ora noi non ci vogliamo esprimere sulla argomento del referendum del 2007, perch\u00e9 \u00e8 una questione legata ad un aspetto identitario e storico, non economico. Ci premeva considerare che negli ultimi decenni un lavoro di dialogo con la Regione \u00e8 stato sostenuto e diversi risultati sono stati raggiunti. Pensiamo per esempio alla realizzazione della struttura in cui trova sede la nostra Latteria, la realizzazione delle diverse stalle, la costruzione della Malga Cherz, l\u2019 impegno per realizzare i bandi per l\u2019 accesso ai contributi per le attrezzature specifiche necessarie per lavorare il nostro territorio. Anche nei periodi pi\u00f9 recenti sono in corso dei dialoghi con la Regione per trovare delle soluzioni ad altre problematiche formali ed abbiamo riscontrato la collaborazione da parte sia dei tecnici che della parte politica. Quindi, consapevoli di questo interessamento ci auguriamo che la collaborazione continui ancora in futuro, auspicando una continuazione di questo rapporto di confronto e dialogo.<\/em><\/p>\n<p>&nbsp;<\/p>\n<p>&nbsp;<\/p>\n<hr \/>\n<p>&nbsp;<\/p>\n<p>&nbsp;<\/p>\n<blockquote>\n<h3 class=\"_title post-title entry-title\"><a class=\"dt-pswp-item\" href=\"https:\/\/www.radiopiu.net\/wordpress\/wp-content\/uploads\/2023\/12\/ANTENNA.png\" data-dt-img-description=\"\" data-large_image_width=\"300\" data-large_image_height=\"166\"><img loading=\"lazy\" decoding=\"async\" class=\"wp-image-366306 alignleft\" src=\"https:\/\/www.radiopiu.net\/wordpress\/wp-content\/uploads\/2023\/12\/ANTENNA.png\" alt=\"\" width=\"154\" height=\"85\" \/><\/a>CORTINA D\u2019AMPEZZO | OLIMPIADI 2026, PISTA DA BOB: LAVORI IN DIRITTURA D\u2019ARRIVO<\/h3>\n<\/blockquote>\n<p>\u2013 Intervistati GIANFRANCO REZZADORE PRESIDENTE BOB CLUB CORTINA (AL TELEFONO) (Servizio di\u00a0<a href=\"https:\/\/antennatre.medianordest.it\/redazione\/Tiziana-Bolognani\/\">Tiziana Bolognani<\/a>)<\/p>\n<p><iframe loading=\"lazy\" title=\"OLIMPIADI 2026, PISTA DA BOB: LAVORI IN DIRITTURA D&#039;ARRIVO | 17\/12\/2024\" width=\"1200\" height=\"675\" src=\"https:\/\/www.youtube.com\/embed\/yssD2YNSEbU?feature=oembed\" frameborder=\"0\" allow=\"accelerometer; autoplay; clipboard-write; encrypted-media; gyroscope; picture-in-picture; web-share\" referrerpolicy=\"strict-origin-when-cross-origin\" allowfullscreen><\/iframe><\/p>\n<p>&nbsp;<\/p>\n<p>&nbsp;<\/p>\n<hr \/>\n<p>&nbsp;<\/p>\n<p><strong>LA GIUDIZIARIA OGGI<\/strong><br \/>\n<strong>SUL CORRIERE DELLE ALPI<\/strong><br \/>\n<strong>GIGI SOSSO, SINTESI<\/strong><\/p>\n<p><strong>Spaccio di droga in Valbelluna: due condanne, tre imputati prosciolti<\/strong><\/p>\n<p>A Belluno si \u00e8 concluso il processo per spaccio di droga in Valbelluna, che coinvolgeva cinque imputati accusati di traffico di cocaina e hashish. Due hanno patteggiato pene da <strong>3 anni<\/strong> a <strong>1 anno e mezzo<\/strong>, altri due hanno ottenuto la messa alla prova con lavori di pubblica utilit\u00e0, mentre uno \u00e8 stato assolto per insufficienza di prove.<\/p>\n<p><a href=\"https:\/\/www.radiopiu.net\/wordpress\/wp-content\/uploads\/2024\/12\/4b9ab179-fb6c-4978-8f38-95530fc79943.webp\"><img loading=\"lazy\" decoding=\"async\" class=\" wp-image-425424 alignleft\" src=\"https:\/\/www.radiopiu.net\/wordpress\/wp-content\/uploads\/2024\/12\/4b9ab179-fb6c-4978-8f38-95530fc79943-300x300.webp\" alt=\"\" width=\"157\" height=\"157\" srcset=\"https:\/\/www.radiopiu.net\/wordpress\/wp-content\/uploads\/2024\/12\/4b9ab179-fb6c-4978-8f38-95530fc79943-300x300.webp 300w, https:\/\/www.radiopiu.net\/wordpress\/wp-content\/uploads\/2024\/12\/4b9ab179-fb6c-4978-8f38-95530fc79943-150x150.webp 150w, https:\/\/www.radiopiu.net\/wordpress\/wp-content\/uploads\/2024\/12\/4b9ab179-fb6c-4978-8f38-95530fc79943-768x768.webp 768w, https:\/\/www.radiopiu.net\/wordpress\/wp-content\/uploads\/2024\/12\/4b9ab179-fb6c-4978-8f38-95530fc79943.webp 1024w\" sizes=\"auto, (max-width: 157px) 100vw, 157px\" \/><\/a>Durante le indagini, le forze di polizia avevano sequestrato un significativo quantitativo di cocaina, dimostrando che almeno quattro imputati destinavano la droga allo spaccio. Il procedimento si \u00e8 svolto a porte chiuse con sentenza emessa in giornata.<\/p>\n<p><strong>Spaccio di droga in Valbelluna: due condanne, tre imputati prosciolti<\/strong><\/p>\n<p>A Belluno si \u00e8 concluso il processo per spaccio di droga in Valbelluna, che coinvolgeva cinque imputati accusati di traffico di cocaina e hashish. Due hanno patteggiato pene da <strong>3 anni<\/strong> a <strong>1 anno e mezzo<\/strong>, altri due hanno ottenuto la messa alla prova con lavori di pubblica utilit\u00e0, mentre uno \u00e8 stato assolto per insufficienza di prove. Durante le indagini, le forze di polizia avevano sequestrato un significativo quantitativo di cocaina, dimostrando che almeno quattro imputati destinavano la droga allo spaccio. Il procedimento si \u00e8 svolto a porte chiuse con sentenza emessa in giornata.<\/p>\n<div class=\"flex-shrink-0 flex flex-col relative items-end\">\n<div class=\"pt-0\">\n<div class=\"gizmo-bot-avatar flex h-8 w-8 items-center justify-center overflow-hidden rounded-full\">\n<div class=\"relative p-1 rounded-sm flex items-center justify-center bg-token-main-surface-primary text-token-text-primary h-8 w-8\">\n<blockquote><p><strong>Baby gang a Feltre: patteggiamento e messe alla prova per i tre rapinatori<\/strong><\/p><\/blockquote>\n<p>Una baby gang ha rapinato uno studente universitario nei pressi della stazione ferroviaria di Feltre. Il maggiorenne ha patteggiato un anno <a href=\"https:\/\/www.radiopiu.net\/wordpress\/wp-content\/uploads\/2024\/12\/illustrazione-isometrica-dell-aula-di-tribunale-107074364.webp\"><img loading=\"lazy\" decoding=\"async\" class=\" wp-image-425423 alignleft\" src=\"https:\/\/www.radiopiu.net\/wordpress\/wp-content\/uploads\/2024\/12\/illustrazione-isometrica-dell-aula-di-tribunale-107074364-300x284.webp\" alt=\"\" width=\"150\" height=\"142\" srcset=\"https:\/\/www.radiopiu.net\/wordpress\/wp-content\/uploads\/2024\/12\/illustrazione-isometrica-dell-aula-di-tribunale-107074364-300x284.webp 300w, https:\/\/www.radiopiu.net\/wordpress\/wp-content\/uploads\/2024\/12\/illustrazione-isometrica-dell-aula-di-tribunale-107074364-1024x968.webp 1024w, https:\/\/www.radiopiu.net\/wordpress\/wp-content\/uploads\/2024\/12\/illustrazione-isometrica-dell-aula-di-tribunale-107074364-768x726.webp 768w, https:\/\/www.radiopiu.net\/wordpress\/wp-content\/uploads\/2024\/12\/illustrazione-isometrica-dell-aula-di-tribunale-107074364-1536x1452.webp 1536w, https:\/\/www.radiopiu.net\/wordpress\/wp-content\/uploads\/2024\/12\/illustrazione-isometrica-dell-aula-di-tribunale-107074364.webp 1600w\" sizes=\"auto, (max-width: 150px) 100vw, 150px\" \/><\/a>e otto mesi con sospensione condizionale, mentre i due minori inizieranno un percorso rieducativo deciso dal Tribunale dei Minori di Venezia. L\u2019episodio risale al 29 febbraio scorso, quando i carabinieri hanno tempestivamente individuato e fermato i responsabili.<\/p>\n<blockquote><p><strong>False fatturazioni: due imprenditori sotto accusa ad Alpago<\/strong><\/p><\/blockquote>\n<p>David Calvi e Michele Giacchetta, legali rappresentanti della <strong>Alpha Trading srl<\/strong>, sono accusati di false fatturazioni per evadere <strong>Iva e Ires<\/strong> tramite vendite simulate ad aziende italiane e straniere. Calvi \u00e8 stato condannato a <strong>quattro anni e mezzo per bancarotta fraudolenta<\/strong>, mentre il giudice ha rinviato per completare l&#8217;istruttoria. La Guardia di Finanza ha scoperto che le fatture emesse erano false, servendo solo a evadere le imposte. La difesa presenter\u00e0 le proprie argomentazioni nel prossimo anno.<\/p>\n<\/div>\n<\/div>\n<\/div>\n<\/div>\n<div class=\"group\/conversation-turn relative flex w-full min-w-0 flex-col agent-turn\">\n<div class=\"flex-col gap-1 md:gap-3\">\n<div class=\"flex max-w-full flex-col flex-grow\">\n<div class=\"min-h-8 text-message flex w-full flex-col items-end gap-2 whitespace-normal break-words text-start [.text-message+&amp;]:mt-5\" dir=\"auto\" data-message-author-role=\"assistant\" data-message-id=\"bb13f173-1f7e-4d75-899a-20d4f6c1f9b7\" data-message-model-slug=\"gpt-4o\">\n<div class=\"flex w-full flex-col gap-1 empty:hidden first:pt-[3px]\">\n<div class=\"markdown prose w-full break-words dark:prose-invert dark\">\n<p>&nbsp;<\/p>\n<\/div>\n<\/div>\n<\/div>\n<\/div>\n<\/div>\n<\/div>\n<hr \/>\n<p>&nbsp;<\/p>\n<blockquote>\n<h3>TITTON ALLA GUIDA DEL SOCCORSO ALPINO DI BELLUNO. GLI AUGURI DI ZAIA<\/h3>\n<\/blockquote>\n<p><a class=\"dt-pswp-item\" href=\"https:\/\/www.radiopiu.net\/wordpress\/wp-content\/uploads\/2024\/12\/Michele-Titton.jpeg\" data-dt-img-description=\"Michele Titton\" data-large_image_width=\"872\" data-large_image_height=\"1200\"><img loading=\"lazy\" decoding=\"async\" class=\"alignleft wp-image-425211 \" src=\"https:\/\/www.radiopiu.net\/wordpress\/wp-content\/uploads\/2024\/12\/Michele-Titton-218x300.jpeg\" alt=\"\" width=\"114\" height=\"157\" srcset=\"https:\/\/www.radiopiu.net\/wordpress\/wp-content\/uploads\/2024\/12\/Michele-Titton-218x300.jpeg 218w, https:\/\/www.radiopiu.net\/wordpress\/wp-content\/uploads\/2024\/12\/Michele-Titton-744x1024.jpeg 744w, https:\/\/www.radiopiu.net\/wordpress\/wp-content\/uploads\/2024\/12\/Michele-Titton-768x1057.jpeg 768w, https:\/\/www.radiopiu.net\/wordpress\/wp-content\/uploads\/2024\/12\/Michele-Titton.jpeg 872w\" sizes=\"auto, (max-width: 114px) 100vw, 114px\" \/><\/a><\/p>\n<p><strong>VENEZIA<\/strong> Il Presidente della Regione Veneto, Luca Zaia, ha espresso il suo ringraziamento ad Alex Barattin per il lavoro svolto durante i suoi tre mandati alla guida del Soccorso Alpino Dolomiti Bellunesi, e ha augurato buon lavoro a Michele Titton, suo successore. Zaia ha elogiato l\u2019esperienza e l\u2019entusiasmo di Titton, volontario dal 2001, istruttore regionale da 15 anni e tecnico di elisoccorso da 14, nonch\u00e9 fondatore della stazione delle Prealpi Trevigiane. Il Governatore ha sottolineato l\u2019importanza della lunga carriera di Titton nel Soccorso Alpino, assicurando che il Cnsas di Belluno \u00e8 in ottime mani.<\/p>\n<p>&nbsp;<\/p>\n<p>&nbsp;<\/p>\n<hr \/>\n<p>&nbsp;<\/p>\n<blockquote>\n<h3>ALLA CAMERA DI COMMERCIO DI TREVISO-BELLUNO GLI AUGURI DELLE ISTITUZIONI<\/h3>\n<\/blockquote>\n<p><strong><a class=\"dt-pswp-item\" href=\"https:\/\/www.radiopiu.net\/wordpress\/wp-content\/uploads\/2024\/12\/IMG_7471-scaled.jpeg\" data-dt-img-description=\"\" data-large_image_width=\"2560\" data-large_image_height=\"1920\"><img loading=\"lazy\" decoding=\"async\" class=\" wp-image-425364 alignleft\" src=\"https:\/\/www.radiopiu.net\/wordpress\/wp-content\/uploads\/2024\/12\/IMG_7471-300x225.jpeg\" alt=\"\" width=\"213\" height=\"160\" srcset=\"https:\/\/www.radiopiu.net\/wordpress\/wp-content\/uploads\/2024\/12\/IMG_7471-300x225.jpeg 300w, https:\/\/www.radiopiu.net\/wordpress\/wp-content\/uploads\/2024\/12\/IMG_7471-1024x768.jpeg 1024w, https:\/\/www.radiopiu.net\/wordpress\/wp-content\/uploads\/2024\/12\/IMG_7471-768x576.jpeg 768w, https:\/\/www.radiopiu.net\/wordpress\/wp-content\/uploads\/2024\/12\/IMG_7471-1536x1152.jpeg 1536w, https:\/\/www.radiopiu.net\/wordpress\/wp-content\/uploads\/2024\/12\/IMG_7471-2048x1536.jpeg 2048w\" sizes=\"auto, (max-width: 213px) 100vw, 213px\" \/><\/a>TREVISO<\/strong> Si \u00e8 svolta la tradizionale Festa degli Auguri delle Istituzioni a Treviso, presso la Camera di Commercio, con la partecipazione di autorit\u00e0 civili, militari e rappresentanti del mondo economico e educativo. L&#8217;evento ha visto i saluti istituzionali del Presidente Pozza, del Prefetto Sidoti, dell&#8217;Assessore Caner, del Vice Sindaco Manera, e del Vescovo Mons. Tomasi. \u00c8 stato presentato il video annuale che illustra i progetti strategici della Camera di Commercio, come la digitalizzazione, il turismo e l&#8217;internazionalizzazione. Durante la serata sono stati premiati numerosi riconoscimenti, tra cui quelli per l&#8217;innovazione sociale e l\u2019imprenditoria femminile. Il Segretario Generale Tiozzo ha introdotto il Tenore Francesco Grollo per un\u2019esibizione. Il buffet, curato da Campagna Amica Treviso-Belluno, ha valorizzato i prodotti locali. Il Prefetto Sidoti e il Presidente Pozza hanno sottolineato l\u2019importanza della collaborazione tra istituzioni, imprese e societ\u00e0 civile per lo sviluppo del territorio, con particolare attenzione alla digitalizzazione e alla sostenibilit\u00e0.<\/p>\n<p>&nbsp;<\/p>\n<p>&nbsp;<\/p>\n<hr \/>\n<p>&nbsp;<\/p>\n<blockquote>\n<h3>LA PROVINCIA INCONTRA I DISTRETTI VENATORI<\/h3>\n<\/blockquote>\n<p><strong><a class=\"dt-pswp-item\" href=\"https:\/\/www.radiopiu.net\/wordpress\/wp-content\/uploads\/2024\/12\/incontro-riserve-1.jpeg\" data-dt-img-description=\"\" data-large_image_width=\"1600\" data-large_image_height=\"1200\"><img loading=\"lazy\" decoding=\"async\" class=\" wp-image-425332 alignleft\" src=\"https:\/\/www.radiopiu.net\/wordpress\/wp-content\/uploads\/2024\/12\/incontro-riserve-1-300x225.jpeg\" alt=\"\" width=\"192\" height=\"144\" srcset=\"https:\/\/www.radiopiu.net\/wordpress\/wp-content\/uploads\/2024\/12\/incontro-riserve-1-300x225.jpeg 300w, https:\/\/www.radiopiu.net\/wordpress\/wp-content\/uploads\/2024\/12\/incontro-riserve-1-1024x768.jpeg 1024w, https:\/\/www.radiopiu.net\/wordpress\/wp-content\/uploads\/2024\/12\/incontro-riserve-1-768x576.jpeg 768w, https:\/\/www.radiopiu.net\/wordpress\/wp-content\/uploads\/2024\/12\/incontro-riserve-1-1536x1152.jpeg 1536w, https:\/\/www.radiopiu.net\/wordpress\/wp-content\/uploads\/2024\/12\/incontro-riserve-1.jpeg 1600w\" sizes=\"auto, (max-width: 192px) 100vw, 192px\" \/><\/a>BELLUNO<\/strong> Il mondo venatorio bellunese mira a valorizzare la filiera della carne di selvaggina attraverso un marchio unico che promuova il territorio. La vice presidente della Provincia, Silvia Calligaro, ha avviato un confronto con riserve e distretti venatori per creare centri di raccolta delle carni e strutture di lavorazione provinciali (6-7 in totale). L&#8217;obiettivo \u00e8 riconoscere l&#8217;impegno dei cacciatori e valorizzare la carne degli ungulati della montagna bellunese. L&#8217;incontro ha affrontato anche il regolamento per l\u2019addestramento dei cani, con la creazione di zone dedicate secondo il nuovo piano faunistico. Infine, si punta a migliorare i censimenti faunistici tramite nuove tecnologie, come fototrappole, punti di osservazione e \u201caree campione\u201d, in collaborazione con il Corpo di Polizia Provinciale.<\/p>\n<p>&nbsp;<\/p>\n<hr \/>\n<div class=\"flex max-w-full flex-col flex-grow\">\n<div class=\"min-h-8 text-message flex w-full flex-col items-end gap-2 whitespace-normal break-words text-start [.text-message+&amp;]:mt-5\" dir=\"auto\" data-message-author-role=\"assistant\" data-message-id=\"98a15764-1af6-498c-873b-d033c8e6b0d8\" data-message-model-slug=\"gpt-4o\">\n<div class=\"flex w-full flex-col gap-1 empty:hidden first:pt-[3px]\">\n<div class=\"markdown prose w-full break-words dark:prose-invert dark\">\n<p><strong>\u00a0<\/strong><\/p>\n<blockquote>\n<h3><strong>La Provincia ribadisce il no alla diga del Vanoi<\/strong><\/h3>\n<\/blockquote>\n<p><a class=\"dt-pswp-item\" href=\"https:\/\/www.radiopiu.net\/wordpress\/wp-content\/uploads\/2024\/10\/GNL.jpg\" data-dt-img-description=\"UN INCONTRO SULLA DIGA DEL VANOI A LENTIAI\" data-large_image_width=\"1046\" data-large_image_height=\"1600\"><img loading=\"lazy\" decoding=\"async\" class=\"size-medium wp-image-412960 alignleft\" src=\"https:\/\/www.radiopiu.net\/wordpress\/wp-content\/uploads\/2024\/10\/GNL-196x300.jpg\" alt=\"\" width=\"196\" height=\"300\" srcset=\"https:\/\/www.radiopiu.net\/wordpress\/wp-content\/uploads\/2024\/10\/GNL-196x300.jpg 196w, https:\/\/www.radiopiu.net\/wordpress\/wp-content\/uploads\/2024\/10\/GNL-669x1024.jpg 669w, https:\/\/www.radiopiu.net\/wordpress\/wp-content\/uploads\/2024\/10\/GNL-768x1175.jpg 768w, https:\/\/www.radiopiu.net\/wordpress\/wp-content\/uploads\/2024\/10\/GNL-1004x1536.jpg 1004w, https:\/\/www.radiopiu.net\/wordpress\/wp-content\/uploads\/2024\/10\/GNL.jpg 1046w\" sizes=\"auto, (max-width: 196px) 100vw, 196px\" \/><\/a><\/p>\n<p><strong>BELLUNO<\/strong> La Provincia, tramite il consigliere Massimo Bortoluzzi, conferma la propria ferma contrariet\u00e0 alla diga del Vanoi. Le risposte alle osservazioni sollevate non sono state sufficienti, soprattutto riguardo alla sicurezza della costruzione, prevista in un\u2019area P4 del piano idrogeologico, a pericolosit\u00e0 da frana molto elevata. Bortoluzzi critica la mancanza di alternative progettuali, sottolineando che non sono state contemplate soluzioni diverse per contrastare siccit\u00e0 e carenza idrica. La Provincia contesta inoltre l\u2019assenza di garanzie per il territorio bellunese e dubita sull\u2019utilit\u00e0 a lungo termine dell\u2019opera, ipotizzando possibili problemi di inghiaiamento del bacino artificiale. Resta immutata la posizione contraria della Provincia, rafforzata dall\u2019insoddisfacente risposta del proponente Consorzio di Bonifica Brenta.<\/p>\n<p>&nbsp;<\/p>\n<\/div>\n<\/div>\n<\/div>\n<\/div>\n<div class=\"mb-2 flex gap-3 empty:hidden -ml-2\">\n<div class=\"items-center justify-start rounded-xl p-1 flex\"><\/div>\n<div><\/div>\n<\/div>\n<p>&nbsp;<\/p>\n<p>&nbsp;<\/p>\n<p>&nbsp;<\/p>\n<p>&nbsp;<\/p>\n<hr \/>\n<p>&nbsp;<\/p>\n<blockquote>\n<h2>DILLO A RADIO PIU&#8217;&#8230;LA STORIA DELLA STUDENTESSA APPIEDATA<\/h2>\n<\/blockquote>\n<p>&nbsp;<\/p>\n<p><strong>RICEVIAMO E PUBBLICHIAMO<\/strong><\/p>\n<p>Per me ormai DolomitiBus \u00e8 una certezza sul fatto di rimanere a piedi Dall&#8217;inizio dell&#8217;anno scolastico, per la sesta volta, gli autisti non effettuano la fermata sulla S.R.203 Agordina presso Le Campe, nel Comune di La Valle Agordina, sempre nello stesso orario, tra le 06:54 e le 07:00, in direzione Agordo &#8211; Belluno. In particolare, sia il 16 dicembre che il giorno successivo, su quattro autobus, nessuno si \u00e8 fermato per caricare le persone presenti alla fermata. Ora mi chiedo: C&#8217;\u00e8 una motivazione per tutto ci\u00f2? La fermata \u00e8 forse stata abolita senza informare gli utenti?\u00a0 Visto le foto direi che la pensilina \u00e8 visibile.<\/p>\n<p>Mia figlia frequenta il Liceo a Belluno, con ingresso alle 07:50. Non potendo salire sull&#8217;autobus delle 06:54\/07:00, \u00e8 costretta a prendere quello successivo, arrivando in ritardo e perdendo cos\u00ec un&#8217;ora di lezione. Spesso, noi genitori dobbiamo accompagnare i nostri figli fino a Belluno con mezzi privati. Perch\u00e9, visto che il servizio si paga, accade tutto ci\u00f2?. Posso capire la complessit\u00e0 nell&#8217;organizzazione del servizio, ma la misura \u00e8 colma. Essendo realisti, tra corse saltate (ma pagate con l&#8217;abbonamento) e spese aggiuntive per il trasporto privato dei figli, si potrebbe persino ipotizzare un&#8217;azione legale per il ristoro delle spese.\u00a0 Anche un intervento da parte dei Sindaci del territorio sarebbe pi\u00f9 che opportuno. Se Dolomtibus vorr\u00e0 rispondere sono certo che le pagine di RADIOPIU si apriranno senza alcun problema.<\/p>\n<p>Lettera Firmata<\/p>\n\n\t\t\t<style type='text\/css'>\n\t\t\t\t#gallery-2 {\n\t\t\t\t\tmargin: auto;\n\t\t\t\t}\n\t\t\t\t#gallery-2 .gallery-item {\n\t\t\t\t\tfloat: left;\n\t\t\t\t\tmargin-top: 10px;\n\t\t\t\t\ttext-align: center;\n\t\t\t\t\twidth: 33%;\n\t\t\t\t}\n\t\t\t\t#gallery-2 img {\n\t\t\t\t\tborder: 2px solid #cfcfcf;\n\t\t\t\t}\n\t\t\t\t#gallery-2 .gallery-caption {\n\t\t\t\t\tmargin-left: 0;\n\t\t\t\t}\n\t\t\t\t\/* see gallery_shortcode() in wp-includes\/media.php *\/\n\t\t\t<\/style>\n\t\t<div id='gallery-2' class='dt-gallery-container gallery galleryid-425288 gallery-columns-3 gallery-size-thumbnail'><dl class='gallery-item'>\n\t\t\t\t<dt class='gallery-icon portrait'>\n\t\t\t\t\t<a class=\"rollover rollover-zoom dt-pswp-item\" title=\"a38269c3-014d-4944-901e-dcbd372caeb3\" data-dt-img-description=\"\" data-large_image_width=\"388\" data-large_image_height=\"1599\"href='https:\/\/www.radiopiu.net\/wordpress\/wp-content\/uploads\/2024\/12\/a38269c3-014d-4944-901e-dcbd372caeb3.jpg'><img loading=\"lazy\" decoding=\"async\" width=\"150\" height=\"150\" src=\"https:\/\/www.radiopiu.net\/wordpress\/wp-content\/uploads\/2024\/12\/a38269c3-014d-4944-901e-dcbd372caeb3-150x150.jpg\" class=\"attachment-thumbnail size-thumbnail\" alt=\"\" \/><\/a>\n\t\t\t\t<\/dt><\/dl><dl class='gallery-item'>\n\t\t\t\t<dt class='gallery-icon portrait'>\n\t\t\t\t\t<a class=\"rollover rollover-zoom dt-pswp-item\" title=\"4f732b20-3205-432e-8073-3015a515bcfe\" data-dt-img-description=\"\" data-large_image_width=\"720\" data-large_image_height=\"1599\"href='https:\/\/www.radiopiu.net\/wordpress\/wp-content\/uploads\/2024\/12\/4f732b20-3205-432e-8073-3015a515bcfe.jpg'><img loading=\"lazy\" decoding=\"async\" width=\"150\" height=\"150\" src=\"https:\/\/www.radiopiu.net\/wordpress\/wp-content\/uploads\/2024\/12\/4f732b20-3205-432e-8073-3015a515bcfe-150x150.jpg\" class=\"attachment-thumbnail size-thumbnail\" alt=\"\" \/><\/a>\n\t\t\t\t<\/dt><\/dl><dl class='gallery-item'>\n\t\t\t\t<dt class='gallery-icon portrait'>\n\t\t\t\t\t<a class=\"rollover rollover-zoom dt-pswp-item\" title=\"eb78d8af-b76b-4ba1-986a-c2d7af0fb6ef\" data-dt-img-description=\"\" data-large_image_width=\"720\" data-large_image_height=\"1599\"href='https:\/\/www.radiopiu.net\/wordpress\/wp-content\/uploads\/2024\/12\/eb78d8af-b76b-4ba1-986a-c2d7af0fb6ef.jpg'><img loading=\"lazy\" decoding=\"async\" width=\"150\" height=\"150\" src=\"https:\/\/www.radiopiu.net\/wordpress\/wp-content\/uploads\/2024\/12\/eb78d8af-b76b-4ba1-986a-c2d7af0fb6ef-150x150.jpg\" class=\"attachment-thumbnail size-thumbnail\" alt=\"\" \/><\/a>\n\t\t\t\t<\/dt><\/dl><br style=\"clear: both\" \/>\n\t\t\t<\/div>\n\n<p>&nbsp;<\/p>\n<p>&nbsp;<\/p>\n<p>&nbsp;<\/p>\n<p>&nbsp;<\/p>\n<p>&nbsp;<\/p>\n<hr \/>\n<p>&nbsp;<\/p>\n<p>&nbsp;<\/p>\n<h2><span style=\"color: #ff00ff;\">&#8220;NON FARE LO STRUZZO&#8221; UNA SERATA INFORMATIVA IL 19 DICEMBRE ALLA BIBLIOTECA DI AGORDO<\/span><\/h2>\n<p><strong><a class=\"dt-pswp-item\" href=\"https:\/\/www.radiopiu.net\/wordpress\/wp-content\/uploads\/2024\/11\/dd4cdc36-4650-447f-ae9b-9f98a0817bdf.jpg\" data-dt-img-description=\"\" data-large_image_width=\"1131\" data-large_image_height=\"1600\"><img loading=\"lazy\" decoding=\"async\" class=\" wp-image-422181 alignleft\" src=\"https:\/\/www.radiopiu.net\/wordpress\/wp-content\/uploads\/2024\/11\/dd4cdc36-4650-447f-ae9b-9f98a0817bdf-212x300.jpg\" alt=\"\" width=\"127\" height=\"180\" srcset=\"https:\/\/www.radiopiu.net\/wordpress\/wp-content\/uploads\/2024\/11\/dd4cdc36-4650-447f-ae9b-9f98a0817bdf-212x300.jpg 212w, https:\/\/www.radiopiu.net\/wordpress\/wp-content\/uploads\/2024\/11\/dd4cdc36-4650-447f-ae9b-9f98a0817bdf-724x1024.jpg 724w, https:\/\/www.radiopiu.net\/wordpress\/wp-content\/uploads\/2024\/11\/dd4cdc36-4650-447f-ae9b-9f98a0817bdf-768x1086.jpg 768w, https:\/\/www.radiopiu.net\/wordpress\/wp-content\/uploads\/2024\/11\/dd4cdc36-4650-447f-ae9b-9f98a0817bdf-1086x1536.jpg 1086w, https:\/\/www.radiopiu.net\/wordpress\/wp-content\/uploads\/2024\/11\/dd4cdc36-4650-447f-ae9b-9f98a0817bdf.jpg 1131w\" sizes=\"auto, (max-width: 127px) 100vw, 127px\" \/><\/a>DI MIRKO MEZZACASA<\/strong><\/p>\n<p>OSPITI: Giuliano Federa e Roberto Agnolet<\/p>\n<audio class=\"wp-audio-shortcode\" id=\"audio-425288-9\" preload=\"none\" style=\"width: 100%;\" controls=\"controls\"><source type=\"audio\/mpeg\" src=\"https:\/\/www.radiopiu.net\/wordpress\/wp-content\/uploads\/2024\/12\/giuliano-e-roberto-ok.mp3?_=9\" \/><a href=\"https:\/\/www.radiopiu.net\/wordpress\/wp-content\/uploads\/2024\/12\/giuliano-e-roberto-ok.mp3\">https:\/\/www.radiopiu.net\/wordpress\/wp-content\/uploads\/2024\/12\/giuliano-e-roberto-ok.mp3<\/a><\/audio>\n<p>&nbsp;<\/p>\n<p>&nbsp;<\/p>\n<p>&nbsp;<\/p>\n<hr \/>\n<p>&nbsp;<\/p>\n<blockquote>\n<h2>Concorso per il reclutamento di 65 Allievi Ufficiali dei Carabinieri<\/h2>\n<\/blockquote>\n<p><img loading=\"lazy\" decoding=\"async\" class=\"alignleft\" src=\"https:\/\/www.radiopiu.net\/wordpress\/wp-content\/uploads\/2022\/11\/funzione-per-la-Patrona-dei-Carabinieri_2_Luca-Bellus-Fotografo_r.jpg\" width=\"242\" height=\"161\" \/>Sono aperte le selezioni per l\u2019arruolamento di <strong>65 Allievi Ufficiali dell\u2019Arma dei Carabinieri<\/strong> in servizio permanente. Le domande vanno presentate online sul sito <strong><a href=\"http:\/\/www.carabinieri.it\" target=\"_new\" rel=\"noopener\">www.carabinieri.it<\/a><\/strong> entro il <strong>15 gennaio 2025<\/strong>. Il concorso prevede prove scritte, fisiche, psico-fisiche, orali e un tirocinio. Possono partecipare cittadini italiani con diploma o in procinto di conseguirlo nel 2024\/2025, di et\u00e0 compresa tra <strong>17 e 22 anni<\/strong>. I vincitori saranno ammessi al <strong>207\u00b0 Corso dell\u2019Accademia Militare di Modena<\/strong>, frequentando cinque anni di formazione militare e giuridica, completati alla Scuola Ufficiali Carabinieri di Roma con laurea magistrale in giurisprudenza. I giovani Ufficiali, con il grado di Tenente, ricopriranno incarichi di comando nell\u2019Arma.<\/p>\n<p>&nbsp;<\/p>\n<hr \/>\n<p>&nbsp;<\/p>\n<blockquote>\n<h3>215 MILA EURO PER I PARCO GIOCHI DI LONGARONE<\/h3>\n<\/blockquote>\n<p><strong><a class=\"dt-pswp-item\" href=\"https:\/\/www.radiopiu.net\/wordpress\/wp-content\/uploads\/2024\/12\/parco-giochi-Fortogna-oggi.jpg\" data-dt-img-description=\"\" data-large_image_width=\"2000\" data-large_image_height=\"1125\"><img loading=\"lazy\" decoding=\"async\" class=\" wp-image-425356 alignleft\" src=\"https:\/\/www.radiopiu.net\/wordpress\/wp-content\/uploads\/2024\/12\/parco-giochi-Fortogna-oggi-300x169.jpg\" alt=\"\" width=\"179\" height=\"101\" srcset=\"https:\/\/www.radiopiu.net\/wordpress\/wp-content\/uploads\/2024\/12\/parco-giochi-Fortogna-oggi-300x169.jpg 300w, https:\/\/www.radiopiu.net\/wordpress\/wp-content\/uploads\/2024\/12\/parco-giochi-Fortogna-oggi-1024x576.jpg 1024w, https:\/\/www.radiopiu.net\/wordpress\/wp-content\/uploads\/2024\/12\/parco-giochi-Fortogna-oggi-768x432.jpg 768w, https:\/\/www.radiopiu.net\/wordpress\/wp-content\/uploads\/2024\/12\/parco-giochi-Fortogna-oggi-1536x864.jpg 1536w, https:\/\/www.radiopiu.net\/wordpress\/wp-content\/uploads\/2024\/12\/parco-giochi-Fortogna-oggi.jpg 2000w\" sizes=\"auto, (max-width: 179px) 100vw, 179px\" \/><\/a>LONGARONE<\/strong> L\u2019amministrazione comunale di Longarone ha approvato un piano per riqualificare quattro parchi giochi entro la primavera: Fortogna, Codissago, Castellavazzo e Rivalta. L\u2019intervento, del valore di 215mila euro, include contributi di 10mila euro dal Consorzio Bim Piave e 5mila dal Gruppo Giovani Codissago. I lavori inizieranno appena il meteo lo permetter\u00e0 e prevedono la sostituzione dei giochi obsoleti, miglioramento di giardini, aiuole e camminamenti. A Codissago l\u2019area sar\u00e0 ampliata, mentre a Rivalta saranno spostati i giochi del parco di Longarone centro, attualmente interessato dai lavori di riqualificazione di Piazza 9 Ottobre 1963. L\u2019assessore Sacchet sottolinea l\u2019attenzione verso i paesi e l\u2019obiettivo di creare spazi verdi accoglienti per famiglie e bambini.<\/p>\n<p>&nbsp;<\/p>\n<p>&nbsp;<\/p>\n<hr \/>\n<p>&nbsp;<\/p>\n<blockquote>\n<h3>VENERDI&#8217; LA PRIMA ASSEMBLEA DELLA CONSULTA GIOVANI<\/h3>\n<\/blockquote>\n<p><strong><a class=\"dt-pswp-item\" href=\"https:\/\/www.radiopiu.net\/wordpress\/wp-content\/uploads\/2022\/03\/mel-3.jpg\" data-dt-img-description=\"\" data-large_image_width=\"1920\" data-large_image_height=\"1080\"><img loading=\"lazy\" decoding=\"async\" class=\" wp-image-264430 alignleft\" src=\"https:\/\/www.radiopiu.net\/wordpress\/wp-content\/uploads\/2022\/03\/mel-3-300x169.jpg\" alt=\"\" width=\"206\" height=\"116\" srcset=\"https:\/\/www.radiopiu.net\/wordpress\/wp-content\/uploads\/2022\/03\/mel-3-300x169.jpg 300w, https:\/\/www.radiopiu.net\/wordpress\/wp-content\/uploads\/2022\/03\/mel-3-1024x576.jpg 1024w, https:\/\/www.radiopiu.net\/wordpress\/wp-content\/uploads\/2022\/03\/mel-3-768x432.jpg 768w, https:\/\/www.radiopiu.net\/wordpress\/wp-content\/uploads\/2022\/03\/mel-3-1536x864.jpg 1536w, https:\/\/www.radiopiu.net\/wordpress\/wp-content\/uploads\/2022\/03\/mel-3.jpg 1920w\" sizes=\"auto, (max-width: 206px) 100vw, 206px\" \/><\/a>BORGO VALBELLUNA<\/strong> Venerd\u00ec alle 20.30, nella Sala degli Affreschi del Municipio di Mel, si terr\u00e0 la prima Assemblea della Consulta Giovani di Borgo Valbelluna, durante la quale verranno eletti Presidente e Direttivo. La Consulta, istituita dal Consiglio Comunale del 21 novembre, \u00e8 nata su richiesta di un gruppo di giovani attivi, come sottolineato dalla consigliera alle politiche giovanili Alice Oliveri. Le adesioni, da presentare entro gioved\u00ec 19 tramite i canali ufficiali del Comune, sono aperte ai residenti tra i 15 e 30 anni. Durante l\u2019assemblea, sar\u00e0 possibile candidarsi e presentare programmi e idee, con votazioni a seguire. L\u2019iniziativa, sostenuta dall\u2019amministrazione e dall\u2019assessora Chiara Cesa, offre ai giovani un\u2019importante opportunit\u00e0 per partecipare alla vita amministrativa e portare avanti progetti in collaborazione con associazioni locali.<\/p>\n<p>&nbsp;<\/p>\n<p>&nbsp;<\/p>\n<hr \/>\n<p>&nbsp;<\/p>\n<blockquote>\n<h3>SABATO L&#8217;INAUGURAZIONE DEL DISTRETTO SOCIO SANITARIO DI ALPAGO<\/h3>\n<\/blockquote>\n<p><strong><a class=\"dt-pswp-item\" href=\"https:\/\/www.radiopiu.net\/wordpress\/wp-content\/uploads\/2024\/12\/kla.png\" data-dt-img-description=\"\" data-large_image_width=\"1077\" data-large_image_height=\"404\"><img loading=\"lazy\" decoding=\"async\" class=\" wp-image-425141 alignleft\" src=\"https:\/\/www.radiopiu.net\/wordpress\/wp-content\/uploads\/2024\/12\/kla-300x113.png\" alt=\"\" width=\"207\" height=\"78\" srcset=\"https:\/\/www.radiopiu.net\/wordpress\/wp-content\/uploads\/2024\/12\/kla-300x113.png 300w, https:\/\/www.radiopiu.net\/wordpress\/wp-content\/uploads\/2024\/12\/kla-1024x384.png 1024w, https:\/\/www.radiopiu.net\/wordpress\/wp-content\/uploads\/2024\/12\/kla-768x288.png 768w, https:\/\/www.radiopiu.net\/wordpress\/wp-content\/uploads\/2024\/12\/kla.png 1077w\" sizes=\"auto, (max-width: 207px) 100vw, 207px\" \/><\/a>ALPAGO<\/strong> Sabato alle 11 verr\u00e0 inaugurata la nuova sede del Distretto Socio-Sanitario dell&#8217;Alpago, situata in Piazza Papa Luciani a Puos d&#8217;Alpago. L&#8217;evento, realizzato in collaborazione con l&#8217;ULSS1 Dolomiti e la Regione del Veneto, vedr\u00e0 la partecipazione del Commissario Dal Ben e di altre autorit\u00e0 locali.<\/p>\n<p>&nbsp;<\/p>\n<p>&nbsp;<\/p>\n<hr \/>\n<p>&nbsp;<\/p>\n<blockquote>\n<h3>CHIUSURA NATALIZIA PER GLI UFFICI DI FELTRE<\/h3>\n<\/blockquote>\n<p><strong>FELTRE<\/strong> Il Comune di Feltre comunica modifiche agli orari degli uffici comunali per il periodo natalizio. Gioved\u00ec 19 dicembre, gli uffici chiuderanno dalle 11:00 alle 13:00, tranne Asilo Nido e ristorazione scolastica. Chiusura nei pomeriggi del 24 e 31 dicembre. Il Polo Bibliotecario Feltrino rester\u00e0 chiuso il 27 e 28 dicembre. Il provvedimento, pubblicato online, garantisce l\u2019organizzazione interna e le festivit\u00e0 per il personale.<\/p>\n<p>&nbsp;<\/p>\n<p>&nbsp;<\/p>\n<hr \/>\n<p>&nbsp;<\/p>\n<h2><span style=\"color: #ff0000;\">CONSIGLI COMUNALI IN AGORDINO<\/span><\/h2>\n<p><strong>COLLE SANTA LUCIA\/LIVINALLONGO<\/strong> Consiglio comunale convocato per domani alle 9:30 nella sala consigliare del comune di Cortina. Due i punti da discutere: l&#8217;approvazione del nuovo statuto dell&#8217;Istitut Cultural Cesa de Jan e le relazioni sui rapporti istituzionali con l&#8217;euregio Tirolo-AltoAdige-Trentino.<\/p>\n<p><strong>ROCCA PIETORE<\/strong> Consiglio comunale convocato per gioved\u00ec alle 20. Sei punti da discutere tra cui IMU, addizionale comunale, approvazione del DUP, il bilancio previsionale 2025\/2027 e la revisione ordinaria delle partecipazioni.<\/p>\n<p><strong>CANALE D&#8217;AGORDO<\/strong> Consiglio comunale convocato per lunedi alle 20. Otto i punti in discussione tra cui due variazioni a bilancio, due varianti ai piani degli interventi, la revisione ordinaria delle partecipazioni il nuovo schema di contratto con ASCA e i regolamenti riguardanti polizia locale e l&#8217;uso delle sale e spazi comunali.<\/p>\n<p>&nbsp;<\/p>\n<p>&nbsp;<\/p>\n<hr \/>\n<p>&nbsp;<\/p>\n<blockquote>\n<h3>IERI LE MONGOLFIERE TRA LE DOLOMITI BELLUNESI<\/h3>\n<\/blockquote>\n<p><strong>REDAZIONE\u00a0<\/strong> Ieri\u00a0 due mongolfiere\u00a0 \u00a0dal confine con l&#8217;Italia e l&#8217;Austria. Occhi puntati al cielo per vedere il passaggio dei due palloni.<\/p>\n\n\t\t\t<style type='text\/css'>\n\t\t\t\t#gallery-3 {\n\t\t\t\t\tmargin: auto;\n\t\t\t\t}\n\t\t\t\t#gallery-3 .gallery-item {\n\t\t\t\t\tfloat: left;\n\t\t\t\t\tmargin-top: 10px;\n\t\t\t\t\ttext-align: center;\n\t\t\t\t\twidth: 20%;\n\t\t\t\t}\n\t\t\t\t#gallery-3 img {\n\t\t\t\t\tborder: 2px solid #cfcfcf;\n\t\t\t\t}\n\t\t\t\t#gallery-3 .gallery-caption {\n\t\t\t\t\tmargin-left: 0;\n\t\t\t\t}\n\t\t\t\t\/* see gallery_shortcode() in wp-includes\/media.php *\/\n\t\t\t<\/style>\n\t\t<div id='gallery-3' class='dt-gallery-container gallery galleryid-425288 gallery-columns-5 gallery-size-thumbnail'><dl class='gallery-item'>\n\t\t\t\t<dt class='gallery-icon portrait'>\n\t\t\t\t\t<a class=\"rollover rollover-zoom dt-pswp-item\" title=\"5bb8237d-12b9-4ee7-b8d8-2ccdf27d9c69\" data-dt-img-description=\"\" data-large_image_width=\"720\" data-large_image_height=\"1600\"href='https:\/\/www.radiopiu.net\/wordpress\/wp-content\/uploads\/2024\/12\/5bb8237d-12b9-4ee7-b8d8-2ccdf27d9c69.jpg'><img loading=\"lazy\" decoding=\"async\" width=\"150\" height=\"150\" src=\"https:\/\/www.radiopiu.net\/wordpress\/wp-content\/uploads\/2024\/12\/5bb8237d-12b9-4ee7-b8d8-2ccdf27d9c69-150x150.jpg\" class=\"attachment-thumbnail size-thumbnail\" alt=\"\" \/><\/a>\n\t\t\t\t<\/dt><\/dl><dl class='gallery-item'>\n\t\t\t\t<dt class='gallery-icon landscape'>\n\t\t\t\t\t<a class=\"rollover rollover-zoom dt-pswp-item\" title=\"a83b8479-c970-42f7-89e3-4234b8170074\" data-dt-img-description=\"\" data-large_image_width=\"1080\" data-large_image_height=\"784\"href='https:\/\/www.radiopiu.net\/wordpress\/wp-content\/uploads\/2024\/12\/a83b8479-c970-42f7-89e3-4234b8170074.jpg'><img loading=\"lazy\" decoding=\"async\" width=\"150\" height=\"150\" src=\"https:\/\/www.radiopiu.net\/wordpress\/wp-content\/uploads\/2024\/12\/a83b8479-c970-42f7-89e3-4234b8170074-150x150.jpg\" class=\"attachment-thumbnail size-thumbnail\" alt=\"\" \/><\/a>\n\t\t\t\t<\/dt><\/dl><dl class='gallery-item'>\n\t\t\t\t<dt class='gallery-icon landscape'>\n\t\t\t\t\t<a class=\"rollover rollover-zoom dt-pswp-item\" title=\"f4ccc7a2-14c7-4dfe-af67-15c4cbd5cbe2\" data-dt-img-description=\"\" data-large_image_width=\"1070\" data-large_image_height=\"784\"href='https:\/\/www.radiopiu.net\/wordpress\/wp-content\/uploads\/2024\/12\/f4ccc7a2-14c7-4dfe-af67-15c4cbd5cbe2.jpg'><img loading=\"lazy\" decoding=\"async\" width=\"150\" height=\"150\" src=\"https:\/\/www.radiopiu.net\/wordpress\/wp-content\/uploads\/2024\/12\/f4ccc7a2-14c7-4dfe-af67-15c4cbd5cbe2-150x150.jpg\" class=\"attachment-thumbnail size-thumbnail\" alt=\"\" \/><\/a>\n\t\t\t\t<\/dt><\/dl><dl class='gallery-item'>\n\t\t\t\t<dt class='gallery-icon landscape'>\n\t\t\t\t\t<a class=\"rollover rollover-zoom dt-pswp-item\" title=\"d735d684-ef74-4a86-a8ef-1e37e54e2530\" data-dt-img-description=\"\" data-large_image_width=\"1061\" data-large_image_height=\"788\"href='https:\/\/www.radiopiu.net\/wordpress\/wp-content\/uploads\/2024\/12\/d735d684-ef74-4a86-a8ef-1e37e54e2530.jpg'><img loading=\"lazy\" decoding=\"async\" width=\"150\" height=\"150\" src=\"https:\/\/www.radiopiu.net\/wordpress\/wp-content\/uploads\/2024\/12\/d735d684-ef74-4a86-a8ef-1e37e54e2530-150x150.jpg\" class=\"attachment-thumbnail size-thumbnail\" alt=\"\" \/><\/a>\n\t\t\t\t<\/dt><\/dl><dl class='gallery-item'>\n\t\t\t\t<dt class='gallery-icon landscape'>\n\t\t\t\t\t<a class=\"rollover rollover-zoom dt-pswp-item\" title=\"8cdcb03c-3eae-46d7-9077-59216ffc9fbe\" data-dt-img-description=\"\" data-large_image_width=\"1080\" data-large_image_height=\"781\"href='https:\/\/www.radiopiu.net\/wordpress\/wp-content\/uploads\/2024\/12\/8cdcb03c-3eae-46d7-9077-59216ffc9fbe.jpg'><img loading=\"lazy\" decoding=\"async\" width=\"150\" height=\"150\" src=\"https:\/\/www.radiopiu.net\/wordpress\/wp-content\/uploads\/2024\/12\/8cdcb03c-3eae-46d7-9077-59216ffc9fbe-150x150.jpg\" class=\"attachment-thumbnail size-thumbnail\" alt=\"\" \/><\/a>\n\t\t\t\t<\/dt><\/dl><br style=\"clear: both\" \/>\n\t\t\t<\/div>\n\n<p>&nbsp;<\/p>\n<p>&nbsp;<\/p>\n<p>&nbsp;<\/p>\n<hr \/>\n<p>&nbsp;<\/p>\n<blockquote>\n<h3>VIGILIA\u00a0 AL PRESEPIO DI TOCCOL IL RINFRESCO E GLI AUGURI DI BUONE FESTE<\/h3>\n<\/blockquote>\n<p><strong>AGORDO <\/strong>Come ogni anno i boce da Toccol hanno allestito il presepio al lavatoio della frazione. Un allestimento sempre spettacolare che si pu\u00f2 osservare fin da subito. Intanto MARTEDI VIGILIA DI NATALE ALLE\u00a0 15:30 \u00e8 stato organizzato un rinfresco per scambiarsi gli auguri di buone feste.<\/p>\n\n\t\t\t<style type='text\/css'>\n\t\t\t\t#gallery-4 {\n\t\t\t\t\tmargin: auto;\n\t\t\t\t}\n\t\t\t\t#gallery-4 .gallery-item {\n\t\t\t\t\tfloat: left;\n\t\t\t\t\tmargin-top: 10px;\n\t\t\t\t\ttext-align: center;\n\t\t\t\t\twidth: 50%;\n\t\t\t\t}\n\t\t\t\t#gallery-4 img {\n\t\t\t\t\tborder: 2px solid #cfcfcf;\n\t\t\t\t}\n\t\t\t\t#gallery-4 .gallery-caption {\n\t\t\t\t\tmargin-left: 0;\n\t\t\t\t}\n\t\t\t\t\/* see gallery_shortcode() in wp-includes\/media.php *\/\n\t\t\t<\/style>\n\t\t<div id='gallery-4' class='dt-gallery-container gallery galleryid-425288 gallery-columns-2 gallery-size-medium'><dl class='gallery-item'>\n\t\t\t\t<dt class='gallery-icon landscape'>\n\t\t\t\t\t<a class=\"rollover rollover-zoom dt-pswp-item\" title=\"ad3cd524-755e-4943-b202-584adcda1cba\" data-dt-img-description=\"\" data-large_image_width=\"1600\" data-large_image_height=\"739\"href='https:\/\/www.radiopiu.net\/wordpress\/wp-content\/uploads\/2024\/12\/ad3cd524-755e-4943-b202-584adcda1cba.jpg'><img loading=\"lazy\" decoding=\"async\" width=\"300\" height=\"139\" src=\"https:\/\/www.radiopiu.net\/wordpress\/wp-content\/uploads\/2024\/12\/ad3cd524-755e-4943-b202-584adcda1cba-300x139.jpg\" class=\"attachment-medium size-medium\" alt=\"\" srcset=\"https:\/\/www.radiopiu.net\/wordpress\/wp-content\/uploads\/2024\/12\/ad3cd524-755e-4943-b202-584adcda1cba-300x139.jpg 300w, https:\/\/www.radiopiu.net\/wordpress\/wp-content\/uploads\/2024\/12\/ad3cd524-755e-4943-b202-584adcda1cba-1024x473.jpg 1024w, https:\/\/www.radiopiu.net\/wordpress\/wp-content\/uploads\/2024\/12\/ad3cd524-755e-4943-b202-584adcda1cba-768x355.jpg 768w, https:\/\/www.radiopiu.net\/wordpress\/wp-content\/uploads\/2024\/12\/ad3cd524-755e-4943-b202-584adcda1cba-1536x709.jpg 1536w, https:\/\/www.radiopiu.net\/wordpress\/wp-content\/uploads\/2024\/12\/ad3cd524-755e-4943-b202-584adcda1cba.jpg 1600w\" sizes=\"auto, (max-width: 300px) 100vw, 300px\" \/><\/a>\n\t\t\t\t<\/dt><\/dl><dl class='gallery-item'>\n\t\t\t\t<dt class='gallery-icon landscape'>\n\t\t\t\t\t<a class=\"rollover rollover-zoom dt-pswp-item\" title=\"974d2639-972e-4ccd-ac81-ff77fb756e20\" data-dt-img-description=\"\" data-large_image_width=\"1600\" data-large_image_height=\"739\"href='https:\/\/www.radiopiu.net\/wordpress\/wp-content\/uploads\/2024\/12\/974d2639-972e-4ccd-ac81-ff77fb756e20.jpg'><img loading=\"lazy\" decoding=\"async\" width=\"300\" height=\"139\" src=\"https:\/\/www.radiopiu.net\/wordpress\/wp-content\/uploads\/2024\/12\/974d2639-972e-4ccd-ac81-ff77fb756e20-300x139.jpg\" class=\"attachment-medium size-medium\" alt=\"\" srcset=\"https:\/\/www.radiopiu.net\/wordpress\/wp-content\/uploads\/2024\/12\/974d2639-972e-4ccd-ac81-ff77fb756e20-300x139.jpg 300w, https:\/\/www.radiopiu.net\/wordpress\/wp-content\/uploads\/2024\/12\/974d2639-972e-4ccd-ac81-ff77fb756e20-1024x473.jpg 1024w, https:\/\/www.radiopiu.net\/wordpress\/wp-content\/uploads\/2024\/12\/974d2639-972e-4ccd-ac81-ff77fb756e20-768x355.jpg 768w, https:\/\/www.radiopiu.net\/wordpress\/wp-content\/uploads\/2024\/12\/974d2639-972e-4ccd-ac81-ff77fb756e20-1536x709.jpg 1536w, https:\/\/www.radiopiu.net\/wordpress\/wp-content\/uploads\/2024\/12\/974d2639-972e-4ccd-ac81-ff77fb756e20.jpg 1600w\" sizes=\"auto, (max-width: 300px) 100vw, 300px\" \/><\/a>\n\t\t\t\t<\/dt><\/dl><br style=\"clear: both\" \/>\n\t\t\t<\/div>\n\n<p>&nbsp;<\/p>\n<hr \/>\n<p>&nbsp;<\/p>\n<p>&nbsp;<\/p>\n<blockquote>\n<h3>&#8220;OPS! E&#8217; GIA&#8217; NATALE&#8221; AL CINEMA DOLOMITI DI FALCADE<\/h3>\n<\/blockquote>\n<p><strong><a class=\"dt-pswp-item\" href=\"https:\/\/www.radiopiu.net\/wordpress\/wp-content\/uploads\/2024\/12\/locandina-2.jpg\" data-dt-img-description=\"\" data-large_image_width=\"420\" data-large_image_height=\"600\"><img loading=\"lazy\" decoding=\"async\" class=\" wp-image-425323 alignleft\" src=\"https:\/\/www.radiopiu.net\/wordpress\/wp-content\/uploads\/2024\/12\/locandina-2-210x300.jpg\" alt=\"\" width=\"138\" height=\"197\" srcset=\"https:\/\/www.radiopiu.net\/wordpress\/wp-content\/uploads\/2024\/12\/locandina-2-210x300.jpg 210w, https:\/\/www.radiopiu.net\/wordpress\/wp-content\/uploads\/2024\/12\/locandina-2.jpg 420w\" sizes=\"auto, (max-width: 138px) 100vw, 138px\" \/><\/a>FALCADE<\/strong> Inizia la programmazione dei film natalizi al Cinema Dolomiti di Falcade. Sabato e Domenica si inizia con &#8220;Ops! E&#8217; Gi\u00e0 Natale&#8221;. Claire, una bambina americana di dieci anni, visita il nonno Lawrence nelle Dolomiti ad agosto insieme ai genitori Abbie e Jacob, in crisi matrimoniale. I genitori sperano che Lawrence possa rivelare a Claire la loro imminente separazione. Gi\u00e0 consapevole delle tensioni, Claire cade in crisi ma desidera un ultimo Natale insieme, anche fuori stagione. Decide di organizzare un Natale estivo con l&#8217;aiuto del nonno, del collaboratore Otto e dei nonni paterni, Rose e Mark, richiamati dagli Stati Uniti. Il film <strong>&#8220;<\/strong>Ops! \u00c8 gi\u00e0 Natale&#8221; unisce l&#8217;atmosfera magica della commedia natalizia americana con il carattere tipico della commedia italiana. Diretto da Peter Chelsom, affiancato dagli sceneggiatori Neri Parenti e Francesco Patierno, il film riprende le dinamiche di classici come <em>Mamma, ho perso l&#8217;aereo<\/em>, ma visto attraverso gli occhi della protagonista Claire, che documenta tutto con la sua telecamera. Danny DeVito e sua figlia Lucy interpretano Lawrence e Claire, mentre Andie MacDowell \u00e8 la nonna materna. Tra scene rocambolesche (come una mongolfiera fuori controllo) ed equivoci tipici del cinema italiano (il nonno paterno che evita un&#8217;ex amante italiana), il film alterna momenti prevedibili a sprazzi emozionanti. La scena del ballo tra Claire e Lawrence richiama il romanticismo di <em>Shall We Dance?<\/em>. Pur con qualche pausa di troppo e personaggi secondari poco approfonditi, il film resta godibile grazie a una cura particolare dei personaggi e alla fusione tra culture diverse.<\/p>\n<h3><span style=\"color: #ff0000;\"><strong>AL CINEMA DOLOMITI DI FALCADE SABATO E DOMENICA, SPETTACOLI ALLE 21 E DOMENICA ANCHE ALLE 15:30<\/strong><\/span><\/h3>\n<p><strong>LA PRESENTAZIONE A CURA DI PAOLA LANCIATO<\/strong><\/p>\n<audio class=\"wp-audio-shortcode\" id=\"audio-425288-10\" preload=\"none\" style=\"width: 100%;\" controls=\"controls\"><source type=\"audio\/mpeg\" src=\"https:\/\/www.radiopiu.net\/wordpress\/wp-content\/uploads\/2024\/12\/OPS-EGIA-NATALE.mp3?_=10\" \/><a href=\"https:\/\/www.radiopiu.net\/wordpress\/wp-content\/uploads\/2024\/12\/OPS-EGIA-NATALE.mp3\">https:\/\/www.radiopiu.net\/wordpress\/wp-content\/uploads\/2024\/12\/OPS-EGIA-NATALE.mp3<\/a><\/audio>\n<p>&nbsp;<\/p>\n<p>&nbsp;<\/p>\n<p>&nbsp;<\/p>\n<hr \/>\n<p>&nbsp;<\/p>\n<blockquote>\n<h1>Il Presepe Artistico di Roe di Sedico: un capolavoro da visitare<\/h1>\n<\/blockquote>\n<p><a class=\"dt-pswp-item\" href=\"https:\/\/www.radiopiu.net\/wordpress\/wp-content\/uploads\/2024\/12\/5162ed54-e3b2-4d17-82f0-cf26bd30086a.jpg\" data-dt-img-description=\"\" data-large_image_width=\"1200\" data-large_image_height=\"1600\"><img loading=\"lazy\" decoding=\"async\" class=\"size-medium wp-image-423381 alignleft\" src=\"https:\/\/www.radiopiu.net\/wordpress\/wp-content\/uploads\/2024\/12\/5162ed54-e3b2-4d17-82f0-cf26bd30086a-225x300.jpg\" alt=\"\" width=\"225\" height=\"300\" srcset=\"https:\/\/www.radiopiu.net\/wordpress\/wp-content\/uploads\/2024\/12\/5162ed54-e3b2-4d17-82f0-cf26bd30086a-225x300.jpg 225w, https:\/\/www.radiopiu.net\/wordpress\/wp-content\/uploads\/2024\/12\/5162ed54-e3b2-4d17-82f0-cf26bd30086a-768x1024.jpg 768w, https:\/\/www.radiopiu.net\/wordpress\/wp-content\/uploads\/2024\/12\/5162ed54-e3b2-4d17-82f0-cf26bd30086a-1152x1536.jpg 1152w, https:\/\/www.radiopiu.net\/wordpress\/wp-content\/uploads\/2024\/12\/5162ed54-e3b2-4d17-82f0-cf26bd30086a.jpg 1200w\" sizes=\"auto, (max-width: 225px) 100vw, 225px\" \/><\/a>Il presepe artistico di Roe di Sedico \u00e8 un\u2019opera straordinaria realizzata dai talentuosi autori Fabio Sommacal, Davide Lovisotto, Edi Tegner, Andrea Fontanive e Marco Bressan. Nato nel 1988, le prime edizioni venivano ospitate nella cappella invernale e smontate ogni anno. Dal 1991, grazie alla disponibilit\u00e0 di Don Rinaldo, il presepe ha trovato una sede permanente, permettendo la realizzazione di 32 edizioni fino all\u2019interruzione causata dalla pandemia. Dal 2022, l\u2019avventura \u00e8 ripartita con rinnovato entusiasmo. Il presepe \u00e8 visitabile fino al 31 gennaio: <strong>Domeniche e festivi:<\/strong> 10:00-12:00 e 14:00-18:30. <strong>Dal 25 dicembre al 6 gennaio:<\/strong> aperto anche nei feriali, nel pomeriggio 14:00-18:30. Un appuntamento imperdibile per immergersi nella magia del Natale e ammirare un\u2019opera che racconta tradizione e passione.<\/p>\n<p>&nbsp;<\/p>\n\n\t\t\t<style type='text\/css'>\n\t\t\t\t#gallery-5 {\n\t\t\t\t\tmargin: auto;\n\t\t\t\t}\n\t\t\t\t#gallery-5 .gallery-item {\n\t\t\t\t\tfloat: left;\n\t\t\t\t\tmargin-top: 10px;\n\t\t\t\t\ttext-align: center;\n\t\t\t\t\twidth: 12%;\n\t\t\t\t}\n\t\t\t\t#gallery-5 img {\n\t\t\t\t\tborder: 2px solid #cfcfcf;\n\t\t\t\t}\n\t\t\t\t#gallery-5 .gallery-caption {\n\t\t\t\t\tmargin-left: 0;\n\t\t\t\t}\n\t\t\t\t\/* see gallery_shortcode() in wp-includes\/media.php *\/\n\t\t\t<\/style>\n\t\t<div id='gallery-5' class='dt-gallery-container gallery galleryid-425288 gallery-columns-8 gallery-size-thumbnail'><dl class='gallery-item'>\n\t\t\t\t<dt class='gallery-icon landscape'>\n\t\t\t\t\t<a class=\"rollover rollover-zoom dt-pswp-item\" title=\"1708f0ec-4e7a-4978-b30d-3959327ffde0\" data-dt-img-description=\"\" data-large_image_width=\"1600\" data-large_image_height=\"1200\"href='https:\/\/www.radiopiu.net\/wordpress\/wp-content\/uploads\/2024\/12\/1708f0ec-4e7a-4978-b30d-3959327ffde0.jpg'><img loading=\"lazy\" decoding=\"async\" width=\"150\" height=\"150\" src=\"https:\/\/www.radiopiu.net\/wordpress\/wp-content\/uploads\/2024\/12\/1708f0ec-4e7a-4978-b30d-3959327ffde0-150x150.jpg\" class=\"attachment-thumbnail size-thumbnail\" alt=\"\" \/><\/a>\n\t\t\t\t<\/dt><\/dl><dl class='gallery-item'>\n\t\t\t\t<dt class='gallery-icon landscape'>\n\t\t\t\t\t<a class=\"rollover rollover-zoom dt-pswp-item\" title=\"31faecc0-e87e-406d-b6a8-6f5633f67e78\" data-dt-img-description=\"\" data-large_image_width=\"1600\" data-large_image_height=\"1200\"href='https:\/\/www.radiopiu.net\/wordpress\/wp-content\/uploads\/2024\/12\/31faecc0-e87e-406d-b6a8-6f5633f67e78.jpg'><img loading=\"lazy\" decoding=\"async\" width=\"150\" height=\"150\" src=\"https:\/\/www.radiopiu.net\/wordpress\/wp-content\/uploads\/2024\/12\/31faecc0-e87e-406d-b6a8-6f5633f67e78-150x150.jpg\" class=\"attachment-thumbnail size-thumbnail\" alt=\"\" \/><\/a>\n\t\t\t\t<\/dt><\/dl><dl class='gallery-item'>\n\t\t\t\t<dt class='gallery-icon landscape'>\n\t\t\t\t\t<a class=\"rollover rollover-zoom dt-pswp-item\" title=\"22cd45a8-8844-4e2d-8552-f9a2b7c9b35a\" data-dt-img-description=\"\" data-large_image_width=\"1600\" data-large_image_height=\"1200\"href='https:\/\/www.radiopiu.net\/wordpress\/wp-content\/uploads\/2024\/12\/22cd45a8-8844-4e2d-8552-f9a2b7c9b35a.jpg'><img loading=\"lazy\" decoding=\"async\" width=\"150\" height=\"150\" src=\"https:\/\/www.radiopiu.net\/wordpress\/wp-content\/uploads\/2024\/12\/22cd45a8-8844-4e2d-8552-f9a2b7c9b35a-150x150.jpg\" class=\"attachment-thumbnail size-thumbnail\" alt=\"\" \/><\/a>\n\t\t\t\t<\/dt><\/dl><dl class='gallery-item'>\n\t\t\t\t<dt class='gallery-icon landscape'>\n\t\t\t\t\t<a class=\"rollover rollover-zoom dt-pswp-item\" title=\"2f78f81d-54a0-473e-a048-6082fa5f0dfb\" data-dt-img-description=\"\" data-large_image_width=\"1600\" data-large_image_height=\"1200\"href='https:\/\/www.radiopiu.net\/wordpress\/wp-content\/uploads\/2024\/12\/2f78f81d-54a0-473e-a048-6082fa5f0dfb.jpg'><img loading=\"lazy\" decoding=\"async\" width=\"150\" height=\"150\" src=\"https:\/\/www.radiopiu.net\/wordpress\/wp-content\/uploads\/2024\/12\/2f78f81d-54a0-473e-a048-6082fa5f0dfb-150x150.jpg\" class=\"attachment-thumbnail size-thumbnail\" alt=\"\" \/><\/a>\n\t\t\t\t<\/dt><\/dl><dl class='gallery-item'>\n\t\t\t\t<dt class='gallery-icon landscape'>\n\t\t\t\t\t<a class=\"rollover rollover-zoom dt-pswp-item\" title=\"05ae5de8-f5ea-45b4-9b1f-d4e96bbb1fb8\" data-dt-img-description=\"\" data-large_image_width=\"1600\" data-large_image_height=\"1200\"href='https:\/\/www.radiopiu.net\/wordpress\/wp-content\/uploads\/2024\/12\/05ae5de8-f5ea-45b4-9b1f-d4e96bbb1fb8.jpg'><img loading=\"lazy\" decoding=\"async\" width=\"150\" height=\"150\" src=\"https:\/\/www.radiopiu.net\/wordpress\/wp-content\/uploads\/2024\/12\/05ae5de8-f5ea-45b4-9b1f-d4e96bbb1fb8-150x150.jpg\" class=\"attachment-thumbnail size-thumbnail\" alt=\"\" \/><\/a>\n\t\t\t\t<\/dt><\/dl><dl class='gallery-item'>\n\t\t\t\t<dt class='gallery-icon landscape'>\n\t\t\t\t\t<a class=\"rollover rollover-zoom dt-pswp-item\" title=\"9b5d2c47-0c82-43c2-ac45-eda00723a965\" data-dt-img-description=\"\" data-large_image_width=\"1600\" data-large_image_height=\"1200\"href='https:\/\/www.radiopiu.net\/wordpress\/wp-content\/uploads\/2024\/12\/9b5d2c47-0c82-43c2-ac45-eda00723a965.jpg'><img loading=\"lazy\" decoding=\"async\" width=\"150\" height=\"150\" src=\"https:\/\/www.radiopiu.net\/wordpress\/wp-content\/uploads\/2024\/12\/9b5d2c47-0c82-43c2-ac45-eda00723a965-150x150.jpg\" class=\"attachment-thumbnail size-thumbnail\" alt=\"\" \/><\/a>\n\t\t\t\t<\/dt><\/dl><dl class='gallery-item'>\n\t\t\t\t<dt class='gallery-icon landscape'>\n\t\t\t\t\t<a class=\"rollover rollover-zoom dt-pswp-item\" title=\"2ed1d8d3-409e-4775-94ed-91e3eda55c6e\" data-dt-img-description=\"\" data-large_image_width=\"1600\" data-large_image_height=\"1200\"href='https:\/\/www.radiopiu.net\/wordpress\/wp-content\/uploads\/2024\/12\/2ed1d8d3-409e-4775-94ed-91e3eda55c6e.jpg'><img loading=\"lazy\" decoding=\"async\" width=\"150\" height=\"150\" src=\"https:\/\/www.radiopiu.net\/wordpress\/wp-content\/uploads\/2024\/12\/2ed1d8d3-409e-4775-94ed-91e3eda55c6e-150x150.jpg\" class=\"attachment-thumbnail size-thumbnail\" alt=\"\" \/><\/a>\n\t\t\t\t<\/dt><\/dl><dl class='gallery-item'>\n\t\t\t\t<dt class='gallery-icon landscape'>\n\t\t\t\t\t<a class=\"rollover rollover-zoom dt-pswp-item\" title=\"0f25e816-4eb7-459e-b251-b05d839862fc\" data-dt-img-description=\"\" data-large_image_width=\"1600\" data-large_image_height=\"1200\"href='https:\/\/www.radiopiu.net\/wordpress\/wp-content\/uploads\/2024\/12\/0f25e816-4eb7-459e-b251-b05d839862fc.jpg'><img loading=\"lazy\" decoding=\"async\" width=\"150\" height=\"150\" src=\"https:\/\/www.radiopiu.net\/wordpress\/wp-content\/uploads\/2024\/12\/0f25e816-4eb7-459e-b251-b05d839862fc-150x150.jpg\" class=\"attachment-thumbnail size-thumbnail\" alt=\"\" \/><\/a>\n\t\t\t\t<\/dt><\/dl><br style=\"clear: both\" \/>\n\t\t\t<\/div>\n\n<p>&nbsp;<\/p>\n<p>&nbsp;<\/p>\n<hr \/>\n<p>&nbsp;<\/p>\n<p style=\"text-align: center;\"><strong><a class=\"dt-pswp-item\" href=\"https:\/\/www.radiopiu.net\/wordpress\/wp-content\/uploads\/2024\/12\/mose-andrich.jpg\" data-dt-img-description=\"\" data-large_image_width=\"1023\" data-large_image_height=\"1023\"><img loading=\"lazy\" decoding=\"async\" class=\"wp-image-424317 alignleft\" src=\"https:\/\/www.radiopiu.net\/wordpress\/wp-content\/uploads\/2024\/12\/mose-andrich-300x300.jpg\" alt=\"\" width=\"118\" height=\"118\" srcset=\"https:\/\/www.radiopiu.net\/wordpress\/wp-content\/uploads\/2024\/12\/mose-andrich-300x300.jpg 300w, https:\/\/www.radiopiu.net\/wordpress\/wp-content\/uploads\/2024\/12\/mose-andrich-150x150.jpg 150w, https:\/\/www.radiopiu.net\/wordpress\/wp-content\/uploads\/2024\/12\/mose-andrich-768x768.jpg 768w, https:\/\/www.radiopiu.net\/wordpress\/wp-content\/uploads\/2024\/12\/mose-andrich.jpg 1023w\" sizes=\"auto, (max-width: 118px) 100vw, 118px\" \/><\/a>Da Bach ai Coldplay, Mos\u00e8 Andrich al pianoforte<\/strong><\/p>\n<p>Sabato 21 dicembre alle 17.45, nella Sala &#8220;Zanardelli&#8221; della Prefettura di Belluno, Mos\u00e8 Andrich si esibir\u00e0 in un concerto che spazier\u00e0 da Bach ai Coldplay. L&#8217;evento, promosso da Anffas Belluno, sostiene il progetto \u201cProve di Volo\u201d.<\/p>\n<p>\u00c8 necessaria la prenotazione entro il 15 dicembre scrivendo a <a href=\"mailto:info@anffasbelluno.org\">info@anffasbelluno.org<\/a> o su Whatsapp\/Sms al 371 3385451.<\/p>\n<p>&nbsp;<\/p>\n<p>&nbsp;<\/p>\n<p>&nbsp;<\/p>\n<hr \/>\n<p>&nbsp;<\/p>\n<p><strong><a class=\"dt-pswp-item\" href=\"https:\/\/www.radiopiu.net\/wordpress\/wp-content\/uploads\/2024\/11\/AMICI-MINERARI.png\" data-dt-img-description=\"\" data-large_image_width=\"209\" data-large_image_height=\"174\"><img loading=\"lazy\" decoding=\"async\" class=\"size-full wp-image-419180 alignleft\" src=\"https:\/\/www.radiopiu.net\/wordpress\/wp-content\/uploads\/2024\/11\/AMICI-MINERARI.png\" alt=\"\" width=\"209\" height=\"174\" \/><\/a>&#8220;Con gli Amici dei Minerari: Serate d&#8217;Inverno \u2013 un viaggio tra storia, scienza e meraviglie. Incontri presso la Sala con T\u00e0-Mis. Non mancare!&#8221;<\/strong><\/p>\n<ul>\n<li><em>Venerd\u00ec 20 dicembre, ore 20:30<\/em>: &#8220;La morfogenesi delle frane&#8221; \u2013 Relatore Prof. Vittorio Fenti.<\/li>\n<li><em>Venerd\u00ec 24 gennaio, ore 20:30<\/em>: &#8220;Il meraviglioso mondo dei fossili delle Dolomiti&#8221; \u2013 Relatore Danilo Giordano.<\/li>\n<li><em>Venerd\u00ec 21 febbraio, ore 20:30<\/em>: &#8220;Il traforo del Brennero: studio, progettazione e realizzazione&#8221; \u2013 Relatori Vittorio Fenti e Mario Guadagnini.<\/li>\n<\/ul>\n<p><strong>Vivi la cultura e la passione per la montagna!<\/strong><\/p>\n<p>&nbsp;<\/p>\n<p>&nbsp;<\/p>\n<p>&nbsp;<\/p>\n<hr \/>\n<p>&nbsp;<\/p>\n<blockquote>\n<h3>GLI 80 ANNI DI ACLI A FELTRE<\/h3>\n<\/blockquote>\n<p><strong><a class=\"dt-pswp-item\" href=\"https:\/\/www.radiopiu.net\/wordpress\/wp-content\/uploads\/2024\/12\/Incontro-1959-ACLI-Belluno-con-Vescovo-Muccin-Oratore-e-il-pres-prov-prof.-Arnaldo-Colleselli.jpg\" data-dt-img-description=\"\" data-large_image_width=\"1672\" data-large_image_height=\"1151\"><img loading=\"lazy\" decoding=\"async\" class=\" wp-image-424741 alignleft\" src=\"https:\/\/www.radiopiu.net\/wordpress\/wp-content\/uploads\/2024\/12\/Incontro-1959-ACLI-Belluno-con-Vescovo-Muccin-Oratore-e-il-pres-prov-prof.-Arnaldo-Colleselli-300x207.jpg\" alt=\"\" width=\"162\" height=\"112\" srcset=\"https:\/\/www.radiopiu.net\/wordpress\/wp-content\/uploads\/2024\/12\/Incontro-1959-ACLI-Belluno-con-Vescovo-Muccin-Oratore-e-il-pres-prov-prof.-Arnaldo-Colleselli-300x207.jpg 300w, https:\/\/www.radiopiu.net\/wordpress\/wp-content\/uploads\/2024\/12\/Incontro-1959-ACLI-Belluno-con-Vescovo-Muccin-Oratore-e-il-pres-prov-prof.-Arnaldo-Colleselli-1024x705.jpg 1024w, https:\/\/www.radiopiu.net\/wordpress\/wp-content\/uploads\/2024\/12\/Incontro-1959-ACLI-Belluno-con-Vescovo-Muccin-Oratore-e-il-pres-prov-prof.-Arnaldo-Colleselli-768x529.jpg 768w, https:\/\/www.radiopiu.net\/wordpress\/wp-content\/uploads\/2024\/12\/Incontro-1959-ACLI-Belluno-con-Vescovo-Muccin-Oratore-e-il-pres-prov-prof.-Arnaldo-Colleselli-1536x1057.jpg 1536w, https:\/\/www.radiopiu.net\/wordpress\/wp-content\/uploads\/2024\/12\/Incontro-1959-ACLI-Belluno-con-Vescovo-Muccin-Oratore-e-il-pres-prov-prof.-Arnaldo-Colleselli.jpg 1672w\" sizes=\"auto, (max-width: 162px) 100vw, 162px\" \/><\/a>FELTRE<\/strong> Sabato 21 dicembre, presso il Seminario Vescovile di Feltre, si terr\u00e0 un incontro speciale per celebrare gli 80 anni delle Acli in provincia di Belluno. L&#8217;evento ripercorrer\u00e0 la storia delle Acli, che hanno avuto un ruolo centrale nelle dinamiche sociali, politiche e sindacali delle comunit\u00e0 locali. Fondati nel 1945 grazie all&#8217;iniziativa del vescovo Girolamo Bortignon, gli Acli hanno offerto assistenza ai lavoratori in difficolt\u00e0. L&#8217;incontro vedr\u00e0 l&#8217;intervento del professor Marco Mascia dell&#8217;Universit\u00e0 di Padova e la partecipazione di storici soci delle Acli, che racconteranno i momenti significativi della loro storia. L&#8217;evento inizier\u00e0 alle ore 10 e sar\u00e0 introdotto dal presidente delle Acli Belluno Dolomiti Pietro Ranon.<\/p>\n<p>&nbsp;<\/p>\n<p>&nbsp;<\/p>\n<p>&nbsp;<\/p>\n<hr \/>\n<p>&nbsp;<\/p>\n<blockquote>\n<h3><a class=\"dt-pswp-item\" href=\"https:\/\/www.radiopiu.net\/wordpress\/wp-content\/uploads\/2024\/12\/0d7ebb35-c778-4ebe-84bd-352c38c63dc2.jpg\" data-dt-img-description=\"\" data-large_image_width=\"1131\" data-large_image_height=\"1600\"><img loading=\"lazy\" decoding=\"async\" class=\" wp-image-425160 alignleft\" src=\"https:\/\/www.radiopiu.net\/wordpress\/wp-content\/uploads\/2024\/12\/0d7ebb35-c778-4ebe-84bd-352c38c63dc2-212x300.jpg\" alt=\"\" width=\"119\" height=\"168\" srcset=\"https:\/\/www.radiopiu.net\/wordpress\/wp-content\/uploads\/2024\/12\/0d7ebb35-c778-4ebe-84bd-352c38c63dc2-212x300.jpg 212w, https:\/\/www.radiopiu.net\/wordpress\/wp-content\/uploads\/2024\/12\/0d7ebb35-c778-4ebe-84bd-352c38c63dc2-724x1024.jpg 724w, https:\/\/www.radiopiu.net\/wordpress\/wp-content\/uploads\/2024\/12\/0d7ebb35-c778-4ebe-84bd-352c38c63dc2-768x1086.jpg 768w, https:\/\/www.radiopiu.net\/wordpress\/wp-content\/uploads\/2024\/12\/0d7ebb35-c778-4ebe-84bd-352c38c63dc2-1086x1536.jpg 1086w, https:\/\/www.radiopiu.net\/wordpress\/wp-content\/uploads\/2024\/12\/0d7ebb35-c778-4ebe-84bd-352c38c63dc2.jpg 1131w\" sizes=\"auto, (max-width: 119px) 100vw, 119px\" \/><\/a>CON LE BIBLIOTECHE DELLA VALLE DEL BIOIS<\/h3>\n<\/blockquote>\n<p><strong>CANALE D&#8217;AGORDO <\/strong>Continua con successo la rassegna invernale delle proposte delle Biblioteche della Valle del Biois. Venerd\u00ec prossimo, alle ore 20.30, nella sala Emigranti di Canale d\u2019Agordo, ci sar\u00e0 lo spettacolo \u201cBuzzatti incontra Buzzati sotto l\u2019albero\u201d in cui l\u2019attore bellunese Sandro Buzzatti interpreter\u00e0 alcune novelle di Dino Buzzati tratte da \u201cIl panettone non bast\u00f2\u201d. Il quadro natalizio davvero originale ed emozionante culminer\u00e0 nella lettura della \u201cLettera di Natale\u201d di padre Davide Maria Turoldo. Le letture avranno l\u2019accompagnamento musicale dell\u2019artista Nelso Salton con l\u2019inseparabile contrabbasso.<\/p>\n<p>&nbsp;<\/p>\n<p>&nbsp;<\/p>\n<p>&nbsp;<\/p>\n<hr \/>\n<p>&nbsp;<\/p>\n<h2><span style=\"color: #ff6600;\">IERI ALLA RADIO\u00a0\u00a0<\/span><\/h2>\n<h2><span style=\"color: #800080;\">&#8220;DINTORN E FORA VIA&#8221;\u00a0 IL PROGRAMMA\u00a0 A CURA DEL MUSLA<\/span><\/h2>\n<p><strong><a class=\"dt-pswp-item\" href=\"https:\/\/www.radiopiu.net\/wordpress\/wp-content\/uploads\/2024\/12\/GIORNALI.jpg\" data-dt-img-description=\"\" data-large_image_width=\"1280\" data-large_image_height=\"960\"><img loading=\"lazy\" decoding=\"async\" class=\" wp-image-425317 alignleft\" src=\"https:\/\/www.radiopiu.net\/wordpress\/wp-content\/uploads\/2024\/12\/GIORNALI-300x225.jpg\" alt=\"\" width=\"160\" height=\"120\" srcset=\"https:\/\/www.radiopiu.net\/wordpress\/wp-content\/uploads\/2024\/12\/GIORNALI-300x225.jpg 300w, https:\/\/www.radiopiu.net\/wordpress\/wp-content\/uploads\/2024\/12\/GIORNALI-1024x768.jpg 1024w, https:\/\/www.radiopiu.net\/wordpress\/wp-content\/uploads\/2024\/12\/GIORNALI-768x576.jpg 768w, https:\/\/www.radiopiu.net\/wordpress\/wp-content\/uploads\/2024\/12\/GIORNALI.jpg 1280w\" sizes=\"auto, (max-width: 160px) 100vw, 160px\" \/><\/a>PUNTATA DEL 17 DICEMBRE 2024 <span style=\"color: #ff0000;\"><span style=\"color: #000000;\">NORMAN CREPAZ<\/span><\/span><\/strong><\/p>\n<audio class=\"wp-audio-shortcode\" id=\"audio-425288-11\" preload=\"none\" style=\"width: 100%;\" controls=\"controls\"><source type=\"audio\/mpeg\" src=\"https:\/\/www.radiopiu.net\/wordpress\/wp-content\/uploads\/2024\/12\/MUSLA-5.mp3?_=11\" \/><a href=\"https:\/\/www.radiopiu.net\/wordpress\/wp-content\/uploads\/2024\/12\/MUSLA-5.mp3\">https:\/\/www.radiopiu.net\/wordpress\/wp-content\/uploads\/2024\/12\/MUSLA-5.mp3<\/a><\/audio>\n<p>&nbsp;<\/p>\n<h2>LA RACCOLTA COMPLETA <a href=\"https:\/\/www.radiopiu.net\/wordpress\/musla\/\"><span style=\"color: #3366ff;\">CLICCA QUI<\/span><\/a><\/h2>\n<p>&nbsp;<\/p>\n<hr \/>\n<p>&nbsp;<\/p>\n<h2><span style=\"color: #ff00ff;\">DI MARTEDI&#8230; POMERIGGIO CON LUISA ALCHINI<\/span><\/h2>\n<p><span style=\"color: #ff0000;\"><strong><a class=\"dt-pswp-item\" href=\"https:\/\/www.radiopiu.net\/wordpress\/wp-content\/uploads\/2024\/12\/giuliana-da-ronch.jpg\" data-dt-img-description=\"\" data-large_image_width=\"949\" data-large_image_height=\"642\"><img loading=\"lazy\" decoding=\"async\" class=\" wp-image-425308 alignleft\" src=\"https:\/\/www.radiopiu.net\/wordpress\/wp-content\/uploads\/2024\/12\/giuliana-da-ronch-300x203.jpg\" alt=\"\" width=\"182\" height=\"123\" srcset=\"https:\/\/www.radiopiu.net\/wordpress\/wp-content\/uploads\/2024\/12\/giuliana-da-ronch-300x203.jpg 300w, https:\/\/www.radiopiu.net\/wordpress\/wp-content\/uploads\/2024\/12\/giuliana-da-ronch-768x520.jpg 768w, https:\/\/www.radiopiu.net\/wordpress\/wp-content\/uploads\/2024\/12\/giuliana-da-ronch.jpg 949w\" sizes=\"auto, (max-width: 182px) 100vw, 182px\" \/><\/a>PUNTATA 23 PARTE UNO &#8211; GIULIANA DA RONCH<\/strong><\/span><\/p>\n<audio class=\"wp-audio-shortcode\" id=\"audio-425288-12\" preload=\"none\" style=\"width: 100%;\" controls=\"controls\"><source type=\"audio\/mpeg\" src=\"https:\/\/www.radiopiu.net\/wordpress\/wp-content\/uploads\/2024\/12\/LP1-2.mp3?_=12\" \/><a href=\"https:\/\/www.radiopiu.net\/wordpress\/wp-content\/uploads\/2024\/12\/LP1-2.mp3\">https:\/\/www.radiopiu.net\/wordpress\/wp-content\/uploads\/2024\/12\/LP1-2.mp3<\/a><\/audio>\n<p><span style=\"color: #ff0000;\">\u00a0<\/span><\/p>\n<p><span style=\"color: #ff0000;\"><strong>PARTE DUE<\/strong><\/span><\/p>\n<audio class=\"wp-audio-shortcode\" id=\"audio-425288-13\" preload=\"none\" style=\"width: 100%;\" controls=\"controls\"><source type=\"audio\/mpeg\" src=\"https:\/\/www.radiopiu.net\/wordpress\/wp-content\/uploads\/2024\/12\/LP2-2.mp3?_=13\" \/><a href=\"https:\/\/www.radiopiu.net\/wordpress\/wp-content\/uploads\/2024\/12\/LP2-2.mp3\">https:\/\/www.radiopiu.net\/wordpress\/wp-content\/uploads\/2024\/12\/LP2-2.mp3<\/a><\/audio>\n<p><span style=\"color: #ff0000;\">\u00a0<\/span><\/p>\n<p><span style=\"color: #ff0000;\"><strong>PARTE TRE<\/strong><\/span><\/p>\n<audio class=\"wp-audio-shortcode\" id=\"audio-425288-14\" preload=\"none\" style=\"width: 100%;\" controls=\"controls\"><source type=\"audio\/mpeg\" src=\"https:\/\/www.radiopiu.net\/wordpress\/wp-content\/uploads\/2024\/12\/LP3-2.mp3?_=14\" \/><a href=\"https:\/\/www.radiopiu.net\/wordpress\/wp-content\/uploads\/2024\/12\/LP3-2.mp3\">https:\/\/www.radiopiu.net\/wordpress\/wp-content\/uploads\/2024\/12\/LP3-2.mp3<\/a><\/audio>\n<p>&nbsp;<\/p>\n<h2>LA RACCOLTA COMPLETA <a href=\"https:\/\/www.radiopiu.net\/wordpress\/lmt23\/\"><span style=\"color: #3366ff;\">CLICCA QUI<\/span><\/a><\/h2>\n<p>&nbsp;<\/p>\n<hr \/>\n<p>&nbsp;<\/p>\n<h2><span style=\"color: #008000;\">SPECIALE EP CENTER<\/span><\/h2>\n<p><strong>CON FRANCESCO ZILIO<\/strong><\/p>\n<p><strong>ARGOMENTO: DICHIARAZIONE DI RISPONDENZA<\/strong><\/p>\n<p><iframe loading=\"lazy\" title=\"DICHIARAZIONE DI RISPONDENZA\" width=\"1200\" height=\"675\" src=\"https:\/\/www.youtube.com\/embed\/gwsj6EmA__0?feature=oembed\" frameborder=\"0\" allow=\"accelerometer; autoplay; clipboard-write; encrypted-media; gyroscope; picture-in-picture; web-share\" referrerpolicy=\"strict-origin-when-cross-origin\" allowfullscreen><\/iframe><\/p>\n<p>&nbsp;<\/p>\n<p>&nbsp;<\/p>\n<p>&nbsp;<\/p>\n<hr \/>\n<p>&nbsp;<\/p>\n<blockquote>\n<h3>ARRIVA IL NUOVO EPISODIO DE &#8220;I CERCATORI&#8221;<\/h3>\n<\/blockquote>\n<p><strong>REDAZIONE<\/strong> Il 22 dicembre tornano &#8220;I Cercatori&#8221; con il nuovo episodio della nuova serie che si potr\u00e0 vedere sul canale Youtube del sodalizio. Questa la trama della puntata: Prima di arrivare a destinazione i ragazzi decidono di fare una sosta. Erik e Federico, approfittando della situazione, tentano di esumare qualche stralcio del passato di Denis. Questi, inizialmente riluttante, inizier\u00e0 a raccontare un episodio, rivivendo col pensiero degli attimi terrificanti che avrebbero dovuto rimanere dimenticati.<\/p>\n<p><strong>IL TRAILER\u00a0<\/strong><\/p>\n<div style=\"width: 960px;\" class=\"wp-video\"><video class=\"wp-video-shortcode\" id=\"video-425288-1\" width=\"960\" height=\"544\" preload=\"metadata\" controls=\"controls\"><source type=\"video\/mp4\" src=\"https:\/\/www.radiopiu.net\/wordpress\/wp-content\/uploads\/2024\/12\/WhatsApp-Video-2024-12-17-at-11.01.15.mp4?_=1\" \/><a href=\"https:\/\/www.radiopiu.net\/wordpress\/wp-content\/uploads\/2024\/12\/WhatsApp-Video-2024-12-17-at-11.01.15.mp4\">https:\/\/www.radiopiu.net\/wordpress\/wp-content\/uploads\/2024\/12\/WhatsApp-Video-2024-12-17-at-11.01.15.mp4<\/a><\/video><\/div>\n<p>&nbsp;<\/p>\n<p>&nbsp;<\/p>\n<hr \/>\n<p>&nbsp;<\/p>\n<h2><span style=\"color: #ff0000;\"><a class=\"dt-pswp-item\" href=\"https:\/\/www.radiopiu.net\/wordpress\/wp-content\/uploads\/2018\/09\/appuntamenti.jpeg\" data-dt-img-description=\"\" data-large_image_width=\"800\" data-large_image_height=\"100\"><img loading=\"lazy\" decoding=\"async\" class=\"wp-image-61958 size-full aligncenter\" src=\"https:\/\/www.radiopiu.net\/wordpress\/wp-content\/uploads\/2018\/09\/appuntamenti.jpeg\" alt=\"\" width=\"800\" height=\"100\" srcset=\"https:\/\/www.radiopiu.net\/wordpress\/wp-content\/uploads\/2018\/09\/appuntamenti.jpeg 800w, https:\/\/www.radiopiu.net\/wordpress\/wp-content\/uploads\/2018\/09\/appuntamenti-300x38.jpeg 300w, https:\/\/www.radiopiu.net\/wordpress\/wp-content\/uploads\/2018\/09\/appuntamenti-768x96.jpeg 768w\" sizes=\"auto, (max-width: 800px) 100vw, 800px\" \/><\/a><\/span><\/h2>\n<div dir=\"auto\"><strong>AL CINEMA DOLOMITI DI FALCADE LE GRANDI PELLICOLE DEL MOMENTO. SABATO E DOMENICA VERRA&#8217; PROIETTATO IL FILM &#8220;OPS \u00c8 GIA&#8217; NATALE&#8221;. SPETTACOLI ALLE 21, DOMENICA ANCHE ALLE 15:30<\/strong><\/div>\n<div class=\"xdj266r x11i5rnm xat24cr x1mh8g0r x1vvkbs x126k92a\">\n<div dir=\"auto\"><\/div>\n<\/div>\n<div>\n<div class=\"\" dir=\"auto\">\n<div id=\":r9h:\" class=\"x1iorvi4 x1pi30zi x1l90r2v x1swvt13\" data-ad-comet-preview=\"message\" data-ad-preview=\"message\">\n<div>\n<div class=\"\" dir=\"auto\">\n<div id=\":r9h:\" class=\"x1iorvi4 x1pi30zi x1l90r2v x1swvt13\" data-ad-comet-preview=\"message\" data-ad-preview=\"message\">\n<div class=\"xdj266r x11i5rnm xat24cr x1mh8g0r x1vvkbs x126k92a\">\n<div dir=\"auto\"><\/div>\n<\/div>\n<div>\n<div class=\"\" dir=\"auto\">\n<div id=\":r9h:\" class=\"x1iorvi4 x1pi30zi x1l90r2v x1swvt13\" data-ad-comet-preview=\"message\" data-ad-preview=\"message\">\n<div>\n<div class=\"\" dir=\"auto\">\n<div id=\":r9h:\" class=\"x1iorvi4 x1pi30zi x1l90r2v x1swvt13\" data-ad-comet-preview=\"message\" data-ad-preview=\"message\">\n\n\t\t\t<style type='text\/css'>\n\t\t\t\t#gallery-6 {\n\t\t\t\t\tmargin: auto;\n\t\t\t\t}\n\t\t\t\t#gallery-6 .gallery-item {\n\t\t\t\t\tfloat: left;\n\t\t\t\t\tmargin-top: 10px;\n\t\t\t\t\ttext-align: center;\n\t\t\t\t\twidth: 25%;\n\t\t\t\t}\n\t\t\t\t#gallery-6 img {\n\t\t\t\t\tborder: 2px solid #cfcfcf;\n\t\t\t\t}\n\t\t\t\t#gallery-6 .gallery-caption {\n\t\t\t\t\tmargin-left: 0;\n\t\t\t\t}\n\t\t\t\t\/* see gallery_shortcode() in wp-includes\/media.php *\/\n\t\t\t<\/style>\n\t\t<div id='gallery-6' class='dt-gallery-container gallery galleryid-425288 gallery-columns-4 gallery-size-thumbnail'><dl class='gallery-item'>\n\t\t\t\t<dt class='gallery-icon portrait'>\n\t\t\t\t\t<a class=\"rollover rollover-zoom dt-pswp-item\" title=\"manifesto serate invernali\" data-dt-img-description=\"\" data-large_image_width=\"1683\" data-large_image_height=\"2383\"href='https:\/\/www.radiopiu.net\/wordpress\/wp-content\/uploads\/2024\/11\/manifesto-serate-invernali.jpg'><img loading=\"lazy\" decoding=\"async\" width=\"150\" height=\"150\" src=\"https:\/\/www.radiopiu.net\/wordpress\/wp-content\/uploads\/2024\/11\/manifesto-serate-invernali-150x150.jpg\" class=\"attachment-thumbnail size-thumbnail\" alt=\"\" aria-describedby=\"gallery-6-418816\" \/><\/a>\n\t\t\t\t<\/dt>\n\t\t\t\t\t<dd class='wp-caption-text gallery-caption' id='gallery-6-418816'>\n\t\t\t\t\t21 FEBBRAIO\n\t\t\t\t\t<\/dd><\/dl><dl class='gallery-item'>\n\t\t\t\t<dt class='gallery-icon portrait'>\n\t\t\t\t\t<a class=\"rollover rollover-zoom dt-pswp-item\" title=\"locandina Insieme e\u0300 piu\u0300 bello\" data-dt-img-description=\"\" data-large_image_width=\"1131\" data-large_image_height=\"1600\"href='https:\/\/www.radiopiu.net\/wordpress\/wp-content\/uploads\/2024\/11\/locandina-Insieme-e-piu-bello.jpg'><img loading=\"lazy\" decoding=\"async\" width=\"150\" height=\"150\" src=\"https:\/\/www.radiopiu.net\/wordpress\/wp-content\/uploads\/2024\/11\/locandina-Insieme-e-piu-bello-150x150.jpg\" class=\"attachment-thumbnail size-thumbnail\" alt=\"\" aria-describedby=\"gallery-6-421314\" \/><\/a>\n\t\t\t\t<\/dt>\n\t\t\t\t\t<dd class='wp-caption-text gallery-caption' id='gallery-6-421314'>\n\t\t\t\t\tINSIEME A SAN GREGORIO\n\t\t\t\t\t<\/dd><\/dl><dl class='gallery-item'>\n\t\t\t\t<dt class='gallery-icon landscape'>\n\t\t\t\t\t<a class=\"rollover rollover-zoom dt-pswp-item\" title=\"tornao angeli 2024\" data-dt-img-description=\"\" data-large_image_width=\"941\" data-large_image_height=\"551\"href='https:\/\/www.radiopiu.net\/wordpress\/wp-content\/uploads\/2024\/12\/tornao-angeli-2024.jpg'><img loading=\"lazy\" decoding=\"async\" width=\"150\" height=\"150\" src=\"https:\/\/www.radiopiu.net\/wordpress\/wp-content\/uploads\/2024\/12\/tornao-angeli-2024-150x150.jpg\" class=\"attachment-thumbnail size-thumbnail\" alt=\"\" aria-describedby=\"gallery-6-422943\" \/><\/a>\n\t\t\t\t<\/dt>\n\t\t\t\t\t<dd class='wp-caption-text gallery-caption' id='gallery-6-422943'>\n\t\t\t\t\tIL TORNEO DEGLI ANGELI\n\t\t\t\t\t<\/dd><\/dl><dl class='gallery-item'>\n\t\t\t\t<dt class='gallery-icon portrait'>\n\t\t\t\t\t<a class=\"rollover rollover-zoom dt-pswp-item\" title=\"0073db61-77c4-47e3-8986-5b9d5f40fa8a\" data-dt-img-description=\"\" data-large_image_width=\"1448\" data-large_image_height=\"2048\"href='https:\/\/www.radiopiu.net\/wordpress\/wp-content\/uploads\/2024\/12\/0073db61-77c4-47e3-8986-5b9d5f40fa8a.jpg'><img loading=\"lazy\" decoding=\"async\" width=\"150\" height=\"150\" src=\"https:\/\/www.radiopiu.net\/wordpress\/wp-content\/uploads\/2024\/12\/0073db61-77c4-47e3-8986-5b9d5f40fa8a-150x150.jpg\" class=\"attachment-thumbnail size-thumbnail\" alt=\"\" aria-describedby=\"gallery-6-422994\" \/><\/a>\n\t\t\t\t<\/dt>\n\t\t\t\t\t<dd class='wp-caption-text gallery-caption' id='gallery-6-422994'>\n\t\t\t\t\tNATALE A LA VALLE\n\t\t\t\t\t<\/dd><\/dl><br style=\"clear: both\" \/><dl class='gallery-item'>\n\t\t\t\t<dt class='gallery-icon portrait'>\n\t\t\t\t\t<a class=\"rollover rollover-zoom dt-pswp-item\" title=\"cc14bd66-7d3b-4192-aabf-82af02057496\" data-dt-img-description=\"\" data-large_image_width=\"1448\" data-large_image_height=\"2048\"href='https:\/\/www.radiopiu.net\/wordpress\/wp-content\/uploads\/2024\/12\/cc14bd66-7d3b-4192-aabf-82af02057496.jpg'><img loading=\"lazy\" decoding=\"async\" width=\"150\" height=\"150\" src=\"https:\/\/www.radiopiu.net\/wordpress\/wp-content\/uploads\/2024\/12\/cc14bd66-7d3b-4192-aabf-82af02057496-150x150.jpg\" class=\"attachment-thumbnail size-thumbnail\" alt=\"\" aria-describedby=\"gallery-6-422993\" \/><\/a>\n\t\t\t\t<\/dt>\n\t\t\t\t\t<dd class='wp-caption-text gallery-caption' id='gallery-6-422993'>\n\t\t\t\t\tNATALE A LA VALLE\n\t\t\t\t\t<\/dd><\/dl><dl class='gallery-item'>\n\t\t\t\t<dt class='gallery-icon landscape'>\n\t\t\t\t\t<a class=\"rollover rollover-zoom dt-pswp-item\" title=\"2e0045b9-30d0-4ed0-9e34-cff896fe6450\" data-dt-img-description=\"\" data-large_image_width=\"1280\" data-large_image_height=\"1280\"href='https:\/\/www.radiopiu.net\/wordpress\/wp-content\/uploads\/2024\/12\/2e0045b9-30d0-4ed0-9e34-cff896fe6450.jpg'><img loading=\"lazy\" decoding=\"async\" width=\"150\" height=\"150\" src=\"https:\/\/www.radiopiu.net\/wordpress\/wp-content\/uploads\/2024\/12\/2e0045b9-30d0-4ed0-9e34-cff896fe6450-150x150.jpg\" class=\"attachment-thumbnail size-thumbnail\" alt=\"\" aria-describedby=\"gallery-6-424006\" srcset=\"https:\/\/www.radiopiu.net\/wordpress\/wp-content\/uploads\/2024\/12\/2e0045b9-30d0-4ed0-9e34-cff896fe6450-150x150.jpg 150w, https:\/\/www.radiopiu.net\/wordpress\/wp-content\/uploads\/2024\/12\/2e0045b9-30d0-4ed0-9e34-cff896fe6450-300x300.jpg 300w, https:\/\/www.radiopiu.net\/wordpress\/wp-content\/uploads\/2024\/12\/2e0045b9-30d0-4ed0-9e34-cff896fe6450-1024x1024.jpg 1024w, https:\/\/www.radiopiu.net\/wordpress\/wp-content\/uploads\/2024\/12\/2e0045b9-30d0-4ed0-9e34-cff896fe6450-768x768.jpg 768w, https:\/\/www.radiopiu.net\/wordpress\/wp-content\/uploads\/2024\/12\/2e0045b9-30d0-4ed0-9e34-cff896fe6450.jpg 1280w\" sizes=\"auto, (max-width: 150px) 100vw, 150px\" \/><\/a>\n\t\t\t\t<\/dt>\n\t\t\t\t\t<dd class='wp-caption-text gallery-caption' id='gallery-6-424006'>\n\t\t\t\t\tCAPODANNO IN BIRRERIA\n\t\t\t\t\t<\/dd><\/dl><dl class='gallery-item'>\n\t\t\t\t<dt class='gallery-icon portrait'>\n\t\t\t\t\t<a class=\"rollover rollover-zoom dt-pswp-item\" title=\"21 dicembre\" data-dt-img-description=\"\" data-large_image_width=\"841\" data-large_image_height=\"1190\"href='https:\/\/www.radiopiu.net\/wordpress\/wp-content\/uploads\/2024\/12\/21-dicembre.jpg'><img loading=\"lazy\" decoding=\"async\" width=\"150\" height=\"150\" src=\"https:\/\/www.radiopiu.net\/wordpress\/wp-content\/uploads\/2024\/12\/21-dicembre-150x150.jpg\" class=\"attachment-thumbnail size-thumbnail\" alt=\"\" \/><\/a>\n\t\t\t\t<\/dt><\/dl>\n\t\t\t\t<br style='clear: both' \/>\n\t\t\t<\/div>\n\n<\/div>\n<\/div>\n<\/div>\n<p>&nbsp;<\/p>\n<\/div>\n<\/div>\n<\/div>\n<\/div>\n<\/div>\n<\/div>\n<\/div>\n<\/div>\n<\/div>\n<p>&nbsp;<\/p>\n<div>\n<div class=\"\" dir=\"auto\">\n<div id=\":r9h:\" class=\"x1iorvi4 x1pi30zi x1l90r2v x1swvt13\" data-ad-comet-preview=\"message\" data-ad-preview=\"message\"><\/div>\n<\/div>\n<\/div>\n<p>&nbsp;<\/p>\n<hr \/>\n<p>&nbsp;<\/p>\n<p class=\"mceTemp\"><a class=\"dt-pswp-item\" href=\"https:\/\/www.radiopiu.net\/wordpress\/wp-content\/uploads\/2018\/09\/WhatsApp-Image-2018-09-20-at-16.04.06.jpeg\" data-dt-img-description=\"\" data-large_image_width=\"800\" data-large_image_height=\"100\"><img loading=\"lazy\" decoding=\"async\" class=\"wp-image-61378 size-full aligncenter\" src=\"https:\/\/www.radiopiu.net\/wordpress\/wp-content\/uploads\/2018\/09\/WhatsApp-Image-2018-09-20-at-16.04.06.jpeg\" alt=\"\" width=\"800\" height=\"100\" srcset=\"https:\/\/www.radiopiu.net\/wordpress\/wp-content\/uploads\/2018\/09\/WhatsApp-Image-2018-09-20-at-16.04.06.jpeg 800w, https:\/\/www.radiopiu.net\/wordpress\/wp-content\/uploads\/2018\/09\/WhatsApp-Image-2018-09-20-at-16.04.06-300x38.jpeg 300w, https:\/\/www.radiopiu.net\/wordpress\/wp-content\/uploads\/2018\/09\/WhatsApp-Image-2018-09-20-at-16.04.06-768x96.jpeg 768w\" sizes=\"auto, (max-width: 800px) 100vw, 800px\" \/><\/a><\/p>\n<p><center><\/center><center><\/center><center><b>\u00a0<\/b><\/center><center><b>OGGI<\/b><\/center>Al mattino solo parzialmente soleggiato per transito di nubi medio-alte a tratti estese. Dalle ore centrali del giorno in poi i rasserenamenti saranno man mano pi\u00f9 frequenti fino a risultare predominanti al pomeriggio ed in serata. La mitezza perdurer\u00e0 in quota, mentre l&#8217;inversione termica tender\u00e0 ad attenuarsi nelle valli.<br \/>\n<b>Precipitazioni: <\/b>Assenti<br \/>\n<b>Temperature: <\/b>Le minime saranno senza notevoli variazioni, mentre le massime potrebbero diminuire, ad eccezione delle cime pi\u00f9 alte<\/p>\n<hr \/>\n<p><center><b>DOMANI<\/b><\/center><b>Tempo atteso: <\/b>Sole e velature del cielo al mattino, dal mezzogiorno nubi in aumento fino a cielo nuvoloso o molto nuvoloso nel pomeriggio\/sera, quando si verificheranno i primi fenomeni. Riduzione dell&#8217;inversione termica al mattino e scomparsa della stessa al pomeriggio. \u00ec<br \/>\n<b>Precipitazioni: <\/b>Assenti al mattino, mentre la probabilit\u00e0 aumenter\u00e0 al pomeriggio per prime deboli precipitazioni a partire dalle Prealpi, in estensione alle Dolomiti entro il tardo pomeriggio intensificandosi. Il limite neve sar\u00e0 a circa 1000-1200 m su Dolomiti e 1300-1500 m su Prealpi, in abbassamento in nottata.<br \/>\n<b>Temperature: <\/b>In generale diminuzione, con minime osservate alla sera oltre i 1500 m, mentre le massime oltre tale quota si verificheranno nella notte tra mercoled\u00ec e gioved\u00ec.<\/p>\n<hr \/>\n<p><center><b>VENERDI<\/b><\/center>Nottetempo cielo coperto e precipitazioni sempre pi\u00f9 residue fino ad esaurimento entro l&#8217;alba, nevose fino sui 900-1100 m sulle Dolomiti e 1100\/1300 m su Prealpi. Nel corso delle mattinata primi rasserenamenti a partire dalle Dolomiti occidentali, via via pi\u00f9 ampi fino a cielo sereno dalle ore centrali in poi. Temperature in generale calo a tutte le quote, salvo aumenti in alcune valli per favonio.<\/p>\n<hr \/>\n<p><center><b>SABATO<\/b><\/center>Qualche annuvolamento in arrivo da nord al mattino, poi in prevalenza soleggiato con cielo sereno o poco nuvoloso. Temperature in generale calo in quota, anche nelle valli ad eccezione di qualche temporaneo aumento per Foehn.<\/p>\n<p>&nbsp;<\/p>\n<hr \/>\n<p>&nbsp;<\/p>\n<p>&nbsp;<\/p>\n<p class=\"mceTemp\"><a class=\"dt-pswp-item\" href=\"https:\/\/www.radiopiu.net\/wordpress\/wp-content\/uploads\/2018\/09\/sport.jpg\" data-dt-img-description=\"\" data-large_image_width=\"800\" data-large_image_height=\"100\"><img loading=\"lazy\" decoding=\"async\" class=\"aligncenter wp-image-60761 size-full\" src=\"https:\/\/www.radiopiu.net\/wordpress\/wp-content\/uploads\/2018\/09\/sport.jpg\" alt=\"\" width=\"800\" height=\"100\" srcset=\"https:\/\/www.radiopiu.net\/wordpress\/wp-content\/uploads\/2018\/09\/sport.jpg 800w, https:\/\/www.radiopiu.net\/wordpress\/wp-content\/uploads\/2018\/09\/sport-300x38.jpg 300w, https:\/\/www.radiopiu.net\/wordpress\/wp-content\/uploads\/2018\/09\/sport-768x96.jpg 768w\" sizes=\"auto, (max-width: 800px) 100vw, 800px\" \/> <\/a><\/p>\n<h3 class=\"mceTemp\"><span style=\"color: #0000ff;\"><strong>NUOTO\u00a0<\/strong><\/span><\/h3>\n<blockquote>\n<h3 class=\"mceTemp\"><span style=\"color: #0000ff;\"><strong><br \/>\n<span style=\"color: #000000;\">Nuoto: successo per la 1\u00aa gara del Campionato Provinciale Swim Teen ad Agordo<\/span><br \/>\n<\/strong><\/span><\/h3>\n<\/blockquote>\n<blockquote><p><em><strong>Pioggia di medaglie per i nuotatori agordini nella prima prova<\/strong><\/em><\/p><\/blockquote>\n<p>Si \u00e8 svolta nella Piscina Comprensoriale Agordina la prima prova del Campionato Provinciale di Nuoto per ragazzi dal 2006 al 2013. Hanno partecipato, oltre che la societ\u00e0 ospitante di Attivamente Agordino, Ondablu, Sportivamente Belluno, Dolomiti Nuoto e Sporting Club Lessinia di Longarone. Grande partecipazione ed entusiasmo da parte di tutti gli atleti sorretti dal numeroso pubblico che ha potuto assistere in presenza alla manifestazione. Ottimi i risultati dei nuotatori agordini che si sono aggiudicati diverse medaglie nelle varie categorie. Nella categoria ragazzi, due ori per <strong>Carlotta Fusina<\/strong>\u00a0 nei 50 ostacoli e 50 rana. <strong>Ilenia Venialetti<\/strong> vince l\u2019oro nei 100 stile libero e l\u2019argento nei 50 dorso, ed \u00e8 argento nei 50 dorso anche per\u00a0<strong> Cosimo Dichiera.\u00a0 <\/strong>Per la categoria juniores\u00a0 <strong>Alessio Savio<\/strong>\u00a0 vince l\u2019oro sia nei 50 ostacoli che nei 100 stile libero\u00a0 cos\u00ec come <strong>Samuele Zasso Cucchini <\/strong>primo nei 50 dorso e nei 50 rana. Sempre juniores, ma al femminile,<strong> Dalia\u00a0 Fadig\u00e0<\/strong> vince l\u2019oro nei 50 rana e l\u2019argento nei 50 ostacoli, due bronzi pe Rebecca Buxai\u00a0 nei 100 stile libero e 50 dorso. Categoria cadetti, terzo posto per <strong>Nicola Fadig\u00e0<\/strong> nei 100 stile libero, Omar Soppelsa ottiene il bronzo nei 50 rana, <strong>Giulia Carrera<\/strong> \u00e8 argento nei 59 rana e <strong>Giulia Carlin<\/strong>\u00a0 ottiene due bronzi nei 50 dorso e 100 stile libero. Infine per la categoria seniores, due ori per\u00a0 <strong>Gaia Bristot<\/strong> nei 100 stile libero e 50 dorso e argento per <strong>Vittoria Busin<\/strong> Vittoria nei 50 dorso. Una vera e propria pioggia di medaglie che dimostra l\u2019impegno dei ragazzi e l\u2019ottimo lavoro svolto dagli allenatori e da tutto lo staff di Attivamente Agordino. Il prossimo appuntamento, per la seconda giornata, sar\u00e0 il primo febbraio alla piscina di Belluno.<\/p>\n<p>&nbsp;<\/p>\n\n\t\t\t<style type='text\/css'>\n\t\t\t\t#gallery-7 {\n\t\t\t\t\tmargin: auto;\n\t\t\t\t}\n\t\t\t\t#gallery-7 .gallery-item {\n\t\t\t\t\tfloat: left;\n\t\t\t\t\tmargin-top: 10px;\n\t\t\t\t\ttext-align: center;\n\t\t\t\t\twidth: 50%;\n\t\t\t\t}\n\t\t\t\t#gallery-7 img {\n\t\t\t\t\tborder: 2px solid #cfcfcf;\n\t\t\t\t}\n\t\t\t\t#gallery-7 .gallery-caption {\n\t\t\t\t\tmargin-left: 0;\n\t\t\t\t}\n\t\t\t\t\/* see gallery_shortcode() in wp-includes\/media.php *\/\n\t\t\t<\/style>\n\t\t<div id='gallery-7' class='dt-gallery-container gallery galleryid-425288 gallery-columns-2 gallery-size-medium'><dl class='gallery-item'>\n\t\t\t\t<dt class='gallery-icon landscape'>\n\t\t\t\t\t<a class=\"rollover rollover-zoom dt-pswp-item\" title=\"e6dd9e98-58c7-4b38-8e63-add3a58682b7\" data-dt-img-description=\"\" data-large_image_width=\"1600\" data-large_image_height=\"1159\"href='https:\/\/www.radiopiu.net\/wordpress\/wp-content\/uploads\/2024\/12\/e6dd9e98-58c7-4b38-8e63-add3a58682b7.jpg'><img loading=\"lazy\" decoding=\"async\" width=\"300\" height=\"217\" src=\"https:\/\/www.radiopiu.net\/wordpress\/wp-content\/uploads\/2024\/12\/e6dd9e98-58c7-4b38-8e63-add3a58682b7-300x217.jpg\" class=\"attachment-medium size-medium\" alt=\"\" srcset=\"https:\/\/www.radiopiu.net\/wordpress\/wp-content\/uploads\/2024\/12\/e6dd9e98-58c7-4b38-8e63-add3a58682b7-300x217.jpg 300w, https:\/\/www.radiopiu.net\/wordpress\/wp-content\/uploads\/2024\/12\/e6dd9e98-58c7-4b38-8e63-add3a58682b7-1024x742.jpg 1024w, https:\/\/www.radiopiu.net\/wordpress\/wp-content\/uploads\/2024\/12\/e6dd9e98-58c7-4b38-8e63-add3a58682b7-768x556.jpg 768w, https:\/\/www.radiopiu.net\/wordpress\/wp-content\/uploads\/2024\/12\/e6dd9e98-58c7-4b38-8e63-add3a58682b7-1536x1113.jpg 1536w, https:\/\/www.radiopiu.net\/wordpress\/wp-content\/uploads\/2024\/12\/e6dd9e98-58c7-4b38-8e63-add3a58682b7.jpg 1600w\" sizes=\"auto, (max-width: 300px) 100vw, 300px\" \/><\/a>\n\t\t\t\t<\/dt><\/dl><dl class='gallery-item'>\n\t\t\t\t<dt class='gallery-icon landscape'>\n\t\t\t\t\t<a class=\"rollover rollover-zoom dt-pswp-item\" title=\"6724f265-dd3b-4c77-89f9-1807eecf9e2a\" data-dt-img-description=\"\" data-large_image_width=\"1600\" data-large_image_height=\"1409\"href='https:\/\/www.radiopiu.net\/wordpress\/wp-content\/uploads\/2024\/12\/6724f265-dd3b-4c77-89f9-1807eecf9e2a.jpg'><img loading=\"lazy\" decoding=\"async\" width=\"300\" height=\"264\" src=\"https:\/\/www.radiopiu.net\/wordpress\/wp-content\/uploads\/2024\/12\/6724f265-dd3b-4c77-89f9-1807eecf9e2a-300x264.jpg\" class=\"attachment-medium size-medium\" alt=\"\" srcset=\"https:\/\/www.radiopiu.net\/wordpress\/wp-content\/uploads\/2024\/12\/6724f265-dd3b-4c77-89f9-1807eecf9e2a-300x264.jpg 300w, https:\/\/www.radiopiu.net\/wordpress\/wp-content\/uploads\/2024\/12\/6724f265-dd3b-4c77-89f9-1807eecf9e2a-1024x902.jpg 1024w, https:\/\/www.radiopiu.net\/wordpress\/wp-content\/uploads\/2024\/12\/6724f265-dd3b-4c77-89f9-1807eecf9e2a-768x676.jpg 768w, https:\/\/www.radiopiu.net\/wordpress\/wp-content\/uploads\/2024\/12\/6724f265-dd3b-4c77-89f9-1807eecf9e2a-1536x1353.jpg 1536w, https:\/\/www.radiopiu.net\/wordpress\/wp-content\/uploads\/2024\/12\/6724f265-dd3b-4c77-89f9-1807eecf9e2a.jpg 1600w\" sizes=\"auto, (max-width: 300px) 100vw, 300px\" \/><\/a>\n\t\t\t\t<\/dt><\/dl><br style=\"clear: both\" \/>\n\t\t\t<\/div>\n\n<p>&nbsp;<\/p>\n<hr \/>\n<p class=\"mceTemp\"><span style=\"color: #0000ff;\"><strong>\u00a0 \u00a0 \u00a0 \u00a0<\/strong><\/span><\/p>\n<blockquote>\n<h2><strong><a class=\"dt-pswp-item\" href=\"https:\/\/www.radiopiu.net\/wordpress\/wp-content\/uploads\/2024\/12\/Vanessa_Cagnati02-scaled.jpg\" data-dt-img-description=\"Newspower.it Trento www.newspower.it\" data-large_image_width=\"2560\" data-large_image_height=\"2159\"><img loading=\"lazy\" decoding=\"async\" class=\"size-medium wp-image-425390 alignleft\" src=\"https:\/\/www.radiopiu.net\/wordpress\/wp-content\/uploads\/2024\/12\/Vanessa_Cagnati02-300x253.jpg\" alt=\"\" width=\"300\" height=\"253\" srcset=\"https:\/\/www.radiopiu.net\/wordpress\/wp-content\/uploads\/2024\/12\/Vanessa_Cagnati02-300x253.jpg 300w, https:\/\/www.radiopiu.net\/wordpress\/wp-content\/uploads\/2024\/12\/Vanessa_Cagnati02-1024x864.jpg 1024w, https:\/\/www.radiopiu.net\/wordpress\/wp-content\/uploads\/2024\/12\/Vanessa_Cagnati02-768x648.jpg 768w, https:\/\/www.radiopiu.net\/wordpress\/wp-content\/uploads\/2024\/12\/Vanessa_Cagnati02-1536x1296.jpg 1536w, https:\/\/www.radiopiu.net\/wordpress\/wp-content\/uploads\/2024\/12\/Vanessa_Cagnati02-2048x1728.jpg 2048w\" sizes=\"auto, (max-width: 300px) 100vw, 300px\" \/><\/a>Falcade: show del fondo tra Coppa Italia e Coppa Europa<\/strong><\/h2>\n<\/blockquote>\n<div class=\"mceTemp\"><\/div>\n<p><em><strong>In Val del Biois motori a tutta per l\u2019organizzazione della Coppa Europa. <\/strong><strong>Sabato test probante con la Coppa Italia. Piste pronte <\/strong><strong>Fulvio Scola: \u201cgarantisco che ci sar\u00e0 da divertirsi\u201d <\/strong><strong>Gran parte delle piste pronte, per le festivit\u00e0 spazio a fondisti e turisti<\/strong><\/em><\/p>\n<p>A Falcade si accendono i riflettori sullo sci di fondo con la <strong>Coppa Italia<\/strong> sabato 21 dicembre, un test importante per la <strong>FESA Cup<\/strong>, tappa di Coppa Europa in programma dal <strong>17 al 19 gennaio<\/strong>. La competizione, organizzata dallo Sci Club Valbiois, prevede gare sprint, cronometro individuale e pursuit. Fulvio Scola, tecnico federale, assicura: \u201cSar\u00e0 un evento spettacolare, con piste tecniche e un\u2019organizzazione determinata.\u201d<\/p>\n<p>Intanto, il Centro Fondo Scola \u00e8 quasi pronto, con percorsi innevati per fondisti e turisti. Il tracciato \u201cSan Giusto\u201d da 2,5 km ospiter\u00e0 la Coppa Italia, mentre per la Coppa Europa sar\u00e0 ampliato per uno spettacolo di alto livello. Un evento da non perdere per appassionati e atleti.<\/p>\n<p>&nbsp;<\/p>\n<p>&nbsp;<\/p>\n","protected":false},"excerpt":{"rendered":"<p>******** &nbsp; LA\u00a0 APP PER IOS-IPHONE di Nicola Vettorello https:\/\/apps.apple.com\/it\/app\/radio-pi%C3%B9-emittente-agordina\/id1515939845 LA\u00a0 APP RADIO\u00a0 PER ANDROID di Nicola Vettorello https:\/\/play.google.com\/store\/apps\/details?id=net.radiopiu.iniko\u00a0\u00a0\u00a0 &nbsp; &nbsp; &nbsp; OGGI A RADIO PIU&#8217;&#8230; TRA L&#8217;ALTRO:\u00a0 10 10\u00a0 CISL LA VOCE PER I LAVORATORI CON ALESSIO PICCOLI 10.30\u00a0\u00a0 \u00a0SE NON LE SMETTI DI MANDO DAL PRESIDE CON LA PROF. MARIA ROSA SALMAZO 15.10&hellip;<\/p>\n","protected":false},"author":4,"featured_media":425437,"comment_status":"closed","ping_status":"closed","sticky":false,"template":"","format":"standard","meta":{"_monsterinsights_skip_tracking":false,"_monsterinsights_sitenote_active":false,"_monsterinsights_sitenote_note":"","_monsterinsights_sitenote_category":0,"footnotes":""},"categories":[51,86,49],"tags":[],"class_list":["post-425288","post","type-post","status-publish","format-standard","has-post-thumbnail","hentry","category-evidenza-top","category-gr","category-news-18","category-51","category-86","category-49","description-off"],"img_url":"https:\/\/www.radiopiu.net\/wordpress\/wp-content\/uploads\/2024\/12\/d4916d56-07db-4e87-954e-2a56afc1dae2.jpg","_links":{"self":[{"href":"https:\/\/www.radiopiu.net\/wordpress\/wp-json\/wp\/v2\/posts\/425288","targetHints":{"allow":["GET"]}}],"collection":[{"href":"https:\/\/www.radiopiu.net\/wordpress\/wp-json\/wp\/v2\/posts"}],"about":[{"href":"https:\/\/www.radiopiu.net\/wordpress\/wp-json\/wp\/v2\/types\/post"}],"author":[{"embeddable":true,"href":"https:\/\/www.radiopiu.net\/wordpress\/wp-json\/wp\/v2\/users\/4"}],"replies":[{"embeddable":true,"href":"https:\/\/www.radiopiu.net\/wordpress\/wp-json\/wp\/v2\/comments?post=425288"}],"version-history":[{"count":30,"href":"https:\/\/www.radiopiu.net\/wordpress\/wp-json\/wp\/v2\/posts\/425288\/revisions"}],"predecessor-version":[{"id":425458,"href":"https:\/\/www.radiopiu.net\/wordpress\/wp-json\/wp\/v2\/posts\/425288\/revisions\/425458"}],"wp:featuredmedia":[{"embeddable":true,"href":"https:\/\/www.radiopiu.net\/wordpress\/wp-json\/wp\/v2\/media\/425437"}],"wp:attachment":[{"href":"https:\/\/www.radiopiu.net\/wordpress\/wp-json\/wp\/v2\/media?parent=425288"}],"wp:term":[{"taxonomy":"category","embeddable":true,"href":"https:\/\/www.radiopiu.net\/wordpress\/wp-json\/wp\/v2\/categories?post=425288"},{"taxonomy":"post_tag","embeddable":true,"href":"https:\/\/www.radiopiu.net\/wordpress\/wp-json\/wp\/v2\/tags?post=425288"}],"curies":[{"name":"wp","href":"https:\/\/api.w.org\/{rel}","templated":true}]}}