{"id":425348,"date":"2024-12-18T05:39:17","date_gmt":"2024-12-18T04:39:17","guid":{"rendered":"https:\/\/www.radiopiu.net\/wordpress\/?p=425348"},"modified":"2024-12-18T05:58:11","modified_gmt":"2024-12-18T04:58:11","slug":"dillo-a-radio-piu-la-storia-della-studentessa-appiedata","status":"publish","type":"post","link":"https:\/\/www.radiopiu.net\/wordpress\/dillo-a-radio-piu-la-storia-della-studentessa-appiedata\/","title":{"rendered":"DILLO A RADIO PIU&#8217;&#8230;LA STORIA DELLA STUDENTESSA APPIEDATA"},"content":{"rendered":"<p>******<\/p>\n<p>&nbsp;<\/p>\n<p><strong>RICEVIAMO E PUBBLICHIAMO<\/strong><\/p>\n<p>Per me ormai DolomitiBus \u00e8 una certezza sul fatto di rimanere a piedi Dall&#8217;inizio dell&#8217;anno scolastico, per la sesta volta, gli autisti non effettuano la fermata sulla S.R.203 Agordina presso Le Campe, nel Comune di La Valle Agordina, sempre nello stesso orario, tra le 06:54 e le 07:00, in direzione Agordo &#8211; Belluno. In particolare, sia il 16 dicembre che il giorno successivo, su quattro autobus, nessuno si \u00e8 fermato per caricare le persone presenti alla fermata. Ora mi chiedo: C&#8217;\u00e8 una motivazione per tutto ci\u00f2? La fermata \u00e8 forse stata abolita senza informare gli utenti?\u00a0 Visto le foto direi che la pensilina \u00e8 visibile.<\/p>\n<p>Mia figlia frequenta il Liceo a Belluno, con ingresso alle 07:50. Non potendo salire sull&#8217;autobus delle 06:54\/07:00, \u00e8 costretta a prendere quello successivo, arrivando in ritardo e perdendo cos\u00ec un&#8217;ora di lezione. Spesso, noi genitori dobbiamo accompagnare i nostri figli fino a Belluno con mezzi privati. Perch\u00e9, visto che il servizio si paga, accade tutto ci\u00f2?. Posso capire la complessit\u00e0 nell&#8217;organizzazione del servizio, ma la misura \u00e8 colma. Essendo realisti, tra corse saltate (ma pagate con l&#8217;abbonamento) e spese aggiuntive per il trasporto privato dei figli, si potrebbe persino ipotizzare un&#8217;azione legale per il ristoro delle spese.\u00a0 Anche un intervento da parte dei Sindaci del territorio sarebbe pi\u00f9 che opportuno. Se Dolomtibus vorr\u00e0 rispondere sono certo che le pagine di RADIOPIU si apriranno senza alcun problema.<\/p>\n<p>Lettera Firmata<\/p>\n\n\t\t\t<style type='text\/css'>\n\t\t\t\t#gallery-1 {\n\t\t\t\t\tmargin: auto;\n\t\t\t\t}\n\t\t\t\t#gallery-1 .gallery-item {\n\t\t\t\t\tfloat: left;\n\t\t\t\t\tmargin-top: 10px;\n\t\t\t\t\ttext-align: center;\n\t\t\t\t\twidth: 33%;\n\t\t\t\t}\n\t\t\t\t#gallery-1 img {\n\t\t\t\t\tborder: 2px solid #cfcfcf;\n\t\t\t\t}\n\t\t\t\t#gallery-1 .gallery-caption {\n\t\t\t\t\tmargin-left: 0;\n\t\t\t\t}\n\t\t\t\t\/* see gallery_shortcode() in wp-includes\/media.php *\/\n\t\t\t<\/style>\n\t\t<div id='gallery-1' class='dt-gallery-container gallery galleryid-425348 gallery-columns-3 gallery-size-thumbnail'><dl class='gallery-item'>\n\t\t\t\t<dt class='gallery-icon portrait'>\n\t\t\t\t\t<a class=\"rollover rollover-zoom dt-pswp-item\" title=\"a38269c3-014d-4944-901e-dcbd372caeb3\" data-dt-img-description=\"\" data-large_image_width=\"388\" data-large_image_height=\"1599\"href='https:\/\/www.radiopiu.net\/wordpress\/wp-content\/uploads\/2024\/12\/a38269c3-014d-4944-901e-dcbd372caeb3.jpg'><img loading=\"lazy\" decoding=\"async\" width=\"150\" height=\"150\" src=\"https:\/\/www.radiopiu.net\/wordpress\/wp-content\/uploads\/2024\/12\/a38269c3-014d-4944-901e-dcbd372caeb3-150x150.jpg\" class=\"attachment-thumbnail size-thumbnail\" alt=\"\" \/><\/a>\n\t\t\t\t<\/dt><\/dl><dl class='gallery-item'>\n\t\t\t\t<dt class='gallery-icon portrait'>\n\t\t\t\t\t<a class=\"rollover rollover-zoom dt-pswp-item\" title=\"4f732b20-3205-432e-8073-3015a515bcfe\" data-dt-img-description=\"\" data-large_image_width=\"720\" data-large_image_height=\"1599\"href='https:\/\/www.radiopiu.net\/wordpress\/wp-content\/uploads\/2024\/12\/4f732b20-3205-432e-8073-3015a515bcfe.jpg'><img loading=\"lazy\" decoding=\"async\" width=\"150\" height=\"150\" src=\"https:\/\/www.radiopiu.net\/wordpress\/wp-content\/uploads\/2024\/12\/4f732b20-3205-432e-8073-3015a515bcfe-150x150.jpg\" class=\"attachment-thumbnail size-thumbnail\" alt=\"\" \/><\/a>\n\t\t\t\t<\/dt><\/dl><dl class='gallery-item'>\n\t\t\t\t<dt class='gallery-icon portrait'>\n\t\t\t\t\t<a class=\"rollover rollover-zoom dt-pswp-item\" title=\"eb78d8af-b76b-4ba1-986a-c2d7af0fb6ef\" data-dt-img-description=\"\" data-large_image_width=\"720\" data-large_image_height=\"1599\"href='https:\/\/www.radiopiu.net\/wordpress\/wp-content\/uploads\/2024\/12\/eb78d8af-b76b-4ba1-986a-c2d7af0fb6ef.jpg'><img loading=\"lazy\" decoding=\"async\" width=\"150\" height=\"150\" src=\"https:\/\/www.radiopiu.net\/wordpress\/wp-content\/uploads\/2024\/12\/eb78d8af-b76b-4ba1-986a-c2d7af0fb6ef-150x150.jpg\" class=\"attachment-thumbnail size-thumbnail\" alt=\"\" \/><\/a>\n\t\t\t\t<\/dt><\/dl><br style=\"clear: both\" \/>\n\t\t\t<\/div>\n\n<p>&nbsp;<\/p>\n<p>&nbsp;<\/p>\n<p>&nbsp;<\/p>\n<p>*******<\/p>\n","protected":false},"excerpt":{"rendered":"<p>****** &nbsp; RICEVIAMO E PUBBLICHIAMO Per me ormai DolomitiBus \u00e8 una certezza sul fatto di rimanere a piedi Dall&#8217;inizio dell&#8217;anno scolastico, per la sesta volta, gli autisti non effettuano la fermata sulla S.R.203 Agordina presso Le Campe, nel Comune di La Valle Agordina, sempre nello stesso orario, tra le 06:54 e le 07:00, in direzione&hellip;<\/p>\n","protected":false},"author":4,"featured_media":425351,"comment_status":"closed","ping_status":"closed","sticky":false,"template":"","format":"standard","meta":{"_monsterinsights_skip_tracking":false,"_monsterinsights_sitenote_active":false,"_monsterinsights_sitenote_note":"","_monsterinsights_sitenote_category":0,"footnotes":""},"categories":[51,49],"tags":[],"class_list":["post-425348","post","type-post","status-publish","format-standard","has-post-thumbnail","hentry","category-evidenza-top","category-news-18","category-51","category-49","description-off"],"img_url":"https:\/\/www.radiopiu.net\/wordpress\/wp-content\/uploads\/2024\/12\/eb78d8af-b76b-4ba1-986a-c2d7af0fb6ef.jpg","_links":{"self":[{"href":"https:\/\/www.radiopiu.net\/wordpress\/wp-json\/wp\/v2\/posts\/425348","targetHints":{"allow":["GET"]}}],"collection":[{"href":"https:\/\/www.radiopiu.net\/wordpress\/wp-json\/wp\/v2\/posts"}],"about":[{"href":"https:\/\/www.radiopiu.net\/wordpress\/wp-json\/wp\/v2\/types\/post"}],"author":[{"embeddable":true,"href":"https:\/\/www.radiopiu.net\/wordpress\/wp-json\/wp\/v2\/users\/4"}],"replies":[{"embeddable":true,"href":"https:\/\/www.radiopiu.net\/wordpress\/wp-json\/wp\/v2\/comments?post=425348"}],"version-history":[{"count":2,"href":"https:\/\/www.radiopiu.net\/wordpress\/wp-json\/wp\/v2\/posts\/425348\/revisions"}],"predecessor-version":[{"id":425370,"href":"https:\/\/www.radiopiu.net\/wordpress\/wp-json\/wp\/v2\/posts\/425348\/revisions\/425370"}],"wp:featuredmedia":[{"embeddable":true,"href":"https:\/\/www.radiopiu.net\/wordpress\/wp-json\/wp\/v2\/media\/425351"}],"wp:attachment":[{"href":"https:\/\/www.radiopiu.net\/wordpress\/wp-json\/wp\/v2\/media?parent=425348"}],"wp:term":[{"taxonomy":"category","embeddable":true,"href":"https:\/\/www.radiopiu.net\/wordpress\/wp-json\/wp\/v2\/categories?post=425348"},{"taxonomy":"post_tag","embeddable":true,"href":"https:\/\/www.radiopiu.net\/wordpress\/wp-json\/wp\/v2\/tags?post=425348"}],"curies":[{"name":"wp","href":"https:\/\/api.w.org\/{rel}","templated":true}]}}