{"id":425391,"date":"2024-12-17T16:39:16","date_gmt":"2024-12-17T15:39:16","guid":{"rendered":"https:\/\/www.radiopiu.net\/wordpress\/?p=425391"},"modified":"2024-12-18T06:01:35","modified_gmt":"2024-12-18T05:01:35","slug":"falcade-show-del-fondo-tra-coppa-italia-e-coppa-europa","status":"publish","type":"post","link":"https:\/\/www.radiopiu.net\/wordpress\/falcade-show-del-fondo-tra-coppa-italia-e-coppa-europa\/","title":{"rendered":"Falcade: show del fondo tra Coppa Italia e Coppa Europa"},"content":{"rendered":"<p>+++<\/p>\n<p class=\"mceTemp\">\n<blockquote>\n<h2><strong><a class=\"dt-pswp-item\" href=\"https:\/\/www.radiopiu.net\/wordpress\/wp-content\/uploads\/2024\/12\/Vanessa_Cagnati02-scaled.jpg\" data-dt-img-description=\"Newspower.it\nTrento\nwww.newspower.it\" data-large_image_width=\"2560\" data-large_image_height=\"2159\"><img loading=\"lazy\" decoding=\"async\" class=\"size-medium wp-image-425390 alignleft\" src=\"https:\/\/www.radiopiu.net\/wordpress\/wp-content\/uploads\/2024\/12\/Vanessa_Cagnati02-300x253.jpg\" alt=\"\" width=\"300\" height=\"253\" srcset=\"https:\/\/www.radiopiu.net\/wordpress\/wp-content\/uploads\/2024\/12\/Vanessa_Cagnati02-300x253.jpg 300w, https:\/\/www.radiopiu.net\/wordpress\/wp-content\/uploads\/2024\/12\/Vanessa_Cagnati02-1024x864.jpg 1024w, https:\/\/www.radiopiu.net\/wordpress\/wp-content\/uploads\/2024\/12\/Vanessa_Cagnati02-768x648.jpg 768w, https:\/\/www.radiopiu.net\/wordpress\/wp-content\/uploads\/2024\/12\/Vanessa_Cagnati02-1536x1296.jpg 1536w, https:\/\/www.radiopiu.net\/wordpress\/wp-content\/uploads\/2024\/12\/Vanessa_Cagnati02-2048x1728.jpg 2048w\" sizes=\"auto, (max-width: 300px) 100vw, 300px\" \/><\/a><\/strong><\/h2>\n<\/blockquote>\n<div class=\"mceTemp\"><\/div>\n<p><em><strong>In Val del Biois motori a tutta per l\u2019organizzazione della Coppa Europa. <\/strong><strong>Sabato test probante con la Coppa Italia. Piste pronte <\/strong><strong>Fulvio Scola: \u201cgarantisco che ci sar\u00e0 da divertirsi\u201d <\/strong><strong>Gran parte delle piste pronte, per le festivit\u00e0 spazio a fondisti e turisti<\/strong><\/em><\/p>\n<p>A Falcade si accendono i riflettori sullo sci di fondo con la <strong>Coppa Italia<\/strong> sabato 21 dicembre, un test importante per la <strong>FESA Cup<\/strong>, tappa di Coppa Europa in programma dal <strong>17 al 19 gennaio<\/strong>. La competizione, organizzata dallo Sci Club Valbiois, prevede gare sprint, cronometro individuale e pursuit. Fulvio Scola, tecnico federale, assicura: \u201cSar\u00e0 un evento spettacolare, con piste tecniche e un\u2019organizzazione determinata.\u201d<\/p>\n<p>Intanto, il Centro Fondo Scola \u00e8 quasi pronto, con percorsi innevati per fondisti e turisti. Il tracciato \u201cSan Giusto\u201d da 2,5 km ospiter\u00e0 la Coppa Italia, mentre per la Coppa Europa sar\u00e0 ampliato per uno spettacolo di alto livello. Un evento da non perdere per appassionati e atleti.<\/p>\n<div class=\"mceTemp\">\n<a class=\"dt-pswp-item\" href=\"https:\/\/www.radiopiu.net\/wordpress\/wp-content\/uploads\/2024\/12\/Scola_Viso-scaled.jpg\" data-dt-img-description=\"Newspower.it\nTrento\nwww.newspower.it\" data-large_image_width=\"2294\" data-large_image_height=\"2560\"><img loading=\"lazy\" decoding=\"async\" class=\" wp-image-425389 alignleft\" src=\"https:\/\/www.radiopiu.net\/wordpress\/wp-content\/uploads\/2024\/12\/Scola_Viso-269x300.jpg\" alt=\"\" width=\"165\" height=\"184\" srcset=\"https:\/\/www.radiopiu.net\/wordpress\/wp-content\/uploads\/2024\/12\/Scola_Viso-269x300.jpg 269w, https:\/\/www.radiopiu.net\/wordpress\/wp-content\/uploads\/2024\/12\/Scola_Viso-918x1024.jpg 918w, https:\/\/www.radiopiu.net\/wordpress\/wp-content\/uploads\/2024\/12\/Scola_Viso-768x857.jpg 768w, https:\/\/www.radiopiu.net\/wordpress\/wp-content\/uploads\/2024\/12\/Scola_Viso-1376x1536.jpg 1376w, https:\/\/www.radiopiu.net\/wordpress\/wp-content\/uploads\/2024\/12\/Scola_Viso-1835x2048.jpg 1835w\" sizes=\"auto, (max-width: 165px) 100vw, 165px\" \/><\/a>Falcade ha dato i natali a grandi campioni, nel recente passato, Magda Genuin, la quale ha fatto sapere di essere presente in occasione della FESA Cup, senza dimenticare Fulvio Scola che sar\u00e0 a Falcade al seguito del gruppo maschile Milano-Cortina di cui \u00e8 allenatore.<em> \u201cA Falcade \u00e8 gi\u00e0 attivo l&#8217;innevamento artificiale da diversi giorni \u2013 ha affermato Scola &#8211; e quindi gli organizzatori stanno preparando la pista. Direi che \u00e8 un tracciato duro e tecnico e speriamo che le condizioni del tempo ci diano una mano, ci sar\u00e0 da divertirsi per tutti. L&#8217;organizzazione sta andando avanti con grande determinazione, sicuramente per lo Sci Club Valbiois \u00e8 una novit\u00e0 organizzare un appuntamento internazionale cos\u00ec importante, ma dopo gli ultimi anni di competizioni nazionali credo siano pronti per questo appuntamento di alto livello, appena sotto la Coppa del Mondo. Io personalmente sono molto fiducioso e sono molto contento che nel paese dove sono nato e sulla pista dove mi sono allenato per tanti anni si torni a gareggiare a cos\u00ec alto livello. Cercher\u00f2 di dare anche il mio contributo, portando i miei suggerimenti e la mia esperienza, insomma sono pronto a dare una mano. Per un italiano, in generale per la squadra, gareggiare in Coppa Europa sul suolo di casa \u00e8 molto bello e gratificante oltre che stimolante. Avere il tifo dalla propria parte e disputare gare sulle piste che si conoscono \u00e8 sempre un qualcosa in pi\u00f9, sia a livello di energia sia a livello di gratificazione, poi quando arrivano anche i risultati \u00e8 ancora meglio. Io spero che i ragazzi che alleno possano darmi delle belle soddisfazioni sulla pista di casa anche come tecnico. Invito gli appassionati a venire numerosi, garantisco che ci sar\u00e0 da divertirsi.\u201d<\/em><\/p>\n<p>foto newspower<\/p>\n<p>&nbsp;<\/p>\n<hr \/>\n<p>&nbsp;<\/p>\n<\/div>\n","protected":false},"excerpt":{"rendered":"<p>+++ In Val del Biois motori a tutta per l\u2019organizzazione della Coppa Europa. Sabato test probante con la Coppa Italia. Piste pronte Fulvio Scola: \u201cgarantisco che ci sar\u00e0 da divertirsi\u201d Gran parte delle piste pronte, per le festivit\u00e0 spazio a fondisti e turisti A Falcade si accendono i riflettori sullo sci di fondo con la&hellip;<\/p>\n","protected":false},"author":4,"featured_media":425390,"comment_status":"closed","ping_status":"closed","sticky":false,"template":"","format":"standard","meta":{"_monsterinsights_skip_tracking":false,"_monsterinsights_sitenote_active":false,"_monsterinsights_sitenote_note":"","_monsterinsights_sitenote_category":0,"footnotes":""},"categories":[51,49],"tags":[],"class_list":["post-425391","post","type-post","status-publish","format-standard","has-post-thumbnail","hentry","category-evidenza-top","category-news-18","category-51","category-49","description-off"],"img_url":"https:\/\/www.radiopiu.net\/wordpress\/wp-content\/uploads\/2024\/12\/Vanessa_Cagnati02-scaled.jpg","_links":{"self":[{"href":"https:\/\/www.radiopiu.net\/wordpress\/wp-json\/wp\/v2\/posts\/425391","targetHints":{"allow":["GET"]}}],"collection":[{"href":"https:\/\/www.radiopiu.net\/wordpress\/wp-json\/wp\/v2\/posts"}],"about":[{"href":"https:\/\/www.radiopiu.net\/wordpress\/wp-json\/wp\/v2\/types\/post"}],"author":[{"embeddable":true,"href":"https:\/\/www.radiopiu.net\/wordpress\/wp-json\/wp\/v2\/users\/4"}],"replies":[{"embeddable":true,"href":"https:\/\/www.radiopiu.net\/wordpress\/wp-json\/wp\/v2\/comments?post=425391"}],"version-history":[{"count":1,"href":"https:\/\/www.radiopiu.net\/wordpress\/wp-json\/wp\/v2\/posts\/425391\/revisions"}],"predecessor-version":[{"id":425392,"href":"https:\/\/www.radiopiu.net\/wordpress\/wp-json\/wp\/v2\/posts\/425391\/revisions\/425392"}],"wp:featuredmedia":[{"embeddable":true,"href":"https:\/\/www.radiopiu.net\/wordpress\/wp-json\/wp\/v2\/media\/425390"}],"wp:attachment":[{"href":"https:\/\/www.radiopiu.net\/wordpress\/wp-json\/wp\/v2\/media?parent=425391"}],"wp:term":[{"taxonomy":"category","embeddable":true,"href":"https:\/\/www.radiopiu.net\/wordpress\/wp-json\/wp\/v2\/categories?post=425391"},{"taxonomy":"post_tag","embeddable":true,"href":"https:\/\/www.radiopiu.net\/wordpress\/wp-json\/wp\/v2\/tags?post=425391"}],"curies":[{"name":"wp","href":"https:\/\/api.w.org\/{rel}","templated":true}]}}