{"id":425459,"date":"2024-12-18T12:26:32","date_gmt":"2024-12-18T11:26:32","guid":{"rendered":"https:\/\/www.radiopiu.net\/wordpress\/?p=425459"},"modified":"2024-12-19T05:43:11","modified_gmt":"2024-12-19T04:43:11","slug":"un-progetto-natalizio-di-inclusione","status":"publish","type":"post","link":"https:\/\/www.radiopiu.net\/wordpress\/un-progetto-natalizio-di-inclusione\/","title":{"rendered":"UN PROGETTO NATALIZIO DI INCLUSIONE"},"content":{"rendered":"<p>******<\/p>\n<p>&nbsp;<\/p>\n<p><strong><a class=\"dt-pswp-item\" href=\"https:\/\/www.radiopiu.net\/wordpress\/wp-content\/uploads\/2024\/12\/AltroSenso-e-Primaria-Falcade-scaled.jpg\" data-dt-img-description=\"\" data-large_image_width=\"2560\" data-large_image_height=\"1920\"><img loading=\"lazy\" decoding=\"async\" class=\" wp-image-425506 alignleft\" src=\"https:\/\/www.radiopiu.net\/wordpress\/wp-content\/uploads\/2024\/12\/AltroSenso-e-Primaria-Falcade-300x225.jpg\" alt=\"\" width=\"199\" height=\"149\" srcset=\"https:\/\/www.radiopiu.net\/wordpress\/wp-content\/uploads\/2024\/12\/AltroSenso-e-Primaria-Falcade-300x225.jpg 300w, https:\/\/www.radiopiu.net\/wordpress\/wp-content\/uploads\/2024\/12\/AltroSenso-e-Primaria-Falcade-1024x768.jpg 1024w, https:\/\/www.radiopiu.net\/wordpress\/wp-content\/uploads\/2024\/12\/AltroSenso-e-Primaria-Falcade-768x576.jpg 768w, https:\/\/www.radiopiu.net\/wordpress\/wp-content\/uploads\/2024\/12\/AltroSenso-e-Primaria-Falcade-1536x1152.jpg 1536w, https:\/\/www.radiopiu.net\/wordpress\/wp-content\/uploads\/2024\/12\/AltroSenso-e-Primaria-Falcade-2048x1536.jpg 2048w\" sizes=\"auto, (max-width: 199px) 100vw, 199px\" \/><\/a>FALCADE <\/strong>Scuola e Sociale: l&#8217;inclusione che funziona Per questo Natale i bambini e le bambine della Scuola Primaria di Falcade porteranno a casa un lavoretto che \u00e8 il frutto di una collaborazione con il Centro Diurno AltroSenso della Cooperativa Societ\u00e0 Nuova, nel segno dell\u2019inclusione e della collaborazione.\u00a0 A inizio dicembre le persone con disabilit\u00e0 che frequentano il Centro Diurno di Agordo sono state ospiti della scuola Primaria di Falcade per insegnare agli alunni come realizzare un lavoretto da mettere sotto l\u2019albero. Un\u2019occasione speciale che ha dato a queste persone l\u2019opportunit\u00e0 di mettere a frutto le competenze acquisite nei laboratori di Societ\u00e0 Nuova e di trasmetterle, coinvolgendo cinque classi per un totale di 60 alunni. Il risultato \u00e8 stato un alberello realizzato con materiali semplici e recuperati (fili di lana, vecchi bottoni e legno) che sono stati assemblati ad arte per un regalo che porta con s\u00e9 un importante messaggio: non importa chi tu sia, quello che importa davvero \u00e8 come decidi di fare la differenza. Dopo l\u2019accoglienza delle insegnanti e un momento introduttivo sul tema della disabilit\u00e0 a cura dell\u2019educatrice di Societ\u00e0 Nuova Anna Marcon, i bambini e le bambine si sono messi all\u2019opera e con attenzione hanno seguito passo passo le indicazioni. Con i pochi materiali e una grande abilit\u00e0 Gianni, Alessio, Simone, Anamaria e Stefanut hanno guidato gli alunni nella lavorazione in un clima di collaborazione, scambio e grande allegria. \u201cI nostri servizi per la disabilit\u00e0\u201d spiega Anna Marcon \u201cnon sono un eremo chiuso ma vivono e crescono grazie al rapporto con il territorio che sempre ci sostiene con iniziative e importanti collaborazioni.\u201d Soddisfatte le insegnanti: \u201cuna fantastica esperienza per il grande valore umano che ha portato a noi e ai bambini e che riproporremo con gioia anche il prossimo anno.\u201d<\/p>\n<p>&nbsp;<\/p>\n<p>&nbsp;<\/p>\n<p>&nbsp;<\/p>\n<p>******<\/p>\n","protected":false},"excerpt":{"rendered":"<p>****** &nbsp; FALCADE Scuola e Sociale: l&#8217;inclusione che funziona Per questo Natale i bambini e le bambine della Scuola Primaria di Falcade porteranno a casa un lavoretto che \u00e8 il frutto di una collaborazione con il Centro Diurno AltroSenso della Cooperativa Societ\u00e0 Nuova, nel segno dell\u2019inclusione e della collaborazione.\u00a0 A inizio dicembre le persone con&hellip;<\/p>\n","protected":false},"author":4,"featured_media":425506,"comment_status":"closed","ping_status":"closed","sticky":false,"template":"","format":"standard","meta":{"_monsterinsights_skip_tracking":false,"_monsterinsights_sitenote_active":false,"_monsterinsights_sitenote_note":"","_monsterinsights_sitenote_category":0,"footnotes":""},"categories":[51,49],"tags":[],"class_list":["post-425459","post","type-post","status-publish","format-standard","has-post-thumbnail","hentry","category-evidenza-top","category-news-18","category-51","category-49","description-off"],"img_url":"https:\/\/www.radiopiu.net\/wordpress\/wp-content\/uploads\/2024\/12\/AltroSenso-e-Primaria-Falcade-scaled.jpg","_links":{"self":[{"href":"https:\/\/www.radiopiu.net\/wordpress\/wp-json\/wp\/v2\/posts\/425459","targetHints":{"allow":["GET"]}}],"collection":[{"href":"https:\/\/www.radiopiu.net\/wordpress\/wp-json\/wp\/v2\/posts"}],"about":[{"href":"https:\/\/www.radiopiu.net\/wordpress\/wp-json\/wp\/v2\/types\/post"}],"author":[{"embeddable":true,"href":"https:\/\/www.radiopiu.net\/wordpress\/wp-json\/wp\/v2\/users\/4"}],"replies":[{"embeddable":true,"href":"https:\/\/www.radiopiu.net\/wordpress\/wp-json\/wp\/v2\/comments?post=425459"}],"version-history":[{"count":1,"href":"https:\/\/www.radiopiu.net\/wordpress\/wp-json\/wp\/v2\/posts\/425459\/revisions"}],"predecessor-version":[{"id":425508,"href":"https:\/\/www.radiopiu.net\/wordpress\/wp-json\/wp\/v2\/posts\/425459\/revisions\/425508"}],"wp:featuredmedia":[{"embeddable":true,"href":"https:\/\/www.radiopiu.net\/wordpress\/wp-json\/wp\/v2\/media\/425506"}],"wp:attachment":[{"href":"https:\/\/www.radiopiu.net\/wordpress\/wp-json\/wp\/v2\/media?parent=425459"}],"wp:term":[{"taxonomy":"category","embeddable":true,"href":"https:\/\/www.radiopiu.net\/wordpress\/wp-json\/wp\/v2\/categories?post=425459"},{"taxonomy":"post_tag","embeddable":true,"href":"https:\/\/www.radiopiu.net\/wordpress\/wp-json\/wp\/v2\/tags?post=425459"}],"curies":[{"name":"wp","href":"https:\/\/api.w.org\/{rel}","templated":true}]}}