{"id":425480,"date":"2024-12-18T09:40:04","date_gmt":"2024-12-18T08:40:04","guid":{"rendered":"https:\/\/www.radiopiu.net\/wordpress\/?p=425480"},"modified":"2024-12-19T05:43:35","modified_gmt":"2024-12-19T04:43:35","slug":"studenti-meritevoli-protagonisti-di-un-doppio-appuntamento-promosso-dal-centro-per-la-formazione-e-la-sicurezza-di-belluno-e-da-cortinabanca","status":"publish","type":"post","link":"https:\/\/www.radiopiu.net\/wordpress\/studenti-meritevoli-protagonisti-di-un-doppio-appuntamento-promosso-dal-centro-per-la-formazione-e-la-sicurezza-di-belluno-e-da-cortinabanca\/","title":{"rendered":"STUDENTI MERITEVOLI PROTAGONISTI DI UN DOPPIO APPUNTAMENTO PROMOSSO DAL CENTRO PER LA FORMAZIONE E LA SICUREZZA DI BELLUNO E DA CORTINABANCA"},"content":{"rendered":"<p>******<\/p>\n<p>&nbsp;<\/p>\n<p><strong>PER LE TRE RADIO BARBARA PAOLAZZI<\/strong><\/p>\n<audio class=\"wp-audio-shortcode\" id=\"audio-425480-1\" preload=\"none\" style=\"width: 100%;\" controls=\"controls\"><source type=\"audio\/mpeg\" src=\"https:\/\/www.radiopiu.net\/wordpress\/wp-content\/uploads\/2024\/12\/CFS-BARBARA.mp3?_=1\" \/><a href=\"https:\/\/www.radiopiu.net\/wordpress\/wp-content\/uploads\/2024\/12\/CFS-BARBARA.mp3\">https:\/\/www.radiopiu.net\/wordpress\/wp-content\/uploads\/2024\/12\/CFS-BARBARA.mp3<\/a><\/audio>\n<p>&nbsp;<\/p>\n<p>&nbsp;<\/p>\n<p><strong><a class=\"dt-pswp-item\" href=\"https:\/\/www.radiopiu.net\/wordpress\/wp-content\/uploads\/2024\/12\/BORSE-STUDIO.png\" data-dt-img-description=\"\" data-large_image_width=\"1280\" data-large_image_height=\"961\"><img loading=\"lazy\" decoding=\"async\" class=\" wp-image-425481 alignleft\" src=\"https:\/\/www.radiopiu.net\/wordpress\/wp-content\/uploads\/2024\/12\/BORSE-STUDIO-300x225.png\" alt=\"\" width=\"181\" height=\"136\" srcset=\"https:\/\/www.radiopiu.net\/wordpress\/wp-content\/uploads\/2024\/12\/BORSE-STUDIO-300x225.png 300w, https:\/\/www.radiopiu.net\/wordpress\/wp-content\/uploads\/2024\/12\/BORSE-STUDIO-1024x769.png 1024w, https:\/\/www.radiopiu.net\/wordpress\/wp-content\/uploads\/2024\/12\/BORSE-STUDIO-768x577.png 768w, https:\/\/www.radiopiu.net\/wordpress\/wp-content\/uploads\/2024\/12\/BORSE-STUDIO.png 1280w\" sizes=\"auto, (max-width: 181px) 100vw, 181px\" \/><\/a>BELLUNO <\/strong>Studenti bellunesi sul palco, e non solo in senso metaforico. Si rinsalda la collaborazione tra Cortinabanca e C.F.S &#8211; Scuola Edile di Belluno che ripropongono e duplicano nel prossimo fine settimana l\u2019iniziativa gi\u00e0 promossa lo scorso anno per premiare i giovani studenti meritevoli e coinvolgerli, da protagonisti, in un duplice appuntamento aperto alla comunit\u00e0. Come noto, tra le due realt\u00e0 attive nella nostra provincia \u00e8 nata da tempo una collaborazione all\u2019insegna proprio dell\u2019attenzione ai giovani e della promozione di interventi a sostegno della loro formazione; uno per tutti l\u2019avvio, lo scorso anno, del convitto per studenti realizzato presso la sede dell\u2019associazione Conz di Sedico. C.F.S. e Cortinabanca hanno poi deciso, in occasione delle festivit\u00e0 natalizie del 2023, di vivere insieme anche un tradizionale appuntamento d\u2019autunno, quello, rispettivamente, della consegna degli attestati di fine corso e dei premi di studio ai giovani meritevoli (delle scuole superiori, diplomati, laureandi e laureati). Quest\u2019anno, come detto, l\u2019appuntamento raddoppia, proprio per rendere ancora pi\u00f9 vivace il legame tra i giovani protagonisti e il loro territorio. Venerd\u00ec prossimo, 20 dicembre, alle 18 a San Vito di Cadore il primo dei due incontri dal titolo \u201cScuola e sport: binomio possibile e vincente\u201d: nella sala polifunzionale \u201cEnrico De Lotto\u201d &#8211; alla presenza di alcuni atleti delle discipline sportive invernali e di numerose autorit\u00e0, tra cui il sindaco di San Vito Franco De Bon,- verranno consegnati i riconoscimenti agli studenti meritevoli individuati da Cortinabanca per la parte alta del territorio provinciale (segnatamente Ampezzo, Comelico e Alto Cadore): qui saranno circa 130 i giovani delle scuole superiori e i laureandi e laureati a salire sul palco per ricevere i premi di studio messi a disposizione dall\u2019istituto di credito cortinese. \u201cE\u2019 un vero piacere poter riproporre e ampliare l\u2019iniziativa gi\u00e0 promossa lo scorso anno in partnership con il C.F.S. di Belluno\u201d, sottolinea il presidente di Cortinabanca Massimo Antonelli, che aggiunge: \u201cQuest\u2019anno abbiamo pensato di raddoppiare l\u2019appuntamento per consentire la massima partecipazione possibile da parte dei ragazzi e delle famiglie, in particolar modo di quelle che vivono in zone pi\u00f9 periferiche o decentrate, ma anche di tutti i cittadini che lo desiderino. Il nostro obiettivo \u00e8 quello di creare un momento di condivisione e di festa aperto a tutti, nel pi\u00f9 autentico spirito comunitario e, perch\u00e9 no, natalizio\u201d. Il giorno successivo, sabato 21 dicembre, sempre a partire dalle 18, sul palco del Centro Giovanni XXIII di Piazza Piloni a Belluno saranno invece protagonisti gli studenti della parte bassa della provincia, ovvero dal Centro Cadore alla Valbelluna, sino al Feltrino. L\u2019incontro vedr\u00e0 in questo caso i ragazzi confrontarsi con atleti e staff di due delle societ\u00e0 sportive di maggior successo in Provincia: la Dolomiti Bellunesi di calcio e la DRL Volley Team Belluno. \u201cCrediamo con grande convinzione in questa e altre iniziative promosse assieme agli amici di Cortinabanca che vedono al centro i nostri ragazzi; l\u2019intento non \u00e8 soltanto quello di attribuire loro un riconoscimento, ma mettere in risalto i talenti e le potenzialit\u00e0 di cui tutto il nostro territorio, proprio anche grazie alle sue forze pi\u00f9 giovani, dispone. Un messaggio di fiducia molto concreto nel futuro che proprio nell\u2019ambito delle Feste Natalizie assume ancora maggior significato\u201d, il commento del presidente del C.F.S. e della Scuola Edile di Belluno Massimo Riva. A questo secondo appuntamento, che vedr\u00e0 protagonisti quasi 200 studenti, prenderanno parte anche alcune autorit\u00e0 e rappresentanti istituzionali, tra cui l\u2019europarlamentare Elena Donazzan; l\u2019incontro gode del patrocinio del Comune di Belluno.<\/p>\n<p>&nbsp;<\/p>\n<p>&nbsp;<\/p>\n<p>&nbsp;<\/p>\n<p>********<\/p>\n","protected":false},"excerpt":{"rendered":"<p>****** &nbsp; PER LE TRE RADIO BARBARA PAOLAZZI &nbsp; &nbsp; BELLUNO Studenti bellunesi sul palco, e non solo in senso metaforico. Si rinsalda la collaborazione tra Cortinabanca e C.F.S &#8211; Scuola Edile di Belluno che ripropongono e duplicano nel prossimo fine settimana l\u2019iniziativa gi\u00e0 promossa lo scorso anno per premiare i giovani studenti meritevoli e&hellip;<\/p>\n","protected":false},"author":4,"featured_media":425481,"comment_status":"closed","ping_status":"closed","sticky":false,"template":"","format":"standard","meta":{"_monsterinsights_skip_tracking":false,"_monsterinsights_sitenote_active":false,"_monsterinsights_sitenote_note":"","_monsterinsights_sitenote_category":0,"footnotes":""},"categories":[104,49],"tags":[],"class_list":["post-425480","post","type-post","status-publish","format-standard","has-post-thumbnail","hentry","category-evidenza_3","category-news-18","category-104","category-49","description-off"],"img_url":"https:\/\/www.radiopiu.net\/wordpress\/wp-content\/uploads\/2024\/12\/BORSE-STUDIO.png","_links":{"self":[{"href":"https:\/\/www.radiopiu.net\/wordpress\/wp-json\/wp\/v2\/posts\/425480","targetHints":{"allow":["GET"]}}],"collection":[{"href":"https:\/\/www.radiopiu.net\/wordpress\/wp-json\/wp\/v2\/posts"}],"about":[{"href":"https:\/\/www.radiopiu.net\/wordpress\/wp-json\/wp\/v2\/types\/post"}],"author":[{"embeddable":true,"href":"https:\/\/www.radiopiu.net\/wordpress\/wp-json\/wp\/v2\/users\/4"}],"replies":[{"embeddable":true,"href":"https:\/\/www.radiopiu.net\/wordpress\/wp-json\/wp\/v2\/comments?post=425480"}],"version-history":[{"count":2,"href":"https:\/\/www.radiopiu.net\/wordpress\/wp-json\/wp\/v2\/posts\/425480\/revisions"}],"predecessor-version":[{"id":425520,"href":"https:\/\/www.radiopiu.net\/wordpress\/wp-json\/wp\/v2\/posts\/425480\/revisions\/425520"}],"wp:featuredmedia":[{"embeddable":true,"href":"https:\/\/www.radiopiu.net\/wordpress\/wp-json\/wp\/v2\/media\/425481"}],"wp:attachment":[{"href":"https:\/\/www.radiopiu.net\/wordpress\/wp-json\/wp\/v2\/media?parent=425480"}],"wp:term":[{"taxonomy":"category","embeddable":true,"href":"https:\/\/www.radiopiu.net\/wordpress\/wp-json\/wp\/v2\/categories?post=425480"},{"taxonomy":"post_tag","embeddable":true,"href":"https:\/\/www.radiopiu.net\/wordpress\/wp-json\/wp\/v2\/tags?post=425480"}],"curies":[{"name":"wp","href":"https:\/\/api.w.org\/{rel}","templated":true}]}}