{"id":425553,"date":"2024-12-19T05:38:34","date_gmt":"2024-12-19T04:38:34","guid":{"rendered":"https:\/\/www.radiopiu.net\/wordpress\/?p=425553"},"modified":"2024-12-19T08:03:09","modified_gmt":"2024-12-19T07:03:09","slug":"la-vergogna-di-natalela-ditta-non-da-da-mangiare-ai-bambini-poveri","status":"publish","type":"post","link":"https:\/\/www.radiopiu.net\/wordpress\/la-vergogna-di-natalela-ditta-non-da-da-mangiare-ai-bambini-poveri\/","title":{"rendered":"la vergogna di Natale:LA DITTA NON DA DA MANGIARE AI BAMBINI &#8220;POVERI&#8221;"},"content":{"rendered":"<blockquote>\n<h1 lang=\"x-unicode\"><strong style=\"font-size: 14px;\">REDAZIONE<\/strong><\/h1>\n<\/blockquote>\n<div lang=\"x-unicode\">\n<blockquote>\n<blockquote><p><em><a href=\"https:\/\/www.radiopiu.net\/wordpress\/wp-content\/uploads\/2024\/12\/5a12b407-415f-431f-b533-74552611aa2c.webp\"><img loading=\"lazy\" decoding=\"async\" class=\" wp-image-425554 alignleft\" src=\"https:\/\/www.radiopiu.net\/wordpress\/wp-content\/uploads\/2024\/12\/5a12b407-415f-431f-b533-74552611aa2c-300x300.webp\" alt=\"\" width=\"175\" height=\"175\" srcset=\"https:\/\/www.radiopiu.net\/wordpress\/wp-content\/uploads\/2024\/12\/5a12b407-415f-431f-b533-74552611aa2c-300x300.webp 300w, https:\/\/www.radiopiu.net\/wordpress\/wp-content\/uploads\/2024\/12\/5a12b407-415f-431f-b533-74552611aa2c-150x150.webp 150w, https:\/\/www.radiopiu.net\/wordpress\/wp-content\/uploads\/2024\/12\/5a12b407-415f-431f-b533-74552611aa2c-768x768.webp 768w, https:\/\/www.radiopiu.net\/wordpress\/wp-content\/uploads\/2024\/12\/5a12b407-415f-431f-b533-74552611aa2c.webp 1024w\" sizes=\"auto, (max-width: 175px) 100vw, 175px\" \/><\/a><span style=\"color: #ff0000;\"><strong>La Dussmann<\/strong><\/span> presenta l&#8217;elenco di 8 nomi caratterizzati da una crocetta: &#8220;non dategli da mangiare. non pagano&#8221;<\/em><\/p><\/blockquote>\n<p>Tutti alla ricerca della bella storia di Natale da raccontare ai figli e nipoti. Ma tutti se ne guardano bene dal raccontare la vergogna di Natale. Episodio che in realt\u00e0 sarebbe stato molto meglio non uscisse dalle mura di quella scuola, doveva essere risolto chiamando in causa chi amminstra (se si ricorda come lo si fa) che doveva risolvere\u00a0 il problema senza tanti clamori,\u00a0 non mettendo in pagina della vergogna la ricca citt\u00e0 di Belluno riempita di bancarelle, luci colorate e musica&#8230; perch\u00e9 \u00e8 un Natale da ricchi in Piazza dei Martiri, mentre poco accanto i bambini non possono mangiare perch\u00e9 i genitori non hanno i soldi per pagare la retta. Ne \u00e8 diventato un caso politico dove ognuno ora lo cavalca, la minoranza che insorge o il professore che aggiunge una pagina al libro cuore <em>&#8220;faccio a meno di mangiare io do la mia reazione al bambino&#8230;&#8221;<\/em>\u00a0 Quando la politica e la scuola non riescono a garantire serenit\u00e0 e crescita alla nuove generazioni \u00e8 il fallimento della politica e della scuola. Il sindaco promette &#8220;risolveremo&#8221; la minoranza &#8220;siete inerti&#8221;.<\/p>\n<div class=\"group\/conversation-turn relative flex w-full min-w-0 flex-col agent-turn\">\n<div class=\"flex-col gap-1 md:gap-3\">\n<div class=\"flex max-w-full flex-col flex-grow\">\n<div class=\"min-h-8 text-message flex w-full flex-col items-end gap-2 whitespace-normal break-words text-start [.text-message+&amp;]:mt-5\" dir=\"auto\" data-message-author-role=\"assistant\" data-message-id=\"a55cc724-c755-418e-a875-56eeb6329bf9\" data-message-model-slug=\"gpt-4o\">\n<div class=\"flex w-full flex-col gap-1 empty:hidden first:pt-[3px]\">\n<div class=\"markdown prose w-full break-words dark:prose-invert dark\">\n<blockquote><p><strong>Indignazione a scuola: negato il pasto ai bambini per quote non pagate<\/strong><\/p><\/blockquote>\n<p>A Quartier Cadore,<span style=\"color: #ff0000;\"><strong> la ditta Dussmann<\/strong><\/span> ha negato il pasto a otto bambini le cui famiglie non pagano le quote della mensa. Solo l\u2019intervento di un docente ha evitato che un alunno restasse senza cibo. La preside Bruna Codogno e il presidente del consiglio di istituto Paolo Bello si sono detti sconvolti, evidenziando l\u2019inaccettabilit\u00e0 di tali azioni verso minori incolpevoli, molti dei quali gi\u00e0 fragili. Si sollecita una soluzione tra ditta e Comune prima del rientro dalle vacanze.<\/p>\n<\/div>\n<\/div>\n<\/div>\n<\/div>\n<\/div>\n<\/div>\n<p>mirko mezzacasa<\/p><\/blockquote>\n<p>&nbsp;<\/p>\n<p>mirko mezzacasa<\/p>\n<\/div>\n","protected":false},"excerpt":{"rendered":"<p>REDAZIONE La Dussmann presenta l&#8217;elenco di 8 nomi caratterizzati da una crocetta: &#8220;non dategli da mangiare. non pagano&#8221; Tutti alla ricerca della bella storia di Natale da raccontare ai figli e nipoti. Ma tutti se ne guardano bene dal raccontare la vergogna di Natale. Episodio che in realt\u00e0 sarebbe stato molto meglio non uscisse dalle&hellip;<\/p>\n","protected":false},"author":4,"featured_media":425554,"comment_status":"closed","ping_status":"closed","sticky":false,"template":"","format":"standard","meta":{"_monsterinsights_skip_tracking":false,"_monsterinsights_sitenote_active":false,"_monsterinsights_sitenote_note":"","_monsterinsights_sitenote_category":0,"footnotes":""},"categories":[51,49],"tags":[],"class_list":["post-425553","post","type-post","status-publish","format-standard","has-post-thumbnail","hentry","category-evidenza-top","category-news-18","category-51","category-49","description-off"],"img_url":"https:\/\/www.radiopiu.net\/wordpress\/wp-content\/uploads\/2024\/12\/5a12b407-415f-431f-b533-74552611aa2c.webp","_links":{"self":[{"href":"https:\/\/www.radiopiu.net\/wordpress\/wp-json\/wp\/v2\/posts\/425553","targetHints":{"allow":["GET"]}}],"collection":[{"href":"https:\/\/www.radiopiu.net\/wordpress\/wp-json\/wp\/v2\/posts"}],"about":[{"href":"https:\/\/www.radiopiu.net\/wordpress\/wp-json\/wp\/v2\/types\/post"}],"author":[{"embeddable":true,"href":"https:\/\/www.radiopiu.net\/wordpress\/wp-json\/wp\/v2\/users\/4"}],"replies":[{"embeddable":true,"href":"https:\/\/www.radiopiu.net\/wordpress\/wp-json\/wp\/v2\/comments?post=425553"}],"version-history":[{"count":5,"href":"https:\/\/www.radiopiu.net\/wordpress\/wp-json\/wp\/v2\/posts\/425553\/revisions"}],"predecessor-version":[{"id":425580,"href":"https:\/\/www.radiopiu.net\/wordpress\/wp-json\/wp\/v2\/posts\/425553\/revisions\/425580"}],"wp:featuredmedia":[{"embeddable":true,"href":"https:\/\/www.radiopiu.net\/wordpress\/wp-json\/wp\/v2\/media\/425554"}],"wp:attachment":[{"href":"https:\/\/www.radiopiu.net\/wordpress\/wp-json\/wp\/v2\/media?parent=425553"}],"wp:term":[{"taxonomy":"category","embeddable":true,"href":"https:\/\/www.radiopiu.net\/wordpress\/wp-json\/wp\/v2\/categories?post=425553"},{"taxonomy":"post_tag","embeddable":true,"href":"https:\/\/www.radiopiu.net\/wordpress\/wp-json\/wp\/v2\/tags?post=425553"}],"curies":[{"name":"wp","href":"https:\/\/api.w.org\/{rel}","templated":true}]}}