{"id":425589,"date":"2024-12-20T05:39:19","date_gmt":"2024-12-20T04:39:19","guid":{"rendered":"https:\/\/www.radiopiu.net\/wordpress\/?p=425589"},"modified":"2024-12-20T08:02:16","modified_gmt":"2024-12-20T07:02:16","slug":"giornale-radiopiu-20-dicembre","status":"publish","type":"post","link":"https:\/\/www.radiopiu.net\/wordpress\/giornale-radiopiu-20-dicembre\/","title":{"rendered":"GIORNALE RADIOPIU 20 DICEMBRE 2024 DIRETTORE MIRKO MEZZACASA\u2026DA 41 ANNI 25 GIUGNO 1983-25 GIUGNO 2024"},"content":{"rendered":"<p><img loading=\"lazy\" decoding=\"async\" class=\"alignleft\" src=\"https:\/\/www.radiopiu.net\/wordpress\/wp-content\/uploads\/2020\/03\/download-44.jpg\" width=\"137\" height=\"91\" \/><\/p>\n<p><span style=\"color: #ff0000;\"><strong>CHIES D&#8217;ALPAGO, L&#8217;EPICENTRO<\/strong><\/span><\/p>\n<p><strong>ALPAGO\u00a0<\/strong> Scossa di terremoto alle 6.45 di questa mattina MAGNITUDO 2,1 della scala Richter PROFONDITA&#8217; 10 chilometri AREA Alpago EPICENTRO Chies d&#8217;Alpago<\/p>\n<p>&nbsp;<\/p>\n<p>&nbsp;<\/p>\n<p>********<\/p>\n<p>&nbsp;<\/p>\n<p><em><span style=\"color: #ff0000;\"><a class=\"dt-pswp-item\" href=\"https:\/\/www.radiopiu.net\/wordpress\/wp-content\/uploads\/2024\/10\/Senza-nome-8.png\" data-dt-img-description=\"\" data-large_image_width=\"343\" data-large_image_height=\"303\"><img loading=\"lazy\" decoding=\"async\" class=\"wp-image-412130 alignleft\" src=\"https:\/\/www.radiopiu.net\/wordpress\/wp-content\/uploads\/2024\/10\/Senza-nome-8-300x265.png\" alt=\"\" width=\"105\" height=\"93\" srcset=\"https:\/\/www.radiopiu.net\/wordpress\/wp-content\/uploads\/2024\/10\/Senza-nome-8-300x265.png 300w, https:\/\/www.radiopiu.net\/wordpress\/wp-content\/uploads\/2024\/10\/Senza-nome-8.png 343w\" sizes=\"auto, (max-width: 105px) 100vw, 105px\" \/><\/a><\/span><\/em><strong><em><span style=\"color: #ff0000;\"> LA\u00a0 APP PER IOS-IPHONE di Nicola Vettorello<\/span><\/em><\/strong><\/p>\n<p><strong><span style=\"color: #0000ff;\"><a style=\"color: #0000ff;\" href=\"https:\/\/apps.apple.com\/it\/app\/radio-pi%C3%B9-emittente-agordina\/id1515939845\">https:\/\/apps.apple.com\/it\/app\/radio-pi%C3%B9-emittente-agordina\/id1515939845<\/a><\/span><\/strong><\/p>\n<p><strong><em style=\"color: #ff0000;\">LA\u00a0 APP RADIO\u00a0 PER ANDROID di Nicola Vettorello<\/em><\/strong><\/p>\n<p><strong><span style=\"color: #0000ff;\"><a style=\"color: #0000ff;\" href=\"https:\/\/play.google.com\/store\/apps\/details?id=net.radiopiu.iniko\" target=\"_blank\" rel=\"noopener noreferrer\">https:\/\/<\/a><a style=\"color: #0000ff;\" href=\"https:\/\/play.google.com\/store\/apps\/details?id=net.radiopiu.iniko\" target=\"_blank\" rel=\"noopener noreferrer\">play.google.com\/store\/apps\/details?id=net.radiopiu.iniko\u00a0\u00a0\u00a0<\/a><\/span><\/strong><\/p>\n<p>&nbsp;<\/p>\n<p>&nbsp;<\/p>\n<hr \/>\n<p>&nbsp;<\/p>\n<p><strong><span style=\"color: #ff0000;\"><a class=\"dt-pswp-item\" href=\"https:\/\/www.radiopiu.net\/wordpress\/wp-content\/uploads\/2024\/12\/Senza-nome-94.png\" data-dt-img-description=\"\" data-large_image_width=\"491\" data-large_image_height=\"400\"><img loading=\"lazy\" decoding=\"async\" class=\" wp-image-425714 alignleft\" src=\"https:\/\/www.radiopiu.net\/wordpress\/wp-content\/uploads\/2024\/12\/Senza-nome-94-300x244.png\" alt=\"\" width=\"216\" height=\"176\" srcset=\"https:\/\/www.radiopiu.net\/wordpress\/wp-content\/uploads\/2024\/12\/Senza-nome-94-300x244.png 300w, https:\/\/www.radiopiu.net\/wordpress\/wp-content\/uploads\/2024\/12\/Senza-nome-94.png 491w\" sizes=\"auto, (max-width: 216px) 100vw, 216px\" \/><\/a>OGGI A RADIO PIU&#8217;&#8230; TRA L&#8217;ALTRO:<\/span>\u00a0<\/strong> 10.30 CASSA SOLIDARIETA&#8217; AZIENDALE LAVORATORI LUXOTTICA, CON PAOLO CHISSALE&#8217; E FABRIZIO CAMPEDEL 13.10 SPECIALE FORCELLA AURINE CON SHARON DE MARCO E MORGAN GNECH<span style=\"color: #ff0000;\">14.00\u00a0<\/span><span style=\"color: #ff0000;\"><span style=\"color: #000000;\"> MUSIC ABC CON DAVID BEN E MARINA DONA&#8217; 15.00 SPECIALE WEEK END MARINA C&#8217;E&#8217; <\/span><span style=\"color: #ff0000;\">\u00a0<\/span><\/span><span style=\"color: #ff0000;\">1645<span style=\"color: #000000;\"> le hit di mirco bencivenni, solo grande musica.\u00a0<\/span><\/span><\/p>\n<blockquote><p><strong>DALLE 18.00 SUI CANALI SOCIAL DIRETTA RADIO CON PIG&amp;MENTI DALL&#8217;ISTITUTO TOMMASO CATULLO DI BELLUNO<br \/>\n(foto)<\/strong><\/p><\/blockquote>\n<audio class=\"wp-audio-shortcode\" id=\"audio-425589-1\" preload=\"none\" style=\"width: 100%;\" controls=\"controls\"><source type=\"audio\/mpeg\" src=\"https:\/\/www.radiopiu.net\/wordpress\/wp-content\/uploads\/2024\/12\/PIG.mp3?_=1\" \/><a href=\"https:\/\/www.radiopiu.net\/wordpress\/wp-content\/uploads\/2024\/12\/PIG.mp3\">https:\/\/www.radiopiu.net\/wordpress\/wp-content\/uploads\/2024\/12\/PIG.mp3<\/a><\/audio>\n<p>&nbsp;<\/p>\n<p>&nbsp;<\/p>\n<p><strong>rassegna stampa nazionale,<\/strong> ogni giorno alle 5 e alle 6 del mattino.<br \/>\ngiornali locali 7 rassegna stampa flash, 8 rassegna stampa, gr flash alle 10 e alle 11, principale 12.30. Informazione pomeriggio ogni ora fino alle 20, in coda ai notiziari nazionali. Giornale radio nazionale: ogni ora dalle 4 del mattino, alle 20 della sera. Alle 19 le anticipazioni dal TG di Antenna 3 di Tiziana Bolognani.<\/p>\n<p>&nbsp;<\/p>\n<p>&nbsp;<\/p>\n<hr \/>\n<p>&nbsp;<\/p>\n<p>&nbsp;<\/p>\n<div class=\"x11i5rnm xat24cr x1mh8g0r x1vvkbs xtlvy1s x126k92a\">\n<div dir=\"auto\">\n<div dir=\"auto\">\n<p><strong><a class=\"dt-pswp-item\" href=\"https:\/\/www.radiopiu.net\/wordpress\/wp-content\/uploads\/2024\/02\/2d44e751-d8a8-461b-8e22-d8e4e853b032.jpg\" data-dt-img-description=\"\" data-large_image_width=\"1600\" data-large_image_height=\"1200\"><img loading=\"lazy\" decoding=\"async\" class=\"wp-image-373307 alignleft\" src=\"https:\/\/www.radiopiu.net\/wordpress\/wp-content\/uploads\/2024\/02\/2d44e751-d8a8-461b-8e22-d8e4e853b032-300x225.jpg\" alt=\"\" width=\"105\" height=\"79\" srcset=\"https:\/\/www.radiopiu.net\/wordpress\/wp-content\/uploads\/2024\/02\/2d44e751-d8a8-461b-8e22-d8e4e853b032-300x225.jpg 300w, https:\/\/www.radiopiu.net\/wordpress\/wp-content\/uploads\/2024\/02\/2d44e751-d8a8-461b-8e22-d8e4e853b032-1024x768.jpg 1024w, https:\/\/www.radiopiu.net\/wordpress\/wp-content\/uploads\/2024\/02\/2d44e751-d8a8-461b-8e22-d8e4e853b032-768x576.jpg 768w, https:\/\/www.radiopiu.net\/wordpress\/wp-content\/uploads\/2024\/02\/2d44e751-d8a8-461b-8e22-d8e4e853b032-1536x1152.jpg 1536w, https:\/\/www.radiopiu.net\/wordpress\/wp-content\/uploads\/2024\/02\/2d44e751-d8a8-461b-8e22-d8e4e853b032.jpg 1600w\" sizes=\"auto, (max-width: 105px) 100vw, 105px\" \/><\/a>EL BAL DEL FIOR, DI GIULIANA DA RONCH, 20 DICEMBRE<\/strong><strong>\u00a02024<\/strong><\/p>\n<\/div>\n<\/div>\n<\/div>\n<audio class=\"wp-audio-shortcode\" id=\"audio-425589-2\" preload=\"none\" style=\"width: 100%;\" controls=\"controls\"><source type=\"audio\/mpeg\" src=\"https:\/\/www.radiopiu.net\/wordpress\/wp-content\/uploads\/2024\/12\/GVE-2.mp3?_=2\" \/><a href=\"https:\/\/www.radiopiu.net\/wordpress\/wp-content\/uploads\/2024\/12\/GVE-2.mp3\">https:\/\/www.radiopiu.net\/wordpress\/wp-content\/uploads\/2024\/12\/GVE-2.mp3<\/a><\/audio>\n<p>&nbsp;<\/p>\n<div class=\"x11i5rnm xat24cr x1mh8g0r x1vvkbs xtlvy1s x126k92a\">\n<p>&nbsp;<\/p>\n<hr \/>\n<p>&nbsp;<\/p>\n<p>&nbsp;<\/p>\n<blockquote>\n<h1><strong><a class=\"dt-pswp-item\" href=\"https:\/\/www.radiopiu.net\/wordpress\/wp-content\/uploads\/2024\/10\/629301fd-708d-4f53-95c2-d28cbefd500f.jpg\" data-dt-img-description=\"\" data-large_image_width=\"1600\" data-large_image_height=\"1322\"><img loading=\"lazy\" decoding=\"async\" class=\"wp-image-413782 alignright\" src=\"https:\/\/www.radiopiu.net\/wordpress\/wp-content\/uploads\/2024\/10\/629301fd-708d-4f53-95c2-d28cbefd500f-300x248.jpg\" alt=\"\" width=\"106\" height=\"88\" srcset=\"https:\/\/www.radiopiu.net\/wordpress\/wp-content\/uploads\/2024\/10\/629301fd-708d-4f53-95c2-d28cbefd500f-300x248.jpg 300w, https:\/\/www.radiopiu.net\/wordpress\/wp-content\/uploads\/2024\/10\/629301fd-708d-4f53-95c2-d28cbefd500f-1024x846.jpg 1024w, https:\/\/www.radiopiu.net\/wordpress\/wp-content\/uploads\/2024\/10\/629301fd-708d-4f53-95c2-d28cbefd500f-768x635.jpg 768w, https:\/\/www.radiopiu.net\/wordpress\/wp-content\/uploads\/2024\/10\/629301fd-708d-4f53-95c2-d28cbefd500f-1536x1269.jpg 1536w, https:\/\/www.radiopiu.net\/wordpress\/wp-content\/uploads\/2024\/10\/629301fd-708d-4f53-95c2-d28cbefd500f.jpg 1600w\" sizes=\"auto, (max-width: 106px) 100vw, 106px\" \/><\/a><\/strong><\/h1>\n<h1><strong><a class=\"dt-pswp-item\" href=\"https:\/\/www.radiopiu.net\/wordpress\/wp-content\/uploads\/2024\/11\/th-18.jpg\" data-dt-img-description=\"\" data-large_image_width=\"156\" data-large_image_height=\"180\"><img loading=\"lazy\" decoding=\"async\" class=\"size-full wp-image-421611 alignleft\" src=\"https:\/\/www.radiopiu.net\/wordpress\/wp-content\/uploads\/2024\/11\/th-18.jpg\" alt=\"\" width=\"156\" height=\"180\" \/><\/a><\/strong><\/h1>\n<h1><strong>N di parom &#8211; L Almanach de la nosta jent<\/strong><\/h1>\n<\/blockquote>\n<p>&nbsp;<\/p>\n<p>Le voci: Davide Conedera, Agordo, Michela Dell&#8217;Osbel, La Valle Agordina Simone Ganz, Falcade Veronica Lezuo, Colle Santa Lucia. La voce nella sigla \u00e8 di Giorgia Taio<\/p>\n<p>&nbsp;<\/p>\n<p><strong>LA PUNTATA DI OGGI, 20 DICEMBRE<\/strong><\/p>\n<\/div>\n<div class=\"x11i5rnm xat24cr x1mh8g0r x1vvkbs xtlvy1s x126k92a\">\n<div dir=\"auto\">\n<audio class=\"wp-audio-shortcode\" id=\"audio-425589-3\" preload=\"none\" style=\"width: 100%;\" controls=\"controls\"><source type=\"audio\/mpeg\" src=\"https:\/\/www.radiopiu.net\/wordpress\/wp-content\/uploads\/2024\/12\/AL5-2.mp3?_=3\" \/><a href=\"https:\/\/www.radiopiu.net\/wordpress\/wp-content\/uploads\/2024\/12\/AL5-2.mp3\">https:\/\/www.radiopiu.net\/wordpress\/wp-content\/uploads\/2024\/12\/AL5-2.mp3<\/a><\/audio>\n<p>&nbsp;<\/p>\n<hr \/>\n<\/div>\n<\/div>\n<blockquote>\n<blockquote>\n<h1><span style=\"color: #ff0000;\">\u00a0<\/span><\/h1>\n<h1><span style=\"color: #ff0000;\">I podcast informativi del mattino &#8211; audio &#8211;\u00a0\u00a0<\/span><\/h1>\n<\/blockquote>\n<p><strong><a class=\"dt-pswp-item\" href=\"https:\/\/www.radiopiu.net\/wordpress\/wp-content\/uploads\/2024\/11\/6.jpg\" data-dt-img-description=\"\" data-large_image_width=\"177\" data-large_image_height=\"180\"><img loading=\"lazy\" decoding=\"async\" class=\"size-full wp-image-417911 alignleft\" src=\"https:\/\/www.radiopiu.net\/wordpress\/wp-content\/uploads\/2024\/11\/6.jpg\" alt=\"\" width=\"177\" height=\"180\" \/><\/a>LA RASSEGNA STAMPA NAZIONALE ALLA RADIO, OGNI GIORNO ALLE 5 E ALLE 6 DEL MATTINO <span style=\"color: #0000ff;\">viene pubblicata alle 6.00 <span style=\"color: #ff0000;\">DIRETTA RADIO\u00a0 \u00a0\u00a0<\/span><\/span><\/strong><\/p><\/blockquote>\n<p>&nbsp;<\/p>\n<p><strong>NOTIZIE DELLA NOTTE<\/strong><\/p>\n<p>Ultima ora<br \/>\n06:37<\/p>\n<p><strong>Biden <\/strong>sente il Papa, confronto su sforzi per la pace nel mondo<br \/>\n<strong>Sciopero<\/strong> in casa Starbucks a Los Angeles, Seattle e Chicago<br \/>\n<strong>Giappone:<\/strong> inflazione in crescita al 2,7% in novembre<br \/>\n<strong>La Camera<\/strong> Usa boccia il piano anti shutdown<br \/>\n<strong>Borsa di Tokyo,<\/strong> apertura in rialzo (+0,41%)<br \/>\n<strong>Coppa Italia<\/strong>: 2-0 all&#8217;Udinese, l&#8217;Inter ai quarti<br \/>\n<strong>Costa<\/strong>, non \u00e8 il momento di speculare ma di rafforzare Kiev<br \/>\n<strong>Accordo<\/strong> fra i repubblicani alla Camera per evitare lo shutdown<\/p>\n<h2>AUDIO dalle 6 del mattino<\/h2>\n<audio class=\"wp-audio-shortcode\" id=\"audio-425589-4\" preload=\"none\" style=\"width: 100%;\" controls=\"controls\"><source type=\"audio\/mpeg\" src=\"https:\/\/www.radiopiu.net\/wordpress\/wp-content\/uploads\/2024\/12\/GIORNALEDELLESEI-17.mp3?_=4\" \/><a href=\"https:\/\/www.radiopiu.net\/wordpress\/wp-content\/uploads\/2024\/12\/GIORNALEDELLESEI-17.mp3\">https:\/\/www.radiopiu.net\/wordpress\/wp-content\/uploads\/2024\/12\/GIORNALEDELLESEI-17.mp3<\/a><\/audio>\n<p>&nbsp;<\/p>\n<p>&nbsp;<\/p>\n<p>&nbsp;<\/p>\n<hr \/>\n<p>&nbsp;<\/p>\n<h1 style=\"text-align: center;\"><span style=\"color: #ff0000;\"><a class=\"dt-pswp-item\" href=\"https:\/\/www.radiopiu.net\/wordpress\/wp-content\/uploads\/2024\/11\/7.jpg\" data-dt-img-description=\"\" data-large_image_width=\"180\" data-large_image_height=\"180\"><img loading=\"lazy\" decoding=\"async\" class=\"size-full wp-image-417912 alignleft\" src=\"https:\/\/www.radiopiu.net\/wordpress\/wp-content\/uploads\/2024\/11\/7.jpg\" alt=\"\" width=\"180\" height=\"180\" srcset=\"https:\/\/www.radiopiu.net\/wordpress\/wp-content\/uploads\/2024\/11\/7.jpg 180w, https:\/\/www.radiopiu.net\/wordpress\/wp-content\/uploads\/2024\/11\/7-150x150.jpg 150w\" sizes=\"auto, (max-width: 180px) 100vw, 180px\" \/><\/a>I podcast informativi del mattino &#8211; audio &#8211;\u00a0<\/span><\/h1>\n<p><strong>OGNI GIORNO ALLE SETTE DEL MATTINO, LA RASSEGNA STAMPA LOCALE FLASH&#8230; PER CHI VA IN FRETTA. I TITOLI DAI GIORNALI E DAL SITO WWW.RADIOPIU.NET <span style=\"color: #0000ff;\">viene pubblicato alle 7.00<\/span> <span style=\"color: #ff0000;\">DIRETTA RADIO\u00a0<\/span><\/strong><\/p>\n<p><em><span style=\"color: #ff0000;\">per chi va in fretta&#8230; tante notizie in pochi minuti. L&#8217;informazione locale alla radio, ogni ora dalle 7 del mattino alle 19 della sera.<\/span><\/em><\/p>\n<p><strong>La consulenza <\/strong>Femminicidio a Cagliari, la vittima si \u00e8 difesa prima di morire\u00a0 <strong>Il report <\/strong>Nel 2024 in Italia 390mila casi di tumore. Gli oncologi: &#8216;La met\u00e0 potr\u00e0 guarire&#8217; I numeri del cancro in Italia 2024\u00a0 <strong>La sentenza <\/strong>La Cassazione: &#8216;La politica decide i paesi sicuri, ma il giudice valuta&#8217; <strong>Circolo Arci<\/strong> promuove una festa con la foto di Mangione<br \/>\nPolemica a Parma, la locandina modificata con l&#8217;immagine del Che <strong>I rettori: &#8216;Legare i fondi per gli atenei al Pil&#8217; <\/strong>Iannantuoni: &#8216;In 10 anni +50% laureati in Italia&#8217; <strong>Una bimba nasce in un&#8217;ambulanza a Foggia, l&#8217;autista: &#8216;Un&#8217;emozione unica&#8217; <\/strong>Mamma e neonata stanno bene<br \/>\n<strong>Femminicidio<\/strong> vicino ad Ascoli, uccide la moglie a coltellate. Era stato gi\u00e0 condannato per molestie ad un&#8217;altra donna L&#8217;uomo ha poi tentato il suicidio. In casa c&#8217;erano anche i figli\u00a0 &#8216;<strong>Ti faccio fare la fine di Giulia Cecchettin&#8217;<\/strong>, arrestato 43enne Porto Torres, minacce alla compagna dopo la fine della relazione\u00a0 <strong>Gioca di notte alla playstation &#8216;facendo rumore&#8217;, la vicina accoltella la madre<\/strong><br \/>\nIl giovane &#8211; un trentenne privo di occupazione &#8211; ha l&#8217;abitudine di accompagnare i giochi alla consolle con urla, bestemmie e improperi<br \/>\n<strong>Travolta dal camion della spazzatura, donna muore nel Sassarese <\/strong>E&#8217; accaduto a Sorso davanti a un&#8217;area di servizio <strong>Si ribalta con l&#8217;auto<\/strong> a Bonannaro, grave pensionato di 79 anni\u00a0 <strong>Famiglia trovata morta a Firenze, l&#8217;ipotesi del monossido <\/strong>Deceduti due adulti e un minore, un&#8217;altra bimba in os<\/p>\n<h1>AUDIO dalle 7 del mattino<\/h1>\n<audio class=\"wp-audio-shortcode\" id=\"audio-425589-5\" preload=\"none\" style=\"width: 100%;\" controls=\"controls\"><source type=\"audio\/mpeg\" src=\"https:\/\/www.radiopiu.net\/wordpress\/wp-content\/uploads\/2024\/12\/GF07-16.mp3?_=5\" \/><a href=\"https:\/\/www.radiopiu.net\/wordpress\/wp-content\/uploads\/2024\/12\/GF07-16.mp3\">https:\/\/www.radiopiu.net\/wordpress\/wp-content\/uploads\/2024\/12\/GF07-16.mp3<\/a><\/audio>\n<p>&nbsp;<\/p>\n<p>&nbsp;<\/p>\n<hr \/>\n<p>&nbsp;<\/p>\n<h1><\/h1>\n<h1 style=\"text-align: center;\"><span style=\"color: #ff0000;\"><a class=\"dt-pswp-item\" href=\"https:\/\/www.radiopiu.net\/wordpress\/wp-content\/uploads\/2024\/11\/th.jpg\" data-dt-img-description=\"\" data-large_image_width=\"148\" data-large_image_height=\"179\"><img loading=\"lazy\" decoding=\"async\" class=\"size-full wp-image-417913 alignleft\" src=\"https:\/\/www.radiopiu.net\/wordpress\/wp-content\/uploads\/2024\/11\/th.jpg\" alt=\"\" width=\"148\" height=\"179\" \/><\/a>I podcast informativi del mattino &#8211; audio &#8211;\u00a0<\/span><\/h1>\n<blockquote><p><strong>GIORNALE RADIO NAZIONALE, EDIZIONE DELLE SETTE <span style=\"color: #0000ff;\">viene pubblicato alle 7.05 <span style=\"color: #ff0000;\">DIRETTA RADIO\u00a0<\/span><\/span><\/strong><\/p><\/blockquote>\n<p><strong>il giornale radionazionale e&#8217; in onda ogni ora, dalle sette del mattino alle venti della sera\u00a0 \u00a0<\/strong><strong>\u00a0<\/strong><\/p>\n<p>&nbsp;<\/p>\n<p>&nbsp;<\/p>\n<p><span style=\"color: #ff0000;\"><span style=\"color: #0000ff;\">CRONACA<\/span> EDIZIONE DELLA SERA , DEL 19 DICEMBRE 2024 EDIZIONE DI IERI, 20.00<\/span><\/p>\n<audio class=\"wp-audio-shortcode\" id=\"audio-425589-6\" preload=\"none\" style=\"width: 100%;\" controls=\"controls\"><source type=\"audio\/mpeg\" src=\"https:\/\/www.radiopiu.net\/wordpress\/wp-content\/uploads\/2024\/12\/giornale07-33.mp3?_=6\" \/><a href=\"https:\/\/www.radiopiu.net\/wordpress\/wp-content\/uploads\/2024\/12\/giornale07-33.mp3\">https:\/\/www.radiopiu.net\/wordpress\/wp-content\/uploads\/2024\/12\/giornale07-33.mp3<\/a><\/audio>\n<p>&nbsp;<\/p>\n<p><span style=\"color: #ff0000;\"><span style=\"color: #0000ff;\">SPORT<\/span> EDIZIONE DELLE 19, DEL 19 DICEMBRE 2024, LO SPORT EDIZIONE DI IERI<\/span><\/p>\n<audio class=\"wp-audio-shortcode\" id=\"audio-425589-7\" preload=\"none\" style=\"width: 100%;\" controls=\"controls\"><source type=\"audio\/mpeg\" src=\"https:\/\/www.radiopiu.net\/wordpress\/wp-content\/uploads\/2024\/12\/gr-sport-17.mp3?_=7\" \/><a href=\"https:\/\/www.radiopiu.net\/wordpress\/wp-content\/uploads\/2024\/12\/gr-sport-17.mp3\">https:\/\/www.radiopiu.net\/wordpress\/wp-content\/uploads\/2024\/12\/gr-sport-17.mp3<\/a><\/audio>\n<p>&nbsp;<\/p>\n<h2><span style=\"color: #ff0000;\"><span style=\"color: #0000ff;\">ULTIM&#8217;ORA<\/span> AUDIO dalle sette del mattino, ogni ora alla radio EDIZIONE DELLE SETTE<\/span><\/h2>\n<audio class=\"wp-audio-shortcode\" id=\"audio-425589-8\" preload=\"none\" style=\"width: 100%;\" controls=\"controls\"><source type=\"audio\/mpeg\" src=\"https:\/\/www.radiopiu.net\/wordpress\/wp-content\/uploads\/2024\/12\/giornale07-34.mp3?_=8\" \/><a href=\"https:\/\/www.radiopiu.net\/wordpress\/wp-content\/uploads\/2024\/12\/giornale07-34.mp3\">https:\/\/www.radiopiu.net\/wordpress\/wp-content\/uploads\/2024\/12\/giornale07-34.mp3<\/a><\/audio>\n<p>&nbsp;<\/p>\n<p>&nbsp;<\/p>\n<hr \/>\n<p>&nbsp;<\/p>\n<p>&nbsp;<\/p>\n<h1><span style=\"color: #ff0000;\"><a class=\"dt-pswp-item\" href=\"https:\/\/www.radiopiu.net\/wordpress\/wp-content\/uploads\/2024\/11\/8.jpg\" data-dt-img-description=\"\" data-large_image_width=\"180\" data-large_image_height=\"180\"><img loading=\"lazy\" decoding=\"async\" class=\"size-full wp-image-417910 alignleft\" src=\"https:\/\/www.radiopiu.net\/wordpress\/wp-content\/uploads\/2024\/11\/8.jpg\" alt=\"\" width=\"180\" height=\"180\" srcset=\"https:\/\/www.radiopiu.net\/wordpress\/wp-content\/uploads\/2024\/11\/8.jpg 180w, https:\/\/www.radiopiu.net\/wordpress\/wp-content\/uploads\/2024\/11\/8-150x150.jpg 150w\" sizes=\"auto, (max-width: 180px) 100vw, 180px\" \/><\/a>I podcast informativi del mattino &#8211; video &#8211;\u00a0<\/span><\/h1>\n<h2 style=\"text-align: left;\"><strong>RASSEGNA STAMPA LOCALE, ORE OTTO<\/strong><\/h2>\n<h2><strong> <span style=\"color: #0000ff;\">viene\u00a0 <\/span><\/strong><strong><span style=\"color: #0000ff;\">pubblicata alle 8.05 <span style=\"color: #ff0000;\">DIRETTA RADIO\u00a0 \u00a0<\/span><\/span><\/strong><strong>DI MIRKO MEZZACASA<\/strong><\/h2>\n<h2><span style=\"color: #ff0000;\"><strong>\u00a0<\/strong><\/span><\/h2>\n<h2><span style=\"color: #ff0000;\"><strong>\u00a0<\/strong><\/span><\/h2>\n<h1><span style=\"color: #ff0000;\"><strong>VIDEO\u00a0 \u00a0in diretta dalle 8 del mattino\u00a0 \u00a0per ASCOLTARE <\/strong><\/span><\/h1>\n<blockquote>\n<h1 style=\"text-align: center;\">CLICCA QUI<\/h1>\n<\/blockquote>\n\n\t\t\t<style type='text\/css'>\n\t\t\t\t#gallery-1 {\n\t\t\t\t\tmargin: auto;\n\t\t\t\t}\n\t\t\t\t#gallery-1 .gallery-item {\n\t\t\t\t\tfloat: left;\n\t\t\t\t\tmargin-top: 10px;\n\t\t\t\t\ttext-align: center;\n\t\t\t\t\twidth: 50%;\n\t\t\t\t}\n\t\t\t\t#gallery-1 img {\n\t\t\t\t\tborder: 2px solid #cfcfcf;\n\t\t\t\t}\n\t\t\t\t#gallery-1 .gallery-caption {\n\t\t\t\t\tmargin-left: 0;\n\t\t\t\t}\n\t\t\t\t\/* see gallery_shortcode() in wp-includes\/media.php *\/\n\t\t\t<\/style>\n\t\t<div id='gallery-1' class='dt-gallery-container gallery galleryid-425589 gallery-columns-2 gallery-size-medium'><dl class='gallery-item'>\n\t\t\t\t<dt class='gallery-icon landscape'>\n\t\t\t\t\t<a class=\"rollover rollover-zoom dt-pswp-item\" title=\"COOPE2\" data-dt-img-description=\"\" data-large_image_width=\"637\" data-large_image_height=\"391\"href='https:\/\/www.radiopiu.net\/wordpress\/wp-content\/uploads\/2024\/12\/COOPE2.png'><img loading=\"lazy\" decoding=\"async\" width=\"300\" height=\"184\" src=\"https:\/\/www.radiopiu.net\/wordpress\/wp-content\/uploads\/2024\/12\/COOPE2-300x184.png\" class=\"attachment-medium size-medium\" alt=\"\" srcset=\"https:\/\/www.radiopiu.net\/wordpress\/wp-content\/uploads\/2024\/12\/COOPE2-300x184.png 300w, https:\/\/www.radiopiu.net\/wordpress\/wp-content\/uploads\/2024\/12\/COOPE2.png 637w\" sizes=\"auto, (max-width: 300px) 100vw, 300px\" \/><\/a>\n\t\t\t\t<\/dt><\/dl><dl class='gallery-item'>\n\t\t\t\t<dt class='gallery-icon landscape'>\n\t\t\t\t\t<a class=\"rollover rollover-zoom dt-pswp-item\" title=\"COOP1\" data-dt-img-description=\"\" data-large_image_width=\"635\" data-large_image_height=\"337\"href='https:\/\/www.radiopiu.net\/wordpress\/wp-content\/uploads\/2024\/12\/COOP1-9.png'><img loading=\"lazy\" decoding=\"async\" width=\"300\" height=\"159\" src=\"https:\/\/www.radiopiu.net\/wordpress\/wp-content\/uploads\/2024\/12\/COOP1-9-300x159.png\" class=\"attachment-medium size-medium\" alt=\"\" srcset=\"https:\/\/www.radiopiu.net\/wordpress\/wp-content\/uploads\/2024\/12\/COOP1-9-300x159.png 300w, https:\/\/www.radiopiu.net\/wordpress\/wp-content\/uploads\/2024\/12\/COOP1-9.png 635w\" sizes=\"auto, (max-width: 300px) 100vw, 300px\" \/><\/a>\n\t\t\t\t<\/dt><\/dl><br style=\"clear: both\" \/>\n\t\t\t<\/div>\n\n<blockquote><p><iframe loading=\"lazy\" style=\"border: none; overflow: hidden;\" src=\"https:\/\/www.facebook.com\/plugins\/video.php?height=314&amp;href=https%3A%2F%2Fwww.facebook.com%2Fradiopiu%2Fvideos%2F1103605621501913%2F&amp;show_text=false&amp;width=560&amp;t=0\" width=\"560\" height=\"314\" frameborder=\"0\" scrolling=\"no\" allowfullscreen=\"allowfullscreen\"><\/iframe><\/p>\n<p>&nbsp;<\/p><\/blockquote>\n<hr \/>\n<p>&nbsp;<\/p>\n<p>&nbsp;<\/p>\n<blockquote>\n<h3>stato di attenzione per vento forte su zone montane e pedemontane<\/h3>\n<\/blockquote>\n<p><img loading=\"lazy\" decoding=\"async\" class=\"alignleft\" src=\"https:\/\/www.radiopiu.net\/wordpress\/wp-content\/uploads\/2018\/08\/instabilita.jpg\" width=\"200\" height=\"120\" \/>Il Centro funzionale decentrato della Protezione civile del Veneto ha emesso un avviso per vento forte e ha dichiarando la fase operativa di attenzione, da riconfigurare a livello locale in fase operativa di preallarme o allarme a seconda dell\u2019intensit\u00e0 del vento, dalla mezzanotte, alla stessa ora di sabato 21 dicembre sulle zone montane e pedemontane. \u00c8 previsto vento forte anche sulla costa e pianura limitrofa fino alle\u00a0 14.<\/p>\n<p>&nbsp;<\/p>\n<p>&nbsp;<\/p>\n<hr \/>\n<p>&nbsp;<\/p>\n<p>&nbsp;<\/p>\n<p><strong><a class=\"dt-pswp-item\" href=\"https:\/\/www.radiopiu.net\/wordpress\/wp-content\/uploads\/2023\/12\/ANTENNA.png\" data-dt-img-description=\"\" data-large_image_width=\"300\" data-large_image_height=\"166\"><img loading=\"lazy\" decoding=\"async\" class=\"wp-image-366306 alignright\" src=\"https:\/\/www.radiopiu.net\/wordpress\/wp-content\/uploads\/2023\/12\/ANTENNA.png\" alt=\"\" width=\"101\" height=\"56\" \/><\/a><a class=\"dt-pswp-item\" href=\"https:\/\/www.radiopiu.net\/wordpress\/wp-content\/uploads\/2024\/11\/th-17.jpg\" data-dt-img-description=\"\" data-large_image_width=\"224\" data-large_image_height=\"180\"><img loading=\"lazy\" decoding=\"async\" class=\" wp-image-421610 alignleft\" src=\"https:\/\/www.radiopiu.net\/wordpress\/wp-content\/uploads\/2024\/11\/th-17.jpg\" alt=\"\" width=\"167\" height=\"134\" \/><\/a>ogni sera alle 19 le anticipazioni alla radio, quello che poi seguirete nel TELEGIORNALE BELLUNESE\u00a0 in onda alle 19.30 sul CANALE 10 del digitale terrestre.\u00a0\u00a0<\/strong><\/p>\n<p>&nbsp;<\/p>\n<p><strong>IERI SERA, LE ANTICIPAZIONI DI TIZIANA BOLOGNANI<\/strong><\/p>\n<audio class=\"wp-audio-shortcode\" id=\"audio-425589-9\" preload=\"none\" style=\"width: 100%;\" controls=\"controls\"><source type=\"audio\/mpeg\" src=\"https:\/\/www.radiopiu.net\/wordpress\/wp-content\/uploads\/2024\/12\/ANTENNA3-13.mp3?_=9\" \/><a href=\"https:\/\/www.radiopiu.net\/wordpress\/wp-content\/uploads\/2024\/12\/ANTENNA3-13.mp3\">https:\/\/www.radiopiu.net\/wordpress\/wp-content\/uploads\/2024\/12\/ANTENNA3-13.mp3<\/a><\/audio>\n<p>&nbsp;<\/p>\n<p>&nbsp;<\/p>\n<p>&nbsp;<\/p>\n<hr \/>\n<p>&nbsp;<\/p>\n<blockquote>\n<h3>DUE INCIDENTI NEL POMERIGGIO: QUATTRO FERITI<\/h3>\n<\/blockquote>\n<p><strong>REDAZIONE\u00a0 <\/strong>Nel pomeriggio di gioved\u00ec 19 dicembre, due gravi incidenti stradali hanno richiesto l\u2019intervento dei vigili del fuoco nel Bellunese.<strong> Il primo \u00e8 avvenuto poco prima delle 15:30 lungo la SS 51 in via Alemagna<\/strong> a Longarone, dove due piccoli furgoni si sono scontrati frontalmente. Le squadre dei vigili del fuoco, giunte da Belluno e dal locale distaccamento, hanno estratto uno dei conducenti rimasto incastrato. Entrambi gli autisti feriti sono stati affidati al personale del Suem e trasportati in ospedale. Durante i soccorsi, il traffico \u00e8 stato deviato dai carabinieri e la strada \u00e8 rimasta chiusa.<strong> Un\u2019ora pi\u00f9 tardi, alle 16:30, un altro incidente ha coinvolto due veicoli sulla SR 203<\/strong> in localit\u00e0 Avoscan a San Tomaso Agordino. I vigili del fuoco di Agordo hanno estratto il conducente di una BMW Berlina con targa tedesco, l&#8217;uomo 74 anni \u00e8\u00a0 rimasto incastrato, mentre anche la conducente di una Jeep Avenger, una dona di 29 anni\u00a0 \u00e8 rimasta ferita. Entrambi sono stati soccorsi dal personale sanitario e trasferiti in pronto soccorso con un codice 2 di media gravit\u00e0. Anche in questo caso, i carabinieri hanno effettuato i rilievi e regolato la viabilit\u00e0.<\/p>\n<div class=\"group\/conversation-turn relative flex w-full min-w-0 flex-col agent-turn\">\n<div class=\"flex-col gap-1 md:gap-3\">\n<div class=\"flex max-w-full flex-col flex-grow\">\n<div class=\"min-h-8 text-message flex w-full flex-col items-end gap-2 whitespace-normal break-words text-start [.text-message+&amp;]:mt-5\" dir=\"auto\" data-message-author-role=\"assistant\" data-message-id=\"3c524b84-72ea-4a44-97de-895eab1dbf32\" data-message-model-slug=\"gpt-4o\">\n<div class=\"flex w-full flex-col gap-1 empty:hidden first:pt-[3px]\">\n<div class=\"markdown prose w-full break-words dark:prose-invert dark\">\n<p>&nbsp;<\/p>\n<\/div>\n<\/div>\n<\/div>\n<\/div>\n<\/div>\n<\/div>\n\n\t\t\t<style type='text\/css'>\n\t\t\t\t#gallery-2 {\n\t\t\t\t\tmargin: auto;\n\t\t\t\t}\n\t\t\t\t#gallery-2 .gallery-item {\n\t\t\t\t\tfloat: left;\n\t\t\t\t\tmargin-top: 10px;\n\t\t\t\t\ttext-align: center;\n\t\t\t\t\twidth: 33%;\n\t\t\t\t}\n\t\t\t\t#gallery-2 img {\n\t\t\t\t\tborder: 2px solid #cfcfcf;\n\t\t\t\t}\n\t\t\t\t#gallery-2 .gallery-caption {\n\t\t\t\t\tmargin-left: 0;\n\t\t\t\t}\n\t\t\t\t\/* see gallery_shortcode() in wp-includes\/media.php *\/\n\t\t\t<\/style>\n\t\t<div id='gallery-2' class='dt-gallery-container gallery galleryid-425589 gallery-columns-3 gallery-size-medium'><dl class='gallery-item'>\n\t\t\t\t<dt class='gallery-icon landscape'>\n\t\t\t\t\t<a class=\"rollover rollover-zoom dt-pswp-item\" title=\"2d64e9e6-b9fe-4039-8fa1-4b89bf2f0f3a\" data-dt-img-description=\"\" data-large_image_width=\"960\" data-large_image_height=\"556\"href='https:\/\/www.radiopiu.net\/wordpress\/wp-content\/uploads\/2024\/12\/2d64e9e6-b9fe-4039-8fa1-4b89bf2f0f3a.jpg'><img loading=\"lazy\" decoding=\"async\" width=\"300\" height=\"174\" src=\"https:\/\/www.radiopiu.net\/wordpress\/wp-content\/uploads\/2024\/12\/2d64e9e6-b9fe-4039-8fa1-4b89bf2f0f3a-300x174.jpg\" class=\"attachment-medium size-medium\" alt=\"\" srcset=\"https:\/\/www.radiopiu.net\/wordpress\/wp-content\/uploads\/2024\/12\/2d64e9e6-b9fe-4039-8fa1-4b89bf2f0f3a-300x174.jpg 300w, https:\/\/www.radiopiu.net\/wordpress\/wp-content\/uploads\/2024\/12\/2d64e9e6-b9fe-4039-8fa1-4b89bf2f0f3a-768x445.jpg 768w, https:\/\/www.radiopiu.net\/wordpress\/wp-content\/uploads\/2024\/12\/2d64e9e6-b9fe-4039-8fa1-4b89bf2f0f3a.jpg 960w\" sizes=\"auto, (max-width: 300px) 100vw, 300px\" \/><\/a>\n\t\t\t\t<\/dt><\/dl><dl class='gallery-item'>\n\t\t\t\t<dt class='gallery-icon landscape'>\n\t\t\t\t\t<a class=\"rollover rollover-zoom dt-pswp-item\" title=\"1258df74-3931-427f-85a7-ab9f5aa44c6c\" data-dt-img-description=\"\" data-large_image_width=\"1280\" data-large_image_height=\"960\"href='https:\/\/www.radiopiu.net\/wordpress\/wp-content\/uploads\/2024\/12\/1258df74-3931-427f-85a7-ab9f5aa44c6c.jpg'><img loading=\"lazy\" decoding=\"async\" width=\"300\" height=\"225\" src=\"https:\/\/www.radiopiu.net\/wordpress\/wp-content\/uploads\/2024\/12\/1258df74-3931-427f-85a7-ab9f5aa44c6c-300x225.jpg\" class=\"attachment-medium size-medium\" alt=\"\" srcset=\"https:\/\/www.radiopiu.net\/wordpress\/wp-content\/uploads\/2024\/12\/1258df74-3931-427f-85a7-ab9f5aa44c6c-300x225.jpg 300w, https:\/\/www.radiopiu.net\/wordpress\/wp-content\/uploads\/2024\/12\/1258df74-3931-427f-85a7-ab9f5aa44c6c-1024x768.jpg 1024w, https:\/\/www.radiopiu.net\/wordpress\/wp-content\/uploads\/2024\/12\/1258df74-3931-427f-85a7-ab9f5aa44c6c-768x576.jpg 768w, https:\/\/www.radiopiu.net\/wordpress\/wp-content\/uploads\/2024\/12\/1258df74-3931-427f-85a7-ab9f5aa44c6c.jpg 1280w\" sizes=\"auto, (max-width: 300px) 100vw, 300px\" \/><\/a>\n\t\t\t\t<\/dt><\/dl><dl class='gallery-item'>\n\t\t\t\t<dt class='gallery-icon landscape'>\n\t\t\t\t\t<a class=\"rollover rollover-zoom dt-pswp-item\" title=\"7783e507-7c1c-48b1-b5ae-ebdb409efc7b\" data-dt-img-description=\"\" data-large_image_width=\"1280\" data-large_image_height=\"960\"href='https:\/\/www.radiopiu.net\/wordpress\/wp-content\/uploads\/2024\/12\/7783e507-7c1c-48b1-b5ae-ebdb409efc7b.jpg'><img loading=\"lazy\" decoding=\"async\" width=\"300\" height=\"225\" src=\"https:\/\/www.radiopiu.net\/wordpress\/wp-content\/uploads\/2024\/12\/7783e507-7c1c-48b1-b5ae-ebdb409efc7b-300x225.jpg\" class=\"attachment-medium size-medium\" alt=\"\" srcset=\"https:\/\/www.radiopiu.net\/wordpress\/wp-content\/uploads\/2024\/12\/7783e507-7c1c-48b1-b5ae-ebdb409efc7b-300x225.jpg 300w, https:\/\/www.radiopiu.net\/wordpress\/wp-content\/uploads\/2024\/12\/7783e507-7c1c-48b1-b5ae-ebdb409efc7b-1024x768.jpg 1024w, https:\/\/www.radiopiu.net\/wordpress\/wp-content\/uploads\/2024\/12\/7783e507-7c1c-48b1-b5ae-ebdb409efc7b-768x576.jpg 768w, https:\/\/www.radiopiu.net\/wordpress\/wp-content\/uploads\/2024\/12\/7783e507-7c1c-48b1-b5ae-ebdb409efc7b.jpg 1280w\" sizes=\"auto, (max-width: 300px) 100vw, 300px\" \/><\/a>\n\t\t\t\t<\/dt><\/dl><br style=\"clear: both\" \/>\n\t\t\t<\/div>\n\n<p>&nbsp;<\/p>\n<hr \/>\n<p>&nbsp;<\/p>\n<blockquote>\n<h3>MALORE AL RIFUGIO PLAN BOE&#8217;<\/h3>\n<\/blockquote>\n<p><strong>LIVINALLONGO<\/strong> Mercoled\u00ec sera attorno alle 21 il Soccorso alpino di Livinallongo \u00e8 stato allertato per un escursionista, che si era sentito poco bene, mentre si trovava al Rifugio Plan Bo\u00e8. Una squadra \u00e8 partita con il quad, portando con s\u00e9 personale della Croce Bianca di Arabba. Raggiunto il 45enne di Bari, che lamentava dolori al torace, i soccorritori lo hanno fatto salire sul toboga, per poi trasportarlo fino a valle e affidarlo all&#8217;automedica sopraggiunta nel frattempo.<\/p>\n<p>&nbsp;<\/p>\n<hr \/>\n<p>&nbsp;<\/p>\n<blockquote>\n<h3>Due Mezzi Fuori Strada a Santa Giustina: Nessun Ferito<\/h3>\n<\/blockquote>\n<p>Ieri pomeriggio due incidenti si sono verificati a Santa Giustina. Un furgone Amazon si \u00e8 ribaltato a Cesiomaggiore per evitare un pick-up, mentre un\u2019auto \u00e8 finita contro un lampione in via Roma. Nessun ferito, ma interventi complessi.<\/p>\n<p>&nbsp;<\/p>\n<hr \/>\n<div class=\"flex-shrink-0 flex flex-col relative items-end\">\n<div>\n<div class=\"pt-0\">\n<div class=\"gizmo-bot-avatar flex h-8 w-8 items-center justify-center overflow-hidden rounded-full\">\n<div class=\"relative p-1 rounded-sm flex items-center justify-center bg-token-main-surface-primary text-token-text-primary h-8 w-8\"><\/div>\n<div><\/div>\n<\/div>\n<\/div>\n<\/div>\n<\/div>\n<div class=\"group\/conversation-turn relative flex w-full min-w-0 flex-col agent-turn\">\n<div class=\"flex-col gap-1 md:gap-3\">\n<div class=\"flex max-w-full flex-col flex-grow\">\n<div class=\"min-h-8 text-message flex w-full flex-col items-end gap-2 whitespace-normal break-words text-start [.text-message+&amp;]:mt-5\" dir=\"auto\" data-message-author-role=\"assistant\" data-message-id=\"99f84d07-787c-484a-a7d0-e06dad037fc7\" data-message-model-slug=\"gpt-4o\">\n<div class=\"flex w-full flex-col gap-1 empty:hidden first:pt-[3px]\">\n<div class=\"markdown prose w-full break-words dark:prose-invert dark\">\n<blockquote>\n<h3>Incidente sulla Feltrina: Conducente Scompare Dopo l&#8217;Uscita di Strada<\/h3>\n<\/blockquote>\n<p><strong>FELTRE<\/strong> Mercoled\u00ec sera, un&#8217;Audi A4 \u00e8 uscita autonomamente di strada sulla Feltrina, tra Feltre e Anz\u00f9. Il conducente si \u00e8 allontanato senza attendere i soccorsi, lasciando l&#8217;auto distrutta sul posto. Strada chiusa per messa in sicurezza.<\/p>\n<\/div>\n<\/div>\n<\/div>\n<\/div>\n<\/div>\n<\/div>\n<p>&nbsp;<\/p>\n<p>&nbsp;<\/p>\n<hr \/>\n<p>&nbsp;<\/p>\n<blockquote>\n<h3><a class=\"dt-pswp-item\" href=\"https:\/\/www.radiopiu.net\/wordpress\/wp-content\/uploads\/2023\/06\/CACCIATORE-150x150-1.jpg\" data-dt-img-description=\"\" data-large_image_width=\"150\" data-large_image_height=\"150\"><img loading=\"lazy\" decoding=\"async\" class=\"size-full wp-image-340474 alignleft\" src=\"https:\/\/www.radiopiu.net\/wordpress\/wp-content\/uploads\/2023\/06\/CACCIATORE-150x150-1.jpg\" alt=\"\" width=\"150\" height=\"150\" \/><\/a>Spari Vicino a Case a Castion, Violata la Distanza di Sicurezza<\/h3>\n<\/blockquote>\n<p><strong>BELLUNO<\/strong> A Castion, luned\u00ec, un cacciatore ha sparato colpi a meno di 10 metri da un&#8217;abitazione, violando la distanza minima di 100 metri prevista dalla legge. Il consigliere Lorenzo Bortoluzzi segnala l\u2019accaduto, considerando una denuncia per il rischio a persone e animali vicini, tra cui un cane e una colonia di gatti.<\/p>\n<p>&nbsp;<\/p>\n<hr \/>\n<blockquote>\n<h3><\/h3>\n<h3>SABOTATO L&#8217;IMPIANTO DI INNEVAMENTO E NON E&#8217; LA PRIMA VOLTA<\/h3>\n<\/blockquote>\n<p>***<\/p>\n<p>&nbsp;<\/p>\n<p><strong>LIVINALLONGO<\/strong><\/p>\n<p><strong>DI LORENZO SORATROI<\/strong><\/p>\n<audio class=\"wp-audio-shortcode\" id=\"audio-425589-10\" preload=\"none\" style=\"width: 100%;\" controls=\"controls\"><source type=\"audio\/mpeg\" src=\"https:\/\/www.radiopiu.net\/wordpress\/wp-content\/uploads\/2024\/12\/LORENZO-SABOTAGGIO.mp3?_=10\" \/><a href=\"https:\/\/www.radiopiu.net\/wordpress\/wp-content\/uploads\/2024\/12\/LORENZO-SABOTAGGIO.mp3\">https:\/\/www.radiopiu.net\/wordpress\/wp-content\/uploads\/2024\/12\/LORENZO-SABOTAGGIO.mp3<\/a><\/audio>\n<p>&nbsp;<\/p>\n\n\t\t\t<style type='text\/css'>\n\t\t\t\t#gallery-3 {\n\t\t\t\t\tmargin: auto;\n\t\t\t\t}\n\t\t\t\t#gallery-3 .gallery-item {\n\t\t\t\t\tfloat: left;\n\t\t\t\t\tmargin-top: 10px;\n\t\t\t\t\ttext-align: center;\n\t\t\t\t\twidth: 50%;\n\t\t\t\t}\n\t\t\t\t#gallery-3 img {\n\t\t\t\t\tborder: 2px solid #cfcfcf;\n\t\t\t\t}\n\t\t\t\t#gallery-3 .gallery-caption {\n\t\t\t\t\tmargin-left: 0;\n\t\t\t\t}\n\t\t\t\t\/* see gallery_shortcode() in wp-includes\/media.php *\/\n\t\t\t<\/style>\n\t\t<div id='gallery-3' class='dt-gallery-container gallery galleryid-425589 gallery-columns-2 gallery-size-medium'><dl class='gallery-item'>\n\t\t\t\t<dt class='gallery-icon landscape'>\n\t\t\t\t\t<a class=\"rollover rollover-zoom dt-pswp-item\" title=\"default\" data-dt-img-description=\"\" data-large_image_width=\"2560\" data-large_image_height=\"1920\"href='https:\/\/www.radiopiu.net\/wordpress\/wp-content\/uploads\/2024\/12\/novembre-2024_2-scaled.jpg'><img loading=\"lazy\" decoding=\"async\" width=\"300\" height=\"225\" src=\"https:\/\/www.radiopiu.net\/wordpress\/wp-content\/uploads\/2024\/12\/novembre-2024_2-300x225.jpg\" class=\"attachment-medium size-medium\" alt=\"\" srcset=\"https:\/\/www.radiopiu.net\/wordpress\/wp-content\/uploads\/2024\/12\/novembre-2024_2-300x225.jpg 300w, https:\/\/www.radiopiu.net\/wordpress\/wp-content\/uploads\/2024\/12\/novembre-2024_2-1024x768.jpg 1024w, https:\/\/www.radiopiu.net\/wordpress\/wp-content\/uploads\/2024\/12\/novembre-2024_2-768x576.jpg 768w, https:\/\/www.radiopiu.net\/wordpress\/wp-content\/uploads\/2024\/12\/novembre-2024_2-1536x1152.jpg 1536w, https:\/\/www.radiopiu.net\/wordpress\/wp-content\/uploads\/2024\/12\/novembre-2024_2-2048x1536.jpg 2048w\" sizes=\"auto, (max-width: 300px) 100vw, 300px\" \/><\/a>\n\t\t\t\t<\/dt><\/dl><dl class='gallery-item'>\n\t\t\t\t<dt class='gallery-icon landscape'>\n\t\t\t\t\t<a class=\"rollover rollover-zoom dt-pswp-item\" title=\"foto 3\" data-dt-img-description=\"\" data-large_image_width=\"2048\" data-large_image_height=\"1537\"href='https:\/\/www.radiopiu.net\/wordpress\/wp-content\/uploads\/2024\/12\/foto-3.jpg'><img loading=\"lazy\" decoding=\"async\" width=\"300\" height=\"225\" src=\"https:\/\/www.radiopiu.net\/wordpress\/wp-content\/uploads\/2024\/12\/foto-3-300x225.jpg\" class=\"attachment-medium size-medium\" alt=\"\" srcset=\"https:\/\/www.radiopiu.net\/wordpress\/wp-content\/uploads\/2024\/12\/foto-3-300x225.jpg 300w, https:\/\/www.radiopiu.net\/wordpress\/wp-content\/uploads\/2024\/12\/foto-3-1024x769.jpg 1024w, https:\/\/www.radiopiu.net\/wordpress\/wp-content\/uploads\/2024\/12\/foto-3-768x576.jpg 768w, https:\/\/www.radiopiu.net\/wordpress\/wp-content\/uploads\/2024\/12\/foto-3-1536x1153.jpg 1536w, https:\/\/www.radiopiu.net\/wordpress\/wp-content\/uploads\/2024\/12\/foto-3.jpg 2048w\" sizes=\"auto, (max-width: 300px) 100vw, 300px\" \/><\/a>\n\t\t\t\t<\/dt><\/dl><br style=\"clear: both\" \/>\n\t\t\t<\/div>\n\n<p>&nbsp;<\/p>\n<p>&nbsp;<\/p>\n<hr \/>\n<p>&nbsp;<\/p>\n<blockquote><p><strong>Chiarimenti sull\u2019esclusione dei bambini dalla mensa scolastica<\/strong><\/p><\/blockquote>\n<p><strong><a href=\"https:\/\/www.radiopiu.net\/wordpress\/wp-content\/uploads\/2024\/12\/c9d89a56-f9dc-4944-bb09-547706a886b0.webp\"><img loading=\"lazy\" decoding=\"async\" class=\" wp-image-425655 alignleft\" src=\"https:\/\/www.radiopiu.net\/wordpress\/wp-content\/uploads\/2024\/12\/c9d89a56-f9dc-4944-bb09-547706a886b0-300x300.webp\" alt=\"\" width=\"150\" height=\"150\" srcset=\"https:\/\/www.radiopiu.net\/wordpress\/wp-content\/uploads\/2024\/12\/c9d89a56-f9dc-4944-bb09-547706a886b0-300x300.webp 300w, https:\/\/www.radiopiu.net\/wordpress\/wp-content\/uploads\/2024\/12\/c9d89a56-f9dc-4944-bb09-547706a886b0-150x150.webp 150w, https:\/\/www.radiopiu.net\/wordpress\/wp-content\/uploads\/2024\/12\/c9d89a56-f9dc-4944-bb09-547706a886b0-768x768.webp 768w, https:\/\/www.radiopiu.net\/wordpress\/wp-content\/uploads\/2024\/12\/c9d89a56-f9dc-4944-bb09-547706a886b0.webp 1024w\" sizes=\"auto, (max-width: 150px) 100vw, 150px\" \/><\/a>BELLUNO<\/strong> Il sindaco Oscar De Pellegrin chiarisce che l\u2019Amministrazione lavora da mesi per garantire supporto alle famiglie in difficolt\u00e0, invitandole a contattare i servizi sociali, unico iter previsto per attivare aiuti concreti. Nonostante le comunicazioni tramite le scuole, le famiglie interessate non hanno collaborato. L\u2019assessore Roberta Olivotto aggiunge che il Comune \u00e8 attrezzato per assistere anche famiglie straniere, superando barriere linguistiche. I bambini continueranno a usufruire del servizio mensa, in attesa della verifica dello stato Isee. Il sindaco critica chi strumentalizza politicamente la vicenda, sottolineando che chi ha seguito le procedure ha ricevuto pieno sostegno, con l\u2019Amministrazione sempre impegnata a tutela delle fasce pi\u00f9 fragili.<\/p>\n<p>&nbsp;<\/p>\n<p>&nbsp;<\/p>\n<p>&nbsp;<\/p>\n<p>&nbsp;<\/p>\n<hr \/>\n<p>&nbsp;<\/p>\n<blockquote>\n<h3>ESSILORLUXOTTICA RINNOVA IL CONTRATTO DI LICENZA CON PRADA PER ALTRI 10 ANNI<\/h3>\n<\/blockquote>\n<p><strong><a class=\"dt-pswp-item\" href=\"https:\/\/www.radiopiu.net\/wordpress\/wp-content\/uploads\/2024\/12\/c0a87c53-b007-4b6a-b381-e024327a51b8.jpg\" data-dt-img-description=\"\" data-large_image_width=\"992\" data-large_image_height=\"572\"><img loading=\"lazy\" decoding=\"async\" class=\" wp-image-425586 alignleft\" src=\"https:\/\/www.radiopiu.net\/wordpress\/wp-content\/uploads\/2024\/12\/c0a87c53-b007-4b6a-b381-e024327a51b8-300x173.jpg\" alt=\"\" width=\"199\" height=\"115\" srcset=\"https:\/\/www.radiopiu.net\/wordpress\/wp-content\/uploads\/2024\/12\/c0a87c53-b007-4b6a-b381-e024327a51b8-300x173.jpg 300w, https:\/\/www.radiopiu.net\/wordpress\/wp-content\/uploads\/2024\/12\/c0a87c53-b007-4b6a-b381-e024327a51b8-768x443.jpg 768w, https:\/\/www.radiopiu.net\/wordpress\/wp-content\/uploads\/2024\/12\/c0a87c53-b007-4b6a-b381-e024327a51b8.jpg 992w\" sizes=\"auto, (max-width: 199px) 100vw, 199px\" \/><\/a>MILANO\/PARIGI<\/strong> Il Gruppo Prada ed EssilorLuxottica hanno rinnovato l&#8217;accordo di licenza per lo sviluppo e la distribuzione globale di occhiali Prada, Prada Linea Rossa e Miu Miu fino al 2030, con possibilit\u00e0 di estensione al 2035. La collaborazione, iniziata oltre 20 anni fa, si basa su una visione condivisa e sulla ricerca dell&#8217;eccellenza, combinando lusso, artigianalit\u00e0 e innovazione. Le collezioni create hanno definito uno stile all&#8217;avanguardia, ispirato a moda e tecnologia, diventando un punto di riferimento nel settore eyewear. Patrizio Bertelli, Presidente del Gruppo Prada, ha sottolineato l&#8217;importanza del legame con EssilorLuxottica, fondato su qualit\u00e0 e innovazione. Francesco Milleri, Presidente di EssilorLuxottica, ha evidenziato il ruolo centrale di Prada nella storia dell&#8217;azienda e l&#8217;impegno comune per innovare nel lusso.<\/p>\n<p>&nbsp;<\/p>\n<p>&nbsp;<\/p>\n<p>&nbsp;<\/p>\n<p>&nbsp;<\/p>\n<hr \/>\n<p>&nbsp;<\/p>\n<blockquote>\n<h3>PROVE DI EVACUAZIONE ALLO STABILIMENTO LUXOTTICA DI AGORDO<\/h3>\n<\/blockquote>\n<p><strong><a class=\"dt-pswp-item\" href=\"https:\/\/www.radiopiu.net\/wordpress\/wp-content\/uploads\/2024\/12\/5383be27-d3d7-434d-8d4a-8c859ff1cacc.jpg\" data-dt-img-description=\"\" data-large_image_width=\"1600\" data-large_image_height=\"719\"><img loading=\"lazy\" decoding=\"async\" class=\" wp-image-425612 alignleft\" src=\"https:\/\/www.radiopiu.net\/wordpress\/wp-content\/uploads\/2024\/12\/5383be27-d3d7-434d-8d4a-8c859ff1cacc-300x135.jpg\" alt=\"\" width=\"249\" height=\"112\" srcset=\"https:\/\/www.radiopiu.net\/wordpress\/wp-content\/uploads\/2024\/12\/5383be27-d3d7-434d-8d4a-8c859ff1cacc-300x135.jpg 300w, https:\/\/www.radiopiu.net\/wordpress\/wp-content\/uploads\/2024\/12\/5383be27-d3d7-434d-8d4a-8c859ff1cacc-1024x460.jpg 1024w, https:\/\/www.radiopiu.net\/wordpress\/wp-content\/uploads\/2024\/12\/5383be27-d3d7-434d-8d4a-8c859ff1cacc-768x345.jpg 768w, https:\/\/www.radiopiu.net\/wordpress\/wp-content\/uploads\/2024\/12\/5383be27-d3d7-434d-8d4a-8c859ff1cacc-1536x690.jpg 1536w, https:\/\/www.radiopiu.net\/wordpress\/wp-content\/uploads\/2024\/12\/5383be27-d3d7-434d-8d4a-8c859ff1cacc.jpg 1600w\" sizes=\"auto, (max-width: 249px) 100vw, 249px\" \/><\/a>AGORDO<\/strong> La sicurezza prima di tutto. Un punto di riferimento anche allo stabilimento Luxottica di Agordo. Nella mattinata di ieri le maestranze dello stabilimento sono state mobilitate dal suono delle sirene di sicurezza per una prova di evacuazione che ha interessato tutta la zona nord dello stabile. Come al solito gli operai si sono recati al punto di raccolta in modo ordinato e dopo qualche minuto hanno potuto tornare sul posto di lavoro per continuare la giornata lavorativa. La stessa procedura \u00e8 stata ripetuta anche ieri sera per coinvolgere anche coloro che avevano il turno pomeridiano.<\/p>\n<p>&nbsp;<\/p>\n<hr \/>\n<p>&nbsp;<\/p>\n<blockquote>\n<h2>BELLUNO | NEVEGAL, CORSA CONTRO IL TEMPO PER GLI IMPIANTI DEL TORONT E DELLE ERTE<\/h2>\n<p>Intervistati LORENZO BALDANELLO UOFFY ITALIA (AL TELEFONO) (Servizio di\u00a0Tiziana Bolognani)<\/p><\/blockquote>\n<p>&nbsp;<\/p>\n<p><iframe loading=\"lazy\" title=\"NEVEGAL, CORSA CONTRO IL TEMPO PER GLI IMPIANTI DEL TORONT E DELLE ERTE | 19\/12\/2024\" width=\"1200\" height=\"675\" src=\"https:\/\/www.youtube.com\/embed\/N9-XuKm2a6I?feature=oembed\" frameborder=\"0\" allow=\"accelerometer; autoplay; clipboard-write; encrypted-media; gyroscope; picture-in-picture; web-share\" referrerpolicy=\"strict-origin-when-cross-origin\" allowfullscreen><\/iframe><\/p>\n<p>&nbsp;<\/p>\n<p>&nbsp;<\/p>\n<hr \/>\n<p>&nbsp;<\/p>\n<blockquote>\n<h3>LA PROVINCIA INCONTRA NEVEGAL 2021 PER IL RILANCIO DEL COLLE<\/h3>\n<\/blockquote>\n<p><strong><a class=\"dt-pswp-item\" href=\"https:\/\/www.radiopiu.net\/wordpress\/wp-content\/uploads\/2020\/06\/palazzo_piloni_belluno.jpg\" data-dt-img-description=\"\" data-large_image_width=\"1000\" data-large_image_height=\"667\"><img loading=\"lazy\" decoding=\"async\" class=\" wp-image-144771 alignleft\" src=\"https:\/\/www.radiopiu.net\/wordpress\/wp-content\/uploads\/2020\/06\/palazzo_piloni_belluno-300x200.jpg\" alt=\"\" width=\"155\" height=\"103\" srcset=\"https:\/\/www.radiopiu.net\/wordpress\/wp-content\/uploads\/2020\/06\/palazzo_piloni_belluno-300x200.jpg 300w, https:\/\/www.radiopiu.net\/wordpress\/wp-content\/uploads\/2020\/06\/palazzo_piloni_belluno-768x512.jpg 768w, https:\/\/www.radiopiu.net\/wordpress\/wp-content\/uploads\/2020\/06\/palazzo_piloni_belluno.jpg 1000w\" sizes=\"auto, (max-width: 155px) 100vw, 155px\" \/><\/a>BELLUNO<\/strong> La Provincia di Belluno intende favorire il rilancio del Nevegal, come confermato dal consigliere delegato agli impianti a fune, Marzio Sovilla. Un incontro tecnico a Palazzo Piloni ha analizzato il progetto della nuova sciovia &#8220;Le Erte&#8221;, respinto per documentazione insufficiente. I tecnici provinciali, guidati dall\u2019architetto Anna Za, hanno illustrato la normativa regionale (legge 21\/2008) e i requisiti progettuali richiesti, spiegando come sanare le carenze. Inoltre, \u00e8 stato segnalato che il nulla osta per la sciovia Col Toront \u00e8 scaduto, rendendo inutilizzabile l\u2019impianto fino a nuovo permesso. Sovilla ha evidenziato le difficolt\u00e0 della societ\u00e0 Nevegal 2021, abituata a normative lombarde, e ha apprezzato l\u2019impegno a integrare la documentazione, garantendo un approccio collaborativo per il rilancio della localit\u00e0.<\/p>\n<p>&nbsp;<\/p>\n<p>&nbsp;<\/p>\n<p>&nbsp;<\/p>\n<hr \/>\n<p>&nbsp;<\/p>\n<blockquote>\n<h3>Approvato il bilancio AINEVA 2025: attivit\u00e0 e innovazioni per la sicurezza<\/h3>\n<\/blockquote>\n<p><strong>VENEZIA<\/strong> L\u2019assemblea di AINEVA, presieduta dall\u2019assessore Gianpaolo Bottacin, ha approvato il bilancio 2025, confermando collaborazioni con Truppe Alpine, Soccorso Alpino, CAI e Guardia di Finanza. Importante anche l\u2019adesione al GECT, per rafforzare il servizio valanghe con standard innovativi e accedere a fondi europei. Tra i temi discussi, la formazione degli operatori, la gestione dei dati nivometrici e il miglioramento dei bollettini, per mantenere l\u2019Associazione all\u2019avanguardia nella protezione del territorio e nella sicurezza delle comunit\u00e0 montane.<\/p>\n<p><strong>L&#8217;ASSESSORE GIANPAOLO BOTTACIN<\/strong><\/p>\n<div style=\"width: 848px;\" class=\"wp-video\"><video class=\"wp-video-shortcode\" id=\"video-425589-1\" width=\"848\" height=\"480\" preload=\"metadata\" controls=\"controls\"><source type=\"video\/mp4\" src=\"https:\/\/www.radiopiu.net\/wordpress\/wp-content\/uploads\/2024\/12\/WhatsApp-Video-2024-12-19-at-12.54.56.mp4?_=1\" \/><a href=\"https:\/\/www.radiopiu.net\/wordpress\/wp-content\/uploads\/2024\/12\/WhatsApp-Video-2024-12-19-at-12.54.56.mp4\">https:\/\/www.radiopiu.net\/wordpress\/wp-content\/uploads\/2024\/12\/WhatsApp-Video-2024-12-19-at-12.54.56.mp4<\/a><\/video><\/div>\n<p>&nbsp;<\/p>\n<hr \/>\n<p>&nbsp;<\/p>\n<p>&nbsp;<\/p>\n<blockquote>\n<h2>ISPRA conferma il Veneto leader nella gestione dei rifiuti urbani<\/h2>\n<\/blockquote>\n<p><strong>VENEZIA<\/strong> Il rapporto ISPRA 2023 certifica il Veneto al primo posto nazionale per la gestione dei rifiuti urbani, con un 77,7% di raccolta differenziata contro una media italiana del 66,6%. L\u2019assessore Gianpaolo Bottacin sottolinea il successo del piano attuativo 20-30 e l\u2019impegno in scelte innovative. Tra le province, Treviso primeggia con l\u201989,1%, seguita da Belluno al 85,8%, nonostante le sfide territoriali. Questo risultato riflette investimenti mirati e un approccio strategico, consolidando il Veneto come modello di eccellenza nella sostenibilit\u00e0 ambientale.<\/p>\n<p>L&#8217;ASSESSORE GIANPAOLO BOTTACIN<\/p>\n<div style=\"width: 848px;\" class=\"wp-video\"><video class=\"wp-video-shortcode\" id=\"video-425589-2\" width=\"848\" height=\"480\" preload=\"metadata\" controls=\"controls\"><source type=\"video\/mp4\" src=\"https:\/\/www.radiopiu.net\/wordpress\/wp-content\/uploads\/2024\/12\/WhatsApp-Video-2024-12-19-at-15.51.46.mp4?_=2\" \/><a href=\"https:\/\/www.radiopiu.net\/wordpress\/wp-content\/uploads\/2024\/12\/WhatsApp-Video-2024-12-19-at-15.51.46.mp4\">https:\/\/www.radiopiu.net\/wordpress\/wp-content\/uploads\/2024\/12\/WhatsApp-Video-2024-12-19-at-15.51.46.mp4<\/a><\/video><\/div>\n<p>&nbsp;<\/p>\n<p>&nbsp;<\/p>\n<p>&nbsp;<\/p>\n<hr \/>\n<p>&nbsp;<\/p>\n<blockquote>\n<h3 class=\"p1\"><a class=\"dt-pswp-item\" href=\"https:\/\/www.radiopiu.net\/wordpress\/wp-content\/uploads\/2024\/12\/Unknown-3.jpeg\" data-dt-img-description=\"\" data-large_image_width=\"1537\" data-large_image_height=\"2048\"><img loading=\"lazy\" decoding=\"async\" class=\" wp-image-425675 alignleft\" src=\"https:\/\/www.radiopiu.net\/wordpress\/wp-content\/uploads\/2024\/12\/Unknown-3-225x300.jpeg\" alt=\"\" width=\"144\" height=\"192\" srcset=\"https:\/\/www.radiopiu.net\/wordpress\/wp-content\/uploads\/2024\/12\/Unknown-3-225x300.jpeg 225w, https:\/\/www.radiopiu.net\/wordpress\/wp-content\/uploads\/2024\/12\/Unknown-3-769x1024.jpeg 769w, https:\/\/www.radiopiu.net\/wordpress\/wp-content\/uploads\/2024\/12\/Unknown-3-768x1023.jpeg 768w, https:\/\/www.radiopiu.net\/wordpress\/wp-content\/uploads\/2024\/12\/Unknown-3-1153x1536.jpeg 1153w, https:\/\/www.radiopiu.net\/wordpress\/wp-content\/uploads\/2024\/12\/Unknown-3.jpeg 1537w\" sizes=\"auto, (max-width: 144px) 100vw, 144px\" \/><\/a>GIOVANI&amp;FUTURO A FELTRE PER I DISAGI DEL TRASPORTO PUBBLICO LOCALE<\/h3>\n<\/blockquote>\n<p><strong>FELTRE<\/strong> Luca Frescura e Thomas Menia Corbanese, Presidente e Vicepresidente di <em>Giovani&amp;Futuro<\/em>, si sono recati a Feltre il 13 dicembre per verificare le problematiche del trasporto pubblico. Invitati dagli studenti, hanno riscontrato navette sovraffollate e disservizi, denunciando la situazione alla Provincia e all&#8217;azienda responsabile. Frescura ha sottolineato l&#8217;impegno dell&#8217;associazione nel garantire un servizio adeguato per chi paga un abbonamento, richiamando anche l\u2019attenzione sul vertice a Palazzo Piloni di ottobre. Amanuel Makonnen Castellucci, rappresentante degli studenti, ha confermato le difficolt\u00e0 quotidiane di quasi 200 giovani per raggiungere la scuola. Frescura ha inoltre criticato i premi di risultato concessi ai dirigenti dell&#8217;azienda, mettendo in dubbio la priorit\u00e0 del servizio rispetto al profitto, e auspicando un miglioramento immediato.<\/p>\n<p>&nbsp;<\/p>\n<p>&nbsp;<\/p>\n<p>&nbsp;<\/p>\n<p>&nbsp;<\/p>\n<p>&nbsp;<\/p>\n<hr \/>\n<p>&nbsp;<\/p>\n<blockquote>\n<h3>DILLO A RADIO PIU&#8217;&#8230; NON DIMENTICATE GIANNI &#8220;BAIOL&#8221; PEZZEI<\/h3>\n<\/blockquote>\n<div class=\"flex max-w-full flex-col flex-grow\">\n<div class=\"min-h-8 text-message flex w-full flex-col items-end gap-2 whitespace-normal break-words text-start [.text-message+&amp;]:mt-5\" dir=\"auto\" data-message-author-role=\"assistant\" data-message-id=\"671f873d-0023-40d8-b058-326807547d36\" data-message-model-slug=\"gpt-4o\">\n<div class=\"flex w-full flex-col gap-1 empty:hidden first:pt-[3px]\">\n<div class=\"markdown prose w-full break-words dark:prose-invert dark\">\n<blockquote><p><em>Roberto Molin Pradel, ex abitante della Valle di Fodom per quasi dieci anni, scrive a Radio Pi\u00f9 per sottolineare la mancanza di un tributo a Gianni Pezzei, ex sindaco di Livinallongo, artista e figura di rilievo. Con parole rispettose, invita la comunit\u00e0 fodoma a ricordare degnamente questa personalit\u00e0 che ha dato lustro alla provincia.<\/em><\/p><\/blockquote>\n<\/div>\n<\/div>\n<\/div>\n<\/div>\n<div class=\"mb-2 flex gap-3 empty:hidden -ml-2\">\n<div class=\"items-center justify-start rounded-xl p-1 flex\">\n<div class=\"flex items-center\">\n<p><a class=\"dt-pswp-item\" href=\"https:\/\/www.radiopiu.net\/wordpress\/wp-content\/uploads\/2024\/12\/th-8.jpg\" data-dt-img-description=\"\" data-large_image_width=\"240\" data-large_image_height=\"180\"><img loading=\"lazy\" decoding=\"async\" class=\"size-full wp-image-425716 alignleft\" src=\"https:\/\/www.radiopiu.net\/wordpress\/wp-content\/uploads\/2024\/12\/th-8.jpg\" alt=\"\" width=\"240\" height=\"180\" \/><\/a>mi onoro di essere stato per quasi dieci anni \u201c abitante \u201c e assiduo frequentatore della valle di Fodom, realt\u00e0 che credo di essere riuscito a conoscere ed apprezzare come una comunit\u00e0 laboriosa e unita. Aggiungo che con il sottoscritto i fodomi si sono sempre dimostrati accoglienti, aperti ed inclusivi, tant\u2019\u00e8 che in loco mantengo amicizie molto strette. Mi permetto, con il massimo rispetto, di far notare quella che a me \u00e8 parsa un\u2019incongruenza o forse una mancanza a cui spero la comunit\u00e0 Fodoma sapr\u00e0 porre rimedio.\u00a0 \u00a0Come si sapr\u00e0 nella primavera\u00a0 del 2022 \u00e8 mancato Gianni Pezzei gi\u00e0 Sindaco di Livinallongo per ben 15 anni, assessore provinciale, professore per generazioni di studenti e eclettico artista-scultore, le cui opere rimangono a memoria della sua bravura. Ho avuto modo di conoscere \u201cil Bai\u00f2l\u201d sia in ambito amministrativo che in ambito pi\u00f9 privato e posso dire di aver conosciuto una persona intelligente, lungimirante e sempre pronto a <img loading=\"lazy\" decoding=\"async\" class=\"alignright\" src=\"https:\/\/www.radiopiu.net\/wordpress\/wp-content\/uploads\/2024\/09\/baiol-3.jpeg\" width=\"156\" height=\"208\" \/>rispondere con una battuta sagace. Credo non serva ricordare ai fodomi i grandi meriti di Gianni Pezzei e le realizzazioni compiute da amministratore di lungo corso, ancora li visibili a testimoniarne l\u2019impegno. La sua attivit\u00e0 di artista che ha superato i confini della nostra provincia e dell\u2019Italia arrivando all\u2019estero. Tale bravura \u00e8 testimoniata anche dalla conoscenza che Gianni aveva di personalit\u00e0 importanti nel panorama artistico e dai quali era apprezzato. Alla luce di tutto questo e <strong>dal fatto che tutti conoscono la storia del \u201cBaiol\u201d, mi stupisce il fatto che a due anni e mezzo dalla sua morte la comunit\u00e0 fodoma non abbia in qualche modo cercato di onorarlo e ricordarlo. La statura del personaggio e quanto realizzato nei vari ambiti in cui ha operato meriterebbero un\u2019attenzione maggiore. I modi per farlo sarebbero molti e anche di facile realizzazione.<\/strong> Da parte mia con queste poche righe spero di sensibilizzare, chi di dovere, perch\u00e9 possa essere ricordato questo personaggio che amato la sua terra e dato lustro a tutta la Nostra provincia.<\/p>\n<p>&nbsp;<\/p>\n<p>&nbsp;<\/p>\n<hr \/>\n<p>&nbsp;<\/p>\n<blockquote>\n<h3>ULSS1, ASSETTO INVERNALE POTENZIATO<\/h3>\n<\/blockquote>\n<p><strong>DI BARBARA PAOLAZZI<\/strong><\/p>\n<p><strong>PER LE TRE RADIO<\/strong><\/p>\n<audio class=\"wp-audio-shortcode\" id=\"audio-425589-11\" preload=\"none\" style=\"width: 100%;\" controls=\"controls\"><source type=\"audio\/mpeg\" src=\"https:\/\/www.radiopiu.net\/wordpress\/wp-content\/uploads\/2024\/12\/BARBARA.mp3?_=11\" \/><a href=\"https:\/\/www.radiopiu.net\/wordpress\/wp-content\/uploads\/2024\/12\/BARBARA.mp3\">https:\/\/www.radiopiu.net\/wordpress\/wp-content\/uploads\/2024\/12\/BARBARA.mp3<\/a><\/audio>\n<p>&nbsp;<\/p>\n\n\t\t\t<style type='text\/css'>\n\t\t\t\t#gallery-4 {\n\t\t\t\t\tmargin: auto;\n\t\t\t\t}\n\t\t\t\t#gallery-4 .gallery-item {\n\t\t\t\t\tfloat: left;\n\t\t\t\t\tmargin-top: 10px;\n\t\t\t\t\ttext-align: center;\n\t\t\t\t\twidth: 33%;\n\t\t\t\t}\n\t\t\t\t#gallery-4 img {\n\t\t\t\t\tborder: 2px solid #cfcfcf;\n\t\t\t\t}\n\t\t\t\t#gallery-4 .gallery-caption {\n\t\t\t\t\tmargin-left: 0;\n\t\t\t\t}\n\t\t\t\t\/* see gallery_shortcode() in wp-includes\/media.php *\/\n\t\t\t<\/style>\n\t\t<div id='gallery-4' class='dt-gallery-container gallery galleryid-425589 gallery-columns-3 gallery-size-thumbnail'><dl class='gallery-item'>\n\t\t\t\t<dt class='gallery-icon landscape'>\n\t\t\t\t\t<a class=\"rollover rollover-zoom dt-pswp-item\" title=\"8e628b42-27bb-4681-a0e1-ba1e24c81b33\" data-dt-img-description=\"\" data-large_image_width=\"2040\" data-large_image_height=\"1144\"href='https:\/\/www.radiopiu.net\/wordpress\/wp-content\/uploads\/2024\/12\/8e628b42-27bb-4681-a0e1-ba1e24c81b33.jpg'><img loading=\"lazy\" decoding=\"async\" width=\"150\" height=\"150\" src=\"https:\/\/www.radiopiu.net\/wordpress\/wp-content\/uploads\/2024\/12\/8e628b42-27bb-4681-a0e1-ba1e24c81b33-150x150.jpg\" class=\"attachment-thumbnail size-thumbnail\" alt=\"\" \/><\/a>\n\t\t\t\t<\/dt><\/dl><dl class='gallery-item'>\n\t\t\t\t<dt class='gallery-icon landscape'>\n\t\t\t\t\t<a class=\"rollover rollover-zoom dt-pswp-item\" title=\"b57b42e4-caa1-42a0-88eb-e279e80bae50\" data-dt-img-description=\"\" data-large_image_width=\"2040\" data-large_image_height=\"1144\"href='https:\/\/www.radiopiu.net\/wordpress\/wp-content\/uploads\/2024\/12\/b57b42e4-caa1-42a0-88eb-e279e80bae50.jpg'><img loading=\"lazy\" decoding=\"async\" width=\"150\" height=\"150\" src=\"https:\/\/www.radiopiu.net\/wordpress\/wp-content\/uploads\/2024\/12\/b57b42e4-caa1-42a0-88eb-e279e80bae50-150x150.jpg\" class=\"attachment-thumbnail size-thumbnail\" alt=\"\" \/><\/a>\n\t\t\t\t<\/dt><\/dl><dl class='gallery-item'>\n\t\t\t\t<dt class='gallery-icon landscape'>\n\t\t\t\t\t<a class=\"rollover rollover-zoom dt-pswp-item\" title=\"b318c694-c712-49ba-ae61-d8ab068fae59\" data-dt-img-description=\"\" data-large_image_width=\"2040\" data-large_image_height=\"1144\"href='https:\/\/www.radiopiu.net\/wordpress\/wp-content\/uploads\/2024\/12\/b318c694-c712-49ba-ae61-d8ab068fae59.jpg'><img loading=\"lazy\" decoding=\"async\" width=\"150\" height=\"150\" src=\"https:\/\/www.radiopiu.net\/wordpress\/wp-content\/uploads\/2024\/12\/b318c694-c712-49ba-ae61-d8ab068fae59-150x150.jpg\" class=\"attachment-thumbnail size-thumbnail\" alt=\"\" \/><\/a>\n\t\t\t\t<\/dt><\/dl><br style=\"clear: both\" \/>\n\t\t\t<\/div>\n\n<p>&nbsp;<\/p>\n<hr \/>\n<p>&nbsp;<\/p>\n<p><strong>OGGI LA GIUDIZIARIA<\/strong><br \/>\n<strong>SINTESI DAL CORRIERE DELLE ALPI<\/strong><br \/>\n<strong>GIGI SOSSO<\/strong><\/p>\n<blockquote>\n<h3><a href=\"https:\/\/www.radiopiu.net\/wordpress\/wp-content\/uploads\/2024\/12\/f39c65ef-cf4b-4503-b8ad-b517d0e940a5.webp\"><img loading=\"lazy\" decoding=\"async\" class=\"wp-image-425723 alignleft\" src=\"https:\/\/www.radiopiu.net\/wordpress\/wp-content\/uploads\/2024\/12\/f39c65ef-cf4b-4503-b8ad-b517d0e940a5-300x300.webp\" alt=\"\" width=\"164\" height=\"164\" srcset=\"https:\/\/www.radiopiu.net\/wordpress\/wp-content\/uploads\/2024\/12\/f39c65ef-cf4b-4503-b8ad-b517d0e940a5-300x300.webp 300w, https:\/\/www.radiopiu.net\/wordpress\/wp-content\/uploads\/2024\/12\/f39c65ef-cf4b-4503-b8ad-b517d0e940a5-150x150.webp 150w, https:\/\/www.radiopiu.net\/wordpress\/wp-content\/uploads\/2024\/12\/f39c65ef-cf4b-4503-b8ad-b517d0e940a5-768x768.webp 768w, https:\/\/www.radiopiu.net\/wordpress\/wp-content\/uploads\/2024\/12\/f39c65ef-cf4b-4503-b8ad-b517d0e940a5.webp 1024w\" sizes=\"auto, (max-width: 164px) 100vw, 164px\" \/><\/a>Accusato di Maltrattamenti, Irreperibile in Sudamerica<\/h3>\n<\/blockquote>\n<p><strong>BELLUNO<\/strong> Un brasiliano, ex residente a Belluno, \u00e8 accusato di maltrattamenti fisici e psicologici verso la moglie malata di leucemia. Tra le accuse, minacce con coltello, pugni e insulti. L\u2019uomo, difeso dall\u2019avvocato Monica Casagrande, \u00e8 tornato in Sudamerica, rendendo difficili le notifiche legali. La vittima potrebbe costituirsi parte civile con l&#8217;avvocato Cristiana Riccitiello. Nonostante l\u2019assenza di referti ospedalieri, la denuncia evidenzia una convivenza problematica. Le ricerche proseguono per procedere con il rinvio a giudizio.<\/p>\n<blockquote>\n<h3><\/h3>\n<h3>Perdono e Dolore a Pedavena per l\u2019Investimento Mortale<\/h3>\n<\/blockquote>\n<p><strong>PEDAVENA<\/strong> Durante i funerali della volontaria parrocchiale investita l&#8217;8 novembre, la comunit\u00e0 pedavenese ha espresso perdono verso il 41enne coinvolto. L\u2019uomo, prudente alla guida nonostante la pioggia e la scarsa visibilit\u00e0, non era riuscito a evitare l&#8217;impatto. Dopo aver chiamato i soccorsi, distrutto dal dolore, ha incontrato la famiglia della vittima per confortarsi reciprocamente. La difesa ha patteggiato 11 mesi di pena con sospensione condizionale, data l\u2019involontariet\u00e0 dell\u2019accaduto.<\/p>\n<\/div>\n<\/div>\n<\/div>\n<div class=\"flex-shrink-0 flex flex-col relative items-end\">\n<div>\n<div class=\"pt-0\">\n<div class=\"gizmo-bot-avatar flex h-8 w-8 items-center justify-center overflow-hidden rounded-full\">\n<div class=\"relative p-1 rounded-sm flex items-center justify-center bg-token-main-surface-primary text-token-text-primary h-8 w-8\"><\/div>\n<\/div>\n<\/div>\n<\/div>\n<\/div>\n<div class=\"group\/conversation-turn relative flex w-full min-w-0 flex-col agent-turn\">\n<div class=\"flex-col gap-1 md:gap-3\">\n<div class=\"flex max-w-full flex-col flex-grow\">\n<div class=\"min-h-8 text-message flex w-full flex-col items-end gap-2 whitespace-normal break-words text-start [.text-message+&amp;]:mt-5\" dir=\"auto\" data-message-author-role=\"assistant\" data-message-id=\"71ba6dc1-b92d-400a-98f0-5ff7c128960e\" data-message-model-slug=\"gpt-4o\">\n<div class=\"flex w-full flex-col gap-1 empty:hidden first:pt-[3px]\">\n<div class=\"markdown prose w-full break-words dark:prose-invert dark\">\n<blockquote>\n<h3>Maltrattamenti e Lesioni: Romeno a Processo per Violenza Domestica<\/h3>\n<\/blockquote>\n<p><strong>CADORE<\/strong> A Calalzo, un cittadino romeno \u00e8 accusato di gravi maltrattamenti e lesioni aggravate verso la compagna, con episodi documentati da certificati medici. Calci, pugni e minacce di morte erano quotidiani durante la convivenza. Dopo un\u2019aggressione nel 2023, la donna ha denunciato, innescando il procedimento penale. L\u2019uomo, gi\u00e0 sottoposto al divieto di avvicinamento, \u00e8 ora a processo.<\/p>\n<p>&nbsp;<\/p>\n<p>&nbsp;<\/p>\n<\/div>\n<\/div>\n<\/div>\n<\/div>\n<\/div>\n<\/div>\n<hr \/>\n<p>&nbsp;<\/p>\n<blockquote>\n<h2><strong>Presentazione dei lavori realizzati all\u2019interno dei PCTO-Liceo artistico Indirizzo figurativo.<\/strong><\/h2>\n<\/blockquote>\n<p><strong><a class=\"dt-pswp-item\" href=\"https:\/\/www.radiopiu.net\/wordpress\/wp-content\/uploads\/2024\/10\/Istituto-Catullo-chiostro_edited.jpg\" data-dt-img-description=\"\" data-large_image_width=\"1000\" data-large_image_height=\"750\"><img loading=\"lazy\" decoding=\"async\" class=\" wp-image-413573 alignleft\" src=\"https:\/\/www.radiopiu.net\/wordpress\/wp-content\/uploads\/2024\/10\/Istituto-Catullo-chiostro_edited-300x225.jpg\" alt=\"\" width=\"176\" height=\"132\" srcset=\"https:\/\/www.radiopiu.net\/wordpress\/wp-content\/uploads\/2024\/10\/Istituto-Catullo-chiostro_edited-300x225.jpg 300w, https:\/\/www.radiopiu.net\/wordpress\/wp-content\/uploads\/2024\/10\/Istituto-Catullo-chiostro_edited-768x576.jpg 768w, https:\/\/www.radiopiu.net\/wordpress\/wp-content\/uploads\/2024\/10\/Istituto-Catullo-chiostro_edited.jpg 1000w\" sizes=\"auto, (max-width: 176px) 100vw, 176px\" \/><\/a>BELLUNO<\/strong>\u00a0 Oggi all&#8217;Istituto Catullo, verranno presentati i lavori realizzati all\u2019interno dei Percorsi per le competenze trasversali e l\u2019orientamento.<\/p>\n<p>In particolare si dar\u00e0 spazio al progetto biennale: murales di via Sottocastello, realizzato in accordo con il Comune di Belluno. A tale iniziativa hanno partecipato le classi 5AF e 5BF, coordinate dai docenti Solagna, Tison, Visentini e Frison. L\u2019attivit\u00e0 \u00e8 stata documentata tramite video realizzati dagli studenti del corso Audiovisivo e Multimediale, seguiti dalla prof.ssa Menin. Verr\u00e0 presentato anche il progetto murales dell\u2019edificio dei Licei \u201cRenier\u201d. Ha partecipato la classe 4AF coordinata dai docenti Tison e Visentini. Presenzieranno all\u2019evento di domani l\u2019assessore Olivotto e il dottor Massimiliano Salvador, Direttore dell\u2019Ufficio Scolastico Territoriale di Belluno. Sono stati ultimati i lavori per l\u2019allestimento di due nuovi laboratori per le discipline plastiche e figurative del Liceo artistico.<\/p>\n<p>&nbsp;<\/p>\n<hr \/>\n<p>&nbsp;<\/p>\n<blockquote>\n<div class=\"page-title-head hgroup\">\n<h1 class=\"entry-title\">I NUOVI ORARI ALLA PISCINA DI AGORDO<\/h1>\n<\/div>\n<div class=\"page-title-breadcrumbs\">\n<p><strong><a class=\"dt-pswp-item\" href=\"https:\/\/www.radiopiu.net\/wordpress\/wp-content\/uploads\/2021\/04\/PISCINA-AGORDO.jpg\" data-dt-img-description=\"\" data-large_image_width=\"1600\" data-large_image_height=\"1200\"><img loading=\"lazy\" decoding=\"async\" class=\" wp-image-205123 alignleft\" src=\"https:\/\/www.radiopiu.net\/wordpress\/wp-content\/uploads\/2021\/04\/PISCINA-AGORDO-300x225.jpg\" alt=\"\" width=\"165\" height=\"124\" srcset=\"https:\/\/www.radiopiu.net\/wordpress\/wp-content\/uploads\/2021\/04\/PISCINA-AGORDO-300x225.jpg 300w, https:\/\/www.radiopiu.net\/wordpress\/wp-content\/uploads\/2021\/04\/PISCINA-AGORDO-1024x768.jpg 1024w, https:\/\/www.radiopiu.net\/wordpress\/wp-content\/uploads\/2021\/04\/PISCINA-AGORDO-768x576.jpg 768w, https:\/\/www.radiopiu.net\/wordpress\/wp-content\/uploads\/2021\/04\/PISCINA-AGORDO-1536x1152.jpg 1536w, https:\/\/www.radiopiu.net\/wordpress\/wp-content\/uploads\/2021\/04\/PISCINA-AGORDO.jpg 1600w\" sizes=\"auto, (max-width: 165px) 100vw, 165px\" \/><\/a>DI MIRKO MEZZACASA<\/strong><\/p>\n<p>OSPITI: Roberto, Cristiana e Giorgio<\/p>\n<audio class=\"wp-audio-shortcode\" id=\"audio-425589-12\" preload=\"none\" style=\"width: 100%;\" controls=\"controls\"><source type=\"audio\/mpeg\" src=\"https:\/\/www.radiopiu.net\/wordpress\/wp-content\/uploads\/2024\/12\/piscina-1.mp3?_=12\" \/><a href=\"https:\/\/www.radiopiu.net\/wordpress\/wp-content\/uploads\/2024\/12\/piscina-1.mp3\">https:\/\/www.radiopiu.net\/wordpress\/wp-content\/uploads\/2024\/12\/piscina-1.mp3<\/a><\/audio>\n<\/div>\n<\/blockquote>\n<p><iframe loading=\"lazy\" style=\"border: none; overflow: hidden;\" src=\"https:\/\/www.facebook.com\/plugins\/video.php?height=314&amp;href=https%3A%2F%2Fwww.facebook.com%2Fradiopiu%2Fvideos%2F883098407000112%2F&amp;show_text=false&amp;width=560&amp;t=0\" width=\"560\" height=\"314\" frameborder=\"0\" scrolling=\"no\" allowfullscreen=\"allowfullscreen\"><\/iframe><\/p>\n<hr \/>\n<p>&nbsp;<\/p>\n<blockquote>\n<h3>IL NATALE A CHIES D&#8217;ALPAGO<\/h3>\n<\/blockquote>\n<p><strong><a class=\"dt-pswp-item\" href=\"https:\/\/www.radiopiu.net\/wordpress\/wp-content\/uploads\/2024\/12\/Auguri-delle-scuole-di-Chies_10-dicembre-2024.jpg\" data-dt-img-description=\"\" data-large_image_width=\"1600\" data-large_image_height=\"720\"><img loading=\"lazy\" decoding=\"async\" class=\" wp-image-425610 alignleft\" src=\"https:\/\/www.radiopiu.net\/wordpress\/wp-content\/uploads\/2024\/12\/Auguri-delle-scuole-di-Chies_10-dicembre-2024-300x135.jpg\" alt=\"\" width=\"222\" height=\"100\" srcset=\"https:\/\/www.radiopiu.net\/wordpress\/wp-content\/uploads\/2024\/12\/Auguri-delle-scuole-di-Chies_10-dicembre-2024-300x135.jpg 300w, https:\/\/www.radiopiu.net\/wordpress\/wp-content\/uploads\/2024\/12\/Auguri-delle-scuole-di-Chies_10-dicembre-2024-1024x461.jpg 1024w, https:\/\/www.radiopiu.net\/wordpress\/wp-content\/uploads\/2024\/12\/Auguri-delle-scuole-di-Chies_10-dicembre-2024-768x346.jpg 768w, https:\/\/www.radiopiu.net\/wordpress\/wp-content\/uploads\/2024\/12\/Auguri-delle-scuole-di-Chies_10-dicembre-2024-1536x691.jpg 1536w, https:\/\/www.radiopiu.net\/wordpress\/wp-content\/uploads\/2024\/12\/Auguri-delle-scuole-di-Chies_10-dicembre-2024.jpg 1600w\" sizes=\"auto, (max-width: 222px) 100vw, 222px\" \/><\/a>ALPAGO<\/strong> Il Natale a Chies d\u2019Alpago \u00e8 un momento magico di comunit\u00e0 e condivisione. Il 10 dicembre, bambini di tutte le scuole locali hanno inaugurato le festivit\u00e0 con canti e decorazioni dell\u2019albero in piazza a Lamosano, grazie alla collaborazione di maestri, Pro Loco e bar del paese. Il calendario degli eventi \u00e8 ricco: il 21 dicembre ci saranno mercatini natalizi, food truck e l\u2019esibizione dei Krampus della Val di Fiemme. Il 24 si celebrer\u00e0 la Nativit\u00e0 con la consegna dei Bonus Beb\u00e8 e un brindisi comunitario dopo la Santa Messa. Tra gli altri appuntamenti: passeggiate sotto le stelle il 29 dicembre, la Befana il 5 gennaio, un concerto il 6 gennaio e la proiezione di un film il 10 gennaio. Per i bambini sono previsti laboratori e attivit\u00e0 speciali presso la Biblioteca<\/p>\n<p>&nbsp;<\/p>\n<p>&nbsp;<\/p>\n<p>&nbsp;<\/p>\n<hr \/>\n<p>&nbsp;<\/p>\n<blockquote>\n<h3>NATALE PER TUTTI CON ALVARO DAL FARRA<\/h3>\n<\/blockquote>\n<p><strong>ERBUSCO (BS)<\/strong> &#8220;Natale per Tutti&#8221; \u00e8 stata una giornata di inclusione e condivisione a Erbusco, organizzata dall\u2019associazione CROSSabili di Mattia Cattapan con il pilota Alvaro Dal Farra. Circa 310 partecipanti, tra bambini e ragazzi con disabilit\u00e0, hanno preso parte a spettacoli di Stunt Bike, attivit\u00e0 inclusive su moto e biciclette, e momenti magici con Babbo Natale. L\u2019evento, supportato dal Comune e vari sponsor locali, si \u00e8 concluso con un pranzo conviviale presso l\u2019Azienda Agricola Uberti. La manifestazione ha dimostrato come sport e solidariet\u00e0 possano abbattere barriere, regalando emozioni e promuovendo i valori di inclusione e comunit\u00e0.<\/p>\n\n\t\t\t<style type='text\/css'>\n\t\t\t\t#gallery-5 {\n\t\t\t\t\tmargin: auto;\n\t\t\t\t}\n\t\t\t\t#gallery-5 .gallery-item {\n\t\t\t\t\tfloat: left;\n\t\t\t\t\tmargin-top: 10px;\n\t\t\t\t\ttext-align: center;\n\t\t\t\t\twidth: 33%;\n\t\t\t\t}\n\t\t\t\t#gallery-5 img {\n\t\t\t\t\tborder: 2px solid #cfcfcf;\n\t\t\t\t}\n\t\t\t\t#gallery-5 .gallery-caption {\n\t\t\t\t\tmargin-left: 0;\n\t\t\t\t}\n\t\t\t\t\/* see gallery_shortcode() in wp-includes\/media.php *\/\n\t\t\t<\/style>\n\t\t<div id='gallery-5' class='dt-gallery-container gallery galleryid-425589 gallery-columns-3 gallery-size-thumbnail'><dl class='gallery-item'>\n\t\t\t\t<dt class='gallery-icon landscape'>\n\t\t\t\t\t<a class=\"rollover rollover-zoom dt-pswp-item\" title=\"image2\" data-dt-img-description=\"\" data-large_image_width=\"2000\" data-large_image_height=\"1500\"href='https:\/\/www.radiopiu.net\/wordpress\/wp-content\/uploads\/2024\/12\/image2.jpeg'><img loading=\"lazy\" decoding=\"async\" width=\"150\" height=\"150\" src=\"https:\/\/www.radiopiu.net\/wordpress\/wp-content\/uploads\/2024\/12\/image2-150x150.jpeg\" class=\"attachment-thumbnail size-thumbnail\" alt=\"\" \/><\/a>\n\t\t\t\t<\/dt><\/dl><dl class='gallery-item'>\n\t\t\t\t<dt class='gallery-icon portrait'>\n\t\t\t\t\t<a class=\"rollover rollover-zoom dt-pswp-item\" title=\"IMG_3112\" data-dt-img-description=\"\" data-large_image_width=\"1179\" data-large_image_height=\"2070\"href='https:\/\/www.radiopiu.net\/wordpress\/wp-content\/uploads\/2024\/12\/IMG_3112.jpg'><img loading=\"lazy\" decoding=\"async\" width=\"150\" height=\"150\" src=\"https:\/\/www.radiopiu.net\/wordpress\/wp-content\/uploads\/2024\/12\/IMG_3112-150x150.jpg\" class=\"attachment-thumbnail size-thumbnail\" alt=\"\" \/><\/a>\n\t\t\t\t<\/dt><\/dl><dl class='gallery-item'>\n\t\t\t\t<dt class='gallery-icon portrait'>\n\t\t\t\t\t<a class=\"rollover rollover-zoom dt-pswp-item\" title=\"IMG_3113\" data-dt-img-description=\"\" data-large_image_width=\"1179\" data-large_image_height=\"2181\"href='https:\/\/www.radiopiu.net\/wordpress\/wp-content\/uploads\/2024\/12\/IMG_3113.jpg'><img loading=\"lazy\" decoding=\"async\" width=\"150\" height=\"150\" src=\"https:\/\/www.radiopiu.net\/wordpress\/wp-content\/uploads\/2024\/12\/IMG_3113-150x150.jpg\" class=\"attachment-thumbnail size-thumbnail\" alt=\"\" \/><\/a>\n\t\t\t\t<\/dt><\/dl><br style=\"clear: both\" \/>\n\t\t\t<\/div>\n\n<p>&nbsp;<\/p>\n<hr \/>\n<p>&nbsp;<\/p>\n<blockquote>\n<h3>DOMANI L&#8217;INAUGURAZIONE DEL DISTRETTO SOCIO SANITARIO DI ALPAGO<\/h3>\n<\/blockquote>\n<p><strong><a class=\"dt-pswp-item\" href=\"https:\/\/www.radiopiu.net\/wordpress\/wp-content\/uploads\/2024\/12\/kla.png\" data-dt-img-description=\"\" data-large_image_width=\"1077\" data-large_image_height=\"404\"><img loading=\"lazy\" decoding=\"async\" class=\" wp-image-425141 alignleft\" src=\"https:\/\/www.radiopiu.net\/wordpress\/wp-content\/uploads\/2024\/12\/kla-300x113.png\" alt=\"\" width=\"207\" height=\"78\" srcset=\"https:\/\/www.radiopiu.net\/wordpress\/wp-content\/uploads\/2024\/12\/kla-300x113.png 300w, https:\/\/www.radiopiu.net\/wordpress\/wp-content\/uploads\/2024\/12\/kla-1024x384.png 1024w, https:\/\/www.radiopiu.net\/wordpress\/wp-content\/uploads\/2024\/12\/kla-768x288.png 768w, https:\/\/www.radiopiu.net\/wordpress\/wp-content\/uploads\/2024\/12\/kla.png 1077w\" sizes=\"auto, (max-width: 207px) 100vw, 207px\" \/><\/a>ALPAGO<\/strong> Domani alle 11 verr\u00e0 inaugurata la nuova sede del Distretto Socio-Sanitario dell&#8217;Alpago, situata in Piazza Papa Luciani a Puos d&#8217;Alpago. L&#8217;evento, realizzato in collaborazione con l&#8217;ULSS1 Dolomiti e la Regione del Veneto, vedr\u00e0 la partecipazione del Commissario Dal Ben e di altre autorit\u00e0 locali.<\/p>\n<p>&nbsp;<\/p>\n<p>&nbsp;<\/p>\n<p>&nbsp;<\/p>\n<hr \/>\n<p>&nbsp;<\/p>\n<blockquote>\n<h3>LUNEDI IL CONSIGLIO DELL&#8217;UNIONE MONTANA AGORDINA<\/h3>\n<\/blockquote>\n<p><strong>AGORDO<\/strong> E&#8217; stato convocato per luned\u00ec alle 20 il consiglio dell&#8217;Unione Montana Agordina. Il presidente Paolo Frena tratter\u00e0 6 punti all&#8217;ordine del giorno tra cui l&#8217;aggiornamento al documento unico di programmazione, l&#8217;approvazione del bilancio previsionale 2025\/27, la ricognizione dei servizi pubblici locali a rilevanza economica e la revisione ordinaria delle partecipazioni.<\/p>\n<p>&nbsp;<\/p>\n<p>&nbsp;<\/p>\n<hr \/>\n<p>&nbsp;<\/p>\n<h2><span style=\"color: #ff0000;\">CONSIGLI COMUNALI IN AGORDINO<\/span><\/h2>\n<p><strong>CANALE D&#8217;AGORDO<\/strong> Consiglio comunale convocato per lunedi alle 20. Otto i punti in discussione tra cui due variazioni a bilancio, due varianti ai piani degli interventi, la revisione ordinaria delle partecipazioni il nuovo schema di contratto con ASCA e i regolamenti riguardanti polizia locale e l&#8217;uso delle sale e spazi comunali.<\/p>\n<p><strong>RIVAMONTE<\/strong> Consiglio comunale convocato per venerdi 27 dicembre alle 18.30. All&#8217;ordine del giorno determinazione aliquote imposta municipale Imu per l&#8217;anno 2025, addizionale irpef conferma aliquote 2025, approvazione programma triennale opere pubbliche, Dup, sostegno dell&#8217;offerta dei servizi educativi prima infanzia, 3-36 mesi e approvazione schema di convenzione per il potenziamento del numero dei posti nel servizio asilo nido di Agordo.<\/p>\n<p>&nbsp;<\/p>\n<hr \/>\n<p>&nbsp;<\/p>\n<blockquote>\n<h3>NON FARE LO STRUZZO&#8230;L&#8217;INCONTRO AD AGORDO<\/h3>\n<\/blockquote>\n<p><strong>DI MARINA DONA&#8217;<\/strong><\/p>\n<p><strong>AGORDO <\/strong>&#8220;Non fare lo struzzo&#8221; \u00e8 stato il titolo di una serata organizzata nella sala biblioteca di Agordo, con protagonista il dottor Giuliano Federa, medico urologo dell&#8217;ULSS 1 Dolomiti. Tema centrale dell\u2019incontro: i testicoli e le loro problematiche di salute. La sala, gremita di pubblico, ha visto il dottor Federa impegnato in una presentazione formativa e informativa, arricchita non solo da slide, ma anche da brevi filmati. La professionalit\u00e0 del relatore si \u00e8 combinata con momenti di piacevole ironia, molto apprezzati dai presenti. In particolare, un breve spezzone del cartone animato <em>La carica dei 101<\/em> ha metaforicamente illustrato una dinamica relativa alla cura di un testicolo, suscitando sorrisi tra il pubblico. A chiudere la serata, l\u2019intervento di Roberto Agnolet, membro dell\u2019amministrazione comunale di Agordo, che ha condiviso la sua esperienza personale.<\/p>\n\n\t\t\t<style type='text\/css'>\n\t\t\t\t#gallery-6 {\n\t\t\t\t\tmargin: auto;\n\t\t\t\t}\n\t\t\t\t#gallery-6 .gallery-item {\n\t\t\t\t\tfloat: left;\n\t\t\t\t\tmargin-top: 10px;\n\t\t\t\t\ttext-align: center;\n\t\t\t\t\twidth: 25%;\n\t\t\t\t}\n\t\t\t\t#gallery-6 img {\n\t\t\t\t\tborder: 2px solid #cfcfcf;\n\t\t\t\t}\n\t\t\t\t#gallery-6 .gallery-caption {\n\t\t\t\t\tmargin-left: 0;\n\t\t\t\t}\n\t\t\t\t\/* see gallery_shortcode() in wp-includes\/media.php *\/\n\t\t\t<\/style>\n\t\t<div id='gallery-6' class='dt-gallery-container gallery galleryid-425589 gallery-columns-4 gallery-size-thumbnail'><dl class='gallery-item'>\n\t\t\t\t<dt class='gallery-icon landscape'>\n\t\t\t\t\t<a class=\"rollover rollover-zoom dt-pswp-item\" title=\"24ee0a9e-c4ec-44fc-adc5-58c348dd4dfa\" data-dt-img-description=\"\" data-large_image_width=\"1600\" data-large_image_height=\"1200\"href='https:\/\/www.radiopiu.net\/wordpress\/wp-content\/uploads\/2024\/12\/24ee0a9e-c4ec-44fc-adc5-58c348dd4dfa.jpg'><img loading=\"lazy\" decoding=\"async\" width=\"150\" height=\"150\" src=\"https:\/\/www.radiopiu.net\/wordpress\/wp-content\/uploads\/2024\/12\/24ee0a9e-c4ec-44fc-adc5-58c348dd4dfa-150x150.jpg\" class=\"attachment-thumbnail size-thumbnail\" alt=\"\" \/><\/a>\n\t\t\t\t<\/dt><\/dl><dl class='gallery-item'>\n\t\t\t\t<dt class='gallery-icon landscape'>\n\t\t\t\t\t<a class=\"rollover rollover-zoom dt-pswp-item\" title=\"72c78001-6c38-4baf-9e2b-1561bafccfda\" data-dt-img-description=\"\" data-large_image_width=\"1600\" data-large_image_height=\"1200\"href='https:\/\/www.radiopiu.net\/wordpress\/wp-content\/uploads\/2024\/12\/72c78001-6c38-4baf-9e2b-1561bafccfda.jpg'><img loading=\"lazy\" decoding=\"async\" width=\"150\" height=\"150\" src=\"https:\/\/www.radiopiu.net\/wordpress\/wp-content\/uploads\/2024\/12\/72c78001-6c38-4baf-9e2b-1561bafccfda-150x150.jpg\" class=\"attachment-thumbnail size-thumbnail\" alt=\"\" \/><\/a>\n\t\t\t\t<\/dt><\/dl><dl class='gallery-item'>\n\t\t\t\t<dt class='gallery-icon landscape'>\n\t\t\t\t\t<a class=\"rollover rollover-zoom dt-pswp-item\" title=\"fb378978-253d-4401-a283-b03c890de04c\" data-dt-img-description=\"\" data-large_image_width=\"1600\" data-large_image_height=\"1200\"href='https:\/\/www.radiopiu.net\/wordpress\/wp-content\/uploads\/2024\/12\/fb378978-253d-4401-a283-b03c890de04c.jpg'><img loading=\"lazy\" decoding=\"async\" width=\"150\" height=\"150\" src=\"https:\/\/www.radiopiu.net\/wordpress\/wp-content\/uploads\/2024\/12\/fb378978-253d-4401-a283-b03c890de04c-150x150.jpg\" class=\"attachment-thumbnail size-thumbnail\" alt=\"\" \/><\/a>\n\t\t\t\t<\/dt><\/dl><dl class='gallery-item'>\n\t\t\t\t<dt class='gallery-icon landscape'>\n\t\t\t\t\t<a class=\"rollover rollover-zoom dt-pswp-item\" title=\"3de66b3f-ed45-4bd9-a999-68bd7bd02b3d\" data-dt-img-description=\"\" data-large_image_width=\"1600\" data-large_image_height=\"1200\"href='https:\/\/www.radiopiu.net\/wordpress\/wp-content\/uploads\/2024\/12\/3de66b3f-ed45-4bd9-a999-68bd7bd02b3d.jpg'><img loading=\"lazy\" decoding=\"async\" width=\"150\" height=\"150\" src=\"https:\/\/www.radiopiu.net\/wordpress\/wp-content\/uploads\/2024\/12\/3de66b3f-ed45-4bd9-a999-68bd7bd02b3d-150x150.jpg\" class=\"attachment-thumbnail size-thumbnail\" alt=\"\" \/><\/a>\n\t\t\t\t<\/dt><\/dl><br style=\"clear: both\" \/><dl class='gallery-item'>\n\t\t\t\t<dt class='gallery-icon landscape'>\n\t\t\t\t\t<a class=\"rollover rollover-zoom dt-pswp-item\" title=\"45af0a61-231f-43c1-99a8-169457b4a19e\" data-dt-img-description=\"\" data-large_image_width=\"1599\" data-large_image_height=\"1186\"href='https:\/\/www.radiopiu.net\/wordpress\/wp-content\/uploads\/2024\/12\/45af0a61-231f-43c1-99a8-169457b4a19e.jpg'><img loading=\"lazy\" decoding=\"async\" width=\"150\" height=\"150\" src=\"https:\/\/www.radiopiu.net\/wordpress\/wp-content\/uploads\/2024\/12\/45af0a61-231f-43c1-99a8-169457b4a19e-150x150.jpg\" class=\"attachment-thumbnail size-thumbnail\" alt=\"\" \/><\/a>\n\t\t\t\t<\/dt><\/dl><dl class='gallery-item'>\n\t\t\t\t<dt class='gallery-icon landscape'>\n\t\t\t\t\t<a class=\"rollover rollover-zoom dt-pswp-item\" title=\"c007f806-6a24-466d-8f4a-bfe7503b4679\" data-dt-img-description=\"\" data-large_image_width=\"2048\" data-large_image_height=\"1536\"href='https:\/\/www.radiopiu.net\/wordpress\/wp-content\/uploads\/2024\/12\/c007f806-6a24-466d-8f4a-bfe7503b4679.jpg'><img loading=\"lazy\" decoding=\"async\" width=\"150\" height=\"150\" src=\"https:\/\/www.radiopiu.net\/wordpress\/wp-content\/uploads\/2024\/12\/c007f806-6a24-466d-8f4a-bfe7503b4679-150x150.jpg\" class=\"attachment-thumbnail size-thumbnail\" alt=\"\" \/><\/a>\n\t\t\t\t<\/dt><\/dl><dl class='gallery-item'>\n\t\t\t\t<dt class='gallery-icon landscape'>\n\t\t\t\t\t<a class=\"rollover rollover-zoom dt-pswp-item\" title=\"0e87c282-42f0-46a6-96d7-aa921a99dc8a\" data-dt-img-description=\"\" data-large_image_width=\"1600\" data-large_image_height=\"1200\"href='https:\/\/www.radiopiu.net\/wordpress\/wp-content\/uploads\/2024\/12\/0e87c282-42f0-46a6-96d7-aa921a99dc8a.jpg'><img loading=\"lazy\" decoding=\"async\" width=\"150\" height=\"150\" src=\"https:\/\/www.radiopiu.net\/wordpress\/wp-content\/uploads\/2024\/12\/0e87c282-42f0-46a6-96d7-aa921a99dc8a-150x150.jpg\" class=\"attachment-thumbnail size-thumbnail\" alt=\"\" \/><\/a>\n\t\t\t\t<\/dt><\/dl><dl class='gallery-item'>\n\t\t\t\t<dt class='gallery-icon landscape'>\n\t\t\t\t\t<a class=\"rollover rollover-zoom dt-pswp-item\" title=\"7c61652b-c2a8-4be0-ac47-6680314320d1\" data-dt-img-description=\"\" data-large_image_width=\"1600\" data-large_image_height=\"1200\"href='https:\/\/www.radiopiu.net\/wordpress\/wp-content\/uploads\/2024\/12\/7c61652b-c2a8-4be0-ac47-6680314320d1.jpg'><img loading=\"lazy\" decoding=\"async\" width=\"150\" height=\"150\" src=\"https:\/\/www.radiopiu.net\/wordpress\/wp-content\/uploads\/2024\/12\/7c61652b-c2a8-4be0-ac47-6680314320d1-150x150.jpg\" class=\"attachment-thumbnail size-thumbnail\" alt=\"\" \/><\/a>\n\t\t\t\t<\/dt><\/dl><br style=\"clear: both\" \/>\n\t\t\t<\/div>\n\n<p>&nbsp;<\/p>\n<div style=\"width: 848px;\" class=\"wp-video\"><video class=\"wp-video-shortcode\" id=\"video-425589-3\" width=\"848\" height=\"480\" preload=\"metadata\" controls=\"controls\"><source type=\"video\/mp4\" src=\"https:\/\/www.radiopiu.net\/wordpress\/wp-content\/uploads\/2024\/12\/WhatsApp-Video-2024-12-19-at-22.51.05.mp4?_=3\" \/><a href=\"https:\/\/www.radiopiu.net\/wordpress\/wp-content\/uploads\/2024\/12\/WhatsApp-Video-2024-12-19-at-22.51.05.mp4\">https:\/\/www.radiopiu.net\/wordpress\/wp-content\/uploads\/2024\/12\/WhatsApp-Video-2024-12-19-at-22.51.05.mp4<\/a><\/video><\/div>\n<p>&nbsp;<\/p>\n<hr \/>\n<p>&nbsp;<\/p>\n<blockquote>\n<h2>Babbo Natale arriva in gommone a Borgo Piave<\/h2>\n<\/blockquote>\n<p><strong>BELLUNO<\/strong><\/p>\n<p>A Belluno, Babbo Natale ha sorpreso oltre 130 bambini delle scuole di Quartier Cadore, arrivando in gommone sul Piave, scortato da elfi in canoa. Un evento unico che ha unito tradizione e storia locale.<\/p>\n<audio class=\"wp-audio-shortcode\" id=\"audio-425589-13\" preload=\"none\" style=\"width: 100%;\" controls=\"controls\"><source type=\"audio\/mpeg\" src=\"https:\/\/www.radiopiu.net\/wordpress\/wp-content\/uploads\/2024\/12\/Servizio-Babbo-Natale-Piave.mp3?_=13\" \/><a href=\"https:\/\/www.radiopiu.net\/wordpress\/wp-content\/uploads\/2024\/12\/Servizio-Babbo-Natale-Piave.mp3\">https:\/\/www.radiopiu.net\/wordpress\/wp-content\/uploads\/2024\/12\/Servizio-Babbo-Natale-Piave.mp3<\/a><\/audio>\n<p>&nbsp;<\/p>\n\n\t\t\t<style type='text\/css'>\n\t\t\t\t#gallery-7 {\n\t\t\t\t\tmargin: auto;\n\t\t\t\t}\n\t\t\t\t#gallery-7 .gallery-item {\n\t\t\t\t\tfloat: left;\n\t\t\t\t\tmargin-top: 10px;\n\t\t\t\t\ttext-align: center;\n\t\t\t\t\twidth: 50%;\n\t\t\t\t}\n\t\t\t\t#gallery-7 img {\n\t\t\t\t\tborder: 2px solid #cfcfcf;\n\t\t\t\t}\n\t\t\t\t#gallery-7 .gallery-caption {\n\t\t\t\t\tmargin-left: 0;\n\t\t\t\t}\n\t\t\t\t\/* see gallery_shortcode() in wp-includes\/media.php *\/\n\t\t\t<\/style>\n\t\t<div id='gallery-7' class='dt-gallery-container gallery galleryid-425589 gallery-columns-2 gallery-size-medium'><dl class='gallery-item'>\n\t\t\t\t<dt class='gallery-icon landscape'>\n\t\t\t\t\t<a class=\"rollover rollover-zoom dt-pswp-item\" title=\"d12ae2c8-80f9-44c4-83da-b7f4f522a899\" data-dt-img-description=\"\" data-large_image_width=\"2560\" data-large_image_height=\"1920\"href='https:\/\/www.radiopiu.net\/wordpress\/wp-content\/uploads\/2024\/12\/d12ae2c8-80f9-44c4-83da-b7f4f522a899-scaled.jpg'><img loading=\"lazy\" decoding=\"async\" width=\"300\" height=\"225\" src=\"https:\/\/www.radiopiu.net\/wordpress\/wp-content\/uploads\/2024\/12\/d12ae2c8-80f9-44c4-83da-b7f4f522a899-300x225.jpg\" class=\"attachment-medium size-medium\" alt=\"\" srcset=\"https:\/\/www.radiopiu.net\/wordpress\/wp-content\/uploads\/2024\/12\/d12ae2c8-80f9-44c4-83da-b7f4f522a899-300x225.jpg 300w, https:\/\/www.radiopiu.net\/wordpress\/wp-content\/uploads\/2024\/12\/d12ae2c8-80f9-44c4-83da-b7f4f522a899-1024x768.jpg 1024w, https:\/\/www.radiopiu.net\/wordpress\/wp-content\/uploads\/2024\/12\/d12ae2c8-80f9-44c4-83da-b7f4f522a899-768x576.jpg 768w, https:\/\/www.radiopiu.net\/wordpress\/wp-content\/uploads\/2024\/12\/d12ae2c8-80f9-44c4-83da-b7f4f522a899-1536x1152.jpg 1536w, https:\/\/www.radiopiu.net\/wordpress\/wp-content\/uploads\/2024\/12\/d12ae2c8-80f9-44c4-83da-b7f4f522a899-2048x1536.jpg 2048w\" sizes=\"auto, (max-width: 300px) 100vw, 300px\" \/><\/a>\n\t\t\t\t<\/dt><\/dl><dl class='gallery-item'>\n\t\t\t\t<dt class='gallery-icon landscape'>\n\t\t\t\t\t<a class=\"rollover rollover-zoom dt-pswp-item\" title=\"0b1861de-2cbe-4c44-9102-8104e62353a2\" data-dt-img-description=\"\" data-large_image_width=\"2560\" data-large_image_height=\"1920\"href='https:\/\/www.radiopiu.net\/wordpress\/wp-content\/uploads\/2024\/12\/0b1861de-2cbe-4c44-9102-8104e62353a2-scaled.jpg'><img loading=\"lazy\" decoding=\"async\" width=\"300\" height=\"225\" src=\"https:\/\/www.radiopiu.net\/wordpress\/wp-content\/uploads\/2024\/12\/0b1861de-2cbe-4c44-9102-8104e62353a2-300x225.jpg\" class=\"attachment-medium size-medium\" alt=\"\" srcset=\"https:\/\/www.radiopiu.net\/wordpress\/wp-content\/uploads\/2024\/12\/0b1861de-2cbe-4c44-9102-8104e62353a2-300x225.jpg 300w, https:\/\/www.radiopiu.net\/wordpress\/wp-content\/uploads\/2024\/12\/0b1861de-2cbe-4c44-9102-8104e62353a2-1024x768.jpg 1024w, https:\/\/www.radiopiu.net\/wordpress\/wp-content\/uploads\/2024\/12\/0b1861de-2cbe-4c44-9102-8104e62353a2-768x576.jpg 768w, https:\/\/www.radiopiu.net\/wordpress\/wp-content\/uploads\/2024\/12\/0b1861de-2cbe-4c44-9102-8104e62353a2-1536x1152.jpg 1536w, https:\/\/www.radiopiu.net\/wordpress\/wp-content\/uploads\/2024\/12\/0b1861de-2cbe-4c44-9102-8104e62353a2-2048x1536.jpg 2048w\" sizes=\"auto, (max-width: 300px) 100vw, 300px\" \/><\/a>\n\t\t\t\t<\/dt><\/dl><br style=\"clear: both\" \/>\n\t\t\t<\/div>\n\n<p>&nbsp;<\/p>\n<p>&nbsp;<\/p>\n<p>&nbsp;<\/p>\n<hr \/>\n<p>&nbsp;<\/p>\n<blockquote>\n<h3 class=\"entry-title\">MERCATINO DI NATALE SOLIDALE A RIVAMONTE<\/h3>\n<\/blockquote>\n<p class=\"photoswipe-wrapper\"><a class=\"dt-pswp-item pspw-wrap-ready\" href=\"https:\/\/www.radiopiu.net\/wordpress\/wp-content\/uploads\/2020\/12\/don-fabiano-profilo.jpg\" data-dt-img-description=\"\" data-large_image_width=\"900\" data-large_image_height=\"1200\"><img loading=\"lazy\" decoding=\"async\" class=\" wp-image-178972 alignleft\" src=\"https:\/\/www.radiopiu.net\/wordpress\/wp-content\/uploads\/2020\/12\/don-fabiano-profilo-225x300.jpg\" sizes=\"auto, (max-width: 117px) 100vw, 117px\" srcset=\"https:\/\/www.radiopiu.net\/wordpress\/wp-content\/uploads\/2020\/12\/don-fabiano-profilo-225x300.jpg 225w, https:\/\/www.radiopiu.net\/wordpress\/wp-content\/uploads\/2020\/12\/don-fabiano-profilo-768x1024.jpg 768w, https:\/\/www.radiopiu.net\/wordpress\/wp-content\/uploads\/2020\/12\/don-fabiano-profilo.jpg 900w\" alt=\"\" width=\"117\" height=\"156\" \/><\/a>Le comunit\u00e0 parrocchiali del P\u00f3i mai mancano di manifestare la loro attenzione verso le diverse realt\u00e0 anche di fatica e sofferenza. In queste settimane, presso la Casa della Giovent\u00f9 a Rivamonte, \u00e8 stato allestito un mercatino di oggetti artigianali in legno di ulivo provenienti da Betlemme. Il ricavato andr\u00e0 ad alcune famiglie cristiane del territorio. Essendovi ancora un p\u00f2 di disponibilit\u00e0, al termine delle Messe domenicali si potranno ancora acquistare, specie domenica 22 verso le ore 12 a Rivamonte. Un\u2019apertura straordinaria dalle 10 alle 12 \u00e8 prevista luned\u00ec 23 sempre presso la Casa della Giovent\u00f9 sempre a Rivamonte, se qualcuno avesse ancora bisogno di qualche semplice presente in legno, andando cos\u00ec a sostenere una buona causa.<\/p>\n<p>Don Fabiano<\/p>\n<p>&nbsp;<\/p>\n<p>&nbsp;<\/p>\n<p>&nbsp;<\/p>\n<hr \/>\n<p>&nbsp;<\/p>\n<p><strong>SOSPIROLO<\/strong><\/p>\n<p><strong>DI ROBERTO BONA<\/strong><\/p>\n<audio class=\"wp-audio-shortcode\" id=\"audio-425589-14\" preload=\"none\" style=\"width: 100%;\" controls=\"controls\"><source type=\"audio\/wav\" src=\"https:\/\/www.radiopiu.net\/wordpress\/wp-content\/uploads\/2024\/12\/TeatroSospirolo.wav?_=14\" \/><a href=\"https:\/\/www.radiopiu.net\/wordpress\/wp-content\/uploads\/2024\/12\/TeatroSospirolo.wav\">https:\/\/www.radiopiu.net\/wordpress\/wp-content\/uploads\/2024\/12\/TeatroSospirolo.wav<\/a><\/audio>\n<p>&nbsp;<\/p>\n<p><a class=\"dt-pswp-item\" href=\"https:\/\/www.radiopiu.net\/wordpress\/wp-content\/uploads\/2024\/12\/7c4cd1b1-0556-440c-b789-3813bb97f727.jpg\" data-dt-img-description=\"\" data-large_image_width=\"1080\" data-large_image_height=\"1600\"><img loading=\"lazy\" decoding=\"async\" class=\"size-medium wp-image-425529 aligncenter\" src=\"https:\/\/www.radiopiu.net\/wordpress\/wp-content\/uploads\/2024\/12\/7c4cd1b1-0556-440c-b789-3813bb97f727-203x300.jpg\" alt=\"\" width=\"203\" height=\"300\" srcset=\"https:\/\/www.radiopiu.net\/wordpress\/wp-content\/uploads\/2024\/12\/7c4cd1b1-0556-440c-b789-3813bb97f727-203x300.jpg 203w, https:\/\/www.radiopiu.net\/wordpress\/wp-content\/uploads\/2024\/12\/7c4cd1b1-0556-440c-b789-3813bb97f727-691x1024.jpg 691w, https:\/\/www.radiopiu.net\/wordpress\/wp-content\/uploads\/2024\/12\/7c4cd1b1-0556-440c-b789-3813bb97f727-768x1138.jpg 768w, https:\/\/www.radiopiu.net\/wordpress\/wp-content\/uploads\/2024\/12\/7c4cd1b1-0556-440c-b789-3813bb97f727-1037x1536.jpg 1037w, https:\/\/www.radiopiu.net\/wordpress\/wp-content\/uploads\/2024\/12\/7c4cd1b1-0556-440c-b789-3813bb97f727.jpg 1080w\" sizes=\"auto, (max-width: 203px) 100vw, 203px\" \/><\/a><\/p>\n<p>&nbsp;<\/p>\n<hr \/>\n<p>&nbsp;<\/p>\n<blockquote>\n<h3>VIGILIA\u00a0 AL PRESEPIO DI TOCCOL IL RINFRESCO E GLI AUGURI DI BUONE FESTE<\/h3>\n<\/blockquote>\n<p><strong>AGORDO <\/strong>Come ogni anno i boce da Toccol hanno allestito il presepio al lavatoio della frazione. Un allestimento sempre spettacolare che si pu\u00f2 osservare fin da subito. Intanto MARTEDI VIGILIA DI NATALE ALLE\u00a0 15:30 \u00e8 stato organizzato un rinfresco per scambiarsi gli auguri di buone feste.<\/p>\n\n\t\t\t<style type='text\/css'>\n\t\t\t\t#gallery-8 {\n\t\t\t\t\tmargin: auto;\n\t\t\t\t}\n\t\t\t\t#gallery-8 .gallery-item {\n\t\t\t\t\tfloat: left;\n\t\t\t\t\tmargin-top: 10px;\n\t\t\t\t\ttext-align: center;\n\t\t\t\t\twidth: 50%;\n\t\t\t\t}\n\t\t\t\t#gallery-8 img {\n\t\t\t\t\tborder: 2px solid #cfcfcf;\n\t\t\t\t}\n\t\t\t\t#gallery-8 .gallery-caption {\n\t\t\t\t\tmargin-left: 0;\n\t\t\t\t}\n\t\t\t\t\/* see gallery_shortcode() in wp-includes\/media.php *\/\n\t\t\t<\/style>\n\t\t<div id='gallery-8' class='dt-gallery-container gallery galleryid-425589 gallery-columns-2 gallery-size-medium'><dl class='gallery-item'>\n\t\t\t\t<dt class='gallery-icon landscape'>\n\t\t\t\t\t<a class=\"rollover rollover-zoom dt-pswp-item\" title=\"ad3cd524-755e-4943-b202-584adcda1cba\" data-dt-img-description=\"\" data-large_image_width=\"1600\" data-large_image_height=\"739\"href='https:\/\/www.radiopiu.net\/wordpress\/wp-content\/uploads\/2024\/12\/ad3cd524-755e-4943-b202-584adcda1cba.jpg'><img loading=\"lazy\" decoding=\"async\" width=\"300\" height=\"139\" src=\"https:\/\/www.radiopiu.net\/wordpress\/wp-content\/uploads\/2024\/12\/ad3cd524-755e-4943-b202-584adcda1cba-300x139.jpg\" class=\"attachment-medium size-medium\" alt=\"\" srcset=\"https:\/\/www.radiopiu.net\/wordpress\/wp-content\/uploads\/2024\/12\/ad3cd524-755e-4943-b202-584adcda1cba-300x139.jpg 300w, https:\/\/www.radiopiu.net\/wordpress\/wp-content\/uploads\/2024\/12\/ad3cd524-755e-4943-b202-584adcda1cba-1024x473.jpg 1024w, https:\/\/www.radiopiu.net\/wordpress\/wp-content\/uploads\/2024\/12\/ad3cd524-755e-4943-b202-584adcda1cba-768x355.jpg 768w, https:\/\/www.radiopiu.net\/wordpress\/wp-content\/uploads\/2024\/12\/ad3cd524-755e-4943-b202-584adcda1cba-1536x709.jpg 1536w, https:\/\/www.radiopiu.net\/wordpress\/wp-content\/uploads\/2024\/12\/ad3cd524-755e-4943-b202-584adcda1cba.jpg 1600w\" sizes=\"auto, (max-width: 300px) 100vw, 300px\" \/><\/a>\n\t\t\t\t<\/dt><\/dl><dl class='gallery-item'>\n\t\t\t\t<dt class='gallery-icon landscape'>\n\t\t\t\t\t<a class=\"rollover rollover-zoom dt-pswp-item\" title=\"974d2639-972e-4ccd-ac81-ff77fb756e20\" data-dt-img-description=\"\" data-large_image_width=\"1600\" data-large_image_height=\"739\"href='https:\/\/www.radiopiu.net\/wordpress\/wp-content\/uploads\/2024\/12\/974d2639-972e-4ccd-ac81-ff77fb756e20.jpg'><img loading=\"lazy\" decoding=\"async\" width=\"300\" height=\"139\" src=\"https:\/\/www.radiopiu.net\/wordpress\/wp-content\/uploads\/2024\/12\/974d2639-972e-4ccd-ac81-ff77fb756e20-300x139.jpg\" class=\"attachment-medium size-medium\" alt=\"\" srcset=\"https:\/\/www.radiopiu.net\/wordpress\/wp-content\/uploads\/2024\/12\/974d2639-972e-4ccd-ac81-ff77fb756e20-300x139.jpg 300w, https:\/\/www.radiopiu.net\/wordpress\/wp-content\/uploads\/2024\/12\/974d2639-972e-4ccd-ac81-ff77fb756e20-1024x473.jpg 1024w, https:\/\/www.radiopiu.net\/wordpress\/wp-content\/uploads\/2024\/12\/974d2639-972e-4ccd-ac81-ff77fb756e20-768x355.jpg 768w, https:\/\/www.radiopiu.net\/wordpress\/wp-content\/uploads\/2024\/12\/974d2639-972e-4ccd-ac81-ff77fb756e20-1536x709.jpg 1536w, https:\/\/www.radiopiu.net\/wordpress\/wp-content\/uploads\/2024\/12\/974d2639-972e-4ccd-ac81-ff77fb756e20.jpg 1600w\" sizes=\"auto, (max-width: 300px) 100vw, 300px\" \/><\/a>\n\t\t\t\t<\/dt><\/dl><br style=\"clear: both\" \/>\n\t\t\t<\/div>\n\n<p>&nbsp;<\/p>\n<hr \/>\n<p>&nbsp;<\/p>\n<blockquote>\n<h3>IL CONCERTO DI NATALE NEI SUPERMERCATI DEL GRUPPO WALBER<\/h3>\n<\/blockquote>\n<p><strong><a class=\"dt-pswp-item\" href=\"https:\/\/www.radiopiu.net\/wordpress\/wp-content\/uploads\/2023\/09\/WALBER.png\" data-dt-img-description=\"\" data-large_image_width=\"572\" data-large_image_height=\"235\"><img loading=\"lazy\" decoding=\"async\" class=\"size-medium wp-image-354623 alignleft\" src=\"https:\/\/www.radiopiu.net\/wordpress\/wp-content\/uploads\/2023\/09\/WALBER-300x123.png\" alt=\"\" width=\"300\" height=\"123\" srcset=\"https:\/\/www.radiopiu.net\/wordpress\/wp-content\/uploads\/2023\/09\/WALBER-300x123.png 300w, https:\/\/www.radiopiu.net\/wordpress\/wp-content\/uploads\/2023\/09\/WALBER.png 572w\" sizes=\"auto, (max-width: 300px) 100vw, 300px\" \/><\/a>BELLUNO<\/strong> Si riconferma anche quest\u2019anno il tradizionale concerto di Natale organizzato dai Supermercati SuperW, JuniorW e WStore per i propri clienti. Quest\u2019anno siamo felicissimi di ospitare il CTG Coro Polifonico di Belluno che si esibir\u00e0 in una performance di sicuro coinvolgimento emotivo cantando alcuni tra i pi\u00f9 famosi pezzi natalizi della tradizione. I concerti si terranno all\u2019interno dei SuperW di Lozzo di Cadore, Agordo, Belluno, Sedico e Lentiai nella giornata di luned\u00ec 23 dicembre. I concerti allietaranno i clienti presenti in negozio, saranno liberi, gratuiti e dureranno circa mezz\u2019ora. Vi consigliamo di arrivare all\u2019ora indicata per non perdere nemmeno un minuto di esibizione. Vi aspettiamo numerosi! Questo il programma: LUNEDI\u2019 23 DICEMBRE SuperW di Lozzo di Cadore ore 10.30 &#8211; SuperW di Belluno ore 12.15 &#8211; SuperW di Agordo ore 15 &#8211; SuperW di Sedico ore 16.30 &#8211; SuperW di Lentiai ore 18<\/p>\n<p>&nbsp;<\/p>\n<p>&nbsp;<\/p>\n<hr \/>\n<p>&nbsp;<\/p>\n<blockquote>\n<h3><a class=\"dt-pswp-item\" href=\"https:\/\/www.radiopiu.net\/wordpress\/wp-content\/uploads\/2024\/12\/SCR-20241219-uoqy.jpeg\" data-dt-img-description=\"\" data-large_image_width=\"672\" data-large_image_height=\"546\"><img loading=\"lazy\" decoding=\"async\" class=\" wp-image-425703 alignleft\" src=\"https:\/\/www.radiopiu.net\/wordpress\/wp-content\/uploads\/2024\/12\/SCR-20241219-uoqy-300x244.jpeg\" alt=\"\" width=\"178\" height=\"145\" srcset=\"https:\/\/www.radiopiu.net\/wordpress\/wp-content\/uploads\/2024\/12\/SCR-20241219-uoqy-300x244.jpeg 300w, https:\/\/www.radiopiu.net\/wordpress\/wp-content\/uploads\/2024\/12\/SCR-20241219-uoqy.jpeg 672w\" sizes=\"auto, (max-width: 178px) 100vw, 178px\" \/><\/a>IL FINE SETTIMANA PRENATALIZIO DI FELTRE<\/h3>\n<\/blockquote>\n<p><strong>FELTRE<\/strong> Nel weekend del 21-22 dicembre, Feltre offrir\u00e0 un ricco programma natalizio con eventi culturali e tradizionali per tutta la famiglia. Sabato, spettacoli come &#8220;Les Montgolfi\u00e8res&#8221;, la sfilata del Re e della Regina dei Ghiacci, giocoleria infuocata, la Casa degli Gnomi e i Mercatini di Natale animeranno la citt\u00e0. Domenica, il Mercato Cittadino, la &#8220;Fiera dell&#8217;Oggetto Ritrovato&#8221; e il ritorno dei Krampus Primor, figure della tradizione alpina, chiuderanno il weekend con un tocco di magia e folklore. La citt\u00e0 celebra il Natale valorizzando tradizioni, cultura e comunit\u00e0.<\/p>\n<p>&nbsp;<\/p>\n<p>&nbsp;<\/p>\n<p>&nbsp;<\/p>\n<hr \/>\n<p>&nbsp;<\/p>\n<blockquote>\n<h3>&#8220;OPS! E&#8217; GIA&#8217; NATALE&#8221; AL CINEMA DOLOMITI DI FALCADE<\/h3>\n<\/blockquote>\n<p><strong><a class=\"dt-pswp-item\" href=\"https:\/\/www.radiopiu.net\/wordpress\/wp-content\/uploads\/2024\/12\/locandina-2.jpg\" data-dt-img-description=\"\" data-large_image_width=\"420\" data-large_image_height=\"600\"><img loading=\"lazy\" decoding=\"async\" class=\" wp-image-425323 alignleft\" src=\"https:\/\/www.radiopiu.net\/wordpress\/wp-content\/uploads\/2024\/12\/locandina-2-210x300.jpg\" alt=\"\" width=\"138\" height=\"197\" srcset=\"https:\/\/www.radiopiu.net\/wordpress\/wp-content\/uploads\/2024\/12\/locandina-2-210x300.jpg 210w, https:\/\/www.radiopiu.net\/wordpress\/wp-content\/uploads\/2024\/12\/locandina-2.jpg 420w\" sizes=\"auto, (max-width: 138px) 100vw, 138px\" \/><\/a>FALCADE<\/strong> Inizia la programmazione dei film natalizi al Cinema Dolomiti di Falcade. Sabato e Domenica si inizia con &#8220;Ops! E&#8217; Gi\u00e0 Natale&#8221;. Claire, una bambina americana di dieci anni, visita il nonno Lawrence nelle Dolomiti ad agosto insieme ai genitori Abbie e Jacob, in crisi matrimoniale. I genitori sperano che Lawrence possa rivelare a Claire la loro imminente separazione. Gi\u00e0 consapevole delle tensioni, Claire cade in crisi ma desidera un ultimo Natale insieme, anche fuori stagione. Decide di organizzare un Natale estivo con l&#8217;aiuto del nonno, del collaboratore Otto e dei nonni paterni, Rose e Mark, richiamati dagli Stati Uniti. Il film <strong>&#8220;<\/strong>Ops! \u00c8 gi\u00e0 Natale&#8221; unisce l&#8217;atmosfera magica della commedia natalizia americana con il carattere tipico della commedia italiana. Diretto da Peter Chelsom, affiancato dagli sceneggiatori Neri Parenti e Francesco Patierno, il film riprende le dinamiche di classici come <em>Mamma, ho perso l&#8217;aereo<\/em>, ma visto attraverso gli occhi della protagonista Claire, che documenta tutto con la sua telecamera. Danny DeVito e sua figlia Lucy interpretano Lawrence e Claire, mentre Andie MacDowell \u00e8 la nonna materna. Tra scene rocambolesche (come una mongolfiera fuori controllo) ed equivoci tipici del cinema italiano (il nonno paterno che evita un&#8217;ex amante italiana), il film alterna momenti prevedibili a sprazzi emozionanti. La scena del ballo tra Claire e Lawrence richiama il romanticismo di <em>Shall We Dance?<\/em>. Pur con qualche pausa di troppo e personaggi secondari poco approfonditi, il film resta godibile grazie a una cura particolare dei personaggi e alla fusione tra culture diverse.<\/p>\n<h3><span style=\"color: #ff0000;\"><strong>AL CINEMA DOLOMITI DI FALCADE SABATO E DOMENICA, SPETTACOLI ALLE 21 E DOMENICA ANCHE ALLE 15:30<\/strong><\/span><\/h3>\n<p><strong>LA PRESENTAZIONE A CURA DI PAOLA LANCIATO<\/strong><\/p>\n<audio class=\"wp-audio-shortcode\" id=\"audio-425589-15\" preload=\"none\" style=\"width: 100%;\" controls=\"controls\"><source type=\"audio\/mpeg\" src=\"https:\/\/www.radiopiu.net\/wordpress\/wp-content\/uploads\/2024\/12\/OPS-EGIA-NATALE.mp3?_=15\" \/><a href=\"https:\/\/www.radiopiu.net\/wordpress\/wp-content\/uploads\/2024\/12\/OPS-EGIA-NATALE.mp3\">https:\/\/www.radiopiu.net\/wordpress\/wp-content\/uploads\/2024\/12\/OPS-EGIA-NATALE.mp3<\/a><\/audio>\n<p>&nbsp;<\/p>\n<hr \/>\n<p>&nbsp;<\/p>\n<blockquote>\n<h1>Il Presepe Artistico di Roe di Sedico: un capolavoro da visitare<\/h1>\n<\/blockquote>\n<p><a class=\"dt-pswp-item\" href=\"https:\/\/www.radiopiu.net\/wordpress\/wp-content\/uploads\/2024\/12\/5162ed54-e3b2-4d17-82f0-cf26bd30086a.jpg\" data-dt-img-description=\"\" data-large_image_width=\"1200\" data-large_image_height=\"1600\"><img loading=\"lazy\" decoding=\"async\" class=\"size-medium wp-image-423381 alignleft\" src=\"https:\/\/www.radiopiu.net\/wordpress\/wp-content\/uploads\/2024\/12\/5162ed54-e3b2-4d17-82f0-cf26bd30086a-225x300.jpg\" alt=\"\" width=\"225\" height=\"300\" srcset=\"https:\/\/www.radiopiu.net\/wordpress\/wp-content\/uploads\/2024\/12\/5162ed54-e3b2-4d17-82f0-cf26bd30086a-225x300.jpg 225w, https:\/\/www.radiopiu.net\/wordpress\/wp-content\/uploads\/2024\/12\/5162ed54-e3b2-4d17-82f0-cf26bd30086a-768x1024.jpg 768w, https:\/\/www.radiopiu.net\/wordpress\/wp-content\/uploads\/2024\/12\/5162ed54-e3b2-4d17-82f0-cf26bd30086a-1152x1536.jpg 1152w, https:\/\/www.radiopiu.net\/wordpress\/wp-content\/uploads\/2024\/12\/5162ed54-e3b2-4d17-82f0-cf26bd30086a.jpg 1200w\" sizes=\"auto, (max-width: 225px) 100vw, 225px\" \/><\/a>Il presepe artistico di Roe di Sedico \u00e8 un\u2019opera straordinaria realizzata dai talentuosi autori Fabio Sommacal, Davide Lovisotto, Edi Tegner, Andrea Fontanive e Marco Bressan. Nato nel 1988, le prime edizioni venivano ospitate nella cappella invernale e smontate ogni anno. Dal 1991, grazie alla disponibilit\u00e0 di Don Rinaldo, il presepe ha trovato una sede permanente, permettendo la realizzazione di 32 edizioni fino all\u2019interruzione causata dalla pandemia. Dal 2022, l\u2019avventura \u00e8 ripartita con rinnovato entusiasmo. Il presepe \u00e8 visitabile fino al 31 gennaio: <strong>Domeniche e festivi:<\/strong> 10:00-12:00 e 14:00-18:30. <strong>Dal 25 dicembre al 6 gennaio:<\/strong> aperto anche nei feriali, nel pomeriggio 14:00-18:30. Un appuntamento imperdibile per immergersi nella magia del Natale e ammirare un\u2019opera che racconta tradizione e passione.<\/p>\n<p>&nbsp;<\/p>\n\n\t\t\t<style type='text\/css'>\n\t\t\t\t#gallery-9 {\n\t\t\t\t\tmargin: auto;\n\t\t\t\t}\n\t\t\t\t#gallery-9 .gallery-item {\n\t\t\t\t\tfloat: left;\n\t\t\t\t\tmargin-top: 10px;\n\t\t\t\t\ttext-align: center;\n\t\t\t\t\twidth: 12%;\n\t\t\t\t}\n\t\t\t\t#gallery-9 img {\n\t\t\t\t\tborder: 2px solid #cfcfcf;\n\t\t\t\t}\n\t\t\t\t#gallery-9 .gallery-caption {\n\t\t\t\t\tmargin-left: 0;\n\t\t\t\t}\n\t\t\t\t\/* see gallery_shortcode() in wp-includes\/media.php *\/\n\t\t\t<\/style>\n\t\t<div id='gallery-9' class='dt-gallery-container gallery galleryid-425589 gallery-columns-8 gallery-size-thumbnail'><dl class='gallery-item'>\n\t\t\t\t<dt class='gallery-icon landscape'>\n\t\t\t\t\t<a class=\"rollover rollover-zoom dt-pswp-item\" title=\"1708f0ec-4e7a-4978-b30d-3959327ffde0\" data-dt-img-description=\"\" data-large_image_width=\"1600\" data-large_image_height=\"1200\"href='https:\/\/www.radiopiu.net\/wordpress\/wp-content\/uploads\/2024\/12\/1708f0ec-4e7a-4978-b30d-3959327ffde0.jpg'><img loading=\"lazy\" decoding=\"async\" width=\"150\" height=\"150\" src=\"https:\/\/www.radiopiu.net\/wordpress\/wp-content\/uploads\/2024\/12\/1708f0ec-4e7a-4978-b30d-3959327ffde0-150x150.jpg\" class=\"attachment-thumbnail size-thumbnail\" alt=\"\" \/><\/a>\n\t\t\t\t<\/dt><\/dl><dl class='gallery-item'>\n\t\t\t\t<dt class='gallery-icon landscape'>\n\t\t\t\t\t<a class=\"rollover rollover-zoom dt-pswp-item\" title=\"31faecc0-e87e-406d-b6a8-6f5633f67e78\" data-dt-img-description=\"\" data-large_image_width=\"1600\" data-large_image_height=\"1200\"href='https:\/\/www.radiopiu.net\/wordpress\/wp-content\/uploads\/2024\/12\/31faecc0-e87e-406d-b6a8-6f5633f67e78.jpg'><img loading=\"lazy\" decoding=\"async\" width=\"150\" height=\"150\" src=\"https:\/\/www.radiopiu.net\/wordpress\/wp-content\/uploads\/2024\/12\/31faecc0-e87e-406d-b6a8-6f5633f67e78-150x150.jpg\" class=\"attachment-thumbnail size-thumbnail\" alt=\"\" \/><\/a>\n\t\t\t\t<\/dt><\/dl><dl class='gallery-item'>\n\t\t\t\t<dt class='gallery-icon landscape'>\n\t\t\t\t\t<a class=\"rollover rollover-zoom dt-pswp-item\" title=\"22cd45a8-8844-4e2d-8552-f9a2b7c9b35a\" data-dt-img-description=\"\" data-large_image_width=\"1600\" data-large_image_height=\"1200\"href='https:\/\/www.radiopiu.net\/wordpress\/wp-content\/uploads\/2024\/12\/22cd45a8-8844-4e2d-8552-f9a2b7c9b35a.jpg'><img loading=\"lazy\" decoding=\"async\" width=\"150\" height=\"150\" src=\"https:\/\/www.radiopiu.net\/wordpress\/wp-content\/uploads\/2024\/12\/22cd45a8-8844-4e2d-8552-f9a2b7c9b35a-150x150.jpg\" class=\"attachment-thumbnail size-thumbnail\" alt=\"\" \/><\/a>\n\t\t\t\t<\/dt><\/dl><dl class='gallery-item'>\n\t\t\t\t<dt class='gallery-icon landscape'>\n\t\t\t\t\t<a class=\"rollover rollover-zoom dt-pswp-item\" title=\"2f78f81d-54a0-473e-a048-6082fa5f0dfb\" data-dt-img-description=\"\" data-large_image_width=\"1600\" data-large_image_height=\"1200\"href='https:\/\/www.radiopiu.net\/wordpress\/wp-content\/uploads\/2024\/12\/2f78f81d-54a0-473e-a048-6082fa5f0dfb.jpg'><img loading=\"lazy\" decoding=\"async\" width=\"150\" height=\"150\" src=\"https:\/\/www.radiopiu.net\/wordpress\/wp-content\/uploads\/2024\/12\/2f78f81d-54a0-473e-a048-6082fa5f0dfb-150x150.jpg\" class=\"attachment-thumbnail size-thumbnail\" alt=\"\" \/><\/a>\n\t\t\t\t<\/dt><\/dl><dl class='gallery-item'>\n\t\t\t\t<dt class='gallery-icon landscape'>\n\t\t\t\t\t<a class=\"rollover rollover-zoom dt-pswp-item\" title=\"05ae5de8-f5ea-45b4-9b1f-d4e96bbb1fb8\" data-dt-img-description=\"\" data-large_image_width=\"1600\" data-large_image_height=\"1200\"href='https:\/\/www.radiopiu.net\/wordpress\/wp-content\/uploads\/2024\/12\/05ae5de8-f5ea-45b4-9b1f-d4e96bbb1fb8.jpg'><img loading=\"lazy\" decoding=\"async\" width=\"150\" height=\"150\" src=\"https:\/\/www.radiopiu.net\/wordpress\/wp-content\/uploads\/2024\/12\/05ae5de8-f5ea-45b4-9b1f-d4e96bbb1fb8-150x150.jpg\" class=\"attachment-thumbnail size-thumbnail\" alt=\"\" \/><\/a>\n\t\t\t\t<\/dt><\/dl><dl class='gallery-item'>\n\t\t\t\t<dt class='gallery-icon landscape'>\n\t\t\t\t\t<a class=\"rollover rollover-zoom dt-pswp-item\" title=\"9b5d2c47-0c82-43c2-ac45-eda00723a965\" data-dt-img-description=\"\" data-large_image_width=\"1600\" data-large_image_height=\"1200\"href='https:\/\/www.radiopiu.net\/wordpress\/wp-content\/uploads\/2024\/12\/9b5d2c47-0c82-43c2-ac45-eda00723a965.jpg'><img loading=\"lazy\" decoding=\"async\" width=\"150\" height=\"150\" src=\"https:\/\/www.radiopiu.net\/wordpress\/wp-content\/uploads\/2024\/12\/9b5d2c47-0c82-43c2-ac45-eda00723a965-150x150.jpg\" class=\"attachment-thumbnail size-thumbnail\" alt=\"\" \/><\/a>\n\t\t\t\t<\/dt><\/dl><dl class='gallery-item'>\n\t\t\t\t<dt class='gallery-icon landscape'>\n\t\t\t\t\t<a class=\"rollover rollover-zoom dt-pswp-item\" title=\"2ed1d8d3-409e-4775-94ed-91e3eda55c6e\" data-dt-img-description=\"\" data-large_image_width=\"1600\" data-large_image_height=\"1200\"href='https:\/\/www.radiopiu.net\/wordpress\/wp-content\/uploads\/2024\/12\/2ed1d8d3-409e-4775-94ed-91e3eda55c6e.jpg'><img loading=\"lazy\" decoding=\"async\" width=\"150\" height=\"150\" src=\"https:\/\/www.radiopiu.net\/wordpress\/wp-content\/uploads\/2024\/12\/2ed1d8d3-409e-4775-94ed-91e3eda55c6e-150x150.jpg\" class=\"attachment-thumbnail size-thumbnail\" alt=\"\" \/><\/a>\n\t\t\t\t<\/dt><\/dl><dl class='gallery-item'>\n\t\t\t\t<dt class='gallery-icon landscape'>\n\t\t\t\t\t<a class=\"rollover rollover-zoom dt-pswp-item\" title=\"0f25e816-4eb7-459e-b251-b05d839862fc\" data-dt-img-description=\"\" data-large_image_width=\"1600\" data-large_image_height=\"1200\"href='https:\/\/www.radiopiu.net\/wordpress\/wp-content\/uploads\/2024\/12\/0f25e816-4eb7-459e-b251-b05d839862fc.jpg'><img loading=\"lazy\" decoding=\"async\" width=\"150\" height=\"150\" src=\"https:\/\/www.radiopiu.net\/wordpress\/wp-content\/uploads\/2024\/12\/0f25e816-4eb7-459e-b251-b05d839862fc-150x150.jpg\" class=\"attachment-thumbnail size-thumbnail\" alt=\"\" \/><\/a>\n\t\t\t\t<\/dt><\/dl><br style=\"clear: both\" \/>\n\t\t\t<\/div>\n\n<p>&nbsp;<\/p>\n<p>&nbsp;<\/p>\n<hr \/>\n<p>&nbsp;<\/p>\n<p style=\"text-align: center;\"><strong><a class=\"dt-pswp-item\" href=\"https:\/\/www.radiopiu.net\/wordpress\/wp-content\/uploads\/2024\/12\/mose-andrich.jpg\" data-dt-img-description=\"\" data-large_image_width=\"1023\" data-large_image_height=\"1023\"><img loading=\"lazy\" decoding=\"async\" class=\"wp-image-424317 alignleft\" src=\"https:\/\/www.radiopiu.net\/wordpress\/wp-content\/uploads\/2024\/12\/mose-andrich-300x300.jpg\" alt=\"\" width=\"118\" height=\"118\" srcset=\"https:\/\/www.radiopiu.net\/wordpress\/wp-content\/uploads\/2024\/12\/mose-andrich-300x300.jpg 300w, https:\/\/www.radiopiu.net\/wordpress\/wp-content\/uploads\/2024\/12\/mose-andrich-150x150.jpg 150w, https:\/\/www.radiopiu.net\/wordpress\/wp-content\/uploads\/2024\/12\/mose-andrich-768x768.jpg 768w, https:\/\/www.radiopiu.net\/wordpress\/wp-content\/uploads\/2024\/12\/mose-andrich.jpg 1023w\" sizes=\"auto, (max-width: 118px) 100vw, 118px\" \/><\/a>Da Bach ai Coldplay, Mos\u00e8 Andrich al pianoforte<\/strong><\/p>\n<p>Domani alle 17.45, nella Sala &#8220;Zanardelli&#8221; della Prefettura di Belluno, Mos\u00e8 Andrich si esibir\u00e0 in un concerto che spazier\u00e0 da Bach ai Coldplay. L&#8217;evento, promosso da Anffas Belluno, sostiene il progetto \u201cProve di Volo\u201d.<\/p>\n<p>&nbsp;<\/p>\n<p>&nbsp;<\/p>\n<p>&nbsp;<\/p>\n<p>&nbsp;<\/p>\n<hr \/>\n<p>&nbsp;<\/p>\n<p><strong><a class=\"dt-pswp-item\" href=\"https:\/\/www.radiopiu.net\/wordpress\/wp-content\/uploads\/2024\/11\/AMICI-MINERARI.png\" data-dt-img-description=\"\" data-large_image_width=\"209\" data-large_image_height=\"174\"><img loading=\"lazy\" decoding=\"async\" class=\"size-full wp-image-419180 alignleft\" src=\"https:\/\/www.radiopiu.net\/wordpress\/wp-content\/uploads\/2024\/11\/AMICI-MINERARI.png\" alt=\"\" width=\"209\" height=\"174\" \/><\/a>&#8220;Con gli Amici dei Minerari: Serate d&#8217;Inverno \u2013 un viaggio tra storia, scienza e meraviglie. Incontri presso la Sala con T\u00e0-Mis. Non mancare!&#8221;<\/strong><\/p>\n<ul>\n<li><em>Oggi, ore 20:30<\/em>: &#8220;La morfogenesi delle frane&#8221; \u2013 Relatore Prof. Vittorio Fenti.<\/li>\n<li><em>Venerd\u00ec 24 gennaio, ore 20:30<\/em>: &#8220;Il meraviglioso mondo dei fossili delle Dolomiti&#8221; \u2013 Relatore Danilo Giordano.<\/li>\n<li><em>Venerd\u00ec 21 febbraio, ore 20:30<\/em>: &#8220;Il traforo del Brennero: studio, progettazione e realizzazione&#8221; \u2013 Relatori Vittorio Fenti e Mario Guadagnini.<\/li>\n<\/ul>\n<p><strong>Vivi la cultura e la passione per la montagna!<\/strong><\/p>\n<p>&nbsp;<\/p>\n<p>&nbsp;<\/p>\n<p>&nbsp;<\/p>\n<hr \/>\n<p>&nbsp;<\/p>\n<blockquote>\n<h3>GLI 80 ANNI DI ACLI A FELTRE<\/h3>\n<\/blockquote>\n<p><strong><a class=\"dt-pswp-item\" href=\"https:\/\/www.radiopiu.net\/wordpress\/wp-content\/uploads\/2024\/12\/Incontro-1959-ACLI-Belluno-con-Vescovo-Muccin-Oratore-e-il-pres-prov-prof.-Arnaldo-Colleselli.jpg\" data-dt-img-description=\"\" data-large_image_width=\"1672\" data-large_image_height=\"1151\"><img loading=\"lazy\" decoding=\"async\" class=\" wp-image-424741 alignleft\" src=\"https:\/\/www.radiopiu.net\/wordpress\/wp-content\/uploads\/2024\/12\/Incontro-1959-ACLI-Belluno-con-Vescovo-Muccin-Oratore-e-il-pres-prov-prof.-Arnaldo-Colleselli-300x207.jpg\" alt=\"\" width=\"162\" height=\"112\" srcset=\"https:\/\/www.radiopiu.net\/wordpress\/wp-content\/uploads\/2024\/12\/Incontro-1959-ACLI-Belluno-con-Vescovo-Muccin-Oratore-e-il-pres-prov-prof.-Arnaldo-Colleselli-300x207.jpg 300w, https:\/\/www.radiopiu.net\/wordpress\/wp-content\/uploads\/2024\/12\/Incontro-1959-ACLI-Belluno-con-Vescovo-Muccin-Oratore-e-il-pres-prov-prof.-Arnaldo-Colleselli-1024x705.jpg 1024w, https:\/\/www.radiopiu.net\/wordpress\/wp-content\/uploads\/2024\/12\/Incontro-1959-ACLI-Belluno-con-Vescovo-Muccin-Oratore-e-il-pres-prov-prof.-Arnaldo-Colleselli-768x529.jpg 768w, https:\/\/www.radiopiu.net\/wordpress\/wp-content\/uploads\/2024\/12\/Incontro-1959-ACLI-Belluno-con-Vescovo-Muccin-Oratore-e-il-pres-prov-prof.-Arnaldo-Colleselli-1536x1057.jpg 1536w, https:\/\/www.radiopiu.net\/wordpress\/wp-content\/uploads\/2024\/12\/Incontro-1959-ACLI-Belluno-con-Vescovo-Muccin-Oratore-e-il-pres-prov-prof.-Arnaldo-Colleselli.jpg 1672w\" sizes=\"auto, (max-width: 162px) 100vw, 162px\" \/><\/a>FELTRE<\/strong> Domani, presso il Seminario Vescovile di Feltre, si terr\u00e0 un incontro speciale per celebrare gli 80 anni delle Acli in provincia di Belluno. L&#8217;evento ripercorrer\u00e0 la storia delle Acli, che hanno avuto un ruolo centrale nelle dinamiche sociali, politiche e sindacali delle comunit\u00e0 locali. Fondati nel 1945 grazie all&#8217;iniziativa del vescovo Girolamo Bortignon, gli Acli hanno offerto assistenza ai lavoratori in difficolt\u00e0. L&#8217;incontro vedr\u00e0 l&#8217;intervento del professor Marco Mascia dell&#8217;Universit\u00e0 di Padova e la partecipazione di storici soci delle Acli, che racconteranno i momenti significativi della loro storia. L&#8217;evento inizier\u00e0 alle ore 10 e sar\u00e0 introdotto dal presidente delle Acli Belluno Dolomiti Pietro Ranon.<\/p>\n<p>&nbsp;<\/p>\n<p>&nbsp;<\/p>\n<p>&nbsp;<\/p>\n<hr \/>\n<p>&nbsp;<\/p>\n<blockquote>\n<h3><a class=\"dt-pswp-item\" href=\"https:\/\/www.radiopiu.net\/wordpress\/wp-content\/uploads\/2024\/12\/0d7ebb35-c778-4ebe-84bd-352c38c63dc2.jpg\" data-dt-img-description=\"\" data-large_image_width=\"1131\" data-large_image_height=\"1600\"><img loading=\"lazy\" decoding=\"async\" class=\" wp-image-425160 alignleft\" src=\"https:\/\/www.radiopiu.net\/wordpress\/wp-content\/uploads\/2024\/12\/0d7ebb35-c778-4ebe-84bd-352c38c63dc2-212x300.jpg\" alt=\"\" width=\"119\" height=\"168\" srcset=\"https:\/\/www.radiopiu.net\/wordpress\/wp-content\/uploads\/2024\/12\/0d7ebb35-c778-4ebe-84bd-352c38c63dc2-212x300.jpg 212w, https:\/\/www.radiopiu.net\/wordpress\/wp-content\/uploads\/2024\/12\/0d7ebb35-c778-4ebe-84bd-352c38c63dc2-724x1024.jpg 724w, https:\/\/www.radiopiu.net\/wordpress\/wp-content\/uploads\/2024\/12\/0d7ebb35-c778-4ebe-84bd-352c38c63dc2-768x1086.jpg 768w, https:\/\/www.radiopiu.net\/wordpress\/wp-content\/uploads\/2024\/12\/0d7ebb35-c778-4ebe-84bd-352c38c63dc2-1086x1536.jpg 1086w, https:\/\/www.radiopiu.net\/wordpress\/wp-content\/uploads\/2024\/12\/0d7ebb35-c778-4ebe-84bd-352c38c63dc2.jpg 1131w\" sizes=\"auto, (max-width: 119px) 100vw, 119px\" \/><\/a>CON LE BIBLIOTECHE DELLA VALLE DEL BIOIS<\/h3>\n<\/blockquote>\n<p><strong>CANALE D&#8217;AGORDO <\/strong>Continua con successo la rassegna invernale delle proposte delle Biblioteche della Valle del Biois. Stasera alle 20:30, nella sala Emigranti di Canale d\u2019Agordo, ci sar\u00e0 lo spettacolo \u201cBuzzatti incontra Buzzati sotto l\u2019albero\u201d in cui l\u2019attore bellunese Sandro Buzzatti interpreter\u00e0 alcune novelle di Dino Buzzati tratte da \u201cIl panettone non bast\u00f2\u201d. Il quadro natalizio davvero originale ed emozionante culminer\u00e0 nella lettura della \u201cLettera di Natale\u201d di padre Davide Maria Turoldo. Le letture avranno l\u2019accompagnamento musicale dell\u2019artista Nelso Salton con l\u2019inseparabile contrabbasso.<\/p>\n<p>&nbsp;<\/p>\n<p>&nbsp;<\/p>\n<p>&nbsp;<\/p>\n<hr \/>\n<p>&nbsp;<\/p>\n<h2><span style=\"color: #ff6600;\">IERI ALLA RADIO\u00a0\u00a0<\/span><\/h2>\n<h2><span style=\"color: #808000;\">COSA GUARDO STASERA IN TV?&#8230;CON PAOLA LANCIATO<\/span><\/h2>\n<h1><span style=\"color: #ff0000;\"><strong><a class=\"dt-pswp-item\" href=\"https:\/\/www.radiopiu.net\/wordpress\/wp-content\/uploads\/2024\/12\/locandina-3.jpg\" data-dt-img-description=\"\" data-large_image_width=\"420\" data-large_image_height=\"622\"><img loading=\"lazy\" decoding=\"async\" class=\"size-medium wp-image-425600 alignleft\" src=\"https:\/\/www.radiopiu.net\/wordpress\/wp-content\/uploads\/2024\/12\/locandina-3-203x300.jpg\" alt=\"\" width=\"203\" height=\"300\" srcset=\"https:\/\/www.radiopiu.net\/wordpress\/wp-content\/uploads\/2024\/12\/locandina-3-203x300.jpg 203w, https:\/\/www.radiopiu.net\/wordpress\/wp-content\/uploads\/2024\/12\/locandina-3.jpg 420w\" sizes=\"auto, (max-width: 203px) 100vw, 203px\" \/><\/a> <\/strong><\/span><\/h1>\n<h1><span style=\"color: #ff0000;\"><strong>\u00a0<\/strong><\/span><\/h1>\n<h1><span style=\"color: #ff0000;\"><strong>Puntata 9 del 19 dicembre 2024<\/strong><\/span><\/h1>\n<audio class=\"wp-audio-shortcode\" id=\"audio-425589-16\" preload=\"none\" style=\"width: 100%;\" controls=\"controls\"><source type=\"audio\/mpeg\" src=\"https:\/\/www.radiopiu.net\/wordpress\/wp-content\/uploads\/2024\/12\/CIAK2-2.mp3?_=16\" \/><a href=\"https:\/\/www.radiopiu.net\/wordpress\/wp-content\/uploads\/2024\/12\/CIAK2-2.mp3\">https:\/\/www.radiopiu.net\/wordpress\/wp-content\/uploads\/2024\/12\/CIAK2-2.mp3<\/a><\/audio>\n<p>&nbsp;<\/p>\n<h2>LA RACCOLTA COMPLETA <a href=\"https:\/\/www.radiopiu.net\/wordpress\/cosa-guardo-stasera-in-tv-con-paola-lanciato-la-raccolta\/\"><span style=\"color: #3366ff;\">CLICCA QUI<\/span><\/a><\/h2>\n<p>&nbsp;<\/p>\n<hr \/>\n<p>&nbsp;<\/p>\n<h2><span style=\"color: #33cccc;\">I NUOVI ORARI ALLA PISCINA DI AGORDO<\/span><\/h2>\n<p><strong><a class=\"dt-pswp-item\" href=\"https:\/\/www.radiopiu.net\/wordpress\/wp-content\/uploads\/2021\/04\/PISCINA-AGORDO.jpg\" data-dt-img-description=\"\" data-large_image_width=\"1600\" data-large_image_height=\"1200\"><img loading=\"lazy\" decoding=\"async\" class=\" wp-image-205123 alignleft\" src=\"https:\/\/www.radiopiu.net\/wordpress\/wp-content\/uploads\/2021\/04\/PISCINA-AGORDO-300x225.jpg\" alt=\"\" width=\"165\" height=\"124\" srcset=\"https:\/\/www.radiopiu.net\/wordpress\/wp-content\/uploads\/2021\/04\/PISCINA-AGORDO-300x225.jpg 300w, https:\/\/www.radiopiu.net\/wordpress\/wp-content\/uploads\/2021\/04\/PISCINA-AGORDO-1024x768.jpg 1024w, https:\/\/www.radiopiu.net\/wordpress\/wp-content\/uploads\/2021\/04\/PISCINA-AGORDO-768x576.jpg 768w, https:\/\/www.radiopiu.net\/wordpress\/wp-content\/uploads\/2021\/04\/PISCINA-AGORDO-1536x1152.jpg 1536w, https:\/\/www.radiopiu.net\/wordpress\/wp-content\/uploads\/2021\/04\/PISCINA-AGORDO.jpg 1600w\" sizes=\"auto, (max-width: 165px) 100vw, 165px\" \/><\/a>DI MIRKO MEZZACASA<\/strong><\/p>\n<p>OSPITI: Roberto, Cristiana e Giorgio<\/p>\n<audio class=\"wp-audio-shortcode\" id=\"audio-425589-17\" preload=\"none\" style=\"width: 100%;\" controls=\"controls\"><source type=\"audio\/mpeg\" src=\"https:\/\/www.radiopiu.net\/wordpress\/wp-content\/uploads\/2024\/12\/piscina-1.mp3?_=17\" \/><a href=\"https:\/\/www.radiopiu.net\/wordpress\/wp-content\/uploads\/2024\/12\/piscina-1.mp3\">https:\/\/www.radiopiu.net\/wordpress\/wp-content\/uploads\/2024\/12\/piscina-1.mp3<\/a><\/audio>\n<p>&nbsp;<\/p>\n<hr \/>\n<p>&nbsp;<\/p>\n<h2><span style=\"color: #ffcc00;\"><a class=\"dt-pswp-item\" href=\"https:\/\/www.radiopiu.net\/wordpress\/wp-content\/uploads\/2020\/01\/uomo-disteso-che-conta-soldi-con-il-calcolatore_23-2148230056.jpg\" data-dt-img-description=\"\" data-large_image_width=\"626\" data-large_image_height=\"417\"><img loading=\"lazy\" decoding=\"async\" class=\" wp-image-115054 alignleft\" src=\"https:\/\/www.radiopiu.net\/wordpress\/wp-content\/uploads\/2020\/01\/uomo-disteso-che-conta-soldi-con-il-calcolatore_23-2148230056-300x200.jpg\" alt=\"\" width=\"141\" height=\"94\" srcset=\"https:\/\/www.radiopiu.net\/wordpress\/wp-content\/uploads\/2020\/01\/uomo-disteso-che-conta-soldi-con-il-calcolatore_23-2148230056-300x200.jpg 300w, https:\/\/www.radiopiu.net\/wordpress\/wp-content\/uploads\/2020\/01\/uomo-disteso-che-conta-soldi-con-il-calcolatore_23-2148230056.jpg 626w\" sizes=\"auto, (max-width: 141px) 100vw, 141px\" \/><\/a>FISCO FLASH DI SILVIA BALDO<\/span><\/h2>\n<p><strong>REDAZIONE<\/strong> Nuovo appuntamento con Silvia Baldo che ci fa entrare nel mondo del fisco con delle pillole giornaliere<\/p>\n<p><strong>IRPEF<\/strong><\/p>\n<audio class=\"wp-audio-shortcode\" id=\"audio-425589-18\" preload=\"none\" style=\"width: 100%;\" controls=\"controls\"><source type=\"audio\/mpeg\" src=\"https:\/\/www.radiopiu.net\/wordpress\/wp-content\/uploads\/2024\/12\/fisco-irpef.mp3?_=18\" \/><a href=\"https:\/\/www.radiopiu.net\/wordpress\/wp-content\/uploads\/2024\/12\/fisco-irpef.mp3\">https:\/\/www.radiopiu.net\/wordpress\/wp-content\/uploads\/2024\/12\/fisco-irpef.mp3<\/a><\/audio>\n<p>&nbsp;<\/p>\n<p><strong>BILANCIO<\/strong><\/p>\n<audio class=\"wp-audio-shortcode\" id=\"audio-425589-19\" preload=\"none\" style=\"width: 100%;\" controls=\"controls\"><source type=\"audio\/mpeg\" src=\"https:\/\/www.radiopiu.net\/wordpress\/wp-content\/uploads\/2024\/12\/fisco-bilancio.mp3?_=19\" \/><a href=\"https:\/\/www.radiopiu.net\/wordpress\/wp-content\/uploads\/2024\/12\/fisco-bilancio.mp3\">https:\/\/www.radiopiu.net\/wordpress\/wp-content\/uploads\/2024\/12\/fisco-bilancio.mp3<\/a><\/audio>\n<p>&nbsp;<\/p>\n<hr \/>\n<p>&nbsp;<\/p>\n<blockquote>\n<h3>ARRIVA IL NUOVO EPISODIO DE &#8220;I CERCATORI&#8221;<\/h3>\n<\/blockquote>\n<p><strong>REDAZIONE<\/strong> Il 22 dicembre tornano &#8220;I Cercatori&#8221; con il nuovo episodio della nuova serie che si potr\u00e0 vedere sul canale Youtube del sodalizio. Questa la trama della puntata: Prima di arrivare a destinazione i ragazzi decidono di fare una sosta. Erik e Federico, approfittando della situazione, tentano di esumare qualche stralcio del passato di Denis. Questi, inizialmente riluttante, inizier\u00e0 a raccontare un episodio, rivivendo col pensiero degli attimi terrificanti che avrebbero dovuto rimanere dimenticati.<\/p>\n<p><strong>IL TRAILER\u00a0<\/strong><\/p>\n<div style=\"width: 960px;\" class=\"wp-video\"><video class=\"wp-video-shortcode\" id=\"video-425589-4\" width=\"960\" height=\"544\" preload=\"metadata\" controls=\"controls\"><source type=\"video\/mp4\" src=\"https:\/\/www.radiopiu.net\/wordpress\/wp-content\/uploads\/2024\/12\/WhatsApp-Video-2024-12-17-at-11.01.15.mp4?_=4\" \/><a href=\"https:\/\/www.radiopiu.net\/wordpress\/wp-content\/uploads\/2024\/12\/WhatsApp-Video-2024-12-17-at-11.01.15.mp4\">https:\/\/www.radiopiu.net\/wordpress\/wp-content\/uploads\/2024\/12\/WhatsApp-Video-2024-12-17-at-11.01.15.mp4<\/a><\/video><\/div>\n<p>&nbsp;<\/p>\n<p>&nbsp;<\/p>\n<hr \/>\n<p>&nbsp;<\/p>\n<h2><span style=\"color: #ff0000;\"><a class=\"dt-pswp-item\" href=\"https:\/\/www.radiopiu.net\/wordpress\/wp-content\/uploads\/2018\/09\/appuntamenti.jpeg\" data-dt-img-description=\"\" data-large_image_width=\"800\" data-large_image_height=\"100\"><img loading=\"lazy\" decoding=\"async\" class=\"wp-image-61958 size-full aligncenter\" src=\"https:\/\/www.radiopiu.net\/wordpress\/wp-content\/uploads\/2018\/09\/appuntamenti.jpeg\" alt=\"\" width=\"800\" height=\"100\" srcset=\"https:\/\/www.radiopiu.net\/wordpress\/wp-content\/uploads\/2018\/09\/appuntamenti.jpeg 800w, https:\/\/www.radiopiu.net\/wordpress\/wp-content\/uploads\/2018\/09\/appuntamenti-300x38.jpeg 300w, https:\/\/www.radiopiu.net\/wordpress\/wp-content\/uploads\/2018\/09\/appuntamenti-768x96.jpeg 768w\" sizes=\"auto, (max-width: 800px) 100vw, 800px\" \/><\/a><\/span><\/h2>\n<div dir=\"auto\"><strong>AL CINEMA DOLOMITI DI FALCADE LE GRANDI PELLICOLE DEL MOMENTO. SABATO E DOMENICA VERRA&#8217; PROIETTATO IL FILM &#8220;OPS \u00c8 GIA&#8217; NATALE&#8221;. SPETTACOLI ALLE 21, DOMENICA ANCHE ALLE 15:30<\/strong><\/div>\n<div class=\"xdj266r x11i5rnm xat24cr x1mh8g0r x1vvkbs x126k92a\">\n<div dir=\"auto\"><\/div>\n<\/div>\n<div>\n<div class=\"\" dir=\"auto\">\n<div id=\":r9h:\" class=\"x1iorvi4 x1pi30zi x1l90r2v x1swvt13\" data-ad-comet-preview=\"message\" data-ad-preview=\"message\">\n<div>\n<div class=\"\" dir=\"auto\">\n<div id=\":r9h:\" class=\"x1iorvi4 x1pi30zi x1l90r2v x1swvt13\" data-ad-comet-preview=\"message\" data-ad-preview=\"message\">\n<div class=\"xdj266r x11i5rnm xat24cr x1mh8g0r x1vvkbs x126k92a\">\n<div dir=\"auto\"><\/div>\n<\/div>\n<div>\n<div class=\"\" dir=\"auto\">\n<div id=\":r9h:\" class=\"x1iorvi4 x1pi30zi x1l90r2v x1swvt13\" data-ad-comet-preview=\"message\" data-ad-preview=\"message\">\n<div>\n<div class=\"\" dir=\"auto\">\n<div id=\":r9h:\" class=\"x1iorvi4 x1pi30zi x1l90r2v x1swvt13\" data-ad-comet-preview=\"message\" data-ad-preview=\"message\">\n\n\t\t\t<style type='text\/css'>\n\t\t\t\t#gallery-10 {\n\t\t\t\t\tmargin: auto;\n\t\t\t\t}\n\t\t\t\t#gallery-10 .gallery-item {\n\t\t\t\t\tfloat: left;\n\t\t\t\t\tmargin-top: 10px;\n\t\t\t\t\ttext-align: center;\n\t\t\t\t\twidth: 25%;\n\t\t\t\t}\n\t\t\t\t#gallery-10 img {\n\t\t\t\t\tborder: 2px solid #cfcfcf;\n\t\t\t\t}\n\t\t\t\t#gallery-10 .gallery-caption {\n\t\t\t\t\tmargin-left: 0;\n\t\t\t\t}\n\t\t\t\t\/* see gallery_shortcode() in wp-includes\/media.php *\/\n\t\t\t<\/style>\n\t\t<div id='gallery-10' class='dt-gallery-container gallery galleryid-425589 gallery-columns-4 gallery-size-thumbnail'><dl class='gallery-item'>\n\t\t\t\t<dt class='gallery-icon portrait'>\n\t\t\t\t\t<a class=\"rollover rollover-zoom dt-pswp-item\" title=\"manifesto serate invernali\" data-dt-img-description=\"\" data-large_image_width=\"1683\" data-large_image_height=\"2383\"href='https:\/\/www.radiopiu.net\/wordpress\/wp-content\/uploads\/2024\/11\/manifesto-serate-invernali.jpg'><img loading=\"lazy\" decoding=\"async\" width=\"150\" height=\"150\" src=\"https:\/\/www.radiopiu.net\/wordpress\/wp-content\/uploads\/2024\/11\/manifesto-serate-invernali-150x150.jpg\" class=\"attachment-thumbnail size-thumbnail\" alt=\"\" aria-describedby=\"gallery-10-418816\" \/><\/a>\n\t\t\t\t<\/dt>\n\t\t\t\t\t<dd class='wp-caption-text gallery-caption' id='gallery-10-418816'>\n\t\t\t\t\t21 FEBBRAIO\n\t\t\t\t\t<\/dd><\/dl><dl class='gallery-item'>\n\t\t\t\t<dt class='gallery-icon portrait'>\n\t\t\t\t\t<a class=\"rollover rollover-zoom dt-pswp-item\" title=\"locandina Insieme e\u0300 piu\u0300 bello\" data-dt-img-description=\"\" data-large_image_width=\"1131\" data-large_image_height=\"1600\"href='https:\/\/www.radiopiu.net\/wordpress\/wp-content\/uploads\/2024\/11\/locandina-Insieme-e-piu-bello.jpg'><img loading=\"lazy\" decoding=\"async\" width=\"150\" height=\"150\" src=\"https:\/\/www.radiopiu.net\/wordpress\/wp-content\/uploads\/2024\/11\/locandina-Insieme-e-piu-bello-150x150.jpg\" class=\"attachment-thumbnail size-thumbnail\" alt=\"\" aria-describedby=\"gallery-10-421314\" \/><\/a>\n\t\t\t\t<\/dt>\n\t\t\t\t\t<dd class='wp-caption-text gallery-caption' id='gallery-10-421314'>\n\t\t\t\t\tINSIEME A SAN GREGORIO\n\t\t\t\t\t<\/dd><\/dl><dl class='gallery-item'>\n\t\t\t\t<dt class='gallery-icon landscape'>\n\t\t\t\t\t<a class=\"rollover rollover-zoom dt-pswp-item\" title=\"tornao angeli 2024\" data-dt-img-description=\"\" data-large_image_width=\"941\" data-large_image_height=\"551\"href='https:\/\/www.radiopiu.net\/wordpress\/wp-content\/uploads\/2024\/12\/tornao-angeli-2024.jpg'><img loading=\"lazy\" decoding=\"async\" width=\"150\" height=\"150\" src=\"https:\/\/www.radiopiu.net\/wordpress\/wp-content\/uploads\/2024\/12\/tornao-angeli-2024-150x150.jpg\" class=\"attachment-thumbnail size-thumbnail\" alt=\"\" aria-describedby=\"gallery-10-422943\" \/><\/a>\n\t\t\t\t<\/dt>\n\t\t\t\t\t<dd class='wp-caption-text gallery-caption' id='gallery-10-422943'>\n\t\t\t\t\tIL TORNEO DEGLI ANGELI\n\t\t\t\t\t<\/dd><\/dl><dl class='gallery-item'>\n\t\t\t\t<dt class='gallery-icon portrait'>\n\t\t\t\t\t<a class=\"rollover rollover-zoom dt-pswp-item\" title=\"0073db61-77c4-47e3-8986-5b9d5f40fa8a\" data-dt-img-description=\"\" data-large_image_width=\"1448\" data-large_image_height=\"2048\"href='https:\/\/www.radiopiu.net\/wordpress\/wp-content\/uploads\/2024\/12\/0073db61-77c4-47e3-8986-5b9d5f40fa8a.jpg'><img loading=\"lazy\" decoding=\"async\" width=\"150\" height=\"150\" src=\"https:\/\/www.radiopiu.net\/wordpress\/wp-content\/uploads\/2024\/12\/0073db61-77c4-47e3-8986-5b9d5f40fa8a-150x150.jpg\" class=\"attachment-thumbnail size-thumbnail\" alt=\"\" aria-describedby=\"gallery-10-422994\" \/><\/a>\n\t\t\t\t<\/dt>\n\t\t\t\t\t<dd class='wp-caption-text gallery-caption' id='gallery-10-422994'>\n\t\t\t\t\tNATALE A LA VALLE\n\t\t\t\t\t<\/dd><\/dl><br style=\"clear: both\" \/><dl class='gallery-item'>\n\t\t\t\t<dt class='gallery-icon portrait'>\n\t\t\t\t\t<a class=\"rollover rollover-zoom dt-pswp-item\" title=\"cc14bd66-7d3b-4192-aabf-82af02057496\" data-dt-img-description=\"\" data-large_image_width=\"1448\" data-large_image_height=\"2048\"href='https:\/\/www.radiopiu.net\/wordpress\/wp-content\/uploads\/2024\/12\/cc14bd66-7d3b-4192-aabf-82af02057496.jpg'><img loading=\"lazy\" decoding=\"async\" width=\"150\" height=\"150\" src=\"https:\/\/www.radiopiu.net\/wordpress\/wp-content\/uploads\/2024\/12\/cc14bd66-7d3b-4192-aabf-82af02057496-150x150.jpg\" class=\"attachment-thumbnail size-thumbnail\" alt=\"\" aria-describedby=\"gallery-10-422993\" \/><\/a>\n\t\t\t\t<\/dt>\n\t\t\t\t\t<dd class='wp-caption-text gallery-caption' id='gallery-10-422993'>\n\t\t\t\t\tNATALE A LA VALLE\n\t\t\t\t\t<\/dd><\/dl><dl class='gallery-item'>\n\t\t\t\t<dt class='gallery-icon landscape'>\n\t\t\t\t\t<a class=\"rollover rollover-zoom dt-pswp-item\" title=\"2e0045b9-30d0-4ed0-9e34-cff896fe6450\" data-dt-img-description=\"\" data-large_image_width=\"1280\" data-large_image_height=\"1280\"href='https:\/\/www.radiopiu.net\/wordpress\/wp-content\/uploads\/2024\/12\/2e0045b9-30d0-4ed0-9e34-cff896fe6450.jpg'><img loading=\"lazy\" decoding=\"async\" width=\"150\" height=\"150\" src=\"https:\/\/www.radiopiu.net\/wordpress\/wp-content\/uploads\/2024\/12\/2e0045b9-30d0-4ed0-9e34-cff896fe6450-150x150.jpg\" class=\"attachment-thumbnail size-thumbnail\" alt=\"\" aria-describedby=\"gallery-10-424006\" srcset=\"https:\/\/www.radiopiu.net\/wordpress\/wp-content\/uploads\/2024\/12\/2e0045b9-30d0-4ed0-9e34-cff896fe6450-150x150.jpg 150w, https:\/\/www.radiopiu.net\/wordpress\/wp-content\/uploads\/2024\/12\/2e0045b9-30d0-4ed0-9e34-cff896fe6450-300x300.jpg 300w, https:\/\/www.radiopiu.net\/wordpress\/wp-content\/uploads\/2024\/12\/2e0045b9-30d0-4ed0-9e34-cff896fe6450-1024x1024.jpg 1024w, https:\/\/www.radiopiu.net\/wordpress\/wp-content\/uploads\/2024\/12\/2e0045b9-30d0-4ed0-9e34-cff896fe6450-768x768.jpg 768w, https:\/\/www.radiopiu.net\/wordpress\/wp-content\/uploads\/2024\/12\/2e0045b9-30d0-4ed0-9e34-cff896fe6450.jpg 1280w\" sizes=\"auto, (max-width: 150px) 100vw, 150px\" \/><\/a>\n\t\t\t\t<\/dt>\n\t\t\t\t\t<dd class='wp-caption-text gallery-caption' id='gallery-10-424006'>\n\t\t\t\t\tCAPODANNO IN BIRRERIA\n\t\t\t\t\t<\/dd><\/dl><dl class='gallery-item'>\n\t\t\t\t<dt class='gallery-icon portrait'>\n\t\t\t\t\t<a class=\"rollover rollover-zoom dt-pswp-item\" title=\"21 dicembre\" data-dt-img-description=\"\" data-large_image_width=\"841\" data-large_image_height=\"1190\"href='https:\/\/www.radiopiu.net\/wordpress\/wp-content\/uploads\/2024\/12\/21-dicembre.jpg'><img loading=\"lazy\" decoding=\"async\" width=\"150\" height=\"150\" src=\"https:\/\/www.radiopiu.net\/wordpress\/wp-content\/uploads\/2024\/12\/21-dicembre-150x150.jpg\" class=\"attachment-thumbnail size-thumbnail\" alt=\"\" \/><\/a>\n\t\t\t\t<\/dt><\/dl><dl class='gallery-item'>\n\t\t\t\t<dt class='gallery-icon portrait'>\n\t\t\t\t\t<a class=\"rollover rollover-zoom dt-pswp-item\" title=\"2d1f6dac-7d77-4762-9f3b-444871cccceb\" data-dt-img-description=\"\" data-large_image_width=\"738\" data-large_image_height=\"1600\"href='https:\/\/www.radiopiu.net\/wordpress\/wp-content\/uploads\/2024\/12\/2d1f6dac-7d77-4762-9f3b-444871cccceb.jpg'><img loading=\"lazy\" decoding=\"async\" width=\"150\" height=\"150\" src=\"https:\/\/www.radiopiu.net\/wordpress\/wp-content\/uploads\/2024\/12\/2d1f6dac-7d77-4762-9f3b-444871cccceb-150x150.jpg\" class=\"attachment-thumbnail size-thumbnail\" alt=\"\" \/><\/a>\n\t\t\t\t<\/dt><\/dl><br style=\"clear: both\" \/><dl class='gallery-item'>\n\t\t\t\t<dt class='gallery-icon landscape'>\n\t\t\t\t\t<a class=\"rollover rollover-zoom dt-pswp-item\" title=\"FB_IMG_1734537567648\" data-dt-img-description=\"\" data-large_image_width=\"1080\" data-large_image_height=\"1080\"href='https:\/\/www.radiopiu.net\/wordpress\/wp-content\/uploads\/2024\/12\/FB_IMG_1734537567648.jpg'><img loading=\"lazy\" decoding=\"async\" width=\"150\" height=\"150\" src=\"https:\/\/www.radiopiu.net\/wordpress\/wp-content\/uploads\/2024\/12\/FB_IMG_1734537567648-150x150.jpg\" class=\"attachment-thumbnail size-thumbnail\" alt=\"\" srcset=\"https:\/\/www.radiopiu.net\/wordpress\/wp-content\/uploads\/2024\/12\/FB_IMG_1734537567648-150x150.jpg 150w, https:\/\/www.radiopiu.net\/wordpress\/wp-content\/uploads\/2024\/12\/FB_IMG_1734537567648-300x300.jpg 300w, https:\/\/www.radiopiu.net\/wordpress\/wp-content\/uploads\/2024\/12\/FB_IMG_1734537567648-1024x1024.jpg 1024w, https:\/\/www.radiopiu.net\/wordpress\/wp-content\/uploads\/2024\/12\/FB_IMG_1734537567648-768x768.jpg 768w, https:\/\/www.radiopiu.net\/wordpress\/wp-content\/uploads\/2024\/12\/FB_IMG_1734537567648.jpg 1080w\" sizes=\"auto, (max-width: 150px) 100vw, 150px\" \/><\/a>\n\t\t\t\t<\/dt><\/dl><dl class='gallery-item'>\n\t\t\t\t<dt class='gallery-icon portrait'>\n\t\t\t\t\t<a class=\"rollover rollover-zoom dt-pswp-item\" title=\"FOTO MATO\" data-dt-img-description=\"\" data-large_image_width=\"632\" data-large_image_height=\"795\"href='https:\/\/www.radiopiu.net\/wordpress\/wp-content\/uploads\/2024\/12\/FOTO-MATO.png'><img loading=\"lazy\" decoding=\"async\" width=\"150\" height=\"150\" src=\"https:\/\/www.radiopiu.net\/wordpress\/wp-content\/uploads\/2024\/12\/FOTO-MATO-150x150.png\" class=\"attachment-thumbnail size-thumbnail\" alt=\"\" \/><\/a>\n\t\t\t\t<\/dt><\/dl><dl class='gallery-item'>\n\t\t\t\t<dt class='gallery-icon portrait'>\n\t\t\t\t\t<a class=\"rollover rollover-zoom dt-pswp-item\" title=\"7b95ed22-0aa2-4512-afb4-1096f3f34fd8\" data-dt-img-description=\"\" data-large_image_width=\"921\" data-large_image_height=\"2048\"href='https:\/\/www.radiopiu.net\/wordpress\/wp-content\/uploads\/2024\/12\/7b95ed22-0aa2-4512-afb4-1096f3f34fd8.jpg'><img loading=\"lazy\" decoding=\"async\" width=\"150\" height=\"150\" src=\"https:\/\/www.radiopiu.net\/wordpress\/wp-content\/uploads\/2024\/12\/7b95ed22-0aa2-4512-afb4-1096f3f34fd8-150x150.jpg\" class=\"attachment-thumbnail size-thumbnail\" alt=\"\" \/><\/a>\n\t\t\t\t<\/dt><\/dl>\n\t\t\t\t<br style='clear: both' \/>\n\t\t\t<\/div>\n\n<\/div>\n<\/div>\n<\/div>\n<p>&nbsp;<\/p>\n<\/div>\n<\/div>\n<\/div>\n<\/div>\n<\/div>\n<\/div>\n<\/div>\n<\/div>\n<\/div>\n<p>&nbsp;<\/p>\n<div>\n<div class=\"\" dir=\"auto\">\n<div id=\":r9h:\" class=\"x1iorvi4 x1pi30zi x1l90r2v x1swvt13\" data-ad-comet-preview=\"message\" data-ad-preview=\"message\"><\/div>\n<\/div>\n<\/div>\n<p>&nbsp;<\/p>\n<hr \/>\n<p>&nbsp;<\/p>\n<p class=\"mceTemp\"><a class=\"dt-pswp-item\" href=\"https:\/\/www.radiopiu.net\/wordpress\/wp-content\/uploads\/2018\/09\/WhatsApp-Image-2018-09-20-at-16.04.06.jpeg\" data-dt-img-description=\"\" data-large_image_width=\"800\" data-large_image_height=\"100\"><img loading=\"lazy\" decoding=\"async\" class=\"wp-image-61378 size-full aligncenter\" src=\"https:\/\/www.radiopiu.net\/wordpress\/wp-content\/uploads\/2018\/09\/WhatsApp-Image-2018-09-20-at-16.04.06.jpeg\" alt=\"\" width=\"800\" height=\"100\" srcset=\"https:\/\/www.radiopiu.net\/wordpress\/wp-content\/uploads\/2018\/09\/WhatsApp-Image-2018-09-20-at-16.04.06.jpeg 800w, https:\/\/www.radiopiu.net\/wordpress\/wp-content\/uploads\/2018\/09\/WhatsApp-Image-2018-09-20-at-16.04.06-300x38.jpeg 300w, https:\/\/www.radiopiu.net\/wordpress\/wp-content\/uploads\/2018\/09\/WhatsApp-Image-2018-09-20-at-16.04.06-768x96.jpeg 768w\" sizes=\"auto, (max-width: 800px) 100vw, 800px\" \/><\/a><\/p>\n<p><center><\/center><center><\/center><center><b>\u00a0<\/b><\/center><b>OGGI <\/b>Nottetempo cielo coperto. Nel corso della mattinata netta riduzione della nuvolosit\u00e0 e primi rasserenamenti a partire dalle Dolomiti occidentali, via via pi\u00f9 ampi fino a cielo sereno o poco nuvoloso nel primo pomeriggio. Su Dolomiti nord possibile qualche addensamento irregolare fino a sera.<br \/>\n<strong>Precipitazioni.<\/strong> Nella notte probabilit\u00e0 alta di precipitazioni, via via pi\u00f9 residue e in esaurimento attorno all&#8217;alba. Il limite neve si abbasser\u00e0 fino sugli 700-900 m sulle Dolomiti e 900-1200 m sulle Prealpi.<br \/>\n<strong>Temperature.<\/strong> In generale diminuzione, ad eccezione di improvvisi rialzi per raffiche di Foehn nelle valli.<\/p>\n<hr \/>\n<p><strong>DOMANI<\/strong>\u00a0Qualche modesto annuvolamento in arrivo da nord nel corso del mattino, poi in prevalenza soleggiato con cielo sereno o poco nuvoloso.<br \/>\n<strong>Precipitazioni.<\/strong> Assenti<br \/>\n<strong>Temperature.<\/strong>\u00a0Temperature in lieve aumento in quota, ma non nelle valli, dove diminuiranno per l&#8217;insinuarsi dell&#8217;aria fredda, almeno nei settori non pi\u00f9 interessati dal Foehn<\/p>\n<hr \/>\n<p><strong>DOMENICA<\/strong> Schiarite specie al mattino e nuvolosit\u00e0 irregolare pi\u00f9 intensa dal mezzogiorno e nel pomeriggio\/sera con qualche fiocco in quota. Temperature in aumento in quota, senza notevoli variazioni nelle valli, salvo calo delle massime.<\/p>\n<hr \/>\n<p><strong>LUNEDI<\/strong>\u00a0Poco nuvoloso con addensamenti su Dolomiti nord dove non \u00e8 escluso qualche fiocco portato dal forte vento da Nord. Temperature in calo.<\/p>\n<p>&nbsp;<\/p>\n<hr \/>\n<p>&nbsp;<\/p>\n<p>&nbsp;<\/p>\n<p class=\"mceTemp\"><a class=\"dt-pswp-item\" href=\"https:\/\/www.radiopiu.net\/wordpress\/wp-content\/uploads\/2018\/09\/sport.jpg\" data-dt-img-description=\"\" data-large_image_width=\"800\" data-large_image_height=\"100\"><img loading=\"lazy\" decoding=\"async\" class=\"aligncenter wp-image-60761 size-full\" src=\"https:\/\/www.radiopiu.net\/wordpress\/wp-content\/uploads\/2018\/09\/sport.jpg\" alt=\"\" width=\"800\" height=\"100\" srcset=\"https:\/\/www.radiopiu.net\/wordpress\/wp-content\/uploads\/2018\/09\/sport.jpg 800w, https:\/\/www.radiopiu.net\/wordpress\/wp-content\/uploads\/2018\/09\/sport-300x38.jpg 300w, https:\/\/www.radiopiu.net\/wordpress\/wp-content\/uploads\/2018\/09\/sport-768x96.jpg 768w\" sizes=\"auto, (max-width: 800px) 100vw, 800px\" \/> <\/a><\/p>\n<p>&nbsp;<\/p>\n<p><strong>LA COREOGRAFIA ACCOGLIE I GIOCATORI ALLEGHESI<\/strong><\/p>\n<p>&nbsp;<\/p>\n<p><a class=\"dt-pswp-item\" href=\"https:\/\/www.radiopiu.net\/wordpress\/wp-content\/uploads\/2024\/12\/470690864_996867225791757_1245541659041382298_n.jpg\" data-dt-img-description=\"\" data-large_image_width=\"828\" data-large_image_height=\"464\"><img loading=\"lazy\" decoding=\"async\" class=\" wp-image-425739 alignleft\" src=\"https:\/\/www.radiopiu.net\/wordpress\/wp-content\/uploads\/2024\/12\/470690864_996867225791757_1245541659041382298_n-300x168.jpg\" alt=\"\" width=\"139\" height=\"78\" srcset=\"https:\/\/www.radiopiu.net\/wordpress\/wp-content\/uploads\/2024\/12\/470690864_996867225791757_1245541659041382298_n-300x168.jpg 300w, https:\/\/www.radiopiu.net\/wordpress\/wp-content\/uploads\/2024\/12\/470690864_996867225791757_1245541659041382298_n-768x430.jpg 768w, https:\/\/www.radiopiu.net\/wordpress\/wp-content\/uploads\/2024\/12\/470690864_996867225791757_1245541659041382298_n.jpg 828w\" sizes=\"auto, (max-width: 139px) 100vw, 139px\" \/><\/a><strong>Uno stadio colmo di gente, un migliaio di persone con i colori dell&#8217;Alleghe e del Feltre, uno spettacolo.<\/strong><br \/>\n<strong>Oggi sul sito di RADIOPIU e sul CORRIERE delle Alpi il racconto di chi era presenta al derbissimo bellunese<\/strong><\/p>\n<p><iframe loading=\"lazy\" style=\"border: none; overflow: hidden;\" src=\"https:\/\/www.facebook.com\/plugins\/video.php?height=314&amp;href=https%3A%2F%2Fwww.facebook.com%2Fradiopiu%2Fvideos%2F1091052539161543%2F&amp;show_text=false&amp;width=560&amp;t=0\" width=\"560\" height=\"314\" frameborder=\"0\" scrolling=\"no\" allowfullscreen=\"allowfullscreen\" data-mce-fragment=\"1\"><\/iframe><\/p>\n<p>&nbsp;<\/p>\n<p class=\"mceTemp\"><span style=\"color: #0000ff;\"><strong>HOCKEY SU GHIACCIO\u00a0<\/strong><\/span><\/p>\n<blockquote>\n<h3>IL FELTRE CALA IL POKER AL DE TONI E SI AGGIUDICA IL SECONDO DERBY STAGIONALE<\/h3>\n<\/blockquote>\n<p><strong>DI MARCO GAZ<\/strong><\/p>\n<p><strong>IHL \u2013 24ESIMA GIORNATA<\/strong><\/p>\n<p><strong>ALLEGHE \u2013 FELTRE 1-4<\/strong><\/p>\n<p>PARZIALI: 1-1, 0-0, 0-3<\/p>\n<p>GOL: pt. 13\u201953\u201d Korkiakoski, 18\u201959\u201d Iori. tt. 0\u201937\u201d, 2\u201922\u201d e 18\u201932\u201d Kadlec,<\/p>\n<p>Il Feltre si aggiudica anche il secondo derby stagionale di IHL. L\u2019Alleghe tiene testa ai feltrini per 40\u2019 poi crolla nella terza frazione quando gli ospiti mettono a segno due gol in rapida successione. Una gara caratterizzata dagli episodi. Le due squadre hanno lottato su ogni disco offrendo un buon spettacolo ai quasi mille spettatori del De Toni. Ora poche ore di riposo e sabato sera gli agordini saranno di nuovo tra le mura amiche per un\u2019altra partita difficile sulla carta. Ad Alleghe arriveranno i mastini di Varese. Match che stenta a decollare. La tensione si sente e le squadre non vogliono fare errori. Il Feltre si avvicina alla rete ma rispondono subito le civette con De Val che impegna il portiere avversario. La partita inizia a farsi interessante con le squadre che provano un botta e risposta. Kadlec colpisce il palo ma gli agordini provano a rispondere alla prima superiorit\u00e0 numerica ma le conclusioni di Moberg e Iori non centrano i pali. A sbloccare la partita sono i feltrini. A battere Scola ci pensa Korkiakoski che coglie un assist d\u2019oro di De Giacinto per spedire in fondo al sacco il disco. Gli alleghesi accusano il colpo ma riescono a rialzare la testa sul finale di tempo quando con l\u2019uomo di movimento in pi\u00f9 pareggiano i conti con Iori che insacca su ribattuta del portiere. Nella seconda frazione l\u2019Alleghe prende in mano la partita ma il Feltre si fa pericoloso al primo powerplay. Le civette si difendono bene e tirano fuori le unghie per salvare il risultato. I picchi sembrano avere una marcia in pi\u00f9 e schiacciano in difesa gli agordini. Poche le vere occasioni da gol e le squadre stentano a farsi pericolose. Sale il nervosismo in casa Alleghe \u00e8 le penalit\u00e0 influiscono sulla partita. I picchi ci provano ma senza centrare i pali difesi da Scola. La terza frazione inizia con il gol del Feltre. Kadlec prende il puck, fa il giro della porta per poi battere il portiere alleghese. Le civette peccano di qualche errore in fase difensiva e i picchi ne approfittano per allungare, ancora con Kadlec. accusano il colpo gli agordini che non riescono ad imbastire buone occasioni da gol neanche in powerplay. Saltano i nervi e nei minuti finali scatta anche una rissa dove gli arbitri hanno preso provvedimenti da entrambi i lati. I biancorossi non riescono ad accorciare le distanze e il Feltre chiude la sfida con l\u2019ultima marcatura a porta vuota.<\/p>\n<p>&nbsp;<\/p>\n\n\t\t\t<style type='text\/css'>\n\t\t\t\t#gallery-11 {\n\t\t\t\t\tmargin: auto;\n\t\t\t\t}\n\t\t\t\t#gallery-11 .gallery-item {\n\t\t\t\t\tfloat: left;\n\t\t\t\t\tmargin-top: 10px;\n\t\t\t\t\ttext-align: center;\n\t\t\t\t\twidth: 33%;\n\t\t\t\t}\n\t\t\t\t#gallery-11 img {\n\t\t\t\t\tborder: 2px solid #cfcfcf;\n\t\t\t\t}\n\t\t\t\t#gallery-11 .gallery-caption {\n\t\t\t\t\tmargin-left: 0;\n\t\t\t\t}\n\t\t\t\t\/* see gallery_shortcode() in wp-includes\/media.php *\/\n\t\t\t<\/style>\n\t\t<div id='gallery-11' class='dt-gallery-container gallery galleryid-425589 gallery-columns-3 gallery-size-medium'><dl class='gallery-item'>\n\t\t\t\t<dt class='gallery-icon landscape'>\n\t\t\t\t\t<a class=\"rollover rollover-zoom dt-pswp-item\" title=\"742d1c3a-15a5-47a2-912d-451a6fe07483\" data-dt-img-description=\"\" data-large_image_width=\"1600\" data-large_image_height=\"1200\"href='https:\/\/www.radiopiu.net\/wordpress\/wp-content\/uploads\/2024\/12\/742d1c3a-15a5-47a2-912d-451a6fe07483.jpg'><img loading=\"lazy\" decoding=\"async\" width=\"300\" height=\"225\" src=\"https:\/\/www.radiopiu.net\/wordpress\/wp-content\/uploads\/2024\/12\/742d1c3a-15a5-47a2-912d-451a6fe07483-300x225.jpg\" class=\"attachment-medium size-medium\" alt=\"\" srcset=\"https:\/\/www.radiopiu.net\/wordpress\/wp-content\/uploads\/2024\/12\/742d1c3a-15a5-47a2-912d-451a6fe07483-300x225.jpg 300w, https:\/\/www.radiopiu.net\/wordpress\/wp-content\/uploads\/2024\/12\/742d1c3a-15a5-47a2-912d-451a6fe07483-1024x768.jpg 1024w, https:\/\/www.radiopiu.net\/wordpress\/wp-content\/uploads\/2024\/12\/742d1c3a-15a5-47a2-912d-451a6fe07483-768x576.jpg 768w, https:\/\/www.radiopiu.net\/wordpress\/wp-content\/uploads\/2024\/12\/742d1c3a-15a5-47a2-912d-451a6fe07483-1536x1152.jpg 1536w, https:\/\/www.radiopiu.net\/wordpress\/wp-content\/uploads\/2024\/12\/742d1c3a-15a5-47a2-912d-451a6fe07483.jpg 1600w\" sizes=\"auto, (max-width: 300px) 100vw, 300px\" \/><\/a>\n\t\t\t\t<\/dt><\/dl><dl class='gallery-item'>\n\t\t\t\t<dt class='gallery-icon landscape'>\n\t\t\t\t\t<a class=\"rollover rollover-zoom dt-pswp-item\" title=\"10e1a5e4-17f1-4ac0-9b28-f89eeb52ce3f\" data-dt-img-description=\"\" data-large_image_width=\"1600\" data-large_image_height=\"1200\"href='https:\/\/www.radiopiu.net\/wordpress\/wp-content\/uploads\/2024\/12\/10e1a5e4-17f1-4ac0-9b28-f89eeb52ce3f.jpg'><img loading=\"lazy\" decoding=\"async\" width=\"300\" height=\"225\" src=\"https:\/\/www.radiopiu.net\/wordpress\/wp-content\/uploads\/2024\/12\/10e1a5e4-17f1-4ac0-9b28-f89eeb52ce3f-300x225.jpg\" class=\"attachment-medium size-medium\" alt=\"\" srcset=\"https:\/\/www.radiopiu.net\/wordpress\/wp-content\/uploads\/2024\/12\/10e1a5e4-17f1-4ac0-9b28-f89eeb52ce3f-300x225.jpg 300w, https:\/\/www.radiopiu.net\/wordpress\/wp-content\/uploads\/2024\/12\/10e1a5e4-17f1-4ac0-9b28-f89eeb52ce3f-1024x768.jpg 1024w, https:\/\/www.radiopiu.net\/wordpress\/wp-content\/uploads\/2024\/12\/10e1a5e4-17f1-4ac0-9b28-f89eeb52ce3f-768x576.jpg 768w, https:\/\/www.radiopiu.net\/wordpress\/wp-content\/uploads\/2024\/12\/10e1a5e4-17f1-4ac0-9b28-f89eeb52ce3f-1536x1152.jpg 1536w, https:\/\/www.radiopiu.net\/wordpress\/wp-content\/uploads\/2024\/12\/10e1a5e4-17f1-4ac0-9b28-f89eeb52ce3f.jpg 1600w\" sizes=\"auto, (max-width: 300px) 100vw, 300px\" \/><\/a>\n\t\t\t\t<\/dt><\/dl><dl class='gallery-item'>\n\t\t\t\t<dt class='gallery-icon landscape'>\n\t\t\t\t\t<a class=\"rollover rollover-zoom dt-pswp-item\" title=\"564024fa-c5d8-4733-b8ca-a2008e8fafb2\" data-dt-img-description=\"\" data-large_image_width=\"2560\" data-large_image_height=\"1707\"href='https:\/\/www.radiopiu.net\/wordpress\/wp-content\/uploads\/2024\/12\/564024fa-c5d8-4733-b8ca-a2008e8fafb2-scaled.jpg'><img loading=\"lazy\" decoding=\"async\" width=\"300\" height=\"200\" src=\"https:\/\/www.radiopiu.net\/wordpress\/wp-content\/uploads\/2024\/12\/564024fa-c5d8-4733-b8ca-a2008e8fafb2-300x200.jpg\" class=\"attachment-medium size-medium\" alt=\"\" srcset=\"https:\/\/www.radiopiu.net\/wordpress\/wp-content\/uploads\/2024\/12\/564024fa-c5d8-4733-b8ca-a2008e8fafb2-300x200.jpg 300w, https:\/\/www.radiopiu.net\/wordpress\/wp-content\/uploads\/2024\/12\/564024fa-c5d8-4733-b8ca-a2008e8fafb2-1024x683.jpg 1024w, https:\/\/www.radiopiu.net\/wordpress\/wp-content\/uploads\/2024\/12\/564024fa-c5d8-4733-b8ca-a2008e8fafb2-768x512.jpg 768w, https:\/\/www.radiopiu.net\/wordpress\/wp-content\/uploads\/2024\/12\/564024fa-c5d8-4733-b8ca-a2008e8fafb2-1536x1024.jpg 1536w, https:\/\/www.radiopiu.net\/wordpress\/wp-content\/uploads\/2024\/12\/564024fa-c5d8-4733-b8ca-a2008e8fafb2-2048x1365.jpg 2048w\" sizes=\"auto, (max-width: 300px) 100vw, 300px\" \/><\/a>\n\t\t\t\t<\/dt><\/dl><br style=\"clear: both\" \/>\n\t\t\t<\/div>\n\n<p>&nbsp;<\/p>\n<blockquote>\n<h3>OGGI L\u2019ESORDIO IN AHC DEL HC CANALE<\/h3>\n<\/blockquote>\n<p><strong><img loading=\"lazy\" decoding=\"async\" class=\"alignleft\" src=\"https:\/\/www.radiopiu.net\/wordpress\/wp-content\/uploads\/2024\/12\/IMG_4502.jpeg\" width=\"225\" height=\"106\" \/>REDAZIONE <\/strong>Inizia ufficialmente la stagione dell\u2019Hockey Club Canale nella Alps Hockey Cup, il torneo di hockey amatoriale in cui militano altre quattro squadre: Paleoveneti, Fossa Del Molton, Pieve e Red Muss. Sar\u00e0 l\u2019Alvise De Toni di Alleghe ad ospitare l\u2019esordio stagionale della compagine della Valle del Biois allenata da Angelo Ramazzina. Questa sera\u00a0 alle 21:15 si giocher\u00e0 la sfida tra Canale e Pieve. Le date delle altre partite non sono ancora disponibili.<\/p>\n<p>&nbsp;<\/p>\n<p>&nbsp;<\/p>\n<p><span style=\"color: #0000ff;\"><strong>NUOTO<\/strong><\/span><\/p>\n<blockquote>\n<h3>I RISULTATI DEGLI ATLETI DELLA PISCINA DI AGORDO<\/h3>\n<\/blockquote>\n<p><strong><a class=\"dt-pswp-item\" href=\"https:\/\/www.radiopiu.net\/wordpress\/wp-content\/uploads\/2021\/06\/piscina_agordo.jpg\" data-dt-img-description=\"\" data-large_image_width=\"2447\" data-large_image_height=\"1634\"><img loading=\"lazy\" decoding=\"async\" class=\" wp-image-213759 alignleft\" src=\"https:\/\/www.radiopiu.net\/wordpress\/wp-content\/uploads\/2021\/06\/piscina_agordo-300x200.jpg\" alt=\"\" width=\"176\" height=\"117\" srcset=\"https:\/\/www.radiopiu.net\/wordpress\/wp-content\/uploads\/2021\/06\/piscina_agordo-300x200.jpg 300w, https:\/\/www.radiopiu.net\/wordpress\/wp-content\/uploads\/2021\/06\/piscina_agordo-1024x684.jpg 1024w, https:\/\/www.radiopiu.net\/wordpress\/wp-content\/uploads\/2021\/06\/piscina_agordo-768x513.jpg 768w, https:\/\/www.radiopiu.net\/wordpress\/wp-content\/uploads\/2021\/06\/piscina_agordo-1536x1026.jpg 1536w, https:\/\/www.radiopiu.net\/wordpress\/wp-content\/uploads\/2021\/06\/piscina_agordo-2048x1368.jpg 2048w\" sizes=\"auto, (max-width: 176px) 100vw, 176px\" \/><\/a>DI MIRKO MEZZACASA<\/strong><\/p>\n<p>OSPITI: Paolo, Roberto e Ludovico<\/p>\n<audio class=\"wp-audio-shortcode\" id=\"audio-425589-20\" preload=\"none\" style=\"width: 100%;\" controls=\"controls\"><source type=\"audio\/mpeg\" src=\"https:\/\/www.radiopiu.net\/wordpress\/wp-content\/uploads\/2024\/12\/piscina2.mp3?_=20\" \/><a href=\"https:\/\/www.radiopiu.net\/wordpress\/wp-content\/uploads\/2024\/12\/piscina2.mp3\">https:\/\/www.radiopiu.net\/wordpress\/wp-content\/uploads\/2024\/12\/piscina2.mp3<\/a><\/audio>\n<p><iframe loading=\"lazy\" style=\"border: none; overflow: hidden;\" src=\"https:\/\/www.facebook.com\/plugins\/video.php?height=314&amp;href=https%3A%2F%2Fwww.facebook.com%2Fradiopiu%2Fvideos%2F883098407000112%2F&amp;show_text=false&amp;width=560&amp;t=0\" width=\"560\" height=\"314\" frameborder=\"0\" scrolling=\"no\" allowfullscreen=\"allowfullscreen\"><\/iframe><\/p>\n","protected":false},"excerpt":{"rendered":"<p>CHIES D&#8217;ALPAGO, L&#8217;EPICENTRO ALPAGO\u00a0 Scossa di terremoto alle 6.45 di questa mattina MAGNITUDO 2,1 della scala Richter PROFONDITA&#8217; 10 chilometri AREA Alpago EPICENTRO Chies d&#8217;Alpago &nbsp; &nbsp; ******** &nbsp; LA\u00a0 APP PER IOS-IPHONE di Nicola Vettorello https:\/\/apps.apple.com\/it\/app\/radio-pi%C3%B9-emittente-agordina\/id1515939845 LA\u00a0 APP RADIO\u00a0 PER ANDROID di Nicola Vettorello https:\/\/play.google.com\/store\/apps\/details?id=net.radiopiu.iniko\u00a0\u00a0\u00a0 &nbsp; &nbsp; &nbsp; OGGI A RADIO PIU&#8217;&#8230; TRA L&#8217;ALTRO:\u00a0&hellip;<\/p>\n","protected":false},"author":4,"featured_media":425671,"comment_status":"closed","ping_status":"closed","sticky":false,"template":"","format":"standard","meta":{"_monsterinsights_skip_tracking":false,"_monsterinsights_sitenote_active":false,"_monsterinsights_sitenote_note":"","_monsterinsights_sitenote_category":0,"footnotes":""},"categories":[51,86,49],"tags":[],"class_list":["post-425589","post","type-post","status-publish","format-standard","has-post-thumbnail","hentry","category-evidenza-top","category-gr","category-news-18","category-51","category-86","category-49","description-off"],"img_url":"https:\/\/www.radiopiu.net\/wordpress\/wp-content\/uploads\/2024\/12\/2d64e9e6-b9fe-4039-8fa1-4b89bf2f0f3a.jpg","_links":{"self":[{"href":"https:\/\/www.radiopiu.net\/wordpress\/wp-json\/wp\/v2\/posts\/425589","targetHints":{"allow":["GET"]}}],"collection":[{"href":"https:\/\/www.radiopiu.net\/wordpress\/wp-json\/wp\/v2\/posts"}],"about":[{"href":"https:\/\/www.radiopiu.net\/wordpress\/wp-json\/wp\/v2\/types\/post"}],"author":[{"embeddable":true,"href":"https:\/\/www.radiopiu.net\/wordpress\/wp-json\/wp\/v2\/users\/4"}],"replies":[{"embeddable":true,"href":"https:\/\/www.radiopiu.net\/wordpress\/wp-json\/wp\/v2\/comments?post=425589"}],"version-history":[{"count":31,"href":"https:\/\/www.radiopiu.net\/wordpress\/wp-json\/wp\/v2\/posts\/425589\/revisions"}],"predecessor-version":[{"id":425764,"href":"https:\/\/www.radiopiu.net\/wordpress\/wp-json\/wp\/v2\/posts\/425589\/revisions\/425764"}],"wp:featuredmedia":[{"embeddable":true,"href":"https:\/\/www.radiopiu.net\/wordpress\/wp-json\/wp\/v2\/media\/425671"}],"wp:attachment":[{"href":"https:\/\/www.radiopiu.net\/wordpress\/wp-json\/wp\/v2\/media?parent=425589"}],"wp:term":[{"taxonomy":"category","embeddable":true,"href":"https:\/\/www.radiopiu.net\/wordpress\/wp-json\/wp\/v2\/categories?post=425589"},{"taxonomy":"post_tag","embeddable":true,"href":"https:\/\/www.radiopiu.net\/wordpress\/wp-json\/wp\/v2\/tags?post=425589"}],"curies":[{"name":"wp","href":"https:\/\/api.w.org\/{rel}","templated":true}]}}